{"id":5649,"date":"2011-01-15T10:36:45","date_gmt":"2011-01-15T09:36:45","guid":{"rendered":"http:\/\/fjala.shkoder.net\/?p=5649"},"modified":"2011-01-15T10:36:45","modified_gmt":"2011-01-15T09:36:45","slug":"alfabet-i-ri-per-prakticitet-jo-per-antishqiptarizem","status":"publish","type":"post","link":"https:\/\/fjala.info\/2009-2015\/alfabet-i-ri-per-prakticitet-jo-per-antishqiptarizem\/","title":{"rendered":"Alfabet i ri, p\u00ebr prakticitet, jo p\u00ebr antishqiptariz\u00ebm"},"content":{"rendered":"<p><img loading=\"lazy\" decoding=\"async\" class=\"alignright size-full wp-image-5650\" title=\"bashkim_kopliku\" src=\"http:\/\/fjala.shkoder.net\/wp-content\/uploads\/2011\/01\/bashkim_kopliku.jpg\" alt=\"\" width=\"200\" height=\"206\" \/><br \/>\n<strong>Bashkim Kopliku<\/strong>, [<em>Sot, 11.01.2011<\/em>]<\/p>\n<p>Piqem me shum\u00eb gj\u00ebra t\u00eb shkrimit \u201cAntirilindasit n\u00eb gjuh\u00ebsi: trash\u00ebgimtar\u00ebt e kauz\u00ebs s\u00eb cirilicave n\u00eb alfabetin shqip\u201d, t\u00eb shkruar n\u00eb Sot t\u00eb dat\u00ebs 9.1.2011, nga Kastriot Myftari. Por m\u00eb duhet t\u00eb b\u00ebj edhe korrigjimin e disa pasakt\u00ebsive q\u00eb ka n\u00eb at\u00eb shkrim, q\u00eb t\u2019i hap rrug\u00eb edhe nj\u00eb propozimi tim p\u00ebr Alfabetin e sot\u00ebm t\u00eb shqipes.<\/p>\n<p>N\u00eb vijim po korrigjoj disa nga pasakt\u00ebsit\u00eb e Shkrimit, dhe pastaj po jap nj\u00eb propozim p\u00ebr ndryshimin\/p\u00ebrmir\u00ebsimin e m\u00ebtejsh\u00ebm t\u00eb alfabetit q\u00eb p\u00ebrdorim sot, duke synuar q\u00eb alfabeti yn\u00eb t\u00eb shkruhet v\u00ebrtet\u00eb me shkronja krejt\u00ebsisht latine. Kjo gj\u00eb do ta b\u00ebnte alfabetin ton\u00eb m\u00eb praktik n\u00eb shkrimin e shqipes standarde: do t\u00eb mund t\u00eb shkruhej gjuha e sotme shqipe, me \u00e7do lloj pajisje shkrimi n\u00eb bot\u00eb, natyrisht dhe me pajisjet e shkrimit t\u00eb anglishtes, me t\u00eb cilat sot shqipja nuk shkruhet dot.<\/p>\n<p>N\u00eb vijim po korrigjoj:<br \/>\n<em>Citim nga Shkrimi<\/em>:<br \/>\n\u201cN\u00eb vitin 1879, kur n\u00eb Stamboll u mblodh nj\u00eb grup rilindasish shqiptar\u00eb, p\u00ebr t\u00eb vendosur p\u00ebr nj\u00eb alfabet unik [&#8230;]. Por befas dol\u00ebn disa pjes\u00ebmarr\u00ebs n\u00eb mbledhje dhe propozuan q\u00eb p\u00ebrve\u00e7 karaktereve (g\u00ebrmave) latine, alfabeti shqiptar t\u00eb kishte edhe karaktere greke dhe sllave. Argumenti i mb\u00ebshtet\u00ebsve t\u00eb alfabetit mikst ishte [&#8230;] Qart\u00ebsisht, halli i mb\u00ebshtet\u00ebsve t\u00eb alfabetit mikst ishte q\u00eb fusnin nj\u00eb element sllav dhe helen n\u00eb gjuh\u00ebn shqipe. Duke qen\u00eb alfabeti shqiptar mikst, nuk do t\u00eb ishte e v\u00ebshtir\u00eb q\u00eb t\u00eb b\u00ebheshin huazime nga k\u00ebto gjuh\u00eb n\u00eb shqip, si dhe t\u00eb adaptoheshin struktura t\u00eb k\u00ebtyre gjuh\u00ebve. Mb\u00ebshtet\u00ebsit e alfabetit mikst qen\u00eb natyrisht njer\u00ebz t\u00eb paguar t\u00eb Serbis\u00eb dhe t\u00eb Greqis\u00eb.\u201d<\/p>\n<p><em>Korrigjimi<\/em>:<br \/>\nAlfabeti i Stambollit kishte futur 11 shkronja jolatine, me synimin q\u00eb \u00e7do shkronj\u00eb (germ\u00eb) e Alfabetit t\u00eb p\u00ebrfaq\u00ebsonte nj\u00eb nga 36 tingujt e gjuh\u00ebs shqipe, t\u00eb pranuar p\u00ebr t\u2019u shkruar. B\u00ebhet fjal\u00eb p\u00ebr 9 dyshkronj\u00ebshat e alfabetit t\u00eb sot\u00ebm, si dhe p\u00ebr shkronjat e sotme \u201c\u00eb\u201d dhe \u201c\u00e7\u201d. Alfabeti i Stambollit shmangte ngat\u00ebrresat q\u00eb sjellin dyshkronj\u00ebshat edhe sot, n\u00eb fjal\u00eb t\u00eb tilla si Mithat (mithat apo mit-hat?), apo karrigja (karrigja, apo karrig-ja, e q\u00eb u b\u00eb sot karrigia) etj. Pra kan\u00eb qen\u00eb n\u00eb radh\u00eb t\u00eb par\u00eb motive thjesht\u00eb gjuh\u00ebsore, n\u00eb baz\u00eb t\u00eb Alfabetit t\u00eb Stambollit, dhe jo \u201cantishqiptarizmi\u201d.<br \/>\nAlfabeti i sot\u00ebm, q\u00eb u pat propozuar si alfabet alternativ n\u00eb Kongresin e Manastirit, u pranua gjer\u00ebsisht n\u00eb praktik\u00ebn e shqipes s\u00eb shkruar, thjesht\u00eb sepse p\u00ebr Alfabetin e Stambollit gjendeshin me v\u00ebshtir\u00ebsi ato 11 shkronja jolatine, kurse shkronjat e alfabetit t\u00eb sot\u00ebm ishin n\u00eb alfabetin francez. N\u00eb at\u00eb koh\u00eb (fillimi i shekullit t\u00eb XX-t\u00eb) Franca ishte superfuqi, mbase ajo me m\u00eb influenc\u00eb n\u00eb Ballkan.<br \/>\nSot gjendemi para nj\u00eb v\u00ebshtir\u00ebsie t\u00eb ngjashme me para 100 e sa vjet\u00ebsh: me zi gjejm\u00eb shkronjat \u201c\u00eb\u201d dhe \u201c\u00e7\u201d n\u00eb kompjuter\u00eb, n\u00eb menyt\u00eb elektronike, n\u00eb mjetet nga m\u00eb t\u00eb ndryshmet q\u00eb sh\u00ebrbejn\u00eb p\u00ebr t\u00eb shkruar.<\/p>\n<p><em>Citim nga Shkrimi<\/em>:<br \/>\n\u201cKongresi, i cili ishte duke d\u00ebshtuar p\u00ebr shkak se asnj\u00ebra nga pal\u00ebt nuk t\u00ebrhiqej, u mbyll me nj\u00eb kompromis. Kongresi vendosi q\u00eb gjuha shqipe t\u00eb shkruhej n\u00eb dy alfabete, n\u00eb nj\u00eb alfabet latin dhe n\u00eb alfabetin mikst. N\u00eb shkolla do t\u00eb ishte i detyruesh\u00ebm m\u00ebsimi i t\u00eb dy alfabeteve.\u201d<\/p>\n<p>N\u00eb Kongresin e Manastirit u vendos q\u00eb gjuha shqipe t\u00eb shkruhej n\u00eb radh\u00eb t\u00eb par\u00eb me Alfabetin e Stambollit, dhe vet\u00ebm ku kishte v\u00ebshtir\u00ebsi n\u00eb gjetjen e atyre \u201c11 shkronjave jolatine\u201d, t\u00eb mund t\u00eb shkruhej edhe me alfabetin e dyt\u00eb t\u00eb miratuar, at\u00eb t\u00eb sotmin, q\u00eb n\u00eb fakt i ka t\u00eb gjitha shkronjat jo tamam latine, por m\u00eb mir\u00eb t\u00eb themi franceze. B\u00ebhet fjal\u00eb gjithnj\u00eb p\u00ebr dy shkronjat \u201c\u00eb\u201d dhe \u201c\u00e7\u201d q\u00eb nuk gjinden n\u00eb alfabetin latin, por rrjedhin prej tij duke i shtuar pika apo bishta (shenjat diakritike).<\/p>\n<p>N\u00eb vijim po jap nj\u00eb propozim q\u00eb synon q\u00eb shqipja e sotme standarde t\u00eb shkruhet krejt\u00ebsisht me shkronja latine\u2014lexuesi me siguri q\u00eb do t\u00eb dalloj\u00eb ngjashm\u00ebrin\u00eb e propozimit tim, me at\u00eb t\u00eb Pat\u00ebr Gjergj Fisht\u00ebs me shok\u00eb, t\u00eb b\u00ebr\u00eb para mbi 100 vjet\u00ebsh.<\/p>\n<p><strong>Ndryshimi i alfabetit t\u00eb shqipes<\/strong>.<br \/>\nKam koh\u00eb q\u00eb kam hedhur n\u00eb publik, propozime q\u00eb shqipja t\u00eb shkruhet me shkronja q\u00eb i ka \u201c\u00e7do vend i bot\u00ebs\u201d. Shkrimet e para p\u00ebr k\u00ebt\u00eb problem, datojn\u00eb n\u00eb vitin 2004.<br \/>\nN\u00eb vijim po ju sjell vet\u00ebm propozimin e p\u00ebrdit\u00ebsuar:<\/p>\n<p>\u201c<strong>Alfabeti i Ri<\/strong>\u201d,<br \/>\nndryshim q\u00eb k\u00ebrkon aprovim zyrtar:<br \/>\n1. Ndryshohet shkrimi i tre tingujve (fonemave) t\u00eb \u201calfabetin e vjet\u00ebr\u201d: tingulli q\u00eb shkruhet n\u00eb alfabetin e vjet\u00ebr, me shkronj\u00ebn \/\u00eb\/, do t\u00eb shkruhet n\u00eb Alfabetin e Ri, me shkronj\u00ebn (grafem\u00ebn) \/f\/; dhe p\u00ebrkat\u00ebsisht \/\u00e7\/ me \/ch\/ dhe \/f\/ me \/ph\/.<br \/>\n2. Ka vet\u00ebm 25 shkronja, e pik\u00ebrisht: a b c d e f g h i j k l m n o p q r s t u v x y.<br \/>\n3. Nuk do t\u00eb ket\u00eb \u201cdyshkronj\u00ebsha\u201d, t\u00eb konsideruar si shkronja t\u00eb ve\u00e7anta, por si takime dy shkronjash. Pra, dyshkronj\u00ebshat e alfabetit t\u00eb vjet\u00ebr (ekzistues), dh, gj, ll, nj, rr, sh, th, xh, zh, n\u00eb alfabetin e ri nuk trajtohen si shkronja t\u00eb ve\u00e7anta, por si takime dy shkronjash t\u00eb ve\u00e7anta q\u00eb japin po ato tingujt (fonemat) e njohur t\u00eb alfabetit t\u00eb vjet\u00ebr. Alfabeti i Ri do t\u00eb transmetoj\u00eb po 36 tinguj (fonema), por me 25 shkronja, dhe me 11 takime dy shkronjash (9 q\u00eb krijonin dyshkronj\u00ebshat n\u00eb alfabetin e vjet\u00ebr, si dhe dy takimet e reja, \u201cch\u201d dhe \u201cph\u201d).<br \/>\n4. Renditja alfabetike e shkronjave \u00ebsht\u00eb standard, si n\u00eb shum\u00eb gjuh\u00eb me baz\u00eb alfabetin latin.<br \/>\nJa nj\u00eb shembull shkrimi me alfabetin ekzistues:<br \/>\n\u201ckok\u00ebfort\u00ebsia \u00ebsht\u00eb ves, ndryshimi \u00ebsht\u00eb virtyt; kjo \u00ebsht\u00eb \u00e7\u00ebshtja!\u201c,<br \/>\ndhe po teksti i m\u00ebsip\u00ebrm, i shkruar me Alfabetin e Ri:<br \/>\n\u201ckokfphortfsia fshtf ves, ndryshimi fshtf virtyt; kjo fshtf chfshtja!\u201d<\/p>\n<p>\u00c7do njeri q\u00eb di t\u00eb shkruaj e t\u00eb lexoj\u00eb shqip me nj\u00ebrin alfabet, p\u00ebr pun\u00eb sekondash arrin t\u00eb shkruaj\u00eb e t\u00eb lexoj\u00eb me alfabetin tjet\u00ebr, qoft\u00eb \u201ct\u00eb vjetrin\u201d (ekzistuesin), qoft\u00eb \u201ct\u00eb riun\u201d. Pra, nd\u00ebrrimi i alfabetit nuk d\u00ebmton leximin e shkrimeve t\u00eb kaluara, bile fare mir\u00eb mund t\u00eb bashkekzistojn\u00eb p\u00ebr ca koh\u00eb, alfabeti i ri me t\u00eb vjetrin.<\/p>\n<p>\u201c<strong>Alfabeti Alternativ<\/strong>\u201d,<br \/>\np\u00ebr e-maile etj., sa pa u aprovuar Alfabeti i Ri.<br \/>\nKur ka v\u00ebshtir\u00ebsi t\u00eb shkruhen shkronjat \u201c\u00eb\u201d ose \u201c\u00e7\u201d, t\u00eb shkruhen p\u00ebrkat\u00ebsisht \u201cee\u201d ose \u201cch\u201d (n\u00eb asnj\u00eb m\u00ebnyr\u00eb t\u00eb mos z\u00ebvend\u00ebsohen me \u201ce\u201d ose \u201cc\u201d!).<\/p>\n<p>Sa her\u00eb i kam b\u00ebr\u00eb publike propozimet e m\u00ebsip\u00ebrm, nuk kam marr\u00eb asnj\u00eb kund\u00ebrshtim gjuh\u00ebsor e praktik, por vet\u00ebm sharje, fyerje (si \u201cantishqiptar\u201d etj.), saq\u00eb besoj se jam fyer m\u00eb shum\u00eb un\u00eb sesa Pat\u00ebr Gjergj Fishta me shok\u00eb, kur propozuan ndryshimin e jo vet\u00ebm t\u00eb dy shkronjave (si\u00e7 propozoj un\u00eb), por t\u00eb 9 shkronjave t\u00eb Alfabetit \u201cstandard\u201d t\u00eb shqipes s\u00eb koh\u00ebs s\u00eb tyre. I bie q\u00eb ne shqiptar\u00ebt, k\u00ebta 100 e sa vjet t\u00eb kemi ecur mbrapa n\u00eb toleranc\u00ebn ndaj ndryshimeve p\u00ebr p\u00ebrmir\u00ebsim.<\/p>\n","protected":false},"excerpt":{"rendered":"<p>Bashkim Kopliku, [Sot, 11.01.2011] Piqem me shum\u00eb gj\u00ebra t\u00eb shkrimit \u201cAntirilindasit n\u00eb gjuh\u00ebsi: trash\u00ebgimtar\u00ebt e kauz\u00ebs s\u00eb cirilicave n\u00eb alfabetin shqip\u201d, t\u00eb shkruar n\u00eb Sot t\u00eb dat\u00ebs 9.1.2011, nga Kastriot Myftari. Por m\u00eb duhet t\u00eb b\u00ebj edhe korrigjimin e disa pasakt\u00ebsive q\u00eb ka n\u00eb at\u00eb shkrim, q\u00eb t\u2019i hap rrug\u00eb edhe nj\u00eb propozimi tim p\u00ebr [&hellip;]<\/p>\n","protected":false},"author":1,"featured_media":0,"comment_status":"open","ping_status":"closed","sticky":false,"template":"","format":"standard","meta":{"footnotes":""},"categories":[2],"tags":[],"class_list":{"0":"post-5649","1":"post","2":"type-post","3":"status-publish","4":"format-standard","6":"category-artikuj"},"yoast_head":"<!-- This site is optimized with the Yoast SEO plugin v27.4 - https:\/\/yoast.com\/product\/yoast-seo-wordpress\/ -->\n<title>Alfabet i ri, p\u00ebr prakticitet, jo p\u00ebr antishqiptariz\u00ebm - FjALA e LIR\u00cb - Arkivi<\/title>\n<meta name=\"robots\" content=\"index, follow, max-snippet:-1, max-image-preview:large, max-video-preview:-1\" \/>\n<link rel=\"canonical\" href=\"https:\/\/fjala.info\/2009-2015\/alfabet-i-ri-per-prakticitet-jo-per-antishqiptarizem\/\" \/>\n<meta property=\"og:locale\" content=\"sq_AL\" \/>\n<meta property=\"og:type\" content=\"article\" \/>\n<meta property=\"og:title\" content=\"Alfabet i ri, p\u00ebr prakticitet, jo p\u00ebr antishqiptariz\u00ebm - FjALA e LIR\u00cb - Arkivi\" \/>\n<meta property=\"og:description\" content=\"Bashkim Kopliku, [Sot, 11.01.2011] Piqem me shum\u00eb gj\u00ebra t\u00eb shkrimit \u201cAntirilindasit n\u00eb gjuh\u00ebsi: trash\u00ebgimtar\u00ebt e kauz\u00ebs s\u00eb cirilicave n\u00eb alfabetin shqip\u201d, t\u00eb shkruar n\u00eb Sot t\u00eb dat\u00ebs 9.1.2011, nga Kastriot Myftari. Por m\u00eb duhet t\u00eb b\u00ebj edhe korrigjimin e disa pasakt\u00ebsive q\u00eb ka n\u00eb at\u00eb shkrim, q\u00eb t\u2019i hap rrug\u00eb edhe nj\u00eb propozimi tim p\u00ebr [&hellip;]\" \/>\n<meta property=\"og:url\" content=\"https:\/\/fjala.info\/2009-2015\/alfabet-i-ri-per-prakticitet-jo-per-antishqiptarizem\/\" \/>\n<meta property=\"og:site_name\" content=\"FjALA e LIR\u00cb - Arkivi\" \/>\n<meta property=\"article:published_time\" content=\"2011-01-15T09:36:45+00:00\" \/>\n<meta property=\"og:image\" content=\"http:\/\/fjala.shkoder.net\/wp-content\/uploads\/2011\/01\/bashkim_kopliku.jpg\" \/>\n<meta name=\"author\" content=\"admin\" \/>\n<meta name=\"twitter:card\" content=\"summary_large_image\" \/>\n<meta name=\"twitter:label1\" content=\"Written by\" \/>\n\t<meta name=\"twitter:data1\" content=\"admin\" \/>\n\t<meta name=\"twitter:label2\" content=\"Est. reading time\" \/>\n\t<meta name=\"twitter:data2\" content=\"6 minutes\" \/>\n<script type=\"application\/ld+json\" class=\"yoast-schema-graph\">{\"@context\":\"https:\\\/\\\/schema.org\",\"@graph\":[{\"@type\":\"Article\",\"@id\":\"https:\\\/\\\/fjala.info\\\/2009-2015\\\/alfabet-i-ri-per-prakticitet-jo-per-antishqiptarizem\\\/#article\",\"isPartOf\":{\"@id\":\"https:\\\/\\\/fjala.info\\\/2009-2015\\\/alfabet-i-ri-per-prakticitet-jo-per-antishqiptarizem\\\/\"},\"author\":{\"name\":\"admin\",\"@id\":\"https:\\\/\\\/fjala.info\\\/2009-2015\\\/#\\\/schema\\\/person\\\/3aa1163ef05469c496fc94e77611ada2\"},\"headline\":\"Alfabet i ri, p\u00ebr prakticitet, jo p\u00ebr antishqiptariz\u00ebm\",\"datePublished\":\"2011-01-15T09:36:45+00:00\",\"mainEntityOfPage\":{\"@id\":\"https:\\\/\\\/fjala.info\\\/2009-2015\\\/alfabet-i-ri-per-prakticitet-jo-per-antishqiptarizem\\\/\"},\"wordCount\":1218,\"commentCount\":0,\"publisher\":{\"@id\":\"https:\\\/\\\/fjala.info\\\/2009-2015\\\/#organization\"},\"image\":{\"@id\":\"https:\\\/\\\/fjala.info\\\/2009-2015\\\/alfabet-i-ri-per-prakticitet-jo-per-antishqiptarizem\\\/#primaryimage\"},\"thumbnailUrl\":\"http:\\\/\\\/fjala.shkoder.net\\\/wp-content\\\/uploads\\\/2011\\\/01\\\/bashkim_kopliku.jpg\",\"articleSection\":[\"Artikuj\"],\"inLanguage\":\"sq-AL\",\"potentialAction\":[{\"@type\":\"CommentAction\",\"name\":\"Comment\",\"target\":[\"https:\\\/\\\/fjala.info\\\/2009-2015\\\/alfabet-i-ri-per-prakticitet-jo-per-antishqiptarizem\\\/#respond\"]}]},{\"@type\":\"WebPage\",\"@id\":\"https:\\\/\\\/fjala.info\\\/2009-2015\\\/alfabet-i-ri-per-prakticitet-jo-per-antishqiptarizem\\\/\",\"url\":\"https:\\\/\\\/fjala.info\\\/2009-2015\\\/alfabet-i-ri-per-prakticitet-jo-per-antishqiptarizem\\\/\",\"name\":\"Alfabet i ri, p\u00ebr prakticitet, jo p\u00ebr antishqiptariz\u00ebm - FjALA e LIR\u00cb - Arkivi\",\"isPartOf\":{\"@id\":\"https:\\\/\\\/fjala.info\\\/2009-2015\\\/#website\"},\"primaryImageOfPage\":{\"@id\":\"https:\\\/\\\/fjala.info\\\/2009-2015\\\/alfabet-i-ri-per-prakticitet-jo-per-antishqiptarizem\\\/#primaryimage\"},\"image\":{\"@id\":\"https:\\\/\\\/fjala.info\\\/2009-2015\\\/alfabet-i-ri-per-prakticitet-jo-per-antishqiptarizem\\\/#primaryimage\"},\"thumbnailUrl\":\"http:\\\/\\\/fjala.shkoder.net\\\/wp-content\\\/uploads\\\/2011\\\/01\\\/bashkim_kopliku.jpg\",\"datePublished\":\"2011-01-15T09:36:45+00:00\",\"breadcrumb\":{\"@id\":\"https:\\\/\\\/fjala.info\\\/2009-2015\\\/alfabet-i-ri-per-prakticitet-jo-per-antishqiptarizem\\\/#breadcrumb\"},\"inLanguage\":\"sq-AL\",\"potentialAction\":[{\"@type\":\"ReadAction\",\"target\":[\"https:\\\/\\\/fjala.info\\\/2009-2015\\\/alfabet-i-ri-per-prakticitet-jo-per-antishqiptarizem\\\/\"]}]},{\"@type\":\"ImageObject\",\"inLanguage\":\"sq-AL\",\"@id\":\"https:\\\/\\\/fjala.info\\\/2009-2015\\\/alfabet-i-ri-per-prakticitet-jo-per-antishqiptarizem\\\/#primaryimage\",\"url\":\"http:\\\/\\\/fjala.shkoder.net\\\/wp-content\\\/uploads\\\/2011\\\/01\\\/bashkim_kopliku.jpg\",\"contentUrl\":\"http:\\\/\\\/fjala.shkoder.net\\\/wp-content\\\/uploads\\\/2011\\\/01\\\/bashkim_kopliku.jpg\"},{\"@type\":\"BreadcrumbList\",\"@id\":\"https:\\\/\\\/fjala.info\\\/2009-2015\\\/alfabet-i-ri-per-prakticitet-jo-per-antishqiptarizem\\\/#breadcrumb\",\"itemListElement\":[{\"@type\":\"ListItem\",\"position\":1,\"name\":\"Home\",\"item\":\"https:\\\/\\\/fjala.info\\\/2009-2015\\\/\"},{\"@type\":\"ListItem\",\"position\":2,\"name\":\"Alfabet i ri, p\u00ebr prakticitet, jo p\u00ebr antishqiptariz\u00ebm\"}]},{\"@type\":\"WebSite\",\"@id\":\"https:\\\/\\\/fjala.info\\\/2009-2015\\\/#website\",\"url\":\"https:\\\/\\\/fjala.info\\\/2009-2015\\\/\",\"name\":\"FjALA e LIR\u00cb - Arkivi\",\"description\":\"Arkivi 2009-2015\",\"publisher\":{\"@id\":\"https:\\\/\\\/fjala.info\\\/2009-2015\\\/#organization\"},\"potentialAction\":[{\"@type\":\"SearchAction\",\"target\":{\"@type\":\"EntryPoint\",\"urlTemplate\":\"https:\\\/\\\/fjala.info\\\/2009-2015\\\/?s={search_term_string}\"},\"query-input\":{\"@type\":\"PropertyValueSpecification\",\"valueRequired\":true,\"valueName\":\"search_term_string\"}}],\"inLanguage\":\"sq-AL\"},{\"@type\":\"Organization\",\"@id\":\"https:\\\/\\\/fjala.info\\\/2009-2015\\\/#organization\",\"name\":\"FjALA e LIR\u00cb - Arkivi\",\"url\":\"https:\\\/\\\/fjala.info\\\/2009-2015\\\/\",\"logo\":{\"@type\":\"ImageObject\",\"inLanguage\":\"sq-AL\",\"@id\":\"https:\\\/\\\/fjala.info\\\/2009-2015\\\/#\\\/schema\\\/logo\\\/image\\\/\",\"url\":\"\",\"contentUrl\":\"\",\"caption\":\"FjALA e LIR\u00cb - Arkivi\"},\"image\":{\"@id\":\"https:\\\/\\\/fjala.info\\\/2009-2015\\\/#\\\/schema\\\/logo\\\/image\\\/\"}},{\"@type\":\"Person\",\"@id\":\"https:\\\/\\\/fjala.info\\\/2009-2015\\\/#\\\/schema\\\/person\\\/3aa1163ef05469c496fc94e77611ada2\",\"name\":\"admin\",\"image\":{\"@type\":\"ImageObject\",\"inLanguage\":\"sq-AL\",\"@id\":\"https:\\\/\\\/fjala.info\\\/2009-2015\\\/wp-content\\\/uploads\\\/2012\\\/02\\\/arben_cokaj-120x150.jpg\",\"url\":\"https:\\\/\\\/fjala.info\\\/2009-2015\\\/wp-content\\\/uploads\\\/2012\\\/02\\\/arben_cokaj-120x150.jpg\",\"contentUrl\":\"https:\\\/\\\/fjala.info\\\/2009-2015\\\/wp-content\\\/uploads\\\/2012\\\/02\\\/arben_cokaj-120x150.jpg\",\"caption\":\"admin\"},\"description\":\"Admin, Fjala e Lir\u00eb\",\"sameAs\":[\"https:\\\/\\\/fjala.info\\\/\"],\"url\":\"https:\\\/\\\/fjala.info\\\/2009-2015\\\/author\\\/admin\\\/\"}]}<\/script>\n<!-- \/ Yoast SEO plugin. -->","yoast_head_json":{"title":"Alfabet i ri, p\u00ebr prakticitet, jo p\u00ebr antishqiptariz\u00ebm - FjALA e LIR\u00cb - Arkivi","robots":{"index":"index","follow":"follow","max-snippet":"max-snippet:-1","max-image-preview":"max-image-preview:large","max-video-preview":"max-video-preview:-1"},"canonical":"https:\/\/fjala.info\/2009-2015\/alfabet-i-ri-per-prakticitet-jo-per-antishqiptarizem\/","og_locale":"sq_AL","og_type":"article","og_title":"Alfabet i ri, p\u00ebr prakticitet, jo p\u00ebr antishqiptariz\u00ebm - FjALA e LIR\u00cb - Arkivi","og_description":"Bashkim Kopliku, [Sot, 11.01.2011] Piqem me shum\u00eb gj\u00ebra t\u00eb shkrimit \u201cAntirilindasit n\u00eb gjuh\u00ebsi: trash\u00ebgimtar\u00ebt e kauz\u00ebs s\u00eb cirilicave n\u00eb alfabetin shqip\u201d, t\u00eb shkruar n\u00eb Sot t\u00eb dat\u00ebs 9.1.2011, nga Kastriot Myftari. Por m\u00eb duhet t\u00eb b\u00ebj edhe korrigjimin e disa pasakt\u00ebsive q\u00eb ka n\u00eb at\u00eb shkrim, q\u00eb t\u2019i hap rrug\u00eb edhe nj\u00eb propozimi tim p\u00ebr [&hellip;]","og_url":"https:\/\/fjala.info\/2009-2015\/alfabet-i-ri-per-prakticitet-jo-per-antishqiptarizem\/","og_site_name":"FjALA e LIR\u00cb - Arkivi","article_published_time":"2011-01-15T09:36:45+00:00","og_image":[{"url":"http:\/\/fjala.shkoder.net\/wp-content\/uploads\/2011\/01\/bashkim_kopliku.jpg","type":"","width":"","height":""}],"author":"admin","twitter_card":"summary_large_image","twitter_misc":{"Written by":"admin","Est. reading time":"6 minutes"},"schema":{"@context":"https:\/\/schema.org","@graph":[{"@type":"Article","@id":"https:\/\/fjala.info\/2009-2015\/alfabet-i-ri-per-prakticitet-jo-per-antishqiptarizem\/#article","isPartOf":{"@id":"https:\/\/fjala.info\/2009-2015\/alfabet-i-ri-per-prakticitet-jo-per-antishqiptarizem\/"},"author":{"name":"admin","@id":"https:\/\/fjala.info\/2009-2015\/#\/schema\/person\/3aa1163ef05469c496fc94e77611ada2"},"headline":"Alfabet i ri, p\u00ebr prakticitet, jo p\u00ebr antishqiptariz\u00ebm","datePublished":"2011-01-15T09:36:45+00:00","mainEntityOfPage":{"@id":"https:\/\/fjala.info\/2009-2015\/alfabet-i-ri-per-prakticitet-jo-per-antishqiptarizem\/"},"wordCount":1218,"commentCount":0,"publisher":{"@id":"https:\/\/fjala.info\/2009-2015\/#organization"},"image":{"@id":"https:\/\/fjala.info\/2009-2015\/alfabet-i-ri-per-prakticitet-jo-per-antishqiptarizem\/#primaryimage"},"thumbnailUrl":"http:\/\/fjala.shkoder.net\/wp-content\/uploads\/2011\/01\/bashkim_kopliku.jpg","articleSection":["Artikuj"],"inLanguage":"sq-AL","potentialAction":[{"@type":"CommentAction","name":"Comment","target":["https:\/\/fjala.info\/2009-2015\/alfabet-i-ri-per-prakticitet-jo-per-antishqiptarizem\/#respond"]}]},{"@type":"WebPage","@id":"https:\/\/fjala.info\/2009-2015\/alfabet-i-ri-per-prakticitet-jo-per-antishqiptarizem\/","url":"https:\/\/fjala.info\/2009-2015\/alfabet-i-ri-per-prakticitet-jo-per-antishqiptarizem\/","name":"Alfabet i ri, p\u00ebr prakticitet, jo p\u00ebr antishqiptariz\u00ebm - FjALA e LIR\u00cb - Arkivi","isPartOf":{"@id":"https:\/\/fjala.info\/2009-2015\/#website"},"primaryImageOfPage":{"@id":"https:\/\/fjala.info\/2009-2015\/alfabet-i-ri-per-prakticitet-jo-per-antishqiptarizem\/#primaryimage"},"image":{"@id":"https:\/\/fjala.info\/2009-2015\/alfabet-i-ri-per-prakticitet-jo-per-antishqiptarizem\/#primaryimage"},"thumbnailUrl":"http:\/\/fjala.shkoder.net\/wp-content\/uploads\/2011\/01\/bashkim_kopliku.jpg","datePublished":"2011-01-15T09:36:45+00:00","breadcrumb":{"@id":"https:\/\/fjala.info\/2009-2015\/alfabet-i-ri-per-prakticitet-jo-per-antishqiptarizem\/#breadcrumb"},"inLanguage":"sq-AL","potentialAction":[{"@type":"ReadAction","target":["https:\/\/fjala.info\/2009-2015\/alfabet-i-ri-per-prakticitet-jo-per-antishqiptarizem\/"]}]},{"@type":"ImageObject","inLanguage":"sq-AL","@id":"https:\/\/fjala.info\/2009-2015\/alfabet-i-ri-per-prakticitet-jo-per-antishqiptarizem\/#primaryimage","url":"http:\/\/fjala.shkoder.net\/wp-content\/uploads\/2011\/01\/bashkim_kopliku.jpg","contentUrl":"http:\/\/fjala.shkoder.net\/wp-content\/uploads\/2011\/01\/bashkim_kopliku.jpg"},{"@type":"BreadcrumbList","@id":"https:\/\/fjala.info\/2009-2015\/alfabet-i-ri-per-prakticitet-jo-per-antishqiptarizem\/#breadcrumb","itemListElement":[{"@type":"ListItem","position":1,"name":"Home","item":"https:\/\/fjala.info\/2009-2015\/"},{"@type":"ListItem","position":2,"name":"Alfabet i ri, p\u00ebr prakticitet, jo p\u00ebr antishqiptariz\u00ebm"}]},{"@type":"WebSite","@id":"https:\/\/fjala.info\/2009-2015\/#website","url":"https:\/\/fjala.info\/2009-2015\/","name":"FjALA e LIR\u00cb - Arkivi","description":"Arkivi 2009-2015","publisher":{"@id":"https:\/\/fjala.info\/2009-2015\/#organization"},"potentialAction":[{"@type":"SearchAction","target":{"@type":"EntryPoint","urlTemplate":"https:\/\/fjala.info\/2009-2015\/?s={search_term_string}"},"query-input":{"@type":"PropertyValueSpecification","valueRequired":true,"valueName":"search_term_string"}}],"inLanguage":"sq-AL"},{"@type":"Organization","@id":"https:\/\/fjala.info\/2009-2015\/#organization","name":"FjALA e LIR\u00cb - Arkivi","url":"https:\/\/fjala.info\/2009-2015\/","logo":{"@type":"ImageObject","inLanguage":"sq-AL","@id":"https:\/\/fjala.info\/2009-2015\/#\/schema\/logo\/image\/","url":"","contentUrl":"","caption":"FjALA e LIR\u00cb - Arkivi"},"image":{"@id":"https:\/\/fjala.info\/2009-2015\/#\/schema\/logo\/image\/"}},{"@type":"Person","@id":"https:\/\/fjala.info\/2009-2015\/#\/schema\/person\/3aa1163ef05469c496fc94e77611ada2","name":"admin","image":{"@type":"ImageObject","inLanguage":"sq-AL","@id":"https:\/\/fjala.info\/2009-2015\/wp-content\/uploads\/2012\/02\/arben_cokaj-120x150.jpg","url":"https:\/\/fjala.info\/2009-2015\/wp-content\/uploads\/2012\/02\/arben_cokaj-120x150.jpg","contentUrl":"https:\/\/fjala.info\/2009-2015\/wp-content\/uploads\/2012\/02\/arben_cokaj-120x150.jpg","caption":"admin"},"description":"Admin, Fjala e Lir\u00eb","sameAs":["https:\/\/fjala.info\/"],"url":"https:\/\/fjala.info\/2009-2015\/author\/admin\/"}]}},"_links":{"self":[{"href":"https:\/\/fjala.info\/2009-2015\/wp-json\/wp\/v2\/posts\/5649","targetHints":{"allow":["GET"]}}],"collection":[{"href":"https:\/\/fjala.info\/2009-2015\/wp-json\/wp\/v2\/posts"}],"about":[{"href":"https:\/\/fjala.info\/2009-2015\/wp-json\/wp\/v2\/types\/post"}],"author":[{"embeddable":true,"href":"https:\/\/fjala.info\/2009-2015\/wp-json\/wp\/v2\/users\/1"}],"replies":[{"embeddable":true,"href":"https:\/\/fjala.info\/2009-2015\/wp-json\/wp\/v2\/comments?post=5649"}],"version-history":[{"count":0,"href":"https:\/\/fjala.info\/2009-2015\/wp-json\/wp\/v2\/posts\/5649\/revisions"}],"wp:attachment":[{"href":"https:\/\/fjala.info\/2009-2015\/wp-json\/wp\/v2\/media?parent=5649"}],"wp:term":[{"taxonomy":"category","embeddable":true,"href":"https:\/\/fjala.info\/2009-2015\/wp-json\/wp\/v2\/categories?post=5649"},{"taxonomy":"post_tag","embeddable":true,"href":"https:\/\/fjala.info\/2009-2015\/wp-json\/wp\/v2\/tags?post=5649"}],"curies":[{"name":"wp","href":"https:\/\/api.w.org\/{rel}","templated":true}]}}