{"id":5636,"date":"2011-01-08T10:08:38","date_gmt":"2011-01-08T09:08:38","guid":{"rendered":"http:\/\/fjala.shkoder.net\/?p=5636"},"modified":"2011-01-08T10:08:38","modified_gmt":"2011-01-08T09:08:38","slug":"bregu-si-kodra-pas-bregut","status":"publish","type":"post","link":"https:\/\/fjala.info\/2009-2015\/bregu-si-kodra-pas-bregut\/","title":{"rendered":"Bregu &#8211; si kodra pas bregut"},"content":{"rendered":"<p><strong>Mitat Shuli<\/strong><\/p>\n<p>Filloi ky vit i ri, dhe edhe pse kane kaluar pak dit\u00eb shohim p\u00ebrs\u00ebri t\u00eb nj\u00ebjtin film t\u00eb \u00e7do dite m\u00eb par\u00eb,t\u00eb nj\u00eb viti m\u00eb par\u00eb dhe t\u00eb atij tjetrit m\u00eb par\u00eb e k\u00ebshtu me radh\u00eb.<br \/>\n.Ministrja Bregu tha p\u00ebr gazetar\u00ebt ne intervist\u00ebn e par\u00eb p\u00ebr k\u00ebt\u00eb vit \u201cse ndoshta edhe k\u00ebt\u00eb vit nuk do t\u00eb marrim statusin e vendi kandidat p\u00ebr shkak t\u00eb ng\u00ebr\u00e7it politik\u201d.<\/p>\n<p>Gazetar\u00ebt tan\u00eb t\u00eb mir\u00eb nuk e pyet\u00ebn ministren \u201c se meq\u00eb pasojat ishin t\u00eb qarta p\u00ebr ju si mazhoranc\u00eb p\u00ebrse nuk u krijua komisioni hetimor p\u00ebr zgjedhjet e 28 qershorit \u201d .Mendja ma do q\u00eb \u00e7do shqiptar e ka t\u00eb qart\u00eb se kjo do t\u00eb ishte e vetmja rruge e detyrueshme dhe e fundit p\u00ebr t\u00eb superuar ng\u00ebr\u00e7in n\u00eb fjal\u00eb, pasi me mbylljen e k\u00ebsaj porte i mbyllet porta dilogut demokratik mes shumic\u00ebs dhe pakic\u00ebs n\u00eb nj\u00eb vend t\u00eb ashtuquajtur demokratik.Shpresoj t\u00eb jet\u00eb e qart\u00eb gjithashtu se krijimi i k\u00ebtij komisioni nuk \u00ebsht\u00eb kon\u00e7esion apo l\u00ebshim q\u00eb shumica (ose m\u00eb mir\u00eb Berisha e kini d\u00ebgjuar besoj kur thot\u00eb \u201cpartia ime\u201d,\u201dqeveria ime\u201d) i b\u00ebn pakic\u00ebs por detyrim ligjor,krijim i komisionit hetimor kur ai k\u00ebrkohet nga nj\u00eb num\u00ebr jo m\u00eb i vog\u00ebl se nj\u00eb e kat\u00ebrta e parlamentit \u00ebsht\u00eb nj\u00eb e drejte e pakic\u00ebs parlamentare e mbrojtur me ligj.<\/p>\n<p>Pyetjet mund t\u00eb ishin t\u00eb shumta si p\u00ebr shembull \u201c a p\u00ebrb\u00ebn ky refuzim nj\u00eb d\u00ebshtim p\u00ebr Ministrin\u00eb e Integrimit dhe Kreun e ketij institucioni\u201d&#8230;.Apo \u201cse si mund t\u00eb vazhdoj\u00eb te jet\u00eb ministre pasi emri i saj u p\u00ebrfshi n\u00eb pro\u00e7ese korrupsioni e pazare me mafiozin Prudentino\u201d.<\/p>\n<p>Ka v\u00ebrtet nj\u00eb aft\u00ebsi mashtrimi t\u00eb habitshme tek kjo qeveri dhe ministrat e saj.T\u00eb d\u00ebgjosh t\u00eb nj\u00ebjtin njeri p\u00ebr m\u00eb tep\u00ebr minist\u00ebr q\u00eb akuzon opozit\u00ebn si bij\u00eb e bllokut duke i caktuar Enver Hoxh\u00ebn si baba h\u00ebr\u00eb biologjik e her\u00eb ideologjik q\u00eb ndan Anxhelo Prudentino t\u00eb birin nga Albino Prudentino boss i mafies puljeze m\u00eb b\u00ebn t\u00eb nj\u00ebjtin efekt t\u00eb fotografive t\u00eb Berish\u00ebs me f\u00ebmij\u00ebt e Enver Hoxh\u00ebs. Pas 20 vjet\u00ebsh pallavrash mbi antikomunizmin dhe bllokun.<\/p>\n<p>P\u00ebr t\u00eb vazhduar por edhe q\u00eb t\u00eb mos u mbetet hatri t\u00eb tjer\u00ebve kjo qeveri pas rezultateve t\u00eb Mediut n\u00eb G\u00ebrdec e b\u00ebn minist\u00ebr t\u00eb mjedisit, Rulin pas projekteve energjitike p\u00ebr importimin e plehrave nga vendet fqinje n\u00eb nj\u00eb vendsi i joni prej 28 mij\u00eb km katror sa nj\u00eb nj\u00ebmb\u00ebdhjeta e Italis\u00eb e b\u00ebjm\u00eb minist\u00ebr t\u00eb bujq\u00ebsis\u00eb e ndoshta rezultatet do t\u00eb arrijn\u00eb edhe n\u00eb bujqesi.E nj\u00ebjta gj\u00eb mund t\u00eb thuhet p\u00ebr Ilir Met\u00ebn q\u00eb e nj\u00ebjta etje e pangopshm\u00ebri e b\u00ebri ti z\u00ebr\u00eb v\u00ebndin t\u00eb p\u00ebrfolurit Dritan Priftit si minist\u00ebr i energjitik\u00ebs apo Vasilin e k\u00ebshtu me radh\u00eb. Pa asnj\u00eb p\u00ebrjashtim.<\/p>\n<p>Me sa duket ka nj\u00eb lidhje, nj\u00eb arsye pse pik\u00ebrisht Bregu ministrja e integrimit p\u00ebrfshihet n\u00eb pazaret e Prudentinos n\u00eb Shqip\u00ebri.Ndoshta integrimi q\u00eb ka nd\u00ebrm\u00ebnd Qeveria \u00ebsht\u00eb nj\u00eb tjet\u00ebr dhe nuk p\u00ebrket plot\u00ebsisht me at\u00eb tonin, t\u00eb qytetar\u00ebve t\u00eb thjesht\u00eb q\u00eb prej nj\u00ebzet\u00eb vjet\u00ebsh po ham\u00eb t\u00eb detyruar sapunin p\u00ebr djath\u00eb dhe nuk di pse por m\u00eb vijn\u00eb p\u00ebrs\u00ebri n\u00eb m\u00ebnd fotot e Berish\u00ebs me familjar\u00ebt e Hoxh\u00ebs.<\/p>\n<p>Po na tregojn\u00eb kodrat pas bregut. Askush nuk e pyeti Bregun se \u00e7\u2019projekt ka ministria e saj,se \u00e7\u2019pun\u00eb e perpjekje b\u00ebri Ajo p\u00ebr zgjidhjen e ng\u00ebr\u00e7it politik. N\u00eb nj\u00eb luft\u00eb tamam luft\u00eb n\u00eb t\u00eb cil\u00ebn vendos Berisha i vet\u00ebm dikasteri i saj del jasht\u00eb loje.Na pat\u00ebn th\u00ebn\u00eb se ishin dakord p\u00ebr komisionin dhe krijimin e tij .Mund t\u00eb gjeni plot deklarata t\u00eb shumic\u00ebs n\u00eb t\u00eb cilat thuej se ishin pro k\u00ebtij komisioni,nd\u00ebrsa nuk pranonin rinum\u00ebrim t\u00eb flet\u00ebve t\u00eb votimit.<\/p>\n<p>Me sa duket raporti i gazetarit me pushtetin n\u00eb shqip\u00ebri nuk \u00ebsht\u00eb ai i qenit me shtyllat e dritave buz\u00eb rrug\u00ebs por ai i qenit me t\u00eb zotin,p\u00ebr t\u00eb cilin duhet t\u00eb leh\u00eb p\u00ebr t\u00eb fituar buk\u00ebn apo cop\u00ebn e mishit.Pra nuk \u00ebsht\u00eb ai i nj\u00eb gazetarie t\u00eb v\u00ebrtet\u00eb serioze dhe t\u00eb lir\u00eb n\u00eb nj\u00eb demokraci t\u00eb v\u00ebrtet\u00eb.Raporti i Freedom hause \u00ebsht\u00eb aty duke renditurBurkina Faso n\u00eb vendin e 86,Mozambiko 87,Nikaragua 95,Haiti n\u00eb vendin e 100 dhe Shqip\u00ebria jon\u00eb e 102-ta.<br \/>\nDhe na thon\u00eb p\u00ebrdit\u00eb e pa turp se po na \u00e7ojn\u00eb n\u00eb Evrop\u00eb.<\/p>\n<p>Shqipja na ofron edhe nj\u00eb tjet\u00ebr shprehje q\u00eb i p\u00ebrshtatet intervist\u00ebs n\u00eb fjal\u00eb ajo \u00ebsht\u00eb \u201csi e \u00ebma e Zeqos n\u00eb maj\u00eb t\u00eb than\u00ebs\u201d.Mendoj q\u00eb v\u00ebrtet ministrja e Integrimit po fliste si e \u201c \u00ebma e Zeqos\u201d kur tha se Qeveria do b\u00ebj\u00eb gjith\u00e7ka p\u00ebr t\u00eb realizuar zgjedhje t\u00eb lira n\u00eb zgjedhjet e k\u00ebtij viti.Edhe sikur ato t\u00eb k\u00ebtij viti teknikisht t\u00eb ishin zgjedhjet m\u00eb t\u00eb mira n\u00eb Bot\u00eb un\u00eb kam shum\u00eb dyshime. Dyshoj q\u00eb nj\u00eb v\u00ebnd i renditur n\u00eb list\u00ebn e regjimeve hibride mund t\u00eb b\u00ebj\u00eb zgjedhje v\u00ebrtet t\u00eb lira,vetem kaq.<\/p>\n<p>Dyshoj q\u00eb n\u00eb nj\u00eb v\u00ebnd ku rroga e tremb\u00ebdhjet\u00eb, si\u00e7 quhet n\u00eb gjith\u00eb bot\u00ebn,t\u00eb quhet shp\u00ebrblim dhe qeveria q\u00eb vendos \u00e7do vit per sasin\u00eb, vendosi k\u00ebt\u00eb fundviti tua marr\u00eb rrog\u00ebtar\u00ebve e ta destinoj\u00eb p\u00ebr n\u00eb Shkod\u00ebr,t\u00eb ket\u00eb zgjedhje t\u00eb lira.Nj\u00eb drejtor shkolle m\u00eb tregonte se jo vet\u00ebm duhet t\u00eb mbyll\u00ebsh shkoll\u00ebn e t\u00eb \u00e7osh nx\u00ebnesit n\u00eb mitingjet e PD-s\u00eb p\u00ebr t\u00eb q\u00ebn\u00eb n\u00eb pun\u00eb, por duhet t\u00eb skedosh t\u00eb gjith\u00eb koleg\u00ebt dhe t\u00eb pun\u00ebsuarit n\u00eb shkoll\u00eb dhe natyrisht n\u00eb miting bashk\u00eb me gruan apo burrin.Besnik\u00ebria p\u00ebr t\u00eb q\u00ebn\u00eb e patundshme si n\u00eb Partin\u00eb ku Kryeministri militoi p\u00ebr 25 vjet duhet t\u00eb jet\u00eb familiare.Dhe n\u00eb fund Bregu na tregoi arritjet e k\u00ebtij viti p\u00ebr shqiptar\u00ebt, l\u00ebvizja e lir\u00eb ishte v\u00ebrtet aspirata e shqiptar\u00ebve pas 40 vjet izolim por \u00ebsht\u00eb e v\u00ebrtet\u00eb gjithashtu se jemi t\u00eb fundit n\u00eb Ballkan.Dhe e dyta ky vendim u mor nga parlamenti Evropian dhe do t\u00eb sjell\u00eb disa qindra milion euro nga Shqip\u00ebria n\u00eb drejtim t\u00eb vendeve evropiane q\u00eb mor\u00ebn k\u00ebt\u00eb vendim.<\/p>\n<p>Por ka nj\u00eb problem k\u00ebto arritje mundohet ti shkat\u00ebrroj\u00eb nj\u00eb antishqiptar nj\u00eb njeri me probleme psikike i famshmi Edi Rama.<br \/>\nKushedi si do ishte Shqip\u00ebria sikur ai t\u00eb mos ishte ??, po na lodh kjo histori por nuk duken t\u00eb lodhur as Kryeministri dhe as t\u00eb tinjt\u00eb ndoshta e kan\u00eb nj\u00eb arsye&#8230; nj\u00eb arsye q\u00eb vlen mjaft besoj.<\/p>\n","protected":false},"excerpt":{"rendered":"<p>Mitat Shuli Filloi ky vit i ri, dhe edhe pse kane kaluar pak dit\u00eb shohim p\u00ebrs\u00ebri t\u00eb nj\u00ebjtin film t\u00eb \u00e7do dite m\u00eb par\u00eb,t\u00eb nj\u00eb viti m\u00eb par\u00eb dhe t\u00eb atij tjetrit m\u00eb par\u00eb e k\u00ebshtu me radh\u00eb. .Ministrja Bregu tha p\u00ebr gazetar\u00ebt ne intervist\u00ebn e par\u00eb p\u00ebr k\u00ebt\u00eb vit \u201cse ndoshta edhe k\u00ebt\u00eb vit [&hellip;]<\/p>\n","protected":false},"author":1,"featured_media":0,"comment_status":"open","ping_status":"closed","sticky":false,"template":"","format":"standard","meta":{"footnotes":""},"categories":[2],"tags":[],"class_list":{"0":"post-5636","1":"post","2":"type-post","3":"status-publish","4":"format-standard","6":"category-artikuj"},"yoast_head":"<!-- This site is optimized with the Yoast SEO plugin v27.4 - https:\/\/yoast.com\/product\/yoast-seo-wordpress\/ -->\n<title>Bregu - si kodra pas bregut - FjALA e LIR\u00cb - Arkivi<\/title>\n<meta name=\"robots\" content=\"index, follow, max-snippet:-1, max-image-preview:large, max-video-preview:-1\" \/>\n<link rel=\"canonical\" href=\"https:\/\/fjala.info\/2009-2015\/bregu-si-kodra-pas-bregut\/\" \/>\n<meta property=\"og:locale\" content=\"sq_AL\" \/>\n<meta property=\"og:type\" content=\"article\" \/>\n<meta property=\"og:title\" content=\"Bregu - si kodra pas bregut - FjALA e LIR\u00cb - Arkivi\" \/>\n<meta property=\"og:description\" content=\"Mitat Shuli Filloi ky vit i ri, dhe edhe pse kane kaluar pak dit\u00eb shohim p\u00ebrs\u00ebri t\u00eb nj\u00ebjtin film t\u00eb \u00e7do dite m\u00eb par\u00eb,t\u00eb nj\u00eb viti m\u00eb par\u00eb dhe t\u00eb atij tjetrit m\u00eb par\u00eb e k\u00ebshtu me radh\u00eb. .Ministrja Bregu tha p\u00ebr gazetar\u00ebt ne intervist\u00ebn e par\u00eb p\u00ebr k\u00ebt\u00eb vit \u201cse ndoshta edhe k\u00ebt\u00eb vit [&hellip;]\" \/>\n<meta property=\"og:url\" content=\"https:\/\/fjala.info\/2009-2015\/bregu-si-kodra-pas-bregut\/\" \/>\n<meta property=\"og:site_name\" content=\"FjALA e LIR\u00cb - Arkivi\" \/>\n<meta property=\"article:published_time\" content=\"2011-01-08T09:08:38+00:00\" \/>\n<meta name=\"author\" content=\"admin\" \/>\n<meta name=\"twitter:card\" content=\"summary_large_image\" \/>\n<meta name=\"twitter:label1\" content=\"Written by\" \/>\n\t<meta name=\"twitter:data1\" content=\"admin\" \/>\n\t<meta name=\"twitter:label2\" content=\"Est. reading time\" \/>\n\t<meta name=\"twitter:data2\" content=\"6 minutes\" \/>\n<script type=\"application\/ld+json\" class=\"yoast-schema-graph\">{\"@context\":\"https:\\\/\\\/schema.org\",\"@graph\":[{\"@type\":\"Article\",\"@id\":\"https:\\\/\\\/fjala.info\\\/2009-2015\\\/bregu-si-kodra-pas-bregut\\\/#article\",\"isPartOf\":{\"@id\":\"https:\\\/\\\/fjala.info\\\/2009-2015\\\/bregu-si-kodra-pas-bregut\\\/\"},\"author\":{\"name\":\"admin\",\"@id\":\"https:\\\/\\\/fjala.info\\\/2009-2015\\\/#\\\/schema\\\/person\\\/3aa1163ef05469c496fc94e77611ada2\"},\"headline\":\"Bregu &#8211; si kodra pas bregut\",\"datePublished\":\"2011-01-08T09:08:38+00:00\",\"mainEntityOfPage\":{\"@id\":\"https:\\\/\\\/fjala.info\\\/2009-2015\\\/bregu-si-kodra-pas-bregut\\\/\"},\"wordCount\":1187,\"commentCount\":0,\"publisher\":{\"@id\":\"https:\\\/\\\/fjala.info\\\/2009-2015\\\/#organization\"},\"articleSection\":[\"Artikuj\"],\"inLanguage\":\"sq-AL\",\"potentialAction\":[{\"@type\":\"CommentAction\",\"name\":\"Comment\",\"target\":[\"https:\\\/\\\/fjala.info\\\/2009-2015\\\/bregu-si-kodra-pas-bregut\\\/#respond\"]}]},{\"@type\":\"WebPage\",\"@id\":\"https:\\\/\\\/fjala.info\\\/2009-2015\\\/bregu-si-kodra-pas-bregut\\\/\",\"url\":\"https:\\\/\\\/fjala.info\\\/2009-2015\\\/bregu-si-kodra-pas-bregut\\\/\",\"name\":\"Bregu - si kodra pas bregut - FjALA e LIR\u00cb - Arkivi\",\"isPartOf\":{\"@id\":\"https:\\\/\\\/fjala.info\\\/2009-2015\\\/#website\"},\"datePublished\":\"2011-01-08T09:08:38+00:00\",\"breadcrumb\":{\"@id\":\"https:\\\/\\\/fjala.info\\\/2009-2015\\\/bregu-si-kodra-pas-bregut\\\/#breadcrumb\"},\"inLanguage\":\"sq-AL\",\"potentialAction\":[{\"@type\":\"ReadAction\",\"target\":[\"https:\\\/\\\/fjala.info\\\/2009-2015\\\/bregu-si-kodra-pas-bregut\\\/\"]}]},{\"@type\":\"BreadcrumbList\",\"@id\":\"https:\\\/\\\/fjala.info\\\/2009-2015\\\/bregu-si-kodra-pas-bregut\\\/#breadcrumb\",\"itemListElement\":[{\"@type\":\"ListItem\",\"position\":1,\"name\":\"Home\",\"item\":\"https:\\\/\\\/fjala.info\\\/2009-2015\\\/\"},{\"@type\":\"ListItem\",\"position\":2,\"name\":\"Bregu &#8211; si kodra pas bregut\"}]},{\"@type\":\"WebSite\",\"@id\":\"https:\\\/\\\/fjala.info\\\/2009-2015\\\/#website\",\"url\":\"https:\\\/\\\/fjala.info\\\/2009-2015\\\/\",\"name\":\"FjALA e LIR\u00cb - Arkivi\",\"description\":\"Arkivi 2009-2015\",\"publisher\":{\"@id\":\"https:\\\/\\\/fjala.info\\\/2009-2015\\\/#organization\"},\"potentialAction\":[{\"@type\":\"SearchAction\",\"target\":{\"@type\":\"EntryPoint\",\"urlTemplate\":\"https:\\\/\\\/fjala.info\\\/2009-2015\\\/?s={search_term_string}\"},\"query-input\":{\"@type\":\"PropertyValueSpecification\",\"valueRequired\":true,\"valueName\":\"search_term_string\"}}],\"inLanguage\":\"sq-AL\"},{\"@type\":\"Organization\",\"@id\":\"https:\\\/\\\/fjala.info\\\/2009-2015\\\/#organization\",\"name\":\"FjALA e LIR\u00cb - Arkivi\",\"url\":\"https:\\\/\\\/fjala.info\\\/2009-2015\\\/\",\"logo\":{\"@type\":\"ImageObject\",\"inLanguage\":\"sq-AL\",\"@id\":\"https:\\\/\\\/fjala.info\\\/2009-2015\\\/#\\\/schema\\\/logo\\\/image\\\/\",\"url\":\"\",\"contentUrl\":\"\",\"caption\":\"FjALA e LIR\u00cb - Arkivi\"},\"image\":{\"@id\":\"https:\\\/\\\/fjala.info\\\/2009-2015\\\/#\\\/schema\\\/logo\\\/image\\\/\"}},{\"@type\":\"Person\",\"@id\":\"https:\\\/\\\/fjala.info\\\/2009-2015\\\/#\\\/schema\\\/person\\\/3aa1163ef05469c496fc94e77611ada2\",\"name\":\"admin\",\"image\":{\"@type\":\"ImageObject\",\"inLanguage\":\"sq-AL\",\"@id\":\"https:\\\/\\\/fjala.info\\\/2009-2015\\\/wp-content\\\/uploads\\\/2012\\\/02\\\/arben_cokaj-120x150.jpg\",\"url\":\"https:\\\/\\\/fjala.info\\\/2009-2015\\\/wp-content\\\/uploads\\\/2012\\\/02\\\/arben_cokaj-120x150.jpg\",\"contentUrl\":\"https:\\\/\\\/fjala.info\\\/2009-2015\\\/wp-content\\\/uploads\\\/2012\\\/02\\\/arben_cokaj-120x150.jpg\",\"caption\":\"admin\"},\"description\":\"Admin, Fjala e Lir\u00eb\",\"sameAs\":[\"https:\\\/\\\/fjala.info\\\/\"],\"url\":\"https:\\\/\\\/fjala.info\\\/2009-2015\\\/author\\\/admin\\\/\"}]}<\/script>\n<!-- \/ Yoast SEO plugin. -->","yoast_head_json":{"title":"Bregu - si kodra pas bregut - FjALA e LIR\u00cb - Arkivi","robots":{"index":"index","follow":"follow","max-snippet":"max-snippet:-1","max-image-preview":"max-image-preview:large","max-video-preview":"max-video-preview:-1"},"canonical":"https:\/\/fjala.info\/2009-2015\/bregu-si-kodra-pas-bregut\/","og_locale":"sq_AL","og_type":"article","og_title":"Bregu - si kodra pas bregut - FjALA e LIR\u00cb - Arkivi","og_description":"Mitat Shuli Filloi ky vit i ri, dhe edhe pse kane kaluar pak dit\u00eb shohim p\u00ebrs\u00ebri t\u00eb nj\u00ebjtin film t\u00eb \u00e7do dite m\u00eb par\u00eb,t\u00eb nj\u00eb viti m\u00eb par\u00eb dhe t\u00eb atij tjetrit m\u00eb par\u00eb e k\u00ebshtu me radh\u00eb. .Ministrja Bregu tha p\u00ebr gazetar\u00ebt ne intervist\u00ebn e par\u00eb p\u00ebr k\u00ebt\u00eb vit \u201cse ndoshta edhe k\u00ebt\u00eb vit [&hellip;]","og_url":"https:\/\/fjala.info\/2009-2015\/bregu-si-kodra-pas-bregut\/","og_site_name":"FjALA e LIR\u00cb - Arkivi","article_published_time":"2011-01-08T09:08:38+00:00","author":"admin","twitter_card":"summary_large_image","twitter_misc":{"Written by":"admin","Est. reading time":"6 minutes"},"schema":{"@context":"https:\/\/schema.org","@graph":[{"@type":"Article","@id":"https:\/\/fjala.info\/2009-2015\/bregu-si-kodra-pas-bregut\/#article","isPartOf":{"@id":"https:\/\/fjala.info\/2009-2015\/bregu-si-kodra-pas-bregut\/"},"author":{"name":"admin","@id":"https:\/\/fjala.info\/2009-2015\/#\/schema\/person\/3aa1163ef05469c496fc94e77611ada2"},"headline":"Bregu &#8211; si kodra pas bregut","datePublished":"2011-01-08T09:08:38+00:00","mainEntityOfPage":{"@id":"https:\/\/fjala.info\/2009-2015\/bregu-si-kodra-pas-bregut\/"},"wordCount":1187,"commentCount":0,"publisher":{"@id":"https:\/\/fjala.info\/2009-2015\/#organization"},"articleSection":["Artikuj"],"inLanguage":"sq-AL","potentialAction":[{"@type":"CommentAction","name":"Comment","target":["https:\/\/fjala.info\/2009-2015\/bregu-si-kodra-pas-bregut\/#respond"]}]},{"@type":"WebPage","@id":"https:\/\/fjala.info\/2009-2015\/bregu-si-kodra-pas-bregut\/","url":"https:\/\/fjala.info\/2009-2015\/bregu-si-kodra-pas-bregut\/","name":"Bregu - si kodra pas bregut - FjALA e LIR\u00cb - Arkivi","isPartOf":{"@id":"https:\/\/fjala.info\/2009-2015\/#website"},"datePublished":"2011-01-08T09:08:38+00:00","breadcrumb":{"@id":"https:\/\/fjala.info\/2009-2015\/bregu-si-kodra-pas-bregut\/#breadcrumb"},"inLanguage":"sq-AL","potentialAction":[{"@type":"ReadAction","target":["https:\/\/fjala.info\/2009-2015\/bregu-si-kodra-pas-bregut\/"]}]},{"@type":"BreadcrumbList","@id":"https:\/\/fjala.info\/2009-2015\/bregu-si-kodra-pas-bregut\/#breadcrumb","itemListElement":[{"@type":"ListItem","position":1,"name":"Home","item":"https:\/\/fjala.info\/2009-2015\/"},{"@type":"ListItem","position":2,"name":"Bregu &#8211; si kodra pas bregut"}]},{"@type":"WebSite","@id":"https:\/\/fjala.info\/2009-2015\/#website","url":"https:\/\/fjala.info\/2009-2015\/","name":"FjALA e LIR\u00cb - Arkivi","description":"Arkivi 2009-2015","publisher":{"@id":"https:\/\/fjala.info\/2009-2015\/#organization"},"potentialAction":[{"@type":"SearchAction","target":{"@type":"EntryPoint","urlTemplate":"https:\/\/fjala.info\/2009-2015\/?s={search_term_string}"},"query-input":{"@type":"PropertyValueSpecification","valueRequired":true,"valueName":"search_term_string"}}],"inLanguage":"sq-AL"},{"@type":"Organization","@id":"https:\/\/fjala.info\/2009-2015\/#organization","name":"FjALA e LIR\u00cb - Arkivi","url":"https:\/\/fjala.info\/2009-2015\/","logo":{"@type":"ImageObject","inLanguage":"sq-AL","@id":"https:\/\/fjala.info\/2009-2015\/#\/schema\/logo\/image\/","url":"","contentUrl":"","caption":"FjALA e LIR\u00cb - Arkivi"},"image":{"@id":"https:\/\/fjala.info\/2009-2015\/#\/schema\/logo\/image\/"}},{"@type":"Person","@id":"https:\/\/fjala.info\/2009-2015\/#\/schema\/person\/3aa1163ef05469c496fc94e77611ada2","name":"admin","image":{"@type":"ImageObject","inLanguage":"sq-AL","@id":"https:\/\/fjala.info\/2009-2015\/wp-content\/uploads\/2012\/02\/arben_cokaj-120x150.jpg","url":"https:\/\/fjala.info\/2009-2015\/wp-content\/uploads\/2012\/02\/arben_cokaj-120x150.jpg","contentUrl":"https:\/\/fjala.info\/2009-2015\/wp-content\/uploads\/2012\/02\/arben_cokaj-120x150.jpg","caption":"admin"},"description":"Admin, Fjala e Lir\u00eb","sameAs":["https:\/\/fjala.info\/"],"url":"https:\/\/fjala.info\/2009-2015\/author\/admin\/"}]}},"_links":{"self":[{"href":"https:\/\/fjala.info\/2009-2015\/wp-json\/wp\/v2\/posts\/5636","targetHints":{"allow":["GET"]}}],"collection":[{"href":"https:\/\/fjala.info\/2009-2015\/wp-json\/wp\/v2\/posts"}],"about":[{"href":"https:\/\/fjala.info\/2009-2015\/wp-json\/wp\/v2\/types\/post"}],"author":[{"embeddable":true,"href":"https:\/\/fjala.info\/2009-2015\/wp-json\/wp\/v2\/users\/1"}],"replies":[{"embeddable":true,"href":"https:\/\/fjala.info\/2009-2015\/wp-json\/wp\/v2\/comments?post=5636"}],"version-history":[{"count":0,"href":"https:\/\/fjala.info\/2009-2015\/wp-json\/wp\/v2\/posts\/5636\/revisions"}],"wp:attachment":[{"href":"https:\/\/fjala.info\/2009-2015\/wp-json\/wp\/v2\/media?parent=5636"}],"wp:term":[{"taxonomy":"category","embeddable":true,"href":"https:\/\/fjala.info\/2009-2015\/wp-json\/wp\/v2\/categories?post=5636"},{"taxonomy":"post_tag","embeddable":true,"href":"https:\/\/fjala.info\/2009-2015\/wp-json\/wp\/v2\/tags?post=5636"}],"curies":[{"name":"wp","href":"https:\/\/api.w.org\/{rel}","templated":true}]}}