{"id":5621,"date":"2011-01-15T10:06:12","date_gmt":"2011-01-15T09:06:12","guid":{"rendered":"http:\/\/fjala.shkoder.net\/?p=5621"},"modified":"2011-01-15T10:06:12","modified_gmt":"2011-01-15T09:06:12","slug":"interviste-veprimtarin-e-ceshtjes-kombetare-z-ramiz-dermaku","status":"publish","type":"post","link":"https:\/\/fjala.info\/2009-2015\/interviste-veprimtarin-e-ceshtjes-kombetare-z-ramiz-dermaku\/","title":{"rendered":"INTERVIST\u00cb VEPRIMTARIN E \u00c7\u00cbSHTJES KOMBETARE z. RAMIZ DERMAKU"},"content":{"rendered":"<p><strong>INTERVIST\u00cb EKSKLUZIVE ME INTELEKTUALIN, ANALISTIN, SEKRETARIN E BSH-s\u00eb, PER BADENW\u00dcRTTEMBERG, VEPRIMTARIN E \u00c7\u00cbSHTJES KOMBETARE z. RAMIZ DERMAKU<\/strong><\/p>\n<p><img loading=\"lazy\" decoding=\"async\" class=\"alignleft size-medium wp-image-4715\" title=\"Asllan Dibrani\" src=\"http:\/\/fjala.shkoder.net\/wp-content\/uploads\/2010\/11\/asllan_dibrani1-227x300.jpg\" alt=\"\" width=\"227\" height=\"300\" \/><\/p>\n<p>Intervistoi: <strong>Asllan DIBRANI<\/strong><\/p>\n<p>K\u00ebto ishin fjal\u00ebt e deputetit ( 18 &#8211; vite deputet\u00eb ) t\u00eb Parlamentit gjerman MATTHIAS VEISHEIT, p\u00ebrfaq\u00ebsues i partis\u00eb s\u00eb SPD-\u00ebs, gjat\u00eb nj\u00eb takimi q\u00eb pati me Bashkimin e Intelektual\u00ebve Shqiptar\u00eb n\u00eb M\u00ebrgim, e cila u p\u00ebrfaq\u00ebsua nga an\u00ebtari i kryesis\u00eb e z\u00ebdh\u00ebn\u00ebsi p\u00ebr mjete t\u00eb informimit pran\u00eb BISHM-im, dhe gazetari i gazet\u00ebs Komb\u00ebtare &#8220;Bota Sot&#8221;, z. Ramiz D\u00ebrmaku, Rexhep Elezaj, sekretar i BISHM-im dhe Sinan Hiseni, an\u00ebtar\u00eb i kryesis\u00eb pran\u00eb BISHM-im. Kjo bised\u00eb dhe intervista q\u00eb ne i mor\u00ebm p\u00ebr gazet\u00ebn komb\u00ebtare &#8220;Bota Sot&#8221;, u botua me 22 shtator t\u00eb vitit 1997.<\/p>\n<p>\u00cbsht\u00eb e v\u00ebrtet\u00eb th\u00ebnia se gjerman\u00ebt, m\u00eb shum\u00eb e \u00e7&#8217;monj\u00eb pun\u00ebn se \u00e7do gj\u00eb tjet\u00ebr n\u00eb jet\u00eb. Nuk \u00ebsht\u00eb e rastit, q\u00eb ata sot gjinden n\u00eb mesin e vendeve me shkall\u00ebn m\u00eb t\u00eb lart\u00eb t\u00eb zhvillimit ekonomik e industrial n\u00eb bot\u00eb. Prandaj, duke u nis\u00eb nga kjo, nj\u00eb pjes\u00eb e madhe e m\u00ebrgimtar\u00ebve tan\u00eb q\u00eb punuan, me vite te t\u00ebra respektohen e nderohen nga pun\u00ebdh\u00ebn\u00ebsit e tyre &#8211; gjerman\u00ebt, si njer\u00ebz t\u00eb zellsh\u00ebm, pun\u00ebtor\u00eb, dhe q\u00eb i kryejn\u00eb detyrat me nd\u00ebrgjegje t\u00eb lart\u00eb. I till\u00eb \u00ebsht\u00eb edhe bashk\u00ebbiseduesi yn\u00eb, z. Ramiz D\u00ebrmaku.<\/p>\n<p>Ky aktivist\u00eb i dalluar i diaspor\u00ebs son\u00eb, e filloi bised\u00ebn me fjal\u00ebt e qeta, i radhiste ngjarjet, aksionet, mbledhjet, tubimet, protestat, demonstratat si flet\u00ebt e nj\u00eb romani. Bised\u00ebn e zhvilluam me t\u00eb, ne nj\u00eb pas\u00eb dite t\u00eb ngjeshur pune. Edhe pse shqiptar\u00ebt jetuan vite te t\u00ebra lag\u00eb atdheut, ata lidhjet me atdheun kurr\u00eb nuk i nd\u00ebrpren\u00eb. Krahas pun\u00ebs s\u00eb r\u00ebnd\u00eb q\u00eb b\u00ebnin m\u00ebrgimtar\u00ebt tan\u00eb p\u00ebr ta siguruar ekzistenc\u00ebn e familjeve te tyre, ata zhvilluan aktivitete t\u00eb m\u00ebdha p\u00ebr unitetin e m\u00ebrgat\u00ebs, e atdheut (n\u00eb rastin konkret\u00eb-Kosov\u00ebs), ndihmuan dhe sensibilizimin e \u00e7\u00ebshtjes komb\u00ebtare n\u00eb aren\u00ebn nd\u00ebrkomb\u00ebtare; duke organizuar protesta, demonstrata n\u00eb qendrat kryesore t\u00eb qyteteve t\u00eb Evrop\u00ebs, Amerik\u00eb, e gjetiu.<\/p>\n<p>Fal\u00eb veprimtarit t\u00eb madhe t\u00eb \u00e7\u00ebshtjes komb\u00ebtare, z. Xhevdet MAZREKAJ, dhe botues i gazet\u00ebs komb\u00ebtare &#8220;Bota Sot&#8221; , un\u00eb arrita t\u00eb intervistoj\u00eb: redaktor\u00eb e kryeredaktor\u00eb gazetash, rektor\u00eb shkollash, dekan fakultetesh, kryetar\u00eb shoqatash humanitare gjermane, si\u00e7 jan\u00eb ; &#8221; Diakonisches werk w\u00fcrttemberg &#8220;,&#8221; Verien &#8221; fl\u00fcchtlinge und wir &#8220;,&#8221; Caritas Stuttgart&#8221;,&#8221; Albanien hilft demokracy j\u00fcngst &#8220;,&#8221; Kolpings Familie&#8221;, &#8221; Die Johanniter &#8220;, &#8221; Amnesty Internacional&#8221;, kryetar\u00eb komunash, deputet\u00eb t\u00eb Parlamentit Gjerman\u00eb; si jan\u00eb:<\/p>\n<p>Matthias VEISHEIT, 18-vite deputet n\u00eb parlamentin gjerman\u00eb, an\u00ebtar\u00eb i SPD-\u00ebs,<br \/>\n&#8211; Oswald METZGER, p\u00ebrfaq\u00ebsues i t\u00eb gjelb\u00ebrve,<br \/>\n&#8211; Alois GRAF WALDBURG; etj, t\u00eb atij Evropian.<br \/>\n&#8211; Kryetaren e Asambles\u00eb s\u00eb K\u00ebshillit t\u00eb Evrop\u00ebs, z. Leni FISCHER, thekson nd\u00ebr t\u00eb tjera zoti, Ramiz D\u00ebrmaku.<\/p>\n<p><strong>A.Dibrani: Z. Ramiz, Sic po shihet, ju qenkeni gazetar\u00eb i gazet\u00ebs komb\u00ebtare &#8220;Bota sot&#8221; por edhe i Zemr\u00ebs Shqiptare ?<\/strong><\/p>\n<p style=\"text-align: center;\"><em><strong><img loading=\"lazy\" decoding=\"async\" class=\"alignright size-medium wp-image-5622\" title=\"xhevdet_mazrrekaj_ramiz_dermaku\" src=\"http:\/\/fjala.shkoder.net\/wp-content\/uploads\/2011\/01\/xhevdet_mazrrekaj_ramiz_dermaku-300x253.jpg\" alt=\"\" width=\"300\" height=\"253\" \/><\/strong><\/em><\/p>\n<p style=\"text-align: right;\"><em><strong>Botuesi i gazet\u00ebs komb\u00ebtare , &#8220;Bota Sot&#8221;, z. Xhevdet MAZREKAJ, dhe gazetari i gazet\u00ebs komb\u00ebtare &#8220;Bota Sot&#8221; , z. Ramiz D\u00ebrmaku.<\/strong><\/em><\/p>\n<p><strong>R. D\u00ebrmaku<\/strong>: Po ashtu \u00ebsht\u00eb. Un\u00eb e ceka edhe m\u00eb lart\u00eb se Gazeta komb\u00ebtare &#8220;BOTA SOT&#8221; , m\u00eb mund\u00ebsoi q\u00eb un\u00eb t\u00eb marr\u00eb pjes\u00eb n\u00eb shum\u00eb mbledhje t\u00eb cilat i organizonte pala gjermane ; (kushtuar emigrant\u00ebve apo refugjat\u00ebve t\u00eb Kosov\u00ebs, aksioneve humanitare dedikuar Kosov\u00ebs) si dhe atyre t\u00eb komunitetit shqiptar\u00eb, duke filluar nga tubimi ndihmave materiale, Fondin e 3 % &#8211; shit, t\u00eb Achenit, t\u00eb shkoll\u00ebs shqipe n Kosov\u00eb, Universitetit t\u00eb Tetov\u00ebs, t\u00eb Ushtris\u00eb \u00c7lirimtare t\u00eb Kosov\u00ebs- UCK-\u00ebs. Shkrova p\u00ebr sukseset por edhe dob\u00ebsit\u00eb e shkoll\u00ebs plot\u00ebsuese shqipe n\u00eb Gjermani, pas sukseset dhe dob\u00ebsit\u00eb q\u00eb shfaqeshin n\u00eb mesin e m\u00ebrgat\u00ebs son\u00eb n\u00eb Gjermani, e m\u00eb gjer\u00eb. Aktivitetet kulturore, humanitare, edukative, sportive, etj. P\u00ebr dukurit\u00eb negative t\u00eb t\u00eb rinjve tan\u00eb (drog\u00ebn, duhanin dhe narkomanin) p\u00ebr asimilimin e gjeneratave t\u00eb reja q\u00eb po rriten n\u00eb m\u00ebrgim, etj, etj por edhe zhvillimi e sistemit elektronik e beri te veten qe te jam bashk\u00ebpun\u00ebtor i publikimit t\u00eb shkrimeve te mia n\u00eb &#8220;Zemr\u00ebn Shqiptare&#8221; nj\u00eb nd\u00ebr faqet ma me influenc\u00eb tek shqiptar\u00ebt.<\/p>\n<p><strong>A.Dibrani: Pos gazetaris\u00eb, me \u00e7ka jeni marr\u00eb, gjat\u00eb periudh\u00ebs se emigrimit tuaj n\u00eb Gjermani ?<\/strong><\/p>\n<p><strong>R. D\u00ebrmaku<\/strong>: Mora pjes\u00eb ne t\u00eb gjitha ; protestat e demonstratat, pa marr\u00eb parasysh se kush i organizonte ato. I vizitova shum\u00eb klube, shoqata, shkruaja p\u00ebr aktivist\u00ebt dhe aktivitetet e tyre. E informoja opinionin shqiptar\u00eb (shpesh edhe at\u00eb gjerman\u00eb ), me gjendjen e r\u00ebnd\u00eb n\u00eb t\u00eb cil\u00ebn kalonte Kosova. I vizitoja kampet t\u00eb mbushura me refugjat\u00eb shqiptar\u00eb. S&#8217;bashku me shok\u00eb ne organizuam tubimin e ndihmave humanitare p\u00ebr Kosov\u00eb. Mbaja kontakte t\u00eb rregullta me gazetar\u00eb gjerman\u00eb ; ( mediave; t\u00eb shkruara dhe atyre elektronike), Radios e Televizionit.<\/p>\n<p><strong><em><img loading=\"lazy\" decoding=\"async\" class=\"alignright size-medium wp-image-5623\" title=\"ramiz_dermaku_281110\" src=\"http:\/\/fjala.shkoder.net\/wp-content\/uploads\/2011\/01\/ramiz_dermaku_281110-216x300.jpg\" alt=\"\" width=\"216\" height=\"300\" \/><\/em><\/strong><\/p>\n<p><strong><em>Ramir D\u00ebrmaku gjat\u00eb manifestimit t\u00eb 28 N\u00ebntorit ne Ravensburg<\/em><\/strong><\/p>\n<p>Duke e par\u00eb gjendjen e r\u00ebnd\u00eb n\u00eb t\u00eb cil\u00ebn kalonte Kosova, ne formuam; Bashkimin e Intelektual\u00ebve Shqiptar\u00eb n\u00eb M\u00ebrgim &#8211; ose BISHM-im. Organizuam tubime t\u00eb shumta me m\u00ebrgimtar\u00eb, mbajt\u00ebm protesta,demonstrata, mbajt\u00ebm tryeza t\u00eb rrumbullak\u00ebta, si ajo n\u00eb SINGEN- t\u00eb Gjermanis\u00eb, ku mor\u00ebn pjes\u00eb t\u00eb gjitha partit\u00eb shqiptare q\u00eb vepronin n\u00eb diaspor\u00eb. BISHM-im, ne disa qytete t\u00eb Gjermanis\u00eb , organizoi disa ekspozita me fotografi, ku shihej qart\u00eb dhuna q\u00eb ushtrohej ndaj popullit shqiptar\u00eb nga regjimi kriminel i Millosheviqit. Krejt at\u00eb \u00e7ka un\u00eb kam\u00eb b\u00ebr\u00eb p\u00ebr \u00e7\u00ebshtjen komb\u00ebtare duhet falenderuar editorin e gazet\u00ebs &#8220;Bota Sot&#8221; z. Xhevdet Mazrekaj, dhe stafit t\u00eb tij. P\u00ebrcolla me d\u00ebshir\u00eb e vullnet t\u00eb gjitha aktivitetet e m\u00ebrgat\u00ebs son\u00eb.<\/p>\n<p><strong>A.Dibrani: Cilat tema keni pasur ma me endje ne shpirt ti publikoni zoti Ramiz?<\/strong><\/p>\n<p>Shum\u00eb shpesh shkrova edhe p\u00ebr dob\u00ebsit\u00eb dhe t&#8217;metat e m\u00ebrgat\u00ebs son\u00eb. Kritikova mos unitetin e diaspor\u00ebs son\u00eb, shkrova p\u00ebr asimilimin, i cili p\u00ebr \u00e7do dit\u00eb po l\u00ebshon rr\u00ebnj\u00eb n\u00eb diaspor\u00eb. Shkrova p\u00ebr sukseset por edhe dob\u00ebsit\u00eb e t\u00eb rinjve tan\u00eb . Shkrova p\u00ebr munges\u00ebn e femr\u00ebs shqiptare dhe p\u00ebrfshirjen e saj ne t\u00eb gjitha aktivitetet duke filluar nga ato, arsimore, kulturore, sportive, etj. Si sekretar i BSH-re n\u00eb Republik\u00ebn e Badenw\u00fcrttembergut, s\u00eb bashku me shok\u00eb ; atdhetarin e kryetarin e BSH-re, z. Faridin TAFALLARI &#8211; ju si an\u00ebtar\u00eb kryesie i BSH-re, dhe aktivisti Zenel Krasniqi, jeni iniciator\u00ebt kryesore p\u00ebr themelimin e BSH-re, n\u00eb Badenw\u00fcrttemberg. Zenel Krasniqi , an\u00ebtar\u00eb kryesie i BSH-re, pjes\u00ebmarr\u00ebs i luft\u00ebs n\u00eb Kroaci, ku sot gjendet n\u00eb burgun e Zagrebit. Mbi dy vite ndodhet n\u00eb burgun e Zagrebit. Akoma nuk \u00ebsht\u00eb d\u00ebnuar. Kemi organizuar disa protesta e demonstrata n\u00eb Shtuttgart, kund\u00ebr dhun\u00ebs dhe aparteidit q\u00eb ushtronte regjimi \u00e7etnik serb\u00eb ndaj popullit shqiptare n\u00eb Kosov\u00eb. Shum\u00eb shpesh ne m\u00ebnyr\u00eb t\u00eb organizuar i kemi vizituar varrezat e martir\u00ebve ; Jusuf dhe Bardhosh G\u00ebrvalla e Kadri Zeka, dhe kemi vendosur lule t\u00eb fresk\u00ebta mbi varrezat e tyre ,etj .<\/p>\n<p><strong>A.Dibrani: Z. D\u00ebrmaku, n\u00ebse kthehemi pak prapa, n\u00eb vitet e m\u00eb hershme, a mund t\u00eb na tregoni se si ka qen\u00eb f\u00ebmij\u00ebria juaj ?<\/strong><\/p>\n<p><strong>R. D\u00ebrmaku<\/strong>: F\u00ebmij\u00ebria ime m\u00eb duket larg nj\u00eb shekull nga imagjinata e p\u00ebrkujtimeve. K\u00ebshtu \u00ebsht\u00eb kur mua dhe brezit tim na ka r\u00ebn\u00eb fati t\u00eb heqim t\u00eb zit\u00eb e ullirit.; shembjen e komunizmit, ndryshimin e rendi bot\u00ebror, prishjen e nj\u00eb shteti totalitar dhe me nj\u00eb regjim antishqiptar si\u00e7 ishte ish Jugosllavia komuniste me dhun\u00ebn dhe reprezaljet shfaros\u00ebse qe p\u00ebrjetuam. Mir\u00ebpo, fal\u00eb politik\u00ebs s\u00eb urt\u00eb, t\u00eb men\u00e7ur dhe paq\u00ebsore t\u00eb intelektualit, akademikut, e gjeniut t\u00eb kombit, simbolit t\u00eb demokracis\u00eb, kryetarit t\u00eb Lidhjes s\u00eb Shkrimtar\u00ebve t\u00eb Kosov\u00ebs, kryetarit t\u00eb LDK-\u00ebs, e s\u00eb fundi edhe Kryetar i Republik\u00ebs s\u00eb Kosov\u00ebs Dr. IBRAHIM RUGOVA , si dhe Ushtris\u00eb \u00e7lirimtare t\u00eb Kosov\u00ebs- UCK-\u00ebs , sot jemi fitues u shpreh zoti Ramiz D\u00ebrmaku.<\/p>\n<p><strong>A.Dibrani: Mund t\u00eb na flisni pak, p\u00ebr biografin\u00eb tuaj ?<\/strong><\/p>\n<p><strong>R. D\u00ebrmaku<\/strong>, i lindur me 10. 11. 1956, n\u00eb fshatin Shipashnic\u00eb e Ep\u00ebrme, komuna e Dardan\u00ebs (ish. Kamenic\u00eb). Rrjedh\u00eb prej nj\u00eb familje t\u00eb mesme fshatare por e frym\u00ebzuar p\u00ebr lirin\u00eb dhe \u00e7\u00ebshtjen komb\u00ebtare. Babai i im Hesati, ishte murator, e n\u00ebna Sadije, amvise. Gjasht\u00eb (6) klas\u00eb t\u00eb shkoll\u00ebs fillore i kreu n\u00eb vendlindje, klas\u00ebn e VII-t\u00eb e t\u00eb VIII-t\u00eb, n\u00eb Hogosht\u00eb t\u00eb Dardan\u00ebs. Tri vite t\u00eb gjimnazit i mbaroi n\u00eb paralelet e ndara t\u00eb gjimnazit n\u00eb Hogosht\u00eb, nd\u00ebrsa vitin e kat\u00ebrt\u00eb ( IV ) n\u00eb Dardan\u00eb. Q\u00eb nga mosha 17-18-vje\u00e7are, pra nga viti i dyt\u00eb i gjimnazit, i kisha r\u00ebn\u00eb n\u00eb sy profesorit t\u00eb Historis\u00eb &#8211; komunistit t\u00eb p\u00ebrbetuar Avni Krasniqi. Un\u00eb e doja Flamurin komb\u00ebtar kuq e zi, i cili ne na ishte ndaluar ta bartnim. I propozova n\u00ebn\u00ebs sime t\u00eb m\u00eb mbaroj\u00eb nj\u00eb xhemper kuq e zi. K\u00ebrkes\u00ebn time, n\u00ebna nuk e pranoi me d\u00ebshir\u00eb&#8230;, mir\u00ebpo un\u00eb isha k\u00ebmb\u00ebngul\u00ebs edhe pse ajo i dinte pasojat.., ma mbaroi. Dit\u00ebn e par\u00eb q\u00eb un\u00eb e kisha veshur xhemperin, pik\u00ebrisht n\u00eb or\u00ebn e tret\u00eb t\u00eb Historis\u00eb, profesori komunist, pasi e sh\u00ebnoi or\u00ebn n\u00eb ditar, u ngrit n\u00eb k\u00ebmb\u00eb, shikoi nx\u00ebn\u00ebsit e mu drejtua !<\/p>\n<p><em>Ty, me k\u00ebt\u00eb xhemper, kuq e zi, nuk do t\u00eb pranoj n\u00eb or\u00ebt e historis\u00eb<\/em> ! Dhe ky vendim i papritur nga profesori, jo q\u00eb m\u00eb shqet\u00ebsoi mua, por t\u00ebr\u00eb klas\u00ebn ton\u00eb !?. Un\u00eb isha i vendosur dhe kurrsesi nuk pranoja me hequr apo mos ta merrja n\u00eb shkoll\u00eb at\u00eb xhemper, t\u00eb cilin ma kishte punuar n\u00ebna. Pasi disa or\u00eb rresht profesori m\u00eb largoi nga ora e historis\u00eb, un\u00eb i tregova babait. T\u00eb nes\u00ebrmen babai erdhi me mua n\u00eb shkoll\u00eb. Hym\u00eb n\u00eb lokalet e shkoll\u00ebs u ngjit\u00ebm n\u00eb katin e dyt\u00eb. Babai im i demoralizuar tej mase m\u00eb tha: <em>Shko, thirre m\u00ebsuesin e historis\u00eb<\/em>. Un\u00eb hyra n\u00eb zyr\u00ebn e profesor\u00ebve dhe shkova drejt\u00eb tavolin\u00ebs, ku ishte i ulur profesori i historis\u00eb. Pasi i p\u00ebrsh\u00ebndeta t\u00eb gjith\u00eb, iu drejtova prof. <strong>Avni Krasniqi<\/strong> . <em>Prof&#8230; babai im ka shpreh d\u00ebshir\u00ebn t\u00eb bisedoj\u00eb me ju<\/em> ! Ai u ngrit nga tavolina, u skuq n\u00eb fytyr\u00eb.., dhe me mua doli n\u00eb korridor, ku ishte duke na pritur babai .<\/p>\n<p>Pasi babai u p\u00ebrsh\u00ebndet me te, e pyeti ?! A, ju jeni.., Avni .., Krasniqi ..,( dhe i dridhej z\u00ebri ) ? ! Ai u p\u00ebrgjegj\u00eb me gjysm\u00eb z\u00ebri Po axh\u00eb ! <em>Hyjm\u00eb ( dhe nuk mund t&#8217;i shqiptonte fjal\u00ebt nga frika) n\u00eb zyr\u00ebn time <\/em>&#8211; pasi ai ishte edhe p\u00ebrgjegj\u00ebs i paraleleve t\u00eb gjimnazit n\u00eb Hogosht\u00eb. Jo nuk dua.., i tha babai. Babai ngriti duart lart para syve t\u00eb profesorit ( duart e tij t\u00eb qara nga puna e r\u00ebnd\u00eb e muratorit), dhe tha.<em> Me k\u00ebto duar t\u00eb p\u00ebrgjakura mbaj e ushqej 21- an\u00ebtar\u00eb familje<\/em> (babai tani fliste me nj\u00eb z\u00eb t\u00eb lart\u00eb). <em>Un\u00eb menxi kam\u00eb arritur t&#8217;ia siguroj k\u00ebt\u00eb xhemper ? !&#8230;, e ti k\u00ebrkon t&#8217;ia desh\u00ebsh&#8230;, kurr\u00eb kjo nuk do t\u00eb ndodh\u00eb<\/em>&#8230; Pas kryerjes s\u00eb gjimnazit, u regjistrova n\u00eb Universitetin e Prishtin\u00ebs, Fakulteti i Shkencave Matematiko Natyrore &#8211; dega e Biologjis\u00eb, rr\u00ebfen, z. D\u00ebrmaku.<\/p>\n<p><strong>A.Dibrani: Ju q\u00eb n\u00eb bankat e shkoll\u00ebs s\u00eb mesme, e sidomos gjat\u00eb studimeve mor\u00ebt pjes\u00eb n\u00eb demonstratat e 11- 26 marsit dhe 1 e 2 prillit, t\u00eb vitit 1981, edhepse ishit n\u00eb sh\u00ebnjest\u00ebr t\u00eb UBD-\u00ebs serbe, por kurr\u00eb nuk e nd\u00ebrpret aktivitetin komb\u00ebtar\u00eb ?<\/strong><\/p>\n<p><strong>R.D\u00ebrmaku<\/strong> : Po gjat\u00eb 11 e 26 marsit dhe 1 e 2 &#8211; prillit t\u00eb vitit 1981, u mbajt\u00ebn demonstratat e student\u00ebve, dhe un\u00eb isha pjes\u00ebmarr\u00ebs n\u00eb to. Gjat\u00eb atyre viteve ekzistonin ndryshime t\u00eb m\u00ebdha n\u00eb mes t\u00eb kushteve ; (materiale, banesore, financiare, ushqimore, programet shkollore, studentore ishin te mbushura me sllaviz\u00ebm, n\u00eb shum\u00eb fakultete na ligj\u00ebronin prof. serb), etj, t\u00eb student\u00ebve shqiptar\u00eb dhe t\u00eb serb\u00ebve, ne nuk mund t\u00eb q\u00ebndronim duarkryq. N\u00eb fillim t\u00eb marsit t\u00eb vitit 1981 ne student\u00ebt u hodh\u00ebm n\u00eb greva dhe shtruam ca k\u00ebrkesa , q\u00eb n\u00eb fillim ato kishin t\u00eb b\u00ebnin me p\u00ebrmir\u00ebsimin e kushteve t\u00eb jetes\u00ebs.<\/p>\n<p>Por k\u00ebrkesat e student\u00ebve nga ana e pushtetmbajt\u00ebsve kaluan n\u00eb vesh\u00eb t\u00eb shurdh\u00ebr. Me kalimin e koh\u00ebs k\u00ebrkesat tona jo q\u00eb nuk do t\u00eb pranohen, por ato u shpallen armiq\u00ebsore e kund\u00ebr revolucionare, n\u00eb an\u00ebn tjet\u00ebr revolta tek student\u00ebt sa vinte e shtohej p\u00ebr shkak t\u00eb mos shqyrtimit t\u00eb k\u00ebrkesave tona nga pushteti kriminel serb, prandaj me 1 &#8211; 2 prill, t\u00eb vitit 1981, shp\u00ebrthyen demonstrata te fuqishme ( ku student\u00ebve do tu bashkohet i t\u00ebr\u00eb populli i Kosov\u00ebs) e k\u00ebrkesat e student\u00ebve tani marrin forma tjera, nd\u00ebr t\u00eb cilat lindi edhe k\u00ebrkesa p\u00ebr Republik\u00ebn e Kosov\u00ebs. Si pjes\u00ebmarr\u00ebs i atyre ngjarjeve, u shpalla si &#8221; i pap\u00ebrshtatsh\u00ebm ideo-politikisht&#8221;, dhe ma ndaluan hyrjen n\u00eb provime.<\/p>\n<p><strong>A.Dibrani: Po pastaj, \u00e7&#8217;ndodhi me ju ?<\/strong><\/p>\n<p><strong>R. D\u00ebrmaku<\/strong>: N\u00eb vitin 1982, u regjistrova si student i rregullt pran\u00eb Shkoll\u00ebs s\u00eb Lart\u00eb Pedagogjike, SHLP. &#8220;BAJRAM CURRI&#8221; , n\u00eb Gjakov\u00eb. Un\u00eb me disa shok\u00eb e shoqe: Nurije Cacaj, Bajram Shehu, , Nezir Fejza, Milaim Elezi, Zenel Krasniqi etj, ishim duke i b\u00ebr\u00eb p\u00ebrgatitjet e fundit p\u00ebr kremtimin e 1- vjetorit t\u00eb ngjarjeve t\u00eb 11-26 marsit dhe 1 e 2- prillit t\u00eb vitit 1981, mir\u00ebpo sigurimi serb\u00eb na kishte ra n\u00eb gjurm\u00eb dhe me 10 mars t\u00eb vitit 1982, aty nga ora 12\u00b0\u00b0, m\u00eb arrestuan organet e sigurimit serb n\u00eb banes\u00ebn time rruga, Mazllum Shasivari nr. 11, n\u00eb Gjakov\u00eb.<\/p>\n<p><strong>A.Dibrani: Sa u d\u00ebnuat, nga gjykata e instaluara serbe ?<\/strong><\/p>\n<p><strong>R. D\u00ebrmaku<\/strong>: Po, pas nj\u00eb kontrollimi rutinor qe i b\u00ebn\u00eb organet e sigurimit banes\u00ebs sime, n\u00eb fletoren e Anatomis\u00eb, do t\u00eb gjejn\u00eb vjershat kushtuar ngjarjeve t\u00eb 11 e 26 marsit dhe 1 e 2 prillit t\u00eb vitit 1981 , t\u00eb huazuara nga gazeta &#8220;Liria&#8221;, e cila ishte botuar diku&#8230;, n\u00eb per\u00ebndim po citoj.<\/p>\n<p><em>Me gjak Kosov\u00eb, trupi tu ngjye,<br \/>\nn\u00eb tok\u00ebn t\u00ebnde, qelin yje,<br \/>\ns&#8217;guxon ne me na prek\u00eb kush,<br \/>\ntok\u00eb e qiell, qesin prush.<br \/>\nKosov\u00eb oj Kosov\u00eb, pse po r\u00ebnkon ?<\/em><\/p>\n<p>kilometra t\u00eb t\u00ebra tu d\u00ebgjuan k\u00ebto gj\u00ebm\u00eb, deri von\u00eb do t\u00eb jemi, pa shpi, e pa zot, t\u00eb vuajtur e t\u00eb rob\u00ebruar, akoma edhe sot.<\/p>\n<p><em>N\u00eb malet e Kosov\u00ebs,<br \/>\nbor\u00eb bie pa u ndal,<br \/>\naskush nuk mendon,<br \/>\nse ka njer\u00ebz t\u00eb gjall\u00eb.<br \/>\nNj\u00eb armat\u00eb e t\u00ebr\u00eb luftoi,<br \/>\nna e dim\u00eb, kurr\u00eb s&#8217;diti me u ndal\u00eb,<\/em><\/p>\n<p>prej askujt su frik\u00ebsua, gjithkujt ja ndali hovin, edhe armikut gjakatar\u00eb&#8230;., Luftuan si u ka hije trimat (rinia, student\u00ebt ) shqiptar\u00eb.<\/p>\n<p>K\u00ebt\u00eb revist\u00eb ma kishte sjellur nga Zvicrra, Rahim Rrudhani.<\/p>\n<p>Me nj\u00eb procedur\u00eb t\u00eb shpejt\u00eb do t\u00eb d\u00ebnohemi nga gjykata e Pej\u00ebs , me sa vijon: me nga 2- vite burg Nurije Cacaj, Bajram Shehu, Ramiz D\u00ebrmaku , me 2 &#8211; muaj\u00eb, Milaim ELezi, Agim Elezi, etj.<\/p>\n<p><strong>A.Dibrani: \u00c7ka ndodhi me ju pas daljes nga burgu, studimet a i mbaruat stdimet, dhe a jeni penduar p\u00ebr k\u00ebto veprime, ku u gjet\u00ebm nj\u00eb num\u00ebr i madh student\u00ebsh, profesor\u00eb e intelektuale t\u00eb asaj kohe ?<\/strong><\/p>\n<p><strong>R. D\u00ebrmaku<\/strong>: Jo nuk u pendova at\u00ebher\u00eb as pas andej, por as sot nuk jam penduar, sepse ishte nj\u00eb krenari e koh\u00ebs q\u00eb t\u00eb jesh i nd\u00ebshkuar nga armiku p\u00ebr \u00e7\u00ebshtjen komb\u00ebtare. Posa u regjistrova si student i rregullt grupi Biologji-Kimi, pran\u00eb Shkoll\u00ebs s\u00eb Lart\u00eb Pedagogjike &#8221; Bjram Curri&#8221; , n\u00eb Gjakov\u00eb, edhe aty pas vuajtjes s\u00eb d\u00ebnimit me burg , mu ndalua hyrja n\u00eb provime. Ato q\u00eb kemi p\u00ebrjetuar n\u00eb ato vite, nuk ka asgj\u00eb t\u00eb p\u00ebrbashk\u00ebt me jet\u00ebn. P\u00ebr k\u00ebt\u00eb shkak, zaten, erdhi koha kur edhe vdekja dukej si zgjidhje krahas dhun\u00ebs e okupimit t\u00eb eg\u00ebr t\u00eb Serbis\u00eb! Por mbet\u00ebm gjall\u00eb, por pasojat na kan\u00eb mbetur t\u00eb gjith\u00ebve. Mashtrohemi n\u00ebse mendojm\u00eb ndryshe. E v\u00ebrejm\u00eb k\u00ebt\u00eb ne nj\u00eb m\u00ebnyr\u00eb apo tjetr\u00ebn p\u00ebrdit\u00eb. Na jan\u00eb vjedhur shum\u00eb vite jet\u00eb, secilit prej nesh, pra edhe popullit. Pasuria dhe parat\u00eb mund t\u00eb kompensohen disi, por jo vitet e jet\u00ebs.<\/p>\n<p><strong>A.Dibrani: N\u00eb mosh\u00ebn 25 vje\u00e7are, jeni burgosur, sa ju kujtohet ajo koh\u00eb, dhe si e p\u00ebrjetuat ?<\/strong><\/p>\n<p><strong>R. D\u00ebrmaku<\/strong>: Po n\u00eb ato vite, jeta jon\u00eb ka qen\u00eb n\u00eb duart e atyre q\u00eb na kan\u00eb fyer, q\u00eb na kan\u00eb posht\u00ebruar, q\u00eb na kan\u00eb burgosur e na kan\u00eb vrar\u00eb. E kemi kuptuar q\u00eb gjith\u00e7ka duhet dh\u00ebn\u00eb p\u00ebr lirin\u00eb, sepse pa te nuk je Njeri, nuk je asgj\u00eb. M\u00ebsim i r\u00ebnd\u00eb ka qen\u00eb. Ka kushtuar tep\u00ebr shtrenjt\u00eb. Pas daljes nga burgu dhe p\u00ebrjashtimit nga SHLP-ke &#8220;Bajram Curri&#8221;, ndodhesha ne nj\u00eb gjendje t\u00eb v\u00ebshtir\u00eb psikike, shpirt\u00ebrore dhe materiale , u detyrova t\u00eb b\u00ebj\u00eb edhe pun\u00eb t\u00eb ndryshme. Pa marr\u00eb parasysh se ndaj meje shtohej presioni, dhuna, bisedat informative , etj, veprimtarin\u00eb komb\u00ebtare, nuk do ta ndali p\u00ebr asnj\u00eb \u00e7ast.<\/p>\n<p>Pas sakrificave t\u00eb shumta q\u00eb p\u00ebrjetova gjat\u00eb rrug\u00ebs.., arrita n\u00eb Zvic\u00ebr, tek shoku i klas\u00ebs Gani Xhemail D\u00ebrmaku, i cili m\u00eb siguroi nj\u00eb viz\u00eb tremujore pune, pra nga shtatori i vitit 1987- deri n\u00eb dhjetorin e vitit 1991, un\u00eb q\u00ebndrova ( kuptohet duke punuar) n\u00eb Luzern t\u00eb Zvicr\u00ebs. N\u00eb dhjetorin e vitit 1991, bashk\u00ebshortja ime ishte e s\u00ebmur\u00eb r\u00ebnd\u00eb dhe mjek\u00ebt i kishin propozuar sh\u00ebrim jasht\u00eb shtetit. Bashk\u00ebshortja ime nuk posedonte pasaport\u00eb . Kur ajo e k\u00ebrkonte pasaport\u00ebn, pun\u00ebtor\u00ebt e sigurimit i thonin : Pa ardh Ramizi.., tek ne, ju nuk mund ta merrni pasaport\u00ebn. P\u00ebr \u00e7do dit\u00eb gjendja sh\u00ebndet\u00ebsore e bashk\u00ebshortes keq\u00ebsohej dhe dhembja ndaj saj tek un\u00eb shtohej.<\/p>\n<p>Nj\u00eb dit\u00eb vendosa t\u00eb shkoj n\u00eb Kosov\u00eb. Nga Luzerni, mora pla\u00e7kat dhe u nisa me nj\u00eb veture . Pas nj\u00eb udh\u00ebtimi t\u00eb gjat\u00eb e t\u00eb v\u00ebshtir\u00eb (sepse n\u00eb Kroaci, zhvilloheshin luftime arrita n\u00eb sht\u00ebpi. Akoma pa u \u00e7mallur me familjen time t\u00eb ngusht\u00eb, n\u00eb or\u00ebt e hershme t\u00eb m\u00ebngjesit policia serbe e shoq\u00ebruar nga dy inspektor\u00eb sigurimi ; Moma e Naseri, e rrethojn\u00eb sht\u00ebpin\u00eb time dhe pas demolimit t\u00eb teshave, valixheve, etj, me vete marrin vetur\u00ebn time dhe ca libra e gazeta dhe dokumente t\u00eb cilat nuk i kthyen kurr\u00eb.<\/p>\n<p><strong>A.Dibrani: z. D\u00ebrmaku, na tregoni si u p\u00ebrballet t\u00ebr\u00eb at\u00eb forc\u00eb, energji, guxim e atdhedashuri p\u00ebr t\u00eb punuar p\u00ebr \u00e7\u00ebshtjen komb\u00ebtare ?<\/strong><\/p>\n<p><strong>R. D\u00ebrmaku<\/strong>: Q\u00eb nga rinia e hershme un\u00eb kam\u00eb filluar ta urrej regjimin n\u00eb fjal\u00eb, duke e par\u00eb se si ai pushtet b\u00ebnte presion, ushtronte dhun\u00eb, rrahte, burgoste dhe shpesh i vriste atdhetar\u00ebt shqiptar\u00eb. Un\u00eb ndoshta kam pasur &#8220;fatin&#8221;, q\u00eb nga fshati yn\u00eb n\u00eb \u00e7do koh\u00eb dual\u00ebn atdhetar\u00eb, trima e guximtar\u00eb, t\u00eb cil\u00ebt me t\u00eb gjitha forcat e tyre mendore, intelektuale e materiale u vun\u00eb n\u00eb sh\u00ebrbim t\u00eb \u00e7\u00ebshtjes komb\u00ebtare. Nuk m\u00eb kujtohet viti, kur nga kazamatet jugosllave lirohej atdhetari dhe patrioti, Hasan J. D\u00ebrmaku. At\u00eb mbr\u00ebmje vjeshte t\u00ebr\u00eb fshati kishin dal\u00eb p\u00ebr ta pritur, z. Hasan J D\u00ebrmaku, i cili ishte nj\u00ebri nd\u00ebr organizator\u00ebt kryesor t\u00eb demonstratave t\u00eb vitit 1968. Rreshti i njer\u00ebzve q\u00eb kishin dal\u00eb p\u00ebr ta pritur k\u00ebt\u00eb burr\u00eb (ne t\u00eb dy an\u00ebt e rrug\u00ebs) arrinte -1 &#8211; km.<\/p>\n<p>Por m\u00eb kujtohet kur t\u00eb nes\u00ebrmen n\u00eb or\u00ebt e hershme t\u00eb m\u00ebngjesit, forca t\u00eb m\u00ebdha policore e kishin rrethuar fshatin dhe familjen e atdhetarit Hasan, kishin demoluar orendit\u00eb sht\u00ebpiake, kishin ushtruar dhun\u00eb ndaj disa an\u00ebtar\u00ebve t\u00eb familjes s\u00eb tij. Fshatin ton\u00eb pushteti n\u00eb fjal\u00eb jo q\u00eb nuk e ndihmoi kurr\u00eb.., por vet\u00ebm sa e pengoi. Ai regjim fashist .., fshatin ton\u00eb e quante &#8220;\u00e7erdhe t\u00eb nacionalizmit dhe irredentizmit shqiptar\u00eb &#8220;. Prandaj, duke i par\u00eb k\u00ebto q\u00eb ne i sh\u00ebnuam dhe shum\u00eb tjera t\u00eb pa sh\u00ebnuara t\u00eb gjith\u00eb ne, jo q\u00eb e urrenim regjimin n\u00eb fjal\u00eb por kurr\u00eb nuk i sh\u00ebrbyem atij. Kat\u00ebr vite kreu detyr\u00ebn e arsimtarit, pran\u00eb Shkoll\u00ebs Fillore &#8220;Sadri MISINI&#8221;, n\u00eb Shipashnic\u00eb t\u00eb Ep\u00ebrme.<\/p>\n<p><strong>A.Dibrani: Si e gjete m\u00ebrgat\u00ebn shqiptare n\u00eb Gjermani, dhe cili \u00ebsht\u00eb opinioni i juaj ?<\/strong><\/p>\n<p><strong>R. D\u00ebrmaku<\/strong>: P\u00ebrpjekjet p\u00ebr organizimin e Komunitetit shqiptar n\u00eb diaspor\u00eb nuk kan\u00eb munguar asnj\u00ebher\u00eb, veprimtar\u00eb e atdhetar\u00eb t\u00eb Komunitetit shqiptar n\u00eb m\u00ebrgim dhe t\u00eb tjer\u00eb t\u00eb ardhur nga trojet etnike, ( \u00e7do her\u00eb) zhvilluan shum\u00eb biseda, debate, k\u00ebshillime, konsultime, kan\u00eb organizuar dhe mbajtur mij\u00ebra takime e tubime dhe kan\u00eb formuar shoqata, klube, organizata, parti, lidhje, forume, bashk\u00ebsi ..,etj. Brenda k\u00ebtij Komuniteti. Mir\u00ebpo, p\u00ebrkund\u00ebr d\u00ebshir\u00ebs s\u00eb madhe dhe q\u00ebllimeve t\u00eb larta komb\u00ebtare, p\u00ebrkund\u00ebr vullnetit t\u00eb tyre t\u00eb fort\u00eb, gatishm\u00ebris\u00eb dhe vendosm\u00ebris\u00eb s\u00eb tyre t\u00eb madhe p\u00ebr ta organizuar , e unisuar Komunitetin shqiptar n\u00eb diaspor\u00eb akoma edhe sot nuk kemi arritur ta gjejm\u00eb nj\u00eb zgjidhje adekuate.<\/p>\n<p><strong>A.Dibrani:Po p\u00ebrplasjet politike p\u00ebr ta gjetur nj\u00eb organizim, t\u00eb mir\u00ebfillt\u00eb n\u00eb m\u00ebrgat\u00ebn shqiptare n\u00eb baza komb\u00ebtare d\u00ebshtuan ?<\/strong><\/p>\n<p>Po si te themi k\u00ebtu partit\u00eb politike te dirigjuara nga Kosova jan\u00eb duke e penguar shum\u00eb diaspor\u00ebn shqiptare ta menaxhoj veten n\u00eb rrafshin komb\u00ebtar ku ne kemi synime p\u00ebr tu bashkuar ne nj\u00eb, ( ta quaj bashk\u00ebsi apo ne nj\u00eb lob shqiptar) asociacion i p\u00ebrbashk\u00ebt n\u00eb diaspor\u00eb.<\/p>\n<p><strong>A.Dibrani: Kur jemi akoma te raporti i diaspor\u00ebs shqiptare dhe Qeveris\u00eb aktuale , a mendoni se Diaspora shqiptare \u00ebsht\u00eb duke u anashkaluar nga Qeveria aktuale?<\/strong><\/p>\n<p><strong>R.D\u00ebrmaku<\/strong>:Po pajtoj\u00eb me mendimin tuaj, se diaspora shqiptare \u00ebsht\u00eb anashkaluar nga Qeveria dhe Institucionet e saj. Nga diaspora jon\u00eb jan\u00eb derdhur mjete t\u00eb m\u00ebdha materiale p\u00ebr ti rezistuar armikut barbar\u00eb Kemi shum\u00eb raste kur veten e kemi l\u00ebn\u00eb keq, familjet tona p\u00ebr ta kursyer nj\u00eb para, p\u00ebr ta ndihmuar Kosov\u00ebn, me t\u00eb gjitha forcat e mjetet, para lufte dhe pas saj.<\/p>\n<p><strong>A.Dibrani: A mendoni se Diaspora shqiptare, ishte promotor i zhvillimit t\u00eb ngjarjeve ne Kosove ?<\/strong><\/p>\n<p><strong>R.D\u00ebrmaku<\/strong>: Po me plot vet\u00ebdije e them se Diaspora shqiptare duke filluar nga SHBA-\u00ebs, Australis\u00eb, e Evrop\u00eb d\u00ebshmoi edhe nj\u00eb her\u00eb se kur \u00ebsht\u00eb n\u00eb pyetje \u00e7\u00ebshtja komb\u00ebtare-Atdheu, nuk u dhimbset as jeta. Po ti numrosh ndihmat, humanitare, materiale dhe njer\u00ebzore q\u00eb dha diaspora jon\u00eb lirisht\u00eb themi se diaspora jon\u00eb, ishte ajo q\u00eb i dha frym\u00ebmarrje jo vet\u00ebm popullit t\u00eb Kosov\u00ebs por edhe p\u00ebr kalitjen dhe pasurimin me arm\u00eb t\u00eb UCK-\u00ebs. Kjo b\u00ebri at\u00eb, q\u00eb sot n\u00eb liri, s&#8217;po mund ta b\u00ebjn\u00eb Qeveria dhe Institucionet tona. Diaspora ishte &#8220;zemra&#8221; e UCK-\u00ebs. marre para sysh aktivitetin e saj qe nga Amerika dhe shtetet tjera ne Evrop\u00eb ,plot\u00ebsisht mund t\u00eb quhet edhe Lokomotiv\u00eb dhe para prij\u00ebse e veprimeve p\u00ebr Kosov\u00ebn.<\/p>\n<p><strong>A.Dibrani: Sa keni qen\u00eb i pranish\u00ebm ne mediet gjermane, para e gjat\u00eb luft\u00ebs dhe sa jeni sot ?<\/strong><\/p>\n<p><strong>R: D\u00ebrmaku<\/strong>: Ne para lufte, gjat\u00eb saj por edhe sot jemi aktiv, sa i p\u00ebrket \u00e7\u00ebshtjes komb\u00ebtare dhe internacionalizimit t\u00eb sj n\u00eb aren\u00ebn nd\u00ebrkomb\u00ebtare. Kemi mbajtur takime me redaktor e kryeredaktor\u00eb, gazetar\u00eb, t\u00eb cil\u00ebve shpesh u epnim informacione p\u00ebr gjendjen e v\u00ebshtir\u00eb q\u00eb po kalonte populli shqiptar\u00eb n\u00eb Kosov\u00eb. Diskutimet tona e shpesh edhe intervistat q\u00eb u epnim ne, ata i botonin n\u00eb gazeta t\u00eb m\u00ebdha (me 800 mij\u00eb lexues) si\u00e7 ishte; &#8221; SCW\u00c4BISCHE ZEITUNG &#8221; , INFO, etj, t\u00eb cilat shum\u00eb shpesh i publikonin n\u00eb shtypin ditor gjerman, Radio e Televizion, (n\u00eb nivel lokal).<\/p>\n<p><strong>A.Dibrani: Sipas informatave q\u00eb ne kemi ju me disa shok\u00eb, formuat Bashkimin e Intelektual\u00ebve Shqiptar\u00eb n\u00eb M\u00ebrgim, ose BISHM-mi, n\u00eb momentin kur Kosova digjej flak\u00eb e tym, ishte gjendje shum\u00eb e trazuar \u00e7ka ju shtyri?<\/strong><\/p>\n<p><strong>Ramiz D\u00ebrmaku<\/strong>: Po ne nj\u00eb grup intelektual\u00ebsh; Ramiz Kukleci (i vdekur), Rexhep Elezaj, Agim \u00c7elaj (i vrar\u00eb n\u00eb Luft\u00ebn e Rahovecit), Asllan Dibrani, Ramiz D\u00ebrmaku, Azem Ajvazi, Ismet Rugova, Mal Myrtaj, Dr. Ilaz Ilazi, Ramadan Dibrani, Agron Ahmetaj, Sheradin Berisha, etj ,duke e par\u00eb gjendjen e v\u00ebshtir\u00eb ne t\u00eb cil\u00ebn kalonte Kosova, nga terrori dhe dhuna serbe, formuam dhe e regjistruam zyrtarisht tek pala gjermane Bashkimin e Intelektual\u00ebve Shqiptar n\u00eb M\u00ebrgim &#8211; BISHM-i, ne m\u00ebnyr\u00eb q\u00eb ta informojm\u00eb opinionin gjerman me gjendjen e v\u00ebshtir\u00eb n\u00eb t\u00eb cil\u00ebn po kalonte Kosova. (Un\u00eb fal\u00eb gazet\u00ebs komb\u00ebtare &#8220;Bota Sot&#8221;, e cila mua m\u00eb pranoi si gazetar\u00eb ), editorit e veprimtarit z. Xhevdet MAZREKAJ, arrit\u00ebm t\u00eb takohemi me; kryetar komunash, redaktor dhe kryeredaktor\u00eb t\u00eb medieve t\u00eb shkruara dhe atyre elektronike, deputet t\u00eb Parlamentit gjerman\u00eb, si dhe t\u00eb atij evropian.<\/p>\n<p>Gjat\u00eb takimeve tona ne pos\u00eb shpjegimit gojor, posedonim fotografi t\u00eb shumta t\u00eb marra nga KPDN-iut, ne t\u00eb cilat shihej qart\u00eb dhuna dhe terrori q\u00eb ushtronte regjimi kriminel i Beogradit ndaj popullit t\u00eb pafajsh\u00ebm shqiptar. Po njashtu ne posedonim edhe Memorandumin e Vaso Cubillovocit, t\u00eb p\u00ebrkthyer n\u00eb gjuh\u00ebn gjermane, dhe ua epnim deputet\u00ebve. Materialet tona ua shp\u00ebrndanim institucioneve kompetente si\u00e7 ishte Organizata p\u00ebr Mbrojtjen e Lirive dhe t\u00eb Drejtave t\u00eb Njeriut &#8211; &#8220;AMNESTY INTERNACIONAL&#8221;, shoqatave humanitare gjermane t\u00eb cilat merreshin me \u00e7\u00ebshtjen e Kosov\u00ebs. LAG-KOSOVA,ekspozonim fotografi nga dhuna dhe represion serb ne Kosove, dhe shum\u00eb t\u00eb tjera q\u00eb i ceka m\u00eb lart\u00eb .<\/p>\n<p><strong>A.Dibrani: \u00c7ka duhet b\u00ebr\u00eb sot, kur Kosova ka Institucionet e veta, ka Qeverin\u00eb, ka edhe Ministrin\u00eb e Diaspor\u00ebs. Sa \u00ebsht\u00eb aktive sot, Qeveria e Kosov\u00ebs e Ministria e diaspor\u00ebs, p\u00ebr nj\u00eb organizim n\u00eb baza komb\u00ebtare ?<\/strong><\/p>\n<p>R. D\u00ebrmaku: Pa i mohuar sukseset, rezultatet, aktivitetet, kontributin, dhe ndihm\u00ebn e madhe q\u00eb dha diaspora jon\u00eb, para lufte, gjat\u00eb lufte dhe sot, nuk ka vend p\u00ebr k\u00ebnaq\u00ebsi. Gjat\u00eb viteve t\u00eb kaluara diaspora jon\u00eb ishte &#8220;motor&#8221; i zhvillimeve qofshin ato humanitare, materiale, politike dhe atyre komb\u00ebtare. Mendoj se sot grupimet partiake n\u00eb diaspor\u00eb nuk duhet ekzistuar. Ato mjaft\u00eb e ndan dhe cop\u00ebtuan Komunitetin shqiptar n\u00eb diaspor\u00eb. Si rezultat i k\u00ebsaj \u00ebsht\u00eb dob\u00ebsimi pa mas\u00eb i potencialit t\u00eb madh njer\u00ebzor; intelektual, profesional, organizativ, ekonomiko financiar, politik e moral t\u00eb Komunitetit shqiptar n\u00eb diaspor\u00eb. K\u00ebto parti, l\u00ebvizje, grupe, shoqata, klube, etj etj, e kan\u00eb cop\u00ebtuar tej mase mund\u00ebsin\u00eb dhe fuqin\u00eb e Komunitetit.<\/p>\n<p>\u00cbsht\u00eb koha e fundit q\u00eb Ministria e Diaspor\u00ebs ta ket\u00eb (apo ti ket\u00eb) p\u00ebrfaq\u00ebsuesit e vet\u00eb n\u00eb Parlamentin e Kosov\u00ebs. Kombi shqiptar krahasuar me numrin e p\u00ebrgjithsh\u00ebm t\u00eb banor\u00ebve, ka numrin m\u00eb t\u00eb madh t\u00eb emigrant\u00ebve, dhe b\u00ebn\u00eb pjes\u00eb n grupin e popujve q\u00eb m\u00eb s\u00eb paku kemi punuar e investuar n\u00eb hulumtimin dhe p\u00ebrcjelljen shkencore t\u00eb emigracionit si problem i r\u00ebnd\u00ebsish\u00ebm komb\u00ebtar. Popujt q\u00eb pat\u00ebn plan programe, norma, migrime e eksod vepruan ndryshe; ( portugez\u00ebt, grek\u00ebt, italian\u00ebt, palestinez\u00ebt ) etj, dhe nga ata duhet m\u00ebsuar organet kompetente t\u00eb shtetit t\u00eb Kosov\u00ebs, pra se si duhet punuar n\u00eb aspektin ekonomik dhe politik. Sot k\u00ebrkohet nga organet shtet\u00ebrore e Ministria e m\u00ebrgat\u00ebs t\u00eb punohet n\u00eb luftimin e dukurive negative dhe internacionalizimin e atyre fakteve pozitive t\u00eb emigracionit. P\u00ebr ta realizuar sa m\u00eb mir\u00eb k\u00ebt\u00eb gjendje duhet formuar parimet e nj\u00eb politike migruese unike gjith\u00eb shqiptare. K\u00ebto parime q\u00eb ne fillim duhet mb\u00ebshtetur n\u00eb baza reale shkencore dhe politike.<\/p>\n<p><strong>A.Dibrani: Z. D\u00ebrmaku, ju ishit sekretar i Bashk\u00ebsis\u00eb Shqiptare (BSH-re) , n\u00eb Republik\u00ebn e Badenw\u00fcrttembergut, na tregoni p\u00ebr sukseset e BSH-re, dhe \u00e7ka ju shtyri ta formoni at\u00eb.., kur dihet se sa parti, shoqata, klube, l\u00ebvizje, ekzistojn\u00eb n\u00eb diaspor\u00eb ?<\/strong><\/p>\n<p>R.D\u00ebrmaku: M\u00ebrgata shqiptare ka qen\u00eb dhe vazhdon t\u00eb mbetet si t\u00eb thuash nj\u00eb &#8220;promotor&#8221; dhe gjenerator i fuqish\u00ebm dhe tep\u00ebr koherent i L\u00ebvizjes son\u00eb komb\u00ebtare p\u00ebr liri dhe pavar\u00ebsi, shton z. D\u00ebrmaku. P\u00ebr mendimin tim duke shpresuar edhe t\u00eb gjith\u00eb an\u00ebtar\u00ebve t\u00eb BSH-re,por edhe t\u00eb shum\u00eb m\u00ebrgimtar\u00ebve tjer\u00eb. Bashk\u00ebsia shqiptare do t\u00eb ishte baza m\u00eb e sh\u00ebndetshme logjistike dhe konspirative e organizimit dhe funksionimit t\u00eb shqiptar\u00ebve si nj\u00eb komunitet i fuqish\u00ebm dhe i organizuar.<\/p>\n<p style=\"text-align: center;\"><em><strong><img loading=\"lazy\" decoding=\"async\" class=\"alignnone size-full wp-image-5624\" title=\"kryesia_bsh_varrezat_gervalla\" src=\"http:\/\/fjala.shkoder.net\/wp-content\/uploads\/2011\/01\/kryesia_bsh_varrezat_gervalla.jpg\" alt=\"\" width=\"500\" height=\"342\" \/><\/strong><\/em><\/p>\n<p style=\"text-align: center;\"><em><strong>Kryesia e Bashk\u00ebsis\u00eb Shqiptare, (BW) viziton varrezat e martir\u00ebve t\u00eb kombit; Jusuf e Barshosh GERVALLA , e Kadri ZEKA, dhe vendosin lule t\u00eb fresk\u00ebta mbi varret e tyre. Ramadan dhe Asllan DIBRANI dhe gazetari Ramiz DERMAKU.<\/strong><\/em><\/p>\n<p>Mbi baza dhe me nj\u00eb platform\u00eb t\u00eb p\u00ebrgjithshme kobiste&#8230;&#8230;.Si\u00e7 veprojn\u00eb k\u00ebtu edhe komunitetet tjera t\u00eb huaja, si nj\u00eb dhe t\u00eb pandashme, organizimit dhe mobilizimit t\u00eb p\u00ebrgjithsh\u00ebm t\u00eb gjith\u00eb shqiptar\u00ebve ku do ti vihen themelet me 15 qershor t\u00eb vitit 1997 , n\u00eb Kuvendin e mbajtur n\u00eb Mainheim.<\/p>\n<p><strong>A.Dibrani: Zoti Ramiz cilat jan\u00eb sukseset dhe rezultatet e Bashk\u00ebsis\u00eb Shqiptare gjat\u00eb atyre periudhave?<\/strong><\/p>\n<p><strong>R: D\u00ebrmaku<\/strong>:P\u00ebr mos ti cekur t\u00eb gjitha, fal\u00eb pun\u00ebs dhe angazhimit ton\u00eb n\u00eb shum\u00eb fusha dhe segmente t\u00eb domosdoshme p\u00ebr koh\u00ebn dhe rrethanat e at\u00ebhershme&#8230;! Kryetari i BSH-re p\u00ebr Gjermani , z. Ali Latifi, do t jet\u00eb i ftuar mysafir special n\u00eb Gjykat\u00ebn e Nd\u00ebrkomb\u00ebtare te Hag\u00ebs, i cili p\u00ebrmes fotografive t\u00eb shumta materialeve filmike, d\u00ebshmive me shkrim nga terreni dhe t\u00eb tjera t\u00eb siguruara nga aktivist\u00ebt e BSH-re, n\u00eb m\u00ebnyr\u00eb sublime dhe tep\u00ebr dinjitoze do t\u00eb d\u00ebshmojn\u00eb p\u00ebr krimet serbe n\u00eb Kosov\u00eb. Po njashtu gjat\u00eb asaj kohe do t\u00eb animohet dhe sensibilizohet Parlamenti Gjerman.<\/p>\n<p>N\u00eb an\u00ebn tjet\u00ebr, komisioni p\u00ebr grumbullimin e ndihmave humanitare p\u00ebr Kosov\u00ebn n\u00eb p\u00ebrb\u00ebrje ; Tefik Ramadani, Syl\u00eb Hasani, Zenel Krasniqi, Ramiz D\u00ebrmaku, Ramadan e Asllan Dibrani, etj&#8230;, p\u00ebr popullat\u00ebn e dep\u00ebrtuar shqiptare n\u00eb Kosov\u00eb e Shqip\u00ebri, d\u00ebrguam kontingjente t\u00eb shumta ndihmash t\u00eb domosdoshme ushqimore, sanitare, teknike, higjienike, bar\u00ebra, veshmbathje, etj&#8230; Ndihm\u00eb t\u00eb madhe i dham\u00eb UCK-\u00ebs. Th\u00ebn\u00eb shkurt: BSH-re n\u00eb Gjermani edhe pse kishte pengesa e nd\u00ebrskamca t\u00eb shumta nga partit\u00eb dhe subjektet e ndryshme shqiptare b\u00ebri at\u00eb q\u00eb mundi p\u00ebr Kosov\u00ebn dhe shqiptariz\u00ebm !..Meritat m\u00eb t\u00eb m\u00ebdha padyshim i takojn\u00eb z. Martin \u00c7uni, sekretar i BSH-re,p\u00ebr Gjermani, i cili gjat\u00eb luft\u00ebs iu bashkua radh\u00ebve t\u00eb UCK-\u00ebs. Duhet cekur edhe z. Faridin Tafallari, Kryetar i BSH-re , n\u00eb Republik\u00ebn Badenw\u00fcrttembergut, z . Prof. Azem Ajvazin , Zenel Krasniqin ju zoti Dibrani etj.<\/p>\n<p><strong>A.Dibrani: Si e shpjegoni ju, kur nj\u00eb pjes\u00eb e madhe e Intelektual\u00ebve kan\u00eb mbetur ( s&#8217;jan\u00eb ky\u00e7ur askund) jasht\u00eb k\u00ebtyre grupimeve; partiake, klubeve dhe shoqatave ?<\/strong><\/p>\n<p><strong>R. D\u00ebrmaku<\/strong>: Po, p\u00ebr fat t\u00eb keq, kjo \u00ebsht\u00eb e v\u00ebrtet\u00eb. Pjesa m\u00eb vitale e m\u00eb produktive e tyre, shum\u00eb atdhetar\u00eb, e shum\u00eb veprimtar\u00eb me q\u00ebllim.., apo pa q\u00ebllim .., kan\u00eb mbetur jasht\u00eb rrjedhave. Shum\u00eb intelektual\u00eb jan\u00eb larguar nga aktivitetet komb\u00ebtare, sepse n\u00eb vende t\u00eb ; aktiv\u00ebve t\u00eb LDK-\u00ebs, klube, shoqata, parti, l\u00ebvizje, klube, shoqata, jan\u00eb zgjedhur njer\u00ebz t\u00eb cil\u00ebt nuk e din\u00eb shkrim leximin, (pa i mohuar edhe sukseset e tyre). Po citoj nj\u00eb rast kur kryetari i aktivit t\u00eb LDK-\u00ebs, n\u00eb diaspor\u00eb, u thoshte m\u00ebrgimtar\u00ebve tan\u00eb: Pa m\u00eb pyetur mua, ju mos folni asgj\u00eb p\u00ebr \u00e7\u00ebshtjen e Kosov\u00ebs !? Apo pa th\u00ebn\u00eb un\u00eb nuk mund ta hapni shkoll\u00ebn plot\u00ebsuese shqipe, etj etj. Ai shkonte aq larg sa b\u00ebnte orvatje t&#8217;i pengoj\u00eb t\u00eb tjer\u00ebt n\u00eb aktivitete komb\u00ebtare.<\/p>\n<p><strong>A.Dibrani: Ju jeni marr\u00eb edhe me grumbullimin e ndihmave humanitare. Na tregoni shkurtimisht p\u00ebr k\u00ebt\u00eb aksion dhe \u00e7ka ju nxiti ?<\/strong><\/p>\n<p><em><strong><img loading=\"lazy\" decoding=\"async\" class=\"alignleft size-medium wp-image-5625\" title=\"ramiz_dermaku_me_femijet_ndihma\" src=\"http:\/\/fjala.shkoder.net\/wp-content\/uploads\/2011\/01\/ramiz_dermaku_me_femijet_ndihma-300x202.jpg\" alt=\"\" width=\"300\" height=\"202\" \/><\/strong><\/em><\/p>\n<p><em><strong>Gazetari, Ramiz D\u00ebrmaku, me dy djemt\u00eb e tij ; Elbasanin e Valonin, pranojn\u00eb, ndajn\u00eb dhe mbushin paketat me ndihma humanitare, p\u00ebr Kosov\u00eb.<\/strong><\/em><\/p>\n<p><strong>Ramiz D\u00ebrmaku<\/strong>: Po, sa i p\u00ebrket grumbullimit t\u00eb ndihmave humanitare, ne na ka shtyr\u00eb gjendja e r\u00ebnd\u00eb ne t\u00eb cil\u00ebn kalonte populli i Kosov\u00ebs, sepse armiku serb shqiptar\u00ebt i nxori me dhun\u00eb nga puna, ua mbylli, fabrikat, uzinat, ua mbylli shkollat.., b\u00ebri po \u00e7ka nuk b\u00ebri. Ai ishte regjimi m\u00eb barbar\u00eb q\u00eb njeh historia jon\u00eb. Un\u00eb dhe sekretari i BISHM-it, z. Rexhep Elezaj, pas konsultimeve te b\u00ebra vendos\u00ebm ta nd\u00ebrmarrim edhe nj\u00eb aksion humanitar\u00eb. N\u00eb fillim u konsultuam me media e shkruara dhe ato elektronike t\u00eb Kryqit t\u00eb Kuq (n\u00eb Ravensburg) , i cili na e siguroi lokalin p\u00ebr grumbullimin e ndihmave. Gjat\u00eb 3-jav\u00ebve sa ka zgjatur ky aksion , un\u00eb dhe Rexhep Elezaj, kemi kujdestaruar (dmth) kemi q\u00ebndruar n\u00eb vendin e grumbullimit t\u00eb ndihmave. Pas 3-jave i kemi seleksionuar t\u00eb gjitha, dhe i kemi futur n\u00ebp\u00ebr paketa.<\/p>\n<p>N\u00eb mesin e ndihmave kishte: Veshmbathje p\u00ebr f\u00ebmij\u00eb e t\u00eb rritur, k\u00ebpuc\u00eb t\u00eb t\u00eb gjitha moshave, t\u00eb ver\u00ebs, dimrit, patika, shtret\u00ebr spitali, bi\u00e7ikleta, lodra p\u00ebr f\u00ebmij\u00eb, detergjente, bar\u00ebra, lloje t\u00eb ndryshme t\u00eb shamponave, mbulesa t\u00eb tavolinave, \u00e7anta shkolle, mjete konkretizimi p\u00ebr shkolla, vaj, etj. N\u00eb qytetin Ysni aksionin e kishte kryer Agron Ahmetaj, me Fitim Kuklecin, ndersa n\u00eb qytez\u00ebn Bad SCHYSENRIED, aksionin e kishte kryer Sinan Hyseni. Nga ky aksion humanitar ne arrit\u00ebm t\u00eb grumbullojm\u00eb mbi 7- mij\u00eb kg,. Shpenzimet e transportit ne i kryem vet\u00eb, Ramizi dhe Rexhepi nd\u00ebrsa ne Reutlingen t\u00eb Gjermanis\u00eb nj\u00eb aksion te till\u00eb e kryet ju v\u00ebllez\u00ebrit Dibrani me \u00e7ka ju mbes mir\u00ebnjoh\u00ebs edhe sot p\u00ebr at\u00ebher\u00eb .<\/p>\n<p><strong>A.Dibrani: \u00c7ka do t&#8217;i ofroni lexuesve n\u00eb Diaspor\u00eb, dhe me cilat gazeta keni bashk\u00ebpunuar deri me tani?<\/strong><\/p>\n<p><strong>R.D\u00ebrmaku<\/strong>: Gjat\u00eb k\u00ebtyre viteve sa un\u00eb gjinde n\u00eb m\u00ebrgim, lexuesve u kam\u00eb ofruar shkrime ne shum\u00eb gazeta q\u00eb botoheshin n\u00eb diaspor\u00eb ( &#8220;Koha&#8221;, &#8220;M\u00ebrgimtari&#8221;, &#8220;Republika&#8221;, &#8220;Jehona&#8221;, &#8221; Bota Sot&#8221;, &#8221; Z\u00ebri i Kosov\u00ebs&#8221;, &#8220;Java Shqip\u00ebtare&#8221;, &#8220;Euro Z\u00ebri&#8221;, &#8220;Spektri&#8221;,&#8221;Koha Ditore&#8221;, &#8220;Z\u00ebri&#8221;, &#8220;Bujku&#8221;,etj) n\u00eb Shqip\u00ebri; &#8221; Rilindja Demokratike &#8220;,&#8221; Dardania &#8221; . Koh\u00ebve t\u00eb fundit\u00eb, jam\u00eb bashk\u00ebpun\u00ebtor i faqes informative, &#8220;Zemra Shqiptare&#8221;, dhe disa shkrime n\u00eb &#8220;Albania Press&#8221;, dhe &#8221; Pashtriku&#8221;, &#8220;. Pjes\u00ebn m\u00eb t\u00eb madhe t\u00eb shkrimeve e kam\u00eb n\u00eb gazet\u00ebn Komb\u00ebtare &#8221; BOTA SOT&#8221;, q\u00eb kryesisht kishim nj\u00eb pasqyr\u00eb t\u00eb aktiviteteve t\u00eb m\u00ebrgimtar\u00ebve tan\u00eb n\u00eb Gjermani, Zvic\u00ebr, Kosov\u00eb etj.<\/p>\n<p><strong>A.Dibrani: Po ju jeni i njohur si gazetare dhe publicist ma tep\u00ebr, \u00e7ka m\u00eb tutje, t\u00eb vazhdoni k\u00ebshtu apo t\u00eb futeni ne nj\u00eb krijimtari te mir\u00ebfillt\u00eb me ndonj\u00eb vep\u00ebr ?<\/strong><\/p>\n<p><strong>R. D\u00ebrmaku<\/strong>: Po tani jam duke i p\u00ebrgatitur ( radhitur)t\u00eb gjitha shkrimet p\u00ebr botimin e dy librave. N\u00eb k\u00ebto libra i kam\u00eb p\u00ebrmbledhur aktivitetet e subjekteve tona n\u00eb m\u00ebrgat\u00eb , duke mos i l\u00ebn\u00eb anash edhe aktivitete kulturore, urat e miq\u00ebsis\u00eb me gjerman\u00ebt, aksionet humanitare, arsimore- shkollat plot\u00ebsuese shqipe n\u00eb diaspor\u00eb, asimilimin, prezantimin e femr\u00ebs shqiptare . Ka tema q\u00eb kryek\u00ebput jan\u00eb kushtuar m\u00ebrgat\u00ebs, protestave dhe demonstratave t\u00eb mbajtura n\u00eb diaspor\u00eb, ato kushtuar luft\u00ebs s\u00eb lavdishme t\u00eb Ushtris\u00eb \u00c7lirimtare t\u00eb Kosov\u00ebs- UCK-\u00ebs, etj.<\/p>\n<p><strong>A.Dibrani:P\u00ebr fund z, D\u00ebrmaku, a keni ndonj\u00eb porosi p\u00ebr lexuesit faqes s\u00eb internetit &#8220;Zemre Shqiptare&#8221;nj\u00ebra nder faqet ma prestigjioze n\u00eb gjith\u00eb bot\u00ebn shqiptare ku ne te gjene te gjitha artin,kulturen ,historine ,politiken shkencen dhe shume fusha tjera ?<\/strong><\/p>\n<p><strong>R. D\u00ebrmaku<\/strong>: Porosia ime \u00ebsht\u00eb ta b\u00ebjm\u00eb bashkimin dhe artikulimin e t\u00eb gjith\u00eb kapitalit ton\u00eb ; njer\u00ebzor, material, shpirt\u00ebrore, intelektual, etj, p\u00ebr t\u00eb shenjtin Atdhe ? Ti ulim flamujt e ndrysh\u00ebm partiak, ideologjik, klanor, krahinor,dhe t\u00eb tjer\u00eb&#8230;.N\u00eb bashk\u00ebpunim me miqt\u00eb dhe aleat\u00ebt tan\u00eb nd\u00ebrkomb\u00ebtar, k\u00ebsaj radhe m\u00eb tep\u00ebr se kurr\u00eb ti bashkojm\u00eb mendjet, kapitalin, shpirtin dhe frym\u00ebn ton\u00eb \u00e7lirimtare dhe patriotike !&#8230; N\u00eb Rrug\u00ebn e Dit\u00ebs s\u00eb Nes\u00ebrme&#8230;. i p\u00ebrsh\u00ebndes lexuesit e Zemr\u00ebs Shqiptare p\u00ebrzem\u00ebrsisht. Krejt n\u00eb fund e fal\u00ebnderoj familjen time, p\u00ebr p\u00ebrkrahjen dhe ndihm\u00ebn q\u00eb ma dhan\u00eb. Ju fal\u00ebnderoj edhe juve zoti Asllan p\u00ebr intervist\u00ebn dhe koh\u00ebn qe e ndat\u00eb p\u00ebr neve .<\/p>\n<p><strong>Meqe jemi af\u00ebr vitit te ri shfryt\u00ebzoj rasti tu uroj fest\u00ebn e vitit t\u00eb Ri 2011. ZOTI E BEKOFTE KOSOVEN dhe popullin shqiptar ne t\u00ebrsi.<\/strong><\/p>\n<p>Me k\u00ebto fjal\u00eb u ndam\u00eb me zotin Ramiz Dermaku q\u00eb la p\u00ebrshtypjen e nj\u00eb takimi shum\u00eb t\u00eb ngjeshur ,duke e p\u00ebrfshir\u00eb nj\u00eb ser\u00eb aktiviteti t\u00eb ndryshme t\u00eb k\u00ebtij bashkatdhetari t\u00eb devotsh\u00ebm dhe t\u00eb pa lodhur duke u p\u00ebrballuar me nj\u00eb varg kontributesh n\u00eb te shprehurit e fjal\u00ebs s\u00eb shkruar si gazetar dhe publicist i dalluar ,edhe neve po na mbetet q\u00eb zotit Ramiz D\u00ebrmakut t&#8217;i urojm\u00eb suksese dhe realizim t\u00eb synimeve t\u00eb veta &#8230;<\/p>\n<p>Fare n\u00eb fund po i publikojm\u00eb edhe disa foto me motive te aktiviteteve te zotit Ramiz D\u00ebrmakut nd\u00ebrkoh\u00eb.<\/p>\n<p style=\"text-align: center;\"><strong><em><img loading=\"lazy\" decoding=\"async\" class=\"alignnone size-full wp-image-5626\" title=\"ramiz_dermaku_promovim_tahir_zemaj\" src=\"http:\/\/fjala.shkoder.net\/wp-content\/uploads\/2011\/01\/ramiz_dermaku_promovim_tahir_zemaj.jpg\" alt=\"\" width=\"492\" height=\"358\" \/><\/em><\/strong><\/p>\n<p style=\"text-align: center;\"><strong><em>Kolonel, Tahir ZEMAJ, promovon librin e tij &#8221; K\u00ebshtu foli Tahir Zemaj&#8221;.Kol. Tahir Zemaj, Ibrahim Uk\u00ebhaxhaj, gaz. Ramiz D\u00ebrmaku, Shpend Shala, etj. Tubimi u mbajt n\u00eb klubin, &#8220;Bardhosh G\u00ebrvalla&#8221;, n\u00eb Ludwigsburg.<\/em><\/strong><\/p>\n<p style=\"text-align: center;\"><strong><em><img loading=\"lazy\" decoding=\"async\" class=\"alignnone size-full wp-image-5627\" title=\"ramiz_dermaku_hysen_terpeza\" src=\"http:\/\/fjala.shkoder.net\/wp-content\/uploads\/2011\/01\/ramiz_dermaku_hysen_terpeza.jpg\" alt=\"\" width=\"479\" height=\"415\" \/><\/em><\/strong><\/p>\n<p style=\"text-align: center;\"><strong><em>Veprimtari e nacionalisti, Hysen T\u00ebrpeza dhe gaz. Ramiz D\u00ebrmaku, me rastin e themelimit t\u00eb Shoqat\u00ebs Humanitare, &#8220;Metush Krasniqi&#8221;, n\u00eb Heilbron-Gjermani.<\/em><\/strong><\/p>\n<p style=\"text-align: center;\"><strong><em><img loading=\"lazy\" decoding=\"async\" class=\"alignnone size-full wp-image-5628\" title=\"sali_ceku_tubim_ravensburg\" src=\"http:\/\/fjala.shkoder.net\/wp-content\/uploads\/2011\/01\/sali_ceku_tubim_ravensburg.jpg\" alt=\"\" width=\"478\" height=\"333\" \/><\/em><\/strong><\/p>\n<p style=\"text-align: center;\"><strong><em>Atdhetari e d\u00ebshmor i kombit Sali \u00c7eku, dhe Komandanti i Brigad\u00ebs 138, t\u00eb UCK-\u00ebs, gjat\u00eb nj\u00eb tubimi n\u00eb Ravensburg, t\u00eb Gjermanis\u00eb.<\/em><\/strong><\/p>\n<p style=\"text-align: center;\"><strong><em><img loading=\"lazy\" decoding=\"async\" class=\"alignnone size-full wp-image-5629\" title=\"ramiz_dermaku_takim_cyrih\" src=\"http:\/\/fjala.shkoder.net\/wp-content\/uploads\/2011\/01\/ramiz_dermaku_takim_cyrih.jpg\" alt=\"\" width=\"391\" height=\"388\" \/><\/em><\/strong><\/p>\n<p style=\"text-align: center;\"><strong><em>Gazetari, Xhevdet Kallaba, Ramiz D\u00ebrmaku, Islam Huruglica, gjat\u00eb nj\u00eb takimi n\u00eb Cyrih, organizuar nga gazeta komb\u00ebtare &#8220;Bota sot&#8221;.<\/em><\/strong><\/p>\n<p style=\"text-align: center;\"><strong><em><img loading=\"lazy\" decoding=\"async\" class=\"alignnone size-full wp-image-5630\" title=\"ramiz_dermaku_shoqata_metush_krasniqi\" src=\"http:\/\/fjala.shkoder.net\/wp-content\/uploads\/2011\/01\/ramiz_dermaku_shoqata_metush_krasniqi.jpg\" alt=\"\" width=\"406\" height=\"271\" \/><\/em><\/strong><\/p>\n<p style=\"text-align: center;\"><strong><em>Me rastin e themelimit t\u00eb Shoqat\u00ebs &#8220;Metush Krasniqi&#8221;, n\u00eb foto ulur ; Emil Kastrioti-Emin Fazlia, Qemajl Morina, Hysen T\u00ebrpeza, Xhafer Leci. N\u00eb k\u00ebmb\u00eb: Agron Ahmetaj, Njazi Biqku, Ramiz D\u00ebrmaku, Gani kryeziu, Selim Latifi, Ramadan Latifi etj.<\/em><\/strong><\/p>\n<p style=\"text-align: center;\"><strong><em><img loading=\"lazy\" decoding=\"async\" class=\"alignnone size-full wp-image-5631\" title=\"ramiz_dermaku_rytembach\" src=\"http:\/\/fjala.shkoder.net\/wp-content\/uploads\/2011\/01\/ramiz_dermaku_rytembach.jpg\" alt=\"\" width=\"401\" height=\"275\" \/><\/em><\/strong><\/p>\n<p style=\"text-align: center;\"><strong><em>Gazetari, Ramiz D\u00ebrmaku, viziton kampin e refugjat\u00ebve n\u00eb RYTEMBACH.<\/em><\/strong><\/p>\n<p style=\"text-align: center;\"><strong><em><img loading=\"lazy\" decoding=\"async\" class=\"alignnone size-full wp-image-5632\" title=\"ramiz_dermaku_takim_intelektuale\" src=\"http:\/\/fjala.shkoder.net\/wp-content\/uploads\/2011\/01\/ramiz_dermaku_takim_intelektuale.jpg\" alt=\"\" width=\"419\" height=\"287\" \/><\/em><\/strong><\/p>\n<p style=\"text-align: center;\"><strong><em>Takim pune i Bashkimit t\u00eb Intelektual\u00ebve Shqiptar\u00eb n\u00eb M\u00ebrgim, mbajtur n\u00eb klubin shqiptar\u00eb ne ULM t\u00eb Gjermanis\u00eb. Prof. Azem Ajvazi, DR. Ilaz ILzi, Ilmi bisshi, <\/em><\/strong><strong><em>Naser Kuka, Asllan dhe Ramadan Dibrani.<\/em><\/strong><\/p>\n<p style=\"text-align: center;\"><strong><em><img loading=\"lazy\" decoding=\"async\" class=\"alignnone size-full wp-image-5633\" title=\"ramiz_dermaku_ekspozite_foto\" src=\"http:\/\/fjala.shkoder.net\/wp-content\/uploads\/2011\/01\/ramiz_dermaku_ekspozite_foto.jpg\" alt=\"\" width=\"419\" height=\"286\" \/><\/em><\/strong><\/p>\n<p style=\"text-align: center;\"><strong><em>Bashkimi i Intelektual\u00ebve Shqiptar\u00eb n\u00eb M\u00ebrgim, organizoi shum\u00eb ekspozita, me fotografi, p\u00ebr ta informuar opinjonin gjerman me gjendjen e r\u00ebnd\u00eb ne t\u00eb cil\u00ebn po kalon Kosova. Ramiz Kukleci -kryetar i BISHM-im, dhe Ramiz D\u00ebrmaku , gazetar\u00eb dhe an\u00ebtar i kryesis\u00eb s\u00eb BISHM-im, kan\u00eb hapur ekspozit\u00ebn me fotografi, ne t\u00eb cilat shihet qart\u00eb dhuna serbe.<\/em><\/strong><\/p>\n<p style=\"text-align: center;\"><strong><em><img loading=\"lazy\" decoding=\"async\" class=\"alignnone size-full wp-image-5634\" title=\"ramiz_dermaku_vale_klubi_bardhosh_gervalla\" src=\"http:\/\/fjala.shkoder.net\/wp-content\/uploads\/2011\/01\/ramiz_dermaku_vale_klubi_bardhosh_gervalla.jpg\" alt=\"\" width=\"512\" height=\"365\" \/><\/em><\/strong><\/p>\n<p style=\"text-align: center;\"><strong><em>Kryesia e BISHM-im, gjat\u00eb nj\u00eb manifestimi n\u00eb klubin, &#8220;Bardhosh G\u00ebrvalla&#8221;, n\u00eb Ludwigsburg duke vall\u00ebzuar ne mesin e tyre edhe gazetari Ramiz D\u00ebrmaku.<\/em><\/strong><\/p>\n<p><em>Intervistoi Asllan Dibrani 2010 Ravensburg, Gjermani<\/em><\/p>\n","protected":false},"excerpt":{"rendered":"<p>INTERVIST\u00cb EKSKLUZIVE ME INTELEKTUALIN, ANALISTIN, SEKRETARIN E BSH-s\u00eb, PER BADENW\u00dcRTTEMBERG, VEPRIMTARIN E \u00c7\u00cbSHTJES KOMBETARE z. RAMIZ DERMAKU Intervistoi: Asllan DIBRANI K\u00ebto ishin fjal\u00ebt e deputetit ( 18 &#8211; vite deputet\u00eb ) t\u00eb Parlamentit gjerman MATTHIAS VEISHEIT, p\u00ebrfaq\u00ebsues i partis\u00eb s\u00eb SPD-\u00ebs, gjat\u00eb nj\u00eb takimi q\u00eb pati me Bashkimin e Intelektual\u00ebve Shqiptar\u00eb n\u00eb M\u00ebrgim, e cila [&hellip;]<\/p>\n","protected":false},"author":1,"featured_media":0,"comment_status":"open","ping_status":"closed","sticky":false,"template":"","format":"standard","meta":{"footnotes":""},"categories":[2,4],"tags":[],"class_list":{"0":"post-5621","1":"post","2":"type-post","3":"status-publish","4":"format-standard","6":"category-artikuj","7":"category-intervista"},"yoast_head":"<!-- This site is optimized with the Yoast SEO plugin v27.4 - https:\/\/yoast.com\/product\/yoast-seo-wordpress\/ -->\n<title>INTERVIST\u00cb VEPRIMTARIN E \u00c7\u00cbSHTJES KOMBETARE z. RAMIZ DERMAKU - FjALA e LIR\u00cb - Arkivi<\/title>\n<meta name=\"robots\" content=\"index, follow, max-snippet:-1, max-image-preview:large, max-video-preview:-1\" \/>\n<link rel=\"canonical\" href=\"https:\/\/fjala.info\/2009-2015\/interviste-veprimtarin-e-ceshtjes-kombetare-z-ramiz-dermaku\/\" \/>\n<meta property=\"og:locale\" content=\"sq_AL\" \/>\n<meta property=\"og:type\" content=\"article\" \/>\n<meta property=\"og:title\" content=\"INTERVIST\u00cb VEPRIMTARIN E \u00c7\u00cbSHTJES KOMBETARE z. RAMIZ DERMAKU - FjALA e LIR\u00cb - Arkivi\" \/>\n<meta property=\"og:description\" content=\"INTERVIST\u00cb EKSKLUZIVE ME INTELEKTUALIN, ANALISTIN, SEKRETARIN E BSH-s\u00eb, PER BADENW\u00dcRTTEMBERG, VEPRIMTARIN E \u00c7\u00cbSHTJES KOMBETARE z. RAMIZ DERMAKU Intervistoi: Asllan DIBRANI K\u00ebto ishin fjal\u00ebt e deputetit ( 18 &#8211; vite deputet\u00eb ) t\u00eb Parlamentit gjerman MATTHIAS VEISHEIT, p\u00ebrfaq\u00ebsues i partis\u00eb s\u00eb SPD-\u00ebs, gjat\u00eb nj\u00eb takimi q\u00eb pati me Bashkimin e Intelektual\u00ebve Shqiptar\u00eb n\u00eb M\u00ebrgim, e cila [&hellip;]\" \/>\n<meta property=\"og:url\" content=\"https:\/\/fjala.info\/2009-2015\/interviste-veprimtarin-e-ceshtjes-kombetare-z-ramiz-dermaku\/\" \/>\n<meta property=\"og:site_name\" content=\"FjALA e LIR\u00cb - Arkivi\" \/>\n<meta property=\"article:published_time\" content=\"2011-01-15T09:06:12+00:00\" \/>\n<meta property=\"og:image\" content=\"http:\/\/fjala.shkoder.net\/wp-content\/uploads\/2010\/11\/asllan_dibrani1-227x300.jpg\" \/>\n<meta name=\"author\" content=\"admin\" \/>\n<meta name=\"twitter:card\" content=\"summary_large_image\" \/>\n<meta name=\"twitter:label1\" content=\"Written by\" \/>\n\t<meta name=\"twitter:data1\" content=\"admin\" \/>\n\t<meta name=\"twitter:label2\" content=\"Est. reading time\" \/>\n\t<meta name=\"twitter:data2\" content=\"33 minutes\" \/>\n<script type=\"application\/ld+json\" class=\"yoast-schema-graph\">{\"@context\":\"https:\\\/\\\/schema.org\",\"@graph\":[{\"@type\":\"Article\",\"@id\":\"https:\\\/\\\/fjala.info\\\/2009-2015\\\/interviste-veprimtarin-e-ceshtjes-kombetare-z-ramiz-dermaku\\\/#article\",\"isPartOf\":{\"@id\":\"https:\\\/\\\/fjala.info\\\/2009-2015\\\/interviste-veprimtarin-e-ceshtjes-kombetare-z-ramiz-dermaku\\\/\"},\"author\":{\"name\":\"admin\",\"@id\":\"https:\\\/\\\/fjala.info\\\/2009-2015\\\/#\\\/schema\\\/person\\\/3aa1163ef05469c496fc94e77611ada2\"},\"headline\":\"INTERVIST\u00cb VEPRIMTARIN E \u00c7\u00cbSHTJES KOMBETARE z. RAMIZ DERMAKU\",\"datePublished\":\"2011-01-15T09:06:12+00:00\",\"mainEntityOfPage\":{\"@id\":\"https:\\\/\\\/fjala.info\\\/2009-2015\\\/interviste-veprimtarin-e-ceshtjes-kombetare-z-ramiz-dermaku\\\/\"},\"wordCount\":6564,\"commentCount\":0,\"publisher\":{\"@id\":\"https:\\\/\\\/fjala.info\\\/2009-2015\\\/#organization\"},\"image\":{\"@id\":\"https:\\\/\\\/fjala.info\\\/2009-2015\\\/interviste-veprimtarin-e-ceshtjes-kombetare-z-ramiz-dermaku\\\/#primaryimage\"},\"thumbnailUrl\":\"http:\\\/\\\/fjala.shkoder.net\\\/wp-content\\\/uploads\\\/2010\\\/11\\\/asllan_dibrani1-227x300.jpg\",\"articleSection\":[\"Artikuj\",\"Intervista\"],\"inLanguage\":\"sq-AL\",\"potentialAction\":[{\"@type\":\"CommentAction\",\"name\":\"Comment\",\"target\":[\"https:\\\/\\\/fjala.info\\\/2009-2015\\\/interviste-veprimtarin-e-ceshtjes-kombetare-z-ramiz-dermaku\\\/#respond\"]}]},{\"@type\":\"WebPage\",\"@id\":\"https:\\\/\\\/fjala.info\\\/2009-2015\\\/interviste-veprimtarin-e-ceshtjes-kombetare-z-ramiz-dermaku\\\/\",\"url\":\"https:\\\/\\\/fjala.info\\\/2009-2015\\\/interviste-veprimtarin-e-ceshtjes-kombetare-z-ramiz-dermaku\\\/\",\"name\":\"INTERVIST\u00cb VEPRIMTARIN E \u00c7\u00cbSHTJES KOMBETARE z. RAMIZ DERMAKU - FjALA e LIR\u00cb - Arkivi\",\"isPartOf\":{\"@id\":\"https:\\\/\\\/fjala.info\\\/2009-2015\\\/#website\"},\"primaryImageOfPage\":{\"@id\":\"https:\\\/\\\/fjala.info\\\/2009-2015\\\/interviste-veprimtarin-e-ceshtjes-kombetare-z-ramiz-dermaku\\\/#primaryimage\"},\"image\":{\"@id\":\"https:\\\/\\\/fjala.info\\\/2009-2015\\\/interviste-veprimtarin-e-ceshtjes-kombetare-z-ramiz-dermaku\\\/#primaryimage\"},\"thumbnailUrl\":\"http:\\\/\\\/fjala.shkoder.net\\\/wp-content\\\/uploads\\\/2010\\\/11\\\/asllan_dibrani1-227x300.jpg\",\"datePublished\":\"2011-01-15T09:06:12+00:00\",\"breadcrumb\":{\"@id\":\"https:\\\/\\\/fjala.info\\\/2009-2015\\\/interviste-veprimtarin-e-ceshtjes-kombetare-z-ramiz-dermaku\\\/#breadcrumb\"},\"inLanguage\":\"sq-AL\",\"potentialAction\":[{\"@type\":\"ReadAction\",\"target\":[\"https:\\\/\\\/fjala.info\\\/2009-2015\\\/interviste-veprimtarin-e-ceshtjes-kombetare-z-ramiz-dermaku\\\/\"]}]},{\"@type\":\"ImageObject\",\"inLanguage\":\"sq-AL\",\"@id\":\"https:\\\/\\\/fjala.info\\\/2009-2015\\\/interviste-veprimtarin-e-ceshtjes-kombetare-z-ramiz-dermaku\\\/#primaryimage\",\"url\":\"http:\\\/\\\/fjala.shkoder.net\\\/wp-content\\\/uploads\\\/2010\\\/11\\\/asllan_dibrani1-227x300.jpg\",\"contentUrl\":\"http:\\\/\\\/fjala.shkoder.net\\\/wp-content\\\/uploads\\\/2010\\\/11\\\/asllan_dibrani1-227x300.jpg\"},{\"@type\":\"BreadcrumbList\",\"@id\":\"https:\\\/\\\/fjala.info\\\/2009-2015\\\/interviste-veprimtarin-e-ceshtjes-kombetare-z-ramiz-dermaku\\\/#breadcrumb\",\"itemListElement\":[{\"@type\":\"ListItem\",\"position\":1,\"name\":\"Home\",\"item\":\"https:\\\/\\\/fjala.info\\\/2009-2015\\\/\"},{\"@type\":\"ListItem\",\"position\":2,\"name\":\"INTERVIST\u00cb VEPRIMTARIN E \u00c7\u00cbSHTJES KOMBETARE z. RAMIZ DERMAKU\"}]},{\"@type\":\"WebSite\",\"@id\":\"https:\\\/\\\/fjala.info\\\/2009-2015\\\/#website\",\"url\":\"https:\\\/\\\/fjala.info\\\/2009-2015\\\/\",\"name\":\"FjALA e LIR\u00cb - Arkivi\",\"description\":\"Arkivi 2009-2015\",\"publisher\":{\"@id\":\"https:\\\/\\\/fjala.info\\\/2009-2015\\\/#organization\"},\"potentialAction\":[{\"@type\":\"SearchAction\",\"target\":{\"@type\":\"EntryPoint\",\"urlTemplate\":\"https:\\\/\\\/fjala.info\\\/2009-2015\\\/?s={search_term_string}\"},\"query-input\":{\"@type\":\"PropertyValueSpecification\",\"valueRequired\":true,\"valueName\":\"search_term_string\"}}],\"inLanguage\":\"sq-AL\"},{\"@type\":\"Organization\",\"@id\":\"https:\\\/\\\/fjala.info\\\/2009-2015\\\/#organization\",\"name\":\"FjALA e LIR\u00cb - Arkivi\",\"url\":\"https:\\\/\\\/fjala.info\\\/2009-2015\\\/\",\"logo\":{\"@type\":\"ImageObject\",\"inLanguage\":\"sq-AL\",\"@id\":\"https:\\\/\\\/fjala.info\\\/2009-2015\\\/#\\\/schema\\\/logo\\\/image\\\/\",\"url\":\"\",\"contentUrl\":\"\",\"caption\":\"FjALA e LIR\u00cb - Arkivi\"},\"image\":{\"@id\":\"https:\\\/\\\/fjala.info\\\/2009-2015\\\/#\\\/schema\\\/logo\\\/image\\\/\"}},{\"@type\":\"Person\",\"@id\":\"https:\\\/\\\/fjala.info\\\/2009-2015\\\/#\\\/schema\\\/person\\\/3aa1163ef05469c496fc94e77611ada2\",\"name\":\"admin\",\"image\":{\"@type\":\"ImageObject\",\"inLanguage\":\"sq-AL\",\"@id\":\"https:\\\/\\\/fjala.info\\\/2009-2015\\\/wp-content\\\/uploads\\\/2012\\\/02\\\/arben_cokaj-120x150.jpg\",\"url\":\"https:\\\/\\\/fjala.info\\\/2009-2015\\\/wp-content\\\/uploads\\\/2012\\\/02\\\/arben_cokaj-120x150.jpg\",\"contentUrl\":\"https:\\\/\\\/fjala.info\\\/2009-2015\\\/wp-content\\\/uploads\\\/2012\\\/02\\\/arben_cokaj-120x150.jpg\",\"caption\":\"admin\"},\"description\":\"Admin, Fjala e Lir\u00eb\",\"sameAs\":[\"https:\\\/\\\/fjala.info\\\/\"],\"url\":\"https:\\\/\\\/fjala.info\\\/2009-2015\\\/author\\\/admin\\\/\"}]}<\/script>\n<!-- \/ Yoast SEO plugin. -->","yoast_head_json":{"title":"INTERVIST\u00cb VEPRIMTARIN E \u00c7\u00cbSHTJES KOMBETARE z. RAMIZ DERMAKU - FjALA e LIR\u00cb - Arkivi","robots":{"index":"index","follow":"follow","max-snippet":"max-snippet:-1","max-image-preview":"max-image-preview:large","max-video-preview":"max-video-preview:-1"},"canonical":"https:\/\/fjala.info\/2009-2015\/interviste-veprimtarin-e-ceshtjes-kombetare-z-ramiz-dermaku\/","og_locale":"sq_AL","og_type":"article","og_title":"INTERVIST\u00cb VEPRIMTARIN E \u00c7\u00cbSHTJES KOMBETARE z. RAMIZ DERMAKU - FjALA e LIR\u00cb - Arkivi","og_description":"INTERVIST\u00cb EKSKLUZIVE ME INTELEKTUALIN, ANALISTIN, SEKRETARIN E BSH-s\u00eb, PER BADENW\u00dcRTTEMBERG, VEPRIMTARIN E \u00c7\u00cbSHTJES KOMBETARE z. RAMIZ DERMAKU Intervistoi: Asllan DIBRANI K\u00ebto ishin fjal\u00ebt e deputetit ( 18 &#8211; vite deputet\u00eb ) t\u00eb Parlamentit gjerman MATTHIAS VEISHEIT, p\u00ebrfaq\u00ebsues i partis\u00eb s\u00eb SPD-\u00ebs, gjat\u00eb nj\u00eb takimi q\u00eb pati me Bashkimin e Intelektual\u00ebve Shqiptar\u00eb n\u00eb M\u00ebrgim, e cila [&hellip;]","og_url":"https:\/\/fjala.info\/2009-2015\/interviste-veprimtarin-e-ceshtjes-kombetare-z-ramiz-dermaku\/","og_site_name":"FjALA e LIR\u00cb - Arkivi","article_published_time":"2011-01-15T09:06:12+00:00","og_image":[{"url":"http:\/\/fjala.shkoder.net\/wp-content\/uploads\/2010\/11\/asllan_dibrani1-227x300.jpg","type":"","width":"","height":""}],"author":"admin","twitter_card":"summary_large_image","twitter_misc":{"Written by":"admin","Est. reading time":"33 minutes"},"schema":{"@context":"https:\/\/schema.org","@graph":[{"@type":"Article","@id":"https:\/\/fjala.info\/2009-2015\/interviste-veprimtarin-e-ceshtjes-kombetare-z-ramiz-dermaku\/#article","isPartOf":{"@id":"https:\/\/fjala.info\/2009-2015\/interviste-veprimtarin-e-ceshtjes-kombetare-z-ramiz-dermaku\/"},"author":{"name":"admin","@id":"https:\/\/fjala.info\/2009-2015\/#\/schema\/person\/3aa1163ef05469c496fc94e77611ada2"},"headline":"INTERVIST\u00cb VEPRIMTARIN E \u00c7\u00cbSHTJES KOMBETARE z. RAMIZ DERMAKU","datePublished":"2011-01-15T09:06:12+00:00","mainEntityOfPage":{"@id":"https:\/\/fjala.info\/2009-2015\/interviste-veprimtarin-e-ceshtjes-kombetare-z-ramiz-dermaku\/"},"wordCount":6564,"commentCount":0,"publisher":{"@id":"https:\/\/fjala.info\/2009-2015\/#organization"},"image":{"@id":"https:\/\/fjala.info\/2009-2015\/interviste-veprimtarin-e-ceshtjes-kombetare-z-ramiz-dermaku\/#primaryimage"},"thumbnailUrl":"http:\/\/fjala.shkoder.net\/wp-content\/uploads\/2010\/11\/asllan_dibrani1-227x300.jpg","articleSection":["Artikuj","Intervista"],"inLanguage":"sq-AL","potentialAction":[{"@type":"CommentAction","name":"Comment","target":["https:\/\/fjala.info\/2009-2015\/interviste-veprimtarin-e-ceshtjes-kombetare-z-ramiz-dermaku\/#respond"]}]},{"@type":"WebPage","@id":"https:\/\/fjala.info\/2009-2015\/interviste-veprimtarin-e-ceshtjes-kombetare-z-ramiz-dermaku\/","url":"https:\/\/fjala.info\/2009-2015\/interviste-veprimtarin-e-ceshtjes-kombetare-z-ramiz-dermaku\/","name":"INTERVIST\u00cb VEPRIMTARIN E \u00c7\u00cbSHTJES KOMBETARE z. RAMIZ DERMAKU - FjALA e LIR\u00cb - Arkivi","isPartOf":{"@id":"https:\/\/fjala.info\/2009-2015\/#website"},"primaryImageOfPage":{"@id":"https:\/\/fjala.info\/2009-2015\/interviste-veprimtarin-e-ceshtjes-kombetare-z-ramiz-dermaku\/#primaryimage"},"image":{"@id":"https:\/\/fjala.info\/2009-2015\/interviste-veprimtarin-e-ceshtjes-kombetare-z-ramiz-dermaku\/#primaryimage"},"thumbnailUrl":"http:\/\/fjala.shkoder.net\/wp-content\/uploads\/2010\/11\/asllan_dibrani1-227x300.jpg","datePublished":"2011-01-15T09:06:12+00:00","breadcrumb":{"@id":"https:\/\/fjala.info\/2009-2015\/interviste-veprimtarin-e-ceshtjes-kombetare-z-ramiz-dermaku\/#breadcrumb"},"inLanguage":"sq-AL","potentialAction":[{"@type":"ReadAction","target":["https:\/\/fjala.info\/2009-2015\/interviste-veprimtarin-e-ceshtjes-kombetare-z-ramiz-dermaku\/"]}]},{"@type":"ImageObject","inLanguage":"sq-AL","@id":"https:\/\/fjala.info\/2009-2015\/interviste-veprimtarin-e-ceshtjes-kombetare-z-ramiz-dermaku\/#primaryimage","url":"http:\/\/fjala.shkoder.net\/wp-content\/uploads\/2010\/11\/asllan_dibrani1-227x300.jpg","contentUrl":"http:\/\/fjala.shkoder.net\/wp-content\/uploads\/2010\/11\/asllan_dibrani1-227x300.jpg"},{"@type":"BreadcrumbList","@id":"https:\/\/fjala.info\/2009-2015\/interviste-veprimtarin-e-ceshtjes-kombetare-z-ramiz-dermaku\/#breadcrumb","itemListElement":[{"@type":"ListItem","position":1,"name":"Home","item":"https:\/\/fjala.info\/2009-2015\/"},{"@type":"ListItem","position":2,"name":"INTERVIST\u00cb VEPRIMTARIN E \u00c7\u00cbSHTJES KOMBETARE z. RAMIZ DERMAKU"}]},{"@type":"WebSite","@id":"https:\/\/fjala.info\/2009-2015\/#website","url":"https:\/\/fjala.info\/2009-2015\/","name":"FjALA e LIR\u00cb - Arkivi","description":"Arkivi 2009-2015","publisher":{"@id":"https:\/\/fjala.info\/2009-2015\/#organization"},"potentialAction":[{"@type":"SearchAction","target":{"@type":"EntryPoint","urlTemplate":"https:\/\/fjala.info\/2009-2015\/?s={search_term_string}"},"query-input":{"@type":"PropertyValueSpecification","valueRequired":true,"valueName":"search_term_string"}}],"inLanguage":"sq-AL"},{"@type":"Organization","@id":"https:\/\/fjala.info\/2009-2015\/#organization","name":"FjALA e LIR\u00cb - Arkivi","url":"https:\/\/fjala.info\/2009-2015\/","logo":{"@type":"ImageObject","inLanguage":"sq-AL","@id":"https:\/\/fjala.info\/2009-2015\/#\/schema\/logo\/image\/","url":"","contentUrl":"","caption":"FjALA e LIR\u00cb - Arkivi"},"image":{"@id":"https:\/\/fjala.info\/2009-2015\/#\/schema\/logo\/image\/"}},{"@type":"Person","@id":"https:\/\/fjala.info\/2009-2015\/#\/schema\/person\/3aa1163ef05469c496fc94e77611ada2","name":"admin","image":{"@type":"ImageObject","inLanguage":"sq-AL","@id":"https:\/\/fjala.info\/2009-2015\/wp-content\/uploads\/2012\/02\/arben_cokaj-120x150.jpg","url":"https:\/\/fjala.info\/2009-2015\/wp-content\/uploads\/2012\/02\/arben_cokaj-120x150.jpg","contentUrl":"https:\/\/fjala.info\/2009-2015\/wp-content\/uploads\/2012\/02\/arben_cokaj-120x150.jpg","caption":"admin"},"description":"Admin, Fjala e Lir\u00eb","sameAs":["https:\/\/fjala.info\/"],"url":"https:\/\/fjala.info\/2009-2015\/author\/admin\/"}]}},"_links":{"self":[{"href":"https:\/\/fjala.info\/2009-2015\/wp-json\/wp\/v2\/posts\/5621","targetHints":{"allow":["GET"]}}],"collection":[{"href":"https:\/\/fjala.info\/2009-2015\/wp-json\/wp\/v2\/posts"}],"about":[{"href":"https:\/\/fjala.info\/2009-2015\/wp-json\/wp\/v2\/types\/post"}],"author":[{"embeddable":true,"href":"https:\/\/fjala.info\/2009-2015\/wp-json\/wp\/v2\/users\/1"}],"replies":[{"embeddable":true,"href":"https:\/\/fjala.info\/2009-2015\/wp-json\/wp\/v2\/comments?post=5621"}],"version-history":[{"count":0,"href":"https:\/\/fjala.info\/2009-2015\/wp-json\/wp\/v2\/posts\/5621\/revisions"}],"wp:attachment":[{"href":"https:\/\/fjala.info\/2009-2015\/wp-json\/wp\/v2\/media?parent=5621"}],"wp:term":[{"taxonomy":"category","embeddable":true,"href":"https:\/\/fjala.info\/2009-2015\/wp-json\/wp\/v2\/categories?post=5621"},{"taxonomy":"post_tag","embeddable":true,"href":"https:\/\/fjala.info\/2009-2015\/wp-json\/wp\/v2\/tags?post=5621"}],"curies":[{"name":"wp","href":"https:\/\/api.w.org\/{rel}","templated":true}]}}