{"id":5616,"date":"2011-01-13T10:14:25","date_gmt":"2011-01-13T09:14:25","guid":{"rendered":"http:\/\/fjala.shkoder.net\/?p=5616"},"modified":"2011-01-13T10:14:25","modified_gmt":"2011-01-13T09:14:25","slug":"padronet-dhe-padrinot-e-fatit-tone-perendimor","status":"publish","type":"post","link":"https:\/\/fjala.info\/2009-2015\/padronet-dhe-padrinot-e-fatit-tone-perendimor\/","title":{"rendered":"Padron\u00ebt dhe padrinot e fatit ton\u00eb per\u00ebndimor"},"content":{"rendered":"<p><img loading=\"lazy\" decoding=\"async\" class=\"alignright size-full wp-image-4090\" title=\"Mero Baze\" src=\"http:\/\/fjala.shkoder.net\/wp-content\/uploads\/2010\/10\/mero_baze1.jpg\" alt=\"\" width=\"149\" height=\"200\" \/><\/p>\n<p>Nga <strong>Mero Baze<\/strong><\/p>\n<p>Ministri i Brendsh\u00ebm Lul\u00ebzim Basha u pa t\u00eb ishte shoq\u00ebruesi i par\u00eb i z\u00ebvend\u00ebskryeministrit n\u00ebn akuz\u00eb p\u00ebr kapje t\u00eb shtetit, ryshfete financiare dhe p\u00ebrfitime t\u00eb paligjshme. Pak para se t\u00eb fillonte publikimi i videos shokuese n\u00eb Fiks Fare, Lul\u00ebzim Basha hyri n\u00eb zyr\u00ebn e Ilir Met\u00ebs dhe e shoq\u00ebroi at\u00eb deri n\u00eb mesnat\u00eb. Ky fakt t\u00ebrhoqi v\u00ebmendjen e medias shqiptare dhe asaj nd\u00ebrkomb\u00ebtare, si nj\u00eb rast i paprecedent. Pozicioni i Ministrit t\u00eb Brendsh\u00ebm n\u00eb nj\u00eb vend \u00ebsht\u00eb i mveshur apriori me nj\u00eb lloj autoriteti q\u00eb mban larg personat e inkriminuar apo personazhe t\u00eb kapur n\u00eb flagranc\u00eb si\u00e7 \u00ebsht\u00eb rasti i Ilir Met\u00ebs. Udh\u00ebtimi i \u00e7artur i Lul\u00ebzim Bash\u00ebs drejt zyr\u00ebs s\u00eb nj\u00eb t\u00eb pandehuri publik, \u00ebsht\u00eb nj\u00eb gjest q\u00eb duhet analizuar m\u00eb thell\u00eb.<\/p>\n<p>Edhe pse Lul\u00ebzim Basha \u00ebsht\u00eb nj\u00eb personazh q\u00eb nuk mund ta marr\u00ebsh deri n\u00eb fund seriozisht, veprimet e tij duhen analizuar pasi identifikojn\u00eb, jo at\u00eb q\u00eb ka n\u00eb kok\u00eb ai, por planin q\u00eb i ka futur n\u00eb kok\u00eb shefi i qeveris\u00eb. Shfaqja e Lul\u00ebzim Bash\u00ebs n\u00eb dyert e njeriut, ku nj\u00eb polic mund t\u00eb trokiste vet\u00ebm p\u00ebr ta arrestuar, \u00ebsht\u00eb nj\u00eb sinjal paranojak se pushteti \u00ebsht\u00eb n\u00eb an\u00ebn e t\u00eb pandehurit dhe se do ta mbroj\u00eb at\u00eb deri n\u00eb fund. Fushata e reprezaljeve dhe arbitraritetit q\u00eb ka paraprir\u00eb dy dit\u00ebt e fundit n\u00eb Fier, Patos dhe Vlor\u00eb, duke skeduar dhe futur n\u00eb polici me dhun\u00eb qindra qytetar\u00eb, duket se \u00ebsht\u00eb pjes\u00eb e nj\u00eb plani p\u00ebr t\u00eb treguar dh\u00ebmb\u00ebt dhe p\u00ebr t\u00eb frenuar \u00e7do val\u00eb t\u00eb mundshme protestash q\u00eb mund t\u00eb destabilizojn\u00eb pushtetin pas k\u00ebtij skandali.<\/p>\n<p>Duke qen\u00eb prej koh\u00ebsh n\u00eb dijeni t\u00eb k\u00ebtij skandali, kur pan\u00eb se ai do t\u00eb b\u00ebhej publik, dyshja Basha- Meta, me sa duket vendos\u00ebn t\u00eb tregojn\u00eb forc\u00ebn dhe t\u00eb \u201ckrehin\u201d popullat\u00ebn e zonave q\u00eb mund t\u00eb sensibilizohej m\u00eb shum\u00eb nga ky skandal. Kushdo q\u00eb ka pak memorie n\u00eb Partin\u00eb Demokratike, n\u00eb koh\u00ebn q\u00eb Basha ka qen\u00eb refugjat dhe Meta kryeminist\u00ebr, t\u00eb nj\u00ebjt\u00ebn gj\u00eb b\u00ebnte Ilir Meta me militant\u00ebt e PD-s\u00eb. \u00c7do nat\u00eb n\u00eb Tiran\u00eb komisariatet mbusheshin me qindra prej tyre, u merreshin shenjat e gishtave dhe k\u00ebrc\u00ebnoheshin t\u00eb mos dilnin m\u00eb n\u00eb protesta. E nj\u00ebjta skem\u00eb po realizohet tani nga dyshja Basha- Meta, p\u00ebr t\u00eb frenuar val\u00ebn e protestave pas k\u00ebtij skandali.<\/p>\n<p>Leximi i dyt\u00eb negativ i shoq\u00ebrimit publik t\u00eb Lul\u00ebzim Bash\u00ebs me Ilir Met\u00ebn, \u00ebsht\u00eb garancia p\u00ebr njer\u00ebzit e inkriminuar n\u00eb k\u00ebt\u00eb skandal. Sinjali q\u00eb u p\u00ebr\u00e7ohet atyre \u00ebsht\u00eb mos-nd\u00ebshkueshm\u00ebria. Me pamjen e tij t\u00eb ngrir\u00eb prej klouni, Lul\u00ebzim Basha ishte dje shoq\u00ebruesi i par\u00eb i nj\u00eb njeriu, q\u00eb \u00e7do minist\u00ebr tjet\u00ebr i Brendsh\u00ebm do ta kishte p\u00ebrcjell\u00eb p\u00ebr kortezi deri tek dera e qelis\u00eb. Siguria q\u00eb Berisha k\u00ebrkon tu jap\u00eb njer\u00ebzve t\u00eb inkriminuar p\u00ebr interesa t\u00eb pushtetit, \u00ebsht\u00eb e e vetmja arm\u00eb q\u00eb ai t\u00eb ket\u00eb falangat e tij radikale kund\u00ebr val\u00ebs s\u00eb protestave q\u00eb duket se po nis n\u00eb vend kund\u00ebr qeveris\u00eb. Berisha \u00ebsht\u00eb duke punuar t\u00eb ndaj\u00eb qart\u00eb dhe fort shoq\u00ebrin\u00eb, duke zhdukur \u00e7dok\u00ebnd q\u00eb tenton t\u00eb q\u00ebndroj\u00eb n\u00eb mes.<\/p>\n<p>Ai nuk \u00ebsht\u00eb duke e ndar\u00eb shoq\u00ebrin\u00eb n\u00eb t\u00eb past\u00ebr dhe t\u00eb korruptuar, n\u00eb t\u00eb mir\u00eb dhe t\u00eb keqe, n\u00eb t\u00eb majt\u00eb dhe t\u00eb djatht\u00eb, por vet\u00ebm n\u00eb njer\u00ebz q\u00eb mb\u00ebshtesin me \u00e7do kushtet pushtetin dhe njer\u00ebz q\u00eb nuk e mb\u00ebshtesin at\u00eb. T\u00eb par\u00ebt, qofshin k\u00ebta kriminel\u00eb, hajdut\u00eb, trafikant\u00eb, ministra t\u00eb majt\u00eb apo t\u00eb djatht\u00eb, biznesmen\u00eb apo t\u00eb varf\u00ebr, kan\u00eb imunitet dhe nuk i prek askush, \u00e7far\u00ebdo q\u00eb t\u00eb b\u00ebjn\u00eb. Ata kan\u00eb leje t\u00eb pla\u00e7kitin dhe t\u00eb vrasin po qe nevoja. Pjesa tjet\u00ebr \u00ebsht\u00eb pjesa e nd\u00ebshkuar. Ndaj saj mund t\u00eb b\u00ebsh \u00e7far\u00eb t\u00eb duash dhe askush nuk t\u00eb prek.<\/p>\n<p>S\u00eb fundmi ka dhe nj\u00eb arsye shum\u00eb private p\u00ebrse Lul\u00ebzim Basha i gjendet n\u00eb krah Ilir Met\u00ebs n\u00eb k\u00ebto \u00e7aste. Mos harroni se ai \u00ebsht\u00eb nj\u00eb njeri n\u00ebn akuz\u00eb, q\u00eb nuk ka guxuar t\u00eb gjykohet, por e ka mbyllur gjyqin me procedur\u00eb. Nj\u00ebsoj si Meta, mbi t\u00eb r\u00ebndojn\u00eb miliona nga paret e shqiptar\u00ebve, t\u00eb p\u00ebrfunduara n\u00eb xhepa t\u00eb dyshimt\u00eb. Nj\u00ebsoj si Ilir Meta ai ka makthin e hetimit dhe gjykimit, dhe pse jo makthin e qelis\u00eb q\u00eb nj\u00eb dit\u00eb mund t\u00eb hapet p\u00ebr t\u00eb. Ndaj duhet t\u2019ia kuptojm\u00eb dhe k\u00ebt\u00eb an\u00eb t\u00eb solidaritetit t\u00eb tij me nj\u00eb t\u00eb ngjash\u00ebm si ai.<\/p>\n<p>Por, nd\u00ebrsa arsyet private politike dhe shtet\u00ebrore t\u00eb Lul\u00ebzim Bash\u00ebs e shtyjn\u00eb at\u00eb t\u00eb b\u00ebhet barrikad\u00eb njer\u00ebzore p\u00ebr z\u00ebvend\u00ebs\/kryehajdutin e Shqip\u00ebris\u00eb, arsyet pse Shqip\u00ebris\u00eb mund t\u2019i bllokohen financimet nga Bashkimi Evropian, apo rruga e saj drejt an\u00ebtar\u00ebsimit n\u00eb BE, lidhen s\u00ebrish me k\u00ebt\u00eb parad\u00eb hajdut\u00ebsh para syve t\u00eb shqiptar\u00ebve. Bashkimi Evropian theksoi dje qart\u00eb se nga m\u00ebnyra se si do hetohet ky skandal, varet e ardhmja per\u00ebndimore e Shqip\u00ebris\u00eb, dhe se ligji duhet t\u00eb zbatohet nj\u00ebsoj p\u00ebr t\u00eb gjith\u00eb. Z\u00ebdh\u00ebn\u00ebsja e Komisionerit Fyle shtoi dhe faktin se financimet p\u00ebr Shqip\u00ebrin\u00eb do t\u00eb jen\u00eb t\u00eb lidhura me m\u00ebnyr\u00ebn se si do t\u00eb menaxhohet ky rast nga drejt\u00ebsia.<\/p>\n<p>A thua vlejn\u00eb k\u00ebto dy figurina m\u00eb shum\u00eb se e ardhmja per\u00ebndimore e Shqip\u00ebris\u00eb? A thua vlejn\u00eb v\u00ebrtet k\u00ebta dy t\u00eb akuzuar p\u00ebr vjedhje milionash m\u00eb shum\u00eb se fati i nj\u00eb vendi q\u00eb po zvarritet si guri i Sizifit p\u00ebr tu ngjitur n\u00eb rrug\u00ebn drejt Per\u00ebndimit? Na kushton shum\u00eb m\u00eb lir\u00eb t\u2019i flakim dhe t\u00eb zgjohemi nga kjo \u00ebnd\u00ebrr e keqe ku ata shfaqen si padron\u00ebt dhe padrinot e fatit ton\u00eb per\u00ebndimor.<\/p>\n","protected":false},"excerpt":{"rendered":"<p>Nga Mero Baze Ministri i Brendsh\u00ebm Lul\u00ebzim Basha u pa t\u00eb ishte shoq\u00ebruesi i par\u00eb i z\u00ebvend\u00ebskryeministrit n\u00ebn akuz\u00eb p\u00ebr kapje t\u00eb shtetit, ryshfete financiare dhe p\u00ebrfitime t\u00eb paligjshme. Pak para se t\u00eb fillonte publikimi i videos shokuese n\u00eb Fiks Fare, Lul\u00ebzim Basha hyri n\u00eb zyr\u00ebn e Ilir Met\u00ebs dhe e shoq\u00ebroi at\u00eb deri n\u00eb [&hellip;]<\/p>\n","protected":false},"author":1,"featured_media":0,"comment_status":"open","ping_status":"closed","sticky":false,"template":"","format":"standard","meta":{"footnotes":""},"categories":[2],"tags":[],"class_list":{"0":"post-5616","1":"post","2":"type-post","3":"status-publish","4":"format-standard","6":"category-artikuj"},"yoast_head":"<!-- This site is optimized with the Yoast SEO plugin v27.4 - https:\/\/yoast.com\/product\/yoast-seo-wordpress\/ -->\n<title>Padron\u00ebt dhe padrinot e fatit ton\u00eb per\u00ebndimor - FjALA e LIR\u00cb - Arkivi<\/title>\n<meta name=\"robots\" content=\"index, follow, max-snippet:-1, max-image-preview:large, max-video-preview:-1\" \/>\n<link rel=\"canonical\" href=\"https:\/\/fjala.info\/2009-2015\/padronet-dhe-padrinot-e-fatit-tone-perendimor\/\" \/>\n<meta property=\"og:locale\" content=\"sq_AL\" \/>\n<meta property=\"og:type\" content=\"article\" \/>\n<meta property=\"og:title\" content=\"Padron\u00ebt dhe padrinot e fatit ton\u00eb per\u00ebndimor - FjALA e LIR\u00cb - Arkivi\" \/>\n<meta property=\"og:description\" content=\"Nga Mero Baze Ministri i Brendsh\u00ebm Lul\u00ebzim Basha u pa t\u00eb ishte shoq\u00ebruesi i par\u00eb i z\u00ebvend\u00ebskryeministrit n\u00ebn akuz\u00eb p\u00ebr kapje t\u00eb shtetit, ryshfete financiare dhe p\u00ebrfitime t\u00eb paligjshme. Pak para se t\u00eb fillonte publikimi i videos shokuese n\u00eb Fiks Fare, Lul\u00ebzim Basha hyri n\u00eb zyr\u00ebn e Ilir Met\u00ebs dhe e shoq\u00ebroi at\u00eb deri n\u00eb [&hellip;]\" \/>\n<meta property=\"og:url\" content=\"https:\/\/fjala.info\/2009-2015\/padronet-dhe-padrinot-e-fatit-tone-perendimor\/\" \/>\n<meta property=\"og:site_name\" content=\"FjALA e LIR\u00cb - Arkivi\" \/>\n<meta property=\"article:published_time\" content=\"2011-01-13T09:14:25+00:00\" \/>\n<meta property=\"og:image\" content=\"http:\/\/fjala.shkoder.net\/wp-content\/uploads\/2010\/10\/mero_baze1.jpg\" \/>\n<meta name=\"author\" content=\"admin\" \/>\n<meta name=\"twitter:card\" content=\"summary_large_image\" \/>\n<meta name=\"twitter:label1\" content=\"Written by\" \/>\n\t<meta name=\"twitter:data1\" content=\"admin\" \/>\n\t<meta name=\"twitter:label2\" content=\"Est. reading time\" \/>\n\t<meta name=\"twitter:data2\" content=\"5 minutes\" \/>\n<script type=\"application\/ld+json\" class=\"yoast-schema-graph\">{\"@context\":\"https:\\\/\\\/schema.org\",\"@graph\":[{\"@type\":\"Article\",\"@id\":\"https:\\\/\\\/fjala.info\\\/2009-2015\\\/padronet-dhe-padrinot-e-fatit-tone-perendimor\\\/#article\",\"isPartOf\":{\"@id\":\"https:\\\/\\\/fjala.info\\\/2009-2015\\\/padronet-dhe-padrinot-e-fatit-tone-perendimor\\\/\"},\"author\":{\"name\":\"admin\",\"@id\":\"https:\\\/\\\/fjala.info\\\/2009-2015\\\/#\\\/schema\\\/person\\\/3aa1163ef05469c496fc94e77611ada2\"},\"headline\":\"Padron\u00ebt dhe padrinot e fatit ton\u00eb per\u00ebndimor\",\"datePublished\":\"2011-01-13T09:14:25+00:00\",\"mainEntityOfPage\":{\"@id\":\"https:\\\/\\\/fjala.info\\\/2009-2015\\\/padronet-dhe-padrinot-e-fatit-tone-perendimor\\\/\"},\"wordCount\":1038,\"commentCount\":0,\"publisher\":{\"@id\":\"https:\\\/\\\/fjala.info\\\/2009-2015\\\/#organization\"},\"image\":{\"@id\":\"https:\\\/\\\/fjala.info\\\/2009-2015\\\/padronet-dhe-padrinot-e-fatit-tone-perendimor\\\/#primaryimage\"},\"thumbnailUrl\":\"http:\\\/\\\/fjala.shkoder.net\\\/wp-content\\\/uploads\\\/2010\\\/10\\\/mero_baze1.jpg\",\"articleSection\":[\"Artikuj\"],\"inLanguage\":\"sq-AL\",\"potentialAction\":[{\"@type\":\"CommentAction\",\"name\":\"Comment\",\"target\":[\"https:\\\/\\\/fjala.info\\\/2009-2015\\\/padronet-dhe-padrinot-e-fatit-tone-perendimor\\\/#respond\"]}]},{\"@type\":\"WebPage\",\"@id\":\"https:\\\/\\\/fjala.info\\\/2009-2015\\\/padronet-dhe-padrinot-e-fatit-tone-perendimor\\\/\",\"url\":\"https:\\\/\\\/fjala.info\\\/2009-2015\\\/padronet-dhe-padrinot-e-fatit-tone-perendimor\\\/\",\"name\":\"Padron\u00ebt dhe padrinot e fatit ton\u00eb per\u00ebndimor - FjALA e LIR\u00cb - Arkivi\",\"isPartOf\":{\"@id\":\"https:\\\/\\\/fjala.info\\\/2009-2015\\\/#website\"},\"primaryImageOfPage\":{\"@id\":\"https:\\\/\\\/fjala.info\\\/2009-2015\\\/padronet-dhe-padrinot-e-fatit-tone-perendimor\\\/#primaryimage\"},\"image\":{\"@id\":\"https:\\\/\\\/fjala.info\\\/2009-2015\\\/padronet-dhe-padrinot-e-fatit-tone-perendimor\\\/#primaryimage\"},\"thumbnailUrl\":\"http:\\\/\\\/fjala.shkoder.net\\\/wp-content\\\/uploads\\\/2010\\\/10\\\/mero_baze1.jpg\",\"datePublished\":\"2011-01-13T09:14:25+00:00\",\"breadcrumb\":{\"@id\":\"https:\\\/\\\/fjala.info\\\/2009-2015\\\/padronet-dhe-padrinot-e-fatit-tone-perendimor\\\/#breadcrumb\"},\"inLanguage\":\"sq-AL\",\"potentialAction\":[{\"@type\":\"ReadAction\",\"target\":[\"https:\\\/\\\/fjala.info\\\/2009-2015\\\/padronet-dhe-padrinot-e-fatit-tone-perendimor\\\/\"]}]},{\"@type\":\"ImageObject\",\"inLanguage\":\"sq-AL\",\"@id\":\"https:\\\/\\\/fjala.info\\\/2009-2015\\\/padronet-dhe-padrinot-e-fatit-tone-perendimor\\\/#primaryimage\",\"url\":\"http:\\\/\\\/fjala.shkoder.net\\\/wp-content\\\/uploads\\\/2010\\\/10\\\/mero_baze1.jpg\",\"contentUrl\":\"http:\\\/\\\/fjala.shkoder.net\\\/wp-content\\\/uploads\\\/2010\\\/10\\\/mero_baze1.jpg\"},{\"@type\":\"BreadcrumbList\",\"@id\":\"https:\\\/\\\/fjala.info\\\/2009-2015\\\/padronet-dhe-padrinot-e-fatit-tone-perendimor\\\/#breadcrumb\",\"itemListElement\":[{\"@type\":\"ListItem\",\"position\":1,\"name\":\"Home\",\"item\":\"https:\\\/\\\/fjala.info\\\/2009-2015\\\/\"},{\"@type\":\"ListItem\",\"position\":2,\"name\":\"Padron\u00ebt dhe padrinot e fatit ton\u00eb per\u00ebndimor\"}]},{\"@type\":\"WebSite\",\"@id\":\"https:\\\/\\\/fjala.info\\\/2009-2015\\\/#website\",\"url\":\"https:\\\/\\\/fjala.info\\\/2009-2015\\\/\",\"name\":\"FjALA e LIR\u00cb - Arkivi\",\"description\":\"Arkivi 2009-2015\",\"publisher\":{\"@id\":\"https:\\\/\\\/fjala.info\\\/2009-2015\\\/#organization\"},\"potentialAction\":[{\"@type\":\"SearchAction\",\"target\":{\"@type\":\"EntryPoint\",\"urlTemplate\":\"https:\\\/\\\/fjala.info\\\/2009-2015\\\/?s={search_term_string}\"},\"query-input\":{\"@type\":\"PropertyValueSpecification\",\"valueRequired\":true,\"valueName\":\"search_term_string\"}}],\"inLanguage\":\"sq-AL\"},{\"@type\":\"Organization\",\"@id\":\"https:\\\/\\\/fjala.info\\\/2009-2015\\\/#organization\",\"name\":\"FjALA e LIR\u00cb - Arkivi\",\"url\":\"https:\\\/\\\/fjala.info\\\/2009-2015\\\/\",\"logo\":{\"@type\":\"ImageObject\",\"inLanguage\":\"sq-AL\",\"@id\":\"https:\\\/\\\/fjala.info\\\/2009-2015\\\/#\\\/schema\\\/logo\\\/image\\\/\",\"url\":\"\",\"contentUrl\":\"\",\"caption\":\"FjALA e LIR\u00cb - Arkivi\"},\"image\":{\"@id\":\"https:\\\/\\\/fjala.info\\\/2009-2015\\\/#\\\/schema\\\/logo\\\/image\\\/\"}},{\"@type\":\"Person\",\"@id\":\"https:\\\/\\\/fjala.info\\\/2009-2015\\\/#\\\/schema\\\/person\\\/3aa1163ef05469c496fc94e77611ada2\",\"name\":\"admin\",\"image\":{\"@type\":\"ImageObject\",\"inLanguage\":\"sq-AL\",\"@id\":\"https:\\\/\\\/fjala.info\\\/2009-2015\\\/wp-content\\\/uploads\\\/2012\\\/02\\\/arben_cokaj-120x150.jpg\",\"url\":\"https:\\\/\\\/fjala.info\\\/2009-2015\\\/wp-content\\\/uploads\\\/2012\\\/02\\\/arben_cokaj-120x150.jpg\",\"contentUrl\":\"https:\\\/\\\/fjala.info\\\/2009-2015\\\/wp-content\\\/uploads\\\/2012\\\/02\\\/arben_cokaj-120x150.jpg\",\"caption\":\"admin\"},\"description\":\"Admin, Fjala e Lir\u00eb\",\"sameAs\":[\"https:\\\/\\\/fjala.info\\\/\"],\"url\":\"https:\\\/\\\/fjala.info\\\/2009-2015\\\/author\\\/admin\\\/\"}]}<\/script>\n<!-- \/ Yoast SEO plugin. -->","yoast_head_json":{"title":"Padron\u00ebt dhe padrinot e fatit ton\u00eb per\u00ebndimor - FjALA e LIR\u00cb - Arkivi","robots":{"index":"index","follow":"follow","max-snippet":"max-snippet:-1","max-image-preview":"max-image-preview:large","max-video-preview":"max-video-preview:-1"},"canonical":"https:\/\/fjala.info\/2009-2015\/padronet-dhe-padrinot-e-fatit-tone-perendimor\/","og_locale":"sq_AL","og_type":"article","og_title":"Padron\u00ebt dhe padrinot e fatit ton\u00eb per\u00ebndimor - FjALA e LIR\u00cb - Arkivi","og_description":"Nga Mero Baze Ministri i Brendsh\u00ebm Lul\u00ebzim Basha u pa t\u00eb ishte shoq\u00ebruesi i par\u00eb i z\u00ebvend\u00ebskryeministrit n\u00ebn akuz\u00eb p\u00ebr kapje t\u00eb shtetit, ryshfete financiare dhe p\u00ebrfitime t\u00eb paligjshme. Pak para se t\u00eb fillonte publikimi i videos shokuese n\u00eb Fiks Fare, Lul\u00ebzim Basha hyri n\u00eb zyr\u00ebn e Ilir Met\u00ebs dhe e shoq\u00ebroi at\u00eb deri n\u00eb [&hellip;]","og_url":"https:\/\/fjala.info\/2009-2015\/padronet-dhe-padrinot-e-fatit-tone-perendimor\/","og_site_name":"FjALA e LIR\u00cb - Arkivi","article_published_time":"2011-01-13T09:14:25+00:00","og_image":[{"url":"http:\/\/fjala.shkoder.net\/wp-content\/uploads\/2010\/10\/mero_baze1.jpg","type":"","width":"","height":""}],"author":"admin","twitter_card":"summary_large_image","twitter_misc":{"Written by":"admin","Est. reading time":"5 minutes"},"schema":{"@context":"https:\/\/schema.org","@graph":[{"@type":"Article","@id":"https:\/\/fjala.info\/2009-2015\/padronet-dhe-padrinot-e-fatit-tone-perendimor\/#article","isPartOf":{"@id":"https:\/\/fjala.info\/2009-2015\/padronet-dhe-padrinot-e-fatit-tone-perendimor\/"},"author":{"name":"admin","@id":"https:\/\/fjala.info\/2009-2015\/#\/schema\/person\/3aa1163ef05469c496fc94e77611ada2"},"headline":"Padron\u00ebt dhe padrinot e fatit ton\u00eb per\u00ebndimor","datePublished":"2011-01-13T09:14:25+00:00","mainEntityOfPage":{"@id":"https:\/\/fjala.info\/2009-2015\/padronet-dhe-padrinot-e-fatit-tone-perendimor\/"},"wordCount":1038,"commentCount":0,"publisher":{"@id":"https:\/\/fjala.info\/2009-2015\/#organization"},"image":{"@id":"https:\/\/fjala.info\/2009-2015\/padronet-dhe-padrinot-e-fatit-tone-perendimor\/#primaryimage"},"thumbnailUrl":"http:\/\/fjala.shkoder.net\/wp-content\/uploads\/2010\/10\/mero_baze1.jpg","articleSection":["Artikuj"],"inLanguage":"sq-AL","potentialAction":[{"@type":"CommentAction","name":"Comment","target":["https:\/\/fjala.info\/2009-2015\/padronet-dhe-padrinot-e-fatit-tone-perendimor\/#respond"]}]},{"@type":"WebPage","@id":"https:\/\/fjala.info\/2009-2015\/padronet-dhe-padrinot-e-fatit-tone-perendimor\/","url":"https:\/\/fjala.info\/2009-2015\/padronet-dhe-padrinot-e-fatit-tone-perendimor\/","name":"Padron\u00ebt dhe padrinot e fatit ton\u00eb per\u00ebndimor - FjALA e LIR\u00cb - Arkivi","isPartOf":{"@id":"https:\/\/fjala.info\/2009-2015\/#website"},"primaryImageOfPage":{"@id":"https:\/\/fjala.info\/2009-2015\/padronet-dhe-padrinot-e-fatit-tone-perendimor\/#primaryimage"},"image":{"@id":"https:\/\/fjala.info\/2009-2015\/padronet-dhe-padrinot-e-fatit-tone-perendimor\/#primaryimage"},"thumbnailUrl":"http:\/\/fjala.shkoder.net\/wp-content\/uploads\/2010\/10\/mero_baze1.jpg","datePublished":"2011-01-13T09:14:25+00:00","breadcrumb":{"@id":"https:\/\/fjala.info\/2009-2015\/padronet-dhe-padrinot-e-fatit-tone-perendimor\/#breadcrumb"},"inLanguage":"sq-AL","potentialAction":[{"@type":"ReadAction","target":["https:\/\/fjala.info\/2009-2015\/padronet-dhe-padrinot-e-fatit-tone-perendimor\/"]}]},{"@type":"ImageObject","inLanguage":"sq-AL","@id":"https:\/\/fjala.info\/2009-2015\/padronet-dhe-padrinot-e-fatit-tone-perendimor\/#primaryimage","url":"http:\/\/fjala.shkoder.net\/wp-content\/uploads\/2010\/10\/mero_baze1.jpg","contentUrl":"http:\/\/fjala.shkoder.net\/wp-content\/uploads\/2010\/10\/mero_baze1.jpg"},{"@type":"BreadcrumbList","@id":"https:\/\/fjala.info\/2009-2015\/padronet-dhe-padrinot-e-fatit-tone-perendimor\/#breadcrumb","itemListElement":[{"@type":"ListItem","position":1,"name":"Home","item":"https:\/\/fjala.info\/2009-2015\/"},{"@type":"ListItem","position":2,"name":"Padron\u00ebt dhe padrinot e fatit ton\u00eb per\u00ebndimor"}]},{"@type":"WebSite","@id":"https:\/\/fjala.info\/2009-2015\/#website","url":"https:\/\/fjala.info\/2009-2015\/","name":"FjALA e LIR\u00cb - Arkivi","description":"Arkivi 2009-2015","publisher":{"@id":"https:\/\/fjala.info\/2009-2015\/#organization"},"potentialAction":[{"@type":"SearchAction","target":{"@type":"EntryPoint","urlTemplate":"https:\/\/fjala.info\/2009-2015\/?s={search_term_string}"},"query-input":{"@type":"PropertyValueSpecification","valueRequired":true,"valueName":"search_term_string"}}],"inLanguage":"sq-AL"},{"@type":"Organization","@id":"https:\/\/fjala.info\/2009-2015\/#organization","name":"FjALA e LIR\u00cb - Arkivi","url":"https:\/\/fjala.info\/2009-2015\/","logo":{"@type":"ImageObject","inLanguage":"sq-AL","@id":"https:\/\/fjala.info\/2009-2015\/#\/schema\/logo\/image\/","url":"","contentUrl":"","caption":"FjALA e LIR\u00cb - Arkivi"},"image":{"@id":"https:\/\/fjala.info\/2009-2015\/#\/schema\/logo\/image\/"}},{"@type":"Person","@id":"https:\/\/fjala.info\/2009-2015\/#\/schema\/person\/3aa1163ef05469c496fc94e77611ada2","name":"admin","image":{"@type":"ImageObject","inLanguage":"sq-AL","@id":"https:\/\/fjala.info\/2009-2015\/wp-content\/uploads\/2012\/02\/arben_cokaj-120x150.jpg","url":"https:\/\/fjala.info\/2009-2015\/wp-content\/uploads\/2012\/02\/arben_cokaj-120x150.jpg","contentUrl":"https:\/\/fjala.info\/2009-2015\/wp-content\/uploads\/2012\/02\/arben_cokaj-120x150.jpg","caption":"admin"},"description":"Admin, Fjala e Lir\u00eb","sameAs":["https:\/\/fjala.info\/"],"url":"https:\/\/fjala.info\/2009-2015\/author\/admin\/"}]}},"_links":{"self":[{"href":"https:\/\/fjala.info\/2009-2015\/wp-json\/wp\/v2\/posts\/5616","targetHints":{"allow":["GET"]}}],"collection":[{"href":"https:\/\/fjala.info\/2009-2015\/wp-json\/wp\/v2\/posts"}],"about":[{"href":"https:\/\/fjala.info\/2009-2015\/wp-json\/wp\/v2\/types\/post"}],"author":[{"embeddable":true,"href":"https:\/\/fjala.info\/2009-2015\/wp-json\/wp\/v2\/users\/1"}],"replies":[{"embeddable":true,"href":"https:\/\/fjala.info\/2009-2015\/wp-json\/wp\/v2\/comments?post=5616"}],"version-history":[{"count":0,"href":"https:\/\/fjala.info\/2009-2015\/wp-json\/wp\/v2\/posts\/5616\/revisions"}],"wp:attachment":[{"href":"https:\/\/fjala.info\/2009-2015\/wp-json\/wp\/v2\/media?parent=5616"}],"wp:term":[{"taxonomy":"category","embeddable":true,"href":"https:\/\/fjala.info\/2009-2015\/wp-json\/wp\/v2\/categories?post=5616"},{"taxonomy":"post_tag","embeddable":true,"href":"https:\/\/fjala.info\/2009-2015\/wp-json\/wp\/v2\/tags?post=5616"}],"curies":[{"name":"wp","href":"https:\/\/api.w.org\/{rel}","templated":true}]}}