{"id":5585,"date":"2011-01-11T07:53:13","date_gmt":"2011-01-11T06:53:13","guid":{"rendered":"http:\/\/fjala.shkoder.net\/?p=5585"},"modified":"2011-01-11T07:53:13","modified_gmt":"2011-01-11T06:53:13","slug":"nje-histori-me-shit-qen-e-blej-kelysh","status":"publish","type":"post","link":"https:\/\/fjala.info\/2009-2015\/nje-histori-me-shit-qen-e-blej-kelysh\/","title":{"rendered":"Nj\u00eb histori me \u201cshit qen e blej k\u00eblysh\u201d"},"content":{"rendered":"<p><img loading=\"lazy\" decoding=\"async\" class=\"alignright size-full wp-image-4090\" title=\"Mero Baze\" src=\"http:\/\/fjala.shkoder.net\/wp-content\/uploads\/2010\/10\/mero_baze1.jpg\" alt=\"\" width=\"149\" height=\"200\" \/><\/p>\n<p>Nga <strong>Mero Baze<\/strong><\/p>\n<p>Disa fakte trondit\u00ebse p\u00ebr mitmarrjen dhe harbutll\u00ebkun e qeveris\u00eb po qarkullojn\u00eb prej disa koh\u00ebsh n\u00eb mjediset mediatike dhe pritet t\u00eb b\u00ebhen publike k\u00ebto dit\u00eb. Emisioni \u201cFiks Fare\u201d, i cili pritet t\u00eb hedh\u00eb i pari n\u00eb treg nj\u00eb regjistrim trondit\u00ebs ku implikohen figurat m\u00eb t\u00eb larta t\u00eb qeveris\u00eb Berisha, duket se ka nxitur kryeministrin Berisha t\u00eb marr\u00eb masat p\u00ebr ndonj\u00eb kriz\u00eb t\u00eb mundshme t\u00eb qeveris\u00eb. Paralelisht me regjistrimin skandaloz t\u00eb mitmarrjes s\u00eb nj\u00eb prej krer\u00ebve m\u00eb t\u00eb lart\u00eb t\u00eb qeveris\u00eb Berisha, n\u00ebp\u00ebr redaksit\u00eb e gazetave dje filloi t\u00eb qarkulloj\u00eb dhe lajmi se partia e \u00e7am\u00ebve, bile \u201c\u00e7am\u00ebt e bashkuar\u201d, do t\u00eb hyjn\u00eb n\u00eb qeverin\u00eb Berisha p\u00ebr t\u00eb qen\u00eb garant t\u00eb mos rr\u00ebzimit t\u00eb saj.<\/p>\n<p>T\u00eb dyja lajmet jan\u00eb tmerr\u00ebsisht t\u00eb r\u00ebnda. I pari, si\u00e7 do ta shohin vet\u00eb shqiptar\u00ebt, tregon se sa posht\u00eb dhe sa vulgare \u00ebsht\u00eb qeverisja e kryeministrit Berisha dhe koalicioni i tij me LSI. E dyta tregon se sa banal dhe batak\u00e7inj jan\u00eb ata q\u00eb keqp\u00ebrdorin nj\u00eb \u00e7\u00ebshtje t\u00eb pazgjidhur historike dhe nj\u00eb emocion komb\u00ebtar duke u kthyer n\u00eb kamardare shp\u00ebtimi p\u00ebr nj\u00eb anije q\u00eb po fundoset n\u00eb nj\u00eb pellg t\u00eb ndotur nga hajduteria m\u00eb e madhe q\u00eb ka njohur ndonj\u00eb her\u00eb ky vend.<\/p>\n<p>Por ajo q\u00eb dua t\u00eb theksoj n\u00eb k\u00ebt\u00eb rast nuk \u00ebsht\u00eb krahasimi i cil\u00ebsis\u00eb s\u00eb batak\u00e7injve q\u00eb kan\u00eb hyr\u00eb n\u00eb politik\u00eb, por tallja me shqiptar\u00ebt. P\u00ebrpjekja p\u00ebr tu dukur t\u00eb sigurt n\u00eb numra, kur jan\u00eb baltosur kok\u00eb e k\u00ebmb\u00eb me pla\u00e7kitjen e vendit, \u00ebsht\u00eb nj\u00eb atentat i madh q\u00eb i b\u00ebhet sistemit t\u00eb liris\u00eb n\u00eb nj\u00eb vend. Nj\u00eb vend i lir\u00eb, dhe sidomos nj\u00eb shoq\u00ebri e lir\u00eb, nuk mund t\u00eb pranoj kurr\u00eb t\u00eb fyhet deri n\u00eb k\u00ebt\u00eb shkall\u00eb nga nj\u00eb qeveri e instaluar p\u00ebrmes llogarive financiare.<\/p>\n<p>Pas nj\u00eb beteje mbi nj\u00eb vit e gjysm\u00eb p\u00ebr t\u2019iu dh\u00ebn\u00eb mund\u00ebsia t\u00eb shikoj\u00eb vot\u00ebn e saj, opozita shqiptare \u201cdetyroi\u201d qeverin\u00eb t\u00eb futej n\u00eb nj\u00eb spirale t\u00eb re krimi, duke nxituar t\u00eb djeg\u00eb flet\u00ebt e votimit e t\u00eb ky\u00e7\u00eb listat e zgjedh\u00ebsve n\u00eb arkiv\u00eb. Sikund\u00ebr e keni par\u00eb, edhe gjesti i asgj\u00ebsimit t\u00eb flet\u00ebve t\u00eb votimit \u00ebsht\u00eb primitiv. B\u00ebhet me benzin\u00eb n\u00eb an\u00eb t\u00eb nj\u00eb lumi, duke i djegur dhe i groposur ato jasht\u00eb \u00e7do standardi ekologjik, nd\u00ebrkoh\u00eb q\u00eb dhe administrata e Enver Hoxh\u00ebs ka pasur disa brumatri\u00e7e letrash, q\u00eb i grinte n\u00eb bodrumet e Komitetit Q\u00ebndror dhe i \u00e7onte shiritat e letr\u00ebs p\u00ebr riciklim.<\/p>\n<p>Sali Berisha q\u00eb po na sjell plehrat e Italis\u00eb p\u00ebr riciklim n\u00eb Shqip\u00ebri, tmerrohet t\u00eb ricikloj\u00eb dhe t\u00eb asgj\u00ebsoj\u00eb sipas standardeve evropiane flet\u00ebt e votimit, vet\u00ebm nga ideja e tmerrshme e rikthimit t\u00eb tyre n\u00eb jet\u00eb p\u00ebrmes fabrikave t\u00eb riciklimit. Duke djegur primitivisht flet\u00ebt e votimit, duke asgj\u00ebsuar listat e votuesve ku u kap krimi elektoral i Ruzhdijes dhe duke u p\u00ebrpjekur \u201ct\u00eb shes\u00eb qen e t\u00eb blej\u00eb k\u00eblysh\u201d n\u00eb qeveri p\u00ebr t\u00eb ruajtur 72 vota, Sali Berisha po fyen deri n\u00eb ekstrem instikitet e liris\u00eb s\u00eb nj\u00eb vendi, i cili edhe pse liria nuk e ka shoq\u00ebruar n\u00eb gjith\u00eb historin\u00eb e tij, nuk ka qen\u00eb kurr\u00eb kaq shum\u00eb i posht\u00ebruar nga keqp\u00ebrdorimi i saj.<\/p>\n<p>N\u00ebse presioni i opozit\u00ebs p\u00ebr transparenc\u00ebn e detyroi Berish\u00ebn t\u00eb b\u00ebj\u00eb nj\u00eb krim kund\u00ebr provave t\u00eb krimit elektoral, presioni publik i t\u00eb kapurve me presh n\u00eb duar n\u00eb pazare milion\u00ebshe mund ta detyroj at\u00eb t\u00eb prodhoj\u00eb situata artificiale qeveris\u00ebse duke p\u00ebrdorur parat\u00eb e paligjshme t\u00eb mbledhura nga pla\u00e7kitja e vendit p\u00ebr t\u00eb mbrojtur pushtetin e tij. Ky standard nuk duhet lejuar. Opozita, por jo vet\u00ebm ajo, por dhe media e mbetur, e ka p\u00ebr detyr\u00eb t\u00eb krijoj nj\u00eb klim\u00eb mbyt\u00ebse p\u00ebr \u00e7do tentativ\u00eb p\u00ebr t\u00eb ri-posht\u00ebruar shqiptar\u00ebt, me loj\u00ebn e deputet\u00ebve t\u00eb bler\u00eb p\u00ebr t\u00eb mbajtur n\u00eb k\u00ebmb\u00eb Sali Berish\u00ebn.<\/p>\n<p>Pushteti i Sali Berish\u00ebs \u00ebsht\u00eb duke konsumuar nj\u00eb vep\u00ebr kriminale publikisht. Ai po korrupton sistemin, po zhduk p\u00ebrfundimisht zgjedhjet e lira dhe lirin\u00eb e medias. Po injoron faktin q\u00eb shqiptar\u00ebt votojn\u00eb duke ua djegur votat buz\u00eb nj\u00eb lumi, dhe po p\u00ebrpiqet t\u00eb injoroj\u00eb median q\u00eb flet, duke e zhurmuar at\u00eb me paret e pista t\u00eb krimit dhe kontrabandist\u00ebve t\u00eb oborrit t\u00eb Familjes n\u00eb pushtet. P\u00ebrball\u00eb k\u00ebtij krimi \u00e7dokush q\u00eb vendos t\u00eb kund\u00ebrshtoj\u00eb me \u00e7do mjet qeverin\u00eb, \u00ebsht\u00eb m\u00eb i ligjsh\u00ebm se dhuna politike dhe humbja e liris\u00eb p\u00ebr t\u00eb pasur nj\u00eb qeveri q\u00eb na p\u00ebrfaq\u00ebson.<\/p>\n<p>Sot shumica e shqiptar\u00ebve, p\u00ebrfshi dhe njer\u00ebz q\u00eb e kan\u00eb votuar at\u00eb, nuk ndjehen t\u00eb p\u00ebrfaq\u00ebsuar nga Sali Berisha dhe Ilir Meta, dhe as f\u00ebmij\u00ebt e tyre e as nga mbesat e Berish\u00ebs. Qeveria e Shteteve t\u00eb Bashkua t\u00eb Amerik\u00ebs u kujtoi k\u00ebt\u00eb fundjav\u00eb shqiptar\u00ebve se ata kan\u00eb nevoj\u00eb p\u00ebr nj\u00eb qeveri t\u00eb past\u00ebr dhe t\u00eb pakorruptuar. Kjo do t\u00eb thot\u00eb q\u00eb Sali Berisha, edhe pse p\u00ebrpiqet t\u00eb shfaqet n\u00eb ekrane me mbesat e veta t\u00eb pafajshme p\u00ebr tu treguar \u00e7ifligun e pushtetit t\u00eb vet, nuk ja ka mbushur dot mendjen askujt deri m\u00eb sot q\u00eb nuk \u00ebsht\u00eb i korruptuar. Mbi t\u00eb gjitha nuk na ka mbushur dot mendjen q\u00eb t\u00eb ndjehemi t\u00eb p\u00ebrfaq\u00ebsuar n\u00eb pushtet nga m\u00ebnyra se si ai u tregon mbesave t\u00eb tij historin\u00eb e pushtetit.<\/p>\n","protected":false},"excerpt":{"rendered":"<p>Nga Mero Baze Disa fakte trondit\u00ebse p\u00ebr mitmarrjen dhe harbutll\u00ebkun e qeveris\u00eb po qarkullojn\u00eb prej disa koh\u00ebsh n\u00eb mjediset mediatike dhe pritet t\u00eb b\u00ebhen publike k\u00ebto dit\u00eb. Emisioni \u201cFiks Fare\u201d, i cili pritet t\u00eb hedh\u00eb i pari n\u00eb treg nj\u00eb regjistrim trondit\u00ebs ku implikohen figurat m\u00eb t\u00eb larta t\u00eb qeveris\u00eb Berisha, duket se ka nxitur [&hellip;]<\/p>\n","protected":false},"author":1,"featured_media":0,"comment_status":"open","ping_status":"closed","sticky":false,"template":"","format":"standard","meta":{"footnotes":""},"categories":[2],"tags":[],"class_list":{"0":"post-5585","1":"post","2":"type-post","3":"status-publish","4":"format-standard","6":"category-artikuj"},"yoast_head":"<!-- This site is optimized with the Yoast SEO plugin v27.4 - https:\/\/yoast.com\/product\/yoast-seo-wordpress\/ -->\n<title>Nj\u00eb histori me \u201cshit qen e blej k\u00eblysh\u201d - FjALA e LIR\u00cb - Arkivi<\/title>\n<meta name=\"robots\" content=\"index, follow, max-snippet:-1, max-image-preview:large, max-video-preview:-1\" \/>\n<link rel=\"canonical\" href=\"https:\/\/fjala.info\/2009-2015\/nje-histori-me-shit-qen-e-blej-kelysh\/\" \/>\n<meta property=\"og:locale\" content=\"sq_AL\" \/>\n<meta property=\"og:type\" content=\"article\" \/>\n<meta property=\"og:title\" content=\"Nj\u00eb histori me \u201cshit qen e blej k\u00eblysh\u201d - FjALA e LIR\u00cb - Arkivi\" \/>\n<meta property=\"og:description\" content=\"Nga Mero Baze Disa fakte trondit\u00ebse p\u00ebr mitmarrjen dhe harbutll\u00ebkun e qeveris\u00eb po qarkullojn\u00eb prej disa koh\u00ebsh n\u00eb mjediset mediatike dhe pritet t\u00eb b\u00ebhen publike k\u00ebto dit\u00eb. Emisioni \u201cFiks Fare\u201d, i cili pritet t\u00eb hedh\u00eb i pari n\u00eb treg nj\u00eb regjistrim trondit\u00ebs ku implikohen figurat m\u00eb t\u00eb larta t\u00eb qeveris\u00eb Berisha, duket se ka nxitur [&hellip;]\" \/>\n<meta property=\"og:url\" content=\"https:\/\/fjala.info\/2009-2015\/nje-histori-me-shit-qen-e-blej-kelysh\/\" \/>\n<meta property=\"og:site_name\" content=\"FjALA e LIR\u00cb - Arkivi\" \/>\n<meta property=\"article:published_time\" content=\"2011-01-11T06:53:13+00:00\" \/>\n<meta property=\"og:image\" content=\"http:\/\/fjala.shkoder.net\/wp-content\/uploads\/2010\/10\/mero_baze1.jpg\" \/>\n<meta name=\"author\" content=\"admin\" \/>\n<meta name=\"twitter:card\" content=\"summary_large_image\" \/>\n<meta name=\"twitter:label1\" content=\"Written by\" \/>\n\t<meta name=\"twitter:data1\" content=\"admin\" \/>\n\t<meta name=\"twitter:label2\" content=\"Est. reading time\" \/>\n\t<meta name=\"twitter:data2\" content=\"5 minutes\" \/>\n<script type=\"application\/ld+json\" class=\"yoast-schema-graph\">{\"@context\":\"https:\\\/\\\/schema.org\",\"@graph\":[{\"@type\":\"Article\",\"@id\":\"https:\\\/\\\/fjala.info\\\/2009-2015\\\/nje-histori-me-shit-qen-e-blej-kelysh\\\/#article\",\"isPartOf\":{\"@id\":\"https:\\\/\\\/fjala.info\\\/2009-2015\\\/nje-histori-me-shit-qen-e-blej-kelysh\\\/\"},\"author\":{\"name\":\"admin\",\"@id\":\"https:\\\/\\\/fjala.info\\\/2009-2015\\\/#\\\/schema\\\/person\\\/3aa1163ef05469c496fc94e77611ada2\"},\"headline\":\"Nj\u00eb histori me \u201cshit qen e blej k\u00eblysh\u201d\",\"datePublished\":\"2011-01-11T06:53:13+00:00\",\"mainEntityOfPage\":{\"@id\":\"https:\\\/\\\/fjala.info\\\/2009-2015\\\/nje-histori-me-shit-qen-e-blej-kelysh\\\/\"},\"wordCount\":958,\"commentCount\":1,\"publisher\":{\"@id\":\"https:\\\/\\\/fjala.info\\\/2009-2015\\\/#organization\"},\"image\":{\"@id\":\"https:\\\/\\\/fjala.info\\\/2009-2015\\\/nje-histori-me-shit-qen-e-blej-kelysh\\\/#primaryimage\"},\"thumbnailUrl\":\"http:\\\/\\\/fjala.shkoder.net\\\/wp-content\\\/uploads\\\/2010\\\/10\\\/mero_baze1.jpg\",\"articleSection\":[\"Artikuj\"],\"inLanguage\":\"sq-AL\",\"potentialAction\":[{\"@type\":\"CommentAction\",\"name\":\"Comment\",\"target\":[\"https:\\\/\\\/fjala.info\\\/2009-2015\\\/nje-histori-me-shit-qen-e-blej-kelysh\\\/#respond\"]}]},{\"@type\":\"WebPage\",\"@id\":\"https:\\\/\\\/fjala.info\\\/2009-2015\\\/nje-histori-me-shit-qen-e-blej-kelysh\\\/\",\"url\":\"https:\\\/\\\/fjala.info\\\/2009-2015\\\/nje-histori-me-shit-qen-e-blej-kelysh\\\/\",\"name\":\"Nj\u00eb histori me \u201cshit qen e blej k\u00eblysh\u201d - FjALA e LIR\u00cb - Arkivi\",\"isPartOf\":{\"@id\":\"https:\\\/\\\/fjala.info\\\/2009-2015\\\/#website\"},\"primaryImageOfPage\":{\"@id\":\"https:\\\/\\\/fjala.info\\\/2009-2015\\\/nje-histori-me-shit-qen-e-blej-kelysh\\\/#primaryimage\"},\"image\":{\"@id\":\"https:\\\/\\\/fjala.info\\\/2009-2015\\\/nje-histori-me-shit-qen-e-blej-kelysh\\\/#primaryimage\"},\"thumbnailUrl\":\"http:\\\/\\\/fjala.shkoder.net\\\/wp-content\\\/uploads\\\/2010\\\/10\\\/mero_baze1.jpg\",\"datePublished\":\"2011-01-11T06:53:13+00:00\",\"breadcrumb\":{\"@id\":\"https:\\\/\\\/fjala.info\\\/2009-2015\\\/nje-histori-me-shit-qen-e-blej-kelysh\\\/#breadcrumb\"},\"inLanguage\":\"sq-AL\",\"potentialAction\":[{\"@type\":\"ReadAction\",\"target\":[\"https:\\\/\\\/fjala.info\\\/2009-2015\\\/nje-histori-me-shit-qen-e-blej-kelysh\\\/\"]}]},{\"@type\":\"ImageObject\",\"inLanguage\":\"sq-AL\",\"@id\":\"https:\\\/\\\/fjala.info\\\/2009-2015\\\/nje-histori-me-shit-qen-e-blej-kelysh\\\/#primaryimage\",\"url\":\"http:\\\/\\\/fjala.shkoder.net\\\/wp-content\\\/uploads\\\/2010\\\/10\\\/mero_baze1.jpg\",\"contentUrl\":\"http:\\\/\\\/fjala.shkoder.net\\\/wp-content\\\/uploads\\\/2010\\\/10\\\/mero_baze1.jpg\"},{\"@type\":\"BreadcrumbList\",\"@id\":\"https:\\\/\\\/fjala.info\\\/2009-2015\\\/nje-histori-me-shit-qen-e-blej-kelysh\\\/#breadcrumb\",\"itemListElement\":[{\"@type\":\"ListItem\",\"position\":1,\"name\":\"Home\",\"item\":\"https:\\\/\\\/fjala.info\\\/2009-2015\\\/\"},{\"@type\":\"ListItem\",\"position\":2,\"name\":\"Nj\u00eb histori me \u201cshit qen e blej k\u00eblysh\u201d\"}]},{\"@type\":\"WebSite\",\"@id\":\"https:\\\/\\\/fjala.info\\\/2009-2015\\\/#website\",\"url\":\"https:\\\/\\\/fjala.info\\\/2009-2015\\\/\",\"name\":\"FjALA e LIR\u00cb - Arkivi\",\"description\":\"Arkivi 2009-2015\",\"publisher\":{\"@id\":\"https:\\\/\\\/fjala.info\\\/2009-2015\\\/#organization\"},\"potentialAction\":[{\"@type\":\"SearchAction\",\"target\":{\"@type\":\"EntryPoint\",\"urlTemplate\":\"https:\\\/\\\/fjala.info\\\/2009-2015\\\/?s={search_term_string}\"},\"query-input\":{\"@type\":\"PropertyValueSpecification\",\"valueRequired\":true,\"valueName\":\"search_term_string\"}}],\"inLanguage\":\"sq-AL\"},{\"@type\":\"Organization\",\"@id\":\"https:\\\/\\\/fjala.info\\\/2009-2015\\\/#organization\",\"name\":\"FjALA e LIR\u00cb - Arkivi\",\"url\":\"https:\\\/\\\/fjala.info\\\/2009-2015\\\/\",\"logo\":{\"@type\":\"ImageObject\",\"inLanguage\":\"sq-AL\",\"@id\":\"https:\\\/\\\/fjala.info\\\/2009-2015\\\/#\\\/schema\\\/logo\\\/image\\\/\",\"url\":\"\",\"contentUrl\":\"\",\"caption\":\"FjALA e LIR\u00cb - Arkivi\"},\"image\":{\"@id\":\"https:\\\/\\\/fjala.info\\\/2009-2015\\\/#\\\/schema\\\/logo\\\/image\\\/\"}},{\"@type\":\"Person\",\"@id\":\"https:\\\/\\\/fjala.info\\\/2009-2015\\\/#\\\/schema\\\/person\\\/3aa1163ef05469c496fc94e77611ada2\",\"name\":\"admin\",\"image\":{\"@type\":\"ImageObject\",\"inLanguage\":\"sq-AL\",\"@id\":\"https:\\\/\\\/fjala.info\\\/2009-2015\\\/wp-content\\\/uploads\\\/2012\\\/02\\\/arben_cokaj-120x150.jpg\",\"url\":\"https:\\\/\\\/fjala.info\\\/2009-2015\\\/wp-content\\\/uploads\\\/2012\\\/02\\\/arben_cokaj-120x150.jpg\",\"contentUrl\":\"https:\\\/\\\/fjala.info\\\/2009-2015\\\/wp-content\\\/uploads\\\/2012\\\/02\\\/arben_cokaj-120x150.jpg\",\"caption\":\"admin\"},\"description\":\"Admin, Fjala e Lir\u00eb\",\"sameAs\":[\"https:\\\/\\\/fjala.info\\\/\"],\"url\":\"https:\\\/\\\/fjala.info\\\/2009-2015\\\/author\\\/admin\\\/\"}]}<\/script>\n<!-- \/ Yoast SEO plugin. -->","yoast_head_json":{"title":"Nj\u00eb histori me \u201cshit qen e blej k\u00eblysh\u201d - FjALA e LIR\u00cb - Arkivi","robots":{"index":"index","follow":"follow","max-snippet":"max-snippet:-1","max-image-preview":"max-image-preview:large","max-video-preview":"max-video-preview:-1"},"canonical":"https:\/\/fjala.info\/2009-2015\/nje-histori-me-shit-qen-e-blej-kelysh\/","og_locale":"sq_AL","og_type":"article","og_title":"Nj\u00eb histori me \u201cshit qen e blej k\u00eblysh\u201d - FjALA e LIR\u00cb - Arkivi","og_description":"Nga Mero Baze Disa fakte trondit\u00ebse p\u00ebr mitmarrjen dhe harbutll\u00ebkun e qeveris\u00eb po qarkullojn\u00eb prej disa koh\u00ebsh n\u00eb mjediset mediatike dhe pritet t\u00eb b\u00ebhen publike k\u00ebto dit\u00eb. Emisioni \u201cFiks Fare\u201d, i cili pritet t\u00eb hedh\u00eb i pari n\u00eb treg nj\u00eb regjistrim trondit\u00ebs ku implikohen figurat m\u00eb t\u00eb larta t\u00eb qeveris\u00eb Berisha, duket se ka nxitur [&hellip;]","og_url":"https:\/\/fjala.info\/2009-2015\/nje-histori-me-shit-qen-e-blej-kelysh\/","og_site_name":"FjALA e LIR\u00cb - Arkivi","article_published_time":"2011-01-11T06:53:13+00:00","og_image":[{"url":"http:\/\/fjala.shkoder.net\/wp-content\/uploads\/2010\/10\/mero_baze1.jpg","type":"","width":"","height":""}],"author":"admin","twitter_card":"summary_large_image","twitter_misc":{"Written by":"admin","Est. reading time":"5 minutes"},"schema":{"@context":"https:\/\/schema.org","@graph":[{"@type":"Article","@id":"https:\/\/fjala.info\/2009-2015\/nje-histori-me-shit-qen-e-blej-kelysh\/#article","isPartOf":{"@id":"https:\/\/fjala.info\/2009-2015\/nje-histori-me-shit-qen-e-blej-kelysh\/"},"author":{"name":"admin","@id":"https:\/\/fjala.info\/2009-2015\/#\/schema\/person\/3aa1163ef05469c496fc94e77611ada2"},"headline":"Nj\u00eb histori me \u201cshit qen e blej k\u00eblysh\u201d","datePublished":"2011-01-11T06:53:13+00:00","mainEntityOfPage":{"@id":"https:\/\/fjala.info\/2009-2015\/nje-histori-me-shit-qen-e-blej-kelysh\/"},"wordCount":958,"commentCount":1,"publisher":{"@id":"https:\/\/fjala.info\/2009-2015\/#organization"},"image":{"@id":"https:\/\/fjala.info\/2009-2015\/nje-histori-me-shit-qen-e-blej-kelysh\/#primaryimage"},"thumbnailUrl":"http:\/\/fjala.shkoder.net\/wp-content\/uploads\/2010\/10\/mero_baze1.jpg","articleSection":["Artikuj"],"inLanguage":"sq-AL","potentialAction":[{"@type":"CommentAction","name":"Comment","target":["https:\/\/fjala.info\/2009-2015\/nje-histori-me-shit-qen-e-blej-kelysh\/#respond"]}]},{"@type":"WebPage","@id":"https:\/\/fjala.info\/2009-2015\/nje-histori-me-shit-qen-e-blej-kelysh\/","url":"https:\/\/fjala.info\/2009-2015\/nje-histori-me-shit-qen-e-blej-kelysh\/","name":"Nj\u00eb histori me \u201cshit qen e blej k\u00eblysh\u201d - FjALA e LIR\u00cb - Arkivi","isPartOf":{"@id":"https:\/\/fjala.info\/2009-2015\/#website"},"primaryImageOfPage":{"@id":"https:\/\/fjala.info\/2009-2015\/nje-histori-me-shit-qen-e-blej-kelysh\/#primaryimage"},"image":{"@id":"https:\/\/fjala.info\/2009-2015\/nje-histori-me-shit-qen-e-blej-kelysh\/#primaryimage"},"thumbnailUrl":"http:\/\/fjala.shkoder.net\/wp-content\/uploads\/2010\/10\/mero_baze1.jpg","datePublished":"2011-01-11T06:53:13+00:00","breadcrumb":{"@id":"https:\/\/fjala.info\/2009-2015\/nje-histori-me-shit-qen-e-blej-kelysh\/#breadcrumb"},"inLanguage":"sq-AL","potentialAction":[{"@type":"ReadAction","target":["https:\/\/fjala.info\/2009-2015\/nje-histori-me-shit-qen-e-blej-kelysh\/"]}]},{"@type":"ImageObject","inLanguage":"sq-AL","@id":"https:\/\/fjala.info\/2009-2015\/nje-histori-me-shit-qen-e-blej-kelysh\/#primaryimage","url":"http:\/\/fjala.shkoder.net\/wp-content\/uploads\/2010\/10\/mero_baze1.jpg","contentUrl":"http:\/\/fjala.shkoder.net\/wp-content\/uploads\/2010\/10\/mero_baze1.jpg"},{"@type":"BreadcrumbList","@id":"https:\/\/fjala.info\/2009-2015\/nje-histori-me-shit-qen-e-blej-kelysh\/#breadcrumb","itemListElement":[{"@type":"ListItem","position":1,"name":"Home","item":"https:\/\/fjala.info\/2009-2015\/"},{"@type":"ListItem","position":2,"name":"Nj\u00eb histori me \u201cshit qen e blej k\u00eblysh\u201d"}]},{"@type":"WebSite","@id":"https:\/\/fjala.info\/2009-2015\/#website","url":"https:\/\/fjala.info\/2009-2015\/","name":"FjALA e LIR\u00cb - Arkivi","description":"Arkivi 2009-2015","publisher":{"@id":"https:\/\/fjala.info\/2009-2015\/#organization"},"potentialAction":[{"@type":"SearchAction","target":{"@type":"EntryPoint","urlTemplate":"https:\/\/fjala.info\/2009-2015\/?s={search_term_string}"},"query-input":{"@type":"PropertyValueSpecification","valueRequired":true,"valueName":"search_term_string"}}],"inLanguage":"sq-AL"},{"@type":"Organization","@id":"https:\/\/fjala.info\/2009-2015\/#organization","name":"FjALA e LIR\u00cb - Arkivi","url":"https:\/\/fjala.info\/2009-2015\/","logo":{"@type":"ImageObject","inLanguage":"sq-AL","@id":"https:\/\/fjala.info\/2009-2015\/#\/schema\/logo\/image\/","url":"","contentUrl":"","caption":"FjALA e LIR\u00cb - Arkivi"},"image":{"@id":"https:\/\/fjala.info\/2009-2015\/#\/schema\/logo\/image\/"}},{"@type":"Person","@id":"https:\/\/fjala.info\/2009-2015\/#\/schema\/person\/3aa1163ef05469c496fc94e77611ada2","name":"admin","image":{"@type":"ImageObject","inLanguage":"sq-AL","@id":"https:\/\/fjala.info\/2009-2015\/wp-content\/uploads\/2012\/02\/arben_cokaj-120x150.jpg","url":"https:\/\/fjala.info\/2009-2015\/wp-content\/uploads\/2012\/02\/arben_cokaj-120x150.jpg","contentUrl":"https:\/\/fjala.info\/2009-2015\/wp-content\/uploads\/2012\/02\/arben_cokaj-120x150.jpg","caption":"admin"},"description":"Admin, Fjala e Lir\u00eb","sameAs":["https:\/\/fjala.info\/"],"url":"https:\/\/fjala.info\/2009-2015\/author\/admin\/"}]}},"_links":{"self":[{"href":"https:\/\/fjala.info\/2009-2015\/wp-json\/wp\/v2\/posts\/5585","targetHints":{"allow":["GET"]}}],"collection":[{"href":"https:\/\/fjala.info\/2009-2015\/wp-json\/wp\/v2\/posts"}],"about":[{"href":"https:\/\/fjala.info\/2009-2015\/wp-json\/wp\/v2\/types\/post"}],"author":[{"embeddable":true,"href":"https:\/\/fjala.info\/2009-2015\/wp-json\/wp\/v2\/users\/1"}],"replies":[{"embeddable":true,"href":"https:\/\/fjala.info\/2009-2015\/wp-json\/wp\/v2\/comments?post=5585"}],"version-history":[{"count":0,"href":"https:\/\/fjala.info\/2009-2015\/wp-json\/wp\/v2\/posts\/5585\/revisions"}],"wp:attachment":[{"href":"https:\/\/fjala.info\/2009-2015\/wp-json\/wp\/v2\/media?parent=5585"}],"wp:term":[{"taxonomy":"category","embeddable":true,"href":"https:\/\/fjala.info\/2009-2015\/wp-json\/wp\/v2\/categories?post=5585"},{"taxonomy":"post_tag","embeddable":true,"href":"https:\/\/fjala.info\/2009-2015\/wp-json\/wp\/v2\/tags?post=5585"}],"curies":[{"name":"wp","href":"https:\/\/api.w.org\/{rel}","templated":true}]}}