{"id":5583,"date":"2011-01-09T23:25:18","date_gmt":"2011-01-09T22:25:18","guid":{"rendered":"http:\/\/fjala.shkoder.net\/?p=5583"},"modified":"2011-01-09T23:25:18","modified_gmt":"2011-01-09T22:25:18","slug":"fletet-ne-lume","status":"publish","type":"post","link":"https:\/\/fjala.info\/2009-2015\/fletet-ne-lume\/","title":{"rendered":"Flet\u00ebt n\u00eb lum\u00eb"},"content":{"rendered":"<p><img loading=\"lazy\" decoding=\"async\" class=\"alignright size-full wp-image-4090\" title=\"Mero Baze\" src=\"http:\/\/fjala.shkoder.net\/wp-content\/uploads\/2010\/10\/mero_baze1.jpg\" alt=\"\" width=\"149\" height=\"200\" \/><br \/>\n<strong>Mero Baze<\/strong>, <em>09.01.2011<\/em><\/p>\n<p>Dje mu kujtua nj\u00eb sken\u00eb nga vitet 2000, kur nj\u00eb komisar policie n\u00eb Elbasan, Edmond Koseni, u shfaq buz\u00eb nj\u00eb lumi, ndoshta Shkumbinit, p\u00ebr t\u00eb djegur drog\u00ebn q\u00eb kish kapur. Ishte sa banale, aq dhe autentike e gjith\u00eb p\u00ebrpjekja e tij p\u00ebr t&#8217;u distancuar nga droga. Mizanskena q\u00eb kish nd\u00ebrtuar n\u00eb mendje ishte gjithmon\u00eb nj\u00eb lum\u00eb q\u00eb merrte me vete t\u00eb keqen dhe lante komisarin.<\/p>\n<p>Lajmi i djesh\u00ebm se KQZ nisi t\u00eb djeg\u00eb flet\u00ebt e votimit buz\u00eb nj\u00eb lumi tek nj\u00eb l\u00ebndin\u00eb, ku hidhen inertet, ma riktheu n\u00eb mendje at\u00eb shijen e vulgaritetit q\u00eb m\u00eb ka pas l\u00ebn\u00eb dikur gjesti i komisarit. Tani p\u00ebr flet\u00ebt e votimit nuk flitet m\u00eb politikisht. Nuk flitet m\u00eb p\u00ebr vler\u00ebn e tyre politike, q\u00eb ka t\u00eb b\u00ebj\u00eb me rotacionin e pushtetit. Nuk flitet as p\u00ebr vler\u00ebn e tyre faktike q\u00eb ka t\u00eb b\u00ebj\u00eb me fshehjen e krimit. N\u00eb koshienc\u00ebn e pushtetit ato jan\u00eb nj\u00eb &#8220;l\u00ebnd\u00eb narkotike&#8221; q\u00eb ka helmuar shpirtin e kund\u00ebrshtar\u00ebve t\u00eb tyre dhe p\u00ebr k\u00ebt\u00eb duhen djegur, diku buz\u00eb nj\u00eb lumi, af\u00ebr nj\u00eb guroreje, q\u00eb t\u00eb mos i shoh\u00eb njeri.<\/p>\n<p>Pak a shum\u00eb si droga e Kosenit, pak a shum\u00eb si ekzekutimet pa gjyq dhe mbi t\u00eb gjitha si nj\u00eb gjest q\u00eb buron nga subkoshienca e dikujt q\u00eb i trajton ato si fakt kriminal.<br \/>\nU b\u00ebn\u00eb 20 vite q\u00eb un\u00eb jetoj n\u00eb pluraliz\u00ebm dhe nuk e di se ku jan\u00eb djegur m\u00eb par\u00eb flet\u00ebt e votimit, por, n\u00ebse do t\u00eb m\u00eb kishin pyetur, kurr\u00eb nuk do t&#8217;i p\u00ebrfytyroja t\u00eb digjeshin buz\u00eb nj\u00eb lumi, n\u00eb nj\u00eb l\u00ebndin\u00eb si p\u00ebr ta marr\u00eb t\u00eb keqen dikush me vete.<\/p>\n<p>Edhe nga ana ekologjike, nj\u00eb shtet q\u00eb nuk di t\u00eb djeg\u00eb nj\u00eb dokument t\u00eb tij, d\u00ebshmon thelbin e vet primitiv. Administrata, edhe ato m\u00eb t\u00eb prapambeturat n\u00eb bot\u00eb, kan\u00eb makinat e tyre dhe procedurat korrekte si ekologjike, ashtu dhe administrative t\u00eb asgj\u00ebsimit t\u00eb dokumenteve. Askund nuk kam d\u00ebgjuar q\u00eb ato ekzekutohen buz\u00eb nj\u00eb lumi, si Mehmet Shehu dhe Kadri Hazbiu q\u00eb mezi ju gjet\u00ebn eshtrat buz\u00eb Erzenit.<\/p>\n<p>Subkoshienca e krimit q\u00eb fle n\u00eb mendjen e shefit t\u00eb shumic\u00ebs s\u00eb dyshimt\u00eb n\u00eb vend nd\u00ebrton pa dashje tek gjith\u00eb vart\u00ebsit e vet dhe sken\u00ebn kriminale t\u00eb asgj\u00ebsimit t\u00eb provave t\u00eb krimit.<\/p>\n<p>Flet\u00ebt e votimit po zhduken si drog\u00eb e kapur pa leje. Me nj\u00eb vendim prej ka\u00e7ak\u00ebsh, kat\u00ebr an\u00ebtar\u00eb t\u00eb KQZ-s\u00eb kan\u00eb vendosur q\u00eb t\u00eb hidhet benzin\u00eb mbi zjarrin e ndezur nga opozita. Tashm\u00eb, ata q\u00eb kan\u00eb fiksim kutit\u00eb dhe flet\u00ebt nuk jan\u00eb m\u00eb opozitar\u00eb, por pjes\u00eb e shumic\u00ebs. Ata nuk duan t\u00eb d\u00ebgjojn\u00eb m\u00eb fjal\u00eb t\u00eb tilla. Nuk duan t\u00eb shikojn\u00eb m\u00eb flet\u00eb.<\/p>\n<p>Nuk duan t\u00eb ket\u00eb asnj\u00eb dyshim se ata i kan\u00eb flet\u00ebt n\u00eb zyrat e shtetit. Jo! Ato do t\u00eb digjen, nuk e di pse &#8220;p\u00ebr dy muaj rresht&#8221;, si\u00e7 ka th\u00ebn\u00eb KQZ-ja, por e sigurt \u00ebsht\u00eb q\u00eb do t\u00eb digjen buz\u00eb nj\u00eb lumi. Aq shum\u00eb m\u00eb ka tronditur ky detaj, sa dhe sikur t\u00eb m\u00eb thoshin q\u00eb flet\u00ebt do t\u00eb rinum\u00ebrohen buz\u00eb nj\u00eb lumi, do t\u00eb rr\u00ebqethesha. Sa her\u00eb shkoj n\u00eb jug, dhe n\u00eb vendlindjen time, shikoj Vjos\u00ebn e fryr\u00eb q\u00eb bie plastmas\u00eb dhe mbeturina, q\u00eb dhe ato pak qyteza q\u00eb jan\u00eb buz\u00eb saj i hedhin n\u00eb lum\u00eb. Sa her\u00eb del Semani dhe Shkumbini, shikoj Fierin dhe Rrogozhin\u00ebn q\u00eb mbulohet me plastmas\u00eb.<\/p>\n<p>Sa her\u00eb del Mati, shishet plastike dhe plasman\u00ebt mb\u00ebrrijn\u00eb deri n\u00eb Dubrovnik. Primitivizmi shqiptar i hedhjes s\u00eb plehrave n\u00eb lum\u00eb duket se tashm\u00eb \u00ebsht\u00eb b\u00ebr\u00eb dhe arsyetim shtet\u00ebror. Me apo pa dashje, qeveria do q\u00eb shqiptar\u00ebt ta besojn\u00eb se po e djeg t\u00eb keqen, po i heq xhindet q\u00eb ka brenda vetes dhe po i hedh n\u00eb lum\u00eb.<\/p>\n<p>N\u00eb k\u00ebt\u00eb rast \u00ebsht\u00eb zgjedhur Erzeni, nj\u00eb lum i paqm\u00eb, i vog\u00ebl, i past\u00ebr deri pa ju afruar Tiran\u00ebs dhe i pist\u00eb e i ndyr\u00eb deri sa derdhet af\u00ebr Gjirit t\u00eb Lal\u00ebzit, ku Sali Berisha dhe e bija po nd\u00ebrtojn\u00eb parajs\u00ebn e tyre t\u00eb re me paret e vjedhura nga shqiptar\u00ebt. Nuk di n\u00ebse Ristani e zgjodhi rast\u00ebsisht k\u00ebt\u00eb lum\u00eb p\u00ebr t\u00eb hedhur flet\u00ebt e djegura aty, por n\u00eb i shp\u00ebtoft\u00eb dot ndonj\u00eb pa djegur dhe t&#8217;i shfaqet Familjes n\u00eb Gjirin e Lal\u00ebzit, ka p\u00ebr t&#8217;u prodhuar ndonj\u00eb sken\u00eb makbethiane. Subkoshienca kriminale e hedhjes t\u00eb s\u00eb keqes n\u00eb lum\u00eb, qoft\u00eb ky pleh, plastmas, let\u00ebr, hi apo drog\u00eb, \u00ebsht\u00eb tashm\u00eb mentalitet shtet\u00ebror.<\/p>\n<p>E di q\u00eb shum\u00eb lexues do m\u00eb marrin p\u00ebr t\u00eb lajthitur q\u00eb un\u00eb vajtoj ndotjen e mjedisit dhe jo zhdukjen e fakteve kriminale. Por nuk kam rrug\u00eb tjet\u00ebr. Nj\u00eb krim provohet q\u00eb \u00ebsht\u00eb krim me koshienc\u00eb dhe nga m\u00ebnyra si kryhet. Edhe m\u00ebnyra se si po i zhdukin flet\u00ebt e votimit \u00ebsht\u00eb banditeske, vulgare, primitive, nj\u00ebsoj si vjedhja e tyre. Edhe kjo \u00ebsht\u00eb nj\u00eb prov\u00eb m\u00eb shum\u00eb q\u00eb ata po zhdukin nj\u00eb mall t\u00eb vjedhur.<\/p>\n","protected":false},"excerpt":{"rendered":"<p>Mero Baze, 09.01.2011 Dje mu kujtua nj\u00eb sken\u00eb nga vitet 2000, kur nj\u00eb komisar policie n\u00eb Elbasan, Edmond Koseni, u shfaq buz\u00eb nj\u00eb lumi, ndoshta Shkumbinit, p\u00ebr t\u00eb djegur drog\u00ebn q\u00eb kish kapur. Ishte sa banale, aq dhe autentike e gjith\u00eb p\u00ebrpjekja e tij p\u00ebr t&#8217;u distancuar nga droga. Mizanskena q\u00eb kish nd\u00ebrtuar n\u00eb mendje [&hellip;]<\/p>\n","protected":false},"author":1,"featured_media":0,"comment_status":"open","ping_status":"closed","sticky":false,"template":"","format":"standard","meta":{"footnotes":""},"categories":[2],"tags":[],"class_list":{"0":"post-5583","1":"post","2":"type-post","3":"status-publish","4":"format-standard","6":"category-artikuj"},"yoast_head":"<!-- This site is optimized with the Yoast SEO plugin v27.4 - https:\/\/yoast.com\/product\/yoast-seo-wordpress\/ -->\n<title>Flet\u00ebt n\u00eb lum\u00eb - FjALA e LIR\u00cb - Arkivi<\/title>\n<meta name=\"robots\" content=\"index, follow, max-snippet:-1, max-image-preview:large, max-video-preview:-1\" \/>\n<link rel=\"canonical\" href=\"https:\/\/fjala.info\/2009-2015\/fletet-ne-lume\/\" \/>\n<meta property=\"og:locale\" content=\"sq_AL\" \/>\n<meta property=\"og:type\" content=\"article\" \/>\n<meta property=\"og:title\" content=\"Flet\u00ebt n\u00eb lum\u00eb - FjALA e LIR\u00cb - Arkivi\" \/>\n<meta property=\"og:description\" content=\"Mero Baze, 09.01.2011 Dje mu kujtua nj\u00eb sken\u00eb nga vitet 2000, kur nj\u00eb komisar policie n\u00eb Elbasan, Edmond Koseni, u shfaq buz\u00eb nj\u00eb lumi, ndoshta Shkumbinit, p\u00ebr t\u00eb djegur drog\u00ebn q\u00eb kish kapur. Ishte sa banale, aq dhe autentike e gjith\u00eb p\u00ebrpjekja e tij p\u00ebr t&#8217;u distancuar nga droga. Mizanskena q\u00eb kish nd\u00ebrtuar n\u00eb mendje [&hellip;]\" \/>\n<meta property=\"og:url\" content=\"https:\/\/fjala.info\/2009-2015\/fletet-ne-lume\/\" \/>\n<meta property=\"og:site_name\" content=\"FjALA e LIR\u00cb - Arkivi\" \/>\n<meta property=\"article:published_time\" content=\"2011-01-09T22:25:18+00:00\" \/>\n<meta property=\"og:image\" content=\"http:\/\/fjala.shkoder.net\/wp-content\/uploads\/2010\/10\/mero_baze1.jpg\" \/>\n<meta name=\"author\" content=\"admin\" \/>\n<meta name=\"twitter:card\" content=\"summary_large_image\" \/>\n<meta name=\"twitter:label1\" content=\"Written by\" \/>\n\t<meta name=\"twitter:data1\" content=\"admin\" \/>\n\t<meta name=\"twitter:label2\" content=\"Est. reading time\" \/>\n\t<meta name=\"twitter:data2\" content=\"4 minutes\" \/>\n<script type=\"application\/ld+json\" class=\"yoast-schema-graph\">{\"@context\":\"https:\\\/\\\/schema.org\",\"@graph\":[{\"@type\":\"Article\",\"@id\":\"https:\\\/\\\/fjala.info\\\/2009-2015\\\/fletet-ne-lume\\\/#article\",\"isPartOf\":{\"@id\":\"https:\\\/\\\/fjala.info\\\/2009-2015\\\/fletet-ne-lume\\\/\"},\"author\":{\"name\":\"admin\",\"@id\":\"https:\\\/\\\/fjala.info\\\/2009-2015\\\/#\\\/schema\\\/person\\\/3aa1163ef05469c496fc94e77611ada2\"},\"headline\":\"Flet\u00ebt n\u00eb lum\u00eb\",\"datePublished\":\"2011-01-09T22:25:18+00:00\",\"mainEntityOfPage\":{\"@id\":\"https:\\\/\\\/fjala.info\\\/2009-2015\\\/fletet-ne-lume\\\/\"},\"wordCount\":875,\"commentCount\":0,\"publisher\":{\"@id\":\"https:\\\/\\\/fjala.info\\\/2009-2015\\\/#organization\"},\"image\":{\"@id\":\"https:\\\/\\\/fjala.info\\\/2009-2015\\\/fletet-ne-lume\\\/#primaryimage\"},\"thumbnailUrl\":\"http:\\\/\\\/fjala.shkoder.net\\\/wp-content\\\/uploads\\\/2010\\\/10\\\/mero_baze1.jpg\",\"articleSection\":[\"Artikuj\"],\"inLanguage\":\"sq-AL\",\"potentialAction\":[{\"@type\":\"CommentAction\",\"name\":\"Comment\",\"target\":[\"https:\\\/\\\/fjala.info\\\/2009-2015\\\/fletet-ne-lume\\\/#respond\"]}]},{\"@type\":\"WebPage\",\"@id\":\"https:\\\/\\\/fjala.info\\\/2009-2015\\\/fletet-ne-lume\\\/\",\"url\":\"https:\\\/\\\/fjala.info\\\/2009-2015\\\/fletet-ne-lume\\\/\",\"name\":\"Flet\u00ebt n\u00eb lum\u00eb - FjALA e LIR\u00cb - Arkivi\",\"isPartOf\":{\"@id\":\"https:\\\/\\\/fjala.info\\\/2009-2015\\\/#website\"},\"primaryImageOfPage\":{\"@id\":\"https:\\\/\\\/fjala.info\\\/2009-2015\\\/fletet-ne-lume\\\/#primaryimage\"},\"image\":{\"@id\":\"https:\\\/\\\/fjala.info\\\/2009-2015\\\/fletet-ne-lume\\\/#primaryimage\"},\"thumbnailUrl\":\"http:\\\/\\\/fjala.shkoder.net\\\/wp-content\\\/uploads\\\/2010\\\/10\\\/mero_baze1.jpg\",\"datePublished\":\"2011-01-09T22:25:18+00:00\",\"breadcrumb\":{\"@id\":\"https:\\\/\\\/fjala.info\\\/2009-2015\\\/fletet-ne-lume\\\/#breadcrumb\"},\"inLanguage\":\"sq-AL\",\"potentialAction\":[{\"@type\":\"ReadAction\",\"target\":[\"https:\\\/\\\/fjala.info\\\/2009-2015\\\/fletet-ne-lume\\\/\"]}]},{\"@type\":\"ImageObject\",\"inLanguage\":\"sq-AL\",\"@id\":\"https:\\\/\\\/fjala.info\\\/2009-2015\\\/fletet-ne-lume\\\/#primaryimage\",\"url\":\"http:\\\/\\\/fjala.shkoder.net\\\/wp-content\\\/uploads\\\/2010\\\/10\\\/mero_baze1.jpg\",\"contentUrl\":\"http:\\\/\\\/fjala.shkoder.net\\\/wp-content\\\/uploads\\\/2010\\\/10\\\/mero_baze1.jpg\"},{\"@type\":\"BreadcrumbList\",\"@id\":\"https:\\\/\\\/fjala.info\\\/2009-2015\\\/fletet-ne-lume\\\/#breadcrumb\",\"itemListElement\":[{\"@type\":\"ListItem\",\"position\":1,\"name\":\"Home\",\"item\":\"https:\\\/\\\/fjala.info\\\/2009-2015\\\/\"},{\"@type\":\"ListItem\",\"position\":2,\"name\":\"Flet\u00ebt n\u00eb lum\u00eb\"}]},{\"@type\":\"WebSite\",\"@id\":\"https:\\\/\\\/fjala.info\\\/2009-2015\\\/#website\",\"url\":\"https:\\\/\\\/fjala.info\\\/2009-2015\\\/\",\"name\":\"FjALA e LIR\u00cb - Arkivi\",\"description\":\"Arkivi 2009-2015\",\"publisher\":{\"@id\":\"https:\\\/\\\/fjala.info\\\/2009-2015\\\/#organization\"},\"potentialAction\":[{\"@type\":\"SearchAction\",\"target\":{\"@type\":\"EntryPoint\",\"urlTemplate\":\"https:\\\/\\\/fjala.info\\\/2009-2015\\\/?s={search_term_string}\"},\"query-input\":{\"@type\":\"PropertyValueSpecification\",\"valueRequired\":true,\"valueName\":\"search_term_string\"}}],\"inLanguage\":\"sq-AL\"},{\"@type\":\"Organization\",\"@id\":\"https:\\\/\\\/fjala.info\\\/2009-2015\\\/#organization\",\"name\":\"FjALA e LIR\u00cb - Arkivi\",\"url\":\"https:\\\/\\\/fjala.info\\\/2009-2015\\\/\",\"logo\":{\"@type\":\"ImageObject\",\"inLanguage\":\"sq-AL\",\"@id\":\"https:\\\/\\\/fjala.info\\\/2009-2015\\\/#\\\/schema\\\/logo\\\/image\\\/\",\"url\":\"\",\"contentUrl\":\"\",\"caption\":\"FjALA e LIR\u00cb - Arkivi\"},\"image\":{\"@id\":\"https:\\\/\\\/fjala.info\\\/2009-2015\\\/#\\\/schema\\\/logo\\\/image\\\/\"}},{\"@type\":\"Person\",\"@id\":\"https:\\\/\\\/fjala.info\\\/2009-2015\\\/#\\\/schema\\\/person\\\/3aa1163ef05469c496fc94e77611ada2\",\"name\":\"admin\",\"image\":{\"@type\":\"ImageObject\",\"inLanguage\":\"sq-AL\",\"@id\":\"https:\\\/\\\/fjala.info\\\/2009-2015\\\/wp-content\\\/uploads\\\/2012\\\/02\\\/arben_cokaj-120x150.jpg\",\"url\":\"https:\\\/\\\/fjala.info\\\/2009-2015\\\/wp-content\\\/uploads\\\/2012\\\/02\\\/arben_cokaj-120x150.jpg\",\"contentUrl\":\"https:\\\/\\\/fjala.info\\\/2009-2015\\\/wp-content\\\/uploads\\\/2012\\\/02\\\/arben_cokaj-120x150.jpg\",\"caption\":\"admin\"},\"description\":\"Admin, Fjala e Lir\u00eb\",\"sameAs\":[\"https:\\\/\\\/fjala.info\\\/\"],\"url\":\"https:\\\/\\\/fjala.info\\\/2009-2015\\\/author\\\/admin\\\/\"}]}<\/script>\n<!-- \/ Yoast SEO plugin. -->","yoast_head_json":{"title":"Flet\u00ebt n\u00eb lum\u00eb - FjALA e LIR\u00cb - Arkivi","robots":{"index":"index","follow":"follow","max-snippet":"max-snippet:-1","max-image-preview":"max-image-preview:large","max-video-preview":"max-video-preview:-1"},"canonical":"https:\/\/fjala.info\/2009-2015\/fletet-ne-lume\/","og_locale":"sq_AL","og_type":"article","og_title":"Flet\u00ebt n\u00eb lum\u00eb - FjALA e LIR\u00cb - Arkivi","og_description":"Mero Baze, 09.01.2011 Dje mu kujtua nj\u00eb sken\u00eb nga vitet 2000, kur nj\u00eb komisar policie n\u00eb Elbasan, Edmond Koseni, u shfaq buz\u00eb nj\u00eb lumi, ndoshta Shkumbinit, p\u00ebr t\u00eb djegur drog\u00ebn q\u00eb kish kapur. Ishte sa banale, aq dhe autentike e gjith\u00eb p\u00ebrpjekja e tij p\u00ebr t&#8217;u distancuar nga droga. Mizanskena q\u00eb kish nd\u00ebrtuar n\u00eb mendje [&hellip;]","og_url":"https:\/\/fjala.info\/2009-2015\/fletet-ne-lume\/","og_site_name":"FjALA e LIR\u00cb - Arkivi","article_published_time":"2011-01-09T22:25:18+00:00","og_image":[{"url":"http:\/\/fjala.shkoder.net\/wp-content\/uploads\/2010\/10\/mero_baze1.jpg","type":"","width":"","height":""}],"author":"admin","twitter_card":"summary_large_image","twitter_misc":{"Written by":"admin","Est. reading time":"4 minutes"},"schema":{"@context":"https:\/\/schema.org","@graph":[{"@type":"Article","@id":"https:\/\/fjala.info\/2009-2015\/fletet-ne-lume\/#article","isPartOf":{"@id":"https:\/\/fjala.info\/2009-2015\/fletet-ne-lume\/"},"author":{"name":"admin","@id":"https:\/\/fjala.info\/2009-2015\/#\/schema\/person\/3aa1163ef05469c496fc94e77611ada2"},"headline":"Flet\u00ebt n\u00eb lum\u00eb","datePublished":"2011-01-09T22:25:18+00:00","mainEntityOfPage":{"@id":"https:\/\/fjala.info\/2009-2015\/fletet-ne-lume\/"},"wordCount":875,"commentCount":0,"publisher":{"@id":"https:\/\/fjala.info\/2009-2015\/#organization"},"image":{"@id":"https:\/\/fjala.info\/2009-2015\/fletet-ne-lume\/#primaryimage"},"thumbnailUrl":"http:\/\/fjala.shkoder.net\/wp-content\/uploads\/2010\/10\/mero_baze1.jpg","articleSection":["Artikuj"],"inLanguage":"sq-AL","potentialAction":[{"@type":"CommentAction","name":"Comment","target":["https:\/\/fjala.info\/2009-2015\/fletet-ne-lume\/#respond"]}]},{"@type":"WebPage","@id":"https:\/\/fjala.info\/2009-2015\/fletet-ne-lume\/","url":"https:\/\/fjala.info\/2009-2015\/fletet-ne-lume\/","name":"Flet\u00ebt n\u00eb lum\u00eb - FjALA e LIR\u00cb - Arkivi","isPartOf":{"@id":"https:\/\/fjala.info\/2009-2015\/#website"},"primaryImageOfPage":{"@id":"https:\/\/fjala.info\/2009-2015\/fletet-ne-lume\/#primaryimage"},"image":{"@id":"https:\/\/fjala.info\/2009-2015\/fletet-ne-lume\/#primaryimage"},"thumbnailUrl":"http:\/\/fjala.shkoder.net\/wp-content\/uploads\/2010\/10\/mero_baze1.jpg","datePublished":"2011-01-09T22:25:18+00:00","breadcrumb":{"@id":"https:\/\/fjala.info\/2009-2015\/fletet-ne-lume\/#breadcrumb"},"inLanguage":"sq-AL","potentialAction":[{"@type":"ReadAction","target":["https:\/\/fjala.info\/2009-2015\/fletet-ne-lume\/"]}]},{"@type":"ImageObject","inLanguage":"sq-AL","@id":"https:\/\/fjala.info\/2009-2015\/fletet-ne-lume\/#primaryimage","url":"http:\/\/fjala.shkoder.net\/wp-content\/uploads\/2010\/10\/mero_baze1.jpg","contentUrl":"http:\/\/fjala.shkoder.net\/wp-content\/uploads\/2010\/10\/mero_baze1.jpg"},{"@type":"BreadcrumbList","@id":"https:\/\/fjala.info\/2009-2015\/fletet-ne-lume\/#breadcrumb","itemListElement":[{"@type":"ListItem","position":1,"name":"Home","item":"https:\/\/fjala.info\/2009-2015\/"},{"@type":"ListItem","position":2,"name":"Flet\u00ebt n\u00eb lum\u00eb"}]},{"@type":"WebSite","@id":"https:\/\/fjala.info\/2009-2015\/#website","url":"https:\/\/fjala.info\/2009-2015\/","name":"FjALA e LIR\u00cb - Arkivi","description":"Arkivi 2009-2015","publisher":{"@id":"https:\/\/fjala.info\/2009-2015\/#organization"},"potentialAction":[{"@type":"SearchAction","target":{"@type":"EntryPoint","urlTemplate":"https:\/\/fjala.info\/2009-2015\/?s={search_term_string}"},"query-input":{"@type":"PropertyValueSpecification","valueRequired":true,"valueName":"search_term_string"}}],"inLanguage":"sq-AL"},{"@type":"Organization","@id":"https:\/\/fjala.info\/2009-2015\/#organization","name":"FjALA e LIR\u00cb - Arkivi","url":"https:\/\/fjala.info\/2009-2015\/","logo":{"@type":"ImageObject","inLanguage":"sq-AL","@id":"https:\/\/fjala.info\/2009-2015\/#\/schema\/logo\/image\/","url":"","contentUrl":"","caption":"FjALA e LIR\u00cb - Arkivi"},"image":{"@id":"https:\/\/fjala.info\/2009-2015\/#\/schema\/logo\/image\/"}},{"@type":"Person","@id":"https:\/\/fjala.info\/2009-2015\/#\/schema\/person\/3aa1163ef05469c496fc94e77611ada2","name":"admin","image":{"@type":"ImageObject","inLanguage":"sq-AL","@id":"https:\/\/fjala.info\/2009-2015\/wp-content\/uploads\/2012\/02\/arben_cokaj-120x150.jpg","url":"https:\/\/fjala.info\/2009-2015\/wp-content\/uploads\/2012\/02\/arben_cokaj-120x150.jpg","contentUrl":"https:\/\/fjala.info\/2009-2015\/wp-content\/uploads\/2012\/02\/arben_cokaj-120x150.jpg","caption":"admin"},"description":"Admin, Fjala e Lir\u00eb","sameAs":["https:\/\/fjala.info\/"],"url":"https:\/\/fjala.info\/2009-2015\/author\/admin\/"}]}},"_links":{"self":[{"href":"https:\/\/fjala.info\/2009-2015\/wp-json\/wp\/v2\/posts\/5583","targetHints":{"allow":["GET"]}}],"collection":[{"href":"https:\/\/fjala.info\/2009-2015\/wp-json\/wp\/v2\/posts"}],"about":[{"href":"https:\/\/fjala.info\/2009-2015\/wp-json\/wp\/v2\/types\/post"}],"author":[{"embeddable":true,"href":"https:\/\/fjala.info\/2009-2015\/wp-json\/wp\/v2\/users\/1"}],"replies":[{"embeddable":true,"href":"https:\/\/fjala.info\/2009-2015\/wp-json\/wp\/v2\/comments?post=5583"}],"version-history":[{"count":0,"href":"https:\/\/fjala.info\/2009-2015\/wp-json\/wp\/v2\/posts\/5583\/revisions"}],"wp:attachment":[{"href":"https:\/\/fjala.info\/2009-2015\/wp-json\/wp\/v2\/media?parent=5583"}],"wp:term":[{"taxonomy":"category","embeddable":true,"href":"https:\/\/fjala.info\/2009-2015\/wp-json\/wp\/v2\/categories?post=5583"},{"taxonomy":"post_tag","embeddable":true,"href":"https:\/\/fjala.info\/2009-2015\/wp-json\/wp\/v2\/tags?post=5583"}],"curies":[{"name":"wp","href":"https:\/\/api.w.org\/{rel}","templated":true}]}}