{"id":5581,"date":"2011-01-09T23:22:54","date_gmt":"2011-01-09T22:22:54","guid":{"rendered":"http:\/\/fjala.shkoder.net\/?p=5581"},"modified":"2011-01-09T23:22:54","modified_gmt":"2011-01-09T22:22:54","slug":"homo-dragobicus","status":"publish","type":"post","link":"https:\/\/fjala.info\/2009-2015\/homo-dragobicus\/","title":{"rendered":"Homo Dragobicus"},"content":{"rendered":"<p><strong>Koloreto Cukali<\/strong>, <em>09.01.2011<\/em><\/p>\n<p>Viti i ri, duket sikur do t\u00eb nis\u00eb v\u00ebrtet me di\u00e7ka t\u00eb re, t\u00eb ndryshme nga i vjetri. Prandaj, dhe gjith\u00eb ai t\u00ebrbim p\u00ebr t\u00eb festuar. Duket, sikur po na vjen di\u00e7ka krejt e re. Duket sikur t\u00eb t\u00ebra hallet u mbyll\u00ebn, dhe kur t\u00eb zgjohemi gjith\u00e7ka do jet\u00eb fringo dhe e bukur. Ky \u00ebsht\u00eb vet\u00ebm nj\u00eb iluzion. Kur t\u00eb na dal\u00eb pija e fest\u00ebs, shum\u00eb prej nesh do shohin q\u00eb gjith\u00e7ka \u00ebsht\u00eb ashtu si\u00e7 ishte, n\u00eb mos m\u00eb keq. Gj\u00ebja e fundit q\u00eb mbaj mend nga viti q\u00eb shkoi, ishte nj\u00ebri q\u00eb vrau (diku n\u00eb Shkod\u00ebr) dik\u00eb tjet\u00ebr, sepse e parakaloi. Ai njeri \u00ebsht\u00eb nj\u00eb nga ne.<\/p>\n<p>Ka t\u00eb nj\u00ebjt\u00ebn pasaport\u00eb si ne, dhe mund t\u00eb na q\u00eblloj\u00eb dhe komshi. K\u00ebta, pavar\u00ebsisht n\u00ebse jetojn\u00eb n\u00eb Shkod\u00ebr, Mallakast\u00ebr a n\u00eb periferi t\u00eb Tiran\u00ebs, jan\u00eb njer\u00ebzit tan\u00eb. Ne nuk b\u00ebjm\u00eb dot sikur jemi ndryshe prej tyre, edhe pse e mendojm\u00eb. Jo vet\u00ebm ngaq\u00eb jetojm\u00eb n\u00eb t\u00eb nj\u00ebjtin shtet e flasim t\u00eb nj\u00ebjt\u00ebn gjuh\u00eb, por sepse genin e t\u00eb larit t\u00eb hesapeve me at\u00eb q\u00eb na shkel, e kemi t\u00eb t\u00ebr\u00eb brenda nesh, pavar\u00ebsisht sesa kemi kuraj\u00eb p\u00ebr ta b\u00ebr\u00eb. Ndoshta jo t\u00eb gjith\u00eb jemi gati t\u00eb ekzekutojm\u00eb dik\u00eb p\u00ebr nj\u00eb parakalim apo n\u00eb mes t\u00eb rrug\u00ebs.<\/p>\n<p>Ca, thjesht, vdesin aksidentalisht n\u00eb gjueti. Ka di\u00e7ka shpellare brenda nesh dhe kur vjen fjala te shpellat m\u00eb kujtohet ajo e Dragobis\u00eb. N\u00eb k\u00ebt\u00eb vit, kush i pir\u00eb, kush i papir\u00eb kemi ardhur t\u00eb t\u00ebr\u00eb, &#8220;ne&#8221; dhe &#8220;ata&#8221;. Ky \u00ebsht\u00eb viti yn\u00eb i ri, s\u00eb bashku me ta, n\u00eb t\u00eb nj\u00ebjt\u00ebn vark\u00eb q\u00eb quhet Republika e Dragobis\u00eb. Q\u00eb k\u00ebtej, shqiptari i vitit 2011 \u00ebsht\u00eb Homo Dragobicus.<\/p>\n<p>PSE, AI!<br \/>\nVazhdimisht d\u00ebgjoj n\u00eb lajme p\u00ebr njer\u00ebz q\u00eb vrasin tjetrin p\u00ebr nj\u00eb parakalim, p\u00ebr nj\u00eb fem\u00ebr, p\u00ebr nj\u00eb dhi. Jam p\u00ebrpjekur shum\u00eb t\u00eb kuptoj, &#8220;pse?&#8221;. Pse nuk e la t\u00eb parakalonte pa e prishur qejfin? Pse nuk kuptoi q\u00eb nj\u00eb fjal\u00eb ngacmuese nuk meriton nj\u00eb thik\u00eb?<\/p>\n<p>Pse nuk ia thith truri q\u00eb nj\u00eb dhi ka r\u00ebnd\u00ebsi vet\u00ebm kur \u00ebsht\u00eb n\u00eb p\u00ebrkrenare, por jo kur t\u00eb ha (padrejt\u00ebsisht) barin k\u00ebtej gardhit? Pse, Homo Dragobicus vendos ta zgjidh\u00eb \u00e7do problem, sado ordiner, me plumb? Dikush mund t\u00eb thot\u00eb, po t\u00eb kishte nj\u00eb polic t\u00eb ndersh\u00ebm q\u00eb t\u00eb v\u00ebr\u00eb gjob\u00eb aty ku ka parakalim t\u00eb gabuar; po t\u00eb ket\u00eb nj\u00eb gjykat\u00ebs q\u00eb atij q\u00eb ngacmon me fjal\u00eb nj\u00eb fem\u00ebr ta detyroj\u00eb me pun\u00eb publike; apo po t\u00eb ket\u00eb mjaftuesh\u00ebm bar p\u00ebr t\u00eb gjith\u00eb sa ajo q\u00eb h\u00ebngri dhia t\u00eb mos p\u00ebrb\u00ebj\u00eb shqet\u00ebsim, k\u00ebto gj\u00ebra nuk do t\u00eb ndodhnin. Sigurisht, dob\u00ebsia dhe deformimi i shtetit, ekzekutivit, gjyq\u00ebsorit e shoq\u00ebris\u00eb civile, sidomos sa del nga Tirana, \u00ebsht\u00eb nj\u00eb faktor favorizues.<\/p>\n<p>Shnd\u00ebrrimi i qyteteve periferike n\u00eb \u00e7ifligje t\u00eb disa pak feudal\u00ebve politik\u00eb e ekonomik\u00eb, i ka kthyer n\u00eb shkret\u00ebtira ku dhuna e verb\u00ebr \u00ebsht\u00eb mjet standard komunikimi. Por, kaq, prap\u00eb nuk mjafton p\u00ebr t\u00eb justifikuar vrasjen e nj\u00eb njeriu t\u00eb panjohur vet\u00ebm p\u00ebr nj\u00eb parakalim. As pse fjete me kush\u00ebrir\u00ebn e dikujt. E as p\u00ebr arsyen q\u00eb bari i fqinjit, dhis\u00eb q\u00eb kaloi gardhin iu duk m\u00eb i mir\u00eb se i veti. Problemi i v\u00ebrtet\u00eb \u00ebsht\u00eb brenda kok\u00ebs s\u00eb Homo Dragobicus. \u00cbsht\u00eb marr\u00ebdh\u00ebnia q\u00eb ka njeriu, me veten e me t\u00eb tjer\u00eb.<\/p>\n<p>SI JETON AI<br \/>\nNjeriu i periferis\u00eb, autokton apo i ardhur, jeton nj\u00eb realitet deri diku virtual rrethuar nga koncepte t\u00eb deformuara t\u00eb sedr\u00ebs personale, rrethit dhe pron\u00ebs. Vendin e tij n\u00eb shoq\u00ebri ai e kupton p\u00ebrmes konceptit &#8220;t\u00eb nderit&#8221; q\u00eb gradualisht, ka marr\u00eb thjesht form\u00ebn e sedr\u00ebs. Sedra e tij nuk \u00ebsht\u00eb e s\u00ebmur\u00eb por \u00ebsht\u00eb e ushqyer keq. Ai jeton vet\u00ebm p\u00ebr sedr\u00ebn, duke prishur t\u00eb t\u00ebra balancat normale t\u00eb nj\u00eb njeriu q\u00eb jeton n\u00eb shoq\u00ebri.<\/p>\n<p>Ai mund t\u00eb jet\u00eb i varf\u00ebr, ai mund t\u00eb jet\u00eb kriminel, ai mund t\u00eb jet\u00eb i pashkoll\u00eb, i pasuksessh\u00ebm, i dhunsh\u00ebm me gruan e f\u00ebmij\u00ebt, fanatik, mund t\u00eb jet\u00eb shum\u00eb gj\u00ebra, por k\u00ebto nuk ia prekin &#8220;nderin&#8221;. Dikush ka fjetur me kush\u00ebrir\u00ebn? Dikush i vrau dhin\u00eb?<\/p>\n<p>Dikush e parakaloi n\u00eb rrug\u00eb? At\u00ebher\u00eb i kan\u00eb prekur pron\u00ebn! N\u00eb syt\u00eb e homo dragobicus-ave t\u00eb tjer\u00eb ai sapo u deklasifikuar n\u00eb shkall\u00ebn shoq\u00ebrore. Sepse, ai p\u00ebrkufizohet nga ato q\u00eb ka: nj\u00eb fem\u00ebr, nj\u00eb dhi, nj\u00eb makin\u00eb. Po t\u00eb mos jet\u00eb n\u00eb gjendje t&#8217;i mbroj\u00eb ai do t\u00eb konsiderohet hallk\u00eb e dob\u00ebt n\u00eb zinxhirin e dhun\u00ebs. Dhe jo vet\u00ebm ai, por dhe t\u00ebr\u00eb rrethi i tij.<\/p>\n<p>SI G\u00cbZON AI<br \/>\nSa del jasht\u00eb unaz\u00ebs e deri n\u00eb Kala t\u00eb Dod\u00ebs jeta e njeriut \u00ebsht\u00eb t\u00eb haj\u00eb, t\u00eb ket\u00eb streh\u00eb, t\u00eb riprodhohet, e kryesorja: t\u00eb mbijetoj\u00eb. Jo m\u00eb kot, sa del nga qendra e Tiran\u00ebs, e vetmja gj\u00eb q\u00eb mund t\u00eb b\u00ebsh \u00ebsht\u00eb t\u00eb gjesh nj\u00eb vend t\u00eb mir\u00eb p\u00ebr t\u00eb ngr\u00ebn\u00eb, sepse nuk ka asgj\u00eb tjet\u00ebr p\u00ebr t\u00eb b\u00ebr\u00eb. Nuk ka asnj\u00eb vend n\u00eb Shqip\u00ebri ku t\u00eb mund t\u00eb arg\u00ebtohesh, p\u00ebrve\u00e7 peshkut. Ky, \u00ebsht\u00eb vendi ku Homo Dragobicus jeton p\u00ebrdit\u00eb.<\/p>\n<p>M\u00eb sakt\u00eb, mbijeton p\u00ebrdit\u00eb. Njeriu i shtyr\u00eb n\u00eb kufijt\u00eb e ekzistenc\u00ebs baz\u00eb do t\u00eb reagoj\u00eb po me instinkte baz\u00eb. Bota e tij emocionale nuk shkon p\u00ebrtej filmave me Vandamin q\u00eb i merr m\u00eb seriozisht se \u00e7&#8217;duhet dhe muzik\u00ebs s\u00eb dyshimt\u00eb n\u00eb kasetofonin e tij. Un\u00eb nuk po k\u00ebrkoj q\u00eb njeriu i periferis\u00eb t\u00eb lexoj\u00eb libra. Por, t\u00eb pakt\u00ebn, t\u00eb mos masturboj\u00eb me nj\u00eb pjes\u00ebmarr\u00ebse n\u00eb nj\u00eb reality show. Ai nuk k\u00ebndon, por dhe kur k\u00ebndon, n\u00eb fund t\u00eb pijes dalin pistoletat. Ai nuk dashuron.<\/p>\n<p>Ai v\u00ebrtet ka nj\u00eb grua, p\u00ebr t\u00eb cil\u00ebn kujdeset shum\u00eb, deri n\u00eb posedim, meq\u00eb ajo do i jap\u00eb pasardh\u00ebs, por kjo nuk e pengon q\u00eb n\u00ebse ka para t\u00eb shkoj\u00eb &#8220;p\u00ebr pun\u00eb&#8221; n\u00eb Podgoric\u00eb p\u00ebr t\u00eb g\u00ebzuar n\u00eb sht\u00ebpit\u00eb publike atje. Ju rrall\u00eb, q\u00ebllon q\u00eb e zhd\u00ebp n\u00eb dru edhe pun\u00ebtoren e seksit. Un\u00eb nuk po them q\u00eb ai nuk \u00ebsht\u00eb n\u00eb gjendje q\u00eb t\u00eb ndjehet i lumtur. E lumtur \u00ebsht\u00eb dhe macja ime pasi ushqehet. Por, n\u00ebse lumturia \u00ebsht\u00eb t\u00eb luaj\u00eb bilardo, e pastaj t\u00eb vras\u00eb shokun e ngusht\u00eb p\u00ebr loj\u00ebn, kjo lloj lumturie na \u00e7on p\u00ebrs\u00ebri te shpella.<\/p>\n<p>SI M\u00cbSON AI<br \/>\nN\u00eb mjedisin e tij, modelet e vetme jan\u00eb t\u00eb ngjashmit e vet. Njer\u00ebzit e kultivuar, sapo kan\u00eb nj\u00eb mund\u00ebsi, i kan\u00eb braktisur qytetet, kan\u00eb rendur drejt Tiran\u00ebs, ose m\u00eb mir\u00eb, drejt per\u00ebndimit. Intelektual\u00ebt dhe artist\u00ebt, ata q\u00eb p\u00ebrcaktojn\u00eb normat shoq\u00ebrore t\u00eb nj\u00eb qyteti n\u00eb periferi e n\u00eb rrethe nuk ekzistojn\u00eb m\u00eb, ose m\u00eb keq, p\u00ebrbuzen si qenie inferiore.<\/p>\n<p>Qytetet ua kemi dor\u00ebzuar atyre q\u00eb nuk jan\u00eb n\u00eb gjendje ose nuk kan\u00eb d\u00ebshir\u00eb t\u00eb nd\u00ebrtojn\u00eb qytetari, apo atyre q\u00eb vijn\u00eb n\u00eb qytet me mentalitet pushtuesi, me mentalitetin q\u00eb t\u00eb z\u00ebn\u00eb tok\u00eb, jo t\u00eb z\u00ebn\u00eb vend. Modelet qytetare, pra, jan\u00eb zhdukur.<\/p>\n<p>Modelet e vetme jan\u00eb zengjin\u00ebt e rinj, ata q\u00eb jan\u00eb b\u00ebr\u00eb t\u00eb pasur n\u00eb m\u00ebnyra t\u00eb dyshimta dhe q\u00eb e mbrojn\u00eb pozit\u00ebn e vet t\u00eb re me metoda po aq t\u00eb dyshimta. At\u00ebher\u00eb pse, duhet ta marrim inat homo dragobicusin? Ai thjesht po imiton t\u00eb fort\u00ebt e rinj t\u00eb qytetit.<\/p>\n<p>SA VLEN AI<br \/>\nHomo Dragobicus vlen shum\u00eb. Ai i duhet politik\u00ebs, sepse me pak zgjuarsi, konceptet e tij p\u00ebr &#8220;nderin&#8221; mund t\u00eb jen\u00eb mjaft dobiprur\u00ebse p\u00ebr t\u00eb nd\u00ebrtuar armatat e fanatik\u00ebve e militant\u00ebve politik\u00eb. Ai i duhet kast\u00ebs s\u00eb re t\u00eb \u00e7ifligar\u00ebve, sepse, \u00ebsht\u00eb leht\u00ebsisht i sunduesh\u00ebm, mjafton t\u00eb luash me ato pak element\u00eb naiv\u00eb q\u00eb p\u00ebrb\u00ebjn\u00eb sedr\u00ebn e tij.<\/p>\n<p>Homo dragobicus i b\u00ebn feudal\u00ebt t\u00eb ndjehen mir\u00eb. Sigurisht q\u00eb ata vet\u00eb nuk kan\u00eb ndonj\u00eb q\u00ebllim t\u00eb dalin nga shpella. Ambiciet e tyre jan\u00eb t\u00eb thjeshta &#8220;m\u00eb mir\u00eb i pari i fshatit&#8230;&#8221;.<br \/>\nAi i duhet rrethit t\u00eb vet, sepse, me k\u00ebt\u00eb shtet, asnj\u00eb nuk \u00ebsht\u00eb i sigurt. E vetmja gj\u00eb q\u00eb mund t&#8217;i ruaj\u00eb ato vajza e ato dhi, \u00ebsht\u00eb vet\u00ebm frika, se dikush t\u00eb vret p\u00ebr nj\u00eb fjal\u00eb goje.<\/p>\n<p>Ai na duhet dhe ne, p\u00ebr t\u00eb kuptuar veten ton\u00eb karshi k\u00ebtij vendi. Homo Dragobicus \u00ebsht\u00eb pasqyra e shoq\u00ebris\u00eb son\u00eb. Ne mund t\u00eb mos shihemi nj\u00eb dit\u00eb, nj\u00eb jav\u00eb, a madje dhe nj\u00eb vit n\u00eb pasqyr\u00eb. Po pasqyra \u00ebsht\u00eb aty. N\u00eb da\u00e7 quajeni dhe portret. Portreti q\u00eb shndrrohet n\u00eb most\u00ebr, nd\u00ebrsa ne mbesim t\u00eb rinj.<\/p>\n<p>SI DO T\u00cb NDRYSHOJ\u00cb AI<br \/>\nDikur kam menduar q\u00eb ekonomia i ndryshon njer\u00ebzit. Po t\u00eb ken\u00eb prosperitet nuk do duan ta humbin at\u00eb q\u00eb kan\u00eb p\u00ebr nj\u00eb parakalim, fem\u00ebr apo dhi. Por, realiteti q\u00eb jetojm\u00eb p\u00ebrdit\u00eb na tregon se ata q\u00eb kan\u00eb para, thjesht kan\u00eb mund\u00ebsi t\u00eb pun\u00ebsojn\u00eb dik\u00eb tjet\u00ebr t\u00eb vras\u00eb.<\/p>\n<p>Kam shpresuar q\u00eb duke shkuar jasht\u00eb shtetit do t\u00eb adaptohen, ndryshojn\u00eb, asimilohen. Por, shum\u00eb prej nesh edhe kur shkojn\u00eb jasht\u00eb krijojn\u00eb Little Dragobit\u00eb e veta, ku vrasja p\u00ebr &#8220;nder&#8221; \u00ebsht\u00eb nder. Tani thjesht mendoj se Homo Dragobicus, nuk mund t\u00eb ndryshoj\u00eb. Duhen ndryshuar shum\u00eb kushte nj\u00ebkoh\u00ebsisht, ekonomike, sociale, kulturore e politike, q\u00eb ne nuk kemi mund\u00ebsi ta b\u00ebjm\u00eb. Duhet ndryshuar edhe ndikimi i mbrapsht\u00eb q\u00eb Tirana ka tek ai, q\u00eb nga TV e deri tek figurat publike.<\/p>\n<p>Duhet t&#8217;i m\u00ebsojm\u00eb t\u00eb b\u00ebj\u00eb qejf m\u00eb shum\u00eb, t\u00eb doj\u00eb m\u00eb shum\u00eb, t\u00eb qesh\u00eb m\u00eb shum\u00eb. E shihni sa thuajse e pamundur q\u00eb \u00ebsht\u00eb? Homo Dragobicus, nuk mund t\u00eb ndryshoj\u00eb. Ai, \u00ebsht\u00eb i paaft\u00eb t\u00eb ndryshoj\u00eb veten e vet e as q\u00eb ka d\u00ebshir\u00eb ta b\u00ebj\u00eb. Madje, jam i sigurt q\u00eb nuk ka p\u00ebr ta lexuar as k\u00ebt\u00eb Tart\u00eb. Un\u00eb shoh nj\u00eb problem tek ai, por ai nuk gjen asgj\u00eb q\u00eb nuk shkon te vetja. Madje, ai sheh nj\u00eb gj\u00eb q\u00eb nuk shkon tek un\u00eb!! Parakalim tim t\u00eb gabuar&#8230; Bang-bang! Dhe g\u00ebzuar vitin e ri!<\/p>\n","protected":false},"excerpt":{"rendered":"<p>Koloreto Cukali, 09.01.2011 Viti i ri, duket sikur do t\u00eb nis\u00eb v\u00ebrtet me di\u00e7ka t\u00eb re, t\u00eb ndryshme nga i vjetri. Prandaj, dhe gjith\u00eb ai t\u00ebrbim p\u00ebr t\u00eb festuar. Duket, sikur po na vjen di\u00e7ka krejt e re. Duket sikur t\u00eb t\u00ebra hallet u mbyll\u00ebn, dhe kur t\u00eb zgjohemi gjith\u00e7ka do jet\u00eb fringo dhe e [&hellip;]<\/p>\n","protected":false},"author":1,"featured_media":0,"comment_status":"open","ping_status":"closed","sticky":false,"template":"","format":"standard","meta":{"footnotes":""},"categories":[2],"tags":[],"class_list":{"0":"post-5581","1":"post","2":"type-post","3":"status-publish","4":"format-standard","6":"category-artikuj"},"yoast_head":"<!-- This site is optimized with the Yoast SEO plugin v27.4 - https:\/\/yoast.com\/product\/yoast-seo-wordpress\/ -->\n<title>Homo Dragobicus - FjALA e LIR\u00cb - Arkivi<\/title>\n<meta name=\"robots\" content=\"index, follow, max-snippet:-1, max-image-preview:large, max-video-preview:-1\" \/>\n<link rel=\"canonical\" href=\"https:\/\/fjala.info\/2009-2015\/homo-dragobicus\/\" \/>\n<meta property=\"og:locale\" content=\"sq_AL\" \/>\n<meta property=\"og:type\" content=\"article\" \/>\n<meta property=\"og:title\" content=\"Homo Dragobicus - FjALA e LIR\u00cb - Arkivi\" \/>\n<meta property=\"og:description\" content=\"Koloreto Cukali, 09.01.2011 Viti i ri, duket sikur do t\u00eb nis\u00eb v\u00ebrtet me di\u00e7ka t\u00eb re, t\u00eb ndryshme nga i vjetri. Prandaj, dhe gjith\u00eb ai t\u00ebrbim p\u00ebr t\u00eb festuar. Duket, sikur po na vjen di\u00e7ka krejt e re. Duket sikur t\u00eb t\u00ebra hallet u mbyll\u00ebn, dhe kur t\u00eb zgjohemi gjith\u00e7ka do jet\u00eb fringo dhe e [&hellip;]\" \/>\n<meta property=\"og:url\" content=\"https:\/\/fjala.info\/2009-2015\/homo-dragobicus\/\" \/>\n<meta property=\"og:site_name\" content=\"FjALA e LIR\u00cb - Arkivi\" \/>\n<meta property=\"article:published_time\" content=\"2011-01-09T22:22:54+00:00\" \/>\n<meta name=\"author\" content=\"admin\" \/>\n<meta name=\"twitter:card\" content=\"summary_large_image\" \/>\n<meta name=\"twitter:label1\" content=\"Written by\" \/>\n\t<meta name=\"twitter:data1\" content=\"admin\" \/>\n\t<meta name=\"twitter:label2\" content=\"Est. reading time\" \/>\n\t<meta name=\"twitter:data2\" content=\"9 minutes\" \/>\n<script type=\"application\/ld+json\" class=\"yoast-schema-graph\">{\"@context\":\"https:\\\/\\\/schema.org\",\"@graph\":[{\"@type\":\"Article\",\"@id\":\"https:\\\/\\\/fjala.info\\\/2009-2015\\\/homo-dragobicus\\\/#article\",\"isPartOf\":{\"@id\":\"https:\\\/\\\/fjala.info\\\/2009-2015\\\/homo-dragobicus\\\/\"},\"author\":{\"name\":\"admin\",\"@id\":\"https:\\\/\\\/fjala.info\\\/2009-2015\\\/#\\\/schema\\\/person\\\/3aa1163ef05469c496fc94e77611ada2\"},\"headline\":\"Homo Dragobicus\",\"datePublished\":\"2011-01-09T22:22:54+00:00\",\"mainEntityOfPage\":{\"@id\":\"https:\\\/\\\/fjala.info\\\/2009-2015\\\/homo-dragobicus\\\/\"},\"wordCount\":1773,\"commentCount\":0,\"publisher\":{\"@id\":\"https:\\\/\\\/fjala.info\\\/2009-2015\\\/#organization\"},\"articleSection\":[\"Artikuj\"],\"inLanguage\":\"sq-AL\",\"potentialAction\":[{\"@type\":\"CommentAction\",\"name\":\"Comment\",\"target\":[\"https:\\\/\\\/fjala.info\\\/2009-2015\\\/homo-dragobicus\\\/#respond\"]}]},{\"@type\":\"WebPage\",\"@id\":\"https:\\\/\\\/fjala.info\\\/2009-2015\\\/homo-dragobicus\\\/\",\"url\":\"https:\\\/\\\/fjala.info\\\/2009-2015\\\/homo-dragobicus\\\/\",\"name\":\"Homo Dragobicus - FjALA e LIR\u00cb - Arkivi\",\"isPartOf\":{\"@id\":\"https:\\\/\\\/fjala.info\\\/2009-2015\\\/#website\"},\"datePublished\":\"2011-01-09T22:22:54+00:00\",\"breadcrumb\":{\"@id\":\"https:\\\/\\\/fjala.info\\\/2009-2015\\\/homo-dragobicus\\\/#breadcrumb\"},\"inLanguage\":\"sq-AL\",\"potentialAction\":[{\"@type\":\"ReadAction\",\"target\":[\"https:\\\/\\\/fjala.info\\\/2009-2015\\\/homo-dragobicus\\\/\"]}]},{\"@type\":\"BreadcrumbList\",\"@id\":\"https:\\\/\\\/fjala.info\\\/2009-2015\\\/homo-dragobicus\\\/#breadcrumb\",\"itemListElement\":[{\"@type\":\"ListItem\",\"position\":1,\"name\":\"Home\",\"item\":\"https:\\\/\\\/fjala.info\\\/2009-2015\\\/\"},{\"@type\":\"ListItem\",\"position\":2,\"name\":\"Homo Dragobicus\"}]},{\"@type\":\"WebSite\",\"@id\":\"https:\\\/\\\/fjala.info\\\/2009-2015\\\/#website\",\"url\":\"https:\\\/\\\/fjala.info\\\/2009-2015\\\/\",\"name\":\"FjALA e LIR\u00cb - Arkivi\",\"description\":\"Arkivi 2009-2015\",\"publisher\":{\"@id\":\"https:\\\/\\\/fjala.info\\\/2009-2015\\\/#organization\"},\"potentialAction\":[{\"@type\":\"SearchAction\",\"target\":{\"@type\":\"EntryPoint\",\"urlTemplate\":\"https:\\\/\\\/fjala.info\\\/2009-2015\\\/?s={search_term_string}\"},\"query-input\":{\"@type\":\"PropertyValueSpecification\",\"valueRequired\":true,\"valueName\":\"search_term_string\"}}],\"inLanguage\":\"sq-AL\"},{\"@type\":\"Organization\",\"@id\":\"https:\\\/\\\/fjala.info\\\/2009-2015\\\/#organization\",\"name\":\"FjALA e LIR\u00cb - Arkivi\",\"url\":\"https:\\\/\\\/fjala.info\\\/2009-2015\\\/\",\"logo\":{\"@type\":\"ImageObject\",\"inLanguage\":\"sq-AL\",\"@id\":\"https:\\\/\\\/fjala.info\\\/2009-2015\\\/#\\\/schema\\\/logo\\\/image\\\/\",\"url\":\"\",\"contentUrl\":\"\",\"caption\":\"FjALA e LIR\u00cb - Arkivi\"},\"image\":{\"@id\":\"https:\\\/\\\/fjala.info\\\/2009-2015\\\/#\\\/schema\\\/logo\\\/image\\\/\"}},{\"@type\":\"Person\",\"@id\":\"https:\\\/\\\/fjala.info\\\/2009-2015\\\/#\\\/schema\\\/person\\\/3aa1163ef05469c496fc94e77611ada2\",\"name\":\"admin\",\"image\":{\"@type\":\"ImageObject\",\"inLanguage\":\"sq-AL\",\"@id\":\"https:\\\/\\\/fjala.info\\\/2009-2015\\\/wp-content\\\/uploads\\\/2012\\\/02\\\/arben_cokaj-120x150.jpg\",\"url\":\"https:\\\/\\\/fjala.info\\\/2009-2015\\\/wp-content\\\/uploads\\\/2012\\\/02\\\/arben_cokaj-120x150.jpg\",\"contentUrl\":\"https:\\\/\\\/fjala.info\\\/2009-2015\\\/wp-content\\\/uploads\\\/2012\\\/02\\\/arben_cokaj-120x150.jpg\",\"caption\":\"admin\"},\"description\":\"Admin, Fjala e Lir\u00eb\",\"sameAs\":[\"https:\\\/\\\/fjala.info\\\/\"],\"url\":\"https:\\\/\\\/fjala.info\\\/2009-2015\\\/author\\\/admin\\\/\"}]}<\/script>\n<!-- \/ Yoast SEO plugin. -->","yoast_head_json":{"title":"Homo Dragobicus - FjALA e LIR\u00cb - Arkivi","robots":{"index":"index","follow":"follow","max-snippet":"max-snippet:-1","max-image-preview":"max-image-preview:large","max-video-preview":"max-video-preview:-1"},"canonical":"https:\/\/fjala.info\/2009-2015\/homo-dragobicus\/","og_locale":"sq_AL","og_type":"article","og_title":"Homo Dragobicus - FjALA e LIR\u00cb - Arkivi","og_description":"Koloreto Cukali, 09.01.2011 Viti i ri, duket sikur do t\u00eb nis\u00eb v\u00ebrtet me di\u00e7ka t\u00eb re, t\u00eb ndryshme nga i vjetri. Prandaj, dhe gjith\u00eb ai t\u00ebrbim p\u00ebr t\u00eb festuar. Duket, sikur po na vjen di\u00e7ka krejt e re. Duket sikur t\u00eb t\u00ebra hallet u mbyll\u00ebn, dhe kur t\u00eb zgjohemi gjith\u00e7ka do jet\u00eb fringo dhe e [&hellip;]","og_url":"https:\/\/fjala.info\/2009-2015\/homo-dragobicus\/","og_site_name":"FjALA e LIR\u00cb - Arkivi","article_published_time":"2011-01-09T22:22:54+00:00","author":"admin","twitter_card":"summary_large_image","twitter_misc":{"Written by":"admin","Est. reading time":"9 minutes"},"schema":{"@context":"https:\/\/schema.org","@graph":[{"@type":"Article","@id":"https:\/\/fjala.info\/2009-2015\/homo-dragobicus\/#article","isPartOf":{"@id":"https:\/\/fjala.info\/2009-2015\/homo-dragobicus\/"},"author":{"name":"admin","@id":"https:\/\/fjala.info\/2009-2015\/#\/schema\/person\/3aa1163ef05469c496fc94e77611ada2"},"headline":"Homo Dragobicus","datePublished":"2011-01-09T22:22:54+00:00","mainEntityOfPage":{"@id":"https:\/\/fjala.info\/2009-2015\/homo-dragobicus\/"},"wordCount":1773,"commentCount":0,"publisher":{"@id":"https:\/\/fjala.info\/2009-2015\/#organization"},"articleSection":["Artikuj"],"inLanguage":"sq-AL","potentialAction":[{"@type":"CommentAction","name":"Comment","target":["https:\/\/fjala.info\/2009-2015\/homo-dragobicus\/#respond"]}]},{"@type":"WebPage","@id":"https:\/\/fjala.info\/2009-2015\/homo-dragobicus\/","url":"https:\/\/fjala.info\/2009-2015\/homo-dragobicus\/","name":"Homo Dragobicus - FjALA e LIR\u00cb - Arkivi","isPartOf":{"@id":"https:\/\/fjala.info\/2009-2015\/#website"},"datePublished":"2011-01-09T22:22:54+00:00","breadcrumb":{"@id":"https:\/\/fjala.info\/2009-2015\/homo-dragobicus\/#breadcrumb"},"inLanguage":"sq-AL","potentialAction":[{"@type":"ReadAction","target":["https:\/\/fjala.info\/2009-2015\/homo-dragobicus\/"]}]},{"@type":"BreadcrumbList","@id":"https:\/\/fjala.info\/2009-2015\/homo-dragobicus\/#breadcrumb","itemListElement":[{"@type":"ListItem","position":1,"name":"Home","item":"https:\/\/fjala.info\/2009-2015\/"},{"@type":"ListItem","position":2,"name":"Homo Dragobicus"}]},{"@type":"WebSite","@id":"https:\/\/fjala.info\/2009-2015\/#website","url":"https:\/\/fjala.info\/2009-2015\/","name":"FjALA e LIR\u00cb - Arkivi","description":"Arkivi 2009-2015","publisher":{"@id":"https:\/\/fjala.info\/2009-2015\/#organization"},"potentialAction":[{"@type":"SearchAction","target":{"@type":"EntryPoint","urlTemplate":"https:\/\/fjala.info\/2009-2015\/?s={search_term_string}"},"query-input":{"@type":"PropertyValueSpecification","valueRequired":true,"valueName":"search_term_string"}}],"inLanguage":"sq-AL"},{"@type":"Organization","@id":"https:\/\/fjala.info\/2009-2015\/#organization","name":"FjALA e LIR\u00cb - Arkivi","url":"https:\/\/fjala.info\/2009-2015\/","logo":{"@type":"ImageObject","inLanguage":"sq-AL","@id":"https:\/\/fjala.info\/2009-2015\/#\/schema\/logo\/image\/","url":"","contentUrl":"","caption":"FjALA e LIR\u00cb - Arkivi"},"image":{"@id":"https:\/\/fjala.info\/2009-2015\/#\/schema\/logo\/image\/"}},{"@type":"Person","@id":"https:\/\/fjala.info\/2009-2015\/#\/schema\/person\/3aa1163ef05469c496fc94e77611ada2","name":"admin","image":{"@type":"ImageObject","inLanguage":"sq-AL","@id":"https:\/\/fjala.info\/2009-2015\/wp-content\/uploads\/2012\/02\/arben_cokaj-120x150.jpg","url":"https:\/\/fjala.info\/2009-2015\/wp-content\/uploads\/2012\/02\/arben_cokaj-120x150.jpg","contentUrl":"https:\/\/fjala.info\/2009-2015\/wp-content\/uploads\/2012\/02\/arben_cokaj-120x150.jpg","caption":"admin"},"description":"Admin, Fjala e Lir\u00eb","sameAs":["https:\/\/fjala.info\/"],"url":"https:\/\/fjala.info\/2009-2015\/author\/admin\/"}]}},"_links":{"self":[{"href":"https:\/\/fjala.info\/2009-2015\/wp-json\/wp\/v2\/posts\/5581","targetHints":{"allow":["GET"]}}],"collection":[{"href":"https:\/\/fjala.info\/2009-2015\/wp-json\/wp\/v2\/posts"}],"about":[{"href":"https:\/\/fjala.info\/2009-2015\/wp-json\/wp\/v2\/types\/post"}],"author":[{"embeddable":true,"href":"https:\/\/fjala.info\/2009-2015\/wp-json\/wp\/v2\/users\/1"}],"replies":[{"embeddable":true,"href":"https:\/\/fjala.info\/2009-2015\/wp-json\/wp\/v2\/comments?post=5581"}],"version-history":[{"count":0,"href":"https:\/\/fjala.info\/2009-2015\/wp-json\/wp\/v2\/posts\/5581\/revisions"}],"wp:attachment":[{"href":"https:\/\/fjala.info\/2009-2015\/wp-json\/wp\/v2\/media?parent=5581"}],"wp:term":[{"taxonomy":"category","embeddable":true,"href":"https:\/\/fjala.info\/2009-2015\/wp-json\/wp\/v2\/categories?post=5581"},{"taxonomy":"post_tag","embeddable":true,"href":"https:\/\/fjala.info\/2009-2015\/wp-json\/wp\/v2\/tags?post=5581"}],"curies":[{"name":"wp","href":"https:\/\/api.w.org\/{rel}","templated":true}]}}