{"id":5578,"date":"2011-01-09T23:01:28","date_gmt":"2011-01-09T22:01:28","guid":{"rendered":"http:\/\/fjala.shkoder.net\/?p=5578"},"modified":"2011-01-09T23:01:28","modified_gmt":"2011-01-09T22:01:28","slug":"e-bukura-e-dheut","status":"publish","type":"post","link":"https:\/\/fjala.info\/2009-2015\/e-bukura-e-dheut\/","title":{"rendered":"E bukura e dheut"},"content":{"rendered":"<p><img loading=\"lazy\" decoding=\"async\" class=\"alignright size-medium wp-image-5579\" title=\"shqiperia_permbytje\" src=\"http:\/\/fjala.shkoder.net\/wp-content\/uploads\/2011\/01\/shqiperia_permbytje-300x200.jpg\" alt=\"\" width=\"300\" height=\"200\" \/><br \/>\nNga <strong>Ardian Klosi<\/strong><\/p>\n<p>D\u00ebgjoja dje krahasimin q\u00eb i b\u00ebri kryeministri yn\u00eb Shqip\u00ebris\u00eb me T\u00eb Bukur\u00ebn e Dheut. K\u00ebt\u00eb e tha gjat\u00eb nj\u00eb mitingu n\u00eb Elbasan, pasi la t\u00eb kuptohet se kjo bukuri vendit i ka ardhur qysh nga krijimi i PD 20 vjet m\u00eb par\u00eb, e pasi deklaroi se Shqip\u00ebria \u00ebsht\u00eb shpallur destinacioni i par\u00eb p\u00ebr turizmin bot\u00ebror (nga kush?)<\/p>\n<p>Kjo metafor\u00eb e ngritur mbi figur\u00ebn e mo\u00e7me t\u00eb p\u00ebrrallave shqiptare, s&#8217;di pse m\u00eb nd\u00ebrmendi nj\u00eb q\u00ebndrim disadit\u00ebsh q\u00eb pata n\u00eb dhjetor n\u00eb Shqip\u00ebri t\u00eb Veriut. Q\u00eb sa l\u00eb lagjet e fundit t\u00eb kryeqytetit, ato t\u00eb Bathores, dhe del n\u00eb natyr\u00eb t\u00eb hapur, t\u00eb b\u00ebn p\u00ebrshtypje Mali i Sk\u00ebnderbeut p\u00ebrmbi fusha, ku fle dhe kryeqendra historike e Shqip\u00ebris\u00eb, Kruja qyteti i bekuar, q\u00eb pret p\u00ebllumbin e shkruar, Kruja q\u00eb e kemi p\u00ebrfytyruar p\u00ebrher\u00eb si kuror\u00eb p\u00ebr mbretin ton\u00eb t\u00eb zemr\u00ebs.<\/p>\n<p>Por shpatet e malit n\u00ebn Kruj\u00eb sot jan\u00eb t\u00eb rrjepura nga aktiviteti i dendur i guroreve. Rreth tyre tymi i zi i gomave q\u00eb digjen p\u00ebr furrat e g\u00eblqeres. Nuk di \u00e7&#8217;turist\u00eb mund t\u00eb t\u00ebrheq\u00eb ai mal. Kruja t\u00eb kujton nj\u00eb zonj\u00eb q\u00eb qan bukurin\u00eb e motit dhe ka turp t&#8217;ia tregoj\u00eb fytyr\u00ebn bot\u00ebs.<\/p>\n<p>E Bukura e Dheut e ka nj\u00eb faqe t\u00eb djegur.<br \/>\nRruga jon\u00eb ndali s\u00eb pari n\u00eb Sh\u00ebngjin t\u00eb Lezh\u00ebs. Aty rrotull depozita nafte, mu n\u00eb prag t\u00eb zon\u00ebs lagunore t\u00eb Kune-Vainit. Ishte dikur dhe liqeni i Knall\u00ebs me uj\u00eb t\u00eb thell\u00eb e t\u00eb kthjell\u00ebt q\u00eb u ndot nga nj\u00eb shp\u00ebrthim depozitash pak vite m\u00eb par\u00eb dhe q\u00eb sot nuk \u00ebsht\u00eb m\u00eb n\u00ebn mbrojtje. Nj\u00eb vend i vog\u00ebl Shqip\u00ebria, me vij\u00eb t\u00eb shkurt\u00ebr bregdetare, por me 4 porte p\u00ebr mbledhjen e naft\u00ebs: Sh\u00ebngjin, Porto Romano, Durr\u00ebs dhe Vlor\u00eb, me zona t\u00eb t\u00ebra ku nafta pluskon si n\u00eb fushat e Marinz\u00ebs e kodrat e Ballshit ose n\u00eb plazhet e Semanit.<br \/>\nE Bukura e Dheut e ka nj\u00eb faqe t\u00eb nxir\u00eb.<\/p>\n<p>Nga Sh\u00ebngjini ec\u00ebm n\u00eb k\u00ebmb\u00eb bregut t\u00eb detit deri n\u00eb Ishull t\u00eb Lezh\u00ebs. Makina aty s&#8217;shkon m\u00eb, sepse deti i \u00ebsht\u00eb afruar tok\u00ebs brenda pak vjet\u00ebsh me qindra metra. Tutje n\u00eb det mund t\u00eb shoh\u00ebsh bunker\u00ebt q\u00eb dikur rrinin krenar\u00eb p\u00ebrmbi bregun ranor. Brezi tok\u00ebsor q\u00eb m\u00eb par\u00eb ndante i plot\u00eb detin nga laguna sot \u00ebsht\u00eb kthyer n\u00eb nj\u00eb rrip i holl\u00eb i holl\u00eb q\u00eb t\u00eb ngjan se dhe pak e do k\u00ebputet. Lumenjt\u00eb Mat e Drin sot vijn\u00eb m\u00eb t\u00eb rr\u00ebmbyer e m\u00eb t\u00eb fryr\u00eb se kurr\u00eb n\u00eb Gjirin e Lezh\u00ebs, ata sjellin duket m\u00eb pak aluvione se dikur, ngaq\u00eb i grabisin rrug\u00ebs, dhe uji fryn detin dhe deti ha tok\u00ebn dhe mbush bronket e saj.<br \/>\nE Bukura e Dheut ka pneumoni.<\/p>\n<p>S&#8217;kam par\u00eb ndonj\u00ebher\u00eb vend m\u00eb t\u00eb trishtuar se ai mes Sh\u00ebngjinit dhe Ishullit t\u00eb Lezh\u00ebs. Rripi i ngusht\u00eb q\u00eb tham\u00eb mbushur krejt mbeturinash. Shishe, bidon\u00eb, qese, goma, masa plastike pa fund ku zot\u00ebron e bardha dhe boj\u00ebqielli. Por jo e kaltra e detit, as ajo e qiellit, e kaltra e ndyr\u00eb e njeriut, konsumi i shtrydhur prej tij e i hedhur tej q\u00eb tani i kthehet mbrapsht. Se deti kthen mbrapsht jo vet\u00ebm masat e tep\u00ebrta t\u00eb ujit, por edhe gjith\u00eb mbeturinat q\u00eb njeriu shqiptar kujton se i ka hequr nga vetja.<\/p>\n<p>N\u00eb \u00e7do qytet e fshat tonin q\u00eb t\u00eb kaloni, ku ka nj\u00eb lum\u00eb a nj\u00eb p\u00ebrrua, do t\u00eb v\u00ebreni se ky lum\u00eb e p\u00ebrrua \u00ebsht\u00eb depozit\u00eb plehrash, lumi q\u00eb \u00ebsht\u00eb jeta e tyre, arsyeja pse u ngrit fshat a qytet aty, sot ka as m\u00eb pak e as m\u00eb shum\u00eb po statusin e nevojtores. Dhe k\u00ebshtu ndodh q\u00eb deti i madh bujar Adriatik e kthen at\u00eb q\u00eb s&#8217;\u00ebsht\u00eb e vetja, gjith\u00eb ndotjen q\u00eb zbret prej Shqip\u00ebris\u00eb s\u00eb veriut nga lumenjt\u00eb Ish\u00ebm, Mat e Drin, te bregu i njer\u00ebzve. Madje d\u00ebgjojm\u00eb q\u00eb Mali i Zi e Kroacia jan\u00eb ankuar se mbeturinat e lumenjve shqiptar\u00eb deti i ka sjell\u00eb deri te ta. Shqip\u00ebria i ngjan njeriut q\u00eb s&#8217;mban dot t\u00eb vjellat.<\/p>\n<p>E Bukura e Dheut ka nausea.<br \/>\nKujtuam se po shkonim n\u00eb k\u00ebmb\u00eb n\u00eb Ishull, por nuk qe aq kollaj. Rruga befas kalonte n\u00ebp\u00ebr nj\u00eb oborr privat. Po po, dikush kishte ngritur nj\u00eb sht\u00ebpi (aty ku ndalohet t\u00eb nd\u00ebrtosh), kishte rrethuar vendin me gardh dhe tani ishte b\u00ebr\u00eb zot i rrug\u00ebkalimit. Q\u00eb t\u00eb vazhdoje p\u00ebr n\u00eb Ishull duhej o ta merrje pronarin me t\u00eb mir\u00eb, ose t&#8217;i paguaje atij dogan\u00eb. E k\u00ebshtu ndodh q\u00eb Shqip\u00ebrin\u00eb e cop\u00ebtojn\u00eb, e zaptojn\u00eb, e marrin peng.<\/p>\n<p>E Bukura e Dheut e ka litarin n\u00eb gryk\u00eb.<br \/>\nGjith\u00eb ato dit\u00eb q\u00eb ndenj\u00ebm n\u00eb Lezh\u00eb tema kryesore ishin p\u00ebrmbytjet. Do ta p\u00ebsoj\u00eb dhe Lezha si Shkodra, dhe sa do q\u00ebndroj\u00eb sistemi lagunor, \u00e7far\u00eb duhet b\u00ebr\u00eb q\u00eb t\u00eb mbrohet ai? N\u00eb mbr\u00ebmje Xhemal Mato na shfaqte nga filmat e tij p\u00ebr mjedisin. Shqip\u00ebria e fillimviteve 90 t\u00eb ngjan me nj\u00eb Parajs\u00eb t\u00eb Humbur, e mua Xhemali m\u00eb kujton John Miltonin. Ka nj\u00eb film ku ka xhiruar prej ajri bregdetin e Shqip\u00ebris\u00eb; shumica e atyre plazheve t\u00eb virgj\u00ebra, sot ose jan\u00eb mbjell\u00eb me beton, ose jan\u00eb ngr\u00ebn\u00eb nga deti. Nd\u00ebrsa pyjet e Lur\u00ebs jan\u00eb v\u00ebrtet\u00eb p\u00ebrrall\u00eb nga e kaluara p\u00ebr ish-t\u00eb Bukur\u00ebn e Dheut. Sot ca cungje q\u00eb rrethojn\u00eb liqenet e famshme si k\u00ebmb\u00eb e paterica ushtar\u00ebsh mbas nj\u00eb bombardimi flasin p\u00ebr at\u00eb p\u00ebrrall\u00eb.<\/p>\n<p>Dhe ia v\u00ebn\u00eb fajin motit p\u00ebr gjith\u00eb k\u00ebto p\u00ebrmbytje dhe do thellojn\u00eb Bun\u00ebn q\u00eb t\u00eb shp\u00ebtojn\u00eb nga to. Nuk shohin se Shqip\u00ebria po humbet pyjet, se i ngjan p\u00ebrdit\u00eb e m\u00eb shum\u00eb asaj gruas q\u00eb i bien flok\u00ebt.<\/p>\n<p>E Bukura e Dheut ka qere n\u00eb kok\u00eb.<br \/>\nKur dol\u00ebm nga Lezha kaluam nj\u00eb her\u00eb n\u00eb Balldren para se t\u00eb merrnim rrug\u00ebn e kthimit. Aty nj\u00eb firm\u00eb italiane po ngre nj\u00eb fabrik\u00eb \u00e7imentoje, t\u00eb tret\u00ebn deri tani n\u00eb ult\u00ebsir\u00ebn e Shqip\u00ebris\u00eb veriore. Do t\u00eb jen\u00eb tet\u00eb s\u00eb shpejti, nga Fush\u00eb Kruja deri n\u00eb Shkod\u00ebr. Se Shqip\u00ebria ka uri p\u00ebr \u00e7imento, tha kryeministri yn\u00eb. Se \u00ebsht\u00eb mafia q\u00eb ka uri p\u00ebr \u00e7imento n\u00eb Shqip\u00ebri, tha Roberto Saviano.<\/p>\n<p>M\u00eb ngjan Shqip\u00ebria shpesh me nj\u00eb fem\u00ebr q\u00eb e kan\u00eb nxjerr\u00eb ta shesin.<br \/>\nE Bukura e Dheut \u00ebsht\u00eb b\u00ebr\u00eb e p\u00ebrdal\u00eb.<\/p>\n","protected":false},"excerpt":{"rendered":"<p>Nga Ardian Klosi D\u00ebgjoja dje krahasimin q\u00eb i b\u00ebri kryeministri yn\u00eb Shqip\u00ebris\u00eb me T\u00eb Bukur\u00ebn e Dheut. K\u00ebt\u00eb e tha gjat\u00eb nj\u00eb mitingu n\u00eb Elbasan, pasi la t\u00eb kuptohet se kjo bukuri vendit i ka ardhur qysh nga krijimi i PD 20 vjet m\u00eb par\u00eb, e pasi deklaroi se Shqip\u00ebria \u00ebsht\u00eb shpallur destinacioni i par\u00eb [&hellip;]<\/p>\n","protected":false},"author":1,"featured_media":0,"comment_status":"open","ping_status":"closed","sticky":false,"template":"","format":"standard","meta":{"footnotes":""},"categories":[2],"tags":[],"class_list":{"0":"post-5578","1":"post","2":"type-post","3":"status-publish","4":"format-standard","6":"category-artikuj"},"yoast_head":"<!-- This site is optimized with the Yoast SEO plugin v27.4 - https:\/\/yoast.com\/product\/yoast-seo-wordpress\/ -->\n<title>E bukura e dheut - FjALA e LIR\u00cb - Arkivi<\/title>\n<meta name=\"robots\" content=\"index, follow, max-snippet:-1, max-image-preview:large, max-video-preview:-1\" \/>\n<link rel=\"canonical\" href=\"https:\/\/fjala.info\/2009-2015\/e-bukura-e-dheut\/\" \/>\n<meta property=\"og:locale\" content=\"sq_AL\" \/>\n<meta property=\"og:type\" content=\"article\" \/>\n<meta property=\"og:title\" content=\"E bukura e dheut - FjALA e LIR\u00cb - Arkivi\" \/>\n<meta property=\"og:description\" content=\"Nga Ardian Klosi D\u00ebgjoja dje krahasimin q\u00eb i b\u00ebri kryeministri yn\u00eb Shqip\u00ebris\u00eb me T\u00eb Bukur\u00ebn e Dheut. K\u00ebt\u00eb e tha gjat\u00eb nj\u00eb mitingu n\u00eb Elbasan, pasi la t\u00eb kuptohet se kjo bukuri vendit i ka ardhur qysh nga krijimi i PD 20 vjet m\u00eb par\u00eb, e pasi deklaroi se Shqip\u00ebria \u00ebsht\u00eb shpallur destinacioni i par\u00eb [&hellip;]\" \/>\n<meta property=\"og:url\" content=\"https:\/\/fjala.info\/2009-2015\/e-bukura-e-dheut\/\" \/>\n<meta property=\"og:site_name\" content=\"FjALA e LIR\u00cb - Arkivi\" \/>\n<meta property=\"article:published_time\" content=\"2011-01-09T22:01:28+00:00\" \/>\n<meta property=\"og:image\" content=\"http:\/\/fjala.shkoder.net\/wp-content\/uploads\/2011\/01\/shqiperia_permbytje-300x200.jpg\" \/>\n<meta name=\"author\" content=\"admin\" \/>\n<meta name=\"twitter:card\" content=\"summary_large_image\" \/>\n<meta name=\"twitter:label1\" content=\"Written by\" \/>\n\t<meta name=\"twitter:data1\" content=\"admin\" \/>\n\t<meta name=\"twitter:label2\" content=\"Est. reading time\" \/>\n\t<meta name=\"twitter:data2\" content=\"6 minutes\" \/>\n<script type=\"application\/ld+json\" class=\"yoast-schema-graph\">{\"@context\":\"https:\\\/\\\/schema.org\",\"@graph\":[{\"@type\":\"Article\",\"@id\":\"https:\\\/\\\/fjala.info\\\/2009-2015\\\/e-bukura-e-dheut\\\/#article\",\"isPartOf\":{\"@id\":\"https:\\\/\\\/fjala.info\\\/2009-2015\\\/e-bukura-e-dheut\\\/\"},\"author\":{\"name\":\"admin\",\"@id\":\"https:\\\/\\\/fjala.info\\\/2009-2015\\\/#\\\/schema\\\/person\\\/3aa1163ef05469c496fc94e77611ada2\"},\"headline\":\"E bukura e dheut\",\"datePublished\":\"2011-01-09T22:01:28+00:00\",\"mainEntityOfPage\":{\"@id\":\"https:\\\/\\\/fjala.info\\\/2009-2015\\\/e-bukura-e-dheut\\\/\"},\"wordCount\":1137,\"commentCount\":0,\"publisher\":{\"@id\":\"https:\\\/\\\/fjala.info\\\/2009-2015\\\/#organization\"},\"image\":{\"@id\":\"https:\\\/\\\/fjala.info\\\/2009-2015\\\/e-bukura-e-dheut\\\/#primaryimage\"},\"thumbnailUrl\":\"http:\\\/\\\/fjala.shkoder.net\\\/wp-content\\\/uploads\\\/2011\\\/01\\\/shqiperia_permbytje-300x200.jpg\",\"articleSection\":[\"Artikuj\"],\"inLanguage\":\"sq-AL\",\"potentialAction\":[{\"@type\":\"CommentAction\",\"name\":\"Comment\",\"target\":[\"https:\\\/\\\/fjala.info\\\/2009-2015\\\/e-bukura-e-dheut\\\/#respond\"]}]},{\"@type\":\"WebPage\",\"@id\":\"https:\\\/\\\/fjala.info\\\/2009-2015\\\/e-bukura-e-dheut\\\/\",\"url\":\"https:\\\/\\\/fjala.info\\\/2009-2015\\\/e-bukura-e-dheut\\\/\",\"name\":\"E bukura e dheut - FjALA e LIR\u00cb - Arkivi\",\"isPartOf\":{\"@id\":\"https:\\\/\\\/fjala.info\\\/2009-2015\\\/#website\"},\"primaryImageOfPage\":{\"@id\":\"https:\\\/\\\/fjala.info\\\/2009-2015\\\/e-bukura-e-dheut\\\/#primaryimage\"},\"image\":{\"@id\":\"https:\\\/\\\/fjala.info\\\/2009-2015\\\/e-bukura-e-dheut\\\/#primaryimage\"},\"thumbnailUrl\":\"http:\\\/\\\/fjala.shkoder.net\\\/wp-content\\\/uploads\\\/2011\\\/01\\\/shqiperia_permbytje-300x200.jpg\",\"datePublished\":\"2011-01-09T22:01:28+00:00\",\"breadcrumb\":{\"@id\":\"https:\\\/\\\/fjala.info\\\/2009-2015\\\/e-bukura-e-dheut\\\/#breadcrumb\"},\"inLanguage\":\"sq-AL\",\"potentialAction\":[{\"@type\":\"ReadAction\",\"target\":[\"https:\\\/\\\/fjala.info\\\/2009-2015\\\/e-bukura-e-dheut\\\/\"]}]},{\"@type\":\"ImageObject\",\"inLanguage\":\"sq-AL\",\"@id\":\"https:\\\/\\\/fjala.info\\\/2009-2015\\\/e-bukura-e-dheut\\\/#primaryimage\",\"url\":\"http:\\\/\\\/fjala.shkoder.net\\\/wp-content\\\/uploads\\\/2011\\\/01\\\/shqiperia_permbytje-300x200.jpg\",\"contentUrl\":\"http:\\\/\\\/fjala.shkoder.net\\\/wp-content\\\/uploads\\\/2011\\\/01\\\/shqiperia_permbytje-300x200.jpg\"},{\"@type\":\"BreadcrumbList\",\"@id\":\"https:\\\/\\\/fjala.info\\\/2009-2015\\\/e-bukura-e-dheut\\\/#breadcrumb\",\"itemListElement\":[{\"@type\":\"ListItem\",\"position\":1,\"name\":\"Home\",\"item\":\"https:\\\/\\\/fjala.info\\\/2009-2015\\\/\"},{\"@type\":\"ListItem\",\"position\":2,\"name\":\"E bukura e dheut\"}]},{\"@type\":\"WebSite\",\"@id\":\"https:\\\/\\\/fjala.info\\\/2009-2015\\\/#website\",\"url\":\"https:\\\/\\\/fjala.info\\\/2009-2015\\\/\",\"name\":\"FjALA e LIR\u00cb - Arkivi\",\"description\":\"Arkivi 2009-2015\",\"publisher\":{\"@id\":\"https:\\\/\\\/fjala.info\\\/2009-2015\\\/#organization\"},\"potentialAction\":[{\"@type\":\"SearchAction\",\"target\":{\"@type\":\"EntryPoint\",\"urlTemplate\":\"https:\\\/\\\/fjala.info\\\/2009-2015\\\/?s={search_term_string}\"},\"query-input\":{\"@type\":\"PropertyValueSpecification\",\"valueRequired\":true,\"valueName\":\"search_term_string\"}}],\"inLanguage\":\"sq-AL\"},{\"@type\":\"Organization\",\"@id\":\"https:\\\/\\\/fjala.info\\\/2009-2015\\\/#organization\",\"name\":\"FjALA e LIR\u00cb - Arkivi\",\"url\":\"https:\\\/\\\/fjala.info\\\/2009-2015\\\/\",\"logo\":{\"@type\":\"ImageObject\",\"inLanguage\":\"sq-AL\",\"@id\":\"https:\\\/\\\/fjala.info\\\/2009-2015\\\/#\\\/schema\\\/logo\\\/image\\\/\",\"url\":\"\",\"contentUrl\":\"\",\"caption\":\"FjALA e LIR\u00cb - Arkivi\"},\"image\":{\"@id\":\"https:\\\/\\\/fjala.info\\\/2009-2015\\\/#\\\/schema\\\/logo\\\/image\\\/\"}},{\"@type\":\"Person\",\"@id\":\"https:\\\/\\\/fjala.info\\\/2009-2015\\\/#\\\/schema\\\/person\\\/3aa1163ef05469c496fc94e77611ada2\",\"name\":\"admin\",\"image\":{\"@type\":\"ImageObject\",\"inLanguage\":\"sq-AL\",\"@id\":\"https:\\\/\\\/fjala.info\\\/2009-2015\\\/wp-content\\\/uploads\\\/2012\\\/02\\\/arben_cokaj-120x150.jpg\",\"url\":\"https:\\\/\\\/fjala.info\\\/2009-2015\\\/wp-content\\\/uploads\\\/2012\\\/02\\\/arben_cokaj-120x150.jpg\",\"contentUrl\":\"https:\\\/\\\/fjala.info\\\/2009-2015\\\/wp-content\\\/uploads\\\/2012\\\/02\\\/arben_cokaj-120x150.jpg\",\"caption\":\"admin\"},\"description\":\"Admin, Fjala e Lir\u00eb\",\"sameAs\":[\"https:\\\/\\\/fjala.info\\\/\"],\"url\":\"https:\\\/\\\/fjala.info\\\/2009-2015\\\/author\\\/admin\\\/\"}]}<\/script>\n<!-- \/ Yoast SEO plugin. -->","yoast_head_json":{"title":"E bukura e dheut - FjALA e LIR\u00cb - Arkivi","robots":{"index":"index","follow":"follow","max-snippet":"max-snippet:-1","max-image-preview":"max-image-preview:large","max-video-preview":"max-video-preview:-1"},"canonical":"https:\/\/fjala.info\/2009-2015\/e-bukura-e-dheut\/","og_locale":"sq_AL","og_type":"article","og_title":"E bukura e dheut - FjALA e LIR\u00cb - Arkivi","og_description":"Nga Ardian Klosi D\u00ebgjoja dje krahasimin q\u00eb i b\u00ebri kryeministri yn\u00eb Shqip\u00ebris\u00eb me T\u00eb Bukur\u00ebn e Dheut. K\u00ebt\u00eb e tha gjat\u00eb nj\u00eb mitingu n\u00eb Elbasan, pasi la t\u00eb kuptohet se kjo bukuri vendit i ka ardhur qysh nga krijimi i PD 20 vjet m\u00eb par\u00eb, e pasi deklaroi se Shqip\u00ebria \u00ebsht\u00eb shpallur destinacioni i par\u00eb [&hellip;]","og_url":"https:\/\/fjala.info\/2009-2015\/e-bukura-e-dheut\/","og_site_name":"FjALA e LIR\u00cb - Arkivi","article_published_time":"2011-01-09T22:01:28+00:00","og_image":[{"url":"http:\/\/fjala.shkoder.net\/wp-content\/uploads\/2011\/01\/shqiperia_permbytje-300x200.jpg","type":"","width":"","height":""}],"author":"admin","twitter_card":"summary_large_image","twitter_misc":{"Written by":"admin","Est. reading time":"6 minutes"},"schema":{"@context":"https:\/\/schema.org","@graph":[{"@type":"Article","@id":"https:\/\/fjala.info\/2009-2015\/e-bukura-e-dheut\/#article","isPartOf":{"@id":"https:\/\/fjala.info\/2009-2015\/e-bukura-e-dheut\/"},"author":{"name":"admin","@id":"https:\/\/fjala.info\/2009-2015\/#\/schema\/person\/3aa1163ef05469c496fc94e77611ada2"},"headline":"E bukura e dheut","datePublished":"2011-01-09T22:01:28+00:00","mainEntityOfPage":{"@id":"https:\/\/fjala.info\/2009-2015\/e-bukura-e-dheut\/"},"wordCount":1137,"commentCount":0,"publisher":{"@id":"https:\/\/fjala.info\/2009-2015\/#organization"},"image":{"@id":"https:\/\/fjala.info\/2009-2015\/e-bukura-e-dheut\/#primaryimage"},"thumbnailUrl":"http:\/\/fjala.shkoder.net\/wp-content\/uploads\/2011\/01\/shqiperia_permbytje-300x200.jpg","articleSection":["Artikuj"],"inLanguage":"sq-AL","potentialAction":[{"@type":"CommentAction","name":"Comment","target":["https:\/\/fjala.info\/2009-2015\/e-bukura-e-dheut\/#respond"]}]},{"@type":"WebPage","@id":"https:\/\/fjala.info\/2009-2015\/e-bukura-e-dheut\/","url":"https:\/\/fjala.info\/2009-2015\/e-bukura-e-dheut\/","name":"E bukura e dheut - FjALA e LIR\u00cb - Arkivi","isPartOf":{"@id":"https:\/\/fjala.info\/2009-2015\/#website"},"primaryImageOfPage":{"@id":"https:\/\/fjala.info\/2009-2015\/e-bukura-e-dheut\/#primaryimage"},"image":{"@id":"https:\/\/fjala.info\/2009-2015\/e-bukura-e-dheut\/#primaryimage"},"thumbnailUrl":"http:\/\/fjala.shkoder.net\/wp-content\/uploads\/2011\/01\/shqiperia_permbytje-300x200.jpg","datePublished":"2011-01-09T22:01:28+00:00","breadcrumb":{"@id":"https:\/\/fjala.info\/2009-2015\/e-bukura-e-dheut\/#breadcrumb"},"inLanguage":"sq-AL","potentialAction":[{"@type":"ReadAction","target":["https:\/\/fjala.info\/2009-2015\/e-bukura-e-dheut\/"]}]},{"@type":"ImageObject","inLanguage":"sq-AL","@id":"https:\/\/fjala.info\/2009-2015\/e-bukura-e-dheut\/#primaryimage","url":"http:\/\/fjala.shkoder.net\/wp-content\/uploads\/2011\/01\/shqiperia_permbytje-300x200.jpg","contentUrl":"http:\/\/fjala.shkoder.net\/wp-content\/uploads\/2011\/01\/shqiperia_permbytje-300x200.jpg"},{"@type":"BreadcrumbList","@id":"https:\/\/fjala.info\/2009-2015\/e-bukura-e-dheut\/#breadcrumb","itemListElement":[{"@type":"ListItem","position":1,"name":"Home","item":"https:\/\/fjala.info\/2009-2015\/"},{"@type":"ListItem","position":2,"name":"E bukura e dheut"}]},{"@type":"WebSite","@id":"https:\/\/fjala.info\/2009-2015\/#website","url":"https:\/\/fjala.info\/2009-2015\/","name":"FjALA e LIR\u00cb - Arkivi","description":"Arkivi 2009-2015","publisher":{"@id":"https:\/\/fjala.info\/2009-2015\/#organization"},"potentialAction":[{"@type":"SearchAction","target":{"@type":"EntryPoint","urlTemplate":"https:\/\/fjala.info\/2009-2015\/?s={search_term_string}"},"query-input":{"@type":"PropertyValueSpecification","valueRequired":true,"valueName":"search_term_string"}}],"inLanguage":"sq-AL"},{"@type":"Organization","@id":"https:\/\/fjala.info\/2009-2015\/#organization","name":"FjALA e LIR\u00cb - Arkivi","url":"https:\/\/fjala.info\/2009-2015\/","logo":{"@type":"ImageObject","inLanguage":"sq-AL","@id":"https:\/\/fjala.info\/2009-2015\/#\/schema\/logo\/image\/","url":"","contentUrl":"","caption":"FjALA e LIR\u00cb - Arkivi"},"image":{"@id":"https:\/\/fjala.info\/2009-2015\/#\/schema\/logo\/image\/"}},{"@type":"Person","@id":"https:\/\/fjala.info\/2009-2015\/#\/schema\/person\/3aa1163ef05469c496fc94e77611ada2","name":"admin","image":{"@type":"ImageObject","inLanguage":"sq-AL","@id":"https:\/\/fjala.info\/2009-2015\/wp-content\/uploads\/2012\/02\/arben_cokaj-120x150.jpg","url":"https:\/\/fjala.info\/2009-2015\/wp-content\/uploads\/2012\/02\/arben_cokaj-120x150.jpg","contentUrl":"https:\/\/fjala.info\/2009-2015\/wp-content\/uploads\/2012\/02\/arben_cokaj-120x150.jpg","caption":"admin"},"description":"Admin, Fjala e Lir\u00eb","sameAs":["https:\/\/fjala.info\/"],"url":"https:\/\/fjala.info\/2009-2015\/author\/admin\/"}]}},"_links":{"self":[{"href":"https:\/\/fjala.info\/2009-2015\/wp-json\/wp\/v2\/posts\/5578","targetHints":{"allow":["GET"]}}],"collection":[{"href":"https:\/\/fjala.info\/2009-2015\/wp-json\/wp\/v2\/posts"}],"about":[{"href":"https:\/\/fjala.info\/2009-2015\/wp-json\/wp\/v2\/types\/post"}],"author":[{"embeddable":true,"href":"https:\/\/fjala.info\/2009-2015\/wp-json\/wp\/v2\/users\/1"}],"replies":[{"embeddable":true,"href":"https:\/\/fjala.info\/2009-2015\/wp-json\/wp\/v2\/comments?post=5578"}],"version-history":[{"count":0,"href":"https:\/\/fjala.info\/2009-2015\/wp-json\/wp\/v2\/posts\/5578\/revisions"}],"wp:attachment":[{"href":"https:\/\/fjala.info\/2009-2015\/wp-json\/wp\/v2\/media?parent=5578"}],"wp:term":[{"taxonomy":"category","embeddable":true,"href":"https:\/\/fjala.info\/2009-2015\/wp-json\/wp\/v2\/categories?post=5578"},{"taxonomy":"post_tag","embeddable":true,"href":"https:\/\/fjala.info\/2009-2015\/wp-json\/wp\/v2\/tags?post=5578"}],"curies":[{"name":"wp","href":"https:\/\/api.w.org\/{rel}","templated":true}]}}