{"id":5573,"date":"2011-01-09T11:45:13","date_gmt":"2011-01-09T10:45:13","guid":{"rendered":"http:\/\/fjala.shkoder.net\/?p=5573"},"modified":"2011-01-09T11:45:13","modified_gmt":"2011-01-09T10:45:13","slug":"fatzinjte","status":"publish","type":"post","link":"https:\/\/fjala.info\/2009-2015\/fatzinjte\/","title":{"rendered":"FATZINJT\u00cb"},"content":{"rendered":"<p><strong>Fatos Baxhaku<\/strong><\/p>\n<p>Kush e tha q\u00eb jemi popull pa fat? Ne kemi qen\u00eb e jemi me shum\u00eb fat. Puna \u00ebsht\u00eb se si e kemi, t\u00eb mbar\u00eb, apo t\u00eb zi? K\u00ebtu nuk \u00ebsht\u00eb puna p\u00ebr t\u2019i err\u00ebsuar gj\u00ebrat dhe p\u00ebr t\u2019u zhytur n\u00eb nj\u00eb bot\u00eb t\u00eb zymt\u00eb gri, puna \u00ebsht\u00eb se n\u00ebse e mendojm\u00eb mir\u00eb, gjith\u00e7ka nuk e kemi vendosur ne, as Pavar\u00ebsin\u00eb, as 1944, madje as at\u00eb, t\u00eb cil\u00ebn sot e quajm\u00eb me shum\u00eb optimiz\u00ebm, demokraci. Ne nuk kemi b\u00ebr\u00eb gj\u00eb tjet\u00ebr ve\u00e7se kemi ndenjur me syt\u00eb nga qielli duke iu lutur Allahut m\u00ebshir\u00ebplot\u00eb q\u00eb t\u00eb na e b\u00ebj\u00eb jet\u00ebn m\u00eb t\u00eb bukur, n\u00eb rastin m\u00eb t\u00eb mir\u00eb t\u00eb na linte ashtu si\u00e7 ishim. As edhe nj\u00eb hap t\u00eb vet\u00ebm p\u00ebrtej k\u00ebsaj.<\/p>\n<p>K\u00ebto dit\u00eb lajmet jan\u00eb t\u00eb mbushura me deklarata t\u00eb ashpra politike, me arritje dhe \u201cfitore\u201d, me premtime, me sy t\u00eb sk\u00ebrmitur dhe aksidente automobilistike. Vet\u00ebm nj\u00eb lajm u dha pak minuta dhe u ritransmetua vet\u00ebm pak her\u00eb. Vet\u00ebm pak dit\u00eb pas Vitit t\u00eb Ri, nj\u00eb djalosh nga rrethinat e Shkodr\u00ebs kishte mbetur pa para. K\u00ebshtu q\u00eb vendos t\u00eb b\u00ebj\u00eb nja dy grabitje n\u00ebp\u00ebr qytet sa p\u00ebr t\u00eb mbushur ca xhepin e tij t\u00eb holluar. I k\u00ebnaqur nga fati \u2013 kini kujdes fjala fat na doli s\u00ebrish n\u00eb sken\u00eb \u2013 i k\u00ebrceu motorit t\u00eb tij i hodhi nja dy kupa duke g\u00ebzuar fatin e tij \u2013 edhe nj\u00eb her\u00eb kjo dreq fjale \u2013 dhe e grahu at\u00eb me hare drejt sht\u00ebpis\u00eb. Porse ja q\u00eb fati vendos nganj\u00ebher\u00eb t\u00eb hakmerret me ata q\u00eb besojn\u00eb kollaj.<\/p>\n<p>Ndodh q\u00eb n\u00eb err\u00ebsir\u00ebn e nat\u00ebs djaloshit ton\u00eb, fatzi k\u00ebsaj here, i del p\u00ebrpara nj\u00eb goxha lop\u00eb e cila kush e di se \u00e7far\u00eb b\u00ebnte n\u00eb rrug\u00eb n\u00eb at\u00eb or\u00eb t\u00eb nat\u00ebs. Me sa duket kishte edhe ajo problemet e saj, apo m\u00eb mir\u00eb me th\u00ebn\u00eb fatin e saj. K\u00ebshtu ndodhi q\u00eb dy fatzinjt\u00eb p\u00ebrplasen me furi n\u00eb rrug\u00eb. P\u00ebr lop\u00ebn nuk u tha asnj\u00eb fjal\u00eb. Fati i saj i m\u00ebtejsh\u00ebm nuk dihet. P\u00ebr djaloshin q\u00eb \u00ebnd\u00ebrroi vet\u00ebm nj\u00eb pasdite t\u00eb ishte me fat u tha q\u00eb ishte d\u00ebmtuar r\u00ebnd\u00eb. Kamerat kishin fokusuar motorin e tij t\u00eb b\u00ebr\u00eb lesh e li. Sikurse e tham\u00eb kjo kronik\u00eb u transmetua si n\u00ebp\u00ebr dh\u00ebmb\u00eb dhe vet\u00ebm pak vet\u00eb, me p\u00ebrjashtim t\u00eb familjar\u00ebve t\u00eb fatziut e kthyen kok\u00ebn p\u00ebr ta par\u00eb. Kjo \u00ebsht\u00eb e drejt\u00eb. tekefundit jan\u00eb gj\u00ebra q\u00eb ndodhin.<\/p>\n<p>Ku e ku historia e fatziut me at\u00eb t\u00eb kutive dhe t\u00eb flet\u00ebve t\u00eb votimit! Shqip\u00ebria po p\u00ebrjeton gj\u00ebra edhe m\u00eb t\u00eb m\u00ebdha, sikurse plagosjet e bllokmen\u00ebve t\u00eb rinj ta z\u00ebm\u00eb. Porse, megjithat\u00eb, a nuk ju duket kjo ngjarje absurd nj\u00eb simbol i gjith\u00e7kaje q\u00eb po kalojm\u00eb. Kjo histori ka brenda t\u00eb gjitha ato q\u00eb p\u00ebrjetojm\u00eb p\u00ebrdit\u00eb. M\u00eb e para nga t\u00eb gjitha ka ngaz\u00ebllimin dhe ekzaltimin q\u00eb na kaplon sa her\u00eb q\u00eb arrijm\u00eb nj\u00eb gj\u00eb normale. Mbaron nj\u00eb rrug\u00eb, ne brohorasim duke prer\u00eb shirita, madje edhe p\u00ebr s\u00eb gjati.<\/p>\n<p>Nisin nj\u00eb pal\u00eb punime? Gj\u00eb normale, apo jo? Ne b\u00ebrtasim nj\u00ebsoj sikur t\u00eb kemi arritur parajs\u00ebn. Pas k\u00ebsaj, sigurisht nis beteja p\u00ebr t\u00eb marr\u00eb n\u00eb dor\u00eb flamurin e arritjeve. Historia ka brenda saj edhe paaft\u00ebsin\u00eb ton\u00eb tashm\u00eb t\u00eb st\u00ebrnjohur. Kishim menduar se t\u00eb pakt\u00ebn n\u00eb hajdut\u00ebri duhej t\u00eb ishim specializuar ca, por nuk paska qen\u00eb aspak e v\u00ebrtet\u00eb. Djaloshi q\u00eb pasi grabiti vajti dhe u p\u00ebrplas me lop\u00ebn e ngrat\u00eb \u00ebsht\u00eb treguesi m\u00eb i mir\u00eb i k\u00ebsaj ane. Kjo histori ka brenda saj edhe at\u00eb fjal\u00ebn q\u00eb zum\u00eb me goj\u00eb q\u00eb n\u00eb fillim: fatin.<\/p>\n<p>K\u00ebshtu si kan\u00eb ardhur pun\u00ebt, si na kan\u00eb l\u00ebn\u00eb me nj\u00eb fjal\u00eb vet\u00ebm fati do na b\u00ebj\u00eb derman. T\u00eb dyja pal\u00ebt zihen e grinden p\u00ebr flet\u00eb, kuti, amendamente\u2026 Koha kalon dhe e v\u00ebrteta, fjala q\u00eb duhej t\u2019i b\u00ebnte derman k\u00ebsaj pune, ka nisur t\u00eb ngat\u00ebrrohet. Kjo histori \u00ebsht\u00eb b\u00ebr\u00eb aq monotone saq\u00eb vet\u00ebm ata q\u00eb merren p\u00ebrdit\u00eb me k\u00ebt\u00eb pun\u00eb ia v\u00ebn\u00eb veshin, askush tjet\u00ebr. Nj\u00ebra pal\u00eb mbahet fort n\u00eb q\u00ebndrimin e saj, tjetra \u00ebsht\u00eb e pafuqishme t\u00eb ndryshoj\u00eb gj\u00ebrat. At\u00ebher\u00eb si i b\u00ebhet. Si gjithnj\u00eb te ne, me sa duket, k\u00ebt\u00eb do ta vendos\u00eb vet\u00ebm fati. Nj\u00ebsoj si historia e hajdutit t\u00eb lumtur q\u00eb vajti e u p\u00ebrplas me nj\u00eb lop\u00eb.<\/p>\n<p>Meq\u00eb bindja jon\u00eb \u00ebsht\u00eb se te ne gj\u00ebrat kan\u00eb shkuar si ka dashur fati, at\u00ebher\u00eb e kan\u00eb kot ata q\u00eb rrahin gjoksin p\u00ebr arritje dhe \u201cfitore\u201d, p\u00ebr suksese pa fund e pa fre, p\u00ebr nj\u00eb parajs\u00eb mbi tok\u00eb p\u00ebr ta pasur zili. N\u00eb vend t\u00eb k\u00ebsaj ata, nga t\u00eb gjitha pal\u00ebt, duhet t\u00eb k\u00ebrkojn\u00eb ndjes\u00eb pse na kan\u00eb braktisur n\u00eb m\u00ebshir\u00ebn e fatit, n\u00eb koh\u00ebn q\u00eb dynjaja jon\u00eb e vog\u00ebl priste shum\u00eb prej tyre. Andaj \u00ebsht\u00eb mir\u00eb q\u00eb fjal\u00ebt e m\u00ebdha t\u2019i z\u00ebvend\u00ebsojn\u00eb sakaq me fjal\u00ebn \u201cndjes\u00eb\u201d. Sigurisht kjo vet\u00eb e mbyllur brenda secilit prej nesh \u00ebsht\u00eb e ndryshme n\u00eb njer\u00ebz t\u00eb ndrysh\u00ebm. Ne, njer\u00ebzit pa pushtet e kemi jo m\u00eb t\u00eb leht\u00eb, por m\u00eb thjesht\u00eb, t\u00eb k\u00ebrkojm\u00eb ndjes\u00eb. Pushtetar\u00ebt e kan\u00eb ndryshe.<\/p>\n<p>Edhe n\u00ebse ndodh, gj\u00eb e rrall\u00eb kjo p\u00ebr Shqip\u00ebrin\u00eb q\u00eb t\u00eb k\u00ebrkojn\u00eb ndjes\u00eb, e b\u00ebjn\u00eb vet\u00ebm sa p\u00ebr sy e faqe. Nuk u rreh fort zemra dhe as q\u00eb nuk u p\u00ebrloten syt\u00eb. Nj\u00eb pushtetar nuk jep kurr\u00eb ndjes\u00eb t\u00eb mir\u00ebfillt\u00eb. Nj\u00eb filozof i njohur i shekullit t\u00eb kaluar ka shkruar k\u00ebshtu mbi k\u00ebt\u00eb pik\u00eb: \u201c\u2026Sundimtari regjistron me sakt\u00ebsi \u00e7do akt armiq\u00ebsor dhe e l\u00eb at\u00eb m\u00ebnjan\u00eb, duke b\u00ebr\u00eb sikur e ka harruar. Mund t\u2019i sh\u00ebrbej\u00eb ndonj\u00ebher\u00eb p\u00ebr ta k\u00ebmbyer me nj\u00eb n\u00ebnshtrim t\u00eb plot\u00eb. Aktet e shpirtmadh\u00ebsis\u00eb s\u00eb sundimtar\u00ebve kan\u00eb gjithnj\u00eb k\u00ebt\u00eb q\u00ebllim. Ata kan\u00eb nj\u00eb d\u00ebshir\u00eb aq t\u00eb madhe p\u00ebr t\u2019i n\u00ebnshtruar njer\u00ebzit q\u00eb u kund\u00ebrvihen, saq\u00eb shpeshher\u00eb paguajn\u00eb nj\u00eb \u00e7mim tep\u00ebr t\u00eb lart\u00eb p\u00ebr k\u00ebt\u00eb n\u00ebnshtrim\u201d.<\/p>\n<p>K\u00ebto radh\u00eb mund t\u00eb duken ca si tep\u00ebr pesimiste. N\u00eb Shkod\u00ebr do t\u00eb thoni: Ani, ani\u2026 N\u00ebse e vrasim mendjen ca m\u00eb shum\u00eb, ca p\u00ebrtej deklaratave t\u00eb politik\u00ebs majtas e djathtas, ca p\u00ebrtej buz\u00ebqeshjeve dhe hak\u00ebrrimeve at\u00ebher\u00eb do t\u00eb na b\u00ebhet i qart\u00eb fati yn\u00eb, ai q\u00eb ka vendosur jet\u00eb e mot p\u00ebr jet\u00ebn ton\u00eb. A nuk i ngjajm\u00eb nga pak t\u00eb gjith\u00eb atij djaloshit fatzi q\u00eb vajti e u p\u00ebrplas me lop\u00ebn?<\/p>\n","protected":false},"excerpt":{"rendered":"<p>Fatos Baxhaku Kush e tha q\u00eb jemi popull pa fat? Ne kemi qen\u00eb e jemi me shum\u00eb fat. Puna \u00ebsht\u00eb se si e kemi, t\u00eb mbar\u00eb, apo t\u00eb zi? K\u00ebtu nuk \u00ebsht\u00eb puna p\u00ebr t\u2019i err\u00ebsuar gj\u00ebrat dhe p\u00ebr t\u2019u zhytur n\u00eb nj\u00eb bot\u00eb t\u00eb zymt\u00eb gri, puna \u00ebsht\u00eb se n\u00ebse e mendojm\u00eb mir\u00eb, gjith\u00e7ka [&hellip;]<\/p>\n","protected":false},"author":1,"featured_media":0,"comment_status":"open","ping_status":"closed","sticky":false,"template":"","format":"standard","meta":{"footnotes":""},"categories":[2],"tags":[],"class_list":{"0":"post-5573","1":"post","2":"type-post","3":"status-publish","4":"format-standard","6":"category-artikuj"},"yoast_head":"<!-- This site is optimized with the Yoast SEO plugin v27.4 - https:\/\/yoast.com\/product\/yoast-seo-wordpress\/ -->\n<title>FATZINJT\u00cb - FjALA e LIR\u00cb - Arkivi<\/title>\n<meta name=\"robots\" content=\"index, follow, max-snippet:-1, max-image-preview:large, max-video-preview:-1\" \/>\n<link rel=\"canonical\" href=\"https:\/\/fjala.info\/2009-2015\/fatzinjte\/\" \/>\n<meta property=\"og:locale\" content=\"sq_AL\" \/>\n<meta property=\"og:type\" content=\"article\" \/>\n<meta property=\"og:title\" content=\"FATZINJT\u00cb - FjALA e LIR\u00cb - Arkivi\" \/>\n<meta property=\"og:description\" content=\"Fatos Baxhaku Kush e tha q\u00eb jemi popull pa fat? Ne kemi qen\u00eb e jemi me shum\u00eb fat. Puna \u00ebsht\u00eb se si e kemi, t\u00eb mbar\u00eb, apo t\u00eb zi? K\u00ebtu nuk \u00ebsht\u00eb puna p\u00ebr t\u2019i err\u00ebsuar gj\u00ebrat dhe p\u00ebr t\u2019u zhytur n\u00eb nj\u00eb bot\u00eb t\u00eb zymt\u00eb gri, puna \u00ebsht\u00eb se n\u00ebse e mendojm\u00eb mir\u00eb, gjith\u00e7ka [&hellip;]\" \/>\n<meta property=\"og:url\" content=\"https:\/\/fjala.info\/2009-2015\/fatzinjte\/\" \/>\n<meta property=\"og:site_name\" content=\"FjALA e LIR\u00cb - Arkivi\" \/>\n<meta property=\"article:published_time\" content=\"2011-01-09T10:45:13+00:00\" \/>\n<meta name=\"author\" content=\"admin\" \/>\n<meta name=\"twitter:card\" content=\"summary_large_image\" \/>\n<meta name=\"twitter:label1\" content=\"Written by\" \/>\n\t<meta name=\"twitter:data1\" content=\"admin\" \/>\n\t<meta name=\"twitter:label2\" content=\"Est. reading time\" \/>\n\t<meta name=\"twitter:data2\" content=\"6 minutes\" \/>\n<script type=\"application\/ld+json\" class=\"yoast-schema-graph\">{\"@context\":\"https:\\\/\\\/schema.org\",\"@graph\":[{\"@type\":\"Article\",\"@id\":\"https:\\\/\\\/fjala.info\\\/2009-2015\\\/fatzinjte\\\/#article\",\"isPartOf\":{\"@id\":\"https:\\\/\\\/fjala.info\\\/2009-2015\\\/fatzinjte\\\/\"},\"author\":{\"name\":\"admin\",\"@id\":\"https:\\\/\\\/fjala.info\\\/2009-2015\\\/#\\\/schema\\\/person\\\/3aa1163ef05469c496fc94e77611ada2\"},\"headline\":\"FATZINJT\u00cb\",\"datePublished\":\"2011-01-09T10:45:13+00:00\",\"mainEntityOfPage\":{\"@id\":\"https:\\\/\\\/fjala.info\\\/2009-2015\\\/fatzinjte\\\/\"},\"wordCount\":1193,\"commentCount\":0,\"publisher\":{\"@id\":\"https:\\\/\\\/fjala.info\\\/2009-2015\\\/#organization\"},\"articleSection\":[\"Artikuj\"],\"inLanguage\":\"sq-AL\",\"potentialAction\":[{\"@type\":\"CommentAction\",\"name\":\"Comment\",\"target\":[\"https:\\\/\\\/fjala.info\\\/2009-2015\\\/fatzinjte\\\/#respond\"]}]},{\"@type\":\"WebPage\",\"@id\":\"https:\\\/\\\/fjala.info\\\/2009-2015\\\/fatzinjte\\\/\",\"url\":\"https:\\\/\\\/fjala.info\\\/2009-2015\\\/fatzinjte\\\/\",\"name\":\"FATZINJT\u00cb - FjALA e LIR\u00cb - Arkivi\",\"isPartOf\":{\"@id\":\"https:\\\/\\\/fjala.info\\\/2009-2015\\\/#website\"},\"datePublished\":\"2011-01-09T10:45:13+00:00\",\"breadcrumb\":{\"@id\":\"https:\\\/\\\/fjala.info\\\/2009-2015\\\/fatzinjte\\\/#breadcrumb\"},\"inLanguage\":\"sq-AL\",\"potentialAction\":[{\"@type\":\"ReadAction\",\"target\":[\"https:\\\/\\\/fjala.info\\\/2009-2015\\\/fatzinjte\\\/\"]}]},{\"@type\":\"BreadcrumbList\",\"@id\":\"https:\\\/\\\/fjala.info\\\/2009-2015\\\/fatzinjte\\\/#breadcrumb\",\"itemListElement\":[{\"@type\":\"ListItem\",\"position\":1,\"name\":\"Home\",\"item\":\"https:\\\/\\\/fjala.info\\\/2009-2015\\\/\"},{\"@type\":\"ListItem\",\"position\":2,\"name\":\"FATZINJT\u00cb\"}]},{\"@type\":\"WebSite\",\"@id\":\"https:\\\/\\\/fjala.info\\\/2009-2015\\\/#website\",\"url\":\"https:\\\/\\\/fjala.info\\\/2009-2015\\\/\",\"name\":\"FjALA e LIR\u00cb - Arkivi\",\"description\":\"Arkivi 2009-2015\",\"publisher\":{\"@id\":\"https:\\\/\\\/fjala.info\\\/2009-2015\\\/#organization\"},\"potentialAction\":[{\"@type\":\"SearchAction\",\"target\":{\"@type\":\"EntryPoint\",\"urlTemplate\":\"https:\\\/\\\/fjala.info\\\/2009-2015\\\/?s={search_term_string}\"},\"query-input\":{\"@type\":\"PropertyValueSpecification\",\"valueRequired\":true,\"valueName\":\"search_term_string\"}}],\"inLanguage\":\"sq-AL\"},{\"@type\":\"Organization\",\"@id\":\"https:\\\/\\\/fjala.info\\\/2009-2015\\\/#organization\",\"name\":\"FjALA e LIR\u00cb - Arkivi\",\"url\":\"https:\\\/\\\/fjala.info\\\/2009-2015\\\/\",\"logo\":{\"@type\":\"ImageObject\",\"inLanguage\":\"sq-AL\",\"@id\":\"https:\\\/\\\/fjala.info\\\/2009-2015\\\/#\\\/schema\\\/logo\\\/image\\\/\",\"url\":\"\",\"contentUrl\":\"\",\"caption\":\"FjALA e LIR\u00cb - Arkivi\"},\"image\":{\"@id\":\"https:\\\/\\\/fjala.info\\\/2009-2015\\\/#\\\/schema\\\/logo\\\/image\\\/\"}},{\"@type\":\"Person\",\"@id\":\"https:\\\/\\\/fjala.info\\\/2009-2015\\\/#\\\/schema\\\/person\\\/3aa1163ef05469c496fc94e77611ada2\",\"name\":\"admin\",\"image\":{\"@type\":\"ImageObject\",\"inLanguage\":\"sq-AL\",\"@id\":\"https:\\\/\\\/fjala.info\\\/2009-2015\\\/wp-content\\\/uploads\\\/2012\\\/02\\\/arben_cokaj-120x150.jpg\",\"url\":\"https:\\\/\\\/fjala.info\\\/2009-2015\\\/wp-content\\\/uploads\\\/2012\\\/02\\\/arben_cokaj-120x150.jpg\",\"contentUrl\":\"https:\\\/\\\/fjala.info\\\/2009-2015\\\/wp-content\\\/uploads\\\/2012\\\/02\\\/arben_cokaj-120x150.jpg\",\"caption\":\"admin\"},\"description\":\"Admin, Fjala e Lir\u00eb\",\"sameAs\":[\"https:\\\/\\\/fjala.info\\\/\"],\"url\":\"https:\\\/\\\/fjala.info\\\/2009-2015\\\/author\\\/admin\\\/\"}]}<\/script>\n<!-- \/ Yoast SEO plugin. -->","yoast_head_json":{"title":"FATZINJT\u00cb - FjALA e LIR\u00cb - Arkivi","robots":{"index":"index","follow":"follow","max-snippet":"max-snippet:-1","max-image-preview":"max-image-preview:large","max-video-preview":"max-video-preview:-1"},"canonical":"https:\/\/fjala.info\/2009-2015\/fatzinjte\/","og_locale":"sq_AL","og_type":"article","og_title":"FATZINJT\u00cb - FjALA e LIR\u00cb - Arkivi","og_description":"Fatos Baxhaku Kush e tha q\u00eb jemi popull pa fat? Ne kemi qen\u00eb e jemi me shum\u00eb fat. Puna \u00ebsht\u00eb se si e kemi, t\u00eb mbar\u00eb, apo t\u00eb zi? K\u00ebtu nuk \u00ebsht\u00eb puna p\u00ebr t\u2019i err\u00ebsuar gj\u00ebrat dhe p\u00ebr t\u2019u zhytur n\u00eb nj\u00eb bot\u00eb t\u00eb zymt\u00eb gri, puna \u00ebsht\u00eb se n\u00ebse e mendojm\u00eb mir\u00eb, gjith\u00e7ka [&hellip;]","og_url":"https:\/\/fjala.info\/2009-2015\/fatzinjte\/","og_site_name":"FjALA e LIR\u00cb - Arkivi","article_published_time":"2011-01-09T10:45:13+00:00","author":"admin","twitter_card":"summary_large_image","twitter_misc":{"Written by":"admin","Est. reading time":"6 minutes"},"schema":{"@context":"https:\/\/schema.org","@graph":[{"@type":"Article","@id":"https:\/\/fjala.info\/2009-2015\/fatzinjte\/#article","isPartOf":{"@id":"https:\/\/fjala.info\/2009-2015\/fatzinjte\/"},"author":{"name":"admin","@id":"https:\/\/fjala.info\/2009-2015\/#\/schema\/person\/3aa1163ef05469c496fc94e77611ada2"},"headline":"FATZINJT\u00cb","datePublished":"2011-01-09T10:45:13+00:00","mainEntityOfPage":{"@id":"https:\/\/fjala.info\/2009-2015\/fatzinjte\/"},"wordCount":1193,"commentCount":0,"publisher":{"@id":"https:\/\/fjala.info\/2009-2015\/#organization"},"articleSection":["Artikuj"],"inLanguage":"sq-AL","potentialAction":[{"@type":"CommentAction","name":"Comment","target":["https:\/\/fjala.info\/2009-2015\/fatzinjte\/#respond"]}]},{"@type":"WebPage","@id":"https:\/\/fjala.info\/2009-2015\/fatzinjte\/","url":"https:\/\/fjala.info\/2009-2015\/fatzinjte\/","name":"FATZINJT\u00cb - FjALA e LIR\u00cb - Arkivi","isPartOf":{"@id":"https:\/\/fjala.info\/2009-2015\/#website"},"datePublished":"2011-01-09T10:45:13+00:00","breadcrumb":{"@id":"https:\/\/fjala.info\/2009-2015\/fatzinjte\/#breadcrumb"},"inLanguage":"sq-AL","potentialAction":[{"@type":"ReadAction","target":["https:\/\/fjala.info\/2009-2015\/fatzinjte\/"]}]},{"@type":"BreadcrumbList","@id":"https:\/\/fjala.info\/2009-2015\/fatzinjte\/#breadcrumb","itemListElement":[{"@type":"ListItem","position":1,"name":"Home","item":"https:\/\/fjala.info\/2009-2015\/"},{"@type":"ListItem","position":2,"name":"FATZINJT\u00cb"}]},{"@type":"WebSite","@id":"https:\/\/fjala.info\/2009-2015\/#website","url":"https:\/\/fjala.info\/2009-2015\/","name":"FjALA e LIR\u00cb - Arkivi","description":"Arkivi 2009-2015","publisher":{"@id":"https:\/\/fjala.info\/2009-2015\/#organization"},"potentialAction":[{"@type":"SearchAction","target":{"@type":"EntryPoint","urlTemplate":"https:\/\/fjala.info\/2009-2015\/?s={search_term_string}"},"query-input":{"@type":"PropertyValueSpecification","valueRequired":true,"valueName":"search_term_string"}}],"inLanguage":"sq-AL"},{"@type":"Organization","@id":"https:\/\/fjala.info\/2009-2015\/#organization","name":"FjALA e LIR\u00cb - Arkivi","url":"https:\/\/fjala.info\/2009-2015\/","logo":{"@type":"ImageObject","inLanguage":"sq-AL","@id":"https:\/\/fjala.info\/2009-2015\/#\/schema\/logo\/image\/","url":"","contentUrl":"","caption":"FjALA e LIR\u00cb - Arkivi"},"image":{"@id":"https:\/\/fjala.info\/2009-2015\/#\/schema\/logo\/image\/"}},{"@type":"Person","@id":"https:\/\/fjala.info\/2009-2015\/#\/schema\/person\/3aa1163ef05469c496fc94e77611ada2","name":"admin","image":{"@type":"ImageObject","inLanguage":"sq-AL","@id":"https:\/\/fjala.info\/2009-2015\/wp-content\/uploads\/2012\/02\/arben_cokaj-120x150.jpg","url":"https:\/\/fjala.info\/2009-2015\/wp-content\/uploads\/2012\/02\/arben_cokaj-120x150.jpg","contentUrl":"https:\/\/fjala.info\/2009-2015\/wp-content\/uploads\/2012\/02\/arben_cokaj-120x150.jpg","caption":"admin"},"description":"Admin, Fjala e Lir\u00eb","sameAs":["https:\/\/fjala.info\/"],"url":"https:\/\/fjala.info\/2009-2015\/author\/admin\/"}]}},"_links":{"self":[{"href":"https:\/\/fjala.info\/2009-2015\/wp-json\/wp\/v2\/posts\/5573","targetHints":{"allow":["GET"]}}],"collection":[{"href":"https:\/\/fjala.info\/2009-2015\/wp-json\/wp\/v2\/posts"}],"about":[{"href":"https:\/\/fjala.info\/2009-2015\/wp-json\/wp\/v2\/types\/post"}],"author":[{"embeddable":true,"href":"https:\/\/fjala.info\/2009-2015\/wp-json\/wp\/v2\/users\/1"}],"replies":[{"embeddable":true,"href":"https:\/\/fjala.info\/2009-2015\/wp-json\/wp\/v2\/comments?post=5573"}],"version-history":[{"count":0,"href":"https:\/\/fjala.info\/2009-2015\/wp-json\/wp\/v2\/posts\/5573\/revisions"}],"wp:attachment":[{"href":"https:\/\/fjala.info\/2009-2015\/wp-json\/wp\/v2\/media?parent=5573"}],"wp:term":[{"taxonomy":"category","embeddable":true,"href":"https:\/\/fjala.info\/2009-2015\/wp-json\/wp\/v2\/categories?post=5573"},{"taxonomy":"post_tag","embeddable":true,"href":"https:\/\/fjala.info\/2009-2015\/wp-json\/wp\/v2\/tags?post=5573"}],"curies":[{"name":"wp","href":"https:\/\/api.w.org\/{rel}","templated":true}]}}