{"id":5571,"date":"2011-01-09T11:43:40","date_gmt":"2011-01-09T10:43:40","guid":{"rendered":"http:\/\/fjala.shkoder.net\/?p=5571"},"modified":"2011-01-09T11:43:40","modified_gmt":"2011-01-09T10:43:40","slug":"berisha-ne-prapaskene","status":"publish","type":"post","link":"https:\/\/fjala.info\/2009-2015\/berisha-ne-prapaskene\/","title":{"rendered":"BERISHA N\u00cb PRAPASKEN\u00cb"},"content":{"rendered":"<p><strong>Mitro \u00c7ela<\/strong><\/p>\n<p><em><strong>Ditari i gazetarit <\/strong><\/em>(3)<\/p>\n<p><em>22 shtator 1991<\/em>.<\/p>\n<p>Prag Kuvend. Ishte fiksuar data 27 dhe 28 shtator. Do ishte Kuvendi i par\u00eb. Historik. P\u00ebr PD-n\u00eb. P\u00ebr Shqip\u00ebrin\u00eb. Por edhe p\u00ebr fraksionin ton\u00eb. N\u00eb Kuvend do t\u00eb zgjidhej kryetari i partis\u00eb. Dilem\u00eb e madhe. N\u00ebse Berisha do t\u00eb rizgjidhej, fraksionin e merrte lumi. Le t\u00eb ndjellim kujtimet. Nat\u00eb. Von\u00eb. Si ilegal\u00ebt. Ca me k\u00ebmb\u00eb e ca me makina (ministrat e qeveris\u00eb s\u00eb Stabilitetit) mb\u00ebrrit\u00ebm n\u00eb vil\u00ebn e Pashkos. Neritan Ceka, Genc Ruli, Mitro \u00c7ela, Edmod Trako, Arben Demeti. Eduart Selami, nuk po vinte. Nd\u00ebrroi mendje n\u00eb minut\u00ebn e fundit. Meksi nuk pranoi t\u00eb b\u00ebhej pjes\u00eb e fraksionit. Jasht\u00eb radh\u00ebve t\u00eb fraksionit ishte edhe Arben Imami.<\/p>\n<p>Nisi mbledhja. Alla PD. Pa protokoll. Pa rend dite. Pa ide t\u00eb fiksuar. Biseda nis kodra pas bregut. T\u00eb nakatosura problemet e qeveris\u00eb me problemet e partis\u00eb. Gramoz Pashko, duke qen\u00eb z\u00ebvend\u00ebskryeminist\u00ebr, k\u00ebrkoi mendim p\u00ebr privatizimin e rrjetit tregtar. Ishte hedhur ideja q\u00eb dyqanet t\u2019i blinin punonj\u00ebsit. Un\u00eb si ekonomist kisha k\u00ebt\u00eb ide: \u201cPrivatizim sa m\u00eb shpejt. Privatizimi do t\u00eb justifikonte edhe ndonj\u00eb gabim\u201d. Dikush kund\u00ebrshtoi: \u201cNuk \u00ebsht\u00eb e drejt\u00eb. \u00cbsht\u00eb pasuri e gjith\u00eb popullit. Pse ta marrin vet\u00ebm punonj\u00ebsit e tregtis\u00eb?!\u201d Pashko i vuri vul\u00ebn: \u201c\u00cbsht\u00eb nj\u00eb problem i diskutuar edhe me ekspert\u00eb t\u00eb huaj. Nuk ka koh\u00eb p\u00ebr t\u00eb b\u00ebr\u00eb eksperimentime. Populli k\u00ebrkon sh\u00ebrbime. Duan: buk\u00eb, vaj, sheqer, miell, makarona, mish, vez\u00eb, qum\u00ebsht. I duan q\u00eb nes\u00ebr. Ndaj privatizimi i rrjetit tregtar duhet b\u00ebr\u00eb sa m\u00eb shpejt. Brenda jav\u00ebs. Vet\u00ebm privati gjen rrug\u00eb p\u00ebr furnizimin e qytetar\u00ebve. Nuk ka pse t\u00eb presim. Nuk ka pse n\u00eb k\u00ebt\u00eb problem madhor, t\u00eb nakatoset burokracia! Gj\u00ebrat duhen zgjidhur me s\u00ebpat\u00ebn e Demokleut!\u201d Arsyetim logjik. Koha tregoi se Gramoz Pashko kishte t\u00eb drejt\u00eb\u2026<\/p>\n<p>Nga ekonomia, biseda u p\u00ebrqendrua te partia. Nd\u00ebrkoh\u00eb, n\u00eb duar mbanim gotat q\u00eb na i kishte servirur e zonja e sht\u00ebpis\u00eb. Nj\u00eb dit\u00eb m\u00eb par\u00eb kishim vendosur, q\u00eb fraksioni do t\u00eb kishte p\u00ebr kandidat Neritan Cek\u00ebn. Me modesti t\u00eb tepruar, Neritani e pranoi k\u00ebt\u00eb detyr\u00eb fisnike. Nuk di pse un\u00eb thash\u00eb: \u201cNeritani ka nj\u00eb t\u00eb met\u00eb. Ka raste q\u00eb nxitohet. Duhet t\u00eb korrigjohet.\u201d\u2026Gotat ran\u00eb mbi tavolin\u00eb. L\u00ebvizje supesh. Kund\u00ebrshtime. \u201cNuk \u00ebsht\u00eb e drejt\u00eb,- tha Arben Demeti.- Neritani dallohet p\u00ebr qet\u00ebsi t\u00eb tejskajshme. U kujtohet dita e par\u00eb e hapjes s\u00eb Parlamentit pas zgjedhjeve t\u00eb 31 marsit 1991? Deputetet demokrat\u00eb, n\u00eb shenj\u00eb proteste p\u00ebr vrasjen Arben Brocit m\u00eb 2 prill 1991 n\u00eb Shkod\u00ebr, vendos\u00ebn t\u00eb bojkotojn\u00eb Parlamentin. N\u00eb Parlament shkoi Neritani. Vet\u00ebm- midis komunist\u00ebve. Pa iu dredhur syri dhe z\u00ebri ia p\u00ebrplasi Adil \u00c7ar\u00e7anit, Haxhi Lleshit, Gramoz Ru\u00e7it dhe Fatos Nanos, m\u2019u n\u00eb lule t\u00eb ballit. Dhe ashtu, sa fisnik dhe krenar doli nga salla e Parlamentit!\u201d<\/p>\n<p>&#8211; Jam dakord,- thash\u00eb un\u00eb.- Por analiza jote i takon s\u00eb shkuar\u00ebs. Un\u00eb flas p\u00ebr t\u00eb ardhmen. Pas 90 dit\u00ebve, Neritani, n\u00eb inat e sip\u00ebr do t\u00eb shkoj\u00eb n\u00eb zyr\u00ebn e Ramiz Alis\u00eb. Sebepi? Ftesa e Ramiz Alis\u00eb p\u00ebr t\u00eb diskutuar \u201cjet\u00ebn\u201d e Qeveris\u00eb s\u00eb Stabilitetit, me Kryeminist\u00ebr Ylli Bufin. N\u00eb sy t\u00eb Ramizit do ta sulmoj\u00eb ashp\u00ebr Berish\u00ebn. N\u00eb fund do t\u00eb b\u00ebj\u00eb edhe nj\u00eb deklarat\u00eb befasuese: &#8220;Un\u00eb do t\u00eb largohem nj\u00eb her\u00eb e mir\u00eb nga politika&#8221;. Kjo m\u00eb trishton.- Thash\u00eb un\u00eb duke par\u00eb nj\u00eb piktur\u00eb moderne varur n\u00eb mur pak shtremb\u00ebr.<\/p>\n<p>-Nuk duhet t\u00eb merremi me vog\u00eblsira, &#8211; tha Pre\u00e7i.- \u00c7do fjal\u00eb e jona do t\u00eb hyj\u00eb n\u00eb histori. N\u00eb fund t\u00eb muajit b\u00ebhet kuvendi. Strategjia: Neritani t\u00eb zgjidhet kryetar i Partis\u00eb Demokratike. Taktika. K\u00ebtu duhet kujdes. Duhet men\u00e7uri. Ka dy skenar\u00eb p\u00ebr t\u00eb arritur q\u00ebllimin: Skenari i par\u00eb &#8211; kryetari t\u00eb zgjidhet n\u00eb Kuvend. Skenari i dyt\u00eb- kryetari i PD-s\u00eb t\u00eb zgjidhet n\u00eb kryesi. Skema \u00ebsht\u00eb e thjesht\u00eb, dhe p\u00ebrb\u00ebn filozofin\u00eb e fraksionit p\u00ebr fitore: Kuvendi zgjedh k\u00ebshillin komb\u00ebtar. K\u00ebshilli zgjedh kryesin\u00eb. N\u00eb fund, kryesia zgjedh kryetarin.<\/p>\n<p>-Me skenarin e par\u00eb, &#8211; vazhdoi Pre\u00e7i, &#8211; probabiliteti q\u00eb fitorja t&#8217;i buz\u00ebqesh\u00eb Neritanit \u00ebsht\u00eb e vog\u00ebl. Ju e dini vet\u00eb. Berisha \u00ebsht\u00eb populist. I zot\u00ebron masat. Pa folur, q\u00eb k\u00ebto muaj q\u00eb ne rrim\u00eb n\u00eb mbledhje t\u00eb qeveris\u00eb, ai nuk ka l\u00ebn\u00eb qytet e fshat pa shkelur. Skenari i dyt\u00eb, q\u00eb kryetari t\u00eb zgjidhet n\u00eb Kryesin\u00eb e PD-s\u00eb, e vendos Neritanin n\u00eb fronin e kryetarit t\u00eb Partis\u00eb automatikisht. Ju e dini. Kryesia ka 19 an\u00ebtar\u00eb. Nga k\u00ebt\u00eb. Fraksioni: 12 an\u00ebtar\u00eb. Berish\u00ebs i mbeten vet\u00ebm 7-t\u00eb.<\/p>\n<p>21 shtator 1991.Ora 17.00.<br \/>\nMbledhje e Komisionit Nism\u00ebtar t\u00eb PD-s\u00eb. Protokollist Agron \u00c7ika. Kishte ardhur nga radh\u00ebt e klas\u00ebs pun\u00ebtore. Ka hyr\u00eb n\u00eb historin\u00eb e PD-s\u00eb, me nj\u00eb maksim\u00eb tep\u00ebr origjinale: intelektuali b\u00ebn edhe pa shkoll\u00eb t\u00eb lart\u00eb! (Nj\u00eb mendje e ndritur, ka th\u00ebn\u00eb shkrimtari francez, Gabril Sh\u00ebvalie, b\u00ebn edhe pa k\u00ebpuc\u00eb llustrafine.) Nga t&#8217;ia nisim? Protokollet jan\u00eb shum\u00eb. Shkrimi ibret. Tensioni i diskutimeve nevrikoste robin e fundit t\u00eb allahut q\u00eb mbante protokollet. Shto k\u00ebtu edhe pluhurin e koh\u00ebs. Duhet t\u00eb b\u00ebjm\u00eb nj\u00eb kompromis. Do t\u00eb ndjekim rregullin e art\u00eb t\u00eb statistik\u00ebs: v\u00ebzhgim me zgjedhje! Mbledhja nis pa ceremoni. M\u00eb the. T\u00eb thash\u00eb. Topin e ka Pashko:<\/p>\n<p>-Un\u00eb mendoj q\u00eb kryesia e PD duhet t\u00eb zgjidhet nga k\u00ebshilli komb\u00ebtar&#8230;<br \/>\n-Pastaj kryesia zgjedh kryetarin,- ia nd\u00ebrpreu fjal\u00ebn Selami, k\u00ebsaj radhe pa shum\u00eb takt.<br \/>\n-Un\u00eb mendoj q\u00eb kryetarin duhet ta zgjedh\u00eb Kuvendi,- tha Berisha.- T\u00eb zbatojm\u00eb vij\u00ebn e deritanishme t\u00eb konferencave t\u00eb rretheve.<\/p>\n<p>-Deg\u00ebt e PD-s\u00eb n\u00eb rrethe kan\u00eb dy hallka,- tha Pre\u00e7i.- Vetvetiu i zgjedhin t\u00eb dyja. Nd\u00ebrsa Kuvendi ka tri hallka. Duhet t\u00eb jemi krijues. Nuk shkon: Kuvendi imiton konferencat! Do t\u00eb na qeshin. N\u00eb Kuvend do t\u00eb ket\u00eb edhe t\u00eb huaj!? ( Edhe n\u00eb politik\u00ebn e lart\u00eb ka humor. M\u00eb mir\u00eb satir\u00eb: fati i kryetarit varet nga numri i hallkave organizative. Shyqyr q\u00eb nuk ka rripa organizimi i partis\u00eb, sepse do t\u00eb dilnim te rripat e transmisionit t\u00eb xhaxha Leninit!)<\/p>\n<p>-Nuk kuptoj, -tha Azem Hajdari,- jemi parti demokratike apo parti enveriste?! \u00cbsht\u00eb marr\u00ebzi t\u00eb diskutohet vendi ku zgjidhet kryetari. Zgjedhja e Kryetarit n\u00eb Kuvend \u00ebsht\u00eb abc-ja e demokracis\u00eb n\u00eb partit\u00eb per\u00ebndimore. Ndoshta dikush ka nd\u00ebrmend t\u00eb kthej\u00eb rrot\u00ebn e historis\u00eb mbrapsht! Bujrum! Por un\u00eb do t\u00eb largohem.<\/p>\n<p>Fol\u00ebn edhe t\u00eb tjer\u00ebt. Nj\u00ebri gozhd\u00ebs. Tjetri patkoit. Nj\u00eb pakic\u00eb me v\u00ebshtrim nga Berisha. Shumica nga Pashko. Neritani q\u00ebndronte indiferent. Shenj\u00eb e njeriut q\u00eb \u00ebsht\u00eb vet\u00ebbindur p\u00ebr suksesin q\u00eb e pret. Pati replika. Plasi sherri. Pik\u00ebrisht n\u00eb k\u00ebt\u00eb moment nd\u00ebrhyri me shum\u00eb takt Eduard Selami: \u201cT\u00eb nisim procedurat e votimit!\u201d Para procedur\u00ebs nisi sherri. U hap\u00ebn letrat. Ne fraksionist\u00ebve na shk\u00eblqenin syt\u00eb: 14 politikan\u00eb ishin q\u00eb Kryetari t\u00eb mos zgjidhej n\u00eb Kuvend. Dol\u00ebn m\u00eb shum\u00eb sesa ishin llogarit\u00eb tona. Shqip: me k\u00ebt\u00eb formul\u00eb Neritani b\u00ebhej kryetar. Dhe pastaj: rroft\u00eb fraksioni!<\/p>\n<p>-Fitoi varianti juaj,- tha Berisha.- Nj\u00eb variant i gatuar n\u00eb mbledhje bizantine! Por ndalu Beg se ka hendek, thot\u00eb populli! Rregullat e loj\u00ebs do t\u2019i vendos\u00eb k\u00ebshilli komb\u00ebtar. Keni dy dit\u00eb p\u00ebr t\u2019u g\u00ebzuar.<\/p>\n<p>22 shtator 1991.<br \/>\nMbledhja e k\u00ebshillit komb\u00ebtar. Luftuan fraksionist\u00ebt me pall\u00eb. Un\u00eb b\u00ebja sehir. E kisha parashikuar humbjen. Nisi num\u00ebrimi i votave. Variantet ngordh\u00ebn. Fitoi varianti i Berish\u00ebs. Humbi varianti i Neritanit. Sinjalet nuk ishin t\u00eb mira. U mblodh\u00ebm, ashtu rast\u00ebsisht. Dikush pyeti: \u201cSi ndodhi?\u201d Tjetri: \u201cPse ndodhi?\u201d Pastaj p\u00ebrgjigjet: \u201cBerisha \u00ebsht\u00eb mjesht\u00ebr i manipulimit. Do ta b\u00ebj\u00eb k\u00ebt\u00eb gjith\u00eb jet\u00ebn\u201d.<\/p>\n<p>-Mir\u00eb Berisha, &#8211; tha Pre\u00e7i, &#8211; po ne ku i kishim syt\u00eb! A nuk jemi shumica n\u00eb kryesi! A nuk u shp\u00ebrndam\u00eb kudo!<\/p>\n<p>-Sigurisht,- tha Merita Zaloshnja (n\u00eb at\u00eb koh\u00eb an\u00ebtare e kryesis\u00eb.),- Por ne na kishte kapur euforia. Ministrat nuk e heqin byth\u00ebn (m\u00eb falni) nga makina. Nuk shkojn\u00eb n\u00eb konferencat e rretheve. K\u00ebrkojn\u00eb t\u00eb han\u00eb g\u00ebshtenja me duart e t\u00eb tjer\u00ebve! Nd\u00ebrsa Berisha nuk p\u00ebrton! Vjen n\u00eb zyr\u00eb n\u00eb sabah dhe ik\u00ebn n\u00eb mesnat\u00eb. Nuk ka l\u00ebn\u00eb rreth pa shkuar. Njer\u00ebzit e thjesht\u00eb, q\u00eb nuk marrin vesh nga politika, mjafton t\u2019i takosh, t\u2019u flas\u00ebsh dhe i b\u00ebn p\u00ebr vete. K\u00ebt\u00eb marifet e di mir\u00eb Berisha!<\/p>\n<p>Edhe dy dit\u00eb na ndajn\u00eb nga kuvendi. \u201cKemi koh\u00eb p\u00ebr ta ndaluar t\u00eb keqen q\u00eb i kanoset Partis\u00eb Demokratike! Duhet vrar\u00eb mendja. Duhet t\u00eb q\u00ebndrojm\u00eb. Kuvendi duhet t\u00eb realizohet sipas skenarit ton\u00eb,- arsyetonte Eduart Selami\u201d. Por \u00e7far\u00eb thon\u00eb protokollet?<\/p>\n<p>25 shtator. Ora 21.00.<br \/>\nKryesia b\u00ebn mbledhje. De more de! Fraksionist\u00ebt luftojn\u00eb me \u00e7do mjet. Ka edhe raste kur flitet pa ironi, sarkaz\u00ebm, fyerje. Vet\u00ebm Neritani q\u00ebndron stoik! Ende nuk e parashikon humbjen! Agron \u00c7ika \u00ebsht\u00eb dor\u00ebzuar. Protokollin e mban nj\u00eb njeri pa em\u00ebr. Shkrim doktori: copa- copa, mish- mash. Nuk e ka fajin pena. T\u00eb tilla ishin diskutimet. Pa pik\u00eb e pa presje. Kur u d\u00ebgjua nj\u00eb z\u00eb: &#8220;N\u00eb kryesin\u00eb e re nuk duhet t\u00eb jen\u00eb ish-an\u00ebtar\u00ebt e Partis\u00eb s\u00eb Pun\u00ebs!&#8221; Maksima p\u00ebrb\u00ebnte formul\u00ebn m\u00eb t\u00eb leht\u00eb p\u00ebr t\u00eb nxjerr\u00eb jasht\u00eb loje Berish\u00ebn. N\u00eb at\u00eb koh\u00eb kryesia kishte 4 ish-an\u00ebtar\u00eb t\u00eb Partis\u00eb s\u00eb Pun\u00ebs. Un\u00eb, Berisha, Arben Demeti dhe Pashko. Edhe bufi i k\u00ebnet\u00ebs e kuptonte q\u00eb propozimi lidhej me Berish\u00ebn. Ne t\u00eb tjer\u00ebt ishim mish p\u00ebr top!&#8230;Citate nga protokolli.<\/p>\n<p>Pashko: &#8211; M\u00eb vjen turp q\u00eb kam qen\u00eb an\u00ebtar i Partis\u00eb s\u00eb Pun\u00ebs. Dhe kur u b\u00ebra? N\u00eb fund. Dhe sa ndenja me teser\u00eb t\u00eb kuqe? Vet\u00ebm 6 muaj. Ngul k\u00ebmb\u00eb p\u00ebr t\u00eb mos qen\u00eb kryetar i PD-s\u00eb. Nuk m\u00eb vjen mir\u00eb q\u00eb b\u00ebhen debate t\u00eb tilla. Kryesia e re duhet t\u00eb korrigjoj\u00eb gabimet. Zot\u00ebrinj! Nuk do t\u00eb na e fal\u00eb historia, n\u00eb qoft\u00eb se humbasim zgjedhjet.<\/p>\n<p>Mitro \u00c7ela: &#8211; Hyra dhe dola me d\u00ebshir\u00eb nga Partia e Pun\u00ebs. Kam v\u00ebn\u00eb re shenja karrierizmi n\u00eb PD, ndoshta k\u00ebt\u00eb t\u00eb keqe e soll\u00ebm ne komunist\u00ebt! Jam dakord me propozimin! (Berisha m\u00eb pa me sy t\u00eb zgurdulluar. L\u00ebvizi kok\u00ebn, sikur donte t\u00eb thoshte: Edhe ti, more Brut!)<\/p>\n<p>Ndjeva dor\u00ebn e Edmond Trakos. Shtr\u00ebngoi dor\u00ebn time. Pastaj m\u00eb afroi buz\u00ebt te veshi: T\u00eb lumt\u00eb! Nuk t\u00eb l\u00eb njeri ty jasht\u00eb radh\u00ebve!<br \/>\nRexhep Uka: -Nuk jam dakord!<br \/>\nTomor Dosti:- Nuk jam dakord!<br \/>\nLeka Toto:- Nuk jam dakord!<br \/>\nBlerim \u00c7ela:- Nuk jam dakord!<br \/>\nSali Berisha:- Idet\u00eb jan\u00eb t\u00eb mira. Por materializimin e tyre do ta b\u00ebjm\u00eb vet\u00ebm n\u00eb kuvend&#8230; Kam nj\u00eb intervist\u00eb me BBC-n\u00eb,-tha dhe u largua nga mbledhja.<br \/>\n-\u00cbsht\u00eb mjesht\u00ebr,- p\u00ebshp\u00ebriti Merita Zaloshnja.- Rr\u00ebshqiti. Na shp\u00ebtoi. Kur nuk e thyem n\u00eb k\u00ebt\u00eb sall\u00eb, puna e Neritanit do t\u00eb shkoj\u00eb d\u00ebm!<\/p>\n<p>28 shtator 1991.<br \/>\nKuvendi i par\u00eb i PD-s\u00eb vazhdon punimet. I ftuar edhe Ibrahim Rugova. Debate t\u00eb zjarrta mes Berish\u00ebs dhe Pre\u00e7 Zogajt. Duartrokitje t\u00eb zjarrta p\u00ebr Berish\u00ebn\u2026 \u00cbsht\u00eb koha kur lexohen rezultatet e votimit p\u00ebr Kryetarin e Partis\u00eb Demokratike:<\/p>\n<p>Sali Berisha: 449 vota.<br \/>\nNeritan Ceka: 91 vota.<\/p>\n","protected":false},"excerpt":{"rendered":"<p>Mitro \u00c7ela Ditari i gazetarit (3) 22 shtator 1991. Prag Kuvend. Ishte fiksuar data 27 dhe 28 shtator. Do ishte Kuvendi i par\u00eb. Historik. P\u00ebr PD-n\u00eb. P\u00ebr Shqip\u00ebrin\u00eb. Por edhe p\u00ebr fraksionin ton\u00eb. N\u00eb Kuvend do t\u00eb zgjidhej kryetari i partis\u00eb. Dilem\u00eb e madhe. N\u00ebse Berisha do t\u00eb rizgjidhej, fraksionin e merrte lumi. Le t\u00eb [&hellip;]<\/p>\n","protected":false},"author":1,"featured_media":0,"comment_status":"open","ping_status":"closed","sticky":false,"template":"","format":"standard","meta":{"footnotes":""},"categories":[2],"tags":[],"class_list":{"0":"post-5571","1":"post","2":"type-post","3":"status-publish","4":"format-standard","6":"category-artikuj"},"yoast_head":"<!-- This site is optimized with the Yoast SEO plugin v27.4 - https:\/\/yoast.com\/product\/yoast-seo-wordpress\/ -->\n<title>BERISHA N\u00cb PRAPASKEN\u00cb - FjALA e LIR\u00cb - Arkivi<\/title>\n<meta name=\"robots\" content=\"index, follow, max-snippet:-1, max-image-preview:large, max-video-preview:-1\" \/>\n<link rel=\"canonical\" href=\"https:\/\/fjala.info\/2009-2015\/berisha-ne-prapaskene\/\" \/>\n<meta property=\"og:locale\" content=\"sq_AL\" \/>\n<meta property=\"og:type\" content=\"article\" \/>\n<meta property=\"og:title\" content=\"BERISHA N\u00cb PRAPASKEN\u00cb - FjALA e LIR\u00cb - Arkivi\" \/>\n<meta property=\"og:description\" content=\"Mitro \u00c7ela Ditari i gazetarit (3) 22 shtator 1991. Prag Kuvend. Ishte fiksuar data 27 dhe 28 shtator. Do ishte Kuvendi i par\u00eb. Historik. P\u00ebr PD-n\u00eb. P\u00ebr Shqip\u00ebrin\u00eb. Por edhe p\u00ebr fraksionin ton\u00eb. N\u00eb Kuvend do t\u00eb zgjidhej kryetari i partis\u00eb. Dilem\u00eb e madhe. N\u00ebse Berisha do t\u00eb rizgjidhej, fraksionin e merrte lumi. Le t\u00eb [&hellip;]\" \/>\n<meta property=\"og:url\" content=\"https:\/\/fjala.info\/2009-2015\/berisha-ne-prapaskene\/\" \/>\n<meta property=\"og:site_name\" content=\"FjALA e LIR\u00cb - Arkivi\" \/>\n<meta property=\"article:published_time\" content=\"2011-01-09T10:43:40+00:00\" \/>\n<meta name=\"author\" content=\"admin\" \/>\n<meta name=\"twitter:card\" content=\"summary_large_image\" \/>\n<meta name=\"twitter:label1\" content=\"Written by\" \/>\n\t<meta name=\"twitter:data1\" content=\"admin\" \/>\n\t<meta name=\"twitter:label2\" content=\"Est. reading time\" \/>\n\t<meta name=\"twitter:data2\" content=\"10 minutes\" \/>\n<script type=\"application\/ld+json\" class=\"yoast-schema-graph\">{\"@context\":\"https:\\\/\\\/schema.org\",\"@graph\":[{\"@type\":\"Article\",\"@id\":\"https:\\\/\\\/fjala.info\\\/2009-2015\\\/berisha-ne-prapaskene\\\/#article\",\"isPartOf\":{\"@id\":\"https:\\\/\\\/fjala.info\\\/2009-2015\\\/berisha-ne-prapaskene\\\/\"},\"author\":{\"name\":\"admin\",\"@id\":\"https:\\\/\\\/fjala.info\\\/2009-2015\\\/#\\\/schema\\\/person\\\/3aa1163ef05469c496fc94e77611ada2\"},\"headline\":\"BERISHA N\u00cb PRAPASKEN\u00cb\",\"datePublished\":\"2011-01-09T10:43:40+00:00\",\"mainEntityOfPage\":{\"@id\":\"https:\\\/\\\/fjala.info\\\/2009-2015\\\/berisha-ne-prapaskene\\\/\"},\"wordCount\":1951,\"commentCount\":0,\"publisher\":{\"@id\":\"https:\\\/\\\/fjala.info\\\/2009-2015\\\/#organization\"},\"articleSection\":[\"Artikuj\"],\"inLanguage\":\"sq-AL\",\"potentialAction\":[{\"@type\":\"CommentAction\",\"name\":\"Comment\",\"target\":[\"https:\\\/\\\/fjala.info\\\/2009-2015\\\/berisha-ne-prapaskene\\\/#respond\"]}]},{\"@type\":\"WebPage\",\"@id\":\"https:\\\/\\\/fjala.info\\\/2009-2015\\\/berisha-ne-prapaskene\\\/\",\"url\":\"https:\\\/\\\/fjala.info\\\/2009-2015\\\/berisha-ne-prapaskene\\\/\",\"name\":\"BERISHA N\u00cb PRAPASKEN\u00cb - FjALA e LIR\u00cb - Arkivi\",\"isPartOf\":{\"@id\":\"https:\\\/\\\/fjala.info\\\/2009-2015\\\/#website\"},\"datePublished\":\"2011-01-09T10:43:40+00:00\",\"breadcrumb\":{\"@id\":\"https:\\\/\\\/fjala.info\\\/2009-2015\\\/berisha-ne-prapaskene\\\/#breadcrumb\"},\"inLanguage\":\"sq-AL\",\"potentialAction\":[{\"@type\":\"ReadAction\",\"target\":[\"https:\\\/\\\/fjala.info\\\/2009-2015\\\/berisha-ne-prapaskene\\\/\"]}]},{\"@type\":\"BreadcrumbList\",\"@id\":\"https:\\\/\\\/fjala.info\\\/2009-2015\\\/berisha-ne-prapaskene\\\/#breadcrumb\",\"itemListElement\":[{\"@type\":\"ListItem\",\"position\":1,\"name\":\"Home\",\"item\":\"https:\\\/\\\/fjala.info\\\/2009-2015\\\/\"},{\"@type\":\"ListItem\",\"position\":2,\"name\":\"BERISHA N\u00cb PRAPASKEN\u00cb\"}]},{\"@type\":\"WebSite\",\"@id\":\"https:\\\/\\\/fjala.info\\\/2009-2015\\\/#website\",\"url\":\"https:\\\/\\\/fjala.info\\\/2009-2015\\\/\",\"name\":\"FjALA e LIR\u00cb - Arkivi\",\"description\":\"Arkivi 2009-2015\",\"publisher\":{\"@id\":\"https:\\\/\\\/fjala.info\\\/2009-2015\\\/#organization\"},\"potentialAction\":[{\"@type\":\"SearchAction\",\"target\":{\"@type\":\"EntryPoint\",\"urlTemplate\":\"https:\\\/\\\/fjala.info\\\/2009-2015\\\/?s={search_term_string}\"},\"query-input\":{\"@type\":\"PropertyValueSpecification\",\"valueRequired\":true,\"valueName\":\"search_term_string\"}}],\"inLanguage\":\"sq-AL\"},{\"@type\":\"Organization\",\"@id\":\"https:\\\/\\\/fjala.info\\\/2009-2015\\\/#organization\",\"name\":\"FjALA e LIR\u00cb - Arkivi\",\"url\":\"https:\\\/\\\/fjala.info\\\/2009-2015\\\/\",\"logo\":{\"@type\":\"ImageObject\",\"inLanguage\":\"sq-AL\",\"@id\":\"https:\\\/\\\/fjala.info\\\/2009-2015\\\/#\\\/schema\\\/logo\\\/image\\\/\",\"url\":\"\",\"contentUrl\":\"\",\"caption\":\"FjALA e LIR\u00cb - Arkivi\"},\"image\":{\"@id\":\"https:\\\/\\\/fjala.info\\\/2009-2015\\\/#\\\/schema\\\/logo\\\/image\\\/\"}},{\"@type\":\"Person\",\"@id\":\"https:\\\/\\\/fjala.info\\\/2009-2015\\\/#\\\/schema\\\/person\\\/3aa1163ef05469c496fc94e77611ada2\",\"name\":\"admin\",\"image\":{\"@type\":\"ImageObject\",\"inLanguage\":\"sq-AL\",\"@id\":\"https:\\\/\\\/fjala.info\\\/2009-2015\\\/wp-content\\\/uploads\\\/2012\\\/02\\\/arben_cokaj-120x150.jpg\",\"url\":\"https:\\\/\\\/fjala.info\\\/2009-2015\\\/wp-content\\\/uploads\\\/2012\\\/02\\\/arben_cokaj-120x150.jpg\",\"contentUrl\":\"https:\\\/\\\/fjala.info\\\/2009-2015\\\/wp-content\\\/uploads\\\/2012\\\/02\\\/arben_cokaj-120x150.jpg\",\"caption\":\"admin\"},\"description\":\"Admin, Fjala e Lir\u00eb\",\"sameAs\":[\"https:\\\/\\\/fjala.info\\\/\"],\"url\":\"https:\\\/\\\/fjala.info\\\/2009-2015\\\/author\\\/admin\\\/\"}]}<\/script>\n<!-- \/ Yoast SEO plugin. -->","yoast_head_json":{"title":"BERISHA N\u00cb PRAPASKEN\u00cb - FjALA e LIR\u00cb - Arkivi","robots":{"index":"index","follow":"follow","max-snippet":"max-snippet:-1","max-image-preview":"max-image-preview:large","max-video-preview":"max-video-preview:-1"},"canonical":"https:\/\/fjala.info\/2009-2015\/berisha-ne-prapaskene\/","og_locale":"sq_AL","og_type":"article","og_title":"BERISHA N\u00cb PRAPASKEN\u00cb - FjALA e LIR\u00cb - Arkivi","og_description":"Mitro \u00c7ela Ditari i gazetarit (3) 22 shtator 1991. Prag Kuvend. Ishte fiksuar data 27 dhe 28 shtator. Do ishte Kuvendi i par\u00eb. Historik. P\u00ebr PD-n\u00eb. P\u00ebr Shqip\u00ebrin\u00eb. Por edhe p\u00ebr fraksionin ton\u00eb. N\u00eb Kuvend do t\u00eb zgjidhej kryetari i partis\u00eb. Dilem\u00eb e madhe. N\u00ebse Berisha do t\u00eb rizgjidhej, fraksionin e merrte lumi. Le t\u00eb [&hellip;]","og_url":"https:\/\/fjala.info\/2009-2015\/berisha-ne-prapaskene\/","og_site_name":"FjALA e LIR\u00cb - Arkivi","article_published_time":"2011-01-09T10:43:40+00:00","author":"admin","twitter_card":"summary_large_image","twitter_misc":{"Written by":"admin","Est. reading time":"10 minutes"},"schema":{"@context":"https:\/\/schema.org","@graph":[{"@type":"Article","@id":"https:\/\/fjala.info\/2009-2015\/berisha-ne-prapaskene\/#article","isPartOf":{"@id":"https:\/\/fjala.info\/2009-2015\/berisha-ne-prapaskene\/"},"author":{"name":"admin","@id":"https:\/\/fjala.info\/2009-2015\/#\/schema\/person\/3aa1163ef05469c496fc94e77611ada2"},"headline":"BERISHA N\u00cb PRAPASKEN\u00cb","datePublished":"2011-01-09T10:43:40+00:00","mainEntityOfPage":{"@id":"https:\/\/fjala.info\/2009-2015\/berisha-ne-prapaskene\/"},"wordCount":1951,"commentCount":0,"publisher":{"@id":"https:\/\/fjala.info\/2009-2015\/#organization"},"articleSection":["Artikuj"],"inLanguage":"sq-AL","potentialAction":[{"@type":"CommentAction","name":"Comment","target":["https:\/\/fjala.info\/2009-2015\/berisha-ne-prapaskene\/#respond"]}]},{"@type":"WebPage","@id":"https:\/\/fjala.info\/2009-2015\/berisha-ne-prapaskene\/","url":"https:\/\/fjala.info\/2009-2015\/berisha-ne-prapaskene\/","name":"BERISHA N\u00cb PRAPASKEN\u00cb - FjALA e LIR\u00cb - Arkivi","isPartOf":{"@id":"https:\/\/fjala.info\/2009-2015\/#website"},"datePublished":"2011-01-09T10:43:40+00:00","breadcrumb":{"@id":"https:\/\/fjala.info\/2009-2015\/berisha-ne-prapaskene\/#breadcrumb"},"inLanguage":"sq-AL","potentialAction":[{"@type":"ReadAction","target":["https:\/\/fjala.info\/2009-2015\/berisha-ne-prapaskene\/"]}]},{"@type":"BreadcrumbList","@id":"https:\/\/fjala.info\/2009-2015\/berisha-ne-prapaskene\/#breadcrumb","itemListElement":[{"@type":"ListItem","position":1,"name":"Home","item":"https:\/\/fjala.info\/2009-2015\/"},{"@type":"ListItem","position":2,"name":"BERISHA N\u00cb PRAPASKEN\u00cb"}]},{"@type":"WebSite","@id":"https:\/\/fjala.info\/2009-2015\/#website","url":"https:\/\/fjala.info\/2009-2015\/","name":"FjALA e LIR\u00cb - Arkivi","description":"Arkivi 2009-2015","publisher":{"@id":"https:\/\/fjala.info\/2009-2015\/#organization"},"potentialAction":[{"@type":"SearchAction","target":{"@type":"EntryPoint","urlTemplate":"https:\/\/fjala.info\/2009-2015\/?s={search_term_string}"},"query-input":{"@type":"PropertyValueSpecification","valueRequired":true,"valueName":"search_term_string"}}],"inLanguage":"sq-AL"},{"@type":"Organization","@id":"https:\/\/fjala.info\/2009-2015\/#organization","name":"FjALA e LIR\u00cb - Arkivi","url":"https:\/\/fjala.info\/2009-2015\/","logo":{"@type":"ImageObject","inLanguage":"sq-AL","@id":"https:\/\/fjala.info\/2009-2015\/#\/schema\/logo\/image\/","url":"","contentUrl":"","caption":"FjALA e LIR\u00cb - Arkivi"},"image":{"@id":"https:\/\/fjala.info\/2009-2015\/#\/schema\/logo\/image\/"}},{"@type":"Person","@id":"https:\/\/fjala.info\/2009-2015\/#\/schema\/person\/3aa1163ef05469c496fc94e77611ada2","name":"admin","image":{"@type":"ImageObject","inLanguage":"sq-AL","@id":"https:\/\/fjala.info\/2009-2015\/wp-content\/uploads\/2012\/02\/arben_cokaj-120x150.jpg","url":"https:\/\/fjala.info\/2009-2015\/wp-content\/uploads\/2012\/02\/arben_cokaj-120x150.jpg","contentUrl":"https:\/\/fjala.info\/2009-2015\/wp-content\/uploads\/2012\/02\/arben_cokaj-120x150.jpg","caption":"admin"},"description":"Admin, Fjala e Lir\u00eb","sameAs":["https:\/\/fjala.info\/"],"url":"https:\/\/fjala.info\/2009-2015\/author\/admin\/"}]}},"_links":{"self":[{"href":"https:\/\/fjala.info\/2009-2015\/wp-json\/wp\/v2\/posts\/5571","targetHints":{"allow":["GET"]}}],"collection":[{"href":"https:\/\/fjala.info\/2009-2015\/wp-json\/wp\/v2\/posts"}],"about":[{"href":"https:\/\/fjala.info\/2009-2015\/wp-json\/wp\/v2\/types\/post"}],"author":[{"embeddable":true,"href":"https:\/\/fjala.info\/2009-2015\/wp-json\/wp\/v2\/users\/1"}],"replies":[{"embeddable":true,"href":"https:\/\/fjala.info\/2009-2015\/wp-json\/wp\/v2\/comments?post=5571"}],"version-history":[{"count":0,"href":"https:\/\/fjala.info\/2009-2015\/wp-json\/wp\/v2\/posts\/5571\/revisions"}],"wp:attachment":[{"href":"https:\/\/fjala.info\/2009-2015\/wp-json\/wp\/v2\/media?parent=5571"}],"wp:term":[{"taxonomy":"category","embeddable":true,"href":"https:\/\/fjala.info\/2009-2015\/wp-json\/wp\/v2\/categories?post=5571"},{"taxonomy":"post_tag","embeddable":true,"href":"https:\/\/fjala.info\/2009-2015\/wp-json\/wp\/v2\/tags?post=5571"}],"curies":[{"name":"wp","href":"https:\/\/api.w.org\/{rel}","templated":true}]}}