{"id":5567,"date":"2011-01-08T23:16:46","date_gmt":"2011-01-08T22:16:46","guid":{"rendered":"http:\/\/fjala.shkoder.net\/?p=5567"},"modified":"2011-01-08T23:16:46","modified_gmt":"2011-01-08T22:16:46","slug":"ndjellesit-e-rinj-te-fatkeqesise-se-kosoves","status":"publish","type":"post","link":"https:\/\/fjala.info\/2009-2015\/ndjellesit-e-rinj-te-fatkeqesise-se-kosoves\/","title":{"rendered":"Ndjell\u00ebsit e rinj t\u00eb fatkeq\u00ebsis\u00eb s\u00eb Kosov\u00ebs"},"content":{"rendered":"<p><img loading=\"lazy\" decoding=\"async\" class=\"alignright size-full wp-image-4090\" title=\"Mero Baze\" src=\"http:\/\/fjala.shkoder.net\/wp-content\/uploads\/2010\/10\/mero_baze1.jpg\" alt=\"\" width=\"149\" height=\"200\" \/><br \/>\nNga <strong>Mero Baze<\/strong>, <em>8 janar 2011<\/em><\/p>\n<p>Nj\u00eb organizat\u00eb veteran\u00ebsh, q\u00eb p\u00ebrfaq\u00ebson ish- ushtar\u00eb t\u00eb Ushtris\u00eb \u00c7lirimtare t\u00eb Kosov\u00ebs, ka b\u00ebr\u00eb k\u00ebrc\u00ebnime verbale ndaj nj\u00eb gazetari t\u00eb njohur n\u00eb Kosov\u00eb, <strong>Halil Matoshi<\/strong>, p\u00ebr shkak t\u00eb q\u00ebndrimit t\u00eb tij kritik kryesisht ndaj kryeministrit Hashim Tha\u00e7i, me t\u00eb cilin identifikohen politikisht k\u00ebta \u201cveteran\u00eb\u201d. K\u00ebrc\u00ebnimi ndaj Matoshit pasoi fjalorin e r\u00ebnd\u00eb ndaj liderit t\u00eb Vet\u00ebvendosjes <strong>Albin Kurti<\/strong>, i cili u etiketua si \u201cspiun i Serbis\u00eb\u201d.<\/p>\n<p>Sulmet ndaj nj\u00eb gazetari kritik dhe ndaj nj\u00eb lideri opozitar, kur vijn\u00eb me adres\u00eb t\u00eb qarta nga garniturat e pushtetit, jan\u00eb nj\u00eb lakmues i keq p\u00ebr degradimin e demokracis\u00eb n\u00eb nj\u00eb vend. N\u00eb momentin delikat q\u00eb po kalon Kosova, nga demonizmi q\u00eb i \u00ebsht\u00eb b\u00ebr\u00eb nga media bot\u00ebrore raportit t\u00eb Dik Martit, ndihmuar dhe nga reagimi foshnjor i shqiptar\u00ebve, nj\u00eb sinjal i dyt\u00eb i k\u00ebtij lloji \u00ebsht\u00eb nj\u00eb noterizim i akuzave n\u00eb shumic\u00eb t\u00eb pav\u00ebrtetueshme t\u00eb atij raporti.<\/p>\n<p>P\u00ebr nj\u00eb per\u00ebndimor q\u00eb ka dyshimet e veta p\u00ebr pamjen makab\u00ebr me t\u00eb cilin vizatohen disa klane t\u00eb U\u00c7K-s\u00eb n\u00eb at\u00eb raport, kur d\u00ebgjon se t\u00eb nj\u00ebjtat klane po k\u00ebrc\u00ebnojn\u00eb me mbyllje goje dhe dhun\u00eb verbale ndaj kritik\u00ebve t\u00eb kryeministrit Tha\u00e7i, kan\u00eb shum\u00eb her\u00eb m\u00eb tep\u00ebr arsye t\u00eb besojn\u00eb at\u00eb \u00e7far\u00eb u ka mbetur n\u00eb mendje nga fushata m\u00eb e eg\u00ebr nd\u00ebrkomb\u00ebtare kund\u00ebr Kosov\u00ebs q\u00eb ka ndodhur ndonj\u00ebher\u00eb.<\/p>\n<p>N\u00ebse do t\u00eb futeshim p\u00ebr nj\u00eb moment n\u00eb logjik\u00ebn e akuzuesve t\u00eb kolegut tim Matoshi apo opozitarit Albin Kurti, pra n\u00ebse do t\u00eb m\u00eb lejonin qoft\u00eb dhe p\u00ebr nj\u00eb sekond\u00eb t\u00eb mendoja me logjik\u00ebn e tyre, tani duhet t\u00eb isha duke shkruar se k\u00ebta veteran\u00ebt e U\u00c7K-s\u00eb jan\u00eb bashk\u00ebpun\u00ebtor\u00ebt m\u00eb t\u00eb mir\u00eb t\u00eb serb\u00ebve, pasi po vazhdojn\u00eb tu japin atyre argumente p\u00ebrse mund t\u00eb ken\u00eb ndodhur vrasje t\u00eb tilla gjat\u00eb luft\u00ebs dhe p\u00ebrse disa klane t\u00eb U\u00c7K kan\u00eb q\u00ebndruar pas vrasjeve politike. Por un\u00eb nuk do t\u2019ia lejoj vetes t\u00eb mendoj si ata, dhe jam fare i qart\u00eb se ata e b\u00ebjn\u00eb k\u00ebt\u00eb turp thjesht si njer\u00ebz q\u00eb nuk din\u00eb \u00e7\u2019b\u00ebjn\u00eb.<\/p>\n<p>T\u00eb pafuqish\u00ebm t\u00eb p\u00ebrballojn\u00eb debatin politik, t\u00eb pafuqish\u00ebm p\u00ebr t\u00eb p\u00ebrballuar zgjedhje t\u00eb lira dhe t\u00eb ndershme, t\u00eb pazot\u00eb p\u00ebr t\u00eb konkurruar p\u00ebr nj\u00eb shoq\u00ebri t\u00eb hapur dhe demokratike, dhe mbi t\u00eb gjith\u00eb t\u00eb paaft\u00eb p\u00ebr nj\u00eb shoq\u00ebri konkurruese, ata po ngjizin pa vet\u00ebdije, bile n\u00eb m\u00ebnyr\u00eb t\u00eb sinqert\u00eb, n\u00eb Kosov\u00eb disa koncepte fashiste p\u00ebr raportin mes individit dhe liris\u00eb. Ata kan\u00eb filluar t\u00eb justifikohen p\u00ebr rrallimin e oksigjenit p\u00ebr lirin\u00eb e medias dhe lirit\u00eb politike n\u00eb Kosov\u00eb, si\u00e7 justifikoheshin n\u00eb gjyqin e Nurembergut krer\u00ebt nazist\u00eb, t\u00eb cil\u00ebt donin t\u00eb konsideroheshin t\u00eb pafajsh\u00ebm p\u00ebr shkeljen e lirive, pasi ata ishin sjell\u00ebsit e liris\u00eb n\u00eb Gjermani.<\/p>\n<p>Liria e prodhuar nga lufta e U\u00c7K-s\u00eb dhe nd\u00ebrhyrja nd\u00ebrkomb\u00ebtare n\u00eb Kosov\u00eb \u00ebsht\u00eb liria m\u00eb simbolike e njer\u00ebzimit, pasi ajo \u00ebsht\u00eb dhe ndoshta p\u00ebr nj\u00eb koh\u00eb t\u00eb gjat\u00eb do t\u00eb mbetet e vetmja luft\u00eb bot\u00ebrore p\u00ebr t\u00eb drejtat njer\u00ebzore n\u00eb bot\u00eb. Asnj\u00ebher\u00eb NATO dhe Per\u00ebndimi nuk kan\u00eb rr\u00ebmbyer avion\u00ebt dhe nuk kan\u00eb d\u00ebrguar ushtrit\u00eb n\u00eb nj\u00eb front, n\u00eb em\u00ebr t\u00eb lirive njer\u00ebzore. Lufta e Per\u00ebndimit p\u00ebr \u00e7lirimin e Kosov\u00ebs nd\u00ebrroi konceptin p\u00ebr sovranitetin e nj\u00eb vendi, pasi provoi se nj\u00eb shtet mund t\u00eb humbas\u00eb sovranitetin e tij t\u00eb dhunsh\u00ebm mbi nj\u00eb territor, n\u00ebse \u00ebsht\u00eb i paaft\u00eb t\u00eb respektoj\u00eb lirit\u00eb themelore t\u00eb atyre qytetar\u00ebve.<\/p>\n<p>Un\u00eb e di q\u00eb disa nga ata q\u00eb quhen sot veteran\u00eb t\u00eb U\u00c7K, edhe pse n\u00eb mosh\u00eb t\u00eb re, ndjehen t\u00eb lodhur nga k\u00ebto leksione dhe i bien shkurt, duke u p\u00ebrpjekur t\u2019i mbyllin goj\u00ebn gjithkujt. Kjo \u00ebsht\u00eb nj\u00eb kultur\u00eb q\u00eb fatkeq\u00ebsisht n\u00eb Kosov\u00eb zuri rr\u00ebnj\u00eb bashk\u00eb me p\u00ebrpjekjet e disa klaneve t\u00eb U\u00c7K, p\u00ebr t\u00eb dominuar politikisht luft\u00ebn dhe p\u00ebr t\u00eb vjel\u00eb prej saj frytet e pushtetit. Sot n\u00eb Kosov\u00eb n\u00eb m\u00ebnyr\u00eb t\u00eb paprecedent\u00eb jan\u00eb ende t\u00eb pahetuar dhe t\u00eb pagjykuara t\u00eb gjitha vrasjet delikate me karakter politik, ku p\u00ebrfshihen gazetar\u00eb, k\u00ebshilltar\u00eb politik\u00eb apo dhe figura politike.<\/p>\n<p>Mos-hetimi i tyre dhe mos-d\u00ebnimi i askujt p\u00ebr ato krime, ka krijuar nj\u00eb kultur\u00eb t\u00eb s\u00eb drejt\u00ebs p\u00ebr t\u00eb vrar\u00eb dhe dhunuar fizikisht apo verbalisht kund\u00ebrshtarin. Shum\u00eb gazetar\u00eb n\u00eb Kosov\u00eb, por dhe n\u00eb Shqip\u00ebri, hesht\u00ebn kur ato krime ndodh\u00ebn n\u00eb em\u00ebr t\u00eb \u201cimazhit\u201d t\u00eb Kosov\u00ebs, por sot ky imazh po rr\u00ebnohet jo aq shum\u00eb se ato krime ndodh\u00ebn, por se ato krime nuk u hetuan dhe nuk u gjykuan kurr\u00eb, duke na ekspozuar para bot\u00ebs si nj\u00eb shoq\u00ebri tribale.<\/p>\n<p>Trim\u00ebrimi i njer\u00ebzve t\u00eb till\u00eb, q\u00eb k\u00ebrkojn\u00eb t&#8217;u mbyllin goj\u00ebn gazetar\u00ebve kritik\u00eb, si Matoshi apo opozitar\u00ebve si Kurti, nuk \u00ebsht\u00eb e rrezikshme se mund t\u00eb rrezikoj\u00eb jet\u00ebt e atyre q\u00eb po sulmohen, por \u00ebsht\u00eb e rrezikshme se po sh\u00ebrben si argument p\u00ebr t\u00eb gjith\u00eb ata q\u00eb duan t\u00eb besojn\u00eb se Kosova \u00ebsht\u00eb nj\u00eb vend ku krimi dikton politik\u00ebn dhe median. Ky \u00ebsht\u00eb nj\u00eb problem i madh dhe serioz, p\u00ebrtej fatit fizik dhe politik t\u00eb Halil Matoshit dhe Albin Kurtit.<\/p>\n<p>E di q\u00eb ngjarje t\u00eb tilla ndajn\u00eb shoq\u00ebrin\u00eb dhe gjenden plot njer\u00ebz q\u00eb thon\u00eb se Matoshi e meriton drurin, apo Albin Kurti plumbin, por Kosova nuk e meriton k\u00ebt\u00eb turp. Ndjell\u00ebsit e dhun\u00ebs s\u00eb re politike n\u00eb Kosov\u00eb jan\u00eb ndjell\u00ebsit e rinj t\u00eb fatkeq\u00ebsis\u00eb s\u00eb Kosov\u00ebs dhe ne duhet t\u2019i nd\u00ebrgjegj\u00ebsojm\u00eb ata, edhe n\u00ebse besojm\u00eb realisht se e b\u00ebjn\u00eb ngaq\u00eb s\u2019din\u00eb t\u00eb b\u00ebjn\u00eb gj\u00eb tjet\u00ebr n\u00eb jet\u00eb, ve\u00e7 t\u00eb vrasin dhe k\u00ebrc\u00ebnojn\u00eb.<\/p>\n","protected":false},"excerpt":{"rendered":"<p>Nga Mero Baze, 8 janar 2011 Nj\u00eb organizat\u00eb veteran\u00ebsh, q\u00eb p\u00ebrfaq\u00ebson ish- ushtar\u00eb t\u00eb Ushtris\u00eb \u00c7lirimtare t\u00eb Kosov\u00ebs, ka b\u00ebr\u00eb k\u00ebrc\u00ebnime verbale ndaj nj\u00eb gazetari t\u00eb njohur n\u00eb Kosov\u00eb, Halil Matoshi, p\u00ebr shkak t\u00eb q\u00ebndrimit t\u00eb tij kritik kryesisht ndaj kryeministrit Hashim Tha\u00e7i, me t\u00eb cilin identifikohen politikisht k\u00ebta \u201cveteran\u00eb\u201d. K\u00ebrc\u00ebnimi ndaj Matoshit pasoi fjalorin [&hellip;]<\/p>\n","protected":false},"author":1,"featured_media":0,"comment_status":"open","ping_status":"closed","sticky":false,"template":"","format":"standard","meta":{"footnotes":""},"categories":[2],"tags":[],"class_list":{"0":"post-5567","1":"post","2":"type-post","3":"status-publish","4":"format-standard","6":"category-artikuj"},"yoast_head":"<!-- This site is optimized with the Yoast SEO plugin v27.4 - https:\/\/yoast.com\/product\/yoast-seo-wordpress\/ -->\n<title>Ndjell\u00ebsit e rinj t\u00eb fatkeq\u00ebsis\u00eb s\u00eb Kosov\u00ebs - FjALA e LIR\u00cb - Arkivi<\/title>\n<meta name=\"robots\" content=\"index, follow, max-snippet:-1, max-image-preview:large, max-video-preview:-1\" \/>\n<link rel=\"canonical\" href=\"https:\/\/fjala.info\/2009-2015\/ndjellesit-e-rinj-te-fatkeqesise-se-kosoves\/\" \/>\n<meta property=\"og:locale\" content=\"sq_AL\" \/>\n<meta property=\"og:type\" content=\"article\" \/>\n<meta property=\"og:title\" content=\"Ndjell\u00ebsit e rinj t\u00eb fatkeq\u00ebsis\u00eb s\u00eb Kosov\u00ebs - FjALA e LIR\u00cb - Arkivi\" \/>\n<meta property=\"og:description\" content=\"Nga Mero Baze, 8 janar 2011 Nj\u00eb organizat\u00eb veteran\u00ebsh, q\u00eb p\u00ebrfaq\u00ebson ish- ushtar\u00eb t\u00eb Ushtris\u00eb \u00c7lirimtare t\u00eb Kosov\u00ebs, ka b\u00ebr\u00eb k\u00ebrc\u00ebnime verbale ndaj nj\u00eb gazetari t\u00eb njohur n\u00eb Kosov\u00eb, Halil Matoshi, p\u00ebr shkak t\u00eb q\u00ebndrimit t\u00eb tij kritik kryesisht ndaj kryeministrit Hashim Tha\u00e7i, me t\u00eb cilin identifikohen politikisht k\u00ebta \u201cveteran\u00eb\u201d. K\u00ebrc\u00ebnimi ndaj Matoshit pasoi fjalorin [&hellip;]\" \/>\n<meta property=\"og:url\" content=\"https:\/\/fjala.info\/2009-2015\/ndjellesit-e-rinj-te-fatkeqesise-se-kosoves\/\" \/>\n<meta property=\"og:site_name\" content=\"FjALA e LIR\u00cb - Arkivi\" \/>\n<meta property=\"article:published_time\" content=\"2011-01-08T22:16:46+00:00\" \/>\n<meta property=\"og:image\" content=\"http:\/\/fjala.shkoder.net\/wp-content\/uploads\/2010\/10\/mero_baze1.jpg\" \/>\n<meta name=\"author\" content=\"admin\" \/>\n<meta name=\"twitter:card\" content=\"summary_large_image\" \/>\n<meta name=\"twitter:label1\" content=\"Written by\" \/>\n\t<meta name=\"twitter:data1\" content=\"admin\" \/>\n\t<meta name=\"twitter:label2\" content=\"Est. reading time\" \/>\n\t<meta name=\"twitter:data2\" content=\"5 minutes\" \/>\n<script type=\"application\/ld+json\" class=\"yoast-schema-graph\">{\"@context\":\"https:\\\/\\\/schema.org\",\"@graph\":[{\"@type\":\"Article\",\"@id\":\"https:\\\/\\\/fjala.info\\\/2009-2015\\\/ndjellesit-e-rinj-te-fatkeqesise-se-kosoves\\\/#article\",\"isPartOf\":{\"@id\":\"https:\\\/\\\/fjala.info\\\/2009-2015\\\/ndjellesit-e-rinj-te-fatkeqesise-se-kosoves\\\/\"},\"author\":{\"name\":\"admin\",\"@id\":\"https:\\\/\\\/fjala.info\\\/2009-2015\\\/#\\\/schema\\\/person\\\/3aa1163ef05469c496fc94e77611ada2\"},\"headline\":\"Ndjell\u00ebsit e rinj t\u00eb fatkeq\u00ebsis\u00eb s\u00eb Kosov\u00ebs\",\"datePublished\":\"2011-01-08T22:16:46+00:00\",\"mainEntityOfPage\":{\"@id\":\"https:\\\/\\\/fjala.info\\\/2009-2015\\\/ndjellesit-e-rinj-te-fatkeqesise-se-kosoves\\\/\"},\"wordCount\":1037,\"commentCount\":0,\"publisher\":{\"@id\":\"https:\\\/\\\/fjala.info\\\/2009-2015\\\/#organization\"},\"image\":{\"@id\":\"https:\\\/\\\/fjala.info\\\/2009-2015\\\/ndjellesit-e-rinj-te-fatkeqesise-se-kosoves\\\/#primaryimage\"},\"thumbnailUrl\":\"http:\\\/\\\/fjala.shkoder.net\\\/wp-content\\\/uploads\\\/2010\\\/10\\\/mero_baze1.jpg\",\"articleSection\":[\"Artikuj\"],\"inLanguage\":\"sq-AL\",\"potentialAction\":[{\"@type\":\"CommentAction\",\"name\":\"Comment\",\"target\":[\"https:\\\/\\\/fjala.info\\\/2009-2015\\\/ndjellesit-e-rinj-te-fatkeqesise-se-kosoves\\\/#respond\"]}]},{\"@type\":\"WebPage\",\"@id\":\"https:\\\/\\\/fjala.info\\\/2009-2015\\\/ndjellesit-e-rinj-te-fatkeqesise-se-kosoves\\\/\",\"url\":\"https:\\\/\\\/fjala.info\\\/2009-2015\\\/ndjellesit-e-rinj-te-fatkeqesise-se-kosoves\\\/\",\"name\":\"Ndjell\u00ebsit e rinj t\u00eb fatkeq\u00ebsis\u00eb s\u00eb Kosov\u00ebs - FjALA e LIR\u00cb - Arkivi\",\"isPartOf\":{\"@id\":\"https:\\\/\\\/fjala.info\\\/2009-2015\\\/#website\"},\"primaryImageOfPage\":{\"@id\":\"https:\\\/\\\/fjala.info\\\/2009-2015\\\/ndjellesit-e-rinj-te-fatkeqesise-se-kosoves\\\/#primaryimage\"},\"image\":{\"@id\":\"https:\\\/\\\/fjala.info\\\/2009-2015\\\/ndjellesit-e-rinj-te-fatkeqesise-se-kosoves\\\/#primaryimage\"},\"thumbnailUrl\":\"http:\\\/\\\/fjala.shkoder.net\\\/wp-content\\\/uploads\\\/2010\\\/10\\\/mero_baze1.jpg\",\"datePublished\":\"2011-01-08T22:16:46+00:00\",\"breadcrumb\":{\"@id\":\"https:\\\/\\\/fjala.info\\\/2009-2015\\\/ndjellesit-e-rinj-te-fatkeqesise-se-kosoves\\\/#breadcrumb\"},\"inLanguage\":\"sq-AL\",\"potentialAction\":[{\"@type\":\"ReadAction\",\"target\":[\"https:\\\/\\\/fjala.info\\\/2009-2015\\\/ndjellesit-e-rinj-te-fatkeqesise-se-kosoves\\\/\"]}]},{\"@type\":\"ImageObject\",\"inLanguage\":\"sq-AL\",\"@id\":\"https:\\\/\\\/fjala.info\\\/2009-2015\\\/ndjellesit-e-rinj-te-fatkeqesise-se-kosoves\\\/#primaryimage\",\"url\":\"http:\\\/\\\/fjala.shkoder.net\\\/wp-content\\\/uploads\\\/2010\\\/10\\\/mero_baze1.jpg\",\"contentUrl\":\"http:\\\/\\\/fjala.shkoder.net\\\/wp-content\\\/uploads\\\/2010\\\/10\\\/mero_baze1.jpg\"},{\"@type\":\"BreadcrumbList\",\"@id\":\"https:\\\/\\\/fjala.info\\\/2009-2015\\\/ndjellesit-e-rinj-te-fatkeqesise-se-kosoves\\\/#breadcrumb\",\"itemListElement\":[{\"@type\":\"ListItem\",\"position\":1,\"name\":\"Home\",\"item\":\"https:\\\/\\\/fjala.info\\\/2009-2015\\\/\"},{\"@type\":\"ListItem\",\"position\":2,\"name\":\"Ndjell\u00ebsit e rinj t\u00eb fatkeq\u00ebsis\u00eb s\u00eb Kosov\u00ebs\"}]},{\"@type\":\"WebSite\",\"@id\":\"https:\\\/\\\/fjala.info\\\/2009-2015\\\/#website\",\"url\":\"https:\\\/\\\/fjala.info\\\/2009-2015\\\/\",\"name\":\"FjALA e LIR\u00cb - Arkivi\",\"description\":\"Arkivi 2009-2015\",\"publisher\":{\"@id\":\"https:\\\/\\\/fjala.info\\\/2009-2015\\\/#organization\"},\"potentialAction\":[{\"@type\":\"SearchAction\",\"target\":{\"@type\":\"EntryPoint\",\"urlTemplate\":\"https:\\\/\\\/fjala.info\\\/2009-2015\\\/?s={search_term_string}\"},\"query-input\":{\"@type\":\"PropertyValueSpecification\",\"valueRequired\":true,\"valueName\":\"search_term_string\"}}],\"inLanguage\":\"sq-AL\"},{\"@type\":\"Organization\",\"@id\":\"https:\\\/\\\/fjala.info\\\/2009-2015\\\/#organization\",\"name\":\"FjALA e LIR\u00cb - Arkivi\",\"url\":\"https:\\\/\\\/fjala.info\\\/2009-2015\\\/\",\"logo\":{\"@type\":\"ImageObject\",\"inLanguage\":\"sq-AL\",\"@id\":\"https:\\\/\\\/fjala.info\\\/2009-2015\\\/#\\\/schema\\\/logo\\\/image\\\/\",\"url\":\"\",\"contentUrl\":\"\",\"caption\":\"FjALA e LIR\u00cb - Arkivi\"},\"image\":{\"@id\":\"https:\\\/\\\/fjala.info\\\/2009-2015\\\/#\\\/schema\\\/logo\\\/image\\\/\"}},{\"@type\":\"Person\",\"@id\":\"https:\\\/\\\/fjala.info\\\/2009-2015\\\/#\\\/schema\\\/person\\\/3aa1163ef05469c496fc94e77611ada2\",\"name\":\"admin\",\"image\":{\"@type\":\"ImageObject\",\"inLanguage\":\"sq-AL\",\"@id\":\"https:\\\/\\\/fjala.info\\\/2009-2015\\\/wp-content\\\/uploads\\\/2012\\\/02\\\/arben_cokaj-120x150.jpg\",\"url\":\"https:\\\/\\\/fjala.info\\\/2009-2015\\\/wp-content\\\/uploads\\\/2012\\\/02\\\/arben_cokaj-120x150.jpg\",\"contentUrl\":\"https:\\\/\\\/fjala.info\\\/2009-2015\\\/wp-content\\\/uploads\\\/2012\\\/02\\\/arben_cokaj-120x150.jpg\",\"caption\":\"admin\"},\"description\":\"Admin, Fjala e Lir\u00eb\",\"sameAs\":[\"https:\\\/\\\/fjala.info\\\/\"],\"url\":\"https:\\\/\\\/fjala.info\\\/2009-2015\\\/author\\\/admin\\\/\"}]}<\/script>\n<!-- \/ Yoast SEO plugin. -->","yoast_head_json":{"title":"Ndjell\u00ebsit e rinj t\u00eb fatkeq\u00ebsis\u00eb s\u00eb Kosov\u00ebs - FjALA e LIR\u00cb - Arkivi","robots":{"index":"index","follow":"follow","max-snippet":"max-snippet:-1","max-image-preview":"max-image-preview:large","max-video-preview":"max-video-preview:-1"},"canonical":"https:\/\/fjala.info\/2009-2015\/ndjellesit-e-rinj-te-fatkeqesise-se-kosoves\/","og_locale":"sq_AL","og_type":"article","og_title":"Ndjell\u00ebsit e rinj t\u00eb fatkeq\u00ebsis\u00eb s\u00eb Kosov\u00ebs - FjALA e LIR\u00cb - Arkivi","og_description":"Nga Mero Baze, 8 janar 2011 Nj\u00eb organizat\u00eb veteran\u00ebsh, q\u00eb p\u00ebrfaq\u00ebson ish- ushtar\u00eb t\u00eb Ushtris\u00eb \u00c7lirimtare t\u00eb Kosov\u00ebs, ka b\u00ebr\u00eb k\u00ebrc\u00ebnime verbale ndaj nj\u00eb gazetari t\u00eb njohur n\u00eb Kosov\u00eb, Halil Matoshi, p\u00ebr shkak t\u00eb q\u00ebndrimit t\u00eb tij kritik kryesisht ndaj kryeministrit Hashim Tha\u00e7i, me t\u00eb cilin identifikohen politikisht k\u00ebta \u201cveteran\u00eb\u201d. K\u00ebrc\u00ebnimi ndaj Matoshit pasoi fjalorin [&hellip;]","og_url":"https:\/\/fjala.info\/2009-2015\/ndjellesit-e-rinj-te-fatkeqesise-se-kosoves\/","og_site_name":"FjALA e LIR\u00cb - Arkivi","article_published_time":"2011-01-08T22:16:46+00:00","og_image":[{"url":"http:\/\/fjala.shkoder.net\/wp-content\/uploads\/2010\/10\/mero_baze1.jpg","type":"","width":"","height":""}],"author":"admin","twitter_card":"summary_large_image","twitter_misc":{"Written by":"admin","Est. reading time":"5 minutes"},"schema":{"@context":"https:\/\/schema.org","@graph":[{"@type":"Article","@id":"https:\/\/fjala.info\/2009-2015\/ndjellesit-e-rinj-te-fatkeqesise-se-kosoves\/#article","isPartOf":{"@id":"https:\/\/fjala.info\/2009-2015\/ndjellesit-e-rinj-te-fatkeqesise-se-kosoves\/"},"author":{"name":"admin","@id":"https:\/\/fjala.info\/2009-2015\/#\/schema\/person\/3aa1163ef05469c496fc94e77611ada2"},"headline":"Ndjell\u00ebsit e rinj t\u00eb fatkeq\u00ebsis\u00eb s\u00eb Kosov\u00ebs","datePublished":"2011-01-08T22:16:46+00:00","mainEntityOfPage":{"@id":"https:\/\/fjala.info\/2009-2015\/ndjellesit-e-rinj-te-fatkeqesise-se-kosoves\/"},"wordCount":1037,"commentCount":0,"publisher":{"@id":"https:\/\/fjala.info\/2009-2015\/#organization"},"image":{"@id":"https:\/\/fjala.info\/2009-2015\/ndjellesit-e-rinj-te-fatkeqesise-se-kosoves\/#primaryimage"},"thumbnailUrl":"http:\/\/fjala.shkoder.net\/wp-content\/uploads\/2010\/10\/mero_baze1.jpg","articleSection":["Artikuj"],"inLanguage":"sq-AL","potentialAction":[{"@type":"CommentAction","name":"Comment","target":["https:\/\/fjala.info\/2009-2015\/ndjellesit-e-rinj-te-fatkeqesise-se-kosoves\/#respond"]}]},{"@type":"WebPage","@id":"https:\/\/fjala.info\/2009-2015\/ndjellesit-e-rinj-te-fatkeqesise-se-kosoves\/","url":"https:\/\/fjala.info\/2009-2015\/ndjellesit-e-rinj-te-fatkeqesise-se-kosoves\/","name":"Ndjell\u00ebsit e rinj t\u00eb fatkeq\u00ebsis\u00eb s\u00eb Kosov\u00ebs - FjALA e LIR\u00cb - Arkivi","isPartOf":{"@id":"https:\/\/fjala.info\/2009-2015\/#website"},"primaryImageOfPage":{"@id":"https:\/\/fjala.info\/2009-2015\/ndjellesit-e-rinj-te-fatkeqesise-se-kosoves\/#primaryimage"},"image":{"@id":"https:\/\/fjala.info\/2009-2015\/ndjellesit-e-rinj-te-fatkeqesise-se-kosoves\/#primaryimage"},"thumbnailUrl":"http:\/\/fjala.shkoder.net\/wp-content\/uploads\/2010\/10\/mero_baze1.jpg","datePublished":"2011-01-08T22:16:46+00:00","breadcrumb":{"@id":"https:\/\/fjala.info\/2009-2015\/ndjellesit-e-rinj-te-fatkeqesise-se-kosoves\/#breadcrumb"},"inLanguage":"sq-AL","potentialAction":[{"@type":"ReadAction","target":["https:\/\/fjala.info\/2009-2015\/ndjellesit-e-rinj-te-fatkeqesise-se-kosoves\/"]}]},{"@type":"ImageObject","inLanguage":"sq-AL","@id":"https:\/\/fjala.info\/2009-2015\/ndjellesit-e-rinj-te-fatkeqesise-se-kosoves\/#primaryimage","url":"http:\/\/fjala.shkoder.net\/wp-content\/uploads\/2010\/10\/mero_baze1.jpg","contentUrl":"http:\/\/fjala.shkoder.net\/wp-content\/uploads\/2010\/10\/mero_baze1.jpg"},{"@type":"BreadcrumbList","@id":"https:\/\/fjala.info\/2009-2015\/ndjellesit-e-rinj-te-fatkeqesise-se-kosoves\/#breadcrumb","itemListElement":[{"@type":"ListItem","position":1,"name":"Home","item":"https:\/\/fjala.info\/2009-2015\/"},{"@type":"ListItem","position":2,"name":"Ndjell\u00ebsit e rinj t\u00eb fatkeq\u00ebsis\u00eb s\u00eb Kosov\u00ebs"}]},{"@type":"WebSite","@id":"https:\/\/fjala.info\/2009-2015\/#website","url":"https:\/\/fjala.info\/2009-2015\/","name":"FjALA e LIR\u00cb - Arkivi","description":"Arkivi 2009-2015","publisher":{"@id":"https:\/\/fjala.info\/2009-2015\/#organization"},"potentialAction":[{"@type":"SearchAction","target":{"@type":"EntryPoint","urlTemplate":"https:\/\/fjala.info\/2009-2015\/?s={search_term_string}"},"query-input":{"@type":"PropertyValueSpecification","valueRequired":true,"valueName":"search_term_string"}}],"inLanguage":"sq-AL"},{"@type":"Organization","@id":"https:\/\/fjala.info\/2009-2015\/#organization","name":"FjALA e LIR\u00cb - Arkivi","url":"https:\/\/fjala.info\/2009-2015\/","logo":{"@type":"ImageObject","inLanguage":"sq-AL","@id":"https:\/\/fjala.info\/2009-2015\/#\/schema\/logo\/image\/","url":"","contentUrl":"","caption":"FjALA e LIR\u00cb - Arkivi"},"image":{"@id":"https:\/\/fjala.info\/2009-2015\/#\/schema\/logo\/image\/"}},{"@type":"Person","@id":"https:\/\/fjala.info\/2009-2015\/#\/schema\/person\/3aa1163ef05469c496fc94e77611ada2","name":"admin","image":{"@type":"ImageObject","inLanguage":"sq-AL","@id":"https:\/\/fjala.info\/2009-2015\/wp-content\/uploads\/2012\/02\/arben_cokaj-120x150.jpg","url":"https:\/\/fjala.info\/2009-2015\/wp-content\/uploads\/2012\/02\/arben_cokaj-120x150.jpg","contentUrl":"https:\/\/fjala.info\/2009-2015\/wp-content\/uploads\/2012\/02\/arben_cokaj-120x150.jpg","caption":"admin"},"description":"Admin, Fjala e Lir\u00eb","sameAs":["https:\/\/fjala.info\/"],"url":"https:\/\/fjala.info\/2009-2015\/author\/admin\/"}]}},"_links":{"self":[{"href":"https:\/\/fjala.info\/2009-2015\/wp-json\/wp\/v2\/posts\/5567","targetHints":{"allow":["GET"]}}],"collection":[{"href":"https:\/\/fjala.info\/2009-2015\/wp-json\/wp\/v2\/posts"}],"about":[{"href":"https:\/\/fjala.info\/2009-2015\/wp-json\/wp\/v2\/types\/post"}],"author":[{"embeddable":true,"href":"https:\/\/fjala.info\/2009-2015\/wp-json\/wp\/v2\/users\/1"}],"replies":[{"embeddable":true,"href":"https:\/\/fjala.info\/2009-2015\/wp-json\/wp\/v2\/comments?post=5567"}],"version-history":[{"count":0,"href":"https:\/\/fjala.info\/2009-2015\/wp-json\/wp\/v2\/posts\/5567\/revisions"}],"wp:attachment":[{"href":"https:\/\/fjala.info\/2009-2015\/wp-json\/wp\/v2\/media?parent=5567"}],"wp:term":[{"taxonomy":"category","embeddable":true,"href":"https:\/\/fjala.info\/2009-2015\/wp-json\/wp\/v2\/categories?post=5567"},{"taxonomy":"post_tag","embeddable":true,"href":"https:\/\/fjala.info\/2009-2015\/wp-json\/wp\/v2\/tags?post=5567"}],"curies":[{"name":"wp","href":"https:\/\/api.w.org\/{rel}","templated":true}]}}