{"id":5552,"date":"2011-01-06T20:50:20","date_gmt":"2011-01-06T19:50:20","guid":{"rendered":"http:\/\/fjala.shkoder.net\/?p=5552"},"modified":"2011-01-06T20:50:20","modified_gmt":"2011-01-06T19:50:20","slug":"qeveria-di-nje-gje-qe-te-mos-hetoje-asgje","status":"publish","type":"post","link":"https:\/\/fjala.info\/2009-2015\/qeveria-di-nje-gje-qe-te-mos-hetoje-asgje\/","title":{"rendered":"Qeveria &#8220;di&#8221; nj\u00eb gj\u00eb, q\u00eb t\u00eb mos hetoj\u00eb asgj\u00eb"},"content":{"rendered":"<p><img loading=\"lazy\" decoding=\"async\" class=\"alignleft size-thumbnail wp-image-4317\" title=\"Pre\u00e7 Zogaj\" src=\"http:\/\/fjala.shkoder.net\/wp-content\/uploads\/2010\/10\/prec_zogaj-150x150.jpg\" alt=\"\" width=\"150\" height=\"150\" \/><br \/>\n<strong>Pre\u00e7 Zogaj<\/strong>, <em>06.01.2011<\/em><\/p>\n<p>P\u00ebrafrimi i pozicioneve \u00ebsht\u00eb kushti dhe standardi i \u00e7do negociate t\u00eb suksesshme p\u00ebr zgjidhjen e nj\u00eb krize.<\/p>\n<p>Sot, kur Shqip\u00ebria politike po futet n\u00eb t\u00eb panjohurat e d\u00ebshtimit t\u00eb madh p\u00ebr zgjidhjen e kriz\u00ebs dhe kur horizonti politik duket m\u00eb i zymt\u00eb se m\u00eb par\u00eb, do t\u00eb ishte e detyrueshme q\u00eb Berisha dhe Rama t\u00eb tregonin para publikut hapat q\u00eb kan\u00eb hedhur dhe l\u00ebshimet q\u00eb kan\u00eb b\u00ebr\u00eb p\u00ebr t\u00eb shkuar drejt marr\u00ebveshjes.<\/p>\n<p>N\u00eb t\u00eb v\u00ebrtet\u00eb, p\u00ebrve\u00e7 premtimeve boshe dhe l\u00ebvizjeve &#8220;pe gjase&#8221;, sa p\u00ebr t\u00eb kaluar radh\u00ebn, Berisha nuk ka \u00e7far\u00eb t\u00eb tregoj\u00eb; realisht ai nuk ka hedhur asnj\u00eb hap konkret p\u00ebrpara n\u00eb sh\u00ebrbim t\u00eb kompromisit. Por nuk \u00ebsht\u00eb mjaftuar as t\u00eb rrij\u00eb vendnum\u00ebro, ama. Ka l\u00ebvizur, por prapa. Ka hedhur hapa, por prapa!<\/p>\n<p>Ka ndodhur nj\u00eb gj\u00eb e panjohur dhe e pad\u00ebgjuar me kriz\u00ebn shqiptare. Megjith\u00ebse ka pasur nj\u00eb nd\u00ebrmjet\u00ebsim intensiv dhe t\u00eb kualifikuar nd\u00ebrkomb\u00ebtar, megjith\u00ebse k\u00ebrkesa p\u00ebr hetimin e zgjedhjeve \u00ebsht\u00eb shprehur n\u00eb nivelin e nj\u00eb rezolute t\u00eb Parlamentit Europian, megjith\u00ebse miqt\u00eb dhe partner\u00ebt nd\u00ebrkomb\u00ebtare jan\u00eb investuar pa pushim p\u00ebr afrimin e pal\u00ebve, distanca mes tyre ka mbetur gjithnj\u00eb e pandryshueshme p\u00ebr arsye se \u00e7do hapi p\u00ebrpara t\u00eb opozit\u00ebs, qeveria i \u00ebsht\u00eb p\u00ebrgjigjur me nj\u00eb hap prapa.<\/p>\n<p>Opozita ka l\u00ebshuar e ka l\u00ebshuar, derisa ka p\u00ebrfunduar n\u00eb pozicionin e vjet\u00ebr t\u00eb qeveris\u00eb. Por edhe atje opozita nuk \u00ebsht\u00eb takuar dot me qeverin\u00eb, sepse, nd\u00ebrkaq qeveria \u00ebsht\u00eb zbythur n\u00eb pozicionin e mohimit t\u00eb \u00e7do lloj hetimi q\u00eb ka lidhje me zgjedhjet.<\/p>\n<p>Shprehja grafike e l\u00ebvizjes s\u00eb pal\u00ebve n\u00eb fush\u00ebn e kriz\u00ebs shqiptare, ku qeveria largohet sapo opozita afrohet, \u00ebsht\u00eb fotografia tragjikomike e kriz\u00ebs dhe krizave q\u00eb k\u00ebrc\u00ebnojn\u00eb zgjedhjet dhe demokracin\u00eb n\u00eb vendin ton\u00eb.<\/p>\n<p>M\u00eb thoshte k\u00ebto dit\u00eb nj\u00eb intelektual i pavarur: Qeveria q\u00eb kund\u00ebrshton pa pushim &#8220;nuk lejohet, nuk lejohet&#8221; ka detyrimin t&#8217;u thot\u00eb opozit\u00ebs, publikut dhe nd\u00ebrkomb\u00ebtar\u00ebve se \u00e7far\u00eb lejohet. \u00c7far\u00eb lejohet t\u00eb hetohet, sipas saj? Pretendim i drejt\u00eb, i holl\u00eb. Por kam frik\u00eb se n\u00eb k\u00ebt\u00eb historin\u00eb e hetimit t\u00eb zgjedhjeve qeveria &#8220;di&#8221; nj\u00eb gj\u00eb q\u00eb t\u00eb mos hetoj\u00eb asgj\u00eb, asnj\u00ebher\u00eb, n\u00eb asnj\u00eb m\u00ebnyr\u00eb.<\/p>\n<p>Kaq e v\u00ebrtet\u00eb \u00ebsht\u00eb kjo, sa duke dashur t\u00eb mbuloj\u00eb me gjethe fiku akrobacit\u00eb e veta t\u00eb pajustifikueshme, kryeministri i ka v\u00ebn\u00eb kazm\u00ebn vet\u00eb Ligjit organik p\u00ebr hetimin parlamentar; ka hedhur nga vaska bashk\u00eb me ujin edhe foshnj\u00ebn.<\/p>\n<p>Po t\u00eb ishte nd\u00ebrtuar ligji i hetimit parlamentar sipas &#8220;parimeve&#8221; t\u00eb fundit t\u00eb Berish\u00ebs, ku shumica vendos se kush quhet fakt dhe kush quhet dyshim, se \u00e7far\u00eb jan\u00eb faktet q\u00eb mund t\u00eb hetohen dhe \u00e7far\u00eb jan\u00eb dyshimet q\u00eb nuk mund t\u00eb hetohen, hetim parlamentar nuk do t\u00eb kishte m\u00eb n\u00eb Shqip\u00ebri dhe demokracia do t\u00eb privohej nga nj\u00eb mjet i paz\u00ebvend\u00ebsuesh\u00ebm i transparenc\u00ebs dhe kontrollit parlamentar.<\/p>\n<p>Nuk mund t\u00eb ket\u00eb kurr\u00eb m\u00eb hetim parlamentar n\u00ebse i duhet marr\u00eb dora shumic\u00ebs edhe p\u00ebr pikat dhe presjet e projektit t\u00eb paraqitur. E kemi th\u00ebn\u00eb edhe m\u00eb par\u00eb dhe e p\u00ebrs\u00ebrisim se hetimi parlamentar \u00ebsht\u00eb e vetmja dispozit\u00eb kushtetuese dhe i vetmi ligj organik ku pakica merr atribute shumice n\u00eb kuptimin q\u00eb pakica nuk mund t\u00eb pengohet me forc\u00ebn e karton\u00ebve t\u00eb hetoj\u00eb nj\u00eb \u00e7\u00ebshtje t\u00eb caktuar apo m\u00ebnyr\u00ebn e zbatimit t\u00eb ligjeve q\u00eb nxjerr vet\u00eb Kuvendi. Ligji p\u00ebr hetimin parlamentar \u00ebsht\u00eb mjeti i opozit\u00ebs.<\/p>\n<p>Opozita shqiptare sot \u00ebsht\u00eb thirrur n\u00eb kauz\u00eb t\u00eb mbroj\u00eb parimin kushtetues t\u00eb hetimit parlamentar nga marrja peng dhe nga deformimet q\u00eb i ka b\u00ebr\u00eb e vazhdon t&#8217;i b\u00ebje shumica, qeveria, kryeministri.<\/p>\n<p>Kryethagma e fundit e k\u00ebsaj fushate t\u00eb shp\u00eblar\u00eb, q\u00eb vazhdon q\u00eb prej nj\u00eb viti, \u00ebsht\u00eb loja e fjal\u00ebve me fjal\u00ebt &#8220;fakt&#8221; dhe &#8220;dyshime&#8221;. Kryeministri Berisha s&#8217;pushon s\u00eb p\u00ebrs\u00ebrituri se nuk mund t\u00eb pranoj\u00eb t\u00eb hetohen dyshime dhe se k\u00ebrkesa e PS-s\u00eb nuk referon asnj\u00eb fakt.<\/p>\n<p>Diskutimet se ku mbaron dyshimi dhe ku fillon fakti n\u00eb nj\u00eb hetim parlamentar, mund t\u00eb tirren deri sa t\u00eb kemi frym\u00ebn. Jurist\u00ebt, dhe jo vet\u00ebm ata, qeshin kur d\u00ebgjojn\u00eb sa &#8220;kategorik&#8221; \u00ebsht\u00eb Berisha n\u00eb k\u00ebt\u00eb pik\u00eb. Ky, sigurisht, ngat\u00ebrrohet me q\u00ebllim n\u00eb nj\u00eb debat shterp\u00eb.<\/p>\n<p>Komisionet hetimore ngrihen p\u00ebr nj\u00eb \u00e7\u00ebshtje t\u00eb caktuar. Jo p\u00ebr nj\u00eb fakt t\u00eb caktuar, por p\u00ebr nj\u00eb \u00e7\u00ebshtje t\u00eb caktuar. K\u00ebt\u00eb e din\u00eb gjith\u00eb deputet\u00ebt. Nocioni &#8220;\u00e7\u00ebshtje&#8221; \u00ebsht\u00eb i gjer\u00eb dhe p\u00ebrfshin edhe faktin, edhe dyshimin, edhe indicin, edhe interesin publik.<\/p>\n<p>T\u00eb gjith\u00eb komisionet e derisotme jan\u00eb ngritur p\u00ebr \u00e7\u00ebshtje t\u00eb caktuara. Ligji e ka zgjidhur n\u00eb favor t\u00eb parimit dhe d\u00ebm n\u00eb t\u00eb&#8230; k\u00ebt\u00eb problem. P\u00ebr ta b\u00ebr\u00eb edhe m\u00eb konkret shpjegimin le t&#8217;i referohemi raportit t\u00eb OSBE-ODHIR-it p\u00ebr zgjedhjet e 28 qershorit 2009.<\/p>\n<p>N\u00eb list\u00ebn e gjat\u00eb t\u00eb parregullsive q\u00eb ka evidentuar ky raport jan\u00eb edhe k\u00ebto: Num\u00ebrimi i keq dhe shum\u00eb i keq n\u00eb nj\u00eb t\u00eb tret\u00ebn e vendit, p\u00ebrdorimi politik i administrat\u00ebs dhe i f\u00ebmij\u00ebve t\u00eb shkollave, zhbalancimet n\u00eb Televizionin shtet\u00ebror n\u00eb favor t\u00eb qeveris\u00eb, mungesa e transparenc\u00ebs n\u00eb financimin e fushatave.<\/p>\n<p>Ka edhe t\u00eb tjera. T\u00eb gjitha k\u00ebto jan\u00eb n\u00eb kund\u00ebrshtim me kart\u00ebn e Kopenhagenit p\u00ebr zgjedhje t\u00eb lira. N\u00eb Shqip\u00ebri jan\u00eb fenomene q\u00eb p\u00ebrs\u00ebriten nga zgjedhjet n\u00eb zgjedhje. Raporti n\u00eb fjal\u00eb i evidenton k\u00ebto dukuri, por nuk shkon m\u00eb tej.<\/p>\n<p>\u00c7far\u00eb e pengon Kuvendin e Shqip\u00ebris\u00eb t\u00eb hetoj\u00eb se cilat pika t\u00eb Kodit dhe Udh\u00ebzimit p\u00ebr num\u00ebrimin jan\u00eb shkelur n\u00eb nj\u00eb t\u00eb tret\u00ebn e qendrave t\u00eb num\u00ebrimit? Mos vall\u00eb e pengon diskutimi pa kok\u00eb dhe pa bisht se \u00e7far\u00eb \u00ebsht\u00eb fakt dhe \u00e7far\u00eb \u00ebsht\u00eb dyshim? E b\u00ebri veza pul\u00ebn apo pula vez\u00ebn?<\/p>\n<p>Aspak. Hetimi i kutive n\u00eb qendrat e sh\u00ebnuara me &#8220;keq&#8221; dhe &#8220;shum\u00eb keq&#8221; nga v\u00ebzhguesit nd\u00ebrkomb\u00ebtar\u00eb, do t\u00eb \u00e7onte n\u00eb krijimin e nj\u00eb p\u00ebrfytyrimi t\u00eb sakt\u00eb p\u00ebr natyr\u00ebn e shkeljeve, p\u00ebr personat p\u00ebrgjegj\u00ebs e t\u00eb tjera e t\u00eb tjera. Minimalisht, k\u00ebto persona nuk mund t\u00eb caktohen s\u00ebrish num\u00ebrues.<\/p>\n<p>E nj\u00ebjta gj\u00eb mund t\u00eb thuhet edhe p\u00ebr parregullsit\u00eb e tjera.<br \/>\nArgumenti s&#8217;ka vend aty ku thjesht nuk duan. S\u00eb shpejti, me kalimin e pushimeve t\u00eb dimrit, qeveria shqiptare do t\u00eb duhet t\u00eb shpjegohet me Europ\u00ebn dhe SHBA p\u00ebr q\u00ebndrimet tall\u00ebse n\u00eb lidhje me kriz\u00ebn nj\u00ebvje\u00e7are. Deri at\u00ebher\u00eb, qeveria ka ende pak\u00ebz koh\u00eb p\u00ebr t\u00eb udh\u00ebhequr zgjidhjen n\u00eb vend t\u00eb konfliktit.<\/p>\n","protected":false},"excerpt":{"rendered":"<p>Pre\u00e7 Zogaj, 06.01.2011 P\u00ebrafrimi i pozicioneve \u00ebsht\u00eb kushti dhe standardi i \u00e7do negociate t\u00eb suksesshme p\u00ebr zgjidhjen e nj\u00eb krize. Sot, kur Shqip\u00ebria politike po futet n\u00eb t\u00eb panjohurat e d\u00ebshtimit t\u00eb madh p\u00ebr zgjidhjen e kriz\u00ebs dhe kur horizonti politik duket m\u00eb i zymt\u00eb se m\u00eb par\u00eb, do t\u00eb ishte e detyrueshme q\u00eb Berisha [&hellip;]<\/p>\n","protected":false},"author":1,"featured_media":0,"comment_status":"open","ping_status":"closed","sticky":false,"template":"","format":"standard","meta":{"footnotes":""},"categories":[2],"tags":[],"class_list":{"0":"post-5552","1":"post","2":"type-post","3":"status-publish","4":"format-standard","6":"category-artikuj"},"yoast_head":"<!-- This site is optimized with the Yoast SEO plugin v27.4 - https:\/\/yoast.com\/product\/yoast-seo-wordpress\/ -->\n<title>Qeveria &quot;di&quot; nj\u00eb gj\u00eb, q\u00eb t\u00eb mos hetoj\u00eb asgj\u00eb - FjALA e LIR\u00cb - Arkivi<\/title>\n<meta name=\"robots\" content=\"index, follow, max-snippet:-1, max-image-preview:large, max-video-preview:-1\" \/>\n<link rel=\"canonical\" href=\"https:\/\/fjala.info\/2009-2015\/qeveria-di-nje-gje-qe-te-mos-hetoje-asgje\/\" \/>\n<meta property=\"og:locale\" content=\"sq_AL\" \/>\n<meta property=\"og:type\" content=\"article\" \/>\n<meta property=\"og:title\" content=\"Qeveria &quot;di&quot; nj\u00eb gj\u00eb, q\u00eb t\u00eb mos hetoj\u00eb asgj\u00eb - FjALA e LIR\u00cb - Arkivi\" \/>\n<meta property=\"og:description\" content=\"Pre\u00e7 Zogaj, 06.01.2011 P\u00ebrafrimi i pozicioneve \u00ebsht\u00eb kushti dhe standardi i \u00e7do negociate t\u00eb suksesshme p\u00ebr zgjidhjen e nj\u00eb krize. Sot, kur Shqip\u00ebria politike po futet n\u00eb t\u00eb panjohurat e d\u00ebshtimit t\u00eb madh p\u00ebr zgjidhjen e kriz\u00ebs dhe kur horizonti politik duket m\u00eb i zymt\u00eb se m\u00eb par\u00eb, do t\u00eb ishte e detyrueshme q\u00eb Berisha [&hellip;]\" \/>\n<meta property=\"og:url\" content=\"https:\/\/fjala.info\/2009-2015\/qeveria-di-nje-gje-qe-te-mos-hetoje-asgje\/\" \/>\n<meta property=\"og:site_name\" content=\"FjALA e LIR\u00cb - Arkivi\" \/>\n<meta property=\"article:published_time\" content=\"2011-01-06T19:50:20+00:00\" \/>\n<meta property=\"og:image\" content=\"http:\/\/fjala.shkoder.net\/wp-content\/uploads\/2010\/10\/prec_zogaj-150x150.jpg\" \/>\n<meta name=\"author\" content=\"admin\" \/>\n<meta name=\"twitter:card\" content=\"summary_large_image\" \/>\n<meta name=\"twitter:label1\" content=\"Written by\" \/>\n\t<meta name=\"twitter:data1\" content=\"admin\" \/>\n\t<meta name=\"twitter:label2\" content=\"Est. reading time\" \/>\n\t<meta name=\"twitter:data2\" content=\"6 minutes\" \/>\n<script type=\"application\/ld+json\" class=\"yoast-schema-graph\">{\"@context\":\"https:\\\/\\\/schema.org\",\"@graph\":[{\"@type\":\"Article\",\"@id\":\"https:\\\/\\\/fjala.info\\\/2009-2015\\\/qeveria-di-nje-gje-qe-te-mos-hetoje-asgje\\\/#article\",\"isPartOf\":{\"@id\":\"https:\\\/\\\/fjala.info\\\/2009-2015\\\/qeveria-di-nje-gje-qe-te-mos-hetoje-asgje\\\/\"},\"author\":{\"name\":\"admin\",\"@id\":\"https:\\\/\\\/fjala.info\\\/2009-2015\\\/#\\\/schema\\\/person\\\/3aa1163ef05469c496fc94e77611ada2\"},\"headline\":\"Qeveria &#8220;di&#8221; nj\u00eb gj\u00eb, q\u00eb t\u00eb mos hetoj\u00eb asgj\u00eb\",\"datePublished\":\"2011-01-06T19:50:20+00:00\",\"mainEntityOfPage\":{\"@id\":\"https:\\\/\\\/fjala.info\\\/2009-2015\\\/qeveria-di-nje-gje-qe-te-mos-hetoje-asgje\\\/\"},\"wordCount\":1164,\"commentCount\":0,\"publisher\":{\"@id\":\"https:\\\/\\\/fjala.info\\\/2009-2015\\\/#organization\"},\"image\":{\"@id\":\"https:\\\/\\\/fjala.info\\\/2009-2015\\\/qeveria-di-nje-gje-qe-te-mos-hetoje-asgje\\\/#primaryimage\"},\"thumbnailUrl\":\"http:\\\/\\\/fjala.shkoder.net\\\/wp-content\\\/uploads\\\/2010\\\/10\\\/prec_zogaj-150x150.jpg\",\"articleSection\":[\"Artikuj\"],\"inLanguage\":\"sq-AL\",\"potentialAction\":[{\"@type\":\"CommentAction\",\"name\":\"Comment\",\"target\":[\"https:\\\/\\\/fjala.info\\\/2009-2015\\\/qeveria-di-nje-gje-qe-te-mos-hetoje-asgje\\\/#respond\"]}]},{\"@type\":\"WebPage\",\"@id\":\"https:\\\/\\\/fjala.info\\\/2009-2015\\\/qeveria-di-nje-gje-qe-te-mos-hetoje-asgje\\\/\",\"url\":\"https:\\\/\\\/fjala.info\\\/2009-2015\\\/qeveria-di-nje-gje-qe-te-mos-hetoje-asgje\\\/\",\"name\":\"Qeveria \\\"di\\\" nj\u00eb gj\u00eb, q\u00eb t\u00eb mos hetoj\u00eb asgj\u00eb - FjALA e LIR\u00cb - Arkivi\",\"isPartOf\":{\"@id\":\"https:\\\/\\\/fjala.info\\\/2009-2015\\\/#website\"},\"primaryImageOfPage\":{\"@id\":\"https:\\\/\\\/fjala.info\\\/2009-2015\\\/qeveria-di-nje-gje-qe-te-mos-hetoje-asgje\\\/#primaryimage\"},\"image\":{\"@id\":\"https:\\\/\\\/fjala.info\\\/2009-2015\\\/qeveria-di-nje-gje-qe-te-mos-hetoje-asgje\\\/#primaryimage\"},\"thumbnailUrl\":\"http:\\\/\\\/fjala.shkoder.net\\\/wp-content\\\/uploads\\\/2010\\\/10\\\/prec_zogaj-150x150.jpg\",\"datePublished\":\"2011-01-06T19:50:20+00:00\",\"breadcrumb\":{\"@id\":\"https:\\\/\\\/fjala.info\\\/2009-2015\\\/qeveria-di-nje-gje-qe-te-mos-hetoje-asgje\\\/#breadcrumb\"},\"inLanguage\":\"sq-AL\",\"potentialAction\":[{\"@type\":\"ReadAction\",\"target\":[\"https:\\\/\\\/fjala.info\\\/2009-2015\\\/qeveria-di-nje-gje-qe-te-mos-hetoje-asgje\\\/\"]}]},{\"@type\":\"ImageObject\",\"inLanguage\":\"sq-AL\",\"@id\":\"https:\\\/\\\/fjala.info\\\/2009-2015\\\/qeveria-di-nje-gje-qe-te-mos-hetoje-asgje\\\/#primaryimage\",\"url\":\"http:\\\/\\\/fjala.shkoder.net\\\/wp-content\\\/uploads\\\/2010\\\/10\\\/prec_zogaj-150x150.jpg\",\"contentUrl\":\"http:\\\/\\\/fjala.shkoder.net\\\/wp-content\\\/uploads\\\/2010\\\/10\\\/prec_zogaj-150x150.jpg\"},{\"@type\":\"BreadcrumbList\",\"@id\":\"https:\\\/\\\/fjala.info\\\/2009-2015\\\/qeveria-di-nje-gje-qe-te-mos-hetoje-asgje\\\/#breadcrumb\",\"itemListElement\":[{\"@type\":\"ListItem\",\"position\":1,\"name\":\"Home\",\"item\":\"https:\\\/\\\/fjala.info\\\/2009-2015\\\/\"},{\"@type\":\"ListItem\",\"position\":2,\"name\":\"Qeveria &#8220;di&#8221; nj\u00eb gj\u00eb, q\u00eb t\u00eb mos hetoj\u00eb asgj\u00eb\"}]},{\"@type\":\"WebSite\",\"@id\":\"https:\\\/\\\/fjala.info\\\/2009-2015\\\/#website\",\"url\":\"https:\\\/\\\/fjala.info\\\/2009-2015\\\/\",\"name\":\"FjALA e LIR\u00cb - Arkivi\",\"description\":\"Arkivi 2009-2015\",\"publisher\":{\"@id\":\"https:\\\/\\\/fjala.info\\\/2009-2015\\\/#organization\"},\"potentialAction\":[{\"@type\":\"SearchAction\",\"target\":{\"@type\":\"EntryPoint\",\"urlTemplate\":\"https:\\\/\\\/fjala.info\\\/2009-2015\\\/?s={search_term_string}\"},\"query-input\":{\"@type\":\"PropertyValueSpecification\",\"valueRequired\":true,\"valueName\":\"search_term_string\"}}],\"inLanguage\":\"sq-AL\"},{\"@type\":\"Organization\",\"@id\":\"https:\\\/\\\/fjala.info\\\/2009-2015\\\/#organization\",\"name\":\"FjALA e LIR\u00cb - Arkivi\",\"url\":\"https:\\\/\\\/fjala.info\\\/2009-2015\\\/\",\"logo\":{\"@type\":\"ImageObject\",\"inLanguage\":\"sq-AL\",\"@id\":\"https:\\\/\\\/fjala.info\\\/2009-2015\\\/#\\\/schema\\\/logo\\\/image\\\/\",\"url\":\"\",\"contentUrl\":\"\",\"caption\":\"FjALA e LIR\u00cb - Arkivi\"},\"image\":{\"@id\":\"https:\\\/\\\/fjala.info\\\/2009-2015\\\/#\\\/schema\\\/logo\\\/image\\\/\"}},{\"@type\":\"Person\",\"@id\":\"https:\\\/\\\/fjala.info\\\/2009-2015\\\/#\\\/schema\\\/person\\\/3aa1163ef05469c496fc94e77611ada2\",\"name\":\"admin\",\"image\":{\"@type\":\"ImageObject\",\"inLanguage\":\"sq-AL\",\"@id\":\"https:\\\/\\\/fjala.info\\\/2009-2015\\\/wp-content\\\/uploads\\\/2012\\\/02\\\/arben_cokaj-120x150.jpg\",\"url\":\"https:\\\/\\\/fjala.info\\\/2009-2015\\\/wp-content\\\/uploads\\\/2012\\\/02\\\/arben_cokaj-120x150.jpg\",\"contentUrl\":\"https:\\\/\\\/fjala.info\\\/2009-2015\\\/wp-content\\\/uploads\\\/2012\\\/02\\\/arben_cokaj-120x150.jpg\",\"caption\":\"admin\"},\"description\":\"Admin, Fjala e Lir\u00eb\",\"sameAs\":[\"https:\\\/\\\/fjala.info\\\/\"],\"url\":\"https:\\\/\\\/fjala.info\\\/2009-2015\\\/author\\\/admin\\\/\"}]}<\/script>\n<!-- \/ Yoast SEO plugin. -->","yoast_head_json":{"title":"Qeveria \"di\" nj\u00eb gj\u00eb, q\u00eb t\u00eb mos hetoj\u00eb asgj\u00eb - FjALA e LIR\u00cb - Arkivi","robots":{"index":"index","follow":"follow","max-snippet":"max-snippet:-1","max-image-preview":"max-image-preview:large","max-video-preview":"max-video-preview:-1"},"canonical":"https:\/\/fjala.info\/2009-2015\/qeveria-di-nje-gje-qe-te-mos-hetoje-asgje\/","og_locale":"sq_AL","og_type":"article","og_title":"Qeveria \"di\" nj\u00eb gj\u00eb, q\u00eb t\u00eb mos hetoj\u00eb asgj\u00eb - FjALA e LIR\u00cb - Arkivi","og_description":"Pre\u00e7 Zogaj, 06.01.2011 P\u00ebrafrimi i pozicioneve \u00ebsht\u00eb kushti dhe standardi i \u00e7do negociate t\u00eb suksesshme p\u00ebr zgjidhjen e nj\u00eb krize. Sot, kur Shqip\u00ebria politike po futet n\u00eb t\u00eb panjohurat e d\u00ebshtimit t\u00eb madh p\u00ebr zgjidhjen e kriz\u00ebs dhe kur horizonti politik duket m\u00eb i zymt\u00eb se m\u00eb par\u00eb, do t\u00eb ishte e detyrueshme q\u00eb Berisha [&hellip;]","og_url":"https:\/\/fjala.info\/2009-2015\/qeveria-di-nje-gje-qe-te-mos-hetoje-asgje\/","og_site_name":"FjALA e LIR\u00cb - Arkivi","article_published_time":"2011-01-06T19:50:20+00:00","og_image":[{"url":"http:\/\/fjala.shkoder.net\/wp-content\/uploads\/2010\/10\/prec_zogaj-150x150.jpg","type":"","width":"","height":""}],"author":"admin","twitter_card":"summary_large_image","twitter_misc":{"Written by":"admin","Est. reading time":"6 minutes"},"schema":{"@context":"https:\/\/schema.org","@graph":[{"@type":"Article","@id":"https:\/\/fjala.info\/2009-2015\/qeveria-di-nje-gje-qe-te-mos-hetoje-asgje\/#article","isPartOf":{"@id":"https:\/\/fjala.info\/2009-2015\/qeveria-di-nje-gje-qe-te-mos-hetoje-asgje\/"},"author":{"name":"admin","@id":"https:\/\/fjala.info\/2009-2015\/#\/schema\/person\/3aa1163ef05469c496fc94e77611ada2"},"headline":"Qeveria &#8220;di&#8221; nj\u00eb gj\u00eb, q\u00eb t\u00eb mos hetoj\u00eb asgj\u00eb","datePublished":"2011-01-06T19:50:20+00:00","mainEntityOfPage":{"@id":"https:\/\/fjala.info\/2009-2015\/qeveria-di-nje-gje-qe-te-mos-hetoje-asgje\/"},"wordCount":1164,"commentCount":0,"publisher":{"@id":"https:\/\/fjala.info\/2009-2015\/#organization"},"image":{"@id":"https:\/\/fjala.info\/2009-2015\/qeveria-di-nje-gje-qe-te-mos-hetoje-asgje\/#primaryimage"},"thumbnailUrl":"http:\/\/fjala.shkoder.net\/wp-content\/uploads\/2010\/10\/prec_zogaj-150x150.jpg","articleSection":["Artikuj"],"inLanguage":"sq-AL","potentialAction":[{"@type":"CommentAction","name":"Comment","target":["https:\/\/fjala.info\/2009-2015\/qeveria-di-nje-gje-qe-te-mos-hetoje-asgje\/#respond"]}]},{"@type":"WebPage","@id":"https:\/\/fjala.info\/2009-2015\/qeveria-di-nje-gje-qe-te-mos-hetoje-asgje\/","url":"https:\/\/fjala.info\/2009-2015\/qeveria-di-nje-gje-qe-te-mos-hetoje-asgje\/","name":"Qeveria \"di\" nj\u00eb gj\u00eb, q\u00eb t\u00eb mos hetoj\u00eb asgj\u00eb - FjALA e LIR\u00cb - Arkivi","isPartOf":{"@id":"https:\/\/fjala.info\/2009-2015\/#website"},"primaryImageOfPage":{"@id":"https:\/\/fjala.info\/2009-2015\/qeveria-di-nje-gje-qe-te-mos-hetoje-asgje\/#primaryimage"},"image":{"@id":"https:\/\/fjala.info\/2009-2015\/qeveria-di-nje-gje-qe-te-mos-hetoje-asgje\/#primaryimage"},"thumbnailUrl":"http:\/\/fjala.shkoder.net\/wp-content\/uploads\/2010\/10\/prec_zogaj-150x150.jpg","datePublished":"2011-01-06T19:50:20+00:00","breadcrumb":{"@id":"https:\/\/fjala.info\/2009-2015\/qeveria-di-nje-gje-qe-te-mos-hetoje-asgje\/#breadcrumb"},"inLanguage":"sq-AL","potentialAction":[{"@type":"ReadAction","target":["https:\/\/fjala.info\/2009-2015\/qeveria-di-nje-gje-qe-te-mos-hetoje-asgje\/"]}]},{"@type":"ImageObject","inLanguage":"sq-AL","@id":"https:\/\/fjala.info\/2009-2015\/qeveria-di-nje-gje-qe-te-mos-hetoje-asgje\/#primaryimage","url":"http:\/\/fjala.shkoder.net\/wp-content\/uploads\/2010\/10\/prec_zogaj-150x150.jpg","contentUrl":"http:\/\/fjala.shkoder.net\/wp-content\/uploads\/2010\/10\/prec_zogaj-150x150.jpg"},{"@type":"BreadcrumbList","@id":"https:\/\/fjala.info\/2009-2015\/qeveria-di-nje-gje-qe-te-mos-hetoje-asgje\/#breadcrumb","itemListElement":[{"@type":"ListItem","position":1,"name":"Home","item":"https:\/\/fjala.info\/2009-2015\/"},{"@type":"ListItem","position":2,"name":"Qeveria &#8220;di&#8221; nj\u00eb gj\u00eb, q\u00eb t\u00eb mos hetoj\u00eb asgj\u00eb"}]},{"@type":"WebSite","@id":"https:\/\/fjala.info\/2009-2015\/#website","url":"https:\/\/fjala.info\/2009-2015\/","name":"FjALA e LIR\u00cb - Arkivi","description":"Arkivi 2009-2015","publisher":{"@id":"https:\/\/fjala.info\/2009-2015\/#organization"},"potentialAction":[{"@type":"SearchAction","target":{"@type":"EntryPoint","urlTemplate":"https:\/\/fjala.info\/2009-2015\/?s={search_term_string}"},"query-input":{"@type":"PropertyValueSpecification","valueRequired":true,"valueName":"search_term_string"}}],"inLanguage":"sq-AL"},{"@type":"Organization","@id":"https:\/\/fjala.info\/2009-2015\/#organization","name":"FjALA e LIR\u00cb - Arkivi","url":"https:\/\/fjala.info\/2009-2015\/","logo":{"@type":"ImageObject","inLanguage":"sq-AL","@id":"https:\/\/fjala.info\/2009-2015\/#\/schema\/logo\/image\/","url":"","contentUrl":"","caption":"FjALA e LIR\u00cb - Arkivi"},"image":{"@id":"https:\/\/fjala.info\/2009-2015\/#\/schema\/logo\/image\/"}},{"@type":"Person","@id":"https:\/\/fjala.info\/2009-2015\/#\/schema\/person\/3aa1163ef05469c496fc94e77611ada2","name":"admin","image":{"@type":"ImageObject","inLanguage":"sq-AL","@id":"https:\/\/fjala.info\/2009-2015\/wp-content\/uploads\/2012\/02\/arben_cokaj-120x150.jpg","url":"https:\/\/fjala.info\/2009-2015\/wp-content\/uploads\/2012\/02\/arben_cokaj-120x150.jpg","contentUrl":"https:\/\/fjala.info\/2009-2015\/wp-content\/uploads\/2012\/02\/arben_cokaj-120x150.jpg","caption":"admin"},"description":"Admin, Fjala e Lir\u00eb","sameAs":["https:\/\/fjala.info\/"],"url":"https:\/\/fjala.info\/2009-2015\/author\/admin\/"}]}},"_links":{"self":[{"href":"https:\/\/fjala.info\/2009-2015\/wp-json\/wp\/v2\/posts\/5552","targetHints":{"allow":["GET"]}}],"collection":[{"href":"https:\/\/fjala.info\/2009-2015\/wp-json\/wp\/v2\/posts"}],"about":[{"href":"https:\/\/fjala.info\/2009-2015\/wp-json\/wp\/v2\/types\/post"}],"author":[{"embeddable":true,"href":"https:\/\/fjala.info\/2009-2015\/wp-json\/wp\/v2\/users\/1"}],"replies":[{"embeddable":true,"href":"https:\/\/fjala.info\/2009-2015\/wp-json\/wp\/v2\/comments?post=5552"}],"version-history":[{"count":0,"href":"https:\/\/fjala.info\/2009-2015\/wp-json\/wp\/v2\/posts\/5552\/revisions"}],"wp:attachment":[{"href":"https:\/\/fjala.info\/2009-2015\/wp-json\/wp\/v2\/media?parent=5552"}],"wp:term":[{"taxonomy":"category","embeddable":true,"href":"https:\/\/fjala.info\/2009-2015\/wp-json\/wp\/v2\/categories?post=5552"},{"taxonomy":"post_tag","embeddable":true,"href":"https:\/\/fjala.info\/2009-2015\/wp-json\/wp\/v2\/tags?post=5552"}],"curies":[{"name":"wp","href":"https:\/\/api.w.org\/{rel}","templated":true}]}}