{"id":5550,"date":"2011-01-06T20:43:30","date_gmt":"2011-01-06T19:43:30","guid":{"rendered":"http:\/\/fjala.shkoder.net\/?p=5550"},"modified":"2011-01-06T20:43:30","modified_gmt":"2011-01-06T19:43:30","slug":"shqiperia-dhe-komunizmi","status":"publish","type":"post","link":"https:\/\/fjala.info\/2009-2015\/shqiperia-dhe-komunizmi\/","title":{"rendered":"Shqip\u00ebria dhe komunizmi"},"content":{"rendered":"<p>Nga <strong>Daniel Ursprung<\/strong>, <em>Neue Z\u00fcrcher Zeitung &#8211; 06.01.2011<\/em><\/p>\n<p>Asnj\u00eb vend tjet\u00ebr n\u00eb Europ\u00ebn Lindore nuk ka kaq shum\u00eb monumente, ndoshta edhe t\u00eb pavullnetshme, q\u00eb t\u00eb kujtojn\u00eb sundimin komunist si n\u00eb Shqip\u00ebri. N\u00eb asnj\u00eb vend tjet\u00ebr t\u00eb Europ\u00ebs Lindore nuk ekzistojn\u00eb kaq pak studime serioze n\u00eb lidhje me periudh\u00ebn e socializmit si n\u00eb Shqip\u00ebri &#8211; nuk ka asnj\u00eb biografi kritike ndaj Enver Hoxh\u00ebs, edhe pse asnj\u00eb drejtues tjet\u00ebr komunist nuk e ka dominuar p\u00ebr kaq gjat\u00eb e n\u00eb m\u00ebnyr\u00eb kaq intensive fatin e vendit t\u00eb tij.<\/p>\n<p>Krahas raporteve t\u00eb publikuara n\u00eb media, n\u00eb tregun e librave ka vet\u00ebm dokumente e kujtime t\u00eb viktimave t\u00eb komunizmit, por edhe t\u00eb an\u00ebtar\u00ebve t\u00eb nomenklatur\u00ebs &#8211; p\u00ebrfshi k\u00ebtu edhe p\u00ebrligjet e an\u00ebtar\u00ebve t\u00eb familjes s\u00eb Enver Hoxh\u00ebs dhe kujtimet e jet\u00ebs s\u00eb pasuesit t\u00eb tij, Ramiz Alia.<\/p>\n<p>Akademia e shp\u00ebrndar\u00eb n\u00eb vitin 2008, gjithashtu nuk ka asnj\u00eb rivler\u00ebsim kritik t\u00eb regjimit komunist. Arsyet e k\u00ebtij d\u00ebshtimi jan\u00eb t\u00eb ndryshme dhe duhen k\u00ebrkuar kryesisht n\u00eb situat\u00ebn specifike t\u00eb tranzicionit shqiptar.<\/p>\n<p>Tranzicioni n\u00eb Shqip\u00ebri \u00ebsht\u00eb sh\u00ebnuar nga konfrontimi tejet i personalizuar mes dy kampeve politike t\u00eb papajtueshme me nj\u00ebri-tjetrin, demokrat\u00ebt e Sali Berish\u00ebs n\u00eb nj\u00eb an\u00eb dhe komunist\u00ebt e kthyer n\u00eb socialist\u00eb.<\/p>\n<p>Partia Demokratike e Sali Berish\u00ebs, e ardhur n\u00eb pushtet n\u00eb vitin 1992, udh\u00ebhoqi nj\u00eb betej\u00eb t\u00eb pam\u00ebshirshme ndaj kund\u00ebrshtar\u00ebve politik\u00eb me pretekstin e antikomunizmit. Ligji i par\u00eb i &#8220;lustracionit&#8221; u miratua n\u00eb vitin 1993, t\u00eb tjer\u00eb e pasuan at\u00eb.<\/p>\n<p>Retorika antikomuniste sh\u00ebrbeu m\u00eb shum\u00eb si nj\u00eb gjueti shtrigash n\u00eb luft\u00ebn p\u00ebr pushtet. Kjo \u00e7oi n\u00eb nj\u00eb destabilizim t\u00eb rreziksh\u00ebm t\u00eb institucioneve shtet\u00ebrore, aparati burokratik u ndryshua p\u00ebr arsye politike dhe u mbush me njer\u00ebz pa p\u00ebrvoj\u00eb, por besnik\u00eb t\u00eb partis\u00eb.<\/p>\n<p>Korrupsioni, manipulimi i zgjedhjeve dhe p\u00ebrfundimisht rr\u00ebzimi i t\u00eb ashtuquajturave skema piramidale, t\u00eb cilat i kishin premtuar popullit shumim t\u00eb jasht\u00ebzakonsh\u00ebm t\u00eb kursimeve t\u00eb tyre, soll\u00ebn zem\u00ebrimin e verb\u00ebr t\u00eb popullit ndaj institucionet shtet\u00ebrore.<\/p>\n<p>Vazhdim\u00ebsia e elitave<\/p>\n<p>Trazirat e r\u00ebnda t\u00eb vitit 1997 e kthyen procesin e tranzicionit disa vite mbrapa. Ideja e p\u00ebrpunimit t\u00eb t\u00eb kaluar\u00ebs ishte diskretituar r\u00ebnd\u00eb nga interesat personale t\u00eb Berish\u00ebs, ndaj socialist\u00ebt nuk e ndoq\u00ebn k\u00ebt\u00eb gj\u00eb derisa ishin n\u00eb pushtet.<\/p>\n<p>Me rikthimin e Berish\u00ebs n\u00eb pushtet n\u00eb vitin 2005, ligjet e &#8220;lustracionit&#8221; u kthyen si nj\u00eb arm\u00eb n\u00eb betej\u00ebn kund\u00ebr opozit\u00ebs. N\u00eb fund t\u00eb vitit 2008, parlamenti miratoi nj\u00eb ligj &#8220;lustracioni&#8221;, t\u00eb kritikuar ashp\u00ebr jasht\u00eb vendit dhe t\u00eb rr\u00ebzuar m\u00eb von\u00eb si antiligjor nga Gjykata Kushtetuese. Ky ligj hapte nj\u00eb gjueti shtrigash t\u00eb motivuar ndaj t\u00eb gjith\u00eb n\u00ebpun\u00ebsve.<\/p>\n<p>N\u00eb k\u00ebt\u00eb m\u00ebnyr\u00eb p\u00ebrpunimi i t\u00eb kaluar\u00ebs komuniste ishte b\u00ebr\u00eb nj\u00eb \u00e7\u00ebshtje e politizuar, nj\u00eb mjet p\u00ebr betej\u00ebn politike.<\/p>\n<p>P\u00ebrve\u00e7 k\u00ebsaj, Shqip\u00ebria \u00ebsht\u00eb nj\u00eb vend i vog\u00ebl dhe i ri, q\u00eb nuk ka tradit\u00eb intelektuale p\u00ebrpara periudh\u00ebs s\u00eb socializmit. Universiteti i par\u00eb n\u00eb vend \u00ebsht\u00eb themeluar n\u00eb vitin 1957, Akademia e Shkencave n\u00eb vitin 1972, Muzeu Komb\u00ebtar i Historis\u00eb n\u00eb vitin 1981.<\/p>\n<p>N\u00eb nj\u00eb vend q\u00eb num\u00ebron rreth tre milion\u00eb banor\u00eb, elita \u00ebsht\u00eb e vog\u00ebl dhe n\u00eb marr\u00ebdh\u00ebnie shum\u00eb t\u00eb ngusht\u00eb farefisnore e patronazhi.<\/p>\n<p>Se sa e fort\u00eb \u00ebsht\u00eb vazhdim\u00ebsia e elit\u00ebs komuniste, k\u00ebt\u00eb e tregon shembulli i shefit t\u00eb qeveris\u00eb, Sali Berisha, retorika antikomuniste e t\u00eb cilit \u00ebsht\u00eb n\u00eb kontrast me t\u00eb kaluar\u00ebn e tij n\u00eb nomenklatur\u00eb, si pjes\u00eb e ekipit t\u00eb mjek\u00ebve t\u00eb Enver Hoxh\u00ebs.<\/p>\n<p>Figura p\u00ebrfaq\u00ebsuese e shqiptar\u00ebve n\u00eb Per\u00ebndim, shkrimtari Ismail Kadare, nuk \u00ebsht\u00eb nj\u00eb Vaclav Havel i Shqip\u00ebris\u00eb, por i ka lejuar vetes t\u00eb monopolizohet nga regjimi. Problemi n\u00eb Shqip\u00ebri \u00ebsht\u00eb se elita e saj praktikisht \u00ebsht\u00eb produkt i koh\u00ebs s\u00eb Hoxh\u00ebs.<\/p>\n<p>* <em>Daniel Ursprung \u00ebsht\u00eb bashk\u00ebpun\u00ebtor shkencor n\u00eb Universitetin e Zyrihut. Botohet me shkurtime nga e p\u00ebrditshmja Neue Z\u00fcrcher Zeitung<\/em><\/p>\n","protected":false},"excerpt":{"rendered":"<p>Nga Daniel Ursprung, Neue Z\u00fcrcher Zeitung &#8211; 06.01.2011 Asnj\u00eb vend tjet\u00ebr n\u00eb Europ\u00ebn Lindore nuk ka kaq shum\u00eb monumente, ndoshta edhe t\u00eb pavullnetshme, q\u00eb t\u00eb kujtojn\u00eb sundimin komunist si n\u00eb Shqip\u00ebri. N\u00eb asnj\u00eb vend tjet\u00ebr t\u00eb Europ\u00ebs Lindore nuk ekzistojn\u00eb kaq pak studime serioze n\u00eb lidhje me periudh\u00ebn e socializmit si n\u00eb Shqip\u00ebri &#8211; nuk [&hellip;]<\/p>\n","protected":false},"author":1,"featured_media":0,"comment_status":"open","ping_status":"closed","sticky":false,"template":"","format":"standard","meta":{"footnotes":""},"categories":[2],"tags":[],"class_list":{"0":"post-5550","1":"post","2":"type-post","3":"status-publish","4":"format-standard","6":"category-artikuj"},"yoast_head":"<!-- This site is optimized with the Yoast SEO plugin v27.4 - https:\/\/yoast.com\/product\/yoast-seo-wordpress\/ -->\n<title>Shqip\u00ebria dhe komunizmi - FjALA e LIR\u00cb - Arkivi<\/title>\n<meta name=\"robots\" content=\"index, follow, max-snippet:-1, max-image-preview:large, max-video-preview:-1\" \/>\n<link rel=\"canonical\" href=\"https:\/\/fjala.info\/2009-2015\/shqiperia-dhe-komunizmi\/\" \/>\n<meta property=\"og:locale\" content=\"sq_AL\" \/>\n<meta property=\"og:type\" content=\"article\" \/>\n<meta property=\"og:title\" content=\"Shqip\u00ebria dhe komunizmi - FjALA e LIR\u00cb - Arkivi\" \/>\n<meta property=\"og:description\" content=\"Nga Daniel Ursprung, Neue Z\u00fcrcher Zeitung &#8211; 06.01.2011 Asnj\u00eb vend tjet\u00ebr n\u00eb Europ\u00ebn Lindore nuk ka kaq shum\u00eb monumente, ndoshta edhe t\u00eb pavullnetshme, q\u00eb t\u00eb kujtojn\u00eb sundimin komunist si n\u00eb Shqip\u00ebri. N\u00eb asnj\u00eb vend tjet\u00ebr t\u00eb Europ\u00ebs Lindore nuk ekzistojn\u00eb kaq pak studime serioze n\u00eb lidhje me periudh\u00ebn e socializmit si n\u00eb Shqip\u00ebri &#8211; nuk [&hellip;]\" \/>\n<meta property=\"og:url\" content=\"https:\/\/fjala.info\/2009-2015\/shqiperia-dhe-komunizmi\/\" \/>\n<meta property=\"og:site_name\" content=\"FjALA e LIR\u00cb - Arkivi\" \/>\n<meta property=\"article:published_time\" content=\"2011-01-06T19:43:30+00:00\" \/>\n<meta name=\"author\" content=\"admin\" \/>\n<meta name=\"twitter:card\" content=\"summary_large_image\" \/>\n<meta name=\"twitter:label1\" content=\"Written by\" \/>\n\t<meta name=\"twitter:data1\" content=\"admin\" \/>\n\t<meta name=\"twitter:label2\" content=\"Est. reading time\" \/>\n\t<meta name=\"twitter:data2\" content=\"3 minutes\" \/>\n<script type=\"application\/ld+json\" class=\"yoast-schema-graph\">{\"@context\":\"https:\\\/\\\/schema.org\",\"@graph\":[{\"@type\":\"Article\",\"@id\":\"https:\\\/\\\/fjala.info\\\/2009-2015\\\/shqiperia-dhe-komunizmi\\\/#article\",\"isPartOf\":{\"@id\":\"https:\\\/\\\/fjala.info\\\/2009-2015\\\/shqiperia-dhe-komunizmi\\\/\"},\"author\":{\"name\":\"admin\",\"@id\":\"https:\\\/\\\/fjala.info\\\/2009-2015\\\/#\\\/schema\\\/person\\\/3aa1163ef05469c496fc94e77611ada2\"},\"headline\":\"Shqip\u00ebria dhe komunizmi\",\"datePublished\":\"2011-01-06T19:43:30+00:00\",\"mainEntityOfPage\":{\"@id\":\"https:\\\/\\\/fjala.info\\\/2009-2015\\\/shqiperia-dhe-komunizmi\\\/\"},\"wordCount\":697,\"commentCount\":0,\"publisher\":{\"@id\":\"https:\\\/\\\/fjala.info\\\/2009-2015\\\/#organization\"},\"articleSection\":[\"Artikuj\"],\"inLanguage\":\"sq-AL\",\"potentialAction\":[{\"@type\":\"CommentAction\",\"name\":\"Comment\",\"target\":[\"https:\\\/\\\/fjala.info\\\/2009-2015\\\/shqiperia-dhe-komunizmi\\\/#respond\"]}]},{\"@type\":\"WebPage\",\"@id\":\"https:\\\/\\\/fjala.info\\\/2009-2015\\\/shqiperia-dhe-komunizmi\\\/\",\"url\":\"https:\\\/\\\/fjala.info\\\/2009-2015\\\/shqiperia-dhe-komunizmi\\\/\",\"name\":\"Shqip\u00ebria dhe komunizmi - FjALA e LIR\u00cb - Arkivi\",\"isPartOf\":{\"@id\":\"https:\\\/\\\/fjala.info\\\/2009-2015\\\/#website\"},\"datePublished\":\"2011-01-06T19:43:30+00:00\",\"breadcrumb\":{\"@id\":\"https:\\\/\\\/fjala.info\\\/2009-2015\\\/shqiperia-dhe-komunizmi\\\/#breadcrumb\"},\"inLanguage\":\"sq-AL\",\"potentialAction\":[{\"@type\":\"ReadAction\",\"target\":[\"https:\\\/\\\/fjala.info\\\/2009-2015\\\/shqiperia-dhe-komunizmi\\\/\"]}]},{\"@type\":\"BreadcrumbList\",\"@id\":\"https:\\\/\\\/fjala.info\\\/2009-2015\\\/shqiperia-dhe-komunizmi\\\/#breadcrumb\",\"itemListElement\":[{\"@type\":\"ListItem\",\"position\":1,\"name\":\"Home\",\"item\":\"https:\\\/\\\/fjala.info\\\/2009-2015\\\/\"},{\"@type\":\"ListItem\",\"position\":2,\"name\":\"Shqip\u00ebria dhe komunizmi\"}]},{\"@type\":\"WebSite\",\"@id\":\"https:\\\/\\\/fjala.info\\\/2009-2015\\\/#website\",\"url\":\"https:\\\/\\\/fjala.info\\\/2009-2015\\\/\",\"name\":\"FjALA e LIR\u00cb - Arkivi\",\"description\":\"Arkivi 2009-2015\",\"publisher\":{\"@id\":\"https:\\\/\\\/fjala.info\\\/2009-2015\\\/#organization\"},\"potentialAction\":[{\"@type\":\"SearchAction\",\"target\":{\"@type\":\"EntryPoint\",\"urlTemplate\":\"https:\\\/\\\/fjala.info\\\/2009-2015\\\/?s={search_term_string}\"},\"query-input\":{\"@type\":\"PropertyValueSpecification\",\"valueRequired\":true,\"valueName\":\"search_term_string\"}}],\"inLanguage\":\"sq-AL\"},{\"@type\":\"Organization\",\"@id\":\"https:\\\/\\\/fjala.info\\\/2009-2015\\\/#organization\",\"name\":\"FjALA e LIR\u00cb - Arkivi\",\"url\":\"https:\\\/\\\/fjala.info\\\/2009-2015\\\/\",\"logo\":{\"@type\":\"ImageObject\",\"inLanguage\":\"sq-AL\",\"@id\":\"https:\\\/\\\/fjala.info\\\/2009-2015\\\/#\\\/schema\\\/logo\\\/image\\\/\",\"url\":\"\",\"contentUrl\":\"\",\"caption\":\"FjALA e LIR\u00cb - Arkivi\"},\"image\":{\"@id\":\"https:\\\/\\\/fjala.info\\\/2009-2015\\\/#\\\/schema\\\/logo\\\/image\\\/\"}},{\"@type\":\"Person\",\"@id\":\"https:\\\/\\\/fjala.info\\\/2009-2015\\\/#\\\/schema\\\/person\\\/3aa1163ef05469c496fc94e77611ada2\",\"name\":\"admin\",\"image\":{\"@type\":\"ImageObject\",\"inLanguage\":\"sq-AL\",\"@id\":\"https:\\\/\\\/fjala.info\\\/2009-2015\\\/wp-content\\\/uploads\\\/2012\\\/02\\\/arben_cokaj-120x150.jpg\",\"url\":\"https:\\\/\\\/fjala.info\\\/2009-2015\\\/wp-content\\\/uploads\\\/2012\\\/02\\\/arben_cokaj-120x150.jpg\",\"contentUrl\":\"https:\\\/\\\/fjala.info\\\/2009-2015\\\/wp-content\\\/uploads\\\/2012\\\/02\\\/arben_cokaj-120x150.jpg\",\"caption\":\"admin\"},\"description\":\"Admin, Fjala e Lir\u00eb\",\"sameAs\":[\"https:\\\/\\\/fjala.info\\\/\"],\"url\":\"https:\\\/\\\/fjala.info\\\/2009-2015\\\/author\\\/admin\\\/\"}]}<\/script>\n<!-- \/ Yoast SEO plugin. -->","yoast_head_json":{"title":"Shqip\u00ebria dhe komunizmi - FjALA e LIR\u00cb - Arkivi","robots":{"index":"index","follow":"follow","max-snippet":"max-snippet:-1","max-image-preview":"max-image-preview:large","max-video-preview":"max-video-preview:-1"},"canonical":"https:\/\/fjala.info\/2009-2015\/shqiperia-dhe-komunizmi\/","og_locale":"sq_AL","og_type":"article","og_title":"Shqip\u00ebria dhe komunizmi - FjALA e LIR\u00cb - Arkivi","og_description":"Nga Daniel Ursprung, Neue Z\u00fcrcher Zeitung &#8211; 06.01.2011 Asnj\u00eb vend tjet\u00ebr n\u00eb Europ\u00ebn Lindore nuk ka kaq shum\u00eb monumente, ndoshta edhe t\u00eb pavullnetshme, q\u00eb t\u00eb kujtojn\u00eb sundimin komunist si n\u00eb Shqip\u00ebri. N\u00eb asnj\u00eb vend tjet\u00ebr t\u00eb Europ\u00ebs Lindore nuk ekzistojn\u00eb kaq pak studime serioze n\u00eb lidhje me periudh\u00ebn e socializmit si n\u00eb Shqip\u00ebri &#8211; nuk [&hellip;]","og_url":"https:\/\/fjala.info\/2009-2015\/shqiperia-dhe-komunizmi\/","og_site_name":"FjALA e LIR\u00cb - Arkivi","article_published_time":"2011-01-06T19:43:30+00:00","author":"admin","twitter_card":"summary_large_image","twitter_misc":{"Written by":"admin","Est. reading time":"3 minutes"},"schema":{"@context":"https:\/\/schema.org","@graph":[{"@type":"Article","@id":"https:\/\/fjala.info\/2009-2015\/shqiperia-dhe-komunizmi\/#article","isPartOf":{"@id":"https:\/\/fjala.info\/2009-2015\/shqiperia-dhe-komunizmi\/"},"author":{"name":"admin","@id":"https:\/\/fjala.info\/2009-2015\/#\/schema\/person\/3aa1163ef05469c496fc94e77611ada2"},"headline":"Shqip\u00ebria dhe komunizmi","datePublished":"2011-01-06T19:43:30+00:00","mainEntityOfPage":{"@id":"https:\/\/fjala.info\/2009-2015\/shqiperia-dhe-komunizmi\/"},"wordCount":697,"commentCount":0,"publisher":{"@id":"https:\/\/fjala.info\/2009-2015\/#organization"},"articleSection":["Artikuj"],"inLanguage":"sq-AL","potentialAction":[{"@type":"CommentAction","name":"Comment","target":["https:\/\/fjala.info\/2009-2015\/shqiperia-dhe-komunizmi\/#respond"]}]},{"@type":"WebPage","@id":"https:\/\/fjala.info\/2009-2015\/shqiperia-dhe-komunizmi\/","url":"https:\/\/fjala.info\/2009-2015\/shqiperia-dhe-komunizmi\/","name":"Shqip\u00ebria dhe komunizmi - FjALA e LIR\u00cb - Arkivi","isPartOf":{"@id":"https:\/\/fjala.info\/2009-2015\/#website"},"datePublished":"2011-01-06T19:43:30+00:00","breadcrumb":{"@id":"https:\/\/fjala.info\/2009-2015\/shqiperia-dhe-komunizmi\/#breadcrumb"},"inLanguage":"sq-AL","potentialAction":[{"@type":"ReadAction","target":["https:\/\/fjala.info\/2009-2015\/shqiperia-dhe-komunizmi\/"]}]},{"@type":"BreadcrumbList","@id":"https:\/\/fjala.info\/2009-2015\/shqiperia-dhe-komunizmi\/#breadcrumb","itemListElement":[{"@type":"ListItem","position":1,"name":"Home","item":"https:\/\/fjala.info\/2009-2015\/"},{"@type":"ListItem","position":2,"name":"Shqip\u00ebria dhe komunizmi"}]},{"@type":"WebSite","@id":"https:\/\/fjala.info\/2009-2015\/#website","url":"https:\/\/fjala.info\/2009-2015\/","name":"FjALA e LIR\u00cb - Arkivi","description":"Arkivi 2009-2015","publisher":{"@id":"https:\/\/fjala.info\/2009-2015\/#organization"},"potentialAction":[{"@type":"SearchAction","target":{"@type":"EntryPoint","urlTemplate":"https:\/\/fjala.info\/2009-2015\/?s={search_term_string}"},"query-input":{"@type":"PropertyValueSpecification","valueRequired":true,"valueName":"search_term_string"}}],"inLanguage":"sq-AL"},{"@type":"Organization","@id":"https:\/\/fjala.info\/2009-2015\/#organization","name":"FjALA e LIR\u00cb - Arkivi","url":"https:\/\/fjala.info\/2009-2015\/","logo":{"@type":"ImageObject","inLanguage":"sq-AL","@id":"https:\/\/fjala.info\/2009-2015\/#\/schema\/logo\/image\/","url":"","contentUrl":"","caption":"FjALA e LIR\u00cb - Arkivi"},"image":{"@id":"https:\/\/fjala.info\/2009-2015\/#\/schema\/logo\/image\/"}},{"@type":"Person","@id":"https:\/\/fjala.info\/2009-2015\/#\/schema\/person\/3aa1163ef05469c496fc94e77611ada2","name":"admin","image":{"@type":"ImageObject","inLanguage":"sq-AL","@id":"https:\/\/fjala.info\/2009-2015\/wp-content\/uploads\/2012\/02\/arben_cokaj-120x150.jpg","url":"https:\/\/fjala.info\/2009-2015\/wp-content\/uploads\/2012\/02\/arben_cokaj-120x150.jpg","contentUrl":"https:\/\/fjala.info\/2009-2015\/wp-content\/uploads\/2012\/02\/arben_cokaj-120x150.jpg","caption":"admin"},"description":"Admin, Fjala e Lir\u00eb","sameAs":["https:\/\/fjala.info\/"],"url":"https:\/\/fjala.info\/2009-2015\/author\/admin\/"}]}},"_links":{"self":[{"href":"https:\/\/fjala.info\/2009-2015\/wp-json\/wp\/v2\/posts\/5550","targetHints":{"allow":["GET"]}}],"collection":[{"href":"https:\/\/fjala.info\/2009-2015\/wp-json\/wp\/v2\/posts"}],"about":[{"href":"https:\/\/fjala.info\/2009-2015\/wp-json\/wp\/v2\/types\/post"}],"author":[{"embeddable":true,"href":"https:\/\/fjala.info\/2009-2015\/wp-json\/wp\/v2\/users\/1"}],"replies":[{"embeddable":true,"href":"https:\/\/fjala.info\/2009-2015\/wp-json\/wp\/v2\/comments?post=5550"}],"version-history":[{"count":0,"href":"https:\/\/fjala.info\/2009-2015\/wp-json\/wp\/v2\/posts\/5550\/revisions"}],"wp:attachment":[{"href":"https:\/\/fjala.info\/2009-2015\/wp-json\/wp\/v2\/media?parent=5550"}],"wp:term":[{"taxonomy":"category","embeddable":true,"href":"https:\/\/fjala.info\/2009-2015\/wp-json\/wp\/v2\/categories?post=5550"},{"taxonomy":"post_tag","embeddable":true,"href":"https:\/\/fjala.info\/2009-2015\/wp-json\/wp\/v2\/tags?post=5550"}],"curies":[{"name":"wp","href":"https:\/\/api.w.org\/{rel}","templated":true}]}}