{"id":5546,"date":"2011-01-06T20:35:43","date_gmt":"2011-01-06T19:35:43","guid":{"rendered":"http:\/\/fjala.shkoder.net\/?p=5546"},"modified":"2011-01-06T20:35:43","modified_gmt":"2011-01-06T19:35:43","slug":"kur-te-jep-mend-dhe-taci-e-kur-vjollca-vokshi-behet-perendi","status":"publish","type":"post","link":"https:\/\/fjala.info\/2009-2015\/kur-te-jep-mend-dhe-taci-e-kur-vjollca-vokshi-behet-perendi\/","title":{"rendered":"Kur t\u00eb jep mend dhe Ta\u00e7i&#8230; e kur Vjollca Vokshi b\u00ebhet per\u00ebndi"},"content":{"rendered":"<p><strong>Mimoza Dervishi<\/strong>, <em>06.01.2011<\/em><\/p>\n<p>Ta\u00e7i \u00ebsht\u00eb nj\u00eb biznesmen qeveritar, shoq\u00ebrues i &#8220;par\u00eb&#8221; i Liri Berish\u00ebs, pronar i nj\u00eb televizioni pa z\u00eb n\u00eb Tiran\u00eb, por mbi t\u00eb gjitha \u00ebsht\u00eb nj\u00eb njeri q\u00eb ka goditur nj\u00eb koleg gazetar vitin q\u00eb shkoi n\u00eb prani t\u00eb dy koleg\u00ebve t\u00eb tjer\u00eb. Kjo ngjarje m\u00eb detyroi t\u00eb shkoja n\u00eb protest\u00eb para Kryeministris\u00eb bashk\u00eb me 400 koleg\u00eb dhe njer\u00ebz t\u00eb shoq\u00ebris\u00eb civile. Aty d\u00ebgjoja q\u00eb n\u00ebse ndonj\u00eb gazetar nuk ishte prezent, kjo ndodhte sepse kishte marr\u00eb ndonj\u00eb 2 mij\u00eb lek\u00ebsh n\u00ebn dor\u00eb nga ky person, n\u00eb form\u00ebn, t\u00eb kuptohemi, t\u00eb reklam\u00ebs p\u00ebr gazet\u00ebn p\u00ebrkat\u00ebse. Protesta jon\u00eb ishte kund\u00ebr dhun\u00ebs ndaj gazetar\u00ebve, dhun\u00ebs q\u00eb ushtrojn\u00eb njer\u00ebzit pran\u00eb pushtetit, e cila mua, q\u00eb n\u00eb at\u00eb moment kthehesha n\u00eb Shqip\u00ebri pas 10 vitesh, m\u00eb goditi shum\u00eb her\u00eb m\u00eb keq sesa ajo dhun\u00eb e ngjashme q\u00eb kisha provuar kur kisha l\u00ebn\u00eb Shqip\u00ebrin\u00eb. Ndaj, revolta ime ishte dyfish.<\/p>\n<p>Kur para dy jav\u00ebsh botova n\u00eb \u201cShqip\u201d artikullin: &#8220;Media si fatkeq\u00ebsi natyrore&#8221;, e vetmja gj\u00eb q\u00eb nuk kisha parashikuar, ishte q\u00eb mbi llumin ku \u00ebsht\u00eb zhytur media, kaq shpejt do lul\u00ebzonin analist\u00eb t\u00eb &#8220;rinj&#8221; dhe &#8220;ikona&#8221; t\u00eb vjetra.<\/p>\n<p>Ta\u00e7i \u00ebsht\u00eb nj\u00eb i till\u00eb, q\u00eb na shfaqet n\u00eb form\u00eb editorialesh tashm\u00eb n\u00eb gazetat kryesore t\u00eb Tiran\u00ebs. Pa i hyr\u00eb pasuris\u00eb s\u00eb dyshimt\u00eb t\u00eb tij, mua m\u00eb mjafton fakti q\u00eb ky njeri fare af\u00ebr pushtetit godet gazetarin Mero Baze, m\u00eb kritikun ndaj zullumeve t\u00eb qeveris\u00eb sot, p\u00ebr t\u2019ju th\u00ebn\u00eb se ky \u00ebsht\u00eb nj\u00eb turp q\u00eb nuk mbahet. Sikur t\u00eb kishte k\u00ebrkuar ndjes\u00eb dhe t\u00eb shfaqej si i penduar n\u00eb artikullin n\u00eb fjal\u00eb, ndoshta nuk do e merrja mundimin t\u00eb shkruaja. Do m\u00eb dukej nj\u00eb hipokrizi e p\u00ebshtir\u00eb, gjithsesi, por t\u00eb pakt\u00ebn nuk do b\u00ebja me faj as kryeredaktor\u00ebt q\u00eb kan\u00eb botuar shkrimin e tij, dhe as gazetar\u00ebt q\u00eb heshtin p\u00ebrball\u00eb k\u00ebsaj gj\u00ebme. \u00cbsht\u00eb gj\u00ebm\u00eb e madhe, sepse nj\u00eb agresor dhe armik i medias guxon t\u00eb na jap\u00eb mend dhe t\u00eb na tregoj\u00eb se si duhet t\u00eb shkruajm\u00eb. E gjitha kjo p\u00ebrmes fjalive t\u00eb tij gjysmake e pa bosht, q\u00eb nuk e di pse m\u00eb vinin era naft\u00eb, nga ajo q\u00eb t\u00eb p\u00ebrzien zorr\u00ebt se \u00ebsht\u00eb e p\u00ebrzier\u00eb dhe me gj\u00ebra t\u00eb tjera.<\/p>\n<p>Menj\u00ebher\u00eb pas burgimit t\u00eb vonuar, lirimit dhe Liris\u00eb autike, ai u b\u00eb pronar i nj\u00eb televizioni t\u00eb dor\u00ebs s\u00eb dyt\u00eb n\u00eb Tiran\u00eb. Ky ishte lajm i trishtuar, sado q\u00eb televizionin as e shihte, as e sheh kush. Njer\u00ebz t\u00eb till\u00eb thjesht b\u00ebhen megafon\u00eb t\u00eb pushtetit dhe pasi kan\u00eb b\u00ebr\u00eb e \u00e7&#8217;kan\u00eb b\u00ebr\u00eb, duan t\u00eb vishen dhe me &#8220;imunitet&#8221; gazetari p\u00ebr t\u00eb mbrojtur zullumet e tyre. Kjo \u00ebsht\u00eb histori jo e pazakont\u00eb n\u00eb Shqip\u00ebri sot, madje \u00ebsht\u00eb kthyer n\u00eb normalitet. Por, \u00ebsht\u00eb dramatike. Ato koh\u00eb d\u00ebgjoja q\u00eb paradhoma e TV \u2018Alsat\u2019 ishte mbipopulluar nga familjar\u00eb t\u00eb Ta\u00e7it, dhe ma do mendja q\u00eb k\u00ebshtu vazhdon. Ka mund\u00ebsi q\u00eb kronik\u00ebn e zez\u00eb aty e b\u00ebn gjyshja, dhe k\u00ebt\u00eb shkrimin q\u00eb i pash\u00eb Ta\u00e7it tek &#8220;Panorama&#8221; t&#8217;ia ket\u00eb redaktuar vjehrra. Nuk po i hyj fare \u00e7far\u00eb niveli ishte ai shkrim, koment apo analiz\u00eb (hajt u b\u00eb deti kos), quajeni \u00e7&#8217;t\u00eb doni. Do ishte turp i madh po t\u00eb merresha me k\u00ebt\u00eb pun\u00eb.<\/p>\n<p>Por, nuk rri dot pa folur dhe pa th\u00ebn\u00eb se ndjehem shum\u00eb e ofenduar q\u00eb nj\u00eb njeri i till\u00eb, i p\u00ebrfolur p\u00ebr para t\u00eb pista dhe skandale edhe p\u00ebrtej kufijve t\u00eb Shqip\u00ebris\u00eb, nj\u00eb agresor i fjal\u00ebs s\u00eb lir\u00eb dhe dhunues ordiner fizik i gazetar\u00ebve, t\u00eb guxoj\u00eb t\u00eb na jap\u00eb mend e t\u00eb na tregoj\u00eb se \u00e7far\u00eb imazhi duhet t\u00eb p\u00ebrcjellim ne p\u00ebr bot\u00ebn. As propagand\u00eb komuniste s&#8217;ia v\u00eb dot emrin \u00e7orb\u00ebs s\u00eb shpifur q\u00eb kishte katranosur. Por, ajo q\u00eb m\u00eb merakos \u00ebsht\u00eb se ky dhe t\u00eb ngjash\u00ebm nuk e kan\u00eb hallin tek koha p\u00ebr bashkim, as tek imazhi i vendit, q\u00eb njer\u00ebz si ky e kan\u00eb p\u00ebrdhosur nj\u00ebher\u00eb e mir\u00eb, por synimi \u00ebsht\u00eb t\u00eb na tregoj\u00eb q\u00eb tani ka ardhur koha e tij, madje dhe mediatike.<\/p>\n<p>T\u00eb g\u00eblltisim gjith\u00e7ka: b\u00ebmat e Ta\u00e7it, aferat e tij korruptive, grushtet, petkun e tij t\u00eb shpifur mediatik dhe ta l\u00ebm\u00eb t\u00eb lir\u00eb at\u00eb dhe t\u00eb tjer\u00eb. Mos guxojm\u00eb t\u00eb flasim e t\u00eb kritikojm\u00eb, se p\u00ebrkeq\u00ebsojm\u00eb imazhin pozitiv q\u00eb Shqip\u00ebria duhet t\u00eb ket\u00eb n\u00ebp\u00ebr bot\u00eb. Dhe, imazhi i Shqip\u00ebris\u00eb sot \u00ebsht\u00eb pik\u00ebrisht fytyra e Ta\u00e7it, biznesmen, gazetar, kolumnist, bamir\u00ebsist, \u00e7\u2019doni m\u00eb. T\u00eb gjitha di t\u2019i b\u00ebj\u00eb, madje t\u00eb l\u00ebshoj\u00eb edhe mesazhe bashkimi, madje t\u00eb kritikoj\u00eb aq pak z\u00ebra sa kan\u00eb mbetur n\u00eb media.<\/p>\n<p>Ndjenja e tmerrshme q\u00eb provoja kur lexoja editorialin &#8220;ta\u00e7ist&#8221; vinte menj\u00ebher\u00eb pas ndjesis\u00eb aspak t\u00eb k\u00ebndshme q\u00eb m\u00eb ishte krijuar tek lexoja nj\u00eb lajm tjet\u00ebr, shum\u00eb- shum\u00eb t\u00eb madh:<\/p>\n<p>Ladies and Gentlemen: Vjollca Vokshi is back. Vet\u00eb ajo, Vjollca Vokshi kishte mb\u00ebrritur n\u00eb Tiran\u00eb dhe vet\u00eb ai, Berisha e kishte takuar dhe l\u00ebvduar. Ishte krijuar nj\u00eb ceremoni e t\u00ebr\u00eb si p\u00ebr t\u2019i dh\u00ebn\u00eb nj\u00eb shans dyshes se famshme t\u00eb 1997-\u00ebs t\u00eb lundronin n\u00eb nostalgjin\u00eb e t\u00eb shkuar\u00ebs s\u00eb lavdishme q\u00eb dogji Shqip\u00ebrin\u00eb. Ai nga goja e tij nxori pak a shum\u00eb fjalin\u00eb se, Vjollca kishte themeluar gazetarin\u00eb q\u00eb kishim sot n\u00eb Shqip\u00ebri. P\u00ebr her\u00eb t\u00eb par\u00eb i dhash\u00eb t\u00eb drejt\u00eb!<\/p>\n<p>Ikon\u00eb e shkuar, ikon\u00eb e p\u00ebrshkruanin gazetat. Megjithat\u00eb, s&#8217;ma do mendja q\u00eb t\u00eb gjith\u00eb gazetar\u00ebt apo kryeredaktor\u00ebt jan\u00eb aq t\u00eb rinj n\u00eb mosh\u00eb, sa mos e mbajn\u00eb mend se kush n\u00eb t\u00eb v\u00ebrtet\u00eb ishte Vjollca Vokshi. Ishte thjesht nj\u00eb spikere pa shkoll\u00eb apo talent gazetari, por me dhuntin\u00eb q\u00eb t\u00eb mbante mend p\u00ebrmend\u00ebsh dhe t\u00eb b\u00ebnte teat\u00ebr para kamer\u00ebs. Shpejt u b\u00eb njeriu m\u00eb i r\u00ebnd\u00ebsish\u00ebm i televizionit t\u00eb vet\u00ebm n\u00eb Shqip\u00ebri: &#8220;vriste&#8221; e &#8220;priste&#8221; si t\u2019i donte qejfi dhe ishte tmerri i korridoreve p\u00ebr k\u00ebdo q\u00eb punonte aty ato koh\u00eb. Arsyeja? Shum\u00eb e thjesht\u00eb: E kam th\u00ebn\u00eb dikur me nj\u00eb fjali t\u00eb vetme n\u00eb nj\u00eb nga numrat e ish-gazet\u00ebs &#8220;Koha Jon\u00eb&#8221; n\u00eb 1997-\u00ebn, dhe e ndiej p\u00ebr detyr\u00eb ta p\u00ebrs\u00ebris prap\u00eb: &#8220;Vjollca Vokshi kalon n\u00eb orgaz\u00ebm kur p\u00ebrmend Berish\u00ebn dhe sukseset e PD-s\u00eb&#8221;.<\/p>\n<p>Ndjes\u00eb q\u00eb po citoj veten, por nuk gjej ende pas 13 vjet\u00ebsh p\u00ebrcaktim tjet\u00ebr p\u00ebr t\u00eb p\u00ebrshkruar se \u00e7far\u00eb b\u00ebri dhe kush ishte ky personazh. Gjithashtu, trishtohem kur sjell bashk\u00eb dy epokat. Ato ishin koh\u00ebrat kur gazetar\u00ebt futeshin n\u00ebp\u00ebr burgje dhe gazetat digjeshin, dhe e kuptoja shum\u00eb mir\u00eb pse shum\u00eb kishin frik\u00eb t\u00eb flisnin. M\u00eb kujtohet se pas atij shkrimi, p\u00ebrve\u00e7 agresionit, fiks si t\u00eb llojit t\u00eb Ta\u00e7it, q\u00eb fatmir\u00ebsisht mbeti n\u00eb tentativ\u00eb dhe grushti nuk arriti deri tek un\u00eb, shum\u00eb njer\u00ebz q\u00eb punonin n\u00eb TVSH m\u00eb takonin fshehurazi dhe m\u00eb p\u00ebrg\u00ebzonin, sepse u kishte ardhur n\u00eb maj\u00eb t\u00eb hund\u00ebs diktatura e Vokshit. Prova q\u00eb Shqip\u00ebria \u00ebsht\u00eb n\u00ebn t\u00eb nj\u00ebjt\u00ebn dhun\u00eb frike dhe presioni, \u00ebsht\u00eb heshtja e atyre q\u00eb i din\u00eb mir\u00eb faktet p\u00ebr Vokshin e t\u00eb tjer\u00eb. Ndaj, mendoj q\u00eb ashtu si dikur dhe sot m\u00eb duhet t\u00eb flas akoma, edhe p\u00ebr hir t\u00eb atyre njer\u00ebzve fisnik\u00eb dhe t\u00eb talentuar t\u00eb TVSH-s\u00eb dhe t\u00eb shoq\u00ebris\u00eb civile q\u00eb i din\u00eb t\u00eb gjitha dhe q\u00eb kan\u00eb vendosur t\u00eb heshtin p\u00ebr arsyet e tyre.<\/p>\n<p>Vokshi ishte nj\u00eb njeri propagandistik si zgjatim i deklamacionit komunist, n\u00eb nj\u00eb televizion shtet\u00ebror dhe t\u00eb vetmin e asaj kohe. Ishte nj\u00eb spikere q\u00eb u shnd\u00ebrrua n\u00eb nj\u00eb megafon berishist p\u00ebr t\u00eb shtremb\u00ebruar t\u00eb v\u00ebrtet\u00ebn dhe p\u00ebr t\u00eb th\u00ebn\u00eb q\u00eb Lushnja apo Vlora jan\u00eb n\u00eb paqe, kur k\u00ebto qytete digjeshin dhe njer\u00ebzit vriteshin. Po t\u00eb mos ishte koh\u00eb lufte dhe t\u00eb kishte pasur gazetari investigative qysh at\u00ebher\u00eb, ose t\u00eb pakt\u00ebn sikur vet\u00ebm &#8220;Fiksi&#8221; t\u00eb ekzistonte, nuk \u00ebsht\u00eb \u00e7udi q\u00eb t\u00eb kapnin mat pamje t\u00eb t\u00eb ashtuquajtur\u00ebs gazetare e madhe duke b\u00ebr\u00eb kontraband\u00eb apo biznese me fytyr\u00ebn dhe pasaport\u00ebn e burrnesh\u00ebs s\u00eb Televizionit Shqiptar. P\u00ebrpos gj\u00ebrave t\u00eb tjera&#8230;<\/p>\n<p>Korrupsioni dhe agresioni, t\u00eb dashur lexues, nuk lindi me Ta\u00e7in, ai nuk \u00ebsht\u00eb as i pari, as i fundit, ka lindur shum\u00eb e shum\u00eb her\u00ebt n\u00eb Shqip\u00ebrin\u00eb e postkomunizmit, ose m\u00eb sakt\u00eb n\u00eb Shqip\u00ebrin\u00eb e Berish\u00ebs. Por, fatkeq\u00ebsia \u00ebsht\u00eb q\u00eb Shqip\u00ebria \u00ebsht\u00eb nj\u00eb vend pa ligj, pa drejt\u00ebsi, q\u00eb drejtohet nga batak\u00e7inj dhe q\u00eb s\u00eb fundmi \u00ebsht\u00eb dhe nj\u00eb vend pa media. Shumica e atyre q\u00eb shihni n\u00ebp\u00ebr ekrane nuk jan\u00eb gazetar\u00eb, jan\u00eb pasardh\u00ebsit tranvestit\u00eb t\u00eb Vjollca Vokshit, jan\u00eb aty p\u00ebr t\u00eb reklamuar veshjet, or\u00ebt si edhe sukseset e qeveris\u00eb.<\/p>\n<p>Po nuk ja vlen as marrja me nj\u00eb em\u00ebr t\u00eb till\u00eb, p\u00ebrve\u00e7se p\u00ebr t\u2019ju kujtuar se ka njollosur gazetarin\u00eb e atyre viteve dhe ka krijuar nj\u00eb model t\u00eb keq q\u00eb shihet ende n\u00ebp\u00ebr televizionet proqeveritare. T\u00eb ndjek\u00ebsh nj\u00eb model mund t\u00eb ting\u00eblloj\u00eb mir\u00eb, por ama kur ky \u00ebsht\u00eb modeli i mir\u00eb. Kur \u00ebsht\u00eb modeli m\u00eb i sh\u00ebmtuar i mundsh\u00ebm, kjo \u00ebsht\u00eb e trishtueshme. Ndaj, lutje p\u00ebr koleg\u00ebt gazetar\u00eb t\u00eb t\u00eb gjitha kronikave, q\u00eb mos p\u00ebrdorin m\u00eb fjal\u00ebn ikon\u00eb p\u00ebr at\u00eb apo p\u00ebr k\u00ebdo tjet\u00ebr n\u00eb Shqip\u00ebri. Nuk ka ardhur ende koha e ikonave n\u00eb gazetarin\u00eb shqiptare. Dhe, duke e p\u00ebrdorur kaq dendur k\u00ebt\u00eb fjal\u00eb, po m\u00eb duken t\u00eb gjith\u00eb sikur jan\u00eb lindur dhe rritur n\u00eb Vi\u00e7idol, mes malit, pyllit dhe garrumit me misra para syve. Lutje dhe p\u00ebr kryeredaktor\u00ebt q\u00eb botojn\u00eb pa\u00e7avuret e turpshme t\u00eb nj\u00eb agresori: Mjaft se na hap\u00ebt barkun!<\/p>\n","protected":false},"excerpt":{"rendered":"<p>Mimoza Dervishi, 06.01.2011 Ta\u00e7i \u00ebsht\u00eb nj\u00eb biznesmen qeveritar, shoq\u00ebrues i &#8220;par\u00eb&#8221; i Liri Berish\u00ebs, pronar i nj\u00eb televizioni pa z\u00eb n\u00eb Tiran\u00eb, por mbi t\u00eb gjitha \u00ebsht\u00eb nj\u00eb njeri q\u00eb ka goditur nj\u00eb koleg gazetar vitin q\u00eb shkoi n\u00eb prani t\u00eb dy koleg\u00ebve t\u00eb tjer\u00eb. Kjo ngjarje m\u00eb detyroi t\u00eb shkoja n\u00eb protest\u00eb para Kryeministris\u00eb [&hellip;]<\/p>\n","protected":false},"author":1,"featured_media":0,"comment_status":"open","ping_status":"closed","sticky":false,"template":"","format":"standard","meta":{"footnotes":""},"categories":[2],"tags":[],"class_list":{"0":"post-5546","1":"post","2":"type-post","3":"status-publish","4":"format-standard","6":"category-artikuj"},"yoast_head":"<!-- This site is optimized with the Yoast SEO plugin v27.4 - https:\/\/yoast.com\/product\/yoast-seo-wordpress\/ -->\n<title>Kur t\u00eb jep mend dhe Ta\u00e7i... e kur Vjollca Vokshi b\u00ebhet per\u00ebndi - FjALA e LIR\u00cb - Arkivi<\/title>\n<meta name=\"robots\" content=\"index, follow, max-snippet:-1, max-image-preview:large, max-video-preview:-1\" \/>\n<link rel=\"canonical\" href=\"https:\/\/fjala.info\/2009-2015\/kur-te-jep-mend-dhe-taci-e-kur-vjollca-vokshi-behet-perendi\/\" \/>\n<meta property=\"og:locale\" content=\"sq_AL\" \/>\n<meta property=\"og:type\" content=\"article\" \/>\n<meta property=\"og:title\" content=\"Kur t\u00eb jep mend dhe Ta\u00e7i... e kur Vjollca Vokshi b\u00ebhet per\u00ebndi - FjALA e LIR\u00cb - Arkivi\" \/>\n<meta property=\"og:description\" content=\"Mimoza Dervishi, 06.01.2011 Ta\u00e7i \u00ebsht\u00eb nj\u00eb biznesmen qeveritar, shoq\u00ebrues i &#8220;par\u00eb&#8221; i Liri Berish\u00ebs, pronar i nj\u00eb televizioni pa z\u00eb n\u00eb Tiran\u00eb, por mbi t\u00eb gjitha \u00ebsht\u00eb nj\u00eb njeri q\u00eb ka goditur nj\u00eb koleg gazetar vitin q\u00eb shkoi n\u00eb prani t\u00eb dy koleg\u00ebve t\u00eb tjer\u00eb. Kjo ngjarje m\u00eb detyroi t\u00eb shkoja n\u00eb protest\u00eb para Kryeministris\u00eb [&hellip;]\" \/>\n<meta property=\"og:url\" content=\"https:\/\/fjala.info\/2009-2015\/kur-te-jep-mend-dhe-taci-e-kur-vjollca-vokshi-behet-perendi\/\" \/>\n<meta property=\"og:site_name\" content=\"FjALA e LIR\u00cb - Arkivi\" \/>\n<meta property=\"article:published_time\" content=\"2011-01-06T19:35:43+00:00\" \/>\n<meta name=\"author\" content=\"admin\" \/>\n<meta name=\"twitter:card\" content=\"summary_large_image\" \/>\n<meta name=\"twitter:label1\" content=\"Written by\" \/>\n\t<meta name=\"twitter:data1\" content=\"admin\" \/>\n\t<meta name=\"twitter:label2\" content=\"Est. reading time\" \/>\n\t<meta name=\"twitter:data2\" content=\"8 minutes\" \/>\n<script type=\"application\/ld+json\" class=\"yoast-schema-graph\">{\"@context\":\"https:\\\/\\\/schema.org\",\"@graph\":[{\"@type\":\"Article\",\"@id\":\"https:\\\/\\\/fjala.info\\\/2009-2015\\\/kur-te-jep-mend-dhe-taci-e-kur-vjollca-vokshi-behet-perendi\\\/#article\",\"isPartOf\":{\"@id\":\"https:\\\/\\\/fjala.info\\\/2009-2015\\\/kur-te-jep-mend-dhe-taci-e-kur-vjollca-vokshi-behet-perendi\\\/\"},\"author\":{\"name\":\"admin\",\"@id\":\"https:\\\/\\\/fjala.info\\\/2009-2015\\\/#\\\/schema\\\/person\\\/3aa1163ef05469c496fc94e77611ada2\"},\"headline\":\"Kur t\u00eb jep mend dhe Ta\u00e7i&#8230; e kur Vjollca Vokshi b\u00ebhet per\u00ebndi\",\"datePublished\":\"2011-01-06T19:35:43+00:00\",\"mainEntityOfPage\":{\"@id\":\"https:\\\/\\\/fjala.info\\\/2009-2015\\\/kur-te-jep-mend-dhe-taci-e-kur-vjollca-vokshi-behet-perendi\\\/\"},\"wordCount\":1717,\"commentCount\":0,\"publisher\":{\"@id\":\"https:\\\/\\\/fjala.info\\\/2009-2015\\\/#organization\"},\"articleSection\":[\"Artikuj\"],\"inLanguage\":\"sq-AL\",\"potentialAction\":[{\"@type\":\"CommentAction\",\"name\":\"Comment\",\"target\":[\"https:\\\/\\\/fjala.info\\\/2009-2015\\\/kur-te-jep-mend-dhe-taci-e-kur-vjollca-vokshi-behet-perendi\\\/#respond\"]}]},{\"@type\":\"WebPage\",\"@id\":\"https:\\\/\\\/fjala.info\\\/2009-2015\\\/kur-te-jep-mend-dhe-taci-e-kur-vjollca-vokshi-behet-perendi\\\/\",\"url\":\"https:\\\/\\\/fjala.info\\\/2009-2015\\\/kur-te-jep-mend-dhe-taci-e-kur-vjollca-vokshi-behet-perendi\\\/\",\"name\":\"Kur t\u00eb jep mend dhe Ta\u00e7i... e kur Vjollca Vokshi b\u00ebhet per\u00ebndi - FjALA e LIR\u00cb - Arkivi\",\"isPartOf\":{\"@id\":\"https:\\\/\\\/fjala.info\\\/2009-2015\\\/#website\"},\"datePublished\":\"2011-01-06T19:35:43+00:00\",\"breadcrumb\":{\"@id\":\"https:\\\/\\\/fjala.info\\\/2009-2015\\\/kur-te-jep-mend-dhe-taci-e-kur-vjollca-vokshi-behet-perendi\\\/#breadcrumb\"},\"inLanguage\":\"sq-AL\",\"potentialAction\":[{\"@type\":\"ReadAction\",\"target\":[\"https:\\\/\\\/fjala.info\\\/2009-2015\\\/kur-te-jep-mend-dhe-taci-e-kur-vjollca-vokshi-behet-perendi\\\/\"]}]},{\"@type\":\"BreadcrumbList\",\"@id\":\"https:\\\/\\\/fjala.info\\\/2009-2015\\\/kur-te-jep-mend-dhe-taci-e-kur-vjollca-vokshi-behet-perendi\\\/#breadcrumb\",\"itemListElement\":[{\"@type\":\"ListItem\",\"position\":1,\"name\":\"Home\",\"item\":\"https:\\\/\\\/fjala.info\\\/2009-2015\\\/\"},{\"@type\":\"ListItem\",\"position\":2,\"name\":\"Kur t\u00eb jep mend dhe Ta\u00e7i&#8230; e kur Vjollca Vokshi b\u00ebhet per\u00ebndi\"}]},{\"@type\":\"WebSite\",\"@id\":\"https:\\\/\\\/fjala.info\\\/2009-2015\\\/#website\",\"url\":\"https:\\\/\\\/fjala.info\\\/2009-2015\\\/\",\"name\":\"FjALA e LIR\u00cb - Arkivi\",\"description\":\"Arkivi 2009-2015\",\"publisher\":{\"@id\":\"https:\\\/\\\/fjala.info\\\/2009-2015\\\/#organization\"},\"potentialAction\":[{\"@type\":\"SearchAction\",\"target\":{\"@type\":\"EntryPoint\",\"urlTemplate\":\"https:\\\/\\\/fjala.info\\\/2009-2015\\\/?s={search_term_string}\"},\"query-input\":{\"@type\":\"PropertyValueSpecification\",\"valueRequired\":true,\"valueName\":\"search_term_string\"}}],\"inLanguage\":\"sq-AL\"},{\"@type\":\"Organization\",\"@id\":\"https:\\\/\\\/fjala.info\\\/2009-2015\\\/#organization\",\"name\":\"FjALA e LIR\u00cb - Arkivi\",\"url\":\"https:\\\/\\\/fjala.info\\\/2009-2015\\\/\",\"logo\":{\"@type\":\"ImageObject\",\"inLanguage\":\"sq-AL\",\"@id\":\"https:\\\/\\\/fjala.info\\\/2009-2015\\\/#\\\/schema\\\/logo\\\/image\\\/\",\"url\":\"\",\"contentUrl\":\"\",\"caption\":\"FjALA e LIR\u00cb - Arkivi\"},\"image\":{\"@id\":\"https:\\\/\\\/fjala.info\\\/2009-2015\\\/#\\\/schema\\\/logo\\\/image\\\/\"}},{\"@type\":\"Person\",\"@id\":\"https:\\\/\\\/fjala.info\\\/2009-2015\\\/#\\\/schema\\\/person\\\/3aa1163ef05469c496fc94e77611ada2\",\"name\":\"admin\",\"image\":{\"@type\":\"ImageObject\",\"inLanguage\":\"sq-AL\",\"@id\":\"https:\\\/\\\/fjala.info\\\/2009-2015\\\/wp-content\\\/uploads\\\/2012\\\/02\\\/arben_cokaj-120x150.jpg\",\"url\":\"https:\\\/\\\/fjala.info\\\/2009-2015\\\/wp-content\\\/uploads\\\/2012\\\/02\\\/arben_cokaj-120x150.jpg\",\"contentUrl\":\"https:\\\/\\\/fjala.info\\\/2009-2015\\\/wp-content\\\/uploads\\\/2012\\\/02\\\/arben_cokaj-120x150.jpg\",\"caption\":\"admin\"},\"description\":\"Admin, Fjala e Lir\u00eb\",\"sameAs\":[\"https:\\\/\\\/fjala.info\\\/\"],\"url\":\"https:\\\/\\\/fjala.info\\\/2009-2015\\\/author\\\/admin\\\/\"}]}<\/script>\n<!-- \/ Yoast SEO plugin. -->","yoast_head_json":{"title":"Kur t\u00eb jep mend dhe Ta\u00e7i... e kur Vjollca Vokshi b\u00ebhet per\u00ebndi - FjALA e LIR\u00cb - Arkivi","robots":{"index":"index","follow":"follow","max-snippet":"max-snippet:-1","max-image-preview":"max-image-preview:large","max-video-preview":"max-video-preview:-1"},"canonical":"https:\/\/fjala.info\/2009-2015\/kur-te-jep-mend-dhe-taci-e-kur-vjollca-vokshi-behet-perendi\/","og_locale":"sq_AL","og_type":"article","og_title":"Kur t\u00eb jep mend dhe Ta\u00e7i... e kur Vjollca Vokshi b\u00ebhet per\u00ebndi - FjALA e LIR\u00cb - Arkivi","og_description":"Mimoza Dervishi, 06.01.2011 Ta\u00e7i \u00ebsht\u00eb nj\u00eb biznesmen qeveritar, shoq\u00ebrues i &#8220;par\u00eb&#8221; i Liri Berish\u00ebs, pronar i nj\u00eb televizioni pa z\u00eb n\u00eb Tiran\u00eb, por mbi t\u00eb gjitha \u00ebsht\u00eb nj\u00eb njeri q\u00eb ka goditur nj\u00eb koleg gazetar vitin q\u00eb shkoi n\u00eb prani t\u00eb dy koleg\u00ebve t\u00eb tjer\u00eb. Kjo ngjarje m\u00eb detyroi t\u00eb shkoja n\u00eb protest\u00eb para Kryeministris\u00eb [&hellip;]","og_url":"https:\/\/fjala.info\/2009-2015\/kur-te-jep-mend-dhe-taci-e-kur-vjollca-vokshi-behet-perendi\/","og_site_name":"FjALA e LIR\u00cb - Arkivi","article_published_time":"2011-01-06T19:35:43+00:00","author":"admin","twitter_card":"summary_large_image","twitter_misc":{"Written by":"admin","Est. reading time":"8 minutes"},"schema":{"@context":"https:\/\/schema.org","@graph":[{"@type":"Article","@id":"https:\/\/fjala.info\/2009-2015\/kur-te-jep-mend-dhe-taci-e-kur-vjollca-vokshi-behet-perendi\/#article","isPartOf":{"@id":"https:\/\/fjala.info\/2009-2015\/kur-te-jep-mend-dhe-taci-e-kur-vjollca-vokshi-behet-perendi\/"},"author":{"name":"admin","@id":"https:\/\/fjala.info\/2009-2015\/#\/schema\/person\/3aa1163ef05469c496fc94e77611ada2"},"headline":"Kur t\u00eb jep mend dhe Ta\u00e7i&#8230; e kur Vjollca Vokshi b\u00ebhet per\u00ebndi","datePublished":"2011-01-06T19:35:43+00:00","mainEntityOfPage":{"@id":"https:\/\/fjala.info\/2009-2015\/kur-te-jep-mend-dhe-taci-e-kur-vjollca-vokshi-behet-perendi\/"},"wordCount":1717,"commentCount":0,"publisher":{"@id":"https:\/\/fjala.info\/2009-2015\/#organization"},"articleSection":["Artikuj"],"inLanguage":"sq-AL","potentialAction":[{"@type":"CommentAction","name":"Comment","target":["https:\/\/fjala.info\/2009-2015\/kur-te-jep-mend-dhe-taci-e-kur-vjollca-vokshi-behet-perendi\/#respond"]}]},{"@type":"WebPage","@id":"https:\/\/fjala.info\/2009-2015\/kur-te-jep-mend-dhe-taci-e-kur-vjollca-vokshi-behet-perendi\/","url":"https:\/\/fjala.info\/2009-2015\/kur-te-jep-mend-dhe-taci-e-kur-vjollca-vokshi-behet-perendi\/","name":"Kur t\u00eb jep mend dhe Ta\u00e7i... e kur Vjollca Vokshi b\u00ebhet per\u00ebndi - FjALA e LIR\u00cb - Arkivi","isPartOf":{"@id":"https:\/\/fjala.info\/2009-2015\/#website"},"datePublished":"2011-01-06T19:35:43+00:00","breadcrumb":{"@id":"https:\/\/fjala.info\/2009-2015\/kur-te-jep-mend-dhe-taci-e-kur-vjollca-vokshi-behet-perendi\/#breadcrumb"},"inLanguage":"sq-AL","potentialAction":[{"@type":"ReadAction","target":["https:\/\/fjala.info\/2009-2015\/kur-te-jep-mend-dhe-taci-e-kur-vjollca-vokshi-behet-perendi\/"]}]},{"@type":"BreadcrumbList","@id":"https:\/\/fjala.info\/2009-2015\/kur-te-jep-mend-dhe-taci-e-kur-vjollca-vokshi-behet-perendi\/#breadcrumb","itemListElement":[{"@type":"ListItem","position":1,"name":"Home","item":"https:\/\/fjala.info\/2009-2015\/"},{"@type":"ListItem","position":2,"name":"Kur t\u00eb jep mend dhe Ta\u00e7i&#8230; e kur Vjollca Vokshi b\u00ebhet per\u00ebndi"}]},{"@type":"WebSite","@id":"https:\/\/fjala.info\/2009-2015\/#website","url":"https:\/\/fjala.info\/2009-2015\/","name":"FjALA e LIR\u00cb - Arkivi","description":"Arkivi 2009-2015","publisher":{"@id":"https:\/\/fjala.info\/2009-2015\/#organization"},"potentialAction":[{"@type":"SearchAction","target":{"@type":"EntryPoint","urlTemplate":"https:\/\/fjala.info\/2009-2015\/?s={search_term_string}"},"query-input":{"@type":"PropertyValueSpecification","valueRequired":true,"valueName":"search_term_string"}}],"inLanguage":"sq-AL"},{"@type":"Organization","@id":"https:\/\/fjala.info\/2009-2015\/#organization","name":"FjALA e LIR\u00cb - Arkivi","url":"https:\/\/fjala.info\/2009-2015\/","logo":{"@type":"ImageObject","inLanguage":"sq-AL","@id":"https:\/\/fjala.info\/2009-2015\/#\/schema\/logo\/image\/","url":"","contentUrl":"","caption":"FjALA e LIR\u00cb - Arkivi"},"image":{"@id":"https:\/\/fjala.info\/2009-2015\/#\/schema\/logo\/image\/"}},{"@type":"Person","@id":"https:\/\/fjala.info\/2009-2015\/#\/schema\/person\/3aa1163ef05469c496fc94e77611ada2","name":"admin","image":{"@type":"ImageObject","inLanguage":"sq-AL","@id":"https:\/\/fjala.info\/2009-2015\/wp-content\/uploads\/2012\/02\/arben_cokaj-120x150.jpg","url":"https:\/\/fjala.info\/2009-2015\/wp-content\/uploads\/2012\/02\/arben_cokaj-120x150.jpg","contentUrl":"https:\/\/fjala.info\/2009-2015\/wp-content\/uploads\/2012\/02\/arben_cokaj-120x150.jpg","caption":"admin"},"description":"Admin, Fjala e Lir\u00eb","sameAs":["https:\/\/fjala.info\/"],"url":"https:\/\/fjala.info\/2009-2015\/author\/admin\/"}]}},"_links":{"self":[{"href":"https:\/\/fjala.info\/2009-2015\/wp-json\/wp\/v2\/posts\/5546","targetHints":{"allow":["GET"]}}],"collection":[{"href":"https:\/\/fjala.info\/2009-2015\/wp-json\/wp\/v2\/posts"}],"about":[{"href":"https:\/\/fjala.info\/2009-2015\/wp-json\/wp\/v2\/types\/post"}],"author":[{"embeddable":true,"href":"https:\/\/fjala.info\/2009-2015\/wp-json\/wp\/v2\/users\/1"}],"replies":[{"embeddable":true,"href":"https:\/\/fjala.info\/2009-2015\/wp-json\/wp\/v2\/comments?post=5546"}],"version-history":[{"count":0,"href":"https:\/\/fjala.info\/2009-2015\/wp-json\/wp\/v2\/posts\/5546\/revisions"}],"wp:attachment":[{"href":"https:\/\/fjala.info\/2009-2015\/wp-json\/wp\/v2\/media?parent=5546"}],"wp:term":[{"taxonomy":"category","embeddable":true,"href":"https:\/\/fjala.info\/2009-2015\/wp-json\/wp\/v2\/categories?post=5546"},{"taxonomy":"post_tag","embeddable":true,"href":"https:\/\/fjala.info\/2009-2015\/wp-json\/wp\/v2\/tags?post=5546"}],"curies":[{"name":"wp","href":"https:\/\/api.w.org\/{rel}","templated":true}]}}