{"id":5535,"date":"2011-01-04T10:16:52","date_gmt":"2011-01-04T09:16:52","guid":{"rendered":"http:\/\/fjala.shkoder.net\/?p=5535"},"modified":"2011-01-04T10:16:52","modified_gmt":"2011-01-04T09:16:52","slug":"hortikultura-kosovare-sot","status":"publish","type":"post","link":"https:\/\/fjala.info\/2009-2015\/hortikultura-kosovare-sot\/","title":{"rendered":"Hortikultura kosovare sot"},"content":{"rendered":"<p><img decoding=\"async\" class=\"alignleft size-full wp-image-5491\" title=\"Asllan Dibrani\" src=\"http:\/\/fjala.shkoder.net\/wp-content\/uploads\/2011\/01\/asllan_dibrani2.jpg\" alt=\"\" width=\"150\" \/><\/p>\n<p>Shkruan <strong>Asllan Dibrani<\/strong><\/p>\n<p>Kosova tani ka filluar qe te p\u00ebrparoj\u00eb edhe ne planimetrin\u00eb e infrastruktur\u00ebs, rregullimin e ambienteve, parqeve oborreve dhe vendeve publike etj. P\u00ebr ta paraqitur nj\u00eb pasqyrim ma te p\u00ebraf\u00ebrm vizituam nj\u00eb lulishte e par\u00eb me kultivimin e luleve n\u00ebn sera me nj\u00eb teknologji bashkohore. Zoti <strong>Shefqet Bu\u00e7aj<\/strong> \u00ebsht\u00eb pronari i kompanis\u00eb se prodhimit te luleve dhe fidan\u00ebve ne form\u00ebn ma bashk\u00ebkohore qe n\u00eb te hyr\u00eb ne objektin e k\u00ebsaj kompanie shihen nj\u00eb makine fare e re dhe shum\u00eb bashk\u00ebkohore p\u00ebr prodhimin e fidan\u00ebve t\u00eb luleve me nj\u00eb kapacitet te madh prodhimi, si q\u00eb thekson edhe pronari zoti Shefqet Bu\u00e7aj. Kapaciteti i k\u00ebsaj maqine plot\u00ebson nevojat e gjith\u00eb Kosov\u00ebs, t\u00eb Maqedonin\u00eb dhe ma gjer\u00eb t\u00eb regjionit ton\u00eb Ballkanik.<\/p>\n<p style=\"text-align: center;\"><em><strong><img loading=\"lazy\" decoding=\"async\" class=\"alignnone size-full wp-image-5536\" title=\"hortikultura_kos\" src=\"http:\/\/fjala.shkoder.net\/wp-content\/uploads\/2011\/01\/hortikultura_kos.jpg\" alt=\"\" width=\"400\" height=\"300\" \/><\/strong><\/em><\/p>\n<p style=\"text-align: center;\"><em><strong>Pronari Shefqet Bu\u00e7aj duke shpjeguar cil\u00ebsin\u00eb e k\u00ebsaj makine ma moderne p\u00ebr prodhimin e fidaneve<\/strong><\/em>.<\/p>\n<p>N\u00eb fillim si \u00e7do firm\u00eb tjet\u00ebr kemi pasur v\u00ebshtir\u00ebsi por me vet\u00ebdijesimin e qytetareve tani k\u00ebsaj kompanie ju kane shtuar bler\u00ebsit duke konsideruar se vet\u00ebdija e qytetareve p\u00ebr ta zbukuruar oborrin ,parkun dhe ambientin \u00ebsht\u00eb rritur dhe \u00ebsht\u00eb ne rritje akoma. Kjo Kompani ka personelin e vet profesional p\u00ebr ta pare ambientin e pal\u00ebs qe k\u00ebrkon nj\u00eb p\u00ebrkujdesje apo nj\u00eb parashikim nga njer\u00ebzit kompetent qe t\u00eb ja p\u00ebrshtatin ambientit ne fjal\u00eb fidanin apo drurin qe k\u00ebrkon pala dhe ambienti.<\/p>\n<p style=\"text-align: center;\"><strong><em><img loading=\"lazy\" decoding=\"async\" class=\"alignnone size-full wp-image-5537\" title=\"hortikultura_kos1\" src=\"http:\/\/fjala.shkoder.net\/wp-content\/uploads\/2011\/01\/hortikultura_kos1.jpg\" alt=\"\" width=\"400\" height=\"301\" \/><\/em><\/strong><\/p>\n<p style=\"text-align: center;\"><strong><em>Shefqet Bu\u00e7aj n\u00eb plantazhen e luleve pran prodhimit<\/em><\/strong><\/p>\n<p style=\"text-align: center;\"><strong><em><img loading=\"lazy\" decoding=\"async\" class=\"alignnone size-full wp-image-5538\" title=\"hortikultura_kos2\" src=\"http:\/\/fjala.shkoder.net\/wp-content\/uploads\/2011\/01\/hortikultura_kos2.jpg\" alt=\"\" width=\"400\" height=\"298\" \/><\/em><\/strong><\/p>\n<p style=\"text-align: center;\"><strong><em>Kjo kompani \u00ebsht\u00eb ajo q\u00eb b\u00ebn\u00eb furnizimin me lule n\u00eb t\u00ebr\u00eb territorin e Kosov\u00ebs<\/em><\/strong>.<\/p>\n<p>N\u00eb pyetjen ton\u00eb; Meq\u00eb Kosova n\u00ebn regjimin serb, nuk kishte mund\u00ebsi ta zbatonte nj\u00eb ligj t\u00eb mir\u00ebfillt\u00eb p\u00ebr implementimin dhe mbrojtjen e infrastruktur\u00ebs s\u00eb parqeve dhe lulishteve, a \u00ebsht\u00eb krijuar nj\u00eb vet\u00ebdijesim tek qytetar\u00ebt, pas pavar\u00ebsis\u00eb s\u00eb Kosov\u00ebs, p\u00ebr kultivimin dhe mbrojtjen e ambienti n\u00eb Kosov\u00eb?<\/p>\n<p style=\"text-align: center;\"><strong><em><img loading=\"lazy\" decoding=\"async\" class=\"alignnone size-full wp-image-5539\" title=\"hortikultura_kos3\" src=\"http:\/\/fjala.shkoder.net\/wp-content\/uploads\/2011\/01\/hortikultura_kos3.jpg\" alt=\"\" width=\"400\" height=\"300\" \/><\/em><\/strong><\/p>\n<p style=\"text-align: center;\"><strong><em>Pamje e nj\u00eb pjese te prodhimtaris\u00eb se luleve dhe filaneve te ndryshme<\/em><\/strong>.<\/p>\n<p>Po, duket nj\u00eb shtim i vet\u00ebdijes tek qytetar\u00ebt q\u00eb dita-dit\u00ebs shtohet interesi i blerjes s\u00eb luleve dhe fidan\u00ebve tjera, p\u00ebr rregullimin e ambientit ku jetojn\u00eb. Ma tutje z. Shefqet thekson; se e ka personelin i cili kontakton me klient\u00ebt, i cili p\u00ebrmes kontakteve ka krijuar nj\u00eb bashk\u00ebpunim t\u00eb ngusht\u00eb me qytetarin, ku k\u00ebshillohen se p\u00ebr \u00e7far\u00eb lulesh, fidan\u00ebsh apo ndonj\u00eb lloj druri q\u00eb i p\u00ebrgjigjet ambientit p\u00ebrkat\u00ebs n\u00eb baz\u00eb t\u00eb k\u00ebrkes\u00ebs s\u00eb klient\u00ebve.<br \/>\nN\u00eb brend\u00ebsin\u00eb e k\u00ebsaj nd\u00ebrmarrjeje shihen nj\u00eb varg serash ku p\u00ebrve\u00e7 luleve dhe fidan\u00ebve b\u00ebhet kultivimi edhe i sallatave dhe specave, nga ku furnizohen shum\u00eb restorant t\u00eb kryeqytetit dhe qytetar\u00ebt.<\/p>\n<p><em>Si jeni duke e p\u00ebrballuar problemin e furnizimit me energji elektrike dhe uj\u00eb?<\/em><\/p>\n<p>Si t\u00eb gjitha nd\u00ebrmarrjet tjera dhe qytetar\u00eb, edhe ne problemin e energjis\u00eb elektrike jemi detyruar ta b\u00ebjm\u00eb me nj\u00eb gjenerator, gjersa problemin e ujitjes e kemi zgjedh duke i hapur dy pusa, nga t\u00eb cil\u00ebt furnizohemi me uj\u00eb p\u00ebr nevojat e lulishtes. Q\u00eb t\u00eb dyja si kushte elementare jan\u00eb t\u00eb kushtueshme dhe ndikojn\u00eb direkt n\u00eb koston e prodhimit.<\/p>\n<p><em>Si e keni zgjedhur problemin e ambalazhimit t\u00eb produkteve?<\/em><\/p>\n<p>Me ambalazh p\u00ebr paketimin e produkteve, zakonisht furnizohem nga Holanda. Por pretendimet tona jan\u00eb q\u00eb t\u00eb fillojm\u00eb me eksportimin e produkteve jasht\u00eb Kosove.<br \/>\nM\u00eb tutje z. Shefqet thekson se marr\u00ebdh\u00ebniet tona dhe bashk\u00ebpunimi n\u00eb k\u00ebt\u00eb lami me Holand\u00ebn jan\u00eb shum\u00eb t\u00eb mira, ku kemi d\u00ebrgua disa her\u00eb ekipet tone p\u00ebr tu specializuar p\u00ebr k\u00ebt\u00eb veprimtari.<br \/>\nNd\u00ebr t\u00eb tjera z. Shefqet thot\u00eb se kemi marr\u00ebdh\u00ebnie t\u00eb mira edhe me organet qeveritare p\u00ebr rregullimin dhe dekorimin e vendeve publike, si q\u00eb jan\u00eb parqet, rrug\u00ebt, pushimoret, ambientet e brendshme, etj.<\/p>\n<p>Fare n\u00eb fund, pas nj\u00eb mikpritje, n\u00eb pyetjen ton\u00eb t\u00eb fundit;<\/p>\n<p><em>\u00c7ka ju sugjeroni qytetar\u00ebve lidhur me ambientin dhe infrastruktur\u00ebn n\u00eb Kosov\u00eb?<\/em><\/p>\n<p>Ai shtoi: Jemi shum\u00eb t\u00eb k\u00ebnaqur me ngritjen e nivelit t\u00eb vet\u00ebdijesimit t\u00eb qytetar\u00ebve, por megjithat\u00eb ju preferojm\u00eb qytetar\u00ebve q\u00eb t\u00eb q\u00ebndrojn\u00eb n\u00eb kontakt me ne dhe prodhuesit e tjer\u00eb t\u00eb ngjash\u00ebm n\u00eb Kosov\u00eb, me q\u00ebllim t\u00eb ngritjes s\u00eb vet\u00ebdijes p\u00ebr ruajtjen dhe zbukurimin e ambientit, posa\u00e7\u00ebrisht ftojm\u00eb bashkatdhetar\u00ebt nga diaspora q\u00eb t\u00eb na vizitojn\u00eb, dhe t\u00eb na sjellin p\u00ebrvojat e tyre nga vendet ku jetojn\u00eb.<\/p>\n<p><em>Foto-reportazh, Prishtin\u00eb 2010<\/em><\/p>\n","protected":false},"excerpt":{"rendered":"<p>Shkruan Asllan Dibrani Kosova tani ka filluar qe te p\u00ebrparoj\u00eb edhe ne planimetrin\u00eb e infrastruktur\u00ebs, rregullimin e ambienteve, parqeve oborreve dhe vendeve publike etj. P\u00ebr ta paraqitur nj\u00eb pasqyrim ma te p\u00ebraf\u00ebrm vizituam nj\u00eb lulishte e par\u00eb me kultivimin e luleve n\u00ebn sera me nj\u00eb teknologji bashkohore. Zoti Shefqet Bu\u00e7aj \u00ebsht\u00eb pronari i kompanis\u00eb se [&hellip;]<\/p>\n","protected":false},"author":1,"featured_media":0,"comment_status":"open","ping_status":"closed","sticky":false,"template":"","format":"standard","meta":{"footnotes":""},"categories":[2],"tags":[],"class_list":{"0":"post-5535","1":"post","2":"type-post","3":"status-publish","4":"format-standard","6":"category-artikuj"},"yoast_head":"<!-- This site is optimized with the Yoast SEO plugin v27.4 - https:\/\/yoast.com\/product\/yoast-seo-wordpress\/ -->\n<title>Hortikultura kosovare sot - FjALA e LIR\u00cb - Arkivi<\/title>\n<meta name=\"robots\" content=\"index, follow, max-snippet:-1, max-image-preview:large, max-video-preview:-1\" \/>\n<link rel=\"canonical\" href=\"https:\/\/fjala.info\/2009-2015\/hortikultura-kosovare-sot\/\" \/>\n<meta property=\"og:locale\" content=\"sq_AL\" \/>\n<meta property=\"og:type\" content=\"article\" \/>\n<meta property=\"og:title\" content=\"Hortikultura kosovare sot - FjALA e LIR\u00cb - Arkivi\" \/>\n<meta property=\"og:description\" content=\"Shkruan Asllan Dibrani Kosova tani ka filluar qe te p\u00ebrparoj\u00eb edhe ne planimetrin\u00eb e infrastruktur\u00ebs, rregullimin e ambienteve, parqeve oborreve dhe vendeve publike etj. P\u00ebr ta paraqitur nj\u00eb pasqyrim ma te p\u00ebraf\u00ebrm vizituam nj\u00eb lulishte e par\u00eb me kultivimin e luleve n\u00ebn sera me nj\u00eb teknologji bashkohore. Zoti Shefqet Bu\u00e7aj \u00ebsht\u00eb pronari i kompanis\u00eb se [&hellip;]\" \/>\n<meta property=\"og:url\" content=\"https:\/\/fjala.info\/2009-2015\/hortikultura-kosovare-sot\/\" \/>\n<meta property=\"og:site_name\" content=\"FjALA e LIR\u00cb - Arkivi\" \/>\n<meta property=\"article:published_time\" content=\"2011-01-04T09:16:52+00:00\" \/>\n<meta property=\"og:image\" content=\"http:\/\/fjala.shkoder.net\/wp-content\/uploads\/2011\/01\/asllan_dibrani2.jpg\" \/>\n<meta name=\"author\" content=\"admin\" \/>\n<meta name=\"twitter:card\" content=\"summary_large_image\" \/>\n<meta name=\"twitter:label1\" content=\"Written by\" \/>\n\t<meta name=\"twitter:data1\" content=\"admin\" \/>\n\t<meta name=\"twitter:label2\" content=\"Est. reading time\" \/>\n\t<meta name=\"twitter:data2\" content=\"4 minutes\" \/>\n<script type=\"application\/ld+json\" class=\"yoast-schema-graph\">{\"@context\":\"https:\\\/\\\/schema.org\",\"@graph\":[{\"@type\":\"Article\",\"@id\":\"https:\\\/\\\/fjala.info\\\/2009-2015\\\/hortikultura-kosovare-sot\\\/#article\",\"isPartOf\":{\"@id\":\"https:\\\/\\\/fjala.info\\\/2009-2015\\\/hortikultura-kosovare-sot\\\/\"},\"author\":{\"name\":\"admin\",\"@id\":\"https:\\\/\\\/fjala.info\\\/2009-2015\\\/#\\\/schema\\\/person\\\/3aa1163ef05469c496fc94e77611ada2\"},\"headline\":\"Hortikultura kosovare sot\",\"datePublished\":\"2011-01-04T09:16:52+00:00\",\"mainEntityOfPage\":{\"@id\":\"https:\\\/\\\/fjala.info\\\/2009-2015\\\/hortikultura-kosovare-sot\\\/\"},\"wordCount\":766,\"commentCount\":0,\"publisher\":{\"@id\":\"https:\\\/\\\/fjala.info\\\/2009-2015\\\/#organization\"},\"image\":{\"@id\":\"https:\\\/\\\/fjala.info\\\/2009-2015\\\/hortikultura-kosovare-sot\\\/#primaryimage\"},\"thumbnailUrl\":\"http:\\\/\\\/fjala.shkoder.net\\\/wp-content\\\/uploads\\\/2011\\\/01\\\/asllan_dibrani2.jpg\",\"articleSection\":[\"Artikuj\"],\"inLanguage\":\"sq-AL\",\"potentialAction\":[{\"@type\":\"CommentAction\",\"name\":\"Comment\",\"target\":[\"https:\\\/\\\/fjala.info\\\/2009-2015\\\/hortikultura-kosovare-sot\\\/#respond\"]}]},{\"@type\":\"WebPage\",\"@id\":\"https:\\\/\\\/fjala.info\\\/2009-2015\\\/hortikultura-kosovare-sot\\\/\",\"url\":\"https:\\\/\\\/fjala.info\\\/2009-2015\\\/hortikultura-kosovare-sot\\\/\",\"name\":\"Hortikultura kosovare sot - FjALA e LIR\u00cb - Arkivi\",\"isPartOf\":{\"@id\":\"https:\\\/\\\/fjala.info\\\/2009-2015\\\/#website\"},\"primaryImageOfPage\":{\"@id\":\"https:\\\/\\\/fjala.info\\\/2009-2015\\\/hortikultura-kosovare-sot\\\/#primaryimage\"},\"image\":{\"@id\":\"https:\\\/\\\/fjala.info\\\/2009-2015\\\/hortikultura-kosovare-sot\\\/#primaryimage\"},\"thumbnailUrl\":\"http:\\\/\\\/fjala.shkoder.net\\\/wp-content\\\/uploads\\\/2011\\\/01\\\/asllan_dibrani2.jpg\",\"datePublished\":\"2011-01-04T09:16:52+00:00\",\"breadcrumb\":{\"@id\":\"https:\\\/\\\/fjala.info\\\/2009-2015\\\/hortikultura-kosovare-sot\\\/#breadcrumb\"},\"inLanguage\":\"sq-AL\",\"potentialAction\":[{\"@type\":\"ReadAction\",\"target\":[\"https:\\\/\\\/fjala.info\\\/2009-2015\\\/hortikultura-kosovare-sot\\\/\"]}]},{\"@type\":\"ImageObject\",\"inLanguage\":\"sq-AL\",\"@id\":\"https:\\\/\\\/fjala.info\\\/2009-2015\\\/hortikultura-kosovare-sot\\\/#primaryimage\",\"url\":\"http:\\\/\\\/fjala.shkoder.net\\\/wp-content\\\/uploads\\\/2011\\\/01\\\/asllan_dibrani2.jpg\",\"contentUrl\":\"http:\\\/\\\/fjala.shkoder.net\\\/wp-content\\\/uploads\\\/2011\\\/01\\\/asllan_dibrani2.jpg\"},{\"@type\":\"BreadcrumbList\",\"@id\":\"https:\\\/\\\/fjala.info\\\/2009-2015\\\/hortikultura-kosovare-sot\\\/#breadcrumb\",\"itemListElement\":[{\"@type\":\"ListItem\",\"position\":1,\"name\":\"Home\",\"item\":\"https:\\\/\\\/fjala.info\\\/2009-2015\\\/\"},{\"@type\":\"ListItem\",\"position\":2,\"name\":\"Hortikultura kosovare sot\"}]},{\"@type\":\"WebSite\",\"@id\":\"https:\\\/\\\/fjala.info\\\/2009-2015\\\/#website\",\"url\":\"https:\\\/\\\/fjala.info\\\/2009-2015\\\/\",\"name\":\"FjALA e LIR\u00cb - Arkivi\",\"description\":\"Arkivi 2009-2015\",\"publisher\":{\"@id\":\"https:\\\/\\\/fjala.info\\\/2009-2015\\\/#organization\"},\"potentialAction\":[{\"@type\":\"SearchAction\",\"target\":{\"@type\":\"EntryPoint\",\"urlTemplate\":\"https:\\\/\\\/fjala.info\\\/2009-2015\\\/?s={search_term_string}\"},\"query-input\":{\"@type\":\"PropertyValueSpecification\",\"valueRequired\":true,\"valueName\":\"search_term_string\"}}],\"inLanguage\":\"sq-AL\"},{\"@type\":\"Organization\",\"@id\":\"https:\\\/\\\/fjala.info\\\/2009-2015\\\/#organization\",\"name\":\"FjALA e LIR\u00cb - Arkivi\",\"url\":\"https:\\\/\\\/fjala.info\\\/2009-2015\\\/\",\"logo\":{\"@type\":\"ImageObject\",\"inLanguage\":\"sq-AL\",\"@id\":\"https:\\\/\\\/fjala.info\\\/2009-2015\\\/#\\\/schema\\\/logo\\\/image\\\/\",\"url\":\"\",\"contentUrl\":\"\",\"caption\":\"FjALA e LIR\u00cb - Arkivi\"},\"image\":{\"@id\":\"https:\\\/\\\/fjala.info\\\/2009-2015\\\/#\\\/schema\\\/logo\\\/image\\\/\"}},{\"@type\":\"Person\",\"@id\":\"https:\\\/\\\/fjala.info\\\/2009-2015\\\/#\\\/schema\\\/person\\\/3aa1163ef05469c496fc94e77611ada2\",\"name\":\"admin\",\"image\":{\"@type\":\"ImageObject\",\"inLanguage\":\"sq-AL\",\"@id\":\"https:\\\/\\\/fjala.info\\\/2009-2015\\\/wp-content\\\/uploads\\\/2012\\\/02\\\/arben_cokaj-120x150.jpg\",\"url\":\"https:\\\/\\\/fjala.info\\\/2009-2015\\\/wp-content\\\/uploads\\\/2012\\\/02\\\/arben_cokaj-120x150.jpg\",\"contentUrl\":\"https:\\\/\\\/fjala.info\\\/2009-2015\\\/wp-content\\\/uploads\\\/2012\\\/02\\\/arben_cokaj-120x150.jpg\",\"caption\":\"admin\"},\"description\":\"Admin, Fjala e Lir\u00eb\",\"sameAs\":[\"https:\\\/\\\/fjala.info\\\/\"],\"url\":\"https:\\\/\\\/fjala.info\\\/2009-2015\\\/author\\\/admin\\\/\"}]}<\/script>\n<!-- \/ Yoast SEO plugin. -->","yoast_head_json":{"title":"Hortikultura kosovare sot - FjALA e LIR\u00cb - Arkivi","robots":{"index":"index","follow":"follow","max-snippet":"max-snippet:-1","max-image-preview":"max-image-preview:large","max-video-preview":"max-video-preview:-1"},"canonical":"https:\/\/fjala.info\/2009-2015\/hortikultura-kosovare-sot\/","og_locale":"sq_AL","og_type":"article","og_title":"Hortikultura kosovare sot - FjALA e LIR\u00cb - Arkivi","og_description":"Shkruan Asllan Dibrani Kosova tani ka filluar qe te p\u00ebrparoj\u00eb edhe ne planimetrin\u00eb e infrastruktur\u00ebs, rregullimin e ambienteve, parqeve oborreve dhe vendeve publike etj. P\u00ebr ta paraqitur nj\u00eb pasqyrim ma te p\u00ebraf\u00ebrm vizituam nj\u00eb lulishte e par\u00eb me kultivimin e luleve n\u00ebn sera me nj\u00eb teknologji bashkohore. Zoti Shefqet Bu\u00e7aj \u00ebsht\u00eb pronari i kompanis\u00eb se [&hellip;]","og_url":"https:\/\/fjala.info\/2009-2015\/hortikultura-kosovare-sot\/","og_site_name":"FjALA e LIR\u00cb - Arkivi","article_published_time":"2011-01-04T09:16:52+00:00","og_image":[{"url":"http:\/\/fjala.shkoder.net\/wp-content\/uploads\/2011\/01\/asllan_dibrani2.jpg","type":"","width":"","height":""}],"author":"admin","twitter_card":"summary_large_image","twitter_misc":{"Written by":"admin","Est. reading time":"4 minutes"},"schema":{"@context":"https:\/\/schema.org","@graph":[{"@type":"Article","@id":"https:\/\/fjala.info\/2009-2015\/hortikultura-kosovare-sot\/#article","isPartOf":{"@id":"https:\/\/fjala.info\/2009-2015\/hortikultura-kosovare-sot\/"},"author":{"name":"admin","@id":"https:\/\/fjala.info\/2009-2015\/#\/schema\/person\/3aa1163ef05469c496fc94e77611ada2"},"headline":"Hortikultura kosovare sot","datePublished":"2011-01-04T09:16:52+00:00","mainEntityOfPage":{"@id":"https:\/\/fjala.info\/2009-2015\/hortikultura-kosovare-sot\/"},"wordCount":766,"commentCount":0,"publisher":{"@id":"https:\/\/fjala.info\/2009-2015\/#organization"},"image":{"@id":"https:\/\/fjala.info\/2009-2015\/hortikultura-kosovare-sot\/#primaryimage"},"thumbnailUrl":"http:\/\/fjala.shkoder.net\/wp-content\/uploads\/2011\/01\/asllan_dibrani2.jpg","articleSection":["Artikuj"],"inLanguage":"sq-AL","potentialAction":[{"@type":"CommentAction","name":"Comment","target":["https:\/\/fjala.info\/2009-2015\/hortikultura-kosovare-sot\/#respond"]}]},{"@type":"WebPage","@id":"https:\/\/fjala.info\/2009-2015\/hortikultura-kosovare-sot\/","url":"https:\/\/fjala.info\/2009-2015\/hortikultura-kosovare-sot\/","name":"Hortikultura kosovare sot - FjALA e LIR\u00cb - Arkivi","isPartOf":{"@id":"https:\/\/fjala.info\/2009-2015\/#website"},"primaryImageOfPage":{"@id":"https:\/\/fjala.info\/2009-2015\/hortikultura-kosovare-sot\/#primaryimage"},"image":{"@id":"https:\/\/fjala.info\/2009-2015\/hortikultura-kosovare-sot\/#primaryimage"},"thumbnailUrl":"http:\/\/fjala.shkoder.net\/wp-content\/uploads\/2011\/01\/asllan_dibrani2.jpg","datePublished":"2011-01-04T09:16:52+00:00","breadcrumb":{"@id":"https:\/\/fjala.info\/2009-2015\/hortikultura-kosovare-sot\/#breadcrumb"},"inLanguage":"sq-AL","potentialAction":[{"@type":"ReadAction","target":["https:\/\/fjala.info\/2009-2015\/hortikultura-kosovare-sot\/"]}]},{"@type":"ImageObject","inLanguage":"sq-AL","@id":"https:\/\/fjala.info\/2009-2015\/hortikultura-kosovare-sot\/#primaryimage","url":"http:\/\/fjala.shkoder.net\/wp-content\/uploads\/2011\/01\/asllan_dibrani2.jpg","contentUrl":"http:\/\/fjala.shkoder.net\/wp-content\/uploads\/2011\/01\/asllan_dibrani2.jpg"},{"@type":"BreadcrumbList","@id":"https:\/\/fjala.info\/2009-2015\/hortikultura-kosovare-sot\/#breadcrumb","itemListElement":[{"@type":"ListItem","position":1,"name":"Home","item":"https:\/\/fjala.info\/2009-2015\/"},{"@type":"ListItem","position":2,"name":"Hortikultura kosovare sot"}]},{"@type":"WebSite","@id":"https:\/\/fjala.info\/2009-2015\/#website","url":"https:\/\/fjala.info\/2009-2015\/","name":"FjALA e LIR\u00cb - Arkivi","description":"Arkivi 2009-2015","publisher":{"@id":"https:\/\/fjala.info\/2009-2015\/#organization"},"potentialAction":[{"@type":"SearchAction","target":{"@type":"EntryPoint","urlTemplate":"https:\/\/fjala.info\/2009-2015\/?s={search_term_string}"},"query-input":{"@type":"PropertyValueSpecification","valueRequired":true,"valueName":"search_term_string"}}],"inLanguage":"sq-AL"},{"@type":"Organization","@id":"https:\/\/fjala.info\/2009-2015\/#organization","name":"FjALA e LIR\u00cb - Arkivi","url":"https:\/\/fjala.info\/2009-2015\/","logo":{"@type":"ImageObject","inLanguage":"sq-AL","@id":"https:\/\/fjala.info\/2009-2015\/#\/schema\/logo\/image\/","url":"","contentUrl":"","caption":"FjALA e LIR\u00cb - Arkivi"},"image":{"@id":"https:\/\/fjala.info\/2009-2015\/#\/schema\/logo\/image\/"}},{"@type":"Person","@id":"https:\/\/fjala.info\/2009-2015\/#\/schema\/person\/3aa1163ef05469c496fc94e77611ada2","name":"admin","image":{"@type":"ImageObject","inLanguage":"sq-AL","@id":"https:\/\/fjala.info\/2009-2015\/wp-content\/uploads\/2012\/02\/arben_cokaj-120x150.jpg","url":"https:\/\/fjala.info\/2009-2015\/wp-content\/uploads\/2012\/02\/arben_cokaj-120x150.jpg","contentUrl":"https:\/\/fjala.info\/2009-2015\/wp-content\/uploads\/2012\/02\/arben_cokaj-120x150.jpg","caption":"admin"},"description":"Admin, Fjala e Lir\u00eb","sameAs":["https:\/\/fjala.info\/"],"url":"https:\/\/fjala.info\/2009-2015\/author\/admin\/"}]}},"_links":{"self":[{"href":"https:\/\/fjala.info\/2009-2015\/wp-json\/wp\/v2\/posts\/5535","targetHints":{"allow":["GET"]}}],"collection":[{"href":"https:\/\/fjala.info\/2009-2015\/wp-json\/wp\/v2\/posts"}],"about":[{"href":"https:\/\/fjala.info\/2009-2015\/wp-json\/wp\/v2\/types\/post"}],"author":[{"embeddable":true,"href":"https:\/\/fjala.info\/2009-2015\/wp-json\/wp\/v2\/users\/1"}],"replies":[{"embeddable":true,"href":"https:\/\/fjala.info\/2009-2015\/wp-json\/wp\/v2\/comments?post=5535"}],"version-history":[{"count":0,"href":"https:\/\/fjala.info\/2009-2015\/wp-json\/wp\/v2\/posts\/5535\/revisions"}],"wp:attachment":[{"href":"https:\/\/fjala.info\/2009-2015\/wp-json\/wp\/v2\/media?parent=5535"}],"wp:term":[{"taxonomy":"category","embeddable":true,"href":"https:\/\/fjala.info\/2009-2015\/wp-json\/wp\/v2\/categories?post=5535"},{"taxonomy":"post_tag","embeddable":true,"href":"https:\/\/fjala.info\/2009-2015\/wp-json\/wp\/v2\/tags?post=5535"}],"curies":[{"name":"wp","href":"https:\/\/api.w.org\/{rel}","templated":true}]}}