{"id":5533,"date":"2011-01-04T22:15:59","date_gmt":"2011-01-04T21:15:59","guid":{"rendered":"http:\/\/fjala.shkoder.net\/?p=5533"},"modified":"2011-01-04T22:15:59","modified_gmt":"2011-01-04T21:15:59","slug":"dyfytyresia-jone-ndaj-nato-s-dhe-shba-ve","status":"publish","type":"post","link":"https:\/\/fjala.info\/2009-2015\/dyfytyresia-jone-ndaj-nato-s-dhe-shba-ve\/","title":{"rendered":"Dyfytyr\u00ebsia jon\u00eb ndaj NATO-s dhe SHBA-ve"},"content":{"rendered":"<p><img loading=\"lazy\" decoding=\"async\" class=\"alignright size-full wp-image-4090\" title=\"Mero Baze\" src=\"http:\/\/fjala.shkoder.net\/wp-content\/uploads\/2010\/10\/mero_baze1.jpg\" alt=\"\" width=\"149\" height=\"200\" \/><br \/>\nNga <strong>Mero Baze<\/strong><\/p>\n<p>Njeriu, i cili ka p\u00ebrmendur p\u00ebr her\u00eb t\u00eb par\u00eb p\u00ebrfshirjen e djalit t\u00eb kryeministrit shqiptar Sali Berisha n\u00eb afer\u00ebn e trafikimit t\u00eb arm\u00ebve kineze nga Shqip\u00ebria n\u00eb Afganistan p\u00ebr llogari t\u00eb ushtris\u00eb amerikane, nd\u00ebrkoh\u00eb q\u00eb nj\u00eb gj\u00eb e till\u00eb \u00ebsht\u00eb e ndaluar nga ligjet amerikane, u d\u00ebnua dje me kat\u00ebr vite burg, nd\u00ebrkoh\u00eb q\u00eb duhet t\u00eb pres\u00eb dat\u00ebn 25 janar p\u00ebr t\u00eb m\u00ebsuar nj\u00eb d\u00ebnim p\u00ebr nj\u00eb akuz\u00eb tjet\u00ebr. Efraim Diveroli u b\u00eb i njohur n\u00eb Shqip\u00ebri pasi Kosta Trebicka publikoi disa kaseta ku ai d\u00ebgjohet qart\u00eb t\u00eb akuzoj\u00eb djalin e kryeministrit Berisha se ka qen\u00eb i p\u00ebrfshir\u00eb p\u00ebrmes njer\u00ebzve t\u00eb tij n\u00eb k\u00ebt\u00eb biznes, i cili zhvillohej paralelisht me historin\u00eb e demontimit t\u00eb arm\u00ebve n\u00eb G\u00ebrdec.<\/p>\n<p>N\u00eb mbrojtjen publike q\u00eb zoti Berisha ka b\u00ebr\u00eb p\u00ebr k\u00ebt\u00eb rast ka p\u00ebrdorur dy argumente. S\u00eb pari, karakterin sipas tij t\u00eb dob\u00ebt t\u00eb Efraim Diverolit, i cili pask\u00ebsh si metod\u00eb korruptive dhe p\u00ebrdorimin e prostitutave, qoft\u00eb dhe ndaj djalit t\u00eb kryeministrit, dhe s\u00eb dyti faktin q\u00eb Kosta Trebicka vet\u00eb personalisht nuk ja ka th\u00ebn\u00eb n\u00eb takimin q\u00eb ka b\u00ebr\u00eb me Shk\u00eblzen Beirsh\u00ebn k\u00ebt\u00eb fakt.<\/p>\n<p>Tashm\u00eb q\u00eb gjyqi ndaj Diverolit po shkon drejt fundit, drejt\u00ebsia amerikane nuk e ka d\u00ebnuar Diverolin as p\u00ebr \u201cveset\u201d e tij p\u00ebr femra, dhe as p\u00ebr lidhjet e tij me njer\u00ebzit q\u00eb i mund\u00ebsuan k\u00ebt\u00eb trafik n\u00eb d\u00ebm t\u00eb ushtris\u00eb amerikane. Diveroli po d\u00ebnohet p\u00ebr shkelje t\u00eb ligjeve amerikane n\u00eb k\u00ebt\u00eb histori trafiku, duke e konsideruar pal\u00ebn shqiptare partnere n\u00eb k\u00ebt\u00eb krim, por duke qen\u00eb se \u00ebsht\u00eb jasht\u00eb juridiksionit t\u00eb SHBA, ngelet e pad\u00ebnuar.<\/p>\n<p>Problemi q\u00eb drejt\u00ebsia shqiptare n\u00eb k\u00ebt\u00eb rast duhet t\u00eb hetoj\u00eb dhe t\u00eb gjykoj\u00eb pas marrjes s\u00eb vendimit nga drejt\u00ebsia amerikane \u00ebsht\u00eb se cili \u00ebsht\u00eb mekanizmi q\u00eb ka mund\u00ebsuar k\u00ebt\u00eb krim t\u00eb trafikimit t\u00eb arm\u00ebve nga pala shqiptare?<\/p>\n<p>Shpjegimi q\u00eb japin zyrtar\u00ebt tan\u00eb se nuk \u00ebsht\u00eb krim t\u00eb shes\u00ebsh arm\u00eb kineze dhe q\u00eb nuk kishin dijeni p\u00ebr ligjet amerikane, nuk q\u00ebndron pasi faturimi i mallit nga dogana shqiptare nuk \u00ebsht\u00eb b\u00ebr\u00eb si mall kinez, por i ndryshuar si produkt shqiptar. Pra, ose zyrtar\u00eb t\u00eb Ministris\u00eb s\u00eb Mbrojtjes kan\u00eb marr\u00eb pjes\u00eb t\u00eb vet\u00ebdijsh\u00ebm n\u00eb k\u00ebt\u00eb trafik duke marr\u00eb siguri politike, ose grupi i njer\u00ebzve t\u00eb Shk\u00eblzen Berish\u00ebs, me n\u00eb krye baxhanakun e Sali Berish\u00ebs dhe disa njer\u00ebz t\u00eb af\u00ebrt t\u00eb Rrahman Selmanllarit, kan\u00eb qen\u00eb ata q\u00eb kan\u00eb bashk\u00ebpunuar n\u00eb k\u00ebt\u00eb trafik, duke qen\u00eb pjes\u00eb e kompanis\u00eb q\u00eb punonte dhe n\u00eb disa pun\u00eb speciale n\u00eb G\u00ebrdec dhe n\u00eb procesin e ripaketimit, nga i cili zbuan me dhun\u00eb dhe k\u00ebrc\u00ebnime t\u00eb ndjerin Kosta Trebicka.<\/p>\n<p>I ndjeri Trebicka iku duke marr\u00eb t\u00eb v\u00ebrtetat me vete, duke hyr\u00eb n\u00eb spiralen e karot\u00ebs dhe shkopit me Familjen Berisha. Ai denoncoi shumic\u00ebn e trafikut dhe pastaj tentoi deri n\u00eb fund t\u00eb jet\u00ebs s\u00eb tij t\u00eb b\u00ebnte biznes me d\u00ebshmin\u00eb e tij mbi njer\u00ebzit q\u00eb kishin thirrur Diverolin n\u00eb nj\u00eb apartament n\u00eb Tiran\u00eb dhe i kishin b\u00ebr\u00eb presion t\u00eb largonte Trebick\u00ebn. Nd\u00ebrkoh\u00eb q\u00eb i ndjeri po p\u00ebrpiqej t\u00eb menaxhonte nj\u00eb sekret q\u00eb t\u00eb vret, Familja n\u00eb pushtet nisi t\u00eb sillet mir\u00eb me bizneset e tij duke p\u00ebrfshir\u00eb gruan e tij n\u00eb nj\u00eb biznes universiteti me gruan e Ministrit t\u00eb Brendsh\u00ebm, Bujar Nishani, i cili vrapoi ta ngush\u00ebllonte i pari partneren e gruas s\u00eb tij pasi u mor vesh se burri i saj ishte vrar\u00eb. I ndjeri Trebicka iku duke e marr\u00eb t\u00eb v\u00ebrtet\u00ebn me vete, duke vepruar si nj\u00eb njeri i zakonsh\u00ebm q\u00eb tundohej nga ideja e rimarrjes s\u00eb k\u00ebtij biznesi p\u00ebrmes mb\u00ebshtetjes politike. Por drejt\u00ebsia shqiptare nuk ka pse rri m\u00ebnjan\u00eb k\u00ebsaj historie, sidomos tani q\u00eb drejt\u00ebsia amerikane ka provuar krimin.<\/p>\n<p>Ekzistojn\u00eb borderot\u00eb e pun\u00ebs nga pala shqiptare se kush e ka b\u00ebr\u00eb ripaketimin, ekzistojn\u00eb d\u00ebshmi, dhe ndoshta dhe pamje, se kush ishin njer\u00ebzit q\u00eb bashkonin G\u00ebrdecin me trafikun nga Rinasi, ekzistojn\u00eb dokumente doganore dhe financiare p\u00ebr p\u00ebrfituesit e k\u00ebtij biznesi, ndaj dhe hetimi \u00ebsht\u00eb shum\u00eb i thjesht\u00eb. Shqiptar\u00ebt duan t\u00eb din\u00eb n\u00eb rrug\u00eb zyrtare kush ja mund\u00ebsoi trafikun k\u00ebtij biznesmeni amerikan, i cili, duke u b\u00ebr\u00eb pal\u00eb me trafikant\u00ebt shqiptar\u00eb, n\u00eb t\u00eb v\u00ebrtet\u00eb rrezikonte jet\u00ebn e ushtar\u00ebve amerikan\u00eb n\u00eb Afganistan, t\u00eb cil\u00ebve si\u00e7 p\u00ebrshkruan Chris Chivers, kallashnikov\u00ebt nuk u shkrepnin plumbat.<\/p>\n<p>Duke qen\u00eb se tani jemi dhe vend i NATO-s, hetimi i k\u00ebtij krimi i jep m\u00eb shum\u00eb kuptim an\u00ebtar\u00ebsis\u00eb son\u00eb n\u00eb organizat\u00ebn m\u00eb t\u00eb madhe ushtarake, brenda s\u00eb cil\u00ebs ne ende nuk kemi dh\u00ebn\u00eb asnj\u00eb kontribut real dhe nuk kemi kapitalizuar asgj\u00eb prej an\u00ebtar\u00ebsimit n\u00eb t\u00eb. N\u00ebse drejt\u00ebsia jon\u00eb nuk \u00ebsht\u00eb n\u00eb gjendje t\u2019i tregoj\u00eb SHBA-ve dhe NATO-s me fakte se cil\u00ebt ishin shqiptar\u00ebt q\u00eb bashk\u00ebpunuan me trafikantin amerikan, at\u00ebher\u00eb ajo b\u00ebn pal\u00eb qeverin\u00eb Berisha me k\u00ebt\u00eb trafikant duke na ekspozuar si nj\u00eb shoq\u00ebri me dy fytyra n\u00eb raport me ta. N\u00ebse e heton, ndoshta na e leht\u00ebson pak imazhin se mund t\u00eb nxjerr\u00eb vet\u00ebm djalin e Sali Berish\u00ebs.<\/p>\n","protected":false},"excerpt":{"rendered":"<p>Nga Mero Baze Njeriu, i cili ka p\u00ebrmendur p\u00ebr her\u00eb t\u00eb par\u00eb p\u00ebrfshirjen e djalit t\u00eb kryeministrit shqiptar Sali Berisha n\u00eb afer\u00ebn e trafikimit t\u00eb arm\u00ebve kineze nga Shqip\u00ebria n\u00eb Afganistan p\u00ebr llogari t\u00eb ushtris\u00eb amerikane, nd\u00ebrkoh\u00eb q\u00eb nj\u00eb gj\u00eb e till\u00eb \u00ebsht\u00eb e ndaluar nga ligjet amerikane, u d\u00ebnua dje me kat\u00ebr vite burg, [&hellip;]<\/p>\n","protected":false},"author":1,"featured_media":0,"comment_status":"open","ping_status":"closed","sticky":false,"template":"","format":"standard","meta":{"footnotes":""},"categories":[2],"tags":[],"class_list":{"0":"post-5533","1":"post","2":"type-post","3":"status-publish","4":"format-standard","6":"category-artikuj"},"yoast_head":"<!-- This site is optimized with the Yoast SEO plugin v27.4 - https:\/\/yoast.com\/product\/yoast-seo-wordpress\/ -->\n<title>Dyfytyr\u00ebsia jon\u00eb ndaj NATO-s dhe SHBA-ve - FjALA e LIR\u00cb - Arkivi<\/title>\n<meta name=\"robots\" content=\"index, follow, max-snippet:-1, max-image-preview:large, max-video-preview:-1\" \/>\n<link rel=\"canonical\" href=\"https:\/\/fjala.info\/2009-2015\/dyfytyresia-jone-ndaj-nato-s-dhe-shba-ve\/\" \/>\n<meta property=\"og:locale\" content=\"sq_AL\" \/>\n<meta property=\"og:type\" content=\"article\" \/>\n<meta property=\"og:title\" content=\"Dyfytyr\u00ebsia jon\u00eb ndaj NATO-s dhe SHBA-ve - FjALA e LIR\u00cb - Arkivi\" \/>\n<meta property=\"og:description\" content=\"Nga Mero Baze Njeriu, i cili ka p\u00ebrmendur p\u00ebr her\u00eb t\u00eb par\u00eb p\u00ebrfshirjen e djalit t\u00eb kryeministrit shqiptar Sali Berisha n\u00eb afer\u00ebn e trafikimit t\u00eb arm\u00ebve kineze nga Shqip\u00ebria n\u00eb Afganistan p\u00ebr llogari t\u00eb ushtris\u00eb amerikane, nd\u00ebrkoh\u00eb q\u00eb nj\u00eb gj\u00eb e till\u00eb \u00ebsht\u00eb e ndaluar nga ligjet amerikane, u d\u00ebnua dje me kat\u00ebr vite burg, [&hellip;]\" \/>\n<meta property=\"og:url\" content=\"https:\/\/fjala.info\/2009-2015\/dyfytyresia-jone-ndaj-nato-s-dhe-shba-ve\/\" \/>\n<meta property=\"og:site_name\" content=\"FjALA e LIR\u00cb - Arkivi\" \/>\n<meta property=\"article:published_time\" content=\"2011-01-04T21:15:59+00:00\" \/>\n<meta property=\"og:image\" content=\"http:\/\/fjala.shkoder.net\/wp-content\/uploads\/2010\/10\/mero_baze1.jpg\" \/>\n<meta name=\"author\" content=\"admin\" \/>\n<meta name=\"twitter:card\" content=\"summary_large_image\" \/>\n<meta name=\"twitter:label1\" content=\"Written by\" \/>\n\t<meta name=\"twitter:data1\" content=\"admin\" \/>\n\t<meta name=\"twitter:label2\" content=\"Est. reading time\" \/>\n\t<meta name=\"twitter:data2\" content=\"5 minutes\" \/>\n<script type=\"application\/ld+json\" class=\"yoast-schema-graph\">{\"@context\":\"https:\\\/\\\/schema.org\",\"@graph\":[{\"@type\":\"Article\",\"@id\":\"https:\\\/\\\/fjala.info\\\/2009-2015\\\/dyfytyresia-jone-ndaj-nato-s-dhe-shba-ve\\\/#article\",\"isPartOf\":{\"@id\":\"https:\\\/\\\/fjala.info\\\/2009-2015\\\/dyfytyresia-jone-ndaj-nato-s-dhe-shba-ve\\\/\"},\"author\":{\"name\":\"admin\",\"@id\":\"https:\\\/\\\/fjala.info\\\/2009-2015\\\/#\\\/schema\\\/person\\\/3aa1163ef05469c496fc94e77611ada2\"},\"headline\":\"Dyfytyr\u00ebsia jon\u00eb ndaj NATO-s dhe SHBA-ve\",\"datePublished\":\"2011-01-04T21:15:59+00:00\",\"mainEntityOfPage\":{\"@id\":\"https:\\\/\\\/fjala.info\\\/2009-2015\\\/dyfytyresia-jone-ndaj-nato-s-dhe-shba-ve\\\/\"},\"wordCount\":939,\"commentCount\":0,\"publisher\":{\"@id\":\"https:\\\/\\\/fjala.info\\\/2009-2015\\\/#organization\"},\"image\":{\"@id\":\"https:\\\/\\\/fjala.info\\\/2009-2015\\\/dyfytyresia-jone-ndaj-nato-s-dhe-shba-ve\\\/#primaryimage\"},\"thumbnailUrl\":\"http:\\\/\\\/fjala.shkoder.net\\\/wp-content\\\/uploads\\\/2010\\\/10\\\/mero_baze1.jpg\",\"articleSection\":[\"Artikuj\"],\"inLanguage\":\"sq-AL\",\"potentialAction\":[{\"@type\":\"CommentAction\",\"name\":\"Comment\",\"target\":[\"https:\\\/\\\/fjala.info\\\/2009-2015\\\/dyfytyresia-jone-ndaj-nato-s-dhe-shba-ve\\\/#respond\"]}]},{\"@type\":\"WebPage\",\"@id\":\"https:\\\/\\\/fjala.info\\\/2009-2015\\\/dyfytyresia-jone-ndaj-nato-s-dhe-shba-ve\\\/\",\"url\":\"https:\\\/\\\/fjala.info\\\/2009-2015\\\/dyfytyresia-jone-ndaj-nato-s-dhe-shba-ve\\\/\",\"name\":\"Dyfytyr\u00ebsia jon\u00eb ndaj NATO-s dhe SHBA-ve - FjALA e LIR\u00cb - Arkivi\",\"isPartOf\":{\"@id\":\"https:\\\/\\\/fjala.info\\\/2009-2015\\\/#website\"},\"primaryImageOfPage\":{\"@id\":\"https:\\\/\\\/fjala.info\\\/2009-2015\\\/dyfytyresia-jone-ndaj-nato-s-dhe-shba-ve\\\/#primaryimage\"},\"image\":{\"@id\":\"https:\\\/\\\/fjala.info\\\/2009-2015\\\/dyfytyresia-jone-ndaj-nato-s-dhe-shba-ve\\\/#primaryimage\"},\"thumbnailUrl\":\"http:\\\/\\\/fjala.shkoder.net\\\/wp-content\\\/uploads\\\/2010\\\/10\\\/mero_baze1.jpg\",\"datePublished\":\"2011-01-04T21:15:59+00:00\",\"breadcrumb\":{\"@id\":\"https:\\\/\\\/fjala.info\\\/2009-2015\\\/dyfytyresia-jone-ndaj-nato-s-dhe-shba-ve\\\/#breadcrumb\"},\"inLanguage\":\"sq-AL\",\"potentialAction\":[{\"@type\":\"ReadAction\",\"target\":[\"https:\\\/\\\/fjala.info\\\/2009-2015\\\/dyfytyresia-jone-ndaj-nato-s-dhe-shba-ve\\\/\"]}]},{\"@type\":\"ImageObject\",\"inLanguage\":\"sq-AL\",\"@id\":\"https:\\\/\\\/fjala.info\\\/2009-2015\\\/dyfytyresia-jone-ndaj-nato-s-dhe-shba-ve\\\/#primaryimage\",\"url\":\"http:\\\/\\\/fjala.shkoder.net\\\/wp-content\\\/uploads\\\/2010\\\/10\\\/mero_baze1.jpg\",\"contentUrl\":\"http:\\\/\\\/fjala.shkoder.net\\\/wp-content\\\/uploads\\\/2010\\\/10\\\/mero_baze1.jpg\"},{\"@type\":\"BreadcrumbList\",\"@id\":\"https:\\\/\\\/fjala.info\\\/2009-2015\\\/dyfytyresia-jone-ndaj-nato-s-dhe-shba-ve\\\/#breadcrumb\",\"itemListElement\":[{\"@type\":\"ListItem\",\"position\":1,\"name\":\"Home\",\"item\":\"https:\\\/\\\/fjala.info\\\/2009-2015\\\/\"},{\"@type\":\"ListItem\",\"position\":2,\"name\":\"Dyfytyr\u00ebsia jon\u00eb ndaj NATO-s dhe SHBA-ve\"}]},{\"@type\":\"WebSite\",\"@id\":\"https:\\\/\\\/fjala.info\\\/2009-2015\\\/#website\",\"url\":\"https:\\\/\\\/fjala.info\\\/2009-2015\\\/\",\"name\":\"FjALA e LIR\u00cb - Arkivi\",\"description\":\"Arkivi 2009-2015\",\"publisher\":{\"@id\":\"https:\\\/\\\/fjala.info\\\/2009-2015\\\/#organization\"},\"potentialAction\":[{\"@type\":\"SearchAction\",\"target\":{\"@type\":\"EntryPoint\",\"urlTemplate\":\"https:\\\/\\\/fjala.info\\\/2009-2015\\\/?s={search_term_string}\"},\"query-input\":{\"@type\":\"PropertyValueSpecification\",\"valueRequired\":true,\"valueName\":\"search_term_string\"}}],\"inLanguage\":\"sq-AL\"},{\"@type\":\"Organization\",\"@id\":\"https:\\\/\\\/fjala.info\\\/2009-2015\\\/#organization\",\"name\":\"FjALA e LIR\u00cb - Arkivi\",\"url\":\"https:\\\/\\\/fjala.info\\\/2009-2015\\\/\",\"logo\":{\"@type\":\"ImageObject\",\"inLanguage\":\"sq-AL\",\"@id\":\"https:\\\/\\\/fjala.info\\\/2009-2015\\\/#\\\/schema\\\/logo\\\/image\\\/\",\"url\":\"\",\"contentUrl\":\"\",\"caption\":\"FjALA e LIR\u00cb - Arkivi\"},\"image\":{\"@id\":\"https:\\\/\\\/fjala.info\\\/2009-2015\\\/#\\\/schema\\\/logo\\\/image\\\/\"}},{\"@type\":\"Person\",\"@id\":\"https:\\\/\\\/fjala.info\\\/2009-2015\\\/#\\\/schema\\\/person\\\/3aa1163ef05469c496fc94e77611ada2\",\"name\":\"admin\",\"image\":{\"@type\":\"ImageObject\",\"inLanguage\":\"sq-AL\",\"@id\":\"https:\\\/\\\/fjala.info\\\/2009-2015\\\/wp-content\\\/uploads\\\/2012\\\/02\\\/arben_cokaj-120x150.jpg\",\"url\":\"https:\\\/\\\/fjala.info\\\/2009-2015\\\/wp-content\\\/uploads\\\/2012\\\/02\\\/arben_cokaj-120x150.jpg\",\"contentUrl\":\"https:\\\/\\\/fjala.info\\\/2009-2015\\\/wp-content\\\/uploads\\\/2012\\\/02\\\/arben_cokaj-120x150.jpg\",\"caption\":\"admin\"},\"description\":\"Admin, Fjala e Lir\u00eb\",\"sameAs\":[\"https:\\\/\\\/fjala.info\\\/\"],\"url\":\"https:\\\/\\\/fjala.info\\\/2009-2015\\\/author\\\/admin\\\/\"}]}<\/script>\n<!-- \/ Yoast SEO plugin. -->","yoast_head_json":{"title":"Dyfytyr\u00ebsia jon\u00eb ndaj NATO-s dhe SHBA-ve - FjALA e LIR\u00cb - Arkivi","robots":{"index":"index","follow":"follow","max-snippet":"max-snippet:-1","max-image-preview":"max-image-preview:large","max-video-preview":"max-video-preview:-1"},"canonical":"https:\/\/fjala.info\/2009-2015\/dyfytyresia-jone-ndaj-nato-s-dhe-shba-ve\/","og_locale":"sq_AL","og_type":"article","og_title":"Dyfytyr\u00ebsia jon\u00eb ndaj NATO-s dhe SHBA-ve - FjALA e LIR\u00cb - Arkivi","og_description":"Nga Mero Baze Njeriu, i cili ka p\u00ebrmendur p\u00ebr her\u00eb t\u00eb par\u00eb p\u00ebrfshirjen e djalit t\u00eb kryeministrit shqiptar Sali Berisha n\u00eb afer\u00ebn e trafikimit t\u00eb arm\u00ebve kineze nga Shqip\u00ebria n\u00eb Afganistan p\u00ebr llogari t\u00eb ushtris\u00eb amerikane, nd\u00ebrkoh\u00eb q\u00eb nj\u00eb gj\u00eb e till\u00eb \u00ebsht\u00eb e ndaluar nga ligjet amerikane, u d\u00ebnua dje me kat\u00ebr vite burg, [&hellip;]","og_url":"https:\/\/fjala.info\/2009-2015\/dyfytyresia-jone-ndaj-nato-s-dhe-shba-ve\/","og_site_name":"FjALA e LIR\u00cb - Arkivi","article_published_time":"2011-01-04T21:15:59+00:00","og_image":[{"url":"http:\/\/fjala.shkoder.net\/wp-content\/uploads\/2010\/10\/mero_baze1.jpg","type":"","width":"","height":""}],"author":"admin","twitter_card":"summary_large_image","twitter_misc":{"Written by":"admin","Est. reading time":"5 minutes"},"schema":{"@context":"https:\/\/schema.org","@graph":[{"@type":"Article","@id":"https:\/\/fjala.info\/2009-2015\/dyfytyresia-jone-ndaj-nato-s-dhe-shba-ve\/#article","isPartOf":{"@id":"https:\/\/fjala.info\/2009-2015\/dyfytyresia-jone-ndaj-nato-s-dhe-shba-ve\/"},"author":{"name":"admin","@id":"https:\/\/fjala.info\/2009-2015\/#\/schema\/person\/3aa1163ef05469c496fc94e77611ada2"},"headline":"Dyfytyr\u00ebsia jon\u00eb ndaj NATO-s dhe SHBA-ve","datePublished":"2011-01-04T21:15:59+00:00","mainEntityOfPage":{"@id":"https:\/\/fjala.info\/2009-2015\/dyfytyresia-jone-ndaj-nato-s-dhe-shba-ve\/"},"wordCount":939,"commentCount":0,"publisher":{"@id":"https:\/\/fjala.info\/2009-2015\/#organization"},"image":{"@id":"https:\/\/fjala.info\/2009-2015\/dyfytyresia-jone-ndaj-nato-s-dhe-shba-ve\/#primaryimage"},"thumbnailUrl":"http:\/\/fjala.shkoder.net\/wp-content\/uploads\/2010\/10\/mero_baze1.jpg","articleSection":["Artikuj"],"inLanguage":"sq-AL","potentialAction":[{"@type":"CommentAction","name":"Comment","target":["https:\/\/fjala.info\/2009-2015\/dyfytyresia-jone-ndaj-nato-s-dhe-shba-ve\/#respond"]}]},{"@type":"WebPage","@id":"https:\/\/fjala.info\/2009-2015\/dyfytyresia-jone-ndaj-nato-s-dhe-shba-ve\/","url":"https:\/\/fjala.info\/2009-2015\/dyfytyresia-jone-ndaj-nato-s-dhe-shba-ve\/","name":"Dyfytyr\u00ebsia jon\u00eb ndaj NATO-s dhe SHBA-ve - FjALA e LIR\u00cb - Arkivi","isPartOf":{"@id":"https:\/\/fjala.info\/2009-2015\/#website"},"primaryImageOfPage":{"@id":"https:\/\/fjala.info\/2009-2015\/dyfytyresia-jone-ndaj-nato-s-dhe-shba-ve\/#primaryimage"},"image":{"@id":"https:\/\/fjala.info\/2009-2015\/dyfytyresia-jone-ndaj-nato-s-dhe-shba-ve\/#primaryimage"},"thumbnailUrl":"http:\/\/fjala.shkoder.net\/wp-content\/uploads\/2010\/10\/mero_baze1.jpg","datePublished":"2011-01-04T21:15:59+00:00","breadcrumb":{"@id":"https:\/\/fjala.info\/2009-2015\/dyfytyresia-jone-ndaj-nato-s-dhe-shba-ve\/#breadcrumb"},"inLanguage":"sq-AL","potentialAction":[{"@type":"ReadAction","target":["https:\/\/fjala.info\/2009-2015\/dyfytyresia-jone-ndaj-nato-s-dhe-shba-ve\/"]}]},{"@type":"ImageObject","inLanguage":"sq-AL","@id":"https:\/\/fjala.info\/2009-2015\/dyfytyresia-jone-ndaj-nato-s-dhe-shba-ve\/#primaryimage","url":"http:\/\/fjala.shkoder.net\/wp-content\/uploads\/2010\/10\/mero_baze1.jpg","contentUrl":"http:\/\/fjala.shkoder.net\/wp-content\/uploads\/2010\/10\/mero_baze1.jpg"},{"@type":"BreadcrumbList","@id":"https:\/\/fjala.info\/2009-2015\/dyfytyresia-jone-ndaj-nato-s-dhe-shba-ve\/#breadcrumb","itemListElement":[{"@type":"ListItem","position":1,"name":"Home","item":"https:\/\/fjala.info\/2009-2015\/"},{"@type":"ListItem","position":2,"name":"Dyfytyr\u00ebsia jon\u00eb ndaj NATO-s dhe SHBA-ve"}]},{"@type":"WebSite","@id":"https:\/\/fjala.info\/2009-2015\/#website","url":"https:\/\/fjala.info\/2009-2015\/","name":"FjALA e LIR\u00cb - Arkivi","description":"Arkivi 2009-2015","publisher":{"@id":"https:\/\/fjala.info\/2009-2015\/#organization"},"potentialAction":[{"@type":"SearchAction","target":{"@type":"EntryPoint","urlTemplate":"https:\/\/fjala.info\/2009-2015\/?s={search_term_string}"},"query-input":{"@type":"PropertyValueSpecification","valueRequired":true,"valueName":"search_term_string"}}],"inLanguage":"sq-AL"},{"@type":"Organization","@id":"https:\/\/fjala.info\/2009-2015\/#organization","name":"FjALA e LIR\u00cb - Arkivi","url":"https:\/\/fjala.info\/2009-2015\/","logo":{"@type":"ImageObject","inLanguage":"sq-AL","@id":"https:\/\/fjala.info\/2009-2015\/#\/schema\/logo\/image\/","url":"","contentUrl":"","caption":"FjALA e LIR\u00cb - Arkivi"},"image":{"@id":"https:\/\/fjala.info\/2009-2015\/#\/schema\/logo\/image\/"}},{"@type":"Person","@id":"https:\/\/fjala.info\/2009-2015\/#\/schema\/person\/3aa1163ef05469c496fc94e77611ada2","name":"admin","image":{"@type":"ImageObject","inLanguage":"sq-AL","@id":"https:\/\/fjala.info\/2009-2015\/wp-content\/uploads\/2012\/02\/arben_cokaj-120x150.jpg","url":"https:\/\/fjala.info\/2009-2015\/wp-content\/uploads\/2012\/02\/arben_cokaj-120x150.jpg","contentUrl":"https:\/\/fjala.info\/2009-2015\/wp-content\/uploads\/2012\/02\/arben_cokaj-120x150.jpg","caption":"admin"},"description":"Admin, Fjala e Lir\u00eb","sameAs":["https:\/\/fjala.info\/"],"url":"https:\/\/fjala.info\/2009-2015\/author\/admin\/"}]}},"_links":{"self":[{"href":"https:\/\/fjala.info\/2009-2015\/wp-json\/wp\/v2\/posts\/5533","targetHints":{"allow":["GET"]}}],"collection":[{"href":"https:\/\/fjala.info\/2009-2015\/wp-json\/wp\/v2\/posts"}],"about":[{"href":"https:\/\/fjala.info\/2009-2015\/wp-json\/wp\/v2\/types\/post"}],"author":[{"embeddable":true,"href":"https:\/\/fjala.info\/2009-2015\/wp-json\/wp\/v2\/users\/1"}],"replies":[{"embeddable":true,"href":"https:\/\/fjala.info\/2009-2015\/wp-json\/wp\/v2\/comments?post=5533"}],"version-history":[{"count":0,"href":"https:\/\/fjala.info\/2009-2015\/wp-json\/wp\/v2\/posts\/5533\/revisions"}],"wp:attachment":[{"href":"https:\/\/fjala.info\/2009-2015\/wp-json\/wp\/v2\/media?parent=5533"}],"wp:term":[{"taxonomy":"category","embeddable":true,"href":"https:\/\/fjala.info\/2009-2015\/wp-json\/wp\/v2\/categories?post=5533"},{"taxonomy":"post_tag","embeddable":true,"href":"https:\/\/fjala.info\/2009-2015\/wp-json\/wp\/v2\/tags?post=5533"}],"curies":[{"name":"wp","href":"https:\/\/api.w.org\/{rel}","templated":true}]}}