{"id":5531,"date":"2011-01-04T22:13:24","date_gmt":"2011-01-04T21:13:24","guid":{"rendered":"http:\/\/fjala.shkoder.net\/?p=5531"},"modified":"2011-01-04T22:13:24","modified_gmt":"2011-01-04T21:13:24","slug":"gjeopolitika-e-negociatave-te-paralajmeruara","status":"publish","type":"post","link":"https:\/\/fjala.info\/2009-2015\/gjeopolitika-e-negociatave-te-paralajmeruara\/","title":{"rendered":"Gjeopolitika e negociatave t\u00eb paralajm\u00ebruara"},"content":{"rendered":"<p><img loading=\"lazy\" decoding=\"async\" class=\"alignleft size-full wp-image-5226\" title=\"Albin Kurti\" src=\"http:\/\/fjala.shkoder.net\/wp-content\/uploads\/2010\/12\/albin_kurti2.jpg\" alt=\"\" width=\"150\" height=\"110\" \/><br \/>\n<strong>Albin Kurti<\/strong>, <em>02.01.2011<\/em><\/p>\n<p>Negociatat e paralajm\u00ebruara nd\u00ebrmjet Kosov\u00ebs dhe Serbis\u00eb i nevojiten Serbis\u00eb dhe aspak Kosov\u00ebs. Serbia nuk d\u00ebshiron q\u00eb t\u00eb an\u00ebtar\u00ebsohet n\u00eb NATO, por ajo \u00ebsht\u00eb e interesuar q\u00eb t\u00eb an\u00ebtar\u00ebsohet n\u00eb BE. Serbia synon q\u00eb t\u00eb an\u00ebtar\u00ebsohet sa m\u00eb par\u00eb n\u00eb BE dhe nga pozita e shtetit an\u00ebtar ta kusht\u00ebzoj\u00eb Kosov\u00ebn prej lart. N\u00ebse Serbia do ta njihte pavar\u00ebsin\u00eb e Kosov\u00ebs shum\u00eb kollaj mandej do t\u00eb mund t\u00eb avanconte drejt BE-s\u00eb, natyrisht duke plot\u00ebsuar kushtet e normat e parapara nga Brukseli. Mir\u00ebpo, Serbia nuk do q\u00eb ta pranoj\u00eb Kosov\u00ebn si shtet t\u00eb pavarur.<\/p>\n<p>Nd\u00ebr kriteret kryesore q\u00eb nj\u00eb vend duhet ta plot\u00ebsoj\u00eb p\u00ebr t\u00eb aderuar n\u00eb BE \u00ebsht\u00eb fqinj\u00ebsia e mir\u00eb. Serbia k\u00ebt\u00eb kriter edhe do t\u00eb mund ta p\u00ebrmbushte n\u00eb raport me shtetet e tjera me t\u00eb cilat kufizohet, por jo edhe me Kosov\u00ebn. Njohja e pavar\u00ebsis\u00eb s\u00eb Kosov\u00ebs nga Beogradi do t\u00eb ishte pothuajse e mjaftueshme nga pik\u00ebv\u00ebshtrimi i Brukselit p\u00ebr t\u00eb th\u00ebn\u00eb q\u00eb Serbia i ka marr\u00ebdh\u00ebniet e mira me fqinjt\u00eb. Kjo njohje do ta \u00e7lironte Serbin\u00eb nga Kosova p\u00ebr rrug\u00ebtimin e saj drejt BE-s\u00eb. Por, Serbia aspiron q\u00eb edhe t\u00eb p\u00ebrparoj\u00eb drejt BE-s\u00eb, edhe t\u00eb mos e pranoj\u00eb Kosov\u00ebn si shtet t\u00eb pavarur.<\/p>\n<p>Negociatat q\u00eb mendohet t\u00eb nisin vitin e ardhsh\u00ebm sh\u00ebrbejn\u00eb q\u00eb Serbia e Kosova t\u00eb b\u00ebjn\u00eb nj\u00eb s\u00ebr\u00eb dakordimesh t\u00eb cilat do t&#8217;i mund\u00ebsonin Serbis\u00eb t\u00eb thot\u00eb n\u00eb Bruksel q\u00eb ka fqinj\u00ebsi t\u00eb mir\u00eb me Kosov\u00ebn, ndon\u00ebse nuk e njeh Kosov\u00ebn si shtet t\u00eb pavarur. Q\u00ebndrimi bashk\u00ebpunues i qeveritar\u00ebve t\u00eb Kosov\u00ebs p\u00ebr fillimin e negociatave dhe p\u00ebrgjat\u00eb atyre negociatave me Serbin\u00eb \u00ebsht\u00eb i domosdosh\u00ebm p\u00ebr Serbin\u00eb n\u00eb m\u00ebnyr\u00eb q\u00eb ajo t\u00eb mos ngec\u00eb n\u00eb shtegun e integrimeve evropiane.<\/p>\n<p>Mir\u00ebpo, as n\u00eb k\u00ebt\u00eb pik\u00eb nuk p\u00ebrfundojn\u00eb apetitet e Serbis\u00eb. P\u00ebrmes atyre negociatave ajo d\u00ebshiron q\u00eb edhe ta sajoj\u00eb nj\u00eb republik\u00eb serbe p\u00ebrbrenda Kosov\u00ebs sipas modelit t\u00eb Bosnjes. Plani i Ahtisaarit tashm\u00eb e ka hedhur far\u00ebn e bosnj\u00ebzimit t\u00eb Kosov\u00ebs, dhe n\u00eb negociatat e ardhshme Serbia synon q\u00eb brenda Kosov\u00ebs t&#8217;i form\u00ebsoj\u00eb konturat e nj\u00eb republike t\u00eb re serbe n\u00eb Ballkan. Tashm\u00eb po flitet p\u00ebr autonomin\u00eb p\u00ebr veriun dhe p\u00ebr komunat shtes\u00eb m\u00eb shumic\u00eb serbe n\u00eb Prilluzh\u00eb t\u00eb Vushtrris\u00eb e n\u00eb Osojan t\u00eb Burimit.<\/p>\n<p>Pranimin e pavar\u00ebsis\u00eb s\u00eb Kosov\u00ebs Serbia shum\u00eb m\u00eb tep\u00ebr e lidh me sajimin e nj\u00eb shteti t\u00eb till\u00eb serb brenda shtetit t\u00eb Kosov\u00ebs sesa me aspirat\u00ebn p\u00ebr integrim n\u00eb BE. Zaten, asgj\u00eb e re n\u00eb krahasim me Milosheviqin i cili n\u00eb Konferenc\u00ebn e Daytonit n\u00eb vitin 1995 e pat pranuar Bosnjen si shtet t\u00eb pavarur jasht\u00eb Serbis\u00eb at\u00ebher\u00eb kur lideri boshnjak Alija Izetbegoviq e pat pranuar Serbin\u00eb brenda Bosnjes n\u00eb form\u00ebn e Republik\u00ebs Serbe atje.<\/p>\n<p>N\u00ebse ky plan i Serbis\u00eb realizohet at\u00ebher\u00eb okupimi total i Kosov\u00ebs nga Serbia nga fundi i shekullit t\u00eb kaluar do t\u00eb z\u00ebvend\u00ebsohej me kontroll total t\u00eb Kosov\u00ebs nga Serbia n\u00eb dekad\u00ebn e dyt\u00eb e t\u00eb tret\u00eb t\u00eb shekullit XXI. Nga lart, Serbia do ta dirigjonte politik\u00ebn kosovare n\u00ebp\u00ebrmjet kusht\u00ebzimeve nga pozita e vendit q\u00eb ka avancuar drejt BE-s\u00eb shum\u00eb m\u00eb tep\u00ebr se ne, e m\u00eb von\u00eb edhe nga pozita e shtetit an\u00ebtar t\u00eb BE-s\u00eb.<\/p>\n<p>Nga posht\u00eb, ajo do ta kusht\u00ebzonte Kosov\u00ebn p\u00ebrmes republik\u00ebs s\u00eb re serbe brenda Kosov\u00ebs ngjash\u00ebm si\u00e7 vepron me Bosnjen e cila, p\u00ebrkund\u00ebr vullnetit t\u00eb boshnjak\u00ebve dhe kroat\u00ebve, nuk e njeh pavar\u00ebsin\u00eb e Kosov\u00ebs meq\u00eb Republika Serbe atje e ka p\u00ebrdor t\u00eb drejt\u00ebn e vetos p\u00ebr k\u00ebt\u00eb \u00e7\u00ebshtje. Pra, Serbia edhe do t\u00eb mund ta pranoj\u00eb pavar\u00ebsin\u00eb e Kosov\u00ebs pas disa viteve, por vet\u00ebm at\u00ebher\u00eb kur do ta ket\u00eb t\u00eb siguruar ndikimin e saj dominues n\u00eb Kosov\u00eb, duke formuar nj\u00eb Serbi t\u00eb vog\u00ebl brenda Kosov\u00ebs, dhe pasi q\u00eb t&#8217;i jet\u00eb afruar fare pran\u00eb port\u00ebs ku shkruan: BE.<\/p>\n<p>Megjithat\u00eb, BE-ja s&#8217;do ta toleronte realizimin e gjith\u00eb k\u00ebtij plani hegjemonist t\u00eb Serbis\u00eb, apo jo? BE-ja nuk do t\u00eb lejoj\u00eb q\u00eb Serbia t\u00eb udh\u00ebtoj\u00eb drejt BE-s\u00eb pa e pranuar pavar\u00ebsin\u00eb e Kosov\u00ebs? Dhe, BE-ja patjet\u00ebr q\u00eb nuk do ta duroj\u00eb Serbin\u00eb gjersa ajo e b\u00ebn Kosov\u00ebn t\u00ebr\u00ebsisht jofunksionale p\u00ebrmes riprodhimit t\u00eb modelit t\u00eb Bosnjes, apo jo? Nuk jam aspak i sigurt p\u00ebr k\u00ebto. BE-ja, para s\u00eb gjithash e mbi t\u00eb gjitha, d\u00ebshiron q\u00eb Serbin\u00eb ta shk\u00ebpus\u00eb nga ndikimi i Rusis\u00eb, nga p\u00ebrdorimi i saj si dor\u00eb e zgjatur e Rusis\u00eb. Shkat\u00ebrrimi i BRSS-s\u00eb rezultoi me nj\u00eb Rusi q\u00eb si nj\u00eb oktopod i madh ka p\u00ebr tentakula Bellorusin\u00eb, Ukrain\u00ebn, Transdniestrin\u00eb, Abhazin\u00eb, Osetin\u00eb Jugore, por pak a shum\u00eb edhe Armenin\u00eb, Taxhikistanin e Kirgistanin.<\/p>\n<p>N\u00eb an\u00ebn tjet\u00ebr, edhe shkat\u00ebrrimi i RSFJ-s\u00eb rezultoi me nj\u00eb Serbi q\u00eb si nj\u00eb oktapod i vog\u00ebl ka p\u00ebr tentakula Republik\u00ebn Serbe n\u00eb Bosnje, 30% t\u00eb popullsis\u00eb n\u00eb Mal t\u00eb Zi q\u00eb jan\u00eb deklaruar serb\u00eb, duke qen\u00eb kund\u00ebr pavar\u00ebsis\u00eb s\u00eb Malit t\u00eb Zi, veriun e Kosov\u00ebs dhe enklavat serbe n\u00eb Kosov\u00eb, si dhe ndikimin e Kish\u00ebs Ortodokse serbe n\u00eb Mal t\u00eb Zi, Kosov\u00eb e Maqedoni. Interesi par\u00ebsor i BE-s\u00eb \u00ebsht\u00eb q\u00eb ta ndaj\u00eb oktapodin e vog\u00ebl (Serbin\u00eb) nga oktopodi i madh (Rusia) p\u00ebrmes procesit t\u00eb integrimeve evropiane, meqen\u00ebse q\u00eb nga viti 2007, at\u00ebher\u00eb kur Rumania e Bullgaria u b\u00ebn\u00eb an\u00ebtare t\u00eb BE-s\u00eb, Serbia n\u00eb oborrin evropian mbeti si Kal\u00eb i Troj\u00ebs q\u00eb i sh\u00ebrben Rusis\u00eb. Interesi par\u00ebsor i Kosov\u00ebs dhe i shqiptar\u00ebve \u00ebsht\u00eb q\u00eb tentakula e Serbis\u00eb e llojit t\u00eb veriut dhe enklavave serbe n\u00eb Kosov\u00eb t\u00eb shk\u00ebputet sa m\u00eb par\u00eb nga Serbia.<\/p>\n<p>Interes yni \u00ebsht\u00eb edhe ky interesi par\u00ebsor i BE-s\u00eb, porse ai s&#8217;mund t\u00eb jet\u00eb interes par\u00ebsor yni, aq m\u00eb pak n\u00ebse p\u00ebr ta realizuar interesin e saj par\u00ebsor BE-ja \u00ebsht\u00eb e gatshme q\u00eb k\u00ebt\u00eb ta b\u00ebj\u00eb edhe n\u00eb kurriz t\u00eb interesit par\u00ebsor t\u00eb Kosov\u00ebs dhe t\u00eb shqiptar\u00ebve. BE-ja e di mir\u00eb q\u00eb Serbia qysh n\u00eb origjin\u00ebn e saj si shtet veten ia ka borxh Rusis\u00eb. Prandaj, BE-ja, edhe pse nuk e do Serbin\u00eb menj\u00ebher\u00eb n\u00eb BE, e do at\u00eb n\u00eb binar\u00ebt e integrimeve evropiane ku do ta t\u00ebrhiqte l\u00ebmuesh\u00ebm Serbin\u00eb prej nj\u00eb stacioni n\u00eb tjetrin drejt Brukselit.<\/p>\n<p>Por, cila \u00ebsht\u00eb pozita dhe roli i ShBA-ve n\u00eb k\u00ebt\u00eb mes? ShBA-t\u00eb, p\u00ebrkund\u00ebr q\u00ebndrimit tradicionalisht m\u00eb t\u00eb shpejt\u00eb dhe m\u00eb t\u00eb avancuar p\u00ebr Kosov\u00ebn dhe shqiptar\u00ebt n\u00eb krahasim me BE-n\u00eb, nuk mund t&#8217;i d\u00ebmtojn\u00eb marr\u00ebdh\u00ebniet e tyre me BE-n\u00eb p\u00ebr hir t\u00eb Kosov\u00ebs. P\u00ebr m\u00eb keq, ShBA-t\u00eb s&#8217;mund t\u00eb ken\u00eb ambicie m\u00eb t\u00eb m\u00ebdha p\u00ebr Kosov\u00ebn sesa vet\u00eb krer\u00ebt institucional\u00eb t\u00eb saj q\u00eb pranojn\u00eb t\u00eb negociojn\u00eb me Serbin\u00eb p\u00ebr Kosov\u00ebn. Dhe, nj\u00ebkoh\u00ebsisht, nuk mund t\u00eb k\u00ebrkojn\u00eb nga BE-ja favore p\u00ebr Kosov\u00ebn dhe shqiptar\u00ebt p\u00ebrderisa ne udh\u00ebhiqemi nga politikan\u00eb e zyrtar\u00eb shtet\u00ebror\u00eb t\u00eb korruptuar e t\u00eb diskredituar. BE-ja nuk do t\u00eb l\u00ebshoj\u00eb pe p\u00ebr k\u00ebrkesat q\u00eb e avancojn\u00eb Kosov\u00ebn, p\u00ebrderisa nga k\u00ebto koncesione do t\u00eb p\u00ebrfitonte edhe pushteti i korruptuar n\u00eb Kosov\u00eb.<\/p>\n<p>Nd\u00ebrrimi i pushtetit n\u00eb vitin 2011 gjithandej na shfaqet si kushti i mund\u00ebsis\u00eb p\u00ebr p\u00ebrparim p\u00ebr Kosov\u00ebn dhe shqiptar\u00ebt.<\/p>\n","protected":false},"excerpt":{"rendered":"<p>Albin Kurti, 02.01.2011 Negociatat e paralajm\u00ebruara nd\u00ebrmjet Kosov\u00ebs dhe Serbis\u00eb i nevojiten Serbis\u00eb dhe aspak Kosov\u00ebs. Serbia nuk d\u00ebshiron q\u00eb t\u00eb an\u00ebtar\u00ebsohet n\u00eb NATO, por ajo \u00ebsht\u00eb e interesuar q\u00eb t\u00eb an\u00ebtar\u00ebsohet n\u00eb BE. Serbia synon q\u00eb t\u00eb an\u00ebtar\u00ebsohet sa m\u00eb par\u00eb n\u00eb BE dhe nga pozita e shtetit an\u00ebtar ta kusht\u00ebzoj\u00eb Kosov\u00ebn prej lart. [&hellip;]<\/p>\n","protected":false},"author":1,"featured_media":0,"comment_status":"open","ping_status":"closed","sticky":false,"template":"","format":"standard","meta":{"footnotes":""},"categories":[2],"tags":[],"class_list":{"0":"post-5531","1":"post","2":"type-post","3":"status-publish","4":"format-standard","6":"category-artikuj"},"yoast_head":"<!-- This site is optimized with the Yoast SEO plugin v27.4 - https:\/\/yoast.com\/product\/yoast-seo-wordpress\/ -->\n<title>Gjeopolitika e negociatave t\u00eb paralajm\u00ebruara - FjALA e LIR\u00cb - Arkivi<\/title>\n<meta name=\"robots\" content=\"index, follow, max-snippet:-1, max-image-preview:large, max-video-preview:-1\" \/>\n<link rel=\"canonical\" href=\"https:\/\/fjala.info\/2009-2015\/gjeopolitika-e-negociatave-te-paralajmeruara\/\" \/>\n<meta property=\"og:locale\" content=\"sq_AL\" \/>\n<meta property=\"og:type\" content=\"article\" \/>\n<meta property=\"og:title\" content=\"Gjeopolitika e negociatave t\u00eb paralajm\u00ebruara - FjALA e LIR\u00cb - Arkivi\" \/>\n<meta property=\"og:description\" content=\"Albin Kurti, 02.01.2011 Negociatat e paralajm\u00ebruara nd\u00ebrmjet Kosov\u00ebs dhe Serbis\u00eb i nevojiten Serbis\u00eb dhe aspak Kosov\u00ebs. Serbia nuk d\u00ebshiron q\u00eb t\u00eb an\u00ebtar\u00ebsohet n\u00eb NATO, por ajo \u00ebsht\u00eb e interesuar q\u00eb t\u00eb an\u00ebtar\u00ebsohet n\u00eb BE. Serbia synon q\u00eb t\u00eb an\u00ebtar\u00ebsohet sa m\u00eb par\u00eb n\u00eb BE dhe nga pozita e shtetit an\u00ebtar ta kusht\u00ebzoj\u00eb Kosov\u00ebn prej lart. [&hellip;]\" \/>\n<meta property=\"og:url\" content=\"https:\/\/fjala.info\/2009-2015\/gjeopolitika-e-negociatave-te-paralajmeruara\/\" \/>\n<meta property=\"og:site_name\" content=\"FjALA e LIR\u00cb - Arkivi\" \/>\n<meta property=\"article:published_time\" content=\"2011-01-04T21:13:24+00:00\" \/>\n<meta property=\"og:image\" content=\"http:\/\/fjala.shkoder.net\/wp-content\/uploads\/2010\/12\/albin_kurti2.jpg\" \/>\n<meta name=\"author\" content=\"admin\" \/>\n<meta name=\"twitter:card\" content=\"summary_large_image\" \/>\n<meta name=\"twitter:label1\" content=\"Written by\" \/>\n\t<meta name=\"twitter:data1\" content=\"admin\" \/>\n\t<meta name=\"twitter:label2\" content=\"Est. reading time\" \/>\n\t<meta name=\"twitter:data2\" content=\"7 minutes\" \/>\n<script type=\"application\/ld+json\" class=\"yoast-schema-graph\">{\"@context\":\"https:\\\/\\\/schema.org\",\"@graph\":[{\"@type\":\"Article\",\"@id\":\"https:\\\/\\\/fjala.info\\\/2009-2015\\\/gjeopolitika-e-negociatave-te-paralajmeruara\\\/#article\",\"isPartOf\":{\"@id\":\"https:\\\/\\\/fjala.info\\\/2009-2015\\\/gjeopolitika-e-negociatave-te-paralajmeruara\\\/\"},\"author\":{\"name\":\"admin\",\"@id\":\"https:\\\/\\\/fjala.info\\\/2009-2015\\\/#\\\/schema\\\/person\\\/3aa1163ef05469c496fc94e77611ada2\"},\"headline\":\"Gjeopolitika e negociatave t\u00eb paralajm\u00ebruara\",\"datePublished\":\"2011-01-04T21:13:24+00:00\",\"mainEntityOfPage\":{\"@id\":\"https:\\\/\\\/fjala.info\\\/2009-2015\\\/gjeopolitika-e-negociatave-te-paralajmeruara\\\/\"},\"wordCount\":1331,\"commentCount\":0,\"publisher\":{\"@id\":\"https:\\\/\\\/fjala.info\\\/2009-2015\\\/#organization\"},\"image\":{\"@id\":\"https:\\\/\\\/fjala.info\\\/2009-2015\\\/gjeopolitika-e-negociatave-te-paralajmeruara\\\/#primaryimage\"},\"thumbnailUrl\":\"http:\\\/\\\/fjala.shkoder.net\\\/wp-content\\\/uploads\\\/2010\\\/12\\\/albin_kurti2.jpg\",\"articleSection\":[\"Artikuj\"],\"inLanguage\":\"sq-AL\",\"potentialAction\":[{\"@type\":\"CommentAction\",\"name\":\"Comment\",\"target\":[\"https:\\\/\\\/fjala.info\\\/2009-2015\\\/gjeopolitika-e-negociatave-te-paralajmeruara\\\/#respond\"]}]},{\"@type\":\"WebPage\",\"@id\":\"https:\\\/\\\/fjala.info\\\/2009-2015\\\/gjeopolitika-e-negociatave-te-paralajmeruara\\\/\",\"url\":\"https:\\\/\\\/fjala.info\\\/2009-2015\\\/gjeopolitika-e-negociatave-te-paralajmeruara\\\/\",\"name\":\"Gjeopolitika e negociatave t\u00eb paralajm\u00ebruara - FjALA e LIR\u00cb - Arkivi\",\"isPartOf\":{\"@id\":\"https:\\\/\\\/fjala.info\\\/2009-2015\\\/#website\"},\"primaryImageOfPage\":{\"@id\":\"https:\\\/\\\/fjala.info\\\/2009-2015\\\/gjeopolitika-e-negociatave-te-paralajmeruara\\\/#primaryimage\"},\"image\":{\"@id\":\"https:\\\/\\\/fjala.info\\\/2009-2015\\\/gjeopolitika-e-negociatave-te-paralajmeruara\\\/#primaryimage\"},\"thumbnailUrl\":\"http:\\\/\\\/fjala.shkoder.net\\\/wp-content\\\/uploads\\\/2010\\\/12\\\/albin_kurti2.jpg\",\"datePublished\":\"2011-01-04T21:13:24+00:00\",\"breadcrumb\":{\"@id\":\"https:\\\/\\\/fjala.info\\\/2009-2015\\\/gjeopolitika-e-negociatave-te-paralajmeruara\\\/#breadcrumb\"},\"inLanguage\":\"sq-AL\",\"potentialAction\":[{\"@type\":\"ReadAction\",\"target\":[\"https:\\\/\\\/fjala.info\\\/2009-2015\\\/gjeopolitika-e-negociatave-te-paralajmeruara\\\/\"]}]},{\"@type\":\"ImageObject\",\"inLanguage\":\"sq-AL\",\"@id\":\"https:\\\/\\\/fjala.info\\\/2009-2015\\\/gjeopolitika-e-negociatave-te-paralajmeruara\\\/#primaryimage\",\"url\":\"http:\\\/\\\/fjala.shkoder.net\\\/wp-content\\\/uploads\\\/2010\\\/12\\\/albin_kurti2.jpg\",\"contentUrl\":\"http:\\\/\\\/fjala.shkoder.net\\\/wp-content\\\/uploads\\\/2010\\\/12\\\/albin_kurti2.jpg\"},{\"@type\":\"BreadcrumbList\",\"@id\":\"https:\\\/\\\/fjala.info\\\/2009-2015\\\/gjeopolitika-e-negociatave-te-paralajmeruara\\\/#breadcrumb\",\"itemListElement\":[{\"@type\":\"ListItem\",\"position\":1,\"name\":\"Home\",\"item\":\"https:\\\/\\\/fjala.info\\\/2009-2015\\\/\"},{\"@type\":\"ListItem\",\"position\":2,\"name\":\"Gjeopolitika e negociatave t\u00eb paralajm\u00ebruara\"}]},{\"@type\":\"WebSite\",\"@id\":\"https:\\\/\\\/fjala.info\\\/2009-2015\\\/#website\",\"url\":\"https:\\\/\\\/fjala.info\\\/2009-2015\\\/\",\"name\":\"FjALA e LIR\u00cb - Arkivi\",\"description\":\"Arkivi 2009-2015\",\"publisher\":{\"@id\":\"https:\\\/\\\/fjala.info\\\/2009-2015\\\/#organization\"},\"potentialAction\":[{\"@type\":\"SearchAction\",\"target\":{\"@type\":\"EntryPoint\",\"urlTemplate\":\"https:\\\/\\\/fjala.info\\\/2009-2015\\\/?s={search_term_string}\"},\"query-input\":{\"@type\":\"PropertyValueSpecification\",\"valueRequired\":true,\"valueName\":\"search_term_string\"}}],\"inLanguage\":\"sq-AL\"},{\"@type\":\"Organization\",\"@id\":\"https:\\\/\\\/fjala.info\\\/2009-2015\\\/#organization\",\"name\":\"FjALA e LIR\u00cb - Arkivi\",\"url\":\"https:\\\/\\\/fjala.info\\\/2009-2015\\\/\",\"logo\":{\"@type\":\"ImageObject\",\"inLanguage\":\"sq-AL\",\"@id\":\"https:\\\/\\\/fjala.info\\\/2009-2015\\\/#\\\/schema\\\/logo\\\/image\\\/\",\"url\":\"\",\"contentUrl\":\"\",\"caption\":\"FjALA e LIR\u00cb - Arkivi\"},\"image\":{\"@id\":\"https:\\\/\\\/fjala.info\\\/2009-2015\\\/#\\\/schema\\\/logo\\\/image\\\/\"}},{\"@type\":\"Person\",\"@id\":\"https:\\\/\\\/fjala.info\\\/2009-2015\\\/#\\\/schema\\\/person\\\/3aa1163ef05469c496fc94e77611ada2\",\"name\":\"admin\",\"image\":{\"@type\":\"ImageObject\",\"inLanguage\":\"sq-AL\",\"@id\":\"https:\\\/\\\/fjala.info\\\/2009-2015\\\/wp-content\\\/uploads\\\/2012\\\/02\\\/arben_cokaj-120x150.jpg\",\"url\":\"https:\\\/\\\/fjala.info\\\/2009-2015\\\/wp-content\\\/uploads\\\/2012\\\/02\\\/arben_cokaj-120x150.jpg\",\"contentUrl\":\"https:\\\/\\\/fjala.info\\\/2009-2015\\\/wp-content\\\/uploads\\\/2012\\\/02\\\/arben_cokaj-120x150.jpg\",\"caption\":\"admin\"},\"description\":\"Admin, Fjala e Lir\u00eb\",\"sameAs\":[\"https:\\\/\\\/fjala.info\\\/\"],\"url\":\"https:\\\/\\\/fjala.info\\\/2009-2015\\\/author\\\/admin\\\/\"}]}<\/script>\n<!-- \/ Yoast SEO plugin. -->","yoast_head_json":{"title":"Gjeopolitika e negociatave t\u00eb paralajm\u00ebruara - FjALA e LIR\u00cb - Arkivi","robots":{"index":"index","follow":"follow","max-snippet":"max-snippet:-1","max-image-preview":"max-image-preview:large","max-video-preview":"max-video-preview:-1"},"canonical":"https:\/\/fjala.info\/2009-2015\/gjeopolitika-e-negociatave-te-paralajmeruara\/","og_locale":"sq_AL","og_type":"article","og_title":"Gjeopolitika e negociatave t\u00eb paralajm\u00ebruara - FjALA e LIR\u00cb - Arkivi","og_description":"Albin Kurti, 02.01.2011 Negociatat e paralajm\u00ebruara nd\u00ebrmjet Kosov\u00ebs dhe Serbis\u00eb i nevojiten Serbis\u00eb dhe aspak Kosov\u00ebs. Serbia nuk d\u00ebshiron q\u00eb t\u00eb an\u00ebtar\u00ebsohet n\u00eb NATO, por ajo \u00ebsht\u00eb e interesuar q\u00eb t\u00eb an\u00ebtar\u00ebsohet n\u00eb BE. Serbia synon q\u00eb t\u00eb an\u00ebtar\u00ebsohet sa m\u00eb par\u00eb n\u00eb BE dhe nga pozita e shtetit an\u00ebtar ta kusht\u00ebzoj\u00eb Kosov\u00ebn prej lart. [&hellip;]","og_url":"https:\/\/fjala.info\/2009-2015\/gjeopolitika-e-negociatave-te-paralajmeruara\/","og_site_name":"FjALA e LIR\u00cb - Arkivi","article_published_time":"2011-01-04T21:13:24+00:00","og_image":[{"url":"http:\/\/fjala.shkoder.net\/wp-content\/uploads\/2010\/12\/albin_kurti2.jpg","type":"","width":"","height":""}],"author":"admin","twitter_card":"summary_large_image","twitter_misc":{"Written by":"admin","Est. reading time":"7 minutes"},"schema":{"@context":"https:\/\/schema.org","@graph":[{"@type":"Article","@id":"https:\/\/fjala.info\/2009-2015\/gjeopolitika-e-negociatave-te-paralajmeruara\/#article","isPartOf":{"@id":"https:\/\/fjala.info\/2009-2015\/gjeopolitika-e-negociatave-te-paralajmeruara\/"},"author":{"name":"admin","@id":"https:\/\/fjala.info\/2009-2015\/#\/schema\/person\/3aa1163ef05469c496fc94e77611ada2"},"headline":"Gjeopolitika e negociatave t\u00eb paralajm\u00ebruara","datePublished":"2011-01-04T21:13:24+00:00","mainEntityOfPage":{"@id":"https:\/\/fjala.info\/2009-2015\/gjeopolitika-e-negociatave-te-paralajmeruara\/"},"wordCount":1331,"commentCount":0,"publisher":{"@id":"https:\/\/fjala.info\/2009-2015\/#organization"},"image":{"@id":"https:\/\/fjala.info\/2009-2015\/gjeopolitika-e-negociatave-te-paralajmeruara\/#primaryimage"},"thumbnailUrl":"http:\/\/fjala.shkoder.net\/wp-content\/uploads\/2010\/12\/albin_kurti2.jpg","articleSection":["Artikuj"],"inLanguage":"sq-AL","potentialAction":[{"@type":"CommentAction","name":"Comment","target":["https:\/\/fjala.info\/2009-2015\/gjeopolitika-e-negociatave-te-paralajmeruara\/#respond"]}]},{"@type":"WebPage","@id":"https:\/\/fjala.info\/2009-2015\/gjeopolitika-e-negociatave-te-paralajmeruara\/","url":"https:\/\/fjala.info\/2009-2015\/gjeopolitika-e-negociatave-te-paralajmeruara\/","name":"Gjeopolitika e negociatave t\u00eb paralajm\u00ebruara - FjALA e LIR\u00cb - Arkivi","isPartOf":{"@id":"https:\/\/fjala.info\/2009-2015\/#website"},"primaryImageOfPage":{"@id":"https:\/\/fjala.info\/2009-2015\/gjeopolitika-e-negociatave-te-paralajmeruara\/#primaryimage"},"image":{"@id":"https:\/\/fjala.info\/2009-2015\/gjeopolitika-e-negociatave-te-paralajmeruara\/#primaryimage"},"thumbnailUrl":"http:\/\/fjala.shkoder.net\/wp-content\/uploads\/2010\/12\/albin_kurti2.jpg","datePublished":"2011-01-04T21:13:24+00:00","breadcrumb":{"@id":"https:\/\/fjala.info\/2009-2015\/gjeopolitika-e-negociatave-te-paralajmeruara\/#breadcrumb"},"inLanguage":"sq-AL","potentialAction":[{"@type":"ReadAction","target":["https:\/\/fjala.info\/2009-2015\/gjeopolitika-e-negociatave-te-paralajmeruara\/"]}]},{"@type":"ImageObject","inLanguage":"sq-AL","@id":"https:\/\/fjala.info\/2009-2015\/gjeopolitika-e-negociatave-te-paralajmeruara\/#primaryimage","url":"http:\/\/fjala.shkoder.net\/wp-content\/uploads\/2010\/12\/albin_kurti2.jpg","contentUrl":"http:\/\/fjala.shkoder.net\/wp-content\/uploads\/2010\/12\/albin_kurti2.jpg"},{"@type":"BreadcrumbList","@id":"https:\/\/fjala.info\/2009-2015\/gjeopolitika-e-negociatave-te-paralajmeruara\/#breadcrumb","itemListElement":[{"@type":"ListItem","position":1,"name":"Home","item":"https:\/\/fjala.info\/2009-2015\/"},{"@type":"ListItem","position":2,"name":"Gjeopolitika e negociatave t\u00eb paralajm\u00ebruara"}]},{"@type":"WebSite","@id":"https:\/\/fjala.info\/2009-2015\/#website","url":"https:\/\/fjala.info\/2009-2015\/","name":"FjALA e LIR\u00cb - Arkivi","description":"Arkivi 2009-2015","publisher":{"@id":"https:\/\/fjala.info\/2009-2015\/#organization"},"potentialAction":[{"@type":"SearchAction","target":{"@type":"EntryPoint","urlTemplate":"https:\/\/fjala.info\/2009-2015\/?s={search_term_string}"},"query-input":{"@type":"PropertyValueSpecification","valueRequired":true,"valueName":"search_term_string"}}],"inLanguage":"sq-AL"},{"@type":"Organization","@id":"https:\/\/fjala.info\/2009-2015\/#organization","name":"FjALA e LIR\u00cb - Arkivi","url":"https:\/\/fjala.info\/2009-2015\/","logo":{"@type":"ImageObject","inLanguage":"sq-AL","@id":"https:\/\/fjala.info\/2009-2015\/#\/schema\/logo\/image\/","url":"","contentUrl":"","caption":"FjALA e LIR\u00cb - Arkivi"},"image":{"@id":"https:\/\/fjala.info\/2009-2015\/#\/schema\/logo\/image\/"}},{"@type":"Person","@id":"https:\/\/fjala.info\/2009-2015\/#\/schema\/person\/3aa1163ef05469c496fc94e77611ada2","name":"admin","image":{"@type":"ImageObject","inLanguage":"sq-AL","@id":"https:\/\/fjala.info\/2009-2015\/wp-content\/uploads\/2012\/02\/arben_cokaj-120x150.jpg","url":"https:\/\/fjala.info\/2009-2015\/wp-content\/uploads\/2012\/02\/arben_cokaj-120x150.jpg","contentUrl":"https:\/\/fjala.info\/2009-2015\/wp-content\/uploads\/2012\/02\/arben_cokaj-120x150.jpg","caption":"admin"},"description":"Admin, Fjala e Lir\u00eb","sameAs":["https:\/\/fjala.info\/"],"url":"https:\/\/fjala.info\/2009-2015\/author\/admin\/"}]}},"_links":{"self":[{"href":"https:\/\/fjala.info\/2009-2015\/wp-json\/wp\/v2\/posts\/5531","targetHints":{"allow":["GET"]}}],"collection":[{"href":"https:\/\/fjala.info\/2009-2015\/wp-json\/wp\/v2\/posts"}],"about":[{"href":"https:\/\/fjala.info\/2009-2015\/wp-json\/wp\/v2\/types\/post"}],"author":[{"embeddable":true,"href":"https:\/\/fjala.info\/2009-2015\/wp-json\/wp\/v2\/users\/1"}],"replies":[{"embeddable":true,"href":"https:\/\/fjala.info\/2009-2015\/wp-json\/wp\/v2\/comments?post=5531"}],"version-history":[{"count":0,"href":"https:\/\/fjala.info\/2009-2015\/wp-json\/wp\/v2\/posts\/5531\/revisions"}],"wp:attachment":[{"href":"https:\/\/fjala.info\/2009-2015\/wp-json\/wp\/v2\/media?parent=5531"}],"wp:term":[{"taxonomy":"category","embeddable":true,"href":"https:\/\/fjala.info\/2009-2015\/wp-json\/wp\/v2\/categories?post=5531"},{"taxonomy":"post_tag","embeddable":true,"href":"https:\/\/fjala.info\/2009-2015\/wp-json\/wp\/v2\/tags?post=5531"}],"curies":[{"name":"wp","href":"https:\/\/api.w.org\/{rel}","templated":true}]}}