{"id":5514,"date":"2011-01-04T09:34:26","date_gmt":"2011-01-04T08:34:26","guid":{"rendered":"http:\/\/fjala.shkoder.net\/?p=5514"},"modified":"2011-01-04T09:34:26","modified_gmt":"2011-01-04T08:34:26","slug":"gabriel-garsia-markez-letra-e-lamtumires","status":"publish","type":"post","link":"https:\/\/fjala.info\/2009-2015\/gabriel-garsia-markez-letra-e-lamtumires\/","title":{"rendered":"Gabriel Garsia Markez: Letra e Lamtumir\u00ebs"},"content":{"rendered":"<p><img decoding=\"async\" class=\"alignright size-full wp-image-5515\" title=\"Gabriel Garsia Markez\" src=\"http:\/\/fjala.shkoder.net\/wp-content\/uploads\/2011\/01\/gabriel_garsia_markez.jpg\" alt=\"\" width=\"200\" \/><\/p>\n<p><strong>Letra e Lamtumir\u00ebs<\/strong> (<strong><em>Kukulla<\/em><\/strong>), e shtun\u00eb, <em>03.07.2009<\/em><\/p>\n<p><strong>Gabriel Garsia Markes<\/strong> (<em>Gabriel Garcia Marquez<\/em>)<\/p>\n<p>N\u00ebse p\u00ebr nj\u00eb \u00e7ast Zoti do t\u00eb harronte se<br \/>\njam nj\u00eb kukull lecke e<br \/>\ndo t\u00eb m\u00eb dhuroj\u00eb paksa jet\u00eb, ka gjasa se<br \/>\nnuk do t\u00eb them gjith\u00e7ka q\u00eb mendoj,<br \/>\npor patjet\u00ebr do ta mendoj \u00e7do gj\u00eb q\u00eb do ta them.<\/p>\n<p>Do t\u2019iu jepja vler\u00eb gj\u00ebrave, jo p\u00ebr vler\u00ebn q\u00eb kan\u00eb,<br \/>\npor p\u00ebr kuptimin q\u00eb kan\u00eb.<\/p>\n<p>Do t\u00eb flija pak, do t\u00eb \u00ebnd\u00ebrroja m\u00eb shum\u00eb,<\/p>\n<p>e kuptoj se p\u00ebr \u00e7do minut\u00eb q\u00eb i mbyllim<br \/>\nsyt\u00eb, humbim gjasht\u00ebdhjet\u00eb sekonda drit\u00eb.<\/p>\n<p>Do t\u00eb ecja p\u00ebrpara kur t\u00eb tjer\u00ebt do t\u00eb ndaleshin,<br \/>\ndo t\u00eb rrija zgjuar kur t\u00eb tjer\u00ebt do t\u00eb flinin,<br \/>\ndo t\u00eb d\u00ebgjoja kur t\u00eb tjer\u00ebt flasin dhe<br \/>\nsa do t\u00eb shijoja nj\u00eb akullore t\u00eb mir\u00eb \u00e7okolate!<\/p>\n<p><img loading=\"lazy\" decoding=\"async\" class=\"alignright size-medium wp-image-5516\" title=\"kukull\" src=\"http:\/\/fjala.shkoder.net\/wp-content\/uploads\/2011\/01\/kukull-205x300.jpg\" alt=\"\" width=\"205\" height=\"300\" \/><\/p>\n<p>N\u00ebse Zoti do t\u00eb m\u00eb dhuronte paksa jet\u00eb,<br \/>\ndo t\u00eb vishesha thjesht\u00eb,<br \/>\ndo t\u00eb shtrihesha n\u00eb pish\u00eb t\u00eb diellit, duke l\u00ebn\u00eb zbuluar jo vet\u00ebm<br \/>\ntrupin tim por edhe shpirtin tim.<\/p>\n<p>Zoti im, n\u00ebse do t\u00eb kisha nj\u00eb zem\u00ebr, do ta shkruaja<br \/>\nurrejtjen time n\u00eb akull dhe<br \/>\ndo t\u00eb prisja q\u00eb t\u00eb shkrihej n\u00eb diell.<\/p>\n<p>Do t\u00eb pikturoja me nj\u00eb \u00ebnd\u00ebr t\u00eb Van Gogut<br \/>\nsip\u00ebr yjeve nj\u00eb poem\u00eb t\u00eb Benedettit<br \/>\ndhe nj\u00eb k\u00ebng\u00eb e Serratit do t\u00eb ishte serenata<br \/>\nq\u00eb do t\u2019ia kushtoja h\u00ebn\u00ebs.<\/p>\n<p>Do t\u2019i ujitja me lot\u00ebt e mi tr\u00ebndafil\u00ebt,<br \/>\np\u00ebr ta ndjer\u00eb dhimbjen e gjembave t\u00eb tyre<br \/>\ndhe puthjen e misht\u00eb t\u00eb petaleve t\u00eb tyre\u2026<\/p>\n<p>Zoti im, n\u00ebse do t\u00eb kisha paksa jet\u00eb\u2026<\/p>\n<p>Nuk do t\u00eb lija t\u00eb kalonte qoft\u00eb nj\u00eb dit\u00eb t\u00eb vetme<br \/>\npa iu th\u00ebn\u00eb njer\u00ebzve se dua,<br \/>\nse i dua. Do t\u2019i bindja t\u00eb gjith\u00eb burrat e grat\u00eb<br \/>\nse jan\u00eb t\u00eb parap\u00eblqyerit e mi dhe<br \/>\ndo t\u00eb jetoja i dashuruar nga dashuria.<\/p>\n<p>Njer\u00ebzve do t\u2019ua provoja<br \/>\nsa gabojn\u00eb tek mendojn\u00eb<br \/>\nt\u00eb heqin dor\u00eb s\u00eb dashuruari<br \/>\nkur plaken, pa e ditur<br \/>\nse plaken kur heqin dor\u00eb s\u00eb dashuruari.<\/p>\n<p>Nj\u00eb f\u00ebmije do t\u2019i jepja flatra,<br \/>\npor do ta lija ta merrte fluturimin vet\u00eb.<\/p>\n<p>T\u00eb moshuarit do t\u2019i m\u00ebsoja<br \/>\nse vdekja nuk vjen me pleq\u00ebrin\u00eb<br \/>\npor me harres\u00ebn.<\/p>\n<p>Kaq shum\u00eb gj\u00ebra kam m\u00ebsuar nga ju, Njer\u00ebzit!<\/p>\n<p>Kam m\u00ebsuar se e gjith\u00eb bota adhuron t\u00eb jetoj\u00eb<br \/>\nmbi maj\u00ebn e malit,<br \/>\npa e ditur se lumturia e v\u00ebrtet\u00eb<br \/>\n\u00ebsht\u00eb n\u00eb ngjitjen e shpatit.<br \/>\nKam m\u00ebsuar se<br \/>\nkur i sapolinduri shtr\u00ebngon me grushtin e tij t\u00eb vog\u00ebl,<br \/>\np\u00ebr her\u00eb t\u00eb par\u00eb, gishtin e babait t\u00eb tij,<br \/>\ne mban shtr\u00ebnguar p\u00ebr gjithmon\u00eb.<br \/>\nKam m\u00ebsuar se nj\u00eb njeri<br \/>\nka t\u00eb drejt\u00eb ta v\u00ebshtroj\u00eb nj\u00eb tjet\u00ebr<br \/>\nnga lart posht\u00eb vet\u00ebm<br \/>\nkur duhet ta ndihmoj\u00eb p\u00ebr t\u2019u ngritur.<\/p>\n<p>Jan\u00eb aq shum\u00eb gj\u00ebra<br \/>\nq\u00eb kam mundur t\u00eb m\u00ebsoj nga ju,<br \/>\npor realisht,<br \/>\nnuk do t\u00eb m\u00eb sh\u00ebrbejn\u00eb shum\u00eb,<br \/>\nsepse kur do t\u00eb m\u2019i vendosin<br \/>\nbrenda asaj valixheje,<br \/>\npalumturisht do t\u00eb jem duke vdekur.<\/p>\n<p>Shqip\u00ebroi: <strong>Elida BU\u00c7PAPAJ<\/strong><\/p>\n<p><em>\u201cKukulla\u201d mund t\u00eb konsiderohet testamenti shpit\u00ebror i shkrimtarit kolumbian (\u00c7mim Nobel p\u00ebr Let\u00ebrsi m\u00eb 1982): me k\u00ebt\u00eb poezi d\u00ebrguar miqve, ai n\u00eb fakt t\u00ebrhiqet nga jeta publike p\u00ebr asrsye sh\u00ebndet\u00ebsore.<br \/>\nShpjegime lexuesve nga p\u00ebrkthyesja: Autori p\u00ebrmend poemat e Benedettit. \u00cbsht\u00eb fjala p\u00ebr poetin uruguajan 88 vje\u00e7ar Mario Benedetti, konsideruar nj\u00eb nga shkrimtar\u00ebt m\u00eb t\u00eb r\u00ebnd\u00ebsish\u00ebm t\u00eb gjall\u00eb t\u00eb Amerik\u00ebs Latine.<br \/>\nNd\u00ebrsa, kur p\u00ebrmend k\u00ebng\u00ebn e Serratit, autori ka parasysh k\u00ebng\u00ebtarin Joan Manuel Serrat i Teresa, nga Barcelona e Spanj\u00ebs, i cili k\u00ebndon spanjisht dhe katalonisht dhe \u00ebsht\u00eb k\u00ebng\u00ebtari m\u00eb i adhuruar n\u00eb Spanj\u00eb dhe n\u00eb Amerik\u00ebn Latine.<\/em><\/p>\n","protected":false},"excerpt":{"rendered":"<p>Letra e Lamtumir\u00ebs (Kukulla), e shtun\u00eb, 03.07.2009 Gabriel Garsia Markes (Gabriel Garcia Marquez) N\u00ebse p\u00ebr nj\u00eb \u00e7ast Zoti do t\u00eb harronte se jam nj\u00eb kukull lecke e do t\u00eb m\u00eb dhuroj\u00eb paksa jet\u00eb, ka gjasa se nuk do t\u00eb them gjith\u00e7ka q\u00eb mendoj, por patjet\u00ebr do ta mendoj \u00e7do gj\u00eb q\u00eb do ta them. Do [&hellip;]<\/p>\n","protected":false},"author":1,"featured_media":0,"comment_status":"open","ping_status":"closed","sticky":false,"template":"","format":"standard","meta":{"footnotes":""},"categories":[7,9],"tags":[],"class_list":{"0":"post-5514","1":"post","2":"type-post","3":"status-publish","4":"format-standard","6":"category-letersi","7":"category-poezi"},"yoast_head":"<!-- This site is optimized with the Yoast SEO plugin v27.4 - https:\/\/yoast.com\/product\/yoast-seo-wordpress\/ -->\n<title>Gabriel Garsia Markez: Letra e Lamtumir\u00ebs - FjALA e LIR\u00cb - Arkivi<\/title>\n<meta name=\"robots\" content=\"index, follow, max-snippet:-1, max-image-preview:large, max-video-preview:-1\" \/>\n<link rel=\"canonical\" href=\"https:\/\/fjala.info\/2009-2015\/gabriel-garsia-markez-letra-e-lamtumires\/\" \/>\n<meta property=\"og:locale\" content=\"sq_AL\" \/>\n<meta property=\"og:type\" content=\"article\" \/>\n<meta property=\"og:title\" content=\"Gabriel Garsia Markez: Letra e Lamtumir\u00ebs - FjALA e LIR\u00cb - Arkivi\" \/>\n<meta property=\"og:description\" content=\"Letra e Lamtumir\u00ebs (Kukulla), e shtun\u00eb, 03.07.2009 Gabriel Garsia Markes (Gabriel Garcia Marquez) N\u00ebse p\u00ebr nj\u00eb \u00e7ast Zoti do t\u00eb harronte se jam nj\u00eb kukull lecke e do t\u00eb m\u00eb dhuroj\u00eb paksa jet\u00eb, ka gjasa se nuk do t\u00eb them gjith\u00e7ka q\u00eb mendoj, por patjet\u00ebr do ta mendoj \u00e7do gj\u00eb q\u00eb do ta them. Do [&hellip;]\" \/>\n<meta property=\"og:url\" content=\"https:\/\/fjala.info\/2009-2015\/gabriel-garsia-markez-letra-e-lamtumires\/\" \/>\n<meta property=\"og:site_name\" content=\"FjALA e LIR\u00cb - Arkivi\" \/>\n<meta property=\"article:published_time\" content=\"2011-01-04T08:34:26+00:00\" \/>\n<meta property=\"og:image\" content=\"http:\/\/fjala.shkoder.net\/wp-content\/uploads\/2011\/01\/gabriel_garsia_markez.jpg\" \/>\n<meta name=\"author\" content=\"admin\" \/>\n<meta name=\"twitter:card\" content=\"summary_large_image\" \/>\n<meta name=\"twitter:label1\" content=\"Written by\" \/>\n\t<meta name=\"twitter:data1\" content=\"admin\" \/>\n\t<meta name=\"twitter:label2\" content=\"Est. reading time\" \/>\n\t<meta name=\"twitter:data2\" content=\"3 minutes\" \/>\n<script type=\"application\/ld+json\" class=\"yoast-schema-graph\">{\"@context\":\"https:\\\/\\\/schema.org\",\"@graph\":[{\"@type\":\"Article\",\"@id\":\"https:\\\/\\\/fjala.info\\\/2009-2015\\\/gabriel-garsia-markez-letra-e-lamtumires\\\/#article\",\"isPartOf\":{\"@id\":\"https:\\\/\\\/fjala.info\\\/2009-2015\\\/gabriel-garsia-markez-letra-e-lamtumires\\\/\"},\"author\":{\"name\":\"admin\",\"@id\":\"https:\\\/\\\/fjala.info\\\/2009-2015\\\/#\\\/schema\\\/person\\\/3aa1163ef05469c496fc94e77611ada2\"},\"headline\":\"Gabriel Garsia Markez: Letra e Lamtumir\u00ebs\",\"datePublished\":\"2011-01-04T08:34:26+00:00\",\"mainEntityOfPage\":{\"@id\":\"https:\\\/\\\/fjala.info\\\/2009-2015\\\/gabriel-garsia-markez-letra-e-lamtumires\\\/\"},\"wordCount\":660,\"commentCount\":0,\"publisher\":{\"@id\":\"https:\\\/\\\/fjala.info\\\/2009-2015\\\/#organization\"},\"image\":{\"@id\":\"https:\\\/\\\/fjala.info\\\/2009-2015\\\/gabriel-garsia-markez-letra-e-lamtumires\\\/#primaryimage\"},\"thumbnailUrl\":\"http:\\\/\\\/fjala.shkoder.net\\\/wp-content\\\/uploads\\\/2011\\\/01\\\/gabriel_garsia_markez.jpg\",\"articleSection\":[\"Let\u00ebrsi\",\"Poezi\"],\"inLanguage\":\"sq-AL\",\"potentialAction\":[{\"@type\":\"CommentAction\",\"name\":\"Comment\",\"target\":[\"https:\\\/\\\/fjala.info\\\/2009-2015\\\/gabriel-garsia-markez-letra-e-lamtumires\\\/#respond\"]}]},{\"@type\":\"WebPage\",\"@id\":\"https:\\\/\\\/fjala.info\\\/2009-2015\\\/gabriel-garsia-markez-letra-e-lamtumires\\\/\",\"url\":\"https:\\\/\\\/fjala.info\\\/2009-2015\\\/gabriel-garsia-markez-letra-e-lamtumires\\\/\",\"name\":\"Gabriel Garsia Markez: Letra e Lamtumir\u00ebs - FjALA e LIR\u00cb - Arkivi\",\"isPartOf\":{\"@id\":\"https:\\\/\\\/fjala.info\\\/2009-2015\\\/#website\"},\"primaryImageOfPage\":{\"@id\":\"https:\\\/\\\/fjala.info\\\/2009-2015\\\/gabriel-garsia-markez-letra-e-lamtumires\\\/#primaryimage\"},\"image\":{\"@id\":\"https:\\\/\\\/fjala.info\\\/2009-2015\\\/gabriel-garsia-markez-letra-e-lamtumires\\\/#primaryimage\"},\"thumbnailUrl\":\"http:\\\/\\\/fjala.shkoder.net\\\/wp-content\\\/uploads\\\/2011\\\/01\\\/gabriel_garsia_markez.jpg\",\"datePublished\":\"2011-01-04T08:34:26+00:00\",\"breadcrumb\":{\"@id\":\"https:\\\/\\\/fjala.info\\\/2009-2015\\\/gabriel-garsia-markez-letra-e-lamtumires\\\/#breadcrumb\"},\"inLanguage\":\"sq-AL\",\"potentialAction\":[{\"@type\":\"ReadAction\",\"target\":[\"https:\\\/\\\/fjala.info\\\/2009-2015\\\/gabriel-garsia-markez-letra-e-lamtumires\\\/\"]}]},{\"@type\":\"ImageObject\",\"inLanguage\":\"sq-AL\",\"@id\":\"https:\\\/\\\/fjala.info\\\/2009-2015\\\/gabriel-garsia-markez-letra-e-lamtumires\\\/#primaryimage\",\"url\":\"http:\\\/\\\/fjala.shkoder.net\\\/wp-content\\\/uploads\\\/2011\\\/01\\\/gabriel_garsia_markez.jpg\",\"contentUrl\":\"http:\\\/\\\/fjala.shkoder.net\\\/wp-content\\\/uploads\\\/2011\\\/01\\\/gabriel_garsia_markez.jpg\"},{\"@type\":\"BreadcrumbList\",\"@id\":\"https:\\\/\\\/fjala.info\\\/2009-2015\\\/gabriel-garsia-markez-letra-e-lamtumires\\\/#breadcrumb\",\"itemListElement\":[{\"@type\":\"ListItem\",\"position\":1,\"name\":\"Home\",\"item\":\"https:\\\/\\\/fjala.info\\\/2009-2015\\\/\"},{\"@type\":\"ListItem\",\"position\":2,\"name\":\"Gabriel Garsia Markez: Letra e Lamtumir\u00ebs\"}]},{\"@type\":\"WebSite\",\"@id\":\"https:\\\/\\\/fjala.info\\\/2009-2015\\\/#website\",\"url\":\"https:\\\/\\\/fjala.info\\\/2009-2015\\\/\",\"name\":\"FjALA e LIR\u00cb - Arkivi\",\"description\":\"Arkivi 2009-2015\",\"publisher\":{\"@id\":\"https:\\\/\\\/fjala.info\\\/2009-2015\\\/#organization\"},\"potentialAction\":[{\"@type\":\"SearchAction\",\"target\":{\"@type\":\"EntryPoint\",\"urlTemplate\":\"https:\\\/\\\/fjala.info\\\/2009-2015\\\/?s={search_term_string}\"},\"query-input\":{\"@type\":\"PropertyValueSpecification\",\"valueRequired\":true,\"valueName\":\"search_term_string\"}}],\"inLanguage\":\"sq-AL\"},{\"@type\":\"Organization\",\"@id\":\"https:\\\/\\\/fjala.info\\\/2009-2015\\\/#organization\",\"name\":\"FjALA e LIR\u00cb - Arkivi\",\"url\":\"https:\\\/\\\/fjala.info\\\/2009-2015\\\/\",\"logo\":{\"@type\":\"ImageObject\",\"inLanguage\":\"sq-AL\",\"@id\":\"https:\\\/\\\/fjala.info\\\/2009-2015\\\/#\\\/schema\\\/logo\\\/image\\\/\",\"url\":\"\",\"contentUrl\":\"\",\"caption\":\"FjALA e LIR\u00cb - Arkivi\"},\"image\":{\"@id\":\"https:\\\/\\\/fjala.info\\\/2009-2015\\\/#\\\/schema\\\/logo\\\/image\\\/\"}},{\"@type\":\"Person\",\"@id\":\"https:\\\/\\\/fjala.info\\\/2009-2015\\\/#\\\/schema\\\/person\\\/3aa1163ef05469c496fc94e77611ada2\",\"name\":\"admin\",\"image\":{\"@type\":\"ImageObject\",\"inLanguage\":\"sq-AL\",\"@id\":\"https:\\\/\\\/fjala.info\\\/2009-2015\\\/wp-content\\\/uploads\\\/2012\\\/02\\\/arben_cokaj-120x150.jpg\",\"url\":\"https:\\\/\\\/fjala.info\\\/2009-2015\\\/wp-content\\\/uploads\\\/2012\\\/02\\\/arben_cokaj-120x150.jpg\",\"contentUrl\":\"https:\\\/\\\/fjala.info\\\/2009-2015\\\/wp-content\\\/uploads\\\/2012\\\/02\\\/arben_cokaj-120x150.jpg\",\"caption\":\"admin\"},\"description\":\"Admin, Fjala e Lir\u00eb\",\"sameAs\":[\"https:\\\/\\\/fjala.info\\\/\"],\"url\":\"https:\\\/\\\/fjala.info\\\/2009-2015\\\/author\\\/admin\\\/\"}]}<\/script>\n<!-- \/ Yoast SEO plugin. -->","yoast_head_json":{"title":"Gabriel Garsia Markez: Letra e Lamtumir\u00ebs - FjALA e LIR\u00cb - Arkivi","robots":{"index":"index","follow":"follow","max-snippet":"max-snippet:-1","max-image-preview":"max-image-preview:large","max-video-preview":"max-video-preview:-1"},"canonical":"https:\/\/fjala.info\/2009-2015\/gabriel-garsia-markez-letra-e-lamtumires\/","og_locale":"sq_AL","og_type":"article","og_title":"Gabriel Garsia Markez: Letra e Lamtumir\u00ebs - FjALA e LIR\u00cb - Arkivi","og_description":"Letra e Lamtumir\u00ebs (Kukulla), e shtun\u00eb, 03.07.2009 Gabriel Garsia Markes (Gabriel Garcia Marquez) N\u00ebse p\u00ebr nj\u00eb \u00e7ast Zoti do t\u00eb harronte se jam nj\u00eb kukull lecke e do t\u00eb m\u00eb dhuroj\u00eb paksa jet\u00eb, ka gjasa se nuk do t\u00eb them gjith\u00e7ka q\u00eb mendoj, por patjet\u00ebr do ta mendoj \u00e7do gj\u00eb q\u00eb do ta them. Do [&hellip;]","og_url":"https:\/\/fjala.info\/2009-2015\/gabriel-garsia-markez-letra-e-lamtumires\/","og_site_name":"FjALA e LIR\u00cb - Arkivi","article_published_time":"2011-01-04T08:34:26+00:00","og_image":[{"url":"http:\/\/fjala.shkoder.net\/wp-content\/uploads\/2011\/01\/gabriel_garsia_markez.jpg","type":"","width":"","height":""}],"author":"admin","twitter_card":"summary_large_image","twitter_misc":{"Written by":"admin","Est. reading time":"3 minutes"},"schema":{"@context":"https:\/\/schema.org","@graph":[{"@type":"Article","@id":"https:\/\/fjala.info\/2009-2015\/gabriel-garsia-markez-letra-e-lamtumires\/#article","isPartOf":{"@id":"https:\/\/fjala.info\/2009-2015\/gabriel-garsia-markez-letra-e-lamtumires\/"},"author":{"name":"admin","@id":"https:\/\/fjala.info\/2009-2015\/#\/schema\/person\/3aa1163ef05469c496fc94e77611ada2"},"headline":"Gabriel Garsia Markez: Letra e Lamtumir\u00ebs","datePublished":"2011-01-04T08:34:26+00:00","mainEntityOfPage":{"@id":"https:\/\/fjala.info\/2009-2015\/gabriel-garsia-markez-letra-e-lamtumires\/"},"wordCount":660,"commentCount":0,"publisher":{"@id":"https:\/\/fjala.info\/2009-2015\/#organization"},"image":{"@id":"https:\/\/fjala.info\/2009-2015\/gabriel-garsia-markez-letra-e-lamtumires\/#primaryimage"},"thumbnailUrl":"http:\/\/fjala.shkoder.net\/wp-content\/uploads\/2011\/01\/gabriel_garsia_markez.jpg","articleSection":["Let\u00ebrsi","Poezi"],"inLanguage":"sq-AL","potentialAction":[{"@type":"CommentAction","name":"Comment","target":["https:\/\/fjala.info\/2009-2015\/gabriel-garsia-markez-letra-e-lamtumires\/#respond"]}]},{"@type":"WebPage","@id":"https:\/\/fjala.info\/2009-2015\/gabriel-garsia-markez-letra-e-lamtumires\/","url":"https:\/\/fjala.info\/2009-2015\/gabriel-garsia-markez-letra-e-lamtumires\/","name":"Gabriel Garsia Markez: Letra e Lamtumir\u00ebs - FjALA e LIR\u00cb - Arkivi","isPartOf":{"@id":"https:\/\/fjala.info\/2009-2015\/#website"},"primaryImageOfPage":{"@id":"https:\/\/fjala.info\/2009-2015\/gabriel-garsia-markez-letra-e-lamtumires\/#primaryimage"},"image":{"@id":"https:\/\/fjala.info\/2009-2015\/gabriel-garsia-markez-letra-e-lamtumires\/#primaryimage"},"thumbnailUrl":"http:\/\/fjala.shkoder.net\/wp-content\/uploads\/2011\/01\/gabriel_garsia_markez.jpg","datePublished":"2011-01-04T08:34:26+00:00","breadcrumb":{"@id":"https:\/\/fjala.info\/2009-2015\/gabriel-garsia-markez-letra-e-lamtumires\/#breadcrumb"},"inLanguage":"sq-AL","potentialAction":[{"@type":"ReadAction","target":["https:\/\/fjala.info\/2009-2015\/gabriel-garsia-markez-letra-e-lamtumires\/"]}]},{"@type":"ImageObject","inLanguage":"sq-AL","@id":"https:\/\/fjala.info\/2009-2015\/gabriel-garsia-markez-letra-e-lamtumires\/#primaryimage","url":"http:\/\/fjala.shkoder.net\/wp-content\/uploads\/2011\/01\/gabriel_garsia_markez.jpg","contentUrl":"http:\/\/fjala.shkoder.net\/wp-content\/uploads\/2011\/01\/gabriel_garsia_markez.jpg"},{"@type":"BreadcrumbList","@id":"https:\/\/fjala.info\/2009-2015\/gabriel-garsia-markez-letra-e-lamtumires\/#breadcrumb","itemListElement":[{"@type":"ListItem","position":1,"name":"Home","item":"https:\/\/fjala.info\/2009-2015\/"},{"@type":"ListItem","position":2,"name":"Gabriel Garsia Markez: Letra e Lamtumir\u00ebs"}]},{"@type":"WebSite","@id":"https:\/\/fjala.info\/2009-2015\/#website","url":"https:\/\/fjala.info\/2009-2015\/","name":"FjALA e LIR\u00cb - Arkivi","description":"Arkivi 2009-2015","publisher":{"@id":"https:\/\/fjala.info\/2009-2015\/#organization"},"potentialAction":[{"@type":"SearchAction","target":{"@type":"EntryPoint","urlTemplate":"https:\/\/fjala.info\/2009-2015\/?s={search_term_string}"},"query-input":{"@type":"PropertyValueSpecification","valueRequired":true,"valueName":"search_term_string"}}],"inLanguage":"sq-AL"},{"@type":"Organization","@id":"https:\/\/fjala.info\/2009-2015\/#organization","name":"FjALA e LIR\u00cb - Arkivi","url":"https:\/\/fjala.info\/2009-2015\/","logo":{"@type":"ImageObject","inLanguage":"sq-AL","@id":"https:\/\/fjala.info\/2009-2015\/#\/schema\/logo\/image\/","url":"","contentUrl":"","caption":"FjALA e LIR\u00cb - Arkivi"},"image":{"@id":"https:\/\/fjala.info\/2009-2015\/#\/schema\/logo\/image\/"}},{"@type":"Person","@id":"https:\/\/fjala.info\/2009-2015\/#\/schema\/person\/3aa1163ef05469c496fc94e77611ada2","name":"admin","image":{"@type":"ImageObject","inLanguage":"sq-AL","@id":"https:\/\/fjala.info\/2009-2015\/wp-content\/uploads\/2012\/02\/arben_cokaj-120x150.jpg","url":"https:\/\/fjala.info\/2009-2015\/wp-content\/uploads\/2012\/02\/arben_cokaj-120x150.jpg","contentUrl":"https:\/\/fjala.info\/2009-2015\/wp-content\/uploads\/2012\/02\/arben_cokaj-120x150.jpg","caption":"admin"},"description":"Admin, Fjala e Lir\u00eb","sameAs":["https:\/\/fjala.info\/"],"url":"https:\/\/fjala.info\/2009-2015\/author\/admin\/"}]}},"_links":{"self":[{"href":"https:\/\/fjala.info\/2009-2015\/wp-json\/wp\/v2\/posts\/5514","targetHints":{"allow":["GET"]}}],"collection":[{"href":"https:\/\/fjala.info\/2009-2015\/wp-json\/wp\/v2\/posts"}],"about":[{"href":"https:\/\/fjala.info\/2009-2015\/wp-json\/wp\/v2\/types\/post"}],"author":[{"embeddable":true,"href":"https:\/\/fjala.info\/2009-2015\/wp-json\/wp\/v2\/users\/1"}],"replies":[{"embeddable":true,"href":"https:\/\/fjala.info\/2009-2015\/wp-json\/wp\/v2\/comments?post=5514"}],"version-history":[{"count":0,"href":"https:\/\/fjala.info\/2009-2015\/wp-json\/wp\/v2\/posts\/5514\/revisions"}],"wp:attachment":[{"href":"https:\/\/fjala.info\/2009-2015\/wp-json\/wp\/v2\/media?parent=5514"}],"wp:term":[{"taxonomy":"category","embeddable":true,"href":"https:\/\/fjala.info\/2009-2015\/wp-json\/wp\/v2\/categories?post=5514"},{"taxonomy":"post_tag","embeddable":true,"href":"https:\/\/fjala.info\/2009-2015\/wp-json\/wp\/v2\/tags?post=5514"}],"curies":[{"name":"wp","href":"https:\/\/api.w.org\/{rel}","templated":true}]}}