{"id":5510,"date":"2011-01-04T09:27:46","date_gmt":"2011-01-04T08:27:46","guid":{"rendered":"http:\/\/fjala.shkoder.net\/?p=5510"},"modified":"2011-01-04T09:27:46","modified_gmt":"2011-01-04T08:27:46","slug":"te-rinjte-te-arsimuar-por-ne-ankth-per-te-ardhmen","status":"publish","type":"post","link":"https:\/\/fjala.info\/2009-2015\/te-rinjte-te-arsimuar-por-ne-ankth-per-te-ardhmen\/","title":{"rendered":"T\u00eb rinjt\u00eb, t\u00eb arsimuar, por n\u00eb ankth p\u00ebr t\u00eb ardhmen"},"content":{"rendered":"<p><img loading=\"lazy\" decoding=\"async\" class=\"alignright size-full wp-image-5511\" title=\"te_rinj_papune\" src=\"http:\/\/fjala.shkoder.net\/wp-content\/uploads\/2011\/01\/te_rinj_papune.jpg\" alt=\"\" width=\"300\" height=\"187\" \/><\/p>\n<p>\u201c<strong><em>New York Times<\/em><\/strong>\u201d<\/p>\n<p><em>LECCE<\/em>, Itali \u2014 Francesca Esposito, 29 vje\u00e7e dhe me arsimim t\u00eb plot\u00eb akademik, ndihmoi te fitonte me miliona euro, nje nga agjensite kryesore shteterore ne Itali, ne aferat e falsifikimeve te aftesive te kufizuara te rreme dhe padive te tjera, per punedhenesin e saj. Por nje dite, vjeshten e kaluar, ajo hoqi dore nga puna, e trishtuar dhe plotesisht e zhgenjyer nga fakti, se sa keq ndihesh te jesh i ri ne Italine e sotme.<\/p>\n<p>Kjo eksperience i tregoi asaj se edhe pse me kompetencat profesionale te saj dhe me rrjedhshmerine ne pese gjuhe, ishte pothuajse e pamundur te gjeje nje pune te paguar. Ajo mendonte se puna e papaguar si asistente avokatie nuk ja vlente, aq me teper te punonte per rrjetin e siguracioneve sociale italiane. Francesca jo vetem qe punonte pa pagese per byrone drejtuese, te cilet aktualisht i kane te rinjte ne rradhe per pune, por perpjekjet e saj nuk i siguronin asnje lloj te drejte per pensionim.<\/p>\n<p>&#8220;Ishte absurde,&#8221; shprehej Znj. Esposito, nje grua e forte por e zhgenjyer.<\/p>\n<p>Zhgenjimi i te rinjve ka shperthyer dhe ndonjehere dhunshem ne rruget e Greqise dhe Italise gjate javeve te fundit, ku studentet dhe disa anarkist radikal\u00eb kane protestuar jo vetem per masat e rrepta ne kete ekonomi standarte, por per kete realitet ne rritje ne Europen Jugore. Njerezit si Znj. Esposito gjenden gjithmone dhe me shume te deshperuar dhe ne dileme per te ardhmen e tyre. Ekspert\u00ebt paralajm\u00ebrojn\u00eb se kjo paq\u00ebndrueshm\u00ebri n\u00eb financat e shtetit dhe te shoq\u00ebris\u00eb m\u00eb gjer\u00eb, si brezi m\u00eb i arsimuar n\u00eb historin\u00eb e Mesdheut, do te shfaq\u00eb k\u00ebto mang\u00ebsira dhe \u00a8Handikap\u00a8 ne tregjet e pun\u00ebs.<\/p>\n<p>Politikanet gradualisht po kuptojn\u00eb pse presidenti i Italis\u00eb, Giorgio Napolitano, i dha prioritet te premten ne urimin e tij te fund vitit k\u00ebsaj &#8220;plage qe godet te rinjt\u00eb e arsimuar&#8221;, jave pas protestave kund\u00ebr shkurtimit te buxhetit ne sistemin universitar.<\/p>\n<p>Guliano Amato, ekonomist dhe ish kryeminist\u00ebr i Italis\u00eb, ishte edhe me i shokuar. &#8220;Tani pak njer\u00ebz refuzojn\u00eb te kuptojn\u00eb se protestat e te rinjve nuk jan\u00eb thjesht protesta kund\u00ebr reformave universitare, por kund\u00ebr situat\u00ebs te p\u00ebrgjithshme, sesi brezi i vjet\u00ebr administrativ po i &#8220;ha&#8221; te ardhmen k\u00ebtyre te rinjve,&#8221; deklaroi se fundmi tek Corriere della Sera, nj\u00eb nga gazetat me famoze italiane.<\/p>\n<p>E bija e nj\u00eb zjarrfik\u00ebsi dhe e nj\u00eb m\u00ebsueseje e shkoll\u00ebs se mesme, Znj. Esposito ishte e para nga familja e saj, qe u diplomua ne kolegj dhe qe studioi gjuhe te huaja. Ajo \u00ebsht\u00eb diplomuar p\u00ebr juridiksion ne Itali, ka nj\u00eb diplome masteri ne Gjermani dhe nj\u00eb praktike ne Gjykat\u00ebn Europiane te Luksemburgut. Por e gjith\u00eb kjo p\u00ebrs\u00ebri nuk i jep prioritet p\u00ebr tu pun\u00ebsuar.<\/p>\n<p>&#8220;Une e kam te gjithe diplomimin e duhur, vetem nje \u00e7ertifikate vdekjeje me mungon,&#8221;- shprehet me ironi Znj. Esposito.<\/p>\n<p>Edhe perpara se te godiste kriza ekonomike Europen Jugore, nuk ishte e lehte te beje karriere. Zhvillimi i ngadalshem dhe mungesa e meritokracise ka ndikuar shume ne gjetjen e nje pune ne Itali, Greqi, Spanje dhe Portugali. Sot me shtimin e masave te rrepta, me shume njerez gjenden duke luftuar per te kapur mundesite e pakta qe ofrohen. Kjo eshte ne fakt nje lufte e shumezuar me zero e te rinjve kunder gjithe pjeses se vjeter, qe mban peng postet me te privilegjuara administrative dhe per rrjedhoje tregun e punes.<\/p>\n<p>Si rezultat, kjo semundje ka kapur gjithe te rinjte. Disa dalin ne rruge te protestojne, te tjere emigrojne ne Europen Veriore dhe pjesa e inteligjences qe behet pjese e largimeve &#8220;brain drain&#8221;. Te tjeret vuajne ne heshtje, bile duke jetuar ne shtepite me prinderit sepse nuk perballojne dot te largohen.<\/p>\n<p>&#8220;Ne na quajne brezi i humbur&#8221; &#8211;\u00a0thote Coral Herrera Gomez, 33 vje\u00e7e e cila ka nje doktorature ne shkencat humane por qe akoma jeton me prinderit ne Madrid, sepse ajo nuk mund te gjeje nje pune stabel. \u00a8Une nuk jam aq e re, por qe dhe nuk mund te quhem nje e rritur me nje pune timen.&#8221;<\/p>\n<p>Ka egzistuar nje debat kombetar per vite ne Spanje mbi \u00a8mileuristas,\u00a8 peudonim per te diplomuarit e universiteteve ku mundesia me e mire e pages eshte ajo prej 1,000 euro ose 1,300 dollar ne muaj. Znj. Herrera ndodhet ne fund te kesaj sfide. E zhgenjyer me 600 euro ose 791 dollar ne muaj, prapa katedres duke punuar si mesuese e drames, Znj. Herrera ka vendosur te levize ne Costa Rica per te punuar ne nje universitet atje.<\/p>\n<p>Ajo fliste ndersa ne televizionin e madh ne mur ne nje lokal ne Madrid, nje grua 106 vjecare po shpjegonte se ngrenja e salciceve te gjalla ka qene kyci i jetegjatesise te saj. Paradoksi nuk mund te qe me real. Ne fakt, ekspertet paralajmerojne nje fatkeqesi demografike ne Europen Jugore, e cila ka te beje me nivelin me te ulet te lindjeve ne boten perendimore. Hasen probleme mes pensionisteve qe jetojne gjate dhe te rinjte qe fillojne pune me vonese dhe paguajne me pak taksa sepse nuk i perballojne me te ardhurat e tyre. Eshte vetem nje ceshtje kohe perpara se parate te \u00a8avullojne\u00a8 nga arkat e shtetit.<\/p>\n<p>&#8220;Ajo qe ne kemi eshte skema e Ponzit,&#8221; &#8211;\u00a0thote Lawrence Katlikoff, nje ekonomist ne Univeritetin e Bostonit, ekspert ne politikat fiskale.<\/p>\n<p>Ai thote se sistemi i pagesave &#8220;<em>Pay as you go<\/em>&#8221; ne sigurimin shendetsor dhe social eshte nje kolaps fiskal ne Europen Jugore dhe pertej &#8220;Neqoftese ky nivel lindjeje do te vazhdoje kaq i ulet, bota nuk do te njohi me Italiane, Spanjolle, Greke, Portugez dhe Rus\u00eb&#8221; &#8211;\u00a0thote ai &#8220;Une parashikoj qe atehere kinezet e Europes Jugore.&#8221;<\/p>\n<p>Problemi shkon pertej papunsise te te rinjve, i cila eshte 40% ne Spanje dhe 28% ne Itali, por ka te beje dhe me nivelin e ulet te punesimit ne pergjithesi. Sot te rinjte ne Europem Jugore jane totalisht te shfrytezuar pikerisht nga mekanizmi qe ne fakt lindi si mjet per te ndihmuar tregun e punes, si psh. kontratat e perkohshme. Per shkak se taksat mbi te ardhurat dhe kostot e heqjes nga puna jane akoma te larta, bizneset ne Europen Jugore ngurojne te marrin punonjes me kohe te plote, prandaj eshte rritur numri i te rinjve qe punesohen me pagesa te uleta, me praktika trajnimesh ose kontrata te perkohshme, duke iu ofruar te ardhura te uleta dhe asnje stabilitet.<\/p>\n<p>&#8220;Ky eshte brezi me i mire arsimuar ne historine e Spanjes, dhe ata po hyjne ne nje treg pune jo eficient per potencialin e tyre,&#8221; &#8211;\u00a0thote Ignacio Fernandez Toxo, udheheqesi i Komisionit Obreras, nje nga dy sindikatat me te medha te punes ne Spanje. &#8220;Kjo eshte nje tagjedi per shtetin tone.&#8221;<\/p>\n<p>Por te rinjte vazhdojne te mendojne se pikerisht udheheqes te sindikatave te punetoreve si Z. Fernandez dhe partite e majta te cilet ata kane qene historikisht te lidhur, jane pjese e problemit. Ata shikohen ende si ruajtes se moshave te vjeter neper administrata, sesa si stimulues i te rinjve per te hyre ne tregun e punes.<\/p>\n<p>Per Dr. Kotlikoff, zgjidhja eshte e thjeshte &#8220;Ne duhet te ndryshojme ligjet e punes. Jo gradualisht por sa me shpejt.&#8221;<\/p>\n<p>Akoma ne Greqi, Itali, Portugali dhe Spanje nuk shenohet ndonje ndryshim ne negociatat midis qeverise, sindikatave dhe buzneseve, te cilet luftojne fort per interesat e tyre<\/p>\n<p>Per shkak se moshat e vjetra ngelen potenciali i larte i votave, reformat per punesimin lihen ne dore te dyte dhe te trete nga qeverite, interesi i tyre fokusohet tek marrja evotave sesa tek zhvillimi ekonomik i vendit. I pyetur ne nje konference vitin e kaluar, rreth ndryshimeve te sistemit dy-shtresor ne Itali, ministri i finances se qendres se majte Gulio Tremonti, thjesht thote: &#8220;Nuk mund te besh ndryshime drastike ne sistemin e punesimit&#8221;.<\/p>\n<p>Masat e reja te rrepta ne Spanje ku ende niveli i papunesise eshte 20%, me i larti ne BE, jane akoma duke i ngushtuar mundesite e punesimit. Spanja ka premtuar ne rritjen e moshes se pensionit nga 65 ne 67, por pergjate nje plani 20 vje\u00e7ar.<\/p>\n<p>&#8220;Tani njerezit dalin ne pension ne nje moshe te hershme, rreth 55 vjecare&#8221; &#8211;\u00a0thote Sara Sanfulgencio, 28 vje\u00e7e, e cila ka nje diplome masteri ne marketing, por eshte e papune dhe jeton me nenen e saj ne Madrid dhe ka nje dyqan kepucesh. &#8220;Por neqoftese une nuk filloj pune 28 vje\u00e7e dhe duhet te pensionohem ne 55, atehere do te qe absurde&#8221;&#8230;<\/p>\n<p>Ne Itali, Znj. Esposito po mbaron praktiken si avokate te nje firme private ne Lecce. Ajo paguhet pak por qe eshte me e qete ne krahasim me punen e papaguar shteterore qe bente me pare&#8221;.<\/p>\n<p>&#8220;Une jam nje studente e penduar&#8221; &#8211;\u00a0thote Znj. Esposito. &#8220;Nese do te kisha nje mundesi te dyte, nuk do te kisha vazhduar shkollen por thjesht do te filloja pune.&#8221;<\/p>\n","protected":false},"excerpt":{"rendered":"<p>\u201cNew York Times\u201d LECCE, Itali \u2014 Francesca Esposito, 29 vje\u00e7e dhe me arsimim t\u00eb plot\u00eb akademik, ndihmoi te fitonte me miliona euro, nje nga agjensite kryesore shteterore ne Itali, ne aferat e falsifikimeve te aftesive te kufizuara te rreme dhe padive te tjera, per punedhenesin e saj. Por nje dite, vjeshten e kaluar, ajo hoqi [&hellip;]<\/p>\n","protected":false},"author":1,"featured_media":0,"comment_status":"open","ping_status":"closed","sticky":false,"template":"","format":"standard","meta":{"footnotes":""},"categories":[2],"tags":[],"class_list":{"0":"post-5510","1":"post","2":"type-post","3":"status-publish","4":"format-standard","6":"category-artikuj"},"yoast_head":"<!-- This site is optimized with the Yoast SEO plugin v27.4 - https:\/\/yoast.com\/product\/yoast-seo-wordpress\/ -->\n<title>T\u00eb rinjt\u00eb, t\u00eb arsimuar, por n\u00eb ankth p\u00ebr t\u00eb ardhmen - FjALA e LIR\u00cb - Arkivi<\/title>\n<meta name=\"robots\" content=\"index, follow, max-snippet:-1, max-image-preview:large, max-video-preview:-1\" \/>\n<link rel=\"canonical\" href=\"https:\/\/fjala.info\/2009-2015\/te-rinjte-te-arsimuar-por-ne-ankth-per-te-ardhmen\/\" \/>\n<meta property=\"og:locale\" content=\"sq_AL\" \/>\n<meta property=\"og:type\" content=\"article\" \/>\n<meta property=\"og:title\" content=\"T\u00eb rinjt\u00eb, t\u00eb arsimuar, por n\u00eb ankth p\u00ebr t\u00eb ardhmen - FjALA e LIR\u00cb - Arkivi\" \/>\n<meta property=\"og:description\" content=\"\u201cNew York Times\u201d LECCE, Itali \u2014 Francesca Esposito, 29 vje\u00e7e dhe me arsimim t\u00eb plot\u00eb akademik, ndihmoi te fitonte me miliona euro, nje nga agjensite kryesore shteterore ne Itali, ne aferat e falsifikimeve te aftesive te kufizuara te rreme dhe padive te tjera, per punedhenesin e saj. Por nje dite, vjeshten e kaluar, ajo hoqi [&hellip;]\" \/>\n<meta property=\"og:url\" content=\"https:\/\/fjala.info\/2009-2015\/te-rinjte-te-arsimuar-por-ne-ankth-per-te-ardhmen\/\" \/>\n<meta property=\"og:site_name\" content=\"FjALA e LIR\u00cb - Arkivi\" \/>\n<meta property=\"article:published_time\" content=\"2011-01-04T08:27:46+00:00\" \/>\n<meta property=\"og:image\" content=\"http:\/\/fjala.shkoder.net\/wp-content\/uploads\/2011\/01\/te_rinj_papune.jpg\" \/>\n<meta name=\"author\" content=\"admin\" \/>\n<meta name=\"twitter:card\" content=\"summary_large_image\" \/>\n<meta name=\"twitter:label1\" content=\"Written by\" \/>\n\t<meta name=\"twitter:data1\" content=\"admin\" \/>\n\t<meta name=\"twitter:label2\" content=\"Est. reading time\" \/>\n\t<meta name=\"twitter:data2\" content=\"7 minutes\" \/>\n<script type=\"application\/ld+json\" class=\"yoast-schema-graph\">{\"@context\":\"https:\\\/\\\/schema.org\",\"@graph\":[{\"@type\":\"Article\",\"@id\":\"https:\\\/\\\/fjala.info\\\/2009-2015\\\/te-rinjte-te-arsimuar-por-ne-ankth-per-te-ardhmen\\\/#article\",\"isPartOf\":{\"@id\":\"https:\\\/\\\/fjala.info\\\/2009-2015\\\/te-rinjte-te-arsimuar-por-ne-ankth-per-te-ardhmen\\\/\"},\"author\":{\"name\":\"admin\",\"@id\":\"https:\\\/\\\/fjala.info\\\/2009-2015\\\/#\\\/schema\\\/person\\\/3aa1163ef05469c496fc94e77611ada2\"},\"headline\":\"T\u00eb rinjt\u00eb, t\u00eb arsimuar, por n\u00eb ankth p\u00ebr t\u00eb ardhmen\",\"datePublished\":\"2011-01-04T08:27:46+00:00\",\"mainEntityOfPage\":{\"@id\":\"https:\\\/\\\/fjala.info\\\/2009-2015\\\/te-rinjte-te-arsimuar-por-ne-ankth-per-te-ardhmen\\\/\"},\"wordCount\":1470,\"commentCount\":0,\"publisher\":{\"@id\":\"https:\\\/\\\/fjala.info\\\/2009-2015\\\/#organization\"},\"image\":{\"@id\":\"https:\\\/\\\/fjala.info\\\/2009-2015\\\/te-rinjte-te-arsimuar-por-ne-ankth-per-te-ardhmen\\\/#primaryimage\"},\"thumbnailUrl\":\"http:\\\/\\\/fjala.shkoder.net\\\/wp-content\\\/uploads\\\/2011\\\/01\\\/te_rinj_papune.jpg\",\"articleSection\":[\"Artikuj\"],\"inLanguage\":\"sq-AL\",\"potentialAction\":[{\"@type\":\"CommentAction\",\"name\":\"Comment\",\"target\":[\"https:\\\/\\\/fjala.info\\\/2009-2015\\\/te-rinjte-te-arsimuar-por-ne-ankth-per-te-ardhmen\\\/#respond\"]}]},{\"@type\":\"WebPage\",\"@id\":\"https:\\\/\\\/fjala.info\\\/2009-2015\\\/te-rinjte-te-arsimuar-por-ne-ankth-per-te-ardhmen\\\/\",\"url\":\"https:\\\/\\\/fjala.info\\\/2009-2015\\\/te-rinjte-te-arsimuar-por-ne-ankth-per-te-ardhmen\\\/\",\"name\":\"T\u00eb rinjt\u00eb, t\u00eb arsimuar, por n\u00eb ankth p\u00ebr t\u00eb ardhmen - FjALA e LIR\u00cb - Arkivi\",\"isPartOf\":{\"@id\":\"https:\\\/\\\/fjala.info\\\/2009-2015\\\/#website\"},\"primaryImageOfPage\":{\"@id\":\"https:\\\/\\\/fjala.info\\\/2009-2015\\\/te-rinjte-te-arsimuar-por-ne-ankth-per-te-ardhmen\\\/#primaryimage\"},\"image\":{\"@id\":\"https:\\\/\\\/fjala.info\\\/2009-2015\\\/te-rinjte-te-arsimuar-por-ne-ankth-per-te-ardhmen\\\/#primaryimage\"},\"thumbnailUrl\":\"http:\\\/\\\/fjala.shkoder.net\\\/wp-content\\\/uploads\\\/2011\\\/01\\\/te_rinj_papune.jpg\",\"datePublished\":\"2011-01-04T08:27:46+00:00\",\"breadcrumb\":{\"@id\":\"https:\\\/\\\/fjala.info\\\/2009-2015\\\/te-rinjte-te-arsimuar-por-ne-ankth-per-te-ardhmen\\\/#breadcrumb\"},\"inLanguage\":\"sq-AL\",\"potentialAction\":[{\"@type\":\"ReadAction\",\"target\":[\"https:\\\/\\\/fjala.info\\\/2009-2015\\\/te-rinjte-te-arsimuar-por-ne-ankth-per-te-ardhmen\\\/\"]}]},{\"@type\":\"ImageObject\",\"inLanguage\":\"sq-AL\",\"@id\":\"https:\\\/\\\/fjala.info\\\/2009-2015\\\/te-rinjte-te-arsimuar-por-ne-ankth-per-te-ardhmen\\\/#primaryimage\",\"url\":\"http:\\\/\\\/fjala.shkoder.net\\\/wp-content\\\/uploads\\\/2011\\\/01\\\/te_rinj_papune.jpg\",\"contentUrl\":\"http:\\\/\\\/fjala.shkoder.net\\\/wp-content\\\/uploads\\\/2011\\\/01\\\/te_rinj_papune.jpg\"},{\"@type\":\"BreadcrumbList\",\"@id\":\"https:\\\/\\\/fjala.info\\\/2009-2015\\\/te-rinjte-te-arsimuar-por-ne-ankth-per-te-ardhmen\\\/#breadcrumb\",\"itemListElement\":[{\"@type\":\"ListItem\",\"position\":1,\"name\":\"Home\",\"item\":\"https:\\\/\\\/fjala.info\\\/2009-2015\\\/\"},{\"@type\":\"ListItem\",\"position\":2,\"name\":\"T\u00eb rinjt\u00eb, t\u00eb arsimuar, por n\u00eb ankth p\u00ebr t\u00eb ardhmen\"}]},{\"@type\":\"WebSite\",\"@id\":\"https:\\\/\\\/fjala.info\\\/2009-2015\\\/#website\",\"url\":\"https:\\\/\\\/fjala.info\\\/2009-2015\\\/\",\"name\":\"FjALA e LIR\u00cb - Arkivi\",\"description\":\"Arkivi 2009-2015\",\"publisher\":{\"@id\":\"https:\\\/\\\/fjala.info\\\/2009-2015\\\/#organization\"},\"potentialAction\":[{\"@type\":\"SearchAction\",\"target\":{\"@type\":\"EntryPoint\",\"urlTemplate\":\"https:\\\/\\\/fjala.info\\\/2009-2015\\\/?s={search_term_string}\"},\"query-input\":{\"@type\":\"PropertyValueSpecification\",\"valueRequired\":true,\"valueName\":\"search_term_string\"}}],\"inLanguage\":\"sq-AL\"},{\"@type\":\"Organization\",\"@id\":\"https:\\\/\\\/fjala.info\\\/2009-2015\\\/#organization\",\"name\":\"FjALA e LIR\u00cb - Arkivi\",\"url\":\"https:\\\/\\\/fjala.info\\\/2009-2015\\\/\",\"logo\":{\"@type\":\"ImageObject\",\"inLanguage\":\"sq-AL\",\"@id\":\"https:\\\/\\\/fjala.info\\\/2009-2015\\\/#\\\/schema\\\/logo\\\/image\\\/\",\"url\":\"\",\"contentUrl\":\"\",\"caption\":\"FjALA e LIR\u00cb - Arkivi\"},\"image\":{\"@id\":\"https:\\\/\\\/fjala.info\\\/2009-2015\\\/#\\\/schema\\\/logo\\\/image\\\/\"}},{\"@type\":\"Person\",\"@id\":\"https:\\\/\\\/fjala.info\\\/2009-2015\\\/#\\\/schema\\\/person\\\/3aa1163ef05469c496fc94e77611ada2\",\"name\":\"admin\",\"image\":{\"@type\":\"ImageObject\",\"inLanguage\":\"sq-AL\",\"@id\":\"https:\\\/\\\/fjala.info\\\/2009-2015\\\/wp-content\\\/uploads\\\/2012\\\/02\\\/arben_cokaj-120x150.jpg\",\"url\":\"https:\\\/\\\/fjala.info\\\/2009-2015\\\/wp-content\\\/uploads\\\/2012\\\/02\\\/arben_cokaj-120x150.jpg\",\"contentUrl\":\"https:\\\/\\\/fjala.info\\\/2009-2015\\\/wp-content\\\/uploads\\\/2012\\\/02\\\/arben_cokaj-120x150.jpg\",\"caption\":\"admin\"},\"description\":\"Admin, Fjala e Lir\u00eb\",\"sameAs\":[\"https:\\\/\\\/fjala.info\\\/\"],\"url\":\"https:\\\/\\\/fjala.info\\\/2009-2015\\\/author\\\/admin\\\/\"}]}<\/script>\n<!-- \/ Yoast SEO plugin. -->","yoast_head_json":{"title":"T\u00eb rinjt\u00eb, t\u00eb arsimuar, por n\u00eb ankth p\u00ebr t\u00eb ardhmen - FjALA e LIR\u00cb - Arkivi","robots":{"index":"index","follow":"follow","max-snippet":"max-snippet:-1","max-image-preview":"max-image-preview:large","max-video-preview":"max-video-preview:-1"},"canonical":"https:\/\/fjala.info\/2009-2015\/te-rinjte-te-arsimuar-por-ne-ankth-per-te-ardhmen\/","og_locale":"sq_AL","og_type":"article","og_title":"T\u00eb rinjt\u00eb, t\u00eb arsimuar, por n\u00eb ankth p\u00ebr t\u00eb ardhmen - FjALA e LIR\u00cb - Arkivi","og_description":"\u201cNew York Times\u201d LECCE, Itali \u2014 Francesca Esposito, 29 vje\u00e7e dhe me arsimim t\u00eb plot\u00eb akademik, ndihmoi te fitonte me miliona euro, nje nga agjensite kryesore shteterore ne Itali, ne aferat e falsifikimeve te aftesive te kufizuara te rreme dhe padive te tjera, per punedhenesin e saj. Por nje dite, vjeshten e kaluar, ajo hoqi [&hellip;]","og_url":"https:\/\/fjala.info\/2009-2015\/te-rinjte-te-arsimuar-por-ne-ankth-per-te-ardhmen\/","og_site_name":"FjALA e LIR\u00cb - Arkivi","article_published_time":"2011-01-04T08:27:46+00:00","og_image":[{"url":"http:\/\/fjala.shkoder.net\/wp-content\/uploads\/2011\/01\/te_rinj_papune.jpg","type":"","width":"","height":""}],"author":"admin","twitter_card":"summary_large_image","twitter_misc":{"Written by":"admin","Est. reading time":"7 minutes"},"schema":{"@context":"https:\/\/schema.org","@graph":[{"@type":"Article","@id":"https:\/\/fjala.info\/2009-2015\/te-rinjte-te-arsimuar-por-ne-ankth-per-te-ardhmen\/#article","isPartOf":{"@id":"https:\/\/fjala.info\/2009-2015\/te-rinjte-te-arsimuar-por-ne-ankth-per-te-ardhmen\/"},"author":{"name":"admin","@id":"https:\/\/fjala.info\/2009-2015\/#\/schema\/person\/3aa1163ef05469c496fc94e77611ada2"},"headline":"T\u00eb rinjt\u00eb, t\u00eb arsimuar, por n\u00eb ankth p\u00ebr t\u00eb ardhmen","datePublished":"2011-01-04T08:27:46+00:00","mainEntityOfPage":{"@id":"https:\/\/fjala.info\/2009-2015\/te-rinjte-te-arsimuar-por-ne-ankth-per-te-ardhmen\/"},"wordCount":1470,"commentCount":0,"publisher":{"@id":"https:\/\/fjala.info\/2009-2015\/#organization"},"image":{"@id":"https:\/\/fjala.info\/2009-2015\/te-rinjte-te-arsimuar-por-ne-ankth-per-te-ardhmen\/#primaryimage"},"thumbnailUrl":"http:\/\/fjala.shkoder.net\/wp-content\/uploads\/2011\/01\/te_rinj_papune.jpg","articleSection":["Artikuj"],"inLanguage":"sq-AL","potentialAction":[{"@type":"CommentAction","name":"Comment","target":["https:\/\/fjala.info\/2009-2015\/te-rinjte-te-arsimuar-por-ne-ankth-per-te-ardhmen\/#respond"]}]},{"@type":"WebPage","@id":"https:\/\/fjala.info\/2009-2015\/te-rinjte-te-arsimuar-por-ne-ankth-per-te-ardhmen\/","url":"https:\/\/fjala.info\/2009-2015\/te-rinjte-te-arsimuar-por-ne-ankth-per-te-ardhmen\/","name":"T\u00eb rinjt\u00eb, t\u00eb arsimuar, por n\u00eb ankth p\u00ebr t\u00eb ardhmen - FjALA e LIR\u00cb - Arkivi","isPartOf":{"@id":"https:\/\/fjala.info\/2009-2015\/#website"},"primaryImageOfPage":{"@id":"https:\/\/fjala.info\/2009-2015\/te-rinjte-te-arsimuar-por-ne-ankth-per-te-ardhmen\/#primaryimage"},"image":{"@id":"https:\/\/fjala.info\/2009-2015\/te-rinjte-te-arsimuar-por-ne-ankth-per-te-ardhmen\/#primaryimage"},"thumbnailUrl":"http:\/\/fjala.shkoder.net\/wp-content\/uploads\/2011\/01\/te_rinj_papune.jpg","datePublished":"2011-01-04T08:27:46+00:00","breadcrumb":{"@id":"https:\/\/fjala.info\/2009-2015\/te-rinjte-te-arsimuar-por-ne-ankth-per-te-ardhmen\/#breadcrumb"},"inLanguage":"sq-AL","potentialAction":[{"@type":"ReadAction","target":["https:\/\/fjala.info\/2009-2015\/te-rinjte-te-arsimuar-por-ne-ankth-per-te-ardhmen\/"]}]},{"@type":"ImageObject","inLanguage":"sq-AL","@id":"https:\/\/fjala.info\/2009-2015\/te-rinjte-te-arsimuar-por-ne-ankth-per-te-ardhmen\/#primaryimage","url":"http:\/\/fjala.shkoder.net\/wp-content\/uploads\/2011\/01\/te_rinj_papune.jpg","contentUrl":"http:\/\/fjala.shkoder.net\/wp-content\/uploads\/2011\/01\/te_rinj_papune.jpg"},{"@type":"BreadcrumbList","@id":"https:\/\/fjala.info\/2009-2015\/te-rinjte-te-arsimuar-por-ne-ankth-per-te-ardhmen\/#breadcrumb","itemListElement":[{"@type":"ListItem","position":1,"name":"Home","item":"https:\/\/fjala.info\/2009-2015\/"},{"@type":"ListItem","position":2,"name":"T\u00eb rinjt\u00eb, t\u00eb arsimuar, por n\u00eb ankth p\u00ebr t\u00eb ardhmen"}]},{"@type":"WebSite","@id":"https:\/\/fjala.info\/2009-2015\/#website","url":"https:\/\/fjala.info\/2009-2015\/","name":"FjALA e LIR\u00cb - Arkivi","description":"Arkivi 2009-2015","publisher":{"@id":"https:\/\/fjala.info\/2009-2015\/#organization"},"potentialAction":[{"@type":"SearchAction","target":{"@type":"EntryPoint","urlTemplate":"https:\/\/fjala.info\/2009-2015\/?s={search_term_string}"},"query-input":{"@type":"PropertyValueSpecification","valueRequired":true,"valueName":"search_term_string"}}],"inLanguage":"sq-AL"},{"@type":"Organization","@id":"https:\/\/fjala.info\/2009-2015\/#organization","name":"FjALA e LIR\u00cb - Arkivi","url":"https:\/\/fjala.info\/2009-2015\/","logo":{"@type":"ImageObject","inLanguage":"sq-AL","@id":"https:\/\/fjala.info\/2009-2015\/#\/schema\/logo\/image\/","url":"","contentUrl":"","caption":"FjALA e LIR\u00cb - Arkivi"},"image":{"@id":"https:\/\/fjala.info\/2009-2015\/#\/schema\/logo\/image\/"}},{"@type":"Person","@id":"https:\/\/fjala.info\/2009-2015\/#\/schema\/person\/3aa1163ef05469c496fc94e77611ada2","name":"admin","image":{"@type":"ImageObject","inLanguage":"sq-AL","@id":"https:\/\/fjala.info\/2009-2015\/wp-content\/uploads\/2012\/02\/arben_cokaj-120x150.jpg","url":"https:\/\/fjala.info\/2009-2015\/wp-content\/uploads\/2012\/02\/arben_cokaj-120x150.jpg","contentUrl":"https:\/\/fjala.info\/2009-2015\/wp-content\/uploads\/2012\/02\/arben_cokaj-120x150.jpg","caption":"admin"},"description":"Admin, Fjala e Lir\u00eb","sameAs":["https:\/\/fjala.info\/"],"url":"https:\/\/fjala.info\/2009-2015\/author\/admin\/"}]}},"_links":{"self":[{"href":"https:\/\/fjala.info\/2009-2015\/wp-json\/wp\/v2\/posts\/5510","targetHints":{"allow":["GET"]}}],"collection":[{"href":"https:\/\/fjala.info\/2009-2015\/wp-json\/wp\/v2\/posts"}],"about":[{"href":"https:\/\/fjala.info\/2009-2015\/wp-json\/wp\/v2\/types\/post"}],"author":[{"embeddable":true,"href":"https:\/\/fjala.info\/2009-2015\/wp-json\/wp\/v2\/users\/1"}],"replies":[{"embeddable":true,"href":"https:\/\/fjala.info\/2009-2015\/wp-json\/wp\/v2\/comments?post=5510"}],"version-history":[{"count":0,"href":"https:\/\/fjala.info\/2009-2015\/wp-json\/wp\/v2\/posts\/5510\/revisions"}],"wp:attachment":[{"href":"https:\/\/fjala.info\/2009-2015\/wp-json\/wp\/v2\/media?parent=5510"}],"wp:term":[{"taxonomy":"category","embeddable":true,"href":"https:\/\/fjala.info\/2009-2015\/wp-json\/wp\/v2\/categories?post=5510"},{"taxonomy":"post_tag","embeddable":true,"href":"https:\/\/fjala.info\/2009-2015\/wp-json\/wp\/v2\/tags?post=5510"}],"curies":[{"name":"wp","href":"https:\/\/api.w.org\/{rel}","templated":true}]}}