{"id":5506,"date":"2011-01-03T20:33:47","date_gmt":"2011-01-03T19:33:47","guid":{"rendered":"http:\/\/fjala.shkoder.net\/?p=5506"},"modified":"2011-01-03T20:33:47","modified_gmt":"2011-01-03T19:33:47","slug":"po-vdes-politika","status":"publish","type":"post","link":"https:\/\/fjala.info\/2009-2015\/po-vdes-politika\/","title":{"rendered":"Po \u201cvdes\u201d politika"},"content":{"rendered":"<p><img loading=\"lazy\" decoding=\"async\" class=\"alignright size-full wp-image-5507\" title=\"Enton Palushi\" src=\"http:\/\/fjala.shkoder.net\/wp-content\/uploads\/2011\/01\/enton_palushi.jpg\" alt=\"\" width=\"150\" height=\"143\" \/><br \/>\nNga <strong>Enton Palushi<\/strong><\/p>\n<p>Gazetari Mero Baze n\u00eb nj\u00eb shkrim t\u00eb tij paralajm\u00ebron p\u00ebr \u201cvdekjen\u201d e gazetaris\u00eb n\u00eb vend p\u00ebrderisa ka ardhur dita kur dy gazetat m\u00eb t\u00eb m\u00ebdha n\u00eb vend kan\u00eb komentator Rezart Ta\u00e7in. Kjo \u00ebsht\u00eb e v\u00ebrtet\u00eb edhe p\u00ebr politik\u00ebn, p\u00ebrsa koh\u00eb n\u00eb qend\u00ebr t\u00eb saj \u00ebsht\u00eb nj\u00eb figur\u00eb si Albana Vokshi, q\u00eb mesa duket njeh vet\u00ebm nj\u00eb dimension ligjor t\u00eb politik\u00ebs: at\u00eb q\u00eb t\u00eb jep liri p\u00ebr t\u00eb shpifur pa mbajtur p\u00ebrsip\u00ebr pasojat. Sigurisht ato ligjore, e jo ato morale. K\u00ebshtu, ajo deklaron se kur ishte n\u00eb Venezuel\u00eb kishte d\u00ebgjuar se n\u00eb Tiran\u00eb po p\u00ebrflitej se bashk\u00ebpartnerit t\u00eb saj biznesmen i kishte hyr\u00eb n\u00eb hise nj\u00eb person i quajtur Tan Lepri, i njohur si njeri pran\u00eb kryetarit t\u00eb Bashkis\u00eb s\u00eb Tiran\u00ebs.<\/p>\n<p>Pa pyetur t\u00eb shoqin (t\u00eb pakt\u00ebn k\u00ebshtu thot\u00eb nj\u00eb deklarat\u00eb e saj para prokuror\u00ebve, e botuar n\u00eb media), ajo l\u00ebshon nj\u00eb prononcim nga Venezuela ku akuzon se Tan Lepri i ka kusht\u00ebzuar t\u00eb shoqit lejet e nd\u00ebrtimit me marrjen e 20 p\u00ebrqind\u00ebshit. N\u00eb prokurori ajo pranon se e ka b\u00ebr\u00eb n\u00eb nxitim deklarat\u00ebn kur ishte n\u00eb Venezuel\u00eb. Por mbetet p\u00ebr tu sqaruar fakti pse ajo ka dal\u00eb n\u00eb ambientet e Kuvendit p\u00ebr t\u00eb b\u00ebr\u00eb k\u00ebto akuza disa her\u00eb, madje duke tundur nj\u00eb let\u00ebr n\u00eb dor\u00eb e duke th\u00ebn\u00eb se ai \u00ebsht\u00eb dokumenti q\u00eb provon korrupsionin e Bashkis\u00eb s\u00eb Tiran\u00ebs.<\/p>\n<p>Ajo q\u00eb \u00ebsht\u00eb e rrezikshme n\u00eb k\u00ebt\u00eb situat\u00eb \u00ebsht\u00eb qasja q\u00eb ka media e politika ndaj t\u00eb v\u00ebrtet\u00ebs, t\u00eb drejt\u00ebs e t\u00eb moralshmes. Ndaj mund t\u00eb thuhet se media e politika po l\u00ebngojn\u00eb. Sepse demokracia ka shum\u00eb mekanizma p\u00ebr t\u00eb mbrojtur t\u00eb v\u00ebrtet\u00ebn. Nd\u00ebrsa k\u00ebshtu duket se e v\u00ebrteta po mbytet p\u00ebrsa koh\u00eb politika e media ia kan\u00eb l\u00ebn\u00eb t\u00eb gjith\u00eb barr\u00ebn prokuroris\u00eb e gjykatave.<\/p>\n<p>Seanca e fundit e parlamentit ishte nj\u00eb ilustrim i qart\u00eb i gjith\u00eb k\u00ebsaj.<\/p>\n<p>N\u00eb k\u00ebt\u00eb seanc\u00eb kryetari i mazhoranc\u00ebs nuk lejoi opozit\u00ebn t\u00eb hetoj\u00eb p\u00ebr zgjedhjet parlamentare, duke u k\u00ebrkuar t\u00eb sillen si prokuror\u00eb.<\/p>\n<p>Pak sekonda m\u00eb von\u00eb, kjo mazhoranc\u00eb miratoi nj\u00eb rezolut\u00eb me terma abstrakte p\u00ebr progres- raportin e Komisionit Europian, q\u00eb si rrall\u00eb ndonj\u00ebher\u00eb fliste shum\u00eb qart\u00eb. P.sh nj\u00eb trup\u00eb politike si KE thoshte qart\u00eb se kryetarja e Kuvendit po keqp\u00ebrdor postin. Sepse e v\u00ebrteta n\u00eb k\u00ebt\u00eb rast nuk fshihet dot. Madje- madje, n\u00eb k\u00ebt\u00eb seanc\u00eb kryetarja e Kuvendit i futi dhe nj\u00eb t\u00eb shkelur rregullores nd\u00ebrsa hodhi p\u00ebr miratim rezolut\u00ebn e mazhoranc\u00ebs, nd\u00ebrkoh\u00eb q\u00eb ishte opozita q\u00eb kishte propozuar rezolut\u00ebn e normalisht duhej t\u00eb hidhej ajo p\u00ebr votim.<\/p>\n<p>Tashm\u00eb e v\u00ebrteta, e drejta dhe e moralshmja n\u00eb politik\u00eb kan\u00eb vdekur. Q\u00eb pas krijimit t\u00eb koalicionit PD- LSI, asgj\u00eb nuk ka t\u00eb ndalur. Retorika e mazhoranc\u00ebs \u00ebsht\u00eb b\u00ebr\u00eb e frikshme. Nd\u00ebrsa harxhon me miliona euro p\u00ebr t\u00eb propaganduar arritjet e saj (t\u00eb habit fakti q\u00eb arritjet e qeveris\u00eb nuk ua mbushin mendjen njer\u00ebzve pa koncerte e spote), k\u00ebrc\u00ebnon opozit\u00ebn q\u00eb t\u00eb mos fitoj\u00eb kapital politik n\u00eb shpin\u00eb t\u00eb d\u00ebshtimeve t\u00eb qeveris\u00eb.<\/p>\n<p>D\u00ebmi q\u00eb i b\u00ebhet m\u00ebnyr\u00ebs se si funksionon media dhe politika \u00ebsht\u00eb shum\u00eb i r\u00ebnd\u00eb. Do duhet koh\u00eb p\u00ebr t\u00eb riparuar k\u00ebt\u00eb situat\u00eb. Deri at\u00ebher\u00eb do na duhen shum\u00eb gjeste t\u00eb forta e njer\u00ebz me guxim.<\/p>\n","protected":false},"excerpt":{"rendered":"<p>Nga Enton Palushi Gazetari Mero Baze n\u00eb nj\u00eb shkrim t\u00eb tij paralajm\u00ebron p\u00ebr \u201cvdekjen\u201d e gazetaris\u00eb n\u00eb vend p\u00ebrderisa ka ardhur dita kur dy gazetat m\u00eb t\u00eb m\u00ebdha n\u00eb vend kan\u00eb komentator Rezart Ta\u00e7in. Kjo \u00ebsht\u00eb e v\u00ebrtet\u00eb edhe p\u00ebr politik\u00ebn, p\u00ebrsa koh\u00eb n\u00eb qend\u00ebr t\u00eb saj \u00ebsht\u00eb nj\u00eb figur\u00eb si Albana Vokshi, q\u00eb mesa [&hellip;]<\/p>\n","protected":false},"author":1,"featured_media":0,"comment_status":"open","ping_status":"closed","sticky":false,"template":"","format":"standard","meta":{"footnotes":""},"categories":[2],"tags":[],"class_list":{"0":"post-5506","1":"post","2":"type-post","3":"status-publish","4":"format-standard","6":"category-artikuj"},"yoast_head":"<!-- This site is optimized with the Yoast SEO plugin v27.4 - https:\/\/yoast.com\/product\/yoast-seo-wordpress\/ -->\n<title>Po \u201cvdes\u201d politika - FjALA e LIR\u00cb - Arkivi<\/title>\n<meta name=\"robots\" content=\"index, follow, max-snippet:-1, max-image-preview:large, max-video-preview:-1\" \/>\n<link rel=\"canonical\" href=\"https:\/\/fjala.info\/2009-2015\/po-vdes-politika\/\" \/>\n<meta property=\"og:locale\" content=\"sq_AL\" \/>\n<meta property=\"og:type\" content=\"article\" \/>\n<meta property=\"og:title\" content=\"Po \u201cvdes\u201d politika - FjALA e LIR\u00cb - Arkivi\" \/>\n<meta property=\"og:description\" content=\"Nga Enton Palushi Gazetari Mero Baze n\u00eb nj\u00eb shkrim t\u00eb tij paralajm\u00ebron p\u00ebr \u201cvdekjen\u201d e gazetaris\u00eb n\u00eb vend p\u00ebrderisa ka ardhur dita kur dy gazetat m\u00eb t\u00eb m\u00ebdha n\u00eb vend kan\u00eb komentator Rezart Ta\u00e7in. Kjo \u00ebsht\u00eb e v\u00ebrtet\u00eb edhe p\u00ebr politik\u00ebn, p\u00ebrsa koh\u00eb n\u00eb qend\u00ebr t\u00eb saj \u00ebsht\u00eb nj\u00eb figur\u00eb si Albana Vokshi, q\u00eb mesa [&hellip;]\" \/>\n<meta property=\"og:url\" content=\"https:\/\/fjala.info\/2009-2015\/po-vdes-politika\/\" \/>\n<meta property=\"og:site_name\" content=\"FjALA e LIR\u00cb - Arkivi\" \/>\n<meta property=\"article:published_time\" content=\"2011-01-03T19:33:47+00:00\" \/>\n<meta property=\"og:image\" content=\"http:\/\/fjala.shkoder.net\/wp-content\/uploads\/2011\/01\/enton_palushi.jpg\" \/>\n<meta name=\"author\" content=\"admin\" \/>\n<meta name=\"twitter:card\" content=\"summary_large_image\" \/>\n<meta name=\"twitter:label1\" content=\"Written by\" \/>\n\t<meta name=\"twitter:data1\" content=\"admin\" \/>\n\t<meta name=\"twitter:label2\" content=\"Est. reading time\" \/>\n\t<meta name=\"twitter:data2\" content=\"3 minutes\" \/>\n<script type=\"application\/ld+json\" class=\"yoast-schema-graph\">{\"@context\":\"https:\\\/\\\/schema.org\",\"@graph\":[{\"@type\":\"Article\",\"@id\":\"https:\\\/\\\/fjala.info\\\/2009-2015\\\/po-vdes-politika\\\/#article\",\"isPartOf\":{\"@id\":\"https:\\\/\\\/fjala.info\\\/2009-2015\\\/po-vdes-politika\\\/\"},\"author\":{\"name\":\"admin\",\"@id\":\"https:\\\/\\\/fjala.info\\\/2009-2015\\\/#\\\/schema\\\/person\\\/3aa1163ef05469c496fc94e77611ada2\"},\"headline\":\"Po \u201cvdes\u201d politika\",\"datePublished\":\"2011-01-03T19:33:47+00:00\",\"mainEntityOfPage\":{\"@id\":\"https:\\\/\\\/fjala.info\\\/2009-2015\\\/po-vdes-politika\\\/\"},\"wordCount\":608,\"commentCount\":0,\"publisher\":{\"@id\":\"https:\\\/\\\/fjala.info\\\/2009-2015\\\/#organization\"},\"image\":{\"@id\":\"https:\\\/\\\/fjala.info\\\/2009-2015\\\/po-vdes-politika\\\/#primaryimage\"},\"thumbnailUrl\":\"http:\\\/\\\/fjala.shkoder.net\\\/wp-content\\\/uploads\\\/2011\\\/01\\\/enton_palushi.jpg\",\"articleSection\":[\"Artikuj\"],\"inLanguage\":\"sq-AL\",\"potentialAction\":[{\"@type\":\"CommentAction\",\"name\":\"Comment\",\"target\":[\"https:\\\/\\\/fjala.info\\\/2009-2015\\\/po-vdes-politika\\\/#respond\"]}]},{\"@type\":\"WebPage\",\"@id\":\"https:\\\/\\\/fjala.info\\\/2009-2015\\\/po-vdes-politika\\\/\",\"url\":\"https:\\\/\\\/fjala.info\\\/2009-2015\\\/po-vdes-politika\\\/\",\"name\":\"Po \u201cvdes\u201d politika - FjALA e LIR\u00cb - Arkivi\",\"isPartOf\":{\"@id\":\"https:\\\/\\\/fjala.info\\\/2009-2015\\\/#website\"},\"primaryImageOfPage\":{\"@id\":\"https:\\\/\\\/fjala.info\\\/2009-2015\\\/po-vdes-politika\\\/#primaryimage\"},\"image\":{\"@id\":\"https:\\\/\\\/fjala.info\\\/2009-2015\\\/po-vdes-politika\\\/#primaryimage\"},\"thumbnailUrl\":\"http:\\\/\\\/fjala.shkoder.net\\\/wp-content\\\/uploads\\\/2011\\\/01\\\/enton_palushi.jpg\",\"datePublished\":\"2011-01-03T19:33:47+00:00\",\"breadcrumb\":{\"@id\":\"https:\\\/\\\/fjala.info\\\/2009-2015\\\/po-vdes-politika\\\/#breadcrumb\"},\"inLanguage\":\"sq-AL\",\"potentialAction\":[{\"@type\":\"ReadAction\",\"target\":[\"https:\\\/\\\/fjala.info\\\/2009-2015\\\/po-vdes-politika\\\/\"]}]},{\"@type\":\"ImageObject\",\"inLanguage\":\"sq-AL\",\"@id\":\"https:\\\/\\\/fjala.info\\\/2009-2015\\\/po-vdes-politika\\\/#primaryimage\",\"url\":\"http:\\\/\\\/fjala.shkoder.net\\\/wp-content\\\/uploads\\\/2011\\\/01\\\/enton_palushi.jpg\",\"contentUrl\":\"http:\\\/\\\/fjala.shkoder.net\\\/wp-content\\\/uploads\\\/2011\\\/01\\\/enton_palushi.jpg\"},{\"@type\":\"BreadcrumbList\",\"@id\":\"https:\\\/\\\/fjala.info\\\/2009-2015\\\/po-vdes-politika\\\/#breadcrumb\",\"itemListElement\":[{\"@type\":\"ListItem\",\"position\":1,\"name\":\"Home\",\"item\":\"https:\\\/\\\/fjala.info\\\/2009-2015\\\/\"},{\"@type\":\"ListItem\",\"position\":2,\"name\":\"Po \u201cvdes\u201d politika\"}]},{\"@type\":\"WebSite\",\"@id\":\"https:\\\/\\\/fjala.info\\\/2009-2015\\\/#website\",\"url\":\"https:\\\/\\\/fjala.info\\\/2009-2015\\\/\",\"name\":\"FjALA e LIR\u00cb - Arkivi\",\"description\":\"Arkivi 2009-2015\",\"publisher\":{\"@id\":\"https:\\\/\\\/fjala.info\\\/2009-2015\\\/#organization\"},\"potentialAction\":[{\"@type\":\"SearchAction\",\"target\":{\"@type\":\"EntryPoint\",\"urlTemplate\":\"https:\\\/\\\/fjala.info\\\/2009-2015\\\/?s={search_term_string}\"},\"query-input\":{\"@type\":\"PropertyValueSpecification\",\"valueRequired\":true,\"valueName\":\"search_term_string\"}}],\"inLanguage\":\"sq-AL\"},{\"@type\":\"Organization\",\"@id\":\"https:\\\/\\\/fjala.info\\\/2009-2015\\\/#organization\",\"name\":\"FjALA e LIR\u00cb - Arkivi\",\"url\":\"https:\\\/\\\/fjala.info\\\/2009-2015\\\/\",\"logo\":{\"@type\":\"ImageObject\",\"inLanguage\":\"sq-AL\",\"@id\":\"https:\\\/\\\/fjala.info\\\/2009-2015\\\/#\\\/schema\\\/logo\\\/image\\\/\",\"url\":\"\",\"contentUrl\":\"\",\"caption\":\"FjALA e LIR\u00cb - Arkivi\"},\"image\":{\"@id\":\"https:\\\/\\\/fjala.info\\\/2009-2015\\\/#\\\/schema\\\/logo\\\/image\\\/\"}},{\"@type\":\"Person\",\"@id\":\"https:\\\/\\\/fjala.info\\\/2009-2015\\\/#\\\/schema\\\/person\\\/3aa1163ef05469c496fc94e77611ada2\",\"name\":\"admin\",\"image\":{\"@type\":\"ImageObject\",\"inLanguage\":\"sq-AL\",\"@id\":\"https:\\\/\\\/fjala.info\\\/2009-2015\\\/wp-content\\\/uploads\\\/2012\\\/02\\\/arben_cokaj-120x150.jpg\",\"url\":\"https:\\\/\\\/fjala.info\\\/2009-2015\\\/wp-content\\\/uploads\\\/2012\\\/02\\\/arben_cokaj-120x150.jpg\",\"contentUrl\":\"https:\\\/\\\/fjala.info\\\/2009-2015\\\/wp-content\\\/uploads\\\/2012\\\/02\\\/arben_cokaj-120x150.jpg\",\"caption\":\"admin\"},\"description\":\"Admin, Fjala e Lir\u00eb\",\"sameAs\":[\"https:\\\/\\\/fjala.info\\\/\"],\"url\":\"https:\\\/\\\/fjala.info\\\/2009-2015\\\/author\\\/admin\\\/\"}]}<\/script>\n<!-- \/ Yoast SEO plugin. -->","yoast_head_json":{"title":"Po \u201cvdes\u201d politika - FjALA e LIR\u00cb - Arkivi","robots":{"index":"index","follow":"follow","max-snippet":"max-snippet:-1","max-image-preview":"max-image-preview:large","max-video-preview":"max-video-preview:-1"},"canonical":"https:\/\/fjala.info\/2009-2015\/po-vdes-politika\/","og_locale":"sq_AL","og_type":"article","og_title":"Po \u201cvdes\u201d politika - FjALA e LIR\u00cb - Arkivi","og_description":"Nga Enton Palushi Gazetari Mero Baze n\u00eb nj\u00eb shkrim t\u00eb tij paralajm\u00ebron p\u00ebr \u201cvdekjen\u201d e gazetaris\u00eb n\u00eb vend p\u00ebrderisa ka ardhur dita kur dy gazetat m\u00eb t\u00eb m\u00ebdha n\u00eb vend kan\u00eb komentator Rezart Ta\u00e7in. Kjo \u00ebsht\u00eb e v\u00ebrtet\u00eb edhe p\u00ebr politik\u00ebn, p\u00ebrsa koh\u00eb n\u00eb qend\u00ebr t\u00eb saj \u00ebsht\u00eb nj\u00eb figur\u00eb si Albana Vokshi, q\u00eb mesa [&hellip;]","og_url":"https:\/\/fjala.info\/2009-2015\/po-vdes-politika\/","og_site_name":"FjALA e LIR\u00cb - Arkivi","article_published_time":"2011-01-03T19:33:47+00:00","og_image":[{"url":"http:\/\/fjala.shkoder.net\/wp-content\/uploads\/2011\/01\/enton_palushi.jpg","type":"","width":"","height":""}],"author":"admin","twitter_card":"summary_large_image","twitter_misc":{"Written by":"admin","Est. reading time":"3 minutes"},"schema":{"@context":"https:\/\/schema.org","@graph":[{"@type":"Article","@id":"https:\/\/fjala.info\/2009-2015\/po-vdes-politika\/#article","isPartOf":{"@id":"https:\/\/fjala.info\/2009-2015\/po-vdes-politika\/"},"author":{"name":"admin","@id":"https:\/\/fjala.info\/2009-2015\/#\/schema\/person\/3aa1163ef05469c496fc94e77611ada2"},"headline":"Po \u201cvdes\u201d politika","datePublished":"2011-01-03T19:33:47+00:00","mainEntityOfPage":{"@id":"https:\/\/fjala.info\/2009-2015\/po-vdes-politika\/"},"wordCount":608,"commentCount":0,"publisher":{"@id":"https:\/\/fjala.info\/2009-2015\/#organization"},"image":{"@id":"https:\/\/fjala.info\/2009-2015\/po-vdes-politika\/#primaryimage"},"thumbnailUrl":"http:\/\/fjala.shkoder.net\/wp-content\/uploads\/2011\/01\/enton_palushi.jpg","articleSection":["Artikuj"],"inLanguage":"sq-AL","potentialAction":[{"@type":"CommentAction","name":"Comment","target":["https:\/\/fjala.info\/2009-2015\/po-vdes-politika\/#respond"]}]},{"@type":"WebPage","@id":"https:\/\/fjala.info\/2009-2015\/po-vdes-politika\/","url":"https:\/\/fjala.info\/2009-2015\/po-vdes-politika\/","name":"Po \u201cvdes\u201d politika - FjALA e LIR\u00cb - Arkivi","isPartOf":{"@id":"https:\/\/fjala.info\/2009-2015\/#website"},"primaryImageOfPage":{"@id":"https:\/\/fjala.info\/2009-2015\/po-vdes-politika\/#primaryimage"},"image":{"@id":"https:\/\/fjala.info\/2009-2015\/po-vdes-politika\/#primaryimage"},"thumbnailUrl":"http:\/\/fjala.shkoder.net\/wp-content\/uploads\/2011\/01\/enton_palushi.jpg","datePublished":"2011-01-03T19:33:47+00:00","breadcrumb":{"@id":"https:\/\/fjala.info\/2009-2015\/po-vdes-politika\/#breadcrumb"},"inLanguage":"sq-AL","potentialAction":[{"@type":"ReadAction","target":["https:\/\/fjala.info\/2009-2015\/po-vdes-politika\/"]}]},{"@type":"ImageObject","inLanguage":"sq-AL","@id":"https:\/\/fjala.info\/2009-2015\/po-vdes-politika\/#primaryimage","url":"http:\/\/fjala.shkoder.net\/wp-content\/uploads\/2011\/01\/enton_palushi.jpg","contentUrl":"http:\/\/fjala.shkoder.net\/wp-content\/uploads\/2011\/01\/enton_palushi.jpg"},{"@type":"BreadcrumbList","@id":"https:\/\/fjala.info\/2009-2015\/po-vdes-politika\/#breadcrumb","itemListElement":[{"@type":"ListItem","position":1,"name":"Home","item":"https:\/\/fjala.info\/2009-2015\/"},{"@type":"ListItem","position":2,"name":"Po \u201cvdes\u201d politika"}]},{"@type":"WebSite","@id":"https:\/\/fjala.info\/2009-2015\/#website","url":"https:\/\/fjala.info\/2009-2015\/","name":"FjALA e LIR\u00cb - Arkivi","description":"Arkivi 2009-2015","publisher":{"@id":"https:\/\/fjala.info\/2009-2015\/#organization"},"potentialAction":[{"@type":"SearchAction","target":{"@type":"EntryPoint","urlTemplate":"https:\/\/fjala.info\/2009-2015\/?s={search_term_string}"},"query-input":{"@type":"PropertyValueSpecification","valueRequired":true,"valueName":"search_term_string"}}],"inLanguage":"sq-AL"},{"@type":"Organization","@id":"https:\/\/fjala.info\/2009-2015\/#organization","name":"FjALA e LIR\u00cb - Arkivi","url":"https:\/\/fjala.info\/2009-2015\/","logo":{"@type":"ImageObject","inLanguage":"sq-AL","@id":"https:\/\/fjala.info\/2009-2015\/#\/schema\/logo\/image\/","url":"","contentUrl":"","caption":"FjALA e LIR\u00cb - Arkivi"},"image":{"@id":"https:\/\/fjala.info\/2009-2015\/#\/schema\/logo\/image\/"}},{"@type":"Person","@id":"https:\/\/fjala.info\/2009-2015\/#\/schema\/person\/3aa1163ef05469c496fc94e77611ada2","name":"admin","image":{"@type":"ImageObject","inLanguage":"sq-AL","@id":"https:\/\/fjala.info\/2009-2015\/wp-content\/uploads\/2012\/02\/arben_cokaj-120x150.jpg","url":"https:\/\/fjala.info\/2009-2015\/wp-content\/uploads\/2012\/02\/arben_cokaj-120x150.jpg","contentUrl":"https:\/\/fjala.info\/2009-2015\/wp-content\/uploads\/2012\/02\/arben_cokaj-120x150.jpg","caption":"admin"},"description":"Admin, Fjala e Lir\u00eb","sameAs":["https:\/\/fjala.info\/"],"url":"https:\/\/fjala.info\/2009-2015\/author\/admin\/"}]}},"_links":{"self":[{"href":"https:\/\/fjala.info\/2009-2015\/wp-json\/wp\/v2\/posts\/5506","targetHints":{"allow":["GET"]}}],"collection":[{"href":"https:\/\/fjala.info\/2009-2015\/wp-json\/wp\/v2\/posts"}],"about":[{"href":"https:\/\/fjala.info\/2009-2015\/wp-json\/wp\/v2\/types\/post"}],"author":[{"embeddable":true,"href":"https:\/\/fjala.info\/2009-2015\/wp-json\/wp\/v2\/users\/1"}],"replies":[{"embeddable":true,"href":"https:\/\/fjala.info\/2009-2015\/wp-json\/wp\/v2\/comments?post=5506"}],"version-history":[{"count":0,"href":"https:\/\/fjala.info\/2009-2015\/wp-json\/wp\/v2\/posts\/5506\/revisions"}],"wp:attachment":[{"href":"https:\/\/fjala.info\/2009-2015\/wp-json\/wp\/v2\/media?parent=5506"}],"wp:term":[{"taxonomy":"category","embeddable":true,"href":"https:\/\/fjala.info\/2009-2015\/wp-json\/wp\/v2\/categories?post=5506"},{"taxonomy":"post_tag","embeddable":true,"href":"https:\/\/fjala.info\/2009-2015\/wp-json\/wp\/v2\/tags?post=5506"}],"curies":[{"name":"wp","href":"https:\/\/api.w.org\/{rel}","templated":true}]}}