{"id":5504,"date":"2011-01-03T19:29:50","date_gmt":"2011-01-03T18:29:50","guid":{"rendered":"http:\/\/fjala.shkoder.net\/?p=5504"},"modified":"2011-01-03T19:29:50","modified_gmt":"2011-01-03T18:29:50","slug":"poezi-nga-vaso-papaj-2","status":"publish","type":"post","link":"https:\/\/fjala.info\/2009-2015\/poezi-nga-vaso-papaj-2\/","title":{"rendered":"Poezi nga Vaso Papaj"},"content":{"rendered":"<p><em>I nderuar Administrator!<br \/>\nJu p\u00ebrsh\u00ebndes dhe ju uroj vitin e ri me tre poezi nga v\u00ebllimi poetik qe doli se fundi &#8220;<strong>Mbeta mik me shpirtin<\/strong>&#8221;<br \/>\nSinqerisht, <strong>Vaso Papaj<\/strong><\/em><\/p>\n<p>\u201c<strong>Dhe yjet rrijn\u00eb e v\u00ebshtrojn\u00eb\u2026\u201d<\/strong><\/p>\n<p>Ca jetojn\u00eb n\u00ebp\u00ebr barraka,<br \/>\nvilat ca s\u2019din\u00eb ku i kan\u00eb.<\/p>\n<p>Cave peshku i vjen me barka,<br \/>\nca dhe buk\u00ebn han me gram.<\/p>\n<p>Ca kan\u00eb vap\u00eb n\u00ebp\u00ebr pishina,<br \/>\nca sht\u00ebpin\u00eb e kan\u00eb pa uj\u00eb.<\/p>\n<p>Ka q\u00eb blejn\u00eb \u00e7\u2019far\u2019 ka vitrina,<br \/>\nca pse lypin b\u00ebjn\u00eb aq buj\u00eb.<\/p>\n<p>Ca sht\u00ebpin\u00eb n\u00eb lloto humbin,<br \/>\nca nj\u00eb shtrat nuk kan\u00eb p\u00ebrjet\u00eb.<\/p>\n<p>Ca p\u00ebr paqen po luftojn\u00eb,<br \/>\npaqe s\u2019kan\u00eb n\u00eb sht\u00ebpin\u2019 e vet.<\/p>\n<p>Ca k\u00ebrkojn\u00eb pensione lufte,<br \/>\nkur s\u2019kan\u00eb mbushur shtat\u00ebdhjet\u00eb.<\/p>\n<p>Ca mbajn\u2019 frym\u00ebn me nj\u00eb qind\u00ebshe,<br \/>\nndonse derdh\u00ebn djers\u00eb nj\u00eb jet\u00eb.<\/p>\n<p>Ca q\u00eb thone:\u201d Kapni hajdutin\u201d,<br \/>\nantifurte kan\u00eb nga dhjet\u00eb.<\/p>\n<p>S\u2019i z\u00eb gjumi nat\u00eb e dit\u00eb,<br \/>\nmbrojn\u00eb at\u00eb q\u00eb kan\u2019 vjedh vet.<\/p>\n<p>Ca me qum\u00ebsht vet\u00ebm lahen,<br \/>\nca p\u00ebr foshnjet s\u2019kan\u2019 nj\u00eb got\u00eb.<\/p>\n<p>Disa zem\u00ebr nuk kan\u00eb fare,<br \/>\nca ve\u00e7 zemra gjuajn\u00eb sot.<\/p>\n<p>Ca nd\u00ebrtojn\u00eb n\u00eb tokat ar\u00eb<br \/>\ndhe k\u00ebrkojn\u00eb buk\u00eb n\u00eb Pazar.<\/p>\n<p>Ca nd\u00ebrtojn\u00eb brenda n\u00eb det,<br \/>\nq\u00eb ta pijn\u00eb dhe detin vet.<\/p>\n<p>Disa b\u00ebjn\u00eb duva dhe lutje<br \/>\ndhe moralin flakin tutje.<\/p>\n<p>Ca lexojn\u00eb te dora fatin,<br \/>\ndyqint n\u2019or\u00eb me Benzin kapin.<\/p>\n<p>K\u00ebto, Kroninin m\u00eb kujtojn\u00eb,<br \/>\n\u201cDhe yjet rrijn\u00eb e v\u00ebshtrojn\u00eb\u2026\u201d<\/p>\n<p><strong>Heshtja<\/strong><\/p>\n<p>Mbyllur kat\u00ebr muresh<br \/>\nvet\u00ebm je gjithmon<\/p>\n<p>N\u00ebse t\u00eb trokasin<br \/>\ns\u2019di a i d\u00ebgjon!<\/p>\n<p>N\u00ebse t\u00eb trokasin,<br \/>\nmos shko menj\u00ebher\u00eb.<\/p>\n<p>Pyete dashurin\u00eb:<br \/>\n&#8211; Ta hap at\u00eb der\u00eb?<\/p>\n<p>Dhe mbetesh me heshtjen,<br \/>\nt\u00eb sheh nga \u00e7do qoshe<br \/>\ne thot\u2019 duke qeshur<br \/>\nmijra fjal\u00eb boshe\u2026<\/p>\n<p>Po mos rri i heshtur:<br \/>\n&#8211; Dil nga kat\u00ebr muret!<br \/>\n&#8211; Thuaje t\u00eb vertet\u00ebn!<br \/>\nAjo s\u2019mund t\u00eb tkurret.<\/p>\n<p>Grisi tisin heshtjes<br \/>\ne shih nga \u00e7do an\u00eb.<\/p>\n<p>Thuaja duke qeshur,<br \/>\npa q\u00ebn\u2019 fjalaman.<\/p>\n<p>Eh, moj ti, e mjer\u00eb!<br \/>\nUn\u00eb s\u2019 t\u00eb bindem ty.<\/p>\n<p>Jam k\u00ebng\u00eb n\u00eb pranver\u00eb,<br \/>\njam nj\u00eb, s\u2019 b\u00ebhem dy.<\/p>\n<p><strong>Otranto<\/strong><\/p>\n<p>Otranto!<br \/>\nLum i hidhur,<br \/>\nme lot\u00ebt e h\u00ebn\u00ebs qendisur.<br \/>\nN\u00eb gjirin t\u00ebnd \u00e7\u2019nuk ke:<br \/>\nPeshq me shuka flok\u00ebsh gostisur.<br \/>\nPeshkaqen mishngopur, t\u00eb hazdisur.<br \/>\n\u00cbsht\u2019 koh\u00eb e boll\u00ebkut :<br \/>\nE krisur\u2026 E krisur\u2026<br \/>\nBare e motele po mbijn\u00eb:<br \/>\nSi miza dheu<br \/>\nl\u00ebvrijn\u00eb\u2026<\/p>\n<p>Me vello t\u00eb re, nusja plak\u00eb<br \/>\ne mb\u00ebshtjell\u00eb:<br \/>\nD\u00ebrgata e fundi q\u00eb lindja sjell.<br \/>\nKalon k\u00ebtej dhe vdekjen mbjell\u2026<br \/>\nE ne t\u00eb tjer\u00ebt, t\u00eb gjith\u00eb, b\u00ebjm\u00eb sehir,<br \/>\ndit\u00eb e nat\u00eb, kafe duke pir\u00eb.<br \/>\nKafe t\u00eb mb\u00ebrdhir\u00eb\u2026<\/p>\n<p>Po p\u00ebrse, p\u00ebrse,<br \/>\njan\u00eb kthyer dallg\u00ebt tabut dhe qefin?<br \/>\nAh, vendi im, vendi im&#8230; i mir\u00eb!<\/p>\n","protected":false},"excerpt":{"rendered":"<p>I nderuar Administrator! Ju p\u00ebrsh\u00ebndes dhe ju uroj vitin e ri me tre poezi nga v\u00ebllimi poetik qe doli se fundi &#8220;Mbeta mik me shpirtin&#8221; Sinqerisht, Vaso Papaj \u201cDhe yjet rrijn\u00eb e v\u00ebshtrojn\u00eb\u2026\u201d Ca jetojn\u00eb n\u00ebp\u00ebr barraka, vilat ca s\u2019din\u00eb ku i kan\u00eb. Cave peshku i vjen me barka, ca dhe buk\u00ebn han me gram. [&hellip;]<\/p>\n","protected":false},"author":1,"featured_media":0,"comment_status":"open","ping_status":"closed","sticky":false,"template":"","format":"standard","meta":{"footnotes":""},"categories":[7,9],"tags":[],"class_list":{"0":"post-5504","1":"post","2":"type-post","3":"status-publish","4":"format-standard","6":"category-letersi","7":"category-poezi"},"yoast_head":"<!-- This site is optimized with the Yoast SEO plugin v27.4 - https:\/\/yoast.com\/product\/yoast-seo-wordpress\/ -->\n<title>Poezi nga Vaso Papaj - FjALA e LIR\u00cb - Arkivi<\/title>\n<meta name=\"robots\" content=\"index, follow, max-snippet:-1, max-image-preview:large, max-video-preview:-1\" \/>\n<link rel=\"canonical\" href=\"https:\/\/fjala.info\/2009-2015\/poezi-nga-vaso-papaj-2\/\" \/>\n<meta property=\"og:locale\" content=\"sq_AL\" \/>\n<meta property=\"og:type\" content=\"article\" \/>\n<meta property=\"og:title\" content=\"Poezi nga Vaso Papaj - FjALA e LIR\u00cb - Arkivi\" \/>\n<meta property=\"og:description\" content=\"I nderuar Administrator! Ju p\u00ebrsh\u00ebndes dhe ju uroj vitin e ri me tre poezi nga v\u00ebllimi poetik qe doli se fundi &#8220;Mbeta mik me shpirtin&#8221; Sinqerisht, Vaso Papaj \u201cDhe yjet rrijn\u00eb e v\u00ebshtrojn\u00eb\u2026\u201d Ca jetojn\u00eb n\u00ebp\u00ebr barraka, vilat ca s\u2019din\u00eb ku i kan\u00eb. Cave peshku i vjen me barka, ca dhe buk\u00ebn han me gram. [&hellip;]\" \/>\n<meta property=\"og:url\" content=\"https:\/\/fjala.info\/2009-2015\/poezi-nga-vaso-papaj-2\/\" \/>\n<meta property=\"og:site_name\" content=\"FjALA e LIR\u00cb - Arkivi\" \/>\n<meta property=\"article:published_time\" content=\"2011-01-03T18:29:50+00:00\" \/>\n<meta name=\"author\" content=\"admin\" \/>\n<meta name=\"twitter:card\" content=\"summary_large_image\" \/>\n<meta name=\"twitter:label1\" content=\"Written by\" \/>\n\t<meta name=\"twitter:data1\" content=\"admin\" \/>\n\t<meta name=\"twitter:label2\" content=\"Est. reading time\" \/>\n\t<meta name=\"twitter:data2\" content=\"2 minutes\" \/>\n<script type=\"application\/ld+json\" class=\"yoast-schema-graph\">{\"@context\":\"https:\\\/\\\/schema.org\",\"@graph\":[{\"@type\":\"Article\",\"@id\":\"https:\\\/\\\/fjala.info\\\/2009-2015\\\/poezi-nga-vaso-papaj-2\\\/#article\",\"isPartOf\":{\"@id\":\"https:\\\/\\\/fjala.info\\\/2009-2015\\\/poezi-nga-vaso-papaj-2\\\/\"},\"author\":{\"name\":\"admin\",\"@id\":\"https:\\\/\\\/fjala.info\\\/2009-2015\\\/#\\\/schema\\\/person\\\/3aa1163ef05469c496fc94e77611ada2\"},\"headline\":\"Poezi nga Vaso Papaj\",\"datePublished\":\"2011-01-03T18:29:50+00:00\",\"mainEntityOfPage\":{\"@id\":\"https:\\\/\\\/fjala.info\\\/2009-2015\\\/poezi-nga-vaso-papaj-2\\\/\"},\"wordCount\":466,\"commentCount\":0,\"publisher\":{\"@id\":\"https:\\\/\\\/fjala.info\\\/2009-2015\\\/#organization\"},\"articleSection\":[\"Let\u00ebrsi\",\"Poezi\"],\"inLanguage\":\"sq-AL\",\"potentialAction\":[{\"@type\":\"CommentAction\",\"name\":\"Comment\",\"target\":[\"https:\\\/\\\/fjala.info\\\/2009-2015\\\/poezi-nga-vaso-papaj-2\\\/#respond\"]}]},{\"@type\":\"WebPage\",\"@id\":\"https:\\\/\\\/fjala.info\\\/2009-2015\\\/poezi-nga-vaso-papaj-2\\\/\",\"url\":\"https:\\\/\\\/fjala.info\\\/2009-2015\\\/poezi-nga-vaso-papaj-2\\\/\",\"name\":\"Poezi nga Vaso Papaj - FjALA e LIR\u00cb - Arkivi\",\"isPartOf\":{\"@id\":\"https:\\\/\\\/fjala.info\\\/2009-2015\\\/#website\"},\"datePublished\":\"2011-01-03T18:29:50+00:00\",\"breadcrumb\":{\"@id\":\"https:\\\/\\\/fjala.info\\\/2009-2015\\\/poezi-nga-vaso-papaj-2\\\/#breadcrumb\"},\"inLanguage\":\"sq-AL\",\"potentialAction\":[{\"@type\":\"ReadAction\",\"target\":[\"https:\\\/\\\/fjala.info\\\/2009-2015\\\/poezi-nga-vaso-papaj-2\\\/\"]}]},{\"@type\":\"BreadcrumbList\",\"@id\":\"https:\\\/\\\/fjala.info\\\/2009-2015\\\/poezi-nga-vaso-papaj-2\\\/#breadcrumb\",\"itemListElement\":[{\"@type\":\"ListItem\",\"position\":1,\"name\":\"Home\",\"item\":\"https:\\\/\\\/fjala.info\\\/2009-2015\\\/\"},{\"@type\":\"ListItem\",\"position\":2,\"name\":\"Poezi nga Vaso Papaj\"}]},{\"@type\":\"WebSite\",\"@id\":\"https:\\\/\\\/fjala.info\\\/2009-2015\\\/#website\",\"url\":\"https:\\\/\\\/fjala.info\\\/2009-2015\\\/\",\"name\":\"FjALA e LIR\u00cb - Arkivi\",\"description\":\"Arkivi 2009-2015\",\"publisher\":{\"@id\":\"https:\\\/\\\/fjala.info\\\/2009-2015\\\/#organization\"},\"potentialAction\":[{\"@type\":\"SearchAction\",\"target\":{\"@type\":\"EntryPoint\",\"urlTemplate\":\"https:\\\/\\\/fjala.info\\\/2009-2015\\\/?s={search_term_string}\"},\"query-input\":{\"@type\":\"PropertyValueSpecification\",\"valueRequired\":true,\"valueName\":\"search_term_string\"}}],\"inLanguage\":\"sq-AL\"},{\"@type\":\"Organization\",\"@id\":\"https:\\\/\\\/fjala.info\\\/2009-2015\\\/#organization\",\"name\":\"FjALA e LIR\u00cb - Arkivi\",\"url\":\"https:\\\/\\\/fjala.info\\\/2009-2015\\\/\",\"logo\":{\"@type\":\"ImageObject\",\"inLanguage\":\"sq-AL\",\"@id\":\"https:\\\/\\\/fjala.info\\\/2009-2015\\\/#\\\/schema\\\/logo\\\/image\\\/\",\"url\":\"\",\"contentUrl\":\"\",\"caption\":\"FjALA e LIR\u00cb - Arkivi\"},\"image\":{\"@id\":\"https:\\\/\\\/fjala.info\\\/2009-2015\\\/#\\\/schema\\\/logo\\\/image\\\/\"}},{\"@type\":\"Person\",\"@id\":\"https:\\\/\\\/fjala.info\\\/2009-2015\\\/#\\\/schema\\\/person\\\/3aa1163ef05469c496fc94e77611ada2\",\"name\":\"admin\",\"image\":{\"@type\":\"ImageObject\",\"inLanguage\":\"sq-AL\",\"@id\":\"https:\\\/\\\/fjala.info\\\/2009-2015\\\/wp-content\\\/uploads\\\/2012\\\/02\\\/arben_cokaj-120x150.jpg\",\"url\":\"https:\\\/\\\/fjala.info\\\/2009-2015\\\/wp-content\\\/uploads\\\/2012\\\/02\\\/arben_cokaj-120x150.jpg\",\"contentUrl\":\"https:\\\/\\\/fjala.info\\\/2009-2015\\\/wp-content\\\/uploads\\\/2012\\\/02\\\/arben_cokaj-120x150.jpg\",\"caption\":\"admin\"},\"description\":\"Admin, Fjala e Lir\u00eb\",\"sameAs\":[\"https:\\\/\\\/fjala.info\\\/\"],\"url\":\"https:\\\/\\\/fjala.info\\\/2009-2015\\\/author\\\/admin\\\/\"}]}<\/script>\n<!-- \/ Yoast SEO plugin. -->","yoast_head_json":{"title":"Poezi nga Vaso Papaj - FjALA e LIR\u00cb - Arkivi","robots":{"index":"index","follow":"follow","max-snippet":"max-snippet:-1","max-image-preview":"max-image-preview:large","max-video-preview":"max-video-preview:-1"},"canonical":"https:\/\/fjala.info\/2009-2015\/poezi-nga-vaso-papaj-2\/","og_locale":"sq_AL","og_type":"article","og_title":"Poezi nga Vaso Papaj - FjALA e LIR\u00cb - Arkivi","og_description":"I nderuar Administrator! Ju p\u00ebrsh\u00ebndes dhe ju uroj vitin e ri me tre poezi nga v\u00ebllimi poetik qe doli se fundi &#8220;Mbeta mik me shpirtin&#8221; Sinqerisht, Vaso Papaj \u201cDhe yjet rrijn\u00eb e v\u00ebshtrojn\u00eb\u2026\u201d Ca jetojn\u00eb n\u00ebp\u00ebr barraka, vilat ca s\u2019din\u00eb ku i kan\u00eb. Cave peshku i vjen me barka, ca dhe buk\u00ebn han me gram. [&hellip;]","og_url":"https:\/\/fjala.info\/2009-2015\/poezi-nga-vaso-papaj-2\/","og_site_name":"FjALA e LIR\u00cb - Arkivi","article_published_time":"2011-01-03T18:29:50+00:00","author":"admin","twitter_card":"summary_large_image","twitter_misc":{"Written by":"admin","Est. reading time":"2 minutes"},"schema":{"@context":"https:\/\/schema.org","@graph":[{"@type":"Article","@id":"https:\/\/fjala.info\/2009-2015\/poezi-nga-vaso-papaj-2\/#article","isPartOf":{"@id":"https:\/\/fjala.info\/2009-2015\/poezi-nga-vaso-papaj-2\/"},"author":{"name":"admin","@id":"https:\/\/fjala.info\/2009-2015\/#\/schema\/person\/3aa1163ef05469c496fc94e77611ada2"},"headline":"Poezi nga Vaso Papaj","datePublished":"2011-01-03T18:29:50+00:00","mainEntityOfPage":{"@id":"https:\/\/fjala.info\/2009-2015\/poezi-nga-vaso-papaj-2\/"},"wordCount":466,"commentCount":0,"publisher":{"@id":"https:\/\/fjala.info\/2009-2015\/#organization"},"articleSection":["Let\u00ebrsi","Poezi"],"inLanguage":"sq-AL","potentialAction":[{"@type":"CommentAction","name":"Comment","target":["https:\/\/fjala.info\/2009-2015\/poezi-nga-vaso-papaj-2\/#respond"]}]},{"@type":"WebPage","@id":"https:\/\/fjala.info\/2009-2015\/poezi-nga-vaso-papaj-2\/","url":"https:\/\/fjala.info\/2009-2015\/poezi-nga-vaso-papaj-2\/","name":"Poezi nga Vaso Papaj - FjALA e LIR\u00cb - Arkivi","isPartOf":{"@id":"https:\/\/fjala.info\/2009-2015\/#website"},"datePublished":"2011-01-03T18:29:50+00:00","breadcrumb":{"@id":"https:\/\/fjala.info\/2009-2015\/poezi-nga-vaso-papaj-2\/#breadcrumb"},"inLanguage":"sq-AL","potentialAction":[{"@type":"ReadAction","target":["https:\/\/fjala.info\/2009-2015\/poezi-nga-vaso-papaj-2\/"]}]},{"@type":"BreadcrumbList","@id":"https:\/\/fjala.info\/2009-2015\/poezi-nga-vaso-papaj-2\/#breadcrumb","itemListElement":[{"@type":"ListItem","position":1,"name":"Home","item":"https:\/\/fjala.info\/2009-2015\/"},{"@type":"ListItem","position":2,"name":"Poezi nga Vaso Papaj"}]},{"@type":"WebSite","@id":"https:\/\/fjala.info\/2009-2015\/#website","url":"https:\/\/fjala.info\/2009-2015\/","name":"FjALA e LIR\u00cb - Arkivi","description":"Arkivi 2009-2015","publisher":{"@id":"https:\/\/fjala.info\/2009-2015\/#organization"},"potentialAction":[{"@type":"SearchAction","target":{"@type":"EntryPoint","urlTemplate":"https:\/\/fjala.info\/2009-2015\/?s={search_term_string}"},"query-input":{"@type":"PropertyValueSpecification","valueRequired":true,"valueName":"search_term_string"}}],"inLanguage":"sq-AL"},{"@type":"Organization","@id":"https:\/\/fjala.info\/2009-2015\/#organization","name":"FjALA e LIR\u00cb - Arkivi","url":"https:\/\/fjala.info\/2009-2015\/","logo":{"@type":"ImageObject","inLanguage":"sq-AL","@id":"https:\/\/fjala.info\/2009-2015\/#\/schema\/logo\/image\/","url":"","contentUrl":"","caption":"FjALA e LIR\u00cb - Arkivi"},"image":{"@id":"https:\/\/fjala.info\/2009-2015\/#\/schema\/logo\/image\/"}},{"@type":"Person","@id":"https:\/\/fjala.info\/2009-2015\/#\/schema\/person\/3aa1163ef05469c496fc94e77611ada2","name":"admin","image":{"@type":"ImageObject","inLanguage":"sq-AL","@id":"https:\/\/fjala.info\/2009-2015\/wp-content\/uploads\/2012\/02\/arben_cokaj-120x150.jpg","url":"https:\/\/fjala.info\/2009-2015\/wp-content\/uploads\/2012\/02\/arben_cokaj-120x150.jpg","contentUrl":"https:\/\/fjala.info\/2009-2015\/wp-content\/uploads\/2012\/02\/arben_cokaj-120x150.jpg","caption":"admin"},"description":"Admin, Fjala e Lir\u00eb","sameAs":["https:\/\/fjala.info\/"],"url":"https:\/\/fjala.info\/2009-2015\/author\/admin\/"}]}},"_links":{"self":[{"href":"https:\/\/fjala.info\/2009-2015\/wp-json\/wp\/v2\/posts\/5504","targetHints":{"allow":["GET"]}}],"collection":[{"href":"https:\/\/fjala.info\/2009-2015\/wp-json\/wp\/v2\/posts"}],"about":[{"href":"https:\/\/fjala.info\/2009-2015\/wp-json\/wp\/v2\/types\/post"}],"author":[{"embeddable":true,"href":"https:\/\/fjala.info\/2009-2015\/wp-json\/wp\/v2\/users\/1"}],"replies":[{"embeddable":true,"href":"https:\/\/fjala.info\/2009-2015\/wp-json\/wp\/v2\/comments?post=5504"}],"version-history":[{"count":0,"href":"https:\/\/fjala.info\/2009-2015\/wp-json\/wp\/v2\/posts\/5504\/revisions"}],"wp:attachment":[{"href":"https:\/\/fjala.info\/2009-2015\/wp-json\/wp\/v2\/media?parent=5504"}],"wp:term":[{"taxonomy":"category","embeddable":true,"href":"https:\/\/fjala.info\/2009-2015\/wp-json\/wp\/v2\/categories?post=5504"},{"taxonomy":"post_tag","embeddable":true,"href":"https:\/\/fjala.info\/2009-2015\/wp-json\/wp\/v2\/tags?post=5504"}],"curies":[{"name":"wp","href":"https:\/\/api.w.org\/{rel}","templated":true}]}}