{"id":5490,"date":"2011-01-02T21:09:26","date_gmt":"2011-01-02T20:09:26","guid":{"rendered":"http:\/\/fjala.shkoder.net\/?p=5490"},"modified":"2011-01-02T21:09:26","modified_gmt":"2011-01-02T20:09:26","slug":"nderrimi-i-viteve-u-manifestua-edhe-ne-shtutgard-te-gjermanise","status":"publish","type":"post","link":"https:\/\/fjala.info\/2009-2015\/nderrimi-i-viteve-u-manifestua-edhe-ne-shtutgard-te-gjermanise\/","title":{"rendered":"Nd\u00ebrrimi i viteve u manifestua edhe n\u00eb Shtutgard t\u00eb Gjermanis\u00eb"},"content":{"rendered":"<p>Nga <strong>Asllan Dibrani<\/strong><\/p>\n<p><img loading=\"lazy\" decoding=\"async\" class=\"alignleft size-full wp-image-5491\" title=\"Asllan Dibrani\" src=\"http:\/\/fjala.shkoder.net\/wp-content\/uploads\/2011\/01\/asllan_dibrani2.jpg\" alt=\"\" width=\"171\" height=\"244\" \/><\/p>\n<p>Nd\u00ebrrimi i mot-moteve gjith\u00eb bot\u00ebn e gjeti te g\u00ebzuar. Fishek zjarret e mbr\u00ebmjes u d\u00ebgjonin gjith\u00eb kund , g\u00ebzim nxitim i grumbullimit te gjerave ushqimore qe ta ken\u00eb nj\u00eb tryez\u00eb sa ma te pasur p\u00ebr mbr\u00ebmjen ma te g\u00ebzueshme .Po kjo atmosfer\u00eb manifestimi i gjeti edhe shqiptar\u00ebt e Shtutgardirt t\u00eb ballafaquar me t\u00eb nj\u00ebjt\u00ebn gj\u00eb ku nj\u00eb pjes\u00eb e tyre zgjodhi sht\u00ebpin\u00eb me miqt\u00eb e tyre , ca te tjer\u00eb ik\u00ebn p\u00ebr atdhe nd\u00ebrsa nj\u00eb pjes\u00eb e tyre preferuan restorantet.<\/p>\n<p><em><strong>Shqiptare t\u00eb Shtutgardit nga e djathta Hetem Llapatinca,Vitor Spaqi,Asllan Dibrani,Haki Azizaj,Can Tahiri,Besim Lokaj,Sejdi Rexhepi,Bajram Balaj dhe Lulzim Toverlani ne nj\u00eb diskutim paraprak te k\u00ebsaj nate p\u00ebr mbar\u00ebvajtjen e m\u00ebtutjeshme te k\u00ebsaj Qendre Kulturore Shqiptare<\/strong><\/em><\/p>\n<p>Periferia e Shtutgardit pik\u00ebrisht Gerlingeni ishte nata ma e g\u00ebzuar p\u00ebr shqiptar\u00ebt e Shturtgardit me iniciativ\u00ebn e V\u00ebllez\u00ebrve Asllan dhe Ruzhdi Dibranit , Haki Azizajt nga Shtutgardi dhe Can Tahirit p\u00ebrfaq\u00ebsues i Unionit Artistik i grumbulluan nj\u00eb num\u00ebr t\u00eb konsideruesh\u00ebm shqiptar\u00ebsh me familje kaluan nj\u00eb mbr\u00ebmje festive me nj\u00eb program artistik t\u00eb k\u00ebng\u00ebve dhe valleve,humorit dhe zgjedhjet e ma te mirave ne nj\u00eb kuis te publikuar nga pjes\u00ebmarr\u00ebset n\u00eb prierje si reportere.<\/p>\n<p>Fillimisht Can Tahiri qe ishte edhe moderatori i mbr\u00ebmjes p\u00ebrsh\u00ebndeti te pranishmit duke ju uruar vitin e ri dhe i ftoj ne sken\u00eb K\u00ebng\u00ebtaret e Lulzim Toverlanin dhe Naser Gashin ku e krijuan nj\u00eb atmosfer\u00eb g\u00ebzimi, ku \u00e7do njeri ishte i g\u00ebzuar dhe sikur nj\u00eb moment ishin liruar nga obligimet e p\u00ebrditshme . K\u00ebng\u00ebt ishin nga ma te mirat si motive nga e gjith\u00eb melosi yn\u00eb ku publiku mbeti shum\u00eb i k\u00ebnaqur pik\u00ebrisht meq\u00eb nj\u00eb pjes\u00eb t\u00eb pranishmeve ishte edhe nga Shqip\u00ebria qe arrit\u00ebn k\u00ebto dite pas heqjes se vizave dhe qarkullimit te lir\u00eb n\u00eb shtetet e Shengenit.<\/p>\n<p style=\"text-align: center;\"><img loading=\"lazy\" decoding=\"async\" class=\"alignnone size-full wp-image-5492\" title=\"viti_ri11_de\" src=\"http:\/\/fjala.shkoder.net\/wp-content\/uploads\/2011\/01\/viti_ri11_de.jpg\" alt=\"\" width=\"400\" height=\"302\" \/><\/p>\n<p>Pastaj si karakteristik\u00eb e k\u00ebsaj mbr\u00ebmje ishte edhe kitaristi i dhe k\u00ebng\u00ebtari Haki Azizaj njeri i kultur\u00ebs dhe muzik\u00ebs i cili morri iniciativa te ve\u00e7anta ne lindjen e Rokut dhe zhvillimit t\u00eb k\u00ebtij zhanri te ri n\u00eb Kosov\u00eb n\u00eb vitin 1969, ku publiku disa her\u00eb e p\u00ebrcolli me duar trokitje frenetike dhe i dha k\u00ebtij takimi nj\u00eb ngjyre te k\u00ebng\u00ebs se mir\u00ebfillt\u00eb qytetare. T\u00eb Pranishmit k\u00ebt\u00eb hare te k\u00ebsaj mbr\u00ebmje vazhduan duke i p\u00ebrcjell edhe minutat e fundit t\u00eb 2010 ne 2011 me fishekzjarr\u00eb dhe shtr\u00ebngim duarsh ne p\u00ebrg\u00ebzimet p\u00ebr vitin 2011 ,ku kjo atmosfer\u00eb zgjati deri ne or\u00ebt e hershme te m\u00ebngjesit.<\/p>\n<p style=\"text-align: center;\"><strong><img loading=\"lazy\" decoding=\"async\" class=\"alignnone size-full wp-image-5493\" title=\"viti_ri11_de1\" src=\"http:\/\/fjala.shkoder.net\/wp-content\/uploads\/2011\/01\/viti_ri11_de1.jpg\" alt=\"\" width=\"400\" height=\"301\" \/><\/strong><\/p>\n<p style=\"text-align: center;\"><strong>Haki Azizaj Asllan Dibrani dhe Lulzim Tovarlani <\/strong><\/p>\n<p style=\"text-align: center;\"><strong><img loading=\"lazy\" decoding=\"async\" class=\"alignnone size-full wp-image-5494\" title=\"viti_ri11_de2\" src=\"http:\/\/fjala.shkoder.net\/wp-content\/uploads\/2011\/01\/viti_ri11_de2.jpg\" alt=\"\" width=\"350\" height=\"264\" \/><\/strong><\/p>\n<p style=\"text-align: center;\"><strong>Grup vajzash t\u00eb shoq\u00ebruara ne mes vete miq\u00ebsi t\u00eb krijuar gjate k\u00ebsaj mbr\u00ebmjeje<\/strong><\/p>\n<p style=\"text-align: center;\"><strong><img loading=\"lazy\" decoding=\"async\" class=\"alignnone size-full wp-image-5495\" title=\"viti_ri11_de3\" src=\"http:\/\/fjala.shkoder.net\/wp-content\/uploads\/2011\/01\/viti_ri11_de3.jpg\" alt=\"\" width=\"400\" height=\"298\" \/><\/strong><\/p>\n<p style=\"text-align: center;\"><strong>Can Tahiri dhe Blerim Aliu valltar\u00eb, ku i dhan\u00eb nj\u00eb ton te posa\u00e7\u00ebm k\u00ebsaj mbr\u00ebmje festuese<\/strong><\/p>\n<p style=\"text-align: center;\"><strong><img loading=\"lazy\" decoding=\"async\" class=\"alignnone size-full wp-image-5496\" title=\"viti_ri11_de4\" src=\"http:\/\/fjala.shkoder.net\/wp-content\/uploads\/2011\/01\/viti_ri11_de4.jpg\" alt=\"\" width=\"400\" height=\"300\" \/><\/strong><\/p>\n<p style=\"text-align: center;\"><strong>Familje nga Gerlingeni n\u00eb ndarjen e g\u00ebzimeve n\u00eb shoq\u00ebri<\/strong><\/p>\n<p style=\"text-align: center;\"><strong><img loading=\"lazy\" decoding=\"async\" class=\"alignnone size-full wp-image-5497\" title=\"viti_ri11_de5\" src=\"http:\/\/fjala.shkoder.net\/wp-content\/uploads\/2011\/01\/viti_ri11_de5.jpg\" alt=\"\" width=\"400\" height=\"300\" \/><\/strong><\/p>\n<p style=\"text-align: center;\"><strong>V\u00ebllezerit Dibrani Sahit, Asllan dhe Ruzhdi me N\u00ebn\u00ebn t\u00eb Shoq\u00ebruar me Can Tahiri<\/strong><\/p>\n<p style=\"text-align: center;\"><strong><img loading=\"lazy\" decoding=\"async\" class=\"alignnone size-full wp-image-5498\" title=\"viti_ri11_de6\" src=\"http:\/\/fjala.shkoder.net\/wp-content\/uploads\/2011\/01\/viti_ri11_de6.jpg\" alt=\"\" width=\"416\" height=\"312\" \/><\/strong><\/p>\n<p style=\"text-align: center;\"><strong>Lulzim Toverlani n\u00eb sken\u00eb para publikut<\/strong><\/p>\n<p style=\"text-align: center;\"><strong><img loading=\"lazy\" decoding=\"async\" class=\"alignnone size-full wp-image-5499\" title=\"viti_ri11_de7\" src=\"http:\/\/fjala.shkoder.net\/wp-content\/uploads\/2011\/01\/viti_ri11_de7.jpg\" alt=\"\" width=\"415\" height=\"306\" \/><\/strong><\/p>\n<p style=\"text-align: center;\"><strong>Rrustem Rrustemi me familje dhe miq<\/strong><\/p>\n<p style=\"text-align: center;\"><strong><img loading=\"lazy\" decoding=\"async\" class=\"alignnone size-full wp-image-5500\" title=\"viti_ri11_de8\" src=\"http:\/\/fjala.shkoder.net\/wp-content\/uploads\/2011\/01\/viti_ri11_de8.jpg\" alt=\"\" width=\"400\" height=\"300\" \/><\/strong><\/p>\n<p style=\"text-align: center;\"><strong>Mysafiret e par\u00eb q\u00eb arrit\u00ebn nga Shqip\u00ebria pa viza, u bashkuan me familjaret e vet, p\u00ebr t&#8217;i ndar\u00eb g\u00ebzimet e k\u00ebsaj nate s\u00eb bashku<\/strong><\/p>\n<p style=\"text-align: center;\"><strong><img loading=\"lazy\" decoding=\"async\" class=\"alignnone size-full wp-image-5501\" title=\"viti_ri11_de9\" src=\"http:\/\/fjala.shkoder.net\/wp-content\/uploads\/2011\/01\/viti_ri11_de9.jpg\" alt=\"\" width=\"400\" height=\"300\" \/><\/strong><\/p>\n<p style=\"text-align: center;\"><strong>Pamje nga publiku<\/strong><\/p>\n<p style=\"text-align: center;\"><strong><img loading=\"lazy\" decoding=\"async\" class=\"alignnone size-full wp-image-5502\" title=\"viti_ri11_de10\" src=\"http:\/\/fjala.shkoder.net\/wp-content\/uploads\/2011\/01\/viti_ri11_de10.jpg\" alt=\"\" width=\"400\" height=\"298\" \/><\/strong><\/p>\n<p style=\"text-align: center;\"><strong>Vall\u00ebzim nga publiku dhe atmosfere g\u00ebzimi<\/strong><\/p>\n<p><em>Foto-Reportazh nga <strong>Asllan Dibrani<\/strong> 01.01.2011, Shtutgard<\/em><\/p>\n","protected":false},"excerpt":{"rendered":"<p>Nga Asllan Dibrani Nd\u00ebrrimi i mot-moteve gjith\u00eb bot\u00ebn e gjeti te g\u00ebzuar. Fishek zjarret e mbr\u00ebmjes u d\u00ebgjonin gjith\u00eb kund , g\u00ebzim nxitim i grumbullimit te gjerave ushqimore qe ta ken\u00eb nj\u00eb tryez\u00eb sa ma te pasur p\u00ebr mbr\u00ebmjen ma te g\u00ebzueshme .Po kjo atmosfer\u00eb manifestimi i gjeti edhe shqiptar\u00ebt e Shtutgardirt t\u00eb ballafaquar me [&hellip;]<\/p>\n","protected":false},"author":1,"featured_media":0,"comment_status":"open","ping_status":"closed","sticky":false,"template":"","format":"standard","meta":{"footnotes":""},"categories":[2],"tags":[],"class_list":{"0":"post-5490","1":"post","2":"type-post","3":"status-publish","4":"format-standard","6":"category-artikuj"},"yoast_head":"<!-- This site is optimized with the Yoast SEO plugin v27.4 - https:\/\/yoast.com\/product\/yoast-seo-wordpress\/ -->\n<title>Nd\u00ebrrimi i viteve u manifestua edhe n\u00eb Shtutgard t\u00eb Gjermanis\u00eb - FjALA e LIR\u00cb - Arkivi<\/title>\n<meta name=\"robots\" content=\"index, follow, max-snippet:-1, max-image-preview:large, max-video-preview:-1\" \/>\n<link rel=\"canonical\" href=\"https:\/\/fjala.info\/2009-2015\/nderrimi-i-viteve-u-manifestua-edhe-ne-shtutgard-te-gjermanise\/\" \/>\n<meta property=\"og:locale\" content=\"sq_AL\" \/>\n<meta property=\"og:type\" content=\"article\" \/>\n<meta property=\"og:title\" content=\"Nd\u00ebrrimi i viteve u manifestua edhe n\u00eb Shtutgard t\u00eb Gjermanis\u00eb - FjALA e LIR\u00cb - Arkivi\" \/>\n<meta property=\"og:description\" content=\"Nga Asllan Dibrani Nd\u00ebrrimi i mot-moteve gjith\u00eb bot\u00ebn e gjeti te g\u00ebzuar. Fishek zjarret e mbr\u00ebmjes u d\u00ebgjonin gjith\u00eb kund , g\u00ebzim nxitim i grumbullimit te gjerave ushqimore qe ta ken\u00eb nj\u00eb tryez\u00eb sa ma te pasur p\u00ebr mbr\u00ebmjen ma te g\u00ebzueshme .Po kjo atmosfer\u00eb manifestimi i gjeti edhe shqiptar\u00ebt e Shtutgardirt t\u00eb ballafaquar me [&hellip;]\" \/>\n<meta property=\"og:url\" content=\"https:\/\/fjala.info\/2009-2015\/nderrimi-i-viteve-u-manifestua-edhe-ne-shtutgard-te-gjermanise\/\" \/>\n<meta property=\"og:site_name\" content=\"FjALA e LIR\u00cb - Arkivi\" \/>\n<meta property=\"article:published_time\" content=\"2011-01-02T20:09:26+00:00\" \/>\n<meta property=\"og:image\" content=\"http:\/\/fjala.shkoder.net\/wp-content\/uploads\/2011\/01\/asllan_dibrani2.jpg\" \/>\n<meta name=\"author\" content=\"admin\" \/>\n<meta name=\"twitter:card\" content=\"summary_large_image\" \/>\n<meta name=\"twitter:label1\" content=\"Written by\" \/>\n\t<meta name=\"twitter:data1\" content=\"admin\" \/>\n\t<meta name=\"twitter:label2\" content=\"Est. reading time\" \/>\n\t<meta name=\"twitter:data2\" content=\"3 minutes\" \/>\n<script type=\"application\/ld+json\" class=\"yoast-schema-graph\">{\"@context\":\"https:\\\/\\\/schema.org\",\"@graph\":[{\"@type\":\"Article\",\"@id\":\"https:\\\/\\\/fjala.info\\\/2009-2015\\\/nderrimi-i-viteve-u-manifestua-edhe-ne-shtutgard-te-gjermanise\\\/#article\",\"isPartOf\":{\"@id\":\"https:\\\/\\\/fjala.info\\\/2009-2015\\\/nderrimi-i-viteve-u-manifestua-edhe-ne-shtutgard-te-gjermanise\\\/\"},\"author\":{\"name\":\"admin\",\"@id\":\"https:\\\/\\\/fjala.info\\\/2009-2015\\\/#\\\/schema\\\/person\\\/3aa1163ef05469c496fc94e77611ada2\"},\"headline\":\"Nd\u00ebrrimi i viteve u manifestua edhe n\u00eb Shtutgard t\u00eb Gjermanis\u00eb\",\"datePublished\":\"2011-01-02T20:09:26+00:00\",\"mainEntityOfPage\":{\"@id\":\"https:\\\/\\\/fjala.info\\\/2009-2015\\\/nderrimi-i-viteve-u-manifestua-edhe-ne-shtutgard-te-gjermanise\\\/\"},\"wordCount\":606,\"commentCount\":0,\"publisher\":{\"@id\":\"https:\\\/\\\/fjala.info\\\/2009-2015\\\/#organization\"},\"image\":{\"@id\":\"https:\\\/\\\/fjala.info\\\/2009-2015\\\/nderrimi-i-viteve-u-manifestua-edhe-ne-shtutgard-te-gjermanise\\\/#primaryimage\"},\"thumbnailUrl\":\"http:\\\/\\\/fjala.shkoder.net\\\/wp-content\\\/uploads\\\/2011\\\/01\\\/asllan_dibrani2.jpg\",\"articleSection\":[\"Artikuj\"],\"inLanguage\":\"sq-AL\",\"potentialAction\":[{\"@type\":\"CommentAction\",\"name\":\"Comment\",\"target\":[\"https:\\\/\\\/fjala.info\\\/2009-2015\\\/nderrimi-i-viteve-u-manifestua-edhe-ne-shtutgard-te-gjermanise\\\/#respond\"]}]},{\"@type\":\"WebPage\",\"@id\":\"https:\\\/\\\/fjala.info\\\/2009-2015\\\/nderrimi-i-viteve-u-manifestua-edhe-ne-shtutgard-te-gjermanise\\\/\",\"url\":\"https:\\\/\\\/fjala.info\\\/2009-2015\\\/nderrimi-i-viteve-u-manifestua-edhe-ne-shtutgard-te-gjermanise\\\/\",\"name\":\"Nd\u00ebrrimi i viteve u manifestua edhe n\u00eb Shtutgard t\u00eb Gjermanis\u00eb - FjALA e LIR\u00cb - Arkivi\",\"isPartOf\":{\"@id\":\"https:\\\/\\\/fjala.info\\\/2009-2015\\\/#website\"},\"primaryImageOfPage\":{\"@id\":\"https:\\\/\\\/fjala.info\\\/2009-2015\\\/nderrimi-i-viteve-u-manifestua-edhe-ne-shtutgard-te-gjermanise\\\/#primaryimage\"},\"image\":{\"@id\":\"https:\\\/\\\/fjala.info\\\/2009-2015\\\/nderrimi-i-viteve-u-manifestua-edhe-ne-shtutgard-te-gjermanise\\\/#primaryimage\"},\"thumbnailUrl\":\"http:\\\/\\\/fjala.shkoder.net\\\/wp-content\\\/uploads\\\/2011\\\/01\\\/asllan_dibrani2.jpg\",\"datePublished\":\"2011-01-02T20:09:26+00:00\",\"breadcrumb\":{\"@id\":\"https:\\\/\\\/fjala.info\\\/2009-2015\\\/nderrimi-i-viteve-u-manifestua-edhe-ne-shtutgard-te-gjermanise\\\/#breadcrumb\"},\"inLanguage\":\"sq-AL\",\"potentialAction\":[{\"@type\":\"ReadAction\",\"target\":[\"https:\\\/\\\/fjala.info\\\/2009-2015\\\/nderrimi-i-viteve-u-manifestua-edhe-ne-shtutgard-te-gjermanise\\\/\"]}]},{\"@type\":\"ImageObject\",\"inLanguage\":\"sq-AL\",\"@id\":\"https:\\\/\\\/fjala.info\\\/2009-2015\\\/nderrimi-i-viteve-u-manifestua-edhe-ne-shtutgard-te-gjermanise\\\/#primaryimage\",\"url\":\"http:\\\/\\\/fjala.shkoder.net\\\/wp-content\\\/uploads\\\/2011\\\/01\\\/asllan_dibrani2.jpg\",\"contentUrl\":\"http:\\\/\\\/fjala.shkoder.net\\\/wp-content\\\/uploads\\\/2011\\\/01\\\/asllan_dibrani2.jpg\"},{\"@type\":\"BreadcrumbList\",\"@id\":\"https:\\\/\\\/fjala.info\\\/2009-2015\\\/nderrimi-i-viteve-u-manifestua-edhe-ne-shtutgard-te-gjermanise\\\/#breadcrumb\",\"itemListElement\":[{\"@type\":\"ListItem\",\"position\":1,\"name\":\"Home\",\"item\":\"https:\\\/\\\/fjala.info\\\/2009-2015\\\/\"},{\"@type\":\"ListItem\",\"position\":2,\"name\":\"Nd\u00ebrrimi i viteve u manifestua edhe n\u00eb Shtutgard t\u00eb Gjermanis\u00eb\"}]},{\"@type\":\"WebSite\",\"@id\":\"https:\\\/\\\/fjala.info\\\/2009-2015\\\/#website\",\"url\":\"https:\\\/\\\/fjala.info\\\/2009-2015\\\/\",\"name\":\"FjALA e LIR\u00cb - Arkivi\",\"description\":\"Arkivi 2009-2015\",\"publisher\":{\"@id\":\"https:\\\/\\\/fjala.info\\\/2009-2015\\\/#organization\"},\"potentialAction\":[{\"@type\":\"SearchAction\",\"target\":{\"@type\":\"EntryPoint\",\"urlTemplate\":\"https:\\\/\\\/fjala.info\\\/2009-2015\\\/?s={search_term_string}\"},\"query-input\":{\"@type\":\"PropertyValueSpecification\",\"valueRequired\":true,\"valueName\":\"search_term_string\"}}],\"inLanguage\":\"sq-AL\"},{\"@type\":\"Organization\",\"@id\":\"https:\\\/\\\/fjala.info\\\/2009-2015\\\/#organization\",\"name\":\"FjALA e LIR\u00cb - Arkivi\",\"url\":\"https:\\\/\\\/fjala.info\\\/2009-2015\\\/\",\"logo\":{\"@type\":\"ImageObject\",\"inLanguage\":\"sq-AL\",\"@id\":\"https:\\\/\\\/fjala.info\\\/2009-2015\\\/#\\\/schema\\\/logo\\\/image\\\/\",\"url\":\"\",\"contentUrl\":\"\",\"caption\":\"FjALA e LIR\u00cb - Arkivi\"},\"image\":{\"@id\":\"https:\\\/\\\/fjala.info\\\/2009-2015\\\/#\\\/schema\\\/logo\\\/image\\\/\"}},{\"@type\":\"Person\",\"@id\":\"https:\\\/\\\/fjala.info\\\/2009-2015\\\/#\\\/schema\\\/person\\\/3aa1163ef05469c496fc94e77611ada2\",\"name\":\"admin\",\"image\":{\"@type\":\"ImageObject\",\"inLanguage\":\"sq-AL\",\"@id\":\"https:\\\/\\\/fjala.info\\\/2009-2015\\\/wp-content\\\/uploads\\\/2012\\\/02\\\/arben_cokaj-120x150.jpg\",\"url\":\"https:\\\/\\\/fjala.info\\\/2009-2015\\\/wp-content\\\/uploads\\\/2012\\\/02\\\/arben_cokaj-120x150.jpg\",\"contentUrl\":\"https:\\\/\\\/fjala.info\\\/2009-2015\\\/wp-content\\\/uploads\\\/2012\\\/02\\\/arben_cokaj-120x150.jpg\",\"caption\":\"admin\"},\"description\":\"Admin, Fjala e Lir\u00eb\",\"sameAs\":[\"https:\\\/\\\/fjala.info\\\/\"],\"url\":\"https:\\\/\\\/fjala.info\\\/2009-2015\\\/author\\\/admin\\\/\"}]}<\/script>\n<!-- \/ Yoast SEO plugin. -->","yoast_head_json":{"title":"Nd\u00ebrrimi i viteve u manifestua edhe n\u00eb Shtutgard t\u00eb Gjermanis\u00eb - FjALA e LIR\u00cb - Arkivi","robots":{"index":"index","follow":"follow","max-snippet":"max-snippet:-1","max-image-preview":"max-image-preview:large","max-video-preview":"max-video-preview:-1"},"canonical":"https:\/\/fjala.info\/2009-2015\/nderrimi-i-viteve-u-manifestua-edhe-ne-shtutgard-te-gjermanise\/","og_locale":"sq_AL","og_type":"article","og_title":"Nd\u00ebrrimi i viteve u manifestua edhe n\u00eb Shtutgard t\u00eb Gjermanis\u00eb - FjALA e LIR\u00cb - Arkivi","og_description":"Nga Asllan Dibrani Nd\u00ebrrimi i mot-moteve gjith\u00eb bot\u00ebn e gjeti te g\u00ebzuar. Fishek zjarret e mbr\u00ebmjes u d\u00ebgjonin gjith\u00eb kund , g\u00ebzim nxitim i grumbullimit te gjerave ushqimore qe ta ken\u00eb nj\u00eb tryez\u00eb sa ma te pasur p\u00ebr mbr\u00ebmjen ma te g\u00ebzueshme .Po kjo atmosfer\u00eb manifestimi i gjeti edhe shqiptar\u00ebt e Shtutgardirt t\u00eb ballafaquar me [&hellip;]","og_url":"https:\/\/fjala.info\/2009-2015\/nderrimi-i-viteve-u-manifestua-edhe-ne-shtutgard-te-gjermanise\/","og_site_name":"FjALA e LIR\u00cb - Arkivi","article_published_time":"2011-01-02T20:09:26+00:00","og_image":[{"url":"http:\/\/fjala.shkoder.net\/wp-content\/uploads\/2011\/01\/asllan_dibrani2.jpg","type":"","width":"","height":""}],"author":"admin","twitter_card":"summary_large_image","twitter_misc":{"Written by":"admin","Est. reading time":"3 minutes"},"schema":{"@context":"https:\/\/schema.org","@graph":[{"@type":"Article","@id":"https:\/\/fjala.info\/2009-2015\/nderrimi-i-viteve-u-manifestua-edhe-ne-shtutgard-te-gjermanise\/#article","isPartOf":{"@id":"https:\/\/fjala.info\/2009-2015\/nderrimi-i-viteve-u-manifestua-edhe-ne-shtutgard-te-gjermanise\/"},"author":{"name":"admin","@id":"https:\/\/fjala.info\/2009-2015\/#\/schema\/person\/3aa1163ef05469c496fc94e77611ada2"},"headline":"Nd\u00ebrrimi i viteve u manifestua edhe n\u00eb Shtutgard t\u00eb Gjermanis\u00eb","datePublished":"2011-01-02T20:09:26+00:00","mainEntityOfPage":{"@id":"https:\/\/fjala.info\/2009-2015\/nderrimi-i-viteve-u-manifestua-edhe-ne-shtutgard-te-gjermanise\/"},"wordCount":606,"commentCount":0,"publisher":{"@id":"https:\/\/fjala.info\/2009-2015\/#organization"},"image":{"@id":"https:\/\/fjala.info\/2009-2015\/nderrimi-i-viteve-u-manifestua-edhe-ne-shtutgard-te-gjermanise\/#primaryimage"},"thumbnailUrl":"http:\/\/fjala.shkoder.net\/wp-content\/uploads\/2011\/01\/asllan_dibrani2.jpg","articleSection":["Artikuj"],"inLanguage":"sq-AL","potentialAction":[{"@type":"CommentAction","name":"Comment","target":["https:\/\/fjala.info\/2009-2015\/nderrimi-i-viteve-u-manifestua-edhe-ne-shtutgard-te-gjermanise\/#respond"]}]},{"@type":"WebPage","@id":"https:\/\/fjala.info\/2009-2015\/nderrimi-i-viteve-u-manifestua-edhe-ne-shtutgard-te-gjermanise\/","url":"https:\/\/fjala.info\/2009-2015\/nderrimi-i-viteve-u-manifestua-edhe-ne-shtutgard-te-gjermanise\/","name":"Nd\u00ebrrimi i viteve u manifestua edhe n\u00eb Shtutgard t\u00eb Gjermanis\u00eb - FjALA e LIR\u00cb - Arkivi","isPartOf":{"@id":"https:\/\/fjala.info\/2009-2015\/#website"},"primaryImageOfPage":{"@id":"https:\/\/fjala.info\/2009-2015\/nderrimi-i-viteve-u-manifestua-edhe-ne-shtutgard-te-gjermanise\/#primaryimage"},"image":{"@id":"https:\/\/fjala.info\/2009-2015\/nderrimi-i-viteve-u-manifestua-edhe-ne-shtutgard-te-gjermanise\/#primaryimage"},"thumbnailUrl":"http:\/\/fjala.shkoder.net\/wp-content\/uploads\/2011\/01\/asllan_dibrani2.jpg","datePublished":"2011-01-02T20:09:26+00:00","breadcrumb":{"@id":"https:\/\/fjala.info\/2009-2015\/nderrimi-i-viteve-u-manifestua-edhe-ne-shtutgard-te-gjermanise\/#breadcrumb"},"inLanguage":"sq-AL","potentialAction":[{"@type":"ReadAction","target":["https:\/\/fjala.info\/2009-2015\/nderrimi-i-viteve-u-manifestua-edhe-ne-shtutgard-te-gjermanise\/"]}]},{"@type":"ImageObject","inLanguage":"sq-AL","@id":"https:\/\/fjala.info\/2009-2015\/nderrimi-i-viteve-u-manifestua-edhe-ne-shtutgard-te-gjermanise\/#primaryimage","url":"http:\/\/fjala.shkoder.net\/wp-content\/uploads\/2011\/01\/asllan_dibrani2.jpg","contentUrl":"http:\/\/fjala.shkoder.net\/wp-content\/uploads\/2011\/01\/asllan_dibrani2.jpg"},{"@type":"BreadcrumbList","@id":"https:\/\/fjala.info\/2009-2015\/nderrimi-i-viteve-u-manifestua-edhe-ne-shtutgard-te-gjermanise\/#breadcrumb","itemListElement":[{"@type":"ListItem","position":1,"name":"Home","item":"https:\/\/fjala.info\/2009-2015\/"},{"@type":"ListItem","position":2,"name":"Nd\u00ebrrimi i viteve u manifestua edhe n\u00eb Shtutgard t\u00eb Gjermanis\u00eb"}]},{"@type":"WebSite","@id":"https:\/\/fjala.info\/2009-2015\/#website","url":"https:\/\/fjala.info\/2009-2015\/","name":"FjALA e LIR\u00cb - Arkivi","description":"Arkivi 2009-2015","publisher":{"@id":"https:\/\/fjala.info\/2009-2015\/#organization"},"potentialAction":[{"@type":"SearchAction","target":{"@type":"EntryPoint","urlTemplate":"https:\/\/fjala.info\/2009-2015\/?s={search_term_string}"},"query-input":{"@type":"PropertyValueSpecification","valueRequired":true,"valueName":"search_term_string"}}],"inLanguage":"sq-AL"},{"@type":"Organization","@id":"https:\/\/fjala.info\/2009-2015\/#organization","name":"FjALA e LIR\u00cb - Arkivi","url":"https:\/\/fjala.info\/2009-2015\/","logo":{"@type":"ImageObject","inLanguage":"sq-AL","@id":"https:\/\/fjala.info\/2009-2015\/#\/schema\/logo\/image\/","url":"","contentUrl":"","caption":"FjALA e LIR\u00cb - Arkivi"},"image":{"@id":"https:\/\/fjala.info\/2009-2015\/#\/schema\/logo\/image\/"}},{"@type":"Person","@id":"https:\/\/fjala.info\/2009-2015\/#\/schema\/person\/3aa1163ef05469c496fc94e77611ada2","name":"admin","image":{"@type":"ImageObject","inLanguage":"sq-AL","@id":"https:\/\/fjala.info\/2009-2015\/wp-content\/uploads\/2012\/02\/arben_cokaj-120x150.jpg","url":"https:\/\/fjala.info\/2009-2015\/wp-content\/uploads\/2012\/02\/arben_cokaj-120x150.jpg","contentUrl":"https:\/\/fjala.info\/2009-2015\/wp-content\/uploads\/2012\/02\/arben_cokaj-120x150.jpg","caption":"admin"},"description":"Admin, Fjala e Lir\u00eb","sameAs":["https:\/\/fjala.info\/"],"url":"https:\/\/fjala.info\/2009-2015\/author\/admin\/"}]}},"_links":{"self":[{"href":"https:\/\/fjala.info\/2009-2015\/wp-json\/wp\/v2\/posts\/5490","targetHints":{"allow":["GET"]}}],"collection":[{"href":"https:\/\/fjala.info\/2009-2015\/wp-json\/wp\/v2\/posts"}],"about":[{"href":"https:\/\/fjala.info\/2009-2015\/wp-json\/wp\/v2\/types\/post"}],"author":[{"embeddable":true,"href":"https:\/\/fjala.info\/2009-2015\/wp-json\/wp\/v2\/users\/1"}],"replies":[{"embeddable":true,"href":"https:\/\/fjala.info\/2009-2015\/wp-json\/wp\/v2\/comments?post=5490"}],"version-history":[{"count":0,"href":"https:\/\/fjala.info\/2009-2015\/wp-json\/wp\/v2\/posts\/5490\/revisions"}],"wp:attachment":[{"href":"https:\/\/fjala.info\/2009-2015\/wp-json\/wp\/v2\/media?parent=5490"}],"wp:term":[{"taxonomy":"category","embeddable":true,"href":"https:\/\/fjala.info\/2009-2015\/wp-json\/wp\/v2\/categories?post=5490"},{"taxonomy":"post_tag","embeddable":true,"href":"https:\/\/fjala.info\/2009-2015\/wp-json\/wp\/v2\/tags?post=5490"}],"curies":[{"name":"wp","href":"https:\/\/api.w.org\/{rel}","templated":true}]}}