{"id":5485,"date":"2011-01-02T05:45:25","date_gmt":"2011-01-02T04:45:25","guid":{"rendered":"http:\/\/fjala.shkoder.net\/?p=5485"},"modified":"2011-01-02T05:45:25","modified_gmt":"2011-01-02T04:45:25","slug":"shija-e-keqe-per-festa-apo-oreksi-universal-per-lightkultur-e","status":"publish","type":"post","link":"https:\/\/fjala.info\/2009-2015\/shija-e-keqe-per-festa-apo-oreksi-universal-per-lightkultur-e\/","title":{"rendered":"Shija e keqe p\u00ebr festa (oreksi universal p\u00ebr lightkultur\u00eb)"},"content":{"rendered":"<p>Nga <strong>Artan Sadiku<\/strong>, <em>saktivista.com<\/em><\/p>\n<p>\u00cbshte e paevitueshme ti shp\u00ebtosh sot hegjemonis\u00eb festive t\u00eb fundvitit t\u00eb p\u00ebrcjell\u00eb me t\u00ebr\u00eb cirkun e zbukurimeve, maskimeve, dhuratave, ahengjeve. Universaliteti i k\u00ebsaj kulture \u00ebsht\u00eb i pamohuesh\u00ebm mu p\u00ebr faktin se si e till\u00eb ajo \u00ebsht\u00eb p\u00ebrbrend\u00ebsuar n\u00eb kapitalizmin e sot\u00ebm neoliberal, si sistem m\u00eb dep\u00ebrtues n\u00eb gjith\u00eb historin\u00eb. N\u00eb m\u00ebnyr\u00eb kontradiktore por teleologjike, kjo ideologji thelb\u00ebsisht dep\u00ebrtuese e shp\u00ebrndan veten n\u00eb nivel universal p\u00ebrmes asaj \u00ebsht\u00eb lightkultur (shp\u00ebrndarje universale e vlerave sip\u00ebrfaq\u00ebsore).<\/p>\n<p>Globalizimi si aparat ideologjik i k\u00ebtij sistemi siguron p\u00ebrhapjen e k\u00ebsaj kulture p\u00ebrmes s\u00eb cil\u00ebs edhe Japonez\u00ebt edhe Etiopian\u00ebt i n\u00ebnshtrohen propagandes s\u00eb njejt\u00eb t\u00eb marketingut, ku krishtlindjet jan\u00eb ngjarje globale festive, ku zbukurimet e qyteteve kaplojn\u00eb shuma milion\u00ebshe dhe ku histeria e dhuratave, si form\u00eb s\u00ebmundjeje e re q\u00eb po t\u00eb futet n\u00eb studimet psiko-patologjike, b\u00ebri q\u00eb vet\u00ebm p\u00ebr nj\u00eb dit\u00eb (Black Friday 2010) n\u00eb Amerik\u00eb t\u00eb blehen dhurata n\u00eb vler\u00eb prej 45 miliard\u00eb dollar\u00ebsh (nd\u00ebrsa p\u00ebr t\u00eb luftuar varf\u00ebrin\u00eb n\u00eb Afrik\u00eb G8-grupi i shteteve m\u00eb t\u00eb zhvilluara q\u00eb nga 2005 ka premtuar 25 miliard\u00eb dollar\u00eb q\u00eb nuk po i realizon dot).<\/p>\n<p>Duhet t\u00eb pranohet q\u00eb kapitalizmi ka zhvilluar nj\u00eb perfiditet superior t\u00eb metodave t\u00eb funksionalizmit t\u00eb vetes s\u00eb vet duke m\u00ebsuar nga gabimet e veta. Pas secil\u00ebs kriz\u00eb, kapitalizmi del m\u00eb perfid, m\u00eb i avancuar dhe m\u00eb dep\u00ebrtues. Ai ka arritur t\u00eb transformoj\u00eb kushtet themelore hap\u00ebsirore (gjeorgafike), njer\u00ebzore (psikologjike) dhe shkencore (teknologjike) n\u00eb favor t\u00eb vet. N\u00eb kondita t\u00eb tilla, lightkultur-a nuk \u00ebsht\u00eb ajo q\u00eb ka nevoj\u00eb t\u00eb jet\u00eb dep\u00ebrtuese, por jan\u00eb individ\u00ebt ata q\u00eb vullnetarisht subjektivizohen n\u00eb t\u00eb. Individ\u00ebt, individualisht t\u00eb globalizuar jan\u00eb modus operandi p\u00ebr lightkultur-\u00ebn.<\/p>\n<p>Festat e fundvitit jan\u00eb festa t\u00eb zbrazura nga \u00e7far\u00ebdo lloj p\u00ebrmbajtje. Hiq form\u00ebn, ose t\u00eb pakt\u00ebn zbukurimet dhe nuk mbetet fest\u00eb e vitit t\u00eb ri. Gjith\u00eb histeria e fest\u00ebs s\u00eb vitit t\u00eb ri \u00ebsht\u00eb e nd\u00ebrtuar mbi shtytjen globale p\u00ebr t\u00eb sh\u00ebnuar fest\u00ebn e festave, si form\u00eb kulminante e shtytjes kapitaliste p\u00ebr t\u00eb b\u00ebr\u00eb di\u00e7ka, mund\u00ebsisht p\u00ebr t\u00eb festuar sa m\u00eb shum\u00eb e sa m\u00eb shpesh. N\u00eb histori viti i ri lidhej me periudha t\u00eb ngjarjeve t\u00eb r\u00ebnd\u00ebsishme astronomike (h\u00ebna e par\u00eb e re) apo bujq\u00ebsore (t\u00eb korrat) dhe r\u00ebnd\u00ebsia e tij ishte se at\u00eb dit\u00eb\/nat\u00eb b\u00ebheshin premtime t\u00eb caktuara p\u00ebr vitin e ardh\u00ebsh\u00ebm. M\u00ebnyra e sotme e festimit \u00ebsht\u00eb thell\u00ebsisht ideologjike. Ajo nuk ka asnj\u00eb lloj r\u00ebnd\u00ebsie, p\u00ebrve\u00e7 p\u00ebrmbushjes s\u00eb form\u00ebs s\u00eb nevojshme q\u00eb e k\u00ebrkon lightkultur-a.<\/p>\n<p>Pasi festat duhet t\u00eb sh\u00ebnojn\u00eb nj\u00eb arritje t\u00eb caktuar, cila \u00ebsht\u00eb arritja globale si arsye p\u00ebr festimin bot\u00ebror pas dy dit\u00ebsh? Mos valle kriza bot\u00ebrore financiare q\u00eb m\u00eb pas u b\u00eb ekonomike, humbja e miliona vendeve t\u00eb pun\u00ebs, tejvarf\u00ebrimi i klas\u00ebs m\u00eb t\u00eb varf\u00ebr, rritja e pages\u00ebs p\u00ebr studime, luft\u00ebrat n\u00eb Irak dhe Afganistan, rrjedhja e naft\u00ebs s\u00eb BP, shkat\u00ebrrimi i Haitit nga t\u00ebrmeti si pasoj\u00eb e kolonializmit\u2026? A do t\u00eb thot\u00eb kjo q\u00eb kapitalizmi neoliberal e ka d\u00ebmtuar shijen njer\u00ebzore p\u00ebr festa?! Tjet\u00ebrsimi njer\u00ebzor \u00ebsht\u00eb sot rezultat i veprimit radikal t\u00eb k\u00ebtij sistemi, q\u00eb vazhdimisht i transformon konceptet themelore p\u00ebr at\u00eb se \u00e7ka \u00ebsht\u00eb p\u00ebr progres dhe zhvillim, duke u promovuar n\u00eb m\u00ebnyr\u00eb sip\u00ebrfaq\u00ebsore si nj\u00eb ide fisnike e leht\u00eb globalizuese p\u00ebrmes lightkultur-\u00ebs.<\/p>\n<p>Sfida individuale sot q\u00ebndron n\u00eb subjektivizimin brenda kultur\u00ebs kolektiviste, p\u00ebrmes s\u00eb cil\u00ebs do t\u00eb universalizoheshin kategorit\u00eb e realitetit, kategori si varf\u00ebria, eksploatimi dhe lufta si koncept psikologjik themelor i prezenc\u00ebs n\u00eb bot\u00eb. P\u00ebrgjigjja ndaj lightkultur-\u00ebs q\u00eb e mbulon veprimin thelb\u00ebsor transformues t\u00eb kapitalizmit, sot duhet t\u00eb jet\u00eb nje kultur\u00eb e vlerave t\u00eb forta dhe t\u00eb vrazhda q\u00eb veprojn\u00eb n\u00eb kund\u00ebrv\u00ebnie t\u00eb pothuajs\u00eb gjith\u00e7kaje si\u00e7 e shohim dhe e p\u00ebrjetojm\u00eb sot. Deri n\u00eb nj\u00eb t\u00eb ardhme radikalisht t\u00eb ndryshme, nuk shoh se si mund t\u00eb kihet oreks p\u00ebr festa.<\/p>\n","protected":false},"excerpt":{"rendered":"<p>Nga Artan Sadiku, saktivista.com \u00cbshte e paevitueshme ti shp\u00ebtosh sot hegjemonis\u00eb festive t\u00eb fundvitit t\u00eb p\u00ebrcjell\u00eb me t\u00ebr\u00eb cirkun e zbukurimeve, maskimeve, dhuratave, ahengjeve. Universaliteti i k\u00ebsaj kulture \u00ebsht\u00eb i pamohuesh\u00ebm mu p\u00ebr faktin se si e till\u00eb ajo \u00ebsht\u00eb p\u00ebrbrend\u00ebsuar n\u00eb kapitalizmin e sot\u00ebm neoliberal, si sistem m\u00eb dep\u00ebrtues n\u00eb gjith\u00eb historin\u00eb. N\u00eb m\u00ebnyr\u00eb [&hellip;]<\/p>\n","protected":false},"author":1,"featured_media":0,"comment_status":"open","ping_status":"closed","sticky":false,"template":"","format":"standard","meta":{"footnotes":""},"categories":[2],"tags":[],"class_list":{"0":"post-5485","1":"post","2":"type-post","3":"status-publish","4":"format-standard","6":"category-artikuj"},"yoast_head":"<!-- This site is optimized with the Yoast SEO plugin v27.4 - https:\/\/yoast.com\/product\/yoast-seo-wordpress\/ -->\n<title>Shija e keqe p\u00ebr festa (oreksi universal p\u00ebr lightkultur\u00eb) - FjALA e LIR\u00cb - Arkivi<\/title>\n<meta name=\"robots\" content=\"index, follow, max-snippet:-1, max-image-preview:large, max-video-preview:-1\" \/>\n<link rel=\"canonical\" href=\"https:\/\/fjala.info\/2009-2015\/shija-e-keqe-per-festa-apo-oreksi-universal-per-lightkultur-e\/\" \/>\n<meta property=\"og:locale\" content=\"sq_AL\" \/>\n<meta property=\"og:type\" content=\"article\" \/>\n<meta property=\"og:title\" content=\"Shija e keqe p\u00ebr festa (oreksi universal p\u00ebr lightkultur\u00eb) - FjALA e LIR\u00cb - Arkivi\" \/>\n<meta property=\"og:description\" content=\"Nga Artan Sadiku, saktivista.com \u00cbshte e paevitueshme ti shp\u00ebtosh sot hegjemonis\u00eb festive t\u00eb fundvitit t\u00eb p\u00ebrcjell\u00eb me t\u00ebr\u00eb cirkun e zbukurimeve, maskimeve, dhuratave, ahengjeve. Universaliteti i k\u00ebsaj kulture \u00ebsht\u00eb i pamohuesh\u00ebm mu p\u00ebr faktin se si e till\u00eb ajo \u00ebsht\u00eb p\u00ebrbrend\u00ebsuar n\u00eb kapitalizmin e sot\u00ebm neoliberal, si sistem m\u00eb dep\u00ebrtues n\u00eb gjith\u00eb historin\u00eb. N\u00eb m\u00ebnyr\u00eb [&hellip;]\" \/>\n<meta property=\"og:url\" content=\"https:\/\/fjala.info\/2009-2015\/shija-e-keqe-per-festa-apo-oreksi-universal-per-lightkultur-e\/\" \/>\n<meta property=\"og:site_name\" content=\"FjALA e LIR\u00cb - Arkivi\" \/>\n<meta property=\"article:published_time\" content=\"2011-01-02T04:45:25+00:00\" \/>\n<meta name=\"author\" content=\"admin\" \/>\n<meta name=\"twitter:card\" content=\"summary_large_image\" \/>\n<meta name=\"twitter:label1\" content=\"Written by\" \/>\n\t<meta name=\"twitter:data1\" content=\"admin\" \/>\n\t<meta name=\"twitter:label2\" content=\"Est. reading time\" \/>\n\t<meta name=\"twitter:data2\" content=\"4 minutes\" \/>\n<script type=\"application\/ld+json\" class=\"yoast-schema-graph\">{\"@context\":\"https:\\\/\\\/schema.org\",\"@graph\":[{\"@type\":\"Article\",\"@id\":\"https:\\\/\\\/fjala.info\\\/2009-2015\\\/shija-e-keqe-per-festa-apo-oreksi-universal-per-lightkultur-e\\\/#article\",\"isPartOf\":{\"@id\":\"https:\\\/\\\/fjala.info\\\/2009-2015\\\/shija-e-keqe-per-festa-apo-oreksi-universal-per-lightkultur-e\\\/\"},\"author\":{\"name\":\"admin\",\"@id\":\"https:\\\/\\\/fjala.info\\\/2009-2015\\\/#\\\/schema\\\/person\\\/3aa1163ef05469c496fc94e77611ada2\"},\"headline\":\"Shija e keqe p\u00ebr festa (oreksi universal p\u00ebr lightkultur\u00eb)\",\"datePublished\":\"2011-01-02T04:45:25+00:00\",\"mainEntityOfPage\":{\"@id\":\"https:\\\/\\\/fjala.info\\\/2009-2015\\\/shija-e-keqe-per-festa-apo-oreksi-universal-per-lightkultur-e\\\/\"},\"wordCount\":736,\"commentCount\":0,\"publisher\":{\"@id\":\"https:\\\/\\\/fjala.info\\\/2009-2015\\\/#organization\"},\"articleSection\":[\"Artikuj\"],\"inLanguage\":\"sq-AL\",\"potentialAction\":[{\"@type\":\"CommentAction\",\"name\":\"Comment\",\"target\":[\"https:\\\/\\\/fjala.info\\\/2009-2015\\\/shija-e-keqe-per-festa-apo-oreksi-universal-per-lightkultur-e\\\/#respond\"]}]},{\"@type\":\"WebPage\",\"@id\":\"https:\\\/\\\/fjala.info\\\/2009-2015\\\/shija-e-keqe-per-festa-apo-oreksi-universal-per-lightkultur-e\\\/\",\"url\":\"https:\\\/\\\/fjala.info\\\/2009-2015\\\/shija-e-keqe-per-festa-apo-oreksi-universal-per-lightkultur-e\\\/\",\"name\":\"Shija e keqe p\u00ebr festa (oreksi universal p\u00ebr lightkultur\u00eb) - FjALA e LIR\u00cb - Arkivi\",\"isPartOf\":{\"@id\":\"https:\\\/\\\/fjala.info\\\/2009-2015\\\/#website\"},\"datePublished\":\"2011-01-02T04:45:25+00:00\",\"breadcrumb\":{\"@id\":\"https:\\\/\\\/fjala.info\\\/2009-2015\\\/shija-e-keqe-per-festa-apo-oreksi-universal-per-lightkultur-e\\\/#breadcrumb\"},\"inLanguage\":\"sq-AL\",\"potentialAction\":[{\"@type\":\"ReadAction\",\"target\":[\"https:\\\/\\\/fjala.info\\\/2009-2015\\\/shija-e-keqe-per-festa-apo-oreksi-universal-per-lightkultur-e\\\/\"]}]},{\"@type\":\"BreadcrumbList\",\"@id\":\"https:\\\/\\\/fjala.info\\\/2009-2015\\\/shija-e-keqe-per-festa-apo-oreksi-universal-per-lightkultur-e\\\/#breadcrumb\",\"itemListElement\":[{\"@type\":\"ListItem\",\"position\":1,\"name\":\"Home\",\"item\":\"https:\\\/\\\/fjala.info\\\/2009-2015\\\/\"},{\"@type\":\"ListItem\",\"position\":2,\"name\":\"Shija e keqe p\u00ebr festa (oreksi universal p\u00ebr lightkultur\u00eb)\"}]},{\"@type\":\"WebSite\",\"@id\":\"https:\\\/\\\/fjala.info\\\/2009-2015\\\/#website\",\"url\":\"https:\\\/\\\/fjala.info\\\/2009-2015\\\/\",\"name\":\"FjALA e LIR\u00cb - Arkivi\",\"description\":\"Arkivi 2009-2015\",\"publisher\":{\"@id\":\"https:\\\/\\\/fjala.info\\\/2009-2015\\\/#organization\"},\"potentialAction\":[{\"@type\":\"SearchAction\",\"target\":{\"@type\":\"EntryPoint\",\"urlTemplate\":\"https:\\\/\\\/fjala.info\\\/2009-2015\\\/?s={search_term_string}\"},\"query-input\":{\"@type\":\"PropertyValueSpecification\",\"valueRequired\":true,\"valueName\":\"search_term_string\"}}],\"inLanguage\":\"sq-AL\"},{\"@type\":\"Organization\",\"@id\":\"https:\\\/\\\/fjala.info\\\/2009-2015\\\/#organization\",\"name\":\"FjALA e LIR\u00cb - Arkivi\",\"url\":\"https:\\\/\\\/fjala.info\\\/2009-2015\\\/\",\"logo\":{\"@type\":\"ImageObject\",\"inLanguage\":\"sq-AL\",\"@id\":\"https:\\\/\\\/fjala.info\\\/2009-2015\\\/#\\\/schema\\\/logo\\\/image\\\/\",\"url\":\"\",\"contentUrl\":\"\",\"caption\":\"FjALA e LIR\u00cb - Arkivi\"},\"image\":{\"@id\":\"https:\\\/\\\/fjala.info\\\/2009-2015\\\/#\\\/schema\\\/logo\\\/image\\\/\"}},{\"@type\":\"Person\",\"@id\":\"https:\\\/\\\/fjala.info\\\/2009-2015\\\/#\\\/schema\\\/person\\\/3aa1163ef05469c496fc94e77611ada2\",\"name\":\"admin\",\"image\":{\"@type\":\"ImageObject\",\"inLanguage\":\"sq-AL\",\"@id\":\"https:\\\/\\\/fjala.info\\\/2009-2015\\\/wp-content\\\/uploads\\\/2012\\\/02\\\/arben_cokaj-120x150.jpg\",\"url\":\"https:\\\/\\\/fjala.info\\\/2009-2015\\\/wp-content\\\/uploads\\\/2012\\\/02\\\/arben_cokaj-120x150.jpg\",\"contentUrl\":\"https:\\\/\\\/fjala.info\\\/2009-2015\\\/wp-content\\\/uploads\\\/2012\\\/02\\\/arben_cokaj-120x150.jpg\",\"caption\":\"admin\"},\"description\":\"Admin, Fjala e Lir\u00eb\",\"sameAs\":[\"https:\\\/\\\/fjala.info\\\/\"],\"url\":\"https:\\\/\\\/fjala.info\\\/2009-2015\\\/author\\\/admin\\\/\"}]}<\/script>\n<!-- \/ Yoast SEO plugin. -->","yoast_head_json":{"title":"Shija e keqe p\u00ebr festa (oreksi universal p\u00ebr lightkultur\u00eb) - FjALA e LIR\u00cb - Arkivi","robots":{"index":"index","follow":"follow","max-snippet":"max-snippet:-1","max-image-preview":"max-image-preview:large","max-video-preview":"max-video-preview:-1"},"canonical":"https:\/\/fjala.info\/2009-2015\/shija-e-keqe-per-festa-apo-oreksi-universal-per-lightkultur-e\/","og_locale":"sq_AL","og_type":"article","og_title":"Shija e keqe p\u00ebr festa (oreksi universal p\u00ebr lightkultur\u00eb) - FjALA e LIR\u00cb - Arkivi","og_description":"Nga Artan Sadiku, saktivista.com \u00cbshte e paevitueshme ti shp\u00ebtosh sot hegjemonis\u00eb festive t\u00eb fundvitit t\u00eb p\u00ebrcjell\u00eb me t\u00ebr\u00eb cirkun e zbukurimeve, maskimeve, dhuratave, ahengjeve. Universaliteti i k\u00ebsaj kulture \u00ebsht\u00eb i pamohuesh\u00ebm mu p\u00ebr faktin se si e till\u00eb ajo \u00ebsht\u00eb p\u00ebrbrend\u00ebsuar n\u00eb kapitalizmin e sot\u00ebm neoliberal, si sistem m\u00eb dep\u00ebrtues n\u00eb gjith\u00eb historin\u00eb. N\u00eb m\u00ebnyr\u00eb [&hellip;]","og_url":"https:\/\/fjala.info\/2009-2015\/shija-e-keqe-per-festa-apo-oreksi-universal-per-lightkultur-e\/","og_site_name":"FjALA e LIR\u00cb - Arkivi","article_published_time":"2011-01-02T04:45:25+00:00","author":"admin","twitter_card":"summary_large_image","twitter_misc":{"Written by":"admin","Est. reading time":"4 minutes"},"schema":{"@context":"https:\/\/schema.org","@graph":[{"@type":"Article","@id":"https:\/\/fjala.info\/2009-2015\/shija-e-keqe-per-festa-apo-oreksi-universal-per-lightkultur-e\/#article","isPartOf":{"@id":"https:\/\/fjala.info\/2009-2015\/shija-e-keqe-per-festa-apo-oreksi-universal-per-lightkultur-e\/"},"author":{"name":"admin","@id":"https:\/\/fjala.info\/2009-2015\/#\/schema\/person\/3aa1163ef05469c496fc94e77611ada2"},"headline":"Shija e keqe p\u00ebr festa (oreksi universal p\u00ebr lightkultur\u00eb)","datePublished":"2011-01-02T04:45:25+00:00","mainEntityOfPage":{"@id":"https:\/\/fjala.info\/2009-2015\/shija-e-keqe-per-festa-apo-oreksi-universal-per-lightkultur-e\/"},"wordCount":736,"commentCount":0,"publisher":{"@id":"https:\/\/fjala.info\/2009-2015\/#organization"},"articleSection":["Artikuj"],"inLanguage":"sq-AL","potentialAction":[{"@type":"CommentAction","name":"Comment","target":["https:\/\/fjala.info\/2009-2015\/shija-e-keqe-per-festa-apo-oreksi-universal-per-lightkultur-e\/#respond"]}]},{"@type":"WebPage","@id":"https:\/\/fjala.info\/2009-2015\/shija-e-keqe-per-festa-apo-oreksi-universal-per-lightkultur-e\/","url":"https:\/\/fjala.info\/2009-2015\/shija-e-keqe-per-festa-apo-oreksi-universal-per-lightkultur-e\/","name":"Shija e keqe p\u00ebr festa (oreksi universal p\u00ebr lightkultur\u00eb) - FjALA e LIR\u00cb - Arkivi","isPartOf":{"@id":"https:\/\/fjala.info\/2009-2015\/#website"},"datePublished":"2011-01-02T04:45:25+00:00","breadcrumb":{"@id":"https:\/\/fjala.info\/2009-2015\/shija-e-keqe-per-festa-apo-oreksi-universal-per-lightkultur-e\/#breadcrumb"},"inLanguage":"sq-AL","potentialAction":[{"@type":"ReadAction","target":["https:\/\/fjala.info\/2009-2015\/shija-e-keqe-per-festa-apo-oreksi-universal-per-lightkultur-e\/"]}]},{"@type":"BreadcrumbList","@id":"https:\/\/fjala.info\/2009-2015\/shija-e-keqe-per-festa-apo-oreksi-universal-per-lightkultur-e\/#breadcrumb","itemListElement":[{"@type":"ListItem","position":1,"name":"Home","item":"https:\/\/fjala.info\/2009-2015\/"},{"@type":"ListItem","position":2,"name":"Shija e keqe p\u00ebr festa (oreksi universal p\u00ebr lightkultur\u00eb)"}]},{"@type":"WebSite","@id":"https:\/\/fjala.info\/2009-2015\/#website","url":"https:\/\/fjala.info\/2009-2015\/","name":"FjALA e LIR\u00cb - Arkivi","description":"Arkivi 2009-2015","publisher":{"@id":"https:\/\/fjala.info\/2009-2015\/#organization"},"potentialAction":[{"@type":"SearchAction","target":{"@type":"EntryPoint","urlTemplate":"https:\/\/fjala.info\/2009-2015\/?s={search_term_string}"},"query-input":{"@type":"PropertyValueSpecification","valueRequired":true,"valueName":"search_term_string"}}],"inLanguage":"sq-AL"},{"@type":"Organization","@id":"https:\/\/fjala.info\/2009-2015\/#organization","name":"FjALA e LIR\u00cb - Arkivi","url":"https:\/\/fjala.info\/2009-2015\/","logo":{"@type":"ImageObject","inLanguage":"sq-AL","@id":"https:\/\/fjala.info\/2009-2015\/#\/schema\/logo\/image\/","url":"","contentUrl":"","caption":"FjALA e LIR\u00cb - Arkivi"},"image":{"@id":"https:\/\/fjala.info\/2009-2015\/#\/schema\/logo\/image\/"}},{"@type":"Person","@id":"https:\/\/fjala.info\/2009-2015\/#\/schema\/person\/3aa1163ef05469c496fc94e77611ada2","name":"admin","image":{"@type":"ImageObject","inLanguage":"sq-AL","@id":"https:\/\/fjala.info\/2009-2015\/wp-content\/uploads\/2012\/02\/arben_cokaj-120x150.jpg","url":"https:\/\/fjala.info\/2009-2015\/wp-content\/uploads\/2012\/02\/arben_cokaj-120x150.jpg","contentUrl":"https:\/\/fjala.info\/2009-2015\/wp-content\/uploads\/2012\/02\/arben_cokaj-120x150.jpg","caption":"admin"},"description":"Admin, Fjala e Lir\u00eb","sameAs":["https:\/\/fjala.info\/"],"url":"https:\/\/fjala.info\/2009-2015\/author\/admin\/"}]}},"_links":{"self":[{"href":"https:\/\/fjala.info\/2009-2015\/wp-json\/wp\/v2\/posts\/5485","targetHints":{"allow":["GET"]}}],"collection":[{"href":"https:\/\/fjala.info\/2009-2015\/wp-json\/wp\/v2\/posts"}],"about":[{"href":"https:\/\/fjala.info\/2009-2015\/wp-json\/wp\/v2\/types\/post"}],"author":[{"embeddable":true,"href":"https:\/\/fjala.info\/2009-2015\/wp-json\/wp\/v2\/users\/1"}],"replies":[{"embeddable":true,"href":"https:\/\/fjala.info\/2009-2015\/wp-json\/wp\/v2\/comments?post=5485"}],"version-history":[{"count":0,"href":"https:\/\/fjala.info\/2009-2015\/wp-json\/wp\/v2\/posts\/5485\/revisions"}],"wp:attachment":[{"href":"https:\/\/fjala.info\/2009-2015\/wp-json\/wp\/v2\/media?parent=5485"}],"wp:term":[{"taxonomy":"category","embeddable":true,"href":"https:\/\/fjala.info\/2009-2015\/wp-json\/wp\/v2\/categories?post=5485"},{"taxonomy":"post_tag","embeddable":true,"href":"https:\/\/fjala.info\/2009-2015\/wp-json\/wp\/v2\/tags?post=5485"}],"curies":[{"name":"wp","href":"https:\/\/api.w.org\/{rel}","templated":true}]}}