{"id":5483,"date":"2011-01-02T08:44:52","date_gmt":"2011-01-02T07:44:52","guid":{"rendered":"http:\/\/fjala.shkoder.net\/?p=5483"},"modified":"2011-01-02T08:44:52","modified_gmt":"2011-01-02T07:44:52","slug":"doli-ne-qarkullim-ne-new-york-revista-me-ngjyra-anglish-shqip-kushtuar-te-lumes-nene-tereza","status":"publish","type":"post","link":"https:\/\/fjala.info\/2009-2015\/doli-ne-qarkullim-ne-new-york-revista-me-ngjyra-anglish-shqip-kushtuar-te-lumes-nene-tereza\/","title":{"rendered":"Doli n\u00eb qarkullim n\u00eb New York revista me ngjyra anglish-shqip kushtuar T\u00eb Lumes N\u00ebn\u00eb Tereza"},"content":{"rendered":"<p><img loading=\"lazy\" decoding=\"async\" class=\"alignleft size-medium wp-image-5451\" title=\"kopertina_ jeta_katolike\" src=\"http:\/\/fjala.shkoder.net\/wp-content\/uploads\/2010\/12\/kopertina_-jeta_katolike-234x300.jpg\" alt=\"\" width=\"234\" height=\"300\" \/><\/p>\n<p>Nga <strong>Klajd Kapinova<\/strong>, <em>New York<\/em><\/p>\n<p>N\u00eb 100-vjetorin e lindjes s\u00eb N\u00ebn\u00eb Terez\u00ebs (1910-1997), n\u00eb num\u00ebrin special me 55 faqe, revista kulturore \u201cJeta Katolike\u201d (New York, 1966-2010), rubrikat e saj me ngjyra ia ka kushtuar t\u00ebr\u00ebsisht humanist\u00ebs me fam\u00eb bot\u00ebrore. Nj\u00eb vend t\u00eb r\u00ebnd\u00ebsish\u00ebm n\u00eb edicionin special z\u00ebn\u00eb nj\u00eb num\u00ebr artikujsh, poezi, esse, kujtime, biografi, studime, analiza, nga autor\u00eb t\u00eb ndrysh\u00ebm, q\u00eb jetojn\u00eb dhe punojn\u00eb n\u00eb trojet etnike shqiptare dhe diaspor\u00eb.<\/p>\n<p>Revista \u00ebsht\u00eb botuar n\u00ebn kujdestin e Kish\u00ebs Katolike Shqiptare \u201cZoja e Shkodr\u00ebs\u201d n\u00eb Hartsdale New York. Ky \u00ebsht\u00eb viti i 44 i botimit n\u00eb dy gjuh\u00eb shqip-anglisht. N\u00eb ballin\u00eb shquhen fjal\u00ebt e N\u00ebn\u00eb Terez\u00ebs: \u201c\u2026me komb\u00ebsi jam shqiptare\u2026\u201d Revista gjendet n\u00eb internet n\u00eb faqen www.JetakaKolike.com dhe n\u00eb Facebook.<\/p>\n<p>N\u00eb rubrik\u00ebn: Sofra poetike, botohen poezit\u00eb n\u00eb dy gjuh\u00eb: shqip-anglisht. E till\u00eb \u00ebsht\u00eb poezia e shkruar plot ndjesi shpirti e zemre:<\/p>\n<p>\u201cGod, Sun, Moon-Hope\u201d, shkruar nga muzikanti i talentuar Raif Hyseni.<br \/>\n\u201cNa Beko, Krenaria Jon\u00eb\u201d (dedikim p\u00ebr N\u00ebn\u00eb Terez\u00ebn) me autor Jorgo Telo,<br \/>\n\u201cN\u00ebn\u00eb Tereza\u201d, Agron Sela;<br \/>\n\u201cNobelist\u00ebs s\u00eb par\u00eb shqiptare\u201d (Rapsodi) Agim Gashi;<br \/>\n\u201cMe l\u00ebr edhe pak o At\u00eb (Nan\u00eb Terez\u00ebs), Lek Gjoka, nj\u00eb lutje e p\u00ebrshpirtshme e N\u00ebn\u00eb Terez\u00ebs me titull: \u201cHapna syt\u00eb tan\u00eb\u201d etj.<br \/>\nLexuesi mund t\u00eb kundroj me interes shkrimet:<\/p>\n<p>\u201cN\u00ebn\u00eb Tereza dhurat\u00eb e Zotit nga kombi jon\u00eb\u201d (nga predikimi n\u00eb Katedral\u00ebn e Sh\u00ebn Patrikut, n\u00eb Manhattan, New York, m\u00eb 26 Gusht 1910) shkruar nga drejtori Don Pjet\u00ebr Popaj;<\/p>\n<p>\u201cFesta e N\u00ebn\u00eb Terez\u00ebs n\u00eb Prishtin\u00eb\u201d (N\u00eb Katedrale kremtohet mesha e par\u00eb), raport nga Prishtina, shkruar nga kryeredaktori Mark K. Shkreli;<\/p>\n<p>\u201cNew York City: Mesh\u00eb e ve\u00e7ant\u00eb p\u00ebr dit\u00eblindjen e N\u00ebn\u00ebs Tereze n\u00eb Katedral\u00ebn e Sh\u00ebn Patrikut\u201d, raport nga Beqir Sina;<\/p>\n<p>\u201cHoly Mass held in Mother Teresa\u2019s honor at St. Patrick\u2019s Cathdral-Dinner held in Bronx with proceeds benefiting Missionaries of Charity\u201d by Simon Vukel;<\/p>\n<p>\u201cKatedralja e re-tempull komb\u00ebtar, fetar e kulturor\u201d; \u201cShqiptar\u00ebt n\u00eb Detroit, 100 vjetori i N\u00ebn\u00eb Terez\u00ebs\u201d nga gazetari i \u201cZ\u00ebri i Am\u00ebrik\u00ebs\u201d Astrit Lulushi;<\/p>\n<p>\u201cMadh\u00ebshtia e t\u00eb Lumes N\u00ebn\u00eb Tereza n\u00eb tematiken e veprave t\u00eb skulptorit Vasil Rakaj\u201c (Profil skulptori) Klajd Kapinova;<\/p>\n<p>\u201cN\u00eb Stamford u sh\u00ebnua 100 &#8211; vjetori i lindjes s\u00eb N\u00ebn\u00eb Terez\u00ebs\u201d (Shoqata e Shkrimtar\u00ebve Shqiptaro-Amerikan\u00eb, dhe Shoqata PanShqiptare e Amerik\u00ebs \u201cVatra\u201d, s\u00ebbashku mbajt\u00ebn akademi p\u00ebrkujtimore me rastin e 26 Gushtit-100 vjetorit i lindjes s\u00eb humanistes s\u00eb madhe N\u00ebna Tereze\u201d) nga reporteri i gazet\u00ebs \u201cBota Sot\u201d Beqir Sina;<\/p>\n<p>\u201cN\u00ebna Tereze n\u00eb 100-vjetorin e lindjes\u201d (Nga tribuna n\u00eb Shkup, kushtuar 100-vjetorit t\u00eb lindjes s\u00eb N\u00ebn\u00ebs Tereze) kumtes\u00eb shkencore nga Prof.Dr. Avzi Mustafa;<\/p>\n<p>\u201cN\u00ebn\u00eb Tereza: Nderi i Kish\u00ebs Katolike dhe krenaria e kombit shqiptar\u201d (Autori i shkrimit Frank Shkreli, ka qen\u00eb drejtori i Radios \u201cZ\u00ebri i Amerik\u00ebs\u201d n\u00eb Gjuh\u00ebn Shqipe deri sa doli n\u00eb pension);<\/p>\n<p>\u201cSi e kam njohur N\u00ebn\u00eb Terez\u00ebn\u201d (Kujtime) Pjet\u00ebr Arbnori, shkrimtar dhe politikan;<\/p>\n<p>\u201cSi e kam njohur N\u00ebn\u00eb Terez\u00ebn\u201d (Kujtime) Imzot Rrok Mirdita Arqipeshk\u00ebv Metropolitan n\u00eb Arqipeshkvin\u00eb Tiran\u00eb\u2013Durr\u00ebs;<\/p>\n<p>\u201cGjuha e zemr\u00ebs\u201d (N\u00ebn\u00eb Tereza i shfaqi njer\u00ebzimit virtutin q\u00eb i kish marr\u00eb me qum\u00ebshtin e n\u00ebn\u00ebs shqiptare q\u00eb e m\u00ebkoi) nga poeti Kolec Traboini;<\/p>\n<p>\u201cNe vinim nga FERRI!\u201d (Takimi i artist\u00ebve shqiptar\u00eb me N\u00ebn\u00eb Terez\u00ebn m\u00eb 1989 n\u00eb Rom\u00eb) Suzana Varvarica Kuka;<\/p>\n<p>\u201cMother Teresa: Do It ANYWAY\u201d (Academic Colloquium on the 100th Anniversary of the Birth of Mother Teresa St. Paul\u2019s Albanian Catholic Church. Thursday, 26 August 2010) By: Franz-Llesh Grishaj;<\/p>\n<p>\u201cN\u00ebna Terez\u00eb dhe identiteti modern shqiptar\u201d Ndue Ukaj;<br \/>\n\u201cSh\u00ebn Tereza e shqiptar\u00ebve\u201d Bardhyl Ukcamaj;<br \/>\n\u201cN\u00ebn\u00eb T\u00ebreza-Diell q\u00eb sh\u00ebndriti bot\u00ebn me dashurin\u00eb hyjnore\u201d Don Marjan Ukaj (Calcuta, India);<\/p>\n<p>\u201cNobelistja shqiptare\u201d (Me rastin e tridhjet\u00eb vjetorit t\u00eb marrjes s\u00eb \u00e7mimit Nobel p\u00ebr Paqe nga N\u00ebna Terez\u00eb, n\u00eb Teatrin Komb\u00ebtar u mbajt nj\u00eb akademi p\u00ebrkujtimore, me \u00e7\u2019rast, nga ana e Presidentit Sejdiu, viti 2010 u shpall \u2018Vit i N\u00ebn\u00ebs Terez\u00eb\u2019) Alfred Beka;<\/p>\n<p>\u201cGjurm\u00eb t\u00eb reja p\u00ebr fisin Bojaxhia (N\u00ebn\u00eb Tereza)\u201d ish editor i revist\u00ebs \u201cKumbona e s\u00eb Diell\u00ebs\u201d studiuesi shkodran Kolec \u00c7efa;<\/p>\n<p>\u201cPortret p\u00ebr N\u00ebn\u00eb Terezen\u201d nga ish editori i gazet\u00ebs \u201cDielli\u201d (New York) Anton \u00c7efa;<\/p>\n<p>\u201cE Lumja N\u00ebn\u00eb Tereza u b\u00eb kultura m\u00eb e lart\u00eb nd\u00ebrlidh\u00ebse e njohjes s\u00eb shqiptar\u00ebve n\u00eb bot\u00eb\u201d (\u201cUn\u00eb Jam nj\u00eb Pend\u00eb n\u00eb Dor\u00ebn e Zotit\u201d E Lumja N\u00ebn\u00eb Tereza) esse nga Klajd Kapinova, etj.<\/p>\n","protected":false},"excerpt":{"rendered":"<p>Nga Klajd Kapinova, New York N\u00eb 100-vjetorin e lindjes s\u00eb N\u00ebn\u00eb Terez\u00ebs (1910-1997), n\u00eb num\u00ebrin special me 55 faqe, revista kulturore \u201cJeta Katolike\u201d (New York, 1966-2010), rubrikat e saj me ngjyra ia ka kushtuar t\u00ebr\u00ebsisht humanist\u00ebs me fam\u00eb bot\u00ebrore. Nj\u00eb vend t\u00eb r\u00ebnd\u00ebsish\u00ebm n\u00eb edicionin special z\u00ebn\u00eb nj\u00eb num\u00ebr artikujsh, poezi, esse, kujtime, biografi, studime, [&hellip;]<\/p>\n","protected":false},"author":1,"featured_media":0,"comment_status":"open","ping_status":"closed","sticky":false,"template":"","format":"standard","meta":{"footnotes":""},"categories":[2],"tags":[],"class_list":{"0":"post-5483","1":"post","2":"type-post","3":"status-publish","4":"format-standard","6":"category-artikuj"},"yoast_head":"<!-- This site is optimized with the Yoast SEO plugin v27.4 - https:\/\/yoast.com\/product\/yoast-seo-wordpress\/ -->\n<title>Doli n\u00eb qarkullim n\u00eb New York revista me ngjyra anglish-shqip kushtuar T\u00eb Lumes N\u00ebn\u00eb Tereza - FjALA e LIR\u00cb - Arkivi<\/title>\n<meta name=\"robots\" content=\"index, follow, max-snippet:-1, max-image-preview:large, max-video-preview:-1\" \/>\n<link rel=\"canonical\" href=\"https:\/\/fjala.info\/2009-2015\/doli-ne-qarkullim-ne-new-york-revista-me-ngjyra-anglish-shqip-kushtuar-te-lumes-nene-tereza\/\" \/>\n<meta property=\"og:locale\" content=\"sq_AL\" \/>\n<meta property=\"og:type\" content=\"article\" \/>\n<meta property=\"og:title\" content=\"Doli n\u00eb qarkullim n\u00eb New York revista me ngjyra anglish-shqip kushtuar T\u00eb Lumes N\u00ebn\u00eb Tereza - FjALA e LIR\u00cb - Arkivi\" \/>\n<meta property=\"og:description\" content=\"Nga Klajd Kapinova, New York N\u00eb 100-vjetorin e lindjes s\u00eb N\u00ebn\u00eb Terez\u00ebs (1910-1997), n\u00eb num\u00ebrin special me 55 faqe, revista kulturore \u201cJeta Katolike\u201d (New York, 1966-2010), rubrikat e saj me ngjyra ia ka kushtuar t\u00ebr\u00ebsisht humanist\u00ebs me fam\u00eb bot\u00ebrore. Nj\u00eb vend t\u00eb r\u00ebnd\u00ebsish\u00ebm n\u00eb edicionin special z\u00ebn\u00eb nj\u00eb num\u00ebr artikujsh, poezi, esse, kujtime, biografi, studime, [&hellip;]\" \/>\n<meta property=\"og:url\" content=\"https:\/\/fjala.info\/2009-2015\/doli-ne-qarkullim-ne-new-york-revista-me-ngjyra-anglish-shqip-kushtuar-te-lumes-nene-tereza\/\" \/>\n<meta property=\"og:site_name\" content=\"FjALA e LIR\u00cb - Arkivi\" \/>\n<meta property=\"article:published_time\" content=\"2011-01-02T07:44:52+00:00\" \/>\n<meta property=\"og:image\" content=\"http:\/\/fjala.shkoder.net\/wp-content\/uploads\/2010\/12\/kopertina_-jeta_katolike-234x300.jpg\" \/>\n<meta name=\"author\" content=\"admin\" \/>\n<meta name=\"twitter:card\" content=\"summary_large_image\" \/>\n<meta name=\"twitter:label1\" content=\"Written by\" \/>\n\t<meta name=\"twitter:data1\" content=\"admin\" \/>\n\t<meta name=\"twitter:label2\" content=\"Est. reading time\" \/>\n\t<meta name=\"twitter:data2\" content=\"4 minutes\" \/>\n<script type=\"application\/ld+json\" class=\"yoast-schema-graph\">{\"@context\":\"https:\\\/\\\/schema.org\",\"@graph\":[{\"@type\":\"Article\",\"@id\":\"https:\\\/\\\/fjala.info\\\/2009-2015\\\/doli-ne-qarkullim-ne-new-york-revista-me-ngjyra-anglish-shqip-kushtuar-te-lumes-nene-tereza\\\/#article\",\"isPartOf\":{\"@id\":\"https:\\\/\\\/fjala.info\\\/2009-2015\\\/doli-ne-qarkullim-ne-new-york-revista-me-ngjyra-anglish-shqip-kushtuar-te-lumes-nene-tereza\\\/\"},\"author\":{\"name\":\"admin\",\"@id\":\"https:\\\/\\\/fjala.info\\\/2009-2015\\\/#\\\/schema\\\/person\\\/3aa1163ef05469c496fc94e77611ada2\"},\"headline\":\"Doli n\u00eb qarkullim n\u00eb New York revista me ngjyra anglish-shqip kushtuar T\u00eb Lumes N\u00ebn\u00eb Tereza\",\"datePublished\":\"2011-01-02T07:44:52+00:00\",\"mainEntityOfPage\":{\"@id\":\"https:\\\/\\\/fjala.info\\\/2009-2015\\\/doli-ne-qarkullim-ne-new-york-revista-me-ngjyra-anglish-shqip-kushtuar-te-lumes-nene-tereza\\\/\"},\"wordCount\":801,\"commentCount\":0,\"publisher\":{\"@id\":\"https:\\\/\\\/fjala.info\\\/2009-2015\\\/#organization\"},\"image\":{\"@id\":\"https:\\\/\\\/fjala.info\\\/2009-2015\\\/doli-ne-qarkullim-ne-new-york-revista-me-ngjyra-anglish-shqip-kushtuar-te-lumes-nene-tereza\\\/#primaryimage\"},\"thumbnailUrl\":\"http:\\\/\\\/fjala.shkoder.net\\\/wp-content\\\/uploads\\\/2010\\\/12\\\/kopertina_-jeta_katolike-234x300.jpg\",\"articleSection\":[\"Artikuj\"],\"inLanguage\":\"sq-AL\",\"potentialAction\":[{\"@type\":\"CommentAction\",\"name\":\"Comment\",\"target\":[\"https:\\\/\\\/fjala.info\\\/2009-2015\\\/doli-ne-qarkullim-ne-new-york-revista-me-ngjyra-anglish-shqip-kushtuar-te-lumes-nene-tereza\\\/#respond\"]}]},{\"@type\":\"WebPage\",\"@id\":\"https:\\\/\\\/fjala.info\\\/2009-2015\\\/doli-ne-qarkullim-ne-new-york-revista-me-ngjyra-anglish-shqip-kushtuar-te-lumes-nene-tereza\\\/\",\"url\":\"https:\\\/\\\/fjala.info\\\/2009-2015\\\/doli-ne-qarkullim-ne-new-york-revista-me-ngjyra-anglish-shqip-kushtuar-te-lumes-nene-tereza\\\/\",\"name\":\"Doli n\u00eb qarkullim n\u00eb New York revista me ngjyra anglish-shqip kushtuar T\u00eb Lumes N\u00ebn\u00eb Tereza - FjALA e LIR\u00cb - Arkivi\",\"isPartOf\":{\"@id\":\"https:\\\/\\\/fjala.info\\\/2009-2015\\\/#website\"},\"primaryImageOfPage\":{\"@id\":\"https:\\\/\\\/fjala.info\\\/2009-2015\\\/doli-ne-qarkullim-ne-new-york-revista-me-ngjyra-anglish-shqip-kushtuar-te-lumes-nene-tereza\\\/#primaryimage\"},\"image\":{\"@id\":\"https:\\\/\\\/fjala.info\\\/2009-2015\\\/doli-ne-qarkullim-ne-new-york-revista-me-ngjyra-anglish-shqip-kushtuar-te-lumes-nene-tereza\\\/#primaryimage\"},\"thumbnailUrl\":\"http:\\\/\\\/fjala.shkoder.net\\\/wp-content\\\/uploads\\\/2010\\\/12\\\/kopertina_-jeta_katolike-234x300.jpg\",\"datePublished\":\"2011-01-02T07:44:52+00:00\",\"breadcrumb\":{\"@id\":\"https:\\\/\\\/fjala.info\\\/2009-2015\\\/doli-ne-qarkullim-ne-new-york-revista-me-ngjyra-anglish-shqip-kushtuar-te-lumes-nene-tereza\\\/#breadcrumb\"},\"inLanguage\":\"sq-AL\",\"potentialAction\":[{\"@type\":\"ReadAction\",\"target\":[\"https:\\\/\\\/fjala.info\\\/2009-2015\\\/doli-ne-qarkullim-ne-new-york-revista-me-ngjyra-anglish-shqip-kushtuar-te-lumes-nene-tereza\\\/\"]}]},{\"@type\":\"ImageObject\",\"inLanguage\":\"sq-AL\",\"@id\":\"https:\\\/\\\/fjala.info\\\/2009-2015\\\/doli-ne-qarkullim-ne-new-york-revista-me-ngjyra-anglish-shqip-kushtuar-te-lumes-nene-tereza\\\/#primaryimage\",\"url\":\"http:\\\/\\\/fjala.shkoder.net\\\/wp-content\\\/uploads\\\/2010\\\/12\\\/kopertina_-jeta_katolike-234x300.jpg\",\"contentUrl\":\"http:\\\/\\\/fjala.shkoder.net\\\/wp-content\\\/uploads\\\/2010\\\/12\\\/kopertina_-jeta_katolike-234x300.jpg\"},{\"@type\":\"BreadcrumbList\",\"@id\":\"https:\\\/\\\/fjala.info\\\/2009-2015\\\/doli-ne-qarkullim-ne-new-york-revista-me-ngjyra-anglish-shqip-kushtuar-te-lumes-nene-tereza\\\/#breadcrumb\",\"itemListElement\":[{\"@type\":\"ListItem\",\"position\":1,\"name\":\"Home\",\"item\":\"https:\\\/\\\/fjala.info\\\/2009-2015\\\/\"},{\"@type\":\"ListItem\",\"position\":2,\"name\":\"Doli n\u00eb qarkullim n\u00eb New York revista me ngjyra anglish-shqip kushtuar T\u00eb Lumes N\u00ebn\u00eb Tereza\"}]},{\"@type\":\"WebSite\",\"@id\":\"https:\\\/\\\/fjala.info\\\/2009-2015\\\/#website\",\"url\":\"https:\\\/\\\/fjala.info\\\/2009-2015\\\/\",\"name\":\"FjALA e LIR\u00cb - Arkivi\",\"description\":\"Arkivi 2009-2015\",\"publisher\":{\"@id\":\"https:\\\/\\\/fjala.info\\\/2009-2015\\\/#organization\"},\"potentialAction\":[{\"@type\":\"SearchAction\",\"target\":{\"@type\":\"EntryPoint\",\"urlTemplate\":\"https:\\\/\\\/fjala.info\\\/2009-2015\\\/?s={search_term_string}\"},\"query-input\":{\"@type\":\"PropertyValueSpecification\",\"valueRequired\":true,\"valueName\":\"search_term_string\"}}],\"inLanguage\":\"sq-AL\"},{\"@type\":\"Organization\",\"@id\":\"https:\\\/\\\/fjala.info\\\/2009-2015\\\/#organization\",\"name\":\"FjALA e LIR\u00cb - Arkivi\",\"url\":\"https:\\\/\\\/fjala.info\\\/2009-2015\\\/\",\"logo\":{\"@type\":\"ImageObject\",\"inLanguage\":\"sq-AL\",\"@id\":\"https:\\\/\\\/fjala.info\\\/2009-2015\\\/#\\\/schema\\\/logo\\\/image\\\/\",\"url\":\"\",\"contentUrl\":\"\",\"caption\":\"FjALA e LIR\u00cb - Arkivi\"},\"image\":{\"@id\":\"https:\\\/\\\/fjala.info\\\/2009-2015\\\/#\\\/schema\\\/logo\\\/image\\\/\"}},{\"@type\":\"Person\",\"@id\":\"https:\\\/\\\/fjala.info\\\/2009-2015\\\/#\\\/schema\\\/person\\\/3aa1163ef05469c496fc94e77611ada2\",\"name\":\"admin\",\"image\":{\"@type\":\"ImageObject\",\"inLanguage\":\"sq-AL\",\"@id\":\"https:\\\/\\\/fjala.info\\\/2009-2015\\\/wp-content\\\/uploads\\\/2012\\\/02\\\/arben_cokaj-120x150.jpg\",\"url\":\"https:\\\/\\\/fjala.info\\\/2009-2015\\\/wp-content\\\/uploads\\\/2012\\\/02\\\/arben_cokaj-120x150.jpg\",\"contentUrl\":\"https:\\\/\\\/fjala.info\\\/2009-2015\\\/wp-content\\\/uploads\\\/2012\\\/02\\\/arben_cokaj-120x150.jpg\",\"caption\":\"admin\"},\"description\":\"Admin, Fjala e Lir\u00eb\",\"sameAs\":[\"https:\\\/\\\/fjala.info\\\/\"],\"url\":\"https:\\\/\\\/fjala.info\\\/2009-2015\\\/author\\\/admin\\\/\"}]}<\/script>\n<!-- \/ Yoast SEO plugin. -->","yoast_head_json":{"title":"Doli n\u00eb qarkullim n\u00eb New York revista me ngjyra anglish-shqip kushtuar T\u00eb Lumes N\u00ebn\u00eb Tereza - FjALA e LIR\u00cb - Arkivi","robots":{"index":"index","follow":"follow","max-snippet":"max-snippet:-1","max-image-preview":"max-image-preview:large","max-video-preview":"max-video-preview:-1"},"canonical":"https:\/\/fjala.info\/2009-2015\/doli-ne-qarkullim-ne-new-york-revista-me-ngjyra-anglish-shqip-kushtuar-te-lumes-nene-tereza\/","og_locale":"sq_AL","og_type":"article","og_title":"Doli n\u00eb qarkullim n\u00eb New York revista me ngjyra anglish-shqip kushtuar T\u00eb Lumes N\u00ebn\u00eb Tereza - FjALA e LIR\u00cb - Arkivi","og_description":"Nga Klajd Kapinova, New York N\u00eb 100-vjetorin e lindjes s\u00eb N\u00ebn\u00eb Terez\u00ebs (1910-1997), n\u00eb num\u00ebrin special me 55 faqe, revista kulturore \u201cJeta Katolike\u201d (New York, 1966-2010), rubrikat e saj me ngjyra ia ka kushtuar t\u00ebr\u00ebsisht humanist\u00ebs me fam\u00eb bot\u00ebrore. Nj\u00eb vend t\u00eb r\u00ebnd\u00ebsish\u00ebm n\u00eb edicionin special z\u00ebn\u00eb nj\u00eb num\u00ebr artikujsh, poezi, esse, kujtime, biografi, studime, [&hellip;]","og_url":"https:\/\/fjala.info\/2009-2015\/doli-ne-qarkullim-ne-new-york-revista-me-ngjyra-anglish-shqip-kushtuar-te-lumes-nene-tereza\/","og_site_name":"FjALA e LIR\u00cb - Arkivi","article_published_time":"2011-01-02T07:44:52+00:00","og_image":[{"url":"http:\/\/fjala.shkoder.net\/wp-content\/uploads\/2010\/12\/kopertina_-jeta_katolike-234x300.jpg","type":"","width":"","height":""}],"author":"admin","twitter_card":"summary_large_image","twitter_misc":{"Written by":"admin","Est. reading time":"4 minutes"},"schema":{"@context":"https:\/\/schema.org","@graph":[{"@type":"Article","@id":"https:\/\/fjala.info\/2009-2015\/doli-ne-qarkullim-ne-new-york-revista-me-ngjyra-anglish-shqip-kushtuar-te-lumes-nene-tereza\/#article","isPartOf":{"@id":"https:\/\/fjala.info\/2009-2015\/doli-ne-qarkullim-ne-new-york-revista-me-ngjyra-anglish-shqip-kushtuar-te-lumes-nene-tereza\/"},"author":{"name":"admin","@id":"https:\/\/fjala.info\/2009-2015\/#\/schema\/person\/3aa1163ef05469c496fc94e77611ada2"},"headline":"Doli n\u00eb qarkullim n\u00eb New York revista me ngjyra anglish-shqip kushtuar T\u00eb Lumes N\u00ebn\u00eb Tereza","datePublished":"2011-01-02T07:44:52+00:00","mainEntityOfPage":{"@id":"https:\/\/fjala.info\/2009-2015\/doli-ne-qarkullim-ne-new-york-revista-me-ngjyra-anglish-shqip-kushtuar-te-lumes-nene-tereza\/"},"wordCount":801,"commentCount":0,"publisher":{"@id":"https:\/\/fjala.info\/2009-2015\/#organization"},"image":{"@id":"https:\/\/fjala.info\/2009-2015\/doli-ne-qarkullim-ne-new-york-revista-me-ngjyra-anglish-shqip-kushtuar-te-lumes-nene-tereza\/#primaryimage"},"thumbnailUrl":"http:\/\/fjala.shkoder.net\/wp-content\/uploads\/2010\/12\/kopertina_-jeta_katolike-234x300.jpg","articleSection":["Artikuj"],"inLanguage":"sq-AL","potentialAction":[{"@type":"CommentAction","name":"Comment","target":["https:\/\/fjala.info\/2009-2015\/doli-ne-qarkullim-ne-new-york-revista-me-ngjyra-anglish-shqip-kushtuar-te-lumes-nene-tereza\/#respond"]}]},{"@type":"WebPage","@id":"https:\/\/fjala.info\/2009-2015\/doli-ne-qarkullim-ne-new-york-revista-me-ngjyra-anglish-shqip-kushtuar-te-lumes-nene-tereza\/","url":"https:\/\/fjala.info\/2009-2015\/doli-ne-qarkullim-ne-new-york-revista-me-ngjyra-anglish-shqip-kushtuar-te-lumes-nene-tereza\/","name":"Doli n\u00eb qarkullim n\u00eb New York revista me ngjyra anglish-shqip kushtuar T\u00eb Lumes N\u00ebn\u00eb Tereza - FjALA e LIR\u00cb - Arkivi","isPartOf":{"@id":"https:\/\/fjala.info\/2009-2015\/#website"},"primaryImageOfPage":{"@id":"https:\/\/fjala.info\/2009-2015\/doli-ne-qarkullim-ne-new-york-revista-me-ngjyra-anglish-shqip-kushtuar-te-lumes-nene-tereza\/#primaryimage"},"image":{"@id":"https:\/\/fjala.info\/2009-2015\/doli-ne-qarkullim-ne-new-york-revista-me-ngjyra-anglish-shqip-kushtuar-te-lumes-nene-tereza\/#primaryimage"},"thumbnailUrl":"http:\/\/fjala.shkoder.net\/wp-content\/uploads\/2010\/12\/kopertina_-jeta_katolike-234x300.jpg","datePublished":"2011-01-02T07:44:52+00:00","breadcrumb":{"@id":"https:\/\/fjala.info\/2009-2015\/doli-ne-qarkullim-ne-new-york-revista-me-ngjyra-anglish-shqip-kushtuar-te-lumes-nene-tereza\/#breadcrumb"},"inLanguage":"sq-AL","potentialAction":[{"@type":"ReadAction","target":["https:\/\/fjala.info\/2009-2015\/doli-ne-qarkullim-ne-new-york-revista-me-ngjyra-anglish-shqip-kushtuar-te-lumes-nene-tereza\/"]}]},{"@type":"ImageObject","inLanguage":"sq-AL","@id":"https:\/\/fjala.info\/2009-2015\/doli-ne-qarkullim-ne-new-york-revista-me-ngjyra-anglish-shqip-kushtuar-te-lumes-nene-tereza\/#primaryimage","url":"http:\/\/fjala.shkoder.net\/wp-content\/uploads\/2010\/12\/kopertina_-jeta_katolike-234x300.jpg","contentUrl":"http:\/\/fjala.shkoder.net\/wp-content\/uploads\/2010\/12\/kopertina_-jeta_katolike-234x300.jpg"},{"@type":"BreadcrumbList","@id":"https:\/\/fjala.info\/2009-2015\/doli-ne-qarkullim-ne-new-york-revista-me-ngjyra-anglish-shqip-kushtuar-te-lumes-nene-tereza\/#breadcrumb","itemListElement":[{"@type":"ListItem","position":1,"name":"Home","item":"https:\/\/fjala.info\/2009-2015\/"},{"@type":"ListItem","position":2,"name":"Doli n\u00eb qarkullim n\u00eb New York revista me ngjyra anglish-shqip kushtuar T\u00eb Lumes N\u00ebn\u00eb Tereza"}]},{"@type":"WebSite","@id":"https:\/\/fjala.info\/2009-2015\/#website","url":"https:\/\/fjala.info\/2009-2015\/","name":"FjALA e LIR\u00cb - Arkivi","description":"Arkivi 2009-2015","publisher":{"@id":"https:\/\/fjala.info\/2009-2015\/#organization"},"potentialAction":[{"@type":"SearchAction","target":{"@type":"EntryPoint","urlTemplate":"https:\/\/fjala.info\/2009-2015\/?s={search_term_string}"},"query-input":{"@type":"PropertyValueSpecification","valueRequired":true,"valueName":"search_term_string"}}],"inLanguage":"sq-AL"},{"@type":"Organization","@id":"https:\/\/fjala.info\/2009-2015\/#organization","name":"FjALA e LIR\u00cb - Arkivi","url":"https:\/\/fjala.info\/2009-2015\/","logo":{"@type":"ImageObject","inLanguage":"sq-AL","@id":"https:\/\/fjala.info\/2009-2015\/#\/schema\/logo\/image\/","url":"","contentUrl":"","caption":"FjALA e LIR\u00cb - Arkivi"},"image":{"@id":"https:\/\/fjala.info\/2009-2015\/#\/schema\/logo\/image\/"}},{"@type":"Person","@id":"https:\/\/fjala.info\/2009-2015\/#\/schema\/person\/3aa1163ef05469c496fc94e77611ada2","name":"admin","image":{"@type":"ImageObject","inLanguage":"sq-AL","@id":"https:\/\/fjala.info\/2009-2015\/wp-content\/uploads\/2012\/02\/arben_cokaj-120x150.jpg","url":"https:\/\/fjala.info\/2009-2015\/wp-content\/uploads\/2012\/02\/arben_cokaj-120x150.jpg","contentUrl":"https:\/\/fjala.info\/2009-2015\/wp-content\/uploads\/2012\/02\/arben_cokaj-120x150.jpg","caption":"admin"},"description":"Admin, Fjala e Lir\u00eb","sameAs":["https:\/\/fjala.info\/"],"url":"https:\/\/fjala.info\/2009-2015\/author\/admin\/"}]}},"_links":{"self":[{"href":"https:\/\/fjala.info\/2009-2015\/wp-json\/wp\/v2\/posts\/5483","targetHints":{"allow":["GET"]}}],"collection":[{"href":"https:\/\/fjala.info\/2009-2015\/wp-json\/wp\/v2\/posts"}],"about":[{"href":"https:\/\/fjala.info\/2009-2015\/wp-json\/wp\/v2\/types\/post"}],"author":[{"embeddable":true,"href":"https:\/\/fjala.info\/2009-2015\/wp-json\/wp\/v2\/users\/1"}],"replies":[{"embeddable":true,"href":"https:\/\/fjala.info\/2009-2015\/wp-json\/wp\/v2\/comments?post=5483"}],"version-history":[{"count":0,"href":"https:\/\/fjala.info\/2009-2015\/wp-json\/wp\/v2\/posts\/5483\/revisions"}],"wp:attachment":[{"href":"https:\/\/fjala.info\/2009-2015\/wp-json\/wp\/v2\/media?parent=5483"}],"wp:term":[{"taxonomy":"category","embeddable":true,"href":"https:\/\/fjala.info\/2009-2015\/wp-json\/wp\/v2\/categories?post=5483"},{"taxonomy":"post_tag","embeddable":true,"href":"https:\/\/fjala.info\/2009-2015\/wp-json\/wp\/v2\/tags?post=5483"}],"curies":[{"name":"wp","href":"https:\/\/api.w.org\/{rel}","templated":true}]}}