{"id":5480,"date":"2010-12-31T11:26:25","date_gmt":"2010-12-31T10:26:25","guid":{"rendered":"http:\/\/fjala.shkoder.net\/?p=5480"},"modified":"2010-12-31T11:26:25","modified_gmt":"2010-12-31T10:26:25","slug":"lulezim-basha-ka-qene-zyrtarisht-perkthyes-per-hetuesin-e-eshtrave","status":"publish","type":"post","link":"https:\/\/fjala.info\/2009-2015\/lulezim-basha-ka-qene-zyrtarisht-perkthyes-per-hetuesin-e-eshtrave\/","title":{"rendered":"Lul\u00ebzim Basha ka qen\u00eb zyrtarisht p\u00ebrkthyes p\u00ebr hetuesin e eshtrave"},"content":{"rendered":"<p><img loading=\"lazy\" decoding=\"async\" class=\"alignright size-full wp-image-5481\" title=\"lul_basha_baraybar\" src=\"http:\/\/fjala.shkoder.net\/wp-content\/uploads\/2011\/01\/lul_basha_baraybar.jpg\" alt=\"\" width=\"269\" height=\"212\" \/><\/p>\n<p><strong>Tefik Gashi<\/strong>, nj\u00eb ish-an\u00ebtar i ekipit t\u00eb ekspert\u00ebve p\u00ebr skenat e krimeve t\u00eb luft\u00ebs n\u00eb Kosov\u00eb, t\u00eb drejtuar nga antropologu ligjor i OKB-s\u00eb, Jose Pablo Baraybar, deklaroi dje n\u00eb nj\u00eb prononcim p\u00ebr mediat se ministri Brendsh\u00ebm aktual, Lulzim Basha ka qen\u00eb p\u00ebrkthyes i Baraybar n\u00eb procesin q\u00eb u hap ndaj tij n\u00eb gjykat\u00ebn e Prishtin\u00ebs.<\/p>\n<p>\u201cPo, Basha ka qen\u00eb p\u00ebrkthyes n\u00eb disa seanca, por vet\u00ebm n\u00eb k\u00ebt\u00eb rol. Nuk e di kush e kishte zgjedhur, por ka qen\u00eb p\u00ebr ne n\u00eb cil\u00ebsin\u00eb e p\u00ebrkthyesit nga anglishtja n\u00eb shqip dhe anasjelltas. Ne kur flisnim ai mundohej t\u00eb na shp\u00ebrqendronte, por ne i tham\u00eb se ti je vet\u00ebm p\u00ebrkthyes dhe nuk ke kompetenca\u201d, \u2013 deklaron Gashi. Gashi ishte nj\u00eb nga mjek\u00ebt ligjor\u00eb q\u00eb u shkarkua nga detyra pasi denoncoi vjedhjen e kockave nga Baraybar.<\/p>\n<p>Ai thot\u00eb se antropologu ka shkelur etik\u00ebn e pun\u00ebs duke marr\u00eb pa lejen e familjar\u00ebve kockat e viktimave t\u00eb luft\u00ebs \u201cKa ardhur edhe nj\u00eb tjet\u00ebr mjeke nga Franca, nga Strasburgu, e cila ka mbajtur disa ligj\u00ebrata dhe n\u00eb bised\u00eb e sip\u00ebr \u00ebsht\u00eb interesuar p\u00ebr disa eshtra. N\u00eb vendin ku kemi \u00e7uar eshtrat, zoti Baraybar ka b\u00ebr\u00eb doktoratur\u00ebn. K\u00ebshtu, jemi informuar prej disa burimeve\u201d, \u2013 tregon Gashi. Ndaj Baraybar \u00ebsht\u00eb ngritur nj\u00eb padi penale, me t\u00eb cil\u00ebn po merret avokati Tom\u00eb Gashi, i cili thot\u00eb se Baraybar \u00ebsht\u00eb larguar nga Kosova nga frika e p\u00ebrballjes me drejt\u00ebsin\u00eb.<\/p>\n<p><strong>BARAYBAR<\/strong><\/p>\n<p>Eksperti i OKB-s\u00eb, antropologu ligjor Jose Pablo Baraybar, me origjin\u00eb peruane q\u00eb ka punuar n\u00eb shumic\u00ebn e skenave t\u00eb krimeve t\u00eb luft\u00ebs n\u00eb Bosnje, Kroaci dhe Kosov\u00eb ka mundur t\u00eb hyje dy her\u00eb n\u00eb Shqip\u00ebri, duke u prezantuar si turist apo inxhinier rrug\u00ebsh n\u00eb shkurt t\u00eb vitit 2004, p\u00ebr t\u00eb vizituar \u201csht\u00ebpin\u00eb e verdh\u00eb\u201d, n\u00eb veri t\u00eb vendit, e p\u00ebrmendur edhe n\u00eb raportin e Dick Marty, p\u00ebr trafik organesh. N\u00eb nj\u00eb intervist\u00eb p\u00ebr gazet\u00ebn \u201cLe Temp\u201d, nj\u00eb nga m\u00eb t\u00eb r\u00ebnd\u00ebsishmet n\u00eb Zvic\u00ebr, ai rr\u00ebfen si mundi t\u00eb vij\u00eb n\u00eb Shqip\u00ebri dhe se kush ishte p\u00ebrkthyesi q\u00eb e shoq\u00ebroi. \u201cP\u00ebrkthyesi im quhej, Lul\u00ebzim Basha.<\/p>\n<p>Ai punonte p\u00ebr Gjykat\u00ebn Penale Nd\u00ebrkomb\u00ebtare p\u00ebr ish-Jugosllavin\u00eb. Me pas u b\u00eb minist\u00ebr i Pun\u00ebve Publike n\u00eb Shqip\u00ebri dhe e kam d\u00ebgjuar vitin e kaluar t\u00eb thot\u00eb se kjo histori e organeve ishte bro\u00e7kulla. Nd\u00ebrkoh\u00eb q\u00eb un\u00eb e di q\u00eb ai e di. Ai ishte me mua. Ai kishte dosjen\u201d, \u2013 ka deklaruar Baraybar. Baraybar tregon p\u00ebr nj\u00eb dosje q\u00eb i kishte r\u00ebn\u00eb n\u00eb dor\u00eb kur kish mb\u00ebrritur n\u00eb Kosov\u00eb, n\u00eb vitin 2002 dhe nj\u00eb burim, si\u00e7 thot\u00eb ai, i kishte dh\u00ebn\u00eb nj\u00eb dokument shum\u00eb t\u00eb sakt\u00eb t\u00eb \u201csht\u00ebpis\u00eb s\u00eb verdh\u00eb\u201d.<\/p>\n<p>Pas publikimit t\u00eb k\u00ebsaj interviste, n\u00eb nj\u00eb deklarat\u00eb p\u00ebr mediat, ministri i Brendsh\u00ebm, Lulzim Basha mohoi fort t\u00eb ket\u00eb qen\u00eb p\u00ebrkthyes i mjekut Baraybar, sepse gjat\u00eb vitit 2004 ka punuar p\u00ebr UNMIK-un n\u00eb Kosov\u00eb. \u201cDeklarata \u00ebsht\u00eb nj\u00eb g\u00ebnjesht\u00ebr e trash\u00eb, s\u2019kam qen\u00eb kurr\u00eb n\u00eb asnj\u00eb \u2018sht\u00ebpi t\u00eb verdh\u00eb\u2019, \u2013 tha ai. P\u00ebr ministrin Basha, raporti i Dick Marty nuk \u00ebsht\u00eb gj\u00eb tjet\u00ebr ve\u00e7se nj\u00eb ricklim i akuzave t\u00eb ishkryeprokurores s\u00eb Hag\u00ebs, Carla Del Ponte.<\/p>\n","protected":false},"excerpt":{"rendered":"<p>Tefik Gashi, nj\u00eb ish-an\u00ebtar i ekipit t\u00eb ekspert\u00ebve p\u00ebr skenat e krimeve t\u00eb luft\u00ebs n\u00eb Kosov\u00eb, t\u00eb drejtuar nga antropologu ligjor i OKB-s\u00eb, Jose Pablo Baraybar, deklaroi dje n\u00eb nj\u00eb prononcim p\u00ebr mediat se ministri Brendsh\u00ebm aktual, Lulzim Basha ka qen\u00eb p\u00ebrkthyes i Baraybar n\u00eb procesin q\u00eb u hap ndaj tij n\u00eb gjykat\u00ebn e Prishtin\u00ebs. [&hellip;]<\/p>\n","protected":false},"author":1,"featured_media":0,"comment_status":"open","ping_status":"closed","sticky":false,"template":"","format":"standard","meta":{"footnotes":""},"categories":[2],"tags":[],"class_list":{"0":"post-5480","1":"post","2":"type-post","3":"status-publish","4":"format-standard","6":"category-artikuj"},"yoast_head":"<!-- This site is optimized with the Yoast SEO plugin v27.4 - https:\/\/yoast.com\/product\/yoast-seo-wordpress\/ -->\n<title>Lul\u00ebzim Basha ka qen\u00eb zyrtarisht p\u00ebrkthyes p\u00ebr hetuesin e eshtrave - FjALA e LIR\u00cb - Arkivi<\/title>\n<meta name=\"robots\" content=\"index, follow, max-snippet:-1, max-image-preview:large, max-video-preview:-1\" \/>\n<link rel=\"canonical\" href=\"https:\/\/fjala.info\/2009-2015\/lulezim-basha-ka-qene-zyrtarisht-perkthyes-per-hetuesin-e-eshtrave\/\" \/>\n<meta property=\"og:locale\" content=\"sq_AL\" \/>\n<meta property=\"og:type\" content=\"article\" \/>\n<meta property=\"og:title\" content=\"Lul\u00ebzim Basha ka qen\u00eb zyrtarisht p\u00ebrkthyes p\u00ebr hetuesin e eshtrave - FjALA e LIR\u00cb - Arkivi\" \/>\n<meta property=\"og:description\" content=\"Tefik Gashi, nj\u00eb ish-an\u00ebtar i ekipit t\u00eb ekspert\u00ebve p\u00ebr skenat e krimeve t\u00eb luft\u00ebs n\u00eb Kosov\u00eb, t\u00eb drejtuar nga antropologu ligjor i OKB-s\u00eb, Jose Pablo Baraybar, deklaroi dje n\u00eb nj\u00eb prononcim p\u00ebr mediat se ministri Brendsh\u00ebm aktual, Lulzim Basha ka qen\u00eb p\u00ebrkthyes i Baraybar n\u00eb procesin q\u00eb u hap ndaj tij n\u00eb gjykat\u00ebn e Prishtin\u00ebs. [&hellip;]\" \/>\n<meta property=\"og:url\" content=\"https:\/\/fjala.info\/2009-2015\/lulezim-basha-ka-qene-zyrtarisht-perkthyes-per-hetuesin-e-eshtrave\/\" \/>\n<meta property=\"og:site_name\" content=\"FjALA e LIR\u00cb - Arkivi\" \/>\n<meta property=\"article:published_time\" content=\"2010-12-31T10:26:25+00:00\" \/>\n<meta property=\"og:image\" content=\"http:\/\/fjala.shkoder.net\/wp-content\/uploads\/2011\/01\/lul_basha_baraybar.jpg\" \/>\n<meta name=\"author\" content=\"admin\" \/>\n<meta name=\"twitter:card\" content=\"summary_large_image\" \/>\n<meta name=\"twitter:label1\" content=\"Written by\" \/>\n\t<meta name=\"twitter:data1\" content=\"admin\" \/>\n\t<meta name=\"twitter:label2\" content=\"Est. reading time\" \/>\n\t<meta name=\"twitter:data2\" content=\"3 minutes\" \/>\n<script type=\"application\/ld+json\" class=\"yoast-schema-graph\">{\"@context\":\"https:\\\/\\\/schema.org\",\"@graph\":[{\"@type\":\"Article\",\"@id\":\"https:\\\/\\\/fjala.info\\\/2009-2015\\\/lulezim-basha-ka-qene-zyrtarisht-perkthyes-per-hetuesin-e-eshtrave\\\/#article\",\"isPartOf\":{\"@id\":\"https:\\\/\\\/fjala.info\\\/2009-2015\\\/lulezim-basha-ka-qene-zyrtarisht-perkthyes-per-hetuesin-e-eshtrave\\\/\"},\"author\":{\"name\":\"admin\",\"@id\":\"https:\\\/\\\/fjala.info\\\/2009-2015\\\/#\\\/schema\\\/person\\\/3aa1163ef05469c496fc94e77611ada2\"},\"headline\":\"Lul\u00ebzim Basha ka qen\u00eb zyrtarisht p\u00ebrkthyes p\u00ebr hetuesin e eshtrave\",\"datePublished\":\"2010-12-31T10:26:25+00:00\",\"mainEntityOfPage\":{\"@id\":\"https:\\\/\\\/fjala.info\\\/2009-2015\\\/lulezim-basha-ka-qene-zyrtarisht-perkthyes-per-hetuesin-e-eshtrave\\\/\"},\"wordCount\":585,\"commentCount\":0,\"publisher\":{\"@id\":\"https:\\\/\\\/fjala.info\\\/2009-2015\\\/#organization\"},\"image\":{\"@id\":\"https:\\\/\\\/fjala.info\\\/2009-2015\\\/lulezim-basha-ka-qene-zyrtarisht-perkthyes-per-hetuesin-e-eshtrave\\\/#primaryimage\"},\"thumbnailUrl\":\"http:\\\/\\\/fjala.shkoder.net\\\/wp-content\\\/uploads\\\/2011\\\/01\\\/lul_basha_baraybar.jpg\",\"articleSection\":[\"Artikuj\"],\"inLanguage\":\"sq-AL\",\"potentialAction\":[{\"@type\":\"CommentAction\",\"name\":\"Comment\",\"target\":[\"https:\\\/\\\/fjala.info\\\/2009-2015\\\/lulezim-basha-ka-qene-zyrtarisht-perkthyes-per-hetuesin-e-eshtrave\\\/#respond\"]}]},{\"@type\":\"WebPage\",\"@id\":\"https:\\\/\\\/fjala.info\\\/2009-2015\\\/lulezim-basha-ka-qene-zyrtarisht-perkthyes-per-hetuesin-e-eshtrave\\\/\",\"url\":\"https:\\\/\\\/fjala.info\\\/2009-2015\\\/lulezim-basha-ka-qene-zyrtarisht-perkthyes-per-hetuesin-e-eshtrave\\\/\",\"name\":\"Lul\u00ebzim Basha ka qen\u00eb zyrtarisht p\u00ebrkthyes p\u00ebr hetuesin e eshtrave - FjALA e LIR\u00cb - Arkivi\",\"isPartOf\":{\"@id\":\"https:\\\/\\\/fjala.info\\\/2009-2015\\\/#website\"},\"primaryImageOfPage\":{\"@id\":\"https:\\\/\\\/fjala.info\\\/2009-2015\\\/lulezim-basha-ka-qene-zyrtarisht-perkthyes-per-hetuesin-e-eshtrave\\\/#primaryimage\"},\"image\":{\"@id\":\"https:\\\/\\\/fjala.info\\\/2009-2015\\\/lulezim-basha-ka-qene-zyrtarisht-perkthyes-per-hetuesin-e-eshtrave\\\/#primaryimage\"},\"thumbnailUrl\":\"http:\\\/\\\/fjala.shkoder.net\\\/wp-content\\\/uploads\\\/2011\\\/01\\\/lul_basha_baraybar.jpg\",\"datePublished\":\"2010-12-31T10:26:25+00:00\",\"breadcrumb\":{\"@id\":\"https:\\\/\\\/fjala.info\\\/2009-2015\\\/lulezim-basha-ka-qene-zyrtarisht-perkthyes-per-hetuesin-e-eshtrave\\\/#breadcrumb\"},\"inLanguage\":\"sq-AL\",\"potentialAction\":[{\"@type\":\"ReadAction\",\"target\":[\"https:\\\/\\\/fjala.info\\\/2009-2015\\\/lulezim-basha-ka-qene-zyrtarisht-perkthyes-per-hetuesin-e-eshtrave\\\/\"]}]},{\"@type\":\"ImageObject\",\"inLanguage\":\"sq-AL\",\"@id\":\"https:\\\/\\\/fjala.info\\\/2009-2015\\\/lulezim-basha-ka-qene-zyrtarisht-perkthyes-per-hetuesin-e-eshtrave\\\/#primaryimage\",\"url\":\"http:\\\/\\\/fjala.shkoder.net\\\/wp-content\\\/uploads\\\/2011\\\/01\\\/lul_basha_baraybar.jpg\",\"contentUrl\":\"http:\\\/\\\/fjala.shkoder.net\\\/wp-content\\\/uploads\\\/2011\\\/01\\\/lul_basha_baraybar.jpg\"},{\"@type\":\"BreadcrumbList\",\"@id\":\"https:\\\/\\\/fjala.info\\\/2009-2015\\\/lulezim-basha-ka-qene-zyrtarisht-perkthyes-per-hetuesin-e-eshtrave\\\/#breadcrumb\",\"itemListElement\":[{\"@type\":\"ListItem\",\"position\":1,\"name\":\"Home\",\"item\":\"https:\\\/\\\/fjala.info\\\/2009-2015\\\/\"},{\"@type\":\"ListItem\",\"position\":2,\"name\":\"Lul\u00ebzim Basha ka qen\u00eb zyrtarisht p\u00ebrkthyes p\u00ebr hetuesin e eshtrave\"}]},{\"@type\":\"WebSite\",\"@id\":\"https:\\\/\\\/fjala.info\\\/2009-2015\\\/#website\",\"url\":\"https:\\\/\\\/fjala.info\\\/2009-2015\\\/\",\"name\":\"FjALA e LIR\u00cb - Arkivi\",\"description\":\"Arkivi 2009-2015\",\"publisher\":{\"@id\":\"https:\\\/\\\/fjala.info\\\/2009-2015\\\/#organization\"},\"potentialAction\":[{\"@type\":\"SearchAction\",\"target\":{\"@type\":\"EntryPoint\",\"urlTemplate\":\"https:\\\/\\\/fjala.info\\\/2009-2015\\\/?s={search_term_string}\"},\"query-input\":{\"@type\":\"PropertyValueSpecification\",\"valueRequired\":true,\"valueName\":\"search_term_string\"}}],\"inLanguage\":\"sq-AL\"},{\"@type\":\"Organization\",\"@id\":\"https:\\\/\\\/fjala.info\\\/2009-2015\\\/#organization\",\"name\":\"FjALA e LIR\u00cb - Arkivi\",\"url\":\"https:\\\/\\\/fjala.info\\\/2009-2015\\\/\",\"logo\":{\"@type\":\"ImageObject\",\"inLanguage\":\"sq-AL\",\"@id\":\"https:\\\/\\\/fjala.info\\\/2009-2015\\\/#\\\/schema\\\/logo\\\/image\\\/\",\"url\":\"\",\"contentUrl\":\"\",\"caption\":\"FjALA e LIR\u00cb - Arkivi\"},\"image\":{\"@id\":\"https:\\\/\\\/fjala.info\\\/2009-2015\\\/#\\\/schema\\\/logo\\\/image\\\/\"}},{\"@type\":\"Person\",\"@id\":\"https:\\\/\\\/fjala.info\\\/2009-2015\\\/#\\\/schema\\\/person\\\/3aa1163ef05469c496fc94e77611ada2\",\"name\":\"admin\",\"image\":{\"@type\":\"ImageObject\",\"inLanguage\":\"sq-AL\",\"@id\":\"https:\\\/\\\/fjala.info\\\/2009-2015\\\/wp-content\\\/uploads\\\/2012\\\/02\\\/arben_cokaj-120x150.jpg\",\"url\":\"https:\\\/\\\/fjala.info\\\/2009-2015\\\/wp-content\\\/uploads\\\/2012\\\/02\\\/arben_cokaj-120x150.jpg\",\"contentUrl\":\"https:\\\/\\\/fjala.info\\\/2009-2015\\\/wp-content\\\/uploads\\\/2012\\\/02\\\/arben_cokaj-120x150.jpg\",\"caption\":\"admin\"},\"description\":\"Admin, Fjala e Lir\u00eb\",\"sameAs\":[\"https:\\\/\\\/fjala.info\\\/\"],\"url\":\"https:\\\/\\\/fjala.info\\\/2009-2015\\\/author\\\/admin\\\/\"}]}<\/script>\n<!-- \/ Yoast SEO plugin. -->","yoast_head_json":{"title":"Lul\u00ebzim Basha ka qen\u00eb zyrtarisht p\u00ebrkthyes p\u00ebr hetuesin e eshtrave - FjALA e LIR\u00cb - Arkivi","robots":{"index":"index","follow":"follow","max-snippet":"max-snippet:-1","max-image-preview":"max-image-preview:large","max-video-preview":"max-video-preview:-1"},"canonical":"https:\/\/fjala.info\/2009-2015\/lulezim-basha-ka-qene-zyrtarisht-perkthyes-per-hetuesin-e-eshtrave\/","og_locale":"sq_AL","og_type":"article","og_title":"Lul\u00ebzim Basha ka qen\u00eb zyrtarisht p\u00ebrkthyes p\u00ebr hetuesin e eshtrave - FjALA e LIR\u00cb - Arkivi","og_description":"Tefik Gashi, nj\u00eb ish-an\u00ebtar i ekipit t\u00eb ekspert\u00ebve p\u00ebr skenat e krimeve t\u00eb luft\u00ebs n\u00eb Kosov\u00eb, t\u00eb drejtuar nga antropologu ligjor i OKB-s\u00eb, Jose Pablo Baraybar, deklaroi dje n\u00eb nj\u00eb prononcim p\u00ebr mediat se ministri Brendsh\u00ebm aktual, Lulzim Basha ka qen\u00eb p\u00ebrkthyes i Baraybar n\u00eb procesin q\u00eb u hap ndaj tij n\u00eb gjykat\u00ebn e Prishtin\u00ebs. [&hellip;]","og_url":"https:\/\/fjala.info\/2009-2015\/lulezim-basha-ka-qene-zyrtarisht-perkthyes-per-hetuesin-e-eshtrave\/","og_site_name":"FjALA e LIR\u00cb - Arkivi","article_published_time":"2010-12-31T10:26:25+00:00","og_image":[{"url":"http:\/\/fjala.shkoder.net\/wp-content\/uploads\/2011\/01\/lul_basha_baraybar.jpg","type":"","width":"","height":""}],"author":"admin","twitter_card":"summary_large_image","twitter_misc":{"Written by":"admin","Est. reading time":"3 minutes"},"schema":{"@context":"https:\/\/schema.org","@graph":[{"@type":"Article","@id":"https:\/\/fjala.info\/2009-2015\/lulezim-basha-ka-qene-zyrtarisht-perkthyes-per-hetuesin-e-eshtrave\/#article","isPartOf":{"@id":"https:\/\/fjala.info\/2009-2015\/lulezim-basha-ka-qene-zyrtarisht-perkthyes-per-hetuesin-e-eshtrave\/"},"author":{"name":"admin","@id":"https:\/\/fjala.info\/2009-2015\/#\/schema\/person\/3aa1163ef05469c496fc94e77611ada2"},"headline":"Lul\u00ebzim Basha ka qen\u00eb zyrtarisht p\u00ebrkthyes p\u00ebr hetuesin e eshtrave","datePublished":"2010-12-31T10:26:25+00:00","mainEntityOfPage":{"@id":"https:\/\/fjala.info\/2009-2015\/lulezim-basha-ka-qene-zyrtarisht-perkthyes-per-hetuesin-e-eshtrave\/"},"wordCount":585,"commentCount":0,"publisher":{"@id":"https:\/\/fjala.info\/2009-2015\/#organization"},"image":{"@id":"https:\/\/fjala.info\/2009-2015\/lulezim-basha-ka-qene-zyrtarisht-perkthyes-per-hetuesin-e-eshtrave\/#primaryimage"},"thumbnailUrl":"http:\/\/fjala.shkoder.net\/wp-content\/uploads\/2011\/01\/lul_basha_baraybar.jpg","articleSection":["Artikuj"],"inLanguage":"sq-AL","potentialAction":[{"@type":"CommentAction","name":"Comment","target":["https:\/\/fjala.info\/2009-2015\/lulezim-basha-ka-qene-zyrtarisht-perkthyes-per-hetuesin-e-eshtrave\/#respond"]}]},{"@type":"WebPage","@id":"https:\/\/fjala.info\/2009-2015\/lulezim-basha-ka-qene-zyrtarisht-perkthyes-per-hetuesin-e-eshtrave\/","url":"https:\/\/fjala.info\/2009-2015\/lulezim-basha-ka-qene-zyrtarisht-perkthyes-per-hetuesin-e-eshtrave\/","name":"Lul\u00ebzim Basha ka qen\u00eb zyrtarisht p\u00ebrkthyes p\u00ebr hetuesin e eshtrave - FjALA e LIR\u00cb - Arkivi","isPartOf":{"@id":"https:\/\/fjala.info\/2009-2015\/#website"},"primaryImageOfPage":{"@id":"https:\/\/fjala.info\/2009-2015\/lulezim-basha-ka-qene-zyrtarisht-perkthyes-per-hetuesin-e-eshtrave\/#primaryimage"},"image":{"@id":"https:\/\/fjala.info\/2009-2015\/lulezim-basha-ka-qene-zyrtarisht-perkthyes-per-hetuesin-e-eshtrave\/#primaryimage"},"thumbnailUrl":"http:\/\/fjala.shkoder.net\/wp-content\/uploads\/2011\/01\/lul_basha_baraybar.jpg","datePublished":"2010-12-31T10:26:25+00:00","breadcrumb":{"@id":"https:\/\/fjala.info\/2009-2015\/lulezim-basha-ka-qene-zyrtarisht-perkthyes-per-hetuesin-e-eshtrave\/#breadcrumb"},"inLanguage":"sq-AL","potentialAction":[{"@type":"ReadAction","target":["https:\/\/fjala.info\/2009-2015\/lulezim-basha-ka-qene-zyrtarisht-perkthyes-per-hetuesin-e-eshtrave\/"]}]},{"@type":"ImageObject","inLanguage":"sq-AL","@id":"https:\/\/fjala.info\/2009-2015\/lulezim-basha-ka-qene-zyrtarisht-perkthyes-per-hetuesin-e-eshtrave\/#primaryimage","url":"http:\/\/fjala.shkoder.net\/wp-content\/uploads\/2011\/01\/lul_basha_baraybar.jpg","contentUrl":"http:\/\/fjala.shkoder.net\/wp-content\/uploads\/2011\/01\/lul_basha_baraybar.jpg"},{"@type":"BreadcrumbList","@id":"https:\/\/fjala.info\/2009-2015\/lulezim-basha-ka-qene-zyrtarisht-perkthyes-per-hetuesin-e-eshtrave\/#breadcrumb","itemListElement":[{"@type":"ListItem","position":1,"name":"Home","item":"https:\/\/fjala.info\/2009-2015\/"},{"@type":"ListItem","position":2,"name":"Lul\u00ebzim Basha ka qen\u00eb zyrtarisht p\u00ebrkthyes p\u00ebr hetuesin e eshtrave"}]},{"@type":"WebSite","@id":"https:\/\/fjala.info\/2009-2015\/#website","url":"https:\/\/fjala.info\/2009-2015\/","name":"FjALA e LIR\u00cb - Arkivi","description":"Arkivi 2009-2015","publisher":{"@id":"https:\/\/fjala.info\/2009-2015\/#organization"},"potentialAction":[{"@type":"SearchAction","target":{"@type":"EntryPoint","urlTemplate":"https:\/\/fjala.info\/2009-2015\/?s={search_term_string}"},"query-input":{"@type":"PropertyValueSpecification","valueRequired":true,"valueName":"search_term_string"}}],"inLanguage":"sq-AL"},{"@type":"Organization","@id":"https:\/\/fjala.info\/2009-2015\/#organization","name":"FjALA e LIR\u00cb - Arkivi","url":"https:\/\/fjala.info\/2009-2015\/","logo":{"@type":"ImageObject","inLanguage":"sq-AL","@id":"https:\/\/fjala.info\/2009-2015\/#\/schema\/logo\/image\/","url":"","contentUrl":"","caption":"FjALA e LIR\u00cb - Arkivi"},"image":{"@id":"https:\/\/fjala.info\/2009-2015\/#\/schema\/logo\/image\/"}},{"@type":"Person","@id":"https:\/\/fjala.info\/2009-2015\/#\/schema\/person\/3aa1163ef05469c496fc94e77611ada2","name":"admin","image":{"@type":"ImageObject","inLanguage":"sq-AL","@id":"https:\/\/fjala.info\/2009-2015\/wp-content\/uploads\/2012\/02\/arben_cokaj-120x150.jpg","url":"https:\/\/fjala.info\/2009-2015\/wp-content\/uploads\/2012\/02\/arben_cokaj-120x150.jpg","contentUrl":"https:\/\/fjala.info\/2009-2015\/wp-content\/uploads\/2012\/02\/arben_cokaj-120x150.jpg","caption":"admin"},"description":"Admin, Fjala e Lir\u00eb","sameAs":["https:\/\/fjala.info\/"],"url":"https:\/\/fjala.info\/2009-2015\/author\/admin\/"}]}},"_links":{"self":[{"href":"https:\/\/fjala.info\/2009-2015\/wp-json\/wp\/v2\/posts\/5480","targetHints":{"allow":["GET"]}}],"collection":[{"href":"https:\/\/fjala.info\/2009-2015\/wp-json\/wp\/v2\/posts"}],"about":[{"href":"https:\/\/fjala.info\/2009-2015\/wp-json\/wp\/v2\/types\/post"}],"author":[{"embeddable":true,"href":"https:\/\/fjala.info\/2009-2015\/wp-json\/wp\/v2\/users\/1"}],"replies":[{"embeddable":true,"href":"https:\/\/fjala.info\/2009-2015\/wp-json\/wp\/v2\/comments?post=5480"}],"version-history":[{"count":0,"href":"https:\/\/fjala.info\/2009-2015\/wp-json\/wp\/v2\/posts\/5480\/revisions"}],"wp:attachment":[{"href":"https:\/\/fjala.info\/2009-2015\/wp-json\/wp\/v2\/media?parent=5480"}],"wp:term":[{"taxonomy":"category","embeddable":true,"href":"https:\/\/fjala.info\/2009-2015\/wp-json\/wp\/v2\/categories?post=5480"},{"taxonomy":"post_tag","embeddable":true,"href":"https:\/\/fjala.info\/2009-2015\/wp-json\/wp\/v2\/tags?post=5480"}],"curies":[{"name":"wp","href":"https:\/\/api.w.org\/{rel}","templated":true}]}}