{"id":5475,"date":"2010-12-31T21:46:04","date_gmt":"2010-12-31T20:46:04","guid":{"rendered":"http:\/\/fjala.shkoder.net\/?p=5475"},"modified":"2010-12-31T21:46:04","modified_gmt":"2010-12-31T20:46:04","slug":"ata-qe-i-harroi-kosova","status":"publish","type":"post","link":"https:\/\/fjala.info\/2009-2015\/ata-qe-i-harroi-kosova\/","title":{"rendered":"Ata q\u00eb i harroi Kosova"},"content":{"rendered":"<p><img decoding=\"async\" class=\"alignleft size-full wp-image-4240\" title=\"Enver Robelli\" src=\"http:\/\/fjala.shkoder.net\/wp-content\/uploads\/2010\/10\/enver_robelli.jpg\" alt=\"\" width=\"150\" \/><\/p>\n<p><strong>Enver Robelli<\/strong><\/p>\n<p><em><strong>Jan\u00eb disa emra gazetar\u00ebsh dhe botuesish nga hap\u00ebsira gjermanofol\u00ebse dhe ballkanike, t\u00eb cil\u00ebt i dhan\u00eb hov ides\u00eb p\u00ebr \u00e7lirimin e Kosov\u00ebs. Por, Kosova e pavarur vazhdon t\u2019i injoroj\u00eb ata<\/strong><\/em><\/p>\n<p><strong>1. Llapjani i Beogradit<\/strong>.<\/p>\n<p>Di\u00e7ka e till\u00eb ndodh\u00eb shpesh n\u00eb Ballkan. Del n\u00eb qytet p\u00ebr t\u00eb kryer nj\u00eb apo disa pun\u00eb, por s\u2019e kryen asnj\u00eb, sepse \u2013 s\u00ebrish krejt rast\u00ebsisht \u2013 takon ndonj\u00eb koleg apo nj\u00eb p\u00ebrfaq\u00ebsues t\u00eb shoq\u00ebris\u00eb civile. Ose ndonj\u00eb autor. Dhe t\u00eb z\u00eb nata n\u00eb restorant. Sivjet n\u00eb pranver\u00eb, duke k\u00ebrkuar bashk\u00eb me kolegun Fahri Musliu nj\u00eb tavolin\u00eb n\u00eb oborrin e restorantit \u201eVuk\u201c n\u00eb Beograd, nj\u00eb njeri u ngrit n\u00eb k\u00ebmb\u00eb, na b\u00ebri vend pran\u00eb tij dhe p\u00ebr tri or\u00eb na arg\u00ebtoi me humor her\u00eb bizar, her\u00eb gjenial. Ishte Aleksander Tijaniqi, tash drejtor i Radiotelevizionit t\u00eb Serbis\u00eb, dikur kolumnist me nam n\u00eb gjith\u00eb Jugosllavin\u00eb, nj\u00eb njeri q\u00eb thot\u00eb: \u201eUn\u00eb jam llapjan, jam lindur n\u00eb Podujev\u00eb\u201c.<\/p>\n<p>Nj\u00eb person q\u00eb u b\u00ebrtiste me z\u00eb t\u00eb lart\u00eb kamerier\u00ebve, kur na harronin pa pije dhe ushqim. \u00cbsht\u00eb v\u00ebshtir\u00eb t\u00eb p\u00ebrshkruhet q\u00ebndrimi politik i Tijaniqit. T\u00eb thuhet se \u00ebsht\u00eb nacionalist ndoshta s\u2019\u00ebsht\u00eb gabim; t\u00eb thuhet se \u00ebsht\u00eb demokrat mbase \u00ebsht\u00eb teprim. Sidoqoft\u00eb, Tijaniqi \u00ebsht\u00eb nj\u00eb bashk\u00ebbisedues i hatash\u00ebm, nj\u00eb gazetar me dije t\u00eb gjer\u00eb dhe humor t\u00eb paharruesh\u00ebm. \u201eKush jan\u00eb fituesit e luft\u00ebrave n\u00eb ish-Jugosllavi?\u201c, pyeti Tijaniq derisa po notonte me lug\u00eb n\u00eb gullashin e tij. Dhe u p\u00ebrgjigj vet\u00eb menj\u00ebher\u00eb: \u201eFitues jan\u00eb shofer\u00ebt e kamion\u00ebve, karateist\u00ebt, truprojat\u201c. Pastaj tregoi se t\u00eb till\u00eb serb\u00eb kishte favorizuar Slobodan Milosheviqi n\u00eb Kroaci n\u00eb fillim t\u00eb viteve 90-t\u00eb.<\/p>\n<p>Dhe papritmas kaloi n\u00eb nj\u00eb tem\u00eb tjet\u00ebr: \u201eA \u00ebsht\u00eb Agim Zatriqi ende drejtor i Radiotelevizionit t\u00eb Kosov\u00ebs?\u201c \u201eJo\u201c, i thash\u00eb. Aty p\u00ebr aty Tijaniqi filloi t\u00eb mendoj\u00eb p\u00ebr nj\u00eb sabotazh. \u201eA nuk do t\u00eb ishte mir\u00eb sikur t\u00eb konkurroja un\u00eb p\u00ebr drejtor t\u00eb RTK-s\u00eb, fundja un\u00eb jam kosovar?\u201c Rr\u00ebfimin e vazhdoi me disa holl\u00ebsi t\u00eb tjera: \u201eMe Agimin kam qen\u00eb n\u00eb gjimnazin \u2018Ivo Lola Ribar\u2018 n\u00eb Prishtin\u00eb. Kjo \u00ebsht\u00eb shkolla e vetme n\u00eb bot\u00eb q\u00eb ka nxjerr\u00eb kat\u00ebr drejtor\u00eb televizioni. Mua. Dushan Miteviqin. Dragolub Milanoviqin. Dhe Agim Zatriqin. T\u00eb gjith\u00eb kemi qen\u00eb aty\u201c.<\/p>\n<p>Para se t\u00eb tregoj\u00eb historin\u00eb e radh\u00ebs Tijaniqin e mori n\u00eb telefon bashk\u00ebshortja, e cila e pyeti n\u00ebse kishte koh\u00eb n\u00eb mbr\u00ebmje t\u00eb shkonin n\u00eb teat\u00ebr. Papritmas e nd\u00ebrpreu: \u201e\u017deno, ne idem ja u pozori\u0161te, ja sam srbin\u201c (\u201eGrua, nuk shkoj n\u00eb teat\u00ebr, un\u00eb jam serb\u201c). Kujtimet e Tijaniqit pastaj u kthyen prapa n\u00eb vitet 70-t\u00eb dhe 80-t\u00eb, kur n\u00eb Beograd jetonin ose vinin shpesh gazetar\u00eb me nam. Mes tyre dallonte Viktor Meierin, korrespondentin p\u00ebr Evrop\u00ebn Juglindore t\u00eb gazet\u00ebs gjermane \u201eFrankfurter Allgemeine Zeitung\u201c. \u201eKur vinte Meieri n\u00eb Beograd dridhej qyteti dhe lajmi p\u00ebrhapej si rrufe\u201c, tregonte Tijaniqi.<\/p>\n<p><strong>2. Kalemi t\u2019u b\u00ebft\u00eb top!<\/strong><\/p>\n<p>Viktor Meier \u00ebsht\u00eb nj\u00ebri nd\u00ebr njoh\u00ebsit m\u00eb t\u00eb mir\u00eb t\u00eb historis\u00eb dhe zhvillimeve politike n\u00eb Ballkan n\u00eb shekullin 20-t\u00eb. Mes viteve 1956 dhe 1966 ai punoi korrespondent p\u00ebr Evrop\u00ebn lindore dhe juglindore p\u00ebr gazet\u00ebn zvicerane \u201eNeue Z\u00fcrcher Zeitung\u201c. Pas nj\u00eb pauze disavje\u00e7are ai nga viti 1975 deri n\u00eb fund t\u00eb vitit 1993 punoi korrespondent nga rajoni i Ballkanit p\u00ebr \u201eFrankfurter Allgemeine Zeitung\u201c.<\/p>\n<p>Ishte i pari korrespondent gjerman q\u00eb vizitoi Shqip\u00ebrin\u00eb e Enver Hoxh\u00ebs n\u00eb fillim t\u00eb viteve 80-t\u00eb. Sipas kujtimeve t\u00eb publicistit Ymer Minxhozi, i cili bashk\u00eb me Zef Mazin e kishte shoq\u00ebruar Meierin gjat\u00eb udh\u00ebtimeve n\u00ebp\u00ebr Shqip\u00ebri, gazetari gjerman interesohej jo vet\u00ebm p\u00ebr jet\u00ebn e njer\u00ebzve n\u00eb diktatur\u00ebn e Hoxh\u00ebs, por, mbi t\u00eb gjitha, p\u00ebr Kosov\u00ebn. Derisa n\u00eb Tepelen\u00eb Meier bashk\u00eb me Ymer Minxhozin dhe Zef Mazin, i cili tani \u00ebsht\u00eb ambasador i Shqip\u00ebris\u00eb n\u00eb Lond\u00ebr, po vizitonin memorialin e lordit Byron, atyre iu afrua nj\u00eb burr\u00eb me veshje gjysm\u00ebfshatare dhe pyeti:<\/p>\n<p>&#8211; Nga Tirana vini?<br \/>\n&#8211; Po, \u2013 i thot\u00eb Minxhozi.<br \/>\n&#8211; I huaj \u00ebsht\u00eb ky zot\u00ebria?<br \/>\n&#8211; Po, i huaj, \u00ebsht\u00eb gjerman.<br \/>\n&#8211; \u00cbh\u00eb\u2026<br \/>\n&#8211; \u00cbsht\u00eb gazetar, \u2013 vazhdoi Minxhozi. \u2013 \u00cbsht\u00eb Viktor Meieri, ai gazetari gjerman q\u00eb shkruan p\u00ebr Kosov\u00ebn.<br \/>\n&#8211; Aha, e njohim, e njohim. I thuaj zot\u00ebris\u00eb, kalemi t\u2018u b\u00ebft\u00eb top!<\/p>\n<p>Pra, edhe n\u00eb Tepelen\u00eb kishin d\u00ebgjuar p\u00ebr Viktor Meierin dhe p\u00ebr shkrimet e tij p\u00ebr Kosov\u00ebn. N\u00eb bised\u00eb me Minxhozin, Meier kishte deklaruar: \u201eKosova \u00ebsht\u00eb mish i huaj n\u00eb Jugosllavi. Kosova \u00ebsht\u00eb e vetmja nj\u00ebsi q\u00eb nuk ka asgj\u00eb t\u00eb p\u00ebrbashk\u00ebt me gjith\u00eb t\u00eb tjer\u00ebt n\u00eb at\u00eb shtet, ajo nuk ka asgj\u00eb t\u00eb p\u00ebrbashk\u00ebt me sllav\u00ebt, as gjuh\u00ebn, as traditat, as zakonet, as mentalitetin, as historin\u00eb, asgj\u00eb.<\/p>\n<p>Kosova p\u00ebrb\u00ebn t\u00eb vetmin element josllav n\u00eb Federat\u00eb dhe, her\u00ebt ose von\u00eb, pun\u00ebt duhet dhe do t\u00eb shkojn\u00eb drejt zgjidhjes p\u00ebrfundimtare: shk\u00ebputjes. Nuk ka asnj\u00eb m\u00ebnyr\u00eb tjet\u00ebr zgjidhjeje p\u00ebrfundimtare p\u00ebr Kosov\u00ebn, ve\u00e7se shk\u00ebputja nga sllav\u00ebt. Edhe shpallja e Kosov\u00ebs Republik\u00eb nuk e zgjidh problemin. Shqiptar\u00ebt jan\u00eb nj\u00eb popull krejt tjet\u00ebr, n\u00eb gjuh\u00eb, kultur\u00eb e zakone t\u00eb tjera. Jugosllavi do t\u00eb thot\u00eb sllav\u00ebt e jugut dhe jo sllav\u00eb e shqiptar\u00eb\u201c.<\/p>\n<p>N\u00eb vitin 1978 Meier erdhi n\u00eb Kosov\u00eb dhe p\u00ebrcolli kremtimet me rastin e 100-vjetorit t\u00eb Lidhjes s\u00eb Prizrenit. M\u00eb von\u00eb, n\u00eb vitet 80-t\u00eb, p\u00ebrshkroi dalldin\u00eb e nacionalizmit serb n\u00eb Kosov\u00eb, ku filloi shp\u00ebrb\u00ebrja e Jugosllavis\u00eb. Kur Milosheviqi hapur shpalli synimin e tij p\u00ebr krijimin e Serbis\u00eb s\u00eb Madhe, Meier ishte z\u00ebdh\u00ebn\u00ebsi m\u00eb i besuesh\u00ebm i ides\u00eb se Sllovenia dhe Kroacia duhet t\u00eb pavar\u00ebsohen. Nga mesi i viteve 90-t\u00eb shkroi nj\u00eb lib\u00ebr voluminoz mbi shkat\u00ebrrimin e Jugosllavis\u00eb, mandej, pas luft\u00ebs s\u00eb Kosov\u00ebs, k\u00ebsaj vepre ia shtoi edhe nj\u00eb tjet\u00ebr, ku b\u00ebnte nj\u00eb bilanc t\u00eb mpreht\u00eb mbi pasojat e konfliktit dhe k\u00ebrkonte q\u00eb sa m\u00eb shpejt t\u00eb zgjidhej statusi i Kosov\u00ebs. \u00cbsht\u00eb e pamundshme q\u00eb k\u00ebtu t\u00eb p\u00ebrmendet s\u00eb paku \u00e7ereku i teksteve t\u00eb tij, ku ai denonconte me argumente politik\u00ebn agresive serbe ndaj Kosov\u00ebs. Pas pensionimit ai ishte nj\u00eb bashk\u00ebbisedues, idedh\u00ebn\u00ebs dhe k\u00ebshilltar i \u00e7muar i kryeministrit n\u00eb ekzil Bujar Bukoshi.<\/p>\n<p>Meier njihej personalisht me t\u00eb gjith\u00eb protagonist\u00ebt e politik\u00ebs n\u00eb Jugosllavi. Universiteti i Zagrebit e ka shpallur doktor nderi. N\u00eb Serbi ka t\u00eb till\u00eb q\u00eb e mallkojn\u00eb p\u00ebr shkak t\u00eb angazhimit t\u00eb tij n\u00eb favor t\u00eb pavar\u00ebsis\u00eb s\u00eb nj\u00ebsive t\u00eb Federat\u00ebs jugosllave. N\u00eb Kosov\u00eb e kan\u00eb harruar Viktor Meierin. President\u00eb e kryeministra t\u00eb k\u00ebtij vendi n\u00eb dhjet\u00eb vitet e fundit kan\u00eb shp\u00ebrndar\u00eb mir\u00ebnjohje e dekorata madje edhe p\u00ebr heronj t\u00eb lagjes, por asnj\u00eb nderim s\u2019iu b\u00eb Viktor Meierit, i cili me shkrimet e tij i dha hov t\u00eb madh ides\u00eb p\u00ebr \u00e7lirimin e Kosov\u00ebs.<\/p>\n<p><strong>3. N\u00eb luginat e Ballkanit<\/strong>.<\/p>\n<p>Pas pensionimit t\u00eb Viktor Meierit n\u00eb postin e korrespondentit p\u00ebr Ballkan u caktua Matthias R\u00fcb. Gjat\u00eb konfliktit t\u00eb Kosov\u00ebs ka qen\u00eb e pamundshme q\u00eb t\u00eb hapet \u201eFrankfurter Allgemeine Zeitung\u201c dhe t\u00eb mos gjendet nj\u00eb artikull me shkurtes\u00ebn \u201er\u00fcb.\u201c Mbi zhvillimet n\u00eb rajon. R\u00fcb \u00ebsht\u00eb nj\u00eb shkrues brilant dhe nj\u00eb shofer q\u00eb me shpejt\u00ebsi i kalonte t\u00eb gjitha kodrat dhe luginat e Ballkanit. Ishte n\u00eb Kosov\u00eb kur milic\u00ebt e Serbis\u00eb terrorizonin popullsin\u00eb shqiptare, ishte n\u00eb Maqedoni kur shp\u00ebrtheu kryengritja shqiptare, ishte n\u00eb Tiran\u00eb kur n\u00eb vitin 1997 Shqip\u00ebria e fundos n\u00ebn piramidat financiare.<\/p>\n<p>Erdhi n\u00eb Krush\u00eb t\u00eb Madhe dhe p\u00ebrshkroi me holl\u00ebsi rr\u00ebqeth\u00ebse masakr\u00ebn e forcave serbe. Pas luft\u00ebs, kur dy gazetar\u00eb t\u00eb pap\u00ebrgjegjsh\u00ebm t\u00eb televizionit gjerman WDR, sajuan nj\u00eb film skandaloz p\u00ebr sulmet e NATO-s kund\u00ebr Serbis\u00eb, R\u00fcb e demontoi t\u00ebr\u00ebsisht dhe me argumente propagand\u00ebn nga K\u00f6lni, ku gjendet selia e WDR. R\u00fcb akuzonte autor\u00ebt e filmit se i jan\u00eb qasur tem\u00ebs me paragjykime, pa dije dhe me q\u00ebllime t\u00eb k\u00ebqija, gjithnj\u00eb me synimin se tani do t\u2019ia p\u00ebrplasin publikut gjoja t\u00eb v\u00ebrtet\u00ebn. R\u00fcb protestonte kund\u00ebr gazetaris\u00eb me bulldozher, e cila synon marr\u00ebzisht t\u00eb rr\u00ebzoj\u00eb t\u00eb gjitha shkrimet e atyre q\u00eb konfliktin e Kosov\u00ebs e p\u00ebrshkruan nga vendi i ngjarjes. Jan\u00eb b\u00ebr\u00eb gati dhjet\u00eb vite prej se Matthias R\u00fcb \u00ebsht\u00eb korrespondenti i \u201eFrankfurter Allgemeine Zeitung\u201c nga Washingtoni.<\/p>\n<p>N\u00eb Kosov\u00eb e kan\u00eb harruar edhe k\u00ebt\u00eb gazetar, q\u00eb i b\u00ebri jehon\u00eb luft\u00ebs p\u00ebr liri. Pas luft\u00ebs n\u00eb Kosov\u00eb u takuam n\u00eb Tiran\u00eb, pastaj vajt\u00ebm n\u00eb Durr\u00ebs. Qyteti bregdetar ishte ende deri-diku i ruajtur. Duke e shikuar plazhin pyet\u00ebm veten si do t\u00eb duket ky vend pas nj\u00eb dekade. Ndoshta sikur Rripi i Gaz\u00ebs, nj\u00eb lloj burgu i hapur me arkitektur\u00eb bizare, thash\u00eb me humor. Ky parashikim u b\u00eb i v\u00ebrtet\u00eb, sepse shum\u00eb shqiptar\u00eb nuk kan\u00eb asnj\u00eb p\u00ebrgjegj\u00ebsi p\u00ebr ambientin. Sot Durr\u00ebsi \u00ebsht\u00eb nj\u00eb mo\u00e7al me pamje nga deti.<\/p>\n<p><strong>4. Republik\u00eb!<\/strong><\/p>\n<p>M\u00eb pak se nj\u00eb muaj pas vrasjes s\u00eb Adem Jasharit dhe familjes s\u00eb tij n\u00eb gazet\u00ebn \u201eTages Anzeiger\u201c t\u00eb Z\u00fcrichut Peter F\u00fcrst shkruante se zgjidhja e vetme p\u00ebr Kosov\u00ebn ishte avancimi i statusit t\u00eb saj n\u00eb Republik\u00eb. \u201eN\u00ebse Per\u00ebndimi nuk merr kuraj\u00ebn t\u00eb k\u00ebrkoj\u00eb me ngulm k\u00ebt\u00eb koncept, at\u00ebher\u00eb n\u00eb Ballkan k\u00ebrc\u00ebnon p\u00ebrs\u00ebritja e historis\u00eb tragjike. Ashtu si n\u00eb Kroaci dhe Bosnj\u00eb hendeku mes grupeve etnike do t\u00eb rritet vazhdimisht dhe do t\u00eb \u00e7oj\u00eb n\u00eb mobilizimin e masave popullore. Ky \u00ebsht\u00eb nj\u00eb truall i frytsh\u00ebm p\u00ebr provokime, dhun\u00eb dhe fanatiz\u00ebm, t\u00eb cilat mund t\u00eb g\u00ebrryejn\u00eb nj\u00eb marr\u00ebveshje t\u00eb mundshme. (\u2026) Nd\u00ebrkoh\u00eb edhe shqiptar\u00ebt, t\u00eb cil\u00ebt kan\u00eb q\u00ebndruar t\u00eb qen\u00eb p\u00ebrkund\u00ebr shtypjes, kan\u00eb interes p\u00ebr eskalim t\u00eb situat\u00ebs.<\/p>\n<p>Sepse n\u00ebse rrin\u00eb t\u00eb qet\u00eb, at\u00ebher\u00eb kjo tem\u00eb do t\u00eb zhduket shpejt nga agjenda e diplomacis\u00eb nd\u00ebrkomb\u00ebtare. Prandaj ata do t\u00eb b\u00ebjn\u00eb gjith\u00e7ka q\u00eb problemi i tyre t\u00eb b\u00ebhet problem p\u00ebr gjith\u00eb bot\u00ebn\u201c, shkruante F\u00fcrst m\u00eb 28 mars 1998, rrafsh n\u00ebnt\u00eb vjet pasi Milosheviqi ia kishte hequr autonomin\u00eb Kosov\u00ebs. P\u00ebr shkrime t\u00eb tilla dhe komente t\u00eb tjera kritike kund\u00ebr shovinizmit serb autoritetet e Beogradit e pat\u00ebn shpallur Peter F\u00fcrst \u201epersona non grata\u201c. Me vite t\u00eb t\u00ebra nuk iu lejua hyrja n\u00eb Serbi. Por, edhe Kosova n\u00eb nj\u00eb m\u00ebnyr\u00eb ia mbylli dyert, sepse s\u2019e nderoi kurr\u00eb. Kroacia veproi ndryshe. N\u00eb Kroaci s\u2019i harrojn\u00eb ata q\u00eb ndihmuan n\u00eb \u00e7lirimin dhe pavar\u00ebsimin e vendit.<\/p>\n<p><strong>5. Nj\u00eb konvoj p\u00ebr Kosov\u00ebn<\/strong>.<\/p>\n<p>P\u00ebr pothuaj t\u00eb gjith\u00eb gazetar\u00ebt e hap\u00ebsir\u00ebs gjermanofol\u00ebse emri i Nenad Popoviqit \u00ebsht\u00eb shum\u00eb mir\u00eb i njohur. Sht\u00ebpia e tij botuese Durieux n\u00eb Zagreb \u00ebsht\u00eb adresa e par\u00eb p\u00ebr t\u00eb gjith\u00eb ata q\u00eb jan\u00eb t\u00eb interesuar t\u00eb d\u00ebgjojn\u00eb analiza dhe mendime lucide p\u00ebr zhvillimet n\u00eb rajon. Dhe m\u00eb e mira n\u00eb k\u00ebt\u00eb sht\u00ebpie \u00ebsht\u00eb se Popoviq, me nj\u00eb gjermanishte brilante, di t\u2019i ilustroj\u00eb analizat e tij me humor t\u00eb men\u00e7ur.<\/p>\n<p>Kur t\u00eb tjer\u00ebt luftonin dhe pozonin me thika p\u00ebr mediat e huaja Popoviq themeloi sht\u00ebpin\u00eb botuese Durieux, e cila u b\u00eb vat\u00ebr e shk\u00ebmbimeve kulturore mes cop\u00ebzave t\u00eb shk\u00ebputura t\u00eb ish-Jugosllavis\u00eb. Ai botoi libra t\u00eb autor\u00ebve opozitar\u00eb serb\u00eb dhe kroat\u00eb, nd\u00ebrmjet\u00ebsoi kontakte n\u00eb bot\u00ebn e jashtme, i b\u00ebri t\u00eb njohur jo vet\u00ebm n\u00eb Gjermani, Austri e Zvic\u00ebr. \u201eJugosllavia ka qen\u00eb nj\u00eb vend i bukur, por nj\u00eb shtet idiotik\u201c, thot\u00eb Popoviq shpesh. P\u00ebr k\u00ebt\u00eb arsye ai angazhohet q\u00eb s\u00eb paku t\u00eb ruhet bashk\u00ebpunimi kulturor.<\/p>\n<p>Nenadi, si\u00e7 e th\u00ebrrasin t\u00eb gjith\u00eb, nuk \u00ebsht\u00eb vet\u00ebm botues, por edhe aktivist i paqes. N\u00eb Kroaci qarqet nacionaliste e kan\u00eb atakuar shpesh, sepse e kritikonte jo vet\u00ebm politik\u00ebn e Serbis\u00eb n\u00eb Bosnj\u00eb, por edhe rolin e Franjo Tugjmanit, i cili \u00ebnd\u00ebrronte t\u00eb shk\u00ebpuste Hercegovin\u00ebn dhe t\u2019ia bashk\u00ebngjiste Kroacis\u00eb. Gjat\u00eb rrethimit t\u00eb Sarajev\u00ebs Popoviq u angazhua shum\u00eb p\u00ebr banor\u00ebt e kryeqytetit boshnjak \u2013 dhe n\u00eb vitin 2000 u shpall qytetar nderi i Sarajev\u00ebs. Kur shp\u00ebrtheu lufta n\u00eb Kosov\u00eb, Popoviq organizoi nj\u00eb konvoj me ndihma p\u00ebr refugjat\u00ebt e Kosov\u00ebs n\u00eb Mal t\u00eb Zi. Kosova do t\u2019i b\u00ebnte nder vetit sikur k\u00ebt\u00eb intelektual kroat ta shp\u00ebrblente me nj\u00eb \u00e7mim meritor.<\/p>\n","protected":false},"excerpt":{"rendered":"<p>Enver Robelli Jan\u00eb disa emra gazetar\u00ebsh dhe botuesish nga hap\u00ebsira gjermanofol\u00ebse dhe ballkanike, t\u00eb cil\u00ebt i dhan\u00eb hov ides\u00eb p\u00ebr \u00e7lirimin e Kosov\u00ebs. Por, Kosova e pavarur vazhdon t\u2019i injoroj\u00eb ata 1. Llapjani i Beogradit. Di\u00e7ka e till\u00eb ndodh\u00eb shpesh n\u00eb Ballkan. Del n\u00eb qytet p\u00ebr t\u00eb kryer nj\u00eb apo disa pun\u00eb, por s\u2019e kryen [&hellip;]<\/p>\n","protected":false},"author":1,"featured_media":0,"comment_status":"open","ping_status":"closed","sticky":false,"template":"","format":"standard","meta":{"footnotes":""},"categories":[2],"tags":[],"class_list":{"0":"post-5475","1":"post","2":"type-post","3":"status-publish","4":"format-standard","6":"category-artikuj"},"yoast_head":"<!-- This site is optimized with the Yoast SEO plugin v27.4 - https:\/\/yoast.com\/product\/yoast-seo-wordpress\/ -->\n<title>Ata q\u00eb i harroi Kosova - FjALA e LIR\u00cb - Arkivi<\/title>\n<meta name=\"robots\" content=\"index, follow, max-snippet:-1, max-image-preview:large, max-video-preview:-1\" \/>\n<link rel=\"canonical\" href=\"https:\/\/fjala.info\/2009-2015\/ata-qe-i-harroi-kosova\/\" \/>\n<meta property=\"og:locale\" content=\"sq_AL\" \/>\n<meta property=\"og:type\" content=\"article\" \/>\n<meta property=\"og:title\" content=\"Ata q\u00eb i harroi Kosova - FjALA e LIR\u00cb - Arkivi\" \/>\n<meta property=\"og:description\" content=\"Enver Robelli Jan\u00eb disa emra gazetar\u00ebsh dhe botuesish nga hap\u00ebsira gjermanofol\u00ebse dhe ballkanike, t\u00eb cil\u00ebt i dhan\u00eb hov ides\u00eb p\u00ebr \u00e7lirimin e Kosov\u00ebs. Por, Kosova e pavarur vazhdon t\u2019i injoroj\u00eb ata 1. Llapjani i Beogradit. Di\u00e7ka e till\u00eb ndodh\u00eb shpesh n\u00eb Ballkan. Del n\u00eb qytet p\u00ebr t\u00eb kryer nj\u00eb apo disa pun\u00eb, por s\u2019e kryen [&hellip;]\" \/>\n<meta property=\"og:url\" content=\"https:\/\/fjala.info\/2009-2015\/ata-qe-i-harroi-kosova\/\" \/>\n<meta property=\"og:site_name\" content=\"FjALA e LIR\u00cb - Arkivi\" \/>\n<meta property=\"article:published_time\" content=\"2010-12-31T20:46:04+00:00\" \/>\n<meta property=\"og:image\" content=\"http:\/\/fjala.shkoder.net\/wp-content\/uploads\/2010\/10\/enver_robelli.jpg\" \/>\n<meta name=\"author\" content=\"admin\" \/>\n<meta name=\"twitter:card\" content=\"summary_large_image\" \/>\n<meta name=\"twitter:label1\" content=\"Written by\" \/>\n\t<meta name=\"twitter:data1\" content=\"admin\" \/>\n\t<meta name=\"twitter:label2\" content=\"Est. reading time\" \/>\n\t<meta name=\"twitter:data2\" content=\"11 minutes\" \/>\n<script type=\"application\/ld+json\" class=\"yoast-schema-graph\">{\"@context\":\"https:\\\/\\\/schema.org\",\"@graph\":[{\"@type\":\"Article\",\"@id\":\"https:\\\/\\\/fjala.info\\\/2009-2015\\\/ata-qe-i-harroi-kosova\\\/#article\",\"isPartOf\":{\"@id\":\"https:\\\/\\\/fjala.info\\\/2009-2015\\\/ata-qe-i-harroi-kosova\\\/\"},\"author\":{\"name\":\"admin\",\"@id\":\"https:\\\/\\\/fjala.info\\\/2009-2015\\\/#\\\/schema\\\/person\\\/3aa1163ef05469c496fc94e77611ada2\"},\"headline\":\"Ata q\u00eb i harroi Kosova\",\"datePublished\":\"2010-12-31T20:46:04+00:00\",\"mainEntityOfPage\":{\"@id\":\"https:\\\/\\\/fjala.info\\\/2009-2015\\\/ata-qe-i-harroi-kosova\\\/\"},\"wordCount\":2149,\"commentCount\":0,\"publisher\":{\"@id\":\"https:\\\/\\\/fjala.info\\\/2009-2015\\\/#organization\"},\"image\":{\"@id\":\"https:\\\/\\\/fjala.info\\\/2009-2015\\\/ata-qe-i-harroi-kosova\\\/#primaryimage\"},\"thumbnailUrl\":\"http:\\\/\\\/fjala.shkoder.net\\\/wp-content\\\/uploads\\\/2010\\\/10\\\/enver_robelli.jpg\",\"articleSection\":[\"Artikuj\"],\"inLanguage\":\"sq-AL\",\"potentialAction\":[{\"@type\":\"CommentAction\",\"name\":\"Comment\",\"target\":[\"https:\\\/\\\/fjala.info\\\/2009-2015\\\/ata-qe-i-harroi-kosova\\\/#respond\"]}]},{\"@type\":\"WebPage\",\"@id\":\"https:\\\/\\\/fjala.info\\\/2009-2015\\\/ata-qe-i-harroi-kosova\\\/\",\"url\":\"https:\\\/\\\/fjala.info\\\/2009-2015\\\/ata-qe-i-harroi-kosova\\\/\",\"name\":\"Ata q\u00eb i harroi Kosova - FjALA e LIR\u00cb - Arkivi\",\"isPartOf\":{\"@id\":\"https:\\\/\\\/fjala.info\\\/2009-2015\\\/#website\"},\"primaryImageOfPage\":{\"@id\":\"https:\\\/\\\/fjala.info\\\/2009-2015\\\/ata-qe-i-harroi-kosova\\\/#primaryimage\"},\"image\":{\"@id\":\"https:\\\/\\\/fjala.info\\\/2009-2015\\\/ata-qe-i-harroi-kosova\\\/#primaryimage\"},\"thumbnailUrl\":\"http:\\\/\\\/fjala.shkoder.net\\\/wp-content\\\/uploads\\\/2010\\\/10\\\/enver_robelli.jpg\",\"datePublished\":\"2010-12-31T20:46:04+00:00\",\"breadcrumb\":{\"@id\":\"https:\\\/\\\/fjala.info\\\/2009-2015\\\/ata-qe-i-harroi-kosova\\\/#breadcrumb\"},\"inLanguage\":\"sq-AL\",\"potentialAction\":[{\"@type\":\"ReadAction\",\"target\":[\"https:\\\/\\\/fjala.info\\\/2009-2015\\\/ata-qe-i-harroi-kosova\\\/\"]}]},{\"@type\":\"ImageObject\",\"inLanguage\":\"sq-AL\",\"@id\":\"https:\\\/\\\/fjala.info\\\/2009-2015\\\/ata-qe-i-harroi-kosova\\\/#primaryimage\",\"url\":\"http:\\\/\\\/fjala.shkoder.net\\\/wp-content\\\/uploads\\\/2010\\\/10\\\/enver_robelli.jpg\",\"contentUrl\":\"http:\\\/\\\/fjala.shkoder.net\\\/wp-content\\\/uploads\\\/2010\\\/10\\\/enver_robelli.jpg\"},{\"@type\":\"BreadcrumbList\",\"@id\":\"https:\\\/\\\/fjala.info\\\/2009-2015\\\/ata-qe-i-harroi-kosova\\\/#breadcrumb\",\"itemListElement\":[{\"@type\":\"ListItem\",\"position\":1,\"name\":\"Home\",\"item\":\"https:\\\/\\\/fjala.info\\\/2009-2015\\\/\"},{\"@type\":\"ListItem\",\"position\":2,\"name\":\"Ata q\u00eb i harroi Kosova\"}]},{\"@type\":\"WebSite\",\"@id\":\"https:\\\/\\\/fjala.info\\\/2009-2015\\\/#website\",\"url\":\"https:\\\/\\\/fjala.info\\\/2009-2015\\\/\",\"name\":\"FjALA e LIR\u00cb - Arkivi\",\"description\":\"Arkivi 2009-2015\",\"publisher\":{\"@id\":\"https:\\\/\\\/fjala.info\\\/2009-2015\\\/#organization\"},\"potentialAction\":[{\"@type\":\"SearchAction\",\"target\":{\"@type\":\"EntryPoint\",\"urlTemplate\":\"https:\\\/\\\/fjala.info\\\/2009-2015\\\/?s={search_term_string}\"},\"query-input\":{\"@type\":\"PropertyValueSpecification\",\"valueRequired\":true,\"valueName\":\"search_term_string\"}}],\"inLanguage\":\"sq-AL\"},{\"@type\":\"Organization\",\"@id\":\"https:\\\/\\\/fjala.info\\\/2009-2015\\\/#organization\",\"name\":\"FjALA e LIR\u00cb - Arkivi\",\"url\":\"https:\\\/\\\/fjala.info\\\/2009-2015\\\/\",\"logo\":{\"@type\":\"ImageObject\",\"inLanguage\":\"sq-AL\",\"@id\":\"https:\\\/\\\/fjala.info\\\/2009-2015\\\/#\\\/schema\\\/logo\\\/image\\\/\",\"url\":\"\",\"contentUrl\":\"\",\"caption\":\"FjALA e LIR\u00cb - Arkivi\"},\"image\":{\"@id\":\"https:\\\/\\\/fjala.info\\\/2009-2015\\\/#\\\/schema\\\/logo\\\/image\\\/\"}},{\"@type\":\"Person\",\"@id\":\"https:\\\/\\\/fjala.info\\\/2009-2015\\\/#\\\/schema\\\/person\\\/3aa1163ef05469c496fc94e77611ada2\",\"name\":\"admin\",\"image\":{\"@type\":\"ImageObject\",\"inLanguage\":\"sq-AL\",\"@id\":\"https:\\\/\\\/fjala.info\\\/2009-2015\\\/wp-content\\\/uploads\\\/2012\\\/02\\\/arben_cokaj-120x150.jpg\",\"url\":\"https:\\\/\\\/fjala.info\\\/2009-2015\\\/wp-content\\\/uploads\\\/2012\\\/02\\\/arben_cokaj-120x150.jpg\",\"contentUrl\":\"https:\\\/\\\/fjala.info\\\/2009-2015\\\/wp-content\\\/uploads\\\/2012\\\/02\\\/arben_cokaj-120x150.jpg\",\"caption\":\"admin\"},\"description\":\"Admin, Fjala e Lir\u00eb\",\"sameAs\":[\"https:\\\/\\\/fjala.info\\\/\"],\"url\":\"https:\\\/\\\/fjala.info\\\/2009-2015\\\/author\\\/admin\\\/\"}]}<\/script>\n<!-- \/ Yoast SEO plugin. -->","yoast_head_json":{"title":"Ata q\u00eb i harroi Kosova - FjALA e LIR\u00cb - Arkivi","robots":{"index":"index","follow":"follow","max-snippet":"max-snippet:-1","max-image-preview":"max-image-preview:large","max-video-preview":"max-video-preview:-1"},"canonical":"https:\/\/fjala.info\/2009-2015\/ata-qe-i-harroi-kosova\/","og_locale":"sq_AL","og_type":"article","og_title":"Ata q\u00eb i harroi Kosova - FjALA e LIR\u00cb - Arkivi","og_description":"Enver Robelli Jan\u00eb disa emra gazetar\u00ebsh dhe botuesish nga hap\u00ebsira gjermanofol\u00ebse dhe ballkanike, t\u00eb cil\u00ebt i dhan\u00eb hov ides\u00eb p\u00ebr \u00e7lirimin e Kosov\u00ebs. Por, Kosova e pavarur vazhdon t\u2019i injoroj\u00eb ata 1. Llapjani i Beogradit. Di\u00e7ka e till\u00eb ndodh\u00eb shpesh n\u00eb Ballkan. Del n\u00eb qytet p\u00ebr t\u00eb kryer nj\u00eb apo disa pun\u00eb, por s\u2019e kryen [&hellip;]","og_url":"https:\/\/fjala.info\/2009-2015\/ata-qe-i-harroi-kosova\/","og_site_name":"FjALA e LIR\u00cb - Arkivi","article_published_time":"2010-12-31T20:46:04+00:00","og_image":[{"url":"http:\/\/fjala.shkoder.net\/wp-content\/uploads\/2010\/10\/enver_robelli.jpg","type":"","width":"","height":""}],"author":"admin","twitter_card":"summary_large_image","twitter_misc":{"Written by":"admin","Est. reading time":"11 minutes"},"schema":{"@context":"https:\/\/schema.org","@graph":[{"@type":"Article","@id":"https:\/\/fjala.info\/2009-2015\/ata-qe-i-harroi-kosova\/#article","isPartOf":{"@id":"https:\/\/fjala.info\/2009-2015\/ata-qe-i-harroi-kosova\/"},"author":{"name":"admin","@id":"https:\/\/fjala.info\/2009-2015\/#\/schema\/person\/3aa1163ef05469c496fc94e77611ada2"},"headline":"Ata q\u00eb i harroi Kosova","datePublished":"2010-12-31T20:46:04+00:00","mainEntityOfPage":{"@id":"https:\/\/fjala.info\/2009-2015\/ata-qe-i-harroi-kosova\/"},"wordCount":2149,"commentCount":0,"publisher":{"@id":"https:\/\/fjala.info\/2009-2015\/#organization"},"image":{"@id":"https:\/\/fjala.info\/2009-2015\/ata-qe-i-harroi-kosova\/#primaryimage"},"thumbnailUrl":"http:\/\/fjala.shkoder.net\/wp-content\/uploads\/2010\/10\/enver_robelli.jpg","articleSection":["Artikuj"],"inLanguage":"sq-AL","potentialAction":[{"@type":"CommentAction","name":"Comment","target":["https:\/\/fjala.info\/2009-2015\/ata-qe-i-harroi-kosova\/#respond"]}]},{"@type":"WebPage","@id":"https:\/\/fjala.info\/2009-2015\/ata-qe-i-harroi-kosova\/","url":"https:\/\/fjala.info\/2009-2015\/ata-qe-i-harroi-kosova\/","name":"Ata q\u00eb i harroi Kosova - FjALA e LIR\u00cb - Arkivi","isPartOf":{"@id":"https:\/\/fjala.info\/2009-2015\/#website"},"primaryImageOfPage":{"@id":"https:\/\/fjala.info\/2009-2015\/ata-qe-i-harroi-kosova\/#primaryimage"},"image":{"@id":"https:\/\/fjala.info\/2009-2015\/ata-qe-i-harroi-kosova\/#primaryimage"},"thumbnailUrl":"http:\/\/fjala.shkoder.net\/wp-content\/uploads\/2010\/10\/enver_robelli.jpg","datePublished":"2010-12-31T20:46:04+00:00","breadcrumb":{"@id":"https:\/\/fjala.info\/2009-2015\/ata-qe-i-harroi-kosova\/#breadcrumb"},"inLanguage":"sq-AL","potentialAction":[{"@type":"ReadAction","target":["https:\/\/fjala.info\/2009-2015\/ata-qe-i-harroi-kosova\/"]}]},{"@type":"ImageObject","inLanguage":"sq-AL","@id":"https:\/\/fjala.info\/2009-2015\/ata-qe-i-harroi-kosova\/#primaryimage","url":"http:\/\/fjala.shkoder.net\/wp-content\/uploads\/2010\/10\/enver_robelli.jpg","contentUrl":"http:\/\/fjala.shkoder.net\/wp-content\/uploads\/2010\/10\/enver_robelli.jpg"},{"@type":"BreadcrumbList","@id":"https:\/\/fjala.info\/2009-2015\/ata-qe-i-harroi-kosova\/#breadcrumb","itemListElement":[{"@type":"ListItem","position":1,"name":"Home","item":"https:\/\/fjala.info\/2009-2015\/"},{"@type":"ListItem","position":2,"name":"Ata q\u00eb i harroi Kosova"}]},{"@type":"WebSite","@id":"https:\/\/fjala.info\/2009-2015\/#website","url":"https:\/\/fjala.info\/2009-2015\/","name":"FjALA e LIR\u00cb - Arkivi","description":"Arkivi 2009-2015","publisher":{"@id":"https:\/\/fjala.info\/2009-2015\/#organization"},"potentialAction":[{"@type":"SearchAction","target":{"@type":"EntryPoint","urlTemplate":"https:\/\/fjala.info\/2009-2015\/?s={search_term_string}"},"query-input":{"@type":"PropertyValueSpecification","valueRequired":true,"valueName":"search_term_string"}}],"inLanguage":"sq-AL"},{"@type":"Organization","@id":"https:\/\/fjala.info\/2009-2015\/#organization","name":"FjALA e LIR\u00cb - Arkivi","url":"https:\/\/fjala.info\/2009-2015\/","logo":{"@type":"ImageObject","inLanguage":"sq-AL","@id":"https:\/\/fjala.info\/2009-2015\/#\/schema\/logo\/image\/","url":"","contentUrl":"","caption":"FjALA e LIR\u00cb - Arkivi"},"image":{"@id":"https:\/\/fjala.info\/2009-2015\/#\/schema\/logo\/image\/"}},{"@type":"Person","@id":"https:\/\/fjala.info\/2009-2015\/#\/schema\/person\/3aa1163ef05469c496fc94e77611ada2","name":"admin","image":{"@type":"ImageObject","inLanguage":"sq-AL","@id":"https:\/\/fjala.info\/2009-2015\/wp-content\/uploads\/2012\/02\/arben_cokaj-120x150.jpg","url":"https:\/\/fjala.info\/2009-2015\/wp-content\/uploads\/2012\/02\/arben_cokaj-120x150.jpg","contentUrl":"https:\/\/fjala.info\/2009-2015\/wp-content\/uploads\/2012\/02\/arben_cokaj-120x150.jpg","caption":"admin"},"description":"Admin, Fjala e Lir\u00eb","sameAs":["https:\/\/fjala.info\/"],"url":"https:\/\/fjala.info\/2009-2015\/author\/admin\/"}]}},"_links":{"self":[{"href":"https:\/\/fjala.info\/2009-2015\/wp-json\/wp\/v2\/posts\/5475","targetHints":{"allow":["GET"]}}],"collection":[{"href":"https:\/\/fjala.info\/2009-2015\/wp-json\/wp\/v2\/posts"}],"about":[{"href":"https:\/\/fjala.info\/2009-2015\/wp-json\/wp\/v2\/types\/post"}],"author":[{"embeddable":true,"href":"https:\/\/fjala.info\/2009-2015\/wp-json\/wp\/v2\/users\/1"}],"replies":[{"embeddable":true,"href":"https:\/\/fjala.info\/2009-2015\/wp-json\/wp\/v2\/comments?post=5475"}],"version-history":[{"count":0,"href":"https:\/\/fjala.info\/2009-2015\/wp-json\/wp\/v2\/posts\/5475\/revisions"}],"wp:attachment":[{"href":"https:\/\/fjala.info\/2009-2015\/wp-json\/wp\/v2\/media?parent=5475"}],"wp:term":[{"taxonomy":"category","embeddable":true,"href":"https:\/\/fjala.info\/2009-2015\/wp-json\/wp\/v2\/categories?post=5475"},{"taxonomy":"post_tag","embeddable":true,"href":"https:\/\/fjala.info\/2009-2015\/wp-json\/wp\/v2\/tags?post=5475"}],"curies":[{"name":"wp","href":"https:\/\/api.w.org\/{rel}","templated":true}]}}