{"id":5470,"date":"2010-12-31T21:21:13","date_gmt":"2010-12-31T20:21:13","guid":{"rendered":"http:\/\/fjala.shkoder.net\/?p=5470"},"modified":"2010-12-31T21:21:13","modified_gmt":"2010-12-31T20:21:13","slug":"shqiperi-e-shenjtoreve","status":"publish","type":"post","link":"https:\/\/fjala.info\/2009-2015\/shqiperi-e-shenjtoreve\/","title":{"rendered":"Shqip\u00ebri e shenjtor\u00ebve"},"content":{"rendered":"<p><img loading=\"lazy\" decoding=\"async\" class=\"alignleft size-full wp-image-3873\" title=\"Besnik Mustafaj\" src=\"http:\/\/fjala.shkoder.net\/wp-content\/uploads\/2010\/08\/besnik_mustafaj.jpg\" alt=\"\" width=\"124\" height=\"93\" \/><br \/>\nNga: <strong>BESNIK MUSTAFAJ<\/strong>, <em>30 Dhjetor 2010<\/em><\/p>\n<p>N\u00eb fund t\u00eb jav\u00ebs s\u00eb par\u00eb t\u00eb dhjetorit t\u00eb sivjetsh\u00ebm, n\u00eb qytetin e Shkodr\u00ebs ndodhi nj\u00eb nga ngjarjet m\u00eb t\u00eb r\u00ebnd\u00ebsishme n\u00eb historin\u00eb e qytet\u00ebrimit shqiptar t\u00eb t\u00eb gjitha koh\u00ebrave. N\u00eb katedralen e bekuar t\u00eb k\u00ebtij qyteti u zhvillua seanca e fundit e Gjyqit Kishtar Kanonik p\u00ebr shpalljen martir\u00eb t\u00eb Kish\u00ebs Katolike t\u00eb 40 klerik\u00ebve e laik\u00ebve t\u00eb ekzekutuar gjat\u00eb shekullit t\u00eb nj\u00ebzet\u00eb n\u00eb trojet shqiptare. Nd\u00ebr martir\u00ebt, nj\u00ebri \u00ebsht\u00eb viktim\u00eb e koh\u00ebs s\u00eb mbret\u00ebris\u00eb shqiptare, nj\u00eb tjet\u00ebr \u00ebsht\u00eb viktim\u00eb e dhun\u00ebs serbe n\u00eb Kosov\u00eb dhe tridhjet\u00eb e tet\u00eb nd\u00ebrruan jet\u00eb n\u00ebn mizorit\u00eb e diktatur\u00ebs komuniste.<\/p>\n<p>Jan\u00eb: Imzot Vin\u00e7en\u00e7 Prennushi, OFM; Imzot Frano Gjini; Imzot Jul Bonati; Don Alfons Tracki; Don Anton Muzaj; Don Anton Zogaj; Don Ded\u00eb Ma\u00e7aj; Don Ded\u00eb Malaj; Don Ded\u00eb Plani; Don Ejll Deda; Don Jak Bushati; Papa Josif Mihali; Don Josef Marksen; Don Laz\u00ebr Shantoja; Don Lek\u00eb Sirdani; Don Luigj Prendushi; Don Marin Shkurti; Don Mark Xhani; Don Mikel Beltoja; Don Ndoc Suma; Don Ndre Zadeja; Don Pjet\u00ebr \u00c7uni; Don Shtjef\u00ebn Kurti; At \u00c7iprian Nika, OFM; At Gasp\u00ebr Suma, OFM; At Gjon Shllaku, OFM; At Karl Sarreqi, OFM; At Mati Prenushi, OFM; At Serafin KOda, OFM; At Daniel Dajani, SI; At Giovanni Fausti, SI; V\u00eblla Gjon Pantalia, SI, Zot\u00ebri Fran Miraka; Zot\u00ebri Mark \u00c7uni; Zot\u00ebri Gjelosh Lulashi; Zot\u00ebri Qerim Sadiku; Zonjush\u00eb Maria Tuci; At Luigj Paliq, OFM; Don Gjon Gazulli.<\/p>\n<p>Seanca gjyq\u00ebsore u parapri nga njw mesh\u00eb. N\u00eb k\u00ebt\u00eb ceremoni, t\u00eb cil\u00ebn e p\u00ebrfytyroj t\u00eb mrekullueshme, ishte i pranish\u00ebm edhe m\u00ebk\u00ebmb\u00ebsi i Pap\u00ebs Benedikti XVI, Kardinal Claudio Hummes. N\u00eb vazhdim, i gjith\u00eb fondi me dokumente lidhur me k\u00ebta martir\u00eb p\u00ebrcillet n\u00eb Vatikan, ku fjal\u00ebn e fundit e thot\u00eb Papa, sipas t\u00eb drejt\u00ebs kanonike dhe t\u00eb 40 martir\u00ebt tan\u00eb shpallen shenjtor\u00eb.<\/p>\n<p>Ky gjyq, si\u00e7 m\u00ebsojm\u00eb, ka zgjatur tet\u00eb vjet. Por p\u00ebrgatitjet p\u00ebr t\u00eb kan\u00eb filluar menj\u00ebher\u00eb me rikthimin e t\u00eb drejt\u00ebs s\u00eb besimit n\u00eb Shqip\u00ebri, nj\u00ebzet vjet m\u00eb par\u00eb. Sh\u00ebrb\u00ebtor\u00ebt e Kish\u00ebs Katolike Shqiptare, fjal\u00ebn e kam p\u00ebr ata q\u00eb kan\u00eb veshur zhgunin e klerikut, por edhe shum\u00eb e shum\u00eb besimtar\u00eb, i jan\u00eb p\u00ebrveshur nj\u00eb pune t\u00eb pashembullt p\u00ebr t\u00eb mbledhur mij\u00ebra dokumente e d\u00ebshmi, n\u00eb t\u00eb cilat shpaloset vepra sublime e k\u00ebtyre martir\u00ebve p\u00ebr t\u00eb mos tradhtuar besimin e tyre. Duhet t\u00eb ket\u00eb qen\u00eb nj\u00eb pun\u00eb mbinjer\u00ebzore. \u00cbsht\u00eb dashur jo thjesht t\u00eb shkundet pluhuri i historis\u00eb n\u00ebp\u00ebr arkiva. Deri edhe gjuha e atyre q\u00eb kan\u00eb marr\u00eb pjes\u00eb drejtp\u00ebrdrejt n\u00eb torturimin e n\u00eb ekzekutimin e martir\u00ebve \u00ebsht\u00eb dashur t\u00eb zgjidhet.<\/p>\n<p>Me nj\u00eb fjal\u00eb, \u00ebsht\u00eb dashur t\u00eb zhvarroset e t\u00eb pastrohet nga balta vet\u00eb e v\u00ebrteta, t\u00eb cil\u00ebn makineria e pashpirt e diktatur\u00ebs ishte kujdesur n\u00eb m\u00ebnyr\u00ebn e vet m\u00eb kriminale ta mbyste, ta zhdukte, ta b\u00ebnte t\u00eb paqen\u00eb. Por nuk zhduket vepra e mir\u00eb. Klerik\u00ebt dhe besimtar\u00ebt ia dol\u00ebn ta mbledhin jet\u00ebn dhe vdekjen e martir\u00ebve, si\u00e7 mblidhen pikat e lotit. Dhe nuk mund t\u00eb ndodhte ndryshe. Fryma q\u00eb i nxiste k\u00ebta veprimtar\u00eb t\u00eb shpirtit p\u00ebr ta kryer nj\u00eb pun\u00eb t\u00eb till\u00eb, u jepte fuqi, durim e besim se do ia dilnin mban\u00eb. Si shqiptar, un\u00eb p\u00ebrulem para mundimit t\u00eb tyre dhe jam i bindur se edhe Papa Benedikti XVI do t\u00eb na e d\u00ebrgoj\u00eb shum\u00eb shpejt lajmin ngaz\u00ebllyes.<\/p>\n<p>Kombi shqiptar do t\u00eb ket\u00eb, pra, s\u00eb af\u00ebrmi edhe 40 shenjtor\u00eb. N\u00eb hulumtimet e mia, t\u00eb cilat doemos q\u00eb nuk jan\u00eb shteruese, rreth historis\u00eb s\u00eb kish\u00ebs s\u00eb krishter\u00eb shqiptare, m\u00eb del se kemi pasur Sh\u00ebn Astin, i cili i takon shekullit t\u00eb par\u00eb, e q\u00eb mendohet se ka qen\u00eb dishepull i Sh\u00ebn Palit. Kemi pasur deri tani edhe Shenjt\u00ebt Dardan\u00eb Florin dhe Laurin. T\u00eb tre k\u00ebta shenjtor\u00eb, ve\u00e7 t\u00eb tjerash, sigurisht q\u00eb jan\u00eb pjes\u00eb thelb\u00ebsore edhe e krenaris\u00eb ton\u00eb komb\u00ebtare, sepse q\u00ebndrojn\u00eb si gur\u00eb themeli n\u00eb rr\u00ebnj\u00ebt e qytet\u00ebrimit ton\u00eb per\u00ebndimor. Un\u00eb e kuptoj se aritmetika nuk i p\u00ebrshtatet mir\u00eb k\u00ebtij rasti.<\/p>\n<p>Megjithat\u00eb, egoja e tepruar q\u00eb kemi ne shqiptar\u00ebt zakonisht p\u00ebr t\u2019u krahasuar me t\u00eb tjer\u00ebt kur \u00ebsht\u00eb fjala p\u00ebr virtyte t\u00eb m\u00ebdha, m\u00eb shtyn t\u00eb p\u00ebrmend se tashm\u00eb do t\u00eb kemi dyzet e tre shenjtor\u00eb t\u00eb gjakut ton\u00eb, q\u00eb do t\u00eb thot\u00eb m\u00eb shum\u00eb se t\u00eb gjitha kombet e krishtera ballkanike s\u00eb bashku. Me fjal\u00eb t\u00eb tjera, ne, q\u00eb jemi n\u00eb Shqip\u00ebri, n\u00eb Kosov\u00eb, n\u00eb Maqedoni e n\u00eb Mal t\u00eb Zi m\u00eb pak se gjat\u00eb milionw shqiptar\u00eb, kemi derdhur sublimitet n\u00eb themelet e kish\u00ebs m\u00eb shum\u00eb se gjasht\u00ebdhjet\u00eb milion\u00eb ballkanasit e tjer\u00eb. Shenjtor\u00ebt e kish\u00ebs shqiptare d\u00ebshmojn\u00eb fuqin\u00eb e jasht\u00ebzakonshme morale t\u00eb kombit ton\u00eb n\u00eb p\u00ebrgjith\u00ebsi. Ata natyrsh\u00ebm e ndri\u00e7ojn\u00eb nj\u00ebsoj krenarin\u00eb e \u00e7do shqiptari me drit\u00ebn e tyre t\u00eb mrekullueshme, pavar\u00ebsisht besimit q\u00eb ka secili prej nesh individualisht.<\/p>\n<p>T\u00eb dyzet shenjtor\u00ebt e ardhsh\u00ebm, me shembullin e sakrific\u00ebs s\u00eb tyre sip\u00ebrore, shkojn\u00eb shum\u00eb p\u00ebrtej sakrifikimit t\u00eb mir\u00ebfillt\u00eb p\u00ebr kish\u00ebn. Ata p\u00ebrfaq\u00ebsojn\u00eb n\u00eb shkall\u00ebn m\u00eb t\u00eb lart\u00eb kund\u00ebrshtimin civil, rezistenc\u00ebn paq\u00ebsore, kurajon p\u00ebr t\u00eb mos tradhtuar veten, pavar\u00ebsisht \u00e7mimit; mendjen e kthjell\u00ebt p\u00ebr ta kuptuar qysh n\u00eb embrion t\u00eb keqen q\u00eb po i kanosej krejt kombit e p\u00ebr t\u00eb mos u pajtuar me t\u00eb, besimin e pal\u00ebkundur se me vdekjen e tyre, ata thjesht po kuror\u00ebzonin nj\u00eb jet\u00eb n\u00eb sh\u00ebrbim t\u00eb kombit, vet\u00ebdijen e plot\u00eb se vras\u00ebsit e tyre do t\u00eb linin pas vetes turpin, nd\u00ebrsa ata vet\u00eb lavdin\u00eb e amshueme e q\u00eb \u00ebsht\u00eb lavdi p\u00ebr Shqip\u00ebrin\u00eb. N\u00eb k\u00ebt\u00eb kuptim, pra, ata e ndri\u00e7ojn\u00eb nj\u00ebsoj krenarin\u00eb e secilit prej nesh, pavar\u00ebsisht besimit q\u00eb kemi individualisht. Me t\u00eb drejt\u00eb, m\u00ebk\u00ebmb\u00ebsi i Pap\u00ebs Benedikti XVI, Kardinali Claudio Hummes, tha me k\u00ebt\u00eb rast se \u201ck\u00ebta martir\u00eb i b\u00ebjn\u00eb nder mbar\u00eb Shqip\u00ebris\u00eb, pasi do t\u2019i japin em\u00ebr nd\u00ebrkomb\u00ebtar si nj\u00eb popull me vlera universale\u201d.<\/p>\n<p>P\u00ebr hir t\u00eb s\u00eb v\u00ebrtet\u00ebs historike do kujtuar me k\u00ebt\u00eb rast se k\u00ebta dyzet martir\u00eb q\u00eb po shenjt\u00ebrohen, nuk jan\u00eb t\u00eb vetmit klerik\u00eb q\u00eb dhan\u00eb jet\u00ebn e vet p\u00ebr t\u00eb mos shkelur besimin q\u00eb i udh\u00ebhiqte n\u00eb jet\u00eb. Jan\u00eb t\u00eb shumt\u00eb edhe klerik\u00ebt mysliman\u00eb, ata bektashinj, ata ortodoks\u00eb e ata ungjillor\u00eb q\u00eb p\u00ebsuan tragjikisht t\u00eb nj\u00ebjtin fat. \u00cbsht\u00eb pak t\u00eb thuhet edhe p\u00ebr ta se ashtu si para Zotit, edhe para robit, ishin t\u00eb pafajsh\u00ebm. Po ashtu, nuk ka pik\u00eb m\u00ebdyshjeje se vepra e tyre \u00ebsht\u00eb po aq e shenjt\u00eb sa ajo e dyzet shenjtor\u00ebve katolik\u00eb, si para Zotit, edhe para kombit shqiptar e para mbar\u00eb njer\u00ebzimit. Ata ishin t\u00eb gjith\u00eb bashk\u00ebkoh\u00ebs nj\u00ebri me tjetrin.<\/p>\n<p>Pavar\u00ebsisht se librat e lutjeve i kishin t\u00eb ndryshme, u fol\u00ebn me t\u00eb nj\u00ebjt\u00ebn gjuh\u00eb shqiptar\u00ebve n\u00eb t\u00eb gjall\u00eb t\u00eb vet e q\u00eb ishte gjuha e dashuris\u00eb p\u00ebr Atdheun e p\u00ebr nj\u00ebri-tjetrin. Edhe sfilitjet e mbrame i pat\u00ebn s\u00eb bashku e t\u00eb nj\u00ebjta, m\u00eb s\u00eb shpeshti n\u00eb t\u00eb nj\u00ebjtat qeli, edhe xhelat\u00ebt i kan\u00eb pasur t\u00eb nj\u00ebjt\u00ebt dhe p\u00ebr t\u00eb nj\u00ebjt\u00ebn arsye nuk u dor\u00ebzuan deri n\u00eb pik\u00ebn e fundit t\u00eb shpirtit. Natyrsh\u00ebm ata jan\u00eb sot s\u00eb bashku n\u00eb t\u00eb nj\u00ebjtin altar t\u00eb lavdis\u00eb hyjnore e tok\u00ebsore.<\/p>\n<p>Un\u00eb nuk jam n\u00eb dijeni n\u00ebse drejtuesit e Komunitetit Mysliman Shqiptar, ata t\u00eb Kryegjyshat\u00ebs Bot\u00ebrore Bektashiane, ata t\u00eb Kish\u00ebs Ortodokse Autoqefale Shqiptare e ata t\u00eb V\u00ebllaz\u00ebris\u00eb Ungjillore Shqiptare kan\u00eb nisur t\u00eb kryejn\u00eb, apo ndoshta edhe e kan\u00eb kryer tashm\u00eb t\u00eb nj\u00ebjt\u00ebn pun\u00eb q\u00eb b\u00ebri gjat\u00eb nj\u00ebzet vjet\u00ebve Kisha Katolike p\u00ebr t\u00eb nxjerr\u00eb nga err\u00ebsira vepr\u00ebn e martir\u00ebve t\u00eb tyre, t\u00eb cil\u00ebt jan\u00eb nj\u00ebherazi edhe martir\u00ebt e t\u00eb gjith\u00eb shqiptar\u00ebve. Kjo \u00ebsht\u00eb nj\u00eb vep\u00ebr, q\u00eb ne e presim prej tyre.<\/p>\n<p>Me sa kam mundur t\u00eb m\u00ebsoj, Polonia, p\u00ebr dyzet e pes\u00eb vjet\u00ebt e dhun\u00ebs komuniste ka gjithashtu nj\u00eb martir t\u00eb shenjt\u00ebruar e q\u00eb \u00ebsht\u00eb At Popieluszko, i cili ka qen\u00eb meshtari i Solidarnostit e q\u00eb m\u00eb pas \u00ebsht\u00eb ekzekutuar nga policia politike e vendit t\u00eb vet. Aq mir\u00eb \u00ebsht\u00eb p\u00ebrhapur shembulli i tij n\u00eb mbar\u00eb bot\u00ebn n\u00eb k\u00ebto vite t\u00eb liris\u00eb, sa \u00ebsht\u00eb ngjallur gjithandej nj\u00eb adhurim i merituar p\u00ebr t\u00eb. P\u00ebrdit\u00eb, n\u00eb atdheun e tij vijn\u00eb k\u00ebrkesa nga t\u00eb kat\u00ebr an\u00ebt, deri edhe nga Amerika Latine, nga Azia e nga Europa, p\u00ebr t\u00eb pasur nj\u00eb send sado t\u00eb vog\u00ebl, q\u00eb i ka p\u00ebrkitur atij shenjtori. Jan\u00eb kisha t\u00eb m\u00ebdha e t\u00eb vogla, t\u00eb cilat besojn\u00eb se duke pasur brenda vetes nj\u00eb kujtim t\u00eb preksh\u00ebm t\u00eb At Popieluszko-s, do ua shtojn\u00eb mir\u00ebsin\u00eb besimtar\u00ebve t\u00eb vet.<\/p>\n<p>Ky \u00ebsht\u00eb vet\u00ebm nj\u00eb shembull, jo p\u00ebr t\u2019i pasur zili polak\u00ebt, q\u00eb jan\u00eb aq t\u00eb aft\u00eb ta kthejn\u00eb n\u00eb nderim p\u00ebr historin\u00eb e kombit t\u00eb tyre para krejt bot\u00ebs trash\u00ebgimin\u00eb e shenjt\u00eb t\u00eb nj\u00ebrit nga bijt\u00eb e k\u00ebtij kombi, por p\u00ebr t\u2019u v\u00ebn\u00eb n\u00eb mendime ne vet\u00eb se \u00e7\u2019duhet t\u00eb b\u00ebjm\u00eb q\u00eb vepra e shenjtor\u00ebve tan\u00eb t\u00eb vihet plot\u00ebsisht n\u00eb sh\u00ebrbim t\u00eb Shqip\u00ebris\u00eb. Ky, kam bindjen un\u00eb, \u00ebsht\u00eb amaneti m\u00eb i lart\u00eb i shenjtor\u00ebve tan\u00eb. Nj\u00eb amanet ende i pap\u00ebrmbushur mir\u00eb.<\/p>\n<p>Ceremonia e zhvilluar n\u00eb Katedralen e Shkodr\u00ebs n\u00eb fund t\u00eb jav\u00ebs s\u00eb par\u00eb t\u00eb k\u00ebtij dhjetori kaloi pothuaj n\u00eb heshtje p\u00ebr opinionin ton\u00eb t\u00eb gjer\u00eb publik. P\u00ebr fatin e mir\u00eb, t\u00eb pranish\u00ebm n\u00eb k\u00ebt\u00eb ceremoni ishin edhe kryetarja e Kuvendit, zonja Topalli, dhe z\u00ebvend\u00ebskryeministri, zoti Meta. Po t\u00eb mos ishin ata, edhe ato dy a tri kronika t\u00eb thata n\u00eb televizione e po aq lajme po ashtu t\u00eb varfra n\u00eb shtypin e shkruar, me siguri q\u00eb nuk do t\u00eb ishin b\u00ebr\u00eb.<\/p>\n<p>Ma merr mendja se zonj\u00ebs Topalli i kishte takuar ta shqiptonte nj\u00eb fjal\u00eb mir\u00ebnjohjeje p\u00ebr k\u00ebta shenjtor\u00eb n\u00eb seanc\u00ebn m\u00eb t\u00eb af\u00ebrme plenare t\u00eb Kuvendit t\u00eb Shqip\u00ebris\u00eb. Ajo heshti. Ndoshta nuk ia mori mendja se vlente nj\u00eb mundim i till\u00eb. Sa keq po t\u00eb ket\u00eb qen\u00eb kjo arsyeja e heshtjes s\u00eb saj! Ndoshta pati frik\u00eb se ndonj\u00eb a ndonca deputet\u00eb do e p\u00ebrqeshnin. Turpi do t\u00eb mbetej p\u00ebr ata q\u00eb do e p\u00ebrqeshnin. Se shenjtor\u00ebve vet\u00eb nuk do u b\u00ebnte asnj\u00eb p\u00ebrshtypje. Ata kan\u00eb par\u00eb keq e m\u00eb keq nga shkelmuesit e virtyteve komb\u00ebtare.<\/p>\n","protected":false},"excerpt":{"rendered":"<p>Nga: BESNIK MUSTAFAJ, 30 Dhjetor 2010 N\u00eb fund t\u00eb jav\u00ebs s\u00eb par\u00eb t\u00eb dhjetorit t\u00eb sivjetsh\u00ebm, n\u00eb qytetin e Shkodr\u00ebs ndodhi nj\u00eb nga ngjarjet m\u00eb t\u00eb r\u00ebnd\u00ebsishme n\u00eb historin\u00eb e qytet\u00ebrimit shqiptar t\u00eb t\u00eb gjitha koh\u00ebrave. N\u00eb katedralen e bekuar t\u00eb k\u00ebtij qyteti u zhvillua seanca e fundit e Gjyqit Kishtar Kanonik p\u00ebr shpalljen martir\u00eb [&hellip;]<\/p>\n","protected":false},"author":1,"featured_media":0,"comment_status":"open","ping_status":"closed","sticky":false,"template":"","format":"standard","meta":{"footnotes":""},"categories":[2],"tags":[],"class_list":{"0":"post-5470","1":"post","2":"type-post","3":"status-publish","4":"format-standard","6":"category-artikuj"},"yoast_head":"<!-- This site is optimized with the Yoast SEO plugin v27.4 - https:\/\/yoast.com\/product\/yoast-seo-wordpress\/ -->\n<title>Shqip\u00ebri e shenjtor\u00ebve - FjALA e LIR\u00cb - Arkivi<\/title>\n<meta name=\"robots\" content=\"index, follow, max-snippet:-1, max-image-preview:large, max-video-preview:-1\" \/>\n<link rel=\"canonical\" href=\"https:\/\/fjala.info\/2009-2015\/shqiperi-e-shenjtoreve\/\" \/>\n<meta property=\"og:locale\" content=\"sq_AL\" \/>\n<meta property=\"og:type\" content=\"article\" \/>\n<meta property=\"og:title\" content=\"Shqip\u00ebri e shenjtor\u00ebve - FjALA e LIR\u00cb - Arkivi\" \/>\n<meta property=\"og:description\" content=\"Nga: BESNIK MUSTAFAJ, 30 Dhjetor 2010 N\u00eb fund t\u00eb jav\u00ebs s\u00eb par\u00eb t\u00eb dhjetorit t\u00eb sivjetsh\u00ebm, n\u00eb qytetin e Shkodr\u00ebs ndodhi nj\u00eb nga ngjarjet m\u00eb t\u00eb r\u00ebnd\u00ebsishme n\u00eb historin\u00eb e qytet\u00ebrimit shqiptar t\u00eb t\u00eb gjitha koh\u00ebrave. N\u00eb katedralen e bekuar t\u00eb k\u00ebtij qyteti u zhvillua seanca e fundit e Gjyqit Kishtar Kanonik p\u00ebr shpalljen martir\u00eb [&hellip;]\" \/>\n<meta property=\"og:url\" content=\"https:\/\/fjala.info\/2009-2015\/shqiperi-e-shenjtoreve\/\" \/>\n<meta property=\"og:site_name\" content=\"FjALA e LIR\u00cb - Arkivi\" \/>\n<meta property=\"article:published_time\" content=\"2010-12-31T20:21:13+00:00\" \/>\n<meta property=\"og:image\" content=\"http:\/\/fjala.shkoder.net\/wp-content\/uploads\/2010\/08\/besnik_mustafaj.jpg\" \/>\n<meta name=\"author\" content=\"admin\" \/>\n<meta name=\"twitter:card\" content=\"summary_large_image\" \/>\n<meta name=\"twitter:label1\" content=\"Written by\" \/>\n\t<meta name=\"twitter:data1\" content=\"admin\" \/>\n\t<meta name=\"twitter:label2\" content=\"Est. reading time\" \/>\n\t<meta name=\"twitter:data2\" content=\"9 minutes\" \/>\n<script type=\"application\/ld+json\" class=\"yoast-schema-graph\">{\"@context\":\"https:\\\/\\\/schema.org\",\"@graph\":[{\"@type\":\"Article\",\"@id\":\"https:\\\/\\\/fjala.info\\\/2009-2015\\\/shqiperi-e-shenjtoreve\\\/#article\",\"isPartOf\":{\"@id\":\"https:\\\/\\\/fjala.info\\\/2009-2015\\\/shqiperi-e-shenjtoreve\\\/\"},\"author\":{\"name\":\"admin\",\"@id\":\"https:\\\/\\\/fjala.info\\\/2009-2015\\\/#\\\/schema\\\/person\\\/3aa1163ef05469c496fc94e77611ada2\"},\"headline\":\"Shqip\u00ebri e shenjtor\u00ebve\",\"datePublished\":\"2010-12-31T20:21:13+00:00\",\"mainEntityOfPage\":{\"@id\":\"https:\\\/\\\/fjala.info\\\/2009-2015\\\/shqiperi-e-shenjtoreve\\\/\"},\"wordCount\":1885,\"commentCount\":0,\"publisher\":{\"@id\":\"https:\\\/\\\/fjala.info\\\/2009-2015\\\/#organization\"},\"image\":{\"@id\":\"https:\\\/\\\/fjala.info\\\/2009-2015\\\/shqiperi-e-shenjtoreve\\\/#primaryimage\"},\"thumbnailUrl\":\"http:\\\/\\\/fjala.shkoder.net\\\/wp-content\\\/uploads\\\/2010\\\/08\\\/besnik_mustafaj.jpg\",\"articleSection\":[\"Artikuj\"],\"inLanguage\":\"sq-AL\",\"potentialAction\":[{\"@type\":\"CommentAction\",\"name\":\"Comment\",\"target\":[\"https:\\\/\\\/fjala.info\\\/2009-2015\\\/shqiperi-e-shenjtoreve\\\/#respond\"]}]},{\"@type\":\"WebPage\",\"@id\":\"https:\\\/\\\/fjala.info\\\/2009-2015\\\/shqiperi-e-shenjtoreve\\\/\",\"url\":\"https:\\\/\\\/fjala.info\\\/2009-2015\\\/shqiperi-e-shenjtoreve\\\/\",\"name\":\"Shqip\u00ebri e shenjtor\u00ebve - FjALA e LIR\u00cb - Arkivi\",\"isPartOf\":{\"@id\":\"https:\\\/\\\/fjala.info\\\/2009-2015\\\/#website\"},\"primaryImageOfPage\":{\"@id\":\"https:\\\/\\\/fjala.info\\\/2009-2015\\\/shqiperi-e-shenjtoreve\\\/#primaryimage\"},\"image\":{\"@id\":\"https:\\\/\\\/fjala.info\\\/2009-2015\\\/shqiperi-e-shenjtoreve\\\/#primaryimage\"},\"thumbnailUrl\":\"http:\\\/\\\/fjala.shkoder.net\\\/wp-content\\\/uploads\\\/2010\\\/08\\\/besnik_mustafaj.jpg\",\"datePublished\":\"2010-12-31T20:21:13+00:00\",\"breadcrumb\":{\"@id\":\"https:\\\/\\\/fjala.info\\\/2009-2015\\\/shqiperi-e-shenjtoreve\\\/#breadcrumb\"},\"inLanguage\":\"sq-AL\",\"potentialAction\":[{\"@type\":\"ReadAction\",\"target\":[\"https:\\\/\\\/fjala.info\\\/2009-2015\\\/shqiperi-e-shenjtoreve\\\/\"]}]},{\"@type\":\"ImageObject\",\"inLanguage\":\"sq-AL\",\"@id\":\"https:\\\/\\\/fjala.info\\\/2009-2015\\\/shqiperi-e-shenjtoreve\\\/#primaryimage\",\"url\":\"http:\\\/\\\/fjala.shkoder.net\\\/wp-content\\\/uploads\\\/2010\\\/08\\\/besnik_mustafaj.jpg\",\"contentUrl\":\"http:\\\/\\\/fjala.shkoder.net\\\/wp-content\\\/uploads\\\/2010\\\/08\\\/besnik_mustafaj.jpg\"},{\"@type\":\"BreadcrumbList\",\"@id\":\"https:\\\/\\\/fjala.info\\\/2009-2015\\\/shqiperi-e-shenjtoreve\\\/#breadcrumb\",\"itemListElement\":[{\"@type\":\"ListItem\",\"position\":1,\"name\":\"Home\",\"item\":\"https:\\\/\\\/fjala.info\\\/2009-2015\\\/\"},{\"@type\":\"ListItem\",\"position\":2,\"name\":\"Shqip\u00ebri e shenjtor\u00ebve\"}]},{\"@type\":\"WebSite\",\"@id\":\"https:\\\/\\\/fjala.info\\\/2009-2015\\\/#website\",\"url\":\"https:\\\/\\\/fjala.info\\\/2009-2015\\\/\",\"name\":\"FjALA e LIR\u00cb - Arkivi\",\"description\":\"Arkivi 2009-2015\",\"publisher\":{\"@id\":\"https:\\\/\\\/fjala.info\\\/2009-2015\\\/#organization\"},\"potentialAction\":[{\"@type\":\"SearchAction\",\"target\":{\"@type\":\"EntryPoint\",\"urlTemplate\":\"https:\\\/\\\/fjala.info\\\/2009-2015\\\/?s={search_term_string}\"},\"query-input\":{\"@type\":\"PropertyValueSpecification\",\"valueRequired\":true,\"valueName\":\"search_term_string\"}}],\"inLanguage\":\"sq-AL\"},{\"@type\":\"Organization\",\"@id\":\"https:\\\/\\\/fjala.info\\\/2009-2015\\\/#organization\",\"name\":\"FjALA e LIR\u00cb - Arkivi\",\"url\":\"https:\\\/\\\/fjala.info\\\/2009-2015\\\/\",\"logo\":{\"@type\":\"ImageObject\",\"inLanguage\":\"sq-AL\",\"@id\":\"https:\\\/\\\/fjala.info\\\/2009-2015\\\/#\\\/schema\\\/logo\\\/image\\\/\",\"url\":\"\",\"contentUrl\":\"\",\"caption\":\"FjALA e LIR\u00cb - Arkivi\"},\"image\":{\"@id\":\"https:\\\/\\\/fjala.info\\\/2009-2015\\\/#\\\/schema\\\/logo\\\/image\\\/\"}},{\"@type\":\"Person\",\"@id\":\"https:\\\/\\\/fjala.info\\\/2009-2015\\\/#\\\/schema\\\/person\\\/3aa1163ef05469c496fc94e77611ada2\",\"name\":\"admin\",\"image\":{\"@type\":\"ImageObject\",\"inLanguage\":\"sq-AL\",\"@id\":\"https:\\\/\\\/fjala.info\\\/2009-2015\\\/wp-content\\\/uploads\\\/2012\\\/02\\\/arben_cokaj-120x150.jpg\",\"url\":\"https:\\\/\\\/fjala.info\\\/2009-2015\\\/wp-content\\\/uploads\\\/2012\\\/02\\\/arben_cokaj-120x150.jpg\",\"contentUrl\":\"https:\\\/\\\/fjala.info\\\/2009-2015\\\/wp-content\\\/uploads\\\/2012\\\/02\\\/arben_cokaj-120x150.jpg\",\"caption\":\"admin\"},\"description\":\"Admin, Fjala e Lir\u00eb\",\"sameAs\":[\"https:\\\/\\\/fjala.info\\\/\"],\"url\":\"https:\\\/\\\/fjala.info\\\/2009-2015\\\/author\\\/admin\\\/\"}]}<\/script>\n<!-- \/ Yoast SEO plugin. -->","yoast_head_json":{"title":"Shqip\u00ebri e shenjtor\u00ebve - FjALA e LIR\u00cb - Arkivi","robots":{"index":"index","follow":"follow","max-snippet":"max-snippet:-1","max-image-preview":"max-image-preview:large","max-video-preview":"max-video-preview:-1"},"canonical":"https:\/\/fjala.info\/2009-2015\/shqiperi-e-shenjtoreve\/","og_locale":"sq_AL","og_type":"article","og_title":"Shqip\u00ebri e shenjtor\u00ebve - FjALA e LIR\u00cb - Arkivi","og_description":"Nga: BESNIK MUSTAFAJ, 30 Dhjetor 2010 N\u00eb fund t\u00eb jav\u00ebs s\u00eb par\u00eb t\u00eb dhjetorit t\u00eb sivjetsh\u00ebm, n\u00eb qytetin e Shkodr\u00ebs ndodhi nj\u00eb nga ngjarjet m\u00eb t\u00eb r\u00ebnd\u00ebsishme n\u00eb historin\u00eb e qytet\u00ebrimit shqiptar t\u00eb t\u00eb gjitha koh\u00ebrave. N\u00eb katedralen e bekuar t\u00eb k\u00ebtij qyteti u zhvillua seanca e fundit e Gjyqit Kishtar Kanonik p\u00ebr shpalljen martir\u00eb [&hellip;]","og_url":"https:\/\/fjala.info\/2009-2015\/shqiperi-e-shenjtoreve\/","og_site_name":"FjALA e LIR\u00cb - Arkivi","article_published_time":"2010-12-31T20:21:13+00:00","og_image":[{"url":"http:\/\/fjala.shkoder.net\/wp-content\/uploads\/2010\/08\/besnik_mustafaj.jpg","type":"","width":"","height":""}],"author":"admin","twitter_card":"summary_large_image","twitter_misc":{"Written by":"admin","Est. reading time":"9 minutes"},"schema":{"@context":"https:\/\/schema.org","@graph":[{"@type":"Article","@id":"https:\/\/fjala.info\/2009-2015\/shqiperi-e-shenjtoreve\/#article","isPartOf":{"@id":"https:\/\/fjala.info\/2009-2015\/shqiperi-e-shenjtoreve\/"},"author":{"name":"admin","@id":"https:\/\/fjala.info\/2009-2015\/#\/schema\/person\/3aa1163ef05469c496fc94e77611ada2"},"headline":"Shqip\u00ebri e shenjtor\u00ebve","datePublished":"2010-12-31T20:21:13+00:00","mainEntityOfPage":{"@id":"https:\/\/fjala.info\/2009-2015\/shqiperi-e-shenjtoreve\/"},"wordCount":1885,"commentCount":0,"publisher":{"@id":"https:\/\/fjala.info\/2009-2015\/#organization"},"image":{"@id":"https:\/\/fjala.info\/2009-2015\/shqiperi-e-shenjtoreve\/#primaryimage"},"thumbnailUrl":"http:\/\/fjala.shkoder.net\/wp-content\/uploads\/2010\/08\/besnik_mustafaj.jpg","articleSection":["Artikuj"],"inLanguage":"sq-AL","potentialAction":[{"@type":"CommentAction","name":"Comment","target":["https:\/\/fjala.info\/2009-2015\/shqiperi-e-shenjtoreve\/#respond"]}]},{"@type":"WebPage","@id":"https:\/\/fjala.info\/2009-2015\/shqiperi-e-shenjtoreve\/","url":"https:\/\/fjala.info\/2009-2015\/shqiperi-e-shenjtoreve\/","name":"Shqip\u00ebri e shenjtor\u00ebve - FjALA e LIR\u00cb - Arkivi","isPartOf":{"@id":"https:\/\/fjala.info\/2009-2015\/#website"},"primaryImageOfPage":{"@id":"https:\/\/fjala.info\/2009-2015\/shqiperi-e-shenjtoreve\/#primaryimage"},"image":{"@id":"https:\/\/fjala.info\/2009-2015\/shqiperi-e-shenjtoreve\/#primaryimage"},"thumbnailUrl":"http:\/\/fjala.shkoder.net\/wp-content\/uploads\/2010\/08\/besnik_mustafaj.jpg","datePublished":"2010-12-31T20:21:13+00:00","breadcrumb":{"@id":"https:\/\/fjala.info\/2009-2015\/shqiperi-e-shenjtoreve\/#breadcrumb"},"inLanguage":"sq-AL","potentialAction":[{"@type":"ReadAction","target":["https:\/\/fjala.info\/2009-2015\/shqiperi-e-shenjtoreve\/"]}]},{"@type":"ImageObject","inLanguage":"sq-AL","@id":"https:\/\/fjala.info\/2009-2015\/shqiperi-e-shenjtoreve\/#primaryimage","url":"http:\/\/fjala.shkoder.net\/wp-content\/uploads\/2010\/08\/besnik_mustafaj.jpg","contentUrl":"http:\/\/fjala.shkoder.net\/wp-content\/uploads\/2010\/08\/besnik_mustafaj.jpg"},{"@type":"BreadcrumbList","@id":"https:\/\/fjala.info\/2009-2015\/shqiperi-e-shenjtoreve\/#breadcrumb","itemListElement":[{"@type":"ListItem","position":1,"name":"Home","item":"https:\/\/fjala.info\/2009-2015\/"},{"@type":"ListItem","position":2,"name":"Shqip\u00ebri e shenjtor\u00ebve"}]},{"@type":"WebSite","@id":"https:\/\/fjala.info\/2009-2015\/#website","url":"https:\/\/fjala.info\/2009-2015\/","name":"FjALA e LIR\u00cb - Arkivi","description":"Arkivi 2009-2015","publisher":{"@id":"https:\/\/fjala.info\/2009-2015\/#organization"},"potentialAction":[{"@type":"SearchAction","target":{"@type":"EntryPoint","urlTemplate":"https:\/\/fjala.info\/2009-2015\/?s={search_term_string}"},"query-input":{"@type":"PropertyValueSpecification","valueRequired":true,"valueName":"search_term_string"}}],"inLanguage":"sq-AL"},{"@type":"Organization","@id":"https:\/\/fjala.info\/2009-2015\/#organization","name":"FjALA e LIR\u00cb - Arkivi","url":"https:\/\/fjala.info\/2009-2015\/","logo":{"@type":"ImageObject","inLanguage":"sq-AL","@id":"https:\/\/fjala.info\/2009-2015\/#\/schema\/logo\/image\/","url":"","contentUrl":"","caption":"FjALA e LIR\u00cb - Arkivi"},"image":{"@id":"https:\/\/fjala.info\/2009-2015\/#\/schema\/logo\/image\/"}},{"@type":"Person","@id":"https:\/\/fjala.info\/2009-2015\/#\/schema\/person\/3aa1163ef05469c496fc94e77611ada2","name":"admin","image":{"@type":"ImageObject","inLanguage":"sq-AL","@id":"https:\/\/fjala.info\/2009-2015\/wp-content\/uploads\/2012\/02\/arben_cokaj-120x150.jpg","url":"https:\/\/fjala.info\/2009-2015\/wp-content\/uploads\/2012\/02\/arben_cokaj-120x150.jpg","contentUrl":"https:\/\/fjala.info\/2009-2015\/wp-content\/uploads\/2012\/02\/arben_cokaj-120x150.jpg","caption":"admin"},"description":"Admin, Fjala e Lir\u00eb","sameAs":["https:\/\/fjala.info\/"],"url":"https:\/\/fjala.info\/2009-2015\/author\/admin\/"}]}},"_links":{"self":[{"href":"https:\/\/fjala.info\/2009-2015\/wp-json\/wp\/v2\/posts\/5470","targetHints":{"allow":["GET"]}}],"collection":[{"href":"https:\/\/fjala.info\/2009-2015\/wp-json\/wp\/v2\/posts"}],"about":[{"href":"https:\/\/fjala.info\/2009-2015\/wp-json\/wp\/v2\/types\/post"}],"author":[{"embeddable":true,"href":"https:\/\/fjala.info\/2009-2015\/wp-json\/wp\/v2\/users\/1"}],"replies":[{"embeddable":true,"href":"https:\/\/fjala.info\/2009-2015\/wp-json\/wp\/v2\/comments?post=5470"}],"version-history":[{"count":0,"href":"https:\/\/fjala.info\/2009-2015\/wp-json\/wp\/v2\/posts\/5470\/revisions"}],"wp:attachment":[{"href":"https:\/\/fjala.info\/2009-2015\/wp-json\/wp\/v2\/media?parent=5470"}],"wp:term":[{"taxonomy":"category","embeddable":true,"href":"https:\/\/fjala.info\/2009-2015\/wp-json\/wp\/v2\/categories?post=5470"},{"taxonomy":"post_tag","embeddable":true,"href":"https:\/\/fjala.info\/2009-2015\/wp-json\/wp\/v2\/tags?post=5470"}],"curies":[{"name":"wp","href":"https:\/\/api.w.org\/{rel}","templated":true}]}}