{"id":5464,"date":"2010-12-31T09:32:00","date_gmt":"2010-12-31T08:32:00","guid":{"rendered":"http:\/\/fjala.shkoder.net\/?p=5464"},"modified":"2010-12-31T09:32:00","modified_gmt":"2010-12-31T08:32:00","slug":"opozita-e-zeze-dita","status":"publish","type":"post","link":"https:\/\/fjala.info\/2009-2015\/opozita-e-zeze-dita\/","title":{"rendered":"OPOZITA E ZEZ\u00cb DITA"},"content":{"rendered":"<p><img decoding=\"async\" class=\"alignright size-full wp-image-4682\" title=\"Bekim Rexhepi\" src=\"http:\/\/fjala.shkoder.net\/wp-content\/uploads\/2010\/11\/bekim_rexhepi.jpg\" alt=\"\" width=\"120\" \/><\/p>\n<p><em>Rama pak sa i lodhur, dhe paksa i ftohur me zhvillimet e fundit sikur ka v\u00ebn\u00eb n\u00eb l\u00ebvizje t\u00eb trillt\u00eb Rucin, p\u00ebr t\u00eb rritur akoma m\u00eb shum\u00eb antagonizma ekstrem dhe ekskluziviz\u00ebm subjektiv\u00eb q\u00eb gjithsesi kan\u00eb p\u00ebr q\u00ebllim t\u00eb kap\u00ebrcejn\u00eb interesat e vendit dhe t\u00eb zmadhojn\u00eb armikun n\u00eb trajt\u00ebn e tjetrit.<\/em><\/p>\n<p>Nga <strong>Bekim Rexhepi<\/strong><\/p>\n<p>Opozita nd\u00ebrron kahen, akoma pa qua q\u00ebllimin n\u00eb vend!. N\u00ebse, dje filloi me hetimin e kutive pa mb\u00ebrri fund e rrug\u00ebs, sot e fillon me kontrollin e kutive, qa do t\u00eb thot\u00eb kjo, se nes\u00ebr mund t\u00eb k\u00ebrkohet prap\u00eb di\u00e7ka tjet\u00ebr. N\u00eb k\u00ebt\u00eb rrug\u00ebtim t\u00eb partis\u00eb socialiste kemi v\u00ebrejtur paqart\u00ebsi, pasiguri n\u00eb hapat e saja dhe n\u00eb shum\u00eb vendime, t\u00eb cilat dol\u00ebn jasht\u00eb angazhimeve p\u00ebr shtetin dhe interesin e tij.<\/p>\n<p>\u00cbsht\u00eb e qart\u00eb se zgjidhjet n\u00eb form\u00eb t\u00eb marr\u00ebveshjes jan\u00eb t\u00eb arritura t\u00eb vet\u00ebdijes politike, nd\u00ebrsa partia socialiste ka shp\u00ebrdoruar t\u00eb gjitha k\u00ebto forma dhe ka provuar metoda t\u00eb tjera, t\u00eb pad\u00ebshiruara, duke u shmangur nga t\u00eb gjitha marr\u00ebveshjet e mundshme politike. Prej kohesh kemi par\u00eb aksionet e saja, t\u00eb cilat na l\u00ebn\u00eb n\u00eb kujtes\u00eb nj\u00eb rrug\u00ebtim t\u00eb zorsh\u00ebm t\u00eb saj drejt\u00eb qart\u00ebsis\u00eb politike. Partia Socialiste marr\u00ebveshjeve fare pak u kushtoi kujdes, madje t\u00eb gjitha marr\u00ebveshjet me rivalin i konceptonte si humbje, si humbje e gjith\u00e7kaje dhe m\u00eb k\u00ebt\u00eb pozicionim p\u00ebrfundimisht b\u00eb edhe kund\u00ebr gjith\u00e7kaje.<\/p>\n<p>Ky pozicionim i PS-s\u00eb, i pamund\u00ebsoi edhe rival\u00ebve t\u00eb saj PD-LSI, t\u00eb mos tregojn\u00eb aspak m\u00ebshir\u00eb ndaj opozit\u00ebs, e cila nuk pranon humbjen, nuk e do vendin assesi vendin e saj si opozit\u00eb. N\u00eb shum\u00eb raste opozita-Partia Socialiste, nuk e respektoi rregullin demokratik, nuk respektoi as edhe elektoratin e saj ku ay e kishte vendosur t\u00eb mbetet n\u00eb opozit\u00eb. PS-ja duke krijuar disa formulime t\u00eb zbehta dhe thuajse inobligative p\u00ebr shum\u00eb \u00e7\u00ebshtje n\u00eb vend, ka krijuar asi iluzione se mund t\u00eb rr\u00ebzoi shum\u00eb leht\u00eb qeverin\u00eb. K\u00ebto dhe si k\u00ebto iluzione t\u00eb krijuara nga PS-ja kan\u00eb provuar t\u00eb frenojn\u00eb, t\u00eb bllokojn\u00eb shum\u00eb procese politike n\u00eb vend.<\/p>\n<p>Fytyra e opozit\u00ebs u mavijos pik\u00ebrisht ndaj futjes s\u00eb Shqip\u00ebris\u00eb n\u00eb NATO, kap\u00ebrcej t\u00eb gjitha pritshm\u00ebrit nacionale, ajo u pozicionua me deklarata e protesta, goxha dhe ngjash\u00ebm me disa struktura anti-Shqip\u00ebri. Dhe po ashtu nj\u00eb tjet\u00ebr pozicionim i ngjash\u00ebm i PS-s\u00eb, u tregua edhe me liberalizimin e vizave p\u00ebr qytetaret e Shqip\u00ebris\u00eb, ku BE e hapi k\u00ebt\u00eb t\u00eb mir\u00eb, k\u00ebt\u00eb mund\u00ebsi p\u00ebr shqiptaret. Nd\u00ebrsa, akoma i pa shpjeguesh\u00ebm mbet\u00ebt pozicionim i PS-s\u00eb, karshi dy k\u00ebto marr\u00ebveshje t\u00eb m\u00ebdha n\u00eb vend.<\/p>\n<p>Nj\u00eb parti socialiste do t\u00eb mund t\u00eb jet\u00eb e dobishme vet\u00ebm po t\u00eb ket\u00eb qasje m\u00eb t\u00eb mir\u00eb p\u00ebr qytetaret p\u00ebr vendin dhe po t\u00eb tregoj\u00eb pak kultur\u00eb demokratike. Nj\u00eb kultur\u00eb demokratike tek partia socialiste nuk ekziston dhe as q\u00eb mund t\u00eb pritet nj\u00eb ndryshim pozitiv\u00eb. P\u00ebrkundrazi, partia socialiste n\u00eb vend se ta zhvilloj\u00eb k\u00ebt\u00eb kultur\u00eb sikur d\u00ebshiron m\u00eb shum\u00eb ta rikthej n\u00eb sken\u00eb sistemin e vjet\u00ebr diktatorial. Pra antagonizmat e partis\u00eb socialiste mjerisht po zbehin fytyr\u00ebn e demokracis\u00eb n\u00eb vend, po e r\u00ebndojn\u00eb at\u00eb edhe shum\u00eb, nd\u00ebrsa \u201cp\u00ebrkujdestar\u00ebt\u201d e saj t\u00ebrheqin v\u00ebrejtjen se kjo parti qe quhet opozit\u00eb po b\u00ebhet edhe e zez\u00eb dit\u00eb p\u00ebr shqiptaret.<\/p>\n<p>Thellon p\u00ebr\u00e7arje, nxit\u00eb manipulime, krijon premisa te nj\u00eb gjendje kriz\u00eb n\u00eb Shqip\u00ebri, dhe krijon opinion negativ\u00eb sa k\u00ebto ng\u00ebr\u00e7e politike nuk mund t\u00eb tejkalohen pa nd\u00ebrhyrje nga jasht\u00eb. Jan\u00eb provuar edhe nga jasht\u00eb k\u00ebto nd\u00ebrhyrje diplomatike, por duket e kot me nj\u00eb parti si kjo socialistja n\u00eb Shqip\u00ebri, e cila ka lidh\u00eb kast, pyk\u00eb &#8211; vetveten se pari dhe iniciativat qe synojn\u00eb progres n\u00eb vend. Ka mbajtur parlamentin dhe shum\u00eb debate n\u00eb zhurm\u00eb, p\u00ebr shum\u00eb \u00e7ka dhe pa marr\u00eb asgj\u00eb mbi kurriz t\u00eb p\u00ebrgjegjsh\u00ebm. Nj\u00eb opozit\u00eb pa pesh\u00eb mbi kurriz, pa p\u00ebrgjegj\u00ebsi nuk mund t\u00eb quhet parti serioze n\u00eb politik\u00eb dhe m\u00eb k\u00ebt\u00eb gjendje as q\u00eb mund t\u00eb pritet far\u00eb qasje ndryshe. Nd\u00ebrsa e dim\u00eb se t\u00ebr\u00eb fuqin\u00eb e saj t\u00eb mundshme e ka harxhuar n\u00eb debate akuzash dhe thirrje p\u00ebr t\u00eb frenuar e bojkotuar proceset n\u00eb vend.<\/p>\n<p><strong>Hija e panterit <\/strong><br \/>\nPrej kohesh selia roz\u00eb \u00ebsht\u00eb kthyer n\u00eb humor, padyshim edhe panteri i saj nuk i ka shp\u00ebtuar dot, n\u00eb k\u00ebt\u00eb list\u00eb u fut\u00eb edhe hija e tij qe ka emrin Gramoz Ruqi. Ky komunist me yll e mbi yll, zvarritet n\u00eb parlament duke p\u00ebrqeshur demokracin\u00eb n\u00eb vend, por ja qe demokracia i lejon deri n\u00eb kllapa funksionin verbal t\u00eb tij, kaq mund t\u00eb b\u00ebj hija e zez\u00eb e panterit Rama. Rama pak sa i lodhur, dhe paksa i ftohur me zhvillimet e fundit sikur ka v\u00ebn\u00eb n\u00eb l\u00ebvizje t\u00eb trillt\u00eb Ruqin, p\u00ebr t\u00eb rritur akoma m\u00eb shum\u00eb antagonizma ekstrem dhe ekskluziviz\u00ebm subjektiv\u00eb q\u00eb gjithsesi kan\u00eb p\u00ebr q\u00ebllim t\u00eb kap\u00ebrcejn\u00eb interesat e vendit dhe t\u00eb zmadhojn\u00eb armikun n\u00eb trajt\u00ebn e tjetrit.<br \/>\nMbase \u00ebsht\u00eb k\u00ebshtu dhe k\u00ebshtu shp\u00ebrthen bastioni recidiv\u00eb i panterit roz\u00eb,gjat\u00eb gjith\u00eb k\u00ebti viti shpresojm\u00eb qe n\u00eb vitin tjet\u00ebr do t\u00eb reflektoi nj\u00eb ndryshim brenda selis\u00eb roz\u00eb dhe interesi i vendit do t\u00eb gjej\u00eb m\u00eb shum\u00eb shprehje se sa ato qe dominuan deri me tani.<\/p>\n<p><em>30.12.2010<\/em><\/p>\n","protected":false},"excerpt":{"rendered":"<p>Rama pak sa i lodhur, dhe paksa i ftohur me zhvillimet e fundit sikur ka v\u00ebn\u00eb n\u00eb l\u00ebvizje t\u00eb trillt\u00eb Rucin, p\u00ebr t\u00eb rritur akoma m\u00eb shum\u00eb antagonizma ekstrem dhe ekskluziviz\u00ebm subjektiv\u00eb q\u00eb gjithsesi kan\u00eb p\u00ebr q\u00ebllim t\u00eb kap\u00ebrcejn\u00eb interesat e vendit dhe t\u00eb zmadhojn\u00eb armikun n\u00eb trajt\u00ebn e tjetrit. Nga Bekim Rexhepi Opozita nd\u00ebrron [&hellip;]<\/p>\n","protected":false},"author":1,"featured_media":0,"comment_status":"open","ping_status":"closed","sticky":false,"template":"","format":"standard","meta":{"footnotes":""},"categories":[2],"tags":[],"class_list":{"0":"post-5464","1":"post","2":"type-post","3":"status-publish","4":"format-standard","6":"category-artikuj"},"yoast_head":"<!-- This site is optimized with the Yoast SEO plugin v27.4 - https:\/\/yoast.com\/product\/yoast-seo-wordpress\/ -->\n<title>OPOZITA E ZEZ\u00cb DITA - FjALA e LIR\u00cb - Arkivi<\/title>\n<meta name=\"robots\" content=\"index, follow, max-snippet:-1, max-image-preview:large, max-video-preview:-1\" \/>\n<link rel=\"canonical\" href=\"https:\/\/fjala.info\/2009-2015\/opozita-e-zeze-dita\/\" \/>\n<meta property=\"og:locale\" content=\"sq_AL\" \/>\n<meta property=\"og:type\" content=\"article\" \/>\n<meta property=\"og:title\" content=\"OPOZITA E ZEZ\u00cb DITA - FjALA e LIR\u00cb - Arkivi\" \/>\n<meta property=\"og:description\" content=\"Rama pak sa i lodhur, dhe paksa i ftohur me zhvillimet e fundit sikur ka v\u00ebn\u00eb n\u00eb l\u00ebvizje t\u00eb trillt\u00eb Rucin, p\u00ebr t\u00eb rritur akoma m\u00eb shum\u00eb antagonizma ekstrem dhe ekskluziviz\u00ebm subjektiv\u00eb q\u00eb gjithsesi kan\u00eb p\u00ebr q\u00ebllim t\u00eb kap\u00ebrcejn\u00eb interesat e vendit dhe t\u00eb zmadhojn\u00eb armikun n\u00eb trajt\u00ebn e tjetrit. Nga Bekim Rexhepi Opozita nd\u00ebrron [&hellip;]\" \/>\n<meta property=\"og:url\" content=\"https:\/\/fjala.info\/2009-2015\/opozita-e-zeze-dita\/\" \/>\n<meta property=\"og:site_name\" content=\"FjALA e LIR\u00cb - Arkivi\" \/>\n<meta property=\"article:published_time\" content=\"2010-12-31T08:32:00+00:00\" \/>\n<meta property=\"og:image\" content=\"http:\/\/fjala.shkoder.net\/wp-content\/uploads\/2010\/11\/bekim_rexhepi.jpg\" \/>\n<meta name=\"author\" content=\"admin\" \/>\n<meta name=\"twitter:card\" content=\"summary_large_image\" \/>\n<meta name=\"twitter:label1\" content=\"Written by\" \/>\n\t<meta name=\"twitter:data1\" content=\"admin\" \/>\n\t<meta name=\"twitter:label2\" content=\"Est. reading time\" \/>\n\t<meta name=\"twitter:data2\" content=\"5 minutes\" \/>\n<script type=\"application\/ld+json\" class=\"yoast-schema-graph\">{\"@context\":\"https:\\\/\\\/schema.org\",\"@graph\":[{\"@type\":\"Article\",\"@id\":\"https:\\\/\\\/fjala.info\\\/2009-2015\\\/opozita-e-zeze-dita\\\/#article\",\"isPartOf\":{\"@id\":\"https:\\\/\\\/fjala.info\\\/2009-2015\\\/opozita-e-zeze-dita\\\/\"},\"author\":{\"name\":\"admin\",\"@id\":\"https:\\\/\\\/fjala.info\\\/2009-2015\\\/#\\\/schema\\\/person\\\/3aa1163ef05469c496fc94e77611ada2\"},\"headline\":\"OPOZITA E ZEZ\u00cb DITA\",\"datePublished\":\"2010-12-31T08:32:00+00:00\",\"mainEntityOfPage\":{\"@id\":\"https:\\\/\\\/fjala.info\\\/2009-2015\\\/opozita-e-zeze-dita\\\/\"},\"wordCount\":943,\"commentCount\":0,\"publisher\":{\"@id\":\"https:\\\/\\\/fjala.info\\\/2009-2015\\\/#organization\"},\"image\":{\"@id\":\"https:\\\/\\\/fjala.info\\\/2009-2015\\\/opozita-e-zeze-dita\\\/#primaryimage\"},\"thumbnailUrl\":\"http:\\\/\\\/fjala.shkoder.net\\\/wp-content\\\/uploads\\\/2010\\\/11\\\/bekim_rexhepi.jpg\",\"articleSection\":[\"Artikuj\"],\"inLanguage\":\"sq-AL\",\"potentialAction\":[{\"@type\":\"CommentAction\",\"name\":\"Comment\",\"target\":[\"https:\\\/\\\/fjala.info\\\/2009-2015\\\/opozita-e-zeze-dita\\\/#respond\"]}]},{\"@type\":\"WebPage\",\"@id\":\"https:\\\/\\\/fjala.info\\\/2009-2015\\\/opozita-e-zeze-dita\\\/\",\"url\":\"https:\\\/\\\/fjala.info\\\/2009-2015\\\/opozita-e-zeze-dita\\\/\",\"name\":\"OPOZITA E ZEZ\u00cb DITA - FjALA e LIR\u00cb - Arkivi\",\"isPartOf\":{\"@id\":\"https:\\\/\\\/fjala.info\\\/2009-2015\\\/#website\"},\"primaryImageOfPage\":{\"@id\":\"https:\\\/\\\/fjala.info\\\/2009-2015\\\/opozita-e-zeze-dita\\\/#primaryimage\"},\"image\":{\"@id\":\"https:\\\/\\\/fjala.info\\\/2009-2015\\\/opozita-e-zeze-dita\\\/#primaryimage\"},\"thumbnailUrl\":\"http:\\\/\\\/fjala.shkoder.net\\\/wp-content\\\/uploads\\\/2010\\\/11\\\/bekim_rexhepi.jpg\",\"datePublished\":\"2010-12-31T08:32:00+00:00\",\"breadcrumb\":{\"@id\":\"https:\\\/\\\/fjala.info\\\/2009-2015\\\/opozita-e-zeze-dita\\\/#breadcrumb\"},\"inLanguage\":\"sq-AL\",\"potentialAction\":[{\"@type\":\"ReadAction\",\"target\":[\"https:\\\/\\\/fjala.info\\\/2009-2015\\\/opozita-e-zeze-dita\\\/\"]}]},{\"@type\":\"ImageObject\",\"inLanguage\":\"sq-AL\",\"@id\":\"https:\\\/\\\/fjala.info\\\/2009-2015\\\/opozita-e-zeze-dita\\\/#primaryimage\",\"url\":\"http:\\\/\\\/fjala.shkoder.net\\\/wp-content\\\/uploads\\\/2010\\\/11\\\/bekim_rexhepi.jpg\",\"contentUrl\":\"http:\\\/\\\/fjala.shkoder.net\\\/wp-content\\\/uploads\\\/2010\\\/11\\\/bekim_rexhepi.jpg\"},{\"@type\":\"BreadcrumbList\",\"@id\":\"https:\\\/\\\/fjala.info\\\/2009-2015\\\/opozita-e-zeze-dita\\\/#breadcrumb\",\"itemListElement\":[{\"@type\":\"ListItem\",\"position\":1,\"name\":\"Home\",\"item\":\"https:\\\/\\\/fjala.info\\\/2009-2015\\\/\"},{\"@type\":\"ListItem\",\"position\":2,\"name\":\"OPOZITA E ZEZ\u00cb DITA\"}]},{\"@type\":\"WebSite\",\"@id\":\"https:\\\/\\\/fjala.info\\\/2009-2015\\\/#website\",\"url\":\"https:\\\/\\\/fjala.info\\\/2009-2015\\\/\",\"name\":\"FjALA e LIR\u00cb - Arkivi\",\"description\":\"Arkivi 2009-2015\",\"publisher\":{\"@id\":\"https:\\\/\\\/fjala.info\\\/2009-2015\\\/#organization\"},\"potentialAction\":[{\"@type\":\"SearchAction\",\"target\":{\"@type\":\"EntryPoint\",\"urlTemplate\":\"https:\\\/\\\/fjala.info\\\/2009-2015\\\/?s={search_term_string}\"},\"query-input\":{\"@type\":\"PropertyValueSpecification\",\"valueRequired\":true,\"valueName\":\"search_term_string\"}}],\"inLanguage\":\"sq-AL\"},{\"@type\":\"Organization\",\"@id\":\"https:\\\/\\\/fjala.info\\\/2009-2015\\\/#organization\",\"name\":\"FjALA e LIR\u00cb - Arkivi\",\"url\":\"https:\\\/\\\/fjala.info\\\/2009-2015\\\/\",\"logo\":{\"@type\":\"ImageObject\",\"inLanguage\":\"sq-AL\",\"@id\":\"https:\\\/\\\/fjala.info\\\/2009-2015\\\/#\\\/schema\\\/logo\\\/image\\\/\",\"url\":\"\",\"contentUrl\":\"\",\"caption\":\"FjALA e LIR\u00cb - Arkivi\"},\"image\":{\"@id\":\"https:\\\/\\\/fjala.info\\\/2009-2015\\\/#\\\/schema\\\/logo\\\/image\\\/\"}},{\"@type\":\"Person\",\"@id\":\"https:\\\/\\\/fjala.info\\\/2009-2015\\\/#\\\/schema\\\/person\\\/3aa1163ef05469c496fc94e77611ada2\",\"name\":\"admin\",\"image\":{\"@type\":\"ImageObject\",\"inLanguage\":\"sq-AL\",\"@id\":\"https:\\\/\\\/fjala.info\\\/2009-2015\\\/wp-content\\\/uploads\\\/2012\\\/02\\\/arben_cokaj-120x150.jpg\",\"url\":\"https:\\\/\\\/fjala.info\\\/2009-2015\\\/wp-content\\\/uploads\\\/2012\\\/02\\\/arben_cokaj-120x150.jpg\",\"contentUrl\":\"https:\\\/\\\/fjala.info\\\/2009-2015\\\/wp-content\\\/uploads\\\/2012\\\/02\\\/arben_cokaj-120x150.jpg\",\"caption\":\"admin\"},\"description\":\"Admin, Fjala e Lir\u00eb\",\"sameAs\":[\"https:\\\/\\\/fjala.info\\\/\"],\"url\":\"https:\\\/\\\/fjala.info\\\/2009-2015\\\/author\\\/admin\\\/\"}]}<\/script>\n<!-- \/ Yoast SEO plugin. -->","yoast_head_json":{"title":"OPOZITA E ZEZ\u00cb DITA - FjALA e LIR\u00cb - Arkivi","robots":{"index":"index","follow":"follow","max-snippet":"max-snippet:-1","max-image-preview":"max-image-preview:large","max-video-preview":"max-video-preview:-1"},"canonical":"https:\/\/fjala.info\/2009-2015\/opozita-e-zeze-dita\/","og_locale":"sq_AL","og_type":"article","og_title":"OPOZITA E ZEZ\u00cb DITA - FjALA e LIR\u00cb - Arkivi","og_description":"Rama pak sa i lodhur, dhe paksa i ftohur me zhvillimet e fundit sikur ka v\u00ebn\u00eb n\u00eb l\u00ebvizje t\u00eb trillt\u00eb Rucin, p\u00ebr t\u00eb rritur akoma m\u00eb shum\u00eb antagonizma ekstrem dhe ekskluziviz\u00ebm subjektiv\u00eb q\u00eb gjithsesi kan\u00eb p\u00ebr q\u00ebllim t\u00eb kap\u00ebrcejn\u00eb interesat e vendit dhe t\u00eb zmadhojn\u00eb armikun n\u00eb trajt\u00ebn e tjetrit. Nga Bekim Rexhepi Opozita nd\u00ebrron [&hellip;]","og_url":"https:\/\/fjala.info\/2009-2015\/opozita-e-zeze-dita\/","og_site_name":"FjALA e LIR\u00cb - Arkivi","article_published_time":"2010-12-31T08:32:00+00:00","og_image":[{"url":"http:\/\/fjala.shkoder.net\/wp-content\/uploads\/2010\/11\/bekim_rexhepi.jpg","type":"","width":"","height":""}],"author":"admin","twitter_card":"summary_large_image","twitter_misc":{"Written by":"admin","Est. reading time":"5 minutes"},"schema":{"@context":"https:\/\/schema.org","@graph":[{"@type":"Article","@id":"https:\/\/fjala.info\/2009-2015\/opozita-e-zeze-dita\/#article","isPartOf":{"@id":"https:\/\/fjala.info\/2009-2015\/opozita-e-zeze-dita\/"},"author":{"name":"admin","@id":"https:\/\/fjala.info\/2009-2015\/#\/schema\/person\/3aa1163ef05469c496fc94e77611ada2"},"headline":"OPOZITA E ZEZ\u00cb DITA","datePublished":"2010-12-31T08:32:00+00:00","mainEntityOfPage":{"@id":"https:\/\/fjala.info\/2009-2015\/opozita-e-zeze-dita\/"},"wordCount":943,"commentCount":0,"publisher":{"@id":"https:\/\/fjala.info\/2009-2015\/#organization"},"image":{"@id":"https:\/\/fjala.info\/2009-2015\/opozita-e-zeze-dita\/#primaryimage"},"thumbnailUrl":"http:\/\/fjala.shkoder.net\/wp-content\/uploads\/2010\/11\/bekim_rexhepi.jpg","articleSection":["Artikuj"],"inLanguage":"sq-AL","potentialAction":[{"@type":"CommentAction","name":"Comment","target":["https:\/\/fjala.info\/2009-2015\/opozita-e-zeze-dita\/#respond"]}]},{"@type":"WebPage","@id":"https:\/\/fjala.info\/2009-2015\/opozita-e-zeze-dita\/","url":"https:\/\/fjala.info\/2009-2015\/opozita-e-zeze-dita\/","name":"OPOZITA E ZEZ\u00cb DITA - FjALA e LIR\u00cb - Arkivi","isPartOf":{"@id":"https:\/\/fjala.info\/2009-2015\/#website"},"primaryImageOfPage":{"@id":"https:\/\/fjala.info\/2009-2015\/opozita-e-zeze-dita\/#primaryimage"},"image":{"@id":"https:\/\/fjala.info\/2009-2015\/opozita-e-zeze-dita\/#primaryimage"},"thumbnailUrl":"http:\/\/fjala.shkoder.net\/wp-content\/uploads\/2010\/11\/bekim_rexhepi.jpg","datePublished":"2010-12-31T08:32:00+00:00","breadcrumb":{"@id":"https:\/\/fjala.info\/2009-2015\/opozita-e-zeze-dita\/#breadcrumb"},"inLanguage":"sq-AL","potentialAction":[{"@type":"ReadAction","target":["https:\/\/fjala.info\/2009-2015\/opozita-e-zeze-dita\/"]}]},{"@type":"ImageObject","inLanguage":"sq-AL","@id":"https:\/\/fjala.info\/2009-2015\/opozita-e-zeze-dita\/#primaryimage","url":"http:\/\/fjala.shkoder.net\/wp-content\/uploads\/2010\/11\/bekim_rexhepi.jpg","contentUrl":"http:\/\/fjala.shkoder.net\/wp-content\/uploads\/2010\/11\/bekim_rexhepi.jpg"},{"@type":"BreadcrumbList","@id":"https:\/\/fjala.info\/2009-2015\/opozita-e-zeze-dita\/#breadcrumb","itemListElement":[{"@type":"ListItem","position":1,"name":"Home","item":"https:\/\/fjala.info\/2009-2015\/"},{"@type":"ListItem","position":2,"name":"OPOZITA E ZEZ\u00cb DITA"}]},{"@type":"WebSite","@id":"https:\/\/fjala.info\/2009-2015\/#website","url":"https:\/\/fjala.info\/2009-2015\/","name":"FjALA e LIR\u00cb - Arkivi","description":"Arkivi 2009-2015","publisher":{"@id":"https:\/\/fjala.info\/2009-2015\/#organization"},"potentialAction":[{"@type":"SearchAction","target":{"@type":"EntryPoint","urlTemplate":"https:\/\/fjala.info\/2009-2015\/?s={search_term_string}"},"query-input":{"@type":"PropertyValueSpecification","valueRequired":true,"valueName":"search_term_string"}}],"inLanguage":"sq-AL"},{"@type":"Organization","@id":"https:\/\/fjala.info\/2009-2015\/#organization","name":"FjALA e LIR\u00cb - Arkivi","url":"https:\/\/fjala.info\/2009-2015\/","logo":{"@type":"ImageObject","inLanguage":"sq-AL","@id":"https:\/\/fjala.info\/2009-2015\/#\/schema\/logo\/image\/","url":"","contentUrl":"","caption":"FjALA e LIR\u00cb - Arkivi"},"image":{"@id":"https:\/\/fjala.info\/2009-2015\/#\/schema\/logo\/image\/"}},{"@type":"Person","@id":"https:\/\/fjala.info\/2009-2015\/#\/schema\/person\/3aa1163ef05469c496fc94e77611ada2","name":"admin","image":{"@type":"ImageObject","inLanguage":"sq-AL","@id":"https:\/\/fjala.info\/2009-2015\/wp-content\/uploads\/2012\/02\/arben_cokaj-120x150.jpg","url":"https:\/\/fjala.info\/2009-2015\/wp-content\/uploads\/2012\/02\/arben_cokaj-120x150.jpg","contentUrl":"https:\/\/fjala.info\/2009-2015\/wp-content\/uploads\/2012\/02\/arben_cokaj-120x150.jpg","caption":"admin"},"description":"Admin, Fjala e Lir\u00eb","sameAs":["https:\/\/fjala.info\/"],"url":"https:\/\/fjala.info\/2009-2015\/author\/admin\/"}]}},"_links":{"self":[{"href":"https:\/\/fjala.info\/2009-2015\/wp-json\/wp\/v2\/posts\/5464","targetHints":{"allow":["GET"]}}],"collection":[{"href":"https:\/\/fjala.info\/2009-2015\/wp-json\/wp\/v2\/posts"}],"about":[{"href":"https:\/\/fjala.info\/2009-2015\/wp-json\/wp\/v2\/types\/post"}],"author":[{"embeddable":true,"href":"https:\/\/fjala.info\/2009-2015\/wp-json\/wp\/v2\/users\/1"}],"replies":[{"embeddable":true,"href":"https:\/\/fjala.info\/2009-2015\/wp-json\/wp\/v2\/comments?post=5464"}],"version-history":[{"count":0,"href":"https:\/\/fjala.info\/2009-2015\/wp-json\/wp\/v2\/posts\/5464\/revisions"}],"wp:attachment":[{"href":"https:\/\/fjala.info\/2009-2015\/wp-json\/wp\/v2\/media?parent=5464"}],"wp:term":[{"taxonomy":"category","embeddable":true,"href":"https:\/\/fjala.info\/2009-2015\/wp-json\/wp\/v2\/categories?post=5464"},{"taxonomy":"post_tag","embeddable":true,"href":"https:\/\/fjala.info\/2009-2015\/wp-json\/wp\/v2\/tags?post=5464"}],"curies":[{"name":"wp","href":"https:\/\/api.w.org\/{rel}","templated":true}]}}