{"id":5461,"date":"2010-12-30T21:22:05","date_gmt":"2010-12-30T20:22:05","guid":{"rendered":"http:\/\/fjala.shkoder.net\/?p=5461"},"modified":"2010-12-30T21:22:05","modified_gmt":"2010-12-30T20:22:05","slug":"si-berisha-mbron-kushtetuten-duke-e-perdhunuar","status":"publish","type":"post","link":"https:\/\/fjala.info\/2009-2015\/si-berisha-mbron-kushtetuten-duke-e-perdhunuar\/","title":{"rendered":"SI BERISHA \u201cMBRON\u201d KUSHTETUT\u00cbN DUKE E P\u00cbRDHUNUAR"},"content":{"rendered":"<p><img loading=\"lazy\" decoding=\"async\" class=\"alignleft size-full wp-image-4140\" title=\"Andrea Stefani\" src=\"http:\/\/fjala.shkoder.net\/wp-content\/uploads\/2010\/10\/andrea_stefani.jpg\" alt=\"\" width=\"108\" height=\"118\" \/><\/p>\n<p><strong>Andrea Stefani<\/strong>, <em>30.12.2010<\/em><\/p>\n<p>Kjo q\u00eb sapo ka ndodhur \u00ebsht\u00eb absolutisht groteske! Shumica parlamentare ka dhunuar t\u00eb drejt\u00ebn kushtetuese t\u00eb pakic\u00ebs p\u00ebr t\u00eb ngritur nj\u00eb komision p\u00ebr hetimin e materialeve zgjedhore nd\u00ebrkoh\u00eb q\u00eb Kryeministri Berisha deklaron se nj\u00eb gj\u00eb e till\u00eb \u00ebsht\u00eb b\u00ebr\u00eb p\u00ebr t\u00eb mbrojtur Kushtetut\u00ebn. Por as deklaratat demagogjike t\u00eb Berish\u00ebs dhe as sajesat \u201cligjore\u201d t\u00eb jurist\u00ebve t\u00eb tij, nuk e fshehin dot nj\u00eb tjet\u00ebr fakt t\u00eb sh\u00ebmtuar t\u00eb ushtrimit t\u00eb tiranis\u00eb s\u00eb shumic\u00ebs mbi opozit\u00ebn politike n\u00eb Kuvendin e Shqip\u00ebris\u00eb.<\/p>\n<p>Nj\u00eb tirani q\u00eb duke penguar hetimin e materialeve zgjedhore, p\u00ebrpiqet jo vet\u00ebm t\u00eb fsheh\u00eb grabitjen e votave n\u00eb zgjedhjet e qershorit t\u00eb vitit t\u00eb kaluar por, \u00e7\u2019\u00ebsht\u00eb m\u00eb e rrezikshmja, t\u00eb ruaj\u00eb t\u00eb paprekur makinerin\u00eb e vjedhjes s\u00eb vot\u00ebs n\u00eb funksion t\u00eb zgjedhjeve lokale q\u00eb po afrojn\u00eb. \u00cbsht\u00eb nj\u00eb tirani q\u00eb po e largon Shqip\u00ebrin\u00eb nga projekti i integrimit europian.<\/p>\n<p style=\"text-align: center;\">* * *<\/p>\n<p>Mjafton t\u00eb lexosh nenin 77 t\u00eb Kushtetut\u00ebs s\u00eb Republik\u00ebs se Shqip\u00ebris\u00eb p\u00ebr t\u00eb kuptuar dhunimin q\u00eb i \u00ebsht\u00eb b\u00ebr\u00eb opozit\u00ebs n\u00eb t\u00eb drejt\u00ebn e saj, si dhe Kushtetut\u00ebs vet\u00eb. N\u00eb k\u00ebt\u00eb nen shkruhet e zez\u00eb mbi t\u00eb bardh\u00eb se: \u201cKuvendi ka t\u00eb drejt\u00eb dhe, me k\u00ebrkes\u00ebn e nj\u00eb t\u00eb kat\u00ebrt\u00ebs s\u00eb t\u00eb gjith\u00eb an\u00ebtar\u00ebve t\u00eb tij, \u00ebsht\u00eb i detyruar t\u00eb caktoj\u00eb nj\u00eb komision hetimi p\u00ebr t\u00eb shqyrtuar nj\u00eb \u00e7\u00ebshtje t\u00eb ve\u00e7ant\u00eb\u201d. Kemi n\u00ebnvizuar jo m\u00eb kot pjes\u00ebn ku shkruhet se Kuvendi \u201c\u00ebsht\u00eb i detyruar\u201d t\u00eb ngrej\u00eb komisionin hetimor kur k\u00ebt\u00eb e k\u00ebrkon nj\u00eb pakic\u00eb sa nj\u00eb e kat\u00ebrta e tij. P\u00ebr rastin n\u00eb fjal\u00eb komisionin p\u00ebr hetimin e zgjedhjeve e k\u00ebrkon jo nj\u00eb e kat\u00ebrta, por thuajse gjysma e Kuvendit. At\u00ebher\u00eb p\u00ebrse nuk u ngrit komisioni. Sepse n\u00eb k\u00ebt\u00eb shtet nuk qeveriset me Kushtetut\u00eb dhe ligj, por sipas vullnetit t\u00eb kreut t\u00eb shumic\u00ebs parlamentare q\u00eb \u00ebsht\u00eb nj\u00ebherazi edhe Kryeminist\u00ebr.<\/p>\n<p>Ai nuk do q\u00eb t\u00eb ngrihet ky komision hetimor dhe ai nuk ngrihet pavar\u00ebsisht se \u00ebsht\u00eb Kushtetuta q\u00eb e detyron Kuvendin pra edhe shumic\u00ebn ta ngrej\u00eb k\u00ebt\u00eb komision me k\u00ebrkes\u00eb t\u00eb nj\u00eb pakice. Dhe t\u00eb vendos\u00ebsh mbi Kushtetut\u00ebn p\u00ebr\u00e7artjet e nj\u00eb Kryeministri mbi gjoja pamund\u00ebsin\u00eb e ngritjes s\u00eb nj\u00eb komisioni hetimor n\u00eb munges\u00eb t\u00eb fakteve dhe grupfakteve, \u00ebsht\u00eb ta p\u00ebrmbys\u00ebsh Kushtetut\u00ebn dhe bashk\u00eb me t\u00eb edhe gjith\u00eb sistemin. Sepse sikund\u00ebr ka interpretuar edhe Gjykata Kushtetuese: \u201cE drejta e hetimit parlamentar \u00ebsht\u00eb zhvilluar n\u00eb kuptimin e s\u00eb drejt\u00ebs s\u00eb pakicave n\u00eb Parlament&#8230;me q\u00ebllim q\u00eb t\u2019u jap\u00eb atyre nj\u00eb pushtet t\u00eb fort\u00eb&#8230;<\/p>\n<p>Kjo e drejt\u00eb sh\u00ebrben nj\u00ebkoh\u00ebsisht edhe si mjet n\u00eb duart e pakic\u00ebs parlamentare p\u00ebr t\u00eb ushtruar kontroll kryesisht kundrejt ekzekutivit dhe p\u00ebr t\u00eb k\u00ebrkuar v\u00ebnien para p\u00ebrgjegj\u00ebsis\u00eb t\u00eb mbajt\u00ebsve t\u00eb pushtetit&#8230;N\u00eb nj\u00eb sistem parlamentar, duke qen\u00eb se qeveria formohet nga shumica parlamentare e cila ka n\u00eb dor\u00eb shum\u00eb mjete t\u00eb tjera ligjore, e drejta e kontrollit hetimor i \u00ebsht\u00eb njohur sidomos pakic\u00ebs, q\u00eb duke i pasur t\u00eb kufizuara mjetet e saj, ta shnd\u00ebrroj\u00eb at\u00eb n\u00eb nj\u00eb instrument t\u00eb fuqish\u00ebm kushtetues\u201d. Kjo \u00ebsht\u00eb logjika e Kushtetut\u00ebs, logjika e vullnetit t\u00eb sovranit t\u00eb plazmuar n\u00eb t\u00eb. Por \u00e7\u2019ndodhi n\u00eb Kuvend seanc\u00ebn e fundit t\u00eb k\u00ebtij viti q\u00eb po mbyllet? Krejt e kund\u00ebrta.<\/p>\n<p>N\u00eb fakt, nj\u00eb pu\u00e7 mbi vullnetin e sovranit dhe Kushtetut\u00ebn. E drejta e pakic\u00ebs p\u00ebr hetim parlamentar u dhunua nga shumica. Tashm\u00eb n\u00eb Shqip\u00ebri nuk \u00ebsht\u00eb pakica ajo q\u00eb vendos t\u00eb ngrej\u00eb nj\u00eb hetim parlamentar p\u00ebr t\u00eb v\u00ebn\u00eb para p\u00ebrgjegj\u00ebsis\u00eb mbajt\u00ebsit e pushtetit, por p\u00ebrkundrazi jan\u00eb mbajt\u00ebsit e pushtetit ata q\u00eb i tregojn\u00eb pakic\u00ebs n\u00ebse duhet ta ngrej\u00eb apo jo nj\u00eb komision hetimor. Duke pohuar k\u00ebt\u00eb fakt, ke th\u00ebn\u00eb nj\u00ebherazi se sistemi parlamentar n\u00eb Shqip\u00ebri \u00ebsht\u00eb goditur n\u00eb zem\u00ebr t\u00eb tij duke degjeneruar n\u00eb nj\u00eb sistem tiranik. Sapo kemi par\u00eb nj\u00eb tjet\u00ebr zhvillim i cili u b\u00ebn sfid\u00eb kritikave t\u00eb Komisionit Europian (EC) lidhur me keqfunksionimin e Parlamentit n\u00eb Shqip\u00ebri.<\/p>\n<p>N\u00eb opinionin e tij t\u00eb n\u00ebntorit t\u00eb k\u00ebtij viti, EC n\u00ebnvizonte me shqet\u00ebsim se \u201c&#8230;Parlamenti nuk ushtron mbik\u00ebqyrje dhe kontroll efektiv mbi qeverin\u00eb&#8230;\u201d. Tashm\u00eb shihet qart\u00eb se qeveria Berisha \u00ebsht\u00eb e vendosur t\u00eb mos lejoj\u00eb q\u00eb Parlamenti, t\u00eb ushtroj\u00eb mbik\u00ebqyrje dhe kontroll efektiv mbi qeverin\u00eb n\u00ebp\u00ebrmjet hetimeve parlamentare t\u00eb nismuara nga pakica. Madje, Kryeministri Berisha deklaron publikisht se kontrolli qenka nj\u00eb sakrilegj! Natyrisht q\u00eb \u00ebsht\u00eb i till\u00eb p\u00ebr \u00e7do tiran q\u00eb \u00ebsht\u00eb m\u00ebsuar vet\u00ebm t\u00eb kontrolloj\u00eb, por t\u00eb mos kontrollohet, q\u00eb \u00ebsht\u00eb m\u00ebsuar t\u00eb k\u00ebrkoj\u00eb llogari, por t\u00eb mos jap\u00eb kurr\u00eb llogari.<\/p>\n<p style=\"text-align: center;\">* * *<\/p>\n<p>Me vendimin p\u00ebr t\u00eb mos i njohur pakic\u00ebs t\u00eb drejt\u00ebn e komisionit hetimor, pushteti berishist po ec\u00ebn n\u00eb drejtim t\u00eb kund\u00ebrt me piketat e vendosura nga Komisioni Europian. \u00cbsht\u00eb nj\u00eb drejtim q\u00eb nuk \u00e7on n\u00eb fuqizimin e demokracis\u00eb kushtetuese, por t\u00eb tiranis\u00eb. \u00cbsht\u00eb nj\u00eb kahje q\u00eb e largon Shqip\u00ebrin\u00eb nga Europa. Por mos vall\u00eb e drejta e pakic\u00ebs p\u00ebr hetim parlamentar \u00ebsht\u00eb e pakufizuar. Aspak! Por kufijt\u00eb e k\u00ebsaj t\u00eb drejte jan\u00eb p\u00ebrcaktuar me Kushtetut\u00eb dhe nuk \u00ebsht\u00eb vullneti i asnj\u00eb Kryeministri q\u00eb i p\u00ebrcakton ato.<\/p>\n<p>E drejta e pakic\u00ebs shtrihet deri aty ku nuk cenohet e drejta e pushteteve t\u00eb tjera. Komisioni hetimor nuk ka t\u00eb drejt\u00eb t\u00eb hetoj\u00eb, p\u00ebr shembull, drejt\u00ebsin\u00eb e vendimeve t\u00eb Kolegjit Zgjedhor. Komisioni hetimor i drejtuar nga pakica nuk duhet t\u00eb b\u00ebj\u00eb pik\u00ebrisht at\u00eb q\u00eb b\u00ebri dikur komisioni parlamentar n\u00eb rastin e kryeprokurorit, Theodhori Sollaku. Ai komision i drejtuar nga berishian\u00ebt, hetoi vendimmarrjen e prokuroris\u00eb, gj\u00eb q\u00eb \u00ebsht\u00eb nj\u00eb dhunim i parimit t\u00eb ndarjes s\u00eb pushteteve.<\/p>\n<p>Sot jan\u00eb po t\u00eb nj\u00ebjt\u00ebt politikan\u00eb q\u00eb ngjiren se po \u201cmbrojn\u00eb\u201d Kushtetut\u00ebn n\u00eb nj\u00eb koh\u00eb q\u00eb po e dhunojn\u00eb p\u00ebrs\u00ebri at\u00eb. \u00cbsht\u00eb po i nj\u00ebjti Berish\u00eb q\u00eb ka t\u00eb regjistruar n\u00eb karrier\u00ebn e tij si Kryeminist\u00ebr, me dhjet\u00ebra tentativa p\u00ebr t\u00eb mpiksur aspiratat e tij antikushtetuese n\u00eb projektligje. K\u00ebtij klani tiranik, Kushtetuta nuk i njeh asnj\u00eb t\u00eb drejt\u00eb p\u00ebr t\u00eb vendosur me shumic\u00eb se kur dhe si ngrihet nj\u00eb komision i k\u00ebrkuar nga pakica. Ajo i urdh\u00ebron ata ta ngren\u00eb komisionin duke iu bindur pakic\u00ebs. Por te bindja ndaj Kushtetut\u00ebs Berisha, sikund\u00ebr \u00e7do tiran, sheh fundin e sundimit t\u00eb tij. Prandaj \u00ebsht\u00eb detyr\u00eb e opozit\u00ebs q\u00eb ta detyroj\u00eb Berish\u00ebn t\u2019i bindet Kushtetut\u00ebs. Me se? Me t\u00eb gjith\u00eb arsenalin e mbetur demokratik p\u00ebr liri dhe demokraci!<\/p>\n","protected":false},"excerpt":{"rendered":"<p>Andrea Stefani, 30.12.2010 Kjo q\u00eb sapo ka ndodhur \u00ebsht\u00eb absolutisht groteske! Shumica parlamentare ka dhunuar t\u00eb drejt\u00ebn kushtetuese t\u00eb pakic\u00ebs p\u00ebr t\u00eb ngritur nj\u00eb komision p\u00ebr hetimin e materialeve zgjedhore nd\u00ebrkoh\u00eb q\u00eb Kryeministri Berisha deklaron se nj\u00eb gj\u00eb e till\u00eb \u00ebsht\u00eb b\u00ebr\u00eb p\u00ebr t\u00eb mbrojtur Kushtetut\u00ebn. Por as deklaratat demagogjike t\u00eb Berish\u00ebs dhe as sajesat [&hellip;]<\/p>\n","protected":false},"author":1,"featured_media":0,"comment_status":"open","ping_status":"closed","sticky":false,"template":"","format":"standard","meta":{"footnotes":""},"categories":[2],"tags":[],"class_list":{"0":"post-5461","1":"post","2":"type-post","3":"status-publish","4":"format-standard","6":"category-artikuj"},"yoast_head":"<!-- This site is optimized with the Yoast SEO plugin v27.4 - https:\/\/yoast.com\/product\/yoast-seo-wordpress\/ -->\n<title>SI BERISHA \u201cMBRON\u201d KUSHTETUT\u00cbN DUKE E P\u00cbRDHUNUAR - FjALA e LIR\u00cb - Arkivi<\/title>\n<meta name=\"robots\" content=\"index, follow, max-snippet:-1, max-image-preview:large, max-video-preview:-1\" \/>\n<link rel=\"canonical\" href=\"https:\/\/fjala.info\/2009-2015\/si-berisha-mbron-kushtetuten-duke-e-perdhunuar\/\" \/>\n<meta property=\"og:locale\" content=\"sq_AL\" \/>\n<meta property=\"og:type\" content=\"article\" \/>\n<meta property=\"og:title\" content=\"SI BERISHA \u201cMBRON\u201d KUSHTETUT\u00cbN DUKE E P\u00cbRDHUNUAR - FjALA e LIR\u00cb - Arkivi\" \/>\n<meta property=\"og:description\" content=\"Andrea Stefani, 30.12.2010 Kjo q\u00eb sapo ka ndodhur \u00ebsht\u00eb absolutisht groteske! Shumica parlamentare ka dhunuar t\u00eb drejt\u00ebn kushtetuese t\u00eb pakic\u00ebs p\u00ebr t\u00eb ngritur nj\u00eb komision p\u00ebr hetimin e materialeve zgjedhore nd\u00ebrkoh\u00eb q\u00eb Kryeministri Berisha deklaron se nj\u00eb gj\u00eb e till\u00eb \u00ebsht\u00eb b\u00ebr\u00eb p\u00ebr t\u00eb mbrojtur Kushtetut\u00ebn. Por as deklaratat demagogjike t\u00eb Berish\u00ebs dhe as sajesat [&hellip;]\" \/>\n<meta property=\"og:url\" content=\"https:\/\/fjala.info\/2009-2015\/si-berisha-mbron-kushtetuten-duke-e-perdhunuar\/\" \/>\n<meta property=\"og:site_name\" content=\"FjALA e LIR\u00cb - Arkivi\" \/>\n<meta property=\"article:published_time\" content=\"2010-12-30T20:22:05+00:00\" \/>\n<meta property=\"og:image\" content=\"http:\/\/fjala.shkoder.net\/wp-content\/uploads\/2010\/10\/andrea_stefani.jpg\" \/>\n<meta name=\"author\" content=\"admin\" \/>\n<meta name=\"twitter:card\" content=\"summary_large_image\" \/>\n<meta name=\"twitter:label1\" content=\"Written by\" \/>\n\t<meta name=\"twitter:data1\" content=\"admin\" \/>\n\t<meta name=\"twitter:label2\" content=\"Est. reading time\" \/>\n\t<meta name=\"twitter:data2\" content=\"6 minutes\" \/>\n<script type=\"application\/ld+json\" class=\"yoast-schema-graph\">{\"@context\":\"https:\\\/\\\/schema.org\",\"@graph\":[{\"@type\":\"Article\",\"@id\":\"https:\\\/\\\/fjala.info\\\/2009-2015\\\/si-berisha-mbron-kushtetuten-duke-e-perdhunuar\\\/#article\",\"isPartOf\":{\"@id\":\"https:\\\/\\\/fjala.info\\\/2009-2015\\\/si-berisha-mbron-kushtetuten-duke-e-perdhunuar\\\/\"},\"author\":{\"name\":\"admin\",\"@id\":\"https:\\\/\\\/fjala.info\\\/2009-2015\\\/#\\\/schema\\\/person\\\/3aa1163ef05469c496fc94e77611ada2\"},\"headline\":\"SI BERISHA \u201cMBRON\u201d KUSHTETUT\u00cbN DUKE E P\u00cbRDHUNUAR\",\"datePublished\":\"2010-12-30T20:22:05+00:00\",\"mainEntityOfPage\":{\"@id\":\"https:\\\/\\\/fjala.info\\\/2009-2015\\\/si-berisha-mbron-kushtetuten-duke-e-perdhunuar\\\/\"},\"wordCount\":1158,\"commentCount\":0,\"publisher\":{\"@id\":\"https:\\\/\\\/fjala.info\\\/2009-2015\\\/#organization\"},\"image\":{\"@id\":\"https:\\\/\\\/fjala.info\\\/2009-2015\\\/si-berisha-mbron-kushtetuten-duke-e-perdhunuar\\\/#primaryimage\"},\"thumbnailUrl\":\"http:\\\/\\\/fjala.shkoder.net\\\/wp-content\\\/uploads\\\/2010\\\/10\\\/andrea_stefani.jpg\",\"articleSection\":[\"Artikuj\"],\"inLanguage\":\"sq-AL\",\"potentialAction\":[{\"@type\":\"CommentAction\",\"name\":\"Comment\",\"target\":[\"https:\\\/\\\/fjala.info\\\/2009-2015\\\/si-berisha-mbron-kushtetuten-duke-e-perdhunuar\\\/#respond\"]}]},{\"@type\":\"WebPage\",\"@id\":\"https:\\\/\\\/fjala.info\\\/2009-2015\\\/si-berisha-mbron-kushtetuten-duke-e-perdhunuar\\\/\",\"url\":\"https:\\\/\\\/fjala.info\\\/2009-2015\\\/si-berisha-mbron-kushtetuten-duke-e-perdhunuar\\\/\",\"name\":\"SI BERISHA \u201cMBRON\u201d KUSHTETUT\u00cbN DUKE E P\u00cbRDHUNUAR - FjALA e LIR\u00cb - Arkivi\",\"isPartOf\":{\"@id\":\"https:\\\/\\\/fjala.info\\\/2009-2015\\\/#website\"},\"primaryImageOfPage\":{\"@id\":\"https:\\\/\\\/fjala.info\\\/2009-2015\\\/si-berisha-mbron-kushtetuten-duke-e-perdhunuar\\\/#primaryimage\"},\"image\":{\"@id\":\"https:\\\/\\\/fjala.info\\\/2009-2015\\\/si-berisha-mbron-kushtetuten-duke-e-perdhunuar\\\/#primaryimage\"},\"thumbnailUrl\":\"http:\\\/\\\/fjala.shkoder.net\\\/wp-content\\\/uploads\\\/2010\\\/10\\\/andrea_stefani.jpg\",\"datePublished\":\"2010-12-30T20:22:05+00:00\",\"breadcrumb\":{\"@id\":\"https:\\\/\\\/fjala.info\\\/2009-2015\\\/si-berisha-mbron-kushtetuten-duke-e-perdhunuar\\\/#breadcrumb\"},\"inLanguage\":\"sq-AL\",\"potentialAction\":[{\"@type\":\"ReadAction\",\"target\":[\"https:\\\/\\\/fjala.info\\\/2009-2015\\\/si-berisha-mbron-kushtetuten-duke-e-perdhunuar\\\/\"]}]},{\"@type\":\"ImageObject\",\"inLanguage\":\"sq-AL\",\"@id\":\"https:\\\/\\\/fjala.info\\\/2009-2015\\\/si-berisha-mbron-kushtetuten-duke-e-perdhunuar\\\/#primaryimage\",\"url\":\"http:\\\/\\\/fjala.shkoder.net\\\/wp-content\\\/uploads\\\/2010\\\/10\\\/andrea_stefani.jpg\",\"contentUrl\":\"http:\\\/\\\/fjala.shkoder.net\\\/wp-content\\\/uploads\\\/2010\\\/10\\\/andrea_stefani.jpg\"},{\"@type\":\"BreadcrumbList\",\"@id\":\"https:\\\/\\\/fjala.info\\\/2009-2015\\\/si-berisha-mbron-kushtetuten-duke-e-perdhunuar\\\/#breadcrumb\",\"itemListElement\":[{\"@type\":\"ListItem\",\"position\":1,\"name\":\"Home\",\"item\":\"https:\\\/\\\/fjala.info\\\/2009-2015\\\/\"},{\"@type\":\"ListItem\",\"position\":2,\"name\":\"SI BERISHA \u201cMBRON\u201d KUSHTETUT\u00cbN DUKE E P\u00cbRDHUNUAR\"}]},{\"@type\":\"WebSite\",\"@id\":\"https:\\\/\\\/fjala.info\\\/2009-2015\\\/#website\",\"url\":\"https:\\\/\\\/fjala.info\\\/2009-2015\\\/\",\"name\":\"FjALA e LIR\u00cb - Arkivi\",\"description\":\"Arkivi 2009-2015\",\"publisher\":{\"@id\":\"https:\\\/\\\/fjala.info\\\/2009-2015\\\/#organization\"},\"potentialAction\":[{\"@type\":\"SearchAction\",\"target\":{\"@type\":\"EntryPoint\",\"urlTemplate\":\"https:\\\/\\\/fjala.info\\\/2009-2015\\\/?s={search_term_string}\"},\"query-input\":{\"@type\":\"PropertyValueSpecification\",\"valueRequired\":true,\"valueName\":\"search_term_string\"}}],\"inLanguage\":\"sq-AL\"},{\"@type\":\"Organization\",\"@id\":\"https:\\\/\\\/fjala.info\\\/2009-2015\\\/#organization\",\"name\":\"FjALA e LIR\u00cb - Arkivi\",\"url\":\"https:\\\/\\\/fjala.info\\\/2009-2015\\\/\",\"logo\":{\"@type\":\"ImageObject\",\"inLanguage\":\"sq-AL\",\"@id\":\"https:\\\/\\\/fjala.info\\\/2009-2015\\\/#\\\/schema\\\/logo\\\/image\\\/\",\"url\":\"\",\"contentUrl\":\"\",\"caption\":\"FjALA e LIR\u00cb - Arkivi\"},\"image\":{\"@id\":\"https:\\\/\\\/fjala.info\\\/2009-2015\\\/#\\\/schema\\\/logo\\\/image\\\/\"}},{\"@type\":\"Person\",\"@id\":\"https:\\\/\\\/fjala.info\\\/2009-2015\\\/#\\\/schema\\\/person\\\/3aa1163ef05469c496fc94e77611ada2\",\"name\":\"admin\",\"image\":{\"@type\":\"ImageObject\",\"inLanguage\":\"sq-AL\",\"@id\":\"https:\\\/\\\/fjala.info\\\/2009-2015\\\/wp-content\\\/uploads\\\/2012\\\/02\\\/arben_cokaj-120x150.jpg\",\"url\":\"https:\\\/\\\/fjala.info\\\/2009-2015\\\/wp-content\\\/uploads\\\/2012\\\/02\\\/arben_cokaj-120x150.jpg\",\"contentUrl\":\"https:\\\/\\\/fjala.info\\\/2009-2015\\\/wp-content\\\/uploads\\\/2012\\\/02\\\/arben_cokaj-120x150.jpg\",\"caption\":\"admin\"},\"description\":\"Admin, Fjala e Lir\u00eb\",\"sameAs\":[\"https:\\\/\\\/fjala.info\\\/\"],\"url\":\"https:\\\/\\\/fjala.info\\\/2009-2015\\\/author\\\/admin\\\/\"}]}<\/script>\n<!-- \/ Yoast SEO plugin. -->","yoast_head_json":{"title":"SI BERISHA \u201cMBRON\u201d KUSHTETUT\u00cbN DUKE E P\u00cbRDHUNUAR - FjALA e LIR\u00cb - Arkivi","robots":{"index":"index","follow":"follow","max-snippet":"max-snippet:-1","max-image-preview":"max-image-preview:large","max-video-preview":"max-video-preview:-1"},"canonical":"https:\/\/fjala.info\/2009-2015\/si-berisha-mbron-kushtetuten-duke-e-perdhunuar\/","og_locale":"sq_AL","og_type":"article","og_title":"SI BERISHA \u201cMBRON\u201d KUSHTETUT\u00cbN DUKE E P\u00cbRDHUNUAR - FjALA e LIR\u00cb - Arkivi","og_description":"Andrea Stefani, 30.12.2010 Kjo q\u00eb sapo ka ndodhur \u00ebsht\u00eb absolutisht groteske! Shumica parlamentare ka dhunuar t\u00eb drejt\u00ebn kushtetuese t\u00eb pakic\u00ebs p\u00ebr t\u00eb ngritur nj\u00eb komision p\u00ebr hetimin e materialeve zgjedhore nd\u00ebrkoh\u00eb q\u00eb Kryeministri Berisha deklaron se nj\u00eb gj\u00eb e till\u00eb \u00ebsht\u00eb b\u00ebr\u00eb p\u00ebr t\u00eb mbrojtur Kushtetut\u00ebn. Por as deklaratat demagogjike t\u00eb Berish\u00ebs dhe as sajesat [&hellip;]","og_url":"https:\/\/fjala.info\/2009-2015\/si-berisha-mbron-kushtetuten-duke-e-perdhunuar\/","og_site_name":"FjALA e LIR\u00cb - Arkivi","article_published_time":"2010-12-30T20:22:05+00:00","og_image":[{"url":"http:\/\/fjala.shkoder.net\/wp-content\/uploads\/2010\/10\/andrea_stefani.jpg","type":"","width":"","height":""}],"author":"admin","twitter_card":"summary_large_image","twitter_misc":{"Written by":"admin","Est. reading time":"6 minutes"},"schema":{"@context":"https:\/\/schema.org","@graph":[{"@type":"Article","@id":"https:\/\/fjala.info\/2009-2015\/si-berisha-mbron-kushtetuten-duke-e-perdhunuar\/#article","isPartOf":{"@id":"https:\/\/fjala.info\/2009-2015\/si-berisha-mbron-kushtetuten-duke-e-perdhunuar\/"},"author":{"name":"admin","@id":"https:\/\/fjala.info\/2009-2015\/#\/schema\/person\/3aa1163ef05469c496fc94e77611ada2"},"headline":"SI BERISHA \u201cMBRON\u201d KUSHTETUT\u00cbN DUKE E P\u00cbRDHUNUAR","datePublished":"2010-12-30T20:22:05+00:00","mainEntityOfPage":{"@id":"https:\/\/fjala.info\/2009-2015\/si-berisha-mbron-kushtetuten-duke-e-perdhunuar\/"},"wordCount":1158,"commentCount":0,"publisher":{"@id":"https:\/\/fjala.info\/2009-2015\/#organization"},"image":{"@id":"https:\/\/fjala.info\/2009-2015\/si-berisha-mbron-kushtetuten-duke-e-perdhunuar\/#primaryimage"},"thumbnailUrl":"http:\/\/fjala.shkoder.net\/wp-content\/uploads\/2010\/10\/andrea_stefani.jpg","articleSection":["Artikuj"],"inLanguage":"sq-AL","potentialAction":[{"@type":"CommentAction","name":"Comment","target":["https:\/\/fjala.info\/2009-2015\/si-berisha-mbron-kushtetuten-duke-e-perdhunuar\/#respond"]}]},{"@type":"WebPage","@id":"https:\/\/fjala.info\/2009-2015\/si-berisha-mbron-kushtetuten-duke-e-perdhunuar\/","url":"https:\/\/fjala.info\/2009-2015\/si-berisha-mbron-kushtetuten-duke-e-perdhunuar\/","name":"SI BERISHA \u201cMBRON\u201d KUSHTETUT\u00cbN DUKE E P\u00cbRDHUNUAR - FjALA e LIR\u00cb - Arkivi","isPartOf":{"@id":"https:\/\/fjala.info\/2009-2015\/#website"},"primaryImageOfPage":{"@id":"https:\/\/fjala.info\/2009-2015\/si-berisha-mbron-kushtetuten-duke-e-perdhunuar\/#primaryimage"},"image":{"@id":"https:\/\/fjala.info\/2009-2015\/si-berisha-mbron-kushtetuten-duke-e-perdhunuar\/#primaryimage"},"thumbnailUrl":"http:\/\/fjala.shkoder.net\/wp-content\/uploads\/2010\/10\/andrea_stefani.jpg","datePublished":"2010-12-30T20:22:05+00:00","breadcrumb":{"@id":"https:\/\/fjala.info\/2009-2015\/si-berisha-mbron-kushtetuten-duke-e-perdhunuar\/#breadcrumb"},"inLanguage":"sq-AL","potentialAction":[{"@type":"ReadAction","target":["https:\/\/fjala.info\/2009-2015\/si-berisha-mbron-kushtetuten-duke-e-perdhunuar\/"]}]},{"@type":"ImageObject","inLanguage":"sq-AL","@id":"https:\/\/fjala.info\/2009-2015\/si-berisha-mbron-kushtetuten-duke-e-perdhunuar\/#primaryimage","url":"http:\/\/fjala.shkoder.net\/wp-content\/uploads\/2010\/10\/andrea_stefani.jpg","contentUrl":"http:\/\/fjala.shkoder.net\/wp-content\/uploads\/2010\/10\/andrea_stefani.jpg"},{"@type":"BreadcrumbList","@id":"https:\/\/fjala.info\/2009-2015\/si-berisha-mbron-kushtetuten-duke-e-perdhunuar\/#breadcrumb","itemListElement":[{"@type":"ListItem","position":1,"name":"Home","item":"https:\/\/fjala.info\/2009-2015\/"},{"@type":"ListItem","position":2,"name":"SI BERISHA \u201cMBRON\u201d KUSHTETUT\u00cbN DUKE E P\u00cbRDHUNUAR"}]},{"@type":"WebSite","@id":"https:\/\/fjala.info\/2009-2015\/#website","url":"https:\/\/fjala.info\/2009-2015\/","name":"FjALA e LIR\u00cb - Arkivi","description":"Arkivi 2009-2015","publisher":{"@id":"https:\/\/fjala.info\/2009-2015\/#organization"},"potentialAction":[{"@type":"SearchAction","target":{"@type":"EntryPoint","urlTemplate":"https:\/\/fjala.info\/2009-2015\/?s={search_term_string}"},"query-input":{"@type":"PropertyValueSpecification","valueRequired":true,"valueName":"search_term_string"}}],"inLanguage":"sq-AL"},{"@type":"Organization","@id":"https:\/\/fjala.info\/2009-2015\/#organization","name":"FjALA e LIR\u00cb - Arkivi","url":"https:\/\/fjala.info\/2009-2015\/","logo":{"@type":"ImageObject","inLanguage":"sq-AL","@id":"https:\/\/fjala.info\/2009-2015\/#\/schema\/logo\/image\/","url":"","contentUrl":"","caption":"FjALA e LIR\u00cb - Arkivi"},"image":{"@id":"https:\/\/fjala.info\/2009-2015\/#\/schema\/logo\/image\/"}},{"@type":"Person","@id":"https:\/\/fjala.info\/2009-2015\/#\/schema\/person\/3aa1163ef05469c496fc94e77611ada2","name":"admin","image":{"@type":"ImageObject","inLanguage":"sq-AL","@id":"https:\/\/fjala.info\/2009-2015\/wp-content\/uploads\/2012\/02\/arben_cokaj-120x150.jpg","url":"https:\/\/fjala.info\/2009-2015\/wp-content\/uploads\/2012\/02\/arben_cokaj-120x150.jpg","contentUrl":"https:\/\/fjala.info\/2009-2015\/wp-content\/uploads\/2012\/02\/arben_cokaj-120x150.jpg","caption":"admin"},"description":"Admin, Fjala e Lir\u00eb","sameAs":["https:\/\/fjala.info\/"],"url":"https:\/\/fjala.info\/2009-2015\/author\/admin\/"}]}},"_links":{"self":[{"href":"https:\/\/fjala.info\/2009-2015\/wp-json\/wp\/v2\/posts\/5461","targetHints":{"allow":["GET"]}}],"collection":[{"href":"https:\/\/fjala.info\/2009-2015\/wp-json\/wp\/v2\/posts"}],"about":[{"href":"https:\/\/fjala.info\/2009-2015\/wp-json\/wp\/v2\/types\/post"}],"author":[{"embeddable":true,"href":"https:\/\/fjala.info\/2009-2015\/wp-json\/wp\/v2\/users\/1"}],"replies":[{"embeddable":true,"href":"https:\/\/fjala.info\/2009-2015\/wp-json\/wp\/v2\/comments?post=5461"}],"version-history":[{"count":0,"href":"https:\/\/fjala.info\/2009-2015\/wp-json\/wp\/v2\/posts\/5461\/revisions"}],"wp:attachment":[{"href":"https:\/\/fjala.info\/2009-2015\/wp-json\/wp\/v2\/media?parent=5461"}],"wp:term":[{"taxonomy":"category","embeddable":true,"href":"https:\/\/fjala.info\/2009-2015\/wp-json\/wp\/v2\/categories?post=5461"},{"taxonomy":"post_tag","embeddable":true,"href":"https:\/\/fjala.info\/2009-2015\/wp-json\/wp\/v2\/tags?post=5461"}],"curies":[{"name":"wp","href":"https:\/\/api.w.org\/{rel}","templated":true}]}}