{"id":5459,"date":"2010-12-30T21:18:40","date_gmt":"2010-12-30T20:18:40","guid":{"rendered":"http:\/\/fjala.shkoder.net\/?p=5459"},"modified":"2010-12-30T21:18:40","modified_gmt":"2010-12-30T20:18:40","slug":"demonet-e-kohes-me-mandate","status":"publish","type":"post","link":"https:\/\/fjala.info\/2009-2015\/demonet-e-kohes-me-mandate\/","title":{"rendered":"\u201cDemon\u00ebt\u201d e koh\u00ebs me mandate"},"content":{"rendered":"<p><img loading=\"lazy\" decoding=\"async\" src=\"http:\/\/fjala.shkoder.net\/wp-content\/uploads\/2010\/10\/aleksander_cipa.jpg\" alt=\"\" title=\"Aleksand\u00ebr \u00c7ipa\" width=\"150\" height=\"112\" class=\"alignleft size-full wp-image-4417\" \/><strong>Aleksand\u00ebr \u00c7ipa<\/strong>, <em>30.12.2010<\/em><\/p>\n<p>Ku po e l\u00ebm\u00eb vitin 2010? Si po e shkelim pragun e kohsh\u00ebm t\u00eb Vitit t\u00eb Ri 2011?<br \/>\nNj\u00eb p\u00ebrgjigje e par\u00eb do t\u00eb ishte: Pandryshueshm\u00ebrish 2011-n po e nisim si nj\u00eb zgjatim t\u00eb vitit politik 2010. Nd\u00ebrsa n\u00eb nj\u00eb metaforizim apo rregullim fraze, mund t\u00eb shtonim, po e l\u00ebm\u00eb vitin e sapombyllur 2010, \u201cshtatz\u00ebn\u00eb\u201d me kriz\u00eb.<\/p>\n<p>\u00cbsht\u00eb dhurata m\u00eb e frikshme q\u00eb politika i b\u00ebn koh\u00ebs s\u00eb ardhme t\u00eb nj\u00eb shoq\u00ebrie. \u00cbsht\u00eb e frikshme, jo p\u00ebr arsyen e par\u00eb t\u00eb kriz\u00ebs pa fund dhe pa kufizim kohor shtrirjeje, por p\u00ebr faktin se n\u00eb p\u00ebrvoj\u00ebn e deritanishme t\u00eb koh\u00ebs s\u00eb nj\u00eb mandati politik, edhe pozita, edhe opozita e kan\u00eb humbur sensin e p\u00ebrgjegjshm\u00ebris\u00eb ndaj koh\u00ebs. M\u00eb shkurt e kan\u00eb shp\u00ebrfillur nevoj\u00ebn e pasjes s\u00eb sensit t\u00eb mas\u00ebs p\u00ebr koh\u00ebn. N\u00eb k\u00ebt\u00eb shp\u00ebrfillje po kalojn\u00eb pragun e nj\u00eb viti duke hyr\u00eb te tjetri, duke mos ndryshuar s\u00eb pari, form\u00ebn demoniake t\u00eb shp\u00ebrdorimit t\u00eb koh\u00ebs s\u00eb nj\u00eb vendi, t\u00eb nj\u00eb shoq\u00ebrie e ve\u00e7an\u00ebrisht t\u00eb individ\u00ebve t\u00eb k\u00ebsaj shoq\u00ebrie.<\/p>\n<p>Me k\u00ebt\u00eb klas\u00eb politike dhe me k\u00ebta krer\u00eb udh\u00ebheq\u00ebsie, po hyjm\u00eb n\u00eb mesin e dyt\u00eb t\u00eb mosh\u00ebs s\u00eb ish-diktatur\u00ebs komuniste. N\u00eb dit\u00eb dhe or\u00eb t\u00eb tilla fundviti, biem n\u00eb prehrin e nj\u00eb refleksioni t\u00eb natyrsh\u00ebm vetjak, ku shohim se n\u00eb sipar t\u00eb koh\u00ebs q\u00eb pruri prij\u00ebsit e rinj t\u00eb koh\u00ebs son\u00eb, ne ishim t\u00eb rinjt\u00eb optimist\u00eb e romantik\u00eb dhe sot jemi \u201cbijt\u00eb e lodhur\u201d jo prej koh\u00ebs s\u00eb re q\u00eb desh\u00ebm, por prej prij\u00ebsve t\u00eb vjet\u00ebr t\u00eb koh\u00ebs s\u00eb re. Kjo dialektik\u00eb n\u00eb Shqip\u00ebri prizmohet keqas p\u00ebr arsyen e vetme se jemi b\u00ebr\u00eb d\u00ebshmitar\u00eb t\u00eb koh\u00ebs s\u00eb ndenjur dhe t\u00eb politikan\u00ebve q\u00eb korrin e korrin n\u00eb \u201cl\u00ebmin e kot\u00ebsis\u00eb\u201d koh\u00ebn e popullit q\u00eb i zgjedh, pa i vet\u00ebvotuar.<\/p>\n<p>N\u00eb k\u00ebt\u00eb m\u00ebnyr\u00eb, koha e mandateve t\u00eb p\u00ebrcaktuara shnd\u00ebrrohet n\u00eb nj\u00eb koh\u00eb pa krye dhe pa limit. Kjo zhb\u00ebrje kohore shnd\u00ebrrohet n\u00eb mentalitet dhe bindje gati demoniake. Vitet e qeverisjes s\u00eb ardhme nuk konceptohen si koh\u00eb fizike, por si besim propagandistik. Kryeministri Berisha po flet p\u00ebr qeverisjen e tij q\u00eb do t\u00eb zgjas\u00eb edhe diku te 30 vjet t\u00eb ardhme, sikund\u00ebr kryetari i opozit\u00ebs e ka zhytur n\u00eb harres\u00eb t\u00eb plot\u00eb kalendarin e qeverisjes s\u00eb tij si kryebashkiak i Tiran\u00ebs. Dy protagonist\u00ebt antagonist\u00eb, po p\u00ebrdorin nj\u00ebjt\u00ebsisht logjik\u00ebn e koh\u00ebs p\u00ebr mandatet q\u00eb posedojn\u00eb. Kjo \u00ebsht\u00eb dialektika e stopuar politike e udh\u00ebheq\u00ebsis\u00eb politike t\u00eb k\u00ebtij vendi.<\/p>\n<p>N\u00eb k\u00ebt\u00eb dialektik\u00eb t\u00eb mbetur po mbipeshohet stanjacioni dhe mavijosja e \u201cng\u00ebr\u00e7it\u201d. Nj\u00eb koh\u00eb q\u00eb mbahet \u201cshtatz\u00ebn\u00eb\u201d me sherr e konflikt, por nuk lind asgj\u00eb. Nj\u00eb paradoks apo monst\u00ebr tipike shqiptare. Nj\u00eb kreatur\u00eb e sh\u00ebmtuar tranzicioni, me p\u00ebrmbajtje demoniake dhe imazh kimerik. Kjo \u00ebsht\u00eb koha e mandateve pa afate q\u00eb po konsumojn\u00eb udh\u00ebheq\u00ebsit tan\u00eb. N\u00eb k\u00ebt\u00eb m\u00ebnyr\u00eb, nisin nj\u00eb vit me urimin-mallkim dhe e mbyllin at\u00eb me mallkimin-urim. E vetmja dhurat\u00eb e mallkuar p\u00ebr shqiptar\u00ebt e k\u00ebsaj Shqip\u00ebrie t\u00eb lodhur dhe t\u00eb par\u00eb n\u00eb dy optika, \u00ebsht\u00eb konflikti dhe mospajtueshm\u00ebria e dy korpuseve tona politike.<\/p>\n<p>Kjo \u201cdhurat\u00eb\u201d \u00ebsht\u00eb autoriale. Ajo po parathuhet, si e till\u00eb p\u00ebr vitin 2011, prej vet\u00eb autor\u00ebve, pra nga dy protagonist\u00ebt potencial\u00eb, p\u00ebrkat\u00ebsisht Kryeministrit Berisha dhe kryeopozitarit Rama.<\/p>\n<p>Koha e vitit t\u00eb ri p\u00ebr vendin po shfaqet me nj\u00eb kalendar t\u00eb paracaktuar, me m\u00eb shum\u00eb dilema se sa shenja horoskopi.<\/p>\n<p>Asnjeri prej dy udh\u00ebheq\u00ebsve nuk u dha qytetar\u00ebve iden\u00eb p\u00ebr nj\u00eb projekt t\u00eb af\u00ebrt dhe real p\u00ebr vendin. Kryeministri, n\u00eb oratorin\u00eb- monolog t\u00eb 105 minutave para reporter\u00ebve, pa t\u00eb drejt\u00eb pyetjeje, foli p\u00ebr pem\u00ebtarin\u00eb dhe fisnik\u00ebrin\u00eb e ullirit, por m\u00eb shum\u00eb u vet\u00ebndie n\u00eb poltronin e kryeqeveris\u00ebsit q\u00eb ka edhe gjith\u00ebfuqin\u00eb e Kronosit.<\/p>\n<p>P\u00ebrball\u00eb tij, kreu i opozit\u00ebs, Rama, rikonfirmoi vendosm\u00ebrin\u00eb p\u00ebr beteja pa rezultat, t\u00eb cilat jan\u00eb i vetmi kalendar aksionesh p\u00ebr opozit\u00ebn. N\u00eb k\u00ebt\u00eb m\u00ebnyr\u00eb, viti i ri po hyn duke qen\u00eb i eklipsuar prej imazhit t\u00eb ndenjur t\u00eb politik\u00ebs p\u00ebrplas\u00ebse. P\u00ebrbaltja dhe akuzat jan\u00eb arma e vjet\u00ebr q\u00eb po shiten si dhurat\u00eb e vetme e k\u00ebtij cikli t\u00eb ri dit\u00eb-net\u00ebsh t\u00eb ardhme shqiptare. Nj\u00eb betej\u00eb p\u00ebr t\u00eb mbetur n\u00eb peizazhin e vjet\u00ebr t\u00eb politik\u00ebs s\u00eb tranzicionit. Askush nuk merr p\u00ebrsip\u00ebr t\u00eb rip\u00ebrmend\u00eb faktin se kemi mb\u00ebrritur n\u00eb epilog t\u00eb tranzicionit, pasi shum\u00ebkush e ndien se ky kapitull, i shpresuar si i fundit, paska edhe shum\u00eb e shum\u00eb koh\u00eb p\u00ebr t\u2019u mbyllur. Projektet e p\u00ebrdorura si maska elektorale apo qoft\u00eb edhe si fasada elektorale, jan\u00eb i vetmi mjet p\u00ebr t\u00eb maskuar p\u00ebrgjegj\u00ebsin\u00eb e \u201cdemon\u00ebve\u201d tan\u00eb politik\u00eb. Jan\u00eb fatkeq\u00ebsisht \u201cdemon\u00eb\u201d me mandate q\u00eb po e mbajn\u00eb n\u00eb k\u00ebt\u00eb gjendje stanjacioni, koh\u00ebn dhe skepticizmin e shqiptar\u00ebve.<\/p>\n<p>Mes koh\u00ebs s\u00eb tyre dhe koh\u00ebs s\u00eb d\u00ebshirueshme europiane t\u00eb shumic\u00ebs s\u00eb qytetar\u00ebve t\u00eb vendit, ekziston diferenc\u00eb dhe ndryshim i madh. Matan\u00eb demagogjis\u00eb s\u00eb saj \u00ebsht\u00eb koha reale q\u00eb konsumon njer\u00ebzimin, por \u00ebsht\u00eb edhe mosha q\u00eb sh\u00ebnjohet n\u00eb m\u00ebnyr\u00eb t\u00eb pazhb\u00ebshme te vet\u00eb politikan\u00ebt q\u00eb sensin e koh\u00ebs e fitojn\u00eb vet\u00ebm n\u00eb raportin sht\u00ebpiak dhe e humbasin rishtazi n\u00eb pragdaljen e p\u00ebrditshme nga sht\u00ebpia.<\/p>\n","protected":false},"excerpt":{"rendered":"<p>Aleksand\u00ebr \u00c7ipa, 30.12.2010 Ku po e l\u00ebm\u00eb vitin 2010? Si po e shkelim pragun e kohsh\u00ebm t\u00eb Vitit t\u00eb Ri 2011? Nj\u00eb p\u00ebrgjigje e par\u00eb do t\u00eb ishte: Pandryshueshm\u00ebrish 2011-n po e nisim si nj\u00eb zgjatim t\u00eb vitit politik 2010. Nd\u00ebrsa n\u00eb nj\u00eb metaforizim apo rregullim fraze, mund t\u00eb shtonim, po e l\u00ebm\u00eb vitin e [&hellip;]<\/p>\n","protected":false},"author":1,"featured_media":0,"comment_status":"open","ping_status":"closed","sticky":false,"template":"","format":"standard","meta":{"footnotes":""},"categories":[2],"tags":[],"class_list":{"0":"post-5459","1":"post","2":"type-post","3":"status-publish","4":"format-standard","6":"category-artikuj"},"yoast_head":"<!-- This site is optimized with the Yoast SEO plugin v27.4 - https:\/\/yoast.com\/product\/yoast-seo-wordpress\/ -->\n<title>\u201cDemon\u00ebt\u201d e koh\u00ebs me mandate - FjALA e LIR\u00cb - Arkivi<\/title>\n<meta name=\"robots\" content=\"index, follow, max-snippet:-1, max-image-preview:large, max-video-preview:-1\" \/>\n<link rel=\"canonical\" href=\"https:\/\/fjala.info\/2009-2015\/demonet-e-kohes-me-mandate\/\" \/>\n<meta property=\"og:locale\" content=\"sq_AL\" \/>\n<meta property=\"og:type\" content=\"article\" \/>\n<meta property=\"og:title\" content=\"\u201cDemon\u00ebt\u201d e koh\u00ebs me mandate - FjALA e LIR\u00cb - Arkivi\" \/>\n<meta property=\"og:description\" content=\"Aleksand\u00ebr \u00c7ipa, 30.12.2010 Ku po e l\u00ebm\u00eb vitin 2010? Si po e shkelim pragun e kohsh\u00ebm t\u00eb Vitit t\u00eb Ri 2011? Nj\u00eb p\u00ebrgjigje e par\u00eb do t\u00eb ishte: Pandryshueshm\u00ebrish 2011-n po e nisim si nj\u00eb zgjatim t\u00eb vitit politik 2010. Nd\u00ebrsa n\u00eb nj\u00eb metaforizim apo rregullim fraze, mund t\u00eb shtonim, po e l\u00ebm\u00eb vitin e [&hellip;]\" \/>\n<meta property=\"og:url\" content=\"https:\/\/fjala.info\/2009-2015\/demonet-e-kohes-me-mandate\/\" \/>\n<meta property=\"og:site_name\" content=\"FjALA e LIR\u00cb - Arkivi\" \/>\n<meta property=\"article:published_time\" content=\"2010-12-30T20:18:40+00:00\" \/>\n<meta property=\"og:image\" content=\"http:\/\/fjala.shkoder.net\/wp-content\/uploads\/2010\/10\/aleksander_cipa.jpg\" \/>\n<meta name=\"author\" content=\"admin\" \/>\n<meta name=\"twitter:card\" content=\"summary_large_image\" \/>\n<meta name=\"twitter:label1\" content=\"Written by\" \/>\n\t<meta name=\"twitter:data1\" content=\"admin\" \/>\n\t<meta name=\"twitter:label2\" content=\"Est. reading time\" \/>\n\t<meta name=\"twitter:data2\" content=\"5 minutes\" \/>\n<script type=\"application\/ld+json\" class=\"yoast-schema-graph\">{\"@context\":\"https:\\\/\\\/schema.org\",\"@graph\":[{\"@type\":\"Article\",\"@id\":\"https:\\\/\\\/fjala.info\\\/2009-2015\\\/demonet-e-kohes-me-mandate\\\/#article\",\"isPartOf\":{\"@id\":\"https:\\\/\\\/fjala.info\\\/2009-2015\\\/demonet-e-kohes-me-mandate\\\/\"},\"author\":{\"name\":\"admin\",\"@id\":\"https:\\\/\\\/fjala.info\\\/2009-2015\\\/#\\\/schema\\\/person\\\/3aa1163ef05469c496fc94e77611ada2\"},\"headline\":\"\u201cDemon\u00ebt\u201d e koh\u00ebs me mandate\",\"datePublished\":\"2010-12-30T20:18:40+00:00\",\"mainEntityOfPage\":{\"@id\":\"https:\\\/\\\/fjala.info\\\/2009-2015\\\/demonet-e-kohes-me-mandate\\\/\"},\"wordCount\":972,\"commentCount\":0,\"publisher\":{\"@id\":\"https:\\\/\\\/fjala.info\\\/2009-2015\\\/#organization\"},\"image\":{\"@id\":\"https:\\\/\\\/fjala.info\\\/2009-2015\\\/demonet-e-kohes-me-mandate\\\/#primaryimage\"},\"thumbnailUrl\":\"http:\\\/\\\/fjala.shkoder.net\\\/wp-content\\\/uploads\\\/2010\\\/10\\\/aleksander_cipa.jpg\",\"articleSection\":[\"Artikuj\"],\"inLanguage\":\"sq-AL\",\"potentialAction\":[{\"@type\":\"CommentAction\",\"name\":\"Comment\",\"target\":[\"https:\\\/\\\/fjala.info\\\/2009-2015\\\/demonet-e-kohes-me-mandate\\\/#respond\"]}]},{\"@type\":\"WebPage\",\"@id\":\"https:\\\/\\\/fjala.info\\\/2009-2015\\\/demonet-e-kohes-me-mandate\\\/\",\"url\":\"https:\\\/\\\/fjala.info\\\/2009-2015\\\/demonet-e-kohes-me-mandate\\\/\",\"name\":\"\u201cDemon\u00ebt\u201d e koh\u00ebs me mandate - FjALA e LIR\u00cb - Arkivi\",\"isPartOf\":{\"@id\":\"https:\\\/\\\/fjala.info\\\/2009-2015\\\/#website\"},\"primaryImageOfPage\":{\"@id\":\"https:\\\/\\\/fjala.info\\\/2009-2015\\\/demonet-e-kohes-me-mandate\\\/#primaryimage\"},\"image\":{\"@id\":\"https:\\\/\\\/fjala.info\\\/2009-2015\\\/demonet-e-kohes-me-mandate\\\/#primaryimage\"},\"thumbnailUrl\":\"http:\\\/\\\/fjala.shkoder.net\\\/wp-content\\\/uploads\\\/2010\\\/10\\\/aleksander_cipa.jpg\",\"datePublished\":\"2010-12-30T20:18:40+00:00\",\"breadcrumb\":{\"@id\":\"https:\\\/\\\/fjala.info\\\/2009-2015\\\/demonet-e-kohes-me-mandate\\\/#breadcrumb\"},\"inLanguage\":\"sq-AL\",\"potentialAction\":[{\"@type\":\"ReadAction\",\"target\":[\"https:\\\/\\\/fjala.info\\\/2009-2015\\\/demonet-e-kohes-me-mandate\\\/\"]}]},{\"@type\":\"ImageObject\",\"inLanguage\":\"sq-AL\",\"@id\":\"https:\\\/\\\/fjala.info\\\/2009-2015\\\/demonet-e-kohes-me-mandate\\\/#primaryimage\",\"url\":\"http:\\\/\\\/fjala.shkoder.net\\\/wp-content\\\/uploads\\\/2010\\\/10\\\/aleksander_cipa.jpg\",\"contentUrl\":\"http:\\\/\\\/fjala.shkoder.net\\\/wp-content\\\/uploads\\\/2010\\\/10\\\/aleksander_cipa.jpg\"},{\"@type\":\"BreadcrumbList\",\"@id\":\"https:\\\/\\\/fjala.info\\\/2009-2015\\\/demonet-e-kohes-me-mandate\\\/#breadcrumb\",\"itemListElement\":[{\"@type\":\"ListItem\",\"position\":1,\"name\":\"Home\",\"item\":\"https:\\\/\\\/fjala.info\\\/2009-2015\\\/\"},{\"@type\":\"ListItem\",\"position\":2,\"name\":\"\u201cDemon\u00ebt\u201d e koh\u00ebs me mandate\"}]},{\"@type\":\"WebSite\",\"@id\":\"https:\\\/\\\/fjala.info\\\/2009-2015\\\/#website\",\"url\":\"https:\\\/\\\/fjala.info\\\/2009-2015\\\/\",\"name\":\"FjALA e LIR\u00cb - Arkivi\",\"description\":\"Arkivi 2009-2015\",\"publisher\":{\"@id\":\"https:\\\/\\\/fjala.info\\\/2009-2015\\\/#organization\"},\"potentialAction\":[{\"@type\":\"SearchAction\",\"target\":{\"@type\":\"EntryPoint\",\"urlTemplate\":\"https:\\\/\\\/fjala.info\\\/2009-2015\\\/?s={search_term_string}\"},\"query-input\":{\"@type\":\"PropertyValueSpecification\",\"valueRequired\":true,\"valueName\":\"search_term_string\"}}],\"inLanguage\":\"sq-AL\"},{\"@type\":\"Organization\",\"@id\":\"https:\\\/\\\/fjala.info\\\/2009-2015\\\/#organization\",\"name\":\"FjALA e LIR\u00cb - Arkivi\",\"url\":\"https:\\\/\\\/fjala.info\\\/2009-2015\\\/\",\"logo\":{\"@type\":\"ImageObject\",\"inLanguage\":\"sq-AL\",\"@id\":\"https:\\\/\\\/fjala.info\\\/2009-2015\\\/#\\\/schema\\\/logo\\\/image\\\/\",\"url\":\"\",\"contentUrl\":\"\",\"caption\":\"FjALA e LIR\u00cb - Arkivi\"},\"image\":{\"@id\":\"https:\\\/\\\/fjala.info\\\/2009-2015\\\/#\\\/schema\\\/logo\\\/image\\\/\"}},{\"@type\":\"Person\",\"@id\":\"https:\\\/\\\/fjala.info\\\/2009-2015\\\/#\\\/schema\\\/person\\\/3aa1163ef05469c496fc94e77611ada2\",\"name\":\"admin\",\"image\":{\"@type\":\"ImageObject\",\"inLanguage\":\"sq-AL\",\"@id\":\"https:\\\/\\\/fjala.info\\\/2009-2015\\\/wp-content\\\/uploads\\\/2012\\\/02\\\/arben_cokaj-120x150.jpg\",\"url\":\"https:\\\/\\\/fjala.info\\\/2009-2015\\\/wp-content\\\/uploads\\\/2012\\\/02\\\/arben_cokaj-120x150.jpg\",\"contentUrl\":\"https:\\\/\\\/fjala.info\\\/2009-2015\\\/wp-content\\\/uploads\\\/2012\\\/02\\\/arben_cokaj-120x150.jpg\",\"caption\":\"admin\"},\"description\":\"Admin, Fjala e Lir\u00eb\",\"sameAs\":[\"https:\\\/\\\/fjala.info\\\/\"],\"url\":\"https:\\\/\\\/fjala.info\\\/2009-2015\\\/author\\\/admin\\\/\"}]}<\/script>\n<!-- \/ Yoast SEO plugin. -->","yoast_head_json":{"title":"\u201cDemon\u00ebt\u201d e koh\u00ebs me mandate - FjALA e LIR\u00cb - Arkivi","robots":{"index":"index","follow":"follow","max-snippet":"max-snippet:-1","max-image-preview":"max-image-preview:large","max-video-preview":"max-video-preview:-1"},"canonical":"https:\/\/fjala.info\/2009-2015\/demonet-e-kohes-me-mandate\/","og_locale":"sq_AL","og_type":"article","og_title":"\u201cDemon\u00ebt\u201d e koh\u00ebs me mandate - FjALA e LIR\u00cb - Arkivi","og_description":"Aleksand\u00ebr \u00c7ipa, 30.12.2010 Ku po e l\u00ebm\u00eb vitin 2010? Si po e shkelim pragun e kohsh\u00ebm t\u00eb Vitit t\u00eb Ri 2011? Nj\u00eb p\u00ebrgjigje e par\u00eb do t\u00eb ishte: Pandryshueshm\u00ebrish 2011-n po e nisim si nj\u00eb zgjatim t\u00eb vitit politik 2010. Nd\u00ebrsa n\u00eb nj\u00eb metaforizim apo rregullim fraze, mund t\u00eb shtonim, po e l\u00ebm\u00eb vitin e [&hellip;]","og_url":"https:\/\/fjala.info\/2009-2015\/demonet-e-kohes-me-mandate\/","og_site_name":"FjALA e LIR\u00cb - Arkivi","article_published_time":"2010-12-30T20:18:40+00:00","og_image":[{"url":"http:\/\/fjala.shkoder.net\/wp-content\/uploads\/2010\/10\/aleksander_cipa.jpg","type":"","width":"","height":""}],"author":"admin","twitter_card":"summary_large_image","twitter_misc":{"Written by":"admin","Est. reading time":"5 minutes"},"schema":{"@context":"https:\/\/schema.org","@graph":[{"@type":"Article","@id":"https:\/\/fjala.info\/2009-2015\/demonet-e-kohes-me-mandate\/#article","isPartOf":{"@id":"https:\/\/fjala.info\/2009-2015\/demonet-e-kohes-me-mandate\/"},"author":{"name":"admin","@id":"https:\/\/fjala.info\/2009-2015\/#\/schema\/person\/3aa1163ef05469c496fc94e77611ada2"},"headline":"\u201cDemon\u00ebt\u201d e koh\u00ebs me mandate","datePublished":"2010-12-30T20:18:40+00:00","mainEntityOfPage":{"@id":"https:\/\/fjala.info\/2009-2015\/demonet-e-kohes-me-mandate\/"},"wordCount":972,"commentCount":0,"publisher":{"@id":"https:\/\/fjala.info\/2009-2015\/#organization"},"image":{"@id":"https:\/\/fjala.info\/2009-2015\/demonet-e-kohes-me-mandate\/#primaryimage"},"thumbnailUrl":"http:\/\/fjala.shkoder.net\/wp-content\/uploads\/2010\/10\/aleksander_cipa.jpg","articleSection":["Artikuj"],"inLanguage":"sq-AL","potentialAction":[{"@type":"CommentAction","name":"Comment","target":["https:\/\/fjala.info\/2009-2015\/demonet-e-kohes-me-mandate\/#respond"]}]},{"@type":"WebPage","@id":"https:\/\/fjala.info\/2009-2015\/demonet-e-kohes-me-mandate\/","url":"https:\/\/fjala.info\/2009-2015\/demonet-e-kohes-me-mandate\/","name":"\u201cDemon\u00ebt\u201d e koh\u00ebs me mandate - FjALA e LIR\u00cb - Arkivi","isPartOf":{"@id":"https:\/\/fjala.info\/2009-2015\/#website"},"primaryImageOfPage":{"@id":"https:\/\/fjala.info\/2009-2015\/demonet-e-kohes-me-mandate\/#primaryimage"},"image":{"@id":"https:\/\/fjala.info\/2009-2015\/demonet-e-kohes-me-mandate\/#primaryimage"},"thumbnailUrl":"http:\/\/fjala.shkoder.net\/wp-content\/uploads\/2010\/10\/aleksander_cipa.jpg","datePublished":"2010-12-30T20:18:40+00:00","breadcrumb":{"@id":"https:\/\/fjala.info\/2009-2015\/demonet-e-kohes-me-mandate\/#breadcrumb"},"inLanguage":"sq-AL","potentialAction":[{"@type":"ReadAction","target":["https:\/\/fjala.info\/2009-2015\/demonet-e-kohes-me-mandate\/"]}]},{"@type":"ImageObject","inLanguage":"sq-AL","@id":"https:\/\/fjala.info\/2009-2015\/demonet-e-kohes-me-mandate\/#primaryimage","url":"http:\/\/fjala.shkoder.net\/wp-content\/uploads\/2010\/10\/aleksander_cipa.jpg","contentUrl":"http:\/\/fjala.shkoder.net\/wp-content\/uploads\/2010\/10\/aleksander_cipa.jpg"},{"@type":"BreadcrumbList","@id":"https:\/\/fjala.info\/2009-2015\/demonet-e-kohes-me-mandate\/#breadcrumb","itemListElement":[{"@type":"ListItem","position":1,"name":"Home","item":"https:\/\/fjala.info\/2009-2015\/"},{"@type":"ListItem","position":2,"name":"\u201cDemon\u00ebt\u201d e koh\u00ebs me mandate"}]},{"@type":"WebSite","@id":"https:\/\/fjala.info\/2009-2015\/#website","url":"https:\/\/fjala.info\/2009-2015\/","name":"FjALA e LIR\u00cb - Arkivi","description":"Arkivi 2009-2015","publisher":{"@id":"https:\/\/fjala.info\/2009-2015\/#organization"},"potentialAction":[{"@type":"SearchAction","target":{"@type":"EntryPoint","urlTemplate":"https:\/\/fjala.info\/2009-2015\/?s={search_term_string}"},"query-input":{"@type":"PropertyValueSpecification","valueRequired":true,"valueName":"search_term_string"}}],"inLanguage":"sq-AL"},{"@type":"Organization","@id":"https:\/\/fjala.info\/2009-2015\/#organization","name":"FjALA e LIR\u00cb - Arkivi","url":"https:\/\/fjala.info\/2009-2015\/","logo":{"@type":"ImageObject","inLanguage":"sq-AL","@id":"https:\/\/fjala.info\/2009-2015\/#\/schema\/logo\/image\/","url":"","contentUrl":"","caption":"FjALA e LIR\u00cb - Arkivi"},"image":{"@id":"https:\/\/fjala.info\/2009-2015\/#\/schema\/logo\/image\/"}},{"@type":"Person","@id":"https:\/\/fjala.info\/2009-2015\/#\/schema\/person\/3aa1163ef05469c496fc94e77611ada2","name":"admin","image":{"@type":"ImageObject","inLanguage":"sq-AL","@id":"https:\/\/fjala.info\/2009-2015\/wp-content\/uploads\/2012\/02\/arben_cokaj-120x150.jpg","url":"https:\/\/fjala.info\/2009-2015\/wp-content\/uploads\/2012\/02\/arben_cokaj-120x150.jpg","contentUrl":"https:\/\/fjala.info\/2009-2015\/wp-content\/uploads\/2012\/02\/arben_cokaj-120x150.jpg","caption":"admin"},"description":"Admin, Fjala e Lir\u00eb","sameAs":["https:\/\/fjala.info\/"],"url":"https:\/\/fjala.info\/2009-2015\/author\/admin\/"}]}},"_links":{"self":[{"href":"https:\/\/fjala.info\/2009-2015\/wp-json\/wp\/v2\/posts\/5459","targetHints":{"allow":["GET"]}}],"collection":[{"href":"https:\/\/fjala.info\/2009-2015\/wp-json\/wp\/v2\/posts"}],"about":[{"href":"https:\/\/fjala.info\/2009-2015\/wp-json\/wp\/v2\/types\/post"}],"author":[{"embeddable":true,"href":"https:\/\/fjala.info\/2009-2015\/wp-json\/wp\/v2\/users\/1"}],"replies":[{"embeddable":true,"href":"https:\/\/fjala.info\/2009-2015\/wp-json\/wp\/v2\/comments?post=5459"}],"version-history":[{"count":0,"href":"https:\/\/fjala.info\/2009-2015\/wp-json\/wp\/v2\/posts\/5459\/revisions"}],"wp:attachment":[{"href":"https:\/\/fjala.info\/2009-2015\/wp-json\/wp\/v2\/media?parent=5459"}],"wp:term":[{"taxonomy":"category","embeddable":true,"href":"https:\/\/fjala.info\/2009-2015\/wp-json\/wp\/v2\/categories?post=5459"},{"taxonomy":"post_tag","embeddable":true,"href":"https:\/\/fjala.info\/2009-2015\/wp-json\/wp\/v2\/tags?post=5459"}],"curies":[{"name":"wp","href":"https:\/\/api.w.org\/{rel}","templated":true}]}}