{"id":5454,"date":"2010-12-30T20:36:07","date_gmt":"2010-12-30T19:36:07","guid":{"rendered":"http:\/\/fjala.shkoder.net\/?p=5454"},"modified":"2010-12-30T20:36:07","modified_gmt":"2010-12-30T19:36:07","slug":"nje-zinxhir-floriri-per-medien-shqiptare","status":"publish","type":"post","link":"https:\/\/fjala.info\/2009-2015\/nje-zinxhir-floriri-per-medien-shqiptare\/","title":{"rendered":"Nj\u00eb zinxhir floriri p\u00ebr medien shqiptare"},"content":{"rendered":"<p><img loading=\"lazy\" decoding=\"async\" class=\"alignright size-full wp-image-4090\" title=\"Mero Baze\" src=\"http:\/\/fjala.shkoder.net\/wp-content\/uploads\/2010\/10\/mero_baze1.jpg\" alt=\"\" width=\"149\" height=\"200\" \/><br \/>\n<strong>Mero Baze<\/strong>, <em>29 dhjetor 2010<\/em><\/p>\n<p>N\u00eb dy gazeta t\u00eb p\u00ebrditshme shqiptare, biles n\u00eb dy gazetat me tirazh m\u00eb t\u00eb madh n\u00eb vend, \u00ebsht\u00eb shfaqur dje si gazetar, nj\u00eb p\u00ebrfaq\u00ebsues i bot\u00ebs s\u00eb n\u00ebntok\u00ebs s\u00eb biznesit shqiptar i lakuar nga kryeministri shqiptar Sali Berisha, disa vite m\u00eb par\u00eb \u201csi trafikanti m\u00eb i madh i naft\u00ebs n\u00eb Ballkan\u201d dhe i pastruar m\u00eb pas nga gruaja e tij si bamir\u00ebs. Nuk dua t\u00eb personalizoj historin\u00eb e sh\u00ebmtuar t\u00eb tij ndaj meje dhe dy koleg\u00ebve t\u00eb mi gazetar\u00eb, por dua t\u00eb t\u00ebrheq v\u00ebmendjen p\u00ebr ritmin me t\u00eb cilin media shqiptare po dor\u00ebzohet t\u00ebr\u00ebsisht si nj\u00eb \u201dkone\u201d e vog\u00ebl n\u00ebn zinxhir\u00ebt e florinjt\u00eb t\u00eb mafies shqiptare.<\/p>\n<p>N\u00eb ver\u00ebn e k\u00ebtij viti gruaja e ish kryeministrit britanik Chery Blair, u kryq\u00ebzua nga media angleze, si nj\u00eb grua q\u00eb e kishte \u201cturp\u00ebruar Britanin\u00eb\u201d vet\u00ebm pse ajo kishte pranuar nj\u00eb udh\u00ebtim me \u00e7arter n\u00eb Tiran\u00eb paguar nga ky biznesmen. Editorialet dhe titujt e r\u00ebnd t\u00eb gazetave britanike, e detyruan Chery Blarin t\u00eb deklaronte se nuk ja njihte t\u00eb kaluar\u00ebn e k\u00ebtij njeriu dhe se ishte p\u00ebrfshir\u00eb n\u00eb k\u00ebt\u00eb udh\u00ebtim nga k\u00ebrkesa e zonj\u00ebs Liri Berisha, gruaja e kryeministrit t\u00eb Shqip\u00ebris\u00eb Sali Berisha. Skandali vazhdon ti p\u00ebrmendet sa her\u00eb q\u00eb zonja Blair, b\u00ebhet objekt i medies kritike, dhe p\u00ebr fatin e saj t\u00eb keq, b\u00ebhet shum\u00eb shpesh.<\/p>\n<p>Por n\u00eb Shqip\u00ebri ku ky spekulant vazhdon t\u00eb jet\u00eb i lir\u00eb, media dhe politika pak nga pa u b\u00ebn partner\u00eb me t\u00eb. Gruaja e kryeministrit u angazhua n\u00eb nj\u00eb fushat\u00eb t\u00eb paprecedent publike pro tij, duke pranuar p\u00ebr fondacionin e saj dhurata dhe nga persona q\u00eb jan\u00eb t\u00eb d\u00ebnuar p\u00ebr vepra penale. Gati nj\u00eb vit m\u00eb par\u00eb ky person ishte armiku m\u00eb i madh i medies shqiptare, pasi kund\u00ebr tij pa asnj\u00eb komand\u00eb u tubuan mbi 400 gazetar\u00eb dhe q\u00eblluan me k\u00ebpuc\u00eb mbi godin\u00ebn e kryeministrit, n\u00eb shenj\u00eb mospajtimi me mbrojtjen q\u00eb policia e komanduar nga kryeministri dhe familja e tij i b\u00ebn k\u00ebtij agresori p\u00ebr tri dit\u00eb resht duke mos e ndaluar.<\/p>\n<p>Gjykata e Shkall\u00ebs s\u00eb par\u00eb u desh t\u00eb merrte n\u00eb baz\u00eb t\u00eb provave t\u00eb mbledhura n\u00eb vendngjarje mas\u00ebn e arrestit me burg, dhe ky agresor t\u00eb arrestohej. Por m\u00eb pas pushteti hyri n\u00eb loj\u00eb, duke marr an\u00ebn e njeriut q\u00eb kishte b\u00ebr\u00eb gj\u00ebn\u00eb e duhur kund\u00ebr medies kritike. Gjith\u00e7ka u p\u00ebrmbys dhe nj\u00eb vit m\u00eb von\u00eb, nj\u00eb gjykat\u00ebs batak\u00e7i m\u00eb kapi nj\u00eb dit\u00eb mua dhe dy koleg\u00ebt e mi t\u00eb agresuar dhe na u lut t\u00eb mos ja merrnim p\u00ebr ters nese i jepte pafaj\u00ebsin\u00eb agresorit ton\u00eb se ashtu kishte nj\u00eb hall. Dhe duket se tani e ka zgjidhur hallin. E nj\u00ebjta gjykat\u00eb q\u00eb k\u00ebrkoi arrestimin e tij dhe e burgosi, e shpalli t\u00eb pafajsh\u00ebm. Ne viktimat tani duhet t\u00eb pranojm\u00eb q\u00eb nuk na ka rrahur njeri, por kemi par\u00eb nj\u00eb \u00ebnd\u00ebrr t\u00eb keqe dhe p\u00ebr k\u00ebt\u00eb duhet ti k\u00ebrkojm\u00eb ndjes\u00eb publikut.<\/p>\n<p>Agresori yn\u00eb u b\u00eb idhulli i partis\u00eb n\u00eb pushtet. N\u00eb gazetat e pushtetit dhe sidomos n\u00eb gazet\u00ebn kryesore simbol t\u00eb Sali Berish\u00ebs,qe boton grupi Klan, u botuan shkrime ku k\u00ebrkohej eliminimi im fizik, nd\u00ebrsa reklamat e Ta\u00e7i Oil-it, u shfaq\u00ebn n\u00eb kok\u00ebn e gazet\u00ebs RD dhe \u00e7do aktiviteti zyrtar t\u00eb PD-s\u00eb ose gruas s\u00eb kryeministrit. Pushteti kishte gjetur agresorin e duhur kund\u00ebr kritik\u00ebve t\u00eb vet. Turpi vazhdoi dhe m\u00eb tej. Pas nj\u00eb beteje t\u00eb gjat\u00eb ligjore dhe t\u00eb lodhshme p\u00ebr nj\u00eb nga ish aksioner\u00ebt e RTV ALSAT, m\u00eb n\u00eb fund u arrit q\u00eb atij ti njihej pjesa prej 70 p\u00ebr qind t\u00eb aksioneve, por dhe kjo pati nje cmim. Televizioniju dha p\u00ebr nj\u00eb vit k\u00ebtij biznesmeni pa paguar asnj\u00eb lek, me q\u00ebllim q\u00eb t\u00eb konsiderohej vit prove p\u00ebr t\u00eb.<\/p>\n<p>Televizioni u riformatua dhe u b\u00eb di\u00e7ka m\u00eb e r\u00ebnd\u00ebsishme se nje televizion. U b\u00eb burg p\u00ebr z\u00ebrat kritik t\u00eb pushtetit. P\u00ebr her\u00eb t\u00eb par\u00eb n\u00eb historin\u00eb e medies shqiptare, qeveria arriti t\u00eb p\u00ebrdor si vler\u00eb faktin q\u00eb nj\u00eb TV nuk e shikon askush, dhe nxiti lidhje t\u00eb kontratave me k\u00ebt\u00eb RTV t\u00eb shumic\u00ebs s\u00eb gazetare kritik me qeverin\u00eb me rroga t\u00eb majme me kusht q\u00eb ata t\u00eb mos shfaqeshin diku tjet\u00ebr. N\u00eb nj\u00eb far\u00eb m\u00ebnyre tani ata dhe falsin aty t\u00eb shp\u00ebtojn\u00eb shpirtin dhe askush nuk i d\u00ebgjon, pra nuk b\u00ebjn\u00eb d\u00ebm. N\u00eb nj\u00eb far\u00eb m\u00ebnyre i lidhi dhe ata me zinxhir\u00eb t\u00eb florijt\u00eb n\u00eb qaf\u00eb, natyrisht duke paguar shtrenjt\u00eb sfumimin e z\u00ebrit t\u00eb tyre.<\/p>\n<p>I nj\u00ebjti model u ndoq p\u00ebr gati \u00e7do gazetar jo konformist n\u00eb Shqip\u00ebri. Kolegu Im Andi Bushati , Arjan \u00c7ani dhe Artur Zheji shfaqe tani n\u00eb nj\u00eb betej\u00eb rraskapit\u00ebse gazetareske \u00e7do nat\u00eb n\u00eb nj\u00eb TV q\u00eb e shikon po ashtu vet\u00ebm pronari i TV ose ndonj\u00eb student q\u00eb mendon se akoma n\u00eb at\u00eb ekran jepen leksione falas apo ushtrime t\u00eb zgjidhura. Edhe nj\u00eb TV q\u00eb kish tentuar t\u00eb ishte i hapur dhe i balancuar si Ora Ne\u00ebs, pa guxuar t\u00eb prek gj\u00ebra shum\u00eb t\u00eb rrezikshme, duket se shqet\u00ebsoi regjimin mediatik, si\u00e7 e quan Fatos Lubonja dhe Alfred Peza themeluesi dhe drejtuesi i Ora Ne\u00ebs, sot \u00ebsht\u00eb nj\u00eb i papun\u00eb.<\/p>\n<p>Rraskapitja e koleg\u00ebve t\u00eb mi t\u00eb talentuar n\u00eb ekrane q\u00eb nuk i shikon njeri dhe \u201cnewsletter\u201d-ra q\u00eb nuk i konsideron njeri, \u00ebsht\u00eb kthyer n\u00eb nj\u00eb profesion t\u00eb paguar k\u00ebto koh\u00eb. N\u00eb ekranet e shikuara vazhdojn\u00eb t\u00eb shfaqen njer\u00ebz steril\u00eb, nga ata q\u00eb jan\u00eb betuar t\u00eb mos thon\u00eb e t\u00eb mos b\u00ebjn\u00eb asgj\u00eb n\u00eb jet\u00ebn e tyre si gazetar, as ndonj\u00eb gabim dhe as ndonj\u00eb lajm. Jan\u00eb thjesht\u00eb pun\u00ebtor\u00eb t\u00eb medies. N\u00eb shtypin e shkruar komentator\u00ebt jan\u00eb z\u00ebvend\u00ebsuar me opinionist partish mediok\u00ebr reporter\u00ebt me zbardh\u00ebs lajmesh dhe \u00ebsht\u00eb zhdukur thuajse fare raca e \u201ckolumnist\u00ebve\u201dme autoritet \u00ebt cil\u00ebt qyteti i pret t\u00eb thon\u00eb fjal\u00ebn e tyre. Tashm\u00eb ata q\u00eb flasin dhe thon\u00eb gj\u00ebra t\u00eb r\u00ebnd\u00ebsishme dhe me vler\u00eb punojn\u00eb sa p\u00ebr t\u00eb qet\u00ebsuar shpirtin dhe paguhen shtrenjt\u00eb n\u00eb ekrane q\u00eb nuk shikohen, dhe ata q\u00eb s\u2019thon\u00eb asgj\u00eb i ke n\u00eb gjith\u00eb ekranet e m\u00ebdha t\u00eb vendit.<\/p>\n<p>Kemi mbritur n\u00eb dit\u00ebn q\u00eb Tv sh\u00ebrbejn\u00eb p\u00ebr t\u00eb fshir\u00eb t\u00eb shkuar\u00ebn kriminale t\u00eb pronar\u00ebve t\u00eb tyre, ose ndonj\u00eb her\u00eb vulgaritetin e intelektit t\u00eb tyre. Ndjej dhimbje p\u00ebr koleg\u00ebt e mij, q\u00eb nga shkrues fjalimesh p\u00ebr kryetar\u00ebt e partive apo deputet\u00eb, tani jan\u00eb kthyer n\u00eb shkrues fjalimesh p\u00ebr pronar\u00ebt e tyre t\u00eb r\u00ebndomt q\u00eb mendojn\u00eb se po u shfaq\u00ebn n\u00eb ekran, apo po dol\u00ebn si koluminst n\u00eb gazeta, do harrohet e shkuara e tyre her\u00eb si trafikant nafte, her\u00eb si trafikant droge, her\u00eb si trafikant hekuri apo trojesh publike p\u00ebr nd\u00ebrtime. Kemi mbritur n\u00eb dit\u00ebn&#8230; q\u00eb dy gazetat m\u00eb t\u00eb m\u00ebdha n\u00eb vend kan\u00eb komentator Rezart Ta\u00e7in&#8230;<\/p>\n","protected":false},"excerpt":{"rendered":"<p>Mero Baze, 29 dhjetor 2010 N\u00eb dy gazeta t\u00eb p\u00ebrditshme shqiptare, biles n\u00eb dy gazetat me tirazh m\u00eb t\u00eb madh n\u00eb vend, \u00ebsht\u00eb shfaqur dje si gazetar, nj\u00eb p\u00ebrfaq\u00ebsues i bot\u00ebs s\u00eb n\u00ebntok\u00ebs s\u00eb biznesit shqiptar i lakuar nga kryeministri shqiptar Sali Berisha, disa vite m\u00eb par\u00eb \u201csi trafikanti m\u00eb i madh i naft\u00ebs n\u00eb [&hellip;]<\/p>\n","protected":false},"author":1,"featured_media":0,"comment_status":"open","ping_status":"closed","sticky":false,"template":"","format":"standard","meta":{"footnotes":""},"categories":[2],"tags":[],"class_list":{"0":"post-5454","1":"post","2":"type-post","3":"status-publish","4":"format-standard","6":"category-artikuj"},"yoast_head":"<!-- This site is optimized with the Yoast SEO plugin v27.4 - https:\/\/yoast.com\/product\/yoast-seo-wordpress\/ -->\n<title>Nj\u00eb zinxhir floriri p\u00ebr medien shqiptare - FjALA e LIR\u00cb - Arkivi<\/title>\n<meta name=\"robots\" content=\"index, follow, max-snippet:-1, max-image-preview:large, max-video-preview:-1\" \/>\n<link rel=\"canonical\" href=\"https:\/\/fjala.info\/2009-2015\/nje-zinxhir-floriri-per-medien-shqiptare\/\" \/>\n<meta property=\"og:locale\" content=\"sq_AL\" \/>\n<meta property=\"og:type\" content=\"article\" \/>\n<meta property=\"og:title\" content=\"Nj\u00eb zinxhir floriri p\u00ebr medien shqiptare - FjALA e LIR\u00cb - Arkivi\" \/>\n<meta property=\"og:description\" content=\"Mero Baze, 29 dhjetor 2010 N\u00eb dy gazeta t\u00eb p\u00ebrditshme shqiptare, biles n\u00eb dy gazetat me tirazh m\u00eb t\u00eb madh n\u00eb vend, \u00ebsht\u00eb shfaqur dje si gazetar, nj\u00eb p\u00ebrfaq\u00ebsues i bot\u00ebs s\u00eb n\u00ebntok\u00ebs s\u00eb biznesit shqiptar i lakuar nga kryeministri shqiptar Sali Berisha, disa vite m\u00eb par\u00eb \u201csi trafikanti m\u00eb i madh i naft\u00ebs n\u00eb [&hellip;]\" \/>\n<meta property=\"og:url\" content=\"https:\/\/fjala.info\/2009-2015\/nje-zinxhir-floriri-per-medien-shqiptare\/\" \/>\n<meta property=\"og:site_name\" content=\"FjALA e LIR\u00cb - Arkivi\" \/>\n<meta property=\"article:published_time\" content=\"2010-12-30T19:36:07+00:00\" \/>\n<meta property=\"og:image\" content=\"http:\/\/fjala.shkoder.net\/wp-content\/uploads\/2010\/10\/mero_baze1.jpg\" \/>\n<meta name=\"author\" content=\"admin\" \/>\n<meta name=\"twitter:card\" content=\"summary_large_image\" \/>\n<meta name=\"twitter:label1\" content=\"Written by\" \/>\n\t<meta name=\"twitter:data1\" content=\"admin\" \/>\n\t<meta name=\"twitter:label2\" content=\"Est. reading time\" \/>\n\t<meta name=\"twitter:data2\" content=\"6 minutes\" \/>\n<script type=\"application\/ld+json\" class=\"yoast-schema-graph\">{\"@context\":\"https:\\\/\\\/schema.org\",\"@graph\":[{\"@type\":\"Article\",\"@id\":\"https:\\\/\\\/fjala.info\\\/2009-2015\\\/nje-zinxhir-floriri-per-medien-shqiptare\\\/#article\",\"isPartOf\":{\"@id\":\"https:\\\/\\\/fjala.info\\\/2009-2015\\\/nje-zinxhir-floriri-per-medien-shqiptare\\\/\"},\"author\":{\"name\":\"admin\",\"@id\":\"https:\\\/\\\/fjala.info\\\/2009-2015\\\/#\\\/schema\\\/person\\\/3aa1163ef05469c496fc94e77611ada2\"},\"headline\":\"Nj\u00eb zinxhir floriri p\u00ebr medien shqiptare\",\"datePublished\":\"2010-12-30T19:36:07+00:00\",\"mainEntityOfPage\":{\"@id\":\"https:\\\/\\\/fjala.info\\\/2009-2015\\\/nje-zinxhir-floriri-per-medien-shqiptare\\\/\"},\"wordCount\":1237,\"commentCount\":0,\"publisher\":{\"@id\":\"https:\\\/\\\/fjala.info\\\/2009-2015\\\/#organization\"},\"image\":{\"@id\":\"https:\\\/\\\/fjala.info\\\/2009-2015\\\/nje-zinxhir-floriri-per-medien-shqiptare\\\/#primaryimage\"},\"thumbnailUrl\":\"http:\\\/\\\/fjala.shkoder.net\\\/wp-content\\\/uploads\\\/2010\\\/10\\\/mero_baze1.jpg\",\"articleSection\":[\"Artikuj\"],\"inLanguage\":\"sq-AL\",\"potentialAction\":[{\"@type\":\"CommentAction\",\"name\":\"Comment\",\"target\":[\"https:\\\/\\\/fjala.info\\\/2009-2015\\\/nje-zinxhir-floriri-per-medien-shqiptare\\\/#respond\"]}]},{\"@type\":\"WebPage\",\"@id\":\"https:\\\/\\\/fjala.info\\\/2009-2015\\\/nje-zinxhir-floriri-per-medien-shqiptare\\\/\",\"url\":\"https:\\\/\\\/fjala.info\\\/2009-2015\\\/nje-zinxhir-floriri-per-medien-shqiptare\\\/\",\"name\":\"Nj\u00eb zinxhir floriri p\u00ebr medien shqiptare - FjALA e LIR\u00cb - Arkivi\",\"isPartOf\":{\"@id\":\"https:\\\/\\\/fjala.info\\\/2009-2015\\\/#website\"},\"primaryImageOfPage\":{\"@id\":\"https:\\\/\\\/fjala.info\\\/2009-2015\\\/nje-zinxhir-floriri-per-medien-shqiptare\\\/#primaryimage\"},\"image\":{\"@id\":\"https:\\\/\\\/fjala.info\\\/2009-2015\\\/nje-zinxhir-floriri-per-medien-shqiptare\\\/#primaryimage\"},\"thumbnailUrl\":\"http:\\\/\\\/fjala.shkoder.net\\\/wp-content\\\/uploads\\\/2010\\\/10\\\/mero_baze1.jpg\",\"datePublished\":\"2010-12-30T19:36:07+00:00\",\"breadcrumb\":{\"@id\":\"https:\\\/\\\/fjala.info\\\/2009-2015\\\/nje-zinxhir-floriri-per-medien-shqiptare\\\/#breadcrumb\"},\"inLanguage\":\"sq-AL\",\"potentialAction\":[{\"@type\":\"ReadAction\",\"target\":[\"https:\\\/\\\/fjala.info\\\/2009-2015\\\/nje-zinxhir-floriri-per-medien-shqiptare\\\/\"]}]},{\"@type\":\"ImageObject\",\"inLanguage\":\"sq-AL\",\"@id\":\"https:\\\/\\\/fjala.info\\\/2009-2015\\\/nje-zinxhir-floriri-per-medien-shqiptare\\\/#primaryimage\",\"url\":\"http:\\\/\\\/fjala.shkoder.net\\\/wp-content\\\/uploads\\\/2010\\\/10\\\/mero_baze1.jpg\",\"contentUrl\":\"http:\\\/\\\/fjala.shkoder.net\\\/wp-content\\\/uploads\\\/2010\\\/10\\\/mero_baze1.jpg\"},{\"@type\":\"BreadcrumbList\",\"@id\":\"https:\\\/\\\/fjala.info\\\/2009-2015\\\/nje-zinxhir-floriri-per-medien-shqiptare\\\/#breadcrumb\",\"itemListElement\":[{\"@type\":\"ListItem\",\"position\":1,\"name\":\"Home\",\"item\":\"https:\\\/\\\/fjala.info\\\/2009-2015\\\/\"},{\"@type\":\"ListItem\",\"position\":2,\"name\":\"Nj\u00eb zinxhir floriri p\u00ebr medien shqiptare\"}]},{\"@type\":\"WebSite\",\"@id\":\"https:\\\/\\\/fjala.info\\\/2009-2015\\\/#website\",\"url\":\"https:\\\/\\\/fjala.info\\\/2009-2015\\\/\",\"name\":\"FjALA e LIR\u00cb - Arkivi\",\"description\":\"Arkivi 2009-2015\",\"publisher\":{\"@id\":\"https:\\\/\\\/fjala.info\\\/2009-2015\\\/#organization\"},\"potentialAction\":[{\"@type\":\"SearchAction\",\"target\":{\"@type\":\"EntryPoint\",\"urlTemplate\":\"https:\\\/\\\/fjala.info\\\/2009-2015\\\/?s={search_term_string}\"},\"query-input\":{\"@type\":\"PropertyValueSpecification\",\"valueRequired\":true,\"valueName\":\"search_term_string\"}}],\"inLanguage\":\"sq-AL\"},{\"@type\":\"Organization\",\"@id\":\"https:\\\/\\\/fjala.info\\\/2009-2015\\\/#organization\",\"name\":\"FjALA e LIR\u00cb - Arkivi\",\"url\":\"https:\\\/\\\/fjala.info\\\/2009-2015\\\/\",\"logo\":{\"@type\":\"ImageObject\",\"inLanguage\":\"sq-AL\",\"@id\":\"https:\\\/\\\/fjala.info\\\/2009-2015\\\/#\\\/schema\\\/logo\\\/image\\\/\",\"url\":\"\",\"contentUrl\":\"\",\"caption\":\"FjALA e LIR\u00cb - Arkivi\"},\"image\":{\"@id\":\"https:\\\/\\\/fjala.info\\\/2009-2015\\\/#\\\/schema\\\/logo\\\/image\\\/\"}},{\"@type\":\"Person\",\"@id\":\"https:\\\/\\\/fjala.info\\\/2009-2015\\\/#\\\/schema\\\/person\\\/3aa1163ef05469c496fc94e77611ada2\",\"name\":\"admin\",\"image\":{\"@type\":\"ImageObject\",\"inLanguage\":\"sq-AL\",\"@id\":\"https:\\\/\\\/fjala.info\\\/2009-2015\\\/wp-content\\\/uploads\\\/2012\\\/02\\\/arben_cokaj-120x150.jpg\",\"url\":\"https:\\\/\\\/fjala.info\\\/2009-2015\\\/wp-content\\\/uploads\\\/2012\\\/02\\\/arben_cokaj-120x150.jpg\",\"contentUrl\":\"https:\\\/\\\/fjala.info\\\/2009-2015\\\/wp-content\\\/uploads\\\/2012\\\/02\\\/arben_cokaj-120x150.jpg\",\"caption\":\"admin\"},\"description\":\"Admin, Fjala e Lir\u00eb\",\"sameAs\":[\"https:\\\/\\\/fjala.info\\\/\"],\"url\":\"https:\\\/\\\/fjala.info\\\/2009-2015\\\/author\\\/admin\\\/\"}]}<\/script>\n<!-- \/ Yoast SEO plugin. -->","yoast_head_json":{"title":"Nj\u00eb zinxhir floriri p\u00ebr medien shqiptare - FjALA e LIR\u00cb - Arkivi","robots":{"index":"index","follow":"follow","max-snippet":"max-snippet:-1","max-image-preview":"max-image-preview:large","max-video-preview":"max-video-preview:-1"},"canonical":"https:\/\/fjala.info\/2009-2015\/nje-zinxhir-floriri-per-medien-shqiptare\/","og_locale":"sq_AL","og_type":"article","og_title":"Nj\u00eb zinxhir floriri p\u00ebr medien shqiptare - FjALA e LIR\u00cb - Arkivi","og_description":"Mero Baze, 29 dhjetor 2010 N\u00eb dy gazeta t\u00eb p\u00ebrditshme shqiptare, biles n\u00eb dy gazetat me tirazh m\u00eb t\u00eb madh n\u00eb vend, \u00ebsht\u00eb shfaqur dje si gazetar, nj\u00eb p\u00ebrfaq\u00ebsues i bot\u00ebs s\u00eb n\u00ebntok\u00ebs s\u00eb biznesit shqiptar i lakuar nga kryeministri shqiptar Sali Berisha, disa vite m\u00eb par\u00eb \u201csi trafikanti m\u00eb i madh i naft\u00ebs n\u00eb [&hellip;]","og_url":"https:\/\/fjala.info\/2009-2015\/nje-zinxhir-floriri-per-medien-shqiptare\/","og_site_name":"FjALA e LIR\u00cb - Arkivi","article_published_time":"2010-12-30T19:36:07+00:00","og_image":[{"url":"http:\/\/fjala.shkoder.net\/wp-content\/uploads\/2010\/10\/mero_baze1.jpg","type":"","width":"","height":""}],"author":"admin","twitter_card":"summary_large_image","twitter_misc":{"Written by":"admin","Est. reading time":"6 minutes"},"schema":{"@context":"https:\/\/schema.org","@graph":[{"@type":"Article","@id":"https:\/\/fjala.info\/2009-2015\/nje-zinxhir-floriri-per-medien-shqiptare\/#article","isPartOf":{"@id":"https:\/\/fjala.info\/2009-2015\/nje-zinxhir-floriri-per-medien-shqiptare\/"},"author":{"name":"admin","@id":"https:\/\/fjala.info\/2009-2015\/#\/schema\/person\/3aa1163ef05469c496fc94e77611ada2"},"headline":"Nj\u00eb zinxhir floriri p\u00ebr medien shqiptare","datePublished":"2010-12-30T19:36:07+00:00","mainEntityOfPage":{"@id":"https:\/\/fjala.info\/2009-2015\/nje-zinxhir-floriri-per-medien-shqiptare\/"},"wordCount":1237,"commentCount":0,"publisher":{"@id":"https:\/\/fjala.info\/2009-2015\/#organization"},"image":{"@id":"https:\/\/fjala.info\/2009-2015\/nje-zinxhir-floriri-per-medien-shqiptare\/#primaryimage"},"thumbnailUrl":"http:\/\/fjala.shkoder.net\/wp-content\/uploads\/2010\/10\/mero_baze1.jpg","articleSection":["Artikuj"],"inLanguage":"sq-AL","potentialAction":[{"@type":"CommentAction","name":"Comment","target":["https:\/\/fjala.info\/2009-2015\/nje-zinxhir-floriri-per-medien-shqiptare\/#respond"]}]},{"@type":"WebPage","@id":"https:\/\/fjala.info\/2009-2015\/nje-zinxhir-floriri-per-medien-shqiptare\/","url":"https:\/\/fjala.info\/2009-2015\/nje-zinxhir-floriri-per-medien-shqiptare\/","name":"Nj\u00eb zinxhir floriri p\u00ebr medien shqiptare - FjALA e LIR\u00cb - Arkivi","isPartOf":{"@id":"https:\/\/fjala.info\/2009-2015\/#website"},"primaryImageOfPage":{"@id":"https:\/\/fjala.info\/2009-2015\/nje-zinxhir-floriri-per-medien-shqiptare\/#primaryimage"},"image":{"@id":"https:\/\/fjala.info\/2009-2015\/nje-zinxhir-floriri-per-medien-shqiptare\/#primaryimage"},"thumbnailUrl":"http:\/\/fjala.shkoder.net\/wp-content\/uploads\/2010\/10\/mero_baze1.jpg","datePublished":"2010-12-30T19:36:07+00:00","breadcrumb":{"@id":"https:\/\/fjala.info\/2009-2015\/nje-zinxhir-floriri-per-medien-shqiptare\/#breadcrumb"},"inLanguage":"sq-AL","potentialAction":[{"@type":"ReadAction","target":["https:\/\/fjala.info\/2009-2015\/nje-zinxhir-floriri-per-medien-shqiptare\/"]}]},{"@type":"ImageObject","inLanguage":"sq-AL","@id":"https:\/\/fjala.info\/2009-2015\/nje-zinxhir-floriri-per-medien-shqiptare\/#primaryimage","url":"http:\/\/fjala.shkoder.net\/wp-content\/uploads\/2010\/10\/mero_baze1.jpg","contentUrl":"http:\/\/fjala.shkoder.net\/wp-content\/uploads\/2010\/10\/mero_baze1.jpg"},{"@type":"BreadcrumbList","@id":"https:\/\/fjala.info\/2009-2015\/nje-zinxhir-floriri-per-medien-shqiptare\/#breadcrumb","itemListElement":[{"@type":"ListItem","position":1,"name":"Home","item":"https:\/\/fjala.info\/2009-2015\/"},{"@type":"ListItem","position":2,"name":"Nj\u00eb zinxhir floriri p\u00ebr medien shqiptare"}]},{"@type":"WebSite","@id":"https:\/\/fjala.info\/2009-2015\/#website","url":"https:\/\/fjala.info\/2009-2015\/","name":"FjALA e LIR\u00cb - Arkivi","description":"Arkivi 2009-2015","publisher":{"@id":"https:\/\/fjala.info\/2009-2015\/#organization"},"potentialAction":[{"@type":"SearchAction","target":{"@type":"EntryPoint","urlTemplate":"https:\/\/fjala.info\/2009-2015\/?s={search_term_string}"},"query-input":{"@type":"PropertyValueSpecification","valueRequired":true,"valueName":"search_term_string"}}],"inLanguage":"sq-AL"},{"@type":"Organization","@id":"https:\/\/fjala.info\/2009-2015\/#organization","name":"FjALA e LIR\u00cb - Arkivi","url":"https:\/\/fjala.info\/2009-2015\/","logo":{"@type":"ImageObject","inLanguage":"sq-AL","@id":"https:\/\/fjala.info\/2009-2015\/#\/schema\/logo\/image\/","url":"","contentUrl":"","caption":"FjALA e LIR\u00cb - Arkivi"},"image":{"@id":"https:\/\/fjala.info\/2009-2015\/#\/schema\/logo\/image\/"}},{"@type":"Person","@id":"https:\/\/fjala.info\/2009-2015\/#\/schema\/person\/3aa1163ef05469c496fc94e77611ada2","name":"admin","image":{"@type":"ImageObject","inLanguage":"sq-AL","@id":"https:\/\/fjala.info\/2009-2015\/wp-content\/uploads\/2012\/02\/arben_cokaj-120x150.jpg","url":"https:\/\/fjala.info\/2009-2015\/wp-content\/uploads\/2012\/02\/arben_cokaj-120x150.jpg","contentUrl":"https:\/\/fjala.info\/2009-2015\/wp-content\/uploads\/2012\/02\/arben_cokaj-120x150.jpg","caption":"admin"},"description":"Admin, Fjala e Lir\u00eb","sameAs":["https:\/\/fjala.info\/"],"url":"https:\/\/fjala.info\/2009-2015\/author\/admin\/"}]}},"_links":{"self":[{"href":"https:\/\/fjala.info\/2009-2015\/wp-json\/wp\/v2\/posts\/5454","targetHints":{"allow":["GET"]}}],"collection":[{"href":"https:\/\/fjala.info\/2009-2015\/wp-json\/wp\/v2\/posts"}],"about":[{"href":"https:\/\/fjala.info\/2009-2015\/wp-json\/wp\/v2\/types\/post"}],"author":[{"embeddable":true,"href":"https:\/\/fjala.info\/2009-2015\/wp-json\/wp\/v2\/users\/1"}],"replies":[{"embeddable":true,"href":"https:\/\/fjala.info\/2009-2015\/wp-json\/wp\/v2\/comments?post=5454"}],"version-history":[{"count":0,"href":"https:\/\/fjala.info\/2009-2015\/wp-json\/wp\/v2\/posts\/5454\/revisions"}],"wp:attachment":[{"href":"https:\/\/fjala.info\/2009-2015\/wp-json\/wp\/v2\/media?parent=5454"}],"wp:term":[{"taxonomy":"category","embeddable":true,"href":"https:\/\/fjala.info\/2009-2015\/wp-json\/wp\/v2\/categories?post=5454"},{"taxonomy":"post_tag","embeddable":true,"href":"https:\/\/fjala.info\/2009-2015\/wp-json\/wp\/v2\/tags?post=5454"}],"curies":[{"name":"wp","href":"https:\/\/api.w.org\/{rel}","templated":true}]}}