{"id":5447,"date":"2010-12-29T10:34:33","date_gmt":"2010-12-29T09:34:33","guid":{"rendered":"http:\/\/fjala.shkoder.net\/?p=5447"},"modified":"2010-12-29T10:34:33","modified_gmt":"2010-12-29T09:34:33","slug":"gjashte-evropiane-qe-njohin-sali-berishen","status":"publish","type":"post","link":"https:\/\/fjala.info\/2009-2015\/gjashte-evropiane-qe-njohin-sali-berishen\/","title":{"rendered":"Gjasht\u00eb evropian\u00eb q\u00eb njohin Sali Berish\u00ebn"},"content":{"rendered":"<p><img loading=\"lazy\" decoding=\"async\" class=\"alignright size-full wp-image-4090\" title=\"Mero Baze\" src=\"http:\/\/fjala.shkoder.net\/wp-content\/uploads\/2010\/10\/mero_baze1.jpg\" alt=\"\" width=\"149\" height=\"200\" \/><br \/>\nNga <strong>Mero Baze<\/strong><\/p>\n<p>Ata jan\u00eb s\u00eb paku gjasht\u00eb personalitete evropiane. \u00cbsht\u00eb fjala p\u00ebr komisionerin p\u00ebr Zgjerimin Europian, Stefan Fyle, drejtorin p\u00ebr Zgjerimin e Ballkanit Per\u00ebndimor, Piere Mirel, n\u00ebnkryetarin e grupit parlamentar socialist n\u00eb Parlamentin Europian, Hannes Svoboda, kreu i grupit parlamentar t\u00eb socialdemokrat\u00ebve n\u00eb PE, Martin Schulz, kreu i Partive Popullore Europiane, Xhozef Daul, si dhe kreu i delegacionit t\u00eb Parlamentit Europian p\u00ebr Europ\u00ebn Juglindore, Eduard Kukan.<\/p>\n<p>Gjasht\u00eb burra, t\u00eb cil\u00ebt sot jan\u00eb n\u00eb qend\u00ebr t\u00eb vendimmarrjes evropiane dhe q\u00eb ndikojn\u00eb me perceptimin e tyre p\u00ebr klas\u00ebn politike shqiptare m\u00eb shum\u00eb se \u00e7do raport apo lobim q\u00eb ne mund t\u00eb b\u00ebjm\u00eb p\u00ebr t\u00eb ardhmen evropiane t\u00eb Shqip\u00ebris\u00eb. Ndryshe nga burokrat\u00ebt gjakftoht\u00eb t\u00eb Per\u00ebndimit, apo zyrtar\u00ebt e rangut t\u00eb ul\u00ebt n\u00eb SHBA, k\u00ebta jan\u00eb koka e vendimmarrjes politike t\u00eb Bashkimit Evropian.<\/p>\n<p>\u00cbsht\u00eb fjala p\u00ebr institucionin, t\u00eb cilin ne si qytetar\u00eb shqiptar\u00eb i kemi dor\u00ebzuar me vet\u00ebdije sovranitetin e vendit ton\u00eb, n\u00eb rast se ata na hapin dyert dhe na pranojn\u00eb t\u00eb jemi pjes\u00eb e tyre. P\u00ebr fat t\u00eb mir\u00eb ata nuk din\u00eb shqip dhe nuk shikojn\u00eb televizionet shqiptare. Shpresoj q\u00eb opozita t\u00eb mos b\u00ebhet destruktive n\u00eb k\u00ebt\u00eb rast dhe t\u00eb filmoj\u00eb seanc\u00ebn e fundit t\u00eb Kuvendit t\u00eb Shqip\u00ebris\u00eb dhe t\u2019ua d\u00ebrgoj\u00eb ta shikojn\u00eb. Por dhe n\u00ebse arrijm\u00eb t\u00eb vendosim k\u00ebt\u00eb censur\u00eb komb\u00ebtare me \u201ckonsensus\u201d, dhe n\u00ebse arrijm\u00eb ta izolojm\u00eb t\u00eb keqen brenda vendit dhe t\u00eb sillemi me ta sikur nuk ka ndodhur gj\u00eb, nj\u00eb gj\u00eb \u00ebsht\u00eb e parashikueshme q\u00eb do t\u00eb ndodh\u00eb.<\/p>\n<p>Nj\u00eb dit\u00eb Sali Berisha do t\u00eb shkoj\u00eb prap\u00eb k\u00ebto muaj q\u00eb vijn\u00eb n\u00eb Bruksel dhe do t\u2019i takoj\u00eb k\u00ebta gjasht\u00eb burra nj\u00eb nga nj\u00eb, apo t\u00eb gjasht\u00eb s\u00eb bashku. Do t\u2019i takoj\u00eb dhe do tu shfaj\u00ebsohet p\u00ebrse nuk e ngriti Komisionin Hetimor t\u00eb zgjedhjeve n\u00eb Shqip\u00ebri. Por nj\u00eb nga dhjet\u00ebra bro\u00e7kullat q\u00eb tha n\u00eb Kuvend, shpresoj t\u00eb mos ua thot\u00eb atyre. T\u00eb mos u thot\u00eb, ashtu si\u00e7 e tha qet\u00ebsisht n\u00eb Kuvend, se: \u201cEdi Ram\u00ebs i ra t\u00eb fik\u00ebt n\u00eb hotel Krokodil, kur dikush nga ata t\u00eb gjasht\u00eb i tha se kutit\u00eb nuk mund t\u00eb hapen kurr\u00eb\u201d.<\/p>\n<p>Vasilika Hysi, zonja e v\u00ebn\u00eb n\u00eb siklet nga v\u00ebrshimi i p\u00ebrroit psiqik t\u00eb Sali Berish\u00ebs n\u00eb Kuvend, mund ta mbaj\u00eb ende sekretin tek lider\u00ebt evropian\u00eb rreth vulgaritetit t\u00eb Sali Berish\u00ebs n\u00eb Kuvend. Por fjala gjithsesi mund t\u00eb shkoj\u00eb deri tek ata. Pra, ata t\u00eb gjasht\u00eb s\u00eb bashku, ose nj\u00eb nga nj\u00eb, do t\u00eb m\u00ebsojn\u00eb n\u00eb nj\u00eb m\u00ebnyr\u00eb apo tjet\u00ebr nga ambasador\u00ebt e Per\u00ebndimit n\u00eb Shqip\u00ebri se Sali Berish\u00ebs p\u00ebr t\u00eb mos zbatuar rekomandimin evropian p\u00ebr Shqip\u00ebrin\u00eb, i \u00ebsht\u00eb dashur t\u00eb shpik\u00eb dhe nj\u00eb sken\u00eb vulgare ku si d\u00ebshmitar\u00eb ka b\u00ebr\u00eb ata t\u00eb gjasht\u00eb s\u00eb bashku. Vendoseni veten n\u00eb vend t\u00eb k\u00ebtyre gjasht\u00eb personaliteteve, q\u00eb kan\u00eb n\u00eb dor\u00eb fatin e Shqip\u00ebris\u00eb, qoft\u00eb dhe p\u00ebr nj\u00eb moment, e p\u00ebrfytyroni si do t\u00eb skuqet Komisioneri Fyle, i cili vjen nga nj\u00eb vend komunist, por q\u00eb nj\u00eb g\u00ebrdall\u00eb t\u00eb till\u00eb si ky i yni e kan\u00eb nxjerr n\u00eb pension nj\u00eb dekad\u00eb m\u00eb par\u00eb.<\/p>\n<p>P\u00ebrfytyroni aleat\u00ebt politik\u00eb t\u00eb zotit Berisha si\u00e7 \u00ebsht\u00eb Xhozef Daul se si do t\u00eb vihet n\u00eb siklet dhe do t\u00eb b\u00ebj\u00eb sikur nuk e d\u00ebgjoi. P\u00ebrfytyroni sa entuziast do t\u00eb b\u00ebhet socialisti Svoboda, t\u00eb cilin Berisha e quajti n\u00eb seanc\u00ebn e Kuvendit dhe antishqiptar. P\u00ebrfytyroni si do ngrijn\u00eb muskujt e Eduard Kukanit, q\u00eb kryeson delegacionin e Evrop\u00ebs Juglindore n\u00eb Shqip\u00ebri, dhe natyrisht p\u00ebrfytyroni pak Pier Mirelin, \u201ckryeministrin de facto\u201d t\u00eb Shqip\u00ebris\u00eb n\u00eb Bruksel, i cili mban n\u00ebn mbik\u00ebqyrje \u00e7do progres dhe regres t\u00eb k\u00ebtij vendi n\u00eb rrug\u00ebn e deklaruar drejt Bashkimit Evropian.<\/p>\n<p>Le t\u2019i harrojm\u00eb nj\u00eb \u00e7ast degustimet e miliona shqiptar\u00ebve nga p\u00ebrroi psiqik i k\u00ebtij njeriu. Le t\u2019i harrojm\u00eb p\u00ebr nj\u00eb moment kokat e ulura t\u00eb deputet\u00ebve t\u00eb PD-s\u00eb q\u00eb b\u00ebnin sikur nuk d\u00ebgjonin dhe shikonin nj\u00eb njeri jasht\u00eb kontrollit. Le t\u2019i harrojm\u00eb p\u00ebr nj\u00eb moment dhe acarimet e opozit\u00ebs dhe reagimet e tyre ndaj p\u00ebrroit psiqik t\u00eb Sali Berish\u00ebs. Por Per\u00ebndimi nuk ka as hallin dhe as durimin ton\u00eb n\u00eb fatkeq\u00ebsi. Ky njeri i di ata gjasht\u00eb burrat q\u00eb ishin n\u00eb hotel Krokodil si ata gjasht\u00eb bythec\u00ebt q\u00eb mbledh n\u00eb zyr\u00ebn e tij dhe u tregon p\u00ebrralla.<\/p>\n<p>N\u00eb t\u00eb v\u00ebrtet\u00eb ata jan\u00eb njer\u00ebzit q\u00eb merren seriozisht, m\u00eb shum\u00eb se \u00e7do shqiptar, me rrug\u00ebn ton\u00eb drejt Bashkimit Evropian. N\u00eb momentin q\u00eb atyre u raportohet ajo \u00e7far\u00eb ka ndodhur n\u00eb at\u00eb sall\u00eb, dhe p\u00ebrfshirjen e tyre n\u00eb nj\u00eb st\u00ebrkal\u00eb t\u00eb p\u00ebrroit psiqik t\u00eb Sali Berish\u00ebs, minimumi mbyllin p\u00ebr ca koh\u00eb t\u00eb d\u00ebshp\u00ebruar dosjen ton\u00eb duke ndjer\u00eb keqardhje p\u00ebr fatin ton\u00eb t\u00eb keq. Ata minimumi jan\u00eb njer\u00ebz normal, dhe si t\u00eb till\u00eb p\u00ebrpara se t\u00eb jen\u00eb evropian\u00eb apo demokrat\u00eb, jan\u00eb njer\u00ebz q\u00eb kan\u00eb nj\u00eb raport normal me t\u00eb v\u00ebrtet\u00ebn dhe faktet.<\/p>\n<p>Mjafton t\u00eb d\u00ebgjojn\u00eb se jan\u00eb d\u00ebshmitar\u00eb n\u00eb nj\u00eb gj\u00eb q\u00eb as e kan\u00eb par\u00eb dhe as e kan\u00eb d\u00ebgjuar, p\u00ebr t\u00eb mos e par\u00eb m\u00eb n\u00eb sy, p\u00ebr t\u00eb mos e d\u00ebgjuar m\u00eb kurr\u00eb dhe p\u00ebr t\u00eb mos e d\u00ebgjuar p\u00ebr asgj\u00eb kryeministrin e vendit tim. Dhe ky \u00ebsht\u00eb nj\u00eb d\u00ebnim i madh p\u00ebr t\u00eb gjith\u00eb ne, pasi jemi t\u00eb d\u00ebnuar t\u00eb mos kemi m\u00eb asnj\u00eb interlokutor t\u00eb vendit ton\u00eb me Per\u00ebndimin. Ky q\u00eb \u00ebsht\u00eb formalisht, pas k\u00ebsaj \u00ebsht\u00eb thjesht\u00eb nj\u00eb i \u00e7mendur.<\/p>\n","protected":false},"excerpt":{"rendered":"<p>Nga Mero Baze Ata jan\u00eb s\u00eb paku gjasht\u00eb personalitete evropiane. \u00cbsht\u00eb fjala p\u00ebr komisionerin p\u00ebr Zgjerimin Europian, Stefan Fyle, drejtorin p\u00ebr Zgjerimin e Ballkanit Per\u00ebndimor, Piere Mirel, n\u00ebnkryetarin e grupit parlamentar socialist n\u00eb Parlamentin Europian, Hannes Svoboda, kreu i grupit parlamentar t\u00eb socialdemokrat\u00ebve n\u00eb PE, Martin Schulz, kreu i Partive Popullore Europiane, Xhozef Daul, si [&hellip;]<\/p>\n","protected":false},"author":1,"featured_media":0,"comment_status":"open","ping_status":"closed","sticky":false,"template":"","format":"standard","meta":{"footnotes":""},"categories":[2],"tags":[],"class_list":{"0":"post-5447","1":"post","2":"type-post","3":"status-publish","4":"format-standard","6":"category-artikuj"},"yoast_head":"<!-- This site is optimized with the Yoast SEO plugin v27.4 - https:\/\/yoast.com\/product\/yoast-seo-wordpress\/ -->\n<title>Gjasht\u00eb evropian\u00eb q\u00eb njohin Sali Berish\u00ebn - FjALA e LIR\u00cb - Arkivi<\/title>\n<meta name=\"robots\" content=\"index, follow, max-snippet:-1, max-image-preview:large, max-video-preview:-1\" \/>\n<link rel=\"canonical\" href=\"https:\/\/fjala.info\/2009-2015\/gjashte-evropiane-qe-njohin-sali-berishen\/\" \/>\n<meta property=\"og:locale\" content=\"sq_AL\" \/>\n<meta property=\"og:type\" content=\"article\" \/>\n<meta property=\"og:title\" content=\"Gjasht\u00eb evropian\u00eb q\u00eb njohin Sali Berish\u00ebn - FjALA e LIR\u00cb - Arkivi\" \/>\n<meta property=\"og:description\" content=\"Nga Mero Baze Ata jan\u00eb s\u00eb paku gjasht\u00eb personalitete evropiane. \u00cbsht\u00eb fjala p\u00ebr komisionerin p\u00ebr Zgjerimin Europian, Stefan Fyle, drejtorin p\u00ebr Zgjerimin e Ballkanit Per\u00ebndimor, Piere Mirel, n\u00ebnkryetarin e grupit parlamentar socialist n\u00eb Parlamentin Europian, Hannes Svoboda, kreu i grupit parlamentar t\u00eb socialdemokrat\u00ebve n\u00eb PE, Martin Schulz, kreu i Partive Popullore Europiane, Xhozef Daul, si [&hellip;]\" \/>\n<meta property=\"og:url\" content=\"https:\/\/fjala.info\/2009-2015\/gjashte-evropiane-qe-njohin-sali-berishen\/\" \/>\n<meta property=\"og:site_name\" content=\"FjALA e LIR\u00cb - Arkivi\" \/>\n<meta property=\"article:published_time\" content=\"2010-12-29T09:34:33+00:00\" \/>\n<meta property=\"og:image\" content=\"http:\/\/fjala.shkoder.net\/wp-content\/uploads\/2010\/10\/mero_baze1.jpg\" \/>\n<meta name=\"author\" content=\"admin\" \/>\n<meta name=\"twitter:card\" content=\"summary_large_image\" \/>\n<meta name=\"twitter:label1\" content=\"Written by\" \/>\n\t<meta name=\"twitter:data1\" content=\"admin\" \/>\n\t<meta name=\"twitter:label2\" content=\"Est. reading time\" \/>\n\t<meta name=\"twitter:data2\" content=\"5 minutes\" \/>\n<script type=\"application\/ld+json\" class=\"yoast-schema-graph\">{\"@context\":\"https:\\\/\\\/schema.org\",\"@graph\":[{\"@type\":\"Article\",\"@id\":\"https:\\\/\\\/fjala.info\\\/2009-2015\\\/gjashte-evropiane-qe-njohin-sali-berishen\\\/#article\",\"isPartOf\":{\"@id\":\"https:\\\/\\\/fjala.info\\\/2009-2015\\\/gjashte-evropiane-qe-njohin-sali-berishen\\\/\"},\"author\":{\"name\":\"admin\",\"@id\":\"https:\\\/\\\/fjala.info\\\/2009-2015\\\/#\\\/schema\\\/person\\\/3aa1163ef05469c496fc94e77611ada2\"},\"headline\":\"Gjasht\u00eb evropian\u00eb q\u00eb njohin Sali Berish\u00ebn\",\"datePublished\":\"2010-12-29T09:34:33+00:00\",\"mainEntityOfPage\":{\"@id\":\"https:\\\/\\\/fjala.info\\\/2009-2015\\\/gjashte-evropiane-qe-njohin-sali-berishen\\\/\"},\"wordCount\":991,\"commentCount\":0,\"publisher\":{\"@id\":\"https:\\\/\\\/fjala.info\\\/2009-2015\\\/#organization\"},\"image\":{\"@id\":\"https:\\\/\\\/fjala.info\\\/2009-2015\\\/gjashte-evropiane-qe-njohin-sali-berishen\\\/#primaryimage\"},\"thumbnailUrl\":\"http:\\\/\\\/fjala.shkoder.net\\\/wp-content\\\/uploads\\\/2010\\\/10\\\/mero_baze1.jpg\",\"articleSection\":[\"Artikuj\"],\"inLanguage\":\"sq-AL\",\"potentialAction\":[{\"@type\":\"CommentAction\",\"name\":\"Comment\",\"target\":[\"https:\\\/\\\/fjala.info\\\/2009-2015\\\/gjashte-evropiane-qe-njohin-sali-berishen\\\/#respond\"]}]},{\"@type\":\"WebPage\",\"@id\":\"https:\\\/\\\/fjala.info\\\/2009-2015\\\/gjashte-evropiane-qe-njohin-sali-berishen\\\/\",\"url\":\"https:\\\/\\\/fjala.info\\\/2009-2015\\\/gjashte-evropiane-qe-njohin-sali-berishen\\\/\",\"name\":\"Gjasht\u00eb evropian\u00eb q\u00eb njohin Sali Berish\u00ebn - FjALA e LIR\u00cb - Arkivi\",\"isPartOf\":{\"@id\":\"https:\\\/\\\/fjala.info\\\/2009-2015\\\/#website\"},\"primaryImageOfPage\":{\"@id\":\"https:\\\/\\\/fjala.info\\\/2009-2015\\\/gjashte-evropiane-qe-njohin-sali-berishen\\\/#primaryimage\"},\"image\":{\"@id\":\"https:\\\/\\\/fjala.info\\\/2009-2015\\\/gjashte-evropiane-qe-njohin-sali-berishen\\\/#primaryimage\"},\"thumbnailUrl\":\"http:\\\/\\\/fjala.shkoder.net\\\/wp-content\\\/uploads\\\/2010\\\/10\\\/mero_baze1.jpg\",\"datePublished\":\"2010-12-29T09:34:33+00:00\",\"breadcrumb\":{\"@id\":\"https:\\\/\\\/fjala.info\\\/2009-2015\\\/gjashte-evropiane-qe-njohin-sali-berishen\\\/#breadcrumb\"},\"inLanguage\":\"sq-AL\",\"potentialAction\":[{\"@type\":\"ReadAction\",\"target\":[\"https:\\\/\\\/fjala.info\\\/2009-2015\\\/gjashte-evropiane-qe-njohin-sali-berishen\\\/\"]}]},{\"@type\":\"ImageObject\",\"inLanguage\":\"sq-AL\",\"@id\":\"https:\\\/\\\/fjala.info\\\/2009-2015\\\/gjashte-evropiane-qe-njohin-sali-berishen\\\/#primaryimage\",\"url\":\"http:\\\/\\\/fjala.shkoder.net\\\/wp-content\\\/uploads\\\/2010\\\/10\\\/mero_baze1.jpg\",\"contentUrl\":\"http:\\\/\\\/fjala.shkoder.net\\\/wp-content\\\/uploads\\\/2010\\\/10\\\/mero_baze1.jpg\"},{\"@type\":\"BreadcrumbList\",\"@id\":\"https:\\\/\\\/fjala.info\\\/2009-2015\\\/gjashte-evropiane-qe-njohin-sali-berishen\\\/#breadcrumb\",\"itemListElement\":[{\"@type\":\"ListItem\",\"position\":1,\"name\":\"Home\",\"item\":\"https:\\\/\\\/fjala.info\\\/2009-2015\\\/\"},{\"@type\":\"ListItem\",\"position\":2,\"name\":\"Gjasht\u00eb evropian\u00eb q\u00eb njohin Sali Berish\u00ebn\"}]},{\"@type\":\"WebSite\",\"@id\":\"https:\\\/\\\/fjala.info\\\/2009-2015\\\/#website\",\"url\":\"https:\\\/\\\/fjala.info\\\/2009-2015\\\/\",\"name\":\"FjALA e LIR\u00cb - Arkivi\",\"description\":\"Arkivi 2009-2015\",\"publisher\":{\"@id\":\"https:\\\/\\\/fjala.info\\\/2009-2015\\\/#organization\"},\"potentialAction\":[{\"@type\":\"SearchAction\",\"target\":{\"@type\":\"EntryPoint\",\"urlTemplate\":\"https:\\\/\\\/fjala.info\\\/2009-2015\\\/?s={search_term_string}\"},\"query-input\":{\"@type\":\"PropertyValueSpecification\",\"valueRequired\":true,\"valueName\":\"search_term_string\"}}],\"inLanguage\":\"sq-AL\"},{\"@type\":\"Organization\",\"@id\":\"https:\\\/\\\/fjala.info\\\/2009-2015\\\/#organization\",\"name\":\"FjALA e LIR\u00cb - Arkivi\",\"url\":\"https:\\\/\\\/fjala.info\\\/2009-2015\\\/\",\"logo\":{\"@type\":\"ImageObject\",\"inLanguage\":\"sq-AL\",\"@id\":\"https:\\\/\\\/fjala.info\\\/2009-2015\\\/#\\\/schema\\\/logo\\\/image\\\/\",\"url\":\"\",\"contentUrl\":\"\",\"caption\":\"FjALA e LIR\u00cb - Arkivi\"},\"image\":{\"@id\":\"https:\\\/\\\/fjala.info\\\/2009-2015\\\/#\\\/schema\\\/logo\\\/image\\\/\"}},{\"@type\":\"Person\",\"@id\":\"https:\\\/\\\/fjala.info\\\/2009-2015\\\/#\\\/schema\\\/person\\\/3aa1163ef05469c496fc94e77611ada2\",\"name\":\"admin\",\"image\":{\"@type\":\"ImageObject\",\"inLanguage\":\"sq-AL\",\"@id\":\"https:\\\/\\\/fjala.info\\\/2009-2015\\\/wp-content\\\/uploads\\\/2012\\\/02\\\/arben_cokaj-120x150.jpg\",\"url\":\"https:\\\/\\\/fjala.info\\\/2009-2015\\\/wp-content\\\/uploads\\\/2012\\\/02\\\/arben_cokaj-120x150.jpg\",\"contentUrl\":\"https:\\\/\\\/fjala.info\\\/2009-2015\\\/wp-content\\\/uploads\\\/2012\\\/02\\\/arben_cokaj-120x150.jpg\",\"caption\":\"admin\"},\"description\":\"Admin, Fjala e Lir\u00eb\",\"sameAs\":[\"https:\\\/\\\/fjala.info\\\/\"],\"url\":\"https:\\\/\\\/fjala.info\\\/2009-2015\\\/author\\\/admin\\\/\"}]}<\/script>\n<!-- \/ Yoast SEO plugin. -->","yoast_head_json":{"title":"Gjasht\u00eb evropian\u00eb q\u00eb njohin Sali Berish\u00ebn - FjALA e LIR\u00cb - Arkivi","robots":{"index":"index","follow":"follow","max-snippet":"max-snippet:-1","max-image-preview":"max-image-preview:large","max-video-preview":"max-video-preview:-1"},"canonical":"https:\/\/fjala.info\/2009-2015\/gjashte-evropiane-qe-njohin-sali-berishen\/","og_locale":"sq_AL","og_type":"article","og_title":"Gjasht\u00eb evropian\u00eb q\u00eb njohin Sali Berish\u00ebn - FjALA e LIR\u00cb - Arkivi","og_description":"Nga Mero Baze Ata jan\u00eb s\u00eb paku gjasht\u00eb personalitete evropiane. \u00cbsht\u00eb fjala p\u00ebr komisionerin p\u00ebr Zgjerimin Europian, Stefan Fyle, drejtorin p\u00ebr Zgjerimin e Ballkanit Per\u00ebndimor, Piere Mirel, n\u00ebnkryetarin e grupit parlamentar socialist n\u00eb Parlamentin Europian, Hannes Svoboda, kreu i grupit parlamentar t\u00eb socialdemokrat\u00ebve n\u00eb PE, Martin Schulz, kreu i Partive Popullore Europiane, Xhozef Daul, si [&hellip;]","og_url":"https:\/\/fjala.info\/2009-2015\/gjashte-evropiane-qe-njohin-sali-berishen\/","og_site_name":"FjALA e LIR\u00cb - Arkivi","article_published_time":"2010-12-29T09:34:33+00:00","og_image":[{"url":"http:\/\/fjala.shkoder.net\/wp-content\/uploads\/2010\/10\/mero_baze1.jpg","type":"","width":"","height":""}],"author":"admin","twitter_card":"summary_large_image","twitter_misc":{"Written by":"admin","Est. reading time":"5 minutes"},"schema":{"@context":"https:\/\/schema.org","@graph":[{"@type":"Article","@id":"https:\/\/fjala.info\/2009-2015\/gjashte-evropiane-qe-njohin-sali-berishen\/#article","isPartOf":{"@id":"https:\/\/fjala.info\/2009-2015\/gjashte-evropiane-qe-njohin-sali-berishen\/"},"author":{"name":"admin","@id":"https:\/\/fjala.info\/2009-2015\/#\/schema\/person\/3aa1163ef05469c496fc94e77611ada2"},"headline":"Gjasht\u00eb evropian\u00eb q\u00eb njohin Sali Berish\u00ebn","datePublished":"2010-12-29T09:34:33+00:00","mainEntityOfPage":{"@id":"https:\/\/fjala.info\/2009-2015\/gjashte-evropiane-qe-njohin-sali-berishen\/"},"wordCount":991,"commentCount":0,"publisher":{"@id":"https:\/\/fjala.info\/2009-2015\/#organization"},"image":{"@id":"https:\/\/fjala.info\/2009-2015\/gjashte-evropiane-qe-njohin-sali-berishen\/#primaryimage"},"thumbnailUrl":"http:\/\/fjala.shkoder.net\/wp-content\/uploads\/2010\/10\/mero_baze1.jpg","articleSection":["Artikuj"],"inLanguage":"sq-AL","potentialAction":[{"@type":"CommentAction","name":"Comment","target":["https:\/\/fjala.info\/2009-2015\/gjashte-evropiane-qe-njohin-sali-berishen\/#respond"]}]},{"@type":"WebPage","@id":"https:\/\/fjala.info\/2009-2015\/gjashte-evropiane-qe-njohin-sali-berishen\/","url":"https:\/\/fjala.info\/2009-2015\/gjashte-evropiane-qe-njohin-sali-berishen\/","name":"Gjasht\u00eb evropian\u00eb q\u00eb njohin Sali Berish\u00ebn - FjALA e LIR\u00cb - Arkivi","isPartOf":{"@id":"https:\/\/fjala.info\/2009-2015\/#website"},"primaryImageOfPage":{"@id":"https:\/\/fjala.info\/2009-2015\/gjashte-evropiane-qe-njohin-sali-berishen\/#primaryimage"},"image":{"@id":"https:\/\/fjala.info\/2009-2015\/gjashte-evropiane-qe-njohin-sali-berishen\/#primaryimage"},"thumbnailUrl":"http:\/\/fjala.shkoder.net\/wp-content\/uploads\/2010\/10\/mero_baze1.jpg","datePublished":"2010-12-29T09:34:33+00:00","breadcrumb":{"@id":"https:\/\/fjala.info\/2009-2015\/gjashte-evropiane-qe-njohin-sali-berishen\/#breadcrumb"},"inLanguage":"sq-AL","potentialAction":[{"@type":"ReadAction","target":["https:\/\/fjala.info\/2009-2015\/gjashte-evropiane-qe-njohin-sali-berishen\/"]}]},{"@type":"ImageObject","inLanguage":"sq-AL","@id":"https:\/\/fjala.info\/2009-2015\/gjashte-evropiane-qe-njohin-sali-berishen\/#primaryimage","url":"http:\/\/fjala.shkoder.net\/wp-content\/uploads\/2010\/10\/mero_baze1.jpg","contentUrl":"http:\/\/fjala.shkoder.net\/wp-content\/uploads\/2010\/10\/mero_baze1.jpg"},{"@type":"BreadcrumbList","@id":"https:\/\/fjala.info\/2009-2015\/gjashte-evropiane-qe-njohin-sali-berishen\/#breadcrumb","itemListElement":[{"@type":"ListItem","position":1,"name":"Home","item":"https:\/\/fjala.info\/2009-2015\/"},{"@type":"ListItem","position":2,"name":"Gjasht\u00eb evropian\u00eb q\u00eb njohin Sali Berish\u00ebn"}]},{"@type":"WebSite","@id":"https:\/\/fjala.info\/2009-2015\/#website","url":"https:\/\/fjala.info\/2009-2015\/","name":"FjALA e LIR\u00cb - Arkivi","description":"Arkivi 2009-2015","publisher":{"@id":"https:\/\/fjala.info\/2009-2015\/#organization"},"potentialAction":[{"@type":"SearchAction","target":{"@type":"EntryPoint","urlTemplate":"https:\/\/fjala.info\/2009-2015\/?s={search_term_string}"},"query-input":{"@type":"PropertyValueSpecification","valueRequired":true,"valueName":"search_term_string"}}],"inLanguage":"sq-AL"},{"@type":"Organization","@id":"https:\/\/fjala.info\/2009-2015\/#organization","name":"FjALA e LIR\u00cb - Arkivi","url":"https:\/\/fjala.info\/2009-2015\/","logo":{"@type":"ImageObject","inLanguage":"sq-AL","@id":"https:\/\/fjala.info\/2009-2015\/#\/schema\/logo\/image\/","url":"","contentUrl":"","caption":"FjALA e LIR\u00cb - Arkivi"},"image":{"@id":"https:\/\/fjala.info\/2009-2015\/#\/schema\/logo\/image\/"}},{"@type":"Person","@id":"https:\/\/fjala.info\/2009-2015\/#\/schema\/person\/3aa1163ef05469c496fc94e77611ada2","name":"admin","image":{"@type":"ImageObject","inLanguage":"sq-AL","@id":"https:\/\/fjala.info\/2009-2015\/wp-content\/uploads\/2012\/02\/arben_cokaj-120x150.jpg","url":"https:\/\/fjala.info\/2009-2015\/wp-content\/uploads\/2012\/02\/arben_cokaj-120x150.jpg","contentUrl":"https:\/\/fjala.info\/2009-2015\/wp-content\/uploads\/2012\/02\/arben_cokaj-120x150.jpg","caption":"admin"},"description":"Admin, Fjala e Lir\u00eb","sameAs":["https:\/\/fjala.info\/"],"url":"https:\/\/fjala.info\/2009-2015\/author\/admin\/"}]}},"_links":{"self":[{"href":"https:\/\/fjala.info\/2009-2015\/wp-json\/wp\/v2\/posts\/5447","targetHints":{"allow":["GET"]}}],"collection":[{"href":"https:\/\/fjala.info\/2009-2015\/wp-json\/wp\/v2\/posts"}],"about":[{"href":"https:\/\/fjala.info\/2009-2015\/wp-json\/wp\/v2\/types\/post"}],"author":[{"embeddable":true,"href":"https:\/\/fjala.info\/2009-2015\/wp-json\/wp\/v2\/users\/1"}],"replies":[{"embeddable":true,"href":"https:\/\/fjala.info\/2009-2015\/wp-json\/wp\/v2\/comments?post=5447"}],"version-history":[{"count":0,"href":"https:\/\/fjala.info\/2009-2015\/wp-json\/wp\/v2\/posts\/5447\/revisions"}],"wp:attachment":[{"href":"https:\/\/fjala.info\/2009-2015\/wp-json\/wp\/v2\/media?parent=5447"}],"wp:term":[{"taxonomy":"category","embeddable":true,"href":"https:\/\/fjala.info\/2009-2015\/wp-json\/wp\/v2\/categories?post=5447"},{"taxonomy":"post_tag","embeddable":true,"href":"https:\/\/fjala.info\/2009-2015\/wp-json\/wp\/v2\/tags?post=5447"}],"curies":[{"name":"wp","href":"https:\/\/api.w.org\/{rel}","templated":true}]}}