{"id":5443,"date":"2010-12-25T09:41:06","date_gmt":"2010-12-25T08:41:06","guid":{"rendered":"http:\/\/fjala.shkoder.net\/?p=5443"},"modified":"2010-12-25T09:41:06","modified_gmt":"2010-12-25T08:41:06","slug":"qeveria-qe-s-qeveris","status":"publish","type":"post","link":"https:\/\/fjala.info\/2009-2015\/qeveria-qe-s-qeveris\/","title":{"rendered":"QEVERIA Q\u00cb S&#8217; QEVERIS"},"content":{"rendered":"<p><img decoding=\"async\" class=\"alignright size-full wp-image-4682\" title=\"Bekim Rexhepi\" src=\"http:\/\/fjala.shkoder.net\/wp-content\/uploads\/2010\/11\/bekim_rexhepi.jpg\" alt=\"\" width=\"120\" \/><br \/>\n<strong>Bekim Rexhepi<\/strong>, <em>bekimbeu@hotmail.com <\/em><\/p>\n<p>M\u00eb Qeveria q\u00eb s&#8217;qeveris m\u00eb \u00ebsht\u00eb kjo qeveri qe pretendon t\u00eb jet\u00eb prap\u00eb n\u00eb pushtetin e ardhsh\u00ebm t\u00eb Kosov\u00ebs. Pra, qeveria e kaluar (e), do t\u00eb jet\u00eb serish qeveri e ardhshme, duke anashkaluar faktet dhe arsyet e r\u00ebnies nga pushteti, dhe kjo r\u00ebnie ishte dhe mbete p\u00ebr tu gjykuar si shkaku i paaft\u00ebsis\u00eb s\u00eb saj politike p\u00ebr t\u00eb qeverisur vendin me mandat t\u00eb plot\u00eb. Nga Bekim Rexhepi Qytetari aktiv\u00eb Qytetaret e Kosov\u00ebs e kan\u00eb p\u00ebr obligim t\u00eb reagojn\u00eb n\u00eb m\u00ebnyr\u00eb aktive p\u00ebr sa i p\u00ebrket \u00e7\u00ebshtjes vitale t\u00eb t\u00eb ardhmes se tyre.<\/p>\n<p>Zgjedhjet e fundit akoma t\u00eb pa p\u00ebrmbyllura si duhet, p\u00ebr shkak t\u00eb shum\u00eb problemeve teknike, p\u00ebr shkak t\u00eb vjedhjes s\u00eb vot\u00ebs, p\u00ebr shkak t\u00eb manipulimit, p\u00ebr shkak t\u00eb kontestimeve t\u00eb shumta dhe t\u00eb tjera si k\u00ebto, duhet ta b\u00ebjn\u00eb qytetarin t\u00eb dali n\u00eb aksion, t\u00eb kufizoj \u00e7far\u00ebdo pushteti mbi ta q\u00eb pretendon se ka legjitimitet politik, e t\u00eb b\u00ebj\u00eb \u00e7far\u00eb t\u00eb doj\u00eb mbi shoq\u00ebrin\u00eb apo individin. Qytetari mbetet aktiv\u00eb n\u00ebse nuk hesht\u00eb kur autoriteti i ligjit cenohet nga pushteti personal i nj\u00eb individi apo t\u00eb nj\u00eb kaste. Derisa qytetari \u00ebsht\u00eb aktiv\u00eb ai mbetet edhe i lir\u00eb.<\/p>\n<p>E kund\u00ebrta, pasiviteti i \u00e7do qytetari karshi autoritetit t\u00eb ligjit, sikur i thot\u00eb n\u00eb jehon pushtetit personal apo kast\u00ebs t\u00eb nd\u00ebrhy n\u00eb lirin\u00eb e tyre. Jo vet\u00ebm ne k\u00ebsi rasti, qytetari duhet t\u00eb tregoi vetveten mbi t\u00eb drejt\u00ebn e tij, sepse n\u00eb shum\u00eb raste t\u00eb qeverisjes s\u00eb vendit ata madje anashkalohen nga vendimmarrja e tyre demokratike. Nuk \u00ebsht\u00eb aq demokratike nj\u00eb vendim i nj\u00eb qeverie, e cila edhe pse del nga zgjedhje t\u00eb lira e demokratike, prap\u00eb merr vendime pa qytetarin. Marrja e vendimeve pa qytetarin n\u00eb vetvete p\u00ebrb\u00ebn nj\u00eb shkelje demokratike, sepse legjitimon nj\u00eb pushtet pa kufizime mbi shoq\u00ebrin\u00eb dhe individin.<\/p>\n<p>Demokracia nuk mund t\u00eb m\u00ebsohet, n\u00ebse p\u00ebr t\u00eb nuk kemi dhe nuk ushtrojm\u00eb kujdes t\u00eb ve\u00e7ant\u00eb dhe t\u00eb vazhduesh\u00ebm. Kujdesi p\u00ebr demokracin\u00eb \u00ebsht\u00eb obligim, por \u00ebsht\u00eb edhe nj\u00eb kondit\u00eb themelore e liris\u00eb. Shqiptaret n\u00eb vitet e fundit po b\u00ebjn\u00eb p\u00ebrpjekjet e tyre p\u00ebr demokracin\u00eb, po e provojn\u00eb, po ecet m\u00eb t\u00eb, po e m\u00ebsojn\u00eb at\u00eb, dhe e gjith\u00eb kjo \u00ebsht\u00eb nj\u00eb proces, nj\u00eb zhvillim i domosdosh\u00ebm i tyre. Duhet pranuar se shqiptaret e kishin t\u00eb v\u00ebshtir\u00eb k\u00ebt\u00eb kalim n\u00eb demokraci sepse e kaluara e tyre ishte e r\u00ebnd\u00eb dhe e ndryshme. Okupimi i trojeve t\u00eb tyre, vuajtja n\u00ebn regjime dhe diktatura kan\u00eb ndikuar mjaft\u00eb q\u00eb proceset dhe zhvillimet t\u00eb jen\u00eb t\u00eb ngadalta dhe jo t\u00eb pritshme.<\/p>\n<p>Qeveria q\u00eb s&#8217;qeveris m\u00eb Qeveria q\u00eb s&#8217;qeveris m\u00eb \u00ebsht\u00eb kjo qeveri qe pretendon t\u00eb jet\u00eb prap\u00eb n\u00eb pushtetin e ardhsh\u00ebm t\u00eb Kosov\u00ebs. Pra, qeveria e kaluar (e), do t\u00eb jet\u00eb serish qeveri e ardhshme, duke anashkaluar faktet dhe arsyet e r\u00ebnies nga pushteti, dhe kjo r\u00ebnie ishte dhe mbete p\u00ebr tu gjykuar si shkaku i paaft\u00ebsis\u00eb s\u00eb saj politike p\u00ebr t\u00eb qeverisur vendin me mandat t\u00eb plot\u00eb. Nuk e mbylli si duhet mandatin, e p\u00ebrmbylli para kohe k\u00ebt\u00eb mandat, u p\u00ebrfol dhe u v\u00ebrtetua se nuk ishte e aft\u00eb t\u00eb qeveris\u00eb. Madje sa p\u00ebr t\u00eb sqaruar kjo qeveri mandatin e saj e p\u00ebrmbylli duke e votuar vetveten n\u00eb largimin t\u00eb qeveris\u00ebs se vendit sepse ishte b\u00ebr\u00eb e pamundur t\u00eb qeverisej pa numra legjitim deputet\u00ebsh.<\/p>\n<p>Procesi zgjedhor akoma nuk ka mbaruar p\u00ebr shkak t\u00eb parregullsive dhe manipulimit t\u00eb tyre, duket se n\u00eb disa komuna ku jan\u00eb evidentuar shkelje t\u00eb r\u00ebnda dhe vjedhje votash, komisioni zgjedhor ka vendosur ti p\u00ebrs\u00ebris\u00eb ato. N\u00eb disa komuna, disa parti pajtohen me rip\u00ebrs\u00ebritjen e tyre, disa t\u00eb tjera e kontestojn\u00eb gjith\u00eb procesin si t\u00eb deformuar dhe k\u00ebrkojn\u00eb t\u00eb p\u00ebrs\u00ebriten serish zgjedhjet. Derisa po evitohen parregullsit\u00eb n\u00eb qendrat e votimit n\u00eb gjith\u00eb vendin, partia pretenduese se i ka fituar k\u00ebto zgjedhje e q\u00eb \u00ebsht\u00eb partia bart\u00ebse e qeveris\u00eb s\u00eb kaluar, \u00ebsht\u00eb dhe mbetet p\u00ebrgjegj\u00ebsja kryesore e manipulimit t\u00eb zgjedhjeve t\u00eb jasht\u00ebzakonta.<\/p>\n<p>E sigurt \u00ebsht\u00eb se sido qe t\u00eb ken\u00eb qen\u00eb k\u00ebto zgjedhje nuk kan\u00eb prodhuar fitues t\u00eb plot\u00eb qe do t\u00eb mund t\u00eb formonte qeverin\u00eb si e vetme. Pa koalicion \u00ebsht\u00eb e pamundur krijimi i qeveris\u00eb, v\u00ebshtir\u00ebsit\u00eb jan\u00eb t\u00eb pranishme sepse manipulimi i tyre ka pamund\u00ebsuar besimin politik dhe udh\u00ebheqjen e p\u00ebrbashk\u00ebt. Ky mos besim u krijua me qeverisjen e kaluar, e cila e mbaroi mandatin para kohe dhe r\u00ebnia e saj i dha grusht t\u00eb r\u00ebnd bashk\u00ebpunimit nd\u00ebrpartiak, i cili u b\u00eb i pamundur edhe n\u00eb k\u00ebto zgjedhje.<\/p>\n<p>E v\u00ebrtet\u00eb \u00ebsht\u00eb se zgjedhjet jan\u00eb manipuluar nga strukturat e brendshme t\u00eb qeveris\u00eb se kaluar, ajo \u00ebsht\u00eb p\u00ebrgjegj\u00ebse dhe kjo i pamund\u00ebson \u00e7far\u00ebdo qeverisje t\u00eb m\u00ebtutjeshme sepse t\u00eb manipulosh dhe t\u00eb qeveris\u00ebsh \u00ebsht\u00eb jo demokratike, jo qytet\u00ebruese dhe jo e pranueshme brenda \u00e7far\u00ebdo standardi. Kjo fitore e manipuluar e partis\u00eb dhe bart\u00ebsja e qeveris\u00eb se kaluar nuk mban aspak moral qeveris\u00ebs p\u00ebr t\u00eb ardhmen, sepse u provua se kishte shkelje serioze n\u00eb zgjedhje e fundit. Si mund t\u00eb qeveris\u00ebsh?- kur ke shkelur rregullat e zgjedhjeve t\u00eb lira. Si mund t\u00eb mbaj moral nj\u00eb qeveri qe ka prekur zgjedhjet? &#8211; kur k\u00ebto zgjedhje se paku nga kjo qeveri do t\u00eb duhej t\u00eb garantoheshin. Pra, kjo qeveri e kaluar s&#8217;qeveris m\u00eb, me t\u00eb ardhmen.<\/p>\n<p>Akuza n\u00eb agjend\u00eb akuzash Aq m\u00eb shum\u00eb e b\u00ebn\u00eb t\u00eb pamundur dhe me pak moral t\u00eb qeveris me Kosov\u00ebn Hashim Tha\u00e7i, pas akuzave t\u00eb Dicke Marty-t. Agjenda e zgjedhjeve n\u00eb Kosov\u00eb sikur p\u00ebsoi nj\u00eb cunam me akuza t\u00eb r\u00ebnda dhe demonizuese, p\u00ebr Kosov\u00ebn, p\u00ebr U\u00c7K-n\u00eb dhe p\u00ebr vet Hashim Tha\u00e7in. Ky demonizim i Kosov\u00ebs duhet t\u00eb kap\u00ebrcehet me kujdes, p\u00ebr t\u00eb mos krijuar fytyr\u00ebn e vrazhd\u00ebt t\u00eb p\u00ebrfytyrimit monstruoz t\u00eb nj\u00eb deputeti evropian nga Zvicra. Akuza dhe kund\u00ebr akuza nuk japin dy fitues t\u00eb v\u00ebrtet\u00eb. Ndaj p\u00ebr t\u00eb pasur fituesin n\u00eb an\u00ebn ton\u00eb, ne duhet ti ofrojm\u00eb bashk\u00ebpunim ne at\u00eb qe nuk demonizon realisht fytyr\u00ebn ton\u00eb. N\u00eb fakt preku Kosov\u00ebn, U\u00c7K-n\u00eb dhe Hashim Tha\u00e7in, jan\u00eb t\u00eb r\u00ebnda akuzat e Dicke Marty-t.<\/p>\n<p>Por, dalja nga k\u00ebto akuza zhyt\u00ebse nuk jan\u00eb kund\u00ebr akuzat, vet\u00ebm nj\u00eb ofert\u00eb e sinqert\u00eb e pal\u00ebs shqiptare p\u00ebr t\u00eb hetuar deri n\u00eb maksimum dhe me transparenc\u00eb maksimale do ta heq mask\u00ebn e ndyr\u00eb t\u00eb akuzave ndaj nesh. \u00c7do prov\u00eb tjet\u00ebr \u00ebsht\u00eb e gabuar sepse kjo luft\u00eb nuk b\u00ebhet me Serbin dhe me ndonj\u00eb deputet serb. K\u00ebtu kemi nj\u00eb eurodeputet nga nj\u00eb vend qe ka mb\u00ebshtetur legjitimitetin e pavar\u00ebsis\u00eb dhe ka njohur shtet\u00ebsin\u00eb e vendit. Pra, tentativa p\u00ebr ta gjykuar nj\u00eb deputet evropian si nj\u00eb deputet serb \u00ebsht\u00eb nj\u00eb gabim i pafalsh\u00ebm sepse pavar\u00ebsisht t\u00eb drejt\u00ebs p\u00ebr t\u00eb hetuar di\u00e7 t\u00eb dyshuar dhe pavar\u00ebsisht krimit t\u00eb mundsh\u00ebm t\u00eb nj\u00eb grupi nuk mund t\u00eb p\u00ebsoi vendi. S<\/p>\n<p>epse m\u00eb mir\u00eb \u00ebsht\u00eb t\u00eb provohet se sa t\u00eb p\u00ebsohet, n\u00ebse jemi t\u00eb past\u00ebr ne at\u00eb q\u00eb prolongohet pse t\u00eb mos hetohet?! Le t\u00eb hetohet, por, megjith\u00ebk\u00ebt\u00eb ne posa\u00e7\u00ebrisht duhet t\u00eb jemi t\u00eb kujdessh\u00ebm dhe t\u00eb sigurt n\u00eb t\u00eb gjitha rezultatet hulumtuese, sepse mund t\u00eb jet\u00eb nj\u00eb komplot i organizuar ndaj dhe shum\u00eb \u00e7\u00ebshtjeve tona. Hashim Tha\u00e7i, duhet ti hap rrug\u00eb k\u00ebtyre akuzave dhe jo t\u00eb mbaj n\u00eb agjend\u00eb demonizimin e vendit me akuza t\u00eb tilla. Procesi zgjedhor dhe evidentimit i problemeve zgjedhore t\u00eb finalizohet, ti epet shansi m\u00eb normal qytetarit qe serish t\u00eb votoi n\u00eb ato komuna ku u evidentuan probleme dhe deformim zgjedhor. Fituesi t\u00eb krijoj qeverin\u00eb me ose pa koalicione nj\u00eb qeverisje t\u00eb re dhe me t\u00eb, t\u00eb filloj jeta politike e vendit.Tha\u00e7i me t\u00eb gjitha premisat nuk mund t\u00eb qeveris\u00eb m\u00eb me Kosov\u00ebn.<\/p>\n<p>24.12.2010<\/p>\n","protected":false},"excerpt":{"rendered":"<p>Bekim Rexhepi, bekimbeu@hotmail.com M\u00eb Qeveria q\u00eb s&#8217;qeveris m\u00eb \u00ebsht\u00eb kjo qeveri qe pretendon t\u00eb jet\u00eb prap\u00eb n\u00eb pushtetin e ardhsh\u00ebm t\u00eb Kosov\u00ebs. Pra, qeveria e kaluar (e), do t\u00eb jet\u00eb serish qeveri e ardhshme, duke anashkaluar faktet dhe arsyet e r\u00ebnies nga pushteti, dhe kjo r\u00ebnie ishte dhe mbete p\u00ebr tu gjykuar si shkaku i [&hellip;]<\/p>\n","protected":false},"author":1,"featured_media":0,"comment_status":"open","ping_status":"closed","sticky":false,"template":"","format":"standard","meta":{"footnotes":""},"categories":[2],"tags":[],"class_list":{"0":"post-5443","1":"post","2":"type-post","3":"status-publish","4":"format-standard","6":"category-artikuj"},"yoast_head":"<!-- This site is optimized with the Yoast SEO plugin v27.4 - https:\/\/yoast.com\/product\/yoast-seo-wordpress\/ -->\n<title>QEVERIA Q\u00cb S&#039; QEVERIS - FjALA e LIR\u00cb - Arkivi<\/title>\n<meta name=\"robots\" content=\"index, follow, max-snippet:-1, max-image-preview:large, max-video-preview:-1\" \/>\n<link rel=\"canonical\" href=\"https:\/\/fjala.info\/2009-2015\/qeveria-qe-s-qeveris\/\" \/>\n<meta property=\"og:locale\" content=\"sq_AL\" \/>\n<meta property=\"og:type\" content=\"article\" \/>\n<meta property=\"og:title\" content=\"QEVERIA Q\u00cb S&#039; QEVERIS - FjALA e LIR\u00cb - Arkivi\" \/>\n<meta property=\"og:description\" content=\"Bekim Rexhepi, bekimbeu@hotmail.com M\u00eb Qeveria q\u00eb s&#8217;qeveris m\u00eb \u00ebsht\u00eb kjo qeveri qe pretendon t\u00eb jet\u00eb prap\u00eb n\u00eb pushtetin e ardhsh\u00ebm t\u00eb Kosov\u00ebs. Pra, qeveria e kaluar (e), do t\u00eb jet\u00eb serish qeveri e ardhshme, duke anashkaluar faktet dhe arsyet e r\u00ebnies nga pushteti, dhe kjo r\u00ebnie ishte dhe mbete p\u00ebr tu gjykuar si shkaku i [&hellip;]\" \/>\n<meta property=\"og:url\" content=\"https:\/\/fjala.info\/2009-2015\/qeveria-qe-s-qeveris\/\" \/>\n<meta property=\"og:site_name\" content=\"FjALA e LIR\u00cb - Arkivi\" \/>\n<meta property=\"article:published_time\" content=\"2010-12-25T08:41:06+00:00\" \/>\n<meta property=\"og:image\" content=\"http:\/\/fjala.shkoder.net\/wp-content\/uploads\/2010\/11\/bekim_rexhepi.jpg\" \/>\n<meta name=\"author\" content=\"admin\" \/>\n<meta name=\"twitter:card\" content=\"summary_large_image\" \/>\n<meta name=\"twitter:label1\" content=\"Written by\" \/>\n\t<meta name=\"twitter:data1\" content=\"admin\" \/>\n\t<meta name=\"twitter:label2\" content=\"Est. reading time\" \/>\n\t<meta name=\"twitter:data2\" content=\"7 minutes\" \/>\n<script type=\"application\/ld+json\" class=\"yoast-schema-graph\">{\"@context\":\"https:\\\/\\\/schema.org\",\"@graph\":[{\"@type\":\"Article\",\"@id\":\"https:\\\/\\\/fjala.info\\\/2009-2015\\\/qeveria-qe-s-qeveris\\\/#article\",\"isPartOf\":{\"@id\":\"https:\\\/\\\/fjala.info\\\/2009-2015\\\/qeveria-qe-s-qeveris\\\/\"},\"author\":{\"name\":\"admin\",\"@id\":\"https:\\\/\\\/fjala.info\\\/2009-2015\\\/#\\\/schema\\\/person\\\/3aa1163ef05469c496fc94e77611ada2\"},\"headline\":\"QEVERIA Q\u00cb S&#8217; QEVERIS\",\"datePublished\":\"2010-12-25T08:41:06+00:00\",\"mainEntityOfPage\":{\"@id\":\"https:\\\/\\\/fjala.info\\\/2009-2015\\\/qeveria-qe-s-qeveris\\\/\"},\"wordCount\":1392,\"commentCount\":0,\"publisher\":{\"@id\":\"https:\\\/\\\/fjala.info\\\/2009-2015\\\/#organization\"},\"image\":{\"@id\":\"https:\\\/\\\/fjala.info\\\/2009-2015\\\/qeveria-qe-s-qeveris\\\/#primaryimage\"},\"thumbnailUrl\":\"http:\\\/\\\/fjala.shkoder.net\\\/wp-content\\\/uploads\\\/2010\\\/11\\\/bekim_rexhepi.jpg\",\"articleSection\":[\"Artikuj\"],\"inLanguage\":\"sq-AL\",\"potentialAction\":[{\"@type\":\"CommentAction\",\"name\":\"Comment\",\"target\":[\"https:\\\/\\\/fjala.info\\\/2009-2015\\\/qeveria-qe-s-qeveris\\\/#respond\"]}]},{\"@type\":\"WebPage\",\"@id\":\"https:\\\/\\\/fjala.info\\\/2009-2015\\\/qeveria-qe-s-qeveris\\\/\",\"url\":\"https:\\\/\\\/fjala.info\\\/2009-2015\\\/qeveria-qe-s-qeveris\\\/\",\"name\":\"QEVERIA Q\u00cb S' QEVERIS - FjALA e LIR\u00cb - Arkivi\",\"isPartOf\":{\"@id\":\"https:\\\/\\\/fjala.info\\\/2009-2015\\\/#website\"},\"primaryImageOfPage\":{\"@id\":\"https:\\\/\\\/fjala.info\\\/2009-2015\\\/qeveria-qe-s-qeveris\\\/#primaryimage\"},\"image\":{\"@id\":\"https:\\\/\\\/fjala.info\\\/2009-2015\\\/qeveria-qe-s-qeveris\\\/#primaryimage\"},\"thumbnailUrl\":\"http:\\\/\\\/fjala.shkoder.net\\\/wp-content\\\/uploads\\\/2010\\\/11\\\/bekim_rexhepi.jpg\",\"datePublished\":\"2010-12-25T08:41:06+00:00\",\"breadcrumb\":{\"@id\":\"https:\\\/\\\/fjala.info\\\/2009-2015\\\/qeveria-qe-s-qeveris\\\/#breadcrumb\"},\"inLanguage\":\"sq-AL\",\"potentialAction\":[{\"@type\":\"ReadAction\",\"target\":[\"https:\\\/\\\/fjala.info\\\/2009-2015\\\/qeveria-qe-s-qeveris\\\/\"]}]},{\"@type\":\"ImageObject\",\"inLanguage\":\"sq-AL\",\"@id\":\"https:\\\/\\\/fjala.info\\\/2009-2015\\\/qeveria-qe-s-qeveris\\\/#primaryimage\",\"url\":\"http:\\\/\\\/fjala.shkoder.net\\\/wp-content\\\/uploads\\\/2010\\\/11\\\/bekim_rexhepi.jpg\",\"contentUrl\":\"http:\\\/\\\/fjala.shkoder.net\\\/wp-content\\\/uploads\\\/2010\\\/11\\\/bekim_rexhepi.jpg\"},{\"@type\":\"BreadcrumbList\",\"@id\":\"https:\\\/\\\/fjala.info\\\/2009-2015\\\/qeveria-qe-s-qeveris\\\/#breadcrumb\",\"itemListElement\":[{\"@type\":\"ListItem\",\"position\":1,\"name\":\"Home\",\"item\":\"https:\\\/\\\/fjala.info\\\/2009-2015\\\/\"},{\"@type\":\"ListItem\",\"position\":2,\"name\":\"QEVERIA Q\u00cb S&#8217; QEVERIS\"}]},{\"@type\":\"WebSite\",\"@id\":\"https:\\\/\\\/fjala.info\\\/2009-2015\\\/#website\",\"url\":\"https:\\\/\\\/fjala.info\\\/2009-2015\\\/\",\"name\":\"FjALA e LIR\u00cb - Arkivi\",\"description\":\"Arkivi 2009-2015\",\"publisher\":{\"@id\":\"https:\\\/\\\/fjala.info\\\/2009-2015\\\/#organization\"},\"potentialAction\":[{\"@type\":\"SearchAction\",\"target\":{\"@type\":\"EntryPoint\",\"urlTemplate\":\"https:\\\/\\\/fjala.info\\\/2009-2015\\\/?s={search_term_string}\"},\"query-input\":{\"@type\":\"PropertyValueSpecification\",\"valueRequired\":true,\"valueName\":\"search_term_string\"}}],\"inLanguage\":\"sq-AL\"},{\"@type\":\"Organization\",\"@id\":\"https:\\\/\\\/fjala.info\\\/2009-2015\\\/#organization\",\"name\":\"FjALA e LIR\u00cb - Arkivi\",\"url\":\"https:\\\/\\\/fjala.info\\\/2009-2015\\\/\",\"logo\":{\"@type\":\"ImageObject\",\"inLanguage\":\"sq-AL\",\"@id\":\"https:\\\/\\\/fjala.info\\\/2009-2015\\\/#\\\/schema\\\/logo\\\/image\\\/\",\"url\":\"\",\"contentUrl\":\"\",\"caption\":\"FjALA e LIR\u00cb - Arkivi\"},\"image\":{\"@id\":\"https:\\\/\\\/fjala.info\\\/2009-2015\\\/#\\\/schema\\\/logo\\\/image\\\/\"}},{\"@type\":\"Person\",\"@id\":\"https:\\\/\\\/fjala.info\\\/2009-2015\\\/#\\\/schema\\\/person\\\/3aa1163ef05469c496fc94e77611ada2\",\"name\":\"admin\",\"image\":{\"@type\":\"ImageObject\",\"inLanguage\":\"sq-AL\",\"@id\":\"https:\\\/\\\/fjala.info\\\/2009-2015\\\/wp-content\\\/uploads\\\/2012\\\/02\\\/arben_cokaj-120x150.jpg\",\"url\":\"https:\\\/\\\/fjala.info\\\/2009-2015\\\/wp-content\\\/uploads\\\/2012\\\/02\\\/arben_cokaj-120x150.jpg\",\"contentUrl\":\"https:\\\/\\\/fjala.info\\\/2009-2015\\\/wp-content\\\/uploads\\\/2012\\\/02\\\/arben_cokaj-120x150.jpg\",\"caption\":\"admin\"},\"description\":\"Admin, Fjala e Lir\u00eb\",\"sameAs\":[\"https:\\\/\\\/fjala.info\\\/\"],\"url\":\"https:\\\/\\\/fjala.info\\\/2009-2015\\\/author\\\/admin\\\/\"}]}<\/script>\n<!-- \/ Yoast SEO plugin. -->","yoast_head_json":{"title":"QEVERIA Q\u00cb S' QEVERIS - FjALA e LIR\u00cb - Arkivi","robots":{"index":"index","follow":"follow","max-snippet":"max-snippet:-1","max-image-preview":"max-image-preview:large","max-video-preview":"max-video-preview:-1"},"canonical":"https:\/\/fjala.info\/2009-2015\/qeveria-qe-s-qeveris\/","og_locale":"sq_AL","og_type":"article","og_title":"QEVERIA Q\u00cb S' QEVERIS - FjALA e LIR\u00cb - Arkivi","og_description":"Bekim Rexhepi, bekimbeu@hotmail.com M\u00eb Qeveria q\u00eb s&#8217;qeveris m\u00eb \u00ebsht\u00eb kjo qeveri qe pretendon t\u00eb jet\u00eb prap\u00eb n\u00eb pushtetin e ardhsh\u00ebm t\u00eb Kosov\u00ebs. Pra, qeveria e kaluar (e), do t\u00eb jet\u00eb serish qeveri e ardhshme, duke anashkaluar faktet dhe arsyet e r\u00ebnies nga pushteti, dhe kjo r\u00ebnie ishte dhe mbete p\u00ebr tu gjykuar si shkaku i [&hellip;]","og_url":"https:\/\/fjala.info\/2009-2015\/qeveria-qe-s-qeveris\/","og_site_name":"FjALA e LIR\u00cb - Arkivi","article_published_time":"2010-12-25T08:41:06+00:00","og_image":[{"url":"http:\/\/fjala.shkoder.net\/wp-content\/uploads\/2010\/11\/bekim_rexhepi.jpg","type":"","width":"","height":""}],"author":"admin","twitter_card":"summary_large_image","twitter_misc":{"Written by":"admin","Est. reading time":"7 minutes"},"schema":{"@context":"https:\/\/schema.org","@graph":[{"@type":"Article","@id":"https:\/\/fjala.info\/2009-2015\/qeveria-qe-s-qeveris\/#article","isPartOf":{"@id":"https:\/\/fjala.info\/2009-2015\/qeveria-qe-s-qeveris\/"},"author":{"name":"admin","@id":"https:\/\/fjala.info\/2009-2015\/#\/schema\/person\/3aa1163ef05469c496fc94e77611ada2"},"headline":"QEVERIA Q\u00cb S&#8217; QEVERIS","datePublished":"2010-12-25T08:41:06+00:00","mainEntityOfPage":{"@id":"https:\/\/fjala.info\/2009-2015\/qeveria-qe-s-qeveris\/"},"wordCount":1392,"commentCount":0,"publisher":{"@id":"https:\/\/fjala.info\/2009-2015\/#organization"},"image":{"@id":"https:\/\/fjala.info\/2009-2015\/qeveria-qe-s-qeveris\/#primaryimage"},"thumbnailUrl":"http:\/\/fjala.shkoder.net\/wp-content\/uploads\/2010\/11\/bekim_rexhepi.jpg","articleSection":["Artikuj"],"inLanguage":"sq-AL","potentialAction":[{"@type":"CommentAction","name":"Comment","target":["https:\/\/fjala.info\/2009-2015\/qeveria-qe-s-qeveris\/#respond"]}]},{"@type":"WebPage","@id":"https:\/\/fjala.info\/2009-2015\/qeveria-qe-s-qeveris\/","url":"https:\/\/fjala.info\/2009-2015\/qeveria-qe-s-qeveris\/","name":"QEVERIA Q\u00cb S' QEVERIS - FjALA e LIR\u00cb - Arkivi","isPartOf":{"@id":"https:\/\/fjala.info\/2009-2015\/#website"},"primaryImageOfPage":{"@id":"https:\/\/fjala.info\/2009-2015\/qeveria-qe-s-qeveris\/#primaryimage"},"image":{"@id":"https:\/\/fjala.info\/2009-2015\/qeveria-qe-s-qeveris\/#primaryimage"},"thumbnailUrl":"http:\/\/fjala.shkoder.net\/wp-content\/uploads\/2010\/11\/bekim_rexhepi.jpg","datePublished":"2010-12-25T08:41:06+00:00","breadcrumb":{"@id":"https:\/\/fjala.info\/2009-2015\/qeveria-qe-s-qeveris\/#breadcrumb"},"inLanguage":"sq-AL","potentialAction":[{"@type":"ReadAction","target":["https:\/\/fjala.info\/2009-2015\/qeveria-qe-s-qeveris\/"]}]},{"@type":"ImageObject","inLanguage":"sq-AL","@id":"https:\/\/fjala.info\/2009-2015\/qeveria-qe-s-qeveris\/#primaryimage","url":"http:\/\/fjala.shkoder.net\/wp-content\/uploads\/2010\/11\/bekim_rexhepi.jpg","contentUrl":"http:\/\/fjala.shkoder.net\/wp-content\/uploads\/2010\/11\/bekim_rexhepi.jpg"},{"@type":"BreadcrumbList","@id":"https:\/\/fjala.info\/2009-2015\/qeveria-qe-s-qeveris\/#breadcrumb","itemListElement":[{"@type":"ListItem","position":1,"name":"Home","item":"https:\/\/fjala.info\/2009-2015\/"},{"@type":"ListItem","position":2,"name":"QEVERIA Q\u00cb S&#8217; QEVERIS"}]},{"@type":"WebSite","@id":"https:\/\/fjala.info\/2009-2015\/#website","url":"https:\/\/fjala.info\/2009-2015\/","name":"FjALA e LIR\u00cb - Arkivi","description":"Arkivi 2009-2015","publisher":{"@id":"https:\/\/fjala.info\/2009-2015\/#organization"},"potentialAction":[{"@type":"SearchAction","target":{"@type":"EntryPoint","urlTemplate":"https:\/\/fjala.info\/2009-2015\/?s={search_term_string}"},"query-input":{"@type":"PropertyValueSpecification","valueRequired":true,"valueName":"search_term_string"}}],"inLanguage":"sq-AL"},{"@type":"Organization","@id":"https:\/\/fjala.info\/2009-2015\/#organization","name":"FjALA e LIR\u00cb - Arkivi","url":"https:\/\/fjala.info\/2009-2015\/","logo":{"@type":"ImageObject","inLanguage":"sq-AL","@id":"https:\/\/fjala.info\/2009-2015\/#\/schema\/logo\/image\/","url":"","contentUrl":"","caption":"FjALA e LIR\u00cb - Arkivi"},"image":{"@id":"https:\/\/fjala.info\/2009-2015\/#\/schema\/logo\/image\/"}},{"@type":"Person","@id":"https:\/\/fjala.info\/2009-2015\/#\/schema\/person\/3aa1163ef05469c496fc94e77611ada2","name":"admin","image":{"@type":"ImageObject","inLanguage":"sq-AL","@id":"https:\/\/fjala.info\/2009-2015\/wp-content\/uploads\/2012\/02\/arben_cokaj-120x150.jpg","url":"https:\/\/fjala.info\/2009-2015\/wp-content\/uploads\/2012\/02\/arben_cokaj-120x150.jpg","contentUrl":"https:\/\/fjala.info\/2009-2015\/wp-content\/uploads\/2012\/02\/arben_cokaj-120x150.jpg","caption":"admin"},"description":"Admin, Fjala e Lir\u00eb","sameAs":["https:\/\/fjala.info\/"],"url":"https:\/\/fjala.info\/2009-2015\/author\/admin\/"}]}},"_links":{"self":[{"href":"https:\/\/fjala.info\/2009-2015\/wp-json\/wp\/v2\/posts\/5443","targetHints":{"allow":["GET"]}}],"collection":[{"href":"https:\/\/fjala.info\/2009-2015\/wp-json\/wp\/v2\/posts"}],"about":[{"href":"https:\/\/fjala.info\/2009-2015\/wp-json\/wp\/v2\/types\/post"}],"author":[{"embeddable":true,"href":"https:\/\/fjala.info\/2009-2015\/wp-json\/wp\/v2\/users\/1"}],"replies":[{"embeddable":true,"href":"https:\/\/fjala.info\/2009-2015\/wp-json\/wp\/v2\/comments?post=5443"}],"version-history":[{"count":0,"href":"https:\/\/fjala.info\/2009-2015\/wp-json\/wp\/v2\/posts\/5443\/revisions"}],"wp:attachment":[{"href":"https:\/\/fjala.info\/2009-2015\/wp-json\/wp\/v2\/media?parent=5443"}],"wp:term":[{"taxonomy":"category","embeddable":true,"href":"https:\/\/fjala.info\/2009-2015\/wp-json\/wp\/v2\/categories?post=5443"},{"taxonomy":"post_tag","embeddable":true,"href":"https:\/\/fjala.info\/2009-2015\/wp-json\/wp\/v2\/tags?post=5443"}],"curies":[{"name":"wp","href":"https:\/\/api.w.org\/{rel}","templated":true}]}}