{"id":5434,"date":"2010-12-29T09:19:10","date_gmt":"2010-12-29T08:19:10","guid":{"rendered":"http:\/\/fjala.shkoder.net\/?p=5434"},"modified":"2010-12-29T09:19:10","modified_gmt":"2010-12-29T08:19:10","slug":"lirizmi-poetik-i-jeton-kelmendit-eshte-jeta-iliro-shqiptare-me-nje-bukuri-te-shprehurit","status":"publish","type":"post","link":"https:\/\/fjala.info\/2009-2015\/lirizmi-poetik-i-jeton-kelmendit-eshte-jeta-iliro-shqiptare-me-nje-bukuri-te-shprehurit\/","title":{"rendered":"Lirizmi poetik i Jeton Kelmendit \u00ebsht\u00eb jeta Iliro-Shqiptare, me nj\u00eb bukuri t\u00eb shprehurit"},"content":{"rendered":"<p><img loading=\"lazy\" decoding=\"async\" class=\"alignright size-full wp-image-5429\" title=\"how_to_reach_yourself_by_jeton_kelmendi\" src=\"http:\/\/fjala.shkoder.net\/wp-content\/uploads\/2010\/12\/how_to_reach_yourself_by_jeton_kelmendi.jpg\" alt=\"\" width=\"200\" height=\"302\" \/><\/p>\n<p><strong>RICHARD A. BROSIO, Ph.D.<\/strong><\/p>\n<p>Un\u00eb jam nj\u00eb shkrimtar prozaik, por e admiroj poezin\u00eb, artin e kompozimit ritmik \u2013 t\u00eb folur ose t\u00eb shkruar \u2013 dhe ajo \u00ebsht\u00eb imagjinare, me pasione dhe edukuese. Interpretimi im p\u00ebr poezit\u00eb e Kelmendit mund t\u00eb befasoj lexuesin, dhe ndoshta, edhe vete autorin. Megjith\u00ebse un\u00eb nuk jam nj\u00eb studiues i historis\u00eb Ballkanike, kame pasur gjithmon\u00eb interes n\u00eb at\u00eb pjes\u00eb t\u00eb Evrop\u00ebs, p\u00ebr shume arsye. Popujt e Ballkanit kan\u00eb kaluar nj\u00eb histori t\u00eb v\u00ebshtir\u00eb, p\u00ebr arsye pjes\u00ebrisht nga fqinj\u00ebt e tyre t\u00eb fuqish\u00ebm.<\/p>\n<p>\u201cBalkanizim\u201d do te thot\u00eb t\u00eb ndash nj\u00eb shtet nj\u00eb territor etj, ne vende me t\u00eb vegj\u00ebl, t\u00eb pasuksessh\u00ebm dhe konfliktual. Kelmendi \u2013 poeti e kupton shume mire historin\u00eb tragjike t\u00eb k\u00ebtij rajoni. Krijimtaria e tij lirike \u00ebsht\u00eb e but\u00eb dhe e trishtueshme. V\u00ebllimi i tij \u201cSi shkosh tek vetvetja\u201d me kujton personat t\u00eb cil\u00ebt jan\u00eb detyruar t\u00eb kap\u00ebrcejn\u00eb kufijt\u00eb gjate gjith\u00eb historis\u00eb. Sigurisht nuk kan\u00eb udh\u00ebtuar me trena luksoz, aeroplan apo automjete t\u00eb shtrenjta p\u00ebr t\u00eb kaluar kufirin.<\/p>\n<p>Madje akoma m\u00eb keq, shume prej tyre kan\u00eb emigruar pa dokument identifikimi i cili \u00ebsht\u00eb i nevojsh\u00ebm p\u00ebr kalimin e kufirit. Gjat\u00eb tridhjet\u00eb viteve t\u00eb fundit e gjith\u00eb bota ka ndryshuar n\u00eb m\u00ebnyr\u00eb radikale p\u00ebr shkak t\u00eb d\u00ebshir\u00ebs p\u00ebr t\u00eb fituar m\u00eb shume nga \u201cdemokracit\u00eb\u201d e fuqishme kapitaliste per\u00ebndimore. Disa e quajn\u00eb si neo-liberalizm me nj\u00eb \u201ckamuflim\u201d post modernist, si rasti i kultur\u00ebs s\u00eb ndryshimeve ekonomike. Fjala \u201cneksus\u201d do te thot\u00eb, t\u00eb lidhesh, t\u00eb bashkosh, bashkim fuqish dhe mbledhje forcash, me fjal\u00eb t\u00eb tjera \u2013 bashkim n\u00eb m\u00ebnyra t\u00eb ndryshme.<\/p>\n<p>Karl Marx shpjegoj se nen sistemin kapitalist, dhe form\u00ebs s\u00eb tij imperialiste, shkaktohet ajo q\u00eb quhet \u201cneksusi monetar.\u201d Paraja dhe pasuria b\u00ebhen gjerat m\u00eb t\u00eb r\u00ebnd\u00ebsishme, dhe ndoshta arsyeja e vetme, q\u00eb njer\u00ebzit me pushtet t\u00eb bashkohen! Populli i Iliris\u00eb dhe Shqip\u00ebris\u00eb nuk ka qen\u00eb n\u00eb gjendje t\u00eb ulet n\u00eb poltronat e njer\u00ebzve t\u00eb fuqish\u00ebm q\u00eb b\u00ebnin ligjin. Fuqit\u00eb per\u00ebndimore kane liberalizuar tregun duke lejuar sip\u00ebrmarr\u00ebsit (shumica jan\u00eb korporata t\u00eb m\u00ebdha kapitaliste) t\u00eb trazojn\u00eb sa me shume t\u00eb jet\u00eb e mundur nj\u00eb \u201cshkat\u00ebrrim krijues\u201d Shumpeterian.<\/p>\n<p>\u201cTronditja dhe frika\u201d e Milton Friedman, kapitalizmi shkat\u00ebrrimtar \u00ebsht\u00eb nj\u00eb forme p\u00ebr t\u00eb ber\u00eb luft\u00eb me vendet ku lideret e tyre nuk kane dashur te behen pjese e sistemit neo-kapitalisto- imperialist te fuqive per\u00ebndimore. Un\u00eb e kame lexuar dhe interpretuar k\u00ebt\u00eb bib\u00ebr duke u bazuar n\u00eb nj\u00eb kontekst mbi te cilin ne sot jetojm\u00eb.<\/p>\n<p>Nuk pretendoj q\u00eb Kelmendi t\u00eb bjer\u00eb dakord me mua! K\u00ebto poezi p\u00ebrfaq\u00ebsojn\u00eb v\u00ebshtir\u00ebsit\u00eb e nj\u00eb personi n\u00eb lidhje me d\u00ebshir\u00ebn q\u00eb ka p\u00ebr tu kthyer p\u00ebrs\u00ebri n\u00eb koh\u00eb kur vendi i tij ishte i zhvilluar dhe kishte drejt\u00ebsi. Megjith\u00ebse kjo mund t\u00eb jet\u00eb m\u00eb shum\u00eb nj\u00eb d\u00ebshir\u00eb sesa nj\u00eb fakt konkret. Duke u kthyer brenda shpirtit, p\u00ebrs\u00ebri tek zoti, tek nj\u00eb e kaluar e magjishme, ose fillimi i mundsh\u00ebm i t\u00eb tashmes?<\/p>\n<p>Ndoshta p\u00ebr tu stabilizuar n\u00eb neo-spiritualitetin n\u00eb vend t\u00eb neo-ekonomise dhe politik\u00ebs q\u00eb mund t\u00eb ndihmojn\u00eb n\u00eb k\u00ebt\u00eb shp\u00ebrndarje? Kthehet p\u00ebrs\u00ebri tek Zoti dhe Nene Tereza t\u00eb cil\u00ebt q\u00eb t\u00eb dy jan\u00eb zhdukur? Nj\u00eb kthim n\u00eb lulen e \u00e7elur t\u00eb Gonxhes, si nj\u00eb Kalkute e vog\u00ebl? Kjo \u00ebsht\u00eb shum\u00eb e v\u00ebshtir\u00eb p\u00ebr t\u00eb kuptuar se kur kapitalizmi global sekular nuk shikon drejt spiritualitetit vet\u00ebm kur do qe t\u00eb shes\u00eb \u00e7\u2019do gj\u00eb &#8211; \u00e7\u2019do dite gjate gjith\u00eb viteve.<\/p>\n<p>Atdheu Shqip\u00ebri! Kelmendi ngjan me njer\u00ebz t\u00eb tjer\u00eb, vendi i t\u00eb cil\u00ebve nuk ka ecur mir\u00eb gjat\u00eb dekadave t\u00eb shkuara, por shkon me tutje n\u00eb histori ku deklaron se ka pasur nj\u00eb koh\u00eb n\u00eb antikitet ku vendlindja e tij ka qen\u00eb me pushtet, me drejt\u00ebsi dhe me shum\u00eb vlera trim\u00ebrie. Ai i thot\u00eb lexuesve t\u00eb tij se kaq shum\u00eb shqiptar, dhe njer\u00ebz t\u00eb tjer\u00eb n\u00eb Ballkan, u \u00ebsht\u00eb dashur t\u00eb shkojn\u00eb jasht\u00eb; sidoqoft\u00eb, ndoshta do te kthehen n\u00eb nj\u00eb atdhe m\u00eb t\u00eb madh, m\u00eb t\u00eb mir\u00eb dhe m\u00eb t\u00eb sigurt.<\/p>\n<p>Lexuesi mund t\u00eb mendoj se a \u00ebsht\u00eb e mundur q\u00eb t\u00eb gjith\u00eb njer\u00ebzit q\u00eb Kelmendi aludon do t\u00eb gjejn\u00eb nj\u00eb atdhe t\u00eb madh, duke pasur parasysh luft\u00ebrat q\u00eb kan\u00eb ndodhur s\u00eb fundi. P\u00ebrpjekjet e vjetra t\u00eb fuqive per\u00ebndimore p\u00ebr t\u00eb detyruar k\u00ebt\u00eb rajon t\u00eb marr\u00eb pjese n\u00eb kapitalizmin global, e b\u00ebn\u00eb t\u00eb v\u00ebshtir\u00eb p\u00ebr t\u00eb besuar se \u00ebndrra e Kelmendit dhe shpresat e tij do t\u00eb materializohen se shpejti! Ai pyet ku \u00ebsht\u00eb kufiri qe ndan trishtimin me G\u00ebzimin?<\/p>\n<p>Ai gjithashtu pyet ku e kan\u00eb \u00e7uar t\u00eb djeshmen time, ku \u00ebsht\u00eb hija e vitit t\u00eb kaluar? Autori yn\u00eb ka aft\u00ebsi t\u00eb l\u00ebviz n\u00ebp\u00ebr koh\u00eb t\u00eb ndryshme: koh\u00eb t\u00eb larg\u00ebta, antike, jo shum\u00eb larg, e tashm\u00eb dhe e ardhmja. Kjo ndoshta \u00ebsht\u00eb forca e tij n\u00eb lidhje me at\u00eb q\u00eb ai prezanton p\u00ebrpara lexuesve kozmopolitan? Sot Zot\u00ebrinjt\u00eb e bot\u00ebs nuk duan njer\u00ebz t\u00eb zakonsh\u00ebm me plot l\u00ebvdata p\u00ebr t\u00eb m\u00ebsuar si t\u00eb bashkojn\u00eb lidhjet n\u00eb koh\u00eb dhe hap\u00ebsir\u00eb. Pa dyshim ata nuk e kan\u00eb dashur Marksin me iniciativ\u00ebn e tij p\u00ebr t\u00eb m\u00ebsuar njer\u00ebzit e koh\u00ebs s\u00eb vet t\u00eb shikojn\u00eb pamjen e gjer\u00eb t\u00eb bot\u00ebs, por vet\u00ebm nj\u00eb kolazh nga copa t\u00eb ndryshme \u201cfragmentesh t\u00eb nd\u00ebrprera.\u201d<\/p>\n<p>Un\u00eb e admiroj iniciativ\u00ebn kurajoze t\u00eb Kelmendi-t p\u00ebr t\u00eb na ndihmuar t\u00eb kuptojm\u00eb m\u00eb mir\u00eb mendimet dhe shpresat e nj\u00eb poeti q\u00eb jeton dhe punon n\u00eb nj\u00eb shtet t\u00eb caktuar, por nj\u00ebkoh\u00ebsisht demonstron globalizmin e tij. Peter Tase ka b\u00ebr\u00eb t\u00eb mundur p\u00ebr n\u00eb t\u00eb lexojm\u00eb nj\u00eb lib\u00ebr Shqiptar me poezi n\u00eb gjuh\u00ebn angleze. Kjo i krijon mund\u00ebsin\u00eb shum\u00eb njer\u00ebzve p\u00ebr t\u00eb pasur njohuri rreth vendeve dhe ideve p\u00ebrtej bot\u00ebs anglishtfol\u00ebse.<br \/>\nBravo Peter!<\/p>\n<p><strong>RICHARD A. BROSIO, Ph.D<\/strong>., <em>University of Michigan<\/em><br \/>\nProfessor <em>Emeritus, Ball Sate University Lecturer and Visiting Scholar at<br \/>\nThe University of Wisconsin Milwaukee<\/em><\/p>\n","protected":false},"excerpt":{"rendered":"<p>RICHARD A. BROSIO, Ph.D. Un\u00eb jam nj\u00eb shkrimtar prozaik, por e admiroj poezin\u00eb, artin e kompozimit ritmik \u2013 t\u00eb folur ose t\u00eb shkruar \u2013 dhe ajo \u00ebsht\u00eb imagjinare, me pasione dhe edukuese. Interpretimi im p\u00ebr poezit\u00eb e Kelmendit mund t\u00eb befasoj lexuesin, dhe ndoshta, edhe vete autorin. Megjith\u00ebse un\u00eb nuk jam nj\u00eb studiues i historis\u00eb [&hellip;]<\/p>\n","protected":false},"author":1,"featured_media":0,"comment_status":"open","ping_status":"closed","sticky":false,"template":"","format":"standard","meta":{"footnotes":""},"categories":[2,7,9],"tags":[],"class_list":{"0":"post-5434","1":"post","2":"type-post","3":"status-publish","4":"format-standard","6":"category-artikuj","7":"category-letersi","8":"category-poezi"},"yoast_head":"<!-- This site is optimized with the Yoast SEO plugin v27.4 - https:\/\/yoast.com\/product\/yoast-seo-wordpress\/ -->\n<title>Lirizmi poetik i Jeton Kelmendit \u00ebsht\u00eb jeta Iliro-Shqiptare, me nj\u00eb bukuri t\u00eb shprehurit - FjALA e LIR\u00cb - Arkivi<\/title>\n<meta name=\"robots\" content=\"index, follow, max-snippet:-1, max-image-preview:large, max-video-preview:-1\" \/>\n<link rel=\"canonical\" href=\"https:\/\/fjala.info\/2009-2015\/lirizmi-poetik-i-jeton-kelmendit-eshte-jeta-iliro-shqiptare-me-nje-bukuri-te-shprehurit\/\" \/>\n<meta property=\"og:locale\" content=\"sq_AL\" \/>\n<meta property=\"og:type\" content=\"article\" \/>\n<meta property=\"og:title\" content=\"Lirizmi poetik i Jeton Kelmendit \u00ebsht\u00eb jeta Iliro-Shqiptare, me nj\u00eb bukuri t\u00eb shprehurit - FjALA e LIR\u00cb - Arkivi\" \/>\n<meta property=\"og:description\" content=\"RICHARD A. BROSIO, Ph.D. Un\u00eb jam nj\u00eb shkrimtar prozaik, por e admiroj poezin\u00eb, artin e kompozimit ritmik \u2013 t\u00eb folur ose t\u00eb shkruar \u2013 dhe ajo \u00ebsht\u00eb imagjinare, me pasione dhe edukuese. Interpretimi im p\u00ebr poezit\u00eb e Kelmendit mund t\u00eb befasoj lexuesin, dhe ndoshta, edhe vete autorin. Megjith\u00ebse un\u00eb nuk jam nj\u00eb studiues i historis\u00eb [&hellip;]\" \/>\n<meta property=\"og:url\" content=\"https:\/\/fjala.info\/2009-2015\/lirizmi-poetik-i-jeton-kelmendit-eshte-jeta-iliro-shqiptare-me-nje-bukuri-te-shprehurit\/\" \/>\n<meta property=\"og:site_name\" content=\"FjALA e LIR\u00cb - Arkivi\" \/>\n<meta property=\"article:published_time\" content=\"2010-12-29T08:19:10+00:00\" \/>\n<meta property=\"og:image\" content=\"http:\/\/fjala.shkoder.net\/wp-content\/uploads\/2010\/12\/how_to_reach_yourself_by_jeton_kelmendi.jpg\" \/>\n<meta name=\"author\" content=\"admin\" \/>\n<meta name=\"twitter:card\" content=\"summary_large_image\" \/>\n<meta name=\"twitter:label1\" content=\"Written by\" \/>\n\t<meta name=\"twitter:data1\" content=\"admin\" \/>\n\t<meta name=\"twitter:label2\" content=\"Est. reading time\" \/>\n\t<meta name=\"twitter:data2\" content=\"5 minutes\" \/>\n<script type=\"application\/ld+json\" class=\"yoast-schema-graph\">{\"@context\":\"https:\\\/\\\/schema.org\",\"@graph\":[{\"@type\":\"Article\",\"@id\":\"https:\\\/\\\/fjala.info\\\/2009-2015\\\/lirizmi-poetik-i-jeton-kelmendit-eshte-jeta-iliro-shqiptare-me-nje-bukuri-te-shprehurit\\\/#article\",\"isPartOf\":{\"@id\":\"https:\\\/\\\/fjala.info\\\/2009-2015\\\/lirizmi-poetik-i-jeton-kelmendit-eshte-jeta-iliro-shqiptare-me-nje-bukuri-te-shprehurit\\\/\"},\"author\":{\"name\":\"admin\",\"@id\":\"https:\\\/\\\/fjala.info\\\/2009-2015\\\/#\\\/schema\\\/person\\\/3aa1163ef05469c496fc94e77611ada2\"},\"headline\":\"Lirizmi poetik i Jeton Kelmendit \u00ebsht\u00eb jeta Iliro-Shqiptare, me nj\u00eb bukuri t\u00eb shprehurit\",\"datePublished\":\"2010-12-29T08:19:10+00:00\",\"mainEntityOfPage\":{\"@id\":\"https:\\\/\\\/fjala.info\\\/2009-2015\\\/lirizmi-poetik-i-jeton-kelmendit-eshte-jeta-iliro-shqiptare-me-nje-bukuri-te-shprehurit\\\/\"},\"wordCount\":1058,\"commentCount\":0,\"publisher\":{\"@id\":\"https:\\\/\\\/fjala.info\\\/2009-2015\\\/#organization\"},\"image\":{\"@id\":\"https:\\\/\\\/fjala.info\\\/2009-2015\\\/lirizmi-poetik-i-jeton-kelmendit-eshte-jeta-iliro-shqiptare-me-nje-bukuri-te-shprehurit\\\/#primaryimage\"},\"thumbnailUrl\":\"http:\\\/\\\/fjala.shkoder.net\\\/wp-content\\\/uploads\\\/2010\\\/12\\\/how_to_reach_yourself_by_jeton_kelmendi.jpg\",\"articleSection\":[\"Artikuj\",\"Let\u00ebrsi\",\"Poezi\"],\"inLanguage\":\"sq-AL\",\"potentialAction\":[{\"@type\":\"CommentAction\",\"name\":\"Comment\",\"target\":[\"https:\\\/\\\/fjala.info\\\/2009-2015\\\/lirizmi-poetik-i-jeton-kelmendit-eshte-jeta-iliro-shqiptare-me-nje-bukuri-te-shprehurit\\\/#respond\"]}]},{\"@type\":\"WebPage\",\"@id\":\"https:\\\/\\\/fjala.info\\\/2009-2015\\\/lirizmi-poetik-i-jeton-kelmendit-eshte-jeta-iliro-shqiptare-me-nje-bukuri-te-shprehurit\\\/\",\"url\":\"https:\\\/\\\/fjala.info\\\/2009-2015\\\/lirizmi-poetik-i-jeton-kelmendit-eshte-jeta-iliro-shqiptare-me-nje-bukuri-te-shprehurit\\\/\",\"name\":\"Lirizmi poetik i Jeton Kelmendit \u00ebsht\u00eb jeta Iliro-Shqiptare, me nj\u00eb bukuri t\u00eb shprehurit - FjALA e LIR\u00cb - Arkivi\",\"isPartOf\":{\"@id\":\"https:\\\/\\\/fjala.info\\\/2009-2015\\\/#website\"},\"primaryImageOfPage\":{\"@id\":\"https:\\\/\\\/fjala.info\\\/2009-2015\\\/lirizmi-poetik-i-jeton-kelmendit-eshte-jeta-iliro-shqiptare-me-nje-bukuri-te-shprehurit\\\/#primaryimage\"},\"image\":{\"@id\":\"https:\\\/\\\/fjala.info\\\/2009-2015\\\/lirizmi-poetik-i-jeton-kelmendit-eshte-jeta-iliro-shqiptare-me-nje-bukuri-te-shprehurit\\\/#primaryimage\"},\"thumbnailUrl\":\"http:\\\/\\\/fjala.shkoder.net\\\/wp-content\\\/uploads\\\/2010\\\/12\\\/how_to_reach_yourself_by_jeton_kelmendi.jpg\",\"datePublished\":\"2010-12-29T08:19:10+00:00\",\"breadcrumb\":{\"@id\":\"https:\\\/\\\/fjala.info\\\/2009-2015\\\/lirizmi-poetik-i-jeton-kelmendit-eshte-jeta-iliro-shqiptare-me-nje-bukuri-te-shprehurit\\\/#breadcrumb\"},\"inLanguage\":\"sq-AL\",\"potentialAction\":[{\"@type\":\"ReadAction\",\"target\":[\"https:\\\/\\\/fjala.info\\\/2009-2015\\\/lirizmi-poetik-i-jeton-kelmendit-eshte-jeta-iliro-shqiptare-me-nje-bukuri-te-shprehurit\\\/\"]}]},{\"@type\":\"ImageObject\",\"inLanguage\":\"sq-AL\",\"@id\":\"https:\\\/\\\/fjala.info\\\/2009-2015\\\/lirizmi-poetik-i-jeton-kelmendit-eshte-jeta-iliro-shqiptare-me-nje-bukuri-te-shprehurit\\\/#primaryimage\",\"url\":\"http:\\\/\\\/fjala.shkoder.net\\\/wp-content\\\/uploads\\\/2010\\\/12\\\/how_to_reach_yourself_by_jeton_kelmendi.jpg\",\"contentUrl\":\"http:\\\/\\\/fjala.shkoder.net\\\/wp-content\\\/uploads\\\/2010\\\/12\\\/how_to_reach_yourself_by_jeton_kelmendi.jpg\"},{\"@type\":\"BreadcrumbList\",\"@id\":\"https:\\\/\\\/fjala.info\\\/2009-2015\\\/lirizmi-poetik-i-jeton-kelmendit-eshte-jeta-iliro-shqiptare-me-nje-bukuri-te-shprehurit\\\/#breadcrumb\",\"itemListElement\":[{\"@type\":\"ListItem\",\"position\":1,\"name\":\"Home\",\"item\":\"https:\\\/\\\/fjala.info\\\/2009-2015\\\/\"},{\"@type\":\"ListItem\",\"position\":2,\"name\":\"Lirizmi poetik i Jeton Kelmendit \u00ebsht\u00eb jeta Iliro-Shqiptare, me nj\u00eb bukuri t\u00eb shprehurit\"}]},{\"@type\":\"WebSite\",\"@id\":\"https:\\\/\\\/fjala.info\\\/2009-2015\\\/#website\",\"url\":\"https:\\\/\\\/fjala.info\\\/2009-2015\\\/\",\"name\":\"FjALA e LIR\u00cb - Arkivi\",\"description\":\"Arkivi 2009-2015\",\"publisher\":{\"@id\":\"https:\\\/\\\/fjala.info\\\/2009-2015\\\/#organization\"},\"potentialAction\":[{\"@type\":\"SearchAction\",\"target\":{\"@type\":\"EntryPoint\",\"urlTemplate\":\"https:\\\/\\\/fjala.info\\\/2009-2015\\\/?s={search_term_string}\"},\"query-input\":{\"@type\":\"PropertyValueSpecification\",\"valueRequired\":true,\"valueName\":\"search_term_string\"}}],\"inLanguage\":\"sq-AL\"},{\"@type\":\"Organization\",\"@id\":\"https:\\\/\\\/fjala.info\\\/2009-2015\\\/#organization\",\"name\":\"FjALA e LIR\u00cb - Arkivi\",\"url\":\"https:\\\/\\\/fjala.info\\\/2009-2015\\\/\",\"logo\":{\"@type\":\"ImageObject\",\"inLanguage\":\"sq-AL\",\"@id\":\"https:\\\/\\\/fjala.info\\\/2009-2015\\\/#\\\/schema\\\/logo\\\/image\\\/\",\"url\":\"\",\"contentUrl\":\"\",\"caption\":\"FjALA e LIR\u00cb - Arkivi\"},\"image\":{\"@id\":\"https:\\\/\\\/fjala.info\\\/2009-2015\\\/#\\\/schema\\\/logo\\\/image\\\/\"}},{\"@type\":\"Person\",\"@id\":\"https:\\\/\\\/fjala.info\\\/2009-2015\\\/#\\\/schema\\\/person\\\/3aa1163ef05469c496fc94e77611ada2\",\"name\":\"admin\",\"image\":{\"@type\":\"ImageObject\",\"inLanguage\":\"sq-AL\",\"@id\":\"https:\\\/\\\/fjala.info\\\/2009-2015\\\/wp-content\\\/uploads\\\/2012\\\/02\\\/arben_cokaj-120x150.jpg\",\"url\":\"https:\\\/\\\/fjala.info\\\/2009-2015\\\/wp-content\\\/uploads\\\/2012\\\/02\\\/arben_cokaj-120x150.jpg\",\"contentUrl\":\"https:\\\/\\\/fjala.info\\\/2009-2015\\\/wp-content\\\/uploads\\\/2012\\\/02\\\/arben_cokaj-120x150.jpg\",\"caption\":\"admin\"},\"description\":\"Admin, Fjala e Lir\u00eb\",\"sameAs\":[\"https:\\\/\\\/fjala.info\\\/\"],\"url\":\"https:\\\/\\\/fjala.info\\\/2009-2015\\\/author\\\/admin\\\/\"}]}<\/script>\n<!-- \/ Yoast SEO plugin. -->","yoast_head_json":{"title":"Lirizmi poetik i Jeton Kelmendit \u00ebsht\u00eb jeta Iliro-Shqiptare, me nj\u00eb bukuri t\u00eb shprehurit - FjALA e LIR\u00cb - Arkivi","robots":{"index":"index","follow":"follow","max-snippet":"max-snippet:-1","max-image-preview":"max-image-preview:large","max-video-preview":"max-video-preview:-1"},"canonical":"https:\/\/fjala.info\/2009-2015\/lirizmi-poetik-i-jeton-kelmendit-eshte-jeta-iliro-shqiptare-me-nje-bukuri-te-shprehurit\/","og_locale":"sq_AL","og_type":"article","og_title":"Lirizmi poetik i Jeton Kelmendit \u00ebsht\u00eb jeta Iliro-Shqiptare, me nj\u00eb bukuri t\u00eb shprehurit - FjALA e LIR\u00cb - Arkivi","og_description":"RICHARD A. BROSIO, Ph.D. Un\u00eb jam nj\u00eb shkrimtar prozaik, por e admiroj poezin\u00eb, artin e kompozimit ritmik \u2013 t\u00eb folur ose t\u00eb shkruar \u2013 dhe ajo \u00ebsht\u00eb imagjinare, me pasione dhe edukuese. Interpretimi im p\u00ebr poezit\u00eb e Kelmendit mund t\u00eb befasoj lexuesin, dhe ndoshta, edhe vete autorin. Megjith\u00ebse un\u00eb nuk jam nj\u00eb studiues i historis\u00eb [&hellip;]","og_url":"https:\/\/fjala.info\/2009-2015\/lirizmi-poetik-i-jeton-kelmendit-eshte-jeta-iliro-shqiptare-me-nje-bukuri-te-shprehurit\/","og_site_name":"FjALA e LIR\u00cb - Arkivi","article_published_time":"2010-12-29T08:19:10+00:00","og_image":[{"url":"http:\/\/fjala.shkoder.net\/wp-content\/uploads\/2010\/12\/how_to_reach_yourself_by_jeton_kelmendi.jpg","type":"","width":"","height":""}],"author":"admin","twitter_card":"summary_large_image","twitter_misc":{"Written by":"admin","Est. reading time":"5 minutes"},"schema":{"@context":"https:\/\/schema.org","@graph":[{"@type":"Article","@id":"https:\/\/fjala.info\/2009-2015\/lirizmi-poetik-i-jeton-kelmendit-eshte-jeta-iliro-shqiptare-me-nje-bukuri-te-shprehurit\/#article","isPartOf":{"@id":"https:\/\/fjala.info\/2009-2015\/lirizmi-poetik-i-jeton-kelmendit-eshte-jeta-iliro-shqiptare-me-nje-bukuri-te-shprehurit\/"},"author":{"name":"admin","@id":"https:\/\/fjala.info\/2009-2015\/#\/schema\/person\/3aa1163ef05469c496fc94e77611ada2"},"headline":"Lirizmi poetik i Jeton Kelmendit \u00ebsht\u00eb jeta Iliro-Shqiptare, me nj\u00eb bukuri t\u00eb shprehurit","datePublished":"2010-12-29T08:19:10+00:00","mainEntityOfPage":{"@id":"https:\/\/fjala.info\/2009-2015\/lirizmi-poetik-i-jeton-kelmendit-eshte-jeta-iliro-shqiptare-me-nje-bukuri-te-shprehurit\/"},"wordCount":1058,"commentCount":0,"publisher":{"@id":"https:\/\/fjala.info\/2009-2015\/#organization"},"image":{"@id":"https:\/\/fjala.info\/2009-2015\/lirizmi-poetik-i-jeton-kelmendit-eshte-jeta-iliro-shqiptare-me-nje-bukuri-te-shprehurit\/#primaryimage"},"thumbnailUrl":"http:\/\/fjala.shkoder.net\/wp-content\/uploads\/2010\/12\/how_to_reach_yourself_by_jeton_kelmendi.jpg","articleSection":["Artikuj","Let\u00ebrsi","Poezi"],"inLanguage":"sq-AL","potentialAction":[{"@type":"CommentAction","name":"Comment","target":["https:\/\/fjala.info\/2009-2015\/lirizmi-poetik-i-jeton-kelmendit-eshte-jeta-iliro-shqiptare-me-nje-bukuri-te-shprehurit\/#respond"]}]},{"@type":"WebPage","@id":"https:\/\/fjala.info\/2009-2015\/lirizmi-poetik-i-jeton-kelmendit-eshte-jeta-iliro-shqiptare-me-nje-bukuri-te-shprehurit\/","url":"https:\/\/fjala.info\/2009-2015\/lirizmi-poetik-i-jeton-kelmendit-eshte-jeta-iliro-shqiptare-me-nje-bukuri-te-shprehurit\/","name":"Lirizmi poetik i Jeton Kelmendit \u00ebsht\u00eb jeta Iliro-Shqiptare, me nj\u00eb bukuri t\u00eb shprehurit - FjALA e LIR\u00cb - Arkivi","isPartOf":{"@id":"https:\/\/fjala.info\/2009-2015\/#website"},"primaryImageOfPage":{"@id":"https:\/\/fjala.info\/2009-2015\/lirizmi-poetik-i-jeton-kelmendit-eshte-jeta-iliro-shqiptare-me-nje-bukuri-te-shprehurit\/#primaryimage"},"image":{"@id":"https:\/\/fjala.info\/2009-2015\/lirizmi-poetik-i-jeton-kelmendit-eshte-jeta-iliro-shqiptare-me-nje-bukuri-te-shprehurit\/#primaryimage"},"thumbnailUrl":"http:\/\/fjala.shkoder.net\/wp-content\/uploads\/2010\/12\/how_to_reach_yourself_by_jeton_kelmendi.jpg","datePublished":"2010-12-29T08:19:10+00:00","breadcrumb":{"@id":"https:\/\/fjala.info\/2009-2015\/lirizmi-poetik-i-jeton-kelmendit-eshte-jeta-iliro-shqiptare-me-nje-bukuri-te-shprehurit\/#breadcrumb"},"inLanguage":"sq-AL","potentialAction":[{"@type":"ReadAction","target":["https:\/\/fjala.info\/2009-2015\/lirizmi-poetik-i-jeton-kelmendit-eshte-jeta-iliro-shqiptare-me-nje-bukuri-te-shprehurit\/"]}]},{"@type":"ImageObject","inLanguage":"sq-AL","@id":"https:\/\/fjala.info\/2009-2015\/lirizmi-poetik-i-jeton-kelmendit-eshte-jeta-iliro-shqiptare-me-nje-bukuri-te-shprehurit\/#primaryimage","url":"http:\/\/fjala.shkoder.net\/wp-content\/uploads\/2010\/12\/how_to_reach_yourself_by_jeton_kelmendi.jpg","contentUrl":"http:\/\/fjala.shkoder.net\/wp-content\/uploads\/2010\/12\/how_to_reach_yourself_by_jeton_kelmendi.jpg"},{"@type":"BreadcrumbList","@id":"https:\/\/fjala.info\/2009-2015\/lirizmi-poetik-i-jeton-kelmendit-eshte-jeta-iliro-shqiptare-me-nje-bukuri-te-shprehurit\/#breadcrumb","itemListElement":[{"@type":"ListItem","position":1,"name":"Home","item":"https:\/\/fjala.info\/2009-2015\/"},{"@type":"ListItem","position":2,"name":"Lirizmi poetik i Jeton Kelmendit \u00ebsht\u00eb jeta Iliro-Shqiptare, me nj\u00eb bukuri t\u00eb shprehurit"}]},{"@type":"WebSite","@id":"https:\/\/fjala.info\/2009-2015\/#website","url":"https:\/\/fjala.info\/2009-2015\/","name":"FjALA e LIR\u00cb - Arkivi","description":"Arkivi 2009-2015","publisher":{"@id":"https:\/\/fjala.info\/2009-2015\/#organization"},"potentialAction":[{"@type":"SearchAction","target":{"@type":"EntryPoint","urlTemplate":"https:\/\/fjala.info\/2009-2015\/?s={search_term_string}"},"query-input":{"@type":"PropertyValueSpecification","valueRequired":true,"valueName":"search_term_string"}}],"inLanguage":"sq-AL"},{"@type":"Organization","@id":"https:\/\/fjala.info\/2009-2015\/#organization","name":"FjALA e LIR\u00cb - Arkivi","url":"https:\/\/fjala.info\/2009-2015\/","logo":{"@type":"ImageObject","inLanguage":"sq-AL","@id":"https:\/\/fjala.info\/2009-2015\/#\/schema\/logo\/image\/","url":"","contentUrl":"","caption":"FjALA e LIR\u00cb - Arkivi"},"image":{"@id":"https:\/\/fjala.info\/2009-2015\/#\/schema\/logo\/image\/"}},{"@type":"Person","@id":"https:\/\/fjala.info\/2009-2015\/#\/schema\/person\/3aa1163ef05469c496fc94e77611ada2","name":"admin","image":{"@type":"ImageObject","inLanguage":"sq-AL","@id":"https:\/\/fjala.info\/2009-2015\/wp-content\/uploads\/2012\/02\/arben_cokaj-120x150.jpg","url":"https:\/\/fjala.info\/2009-2015\/wp-content\/uploads\/2012\/02\/arben_cokaj-120x150.jpg","contentUrl":"https:\/\/fjala.info\/2009-2015\/wp-content\/uploads\/2012\/02\/arben_cokaj-120x150.jpg","caption":"admin"},"description":"Admin, Fjala e Lir\u00eb","sameAs":["https:\/\/fjala.info\/"],"url":"https:\/\/fjala.info\/2009-2015\/author\/admin\/"}]}},"_links":{"self":[{"href":"https:\/\/fjala.info\/2009-2015\/wp-json\/wp\/v2\/posts\/5434","targetHints":{"allow":["GET"]}}],"collection":[{"href":"https:\/\/fjala.info\/2009-2015\/wp-json\/wp\/v2\/posts"}],"about":[{"href":"https:\/\/fjala.info\/2009-2015\/wp-json\/wp\/v2\/types\/post"}],"author":[{"embeddable":true,"href":"https:\/\/fjala.info\/2009-2015\/wp-json\/wp\/v2\/users\/1"}],"replies":[{"embeddable":true,"href":"https:\/\/fjala.info\/2009-2015\/wp-json\/wp\/v2\/comments?post=5434"}],"version-history":[{"count":0,"href":"https:\/\/fjala.info\/2009-2015\/wp-json\/wp\/v2\/posts\/5434\/revisions"}],"wp:attachment":[{"href":"https:\/\/fjala.info\/2009-2015\/wp-json\/wp\/v2\/media?parent=5434"}],"wp:term":[{"taxonomy":"category","embeddable":true,"href":"https:\/\/fjala.info\/2009-2015\/wp-json\/wp\/v2\/categories?post=5434"},{"taxonomy":"post_tag","embeddable":true,"href":"https:\/\/fjala.info\/2009-2015\/wp-json\/wp\/v2\/tags?post=5434"}],"curies":[{"name":"wp","href":"https:\/\/api.w.org\/{rel}","templated":true}]}}