{"id":5428,"date":"2010-12-25T09:14:52","date_gmt":"2010-12-25T08:14:52","guid":{"rendered":"http:\/\/fjala.shkoder.net\/?p=5428"},"modified":"2010-12-25T09:14:52","modified_gmt":"2010-12-25T08:14:52","slug":"poezia-e-jeton-kelmendit-mes-esencash-hyjnore-dhe-kumtesh","status":"publish","type":"post","link":"https:\/\/fjala.info\/2009-2015\/poezia-e-jeton-kelmendit-mes-esencash-hyjnore-dhe-kumtesh\/","title":{"rendered":"POEZIA E JETON KELMENDIT MES ESENCASH HYJNORE DHE KUMTESH"},"content":{"rendered":"<p><img loading=\"lazy\" decoding=\"async\" class=\"alignright size-full wp-image-5429\" title=\"how_to_reach_yourself_by_jeton_kelmendi\" src=\"http:\/\/fjala.shkoder.net\/wp-content\/uploads\/2010\/12\/how_to_reach_yourself_by_jeton_kelmendi.jpg\" alt=\"\" width=\"200\" height=\"302\" \/><br \/>\nDoktorante <strong>IRENA GJONI<\/strong><\/p>\n<p>\u201cSi shkohet p\u00ebr te vet vetja\u201d \u00ebsht\u00eb libri m\u00eb i ri poetik i poetit kosovar, t\u00eb p\u00ebrkthyer n\u00eb 22 gjuh\u00eb t\u00eb bot\u00ebs, Jeton Kelmendit. Tashm\u00eb po prezantohet edhe p\u00ebr lexuesin amerikan. Ky v\u00ebllim vjen si nj\u00eb botim i poezis\u00eb s\u00eb p\u00ebrzgjedhur dhe na krijon mund\u00ebsin\u00eb p\u00ebr t\u00eb evidentuar nj\u00eb vizion m\u00eb t\u00eb plot\u00eb t\u00eb individualitetit krijues t\u00eb k\u00ebtij poeti, duke rendur m\u00eb sigurt brenda koh\u00ebs s\u00eb tij poetike.<\/p>\n<p>Poezia e Kelmendit \u00ebsht\u00eb nj\u00eb poezi sa e sensibilizuar ndaj akteve m\u00eb intime t\u00eb marr\u00ebdh\u00ebnieve njer\u00ebzore, po aq edhe ndaj atyre sublime e dramatike. Megjithat\u00eb \u00ebsht\u00eb m\u00eb e dukshme ndjesia e p\u00ebrftuar nga nj\u00eb p\u00ebrjetim emocional i drejtp\u00ebrdrejt\u00eb. Prirja e tij prej poeti, arrin t\u00eb transmetoj\u00eb shum\u00e7ka shpirt\u00ebrore p\u00ebrmes futjes s\u00eb perceptimit poetik t\u00eb bot\u00ebs, duke mbrujtur e ruajtur nj\u00eb energji emocionale.<\/p>\n<p>Tipar evident, mbase edhe m\u00eb dominuesi n\u00eb t\u00eb gjitha k\u00ebto poezi t\u00eb Jeton Kelmendit, \u00ebsht\u00eb kromatika (ngjyra) emocionale, nj\u00eb si lament, q\u00eb t\u00eb shprehurit poetik ia kthen predominacionin emocional; ndjeshm\u00ebri q\u00eb her\u00eb \u00ebsht\u00eb dhembje, her\u00eb nj\u00eb pasqyrim i gjendjeve eskstatike.<br \/>\nNj\u00ebher\u00ebsh n\u00eb k\u00ebto poezi pikaset nj\u00eb bot\u00eb e pasur emocionesh q\u00eb e b\u00ebn Kelmendin poet me ve\u00e7anti q\u00eb nuk i kan\u00eb t\u00eb tjer\u00ebt si dhe krahas k\u00ebsaj, nj\u00eb tendenc\u00eb nga mendimi sintetizues. Pra, mendimi rri n\u00eb ekuilib\u00ebr me ndjenj\u00ebn. Jan\u00eb dy prirje q\u00eb v\u00ebshtir\u00eb bashkohen sepse jan\u00eb t\u00eb ndryshme, por ky poet ia ka arritur t\u2019i shkrij\u00eb bukur.<\/p>\n<p>Poezia e Jeton Kelmendit \u00ebshte e dendur nga kuptimet. Ai nuk shpreh dhe nuk k\u00ebrkon lustr\u00ebn e sip\u00ebrfaqes, por magm\u00ebn qe del nga thell\u00ebsia. Konceptualiteti \u00ebsht\u00eb i frenuar e i n\u00ebnshtruar figur\u00ebs dhe i sh\u00ebrben p\u00ebr ta fuqizuar iden\u00eb.<\/p>\n<p>Ajo q\u00eb e p\u00ebrshkon gjith\u00eb k\u00ebt\u00eb v\u00ebllim poetik nga fillimi deri n\u00eb fund, si nj\u00eb koherenc\u00eb shpirt\u00ebrore, \u00ebsht\u00eb konceptimi i shpirtit si nj\u00eb univers, si nj\u00eb bot\u00eb, si nj\u00eb sht\u00ebpi q\u00eb ka gjith\u00eb ornamentet e duhura q\u00eb prej qiellit e reve t\u00eb shpirtit, yje, diell, h\u00ebn\u00eb, fusha, male, dete, shtete, shtigje, rrug\u00eb e rrug\u00ebtime, dit\u00ebnet\u00eb e deri te fryma, mendimi, \u00ebndrra, femra, muza, dashuria, djaloshi, poeti e \u00e7ka jo tjet\u00ebr. Brenda k\u00ebsaj \u201cBote\u201d t\u00eb improvizuar, ka nj\u00eb \u201cUN\u201d, nj\u00eb \u201cMUA\u201d, jo thjesht i par\u00eb si nj\u00eb un lirik, por si nj\u00eb \u201cZOT SHT\u00cbPIE\u201d i asaj \u201cBot\u00ebs\u201d s\u00eb tij.<\/p>\n<p>Pra, brenda shpirtit t\u00eb poetit \u201cndodh\u201d. Ka nj\u00eb histori e \u201cJET\u00cb\u201d shpirt\u00ebrore. Dometh\u00ebn\u00eb brenda tij \u201cndodh\u201d, edhe pse her\u00eb \u2013 her\u00eb askush nuk \u00ebsht\u00eb d\u00ebshmimtar p\u00ebr k\u00ebt\u00eb pos vetes, madje nganjehere ndoshta as vet\u00eb ai. N\u00eb k\u00ebt\u00eb kontekst jan\u00eb nj\u00eb s\u00ebr\u00eb poezish q\u00eb e ilustrojn\u00eb m\u00eb s\u00eb miri mendimin e m\u00ebsip\u00ebrm. Mjafton t\u00eb lexojm\u00eb poezin\u00eb q\u00eb hap v\u00ebllimin, nj\u00ebkoh\u00ebsisht q\u00eb i ka dh\u00ebn\u00eb dhe titullin librit, \u201cSi shkohet p\u00ebr te vet vetja\u201d.<\/p>\n<p>\u201cKap\u00ebrcej shtete \/ Fusha e male e dete \/ Krejt m\u00eb \u00e7ka ka \/ Bota \/ Rrug\u00ebtar\u00eb i shoq\u00ebruara nga dit\u00eb e net\u00eb \/ Mikesha \/ I sh\u00ebtis minutat n\u00eb jet\u00ebn time \/ Deri t\u00eb takoj ty \/ Hej \/ \u00c7\u2019b\u00ebn k\u00ebtu \/ Sa here sh\u00ebtis\u00eb brenda \/ Vetvetes \/ T\u00eb takoj ty \/ Tek secili udh\u00ebkryq \/ Nga nj\u00eb shenj\u00eb jotja \/ Nga nj\u00eb drit\u00eb e gjelb\u00ebr \/ E imja \/ N\u00eb qiell m\u2019 shndrisin syt\u00eb tu\u201d.<\/p>\n<p>Po k\u00ebshtu ky univers personal shfaqet edhe n\u00eb poezi t\u00eb tjera, si: \u201cMerri me vete gjurm\u00ebt\u201d: \u201cI rash\u00eb t\u00ebrthorazi mendimit dhe vajta \/ Pa ditur ku dilet\u201d. Apo te poezia \u201cFrym\u00eb lozonjare\u201d: \u201cPse s\u2019b\u0451hesh m\u0451 lozonjare \/ Se fryma \/ T\u00eb frysh kah qielli im\u201d. Ose tek \u201cMerre pak qiell t\u00ebndin\u201d: \u201cQet\u00ebsohu e dashur \/ Qiellin do ta nxjerr \/ Nga fryma ime e epshit\u201d.<\/p>\n<p>\u00cbsht\u00eb rrug\u00ebtimi m\u00eb i gjat\u00eb ai i nisur nga destinacioni \u201cvetvete\u201d, p\u00ebr t\u2019u rikthyer aty s\u00ebrisht.<br \/>\n\u201cSa i gjat\u00eb \/ Udh\u00ebtimi im \/ N\u00ebp\u00ebr k\u00ebto udh\u00eb \/ Q\u00eb vet\u00ebm un\u00eb i shkeli \/ I kap\u00ebrcej me shpejt\u00ebsi \/ Duke u orientuar \/ Me shenjat tua\u201d. (\u201cSi shkohet p\u00ebr te vet vetja\u201d).<\/p>\n<p>Dhe n\u00eb k\u00ebt\u00eb rrug\u00ebtim n\u00eb poezit\u00eb e Jeton Kelmendit, humbet nocioni koh\u00eb duke u shnd\u00ebrruar n\u00eb nj\u00eb koh\u00eb universale, n\u00eb nj\u00eb tejkoh\u00eb, n\u00eb nj\u00eb mbikoh\u00eb, n\u00eb nj\u00eb koh\u00eb pa koh\u00eb: \u201cTi njeri i \u00e7uditsh\u00ebm \/ Sa \u00ebsht\u00eb ora? \/ \u00c7far\u00eb date \u00ebsht\u00eb sot? \/ Muajin e di? \/ Viti \/ \u00cbsht\u00eb viti i mbar\u00eb\u201d? (\u201cSi shkohet p\u00ebr te vet vetja\u201d).<\/p>\n<p>Nj\u00eb element tjet\u00ebr shum\u00eb i r\u00ebnd\u00ebsish\u00ebm tek ky v\u00ebllim poetik i Jeton Kelmendit, evident n\u00eb shum\u00eb prej poezive t\u00eb tij, \u00ebsht\u00eb koncepti estetik i S\u00cb BUKUR\u00cbS q\u00eb ekziston n\u00eb nj\u00eb harmoni perfekte me T\u00cb MIR\u00cbN. Ja si shprehet poeti, gati si nj\u00eb sentenc\u00eb te poezia \u201cNj\u00eb her\u00eb do t\u00eb nisen dit\u00ebt\u201d: \u201cNdaj s\u00eb mir\u00ebs p\u00ebrher\u00eb \/ Duhet t\u00eb flasim bukur\u201d. Apo te poezia \u201cBukuria e bukurive\u201d: \u201cKujt si vash\u00ebs \/ I rri mir\u00eb bukuria\u201d. Te \u201cFrym\u00eb lozonjare\u201d: \u201cLazdruar kam qen\u0451 mbr\u0451m\u0451 \/ T\u0451 kam \u0451nd\u0451rruar \/ E bukur moj \/ M\u0451 e bukura e rruzullimit\u201d.<\/p>\n<p>Po k\u00ebshtu edhe te poezia \u201cN\u0451 an\u0451n tjet\u0451r\u201d: \u201cM\u2019u kujtua se me nj\u0451zeteshtat\u0451 \/ Ka mundur \/ T\u0451 vij\u0451 m\u0451 e bukura e bot\u0451s\u201d. Duket sikur n\u00eb t\u00eb gjitha k\u00ebto vargje sh\u00ebtit muza me emrin \u201cE BUKURA E DHEUT\u201d, e bartur q\u00eb prej maleve e mrizave t\u00eb Rugov\u00ebs, p\u00ebr t\u2019u shnd\u00ebrruar n\u00eb mit poetik. Nj\u00eb mit q\u00eb trazon duke e b\u00ebr\u00eb hera her\u00ebs poetin t\u00eb shfaqet n\u00eb nj\u00eb ton dilematik, diku me nje pyetje retorike e diku me \u201cM\u00ebdyshjen\u201d q\u00eb e shoq\u00ebron. \u201cSi t\u00eb t\u00eb pag\u00ebzoj \/ Me fjal\u00eb apo me zem\u00ebr?\u201d (\u201cSi t\u00eb t\u00eb pag\u00ebzoj). Apo te poezia \u201cM\u00ebdyshje\u201d: \u201cT\u00eb jem flok\u00eb, bardhush\u00eb \/ T\u00eb l\u00ebshohem qaf\u00ebs sate \/ Apo t\u00eb jem aj\u00ebr \/ T\u00eb m\u00eb thith\u00ebsh p\u00ebr frym\u00eb \/ T\u00eb jem mendim \/ Ta pushtoj kok\u00ebn t\u00ebnde \/ \u00c7far\u00eb t\u00eb jem?\u201d<\/p>\n<p>Te poezia e Jeton Kelmendit ka drit\u00eb e reflektohet drit\u00eb edhe kur \u00ebsht\u00eb nat\u00eb. N\u00eb k\u00ebt\u00eb drit\u00eb shfaqen t\u00eb tejdukshme realitetet poetike shpirt\u00ebrore si n\u00eb rastin e poezis\u00eb \u201cP\u00ebrtej vetevetes jetonte\u201d (Tani ka ardhur tek vetvetja dhe jeton me engj\u00ebjt (N\u00ebn\u00ebs Terez\u00eb)).<\/p>\n<p>Ashtu si prezantohen t\u00eb tejdukshme poetikisht, po ashtu shfaqen sigurt edhe kodet e pad\u00ebshifrueshme leht\u00eb. Dhe k\u00ebtu behet evidente esenca hyjnore, duke u shnd\u00ebrruar n\u00eb esenc\u00eb kumtesh. K\u00ebto kode b\u00ebhen bashk\u00ebudh\u00ebtare n\u00eb koh\u00eb t\u00eb ndryshme. B\u00ebhen grish\u00ebse n\u00eb deshifrim duke t\u00ebrhequr v\u00ebmendjen e receptuesve n\u00eb koh\u00eb e hap\u00ebsira t\u00eb ndryshme, ashtu si dhe n\u00eb koh\u00ebt e reja t\u00eb s\u00eb ardhmes.<\/p>\n<p>Dhe kjo pjes\u00eb e pad\u00ebshifrueshme, e kodifikuar, esenc\u00eb hyjnore dhe esenc\u00eb kumtesh, ndihmon p\u00ebr t\u00eb krijuar m\u00eb sigurt profilin e nj\u00eb poeti modern si Jeton Kelmenti, perfaq\u00ebsuesit m\u00eb dinjitoz t\u00eb poezis\u00eb moderne mbar\u00ebshqiptare, q\u00eb ka p\u00ebr t\u00eb \u201crrojtur\u201d gjat\u00eb.<\/p>\n<p>Doktorante <strong>IRENA GJONI<\/strong>, Sarand\u00eb m\u00eb 04.12.2010<\/p>\n","protected":false},"excerpt":{"rendered":"<p>Doktorante IRENA GJONI \u201cSi shkohet p\u00ebr te vet vetja\u201d \u00ebsht\u00eb libri m\u00eb i ri poetik i poetit kosovar, t\u00eb p\u00ebrkthyer n\u00eb 22 gjuh\u00eb t\u00eb bot\u00ebs, Jeton Kelmendit. Tashm\u00eb po prezantohet edhe p\u00ebr lexuesin amerikan. Ky v\u00ebllim vjen si nj\u00eb botim i poezis\u00eb s\u00eb p\u00ebrzgjedhur dhe na krijon mund\u00ebsin\u00eb p\u00ebr t\u00eb evidentuar nj\u00eb vizion m\u00eb t\u00eb [&hellip;]<\/p>\n","protected":false},"author":1,"featured_media":0,"comment_status":"open","ping_status":"closed","sticky":false,"template":"","format":"standard","meta":{"footnotes":""},"categories":[2,7,9],"tags":[],"class_list":{"0":"post-5428","1":"post","2":"type-post","3":"status-publish","4":"format-standard","6":"category-artikuj","7":"category-letersi","8":"category-poezi"},"yoast_head":"<!-- This site is optimized with the Yoast SEO plugin v27.4 - https:\/\/yoast.com\/product\/yoast-seo-wordpress\/ -->\n<title>POEZIA E JETON KELMENDIT MES ESENCASH HYJNORE DHE KUMTESH - FjALA e LIR\u00cb - Arkivi<\/title>\n<meta name=\"robots\" content=\"index, follow, max-snippet:-1, max-image-preview:large, max-video-preview:-1\" \/>\n<link rel=\"canonical\" href=\"https:\/\/fjala.info\/2009-2015\/poezia-e-jeton-kelmendit-mes-esencash-hyjnore-dhe-kumtesh\/\" \/>\n<meta property=\"og:locale\" content=\"sq_AL\" \/>\n<meta property=\"og:type\" content=\"article\" \/>\n<meta property=\"og:title\" content=\"POEZIA E JETON KELMENDIT MES ESENCASH HYJNORE DHE KUMTESH - FjALA e LIR\u00cb - Arkivi\" \/>\n<meta property=\"og:description\" content=\"Doktorante IRENA GJONI \u201cSi shkohet p\u00ebr te vet vetja\u201d \u00ebsht\u00eb libri m\u00eb i ri poetik i poetit kosovar, t\u00eb p\u00ebrkthyer n\u00eb 22 gjuh\u00eb t\u00eb bot\u00ebs, Jeton Kelmendit. Tashm\u00eb po prezantohet edhe p\u00ebr lexuesin amerikan. Ky v\u00ebllim vjen si nj\u00eb botim i poezis\u00eb s\u00eb p\u00ebrzgjedhur dhe na krijon mund\u00ebsin\u00eb p\u00ebr t\u00eb evidentuar nj\u00eb vizion m\u00eb t\u00eb [&hellip;]\" \/>\n<meta property=\"og:url\" content=\"https:\/\/fjala.info\/2009-2015\/poezia-e-jeton-kelmendit-mes-esencash-hyjnore-dhe-kumtesh\/\" \/>\n<meta property=\"og:site_name\" content=\"FjALA e LIR\u00cb - Arkivi\" \/>\n<meta property=\"article:published_time\" content=\"2010-12-25T08:14:52+00:00\" \/>\n<meta property=\"og:image\" content=\"http:\/\/fjala.shkoder.net\/wp-content\/uploads\/2010\/12\/how_to_reach_yourself_by_jeton_kelmendi.jpg\" \/>\n<meta name=\"author\" content=\"admin\" \/>\n<meta name=\"twitter:card\" content=\"summary_large_image\" \/>\n<meta name=\"twitter:label1\" content=\"Written by\" \/>\n\t<meta name=\"twitter:data1\" content=\"admin\" \/>\n\t<meta name=\"twitter:label2\" content=\"Est. reading time\" \/>\n\t<meta name=\"twitter:data2\" content=\"6 minutes\" \/>\n<script type=\"application\/ld+json\" class=\"yoast-schema-graph\">{\"@context\":\"https:\\\/\\\/schema.org\",\"@graph\":[{\"@type\":\"Article\",\"@id\":\"https:\\\/\\\/fjala.info\\\/2009-2015\\\/poezia-e-jeton-kelmendit-mes-esencash-hyjnore-dhe-kumtesh\\\/#article\",\"isPartOf\":{\"@id\":\"https:\\\/\\\/fjala.info\\\/2009-2015\\\/poezia-e-jeton-kelmendit-mes-esencash-hyjnore-dhe-kumtesh\\\/\"},\"author\":{\"name\":\"admin\",\"@id\":\"https:\\\/\\\/fjala.info\\\/2009-2015\\\/#\\\/schema\\\/person\\\/3aa1163ef05469c496fc94e77611ada2\"},\"headline\":\"POEZIA E JETON KELMENDIT MES ESENCASH HYJNORE DHE KUMTESH\",\"datePublished\":\"2010-12-25T08:14:52+00:00\",\"mainEntityOfPage\":{\"@id\":\"https:\\\/\\\/fjala.info\\\/2009-2015\\\/poezia-e-jeton-kelmendit-mes-esencash-hyjnore-dhe-kumtesh\\\/\"},\"wordCount\":1194,\"commentCount\":0,\"publisher\":{\"@id\":\"https:\\\/\\\/fjala.info\\\/2009-2015\\\/#organization\"},\"image\":{\"@id\":\"https:\\\/\\\/fjala.info\\\/2009-2015\\\/poezia-e-jeton-kelmendit-mes-esencash-hyjnore-dhe-kumtesh\\\/#primaryimage\"},\"thumbnailUrl\":\"http:\\\/\\\/fjala.shkoder.net\\\/wp-content\\\/uploads\\\/2010\\\/12\\\/how_to_reach_yourself_by_jeton_kelmendi.jpg\",\"articleSection\":[\"Artikuj\",\"Let\u00ebrsi\",\"Poezi\"],\"inLanguage\":\"sq-AL\",\"potentialAction\":[{\"@type\":\"CommentAction\",\"name\":\"Comment\",\"target\":[\"https:\\\/\\\/fjala.info\\\/2009-2015\\\/poezia-e-jeton-kelmendit-mes-esencash-hyjnore-dhe-kumtesh\\\/#respond\"]}]},{\"@type\":\"WebPage\",\"@id\":\"https:\\\/\\\/fjala.info\\\/2009-2015\\\/poezia-e-jeton-kelmendit-mes-esencash-hyjnore-dhe-kumtesh\\\/\",\"url\":\"https:\\\/\\\/fjala.info\\\/2009-2015\\\/poezia-e-jeton-kelmendit-mes-esencash-hyjnore-dhe-kumtesh\\\/\",\"name\":\"POEZIA E JETON KELMENDIT MES ESENCASH HYJNORE DHE KUMTESH - FjALA e LIR\u00cb - Arkivi\",\"isPartOf\":{\"@id\":\"https:\\\/\\\/fjala.info\\\/2009-2015\\\/#website\"},\"primaryImageOfPage\":{\"@id\":\"https:\\\/\\\/fjala.info\\\/2009-2015\\\/poezia-e-jeton-kelmendit-mes-esencash-hyjnore-dhe-kumtesh\\\/#primaryimage\"},\"image\":{\"@id\":\"https:\\\/\\\/fjala.info\\\/2009-2015\\\/poezia-e-jeton-kelmendit-mes-esencash-hyjnore-dhe-kumtesh\\\/#primaryimage\"},\"thumbnailUrl\":\"http:\\\/\\\/fjala.shkoder.net\\\/wp-content\\\/uploads\\\/2010\\\/12\\\/how_to_reach_yourself_by_jeton_kelmendi.jpg\",\"datePublished\":\"2010-12-25T08:14:52+00:00\",\"breadcrumb\":{\"@id\":\"https:\\\/\\\/fjala.info\\\/2009-2015\\\/poezia-e-jeton-kelmendit-mes-esencash-hyjnore-dhe-kumtesh\\\/#breadcrumb\"},\"inLanguage\":\"sq-AL\",\"potentialAction\":[{\"@type\":\"ReadAction\",\"target\":[\"https:\\\/\\\/fjala.info\\\/2009-2015\\\/poezia-e-jeton-kelmendit-mes-esencash-hyjnore-dhe-kumtesh\\\/\"]}]},{\"@type\":\"ImageObject\",\"inLanguage\":\"sq-AL\",\"@id\":\"https:\\\/\\\/fjala.info\\\/2009-2015\\\/poezia-e-jeton-kelmendit-mes-esencash-hyjnore-dhe-kumtesh\\\/#primaryimage\",\"url\":\"http:\\\/\\\/fjala.shkoder.net\\\/wp-content\\\/uploads\\\/2010\\\/12\\\/how_to_reach_yourself_by_jeton_kelmendi.jpg\",\"contentUrl\":\"http:\\\/\\\/fjala.shkoder.net\\\/wp-content\\\/uploads\\\/2010\\\/12\\\/how_to_reach_yourself_by_jeton_kelmendi.jpg\"},{\"@type\":\"BreadcrumbList\",\"@id\":\"https:\\\/\\\/fjala.info\\\/2009-2015\\\/poezia-e-jeton-kelmendit-mes-esencash-hyjnore-dhe-kumtesh\\\/#breadcrumb\",\"itemListElement\":[{\"@type\":\"ListItem\",\"position\":1,\"name\":\"Home\",\"item\":\"https:\\\/\\\/fjala.info\\\/2009-2015\\\/\"},{\"@type\":\"ListItem\",\"position\":2,\"name\":\"POEZIA E JETON KELMENDIT MES ESENCASH HYJNORE DHE KUMTESH\"}]},{\"@type\":\"WebSite\",\"@id\":\"https:\\\/\\\/fjala.info\\\/2009-2015\\\/#website\",\"url\":\"https:\\\/\\\/fjala.info\\\/2009-2015\\\/\",\"name\":\"FjALA e LIR\u00cb - Arkivi\",\"description\":\"Arkivi 2009-2015\",\"publisher\":{\"@id\":\"https:\\\/\\\/fjala.info\\\/2009-2015\\\/#organization\"},\"potentialAction\":[{\"@type\":\"SearchAction\",\"target\":{\"@type\":\"EntryPoint\",\"urlTemplate\":\"https:\\\/\\\/fjala.info\\\/2009-2015\\\/?s={search_term_string}\"},\"query-input\":{\"@type\":\"PropertyValueSpecification\",\"valueRequired\":true,\"valueName\":\"search_term_string\"}}],\"inLanguage\":\"sq-AL\"},{\"@type\":\"Organization\",\"@id\":\"https:\\\/\\\/fjala.info\\\/2009-2015\\\/#organization\",\"name\":\"FjALA e LIR\u00cb - Arkivi\",\"url\":\"https:\\\/\\\/fjala.info\\\/2009-2015\\\/\",\"logo\":{\"@type\":\"ImageObject\",\"inLanguage\":\"sq-AL\",\"@id\":\"https:\\\/\\\/fjala.info\\\/2009-2015\\\/#\\\/schema\\\/logo\\\/image\\\/\",\"url\":\"\",\"contentUrl\":\"\",\"caption\":\"FjALA e LIR\u00cb - Arkivi\"},\"image\":{\"@id\":\"https:\\\/\\\/fjala.info\\\/2009-2015\\\/#\\\/schema\\\/logo\\\/image\\\/\"}},{\"@type\":\"Person\",\"@id\":\"https:\\\/\\\/fjala.info\\\/2009-2015\\\/#\\\/schema\\\/person\\\/3aa1163ef05469c496fc94e77611ada2\",\"name\":\"admin\",\"image\":{\"@type\":\"ImageObject\",\"inLanguage\":\"sq-AL\",\"@id\":\"https:\\\/\\\/fjala.info\\\/2009-2015\\\/wp-content\\\/uploads\\\/2012\\\/02\\\/arben_cokaj-120x150.jpg\",\"url\":\"https:\\\/\\\/fjala.info\\\/2009-2015\\\/wp-content\\\/uploads\\\/2012\\\/02\\\/arben_cokaj-120x150.jpg\",\"contentUrl\":\"https:\\\/\\\/fjala.info\\\/2009-2015\\\/wp-content\\\/uploads\\\/2012\\\/02\\\/arben_cokaj-120x150.jpg\",\"caption\":\"admin\"},\"description\":\"Admin, Fjala e Lir\u00eb\",\"sameAs\":[\"https:\\\/\\\/fjala.info\\\/\"],\"url\":\"https:\\\/\\\/fjala.info\\\/2009-2015\\\/author\\\/admin\\\/\"}]}<\/script>\n<!-- \/ Yoast SEO plugin. -->","yoast_head_json":{"title":"POEZIA E JETON KELMENDIT MES ESENCASH HYJNORE DHE KUMTESH - FjALA e LIR\u00cb - Arkivi","robots":{"index":"index","follow":"follow","max-snippet":"max-snippet:-1","max-image-preview":"max-image-preview:large","max-video-preview":"max-video-preview:-1"},"canonical":"https:\/\/fjala.info\/2009-2015\/poezia-e-jeton-kelmendit-mes-esencash-hyjnore-dhe-kumtesh\/","og_locale":"sq_AL","og_type":"article","og_title":"POEZIA E JETON KELMENDIT MES ESENCASH HYJNORE DHE KUMTESH - FjALA e LIR\u00cb - Arkivi","og_description":"Doktorante IRENA GJONI \u201cSi shkohet p\u00ebr te vet vetja\u201d \u00ebsht\u00eb libri m\u00eb i ri poetik i poetit kosovar, t\u00eb p\u00ebrkthyer n\u00eb 22 gjuh\u00eb t\u00eb bot\u00ebs, Jeton Kelmendit. Tashm\u00eb po prezantohet edhe p\u00ebr lexuesin amerikan. Ky v\u00ebllim vjen si nj\u00eb botim i poezis\u00eb s\u00eb p\u00ebrzgjedhur dhe na krijon mund\u00ebsin\u00eb p\u00ebr t\u00eb evidentuar nj\u00eb vizion m\u00eb t\u00eb [&hellip;]","og_url":"https:\/\/fjala.info\/2009-2015\/poezia-e-jeton-kelmendit-mes-esencash-hyjnore-dhe-kumtesh\/","og_site_name":"FjALA e LIR\u00cb - Arkivi","article_published_time":"2010-12-25T08:14:52+00:00","og_image":[{"url":"http:\/\/fjala.shkoder.net\/wp-content\/uploads\/2010\/12\/how_to_reach_yourself_by_jeton_kelmendi.jpg","type":"","width":"","height":""}],"author":"admin","twitter_card":"summary_large_image","twitter_misc":{"Written by":"admin","Est. reading time":"6 minutes"},"schema":{"@context":"https:\/\/schema.org","@graph":[{"@type":"Article","@id":"https:\/\/fjala.info\/2009-2015\/poezia-e-jeton-kelmendit-mes-esencash-hyjnore-dhe-kumtesh\/#article","isPartOf":{"@id":"https:\/\/fjala.info\/2009-2015\/poezia-e-jeton-kelmendit-mes-esencash-hyjnore-dhe-kumtesh\/"},"author":{"name":"admin","@id":"https:\/\/fjala.info\/2009-2015\/#\/schema\/person\/3aa1163ef05469c496fc94e77611ada2"},"headline":"POEZIA E JETON KELMENDIT MES ESENCASH HYJNORE DHE KUMTESH","datePublished":"2010-12-25T08:14:52+00:00","mainEntityOfPage":{"@id":"https:\/\/fjala.info\/2009-2015\/poezia-e-jeton-kelmendit-mes-esencash-hyjnore-dhe-kumtesh\/"},"wordCount":1194,"commentCount":0,"publisher":{"@id":"https:\/\/fjala.info\/2009-2015\/#organization"},"image":{"@id":"https:\/\/fjala.info\/2009-2015\/poezia-e-jeton-kelmendit-mes-esencash-hyjnore-dhe-kumtesh\/#primaryimage"},"thumbnailUrl":"http:\/\/fjala.shkoder.net\/wp-content\/uploads\/2010\/12\/how_to_reach_yourself_by_jeton_kelmendi.jpg","articleSection":["Artikuj","Let\u00ebrsi","Poezi"],"inLanguage":"sq-AL","potentialAction":[{"@type":"CommentAction","name":"Comment","target":["https:\/\/fjala.info\/2009-2015\/poezia-e-jeton-kelmendit-mes-esencash-hyjnore-dhe-kumtesh\/#respond"]}]},{"@type":"WebPage","@id":"https:\/\/fjala.info\/2009-2015\/poezia-e-jeton-kelmendit-mes-esencash-hyjnore-dhe-kumtesh\/","url":"https:\/\/fjala.info\/2009-2015\/poezia-e-jeton-kelmendit-mes-esencash-hyjnore-dhe-kumtesh\/","name":"POEZIA E JETON KELMENDIT MES ESENCASH HYJNORE DHE KUMTESH - FjALA e LIR\u00cb - Arkivi","isPartOf":{"@id":"https:\/\/fjala.info\/2009-2015\/#website"},"primaryImageOfPage":{"@id":"https:\/\/fjala.info\/2009-2015\/poezia-e-jeton-kelmendit-mes-esencash-hyjnore-dhe-kumtesh\/#primaryimage"},"image":{"@id":"https:\/\/fjala.info\/2009-2015\/poezia-e-jeton-kelmendit-mes-esencash-hyjnore-dhe-kumtesh\/#primaryimage"},"thumbnailUrl":"http:\/\/fjala.shkoder.net\/wp-content\/uploads\/2010\/12\/how_to_reach_yourself_by_jeton_kelmendi.jpg","datePublished":"2010-12-25T08:14:52+00:00","breadcrumb":{"@id":"https:\/\/fjala.info\/2009-2015\/poezia-e-jeton-kelmendit-mes-esencash-hyjnore-dhe-kumtesh\/#breadcrumb"},"inLanguage":"sq-AL","potentialAction":[{"@type":"ReadAction","target":["https:\/\/fjala.info\/2009-2015\/poezia-e-jeton-kelmendit-mes-esencash-hyjnore-dhe-kumtesh\/"]}]},{"@type":"ImageObject","inLanguage":"sq-AL","@id":"https:\/\/fjala.info\/2009-2015\/poezia-e-jeton-kelmendit-mes-esencash-hyjnore-dhe-kumtesh\/#primaryimage","url":"http:\/\/fjala.shkoder.net\/wp-content\/uploads\/2010\/12\/how_to_reach_yourself_by_jeton_kelmendi.jpg","contentUrl":"http:\/\/fjala.shkoder.net\/wp-content\/uploads\/2010\/12\/how_to_reach_yourself_by_jeton_kelmendi.jpg"},{"@type":"BreadcrumbList","@id":"https:\/\/fjala.info\/2009-2015\/poezia-e-jeton-kelmendit-mes-esencash-hyjnore-dhe-kumtesh\/#breadcrumb","itemListElement":[{"@type":"ListItem","position":1,"name":"Home","item":"https:\/\/fjala.info\/2009-2015\/"},{"@type":"ListItem","position":2,"name":"POEZIA E JETON KELMENDIT MES ESENCASH HYJNORE DHE KUMTESH"}]},{"@type":"WebSite","@id":"https:\/\/fjala.info\/2009-2015\/#website","url":"https:\/\/fjala.info\/2009-2015\/","name":"FjALA e LIR\u00cb - Arkivi","description":"Arkivi 2009-2015","publisher":{"@id":"https:\/\/fjala.info\/2009-2015\/#organization"},"potentialAction":[{"@type":"SearchAction","target":{"@type":"EntryPoint","urlTemplate":"https:\/\/fjala.info\/2009-2015\/?s={search_term_string}"},"query-input":{"@type":"PropertyValueSpecification","valueRequired":true,"valueName":"search_term_string"}}],"inLanguage":"sq-AL"},{"@type":"Organization","@id":"https:\/\/fjala.info\/2009-2015\/#organization","name":"FjALA e LIR\u00cb - Arkivi","url":"https:\/\/fjala.info\/2009-2015\/","logo":{"@type":"ImageObject","inLanguage":"sq-AL","@id":"https:\/\/fjala.info\/2009-2015\/#\/schema\/logo\/image\/","url":"","contentUrl":"","caption":"FjALA e LIR\u00cb - Arkivi"},"image":{"@id":"https:\/\/fjala.info\/2009-2015\/#\/schema\/logo\/image\/"}},{"@type":"Person","@id":"https:\/\/fjala.info\/2009-2015\/#\/schema\/person\/3aa1163ef05469c496fc94e77611ada2","name":"admin","image":{"@type":"ImageObject","inLanguage":"sq-AL","@id":"https:\/\/fjala.info\/2009-2015\/wp-content\/uploads\/2012\/02\/arben_cokaj-120x150.jpg","url":"https:\/\/fjala.info\/2009-2015\/wp-content\/uploads\/2012\/02\/arben_cokaj-120x150.jpg","contentUrl":"https:\/\/fjala.info\/2009-2015\/wp-content\/uploads\/2012\/02\/arben_cokaj-120x150.jpg","caption":"admin"},"description":"Admin, Fjala e Lir\u00eb","sameAs":["https:\/\/fjala.info\/"],"url":"https:\/\/fjala.info\/2009-2015\/author\/admin\/"}]}},"_links":{"self":[{"href":"https:\/\/fjala.info\/2009-2015\/wp-json\/wp\/v2\/posts\/5428","targetHints":{"allow":["GET"]}}],"collection":[{"href":"https:\/\/fjala.info\/2009-2015\/wp-json\/wp\/v2\/posts"}],"about":[{"href":"https:\/\/fjala.info\/2009-2015\/wp-json\/wp\/v2\/types\/post"}],"author":[{"embeddable":true,"href":"https:\/\/fjala.info\/2009-2015\/wp-json\/wp\/v2\/users\/1"}],"replies":[{"embeddable":true,"href":"https:\/\/fjala.info\/2009-2015\/wp-json\/wp\/v2\/comments?post=5428"}],"version-history":[{"count":0,"href":"https:\/\/fjala.info\/2009-2015\/wp-json\/wp\/v2\/posts\/5428\/revisions"}],"wp:attachment":[{"href":"https:\/\/fjala.info\/2009-2015\/wp-json\/wp\/v2\/media?parent=5428"}],"wp:term":[{"taxonomy":"category","embeddable":true,"href":"https:\/\/fjala.info\/2009-2015\/wp-json\/wp\/v2\/categories?post=5428"},{"taxonomy":"post_tag","embeddable":true,"href":"https:\/\/fjala.info\/2009-2015\/wp-json\/wp\/v2\/tags?post=5428"}],"curies":[{"name":"wp","href":"https:\/\/api.w.org\/{rel}","templated":true}]}}