{"id":5426,"date":"2010-12-26T09:05:31","date_gmt":"2010-12-26T08:05:31","guid":{"rendered":"http:\/\/fjala.shkoder.net\/?p=5426"},"modified":"2010-12-26T09:05:31","modified_gmt":"2010-12-26T08:05:31","slug":"dinjiteti-i-humbur-i-qytetarit-votues","status":"publish","type":"post","link":"https:\/\/fjala.info\/2009-2015\/dinjiteti-i-humbur-i-qytetarit-votues\/","title":{"rendered":"DINJITETI I HUMBUR I QYTETARIT VOTUES"},"content":{"rendered":"<p><img decoding=\"async\" class=\"alignright size-full wp-image-4849\" title=\"Nail Draga\" src=\"http:\/\/fjala.shkoder.net\/wp-content\/uploads\/2010\/11\/nail_draga.jpg\" alt=\"\" width=\"150\" \/><\/p>\n<p><em>Ne koh\u00ebn e pluralizmit, ku \u00ebsht\u00eb mund\u00ebsuar deklarimi dhe votimi i lir\u00eb qytetari votues \u00ebsht\u00eb para dilemave qe t\u00eb votoj\u00eb n\u00eb m\u00ebnyr\u00eb dinjitoze, duke mbrojtur dinjitetin e tij personal sipas parimeve njer\u00ebzore duke vler\u00ebsuar vlerat, apo t\u00eb mbeshtes\u00eb interesat individuale dhe klaneve t\u00eb ndryshme ku parim jan\u00eb antivlerat <\/em><\/p>\n<p><strong>Dr. Nail Draga<\/strong><\/p>\n<p>Lajmi i publikuar dit\u00eb m\u00eb par\u00eb n\u00eb mediat kosovare s\u00eb nj\u00eb qytetar kishte k\u00ebrkuar t\u00eb b\u00ebj\u00eb tregti me disa vota duke p\u00ebrcaktuar edhe \u00e7mimin ku nj\u00eb vot\u00eb vler\u00ebsohej me 50 euro, ishte lajmi i dit\u00ebs por jo befasi. Nj\u00eb dukuri e till\u00eb nuk \u00ebsht\u00eb e panjohur, por befasi ishte pik\u00ebrisht qytetari i cili pati guxim q\u00eb nj\u00eb ofert\u00eb t\u00eb till\u00eb ta b\u00ebj publike n\u00eb prag t\u00eb zgjedhjeve parlamentare n\u00eb Kosov\u00eb t\u00eb cilat jan\u00eb caktuar t\u00eb mbahen m\u00eb 12 dhjetor t\u00eb k\u00ebtij viti. Andaj duhet falenderuar gjestin e qytetarit n\u00eb fjal\u00eb i cili nuk ka qendruar i maskuar pas nj\u00eb dukurie e cila fatkeq\u00ebsisht \u00ebsht\u00eb b\u00ebr\u00eb e zakonshme jo vet\u00ebm n\u00eb Kosov\u00eb por kudo n\u00eb vendet e dalura nga ish kampi socialist.<\/p>\n<p>N\u00ebse m\u00eb par\u00eb p\u00ebr dukuri t\u00eb tilla heshtej n\u00eb periudh\u00ebn e pluralizmit (nga viti 1990 e m\u00eb pas) dukuria e korrupcionit politik \u00ebsht\u00eb b\u00ebr\u00eb \u00e7\u00ebshtje mode, sidomos p\u00ebr ata individ dhe subjekte politike q\u00eb duan t\u00eb jen\u00eb pjes\u00eb e pushtetit qoft\u00eb n\u00eb nivelin lokal apo ate shtet\u00ebror. Dhe n\u00eb ket\u00eb aspekt edhe ne shqiptar\u00ebt nuk jemi p\u00ebrjashtim i k\u00ebsaj dukurie t\u00eb deformuar si t\u00eb gjith\u00eb qytetar\u00ebt e tjer\u00eb n\u00eb Evrop\u00ebn Juglindore. Nj\u00eb dukuri e till\u00eb mund t\u00eb analizohet n\u00eb shum\u00eb aspekte por p\u00ebrfundimi \u00ebsht\u00eb s\u00eb m\u00eb humbjen e dinjitetit qytetari ka humbur pasurin\u00eb e tij elementare personale, e cila \u00ebsht\u00eb vler\u00ebsuar n\u00eb tradit\u00ebn ton\u00eb shekuj m\u00eb radh\u00eb.<\/p>\n<p><strong>Nderimi i vlerave morale<\/strong><br \/>\nP\u00ebr t\u00eb pasur t\u00eb qart\u00eb kuptimin e fjal\u00ebs \u201c dinjitet\u201d kemi konsultuar Fjalorin e Gjuh\u00ebs Shqipe, ku jepen dy shpjegime:<\/p>\n<p>1. T\u00ebr\u00ebsia e vlerave morale t\u00eb njeriut a t\u00eb nj\u00eb grupi njer\u00ebzish (nderi, krenaria etj.); vet\u00ebdija q\u00eb ka njeriu a nj\u00eb grup njer\u00ebzish p\u00ebr k\u00ebto vlera e p\u00ebr t\u00eb drejtat e veta n\u00eb shoq\u00ebri dhe nderimi i tij p\u00ebr vetveten; shfaqja e jashtme e k\u00ebsaj vet\u00ebdije dhe e k\u00ebtij nderimi. Dinjiteti komb\u00ebtar. Dinjiteti i njeriut (i familjes, i nd\u00ebrmarrjes, i institutit). Me (pa, plot) dinjitet. Ngre (ul, fyen, merr n\u00ebp\u00ebr k\u00ebmb\u00eb) dinjitetin. S&#8217;ka pik\u00eb dinjiteti. Flet (sillet) me dinjitet.<\/p>\n<p>2. Cil\u00ebsia e mir\u00eb a vlera e lart\u00eb e di\u00e7kaje q\u00eb e b\u00ebn at\u00eb t\u00eb \u00e7mohet. Me dinjitet artistik. Vep\u00ebr plot dinjitet.<\/p>\n<p>Dhe jan\u00eb pik\u00ebrisht k\u00ebto vlera t\u00eb cilat qytetarin apo qytetaret e nj\u00eb vendi apo mjedisi i ka ve\u00e7uar n\u00eb t\u00eb kaluar\u00ebn dhe t\u00eb tashm\u00ebn p\u00ebr sjelljet dhe veprimet e ndryshme personale apo familjare. Andaj, nuk duhet t\u00eb befasohemi kur degjojm\u00eb s\u00eb p\u00ebr qytetar\u00ebt, apo banor\u00ebt e nj\u00eb vendi thuhet s\u00eb jan\u00eb dinjitoz, sepse me sjelljet dhe veprimet e tyre n\u00eb situata t\u00eb ndryshme kan\u00eb treguar vlera t\u00eb larta morale.<\/p>\n<p>Dhe nj\u00eb vet\u00ebdije e till\u00eb \u00ebsht\u00eb trasheguar brez pas brezi duke pasur ket\u00eb epitet dhe vler\u00ebsuar kudo n\u00eb rrethet shoq\u00ebrore. Por, nj\u00eb epitet i till\u00eb nuk do t\u00eb thot s\u00eb \u00ebsht\u00eb I p\u00ebrhersh\u00ebm, sepse ai ndryshon, n\u00eb saj\u00eb t\u00eb rrethanave dhe situatave t\u00eb ndryshme shoq\u00ebrore. Pik\u00ebrisht, k\u00ebto dukuri kan\u00eb evoluar dhe jan\u00eb manifestuar n\u00eb m\u00ebnyr\u00eb transparente n\u00eb pluraliz\u00ebm, sidomos kur kemi t\u00eb b\u00ebjm\u00eb me zgjedhjet politike qofshin ata n\u00eb nivelin lokal apo ate shtet\u00ebror.<\/p>\n<p><strong>Pluralizmi dhe dinjiteti i humbur<\/strong><\/p>\n<p>Me t\u00eb drejt\u00eb b\u00ebhet pyetja, pse n\u00eb rrethana t\u00eb reja shoq\u00ebrore, \u00ebsht\u00eb zbehur, apo th\u00ebn\u00eb drejtp\u00ebrdrejt \u00ebsht\u00eb humbur dinjiteti i qytetarit votues. Sepse \u00ebsht\u00eb pik\u00ebrisht qytetari votues ai i cili i ka kontribuar deformimit dhe manipulimit t\u00eb vot\u00ebs s\u00eb tij, e cila m\u00eb fjalorin bashk\u00ebkohor quhet korrupcion politik. \u00cbsht\u00eb \u00e7\u00ebshtje tjet\u00ebr s\u00eb sa \u00ebsht\u00eb numri i k\u00ebsaj kategorie t\u00eb qytetar\u00ebve, por \u00ebsht\u00eb e padiskutueshme s\u00eb pik\u00ebrisht k\u00ebto votues n\u00eb shum\u00eb raste kan\u00eb vendosur p\u00ebr mandatet e fituara, e m\u00eb t\u00eb edhe t\u00eb shumic\u00ebs e cila do t\u00eb qeveris\u00eb n\u00eb pushtet.<\/p>\n<p>Nuk ka dilem\u00eb s\u00eb disa \u00e7\u00ebshtje kan\u00eb pasur evulimin e tyre spontan, sepse disa subjekte apo udh\u00ebheq\u00ebs t\u00eb tyre jan\u00eb konsumuar e madje edhe komprimituar q\u00eb d\u00ebshmohet m\u00eb r\u00ebnien e vazhdueshme t\u00eb rejtingut t\u00eb tyre personal por edhe subjekteve q\u00eb p\u00ebrfaq\u00ebsojn\u00eb, q\u00eb d\u00ebshmohet me rezultatet e zgjedhjeve. Si shembull tipik i k\u00ebsaj \u00e7\u00ebshtjeje mund t\u00eb sh\u00ebrbejn\u00eb zgjedhjet lokale n\u00eb komun\u00ebn e Ulqinit(maj, tetor 2010).<\/p>\n<p>Dhe n\u00eb raste t\u00eb tilla qytetari votues nuk mund t\u00eb akuzohet n\u00ebse ai ka ndryshuar opcionin e tij politik, sepse \u00ebsht\u00eb e drejt e tij personale dhe qytetare q\u00eb t\u00eb votoj\u00eb ate q\u00eb d\u00ebshiron, por \u00e7\u00ebshtja ka t\u00eb bej\u00eb m\u00eb ata q\u00eb b\u00ebjn\u00eb tregti m\u00eb vota, duke e shitur ate n\u00eb forma t\u00eb ndryshme. Andaj humbja e dinjitetit ka t\u00eb b\u00ebj pik\u00ebrisht m\u00eb ket\u00eb kategori t\u00eb qytetar\u00ebve e cila n\u00eb shum\u00eb mjedise ka filluar t\u00eb marr\u00eb p\u00ebrmasa shqet\u00ebsuese.<\/p>\n<p>Ne koh\u00ebn e pluralizmit, ku \u00ebsht\u00eb mund\u00ebsuar deklarimi dhe votimi i lir\u00eb qytetari votues \u00ebsht\u00eb para dilemave qe t\u00eb votoj\u00eb n\u00eb m\u00ebnyr\u00eb dinjitoze, duke mbrojtur dinjitetin e tij personal sipas parimeve njer\u00ebzore duke vler\u00ebsuar vlerat, apo t\u00eb mbeshtes\u00eb interesat e ndryshme individuale dhe klaneve t\u00eb ndryshme ku parim jan\u00eb antivlerat.<\/p>\n<p>Nj\u00eb konstatim i till\u00eb nuk ka dilem\u00eb s\u00eb meriton nj\u00eb analiz\u00eb t\u00eb ve\u00e7ant\u00eb sociologjike dhe psikologjike, sepse m\u00eb ndryshimin e sistemeve shoq\u00ebrore ka ndryshuar mentaliteti dhe qasja ndaj \u00e7\u00ebshtjeve t\u00eb cilat jan\u00eb preokupuese p\u00ebr qytetar\u00ebt.<\/p>\n<p><strong>Sfidat e qytetarit<\/strong><\/p>\n<p>N\u00eb ato mjedise ku funksionon demokracia e v\u00ebrtet\u00eb parlamentare, n\u00eb spektrin politik vend par\u00ebsor z\u00ebjn\u00eb vlerat q\u00eb do t\u00eb thot ata subjekte politike q\u00eb kan\u00eb programe, kuadra, vizion t\u00eb zhvillimit p\u00ebr t\u00eb ardhm\u00ebn. E kund\u00ebrta ndodh m\u00eb mjediset ku nuk funksionon demokracia praktike e aq m\u00eb pak ajo n\u00eb kuad\u00ebr t\u00eb subjekteve politike pjes\u00ebmarr\u00ebse n\u00eb qeverisje. Sepse, k\u00ebta v\u00eb\u00e7ohen m\u00eb interesa personale apo t\u00eb klaneve t\u00eb ndryshme, q\u00eb \u00ebsht\u00eb edhe qellimi kryesor i pjes\u00ebmarrjes n\u00eb pushtet. Individet dhe subjektet e tilla nuk ka dilem\u00eb s\u00eb jan\u00eb penges\u00eb e zhvillimeve n\u00eb t\u00eb tashm\u00ebn dhe n\u00eb t\u00eb ardhm\u00ebn.<\/p>\n<p>Var\u00ebsisht prej vendit \u00ebsht\u00eb d\u00ebshmuar s\u00eb sa m\u00eb shum\u00eb t\u00eb zgjas\u00eb periudha e tranzicionit pasojat p\u00ebr qytetar\u00ebt do t\u00eb jen\u00eb m\u00eb t\u00eb m\u00ebdha. Sepse depertimi i antivlerave n\u00eb qeverisje paraqet virusin e pushtetit ku mediokrit dhe kuadrat e konsumuara b\u00ebjn\u00eb \u00e7mos p\u00ebr t\u00eb ruajtur privilegjet e fituara si rezultat i manipulimit m\u00eb elektoratin votues. Veprimet e tilla destruktive mund t\u00eb ken\u00eb sukses t\u00eb mashtrojn\u00eb qytetar\u00ebt n\u00eb nj\u00eb moment t\u00eb caktuar, por jo edhe t\u00eb ardhme sepse do t\u00eb jen\u00eb pik\u00ebrisht qytetar\u00ebt me dinjitet q\u00eb do t\u00eb sfidojn\u00eb antivlerat.<br \/>\n<em>N\u00ebntor, 2010<\/em><\/p>\n","protected":false},"excerpt":{"rendered":"<p>Ne koh\u00ebn e pluralizmit, ku \u00ebsht\u00eb mund\u00ebsuar deklarimi dhe votimi i lir\u00eb qytetari votues \u00ebsht\u00eb para dilemave qe t\u00eb votoj\u00eb n\u00eb m\u00ebnyr\u00eb dinjitoze, duke mbrojtur dinjitetin e tij personal sipas parimeve njer\u00ebzore duke vler\u00ebsuar vlerat, apo t\u00eb mbeshtes\u00eb interesat individuale dhe klaneve t\u00eb ndryshme ku parim jan\u00eb antivlerat Dr. Nail Draga Lajmi i publikuar dit\u00eb [&hellip;]<\/p>\n","protected":false},"author":1,"featured_media":0,"comment_status":"open","ping_status":"closed","sticky":false,"template":"","format":"standard","meta":{"footnotes":""},"categories":[2],"tags":[],"class_list":{"0":"post-5426","1":"post","2":"type-post","3":"status-publish","4":"format-standard","6":"category-artikuj"},"yoast_head":"<!-- This site is optimized with the Yoast SEO plugin v27.4 - https:\/\/yoast.com\/product\/yoast-seo-wordpress\/ -->\n<title>DINJITETI I HUMBUR I QYTETARIT VOTUES - FjALA e LIR\u00cb - Arkivi<\/title>\n<meta name=\"robots\" content=\"index, follow, max-snippet:-1, max-image-preview:large, max-video-preview:-1\" \/>\n<link rel=\"canonical\" href=\"https:\/\/fjala.info\/2009-2015\/dinjiteti-i-humbur-i-qytetarit-votues\/\" \/>\n<meta property=\"og:locale\" content=\"sq_AL\" \/>\n<meta property=\"og:type\" content=\"article\" \/>\n<meta property=\"og:title\" content=\"DINJITETI I HUMBUR I QYTETARIT VOTUES - FjALA e LIR\u00cb - Arkivi\" \/>\n<meta property=\"og:description\" content=\"Ne koh\u00ebn e pluralizmit, ku \u00ebsht\u00eb mund\u00ebsuar deklarimi dhe votimi i lir\u00eb qytetari votues \u00ebsht\u00eb para dilemave qe t\u00eb votoj\u00eb n\u00eb m\u00ebnyr\u00eb dinjitoze, duke mbrojtur dinjitetin e tij personal sipas parimeve njer\u00ebzore duke vler\u00ebsuar vlerat, apo t\u00eb mbeshtes\u00eb interesat individuale dhe klaneve t\u00eb ndryshme ku parim jan\u00eb antivlerat Dr. Nail Draga Lajmi i publikuar dit\u00eb [&hellip;]\" \/>\n<meta property=\"og:url\" content=\"https:\/\/fjala.info\/2009-2015\/dinjiteti-i-humbur-i-qytetarit-votues\/\" \/>\n<meta property=\"og:site_name\" content=\"FjALA e LIR\u00cb - Arkivi\" \/>\n<meta property=\"article:published_time\" content=\"2010-12-26T08:05:31+00:00\" \/>\n<meta property=\"og:image\" content=\"http:\/\/fjala.shkoder.net\/wp-content\/uploads\/2010\/11\/nail_draga.jpg\" \/>\n<meta name=\"author\" content=\"admin\" \/>\n<meta name=\"twitter:card\" content=\"summary_large_image\" \/>\n<meta name=\"twitter:label1\" content=\"Written by\" \/>\n\t<meta name=\"twitter:data1\" content=\"admin\" \/>\n\t<meta name=\"twitter:label2\" content=\"Est. reading time\" \/>\n\t<meta name=\"twitter:data2\" content=\"6 minutes\" \/>\n<script type=\"application\/ld+json\" class=\"yoast-schema-graph\">{\"@context\":\"https:\\\/\\\/schema.org\",\"@graph\":[{\"@type\":\"Article\",\"@id\":\"https:\\\/\\\/fjala.info\\\/2009-2015\\\/dinjiteti-i-humbur-i-qytetarit-votues\\\/#article\",\"isPartOf\":{\"@id\":\"https:\\\/\\\/fjala.info\\\/2009-2015\\\/dinjiteti-i-humbur-i-qytetarit-votues\\\/\"},\"author\":{\"name\":\"admin\",\"@id\":\"https:\\\/\\\/fjala.info\\\/2009-2015\\\/#\\\/schema\\\/person\\\/3aa1163ef05469c496fc94e77611ada2\"},\"headline\":\"DINJITETI I HUMBUR I QYTETARIT VOTUES\",\"datePublished\":\"2010-12-26T08:05:31+00:00\",\"mainEntityOfPage\":{\"@id\":\"https:\\\/\\\/fjala.info\\\/2009-2015\\\/dinjiteti-i-humbur-i-qytetarit-votues\\\/\"},\"wordCount\":1200,\"commentCount\":0,\"publisher\":{\"@id\":\"https:\\\/\\\/fjala.info\\\/2009-2015\\\/#organization\"},\"image\":{\"@id\":\"https:\\\/\\\/fjala.info\\\/2009-2015\\\/dinjiteti-i-humbur-i-qytetarit-votues\\\/#primaryimage\"},\"thumbnailUrl\":\"http:\\\/\\\/fjala.shkoder.net\\\/wp-content\\\/uploads\\\/2010\\\/11\\\/nail_draga.jpg\",\"articleSection\":[\"Artikuj\"],\"inLanguage\":\"sq-AL\",\"potentialAction\":[{\"@type\":\"CommentAction\",\"name\":\"Comment\",\"target\":[\"https:\\\/\\\/fjala.info\\\/2009-2015\\\/dinjiteti-i-humbur-i-qytetarit-votues\\\/#respond\"]}]},{\"@type\":\"WebPage\",\"@id\":\"https:\\\/\\\/fjala.info\\\/2009-2015\\\/dinjiteti-i-humbur-i-qytetarit-votues\\\/\",\"url\":\"https:\\\/\\\/fjala.info\\\/2009-2015\\\/dinjiteti-i-humbur-i-qytetarit-votues\\\/\",\"name\":\"DINJITETI I HUMBUR I QYTETARIT VOTUES - FjALA e LIR\u00cb - Arkivi\",\"isPartOf\":{\"@id\":\"https:\\\/\\\/fjala.info\\\/2009-2015\\\/#website\"},\"primaryImageOfPage\":{\"@id\":\"https:\\\/\\\/fjala.info\\\/2009-2015\\\/dinjiteti-i-humbur-i-qytetarit-votues\\\/#primaryimage\"},\"image\":{\"@id\":\"https:\\\/\\\/fjala.info\\\/2009-2015\\\/dinjiteti-i-humbur-i-qytetarit-votues\\\/#primaryimage\"},\"thumbnailUrl\":\"http:\\\/\\\/fjala.shkoder.net\\\/wp-content\\\/uploads\\\/2010\\\/11\\\/nail_draga.jpg\",\"datePublished\":\"2010-12-26T08:05:31+00:00\",\"breadcrumb\":{\"@id\":\"https:\\\/\\\/fjala.info\\\/2009-2015\\\/dinjiteti-i-humbur-i-qytetarit-votues\\\/#breadcrumb\"},\"inLanguage\":\"sq-AL\",\"potentialAction\":[{\"@type\":\"ReadAction\",\"target\":[\"https:\\\/\\\/fjala.info\\\/2009-2015\\\/dinjiteti-i-humbur-i-qytetarit-votues\\\/\"]}]},{\"@type\":\"ImageObject\",\"inLanguage\":\"sq-AL\",\"@id\":\"https:\\\/\\\/fjala.info\\\/2009-2015\\\/dinjiteti-i-humbur-i-qytetarit-votues\\\/#primaryimage\",\"url\":\"http:\\\/\\\/fjala.shkoder.net\\\/wp-content\\\/uploads\\\/2010\\\/11\\\/nail_draga.jpg\",\"contentUrl\":\"http:\\\/\\\/fjala.shkoder.net\\\/wp-content\\\/uploads\\\/2010\\\/11\\\/nail_draga.jpg\"},{\"@type\":\"BreadcrumbList\",\"@id\":\"https:\\\/\\\/fjala.info\\\/2009-2015\\\/dinjiteti-i-humbur-i-qytetarit-votues\\\/#breadcrumb\",\"itemListElement\":[{\"@type\":\"ListItem\",\"position\":1,\"name\":\"Home\",\"item\":\"https:\\\/\\\/fjala.info\\\/2009-2015\\\/\"},{\"@type\":\"ListItem\",\"position\":2,\"name\":\"DINJITETI I HUMBUR I QYTETARIT VOTUES\"}]},{\"@type\":\"WebSite\",\"@id\":\"https:\\\/\\\/fjala.info\\\/2009-2015\\\/#website\",\"url\":\"https:\\\/\\\/fjala.info\\\/2009-2015\\\/\",\"name\":\"FjALA e LIR\u00cb - Arkivi\",\"description\":\"Arkivi 2009-2015\",\"publisher\":{\"@id\":\"https:\\\/\\\/fjala.info\\\/2009-2015\\\/#organization\"},\"potentialAction\":[{\"@type\":\"SearchAction\",\"target\":{\"@type\":\"EntryPoint\",\"urlTemplate\":\"https:\\\/\\\/fjala.info\\\/2009-2015\\\/?s={search_term_string}\"},\"query-input\":{\"@type\":\"PropertyValueSpecification\",\"valueRequired\":true,\"valueName\":\"search_term_string\"}}],\"inLanguage\":\"sq-AL\"},{\"@type\":\"Organization\",\"@id\":\"https:\\\/\\\/fjala.info\\\/2009-2015\\\/#organization\",\"name\":\"FjALA e LIR\u00cb - Arkivi\",\"url\":\"https:\\\/\\\/fjala.info\\\/2009-2015\\\/\",\"logo\":{\"@type\":\"ImageObject\",\"inLanguage\":\"sq-AL\",\"@id\":\"https:\\\/\\\/fjala.info\\\/2009-2015\\\/#\\\/schema\\\/logo\\\/image\\\/\",\"url\":\"\",\"contentUrl\":\"\",\"caption\":\"FjALA e LIR\u00cb - Arkivi\"},\"image\":{\"@id\":\"https:\\\/\\\/fjala.info\\\/2009-2015\\\/#\\\/schema\\\/logo\\\/image\\\/\"}},{\"@type\":\"Person\",\"@id\":\"https:\\\/\\\/fjala.info\\\/2009-2015\\\/#\\\/schema\\\/person\\\/3aa1163ef05469c496fc94e77611ada2\",\"name\":\"admin\",\"image\":{\"@type\":\"ImageObject\",\"inLanguage\":\"sq-AL\",\"@id\":\"https:\\\/\\\/fjala.info\\\/2009-2015\\\/wp-content\\\/uploads\\\/2012\\\/02\\\/arben_cokaj-120x150.jpg\",\"url\":\"https:\\\/\\\/fjala.info\\\/2009-2015\\\/wp-content\\\/uploads\\\/2012\\\/02\\\/arben_cokaj-120x150.jpg\",\"contentUrl\":\"https:\\\/\\\/fjala.info\\\/2009-2015\\\/wp-content\\\/uploads\\\/2012\\\/02\\\/arben_cokaj-120x150.jpg\",\"caption\":\"admin\"},\"description\":\"Admin, Fjala e Lir\u00eb\",\"sameAs\":[\"https:\\\/\\\/fjala.info\\\/\"],\"url\":\"https:\\\/\\\/fjala.info\\\/2009-2015\\\/author\\\/admin\\\/\"}]}<\/script>\n<!-- \/ Yoast SEO plugin. -->","yoast_head_json":{"title":"DINJITETI I HUMBUR I QYTETARIT VOTUES - FjALA e LIR\u00cb - Arkivi","robots":{"index":"index","follow":"follow","max-snippet":"max-snippet:-1","max-image-preview":"max-image-preview:large","max-video-preview":"max-video-preview:-1"},"canonical":"https:\/\/fjala.info\/2009-2015\/dinjiteti-i-humbur-i-qytetarit-votues\/","og_locale":"sq_AL","og_type":"article","og_title":"DINJITETI I HUMBUR I QYTETARIT VOTUES - FjALA e LIR\u00cb - Arkivi","og_description":"Ne koh\u00ebn e pluralizmit, ku \u00ebsht\u00eb mund\u00ebsuar deklarimi dhe votimi i lir\u00eb qytetari votues \u00ebsht\u00eb para dilemave qe t\u00eb votoj\u00eb n\u00eb m\u00ebnyr\u00eb dinjitoze, duke mbrojtur dinjitetin e tij personal sipas parimeve njer\u00ebzore duke vler\u00ebsuar vlerat, apo t\u00eb mbeshtes\u00eb interesat individuale dhe klaneve t\u00eb ndryshme ku parim jan\u00eb antivlerat Dr. Nail Draga Lajmi i publikuar dit\u00eb [&hellip;]","og_url":"https:\/\/fjala.info\/2009-2015\/dinjiteti-i-humbur-i-qytetarit-votues\/","og_site_name":"FjALA e LIR\u00cb - Arkivi","article_published_time":"2010-12-26T08:05:31+00:00","og_image":[{"url":"http:\/\/fjala.shkoder.net\/wp-content\/uploads\/2010\/11\/nail_draga.jpg","type":"","width":"","height":""}],"author":"admin","twitter_card":"summary_large_image","twitter_misc":{"Written by":"admin","Est. reading time":"6 minutes"},"schema":{"@context":"https:\/\/schema.org","@graph":[{"@type":"Article","@id":"https:\/\/fjala.info\/2009-2015\/dinjiteti-i-humbur-i-qytetarit-votues\/#article","isPartOf":{"@id":"https:\/\/fjala.info\/2009-2015\/dinjiteti-i-humbur-i-qytetarit-votues\/"},"author":{"name":"admin","@id":"https:\/\/fjala.info\/2009-2015\/#\/schema\/person\/3aa1163ef05469c496fc94e77611ada2"},"headline":"DINJITETI I HUMBUR I QYTETARIT VOTUES","datePublished":"2010-12-26T08:05:31+00:00","mainEntityOfPage":{"@id":"https:\/\/fjala.info\/2009-2015\/dinjiteti-i-humbur-i-qytetarit-votues\/"},"wordCount":1200,"commentCount":0,"publisher":{"@id":"https:\/\/fjala.info\/2009-2015\/#organization"},"image":{"@id":"https:\/\/fjala.info\/2009-2015\/dinjiteti-i-humbur-i-qytetarit-votues\/#primaryimage"},"thumbnailUrl":"http:\/\/fjala.shkoder.net\/wp-content\/uploads\/2010\/11\/nail_draga.jpg","articleSection":["Artikuj"],"inLanguage":"sq-AL","potentialAction":[{"@type":"CommentAction","name":"Comment","target":["https:\/\/fjala.info\/2009-2015\/dinjiteti-i-humbur-i-qytetarit-votues\/#respond"]}]},{"@type":"WebPage","@id":"https:\/\/fjala.info\/2009-2015\/dinjiteti-i-humbur-i-qytetarit-votues\/","url":"https:\/\/fjala.info\/2009-2015\/dinjiteti-i-humbur-i-qytetarit-votues\/","name":"DINJITETI I HUMBUR I QYTETARIT VOTUES - FjALA e LIR\u00cb - Arkivi","isPartOf":{"@id":"https:\/\/fjala.info\/2009-2015\/#website"},"primaryImageOfPage":{"@id":"https:\/\/fjala.info\/2009-2015\/dinjiteti-i-humbur-i-qytetarit-votues\/#primaryimage"},"image":{"@id":"https:\/\/fjala.info\/2009-2015\/dinjiteti-i-humbur-i-qytetarit-votues\/#primaryimage"},"thumbnailUrl":"http:\/\/fjala.shkoder.net\/wp-content\/uploads\/2010\/11\/nail_draga.jpg","datePublished":"2010-12-26T08:05:31+00:00","breadcrumb":{"@id":"https:\/\/fjala.info\/2009-2015\/dinjiteti-i-humbur-i-qytetarit-votues\/#breadcrumb"},"inLanguage":"sq-AL","potentialAction":[{"@type":"ReadAction","target":["https:\/\/fjala.info\/2009-2015\/dinjiteti-i-humbur-i-qytetarit-votues\/"]}]},{"@type":"ImageObject","inLanguage":"sq-AL","@id":"https:\/\/fjala.info\/2009-2015\/dinjiteti-i-humbur-i-qytetarit-votues\/#primaryimage","url":"http:\/\/fjala.shkoder.net\/wp-content\/uploads\/2010\/11\/nail_draga.jpg","contentUrl":"http:\/\/fjala.shkoder.net\/wp-content\/uploads\/2010\/11\/nail_draga.jpg"},{"@type":"BreadcrumbList","@id":"https:\/\/fjala.info\/2009-2015\/dinjiteti-i-humbur-i-qytetarit-votues\/#breadcrumb","itemListElement":[{"@type":"ListItem","position":1,"name":"Home","item":"https:\/\/fjala.info\/2009-2015\/"},{"@type":"ListItem","position":2,"name":"DINJITETI I HUMBUR I QYTETARIT VOTUES"}]},{"@type":"WebSite","@id":"https:\/\/fjala.info\/2009-2015\/#website","url":"https:\/\/fjala.info\/2009-2015\/","name":"FjALA e LIR\u00cb - Arkivi","description":"Arkivi 2009-2015","publisher":{"@id":"https:\/\/fjala.info\/2009-2015\/#organization"},"potentialAction":[{"@type":"SearchAction","target":{"@type":"EntryPoint","urlTemplate":"https:\/\/fjala.info\/2009-2015\/?s={search_term_string}"},"query-input":{"@type":"PropertyValueSpecification","valueRequired":true,"valueName":"search_term_string"}}],"inLanguage":"sq-AL"},{"@type":"Organization","@id":"https:\/\/fjala.info\/2009-2015\/#organization","name":"FjALA e LIR\u00cb - Arkivi","url":"https:\/\/fjala.info\/2009-2015\/","logo":{"@type":"ImageObject","inLanguage":"sq-AL","@id":"https:\/\/fjala.info\/2009-2015\/#\/schema\/logo\/image\/","url":"","contentUrl":"","caption":"FjALA e LIR\u00cb - Arkivi"},"image":{"@id":"https:\/\/fjala.info\/2009-2015\/#\/schema\/logo\/image\/"}},{"@type":"Person","@id":"https:\/\/fjala.info\/2009-2015\/#\/schema\/person\/3aa1163ef05469c496fc94e77611ada2","name":"admin","image":{"@type":"ImageObject","inLanguage":"sq-AL","@id":"https:\/\/fjala.info\/2009-2015\/wp-content\/uploads\/2012\/02\/arben_cokaj-120x150.jpg","url":"https:\/\/fjala.info\/2009-2015\/wp-content\/uploads\/2012\/02\/arben_cokaj-120x150.jpg","contentUrl":"https:\/\/fjala.info\/2009-2015\/wp-content\/uploads\/2012\/02\/arben_cokaj-120x150.jpg","caption":"admin"},"description":"Admin, Fjala e Lir\u00eb","sameAs":["https:\/\/fjala.info\/"],"url":"https:\/\/fjala.info\/2009-2015\/author\/admin\/"}]}},"_links":{"self":[{"href":"https:\/\/fjala.info\/2009-2015\/wp-json\/wp\/v2\/posts\/5426","targetHints":{"allow":["GET"]}}],"collection":[{"href":"https:\/\/fjala.info\/2009-2015\/wp-json\/wp\/v2\/posts"}],"about":[{"href":"https:\/\/fjala.info\/2009-2015\/wp-json\/wp\/v2\/types\/post"}],"author":[{"embeddable":true,"href":"https:\/\/fjala.info\/2009-2015\/wp-json\/wp\/v2\/users\/1"}],"replies":[{"embeddable":true,"href":"https:\/\/fjala.info\/2009-2015\/wp-json\/wp\/v2\/comments?post=5426"}],"version-history":[{"count":0,"href":"https:\/\/fjala.info\/2009-2015\/wp-json\/wp\/v2\/posts\/5426\/revisions"}],"wp:attachment":[{"href":"https:\/\/fjala.info\/2009-2015\/wp-json\/wp\/v2\/media?parent=5426"}],"wp:term":[{"taxonomy":"category","embeddable":true,"href":"https:\/\/fjala.info\/2009-2015\/wp-json\/wp\/v2\/categories?post=5426"},{"taxonomy":"post_tag","embeddable":true,"href":"https:\/\/fjala.info\/2009-2015\/wp-json\/wp\/v2\/tags?post=5426"}],"curies":[{"name":"wp","href":"https:\/\/api.w.org\/{rel}","templated":true}]}}