{"id":5422,"date":"2010-12-29T08:25:48","date_gmt":"2010-12-29T07:25:48","guid":{"rendered":"http:\/\/fjala.shkoder.net\/?p=5422"},"modified":"2010-12-29T08:25:48","modified_gmt":"2010-12-29T07:25:48","slug":"po-bllokqente-a-kane-ndonje-faj","status":"publish","type":"post","link":"https:\/\/fjala.info\/2009-2015\/po-bllokqente-a-kane-ndonje-faj\/","title":{"rendered":"\u2026po bllokqent\u00eb a kan\u00eb ndonj\u00eb faj"},"content":{"rendered":"<p><img loading=\"lazy\" decoding=\"async\" class=\"alignright size-full wp-image-5424\" title=\"berisha_bllokqen\" src=\"http:\/\/fjala.shkoder.net\/wp-content\/uploads\/2010\/12\/berisha_bllokqen.jpg\" alt=\"\" width=\"300\" height=\"180\" \/><br \/>\nNga <strong>Ki\u00e7o Blushi<\/strong><\/p>\n<p>N\u00eb k\u00ebto 20 vjet n\u00eb demokraci nuk kan\u00eb l\u00ebn\u00eb kusur pa b\u00ebr\u00eb kund\u00ebr funksionimit normal t\u00eb demokracis\u00eb ish bllokqent\u00eb, k\u00ebta dumbabist\u00eb profesionist\u00eb t\u00eb Bllokut q\u00eb dijn\u00eb t\u00eb m\u00ebkojn\u00eb me lavdi t\u00eb paq\u00ebn\u00eb dhe urrejtje t\u00eb nd\u00ebrsjll\u00eb jo vet\u00ebm diktator\u00ebt, po edhe pasuesit autokrat\u00eb t\u00eb tranzicionit. Sistemet kan\u00eb nd\u00ebrruar, nd\u00ebrsa ndikimi i zyrtar\u00ebve bllokqen\u00eb \u00ebsht\u00eb forcuar. Zor se ka mbetur ndonj\u00eb ish komunist fanatik, i tjet\u00ebrsuar n\u00eb demokrat pa b\u00ebr\u00eb karrier\u00eb n\u00eb nivelet m\u00eb t\u00eb larta\u2026Sot bllokqent\u00eb quhen k\u00ebshilltar\u00eb, militan\u00eb, q\u00ebndrestar\u00eb, analist\u00eb, etj, por funksioni i tyre ka mbetur po ai: t\u00eb mbjellin urrejtje, p\u00ebr\u00e7arje, grindje, rr\u00ebnim, p\u00ebrmbytje, vjedhje, sherre\u2026\u201dRroft\u00eb mbreti, posht\u00eb mbreti!\u201d<\/p>\n<p>Kjo formul\u00eb e lasht\u00eb e kameleon\u00ebve, p\u00ebrndryshe e bllokqen\u00ebve, u ka dh\u00ebn\u00eb atyre kulmin e fuqis\u00eb, suksesit, pasuris\u00eb, yrryshit e tahmas\u00eb mediatike. Ashtu si osman\u00ebt shp\u00ebrblyen me prona e tituj t\u00eb konvertuarit dhe mercenar\u00ebt, ashtu vler\u00ebsohen edhe sot ata zyrtar\u00eb q\u00eb gjynahet e vjetra i lan\u00eb n\u00eb sahan\u00eb t\u00eb rinj p\u00ebr t\u00eb kryer konvertim-pag\u00ebzimin \u201cn\u00eb em\u00ebr t\u00eb liri-demokracis\u00eb\u201d, ashtu si dje \u201cn\u00eb em\u00ebr t\u00eb diktatur\u00ebs s\u00eb proletarjatit\u201d. Nj\u00eb bllokqen i rinovuar \u00ebsht\u00eb m\u00eb i rreziksjell\u00ebs e m\u00eb i pap\u00ebrballuesh\u00ebm se nj\u00eb skllav i \u00e7liruar, pasi nj\u00eb ish i burgosur i g\u00ebzohet liris\u00eb, shikon p\u00ebrpara, nd\u00ebrsa nj\u00eb ish bllokqen k\u00ebrkon t\u00eb jap\u00eb prova, n\u00ebp\u00ebrmjet balt\u00ebs, pse jo edhe krimeve, se do t\u00eb jet\u00eb akoma m\u00eb besnik e m\u00eb fanatik ndaj padronit t\u00eb ri. Bllokqent\u00eb e konvertuar nuk shkaktojn\u00eb vet\u00ebm ndotje verbale, por morale. Jan\u00eb k\u00ebta q\u00eb e b\u00ebjn\u00eb perspektiv\u00ebn t\u00eb err\u00ebt, pasi vet\u00ebm k\u00ebshtu mund t\u00eb mbijetojn\u00eb gjat\u00eb.<\/p>\n<p>Duket sikur koha e bllokmen\u00ebve ka vdekur. Por jo, ajo \u00ebsht\u00eb tjet\u00ebrsuar. Blloku ka nd\u00ebrruar form\u00eb, ka nd\u00ebrruar vend, ka nd\u00ebrruar emrat dhe sjelljen; ka nd\u00ebrruar ngjyr\u00eb dhe form\u00eb, por jo p\u00ebrmbajtjen. Karroca \u00ebsht\u00eb po ajo, p\u00ebrs\u00ebri ec\u00ebn n\u00ebp\u00ebr gropa, buz\u00eb gremin\u00ebs, pavar\u00ebsisht nga nd\u00ebrrimi i kuajve.Tash bllokqen\u00ebria \u00ebsht\u00eb pluraliste, \u201cdemokratike\u201d, veprimtari e lir\u00eb n\u00eb nj\u00eb treg t\u00eb lir\u00eb ku qent\u00eb q\u00eb lehin e kafshojn\u00eb m\u00eb shum\u00eb shp\u00ebrblehen me prona, poste e pasuri. N\u00eb \u00e7do parti ata q\u00eb i l\u00ebpihen kryetarit e b\u00ebhen kamikaz\u00eb jan\u00eb m\u00eb t\u00eb preferuarit. Gjuha e bllokqen\u00ebve \u00ebsht\u00eb gjuh\u00eb zyrtare, gjuh\u00eb standarte: lehje, sharrje, shpifje, urrejtje, mosmarr\u00ebveshje. Nd\u00ebrsa Blloku b\u00ebnte zap partin\u00eb dhe popullin n\u00ebp\u00ebrmjet bllokqenve, sot kryetar\u00ebt e partis\u00eb-shtet t\u00eb nj\u00ebjt\u00ebn gj\u00eb e realizojn\u00eb leht\u00ebsisht me ndihm\u00ebn e partiqenve t\u00eb kudondodhur. K\u00ebta na mbajn\u00eb peng, k\u00ebta na len\u00eb n\u00eb ng\u00ebr\u00e7, k\u00ebta e vdjerin shpres\u00ebn dhe besimin, pavar\u00ebsisht nga sistemet dhe emrat e kryetar\u00ebve. Korrupsionin e mbjellin dhe e firmosin ata q\u00eb vjeljet t\u2019i b\u00ebj\u00eb Familja pa v\u00ebn\u00eb kurrkund \u201cfirm\u00eb\u201d&#8230;<\/p>\n<p>N\u00eb se do t\u00eb b\u00ebsh prokopi sot duhet t\u00eb z\u00ebvend\u00ebsosh fjal\u00ebn pragmatiz\u00ebm me: bllokqen\u00ebri, marr\u00ebveshje me mosmarr\u00ebveshje, mir\u00ebkuptim me sherr dhe grindje\u2026Kjo mend\u00ebsi q\u00eb \u00ebsht\u00eb b\u00ebr\u00eb sunduese e drejtuese ka rr\u00ebnuar shoq\u00ebrin\u00eb shqiptare, m\u00eb keq se p\u00ebrmbytjet e Shkodr\u00ebs, pasi m\u00ebnyra e vetme qeveris\u00ebse \u00ebsht\u00eb: si e si t\u00eb drejtosh bllokqen\u00ebrisht. \u201cKy popull k\u00ebshtu e do, t\u2019i b\u00ebsh\u2026q\u00eb t\u00eb t\u00eb thot\u00eb bab\u00eb!\u201d\u2026.Pushtetin sot e kan\u00eb n\u00eb duar administrator\u00ebt pa din e pa iman, pa turp, pa frik\u00eb nga Fjala, nga nd\u00ebshkimi, ca m\u00eb pak p\u00ebrgjegj\u00ebsia. T\u00eb sillesh bllokqen\u00ebrisht do t\u00eb thot\u00eb t\u00eb b\u00ebsh politik\u00eb, je burr\u00eb i zoti kur i shtyp kok\u00ebn t\u00eb dob\u00ebtit, kur posht\u00ebron kund\u00ebrshtarin, kur rr\u00ebmben at\u00eb q\u00eb nuk t\u00eb takon, kur nuk vesh\u00eb, sy, tru e moral, sepse t\u00eb gjitha k\u00ebto shqisa dhe t\u00eb drejta i ka vet\u00ebm Ai, shefi i madh. Ky \u00ebsht\u00eb modeli q\u00eb ka krijuar Berisha dhe jo vet\u00ebm.<\/p>\n<p>Mjaftojn\u00eb diskutimet n\u00eb Kuvend, mbledhjet e qeveris\u00eb, sherret n\u00ebp\u00ebr k\u00ebshillat bashkiake, reagimet e pista t\u00eb anonim\u00ebve n\u00eb internet, debatet televizive, fjal\u00ebrimet e z\u00ebdh\u00ebn\u00ebsve, etj, p\u00ebr t\u00eb kuptuar se sa shum\u00eb \u00ebsht\u00eb p\u00ebrhapur kjo epidemi bllokqen\u00ebrore nd\u00ebr ne\u2026Adhurimi i nj\u00eb bllokqeni t\u00eb djesh\u00ebm p\u00ebr Enverin \u00ebsht\u00eb i nj\u00ebjt\u00eb me adhurimin e sot\u00ebm pa kushte p\u00ebr Saliun,- dukuria gjithsesi jo vet\u00ebm n\u00eb planin psikologjik mbetet e nj\u00ebjt\u00eb: qeni i Bllokut dhe qeni i partis\u00eb kurr\u00eb nuk e kafshon t\u00eb zotin sa koh\u00eb ky \u00ebsht\u00eb n\u00eb pushtet, por ama po ra nga kali, edhe kali do t\u00eb pushkatohet, si n\u00eb diktatur\u00eb kali i gjeneral Dumes. Ata q\u00eb dje e shihnin n\u00eb goj\u00eb me adhurim Nanon, sot t\u00eb nj\u00ebjt\u00ebn gj\u00eb b\u00ebjn\u00eb me Berish\u00ebn e nes\u00ebr po k\u00ebshtu do t\u00eb sillen me at\u00eb q\u00eb do t\u00eb zer\u00eb vendin e tyre. Prandaj edhe n\u00eb folklorin e nes\u00ebrm rrezik t\u2019u k\u00ebndohet f\u00ebmij\u00ebve k\u00ebnga \u2018u rritsh e m\u2019u b\u00ebfsh nj\u00eb bllokqen, o bir!\u2019 Se, \u00e7\u2019ndryshim ka, tekefundit, nj\u00eb bllokqen nga nj\u00eb partiqen?<\/p>\n<p>T\u00eb jesh sot nj\u00eb partiqen, do t\u00eb thot\u00eb t\u00eb jesh i suksessh\u00ebm, VIP, i pasur, i pushtetsh\u00ebm, i papreksh\u00ebm, \u201cme ne\u201d, \u201cnj\u00eb nga ne\u201d\u2026Sot nuk b\u00ebn dot karrier\u00eb n\u00eb asnj\u00eb parti, nuk pun\u00ebsohesh n\u00eb qeveri, n\u00ebp\u00ebr Bashkira e institucione \u201ct\u00eb pavarura\u201d, nuk b\u00ebhesh as deputet, aq m\u00eb pak minist\u00ebr, gjykat\u00ebs i lart\u00eb dhe as akademik, nuk merr tendera e tituj, as pension special pa dh\u00ebn\u00eb prova publike se je shnd\u00ebrruar n\u00eb nj\u00eb leh\u00ebs besnik, pra, n\u00ebse nuk b\u00ebn gam-gam e ham-ham n\u00ebp\u00ebr media n\u00eb mbrojtje t\u00eb kryetarit t\u00eb Familjes. K\u00ebsisoj a nuk jan\u00eb futur partit\u00eb n\u00eb Bllok? A nuk kan\u00eb partit\u00eb e m\u00ebdha nj\u00eb Sulo Gradec? A nuk ndikojn\u00eb n\u00eb em\u00ebrim-shkarkimet e administrat\u00ebs grat\u00eb e udh\u00ebheq\u00ebsve bashk\u00eb me f\u00ebmij\u00ebt e tyre nj\u00eblloj si ata t\u00eb ish Bllokut? E pra, \u00e7\u2019ndryshim ka nj\u00eb bllokqen i djesh\u00ebm nga nj\u00eb Lepur i sot\u00ebm, dmth nga nj\u00eb partiqen? Ja p\u00ebrse profesioni i bllokqenit sot p\u00ebr sot, nj\u00eblloj si ai i mercenarit dje, n\u00eb koh\u00ebn e Dumbab\u00ebs, \u00ebsht\u00eb m\u00eb i paguari, m\u00eb i kushtueshmi, m\u00eb i lakmuari!<\/p>\n<p>Koha e bllokqen\u00ebve nuk paska ikur! Nj\u00eb mal\u00ebsor i men\u00e7ur ka th\u00ebn\u00eb: \u201cN\u00eb diktatur\u00eb na shtin\u00eb lepurin n\u00eb bark, n\u00eb demokraci na hoq\u00ebn lepurin, po na shtin\u00eb qenin\u201d. Ja p\u00ebrse me hijet e bllokmen\u00ebve t\u00eb djesh\u00ebm, si n\u00eb nj\u00eb loj\u00eb me fantazma, vazhdojn\u00eb t\u00eb luajn\u00eb politikisht krer\u00ebt e sot\u00ebm p\u00ebr t\u2019u shtirur kund\u00ebr, kinse demokrat\u00eb t\u00eb thekur, antikomunist\u00eb t\u00eb t\u00ebrbuar, t\u00eb papajtuesh\u00ebm me diktatur\u00ebn. Nga kjo k\u00ebrleshje me maska, lehje e shpifsharje n\u00ebp\u00ebr ekrane, ku t\u00eb gjith\u00eb dalin t\u00eb ndotur dhe kurrkush nuk ka faj, bllokqen\u00ebt besojn\u00eb e kujtojn\u00eb se do t\u00eb dalin nes\u00ebr m\u00eb t\u00eb lar\u00eb, m\u00eb t\u00eb ndritur, pse jo edhe m\u00eb t\u00eb pasur\u2026<\/p>\n<p>Duke n\u00ebmur \u201carmiqt\u00eb e kryetarit\u201d, ish bllokqen\u00ebt jo vet\u00ebm q\u00eb k\u00ebnaqin instiktin e skllavit t\u00eb djesh\u00ebm, t\u00eb denatyruar, por trimat pas beteje besojn\u00eb se k\u00ebsisoj do t\u00eb fitojn\u00eb kart\u00ebn e besimit e t\u00eb ndershm\u00ebris\u00eb, at\u00eb kart\u00eb q\u00eb e b\u00ebn nj\u00eb rezilzi t\u00eb pajiset me pushtet, me post, me merita, me para, me prona dhe, natyrisht, me lavdi. Historikisht mercenar\u00ebt, ose, th\u00ebn\u00eb ndryshe, me gjuh\u00ebn e koh\u00ebs, bllokqent\u00eb e politik\u00ebs jan\u00eb ata q\u00eb i kan\u00eb b\u00ebr\u00eb grop\u00ebn t\u00eb ardhmes dhe prosperitetit ton\u00eb nd\u00ebr shekuj p\u00ebr interesa vetiake, p\u00ebr p\u00ebrfitime t\u00eb pamerituara; sa her\u00eb kombi ka q\u00ebn\u00eb n\u00eb zgrip t\u00eb nj\u00eb halli, ata jan\u00eb b\u00ebr\u00eb edhe m\u00eb t\u00eb pasur, edhe m\u00eb t\u00eb fuqish\u00ebm. Administrata jon\u00eb tradicionalisht nuk ka pas q\u00ebn\u00eb kurr\u00eb as civile, as profesioniste, as komb\u00ebtare, por mercenare.<\/p>\n<p>N\u00eb t\u00eb gjitha sistemet partit\u00eb e kan\u00eb rr\u00ebmbushur administrat\u00ebn me partiqen\u00ebr \u201cbesnik\u00eb\u201d q\u00eb b\u00ebjn\u00eb k\u00ebrdi mbi interesat dhe pasurit\u00eb publike p\u00ebr t\u00eb ikur, pas beteje, \u201cn\u00eb drejtim t\u00eb paditur\u201d duke tradhtuar edhe vendin, edhe edhe t\u00eb zon\u00eb\u2026Ne mbet\u00ebm m\u00eb t\u00eb fundit n\u00eb rreshtimin e BE-s\u00eb p\u00ebr shkak t\u00eb politik\u00ebs s\u00eb partiqen\u00ebrve t\u00eb transformuar suksesivisht n\u00eb bllokmen\u00eb t\u00eb rinj. K\u00ebt\u00eb, besoj, e kupton edhe nj\u00eb sylesh. Ja p\u00ebrse Kuvendi, parlamentarizmi, demokracia, Drejt\u00ebsia, pluralizmi, partit\u00eb, mjedisi, pesha e Fjal\u00ebs, si dhe morali shoq\u00ebror q\u00eb p\u00ebrcakton \u00e7\u2019\u00ebsht\u00eb e mir\u00eb e \u00e7\u2019\u00ebsht\u00eb e keqe, kan\u00eb rr\u00ebshqitur teposht\u00eb: se kan\u00eb r\u00ebn\u00eb n\u00eb duart e n\u00eb goj\u00ebn e bllokqen\u00ebrve transvestit\u00eb!<\/p>\n<p>Blloku si territor tash \u00ebsht\u00eb b\u00ebr\u00eb vendi i qejfit ku rinia shijon pijet e shtrenjta, seksin, muzik\u00ebn amerikane, limontin\u00eb, \u201ckodrat pas bregut\u201d\u2026Por nj\u00eb gj\u00eb ka mbetur, mesa duket, e pandryshuar: qeverisja dhe administrimi i pun\u00ebve publike n\u00ebp\u00ebrmjet bllokqen\u00ebve. Deri dje k\u00ebta rrinin n\u00eb hije, v\u00ebrdalloseshin n\u00ebp\u00ebr salete rezidencash qeveritare, aty l\u00ebpiheshin, shk\u00ebrb\u00ebheshin moralisht, shkruanin fjalimet e bllokmen\u00ebve, ishin m\u00eb shum\u00eb se k\u00ebshilltar\u00eb, b\u00ebheshin \u201ct\u00eb sht\u00ebpis\u00eb\u201d, t\u00eb domosdosh\u00ebm, t\u00eb pranish\u00ebm, t\u00eb palodhur, t\u00eb p\u00ebrkushtuar, t\u00eb pazevend\u00ebsuesh\u00ebm\u2026<\/p>\n<p>E pask\u00ebsaj zinin ndonj\u00eb pun\u00eb t\u00eb mir\u00eb, mernin apartament 3+1 pa kaluar n\u00eb tortur\u00ebn e lagjes, dilnin jasht\u00eb shtetit, spiunonin nj\u00ebritjetrin, p\u00ebshtynin, villnin e qeshnin e qanin si ta lypte humori i \u00e7astit i bllokmenit. Kurse sot marin pushtet t\u00eb pakufizuar e t\u00eb pakontrolluar, prona, tendera, fuqi dhe fam\u00eb. Sot Blloku ka nd\u00ebrruar em\u00ebr, quhet Familje. Bllokqent\u00eb e sot\u00ebm nuk ngurojn\u00eb t\u00eb ven\u00eb n\u00ebn hyqmin e Familjes kombin, shtetin, pushtetet, partin\u00eb, Gjyq\u00ebsorin\u2026P\u00ebr hir t\u00eb k\u00ebtij \u201cfunksioni\u201d dumbabist\u00ebt jan\u00eb t\u00eb gatsh\u00ebm t\u00eb pshurrin edhe n\u00eb pjat\u00ebn e armikut t\u00eb kllas\u00ebs, mjaft q\u00eb t\u2019i hyjn\u00eb n\u00eb zem\u00ebr \u201ckomandatit\u201d, gruas e f\u00ebmij\u00ebve t\u00eb tij\u2026<\/p>\n<p>Ai q\u00eb kap\u00ebrxen pragun e Bllok-Familjes \u00ebsht\u00eb m\u00eb fatlumi; kush del n\u00eb fotografi me nj\u00eb kapo t\u00eb Familjes, nj\u00eblloj si dje, e mban at\u00eb n\u00eb portofol, e vendos n\u00eb zyr\u00eb, n\u00eb ball\u00eb t\u00eb sht\u00ebpis\u00eb, p\u00ebr t\u00eb provuar se ai,- m\u00eb n\u00eb fund!- ka arritur stadin m\u00eb t\u00eb lart\u00eb e m\u00eb t\u00eb nderuar t\u00eb shoq\u00ebris\u00eb: \u00ebsht\u00eb graduar bllokqen, dmth nj\u00eb nga m\u00eb t\u00eb besuarit e Familje-partis\u00eb. Nj\u00eb foto me udh\u00ebheq\u00ebsin t\u00eb b\u00ebn m\u00eb t\u00eb sigurt\u00eb, m\u00eb t\u00eb privilegjuar e m\u00eb t\u00eb mbrojtur se nj\u00eb sekretar partie i nd\u00ebrmarrjes, i periferis\u00eb a i provinc\u00ebs. A nuk ndodh edhe sot po k\u00ebshtu? Kush ka nj\u00eb foto me Berish\u00ebn, le t\u00eb b\u00ebj\u00eb nj\u00eb prov\u00eb: n\u00ebse e ndalon polici i trafikut p\u00ebr kund\u00ebrvajtje, n\u00eb vend t\u00eb patent\u00ebs, le t\u2019i tregoj\u00eb foton me Berish\u00ebn q\u00eb t\u00eb shoh\u00eb si do ta nderoj\u00eb polici i gjor\u00eb.<\/p>\n<p>T\u00eb izoluar, bllokmen\u00ebt drejtonin vendin duke u ushqyer me thashethemet dhe informatat e bllokqen\u00ebve, t\u00eb cil\u00ebt, p\u00ebrve\u00e7 sh\u00ebrbimeve t\u00eb tjera, e bindnin udh\u00ebheqjen, se populli n\u00eb drejtimin e tyre ishte m\u00eb i lumturi n\u00eb bot\u00eb, se jetonte sam\u00ebska mir\u00eb, se dashuria p\u00ebr ta ishte e pamat\u00eb, e zjarrt\u00eb, \u201csa malet\u201d\u2026Edhe sot nuk jan\u00eb sondazhet, statistikat, shifrat ekonomike, p\u00ebrqindja e rritjes ekonomike, niveli i pagave e pensioneve, i spitaleve e shkollave, etj. ato q\u00eb masin standardin e jetes\u00ebs, po jan\u00eb lajlelulet e gatitura n\u00eb \u201ckuzhin\u00ebn\u201d e propogand\u00ebs s\u00eb k\u00ebshilltar\u00ebve bllokqen\u00eb. Po ta shikosh me k\u00ebt\u00eb sy funksionin e bllokqen\u00ebve e kupton se Blloku dhe bllokmen\u00ebt nuk do t\u00eb kishin sunduar aq gjat\u00eb e nuk do t\u00eb kishin pas b\u00ebr\u00eb gjith\u00eb ato prap\u00ebsi e paudh\u00ebsi pa ndihm\u00ebn e k\u00ebshilltar\u00ebve-bllokqen\u00ebr. Themeli mbi t\u00eb cilin ngrihej Blloku, n\u00eb t\u00eb v\u00ebrtet\u00eb ishin bllokqent\u00eb, ashtu si themeli i partive sot jan\u00eb partiqent\u00eb\u2026<\/p>\n<p>Pa bllokqen\u00ebr asnj\u00eb lloj Blloku nuk do t\u00eb mbetej m\u00eb k\u00ebmb\u00eb, pasi do t\u00eb shk\u00ebrmoqej m\u00eb leht\u00eb edhe se nj\u00eb \u201ctig\u00ebr\u201d prej r\u00ebre\u2026Prandaj \u00ebsht\u00eb gabim i pafalsh\u00ebm, -ndoshta p\u00ebr k\u00ebt\u00eb arsye demokracin\u00eb e quajm\u00eb \u201ct\u00eb brisht\u00eb\u201d,- q\u00eb nuk u zbuluan, nuk u identifikuan, nuk u m\u00ebnjanuan e nuk u nd\u00ebshkuan t\u00eb pakt\u00ebn moralisht bllokqent\u00eb e djesh\u00ebm, q\u00eb k\u00ebshtu t\u2019u pritej rruga e suksesit dhe e aksesit partiqen\u00ebrve t\u00eb sot\u00ebm rr\u00ebnimtar\u00eb. Nj\u00eb demokraci nuk mund t\u00eb funksionoj\u00eb normalisht e t\u00eb marr\u00eb frym\u00eb lirisht sa koh\u00eb ajo nuk \u00ebsht\u00eb \u00e7liruar jo vet\u00ebm nga bllokmen\u00ebt, por edhe nga hordhia e bllokqen\u00ebrve!<\/p>\n","protected":false},"excerpt":{"rendered":"<p>Nga Ki\u00e7o Blushi N\u00eb k\u00ebto 20 vjet n\u00eb demokraci nuk kan\u00eb l\u00ebn\u00eb kusur pa b\u00ebr\u00eb kund\u00ebr funksionimit normal t\u00eb demokracis\u00eb ish bllokqent\u00eb, k\u00ebta dumbabist\u00eb profesionist\u00eb t\u00eb Bllokut q\u00eb dijn\u00eb t\u00eb m\u00ebkojn\u00eb me lavdi t\u00eb paq\u00ebn\u00eb dhe urrejtje t\u00eb nd\u00ebrsjll\u00eb jo vet\u00ebm diktator\u00ebt, po edhe pasuesit autokrat\u00eb t\u00eb tranzicionit. Sistemet kan\u00eb nd\u00ebrruar, nd\u00ebrsa ndikimi i zyrtar\u00ebve [&hellip;]<\/p>\n","protected":false},"author":1,"featured_media":0,"comment_status":"open","ping_status":"closed","sticky":false,"template":"","format":"standard","meta":{"footnotes":""},"categories":[2],"tags":[],"class_list":{"0":"post-5422","1":"post","2":"type-post","3":"status-publish","4":"format-standard","6":"category-artikuj"},"yoast_head":"<!-- This site is optimized with the Yoast SEO plugin v27.4 - https:\/\/yoast.com\/product\/yoast-seo-wordpress\/ -->\n<title>\u2026po bllokqent\u00eb a kan\u00eb ndonj\u00eb faj - FjALA e LIR\u00cb - Arkivi<\/title>\n<meta name=\"robots\" content=\"index, follow, max-snippet:-1, max-image-preview:large, max-video-preview:-1\" \/>\n<link rel=\"canonical\" href=\"https:\/\/fjala.info\/2009-2015\/po-bllokqente-a-kane-ndonje-faj\/\" \/>\n<meta property=\"og:locale\" content=\"sq_AL\" \/>\n<meta property=\"og:type\" content=\"article\" \/>\n<meta property=\"og:title\" content=\"\u2026po bllokqent\u00eb a kan\u00eb ndonj\u00eb faj - FjALA e LIR\u00cb - Arkivi\" \/>\n<meta property=\"og:description\" content=\"Nga Ki\u00e7o Blushi N\u00eb k\u00ebto 20 vjet n\u00eb demokraci nuk kan\u00eb l\u00ebn\u00eb kusur pa b\u00ebr\u00eb kund\u00ebr funksionimit normal t\u00eb demokracis\u00eb ish bllokqent\u00eb, k\u00ebta dumbabist\u00eb profesionist\u00eb t\u00eb Bllokut q\u00eb dijn\u00eb t\u00eb m\u00ebkojn\u00eb me lavdi t\u00eb paq\u00ebn\u00eb dhe urrejtje t\u00eb nd\u00ebrsjll\u00eb jo vet\u00ebm diktator\u00ebt, po edhe pasuesit autokrat\u00eb t\u00eb tranzicionit. Sistemet kan\u00eb nd\u00ebrruar, nd\u00ebrsa ndikimi i zyrtar\u00ebve [&hellip;]\" \/>\n<meta property=\"og:url\" content=\"https:\/\/fjala.info\/2009-2015\/po-bllokqente-a-kane-ndonje-faj\/\" \/>\n<meta property=\"og:site_name\" content=\"FjALA e LIR\u00cb - Arkivi\" \/>\n<meta property=\"article:published_time\" content=\"2010-12-29T07:25:48+00:00\" \/>\n<meta property=\"og:image\" content=\"http:\/\/fjala.shkoder.net\/wp-content\/uploads\/2010\/12\/berisha_bllokqen.jpg\" \/>\n<meta name=\"author\" content=\"admin\" \/>\n<meta name=\"twitter:card\" content=\"summary_large_image\" \/>\n<meta name=\"twitter:label1\" content=\"Written by\" \/>\n\t<meta name=\"twitter:data1\" content=\"admin\" \/>\n\t<meta name=\"twitter:label2\" content=\"Est. reading time\" \/>\n\t<meta name=\"twitter:data2\" content=\"11 minutes\" \/>\n<script type=\"application\/ld+json\" class=\"yoast-schema-graph\">{\"@context\":\"https:\\\/\\\/schema.org\",\"@graph\":[{\"@type\":\"Article\",\"@id\":\"https:\\\/\\\/fjala.info\\\/2009-2015\\\/po-bllokqente-a-kane-ndonje-faj\\\/#article\",\"isPartOf\":{\"@id\":\"https:\\\/\\\/fjala.info\\\/2009-2015\\\/po-bllokqente-a-kane-ndonje-faj\\\/\"},\"author\":{\"name\":\"admin\",\"@id\":\"https:\\\/\\\/fjala.info\\\/2009-2015\\\/#\\\/schema\\\/person\\\/3aa1163ef05469c496fc94e77611ada2\"},\"headline\":\"\u2026po bllokqent\u00eb a kan\u00eb ndonj\u00eb faj\",\"datePublished\":\"2010-12-29T07:25:48+00:00\",\"mainEntityOfPage\":{\"@id\":\"https:\\\/\\\/fjala.info\\\/2009-2015\\\/po-bllokqente-a-kane-ndonje-faj\\\/\"},\"wordCount\":2179,\"commentCount\":0,\"publisher\":{\"@id\":\"https:\\\/\\\/fjala.info\\\/2009-2015\\\/#organization\"},\"image\":{\"@id\":\"https:\\\/\\\/fjala.info\\\/2009-2015\\\/po-bllokqente-a-kane-ndonje-faj\\\/#primaryimage\"},\"thumbnailUrl\":\"http:\\\/\\\/fjala.shkoder.net\\\/wp-content\\\/uploads\\\/2010\\\/12\\\/berisha_bllokqen.jpg\",\"articleSection\":[\"Artikuj\"],\"inLanguage\":\"sq-AL\",\"potentialAction\":[{\"@type\":\"CommentAction\",\"name\":\"Comment\",\"target\":[\"https:\\\/\\\/fjala.info\\\/2009-2015\\\/po-bllokqente-a-kane-ndonje-faj\\\/#respond\"]}]},{\"@type\":\"WebPage\",\"@id\":\"https:\\\/\\\/fjala.info\\\/2009-2015\\\/po-bllokqente-a-kane-ndonje-faj\\\/\",\"url\":\"https:\\\/\\\/fjala.info\\\/2009-2015\\\/po-bllokqente-a-kane-ndonje-faj\\\/\",\"name\":\"\u2026po bllokqent\u00eb a kan\u00eb ndonj\u00eb faj - FjALA e LIR\u00cb - Arkivi\",\"isPartOf\":{\"@id\":\"https:\\\/\\\/fjala.info\\\/2009-2015\\\/#website\"},\"primaryImageOfPage\":{\"@id\":\"https:\\\/\\\/fjala.info\\\/2009-2015\\\/po-bllokqente-a-kane-ndonje-faj\\\/#primaryimage\"},\"image\":{\"@id\":\"https:\\\/\\\/fjala.info\\\/2009-2015\\\/po-bllokqente-a-kane-ndonje-faj\\\/#primaryimage\"},\"thumbnailUrl\":\"http:\\\/\\\/fjala.shkoder.net\\\/wp-content\\\/uploads\\\/2010\\\/12\\\/berisha_bllokqen.jpg\",\"datePublished\":\"2010-12-29T07:25:48+00:00\",\"breadcrumb\":{\"@id\":\"https:\\\/\\\/fjala.info\\\/2009-2015\\\/po-bllokqente-a-kane-ndonje-faj\\\/#breadcrumb\"},\"inLanguage\":\"sq-AL\",\"potentialAction\":[{\"@type\":\"ReadAction\",\"target\":[\"https:\\\/\\\/fjala.info\\\/2009-2015\\\/po-bllokqente-a-kane-ndonje-faj\\\/\"]}]},{\"@type\":\"ImageObject\",\"inLanguage\":\"sq-AL\",\"@id\":\"https:\\\/\\\/fjala.info\\\/2009-2015\\\/po-bllokqente-a-kane-ndonje-faj\\\/#primaryimage\",\"url\":\"http:\\\/\\\/fjala.shkoder.net\\\/wp-content\\\/uploads\\\/2010\\\/12\\\/berisha_bllokqen.jpg\",\"contentUrl\":\"http:\\\/\\\/fjala.shkoder.net\\\/wp-content\\\/uploads\\\/2010\\\/12\\\/berisha_bllokqen.jpg\"},{\"@type\":\"BreadcrumbList\",\"@id\":\"https:\\\/\\\/fjala.info\\\/2009-2015\\\/po-bllokqente-a-kane-ndonje-faj\\\/#breadcrumb\",\"itemListElement\":[{\"@type\":\"ListItem\",\"position\":1,\"name\":\"Home\",\"item\":\"https:\\\/\\\/fjala.info\\\/2009-2015\\\/\"},{\"@type\":\"ListItem\",\"position\":2,\"name\":\"\u2026po bllokqent\u00eb a kan\u00eb ndonj\u00eb faj\"}]},{\"@type\":\"WebSite\",\"@id\":\"https:\\\/\\\/fjala.info\\\/2009-2015\\\/#website\",\"url\":\"https:\\\/\\\/fjala.info\\\/2009-2015\\\/\",\"name\":\"FjALA e LIR\u00cb - Arkivi\",\"description\":\"Arkivi 2009-2015\",\"publisher\":{\"@id\":\"https:\\\/\\\/fjala.info\\\/2009-2015\\\/#organization\"},\"potentialAction\":[{\"@type\":\"SearchAction\",\"target\":{\"@type\":\"EntryPoint\",\"urlTemplate\":\"https:\\\/\\\/fjala.info\\\/2009-2015\\\/?s={search_term_string}\"},\"query-input\":{\"@type\":\"PropertyValueSpecification\",\"valueRequired\":true,\"valueName\":\"search_term_string\"}}],\"inLanguage\":\"sq-AL\"},{\"@type\":\"Organization\",\"@id\":\"https:\\\/\\\/fjala.info\\\/2009-2015\\\/#organization\",\"name\":\"FjALA e LIR\u00cb - Arkivi\",\"url\":\"https:\\\/\\\/fjala.info\\\/2009-2015\\\/\",\"logo\":{\"@type\":\"ImageObject\",\"inLanguage\":\"sq-AL\",\"@id\":\"https:\\\/\\\/fjala.info\\\/2009-2015\\\/#\\\/schema\\\/logo\\\/image\\\/\",\"url\":\"\",\"contentUrl\":\"\",\"caption\":\"FjALA e LIR\u00cb - Arkivi\"},\"image\":{\"@id\":\"https:\\\/\\\/fjala.info\\\/2009-2015\\\/#\\\/schema\\\/logo\\\/image\\\/\"}},{\"@type\":\"Person\",\"@id\":\"https:\\\/\\\/fjala.info\\\/2009-2015\\\/#\\\/schema\\\/person\\\/3aa1163ef05469c496fc94e77611ada2\",\"name\":\"admin\",\"image\":{\"@type\":\"ImageObject\",\"inLanguage\":\"sq-AL\",\"@id\":\"https:\\\/\\\/fjala.info\\\/2009-2015\\\/wp-content\\\/uploads\\\/2012\\\/02\\\/arben_cokaj-120x150.jpg\",\"url\":\"https:\\\/\\\/fjala.info\\\/2009-2015\\\/wp-content\\\/uploads\\\/2012\\\/02\\\/arben_cokaj-120x150.jpg\",\"contentUrl\":\"https:\\\/\\\/fjala.info\\\/2009-2015\\\/wp-content\\\/uploads\\\/2012\\\/02\\\/arben_cokaj-120x150.jpg\",\"caption\":\"admin\"},\"description\":\"Admin, Fjala e Lir\u00eb\",\"sameAs\":[\"https:\\\/\\\/fjala.info\\\/\"],\"url\":\"https:\\\/\\\/fjala.info\\\/2009-2015\\\/author\\\/admin\\\/\"}]}<\/script>\n<!-- \/ Yoast SEO plugin. -->","yoast_head_json":{"title":"\u2026po bllokqent\u00eb a kan\u00eb ndonj\u00eb faj - FjALA e LIR\u00cb - Arkivi","robots":{"index":"index","follow":"follow","max-snippet":"max-snippet:-1","max-image-preview":"max-image-preview:large","max-video-preview":"max-video-preview:-1"},"canonical":"https:\/\/fjala.info\/2009-2015\/po-bllokqente-a-kane-ndonje-faj\/","og_locale":"sq_AL","og_type":"article","og_title":"\u2026po bllokqent\u00eb a kan\u00eb ndonj\u00eb faj - FjALA e LIR\u00cb - Arkivi","og_description":"Nga Ki\u00e7o Blushi N\u00eb k\u00ebto 20 vjet n\u00eb demokraci nuk kan\u00eb l\u00ebn\u00eb kusur pa b\u00ebr\u00eb kund\u00ebr funksionimit normal t\u00eb demokracis\u00eb ish bllokqent\u00eb, k\u00ebta dumbabist\u00eb profesionist\u00eb t\u00eb Bllokut q\u00eb dijn\u00eb t\u00eb m\u00ebkojn\u00eb me lavdi t\u00eb paq\u00ebn\u00eb dhe urrejtje t\u00eb nd\u00ebrsjll\u00eb jo vet\u00ebm diktator\u00ebt, po edhe pasuesit autokrat\u00eb t\u00eb tranzicionit. Sistemet kan\u00eb nd\u00ebrruar, nd\u00ebrsa ndikimi i zyrtar\u00ebve [&hellip;]","og_url":"https:\/\/fjala.info\/2009-2015\/po-bllokqente-a-kane-ndonje-faj\/","og_site_name":"FjALA e LIR\u00cb - Arkivi","article_published_time":"2010-12-29T07:25:48+00:00","og_image":[{"url":"http:\/\/fjala.shkoder.net\/wp-content\/uploads\/2010\/12\/berisha_bllokqen.jpg","type":"","width":"","height":""}],"author":"admin","twitter_card":"summary_large_image","twitter_misc":{"Written by":"admin","Est. reading time":"11 minutes"},"schema":{"@context":"https:\/\/schema.org","@graph":[{"@type":"Article","@id":"https:\/\/fjala.info\/2009-2015\/po-bllokqente-a-kane-ndonje-faj\/#article","isPartOf":{"@id":"https:\/\/fjala.info\/2009-2015\/po-bllokqente-a-kane-ndonje-faj\/"},"author":{"name":"admin","@id":"https:\/\/fjala.info\/2009-2015\/#\/schema\/person\/3aa1163ef05469c496fc94e77611ada2"},"headline":"\u2026po bllokqent\u00eb a kan\u00eb ndonj\u00eb faj","datePublished":"2010-12-29T07:25:48+00:00","mainEntityOfPage":{"@id":"https:\/\/fjala.info\/2009-2015\/po-bllokqente-a-kane-ndonje-faj\/"},"wordCount":2179,"commentCount":0,"publisher":{"@id":"https:\/\/fjala.info\/2009-2015\/#organization"},"image":{"@id":"https:\/\/fjala.info\/2009-2015\/po-bllokqente-a-kane-ndonje-faj\/#primaryimage"},"thumbnailUrl":"http:\/\/fjala.shkoder.net\/wp-content\/uploads\/2010\/12\/berisha_bllokqen.jpg","articleSection":["Artikuj"],"inLanguage":"sq-AL","potentialAction":[{"@type":"CommentAction","name":"Comment","target":["https:\/\/fjala.info\/2009-2015\/po-bllokqente-a-kane-ndonje-faj\/#respond"]}]},{"@type":"WebPage","@id":"https:\/\/fjala.info\/2009-2015\/po-bllokqente-a-kane-ndonje-faj\/","url":"https:\/\/fjala.info\/2009-2015\/po-bllokqente-a-kane-ndonje-faj\/","name":"\u2026po bllokqent\u00eb a kan\u00eb ndonj\u00eb faj - FjALA e LIR\u00cb - Arkivi","isPartOf":{"@id":"https:\/\/fjala.info\/2009-2015\/#website"},"primaryImageOfPage":{"@id":"https:\/\/fjala.info\/2009-2015\/po-bllokqente-a-kane-ndonje-faj\/#primaryimage"},"image":{"@id":"https:\/\/fjala.info\/2009-2015\/po-bllokqente-a-kane-ndonje-faj\/#primaryimage"},"thumbnailUrl":"http:\/\/fjala.shkoder.net\/wp-content\/uploads\/2010\/12\/berisha_bllokqen.jpg","datePublished":"2010-12-29T07:25:48+00:00","breadcrumb":{"@id":"https:\/\/fjala.info\/2009-2015\/po-bllokqente-a-kane-ndonje-faj\/#breadcrumb"},"inLanguage":"sq-AL","potentialAction":[{"@type":"ReadAction","target":["https:\/\/fjala.info\/2009-2015\/po-bllokqente-a-kane-ndonje-faj\/"]}]},{"@type":"ImageObject","inLanguage":"sq-AL","@id":"https:\/\/fjala.info\/2009-2015\/po-bllokqente-a-kane-ndonje-faj\/#primaryimage","url":"http:\/\/fjala.shkoder.net\/wp-content\/uploads\/2010\/12\/berisha_bllokqen.jpg","contentUrl":"http:\/\/fjala.shkoder.net\/wp-content\/uploads\/2010\/12\/berisha_bllokqen.jpg"},{"@type":"BreadcrumbList","@id":"https:\/\/fjala.info\/2009-2015\/po-bllokqente-a-kane-ndonje-faj\/#breadcrumb","itemListElement":[{"@type":"ListItem","position":1,"name":"Home","item":"https:\/\/fjala.info\/2009-2015\/"},{"@type":"ListItem","position":2,"name":"\u2026po bllokqent\u00eb a kan\u00eb ndonj\u00eb faj"}]},{"@type":"WebSite","@id":"https:\/\/fjala.info\/2009-2015\/#website","url":"https:\/\/fjala.info\/2009-2015\/","name":"FjALA e LIR\u00cb - Arkivi","description":"Arkivi 2009-2015","publisher":{"@id":"https:\/\/fjala.info\/2009-2015\/#organization"},"potentialAction":[{"@type":"SearchAction","target":{"@type":"EntryPoint","urlTemplate":"https:\/\/fjala.info\/2009-2015\/?s={search_term_string}"},"query-input":{"@type":"PropertyValueSpecification","valueRequired":true,"valueName":"search_term_string"}}],"inLanguage":"sq-AL"},{"@type":"Organization","@id":"https:\/\/fjala.info\/2009-2015\/#organization","name":"FjALA e LIR\u00cb - Arkivi","url":"https:\/\/fjala.info\/2009-2015\/","logo":{"@type":"ImageObject","inLanguage":"sq-AL","@id":"https:\/\/fjala.info\/2009-2015\/#\/schema\/logo\/image\/","url":"","contentUrl":"","caption":"FjALA e LIR\u00cb - Arkivi"},"image":{"@id":"https:\/\/fjala.info\/2009-2015\/#\/schema\/logo\/image\/"}},{"@type":"Person","@id":"https:\/\/fjala.info\/2009-2015\/#\/schema\/person\/3aa1163ef05469c496fc94e77611ada2","name":"admin","image":{"@type":"ImageObject","inLanguage":"sq-AL","@id":"https:\/\/fjala.info\/2009-2015\/wp-content\/uploads\/2012\/02\/arben_cokaj-120x150.jpg","url":"https:\/\/fjala.info\/2009-2015\/wp-content\/uploads\/2012\/02\/arben_cokaj-120x150.jpg","contentUrl":"https:\/\/fjala.info\/2009-2015\/wp-content\/uploads\/2012\/02\/arben_cokaj-120x150.jpg","caption":"admin"},"description":"Admin, Fjala e Lir\u00eb","sameAs":["https:\/\/fjala.info\/"],"url":"https:\/\/fjala.info\/2009-2015\/author\/admin\/"}]}},"_links":{"self":[{"href":"https:\/\/fjala.info\/2009-2015\/wp-json\/wp\/v2\/posts\/5422","targetHints":{"allow":["GET"]}}],"collection":[{"href":"https:\/\/fjala.info\/2009-2015\/wp-json\/wp\/v2\/posts"}],"about":[{"href":"https:\/\/fjala.info\/2009-2015\/wp-json\/wp\/v2\/types\/post"}],"author":[{"embeddable":true,"href":"https:\/\/fjala.info\/2009-2015\/wp-json\/wp\/v2\/users\/1"}],"replies":[{"embeddable":true,"href":"https:\/\/fjala.info\/2009-2015\/wp-json\/wp\/v2\/comments?post=5422"}],"version-history":[{"count":0,"href":"https:\/\/fjala.info\/2009-2015\/wp-json\/wp\/v2\/posts\/5422\/revisions"}],"wp:attachment":[{"href":"https:\/\/fjala.info\/2009-2015\/wp-json\/wp\/v2\/media?parent=5422"}],"wp:term":[{"taxonomy":"category","embeddable":true,"href":"https:\/\/fjala.info\/2009-2015\/wp-json\/wp\/v2\/categories?post=5422"},{"taxonomy":"post_tag","embeddable":true,"href":"https:\/\/fjala.info\/2009-2015\/wp-json\/wp\/v2\/tags?post=5422"}],"curies":[{"name":"wp","href":"https:\/\/api.w.org\/{rel}","templated":true}]}}