{"id":5416,"date":"2013-12-10T15:02:07","date_gmt":"2013-12-10T14:02:07","guid":{"rendered":"http:\/\/fjala.info\/?p=5416"},"modified":"2013-12-10T15:02:07","modified_gmt":"2013-12-10T14:02:07","slug":"caste-me-mikun-imri-trena-me-rastin-e-themelimit-te-kuvendit-te-krijuesve-shqiptare-ne-mergate","status":"publish","type":"post","link":"https:\/\/fjala.info\/2009-2015\/caste-me-mikun-imri-trena-me-rastin-e-themelimit-te-kuvendit-te-krijuesve-shqiptare-ne-mergate\/","title":{"rendered":"\u00c7ASTE ME MIKUN IMRI TRENA ME RASTIN E THEMELIMIT T\u00cb KUVENDIT T\u00cb KRIJUESVE SHQIPTAR\u00cb N\u00cb M\u00cbRGAT\u00cb"},"content":{"rendered":"<p><img decoding=\"async\" class=\"alignleft size-thumbnail wp-image-7236\" title=\"Imri Trena\" alt=\"\" src=\"http:\/\/www.fjala.info\/2013\/imri_trena2.jpg\" width=\"200\" \/> <em>ARTI NA BASHKOJ<\/em><\/p>\n<p>Shkruan: <strong>Shaban Cakolli<\/strong><\/p>\n<p><em>IMRI TRENA<\/em><\/p>\n<p>Me organizimin e takimeve qoft\u00eb kulturore, qoft\u00eb letrare, ndoshta p\u00ebsojm\u00eb nj\u00eb humbje materiale, lodhje, por fitojm\u00eb nj\u00eb pasuri shpirt\u00ebrore. Duke shfletuar shum\u00eb nga librat na ka r\u00ebn\u00eb t\u00eb lexojm\u00eb krijimtari shum\u00eb me vlera, krijimtari t\u00eb mir\u00ebfillta, andaj duke lexuar ato vlera, shpesh sikur e kemi pyetur vet\u00ebn;Kush \u00ebsht\u00eb ky krijues, madje krijimtaria e tyre e pasur na ka shty t\u00eb mendojm\u00eb si duken k\u00ebta krijues,jemi munduar t\u00eb studjojm\u00eb personalitetin e tyre?!!!Megjithat\u00eb na ka rastisur q\u00eb n\u00ebp\u00ebr tubime letrare t\u00eb njihemi me shum\u00eb miq krijues t\u00eb cil\u00ebt i kemi lexuar,por nuk i kemi pa e njohur m\u00eb par\u00eb.<\/p>\n<p>Nuk ka asnj\u00eb dyshim se arti \u00ebsht\u00eb forma m\u00eb e mir\u00eb eq\u00eb i bashkon njer\u00ebzit artdash\u00ebs.Ka dhjet\u00ebra e dhjet\u00ebra vite prej kur e kam lexuar nj\u00eb mik krijues, e kam lexuar n\u00eb publicistik\u00eb,n\u00eb proz\u00eb e poezi, jam shoq\u00ebruar \u00e7do nat\u00eb me z\u00ebrin e tij t\u00eb \u00ebmb\u00ebl e t\u00eb ngroh\u00ebt, pasi administron afro tremb\u00ebdhjet\u00eb vite nj\u00eb radio shqiptare n\u00eb Norvegji, po deri m\u00eb tani nuk kisha pasur rastin t\u00eb shihem me te,t\u00eb i shtr\u00ebngoj duart me te,t\u00eb p\u00ebrqafohemi me te, e ky ishte miku yn\u00eb i \u00e7muar,shkrimtari,poeti,publicisti,m\u00ebsuesi dhe kryeredaktori i Radio &#8220;Z\u00ebrit t\u00eb Arb\u00ebrit&#8221;, zot\u00ebriu Imri Trena.<\/p>\n<p>Sa e sa her\u00eb kisha \u00ebnd\u00ebrruar t\u00eb e takoj, e n\u00eb fund k\u00ebte na e mund\u00ebsoj arti letrar.Asociacioni p\u00ebr themelimin e Lidhjes s\u00eb Krijuesve Shqiptar\u00eb n\u00eb M\u00ebrgat\u00eb,i organizuar n\u00eb Koblenz t\u00eb Gjermanis\u00eb,ishte porta q\u00eb na bashkoj Aty u shpalos\u00ebn, mes tjerash edhe forma e organizimit dhe veprimit t\u00eb krijuesve n\u00eb m\u00ebrgat\u00eb. Fatbardh\u00ebsisht krijuesit tan\u00eb n\u00eb vendet jasht\u00eb atdheut jan\u00eb t\u00eb shumt\u00eb dhe paraqesin vlera prezantuese para t\u00eb tjer\u00ebve krahas kombeve tjera.<\/p>\n<p>K\u00ebtu ne duhet t\u00eb bashkojm\u00eb forcat n\u00eb hulumtime kulturore n\u00eb gjith\u00eb globin q\u00eb ta shpalosim t\u00eb v\u00ebrtet\u00ebn shekullore t\u00eb historis\u00eb e kultur\u00ebs komb\u00ebtare.P\u00ebr k\u00ebt\u00eb q\u00ebllim kishin ardhur an\u00eb e k\u00ebnd krijuesit tan\u00eb q\u00eb ndodh\u00ebn kudo n\u00eb m\u00ebrgat\u00eb:Sadie Kryeziu (GB), Flora Borovina (RKS), Shenida Bilalli (KRO), Adem Dema\u00e7i(RKS), Silva T\u00ebrnava (Zelande e Re), Sev\u00ebme Fetiqi (D), Besim Xhelili (A); : Imri Trena (N), Rita Saliu (SHBA), Selvete T\u00ebrstena \u2013 Halili (D), Gonxhe Letmi &#8211; Begisholli (D), Hazir Mehmeti (A), Dr. Zejnepe Alili \u2013 Rexhepi (Tetov\u00eb), Besnik Camaj (CH) dhe Drita Nikoliqi Binaj (Vojvodin\u00eb),Ragip Rama(D),Valdete Berisha(BGJ),Avni Bellaina,Martin \u00c7uni,Pal Sokoli poashtu nga Gjermania,e t\u00eb tjer\u00eb&#8230;.<\/p>\n<p>Aty takova mikun tim t\u00eb dashur e fisnik z.Imri Trena,k\u00ebt\u00eb njeri me gjene fisnike ,gjene k\u00ebto t\u00eb cilat i kan\u00eb hapur shtigje n\u00eb \u00e7do hap t\u00eb nisur,asnj\u00ebher\u00eb nuk u p\u00ebrul dhe dallg\u00ebt e jet\u00ebs i kaloj me krenari e dinjitet.<br \/>\nT\u00eb q\u00ebndroje me Imri Tren\u00ebn ishte nj\u00ebsoj siukur kur e lexon,njeri i ngroh\u00ebt,i dashur,plot dinjitet me nj\u00eb krenari njer\u00ebzore.Do t\u00eb doja edhe shum\u00eb t\u00eb bisedoja me te,madje nuk do t\u00eb ngopeshim edhe po t\u00eb bisedonim me dit\u00eb t\u00eb t\u00ebra,por agjenda e pun\u00ebs s\u00eb kuvendit ishte e ngjeshur,her\u00eb-her\u00eb ia dilnim t\u00eb bisedonim n\u00eb mes pauzash,n\u00eb takim darke,edhe ate n\u00ebn zhurm\u00ebn e tingujve t\u00eb muzik\u00ebs,pas takimit t\u00eb kuvendit.<\/p>\n<p>Biseduam e rrah\u00ebm shum\u00eb tema kur na u dha mund\u00ebsia,p\u00ebr krijuesit,p\u00ebr rinin\u00eb,p\u00ebr shkollat shqipe n\u00eb m\u00ebrgat\u00eb,p\u00ebr privilegjin q\u00eb na u dha t\u00eb njohim krijuesit,t\u00eb cil\u00ebt nuk i kishim njohur m\u00eb par\u00eb.Ai fliste bukur,\u00ebmb\u00ebl,qet\u00eb,me thjesht\u00ebsi,biseda k\u00ebto t\u00eb cilat m\u00eb lan\u00eb mbresa,t\u00eb cilat do i mbaj\u00eb mend n\u00ebp\u00ebr vitet e mia.Imri Trena \u00ebsht\u00eb njeri i dashur, mik i shqiptar\u00ebve n\u00eb \u00e7do sht\u00ebpi shqiptare,ku z\u00ebri i tij n\u00eb val\u00ebt e radios &#8220;Z\u00ebri i Arb\u00ebrit&#8221; ka p\u00ebrmbushur k\u00ebrkesat e \u00e7do familje shqiptare,k\u00ebshtu kisha menduar me koh\u00eb,edhe kur nuk ishim njohur,k\u00ebshtu e v\u00ebrtetova se kisha vler\u00ebsuar mir\u00eb.Imri Trena \u00ebsht\u00eb edukator i mir\u00eb,ai n\u00eb baza vullnetare ka punuar n\u00eb shkollat shqipe n\u00eb Gjermani dhe ka edukuar gjenerata t\u00eb t\u00ebra t\u00eb f\u00ebmij\u00ebve tan\u00eb m\u00ebrgimtar\u00eb. Imri Trena p\u00ebrfaqson edhe LSH n\u00eb Norvegji, ai na njoftoj edhe p\u00ebr aktivitetet e LSH atje.<\/p>\n<p>D\u00ebshira ime \u00ebsht\u00eb t\u00eb arrijm\u00eb q\u00ebllimet tona sa i p\u00ebrket krijimtaris\u00eb e cila na ka lidhur t\u00eb jemi sot k\u00ebtu,thot\u00eb miku Trena.Shembuj t\u00eb organizimeve tjera t\u00eb mir\u00ebfillta t\u00eb krijimtaris\u00eb n\u00eb Norvegji kemi si nga komuniteti pakistanez,indian,kroat e shum\u00eb komunitete tjera.Edhe ne shqiptar\u00ebt duhet t\u00eb z\u00ebm\u00eb k\u00ebt\u00eb hap,krijimtaria jon\u00eb duhet t\u00eb i sh\u00ebrbej kombit,t\u00eb jet\u00eb e mir\u00ebfillt\u00eb,t\u00eb st\u00ebrvisim n\u00eb k\u00ebto fusha rinin\u00eb ton\u00eb t\u00eb m\u00ebrguar,ky do t\u00eb ishte q\u00ebllimi fisnik i shp\u00ebtimit t\u00eb rinis\u00eb son\u00eb,i freskimit t\u00eb kryesive tona me njer\u00ebz t\u00eb rinj\u00eb,t\u00eb u rrijm\u00eb pran\u00eb, t\u00eb ju prijm\u00eb atyre ku paraqitet nevoja,t\u00eb st\u00ebrviten ata,t\u00eb fitojn\u00eb eksperienc\u00eb dhe k\u00ebt\u00eb eksperienc\u00eb dikur t\u00eb e bartin n\u00eb vendlindjet e tyre.<\/p>\n<p>Kisha dashur q\u00eb nga ky kuvend t\u00eb dalim me rezultate konkrete q\u00ebllimet i kemi t\u00eb qarta, e dijm\u00eb p\u00ebr se jemi deleguar nga baza,na pritin vlugje pun\u00ebsh, kemi k\u00ebtu veprimtarin e kombit bac\u00ebn Adem Dema\u00e7in,zonj\u00ebn shum\u00eb t\u00eb nderuar Flora Brovin\u00ebn dhe mendimet e tyre jan\u00eb udh\u00ebrr\u00ebfyese p\u00ebr neve dhe shum\u00eb t\u00eb mir\u00ebpritura,thot\u00eb miku yn\u00eb Imri Trena. Miku yn\u00eb Trena foli edhe p\u00ebr LSHAKSH n\u00eb Gjermani,si\u00e7 tha se ata kan\u00eb d\u00ebshmuar se kan\u00eb p\u00ebrvoj\u00eb,kan\u00eb radhitur suksese,prandaj konsideroj t\u00eb udh\u00ebs q\u00eb k\u00ebsaj radhe t\u00eb shkojm\u00eb pas tyre,sepse secilit nga ne do t\u00eb na vjen radha t\u00eb sprovohemi e t\u00eb d\u00ebshmojm\u00eb veht\u00ebn.M\u00eb e keqja do t\u00eb ishte n\u00ebse themi: Nuk pajtohemi me juve,po as ne s\u00b4po dijm\u00eb se \u00e7ka po k\u00ebrkojm\u00eb!K\u00ebshtu mendonte miku Trena,edhe pse k\u00ebshtu nuk mendonin t\u00eb gjith\u00eb,por ashtu u b\u00eb si thoshte miku Trena,kryesia e Kuvendit u zgjodh nga krijuesit tan\u00eb q\u00eb veprojn\u00eb n\u00eb Gjermani:Hasan Qyqalla,Fran Tanushi dhe Mentor Tha\u00e7i.Po miku Trena \u00ebsht\u00eb njeri i cili njeh dhe pranon vlerat e t\u00eb tjer\u00ebve,andaj vlerat e tij jan\u00eb t\u00eb pranuara nga ne.<\/p>\n<p><img decoding=\"async\" class=\"alignright size-thumbnail wp-image-7236\" title=\"Imri Trena\" alt=\"\" src=\"http:\/\/www.fjala.info\/2013\/imri_trena1.jpg\" width=\"300\" \/><br \/>\n<em>Imri Trena<\/em><br \/>\nImri Trena u lind m\u00eb 1961 n\u00eb fshatin Begrace t\u00eb Ka\u00e7anikut. U diplomua n\u00eb Fakultetin e Bujq\u00ebsis\u00eb n\u00eb Prishtin\u00eb. N\u00eb vitin 1999 migroi n\u00eb Norvegji, ku jeton dhe vepron sot. \u00cbsht\u00eb themelues dhe kryeredaktor i Radiostacionit \u201cZ\u00ebri i Arb\u00ebrit\u201d. \u00cbsht\u00eb arsimtar i Shkoll\u00ebs Shqipe n\u00eb Oslo, q\u00eb nga viti 2000. \u00cbsht\u00eb an\u00ebtar i Lidhjes s\u00eb Shkrimtar\u00ebve t\u00eb Kosov\u00ebs dhe ka botuar k\u00ebto vepra: \u201cBuz\u00ebqeshja e tretur\u201d, \u201cPlag\u00eb n\u00eb zem\u00ebr\u201d, \u201eShtegtimi i shqipeve\u201d, \u201cPrapa grilave\u201d, \u201cKosova ime e madhe\u201d, \u201cAndej \u00ebsht\u00eb Kosova\u201d, \u201eRruga e hidhur\u201d, \u201cDhembje e lot\u201d, \u201cN\u00eb Kampin Bjonerbek\u201d, \u201cArom\u00eb manushaqeje\u201d, \u201cMall i (pa)shuar&#8221; dhe \u201cMe z\u00ebrat e Z\u00ebrit t\u00eb Arb\u00ebrit\u201d.<br \/>\nPoezit\u00eb e tij jan\u00eb perfshir\u00eb n\u00eb disa antologji dhe jan\u00eb p\u00ebrkthyer n\u00eb disa gjuh\u00eb.Imri Trena ,shkruan n\u00eb poezi dhe proz\u00eb,shkrimet e tija kan\u00eb mundur t\u00eb u q\u00ebndrojn\u00eb koh\u00ebrave.<\/p>\n<p>Pa hyre ne ne detaja, nga se nuk i dilet dot,takimi i &#8220;Krijuesve Shqiptar\u00eb n\u00eb M\u00ebrgat\u00eb,per ne ishte shenj\u00ebtri,fal\u00eb organizues\u00ebve e krijuesve t\u00eb artit,k\u00ebsaj radhe arti na bashkoj.Thon\u00eb,mali me mal nuk takohen,por njeriu me njeriun piqen,aq me krenari kur jemi vllezer te nje gjaku.<br \/>\nE me ne fund , kudo t\u00eb buz\u00ebqeshur,n\u00eb kuvend,dark\u00eb,or\u00eb letrare,valle e muzik\u00eb,shiheshin fytyra t\u00eb ndritura intelegjente t\u00eb krijuesve,t\u00eb cil\u00ebt lenin t\u00eb kuptonin se ishte privilegj p\u00ebr secilin t\u00eb njihen me k\u00ebta njer\u00ebz t\u00eb artit.K\u00ebnaq\u00ebsia ime e madhe ishte takimi me poeti n ton\u00eb t\u00eb \u00e7muar e t\u00eb dashur,mikun Imri Trena.<br \/>\nBiseda me te ishte vellazerore,miqesore e cilter e thjeshte,me humor e fjale mjalti ,q\u00eb jan\u00eb futur thell n\u00eb zemr\u00ebn ton\u00eb,t\u00eb cilat kurr\u00eb nuk do t\u00eb shkulen nga rr\u00ebnjet e kujtes\u00ebs.<\/p>\n","protected":false},"excerpt":{"rendered":"<p>ARTI NA BASHKOJ Shkruan: Shaban Cakolli IMRI TRENA Me organizimin e takimeve qoft\u00eb kulturore, qoft\u00eb letrare, ndoshta p\u00ebsojm\u00eb nj\u00eb humbje materiale, lodhje, por fitojm\u00eb nj\u00eb pasuri shpirt\u00ebrore. Duke shfletuar shum\u00eb nga librat na ka r\u00ebn\u00eb t\u00eb lexojm\u00eb krijimtari shum\u00eb me vlera, krijimtari t\u00eb mir\u00ebfillta, andaj duke lexuar ato vlera, shpesh sikur e kemi pyetur vet\u00ebn;Kush [&hellip;]<\/p>\n","protected":false},"author":1,"featured_media":0,"comment_status":"open","ping_status":"closed","sticky":false,"template":"","format":"standard","meta":{"footnotes":""},"categories":[2,7],"tags":[],"class_list":{"0":"post-5416","1":"post","2":"type-post","3":"status-publish","4":"format-standard","6":"category-artikuj","7":"category-letersi"},"yoast_head":"<!-- This site is optimized with the Yoast SEO plugin v27.4 - https:\/\/yoast.com\/product\/yoast-seo-wordpress\/ -->\n<title>\u00c7ASTE ME MIKUN IMRI TRENA ME RASTIN E THEMELIMIT T\u00cb KUVENDIT T\u00cb KRIJUESVE SHQIPTAR\u00cb N\u00cb M\u00cbRGAT\u00cb - FjALA e LIR\u00cb - Arkivi<\/title>\n<meta name=\"robots\" content=\"index, follow, max-snippet:-1, max-image-preview:large, max-video-preview:-1\" \/>\n<link rel=\"canonical\" href=\"https:\/\/fjala.info\/2009-2015\/caste-me-mikun-imri-trena-me-rastin-e-themelimit-te-kuvendit-te-krijuesve-shqiptare-ne-mergate\/\" \/>\n<meta property=\"og:locale\" content=\"sq_AL\" \/>\n<meta property=\"og:type\" content=\"article\" \/>\n<meta property=\"og:title\" content=\"\u00c7ASTE ME MIKUN IMRI TRENA ME RASTIN E THEMELIMIT T\u00cb KUVENDIT T\u00cb KRIJUESVE SHQIPTAR\u00cb N\u00cb M\u00cbRGAT\u00cb - FjALA e LIR\u00cb - Arkivi\" \/>\n<meta property=\"og:description\" content=\"ARTI NA BASHKOJ Shkruan: Shaban Cakolli IMRI TRENA Me organizimin e takimeve qoft\u00eb kulturore, qoft\u00eb letrare, ndoshta p\u00ebsojm\u00eb nj\u00eb humbje materiale, lodhje, por fitojm\u00eb nj\u00eb pasuri shpirt\u00ebrore. Duke shfletuar shum\u00eb nga librat na ka r\u00ebn\u00eb t\u00eb lexojm\u00eb krijimtari shum\u00eb me vlera, krijimtari t\u00eb mir\u00ebfillta, andaj duke lexuar ato vlera, shpesh sikur e kemi pyetur vet\u00ebn;Kush [&hellip;]\" \/>\n<meta property=\"og:url\" content=\"https:\/\/fjala.info\/2009-2015\/caste-me-mikun-imri-trena-me-rastin-e-themelimit-te-kuvendit-te-krijuesve-shqiptare-ne-mergate\/\" \/>\n<meta property=\"og:site_name\" content=\"FjALA e LIR\u00cb - Arkivi\" \/>\n<meta property=\"article:published_time\" content=\"2013-12-10T14:02:07+00:00\" \/>\n<meta property=\"og:image\" content=\"http:\/\/www.fjala.info\/2013\/imri_trena2.jpg\" \/>\n<meta name=\"author\" content=\"admin\" \/>\n<meta name=\"twitter:card\" content=\"summary_large_image\" \/>\n<meta name=\"twitter:label1\" content=\"Written by\" \/>\n\t<meta name=\"twitter:data1\" content=\"admin\" \/>\n\t<meta name=\"twitter:label2\" content=\"Est. reading time\" \/>\n\t<meta name=\"twitter:data2\" content=\"7 minutes\" \/>\n<script type=\"application\/ld+json\" class=\"yoast-schema-graph\">{\"@context\":\"https:\\\/\\\/schema.org\",\"@graph\":[{\"@type\":\"Article\",\"@id\":\"https:\\\/\\\/fjala.info\\\/2009-2015\\\/caste-me-mikun-imri-trena-me-rastin-e-themelimit-te-kuvendit-te-krijuesve-shqiptare-ne-mergate\\\/#article\",\"isPartOf\":{\"@id\":\"https:\\\/\\\/fjala.info\\\/2009-2015\\\/caste-me-mikun-imri-trena-me-rastin-e-themelimit-te-kuvendit-te-krijuesve-shqiptare-ne-mergate\\\/\"},\"author\":{\"name\":\"admin\",\"@id\":\"https:\\\/\\\/fjala.info\\\/2009-2015\\\/#\\\/schema\\\/person\\\/3aa1163ef05469c496fc94e77611ada2\"},\"headline\":\"\u00c7ASTE ME MIKUN IMRI TRENA ME RASTIN E THEMELIMIT T\u00cb KUVENDIT T\u00cb KRIJUESVE SHQIPTAR\u00cb N\u00cb M\u00cbRGAT\u00cb\",\"datePublished\":\"2013-12-10T14:02:07+00:00\",\"mainEntityOfPage\":{\"@id\":\"https:\\\/\\\/fjala.info\\\/2009-2015\\\/caste-me-mikun-imri-trena-me-rastin-e-themelimit-te-kuvendit-te-krijuesve-shqiptare-ne-mergate\\\/\"},\"wordCount\":1437,\"commentCount\":0,\"publisher\":{\"@id\":\"https:\\\/\\\/fjala.info\\\/2009-2015\\\/#organization\"},\"image\":{\"@id\":\"https:\\\/\\\/fjala.info\\\/2009-2015\\\/caste-me-mikun-imri-trena-me-rastin-e-themelimit-te-kuvendit-te-krijuesve-shqiptare-ne-mergate\\\/#primaryimage\"},\"thumbnailUrl\":\"http:\\\/\\\/www.fjala.info\\\/2013\\\/imri_trena2.jpg\",\"articleSection\":[\"Artikuj\",\"Let\u00ebrsi\"],\"inLanguage\":\"sq-AL\",\"potentialAction\":[{\"@type\":\"CommentAction\",\"name\":\"Comment\",\"target\":[\"https:\\\/\\\/fjala.info\\\/2009-2015\\\/caste-me-mikun-imri-trena-me-rastin-e-themelimit-te-kuvendit-te-krijuesve-shqiptare-ne-mergate\\\/#respond\"]}]},{\"@type\":\"WebPage\",\"@id\":\"https:\\\/\\\/fjala.info\\\/2009-2015\\\/caste-me-mikun-imri-trena-me-rastin-e-themelimit-te-kuvendit-te-krijuesve-shqiptare-ne-mergate\\\/\",\"url\":\"https:\\\/\\\/fjala.info\\\/2009-2015\\\/caste-me-mikun-imri-trena-me-rastin-e-themelimit-te-kuvendit-te-krijuesve-shqiptare-ne-mergate\\\/\",\"name\":\"\u00c7ASTE ME MIKUN IMRI TRENA ME RASTIN E THEMELIMIT T\u00cb KUVENDIT T\u00cb KRIJUESVE SHQIPTAR\u00cb N\u00cb M\u00cbRGAT\u00cb - FjALA e LIR\u00cb - Arkivi\",\"isPartOf\":{\"@id\":\"https:\\\/\\\/fjala.info\\\/2009-2015\\\/#website\"},\"primaryImageOfPage\":{\"@id\":\"https:\\\/\\\/fjala.info\\\/2009-2015\\\/caste-me-mikun-imri-trena-me-rastin-e-themelimit-te-kuvendit-te-krijuesve-shqiptare-ne-mergate\\\/#primaryimage\"},\"image\":{\"@id\":\"https:\\\/\\\/fjala.info\\\/2009-2015\\\/caste-me-mikun-imri-trena-me-rastin-e-themelimit-te-kuvendit-te-krijuesve-shqiptare-ne-mergate\\\/#primaryimage\"},\"thumbnailUrl\":\"http:\\\/\\\/www.fjala.info\\\/2013\\\/imri_trena2.jpg\",\"datePublished\":\"2013-12-10T14:02:07+00:00\",\"breadcrumb\":{\"@id\":\"https:\\\/\\\/fjala.info\\\/2009-2015\\\/caste-me-mikun-imri-trena-me-rastin-e-themelimit-te-kuvendit-te-krijuesve-shqiptare-ne-mergate\\\/#breadcrumb\"},\"inLanguage\":\"sq-AL\",\"potentialAction\":[{\"@type\":\"ReadAction\",\"target\":[\"https:\\\/\\\/fjala.info\\\/2009-2015\\\/caste-me-mikun-imri-trena-me-rastin-e-themelimit-te-kuvendit-te-krijuesve-shqiptare-ne-mergate\\\/\"]}]},{\"@type\":\"ImageObject\",\"inLanguage\":\"sq-AL\",\"@id\":\"https:\\\/\\\/fjala.info\\\/2009-2015\\\/caste-me-mikun-imri-trena-me-rastin-e-themelimit-te-kuvendit-te-krijuesve-shqiptare-ne-mergate\\\/#primaryimage\",\"url\":\"http:\\\/\\\/www.fjala.info\\\/2013\\\/imri_trena2.jpg\",\"contentUrl\":\"http:\\\/\\\/www.fjala.info\\\/2013\\\/imri_trena2.jpg\"},{\"@type\":\"BreadcrumbList\",\"@id\":\"https:\\\/\\\/fjala.info\\\/2009-2015\\\/caste-me-mikun-imri-trena-me-rastin-e-themelimit-te-kuvendit-te-krijuesve-shqiptare-ne-mergate\\\/#breadcrumb\",\"itemListElement\":[{\"@type\":\"ListItem\",\"position\":1,\"name\":\"Home\",\"item\":\"https:\\\/\\\/fjala.info\\\/2009-2015\\\/\"},{\"@type\":\"ListItem\",\"position\":2,\"name\":\"\u00c7ASTE ME MIKUN IMRI TRENA ME RASTIN E THEMELIMIT T\u00cb KUVENDIT T\u00cb KRIJUESVE SHQIPTAR\u00cb N\u00cb M\u00cbRGAT\u00cb\"}]},{\"@type\":\"WebSite\",\"@id\":\"https:\\\/\\\/fjala.info\\\/2009-2015\\\/#website\",\"url\":\"https:\\\/\\\/fjala.info\\\/2009-2015\\\/\",\"name\":\"FjALA e LIR\u00cb - Arkivi\",\"description\":\"Arkivi 2009-2015\",\"publisher\":{\"@id\":\"https:\\\/\\\/fjala.info\\\/2009-2015\\\/#organization\"},\"potentialAction\":[{\"@type\":\"SearchAction\",\"target\":{\"@type\":\"EntryPoint\",\"urlTemplate\":\"https:\\\/\\\/fjala.info\\\/2009-2015\\\/?s={search_term_string}\"},\"query-input\":{\"@type\":\"PropertyValueSpecification\",\"valueRequired\":true,\"valueName\":\"search_term_string\"}}],\"inLanguage\":\"sq-AL\"},{\"@type\":\"Organization\",\"@id\":\"https:\\\/\\\/fjala.info\\\/2009-2015\\\/#organization\",\"name\":\"FjALA e LIR\u00cb - Arkivi\",\"url\":\"https:\\\/\\\/fjala.info\\\/2009-2015\\\/\",\"logo\":{\"@type\":\"ImageObject\",\"inLanguage\":\"sq-AL\",\"@id\":\"https:\\\/\\\/fjala.info\\\/2009-2015\\\/#\\\/schema\\\/logo\\\/image\\\/\",\"url\":\"\",\"contentUrl\":\"\",\"caption\":\"FjALA e LIR\u00cb - Arkivi\"},\"image\":{\"@id\":\"https:\\\/\\\/fjala.info\\\/2009-2015\\\/#\\\/schema\\\/logo\\\/image\\\/\"}},{\"@type\":\"Person\",\"@id\":\"https:\\\/\\\/fjala.info\\\/2009-2015\\\/#\\\/schema\\\/person\\\/3aa1163ef05469c496fc94e77611ada2\",\"name\":\"admin\",\"image\":{\"@type\":\"ImageObject\",\"inLanguage\":\"sq-AL\",\"@id\":\"https:\\\/\\\/fjala.info\\\/2009-2015\\\/wp-content\\\/uploads\\\/2012\\\/02\\\/arben_cokaj-120x150.jpg\",\"url\":\"https:\\\/\\\/fjala.info\\\/2009-2015\\\/wp-content\\\/uploads\\\/2012\\\/02\\\/arben_cokaj-120x150.jpg\",\"contentUrl\":\"https:\\\/\\\/fjala.info\\\/2009-2015\\\/wp-content\\\/uploads\\\/2012\\\/02\\\/arben_cokaj-120x150.jpg\",\"caption\":\"admin\"},\"description\":\"Admin, Fjala e Lir\u00eb\",\"sameAs\":[\"https:\\\/\\\/fjala.info\\\/\"],\"url\":\"https:\\\/\\\/fjala.info\\\/2009-2015\\\/author\\\/admin\\\/\"}]}<\/script>\n<!-- \/ Yoast SEO plugin. -->","yoast_head_json":{"title":"\u00c7ASTE ME MIKUN IMRI TRENA ME RASTIN E THEMELIMIT T\u00cb KUVENDIT T\u00cb KRIJUESVE SHQIPTAR\u00cb N\u00cb M\u00cbRGAT\u00cb - FjALA e LIR\u00cb - Arkivi","robots":{"index":"index","follow":"follow","max-snippet":"max-snippet:-1","max-image-preview":"max-image-preview:large","max-video-preview":"max-video-preview:-1"},"canonical":"https:\/\/fjala.info\/2009-2015\/caste-me-mikun-imri-trena-me-rastin-e-themelimit-te-kuvendit-te-krijuesve-shqiptare-ne-mergate\/","og_locale":"sq_AL","og_type":"article","og_title":"\u00c7ASTE ME MIKUN IMRI TRENA ME RASTIN E THEMELIMIT T\u00cb KUVENDIT T\u00cb KRIJUESVE SHQIPTAR\u00cb N\u00cb M\u00cbRGAT\u00cb - FjALA e LIR\u00cb - Arkivi","og_description":"ARTI NA BASHKOJ Shkruan: Shaban Cakolli IMRI TRENA Me organizimin e takimeve qoft\u00eb kulturore, qoft\u00eb letrare, ndoshta p\u00ebsojm\u00eb nj\u00eb humbje materiale, lodhje, por fitojm\u00eb nj\u00eb pasuri shpirt\u00ebrore. Duke shfletuar shum\u00eb nga librat na ka r\u00ebn\u00eb t\u00eb lexojm\u00eb krijimtari shum\u00eb me vlera, krijimtari t\u00eb mir\u00ebfillta, andaj duke lexuar ato vlera, shpesh sikur e kemi pyetur vet\u00ebn;Kush [&hellip;]","og_url":"https:\/\/fjala.info\/2009-2015\/caste-me-mikun-imri-trena-me-rastin-e-themelimit-te-kuvendit-te-krijuesve-shqiptare-ne-mergate\/","og_site_name":"FjALA e LIR\u00cb - Arkivi","article_published_time":"2013-12-10T14:02:07+00:00","og_image":[{"url":"http:\/\/www.fjala.info\/2013\/imri_trena2.jpg","type":"","width":"","height":""}],"author":"admin","twitter_card":"summary_large_image","twitter_misc":{"Written by":"admin","Est. reading time":"7 minutes"},"schema":{"@context":"https:\/\/schema.org","@graph":[{"@type":"Article","@id":"https:\/\/fjala.info\/2009-2015\/caste-me-mikun-imri-trena-me-rastin-e-themelimit-te-kuvendit-te-krijuesve-shqiptare-ne-mergate\/#article","isPartOf":{"@id":"https:\/\/fjala.info\/2009-2015\/caste-me-mikun-imri-trena-me-rastin-e-themelimit-te-kuvendit-te-krijuesve-shqiptare-ne-mergate\/"},"author":{"name":"admin","@id":"https:\/\/fjala.info\/2009-2015\/#\/schema\/person\/3aa1163ef05469c496fc94e77611ada2"},"headline":"\u00c7ASTE ME MIKUN IMRI TRENA ME RASTIN E THEMELIMIT T\u00cb KUVENDIT T\u00cb KRIJUESVE SHQIPTAR\u00cb N\u00cb M\u00cbRGAT\u00cb","datePublished":"2013-12-10T14:02:07+00:00","mainEntityOfPage":{"@id":"https:\/\/fjala.info\/2009-2015\/caste-me-mikun-imri-trena-me-rastin-e-themelimit-te-kuvendit-te-krijuesve-shqiptare-ne-mergate\/"},"wordCount":1437,"commentCount":0,"publisher":{"@id":"https:\/\/fjala.info\/2009-2015\/#organization"},"image":{"@id":"https:\/\/fjala.info\/2009-2015\/caste-me-mikun-imri-trena-me-rastin-e-themelimit-te-kuvendit-te-krijuesve-shqiptare-ne-mergate\/#primaryimage"},"thumbnailUrl":"http:\/\/www.fjala.info\/2013\/imri_trena2.jpg","articleSection":["Artikuj","Let\u00ebrsi"],"inLanguage":"sq-AL","potentialAction":[{"@type":"CommentAction","name":"Comment","target":["https:\/\/fjala.info\/2009-2015\/caste-me-mikun-imri-trena-me-rastin-e-themelimit-te-kuvendit-te-krijuesve-shqiptare-ne-mergate\/#respond"]}]},{"@type":"WebPage","@id":"https:\/\/fjala.info\/2009-2015\/caste-me-mikun-imri-trena-me-rastin-e-themelimit-te-kuvendit-te-krijuesve-shqiptare-ne-mergate\/","url":"https:\/\/fjala.info\/2009-2015\/caste-me-mikun-imri-trena-me-rastin-e-themelimit-te-kuvendit-te-krijuesve-shqiptare-ne-mergate\/","name":"\u00c7ASTE ME MIKUN IMRI TRENA ME RASTIN E THEMELIMIT T\u00cb KUVENDIT T\u00cb KRIJUESVE SHQIPTAR\u00cb N\u00cb M\u00cbRGAT\u00cb - FjALA e LIR\u00cb - Arkivi","isPartOf":{"@id":"https:\/\/fjala.info\/2009-2015\/#website"},"primaryImageOfPage":{"@id":"https:\/\/fjala.info\/2009-2015\/caste-me-mikun-imri-trena-me-rastin-e-themelimit-te-kuvendit-te-krijuesve-shqiptare-ne-mergate\/#primaryimage"},"image":{"@id":"https:\/\/fjala.info\/2009-2015\/caste-me-mikun-imri-trena-me-rastin-e-themelimit-te-kuvendit-te-krijuesve-shqiptare-ne-mergate\/#primaryimage"},"thumbnailUrl":"http:\/\/www.fjala.info\/2013\/imri_trena2.jpg","datePublished":"2013-12-10T14:02:07+00:00","breadcrumb":{"@id":"https:\/\/fjala.info\/2009-2015\/caste-me-mikun-imri-trena-me-rastin-e-themelimit-te-kuvendit-te-krijuesve-shqiptare-ne-mergate\/#breadcrumb"},"inLanguage":"sq-AL","potentialAction":[{"@type":"ReadAction","target":["https:\/\/fjala.info\/2009-2015\/caste-me-mikun-imri-trena-me-rastin-e-themelimit-te-kuvendit-te-krijuesve-shqiptare-ne-mergate\/"]}]},{"@type":"ImageObject","inLanguage":"sq-AL","@id":"https:\/\/fjala.info\/2009-2015\/caste-me-mikun-imri-trena-me-rastin-e-themelimit-te-kuvendit-te-krijuesve-shqiptare-ne-mergate\/#primaryimage","url":"http:\/\/www.fjala.info\/2013\/imri_trena2.jpg","contentUrl":"http:\/\/www.fjala.info\/2013\/imri_trena2.jpg"},{"@type":"BreadcrumbList","@id":"https:\/\/fjala.info\/2009-2015\/caste-me-mikun-imri-trena-me-rastin-e-themelimit-te-kuvendit-te-krijuesve-shqiptare-ne-mergate\/#breadcrumb","itemListElement":[{"@type":"ListItem","position":1,"name":"Home","item":"https:\/\/fjala.info\/2009-2015\/"},{"@type":"ListItem","position":2,"name":"\u00c7ASTE ME MIKUN IMRI TRENA ME RASTIN E THEMELIMIT T\u00cb KUVENDIT T\u00cb KRIJUESVE SHQIPTAR\u00cb N\u00cb M\u00cbRGAT\u00cb"}]},{"@type":"WebSite","@id":"https:\/\/fjala.info\/2009-2015\/#website","url":"https:\/\/fjala.info\/2009-2015\/","name":"FjALA e LIR\u00cb - Arkivi","description":"Arkivi 2009-2015","publisher":{"@id":"https:\/\/fjala.info\/2009-2015\/#organization"},"potentialAction":[{"@type":"SearchAction","target":{"@type":"EntryPoint","urlTemplate":"https:\/\/fjala.info\/2009-2015\/?s={search_term_string}"},"query-input":{"@type":"PropertyValueSpecification","valueRequired":true,"valueName":"search_term_string"}}],"inLanguage":"sq-AL"},{"@type":"Organization","@id":"https:\/\/fjala.info\/2009-2015\/#organization","name":"FjALA e LIR\u00cb - Arkivi","url":"https:\/\/fjala.info\/2009-2015\/","logo":{"@type":"ImageObject","inLanguage":"sq-AL","@id":"https:\/\/fjala.info\/2009-2015\/#\/schema\/logo\/image\/","url":"","contentUrl":"","caption":"FjALA e LIR\u00cb - Arkivi"},"image":{"@id":"https:\/\/fjala.info\/2009-2015\/#\/schema\/logo\/image\/"}},{"@type":"Person","@id":"https:\/\/fjala.info\/2009-2015\/#\/schema\/person\/3aa1163ef05469c496fc94e77611ada2","name":"admin","image":{"@type":"ImageObject","inLanguage":"sq-AL","@id":"https:\/\/fjala.info\/2009-2015\/wp-content\/uploads\/2012\/02\/arben_cokaj-120x150.jpg","url":"https:\/\/fjala.info\/2009-2015\/wp-content\/uploads\/2012\/02\/arben_cokaj-120x150.jpg","contentUrl":"https:\/\/fjala.info\/2009-2015\/wp-content\/uploads\/2012\/02\/arben_cokaj-120x150.jpg","caption":"admin"},"description":"Admin, Fjala e Lir\u00eb","sameAs":["https:\/\/fjala.info\/"],"url":"https:\/\/fjala.info\/2009-2015\/author\/admin\/"}]}},"_links":{"self":[{"href":"https:\/\/fjala.info\/2009-2015\/wp-json\/wp\/v2\/posts\/5416","targetHints":{"allow":["GET"]}}],"collection":[{"href":"https:\/\/fjala.info\/2009-2015\/wp-json\/wp\/v2\/posts"}],"about":[{"href":"https:\/\/fjala.info\/2009-2015\/wp-json\/wp\/v2\/types\/post"}],"author":[{"embeddable":true,"href":"https:\/\/fjala.info\/2009-2015\/wp-json\/wp\/v2\/users\/1"}],"replies":[{"embeddable":true,"href":"https:\/\/fjala.info\/2009-2015\/wp-json\/wp\/v2\/comments?post=5416"}],"version-history":[{"count":0,"href":"https:\/\/fjala.info\/2009-2015\/wp-json\/wp\/v2\/posts\/5416\/revisions"}],"wp:attachment":[{"href":"https:\/\/fjala.info\/2009-2015\/wp-json\/wp\/v2\/media?parent=5416"}],"wp:term":[{"taxonomy":"category","embeddable":true,"href":"https:\/\/fjala.info\/2009-2015\/wp-json\/wp\/v2\/categories?post=5416"},{"taxonomy":"post_tag","embeddable":true,"href":"https:\/\/fjala.info\/2009-2015\/wp-json\/wp\/v2\/tags?post=5416"}],"curies":[{"name":"wp","href":"https:\/\/api.w.org\/{rel}","templated":true}]}}