{"id":5404,"date":"2010-12-28T22:37:33","date_gmt":"2010-12-28T21:37:33","guid":{"rendered":"http:\/\/fjala.shkoder.net\/?p=5404"},"modified":"2010-12-28T22:37:33","modified_gmt":"2010-12-28T21:37:33","slug":"dhuratat-e-fund-vitit","status":"publish","type":"post","link":"https:\/\/fjala.info\/2009-2015\/dhuratat-e-fund-vitit\/","title":{"rendered":"Dhuratat e fund-vitit"},"content":{"rendered":"<p><img loading=\"lazy\" decoding=\"async\" class=\"alignleft size-medium wp-image-5405\" title=\"meta_sala_pinok\" src=\"http:\/\/fjala.shkoder.net\/wp-content\/uploads\/2010\/12\/meta_sala_pinok-300x232.jpg\" alt=\"\" width=\"300\" height=\"232\" \/><br \/>\n<strong>Shekulli Online<\/strong>, <em>28.12.2010<\/em><\/p>\n<p>Ne t\u00eb &#8220;SH2-it&#8221; k\u00ebt\u00eb vit menduam q\u00eb buxhetin ton\u00eb p\u00ebr dhuratat ta shpenzonim p\u00ebr&#8230; politikan\u00ebt. Gjynah! Punojn\u00eb shum\u00eb kodosh\u00ebt. Dhuratat ua kemi nisur me post\u00eb dhe besojm\u00eb q\u00eb sot do t\u00eb fillojn\u00eb t\u00eb shp\u00ebrndahen. Disa nga dhuratat q\u00eb u kemi \u00e7uar kemi vendosur t\u00eb mos i mbajm\u00eb sekret, ndaj po ua themi dhe lexuesve tan\u00eb.<\/p>\n<p><strong>Nj\u00eb or\u00eb p\u00ebr Bamir Topin<\/strong><\/p>\n<p><strong>Bamir Topi<\/strong> &#8211; P\u00ebr Presidentin e Republik\u00ebs kemi futur n\u00eb pako nj\u00eb or\u00eb. Menduam q\u00eb do t&#8217;i duhet nj\u00eb or\u00eb Presidentit. Nuk e di pse kemi p\u00ebrshtypjen q\u00eb ose i ka humbur ora, ose i ka mbetur. E k\u00ebshillojm\u00eb q\u00eb pakon me dhurat\u00ebn ta hapi n\u00eb koh\u00eb pushimi. Idealja do t\u00eb ishte ta hap\u00eb kur t\u00eb jet\u00eb duke b\u00ebr\u00eb pushimin e vog\u00ebl, brenda pushimit t\u00eb madh.<\/p>\n<p><strong>Nj\u00eb vaksin\u00eb p\u00ebr Sali Berish\u00ebn<\/strong><\/p>\n<p><strong>Sali Berisha<\/strong> &#8211; N\u00eb zarfin q\u00eb i kemi nisur S. Berish\u00ebs, kemi futur brenda nj\u00eb vaksin\u00eb. Quhet vaksina VR-G dhe \u00ebsht\u00eb zbuluar q\u00eb n\u00eb 1885 nga Lui Past\u00ebr dhe Emil Rou. N\u00eb shqip p\u00ebrkthehet &#8220;vaksin\u00eb kund\u00ebr t\u00ebrbimit&#8221;. Merre zoti Berisha dhe b\u00ebje menj\u00ebher\u00eb. E b\u00ebn efektin nga 5 deri n\u00eb 10 dit\u00eb. N\u00eb fillim t\u00eb janarit do t\u00eb jesh qiq\u00ebr.<\/p>\n<p><strong>Nj\u00eb parashut\u00eb p\u00ebr Jozefina Topallin<\/strong><\/p>\n<p><strong>Jozefina Topalli<\/strong> &#8211; Kjo gruaja ngeli n\u00eb aj\u00ebr&#8230; Edhe kur nuk fluturon me avion p\u00ebr t\u00eb b\u00ebr\u00eb &#8220;lobingje&#8221; v\u00ebrtet mbres\u00ebl\u00ebn\u00ebse, prap\u00eb n\u00eb aj\u00ebr \u00ebsht\u00eb&#8230; P\u00ebr t&#8217;i mund\u00ebsuar uljen me k\u00ebmb\u00eb n\u00eb tok\u00eb, ne i d\u00ebrguam nj\u00eb parashut\u00eb. Ka dy vende znj. Topalli. Merr dhe dh\u00ebndrin me vete kur t\u00eb kesh ndonj\u00eb rrug\u00eb p\u00ebr n\u00eb Paris.<\/p>\n<p><strong>Nj\u00eb dorez\u00eb boksi p\u00ebr Edi Ram\u00ebn<\/strong><\/p>\n<p><strong>Edi Rama<\/strong> &#8211; Hiq dor\u00eb nga &#8220;protestat me lule&#8221; zoti Rama se po ta marrin erzin ty dhe deputet\u00ebve t\u00eb t&#8217;u. Merr k\u00ebt\u00eb dorez\u00ebn dhe merre pak shembull nga opozita anti-Lukashenko. Pyet si b\u00ebhet opozit\u00eb ndaj diktatoruc\u00ebve si Saliu dhe hidhu. Nuk mbahet opozita vet\u00ebm me Ru\u00e7in, Taulant Ball\u00ebn dhe ish-Erjon Bra\u00e7en. Duhet dhe kjo doreza.<\/p>\n<p><strong>Nj\u00eb pinok p\u00ebr Ilir Met\u00ebn<\/strong><\/p>\n<p><strong>Ilir Meta<\/strong> &#8211; Nj\u00eb pinok prej druri \u00ebsht\u00eb futur n\u00eb pakon q\u00eb i kemi nisur z. Meta. \u00cbsht\u00eb t\u00ebr\u00ebsisht prej druri, pra \u00ebsht\u00eb edhe higjenik ve\u00e7 t\u00eb tjerash. Ka brenda nj\u00eb pusull\u00eb, q\u00eb mund t&#8217;i nxirret nga pjesa e prapme. N\u00eb pusull\u00eb \u00ebsht\u00eb nj\u00eb parull\u00eb e p\u00ebrdorur nga z. Meta p\u00ebr t\u00eb marr\u00eb votat n\u00eb 2009-\u00ebn. \u00cbsht\u00eb parulla e famshme &#8220;Berisha Ik&#8221;!<\/p>\n<p><strong>Nj\u00eb Kod Penal p\u00ebr Ina Ram\u00ebn<\/strong><\/p>\n<p><strong>Ina Rama<\/strong> &#8211; N\u00eb pakon t\u00ebnde znj. Rama kemi futur pik\u00ebrisht Kodin Penal. Dhe nj\u00eb pusull\u00eb ku shkruhet nj\u00eb th\u00ebnie e nj\u00eb kolegu: &#8220;A ka pasur koh\u00eb t\u00eb b\u00ebhet profesioniste zonja Rama? P\u00ebr 5 vjet punoi nga Durr\u00ebsi n\u00eb Lushnj\u00eb dhe gjat\u00eb k\u00ebsaj kohe duhej t\u00eb rriste dhe 2 f\u00ebmij\u00eb&#8221;. Merre Kodin dhe zbatoje, mos u zg\u00ebrlaq para politikan\u00ebve.<\/p>\n<p><strong>Nj\u00eb makin\u00eb num\u00ebrimi parash p\u00ebr Argit\u00ebn dhe Shk\u00eblzenin <\/strong><\/p>\n<p><strong>Argita dhe Shk\u00eblzeni<\/strong> &#8211; K\u00ebta t\u00eb dy kemi vendosur t&#8217;i ndihmojm\u00eb v\u00ebrtet. U kemi d\u00ebrguar nj\u00eb makin\u00eb num\u00ebrimi parash. N\u00eb kartolin\u00ebn e tyre shkruhet ajo th\u00ebnia q\u00eb i kan\u00eb shkruar n\u00eb forum Argit\u00ebs koleg\u00ebt e saj t\u00eb UNMIK-ut: &#8220;Si mund t\u00eb b\u00ebhesh milionere me rrog\u00ebn e UNMIK-t? Duhet ta kesh baban\u00eb kryeminist\u00ebr t\u00eb Shqip\u00ebris\u00eb.&#8221;<\/p>\n<p><strong>Nj\u00eb transplant zemre p\u00ebr grupin parlamentar t\u00eb PD<\/strong><\/p>\n<p><strong>Grupi Parlamentar i PD<\/strong>: K\u00ebtyre u kemi hapur nj\u00eb num\u00ebr llogarie bankare. Ftojm\u00eb gjith\u00eb qytetar\u00ebt t\u00eb kontribuojn\u00eb p\u00ebr ta. Kemi vendosur t&#8217;u b\u00ebjm\u00eb nj\u00eb transplant. Do t&#8217;u b\u00ebjm\u00eb nga nj\u00eb transplant zemre. U duhet zem\u00ebr e re se at\u00eb q\u00eb kan\u00eb ua ka ngr\u00ebn\u00eb frika. Asnj\u00eb nuk kund\u00ebrshton m\u00eb n\u00eb at\u00eb parti, jan\u00eb b\u00ebr\u00eb si repart ushtarak<\/p>\n<p><strong>Nj\u00eb transplant prapanice p\u00ebr grupin parlamentar t\u00eb PS<\/strong><\/p>\n<p><strong>Grupi Parlamentar i PS<\/strong>: Edhe p\u00ebr k\u00ebta, nj\u00eb num\u00ebr llogarie. Edhe k\u00ebtyre p\u00ebr transplant. Do t&#8217;u transplantojm\u00eb nga nj\u00eb&#8230; prapanic\u00eb. Pse u duhet? Sepse dhunohen rregullisht n\u00eb Kuvend nga goja e Saliut dhe nuk doli nj\u00eb burr\u00eb q\u00eb t\u00eb heq\u00eb s\u00eb paku k\u00ebpuc\u00ebn dhe t&#8217;i bjer\u00eb turinjve. Kjo ndodh, sepse si thot\u00eb ajo fjala e popullit: S&#8217;kan\u00eb by&#8230;!<\/p>\n","protected":false},"excerpt":{"rendered":"<p>Shekulli Online, 28.12.2010 Ne t\u00eb &#8220;SH2-it&#8221; k\u00ebt\u00eb vit menduam q\u00eb buxhetin ton\u00eb p\u00ebr dhuratat ta shpenzonim p\u00ebr&#8230; politikan\u00ebt. Gjynah! Punojn\u00eb shum\u00eb kodosh\u00ebt. Dhuratat ua kemi nisur me post\u00eb dhe besojm\u00eb q\u00eb sot do t\u00eb fillojn\u00eb t\u00eb shp\u00ebrndahen. Disa nga dhuratat q\u00eb u kemi \u00e7uar kemi vendosur t\u00eb mos i mbajm\u00eb sekret, ndaj po ua themi [&hellip;]<\/p>\n","protected":false},"author":1,"featured_media":0,"comment_status":"open","ping_status":"closed","sticky":false,"template":"","format":"standard","meta":{"footnotes":""},"categories":[2],"tags":[],"class_list":{"0":"post-5404","1":"post","2":"type-post","3":"status-publish","4":"format-standard","6":"category-artikuj"},"yoast_head":"<!-- This site is optimized with the Yoast SEO plugin v27.4 - https:\/\/yoast.com\/product\/yoast-seo-wordpress\/ -->\n<title>Dhuratat e fund-vitit - FjALA e LIR\u00cb - Arkivi<\/title>\n<meta name=\"robots\" content=\"index, follow, max-snippet:-1, max-image-preview:large, max-video-preview:-1\" \/>\n<link rel=\"canonical\" href=\"https:\/\/fjala.info\/2009-2015\/dhuratat-e-fund-vitit\/\" \/>\n<meta property=\"og:locale\" content=\"sq_AL\" \/>\n<meta property=\"og:type\" content=\"article\" \/>\n<meta property=\"og:title\" content=\"Dhuratat e fund-vitit - FjALA e LIR\u00cb - Arkivi\" \/>\n<meta property=\"og:description\" content=\"Shekulli Online, 28.12.2010 Ne t\u00eb &#8220;SH2-it&#8221; k\u00ebt\u00eb vit menduam q\u00eb buxhetin ton\u00eb p\u00ebr dhuratat ta shpenzonim p\u00ebr&#8230; politikan\u00ebt. Gjynah! Punojn\u00eb shum\u00eb kodosh\u00ebt. Dhuratat ua kemi nisur me post\u00eb dhe besojm\u00eb q\u00eb sot do t\u00eb fillojn\u00eb t\u00eb shp\u00ebrndahen. Disa nga dhuratat q\u00eb u kemi \u00e7uar kemi vendosur t\u00eb mos i mbajm\u00eb sekret, ndaj po ua themi [&hellip;]\" \/>\n<meta property=\"og:url\" content=\"https:\/\/fjala.info\/2009-2015\/dhuratat-e-fund-vitit\/\" \/>\n<meta property=\"og:site_name\" content=\"FjALA e LIR\u00cb - Arkivi\" \/>\n<meta property=\"article:published_time\" content=\"2010-12-28T21:37:33+00:00\" \/>\n<meta property=\"og:image\" content=\"http:\/\/fjala.shkoder.net\/wp-content\/uploads\/2010\/12\/meta_sala_pinok-300x232.jpg\" \/>\n<meta name=\"author\" content=\"admin\" \/>\n<meta name=\"twitter:card\" content=\"summary_large_image\" \/>\n<meta name=\"twitter:label1\" content=\"Written by\" \/>\n\t<meta name=\"twitter:data1\" content=\"admin\" \/>\n\t<meta name=\"twitter:label2\" content=\"Est. reading time\" \/>\n\t<meta name=\"twitter:data2\" content=\"4 minutes\" \/>\n<script type=\"application\/ld+json\" class=\"yoast-schema-graph\">{\"@context\":\"https:\\\/\\\/schema.org\",\"@graph\":[{\"@type\":\"Article\",\"@id\":\"https:\\\/\\\/fjala.info\\\/2009-2015\\\/dhuratat-e-fund-vitit\\\/#article\",\"isPartOf\":{\"@id\":\"https:\\\/\\\/fjala.info\\\/2009-2015\\\/dhuratat-e-fund-vitit\\\/\"},\"author\":{\"name\":\"admin\",\"@id\":\"https:\\\/\\\/fjala.info\\\/2009-2015\\\/#\\\/schema\\\/person\\\/3aa1163ef05469c496fc94e77611ada2\"},\"headline\":\"Dhuratat e fund-vitit\",\"datePublished\":\"2010-12-28T21:37:33+00:00\",\"mainEntityOfPage\":{\"@id\":\"https:\\\/\\\/fjala.info\\\/2009-2015\\\/dhuratat-e-fund-vitit\\\/\"},\"wordCount\":755,\"commentCount\":0,\"publisher\":{\"@id\":\"https:\\\/\\\/fjala.info\\\/2009-2015\\\/#organization\"},\"image\":{\"@id\":\"https:\\\/\\\/fjala.info\\\/2009-2015\\\/dhuratat-e-fund-vitit\\\/#primaryimage\"},\"thumbnailUrl\":\"http:\\\/\\\/fjala.shkoder.net\\\/wp-content\\\/uploads\\\/2010\\\/12\\\/meta_sala_pinok-300x232.jpg\",\"articleSection\":[\"Artikuj\"],\"inLanguage\":\"sq-AL\",\"potentialAction\":[{\"@type\":\"CommentAction\",\"name\":\"Comment\",\"target\":[\"https:\\\/\\\/fjala.info\\\/2009-2015\\\/dhuratat-e-fund-vitit\\\/#respond\"]}]},{\"@type\":\"WebPage\",\"@id\":\"https:\\\/\\\/fjala.info\\\/2009-2015\\\/dhuratat-e-fund-vitit\\\/\",\"url\":\"https:\\\/\\\/fjala.info\\\/2009-2015\\\/dhuratat-e-fund-vitit\\\/\",\"name\":\"Dhuratat e fund-vitit - FjALA e LIR\u00cb - Arkivi\",\"isPartOf\":{\"@id\":\"https:\\\/\\\/fjala.info\\\/2009-2015\\\/#website\"},\"primaryImageOfPage\":{\"@id\":\"https:\\\/\\\/fjala.info\\\/2009-2015\\\/dhuratat-e-fund-vitit\\\/#primaryimage\"},\"image\":{\"@id\":\"https:\\\/\\\/fjala.info\\\/2009-2015\\\/dhuratat-e-fund-vitit\\\/#primaryimage\"},\"thumbnailUrl\":\"http:\\\/\\\/fjala.shkoder.net\\\/wp-content\\\/uploads\\\/2010\\\/12\\\/meta_sala_pinok-300x232.jpg\",\"datePublished\":\"2010-12-28T21:37:33+00:00\",\"breadcrumb\":{\"@id\":\"https:\\\/\\\/fjala.info\\\/2009-2015\\\/dhuratat-e-fund-vitit\\\/#breadcrumb\"},\"inLanguage\":\"sq-AL\",\"potentialAction\":[{\"@type\":\"ReadAction\",\"target\":[\"https:\\\/\\\/fjala.info\\\/2009-2015\\\/dhuratat-e-fund-vitit\\\/\"]}]},{\"@type\":\"ImageObject\",\"inLanguage\":\"sq-AL\",\"@id\":\"https:\\\/\\\/fjala.info\\\/2009-2015\\\/dhuratat-e-fund-vitit\\\/#primaryimage\",\"url\":\"http:\\\/\\\/fjala.shkoder.net\\\/wp-content\\\/uploads\\\/2010\\\/12\\\/meta_sala_pinok-300x232.jpg\",\"contentUrl\":\"http:\\\/\\\/fjala.shkoder.net\\\/wp-content\\\/uploads\\\/2010\\\/12\\\/meta_sala_pinok-300x232.jpg\"},{\"@type\":\"BreadcrumbList\",\"@id\":\"https:\\\/\\\/fjala.info\\\/2009-2015\\\/dhuratat-e-fund-vitit\\\/#breadcrumb\",\"itemListElement\":[{\"@type\":\"ListItem\",\"position\":1,\"name\":\"Home\",\"item\":\"https:\\\/\\\/fjala.info\\\/2009-2015\\\/\"},{\"@type\":\"ListItem\",\"position\":2,\"name\":\"Dhuratat e fund-vitit\"}]},{\"@type\":\"WebSite\",\"@id\":\"https:\\\/\\\/fjala.info\\\/2009-2015\\\/#website\",\"url\":\"https:\\\/\\\/fjala.info\\\/2009-2015\\\/\",\"name\":\"FjALA e LIR\u00cb - Arkivi\",\"description\":\"Arkivi 2009-2015\",\"publisher\":{\"@id\":\"https:\\\/\\\/fjala.info\\\/2009-2015\\\/#organization\"},\"potentialAction\":[{\"@type\":\"SearchAction\",\"target\":{\"@type\":\"EntryPoint\",\"urlTemplate\":\"https:\\\/\\\/fjala.info\\\/2009-2015\\\/?s={search_term_string}\"},\"query-input\":{\"@type\":\"PropertyValueSpecification\",\"valueRequired\":true,\"valueName\":\"search_term_string\"}}],\"inLanguage\":\"sq-AL\"},{\"@type\":\"Organization\",\"@id\":\"https:\\\/\\\/fjala.info\\\/2009-2015\\\/#organization\",\"name\":\"FjALA e LIR\u00cb - Arkivi\",\"url\":\"https:\\\/\\\/fjala.info\\\/2009-2015\\\/\",\"logo\":{\"@type\":\"ImageObject\",\"inLanguage\":\"sq-AL\",\"@id\":\"https:\\\/\\\/fjala.info\\\/2009-2015\\\/#\\\/schema\\\/logo\\\/image\\\/\",\"url\":\"\",\"contentUrl\":\"\",\"caption\":\"FjALA e LIR\u00cb - Arkivi\"},\"image\":{\"@id\":\"https:\\\/\\\/fjala.info\\\/2009-2015\\\/#\\\/schema\\\/logo\\\/image\\\/\"}},{\"@type\":\"Person\",\"@id\":\"https:\\\/\\\/fjala.info\\\/2009-2015\\\/#\\\/schema\\\/person\\\/3aa1163ef05469c496fc94e77611ada2\",\"name\":\"admin\",\"image\":{\"@type\":\"ImageObject\",\"inLanguage\":\"sq-AL\",\"@id\":\"https:\\\/\\\/fjala.info\\\/2009-2015\\\/wp-content\\\/uploads\\\/2012\\\/02\\\/arben_cokaj-120x150.jpg\",\"url\":\"https:\\\/\\\/fjala.info\\\/2009-2015\\\/wp-content\\\/uploads\\\/2012\\\/02\\\/arben_cokaj-120x150.jpg\",\"contentUrl\":\"https:\\\/\\\/fjala.info\\\/2009-2015\\\/wp-content\\\/uploads\\\/2012\\\/02\\\/arben_cokaj-120x150.jpg\",\"caption\":\"admin\"},\"description\":\"Admin, Fjala e Lir\u00eb\",\"sameAs\":[\"https:\\\/\\\/fjala.info\\\/\"],\"url\":\"https:\\\/\\\/fjala.info\\\/2009-2015\\\/author\\\/admin\\\/\"}]}<\/script>\n<!-- \/ Yoast SEO plugin. -->","yoast_head_json":{"title":"Dhuratat e fund-vitit - FjALA e LIR\u00cb - Arkivi","robots":{"index":"index","follow":"follow","max-snippet":"max-snippet:-1","max-image-preview":"max-image-preview:large","max-video-preview":"max-video-preview:-1"},"canonical":"https:\/\/fjala.info\/2009-2015\/dhuratat-e-fund-vitit\/","og_locale":"sq_AL","og_type":"article","og_title":"Dhuratat e fund-vitit - FjALA e LIR\u00cb - Arkivi","og_description":"Shekulli Online, 28.12.2010 Ne t\u00eb &#8220;SH2-it&#8221; k\u00ebt\u00eb vit menduam q\u00eb buxhetin ton\u00eb p\u00ebr dhuratat ta shpenzonim p\u00ebr&#8230; politikan\u00ebt. Gjynah! Punojn\u00eb shum\u00eb kodosh\u00ebt. Dhuratat ua kemi nisur me post\u00eb dhe besojm\u00eb q\u00eb sot do t\u00eb fillojn\u00eb t\u00eb shp\u00ebrndahen. Disa nga dhuratat q\u00eb u kemi \u00e7uar kemi vendosur t\u00eb mos i mbajm\u00eb sekret, ndaj po ua themi [&hellip;]","og_url":"https:\/\/fjala.info\/2009-2015\/dhuratat-e-fund-vitit\/","og_site_name":"FjALA e LIR\u00cb - Arkivi","article_published_time":"2010-12-28T21:37:33+00:00","og_image":[{"url":"http:\/\/fjala.shkoder.net\/wp-content\/uploads\/2010\/12\/meta_sala_pinok-300x232.jpg","type":"","width":"","height":""}],"author":"admin","twitter_card":"summary_large_image","twitter_misc":{"Written by":"admin","Est. reading time":"4 minutes"},"schema":{"@context":"https:\/\/schema.org","@graph":[{"@type":"Article","@id":"https:\/\/fjala.info\/2009-2015\/dhuratat-e-fund-vitit\/#article","isPartOf":{"@id":"https:\/\/fjala.info\/2009-2015\/dhuratat-e-fund-vitit\/"},"author":{"name":"admin","@id":"https:\/\/fjala.info\/2009-2015\/#\/schema\/person\/3aa1163ef05469c496fc94e77611ada2"},"headline":"Dhuratat e fund-vitit","datePublished":"2010-12-28T21:37:33+00:00","mainEntityOfPage":{"@id":"https:\/\/fjala.info\/2009-2015\/dhuratat-e-fund-vitit\/"},"wordCount":755,"commentCount":0,"publisher":{"@id":"https:\/\/fjala.info\/2009-2015\/#organization"},"image":{"@id":"https:\/\/fjala.info\/2009-2015\/dhuratat-e-fund-vitit\/#primaryimage"},"thumbnailUrl":"http:\/\/fjala.shkoder.net\/wp-content\/uploads\/2010\/12\/meta_sala_pinok-300x232.jpg","articleSection":["Artikuj"],"inLanguage":"sq-AL","potentialAction":[{"@type":"CommentAction","name":"Comment","target":["https:\/\/fjala.info\/2009-2015\/dhuratat-e-fund-vitit\/#respond"]}]},{"@type":"WebPage","@id":"https:\/\/fjala.info\/2009-2015\/dhuratat-e-fund-vitit\/","url":"https:\/\/fjala.info\/2009-2015\/dhuratat-e-fund-vitit\/","name":"Dhuratat e fund-vitit - FjALA e LIR\u00cb - Arkivi","isPartOf":{"@id":"https:\/\/fjala.info\/2009-2015\/#website"},"primaryImageOfPage":{"@id":"https:\/\/fjala.info\/2009-2015\/dhuratat-e-fund-vitit\/#primaryimage"},"image":{"@id":"https:\/\/fjala.info\/2009-2015\/dhuratat-e-fund-vitit\/#primaryimage"},"thumbnailUrl":"http:\/\/fjala.shkoder.net\/wp-content\/uploads\/2010\/12\/meta_sala_pinok-300x232.jpg","datePublished":"2010-12-28T21:37:33+00:00","breadcrumb":{"@id":"https:\/\/fjala.info\/2009-2015\/dhuratat-e-fund-vitit\/#breadcrumb"},"inLanguage":"sq-AL","potentialAction":[{"@type":"ReadAction","target":["https:\/\/fjala.info\/2009-2015\/dhuratat-e-fund-vitit\/"]}]},{"@type":"ImageObject","inLanguage":"sq-AL","@id":"https:\/\/fjala.info\/2009-2015\/dhuratat-e-fund-vitit\/#primaryimage","url":"http:\/\/fjala.shkoder.net\/wp-content\/uploads\/2010\/12\/meta_sala_pinok-300x232.jpg","contentUrl":"http:\/\/fjala.shkoder.net\/wp-content\/uploads\/2010\/12\/meta_sala_pinok-300x232.jpg"},{"@type":"BreadcrumbList","@id":"https:\/\/fjala.info\/2009-2015\/dhuratat-e-fund-vitit\/#breadcrumb","itemListElement":[{"@type":"ListItem","position":1,"name":"Home","item":"https:\/\/fjala.info\/2009-2015\/"},{"@type":"ListItem","position":2,"name":"Dhuratat e fund-vitit"}]},{"@type":"WebSite","@id":"https:\/\/fjala.info\/2009-2015\/#website","url":"https:\/\/fjala.info\/2009-2015\/","name":"FjALA e LIR\u00cb - Arkivi","description":"Arkivi 2009-2015","publisher":{"@id":"https:\/\/fjala.info\/2009-2015\/#organization"},"potentialAction":[{"@type":"SearchAction","target":{"@type":"EntryPoint","urlTemplate":"https:\/\/fjala.info\/2009-2015\/?s={search_term_string}"},"query-input":{"@type":"PropertyValueSpecification","valueRequired":true,"valueName":"search_term_string"}}],"inLanguage":"sq-AL"},{"@type":"Organization","@id":"https:\/\/fjala.info\/2009-2015\/#organization","name":"FjALA e LIR\u00cb - Arkivi","url":"https:\/\/fjala.info\/2009-2015\/","logo":{"@type":"ImageObject","inLanguage":"sq-AL","@id":"https:\/\/fjala.info\/2009-2015\/#\/schema\/logo\/image\/","url":"","contentUrl":"","caption":"FjALA e LIR\u00cb - Arkivi"},"image":{"@id":"https:\/\/fjala.info\/2009-2015\/#\/schema\/logo\/image\/"}},{"@type":"Person","@id":"https:\/\/fjala.info\/2009-2015\/#\/schema\/person\/3aa1163ef05469c496fc94e77611ada2","name":"admin","image":{"@type":"ImageObject","inLanguage":"sq-AL","@id":"https:\/\/fjala.info\/2009-2015\/wp-content\/uploads\/2012\/02\/arben_cokaj-120x150.jpg","url":"https:\/\/fjala.info\/2009-2015\/wp-content\/uploads\/2012\/02\/arben_cokaj-120x150.jpg","contentUrl":"https:\/\/fjala.info\/2009-2015\/wp-content\/uploads\/2012\/02\/arben_cokaj-120x150.jpg","caption":"admin"},"description":"Admin, Fjala e Lir\u00eb","sameAs":["https:\/\/fjala.info\/"],"url":"https:\/\/fjala.info\/2009-2015\/author\/admin\/"}]}},"_links":{"self":[{"href":"https:\/\/fjala.info\/2009-2015\/wp-json\/wp\/v2\/posts\/5404","targetHints":{"allow":["GET"]}}],"collection":[{"href":"https:\/\/fjala.info\/2009-2015\/wp-json\/wp\/v2\/posts"}],"about":[{"href":"https:\/\/fjala.info\/2009-2015\/wp-json\/wp\/v2\/types\/post"}],"author":[{"embeddable":true,"href":"https:\/\/fjala.info\/2009-2015\/wp-json\/wp\/v2\/users\/1"}],"replies":[{"embeddable":true,"href":"https:\/\/fjala.info\/2009-2015\/wp-json\/wp\/v2\/comments?post=5404"}],"version-history":[{"count":0,"href":"https:\/\/fjala.info\/2009-2015\/wp-json\/wp\/v2\/posts\/5404\/revisions"}],"wp:attachment":[{"href":"https:\/\/fjala.info\/2009-2015\/wp-json\/wp\/v2\/media?parent=5404"}],"wp:term":[{"taxonomy":"category","embeddable":true,"href":"https:\/\/fjala.info\/2009-2015\/wp-json\/wp\/v2\/categories?post=5404"},{"taxonomy":"post_tag","embeddable":true,"href":"https:\/\/fjala.info\/2009-2015\/wp-json\/wp\/v2\/tags?post=5404"}],"curies":[{"name":"wp","href":"https:\/\/api.w.org\/{rel}","templated":true}]}}