{"id":5390,"date":"2010-12-26T21:34:15","date_gmt":"2010-12-26T20:34:15","guid":{"rendered":"http:\/\/fjala.shkoder.net\/?p=5390"},"modified":"2010-12-26T21:34:15","modified_gmt":"2010-12-26T20:34:15","slug":"ose-ose","status":"publish","type":"post","link":"https:\/\/fjala.info\/2009-2015\/ose-ose\/","title":{"rendered":"Ose-ose"},"content":{"rendered":"<p><img loading=\"lazy\" decoding=\"async\" class=\"alignleft size-full wp-image-5226\" title=\"Albin Kurti\" src=\"http:\/\/fjala.shkoder.net\/wp-content\/uploads\/2010\/12\/albin_kurti2.jpg\" alt=\"\" width=\"150\" height=\"110\" \/><br \/>\n<strong>Albin Kurti<\/strong>, <em>26.12.2010<\/em><\/p>\n<p>Shum\u00eb\u00e7ka n\u00eb Kosov\u00eb po vihet n\u00eb funksion t\u00eb negociatave t\u00eb reja me Serbin\u00eb. Prej raportit t\u00eb Dick Marty-t e deri te koalicionet e mundshme qeveritare. Negociatat e paralajm\u00ebruara jan\u00eb shnd\u00ebrruar n\u00eb nj\u00eb ide rregullative q\u00eb organizon hapat politik\u00eb n\u00eb Kosov\u00eb e rreth Kosov\u00ebs.<\/p>\n<p>Raporti i Dick Marty-t tashm\u00eb e kreu pun\u00ebn e vet. N\u00eb nj\u00ebr\u00ebn an\u00eb e b\u00ebri edhe m\u00eb servil ish kryeministrin i cili tash \u00ebsht\u00eb m\u00eb i gatsh\u00ebm se kurr\u00eb m\u00eb par\u00eb q\u00eb t\u00eb takohet me Boris Tadiqin. Nd\u00ebrkaq, n\u00eb an\u00ebn tjet\u00ebr, ky raport q\u00eb mori dhen\u00eb n\u00eb t\u00eb gjitha mediat bot\u00ebrore krijoi p\u00ebrfytyrimin p\u00ebr shqiptar\u00ebt si bashk\u00ebfajtor\u00eb n\u00eb krimet e luft\u00ebs s\u00eb fundit n\u00eb Kosov\u00eb. Duke d\u00ebmtuar ep\u00ebrsin\u00eb morale t\u00eb shqiptar\u00ebve asfaltohet rruga e negociatave me Serbin\u00eb t\u00eb cilat pavar\u00ebsis\u00eb son\u00eb pa sovranitet ia kontestojn\u00eb edhe formalitetin.<\/p>\n<p>Po ashtu, t\u00eb gjitha ato parti q\u00eb synojn\u00eb t\u00eb hyjn\u00eb n\u00eb koalicionin e ardhsh\u00ebm qeveritar tashm\u00eb e kan\u00eb t\u00eb qart\u00eb se do t\u00eb jen\u00eb pjes\u00eb e nj\u00eb qeverie q\u00eb do t\u00eb b\u00ebj\u00eb pazar me Serbin\u00eb armike p\u00ebr vendin ton\u00eb Kosov\u00ebn. Pra, k\u00ebto parti e marrin si nj\u00eb fakt t\u00eb kryer q\u00eb Kosova s\u00ebrish po vihet n\u00eb tryez\u00ebn e negociatave me Serbin\u00eb dhe jan\u00eb t\u00eb preokupuara ve\u00e7se me postet e tyre n\u00eb qeverin\u00eb e ardhshme. K\u00ebshtu, shansi p\u00ebr ndarjen e brendshme t\u00eb ministrive fitoi prioritet mbi rrezikun e ndarjes s\u00eb brendshme t\u00eb Kosov\u00ebs.<\/p>\n<p>Vet\u00ebm paralajm\u00ebrimi i negociatave me Serbin\u00eb n\u00eb k\u00ebto koh\u00ebt e fundit e faktorizoi kaq shum\u00eb Serbin\u00eb n\u00eb Kosov\u00eb. Mund t\u00eb merret me mend se \u00e7far\u00eb do t\u00eb jet\u00eb ndikimi i Serbis\u00eb n\u00eb Kosov\u00eb p\u00ebrgjat\u00eb atyre negociatave e pas tyre. Dhe, k\u00ebtu nuk b\u00ebhet fjal\u00eb p\u00ebr ndikimin e p\u00ebrditsh\u00ebm t\u00eb Serbis\u00eb n\u00eb veri apo n\u00eb enklavat serbe, por p\u00ebr ndikimin e saj n\u00eb t\u00ebr\u00eb politik\u00ebn zyrtare t\u00eb Kosov\u00ebs. \u00cbsht\u00eb Prishtina e Kosov\u00ebs s\u00eb pavarur ajo q\u00eb po ndikohet nga Beogradi dhe jo vet\u00ebm Mitrovica e Gra\u00e7anica.<\/p>\n<p>M\u00ebnyra m\u00eb e mir\u00eb p\u00ebr ta hedhur posht\u00eb raportin e Dick Marty-t \u00ebsht\u00eb t\u00eb thuhet q\u00eb Kosova nuk do t\u00eb b\u00ebj\u00eb bisedime me Serbin\u00eb. Pra, t\u00eb thuhet: JO NEGOCIATA! M\u00ebnyra m\u00eb e mir\u00eb p\u00ebr ta pranuar raportin e Dick Marty-t \u00ebsht\u00eb q\u00eb Kosova t\u00eb shkoj\u00eb n\u00eb k\u00ebto negociata me Serbin\u00eb. Pra, t\u00eb thuhet: JO VET\u00cbVENDOSJE! Duke i pranuar negociatat me Serbin\u00eb p\u00ebr veten e saj, Kosova e v\u00eb n\u00eb pik\u00ebpyetje pavar\u00ebsin\u00eb e saj. Dhurat\u00eb m\u00eb t\u00eb mir\u00eb e m\u00eb t\u00eb madhe p\u00ebr Dick Marty-n e Serbin\u00eb nuk mund t\u00eb ket\u00eb.<\/p>\n<p>Jan\u00eb s\u00eb paku dhjet\u00eb arsye kapitale pse Kosova nuk duhet t\u00eb shkoj\u00eb n\u00eb negociata me Serbin\u00eb duke qen\u00eb se ato jan\u00eb krejt\u00ebsisht t\u00eb padrejta. Serbia nuk e pranon pavar\u00ebsin\u00eb e Kosov\u00ebs; Serbia nuk po e ndryshon kushtetut\u00ebn e saj ku shkruan q\u00eb Kosova \u00ebsht\u00eb pjes\u00eb e Serbis\u00eb; Serbia nuk i ka k\u00ebrkuar falje Kosov\u00ebs p\u00ebr krimet ndaj shqiptar\u00ebve p\u00ebrgjat\u00eb gjith\u00eb shekullit XX; Serbia nuk na i ka dor\u00ebzuar kriminel\u00ebt serb\u00eb t\u00eb luft\u00ebs; Serbia nuk na i ka kthyer trupat e rreth 1800 t\u00eb pagjeturve dhe nuk jep informacione p\u00ebr ta; Serbia nuk na i ka paguar d\u00ebmet e luft\u00ebs dhe okupimit; Serbia ua shkel t\u00eb drejtat shqiptar\u00ebve autokton\u00eb n\u00eb Lugin\u00ebn e Preshev\u00ebs dhe i shtyp ata; Serbia vazhdon t\u00b4i financoj\u00eb strukturat e saj ilegale n\u00eb Kosov\u00eb; Serbia nuk na e ka kthyer fondin pensional, depozitat bankare t\u00eb qytetar\u00ebve t\u00eb Kosov\u00ebs dhe librat kadastral\u00eb; dhe, n\u00eb Serbi jan\u00eb dhjet\u00ebra mij\u00ebra kriminel\u00eb serb\u00eb t\u00eb luft\u00ebrave t\u00eb viteve t\u00eb \u00b490-ta q\u00eb sh\u00ebtit\u00ebn t\u00eb lir\u00eb e t\u00eb pacenuar nga prokuroria e shtetit.<\/p>\n<p>Mir\u00ebpo, jan\u00eb edhe dy arsye t\u00eb tjera q\u00eb b\u00ebjn\u00eb q\u00eb k\u00ebto negociata t\u00eb jen\u00eb asimetrike, d.m.th. midis dy pal\u00ebve edhe nominalisht t\u00eb pabarabarta. S\u00eb pari, k\u00ebto negociata jan\u00eb negociata me Serbin\u00eb p\u00ebr Kosov\u00ebn dhe jo negociata me Serbin\u00eb edhe p\u00ebr Kosov\u00ebn edhe p\u00ebr Serbin\u00eb. Dhe, s\u00eb dyti, n\u00eb negociatat me Serbin\u00eb faktor\u00ebt nd\u00ebrkomb\u00ebtar\u00eb edhe nd\u00ebrmjet\u00ebsojn\u00eb edhe sundojn\u00eb me Kosov\u00ebn josovrane, por jo edhe me Serbin\u00eb.<\/p>\n<p>Ish kryeministri i ka vet\u00ebm dy mund\u00ebsi. T&#8217;i thot\u00eb jo negociatave me Serbin\u00eb, ta shp\u00ebtoj\u00eb Kosov\u00ebn dhe ta v\u00ebr\u00eb veten e tij n\u00eb rrezik meq\u00eb mandej do t\u00eb mund t&#8217;ia publikoj\u00eb t\u00eb gjitha t\u00eb palarat p\u00ebrmes t\u00eb cilave e kan\u00eb shantazhuar. Ose, t&#8217;i thot\u00eb po negociatave, t\u00eb blej\u00eb ca koh\u00eb p\u00ebr veten e tij, dhe ta d\u00ebmtoj\u00eb Kosov\u00ebn edhe p\u00ebrtej Planit fam\u00ebkeq 6 Pik\u00ebsh t\u00eb Ban Ki-moon-it. Me shpejt\u00ebsi po arrijm\u00eb n\u00eb momentin kur nuk mund t\u00eb shp\u00ebtohet edhe Kosova edhe ish kryeministri i saj. Ose-ose \u00ebsht\u00eb kjo situat\u00eb. A thua cil\u00ebn prej k\u00ebtyre dy mund\u00ebsive do t\u00eb zgjedh ish kryeministri? E di se t\u00eb gjith\u00ebve na duket q\u00eb me siguri e dim\u00eb p\u00ebrgjigjen p\u00ebr p\u00ebrgjigjen e ish-kryeministrit. Nga p\u00ebrvoja me t\u00eb e kemi.<\/p>\n","protected":false},"excerpt":{"rendered":"<p>Albin Kurti, 26.12.2010 Shum\u00eb\u00e7ka n\u00eb Kosov\u00eb po vihet n\u00eb funksion t\u00eb negociatave t\u00eb reja me Serbin\u00eb. Prej raportit t\u00eb Dick Marty-t e deri te koalicionet e mundshme qeveritare. Negociatat e paralajm\u00ebruara jan\u00eb shnd\u00ebrruar n\u00eb nj\u00eb ide rregullative q\u00eb organizon hapat politik\u00eb n\u00eb Kosov\u00eb e rreth Kosov\u00ebs. Raporti i Dick Marty-t tashm\u00eb e kreu pun\u00ebn e [&hellip;]<\/p>\n","protected":false},"author":1,"featured_media":0,"comment_status":"open","ping_status":"closed","sticky":false,"template":"","format":"standard","meta":{"footnotes":""},"categories":[2],"tags":[],"class_list":{"0":"post-5390","1":"post","2":"type-post","3":"status-publish","4":"format-standard","6":"category-artikuj"},"yoast_head":"<!-- This site is optimized with the Yoast SEO plugin v27.4 - https:\/\/yoast.com\/product\/yoast-seo-wordpress\/ -->\n<title>Ose-ose - FjALA e LIR\u00cb - Arkivi<\/title>\n<meta name=\"robots\" content=\"index, follow, max-snippet:-1, max-image-preview:large, max-video-preview:-1\" \/>\n<link rel=\"canonical\" href=\"https:\/\/fjala.info\/2009-2015\/ose-ose\/\" \/>\n<meta property=\"og:locale\" content=\"sq_AL\" \/>\n<meta property=\"og:type\" content=\"article\" \/>\n<meta property=\"og:title\" content=\"Ose-ose - FjALA e LIR\u00cb - Arkivi\" \/>\n<meta property=\"og:description\" content=\"Albin Kurti, 26.12.2010 Shum\u00eb\u00e7ka n\u00eb Kosov\u00eb po vihet n\u00eb funksion t\u00eb negociatave t\u00eb reja me Serbin\u00eb. Prej raportit t\u00eb Dick Marty-t e deri te koalicionet e mundshme qeveritare. Negociatat e paralajm\u00ebruara jan\u00eb shnd\u00ebrruar n\u00eb nj\u00eb ide rregullative q\u00eb organizon hapat politik\u00eb n\u00eb Kosov\u00eb e rreth Kosov\u00ebs. Raporti i Dick Marty-t tashm\u00eb e kreu pun\u00ebn e [&hellip;]\" \/>\n<meta property=\"og:url\" content=\"https:\/\/fjala.info\/2009-2015\/ose-ose\/\" \/>\n<meta property=\"og:site_name\" content=\"FjALA e LIR\u00cb - Arkivi\" \/>\n<meta property=\"article:published_time\" content=\"2010-12-26T20:34:15+00:00\" \/>\n<meta property=\"og:image\" content=\"http:\/\/fjala.shkoder.net\/wp-content\/uploads\/2010\/12\/albin_kurti2.jpg\" \/>\n<meta name=\"author\" content=\"admin\" \/>\n<meta name=\"twitter:card\" content=\"summary_large_image\" \/>\n<meta name=\"twitter:label1\" content=\"Written by\" \/>\n\t<meta name=\"twitter:data1\" content=\"admin\" \/>\n\t<meta name=\"twitter:label2\" content=\"Est. reading time\" \/>\n\t<meta name=\"twitter:data2\" content=\"4 minutes\" \/>\n<script type=\"application\/ld+json\" class=\"yoast-schema-graph\">{\"@context\":\"https:\\\/\\\/schema.org\",\"@graph\":[{\"@type\":\"Article\",\"@id\":\"https:\\\/\\\/fjala.info\\\/2009-2015\\\/ose-ose\\\/#article\",\"isPartOf\":{\"@id\":\"https:\\\/\\\/fjala.info\\\/2009-2015\\\/ose-ose\\\/\"},\"author\":{\"name\":\"admin\",\"@id\":\"https:\\\/\\\/fjala.info\\\/2009-2015\\\/#\\\/schema\\\/person\\\/3aa1163ef05469c496fc94e77611ada2\"},\"headline\":\"Ose-ose\",\"datePublished\":\"2010-12-26T20:34:15+00:00\",\"mainEntityOfPage\":{\"@id\":\"https:\\\/\\\/fjala.info\\\/2009-2015\\\/ose-ose\\\/\"},\"wordCount\":885,\"commentCount\":0,\"publisher\":{\"@id\":\"https:\\\/\\\/fjala.info\\\/2009-2015\\\/#organization\"},\"image\":{\"@id\":\"https:\\\/\\\/fjala.info\\\/2009-2015\\\/ose-ose\\\/#primaryimage\"},\"thumbnailUrl\":\"http:\\\/\\\/fjala.shkoder.net\\\/wp-content\\\/uploads\\\/2010\\\/12\\\/albin_kurti2.jpg\",\"articleSection\":[\"Artikuj\"],\"inLanguage\":\"sq-AL\",\"potentialAction\":[{\"@type\":\"CommentAction\",\"name\":\"Comment\",\"target\":[\"https:\\\/\\\/fjala.info\\\/2009-2015\\\/ose-ose\\\/#respond\"]}]},{\"@type\":\"WebPage\",\"@id\":\"https:\\\/\\\/fjala.info\\\/2009-2015\\\/ose-ose\\\/\",\"url\":\"https:\\\/\\\/fjala.info\\\/2009-2015\\\/ose-ose\\\/\",\"name\":\"Ose-ose - FjALA e LIR\u00cb - Arkivi\",\"isPartOf\":{\"@id\":\"https:\\\/\\\/fjala.info\\\/2009-2015\\\/#website\"},\"primaryImageOfPage\":{\"@id\":\"https:\\\/\\\/fjala.info\\\/2009-2015\\\/ose-ose\\\/#primaryimage\"},\"image\":{\"@id\":\"https:\\\/\\\/fjala.info\\\/2009-2015\\\/ose-ose\\\/#primaryimage\"},\"thumbnailUrl\":\"http:\\\/\\\/fjala.shkoder.net\\\/wp-content\\\/uploads\\\/2010\\\/12\\\/albin_kurti2.jpg\",\"datePublished\":\"2010-12-26T20:34:15+00:00\",\"breadcrumb\":{\"@id\":\"https:\\\/\\\/fjala.info\\\/2009-2015\\\/ose-ose\\\/#breadcrumb\"},\"inLanguage\":\"sq-AL\",\"potentialAction\":[{\"@type\":\"ReadAction\",\"target\":[\"https:\\\/\\\/fjala.info\\\/2009-2015\\\/ose-ose\\\/\"]}]},{\"@type\":\"ImageObject\",\"inLanguage\":\"sq-AL\",\"@id\":\"https:\\\/\\\/fjala.info\\\/2009-2015\\\/ose-ose\\\/#primaryimage\",\"url\":\"http:\\\/\\\/fjala.shkoder.net\\\/wp-content\\\/uploads\\\/2010\\\/12\\\/albin_kurti2.jpg\",\"contentUrl\":\"http:\\\/\\\/fjala.shkoder.net\\\/wp-content\\\/uploads\\\/2010\\\/12\\\/albin_kurti2.jpg\"},{\"@type\":\"BreadcrumbList\",\"@id\":\"https:\\\/\\\/fjala.info\\\/2009-2015\\\/ose-ose\\\/#breadcrumb\",\"itemListElement\":[{\"@type\":\"ListItem\",\"position\":1,\"name\":\"Home\",\"item\":\"https:\\\/\\\/fjala.info\\\/2009-2015\\\/\"},{\"@type\":\"ListItem\",\"position\":2,\"name\":\"Ose-ose\"}]},{\"@type\":\"WebSite\",\"@id\":\"https:\\\/\\\/fjala.info\\\/2009-2015\\\/#website\",\"url\":\"https:\\\/\\\/fjala.info\\\/2009-2015\\\/\",\"name\":\"FjALA e LIR\u00cb - Arkivi\",\"description\":\"Arkivi 2009-2015\",\"publisher\":{\"@id\":\"https:\\\/\\\/fjala.info\\\/2009-2015\\\/#organization\"},\"potentialAction\":[{\"@type\":\"SearchAction\",\"target\":{\"@type\":\"EntryPoint\",\"urlTemplate\":\"https:\\\/\\\/fjala.info\\\/2009-2015\\\/?s={search_term_string}\"},\"query-input\":{\"@type\":\"PropertyValueSpecification\",\"valueRequired\":true,\"valueName\":\"search_term_string\"}}],\"inLanguage\":\"sq-AL\"},{\"@type\":\"Organization\",\"@id\":\"https:\\\/\\\/fjala.info\\\/2009-2015\\\/#organization\",\"name\":\"FjALA e LIR\u00cb - Arkivi\",\"url\":\"https:\\\/\\\/fjala.info\\\/2009-2015\\\/\",\"logo\":{\"@type\":\"ImageObject\",\"inLanguage\":\"sq-AL\",\"@id\":\"https:\\\/\\\/fjala.info\\\/2009-2015\\\/#\\\/schema\\\/logo\\\/image\\\/\",\"url\":\"\",\"contentUrl\":\"\",\"caption\":\"FjALA e LIR\u00cb - Arkivi\"},\"image\":{\"@id\":\"https:\\\/\\\/fjala.info\\\/2009-2015\\\/#\\\/schema\\\/logo\\\/image\\\/\"}},{\"@type\":\"Person\",\"@id\":\"https:\\\/\\\/fjala.info\\\/2009-2015\\\/#\\\/schema\\\/person\\\/3aa1163ef05469c496fc94e77611ada2\",\"name\":\"admin\",\"image\":{\"@type\":\"ImageObject\",\"inLanguage\":\"sq-AL\",\"@id\":\"https:\\\/\\\/fjala.info\\\/2009-2015\\\/wp-content\\\/uploads\\\/2012\\\/02\\\/arben_cokaj-120x150.jpg\",\"url\":\"https:\\\/\\\/fjala.info\\\/2009-2015\\\/wp-content\\\/uploads\\\/2012\\\/02\\\/arben_cokaj-120x150.jpg\",\"contentUrl\":\"https:\\\/\\\/fjala.info\\\/2009-2015\\\/wp-content\\\/uploads\\\/2012\\\/02\\\/arben_cokaj-120x150.jpg\",\"caption\":\"admin\"},\"description\":\"Admin, Fjala e Lir\u00eb\",\"sameAs\":[\"https:\\\/\\\/fjala.info\\\/\"],\"url\":\"https:\\\/\\\/fjala.info\\\/2009-2015\\\/author\\\/admin\\\/\"}]}<\/script>\n<!-- \/ Yoast SEO plugin. -->","yoast_head_json":{"title":"Ose-ose - FjALA e LIR\u00cb - Arkivi","robots":{"index":"index","follow":"follow","max-snippet":"max-snippet:-1","max-image-preview":"max-image-preview:large","max-video-preview":"max-video-preview:-1"},"canonical":"https:\/\/fjala.info\/2009-2015\/ose-ose\/","og_locale":"sq_AL","og_type":"article","og_title":"Ose-ose - FjALA e LIR\u00cb - Arkivi","og_description":"Albin Kurti, 26.12.2010 Shum\u00eb\u00e7ka n\u00eb Kosov\u00eb po vihet n\u00eb funksion t\u00eb negociatave t\u00eb reja me Serbin\u00eb. Prej raportit t\u00eb Dick Marty-t e deri te koalicionet e mundshme qeveritare. Negociatat e paralajm\u00ebruara jan\u00eb shnd\u00ebrruar n\u00eb nj\u00eb ide rregullative q\u00eb organizon hapat politik\u00eb n\u00eb Kosov\u00eb e rreth Kosov\u00ebs. Raporti i Dick Marty-t tashm\u00eb e kreu pun\u00ebn e [&hellip;]","og_url":"https:\/\/fjala.info\/2009-2015\/ose-ose\/","og_site_name":"FjALA e LIR\u00cb - Arkivi","article_published_time":"2010-12-26T20:34:15+00:00","og_image":[{"url":"http:\/\/fjala.shkoder.net\/wp-content\/uploads\/2010\/12\/albin_kurti2.jpg","type":"","width":"","height":""}],"author":"admin","twitter_card":"summary_large_image","twitter_misc":{"Written by":"admin","Est. reading time":"4 minutes"},"schema":{"@context":"https:\/\/schema.org","@graph":[{"@type":"Article","@id":"https:\/\/fjala.info\/2009-2015\/ose-ose\/#article","isPartOf":{"@id":"https:\/\/fjala.info\/2009-2015\/ose-ose\/"},"author":{"name":"admin","@id":"https:\/\/fjala.info\/2009-2015\/#\/schema\/person\/3aa1163ef05469c496fc94e77611ada2"},"headline":"Ose-ose","datePublished":"2010-12-26T20:34:15+00:00","mainEntityOfPage":{"@id":"https:\/\/fjala.info\/2009-2015\/ose-ose\/"},"wordCount":885,"commentCount":0,"publisher":{"@id":"https:\/\/fjala.info\/2009-2015\/#organization"},"image":{"@id":"https:\/\/fjala.info\/2009-2015\/ose-ose\/#primaryimage"},"thumbnailUrl":"http:\/\/fjala.shkoder.net\/wp-content\/uploads\/2010\/12\/albin_kurti2.jpg","articleSection":["Artikuj"],"inLanguage":"sq-AL","potentialAction":[{"@type":"CommentAction","name":"Comment","target":["https:\/\/fjala.info\/2009-2015\/ose-ose\/#respond"]}]},{"@type":"WebPage","@id":"https:\/\/fjala.info\/2009-2015\/ose-ose\/","url":"https:\/\/fjala.info\/2009-2015\/ose-ose\/","name":"Ose-ose - FjALA e LIR\u00cb - Arkivi","isPartOf":{"@id":"https:\/\/fjala.info\/2009-2015\/#website"},"primaryImageOfPage":{"@id":"https:\/\/fjala.info\/2009-2015\/ose-ose\/#primaryimage"},"image":{"@id":"https:\/\/fjala.info\/2009-2015\/ose-ose\/#primaryimage"},"thumbnailUrl":"http:\/\/fjala.shkoder.net\/wp-content\/uploads\/2010\/12\/albin_kurti2.jpg","datePublished":"2010-12-26T20:34:15+00:00","breadcrumb":{"@id":"https:\/\/fjala.info\/2009-2015\/ose-ose\/#breadcrumb"},"inLanguage":"sq-AL","potentialAction":[{"@type":"ReadAction","target":["https:\/\/fjala.info\/2009-2015\/ose-ose\/"]}]},{"@type":"ImageObject","inLanguage":"sq-AL","@id":"https:\/\/fjala.info\/2009-2015\/ose-ose\/#primaryimage","url":"http:\/\/fjala.shkoder.net\/wp-content\/uploads\/2010\/12\/albin_kurti2.jpg","contentUrl":"http:\/\/fjala.shkoder.net\/wp-content\/uploads\/2010\/12\/albin_kurti2.jpg"},{"@type":"BreadcrumbList","@id":"https:\/\/fjala.info\/2009-2015\/ose-ose\/#breadcrumb","itemListElement":[{"@type":"ListItem","position":1,"name":"Home","item":"https:\/\/fjala.info\/2009-2015\/"},{"@type":"ListItem","position":2,"name":"Ose-ose"}]},{"@type":"WebSite","@id":"https:\/\/fjala.info\/2009-2015\/#website","url":"https:\/\/fjala.info\/2009-2015\/","name":"FjALA e LIR\u00cb - Arkivi","description":"Arkivi 2009-2015","publisher":{"@id":"https:\/\/fjala.info\/2009-2015\/#organization"},"potentialAction":[{"@type":"SearchAction","target":{"@type":"EntryPoint","urlTemplate":"https:\/\/fjala.info\/2009-2015\/?s={search_term_string}"},"query-input":{"@type":"PropertyValueSpecification","valueRequired":true,"valueName":"search_term_string"}}],"inLanguage":"sq-AL"},{"@type":"Organization","@id":"https:\/\/fjala.info\/2009-2015\/#organization","name":"FjALA e LIR\u00cb - Arkivi","url":"https:\/\/fjala.info\/2009-2015\/","logo":{"@type":"ImageObject","inLanguage":"sq-AL","@id":"https:\/\/fjala.info\/2009-2015\/#\/schema\/logo\/image\/","url":"","contentUrl":"","caption":"FjALA e LIR\u00cb - Arkivi"},"image":{"@id":"https:\/\/fjala.info\/2009-2015\/#\/schema\/logo\/image\/"}},{"@type":"Person","@id":"https:\/\/fjala.info\/2009-2015\/#\/schema\/person\/3aa1163ef05469c496fc94e77611ada2","name":"admin","image":{"@type":"ImageObject","inLanguage":"sq-AL","@id":"https:\/\/fjala.info\/2009-2015\/wp-content\/uploads\/2012\/02\/arben_cokaj-120x150.jpg","url":"https:\/\/fjala.info\/2009-2015\/wp-content\/uploads\/2012\/02\/arben_cokaj-120x150.jpg","contentUrl":"https:\/\/fjala.info\/2009-2015\/wp-content\/uploads\/2012\/02\/arben_cokaj-120x150.jpg","caption":"admin"},"description":"Admin, Fjala e Lir\u00eb","sameAs":["https:\/\/fjala.info\/"],"url":"https:\/\/fjala.info\/2009-2015\/author\/admin\/"}]}},"_links":{"self":[{"href":"https:\/\/fjala.info\/2009-2015\/wp-json\/wp\/v2\/posts\/5390","targetHints":{"allow":["GET"]}}],"collection":[{"href":"https:\/\/fjala.info\/2009-2015\/wp-json\/wp\/v2\/posts"}],"about":[{"href":"https:\/\/fjala.info\/2009-2015\/wp-json\/wp\/v2\/types\/post"}],"author":[{"embeddable":true,"href":"https:\/\/fjala.info\/2009-2015\/wp-json\/wp\/v2\/users\/1"}],"replies":[{"embeddable":true,"href":"https:\/\/fjala.info\/2009-2015\/wp-json\/wp\/v2\/comments?post=5390"}],"version-history":[{"count":0,"href":"https:\/\/fjala.info\/2009-2015\/wp-json\/wp\/v2\/posts\/5390\/revisions"}],"wp:attachment":[{"href":"https:\/\/fjala.info\/2009-2015\/wp-json\/wp\/v2\/media?parent=5390"}],"wp:term":[{"taxonomy":"category","embeddable":true,"href":"https:\/\/fjala.info\/2009-2015\/wp-json\/wp\/v2\/categories?post=5390"},{"taxonomy":"post_tag","embeddable":true,"href":"https:\/\/fjala.info\/2009-2015\/wp-json\/wp\/v2\/tags?post=5390"}],"curies":[{"name":"wp","href":"https:\/\/api.w.org\/{rel}","templated":true}]}}