{"id":5384,"date":"2010-12-25T23:30:13","date_gmt":"2010-12-25T22:30:13","guid":{"rendered":"http:\/\/fjala.shkoder.net\/?p=5384"},"modified":"2010-12-25T23:30:13","modified_gmt":"2010-12-25T22:30:13","slug":"i-tradhtuar-nga-deshirat-e-cmendura","status":"publish","type":"post","link":"https:\/\/fjala.info\/2009-2015\/i-tradhtuar-nga-deshirat-e-cmendura\/","title":{"rendered":"I tradhtuar nga d\u00ebshirat e \u00e7mendura"},"content":{"rendered":"<p><img loading=\"lazy\" decoding=\"async\" class=\"alignright size-full wp-image-4090\" title=\"Mero Baze\" src=\"http:\/\/fjala.shkoder.net\/wp-content\/uploads\/2010\/10\/mero_baze1.jpg\" alt=\"\" width=\"149\" height=\"200\" \/><br \/>\n<strong>Mero Baze<\/strong>, <em>24.12.2010<\/em><\/p>\n<p>Dje, \u00e7do njeri q\u00eb ka tentuar t\u00eb ndjek\u00eb punimet e Kuvendit t\u00eb Shqip\u00ebris\u00eb, ka ndjer\u00eb nevoj\u00ebn p\u00ebr t\u00eb pasur af\u00ebr nj\u00eb mjek psikiat\u00ebr.<\/p>\n<p><em>S\u00eb pari<\/em>, i duhej t\u00eb kuptonte a ishte g\u00ebzuar Sali Berisha v\u00ebrtet q\u00eb i ishin botuar fotot e tij dhe gruas s\u00eb tij me Familjen Hoxha n\u00eb pushime n\u00eb Pogradec, apo ishte n\u00ebn presionin e s\u00eb shkuar\u00ebs s\u00eb tij t\u00eb err\u00ebt, kur qeshte me vete me fjal\u00ebt p\u00ebr\u00e7art q\u00eb thoshte, dhe q\u00eb nuk i kuptonte askush n\u00eb at\u00eb sall\u00eb.<\/p>\n<p><em>S\u00eb dyti<\/em>, \u00e7dokujt i duhej t\u00eb kuptonte a ishte v\u00ebrtet i angazhuar Berisha sinqerisht p\u00ebr tu p\u00ebrgatitur p\u00ebr funeralin e Edi Ram\u00ebs, apo ishte n\u00ebn presionin e \u00ebndrr\u00ebs s\u00eb tij p\u00ebr t\u00eb zhdukur opozit\u00ebn dhe fliste me patos p\u00ebr nj\u00eb funeral dhe fjalim t\u00eb \u00ebnd\u00ebrruar, q\u00eb do t\u00eb mbante p\u00ebr kund\u00ebrshtarin e vet.<\/p>\n<p>Dhe mbi t\u00eb gjitha, \u00e7dokujt i duhej t\u00eb kuptonte, a ishte v\u00ebrtet i interesuar Sali Berisha t\u00eb pranonte projektin e opozit\u00ebs p\u00ebr transparenc\u00ebn e zgjedhjeve, apo ishte duke b\u00ebr\u00eb teat\u00ebr duke u marr\u00eb me n\u00ebnat, baballar\u00ebt, motrat dhe v\u00ebllez\u00ebrit e opozitar\u00ebve, me q\u00ebllim q\u00eb t\u00eb harrohet p\u00ebr nj\u00eb moment \u00e7far\u00eb po i b\u00ebn Shqip\u00ebris\u00eb vajza, djali, gruaja dhe sekser\u00ebt e tyre Shqip\u00ebris\u00eb.<\/p>\n<p>\u00c7\u00ebshtja e par\u00eb dukej q\u00eb e kishte tronditur seriozisht. Njeriu q\u00eb e urren aq shum\u00eb historin\u00eb q\u00eb e ka kund\u00ebr vetes, vet\u00ebm p\u00ebr shkak t\u00eb raportit t\u00eb pasinqert\u00eb q\u00eb ai ka me \u00e7do k\u00ebnd, q\u00eb ka p\u00ebrdorur n\u00eb k\u00ebt\u00eb vend p\u00ebr t&#8217;u ngjitur nj\u00eb shkall\u00eb m\u00eb lart, dje po p\u00ebrpiqej t\u00eb kthehej nga nj\u00eb njeri inferior q\u00eb rrinte k\u00ebmb\u00ebkryq dhe gjith\u00eb inferioritet n\u00eb krah t\u00eb f\u00ebmij\u00ebve t\u00eb Enver Hoxh\u00ebs, n\u00eb nj\u00eb njeri q\u00eb e pask\u00ebsh marr malli p\u00ebr ato koh\u00eb dhe donte t\u00eb rishikonte fotografit\u00eb origjinale.<\/p>\n<p>N\u00eb t\u00eb v\u00ebrtet\u00eb nj\u00eb kopje t\u00eb fotografive origjinale e ka n\u00eb sht\u00ebpin\u00eb e vet, s\u00eb bashku me nj\u00eb lib\u00ebr p\u00ebr infarktin miokardit, n\u00eb t\u00eb cilin po ashtu ka nj\u00eb dedikim p\u00ebr Sokolin dhe Liljan\u00ebn.<\/p>\n<p>Problemi i tij nuk \u00ebsht\u00eb se b\u00ebhet publike q\u00eb ishte nj\u00eb servil i f\u00ebmij\u00ebve t\u00eb Enver Hoxh\u00ebs. Problemi i tij \u00ebsht\u00eb se ai ka importuar n\u00eb nj\u00eb sistem demokratik rregullat e sjelljes me f\u00ebmij\u00ebt e diktator\u00ebve n\u00eb pushtet nga koha e komunizmit. Njeriu q\u00eb nuk i afrohej dot Enver Hoxh\u00ebs, ose si\u00e7 thot\u00eb Nexhmija, dhe nj\u00eb her\u00eb q\u00eb ju afrua, dhe i dha dor\u00ebn, nuk e lau nj\u00eb jav\u00eb q\u00eb mos ta prekte askush, u p\u00ebrpoq me aq sa mundi, me \u00e7do posht\u00ebrim t\u00eb personalitetit t\u00eb tij, t\u00eb b\u00ebhej mik i f\u00ebmij\u00ebve t\u00eb diktatorit. K\u00ebsaj duket se ja ka arritur.<\/p>\n<p>Ne q\u00eb i njohim tashm\u00eb n\u00eb liri f\u00ebmij\u00ebt e Enver Hoxh\u00ebs, e kuptojm\u00eb sa pak r\u00ebnd\u00ebsi reale ka pasur t\u00eb njihje ata realisht, por p\u00ebr tipin e Sali Berish\u00ebs ishte gjith\u00e7ka. K\u00ebto fotografi q\u00eb sot po botohen n\u00eb media kan\u00eb qarkulluar nga Sali Berisha der\u00eb m\u00eb der\u00eb, zyr\u00eb m\u00eb zyr\u00eb, zyrtar m\u00eb zyrtar p\u00ebr t&#8217;u zvarritur drejt pushtetit.<\/p>\n<p>Ishte miku i f\u00ebmij\u00ebve t\u00eb Diktatorit dhe kjo ishte nj\u00eb lloj leje p\u00ebr tu ngjitur, qoft\u00eb dhe duke u zvarritur. Kjo \u00ebsht\u00eb kaq e v\u00ebrtet\u00eb dhe e trash\u00ebgueshme n\u00eb familjen e tij sot, saq\u00eb pushteti real i tij sot kalon p\u00ebrmes f\u00ebmij\u00ebve. At\u00eb q\u00eb ai ka b\u00ebr\u00eb gjith\u00eb jet\u00ebn duke u zvarritur t&#8217;i merrte Liljan\u00ebs nj\u00eb buz\u00ebqeshje dhe Sokolit nj\u00eb sh\u00ebtitje me vark\u00eb, f\u00ebmij\u00ebt e tij sot e kan\u00eb kthyer n\u00eb art t\u00eb ushtrimit t\u00eb pushtetit, natyrisht me \u00e7mim tjet\u00ebr.<\/p>\n<p>Instinkti i karrier\u00ebs p\u00ebrmes f\u00ebmij\u00ebve \u00ebsht\u00eb sot kriter themelor n\u00eb Partin\u00eb Demokratike, dhe pushtetin e Sali Berish\u00ebs, natyrisht jo duke i buz\u00ebqeshur Argit\u00ebs apo duke b\u00ebr\u00eb xhiro me jaht me Shk\u00eblzenin, por duke i paguar ata.<\/p>\n<p>N\u00eb k\u00ebt\u00eb linj\u00eb po ec\u00ebn sot, jo vet\u00ebm karriera brenda Partis\u00eb Demokratike, por dhe gj\u00ebja m\u00eb elementare q\u00eb do t\u00eb p\u00ebrfitoj\u00eb dikush, qoft\u00eb ky dhe nga fisi i Sali Berish\u00ebs. Edhe burri i tezes s\u00eb Shk\u00eblzenit, apo ndryshe kunati i Liris\u00eb dhe baxhanaku i Berish\u00ebs, n\u00ebse i besojm\u00eb sinqeritetit t\u00eb dyshimt\u00eb t\u00eb Liri Berish\u00ebs, \u00ebsht\u00eb pun\u00ebsuar n\u00eb G\u00ebrdec pa leje t\u00eb Berish\u00ebs, por me miratim t\u00eb djalit.<\/p>\n<p>T\u00eb gjith\u00eb e kujtojm\u00eb intervist\u00ebn e saj, kur mori vesh q\u00eb kunati ishte vrar\u00eb. &#8220;<em>E zeza, si nuk ia tham\u00eb Saliut<\/em>&#8220;. Pra, linja e avancimit n\u00eb pushtet p\u00ebrmes f\u00ebmij\u00ebve, duket se nuk \u00ebsht\u00eb m\u00eb nj\u00eb kujtim historik q\u00eb e trazon Sali Berish\u00ebn p\u00ebr shkak t\u00eb zvarritjes pas djemve t\u00eb Enver Hoxh\u00ebs, por dhe nj\u00eb praktik\u00eb reale pushteti q\u00eb po e aplikon si shum\u00eb gj\u00ebra t\u00eb Enver Hoxh\u00ebs me f\u00ebmij\u00ebt e tij, t\u00eb cil\u00ebt jan\u00eb kthyer n\u00eb m\u00ebnyr\u00ebn e vetme p\u00ebr t\u00eb b\u00ebr\u00eb karrier\u00eb n\u00eb PD dhe biznes n\u00eb k\u00ebt\u00eb vend.<\/p>\n<p>Problemi i tij i dyt\u00eb psikologjik, q\u00eb na \u00e7on n\u00eb nj\u00eb spirale t\u00eb frikshme t\u00eb subkoshinec\u00ebs s\u00eb tij, \u00ebsht\u00eb arkivoli i Edi Ram\u00ebs dhe fjalimi nekrologjik &#8220;me i miri i gjith\u00eb koh\u00ebrave&#8221; n\u00eb vdekjen e tij.<\/p>\n<p>Rr\u00ebfimi i tij i trukuar para Kuvendit p\u00ebr k\u00ebt\u00eb \u00e7\u00ebshtje d\u00ebshmon qart\u00eb se \u00e7far\u00eb \u00ebnd\u00ebrron ky njeri kur pushon dhe ulet t\u00eb \u00e7lodhet n\u00eb kolltukun e sht\u00ebpis\u00eb pas pun\u00ebs. As m\u00eb shum\u00eb dhe as m\u00eb pak se sa nj\u00eb vdekje t\u00eb kund\u00ebrshtarit dhe nj\u00eb ceremoni varrimi, ku ky t\u00eb mbaj\u00eb edhe fjalimin.<\/p>\n<p>S&#8217;di pse m\u00eb kujtoi kjo sken\u00eb dit\u00ebn e vrasjes s\u00eb Azem Hajdarit, dhe nj\u00eb njeriu t\u00eb af\u00ebrt t\u00eb Liri Berish\u00ebs, q\u00eb i b\u00ebri i fundit telefonat\u00ebn p\u00ebr ta nxjerr\u00eb nga zyra e tij, p\u00ebrpara PD-s\u00eb, ku nj\u00eb band\u00eb njer\u00ebzish t\u00eb eg\u00ebrsuar me Sali Berish\u00ebn prisnin daljen e tij, dhe jo t\u00eb Azemit. Ky njeri pa l\u00ebvizur nga vendi n\u00eb kolltuk, sapo d\u00ebgjoi krismat tha &#8220;<em>E vran\u00eb Azemin<\/em>&#8220;. E dinte! Dhe pastaj mbajti nj\u00eb fjalim v\u00ebrtet t\u00eb magjish\u00ebm, t\u00eb p\u00ebrmotsh\u00ebm, hakmarr\u00ebs dhe triumfues nj\u00ebkoh\u00ebsisht. Ja kishte arritur dit\u00ebs.<\/p>\n<p>E kishte t\u00eb vdekur at\u00eb q\u00eb e rrezikonte dhe q\u00eb priti plumbat n\u00eb vend t\u00eb tij. Kjo me sa duket \u00ebsht\u00eb dhe \u00ebndrra e tij p\u00ebr Edi Ram\u00ebn, apo p\u00ebr \u00e7do kund\u00ebrshtar t\u00eb tij. Ideja se mund t&#8217;u ofroj\u00eb nj\u00eb vend p\u00ebr t\u00eb vdekur dhe nj\u00eb ceremoni, ku t\u00eb l\u00ebvdoj\u00eb ikjen e tyre nga kjo bot\u00eb.<\/p>\n<p>Nuk di cili mjek psikiat\u00ebr n\u00eb Per\u00ebndim do ta linte t\u00eb lir\u00eb k\u00ebt\u00eb vras\u00ebs potencialisht t\u00eb rreziksh\u00ebm, por di t\u00eb them se ky njeri \u00ebsht\u00eb n\u00eb zyr\u00ebn e kryeministrit t\u00eb vendit tim, dhe \u00ebsht\u00eb akoma i lir\u00eb.<\/p>\n<p><em>S\u00eb treti<\/em>, nuk dua t\u00eb humbas koh\u00eb me banalitetin e refuzimit t\u00eb Komisionit Hetimor p\u00ebr zgjedhjet. Kjo ishte e vetmja gj\u00eb e pritshme prej tij, dhe jasht\u00eb kompetencave t\u00eb mjek\u00ebve psikiat\u00ebr, ishte di\u00e7ka e parashikueshme. E reja e refuzimit dje n\u00eb Kuvend kishte t\u00eb b\u00ebnte vet\u00ebm me faktin se pasojat e d\u00ebshtimit t\u00eb kompromisit, ishin marr\u00eb paradh\u00ebnie me refuzimin e statusit t\u00eb Shqip\u00ebris\u00eb si vend kandidat p\u00ebr Bashkimin Evropian.<\/p>\n<p>Tani kur e shikon k\u00eb kemi n\u00eb krye t\u00eb vendit, dhe \u00e7far\u00eb p\u00ebrpjekjesh po b\u00ebn Evropa t\u00eb pastroj\u00eb lider\u00ebt problematik nga Ballkani Per\u00ebndimor, \u00ebsht\u00eb m\u00eb mir\u00eb q\u00eb na ka l\u00ebn\u00eb jasht\u00eb Evrop\u00ebs, duke qen\u00eb vet\u00eb n\u00eb krye t\u00eb vendit, pasi \u00ebsht\u00eb abuzim i madh me vlerat per\u00ebndimore, t\u00eb tentosh t\u00eb trokas\u00ebsh n\u00eb nj\u00eb sht\u00ebpi normale, me nj\u00eb njeri anormal n\u00eb krye.<\/p>\n<p>S\u00eb paku k\u00ebshtu jemi viktima t\u00eb tij, kurse me k\u00ebt\u00eb n\u00eb krye brenda Evrop\u00ebs do ishim viktima t\u00eb Evrop\u00ebs, pasi do keqkuptoheshim si komb i \u00e7mendur. Le t\u00eb shp\u00ebtojm\u00eb nj\u00eb her\u00eb prej tij, se na i hap vet\u00eb dyert Evropa.<\/p>\n","protected":false},"excerpt":{"rendered":"<p>Mero Baze, 24.12.2010 Dje, \u00e7do njeri q\u00eb ka tentuar t\u00eb ndjek\u00eb punimet e Kuvendit t\u00eb Shqip\u00ebris\u00eb, ka ndjer\u00eb nevoj\u00ebn p\u00ebr t\u00eb pasur af\u00ebr nj\u00eb mjek psikiat\u00ebr. S\u00eb pari, i duhej t\u00eb kuptonte a ishte g\u00ebzuar Sali Berisha v\u00ebrtet q\u00eb i ishin botuar fotot e tij dhe gruas s\u00eb tij me Familjen Hoxha n\u00eb pushime n\u00eb [&hellip;]<\/p>\n","protected":false},"author":1,"featured_media":0,"comment_status":"open","ping_status":"closed","sticky":false,"template":"","format":"standard","meta":{"footnotes":""},"categories":[2],"tags":[],"class_list":{"0":"post-5384","1":"post","2":"type-post","3":"status-publish","4":"format-standard","6":"category-artikuj"},"yoast_head":"<!-- This site is optimized with the Yoast SEO plugin v27.4 - https:\/\/yoast.com\/product\/yoast-seo-wordpress\/ -->\n<title>I tradhtuar nga d\u00ebshirat e \u00e7mendura - FjALA e LIR\u00cb - Arkivi<\/title>\n<meta name=\"robots\" content=\"index, follow, max-snippet:-1, max-image-preview:large, max-video-preview:-1\" \/>\n<link rel=\"canonical\" href=\"https:\/\/fjala.info\/2009-2015\/i-tradhtuar-nga-deshirat-e-cmendura\/\" \/>\n<meta property=\"og:locale\" content=\"sq_AL\" \/>\n<meta property=\"og:type\" content=\"article\" \/>\n<meta property=\"og:title\" content=\"I tradhtuar nga d\u00ebshirat e \u00e7mendura - FjALA e LIR\u00cb - Arkivi\" \/>\n<meta property=\"og:description\" content=\"Mero Baze, 24.12.2010 Dje, \u00e7do njeri q\u00eb ka tentuar t\u00eb ndjek\u00eb punimet e Kuvendit t\u00eb Shqip\u00ebris\u00eb, ka ndjer\u00eb nevoj\u00ebn p\u00ebr t\u00eb pasur af\u00ebr nj\u00eb mjek psikiat\u00ebr. S\u00eb pari, i duhej t\u00eb kuptonte a ishte g\u00ebzuar Sali Berisha v\u00ebrtet q\u00eb i ishin botuar fotot e tij dhe gruas s\u00eb tij me Familjen Hoxha n\u00eb pushime n\u00eb [&hellip;]\" \/>\n<meta property=\"og:url\" content=\"https:\/\/fjala.info\/2009-2015\/i-tradhtuar-nga-deshirat-e-cmendura\/\" \/>\n<meta property=\"og:site_name\" content=\"FjALA e LIR\u00cb - Arkivi\" \/>\n<meta property=\"article:published_time\" content=\"2010-12-25T22:30:13+00:00\" \/>\n<meta property=\"og:image\" content=\"http:\/\/fjala.shkoder.net\/wp-content\/uploads\/2010\/10\/mero_baze1.jpg\" \/>\n<meta name=\"author\" content=\"admin\" \/>\n<meta name=\"twitter:card\" content=\"summary_large_image\" \/>\n<meta name=\"twitter:label1\" content=\"Written by\" \/>\n\t<meta name=\"twitter:data1\" content=\"admin\" \/>\n\t<meta name=\"twitter:label2\" content=\"Est. reading time\" \/>\n\t<meta name=\"twitter:data2\" content=\"7 minutes\" \/>\n<script type=\"application\/ld+json\" class=\"yoast-schema-graph\">{\"@context\":\"https:\\\/\\\/schema.org\",\"@graph\":[{\"@type\":\"Article\",\"@id\":\"https:\\\/\\\/fjala.info\\\/2009-2015\\\/i-tradhtuar-nga-deshirat-e-cmendura\\\/#article\",\"isPartOf\":{\"@id\":\"https:\\\/\\\/fjala.info\\\/2009-2015\\\/i-tradhtuar-nga-deshirat-e-cmendura\\\/\"},\"author\":{\"name\":\"admin\",\"@id\":\"https:\\\/\\\/fjala.info\\\/2009-2015\\\/#\\\/schema\\\/person\\\/3aa1163ef05469c496fc94e77611ada2\"},\"headline\":\"I tradhtuar nga d\u00ebshirat e \u00e7mendura\",\"datePublished\":\"2010-12-25T22:30:13+00:00\",\"mainEntityOfPage\":{\"@id\":\"https:\\\/\\\/fjala.info\\\/2009-2015\\\/i-tradhtuar-nga-deshirat-e-cmendura\\\/\"},\"wordCount\":1411,\"commentCount\":0,\"publisher\":{\"@id\":\"https:\\\/\\\/fjala.info\\\/2009-2015\\\/#organization\"},\"image\":{\"@id\":\"https:\\\/\\\/fjala.info\\\/2009-2015\\\/i-tradhtuar-nga-deshirat-e-cmendura\\\/#primaryimage\"},\"thumbnailUrl\":\"http:\\\/\\\/fjala.shkoder.net\\\/wp-content\\\/uploads\\\/2010\\\/10\\\/mero_baze1.jpg\",\"articleSection\":[\"Artikuj\"],\"inLanguage\":\"sq-AL\",\"potentialAction\":[{\"@type\":\"CommentAction\",\"name\":\"Comment\",\"target\":[\"https:\\\/\\\/fjala.info\\\/2009-2015\\\/i-tradhtuar-nga-deshirat-e-cmendura\\\/#respond\"]}]},{\"@type\":\"WebPage\",\"@id\":\"https:\\\/\\\/fjala.info\\\/2009-2015\\\/i-tradhtuar-nga-deshirat-e-cmendura\\\/\",\"url\":\"https:\\\/\\\/fjala.info\\\/2009-2015\\\/i-tradhtuar-nga-deshirat-e-cmendura\\\/\",\"name\":\"I tradhtuar nga d\u00ebshirat e \u00e7mendura - FjALA e LIR\u00cb - Arkivi\",\"isPartOf\":{\"@id\":\"https:\\\/\\\/fjala.info\\\/2009-2015\\\/#website\"},\"primaryImageOfPage\":{\"@id\":\"https:\\\/\\\/fjala.info\\\/2009-2015\\\/i-tradhtuar-nga-deshirat-e-cmendura\\\/#primaryimage\"},\"image\":{\"@id\":\"https:\\\/\\\/fjala.info\\\/2009-2015\\\/i-tradhtuar-nga-deshirat-e-cmendura\\\/#primaryimage\"},\"thumbnailUrl\":\"http:\\\/\\\/fjala.shkoder.net\\\/wp-content\\\/uploads\\\/2010\\\/10\\\/mero_baze1.jpg\",\"datePublished\":\"2010-12-25T22:30:13+00:00\",\"breadcrumb\":{\"@id\":\"https:\\\/\\\/fjala.info\\\/2009-2015\\\/i-tradhtuar-nga-deshirat-e-cmendura\\\/#breadcrumb\"},\"inLanguage\":\"sq-AL\",\"potentialAction\":[{\"@type\":\"ReadAction\",\"target\":[\"https:\\\/\\\/fjala.info\\\/2009-2015\\\/i-tradhtuar-nga-deshirat-e-cmendura\\\/\"]}]},{\"@type\":\"ImageObject\",\"inLanguage\":\"sq-AL\",\"@id\":\"https:\\\/\\\/fjala.info\\\/2009-2015\\\/i-tradhtuar-nga-deshirat-e-cmendura\\\/#primaryimage\",\"url\":\"http:\\\/\\\/fjala.shkoder.net\\\/wp-content\\\/uploads\\\/2010\\\/10\\\/mero_baze1.jpg\",\"contentUrl\":\"http:\\\/\\\/fjala.shkoder.net\\\/wp-content\\\/uploads\\\/2010\\\/10\\\/mero_baze1.jpg\"},{\"@type\":\"BreadcrumbList\",\"@id\":\"https:\\\/\\\/fjala.info\\\/2009-2015\\\/i-tradhtuar-nga-deshirat-e-cmendura\\\/#breadcrumb\",\"itemListElement\":[{\"@type\":\"ListItem\",\"position\":1,\"name\":\"Home\",\"item\":\"https:\\\/\\\/fjala.info\\\/2009-2015\\\/\"},{\"@type\":\"ListItem\",\"position\":2,\"name\":\"I tradhtuar nga d\u00ebshirat e \u00e7mendura\"}]},{\"@type\":\"WebSite\",\"@id\":\"https:\\\/\\\/fjala.info\\\/2009-2015\\\/#website\",\"url\":\"https:\\\/\\\/fjala.info\\\/2009-2015\\\/\",\"name\":\"FjALA e LIR\u00cb - Arkivi\",\"description\":\"Arkivi 2009-2015\",\"publisher\":{\"@id\":\"https:\\\/\\\/fjala.info\\\/2009-2015\\\/#organization\"},\"potentialAction\":[{\"@type\":\"SearchAction\",\"target\":{\"@type\":\"EntryPoint\",\"urlTemplate\":\"https:\\\/\\\/fjala.info\\\/2009-2015\\\/?s={search_term_string}\"},\"query-input\":{\"@type\":\"PropertyValueSpecification\",\"valueRequired\":true,\"valueName\":\"search_term_string\"}}],\"inLanguage\":\"sq-AL\"},{\"@type\":\"Organization\",\"@id\":\"https:\\\/\\\/fjala.info\\\/2009-2015\\\/#organization\",\"name\":\"FjALA e LIR\u00cb - Arkivi\",\"url\":\"https:\\\/\\\/fjala.info\\\/2009-2015\\\/\",\"logo\":{\"@type\":\"ImageObject\",\"inLanguage\":\"sq-AL\",\"@id\":\"https:\\\/\\\/fjala.info\\\/2009-2015\\\/#\\\/schema\\\/logo\\\/image\\\/\",\"url\":\"\",\"contentUrl\":\"\",\"caption\":\"FjALA e LIR\u00cb - Arkivi\"},\"image\":{\"@id\":\"https:\\\/\\\/fjala.info\\\/2009-2015\\\/#\\\/schema\\\/logo\\\/image\\\/\"}},{\"@type\":\"Person\",\"@id\":\"https:\\\/\\\/fjala.info\\\/2009-2015\\\/#\\\/schema\\\/person\\\/3aa1163ef05469c496fc94e77611ada2\",\"name\":\"admin\",\"image\":{\"@type\":\"ImageObject\",\"inLanguage\":\"sq-AL\",\"@id\":\"https:\\\/\\\/fjala.info\\\/2009-2015\\\/wp-content\\\/uploads\\\/2012\\\/02\\\/arben_cokaj-120x150.jpg\",\"url\":\"https:\\\/\\\/fjala.info\\\/2009-2015\\\/wp-content\\\/uploads\\\/2012\\\/02\\\/arben_cokaj-120x150.jpg\",\"contentUrl\":\"https:\\\/\\\/fjala.info\\\/2009-2015\\\/wp-content\\\/uploads\\\/2012\\\/02\\\/arben_cokaj-120x150.jpg\",\"caption\":\"admin\"},\"description\":\"Admin, Fjala e Lir\u00eb\",\"sameAs\":[\"https:\\\/\\\/fjala.info\\\/\"],\"url\":\"https:\\\/\\\/fjala.info\\\/2009-2015\\\/author\\\/admin\\\/\"}]}<\/script>\n<!-- \/ Yoast SEO plugin. -->","yoast_head_json":{"title":"I tradhtuar nga d\u00ebshirat e \u00e7mendura - FjALA e LIR\u00cb - Arkivi","robots":{"index":"index","follow":"follow","max-snippet":"max-snippet:-1","max-image-preview":"max-image-preview:large","max-video-preview":"max-video-preview:-1"},"canonical":"https:\/\/fjala.info\/2009-2015\/i-tradhtuar-nga-deshirat-e-cmendura\/","og_locale":"sq_AL","og_type":"article","og_title":"I tradhtuar nga d\u00ebshirat e \u00e7mendura - FjALA e LIR\u00cb - Arkivi","og_description":"Mero Baze, 24.12.2010 Dje, \u00e7do njeri q\u00eb ka tentuar t\u00eb ndjek\u00eb punimet e Kuvendit t\u00eb Shqip\u00ebris\u00eb, ka ndjer\u00eb nevoj\u00ebn p\u00ebr t\u00eb pasur af\u00ebr nj\u00eb mjek psikiat\u00ebr. S\u00eb pari, i duhej t\u00eb kuptonte a ishte g\u00ebzuar Sali Berisha v\u00ebrtet q\u00eb i ishin botuar fotot e tij dhe gruas s\u00eb tij me Familjen Hoxha n\u00eb pushime n\u00eb [&hellip;]","og_url":"https:\/\/fjala.info\/2009-2015\/i-tradhtuar-nga-deshirat-e-cmendura\/","og_site_name":"FjALA e LIR\u00cb - Arkivi","article_published_time":"2010-12-25T22:30:13+00:00","og_image":[{"url":"http:\/\/fjala.shkoder.net\/wp-content\/uploads\/2010\/10\/mero_baze1.jpg","type":"","width":"","height":""}],"author":"admin","twitter_card":"summary_large_image","twitter_misc":{"Written by":"admin","Est. reading time":"7 minutes"},"schema":{"@context":"https:\/\/schema.org","@graph":[{"@type":"Article","@id":"https:\/\/fjala.info\/2009-2015\/i-tradhtuar-nga-deshirat-e-cmendura\/#article","isPartOf":{"@id":"https:\/\/fjala.info\/2009-2015\/i-tradhtuar-nga-deshirat-e-cmendura\/"},"author":{"name":"admin","@id":"https:\/\/fjala.info\/2009-2015\/#\/schema\/person\/3aa1163ef05469c496fc94e77611ada2"},"headline":"I tradhtuar nga d\u00ebshirat e \u00e7mendura","datePublished":"2010-12-25T22:30:13+00:00","mainEntityOfPage":{"@id":"https:\/\/fjala.info\/2009-2015\/i-tradhtuar-nga-deshirat-e-cmendura\/"},"wordCount":1411,"commentCount":0,"publisher":{"@id":"https:\/\/fjala.info\/2009-2015\/#organization"},"image":{"@id":"https:\/\/fjala.info\/2009-2015\/i-tradhtuar-nga-deshirat-e-cmendura\/#primaryimage"},"thumbnailUrl":"http:\/\/fjala.shkoder.net\/wp-content\/uploads\/2010\/10\/mero_baze1.jpg","articleSection":["Artikuj"],"inLanguage":"sq-AL","potentialAction":[{"@type":"CommentAction","name":"Comment","target":["https:\/\/fjala.info\/2009-2015\/i-tradhtuar-nga-deshirat-e-cmendura\/#respond"]}]},{"@type":"WebPage","@id":"https:\/\/fjala.info\/2009-2015\/i-tradhtuar-nga-deshirat-e-cmendura\/","url":"https:\/\/fjala.info\/2009-2015\/i-tradhtuar-nga-deshirat-e-cmendura\/","name":"I tradhtuar nga d\u00ebshirat e \u00e7mendura - FjALA e LIR\u00cb - Arkivi","isPartOf":{"@id":"https:\/\/fjala.info\/2009-2015\/#website"},"primaryImageOfPage":{"@id":"https:\/\/fjala.info\/2009-2015\/i-tradhtuar-nga-deshirat-e-cmendura\/#primaryimage"},"image":{"@id":"https:\/\/fjala.info\/2009-2015\/i-tradhtuar-nga-deshirat-e-cmendura\/#primaryimage"},"thumbnailUrl":"http:\/\/fjala.shkoder.net\/wp-content\/uploads\/2010\/10\/mero_baze1.jpg","datePublished":"2010-12-25T22:30:13+00:00","breadcrumb":{"@id":"https:\/\/fjala.info\/2009-2015\/i-tradhtuar-nga-deshirat-e-cmendura\/#breadcrumb"},"inLanguage":"sq-AL","potentialAction":[{"@type":"ReadAction","target":["https:\/\/fjala.info\/2009-2015\/i-tradhtuar-nga-deshirat-e-cmendura\/"]}]},{"@type":"ImageObject","inLanguage":"sq-AL","@id":"https:\/\/fjala.info\/2009-2015\/i-tradhtuar-nga-deshirat-e-cmendura\/#primaryimage","url":"http:\/\/fjala.shkoder.net\/wp-content\/uploads\/2010\/10\/mero_baze1.jpg","contentUrl":"http:\/\/fjala.shkoder.net\/wp-content\/uploads\/2010\/10\/mero_baze1.jpg"},{"@type":"BreadcrumbList","@id":"https:\/\/fjala.info\/2009-2015\/i-tradhtuar-nga-deshirat-e-cmendura\/#breadcrumb","itemListElement":[{"@type":"ListItem","position":1,"name":"Home","item":"https:\/\/fjala.info\/2009-2015\/"},{"@type":"ListItem","position":2,"name":"I tradhtuar nga d\u00ebshirat e \u00e7mendura"}]},{"@type":"WebSite","@id":"https:\/\/fjala.info\/2009-2015\/#website","url":"https:\/\/fjala.info\/2009-2015\/","name":"FjALA e LIR\u00cb - Arkivi","description":"Arkivi 2009-2015","publisher":{"@id":"https:\/\/fjala.info\/2009-2015\/#organization"},"potentialAction":[{"@type":"SearchAction","target":{"@type":"EntryPoint","urlTemplate":"https:\/\/fjala.info\/2009-2015\/?s={search_term_string}"},"query-input":{"@type":"PropertyValueSpecification","valueRequired":true,"valueName":"search_term_string"}}],"inLanguage":"sq-AL"},{"@type":"Organization","@id":"https:\/\/fjala.info\/2009-2015\/#organization","name":"FjALA e LIR\u00cb - Arkivi","url":"https:\/\/fjala.info\/2009-2015\/","logo":{"@type":"ImageObject","inLanguage":"sq-AL","@id":"https:\/\/fjala.info\/2009-2015\/#\/schema\/logo\/image\/","url":"","contentUrl":"","caption":"FjALA e LIR\u00cb - Arkivi"},"image":{"@id":"https:\/\/fjala.info\/2009-2015\/#\/schema\/logo\/image\/"}},{"@type":"Person","@id":"https:\/\/fjala.info\/2009-2015\/#\/schema\/person\/3aa1163ef05469c496fc94e77611ada2","name":"admin","image":{"@type":"ImageObject","inLanguage":"sq-AL","@id":"https:\/\/fjala.info\/2009-2015\/wp-content\/uploads\/2012\/02\/arben_cokaj-120x150.jpg","url":"https:\/\/fjala.info\/2009-2015\/wp-content\/uploads\/2012\/02\/arben_cokaj-120x150.jpg","contentUrl":"https:\/\/fjala.info\/2009-2015\/wp-content\/uploads\/2012\/02\/arben_cokaj-120x150.jpg","caption":"admin"},"description":"Admin, Fjala e Lir\u00eb","sameAs":["https:\/\/fjala.info\/"],"url":"https:\/\/fjala.info\/2009-2015\/author\/admin\/"}]}},"_links":{"self":[{"href":"https:\/\/fjala.info\/2009-2015\/wp-json\/wp\/v2\/posts\/5384","targetHints":{"allow":["GET"]}}],"collection":[{"href":"https:\/\/fjala.info\/2009-2015\/wp-json\/wp\/v2\/posts"}],"about":[{"href":"https:\/\/fjala.info\/2009-2015\/wp-json\/wp\/v2\/types\/post"}],"author":[{"embeddable":true,"href":"https:\/\/fjala.info\/2009-2015\/wp-json\/wp\/v2\/users\/1"}],"replies":[{"embeddable":true,"href":"https:\/\/fjala.info\/2009-2015\/wp-json\/wp\/v2\/comments?post=5384"}],"version-history":[{"count":0,"href":"https:\/\/fjala.info\/2009-2015\/wp-json\/wp\/v2\/posts\/5384\/revisions"}],"wp:attachment":[{"href":"https:\/\/fjala.info\/2009-2015\/wp-json\/wp\/v2\/media?parent=5384"}],"wp:term":[{"taxonomy":"category","embeddable":true,"href":"https:\/\/fjala.info\/2009-2015\/wp-json\/wp\/v2\/categories?post=5384"},{"taxonomy":"post_tag","embeddable":true,"href":"https:\/\/fjala.info\/2009-2015\/wp-json\/wp\/v2\/tags?post=5384"}],"curies":[{"name":"wp","href":"https:\/\/api.w.org\/{rel}","templated":true}]}}