{"id":5381,"date":"2010-12-25T23:24:33","date_gmt":"2010-12-25T22:24:33","guid":{"rendered":"http:\/\/fjala.shkoder.net\/?p=5381"},"modified":"2010-12-25T23:24:33","modified_gmt":"2010-12-25T22:24:33","slug":"do-te-flase-me-saliu-per-bllokqene","status":"publish","type":"post","link":"https:\/\/fjala.info\/2009-2015\/do-te-flase-me-saliu-per-bllokqene\/","title":{"rendered":"Do t\u00eb flas\u00eb m\u00eb Saliu p\u00ebr bllokqen\u00eb?"},"content":{"rendered":"<p><img loading=\"lazy\" decoding=\"async\" class=\"alignleft size-thumbnail wp-image-4130\" title=\"Mustafa Nano\" src=\"http:\/\/fjala.shkoder.net\/wp-content\/uploads\/2010\/10\/mustafa_nano-150x150.jpg\" alt=\"\" width=\"150\" height=\"150\" \/><br \/>\n<strong>Mustafa Nano<\/strong>, <em>24.12.2010<\/em><\/p>\n<p>Mbr\u00ebm\u00eb, me t\u00eb marr\u00eb vesh se nj\u00eb foto e tij mes familjar\u00ebve t\u00eb Enver Hoxh\u00ebs kish r\u00ebn\u00eb n\u00eb duart e gazetar\u00ebve, Berisha ka marr\u00eb n\u00eb telefon Liljan\u00ebn, me t\u00eb cil\u00ebn koh\u00ebt e fundit ka patur rast t\u00eb shk\u00ebmbej\u00eb ca batuta kamerateske a miq\u00ebsore lidhur me ngjarjet e dhjetorit. Nga e di un\u00eb q\u00eb \u00ebsht\u00eb zhvilluar kjo bised\u00eb?<\/p>\n<p>Nuk kam nga ta di. Por jam gati t\u00eb v\u00eb dor\u00ebn n\u00eb zjarr q\u00eb \u00ebsht\u00eb b\u00ebr\u00eb. N\u00eb mos ka folur me Liljan\u00ebn, ka folur me siguri me nj\u00ebrin nga djemt\u00eb e Enverit, me t\u00eb cil\u00ebt merret vesh m\u00eb n\u00eb fund se i lidhka nj\u00eb miq\u00ebsi e nj\u00eb komplicitet i hersh\u00ebm. Pun\u00eb bllokmen\u00ebsh. M\u00eb falni, pun\u00eb bllokmen\u00ebsh t\u00eb shoq\u00ebruar nga nj\u00eb qen i tyre, shkurt bllokqen.<\/p>\n<p>Me siguri, sapo jua kan\u00eb z\u00ebn\u00eb syt\u00eb k\u00ebt\u00eb foto, keni patur ngasjen p\u00ebr ta komentuar. \u00cbsht\u00eb ngasja m\u00eb natyrale. K\u00ebt\u00eb kishin b\u00ebr\u00eb tek Shekulli. Dhe Mero Baze k\u00ebt\u00eb kish b\u00ebr\u00eb: e kish komentuar me pak fjal\u00eb n\u00eb stilin e d\u00e9j\u00e0 vu-s\u00eb sime televizive. Nuk e kam par\u00eb programin Fiks Fare, q\u00eb \u00ebsht\u00eb autori i scoop-it, por dhe Saimiri me doktorin duhen ta ken\u00eb komentuar n\u00eb m\u00ebnyr\u00ebn e tyre.<\/p>\n<p>Shikojeni bllokqenin ton\u00eb. A thoni se n\u00eb k\u00ebt\u00eb foto \u00ebsht\u00eb duke menduar akoma \u00c7ekosllovakin\u00eb e fundit t\u00eb viteve &#8216;960, e cila paska q\u00ebn\u00eb rrethana q\u00eb e ka nxitur dhe motivuar t\u00eb b\u00ebhej komunist n\u00eb mosh\u00ebn 22 vje\u00e7are (k\u00ebshtu rr\u00ebfeu s\u00eb fundmi)? M\u00eb ka b\u00ebr\u00eb p\u00ebr t\u00eb qeshur ajo deklarat\u00eb, ashtu si\u00e7 m\u00eb b\u00ebjn\u00eb p\u00ebr t\u00eb qeshur t\u00eb gjitha deklaratat e tij t\u00eb natyr\u00ebs autobiografike.<\/p>\n<p>G\u00ebnjen si n\u00eb karadak, do thosh nj\u00eb miku im. Flet p\u00ebr zgjedhje, q\u00ebndrime, rreshtime e trim\u00ebrira t\u00eb tijat, dhe p\u00ebr \u00e7udi nuk ka asnj\u00eb d\u00ebshmitar. Ja, m\u00eb thoni, ka dal\u00eb ndonj\u00eb shqiptar p\u00ebr t\u00eb pohuar pretendimin e Saliut, dmth p\u00ebr t\u00eb pohuar se po, e di dhe ai, q\u00eb n\u00eb at\u00eb koh\u00eb Sali u trishtua shum\u00eb prej fatit t\u00eb Dub\u00e7ekut? Asnj\u00eb p\u00ebr be.<br \/>\nPor nuk \u00ebsht\u00eb kjo q\u00eb m\u00eb \u00e7udit s\u00eb shumti. Ka nj\u00eb gj\u00eb tjet\u00ebr.<\/p>\n<p>Pyes: si \u00ebsht\u00eb e mundur q\u00eb kjo foto del me kaq vones\u00eb? Si \u00ebsht\u00eb e mundur q\u00eb nuk ka dal\u00eb ndonj\u00eb njeri e ta d\u00ebshmoj\u00eb k\u00ebt\u00eb marr\u00ebdh\u00ebnie me familjen e &#8220;diktatorit m\u00eb t\u00eb eg\u00ebr q\u00eb ka njohur bota&#8221; (jan\u00eb t\u00eb Saliut t\u00eb k\u00ebto fjal\u00eb, dhe jan\u00eb t\u00eb vetmet fjal\u00eb t\u00eb v\u00ebrteta q\u00eb ka th\u00ebn\u00eb n\u00eb jet\u00ebn e vet; dhe \u00ebsht\u00eb ndyr\u00ebsi kur tjetri e thot\u00eb ndonj\u00eb t\u00eb v\u00ebrtet\u00eb vet\u00ebm e thjesht p\u00ebr t\u00eb maskuar q\u00ebllimet dhe jet\u00ebn e vet t\u00eb ndyr\u00eb)?<\/p>\n<p>Si i ka mbajtur vendi d\u00ebshmitar\u00ebt e k\u00ebtyre ngjarjeve, teksa kan\u00eb par\u00eb Saliun t\u00eb vjell\u00eb zjarr e vrer putativ kund\u00ebr komunizmit, enverizmit, e bllokut? Nuk ka d\u00ebshmitar\u00eb? Ou, si s&#8217;paska?<\/p>\n<p>Dakord, jan\u00eb n\u00eb Drilon n\u00eb zon\u00ebn ku rrinin ve\u00e7 bllokmen\u00ebt e ndonj\u00eb bllokqen, por bash p\u00ebr k\u00ebt\u00eb arsye d\u00ebshmitar\u00ebt duhet t\u00eb ken\u00eb q\u00ebn\u00eb m\u00eb t\u00eb v\u00ebmendsh\u00ebm. Duhet t\u00eb jen\u00eb nj\u00eb duzin\u00eb.<\/p>\n<p>Pa \u00ebsht\u00eb fotografi, pa jan\u00eb shoq\u00ebruesit e familjes Hoxha, pa jan\u00eb oficer\u00eb e ushtar\u00eb q\u00eb ruanin familjen dhe sht\u00ebpin\u00eb, pa jan\u00eb dhe t\u00eb tjer\u00eb. Ja, nj\u00ebri syresh \u00ebsht\u00eb Ramis Alia, i cili nuk ka asnj\u00eb gjas\u00eb q\u00eb t\u00eb mos e ket\u00eb ditur k\u00ebt\u00eb marr\u00ebdh\u00ebnie, dhe kurr\u00eb s&#8217;e ka hapur goj\u00ebn. Ja, fjala vjen, nj\u00eb tjet\u00ebr syresh \u00ebsht\u00eb Isuf Kalo, i cili e ka d\u00ebgjuar Saliun t\u00eb \u00e7irret kund\u00ebr bllokmen\u00ebve e bllokqen\u00ebve, e ka d\u00ebgjuar t\u00eb mohoj\u00eb q\u00eb ka patur lidhje me bllokun e me familjen e diktatorit, dhe nuk ka b\u00ebzajtur. Pse nuk ka b\u00ebzajtur?<\/p>\n<p>Hm, s\u00eb pari njer\u00ebz t\u00eb till\u00eb, p\u00ebr shkak t\u00eb jet\u00ebs q\u00eb kan\u00eb b\u00ebr\u00eb, nuk kan\u00eb nj\u00eb esht\u00ebr morale. S\u00eb dyti, kan\u00eb frik\u00eb nga Saliu. Po, po, frik\u00eb n\u00eb kuptimin g\u00ebrm\u00eb p\u00ebr g\u00ebrm\u00eb t\u00eb fjal\u00ebs. Pik\u00ebrisht k\u00ebt\u00eb ka b\u00ebr\u00eb Saliu gjat\u00eb nj\u00ebzet viteve t\u00eb fundit: ka mbjell\u00eb nj\u00eb klim\u00eb frike p\u00ebr t\u00eb gjith\u00eb.<\/p>\n<p>E ka b\u00ebr\u00eb k\u00ebt\u00eb edhe kur ka q\u00ebn\u00eb n\u00eb pushtet, edhe kur ka q\u00ebn\u00eb n\u00eb opozit\u00eb. Kjo frik\u00eb do t\u00eb zhduket bashk\u00eb me Saliun, dhe vet\u00ebm at\u00ebher\u00eb shqiptar\u00ebt do t\u00eb marrin vesh se \u00e7far\u00eb qelb\u00ebsire kolosale ka q\u00ebn\u00eb ky njeri, vet\u00ebm at\u00ebher\u00eb do t\u00eb marrin vesh se ky i ka b\u00ebr\u00eb t\u00eb gjitha gj\u00ebrat e ndyra t\u00eb k\u00ebsaj bote, ka vjedhur, ka vrar\u00eb, ka mashtruar, ka derdhur lot\u00eb krokodili, etj.<\/p>\n<p>E dini \u00e7&#8217;mendova tjet\u00ebr kur pash\u00eb k\u00ebto foto, t\u00eb cilave s&#8217;do kish arsye t&#8217;u jepnim ndonj\u00eb pesh\u00eb, n\u00ebse s&#8217;do t\u00eb nxirrnin n\u00eb shesh nj\u00eb realitet e ca marr\u00ebdh\u00ebnie t\u00eb mohuara, e n\u00ebse s&#8217;do t\u00eb sh\u00ebrbenin si denoncim i nj\u00eb mashtruesi e demagogu t\u00eb pafytyr\u00eb? Mendova: Po \u00e7far\u00eb dreq familjeje \u00ebsht\u00eb kjo familja &#8220;Berisha&#8221;?<\/p>\n<p>Si mund t\u00eb jetoj\u00eb e gjith\u00eb familja n\u00eb mes t\u00eb nj\u00eb hipokrizie totale? \u00c7&#8217;\u00ebsht\u00eb ky m.. &#8216;kodi familjar&#8217; i ngritur mbi g\u00ebnjeshtr\u00ebn e mashtrimin? I b\u00ebj k\u00ebto pyetje pasi, nd\u00ebrkoh\u00eb q\u00eb Saliu ka folur p\u00ebr bllokmen\u00eb e p\u00ebr bllokqen\u00eb, gruaja, vajza e djali i tij e kan\u00eb ditur historin\u00eb e lidhjes s\u00eb familjes s\u00eb tyre me lagjen e bllokut (n\u00eb mos tjet\u00ebr, kan\u00eb par\u00eb fotot, apo jo?).<\/p>\n<p>Pyetje tjet\u00ebr: \u00c7far\u00eb do t\u00eb thon\u00eb berishian\u00ebt n\u00eb k\u00ebto rrethana? \u00cbsht\u00eb e kot\u00eb t\u00eb pres\u00ebsh ndonj\u00eb reagim nga berishian\u00ebt. Un\u00eb ka koh\u00eb q\u00eb e kam hequr shpres\u00ebn. Kush ka patur mend e dinjitet, nuk ka patur nevoj\u00eb p\u00ebr prova t\u00eb tilla p\u00ebr t\u00eb legjitimuar ndarjen nga Saliu.<\/p>\n<p>Rrjedhimisht, ata q\u00eb kan\u00eb mbetur, tok me dhjetorist\u00ebt e famsh\u00ebm q\u00eb celebrojn\u00eb fest\u00ebn me bllokqenin Sali, do t\u00eb sillen si gjthmon\u00eb. \u00c7far\u00ebdo e v\u00ebrtete komprometuese t\u00eb dal\u00eb p\u00ebr Saliun, berishian\u00ebt do t\u00eb jen\u00eb aty, p\u00ebr ta mbrojtur.<\/p>\n<p>Pse? Shum\u00eb arsye. Nj\u00eb \u00ebsht\u00eb klima e frik\u00ebs, p\u00ebr t\u00eb cil\u00ebn fola. U dridhen leqet nga Saliu, m\u00eb sakt\u00eb nga banda kriminale e Saliut. Ose s\u00eb dyti, jan\u00eb njer\u00ebz q\u00eb duan t\u00eb jen\u00eb n\u00eb pushtet, q\u00eb duan t\u00eb vjedhin e pla\u00e7kisin. Ose s\u00eb treti jan\u00eb njer\u00ebz q\u00eb kan\u00eb nevoj\u00eb p\u00ebr mbrojtje, dhe k\u00ebt\u00eb mbrojtje e p\u00ebrfitojn\u00eb me pash\u00eb ve\u00e7 duke i dal\u00eb n\u00eb mbrojtje Saliut n\u00eb \u00e7do rrethan\u00eb.<\/p>\n<p>Ose s\u00eb kat\u00ebrti, Saliu ka dosje p\u00ebr secilin, dhe n\u00eb k\u00ebto dosje flitet p\u00ebr bashk\u00ebpunimin e tyre me sigurimin e shtetit, me SHIK-un e Gazidedes, me grupe hajdut\u00ebsh, mafioz\u00ebsh e kriminel\u00ebsh. Saliu ua di t\u00eb gjitha fije e p\u00ebr pe. Thon\u00eb se Saliu ua di ca zullume me sigurimin e me SHIK-un edhe ca njer\u00ebzve t\u00eb tjer\u00eb q\u00eb mbahen me t\u00eb madh n\u00eb k\u00ebt\u00eb Shqip\u00ebrin\u00eb ton\u00eb.<\/p>\n<p>Thon\u00eb se dosjet e tyre i ka djegur, por ata o ngaq\u00eb jan\u00eb mir\u00ebnjoh\u00ebs, o ngaq\u00eb nuk e besojn\u00eb se mund t&#8217;i ket\u00eb djegur (tok me dosjet e veta: dihet tanim\u00eb, dhe \u00ebsht\u00eb e provuar q\u00eb Saliu s&#8217;ka q\u00ebn\u00eb vet\u00ebm nj\u00eb bllokqen; ai ka q\u00ebn\u00eb dhe denonciator e d\u00ebshmitar n\u00eb gjyqe politike, ka prova p\u00ebr k\u00ebt\u00eb, ka dhe d\u00ebshmi t\u00eb filmuara e t\u00eb regjistruara por, si\u00e7 e thash\u00eb, p\u00ebr k\u00ebto do flitet kur Saliu t\u00eb mos jet\u00eb m\u00eb), vazhdojn\u00eb ta mb\u00ebshtesin; ose t\u00eb mos e kritikojn\u00eb p\u00ebr \u00e7mendurirat q\u00eb b\u00ebn n\u00eb k\u00ebt\u00eb vend.<\/p>\n<p>Po e mbyll me nj\u00eb ngjarje tjet\u00ebr q\u00eb ka lidhje me ngjarjen n\u00eb fjal\u00eb. Lexova k\u00ebto dit\u00eb librin e fundit t\u00eb Fatos Kongolit. \u00cbsht\u00eb autobiografik. Titullohet &#8220;Iluzione n\u00eb sirtar&#8221;. Kam lexuar q\u00eb ndokush e ka qortuar n\u00eb gazeta autorin dhe librin n\u00eb fjal\u00eb, por sipas meje ky lib\u00ebr duhet t\u00eb shkaktoj\u00eb nj\u00eb shock kulturor n\u00eb k\u00ebt\u00eb vend.<\/p>\n<p>Duhet ta shkaktoj\u00eb, por nuk di n\u00ebse mund ta b\u00ebj\u00eb, pasi k\u00ebtejpari nuk ndodhin tronditje; k\u00ebtejpari \u00e7do gj\u00eb \u00ebsht\u00eb nj\u00eb ligatin\u00eb, ku uji i ndenjur \u00ebsht\u00eb p\u00ebrzjer\u00eb me lluc\u00ebn, dhe kaq.<\/p>\n<p>N\u00eb k\u00ebt\u00eb lib\u00ebr Kongoli kalon n\u00eb revist\u00eb jet\u00ebn e vet, dhe ndalet p\u00ebrgjith\u00ebsisht tek momentet shum\u00eb delikate e tek dob\u00ebsit\u00eb e veta. Shkurt, i bie vetes bam, e bam, e bam, gj\u00eb q\u00eb nuk \u00ebsht\u00eb shqiptare. Kongoli pra \u00ebsht\u00eb e kund\u00ebrta e Saliut. Ky i fundit e fsheh jet\u00ebn e vet, nd\u00ebrsa Kongoli e nxjerr n\u00eb shesh.<\/p>\n<p>Nxjerr n\u00eb shesh edhe faktin q\u00eb ka q\u00ebn\u00eb d\u00ebshmitar n\u00eb gjyqin q\u00eb i \u00ebsht\u00eb b\u00ebr\u00eb dikujt p\u00ebr motive politike. Duhet t\u00eb ket\u00eb q\u00ebn\u00eb d\u00ebshmitar bash n\u00eb at\u00eb koh\u00eb, kur Berisha b\u00ebnte shetitje n\u00eb Drilon me f\u00ebmij\u00ebt e diktatorit (kjo \u00ebsht\u00eb nj\u00eb p\u00ebrkitje pa asnj\u00eb dometh\u00ebnie; thjesht e thash\u00eb, ngaq\u00eb k\u00ebshtu m\u00eb rezulton). Ky fakt i jet\u00ebs s\u00eb tij nuk \u00ebsht\u00eb publikuar asnj\u00ebher\u00eb.<\/p>\n<p>\u00cbsht\u00eb Kongoli vet\u00eb q\u00eb e thot\u00eb. \u00cbsht\u00eb nj\u00eb hesap, q\u00eb ai e ka pasur me veten, dhe q\u00eb me k\u00ebt\u00eb lib\u00ebr e ka lar\u00eb. I ka b\u00ebr\u00eb d\u00ebm vetes? Sipas meje, absolutisht jo. P\u00ebrkundrazi, Kongoli n\u00eb syt\u00eb e mij \u00ebsht\u00eb rritur pas k\u00ebtij libri; ka marr\u00eb gati form\u00ebn e nj\u00eb autoriteti moral.<br \/>\nE thash\u00eb k\u00ebt\u00eb p\u00ebr t\u00eb n\u00ebnvizuar nj\u00eb p\u00ebrfundim.<\/p>\n<p>N\u00ebse ka njer\u00ebz t\u00eb varur tek Berisha p\u00ebr shkak t\u00eb s\u00eb kaluar\u00ebs s\u00eb tyre (bashk\u00ebpunim me Sigurimin e shtetit, d\u00ebshmi e denoncime n\u00ebp\u00ebr gjyqe, etj, etj), ka vet\u00ebm nj\u00eb m\u00ebnyr\u00eb p\u00ebr t\u00eb shp\u00ebtuar: t\u00eb rr\u00ebfehen e t\u00eb b\u00ebjn\u00eb nj\u00eb mea culpa. Kongoli nuk e ka b\u00ebr\u00eb p\u00ebr k\u00ebt\u00eb (s&#8217;ka gj\u00eb se politikisht ka q\u00ebn\u00eb gjithnj\u00eb af\u00ebr Berish\u00ebs).<\/p>\n<p>Kongoli e ka b\u00ebr\u00eb p\u00ebr nj\u00eb q\u00ebndrim a zgjedhje etike, morale, kulturore, p\u00ebr t\u00eb cil\u00ebn ia vlen t\u00eb diskutohet gjat\u00eb n\u00eb k\u00ebt\u00eb vend. \u00cbsht\u00eb nj\u00eb lib\u00ebr q\u00eb ta jep k\u00ebt\u00eb shans, dhe shoq\u00ebria shqiptare nuk duhet ta l\u00ebr\u00eb t&#8217;i ik\u00eb.<\/p>\n<p>Nd\u00ebrsa berishian\u00ebt duhet t\u00eb ndjekin shembullin e Kongolit. Jo p\u00ebr t\u00eb shp\u00ebtuar nga vetja, jo p\u00ebr nj\u00eb vetshqyrtim moral n\u00eb planin personal me synimin p\u00ebr t\u00eb p\u00ebrcjell\u00eb leksione publike, jo p\u00ebr t\u00eb p\u00ebrcjell\u00eb mesazhin se heroin nga dhjaksi, dhe persekutorin nga viktima n\u00eb koh\u00ebt e regjimit t\u00eb Enver Hoxh\u00ebs i ndante shpesh nj\u00eb fije e holl\u00eb.<\/p>\n<p>Jo, jo, jo p\u00ebr k\u00ebto arsye (ky \u00ebsht\u00eb rasti i Kongolit), por thjesht p\u00ebr t\u00eb shp\u00ebtuar nga Berisha. Kan\u00eb p\u00ebr ta b\u00ebr\u00eb? Jo? Epo le t\u00eb rrin\u00eb aty, pran\u00eb asaj k\u00ebrme, era e s\u00eb cil\u00ebs po kut\u00ebrbon dynjan\u00eb.<\/p>\n<p>*<em>E plot\u00eb mund t\u00eb lexohet n\u00eb ResPublika<\/em>.<\/p>\n","protected":false},"excerpt":{"rendered":"<p>Mustafa Nano, 24.12.2010 Mbr\u00ebm\u00eb, me t\u00eb marr\u00eb vesh se nj\u00eb foto e tij mes familjar\u00ebve t\u00eb Enver Hoxh\u00ebs kish r\u00ebn\u00eb n\u00eb duart e gazetar\u00ebve, Berisha ka marr\u00eb n\u00eb telefon Liljan\u00ebn, me t\u00eb cil\u00ebn koh\u00ebt e fundit ka patur rast t\u00eb shk\u00ebmbej\u00eb ca batuta kamerateske a miq\u00ebsore lidhur me ngjarjet e dhjetorit. Nga e di un\u00eb [&hellip;]<\/p>\n","protected":false},"author":1,"featured_media":0,"comment_status":"open","ping_status":"closed","sticky":false,"template":"","format":"standard","meta":{"footnotes":""},"categories":[2],"tags":[],"class_list":{"0":"post-5381","1":"post","2":"type-post","3":"status-publish","4":"format-standard","6":"category-artikuj"},"yoast_head":"<!-- This site is optimized with the Yoast SEO plugin v27.4 - https:\/\/yoast.com\/product\/yoast-seo-wordpress\/ -->\n<title>Do t\u00eb flas\u00eb m\u00eb Saliu p\u00ebr bllokqen\u00eb? - FjALA e LIR\u00cb - Arkivi<\/title>\n<meta name=\"robots\" content=\"index, follow, max-snippet:-1, max-image-preview:large, max-video-preview:-1\" \/>\n<link rel=\"canonical\" href=\"https:\/\/fjala.info\/2009-2015\/do-te-flase-me-saliu-per-bllokqene\/\" \/>\n<meta property=\"og:locale\" content=\"sq_AL\" \/>\n<meta property=\"og:type\" content=\"article\" \/>\n<meta property=\"og:title\" content=\"Do t\u00eb flas\u00eb m\u00eb Saliu p\u00ebr bllokqen\u00eb? - FjALA e LIR\u00cb - Arkivi\" \/>\n<meta property=\"og:description\" content=\"Mustafa Nano, 24.12.2010 Mbr\u00ebm\u00eb, me t\u00eb marr\u00eb vesh se nj\u00eb foto e tij mes familjar\u00ebve t\u00eb Enver Hoxh\u00ebs kish r\u00ebn\u00eb n\u00eb duart e gazetar\u00ebve, Berisha ka marr\u00eb n\u00eb telefon Liljan\u00ebn, me t\u00eb cil\u00ebn koh\u00ebt e fundit ka patur rast t\u00eb shk\u00ebmbej\u00eb ca batuta kamerateske a miq\u00ebsore lidhur me ngjarjet e dhjetorit. Nga e di un\u00eb [&hellip;]\" \/>\n<meta property=\"og:url\" content=\"https:\/\/fjala.info\/2009-2015\/do-te-flase-me-saliu-per-bllokqene\/\" \/>\n<meta property=\"og:site_name\" content=\"FjALA e LIR\u00cb - Arkivi\" \/>\n<meta property=\"article:published_time\" content=\"2010-12-25T22:24:33+00:00\" \/>\n<meta property=\"og:image\" content=\"http:\/\/fjala.shkoder.net\/wp-content\/uploads\/2010\/10\/mustafa_nano-150x150.jpg\" \/>\n<meta name=\"author\" content=\"admin\" \/>\n<meta name=\"twitter:card\" content=\"summary_large_image\" \/>\n<meta name=\"twitter:label1\" content=\"Written by\" \/>\n\t<meta name=\"twitter:data1\" content=\"admin\" \/>\n\t<meta name=\"twitter:label2\" content=\"Est. reading time\" \/>\n\t<meta name=\"twitter:data2\" content=\"9 minutes\" \/>\n<script type=\"application\/ld+json\" class=\"yoast-schema-graph\">{\"@context\":\"https:\\\/\\\/schema.org\",\"@graph\":[{\"@type\":\"Article\",\"@id\":\"https:\\\/\\\/fjala.info\\\/2009-2015\\\/do-te-flase-me-saliu-per-bllokqene\\\/#article\",\"isPartOf\":{\"@id\":\"https:\\\/\\\/fjala.info\\\/2009-2015\\\/do-te-flase-me-saliu-per-bllokqene\\\/\"},\"author\":{\"name\":\"admin\",\"@id\":\"https:\\\/\\\/fjala.info\\\/2009-2015\\\/#\\\/schema\\\/person\\\/3aa1163ef05469c496fc94e77611ada2\"},\"headline\":\"Do t\u00eb flas\u00eb m\u00eb Saliu p\u00ebr bllokqen\u00eb?\",\"datePublished\":\"2010-12-25T22:24:33+00:00\",\"mainEntityOfPage\":{\"@id\":\"https:\\\/\\\/fjala.info\\\/2009-2015\\\/do-te-flase-me-saliu-per-bllokqene\\\/\"},\"wordCount\":1889,\"commentCount\":0,\"publisher\":{\"@id\":\"https:\\\/\\\/fjala.info\\\/2009-2015\\\/#organization\"},\"image\":{\"@id\":\"https:\\\/\\\/fjala.info\\\/2009-2015\\\/do-te-flase-me-saliu-per-bllokqene\\\/#primaryimage\"},\"thumbnailUrl\":\"http:\\\/\\\/fjala.shkoder.net\\\/wp-content\\\/uploads\\\/2010\\\/10\\\/mustafa_nano-150x150.jpg\",\"articleSection\":[\"Artikuj\"],\"inLanguage\":\"sq-AL\",\"potentialAction\":[{\"@type\":\"CommentAction\",\"name\":\"Comment\",\"target\":[\"https:\\\/\\\/fjala.info\\\/2009-2015\\\/do-te-flase-me-saliu-per-bllokqene\\\/#respond\"]}]},{\"@type\":\"WebPage\",\"@id\":\"https:\\\/\\\/fjala.info\\\/2009-2015\\\/do-te-flase-me-saliu-per-bllokqene\\\/\",\"url\":\"https:\\\/\\\/fjala.info\\\/2009-2015\\\/do-te-flase-me-saliu-per-bllokqene\\\/\",\"name\":\"Do t\u00eb flas\u00eb m\u00eb Saliu p\u00ebr bllokqen\u00eb? - FjALA e LIR\u00cb - Arkivi\",\"isPartOf\":{\"@id\":\"https:\\\/\\\/fjala.info\\\/2009-2015\\\/#website\"},\"primaryImageOfPage\":{\"@id\":\"https:\\\/\\\/fjala.info\\\/2009-2015\\\/do-te-flase-me-saliu-per-bllokqene\\\/#primaryimage\"},\"image\":{\"@id\":\"https:\\\/\\\/fjala.info\\\/2009-2015\\\/do-te-flase-me-saliu-per-bllokqene\\\/#primaryimage\"},\"thumbnailUrl\":\"http:\\\/\\\/fjala.shkoder.net\\\/wp-content\\\/uploads\\\/2010\\\/10\\\/mustafa_nano-150x150.jpg\",\"datePublished\":\"2010-12-25T22:24:33+00:00\",\"breadcrumb\":{\"@id\":\"https:\\\/\\\/fjala.info\\\/2009-2015\\\/do-te-flase-me-saliu-per-bllokqene\\\/#breadcrumb\"},\"inLanguage\":\"sq-AL\",\"potentialAction\":[{\"@type\":\"ReadAction\",\"target\":[\"https:\\\/\\\/fjala.info\\\/2009-2015\\\/do-te-flase-me-saliu-per-bllokqene\\\/\"]}]},{\"@type\":\"ImageObject\",\"inLanguage\":\"sq-AL\",\"@id\":\"https:\\\/\\\/fjala.info\\\/2009-2015\\\/do-te-flase-me-saliu-per-bllokqene\\\/#primaryimage\",\"url\":\"http:\\\/\\\/fjala.shkoder.net\\\/wp-content\\\/uploads\\\/2010\\\/10\\\/mustafa_nano-150x150.jpg\",\"contentUrl\":\"http:\\\/\\\/fjala.shkoder.net\\\/wp-content\\\/uploads\\\/2010\\\/10\\\/mustafa_nano-150x150.jpg\"},{\"@type\":\"BreadcrumbList\",\"@id\":\"https:\\\/\\\/fjala.info\\\/2009-2015\\\/do-te-flase-me-saliu-per-bllokqene\\\/#breadcrumb\",\"itemListElement\":[{\"@type\":\"ListItem\",\"position\":1,\"name\":\"Home\",\"item\":\"https:\\\/\\\/fjala.info\\\/2009-2015\\\/\"},{\"@type\":\"ListItem\",\"position\":2,\"name\":\"Do t\u00eb flas\u00eb m\u00eb Saliu p\u00ebr bllokqen\u00eb?\"}]},{\"@type\":\"WebSite\",\"@id\":\"https:\\\/\\\/fjala.info\\\/2009-2015\\\/#website\",\"url\":\"https:\\\/\\\/fjala.info\\\/2009-2015\\\/\",\"name\":\"FjALA e LIR\u00cb - Arkivi\",\"description\":\"Arkivi 2009-2015\",\"publisher\":{\"@id\":\"https:\\\/\\\/fjala.info\\\/2009-2015\\\/#organization\"},\"potentialAction\":[{\"@type\":\"SearchAction\",\"target\":{\"@type\":\"EntryPoint\",\"urlTemplate\":\"https:\\\/\\\/fjala.info\\\/2009-2015\\\/?s={search_term_string}\"},\"query-input\":{\"@type\":\"PropertyValueSpecification\",\"valueRequired\":true,\"valueName\":\"search_term_string\"}}],\"inLanguage\":\"sq-AL\"},{\"@type\":\"Organization\",\"@id\":\"https:\\\/\\\/fjala.info\\\/2009-2015\\\/#organization\",\"name\":\"FjALA e LIR\u00cb - Arkivi\",\"url\":\"https:\\\/\\\/fjala.info\\\/2009-2015\\\/\",\"logo\":{\"@type\":\"ImageObject\",\"inLanguage\":\"sq-AL\",\"@id\":\"https:\\\/\\\/fjala.info\\\/2009-2015\\\/#\\\/schema\\\/logo\\\/image\\\/\",\"url\":\"\",\"contentUrl\":\"\",\"caption\":\"FjALA e LIR\u00cb - Arkivi\"},\"image\":{\"@id\":\"https:\\\/\\\/fjala.info\\\/2009-2015\\\/#\\\/schema\\\/logo\\\/image\\\/\"}},{\"@type\":\"Person\",\"@id\":\"https:\\\/\\\/fjala.info\\\/2009-2015\\\/#\\\/schema\\\/person\\\/3aa1163ef05469c496fc94e77611ada2\",\"name\":\"admin\",\"image\":{\"@type\":\"ImageObject\",\"inLanguage\":\"sq-AL\",\"@id\":\"https:\\\/\\\/fjala.info\\\/2009-2015\\\/wp-content\\\/uploads\\\/2012\\\/02\\\/arben_cokaj-120x150.jpg\",\"url\":\"https:\\\/\\\/fjala.info\\\/2009-2015\\\/wp-content\\\/uploads\\\/2012\\\/02\\\/arben_cokaj-120x150.jpg\",\"contentUrl\":\"https:\\\/\\\/fjala.info\\\/2009-2015\\\/wp-content\\\/uploads\\\/2012\\\/02\\\/arben_cokaj-120x150.jpg\",\"caption\":\"admin\"},\"description\":\"Admin, Fjala e Lir\u00eb\",\"sameAs\":[\"https:\\\/\\\/fjala.info\\\/\"],\"url\":\"https:\\\/\\\/fjala.info\\\/2009-2015\\\/author\\\/admin\\\/\"}]}<\/script>\n<!-- \/ Yoast SEO plugin. -->","yoast_head_json":{"title":"Do t\u00eb flas\u00eb m\u00eb Saliu p\u00ebr bllokqen\u00eb? - FjALA e LIR\u00cb - Arkivi","robots":{"index":"index","follow":"follow","max-snippet":"max-snippet:-1","max-image-preview":"max-image-preview:large","max-video-preview":"max-video-preview:-1"},"canonical":"https:\/\/fjala.info\/2009-2015\/do-te-flase-me-saliu-per-bllokqene\/","og_locale":"sq_AL","og_type":"article","og_title":"Do t\u00eb flas\u00eb m\u00eb Saliu p\u00ebr bllokqen\u00eb? - FjALA e LIR\u00cb - Arkivi","og_description":"Mustafa Nano, 24.12.2010 Mbr\u00ebm\u00eb, me t\u00eb marr\u00eb vesh se nj\u00eb foto e tij mes familjar\u00ebve t\u00eb Enver Hoxh\u00ebs kish r\u00ebn\u00eb n\u00eb duart e gazetar\u00ebve, Berisha ka marr\u00eb n\u00eb telefon Liljan\u00ebn, me t\u00eb cil\u00ebn koh\u00ebt e fundit ka patur rast t\u00eb shk\u00ebmbej\u00eb ca batuta kamerateske a miq\u00ebsore lidhur me ngjarjet e dhjetorit. Nga e di un\u00eb [&hellip;]","og_url":"https:\/\/fjala.info\/2009-2015\/do-te-flase-me-saliu-per-bllokqene\/","og_site_name":"FjALA e LIR\u00cb - Arkivi","article_published_time":"2010-12-25T22:24:33+00:00","og_image":[{"url":"http:\/\/fjala.shkoder.net\/wp-content\/uploads\/2010\/10\/mustafa_nano-150x150.jpg","type":"","width":"","height":""}],"author":"admin","twitter_card":"summary_large_image","twitter_misc":{"Written by":"admin","Est. reading time":"9 minutes"},"schema":{"@context":"https:\/\/schema.org","@graph":[{"@type":"Article","@id":"https:\/\/fjala.info\/2009-2015\/do-te-flase-me-saliu-per-bllokqene\/#article","isPartOf":{"@id":"https:\/\/fjala.info\/2009-2015\/do-te-flase-me-saliu-per-bllokqene\/"},"author":{"name":"admin","@id":"https:\/\/fjala.info\/2009-2015\/#\/schema\/person\/3aa1163ef05469c496fc94e77611ada2"},"headline":"Do t\u00eb flas\u00eb m\u00eb Saliu p\u00ebr bllokqen\u00eb?","datePublished":"2010-12-25T22:24:33+00:00","mainEntityOfPage":{"@id":"https:\/\/fjala.info\/2009-2015\/do-te-flase-me-saliu-per-bllokqene\/"},"wordCount":1889,"commentCount":0,"publisher":{"@id":"https:\/\/fjala.info\/2009-2015\/#organization"},"image":{"@id":"https:\/\/fjala.info\/2009-2015\/do-te-flase-me-saliu-per-bllokqene\/#primaryimage"},"thumbnailUrl":"http:\/\/fjala.shkoder.net\/wp-content\/uploads\/2010\/10\/mustafa_nano-150x150.jpg","articleSection":["Artikuj"],"inLanguage":"sq-AL","potentialAction":[{"@type":"CommentAction","name":"Comment","target":["https:\/\/fjala.info\/2009-2015\/do-te-flase-me-saliu-per-bllokqene\/#respond"]}]},{"@type":"WebPage","@id":"https:\/\/fjala.info\/2009-2015\/do-te-flase-me-saliu-per-bllokqene\/","url":"https:\/\/fjala.info\/2009-2015\/do-te-flase-me-saliu-per-bllokqene\/","name":"Do t\u00eb flas\u00eb m\u00eb Saliu p\u00ebr bllokqen\u00eb? - FjALA e LIR\u00cb - Arkivi","isPartOf":{"@id":"https:\/\/fjala.info\/2009-2015\/#website"},"primaryImageOfPage":{"@id":"https:\/\/fjala.info\/2009-2015\/do-te-flase-me-saliu-per-bllokqene\/#primaryimage"},"image":{"@id":"https:\/\/fjala.info\/2009-2015\/do-te-flase-me-saliu-per-bllokqene\/#primaryimage"},"thumbnailUrl":"http:\/\/fjala.shkoder.net\/wp-content\/uploads\/2010\/10\/mustafa_nano-150x150.jpg","datePublished":"2010-12-25T22:24:33+00:00","breadcrumb":{"@id":"https:\/\/fjala.info\/2009-2015\/do-te-flase-me-saliu-per-bllokqene\/#breadcrumb"},"inLanguage":"sq-AL","potentialAction":[{"@type":"ReadAction","target":["https:\/\/fjala.info\/2009-2015\/do-te-flase-me-saliu-per-bllokqene\/"]}]},{"@type":"ImageObject","inLanguage":"sq-AL","@id":"https:\/\/fjala.info\/2009-2015\/do-te-flase-me-saliu-per-bllokqene\/#primaryimage","url":"http:\/\/fjala.shkoder.net\/wp-content\/uploads\/2010\/10\/mustafa_nano-150x150.jpg","contentUrl":"http:\/\/fjala.shkoder.net\/wp-content\/uploads\/2010\/10\/mustafa_nano-150x150.jpg"},{"@type":"BreadcrumbList","@id":"https:\/\/fjala.info\/2009-2015\/do-te-flase-me-saliu-per-bllokqene\/#breadcrumb","itemListElement":[{"@type":"ListItem","position":1,"name":"Home","item":"https:\/\/fjala.info\/2009-2015\/"},{"@type":"ListItem","position":2,"name":"Do t\u00eb flas\u00eb m\u00eb Saliu p\u00ebr bllokqen\u00eb?"}]},{"@type":"WebSite","@id":"https:\/\/fjala.info\/2009-2015\/#website","url":"https:\/\/fjala.info\/2009-2015\/","name":"FjALA e LIR\u00cb - Arkivi","description":"Arkivi 2009-2015","publisher":{"@id":"https:\/\/fjala.info\/2009-2015\/#organization"},"potentialAction":[{"@type":"SearchAction","target":{"@type":"EntryPoint","urlTemplate":"https:\/\/fjala.info\/2009-2015\/?s={search_term_string}"},"query-input":{"@type":"PropertyValueSpecification","valueRequired":true,"valueName":"search_term_string"}}],"inLanguage":"sq-AL"},{"@type":"Organization","@id":"https:\/\/fjala.info\/2009-2015\/#organization","name":"FjALA e LIR\u00cb - Arkivi","url":"https:\/\/fjala.info\/2009-2015\/","logo":{"@type":"ImageObject","inLanguage":"sq-AL","@id":"https:\/\/fjala.info\/2009-2015\/#\/schema\/logo\/image\/","url":"","contentUrl":"","caption":"FjALA e LIR\u00cb - Arkivi"},"image":{"@id":"https:\/\/fjala.info\/2009-2015\/#\/schema\/logo\/image\/"}},{"@type":"Person","@id":"https:\/\/fjala.info\/2009-2015\/#\/schema\/person\/3aa1163ef05469c496fc94e77611ada2","name":"admin","image":{"@type":"ImageObject","inLanguage":"sq-AL","@id":"https:\/\/fjala.info\/2009-2015\/wp-content\/uploads\/2012\/02\/arben_cokaj-120x150.jpg","url":"https:\/\/fjala.info\/2009-2015\/wp-content\/uploads\/2012\/02\/arben_cokaj-120x150.jpg","contentUrl":"https:\/\/fjala.info\/2009-2015\/wp-content\/uploads\/2012\/02\/arben_cokaj-120x150.jpg","caption":"admin"},"description":"Admin, Fjala e Lir\u00eb","sameAs":["https:\/\/fjala.info\/"],"url":"https:\/\/fjala.info\/2009-2015\/author\/admin\/"}]}},"_links":{"self":[{"href":"https:\/\/fjala.info\/2009-2015\/wp-json\/wp\/v2\/posts\/5381","targetHints":{"allow":["GET"]}}],"collection":[{"href":"https:\/\/fjala.info\/2009-2015\/wp-json\/wp\/v2\/posts"}],"about":[{"href":"https:\/\/fjala.info\/2009-2015\/wp-json\/wp\/v2\/types\/post"}],"author":[{"embeddable":true,"href":"https:\/\/fjala.info\/2009-2015\/wp-json\/wp\/v2\/users\/1"}],"replies":[{"embeddable":true,"href":"https:\/\/fjala.info\/2009-2015\/wp-json\/wp\/v2\/comments?post=5381"}],"version-history":[{"count":0,"href":"https:\/\/fjala.info\/2009-2015\/wp-json\/wp\/v2\/posts\/5381\/revisions"}],"wp:attachment":[{"href":"https:\/\/fjala.info\/2009-2015\/wp-json\/wp\/v2\/media?parent=5381"}],"wp:term":[{"taxonomy":"category","embeddable":true,"href":"https:\/\/fjala.info\/2009-2015\/wp-json\/wp\/v2\/categories?post=5381"},{"taxonomy":"post_tag","embeddable":true,"href":"https:\/\/fjala.info\/2009-2015\/wp-json\/wp\/v2\/tags?post=5381"}],"curies":[{"name":"wp","href":"https:\/\/api.w.org\/{rel}","templated":true}]}}