{"id":5372,"date":"2010-12-25T22:48:37","date_gmt":"2010-12-25T21:48:37","guid":{"rendered":"http:\/\/fjala.shkoder.net\/?p=5372"},"modified":"2010-12-25T22:48:37","modified_gmt":"2010-12-25T21:48:37","slug":"thashethemnaja-si-argument","status":"publish","type":"post","link":"https:\/\/fjala.info\/2009-2015\/thashethemnaja-si-argument\/","title":{"rendered":"Thashethemnaja si argument"},"content":{"rendered":"<p><img loading=\"lazy\" decoding=\"async\" class=\"alignleft size-full wp-image-4447\" title=\"Arb\u00ebn Xhaferi\" src=\"http:\/\/fjala.shkoder.net\/wp-content\/uploads\/2010\/10\/xhaferi.jpg\" alt=\"\" width=\"160\" height=\"120\" \/><br \/>\n<strong>Arb\u00ebn Xhaferri<\/strong>, <em>25.12.2010<\/em><\/p>\n<p>&#8220;T\u00eb gjith\u00eb kan\u00eb ditur se \u00e7far\u00eb po ndodh n\u00eb Kosov\u00eb, por kan\u00eb heshtur&#8221;&#8230; K\u00ebshtu deklaron raportuesi i K\u00ebshillit p\u00ebr \u00e7\u00ebshtje juridike t\u00eb Kuvendit Parlamentar t\u00eb K\u00ebshillit t\u00eb Europ\u00ebs, Dik Marti, n\u00eb raportin e tij p\u00ebr tregtin\u00eb ilegale me organe njer\u00ebzore n\u00eb Kosov\u00eb.<\/p>\n<p>Kjo fjali e shk\u00ebputur nga nj\u00eb intervist\u00eb e tij dh\u00ebn\u00eb nj\u00eb agjencie informative, &#8220;Infosud&#8221;, m\u00eb dat\u00eb 17.12.2010 zbulon struktur\u00ebn mentale t\u00eb raportuesit. Edhe nj\u00eb gazetar mesatar nuk do t&#8217;ia lejonte vetes k\u00ebt\u00eb formulim p\u00ebrgjith\u00ebsues &#8220;t\u00eb gjith\u00eb&#8221;. Formulimet e k\u00ebtilla nuk jan\u00eb p\u00ebrdorur as n\u00eb periudh\u00ebn m\u00eb t\u00eb eg\u00ebr t\u00eb komunizmit.<\/p>\n<p>Ky raport \u00ebsht\u00eb dashakeq, mir\u00ebpo nuk duhet t\u00eb hidhet me indinjat\u00eb, por t\u00eb analizohet burimi i k\u00ebsaj armiq\u00ebsie kund\u00ebr nesh q\u00eb sa vjen shtohet. Nuk mjaftojn\u00eb bindjet tona p\u00ebr pafaj\u00ebsin\u00eb ton\u00eb, nuk mjafton as brerorja prej shenjtori, sado q\u00eb ta kemi merituar at\u00eb. M\u00eb n\u00eb fund duhet t\u00eb fillojm\u00eb aksionin e organizuar n\u00eb t\u00eb gjitha shoq\u00ebrit\u00eb shqiptare p\u00ebr p\u00ebrmir\u00ebsimin e imazhit ton\u00eb t\u00eb p\u00ebrkeq\u00ebsuar.<\/p>\n<p>Sado q\u00eb kemi t\u00eb drejt\u00eb t&#8217;i kritikojm\u00eb paragjykimet e dashak\u00ebqijve si percepsione t\u00eb gabueshme, megjithat\u00eb duhet t\u00eb marrim parasysh se edhe ato luajn\u00eb rol t\u00eb r\u00ebnd\u00ebsish\u00ebm n\u00eb krijimin e opinionit negativ ndaj nesh.<\/p>\n<p>N\u00eb kapitullin 175 t\u00eb k\u00ebtij raporti pohohet se hulumtimi ka filluar pas zbulimeve n\u00eb memoaret e ish-prokurores t\u00eb Gjykat\u00ebs s\u00eb Hag\u00ebs, Karla Del Ponte, &#8220;Gjahu&#8221;. \u00c7ka paska zbuluar ajo? Asgj\u00eb, pos hamendjeve t\u00eb tipit &#8220;flitet se&#8221;&#8230;<\/p>\n<p>Ajo nuk jep asnj\u00eb argument t\u00eb verifikuesh\u00ebm p\u00ebr pohimet e saj, prej t\u00eb cilave u distancua edhe Ministria e Pun\u00ebve t\u00eb Jashtme t\u00eb Zvicr\u00ebs, n\u00eb koh\u00ebn kur u botuan memoaret e saj.<\/p>\n<p>Karla Del Ponte u referohet z\u00ebrave t\u00eb paidentifikuara, i shnd\u00ebrron ato n\u00eb dyshime, kryesisht t\u00eb fabrikuara nga sh\u00ebrbimet sekretet serbe, pastaj n\u00eb shtypin bot\u00ebror botohen aty k\u00ebtu tekste t\u00eb porositura nga ata q\u00eb nuk pajtohen me dob\u00ebsimin e Serbis\u00eb si shtet hegjemon n\u00eb Ballkan, pastaj alarmohen institucionet nd\u00ebrkomb\u00ebtare q\u00eb natyrisht manifestojn\u00eb shqet\u00ebsimin e tyre duke d\u00ebrguar emisar\u00eb p\u00ebr ta verifikuar t\u00eb v\u00ebrtet\u00ebn. Mjerisht e gjith\u00eb kjo i ngjason situat\u00ebs kur qeni p\u00ebrpiqet ta kap\u00eb bishtin e vet dhe sillet v\u00ebrdall\u00eb derisa nuk alivanoset.<\/p>\n<p>N\u00eb raportin e tij voluminoz (176 pika ), z. Marti p\u00ebrdor vet\u00ebm supozime, gjeneralizime dhe mistifikime t\u00eb paverifikueshme.<br \/>\nN\u00eb hyrje t\u00eb raportit ai e sheh t\u00eb udh\u00ebs t\u00eb p\u00ebrkufizoj\u00eb karakterin klanor t\u00eb shoq\u00ebris\u00eb kosovare.<\/p>\n<p>Pse ai e sheh t\u00eb udh\u00ebs q\u00eb ta tipizoj\u00eb ve\u00e7orin\u00eb klanore t\u00eb shoq\u00ebris\u00eb kosovare? Kjo b\u00ebhet e qart\u00eb m\u00eb von\u00eb kur ai duhet t&#8217;i ofroj\u00eb argumentet konkrete. Munges\u00ebn e tyre, ai e arsyeton me karakterin, moralin fisnor t\u00eb kosovar\u00ebve, t\u00eb cil\u00ebt tregojn\u00eb lojalitet ndaj fisit dhe jo ndaj ligjit.<\/p>\n<p>K\u00ebt\u00eb imputim, ai e zbukuron me nocionin e &#8220;omert\u00ebs&#8221; q\u00eb kultivohet n\u00eb grupet e mafies italiane. Ka t\u00eb b\u00ebj\u00eb me zakonin e heshtjes s\u00eb d\u00ebshmitar\u00ebve, me pamund\u00ebsin\u00eb p\u00ebr t\u00eb gjetur d\u00ebshmitar\u00eb.<\/p>\n<p>\u00c7&#8217;\u00ebsht\u00eb e v\u00ebrteta n\u00eb Kosov\u00eb ka omert\u00eb ndaj imputimeve serbe apo paragjykimeve t\u00eb disa qarqeve europiane. Meq\u00eb shqiptar\u00ebt nuk pajtohen t\u00eb jen\u00eb pjes\u00eb e nj\u00eb makinerie q\u00eb fabrikon g\u00ebnjeshtra, at\u00ebher\u00eb akuzohet se kan\u00eb nj\u00eb struktur\u00eb mentale mafioze.<\/p>\n<p>Sipas gjitha analizave sociologjike ekonomike n\u00eb Kosov\u00eb dhe kudo nd\u00ebr shqiptar\u00eb, fiset m\u00eb nuk ekzistojn\u00eb. N\u00eb \u00e7do vendbanim shqiptar, sot bashk\u00ebjetojn\u00eb p\u00ebrfaq\u00ebsuesit e shum\u00eb fiseve k\u00ebshtu q\u00eb akuza p\u00ebr struktur\u00ebn mentale fisnore t\u00eb shqiptar\u00ebve \u00ebsht\u00eb n\u00eb funksion t\u00eb kompensimit, t\u00eb arsyetimit pse mungojn\u00eb d\u00ebshmit\u00eb: faktet ekzistojn\u00eb, por s&#8217;mund t\u00eb zbulohen p\u00ebr shkak t\u00eb institucionit t\u00eb omert\u00ebs.<\/p>\n<p>N\u00eb pik\u00ebn tre, ai e konteston intervenimin ushtarak t\u00eb NATO-s duke p\u00ebrdorur formulime q\u00eb nuk mund t\u00eb pranohen si metod\u00eb p\u00ebr verifikim t\u00eb v\u00ebrtet\u00ebs: &#8230;&#8221;operacionet t\u00eb cilat sipas disa mendimeve (t\u00eb kujt, cilat) kan\u00eb b\u00ebr\u00eb shkelje t\u00eb ligjit nd\u00ebrkomb\u00ebtar&#8230;&#8221;. Pak\u00ebnaq\u00ebsia nga intervenimi i NATO-s \u00ebsht\u00eb vler\u00ebsim politik q\u00eb n\u00eb fakt mohon raportet e reja gjeostrategjike n\u00eb Ballkan. Kjo pak\u00ebnaq\u00ebsi t\u00eb disa qarqeve evropiane arsyetohet me p\u00ebrkufizime t\u00eb rrejshme t\u00eb karakterit fisnor t\u00eb shqiptar\u00ebve q\u00eb nuk meriton mbrojtje t\u00eb NATO-s.<\/p>\n<p>Meq\u00eb nuk u arrit t\u00eb pengohet ky intervenim at\u00ebher\u00eb p\u00ebrmes akuz\u00ebs p\u00ebr tregti ilegale me organe njer\u00ebzore kontestohet legaliteti i intervenimit t\u00eb NATO-s. N\u00eb k\u00ebt\u00eb kapitull po ashtu pa argumente kritikohet NATO-ja pse paska sulmuar vet\u00ebm nga ajri duke e shfryt\u00ebzuar U\u00c7K-n\u00eb si k\u00ebmb\u00ebsori. N\u00eb fakt gjith\u00eb ky pluhur, gjith\u00eb ky mohim i intervenimit t\u00eb NATO-s \u00ebsht\u00eb n\u00eb funksion t\u00eb mohimit t\u00eb suksesit t\u00eb intervenimit p\u00ebr t\u00eb penguar shkeljen drastike t\u00eb drejtave t\u00eb njeriut. Rasti i Kosov\u00ebs mbase \u00ebsht\u00eb i vetmi rr\u00ebfim i suksessh\u00ebm (succes storry) i intervenimeve t\u00eb k\u00ebsaj natyre.<\/p>\n<p>N\u00eb pik\u00ebn pest\u00eb ai e p\u00ebrshkruan situat\u00ebn n\u00eb kufi nd\u00ebrmjet Shqip\u00ebris\u00eb dhe Kosov\u00ebs duke p\u00ebrkufizuar si kaotike, duke heshtur faktin se si dhe p\u00ebr se u krijua ky kaos. Ai harron fare eksodin biblik q\u00eb u shkaktua nga vet\u00eb serb\u00ebt, nga formacionet paramilitare, kriminale dhe t\u00eb rregullta, policore dhe ushtarake.<\/p>\n<p>N\u00eb pik\u00ebn e gjasht\u00eb ai tregon pak\u00ebnaq\u00ebsin\u00eb e tij me k\u00ebndshikimin e kriz\u00ebs: &#8220;&#8230; n\u00eb nj\u00ebr\u00ebn an\u00eb jan\u00eb serb\u00ebt, t\u00eb paraqitur si pushtues t\u00eb lig\u00eb, nd\u00ebrkaq n\u00eb an\u00ebn tjet\u00ebr shqiptar\u00ebt si viktima t\u00eb pafajshme&#8230;&#8221; K\u00ebto formulime, kategorizime jan\u00eb fryt i mbresave, paragjykimeve personale q\u00eb asnj\u00eb institucion nuk mund t&#8217;i pranoj\u00eb si fakte.<\/p>\n<p>N\u00eb pik\u00ebn shtat\u00eb jepet p\u00ebrkrahje p\u00ebrkufizimit serb t\u00eb statusit t\u00eb shtetit t\u00eb Kosov\u00ebs si sajes\u00eb e NATO-s.<\/p>\n<p>N\u00eb pik\u00ebn tet\u00eb, gjithnj\u00eb n\u00eb funksion t\u00eb arsyetimit t\u00eb munges\u00ebs s\u00eb fakteve kritikohet UNMIK-u q\u00eb nuk ka l\u00ebn\u00eb nj\u00eb arkiv t\u00eb sistemuar p\u00ebr krimet e shqiptar\u00ebve( 300 000 faqe t\u00eb shkap\u00ebrderdhura), mir\u00ebpo manifestohet edhe zhg\u00ebnjimi nga EULEX-i p\u00ebr shkak se nuk ka filluar hetimin mbi veprimtarin\u00eb e t\u00eb paprekshm\u00ebve.<\/p>\n<p>Si argument raportuesi thirret n\u00eb d\u00ebshmin\u00eb e Nazmi Bllac\u00ebs, i cili paska pranuar vet\u00eb se ka vrar\u00eb sipas urdhrit t\u00eb njer\u00ebzve q\u00eb jan\u00eb sot jan\u00eb n\u00eb poste t\u00eb larta. N\u00eb gjith\u00eb raportin e raportuesit Marti, ekziston vet\u00ebm nj\u00eb d\u00ebshmi konkrete: deklarata e Nazmi Bllac\u00ebs. Asnj\u00eb tjet\u00ebr!<\/p>\n<p>N\u00eb pik\u00ebn dhjet\u00eb n\u00eb fillim jepen vler\u00ebsime deri diku pozitive p\u00ebr policin\u00eb e Kosov\u00ebs, por megjithat\u00eb, sipas metod\u00ebs t\u00eb dh\u00ebnies s\u00eb r\u00ebnd\u00ebsis\u00eb argumentuese mbi baza t\u00eb pohimeve t\u00eb qarqeve t\u00eb paidentifikueshme, ai arrin ta mohoj\u00eb edhe rolin pozitiv t\u00eb policis\u00eb: &#8220;&#8230;megjithat\u00eb, v\u00ebzhguesit, me t\u00eb cil\u00ebt kemi biseduar, kan\u00eb vler\u00ebsime t\u00eb tjera p\u00ebr rolin e policis\u00eb&#8230;&#8221;<\/p>\n<p>Mb\u00ebshtetja n\u00eb pohimet e qarqeve t\u00eb padefinuara vazhdon t\u00eb p\u00ebrdoret si argument. Por, jo vet\u00ebm kaq. Autori i raportit k\u00ebrkon nga policia kosovare p\u00ebrkushtim absolut: &#8220;&#8230;n\u00eb mesin e p\u00ebrfaq\u00ebsuesve nd\u00ebrkomb\u00ebtar\u00eb n\u00eb Kosov\u00eb hetuam dilem\u00eb lidhur me gatishm\u00ebrin\u00eb dhe vullnetin politik q\u00eb fuqimisht t&#8217;u kund\u00ebrvihet t\u00eb gjitha formave t\u00eb krimit&#8230;&#8221;<\/p>\n<p>N\u00eb pikat 11, 12, 13, 14 dhe 15 flitet p\u00ebr t\u00eb pagjeturit. Jepen t\u00eb dh\u00ebna p\u00ebraf\u00ebrsisht t\u00eb sakta statistikore q\u00eb s&#8217;kan\u00eb mundur t\u00eb heshtin, por menj\u00ebher\u00eb vrapohet t\u00eb nxirret p\u00ebrfundimi: n\u00eb Serbi zbulohen varrezat masive t\u00eb shqiptar\u00ebve, nd\u00ebrkaq n\u00eb Kosov\u00eb nuk paska gatishm\u00ebri p\u00ebr bashk\u00ebpunim n\u00eb zbulimin e tyre.<\/p>\n<p>P\u00ebrs\u00ebritet m\u00ebnyra e gabueshme e argumentimit. K\u00ebrkohet t\u00eb zbulohet paragjykimi, teza se gjat\u00eb luft\u00ebs n\u00eb gjith\u00eb Jugosllavin\u00eb ka pasur fajtor\u00eb n\u00eb gjitha an\u00ebt. Ky relativizim i fajit funksionon si argument p\u00ebr shfaj\u00ebsim t\u00eb serb\u00ebve t\u00eb cil\u00ebt burr\u00ebrisht bashk\u00ebpunuakan me faktorin nd\u00ebrkomb\u00ebtar n\u00eb zbulimin e krimeve.<\/p>\n<p>Kjo tendenc\u00eb ng\u00ebrthen n\u00eb vete bindjet aprioristike t\u00eb autorit p\u00ebr faj\u00ebsi t\u00eb gjitha pal\u00ebve. K\u00ebrkohet nga Kosova q\u00eb t\u00eb bashk\u00ebpunojn\u00eb n\u00eb zbulimin e varrezave inekzistente q\u00eb do t\u00eb d\u00ebshmonin faj\u00ebsin\u00eb e shqiptar\u00ebve n\u00eb p\u00ebrgjith\u00ebsi. Raportuesi harron se shumica e varrezave masive n\u00eb Serbi jan\u00eb zbuluar nga xhirimet satelitore t\u00eb faktorit nd\u00ebrkomb\u00ebtar t\u00eb implikuar n\u00eb kriz\u00ebn jugosllave.<\/p>\n<p>Krahas k\u00ebsaj xhirimet q\u00eb u b\u00ebn\u00eb nga satelit\u00ebt izraelit\u00eb t\u00eb paguara nga qeveria serbe (30 milion\u00eb dollar\u00eb) nuk dhan\u00eb asnj\u00eb prov\u00eb.<\/p>\n<p>N\u00eb pik\u00ebn 16 flitet p\u00ebr vizit\u00ebn e ekspert\u00ebve t\u00eb UNMIK-ut sht\u00ebpis\u00eb s\u00eb mitizuar t\u00eb verdh\u00eb ku jan\u00eb b\u00ebr\u00eb operacionet p\u00ebr nxjerrje t\u00eb organeve njer\u00ebzore. Vler\u00ebsimi i UNMIK-ut ka qen\u00eb negativ, nuk kan\u00eb gjetur fakte inkriminuese.<\/p>\n<p>P\u00ebr ta kritikuar dhe zhvler\u00ebsuar raportin e UNMIK-ut, z. Dik Marti p\u00ebrpiqet me po at\u00eb metod\u00eb t\u00eb gabueshme t\u00eb hedh\u00eb dyshimin e tij mbi k\u00ebt\u00eb raport: &#8220;&#8230;njer\u00ebzit q\u00eb kan\u00eb marr\u00eb pjes\u00eb n\u00eb k\u00ebt\u00eb mision t\u00eb cil\u00ebt i kemi intervistuar(cil\u00ebt?) haptazi kan\u00eb kritikuar munges\u00ebn e profesionalizmit&#8230;&#8221;.<\/p>\n<p>Ai vazhdimisht operon me argumente t\u00eb paqena, p\u00ebrkat\u00ebsisht me d\u00ebshmitar\u00eb jo konkret. Ai e akuzon UNMIK-un pse nuk kan\u00eb vazhduar hulumtimet m\u00eb t\u00eb detajuara, me fjal\u00eb t\u00eb tjera p\u00ebrse Komisioni i UNMIK-ut nuk ka vazhduar t\u00eb zbuloj\u00eb at\u00eb q\u00eb parap\u00eblqen Dik Marti dhe t\u00eb tjer\u00ebt rreth tij.<\/p>\n<p>N\u00eb pik\u00ebn 22, raportuesi nd\u00ebrton argumentin q\u00eb e shfaj\u00ebson at\u00eb n\u00ebse zbulimi i tij do t\u00eb dal\u00eb nj\u00eb konstruksion i sajuar nga p\u00ebrgojimet e qytetar\u00ebve, gazetar\u00ebve sensacional apo nga memoaret e zyrtar\u00ebve t\u00eb lart\u00eb q\u00eb synojn\u00eb ta kapitalizojn\u00eb rolin e tyre n\u00eb k\u00ebt\u00eb kriz\u00eb duke &#8220;zbuluar&#8221; fakte shokante.<\/p>\n<p>K\u00ebto &#8220;zbulime&#8221; jan\u00eb t\u00eb sajuara dhe n\u00eb funksion t\u00eb leverdis\u00eb konkrete t\u00eb autores e cila pret q\u00eb libri i saj t\u00eb shitet, t\u00eb b\u00ebhet bestseller. Gabimet eventuale ai i arsyeton me kushtet e v\u00ebshtira t\u00eb pun\u00ebs.<\/p>\n<p>N\u00eb kapitullin &#8220;Mafia e paprekshme shqiptare&#8221; ai krijon nj\u00eb nocion kryek\u00ebput sensacionalist gazetaresk q\u00eb nuk mund t\u00eb trajtohet si argument i dor\u00ebs s\u00eb par\u00eb, por sh\u00ebrben q\u00eb t\u00eb thellohen paragjykimet p\u00ebr shqiptar\u00ebt.<\/p>\n<p>Natyrisht askush nuk mund t\u00eb mohoj\u00eb ekzistimin e kriminel\u00ebve shqiptar\u00eb t\u00eb cil\u00ebt me veprimtarin\u00eb e tyre kriminale jan\u00eb armiq m\u00eb t\u00eb m\u00ebdhenj t\u00eb popullit shqiptar. Veprimet e tyre kriminale, propaganda antishqiptare i shnd\u00ebrron n\u00eb mesazhe t\u00eb pa pranueshme politike.<\/p>\n<p>Por, sot nuk ekziston asnj\u00eb studim serioz sociologjik q\u00eb do t\u00eb v\u00ebrtetonte funksionimin e kriminel\u00ebve shqiptar\u00eb si rrjet i ve\u00e7uar mafioz. Megjithat\u00eb mafia n\u00eb kuptim t\u00eb rrjetit kriminal \u00ebsht\u00eb produkt i nd\u00ebrtimit t\u00eb shtetit mbi parimet e liris\u00eb, si\u00e7 jan\u00eb shtetet m\u00eb demokratike t\u00eb bot\u00ebs q\u00eb nuk e luftojn\u00eb madje edhe mafian duke sakrifikuar lirin\u00eb dhe baz\u00ebn e shtetit ligjor.<\/p>\n<p>N\u00eb Shqip\u00ebri dhe n\u00eb Kosov\u00eb gjithsesi nuk mund t\u00eb ket\u00eb mafia, por grupe kriminel\u00ebsh q\u00eb s&#8217;\u00e7ajn\u00eb kok\u00eb p\u00ebr patriotiz\u00ebm.<\/p>\n<p>N\u00eb vazhdim, duke u thirrur n\u00eb qarqe t\u00eb paidentifikuara e cil\u00ebson U\u00c7K-n\u00eb si nj\u00eb struktur\u00eb jo fisnike. N\u00ebse merret parasysh se fjala &#8220;fisnike&#8221;ka dometh\u00ebnie morale, at\u00ebher\u00eb shtrohet pyetja, cila struktur\u00eb militare qenka fisnike dhe a mund t\u00eb jen\u00eb ato t\u00eb atilla? Me k\u00ebt\u00eb qasje raportuesi p\u00ebruron nj\u00eb standard shum\u00eb t\u00eb lart\u00eb q\u00eb asnj\u00eb komb n\u00eb bot\u00eb nuk mund ta garantoj\u00eb. K\u00ebrkohet nga shqiptar\u00ebt t\u00eb jen\u00eb absolutisht t\u00eb mir\u00eb, fisnik\u00eb se p\u00ebrndryshe do t\u00eb p\u00ebsojn\u00eb keq.<\/p>\n<p>Shqiptar\u00ebt megjithat\u00eb gjat\u00eb gjith\u00eb koh\u00ebs s\u00eb kriz\u00ebs nuk rr\u00ebshqit\u00ebn n\u00eb zon\u00ebn e terrorizimit. Ata vepronin vet\u00ebm brenda zon\u00ebs s\u00eb konfliktit n\u00eb Kosov\u00eb. Nuk e zgjeruan fush\u00ebbetej\u00ebn, si n\u00eb territorin serb ashtu edhe n\u00eb shtete t\u00eb tjera t\u00eb bot\u00ebs ku jetojn\u00eb shqiptar\u00ebt.<\/p>\n<p>N\u00eb pikat 34, 40, 41 raportuesi fillon pak nga pak, pa asnj\u00eb dokument t\u00eb akuzoj\u00eb SHBA-t\u00eb p\u00ebr sponzorizues t\u00eb kryengritjes: &#8220;&#8230;lobimi i fuqish\u00ebm i SHBA-ve pro U\u00c7K-s\u00eb krijoi perceptimin pozitiv p\u00ebr t\u00eb n\u00eb opinionin nd\u00ebrkomb\u00ebtar&#8230;&#8221;.<\/p>\n<p>Pra, mos t\u00eb kish qen\u00eb p\u00ebrkrahja e SHBA-ve shqiptar\u00ebt dhe kriza n\u00eb Kosov\u00eb do t\u00eb zgjidhej sipas standardeve t\u00eb Millosheviqit, ose th\u00ebn\u00eb m\u00eb thjesht amerikan\u00ebt paskan prish\u00eb do pazare t\u00eb tjera gjeostrategjike. Involvimi amerikan n\u00eb funksion t\u00eb pengimit t\u00eb gjenocidit t\u00eb paralajm\u00ebruar qenka m\u00eb problematik sesa strategjia serbe e pastrimit energjik t\u00eb popullit jo lojal\u00eb ndaj rolit kund\u00ebrper\u00ebndimor t\u00eb soldatesk\u00ebs serbe.<\/p>\n<p>N\u00eb raportin voluminoz, 37 faqesh t\u00eb Dik Martit m\u00eb s\u00eb paku trajtohet tema kryesore: tregtia me organet njer\u00ebzore (2-3 faqe).<\/p>\n<p>N\u00eb vend t\u00eb k\u00ebsaj teme ai trillon, flet p\u00ebr struktur\u00ebn fisnore t\u00eb shoq\u00ebris\u00eb shqiptare, p\u00ebr mafian shqiptare, p\u00ebr U\u00c7K-n\u00eb si nj\u00eb struktur\u00eb jofisnike kriminale, p\u00ebr p\u00ebr\u00e7arjet brenda struktur\u00ebs s\u00eb U\u00c7K-s\u00eb, p\u00ebr ekzistimin e strukturave inteligjente informative n\u00eb kuad\u00ebr t\u00eb \u00e7do fraksioni, p\u00ebr grupin m\u00eb t\u00eb fuqish\u00ebm t\u00eb Drenic\u00ebs n\u00eb krahasim me grupet e tjera kryengrit\u00ebse, p\u00ebr fshehjen e fakteve ndaj k\u00ebtij grupi nga ana e SHBA-ve, p\u00ebr llogoret e civil\u00ebve n\u00eb Shqip\u00ebri, p\u00ebr llogoret ku jan\u00eb vendosur kund\u00ebrshtar\u00ebt, p\u00ebr rrahjen e t\u00eb burgosurve n\u00eb &#8220;llogorin&#8221; e Kuk\u00ebsit, p\u00ebr varrezat n\u00eb Shqip\u00ebri duke trajtuar vdekjet e refugjat\u00ebve si pasoj\u00eb e veprimtaris\u00eb kriminale t\u00eb segmenteve t\u00eb ndryshme t\u00eb strukturave ushtarake t\u00eb U\u00c7K-s\u00eb, p\u00ebr likuidimin e serb\u00ebve duke iu bashkangjitur p\u00ebrpjekjeve t\u00eb serb\u00ebve q\u00eb t\u00eb fshehin numrin e ushtar\u00ebve t\u00eb tyre t\u00eb vrar\u00eb gjat\u00eb bombardimeve t\u00eb NATO-s.<\/p>\n<p>N\u00eb at\u00eb koh\u00eb propaganda serbe fshehte numrin e ushtar\u00ebve t\u00eb vrar\u00eb t\u00eb cil\u00ebt sot trajtohen si t\u00eb zhdukur, p\u00ebrkat\u00ebsisht t\u00eb vrar\u00eb. Flitet po ashtu p\u00ebr zbulimet e gazetar\u00ebve amerikan\u00eb pa i theksuar emrat e tyre edhe pse dihej se ata nuk mund t\u00eb ishin t\u00eb shantazhuar nga mafia shqiptare. Emrat e tyre mungojn\u00eb, ashtu edhe t\u00eb shofer\u00ebve t\u00eb kamion\u00ebve dhe t\u00eb fugon\u00ebve q\u00eb paskan qen\u00eb t\u00eb involvuar n\u00eb k\u00ebt\u00eb veprimtari johumane dhe kriminale.<\/p>\n<p>Raportuesi Dik Marti p\u00ebr t\u00eb krijuar efektin neverit\u00ebs n\u00eb nj\u00eb kapitull t\u00eb ve\u00e7ant\u00eb flet p\u00ebr lutjen e t\u00eb burgosurve q\u00eb t\u00eb mos masakrohen, t\u00eb cop\u00ebtohen trupat e tyre. Edhe n\u00eb k\u00ebt\u00eb kapitull mungojn\u00eb emrat, datat, vendet ku qenkan masakruar t\u00eb burgosurit.<br \/>\nRaportuesi nd\u00ebrton argumente duke mos p\u00ebrfill\u00eb logjik\u00ebn, etik\u00ebn si dhe metod\u00ebn elementare q\u00eb duhet t\u00eb ket\u00eb \u00e7do akuz\u00eb.<\/p>\n<p>Ai thirret n\u00eb pohimin e d\u00ebshmitar\u00ebve inekzistent\u00eb, qytetar\u00eb, gazetar\u00eb dhe zyrtar\u00ebve t\u00eb dikursh\u00ebm q\u00eb shkruajn\u00eb n\u00eb m\u00ebnyr\u00eb skandaloze p\u00ebr t\u00eb joshur opinionin, gjithmon\u00eb n\u00eb funksion t\u00eb afirmimit t\u00eb imazhit t\u00eb prokurorit sypatrembur e cila lufton me qarqet politike q\u00eb synojn\u00eb t&#8217;i fshehin q\u00ebllimet dhe interesat e tyre kryesore.<br \/>\nSido q\u00eb t\u00eb jet\u00eb fati i k\u00ebtij raporti ai, megjithat\u00eb do t\u00eb ket\u00eb nj\u00eb efekt konkret. Do ta ringjall\u00eb nacionalizmin serb dhe pretendimet e tyre irracionale.<\/p>\n<p>Sipas metod\u00ebs s\u00eb p\u00ebrdorur p\u00ebr nd\u00ebrtimin e argumentit q\u00eb mb\u00ebshtetet n\u00eb deklaratat e d\u00ebshmitar\u00ebve pa identitet apo n\u00eb formulime konfuze t\u00eb ish-zyrtar\u00ebve t\u00eb lart\u00eb q\u00eb merren me kriz\u00ebn jugosllave, shum\u00eb leht\u00eb mund t\u00eb ngrit\u00ebn aktakuza kund\u00ebr Pap\u00ebs p\u00ebr antikrishteriz\u00ebm.<\/p>\n","protected":false},"excerpt":{"rendered":"<p>Arb\u00ebn Xhaferri, 25.12.2010 &#8220;T\u00eb gjith\u00eb kan\u00eb ditur se \u00e7far\u00eb po ndodh n\u00eb Kosov\u00eb, por kan\u00eb heshtur&#8221;&#8230; K\u00ebshtu deklaron raportuesi i K\u00ebshillit p\u00ebr \u00e7\u00ebshtje juridike t\u00eb Kuvendit Parlamentar t\u00eb K\u00ebshillit t\u00eb Europ\u00ebs, Dik Marti, n\u00eb raportin e tij p\u00ebr tregtin\u00eb ilegale me organe njer\u00ebzore n\u00eb Kosov\u00eb. Kjo fjali e shk\u00ebputur nga nj\u00eb intervist\u00eb e tij dh\u00ebn\u00eb [&hellip;]<\/p>\n","protected":false},"author":1,"featured_media":0,"comment_status":"open","ping_status":"closed","sticky":false,"template":"","format":"standard","meta":{"footnotes":""},"categories":[2],"tags":[],"class_list":{"0":"post-5372","1":"post","2":"type-post","3":"status-publish","4":"format-standard","6":"category-artikuj"},"yoast_head":"<!-- This site is optimized with the Yoast SEO plugin v27.4 - https:\/\/yoast.com\/product\/yoast-seo-wordpress\/ -->\n<title>Thashethemnaja si argument - FjALA e LIR\u00cb - Arkivi<\/title>\n<meta name=\"robots\" content=\"index, follow, max-snippet:-1, max-image-preview:large, max-video-preview:-1\" \/>\n<link rel=\"canonical\" href=\"https:\/\/fjala.info\/2009-2015\/thashethemnaja-si-argument\/\" \/>\n<meta property=\"og:locale\" content=\"sq_AL\" \/>\n<meta property=\"og:type\" content=\"article\" \/>\n<meta property=\"og:title\" content=\"Thashethemnaja si argument - FjALA e LIR\u00cb - Arkivi\" \/>\n<meta property=\"og:description\" content=\"Arb\u00ebn Xhaferri, 25.12.2010 &#8220;T\u00eb gjith\u00eb kan\u00eb ditur se \u00e7far\u00eb po ndodh n\u00eb Kosov\u00eb, por kan\u00eb heshtur&#8221;&#8230; K\u00ebshtu deklaron raportuesi i K\u00ebshillit p\u00ebr \u00e7\u00ebshtje juridike t\u00eb Kuvendit Parlamentar t\u00eb K\u00ebshillit t\u00eb Europ\u00ebs, Dik Marti, n\u00eb raportin e tij p\u00ebr tregtin\u00eb ilegale me organe njer\u00ebzore n\u00eb Kosov\u00eb. Kjo fjali e shk\u00ebputur nga nj\u00eb intervist\u00eb e tij dh\u00ebn\u00eb [&hellip;]\" \/>\n<meta property=\"og:url\" content=\"https:\/\/fjala.info\/2009-2015\/thashethemnaja-si-argument\/\" \/>\n<meta property=\"og:site_name\" content=\"FjALA e LIR\u00cb - Arkivi\" \/>\n<meta property=\"article:published_time\" content=\"2010-12-25T21:48:37+00:00\" \/>\n<meta property=\"og:image\" content=\"http:\/\/fjala.shkoder.net\/wp-content\/uploads\/2010\/10\/xhaferi.jpg\" \/>\n<meta name=\"author\" content=\"admin\" \/>\n<meta name=\"twitter:card\" content=\"summary_large_image\" \/>\n<meta name=\"twitter:label1\" content=\"Written by\" \/>\n\t<meta name=\"twitter:data1\" content=\"admin\" \/>\n\t<meta name=\"twitter:label2\" content=\"Est. reading time\" \/>\n\t<meta name=\"twitter:data2\" content=\"13 minutes\" \/>\n<script type=\"application\/ld+json\" class=\"yoast-schema-graph\">{\"@context\":\"https:\\\/\\\/schema.org\",\"@graph\":[{\"@type\":\"Article\",\"@id\":\"https:\\\/\\\/fjala.info\\\/2009-2015\\\/thashethemnaja-si-argument\\\/#article\",\"isPartOf\":{\"@id\":\"https:\\\/\\\/fjala.info\\\/2009-2015\\\/thashethemnaja-si-argument\\\/\"},\"author\":{\"name\":\"admin\",\"@id\":\"https:\\\/\\\/fjala.info\\\/2009-2015\\\/#\\\/schema\\\/person\\\/3aa1163ef05469c496fc94e77611ada2\"},\"headline\":\"Thashethemnaja si argument\",\"datePublished\":\"2010-12-25T21:48:37+00:00\",\"mainEntityOfPage\":{\"@id\":\"https:\\\/\\\/fjala.info\\\/2009-2015\\\/thashethemnaja-si-argument\\\/\"},\"wordCount\":2581,\"commentCount\":0,\"publisher\":{\"@id\":\"https:\\\/\\\/fjala.info\\\/2009-2015\\\/#organization\"},\"image\":{\"@id\":\"https:\\\/\\\/fjala.info\\\/2009-2015\\\/thashethemnaja-si-argument\\\/#primaryimage\"},\"thumbnailUrl\":\"http:\\\/\\\/fjala.shkoder.net\\\/wp-content\\\/uploads\\\/2010\\\/10\\\/xhaferi.jpg\",\"articleSection\":[\"Artikuj\"],\"inLanguage\":\"sq-AL\",\"potentialAction\":[{\"@type\":\"CommentAction\",\"name\":\"Comment\",\"target\":[\"https:\\\/\\\/fjala.info\\\/2009-2015\\\/thashethemnaja-si-argument\\\/#respond\"]}]},{\"@type\":\"WebPage\",\"@id\":\"https:\\\/\\\/fjala.info\\\/2009-2015\\\/thashethemnaja-si-argument\\\/\",\"url\":\"https:\\\/\\\/fjala.info\\\/2009-2015\\\/thashethemnaja-si-argument\\\/\",\"name\":\"Thashethemnaja si argument - FjALA e LIR\u00cb - Arkivi\",\"isPartOf\":{\"@id\":\"https:\\\/\\\/fjala.info\\\/2009-2015\\\/#website\"},\"primaryImageOfPage\":{\"@id\":\"https:\\\/\\\/fjala.info\\\/2009-2015\\\/thashethemnaja-si-argument\\\/#primaryimage\"},\"image\":{\"@id\":\"https:\\\/\\\/fjala.info\\\/2009-2015\\\/thashethemnaja-si-argument\\\/#primaryimage\"},\"thumbnailUrl\":\"http:\\\/\\\/fjala.shkoder.net\\\/wp-content\\\/uploads\\\/2010\\\/10\\\/xhaferi.jpg\",\"datePublished\":\"2010-12-25T21:48:37+00:00\",\"breadcrumb\":{\"@id\":\"https:\\\/\\\/fjala.info\\\/2009-2015\\\/thashethemnaja-si-argument\\\/#breadcrumb\"},\"inLanguage\":\"sq-AL\",\"potentialAction\":[{\"@type\":\"ReadAction\",\"target\":[\"https:\\\/\\\/fjala.info\\\/2009-2015\\\/thashethemnaja-si-argument\\\/\"]}]},{\"@type\":\"ImageObject\",\"inLanguage\":\"sq-AL\",\"@id\":\"https:\\\/\\\/fjala.info\\\/2009-2015\\\/thashethemnaja-si-argument\\\/#primaryimage\",\"url\":\"http:\\\/\\\/fjala.shkoder.net\\\/wp-content\\\/uploads\\\/2010\\\/10\\\/xhaferi.jpg\",\"contentUrl\":\"http:\\\/\\\/fjala.shkoder.net\\\/wp-content\\\/uploads\\\/2010\\\/10\\\/xhaferi.jpg\"},{\"@type\":\"BreadcrumbList\",\"@id\":\"https:\\\/\\\/fjala.info\\\/2009-2015\\\/thashethemnaja-si-argument\\\/#breadcrumb\",\"itemListElement\":[{\"@type\":\"ListItem\",\"position\":1,\"name\":\"Home\",\"item\":\"https:\\\/\\\/fjala.info\\\/2009-2015\\\/\"},{\"@type\":\"ListItem\",\"position\":2,\"name\":\"Thashethemnaja si argument\"}]},{\"@type\":\"WebSite\",\"@id\":\"https:\\\/\\\/fjala.info\\\/2009-2015\\\/#website\",\"url\":\"https:\\\/\\\/fjala.info\\\/2009-2015\\\/\",\"name\":\"FjALA e LIR\u00cb - Arkivi\",\"description\":\"Arkivi 2009-2015\",\"publisher\":{\"@id\":\"https:\\\/\\\/fjala.info\\\/2009-2015\\\/#organization\"},\"potentialAction\":[{\"@type\":\"SearchAction\",\"target\":{\"@type\":\"EntryPoint\",\"urlTemplate\":\"https:\\\/\\\/fjala.info\\\/2009-2015\\\/?s={search_term_string}\"},\"query-input\":{\"@type\":\"PropertyValueSpecification\",\"valueRequired\":true,\"valueName\":\"search_term_string\"}}],\"inLanguage\":\"sq-AL\"},{\"@type\":\"Organization\",\"@id\":\"https:\\\/\\\/fjala.info\\\/2009-2015\\\/#organization\",\"name\":\"FjALA e LIR\u00cb - Arkivi\",\"url\":\"https:\\\/\\\/fjala.info\\\/2009-2015\\\/\",\"logo\":{\"@type\":\"ImageObject\",\"inLanguage\":\"sq-AL\",\"@id\":\"https:\\\/\\\/fjala.info\\\/2009-2015\\\/#\\\/schema\\\/logo\\\/image\\\/\",\"url\":\"\",\"contentUrl\":\"\",\"caption\":\"FjALA e LIR\u00cb - Arkivi\"},\"image\":{\"@id\":\"https:\\\/\\\/fjala.info\\\/2009-2015\\\/#\\\/schema\\\/logo\\\/image\\\/\"}},{\"@type\":\"Person\",\"@id\":\"https:\\\/\\\/fjala.info\\\/2009-2015\\\/#\\\/schema\\\/person\\\/3aa1163ef05469c496fc94e77611ada2\",\"name\":\"admin\",\"image\":{\"@type\":\"ImageObject\",\"inLanguage\":\"sq-AL\",\"@id\":\"https:\\\/\\\/fjala.info\\\/2009-2015\\\/wp-content\\\/uploads\\\/2012\\\/02\\\/arben_cokaj-120x150.jpg\",\"url\":\"https:\\\/\\\/fjala.info\\\/2009-2015\\\/wp-content\\\/uploads\\\/2012\\\/02\\\/arben_cokaj-120x150.jpg\",\"contentUrl\":\"https:\\\/\\\/fjala.info\\\/2009-2015\\\/wp-content\\\/uploads\\\/2012\\\/02\\\/arben_cokaj-120x150.jpg\",\"caption\":\"admin\"},\"description\":\"Admin, Fjala e Lir\u00eb\",\"sameAs\":[\"https:\\\/\\\/fjala.info\\\/\"],\"url\":\"https:\\\/\\\/fjala.info\\\/2009-2015\\\/author\\\/admin\\\/\"}]}<\/script>\n<!-- \/ Yoast SEO plugin. -->","yoast_head_json":{"title":"Thashethemnaja si argument - FjALA e LIR\u00cb - Arkivi","robots":{"index":"index","follow":"follow","max-snippet":"max-snippet:-1","max-image-preview":"max-image-preview:large","max-video-preview":"max-video-preview:-1"},"canonical":"https:\/\/fjala.info\/2009-2015\/thashethemnaja-si-argument\/","og_locale":"sq_AL","og_type":"article","og_title":"Thashethemnaja si argument - FjALA e LIR\u00cb - Arkivi","og_description":"Arb\u00ebn Xhaferri, 25.12.2010 &#8220;T\u00eb gjith\u00eb kan\u00eb ditur se \u00e7far\u00eb po ndodh n\u00eb Kosov\u00eb, por kan\u00eb heshtur&#8221;&#8230; K\u00ebshtu deklaron raportuesi i K\u00ebshillit p\u00ebr \u00e7\u00ebshtje juridike t\u00eb Kuvendit Parlamentar t\u00eb K\u00ebshillit t\u00eb Europ\u00ebs, Dik Marti, n\u00eb raportin e tij p\u00ebr tregtin\u00eb ilegale me organe njer\u00ebzore n\u00eb Kosov\u00eb. Kjo fjali e shk\u00ebputur nga nj\u00eb intervist\u00eb e tij dh\u00ebn\u00eb [&hellip;]","og_url":"https:\/\/fjala.info\/2009-2015\/thashethemnaja-si-argument\/","og_site_name":"FjALA e LIR\u00cb - Arkivi","article_published_time":"2010-12-25T21:48:37+00:00","og_image":[{"url":"http:\/\/fjala.shkoder.net\/wp-content\/uploads\/2010\/10\/xhaferi.jpg","type":"","width":"","height":""}],"author":"admin","twitter_card":"summary_large_image","twitter_misc":{"Written by":"admin","Est. reading time":"13 minutes"},"schema":{"@context":"https:\/\/schema.org","@graph":[{"@type":"Article","@id":"https:\/\/fjala.info\/2009-2015\/thashethemnaja-si-argument\/#article","isPartOf":{"@id":"https:\/\/fjala.info\/2009-2015\/thashethemnaja-si-argument\/"},"author":{"name":"admin","@id":"https:\/\/fjala.info\/2009-2015\/#\/schema\/person\/3aa1163ef05469c496fc94e77611ada2"},"headline":"Thashethemnaja si argument","datePublished":"2010-12-25T21:48:37+00:00","mainEntityOfPage":{"@id":"https:\/\/fjala.info\/2009-2015\/thashethemnaja-si-argument\/"},"wordCount":2581,"commentCount":0,"publisher":{"@id":"https:\/\/fjala.info\/2009-2015\/#organization"},"image":{"@id":"https:\/\/fjala.info\/2009-2015\/thashethemnaja-si-argument\/#primaryimage"},"thumbnailUrl":"http:\/\/fjala.shkoder.net\/wp-content\/uploads\/2010\/10\/xhaferi.jpg","articleSection":["Artikuj"],"inLanguage":"sq-AL","potentialAction":[{"@type":"CommentAction","name":"Comment","target":["https:\/\/fjala.info\/2009-2015\/thashethemnaja-si-argument\/#respond"]}]},{"@type":"WebPage","@id":"https:\/\/fjala.info\/2009-2015\/thashethemnaja-si-argument\/","url":"https:\/\/fjala.info\/2009-2015\/thashethemnaja-si-argument\/","name":"Thashethemnaja si argument - FjALA e LIR\u00cb - Arkivi","isPartOf":{"@id":"https:\/\/fjala.info\/2009-2015\/#website"},"primaryImageOfPage":{"@id":"https:\/\/fjala.info\/2009-2015\/thashethemnaja-si-argument\/#primaryimage"},"image":{"@id":"https:\/\/fjala.info\/2009-2015\/thashethemnaja-si-argument\/#primaryimage"},"thumbnailUrl":"http:\/\/fjala.shkoder.net\/wp-content\/uploads\/2010\/10\/xhaferi.jpg","datePublished":"2010-12-25T21:48:37+00:00","breadcrumb":{"@id":"https:\/\/fjala.info\/2009-2015\/thashethemnaja-si-argument\/#breadcrumb"},"inLanguage":"sq-AL","potentialAction":[{"@type":"ReadAction","target":["https:\/\/fjala.info\/2009-2015\/thashethemnaja-si-argument\/"]}]},{"@type":"ImageObject","inLanguage":"sq-AL","@id":"https:\/\/fjala.info\/2009-2015\/thashethemnaja-si-argument\/#primaryimage","url":"http:\/\/fjala.shkoder.net\/wp-content\/uploads\/2010\/10\/xhaferi.jpg","contentUrl":"http:\/\/fjala.shkoder.net\/wp-content\/uploads\/2010\/10\/xhaferi.jpg"},{"@type":"BreadcrumbList","@id":"https:\/\/fjala.info\/2009-2015\/thashethemnaja-si-argument\/#breadcrumb","itemListElement":[{"@type":"ListItem","position":1,"name":"Home","item":"https:\/\/fjala.info\/2009-2015\/"},{"@type":"ListItem","position":2,"name":"Thashethemnaja si argument"}]},{"@type":"WebSite","@id":"https:\/\/fjala.info\/2009-2015\/#website","url":"https:\/\/fjala.info\/2009-2015\/","name":"FjALA e LIR\u00cb - Arkivi","description":"Arkivi 2009-2015","publisher":{"@id":"https:\/\/fjala.info\/2009-2015\/#organization"},"potentialAction":[{"@type":"SearchAction","target":{"@type":"EntryPoint","urlTemplate":"https:\/\/fjala.info\/2009-2015\/?s={search_term_string}"},"query-input":{"@type":"PropertyValueSpecification","valueRequired":true,"valueName":"search_term_string"}}],"inLanguage":"sq-AL"},{"@type":"Organization","@id":"https:\/\/fjala.info\/2009-2015\/#organization","name":"FjALA e LIR\u00cb - Arkivi","url":"https:\/\/fjala.info\/2009-2015\/","logo":{"@type":"ImageObject","inLanguage":"sq-AL","@id":"https:\/\/fjala.info\/2009-2015\/#\/schema\/logo\/image\/","url":"","contentUrl":"","caption":"FjALA e LIR\u00cb - Arkivi"},"image":{"@id":"https:\/\/fjala.info\/2009-2015\/#\/schema\/logo\/image\/"}},{"@type":"Person","@id":"https:\/\/fjala.info\/2009-2015\/#\/schema\/person\/3aa1163ef05469c496fc94e77611ada2","name":"admin","image":{"@type":"ImageObject","inLanguage":"sq-AL","@id":"https:\/\/fjala.info\/2009-2015\/wp-content\/uploads\/2012\/02\/arben_cokaj-120x150.jpg","url":"https:\/\/fjala.info\/2009-2015\/wp-content\/uploads\/2012\/02\/arben_cokaj-120x150.jpg","contentUrl":"https:\/\/fjala.info\/2009-2015\/wp-content\/uploads\/2012\/02\/arben_cokaj-120x150.jpg","caption":"admin"},"description":"Admin, Fjala e Lir\u00eb","sameAs":["https:\/\/fjala.info\/"],"url":"https:\/\/fjala.info\/2009-2015\/author\/admin\/"}]}},"_links":{"self":[{"href":"https:\/\/fjala.info\/2009-2015\/wp-json\/wp\/v2\/posts\/5372","targetHints":{"allow":["GET"]}}],"collection":[{"href":"https:\/\/fjala.info\/2009-2015\/wp-json\/wp\/v2\/posts"}],"about":[{"href":"https:\/\/fjala.info\/2009-2015\/wp-json\/wp\/v2\/types\/post"}],"author":[{"embeddable":true,"href":"https:\/\/fjala.info\/2009-2015\/wp-json\/wp\/v2\/users\/1"}],"replies":[{"embeddable":true,"href":"https:\/\/fjala.info\/2009-2015\/wp-json\/wp\/v2\/comments?post=5372"}],"version-history":[{"count":0,"href":"https:\/\/fjala.info\/2009-2015\/wp-json\/wp\/v2\/posts\/5372\/revisions"}],"wp:attachment":[{"href":"https:\/\/fjala.info\/2009-2015\/wp-json\/wp\/v2\/media?parent=5372"}],"wp:term":[{"taxonomy":"category","embeddable":true,"href":"https:\/\/fjala.info\/2009-2015\/wp-json\/wp\/v2\/categories?post=5372"},{"taxonomy":"post_tag","embeddable":true,"href":"https:\/\/fjala.info\/2009-2015\/wp-json\/wp\/v2\/tags?post=5372"}],"curies":[{"name":"wp","href":"https:\/\/api.w.org\/{rel}","templated":true}]}}