{"id":5370,"date":"2010-12-25T22:45:36","date_gmt":"2010-12-25T21:45:36","guid":{"rendered":"http:\/\/fjala.shkoder.net\/?p=5370"},"modified":"2010-12-25T22:45:36","modified_gmt":"2010-12-25T21:45:36","slug":"nje-kryeminister-skizofren-dhe-i-rrezikshem","status":"publish","type":"post","link":"https:\/\/fjala.info\/2009-2015\/nje-kryeminister-skizofren-dhe-i-rrezikshem\/","title":{"rendered":"Nj\u00eb kryeminist\u00ebr skizofren dhe i rreziksh\u00ebm"},"content":{"rendered":"<p><img decoding=\"async\" class=\"alignright size-full wp-image-4159\" title=\"Bledar H. Prifti\" src=\"http:\/\/fjala.shkoder.net\/wp-content\/uploads\/2010\/10\/bledar_prifti.jpg\" alt=\"\" width=\"150\" \/><br \/>\n<strong>Bledar H. Prifti<\/strong>, <em>25.12.2010<\/em><\/p>\n<p>Deklarata e Sali Berish\u00ebs se ai ka qen\u00eb i gatsh\u00ebm t&#8217;i organizonte Edi Ram\u00ebs nj\u00eb funeral madh\u00ebshtor duhet t\u00eb konsiderohet si deklarata m\u00eb e ndyr\u00eb, m\u00eb monstruoze dhe m\u00eb perverse q\u00eb mund t\u00eb kemi d\u00ebgjuar ndonj\u00ebher\u00eb n\u00eb aren\u00ebn politike. Ajo \u00ebsht\u00eb nj\u00eb deklarat\u00eb q\u00eb mund t\u00eb l\u00ebshohet vet\u00ebm nga ato specie q\u00eb nuk kan\u00eb asgj\u00eb t\u00eb p\u00ebrbashk\u00ebt me bot\u00ebn humane, dhe aq m\u00eb tep\u00ebr me politik\u00ebn.<\/p>\n<p>Ajo deklarat\u00eb tregon hapur mentalitetin primitiv, monstruozitetin dhe pap\u00ebrgjegjshm\u00ebrin\u00eb totale q\u00eb ka kjo specie p\u00ebrkundrejt popullit t\u00eb tij.<\/p>\n<p>Ky monst\u00ebr na tregoi para pak dit\u00ebsh se paska qen\u00eb i gatsh\u00ebm dhe pa kurrfar\u00eb ndjenje humane t\u00eb kryente jo nj\u00eb funeral, por qindra e mij\u00ebra funerale.<\/p>\n<p>Kjo deklarat\u00eb monstruoze dhe perverse e Sali Berish\u00ebs nuk duhet t\u00eb jet\u00eb surprizuese p\u00ebr Shqiptar\u00ebt, dhe as nuk mund t\u00eb konsiderohet nj\u00eb shaka e b\u00ebr\u00eb nga nj\u00eb politikan q\u00eb po i vjen fundi, apo shaka e b\u00ebr\u00eb nga nj\u00eb plak i rrjedhur. V\u00ebllavrasja e vitit 1997 nuk ishte e rast\u00ebsishme, dhe k\u00ebt\u00eb e v\u00ebrteton m\u00eb shum\u00eb se kurr\u00eb kjo deklarat\u00eb p\u00ebr funerale e Sali Berish\u00ebs.<\/p>\n<p>Kriza politike dhe mosmarrja e statusit t\u00eb kandidatit p\u00ebr n\u00eb BE nuk ishte e rast\u00ebsishme, por ishte rezultat i veprimeve t\u00eb nj\u00eb njeriu t\u00eb pap\u00ebrgjegjsh\u00ebm dhe monstruoz q\u00eb p\u00ebr hir t\u00eb pushtetit organizon funerale dhe penalizon e masakron nj\u00eb popull t\u00eb t\u00ebr\u00eb. Ky njeri nuk ka asnj\u00eb ndjenj\u00eb humane p\u00ebrve\u00e7 perversitetit, monstruozitetit dhe bab\u00ebzis\u00eb s\u00eb tij p\u00ebr pushtet absolut.<\/p>\n<p>N\u00eb vitin 1997, Sali Berisha organizoi mij\u00ebra funerale vet\u00ebm e vet\u00ebm p\u00ebr t\u00eb mbajtur pushtetin e tij. N\u00eb nj\u00eb koh\u00eb kur Shqiptar\u00ebt vriteshin mes nj\u00ebri-tjetrit, kjo specie nxitonte p\u00ebr t\u00eb riv\u00ebn\u00eb kuror\u00ebn e helmatisur t\u00eb presidentit.<\/p>\n<p>Edhe sot n\u00eb vitin 2010, Sali Berisha tregon nga goja e tij se ka qen\u00eb i gatsh\u00ebm t\u00eb organizonte funerale t\u00eb tjer\u00eb si ato funerale t\u00eb vitit 1997. Kjo duhet t\u00eb alarmoj\u00eb mbar\u00eb shoq\u00ebrin\u00eb dhe kombin shqiptar.<\/p>\n<p>Monstra t\u00eb tilla nuk kan\u00eb as parti dhe as atdhe, pasi ato jan\u00eb qenie t\u00eb pashpirta dhe t\u00eb paskrupullta. Kjo specie nuk \u00ebsht\u00eb qenie humane me zem\u00ebr t\u00eb bardh\u00eb dhe shpirt demokratik, por nj\u00eb shartim i perversitetit, marr\u00ebzis\u00eb dhe djall\u00ebzis\u00eb.<\/p>\n<p>P\u00ebr hir t\u00eb pushtetit, ky monst\u00ebr \u00ebsht\u00eb i gatsh\u00ebm t\u00eb organizoj\u00eb funerale dhe t\u00eb shes\u00eb e shkat\u00ebrroj\u00eb vendin e vet. Ky \u00ebsht\u00eb klonimi dhe shartimi m\u00eb i keq q\u00eb i \u00ebsht\u00eb servirur ndonj\u00ebher\u00eb k\u00ebtij populli nga kupola komuniste gjat\u00eb periudh\u00ebs s\u00eb nd\u00ebrrimit t\u00eb sistemit.<\/p>\n<p>Sali Berisha nuk \u00ebsht\u00eb demokrat, por nj\u00eb komunist i regjur dhe mik i besuar i familjes s\u00eb diktatorit Hoxha. Sali Berisha dhe familja Hoxha, s\u00eb bashku me pushtetar\u00ebt komunist\u00eb, kan\u00eb n\u00ebnshkruar nj\u00eb pakt t\u00eb ndyr\u00eb n\u00eb kurriz t\u00eb shqiptar\u00ebve. Dhe kjo \u00ebsht\u00eb arsyeja q\u00eb sot asnj\u00eb udh\u00ebheq\u00ebs i lart\u00eb i regjimit nuk ka shkuar realisht para drejt\u00ebsis\u00eb p\u00ebr t\u00eb dh\u00ebn\u00eb llogari n\u00eb lidhje me krimet e tyre.<\/p>\n<p>Kjo \u00ebsht\u00eb ajo q\u00eb akoma sot e k\u00ebsaj dite t\u00eb persekutuarit politik t\u00eb regjimit komunist vazhdojn\u00eb t\u00eb p\u00ebr\u00e7mohen dhe t\u00eb injorohen djall\u00ebzisht nga Sali Berisha. Nuk ka se si t\u00eb shpjegohet ndryshe as reagimi i familjes Hoxha, e cila d\u00ebnonte publikimin e fotove q\u00eb v\u00ebrtetonte miq\u00ebsin\u00eb e ngusht\u00eb t\u00eb Berish\u00ebs me familjen e diktatorit.<\/p>\n<p>\u00cbsht\u00eb paradoksale dhe djall\u00ebzore nj\u00ebkoh\u00ebsisht, q\u00eb familja Hoxha akuzon sot opozit\u00ebn p\u00ebr publikim t\u00eb fotove se gjoja i prishi &#8220;privatsin\u00eb&#8221; n\u00eb nj\u00eb koh\u00eb kur kjo familje nuk ka hapur as nj\u00eb her\u00eb t\u00eb vetme goj\u00ebn p\u00ebr &#8220;posht\u00ebrimet&#8221; q\u00eb Berisha i ka b\u00ebr\u00eb publikisht Enver Hoxh\u00ebs. \u00c7far\u00eb i fshehin k\u00ebta syresh k\u00ebtij populli?<\/p>\n<p>Kush e udh\u00ebheq n\u00eb t\u00eb v\u00ebrtet\u00eb sot Shqip\u00ebrin\u00eb?<br \/>\nDhe ndaj sot, ne nuk jetojm\u00eb n\u00eb demokraci, por n\u00eb nj\u00eb diktatur\u00eb t\u00eb udh\u00ebhequr nga nj\u00eb specie q\u00eb \u00ebsht\u00eb m\u00eb i marr\u00eb dhe m\u00eb i djall\u00ebzuar sesa udh\u00ebheq\u00ebsi i tij shpirt\u00ebror. Ndaj, edhe sot e k\u00ebsaj dite n\u00eb Shqip\u00ebri nuk \u00ebsht\u00eb zgjidhur akoma \u00e7\u00ebshtja e pronave, nuk \u00ebsht\u00eb vendosur n\u00eb vend nderi i t\u00eb p\u00ebrndjekurve politik\u00eb, nuk kryhen zgjedhje t\u00eb ndershme dhe transparente, dhe nuk pranohemi si partner n\u00eb BE.<\/p>\n<p>Sot, ne vazhdojm\u00eb t\u00eb jetojm\u00eb n\u00eb k\u00ebt\u00eb err\u00ebsir\u00eb nga e cila p\u00ebrfitojn\u00eb vet\u00ebm eg\u00ebrsirat, \u00e7akejt\u00eb dhe monstrat si Sali Berisha dhe ata q\u00eb kryen krime dje gjat\u00eb komunizmit dhe sot n\u00ebn regjimin e klik\u00ebs s\u00eb kamufluar komuniste. Sot, ne akoma vazhdojm\u00eb t\u00eb vritemi mes nj\u00ebri-tjetrit p\u00ebr interesa t\u00eb k\u00ebtij neokomunisti. Sot i p\u00ebrndjekuri politik \u00ebsht\u00eb v\u00ebn\u00eb kund\u00ebr t\u00eb p\u00ebrndjekurit politik p\u00ebr hir t\u00eb pushtetit t\u00eb mikut t\u00eb besuar t\u00eb familjes s\u00eb diktatorit Hoxha.<\/p>\n<p>Sot demokrat\u00ebt vihen kund\u00ebr demokrat\u00ebve p\u00ebr hir t\u00eb pushtetit t\u00eb mikut t\u00eb besuar t\u00eb familjes s\u00eb diktatorit Hoxha. Ky \u00ebsht\u00eb nj\u00eb turp q\u00eb duhet t\u00eb marr\u00eb fund! Duhet t\u00eb kuptojm\u00eb se kemi r\u00ebn\u00eb viktim\u00eb e atij establishmenti, i cili nuk \u00ebsht\u00eb gj\u00eb tjet\u00ebr por nj\u00eb zgjatim i rinis\u00eb s\u00eb at\u00ebhershme komuniste e promovuar n\u00eb politik\u00ebn shqiptare nga Ramiz Alia me bekimin e familjes Hoxha.<\/p>\n<p>E tashmja dhe e ardhja jon\u00eb k\u00ebrc\u00ebnohen seriozisht nga monstra dhe i marri Sali Berisha. Kur dje Sali Berisha shkaktoi tragjedin\u00eb e vitit 1997 dhe organizoi p\u00ebrmes saj mij\u00ebra funerale, dhe kur sot, po ky monst\u00ebr deklaron se ishte i gatsh\u00ebm t\u00eb organizonte funerale t\u00eb tjera p\u00ebr kreun e opozit\u00ebs dhe botuesit e mediave kritike, ne DUHET t\u00eb b\u00ebhemi t\u00eb vet\u00ebdijsh\u00ebm dhe t\u00eb kuptojm\u00eb se nes\u00ebr Sali Berisha \u00ebsht\u00eb i gatsh\u00ebm t\u00eb organizoj\u00eb edhe mij\u00ebra funerale t\u00eb tjera.<\/p>\n<p>N\u00ebse nuk e ndalojm\u00eb sot, nes\u00ebr mund t\u00eb jet\u00eb shum\u00eb von\u00eb. N\u00ebse akoma nuk keni r\u00ebn\u00eb pre e djall\u00ebzis\u00eb dhe marr\u00ebzis\u00eb s\u00eb Berish\u00ebs, shum\u00eb shpejt ka p\u00ebr t\u00eb ardhur edhe radha juaj p\u00ebr t\u00eb qen\u00eb n\u00eb list\u00ebn e funeraleve t\u00eb tij. Sot ka ardhur koha q\u00eb t\u00eb kuptojm\u00eb dhe t\u00eb mos biem viktim\u00eb e dinak\u00ebris\u00eb s\u00eb tij p\u00ebr t\u00eb p\u00ebr\u00e7ar\u00eb dhe sunduar n\u00eb mbret\u00ebrin\u00eb e vdekjes.<\/p>\n<p>Sot duhet t\u00eb kuptojm\u00eb dhe t\u00eb mos biem viktim\u00eb e mashtrimeve dhe marr\u00ebzive t\u00eb tij q\u00eb synojn\u00eb t\u00eb mbjellin n\u00eb k\u00ebt\u00eb vend tragjedi t\u00eb tjera. Sot ne duhet t\u00eb bashkohemi n\u00eb nj\u00eb betej\u00eb fisnike kund\u00ebr s\u00eb keqes dhe t\u00eb mos lejojm\u00eb q\u00eb ky skizofren t\u00eb ket\u00eb nes\u00ebr mund\u00ebsi t\u00eb organizoj\u00eb funerale t\u00eb tjera p\u00ebr Shqiptar\u00ebt.<\/p>\n","protected":false},"excerpt":{"rendered":"<p>Bledar H. Prifti, 25.12.2010 Deklarata e Sali Berish\u00ebs se ai ka qen\u00eb i gatsh\u00ebm t&#8217;i organizonte Edi Ram\u00ebs nj\u00eb funeral madh\u00ebshtor duhet t\u00eb konsiderohet si deklarata m\u00eb e ndyr\u00eb, m\u00eb monstruoze dhe m\u00eb perverse q\u00eb mund t\u00eb kemi d\u00ebgjuar ndonj\u00ebher\u00eb n\u00eb aren\u00ebn politike. Ajo \u00ebsht\u00eb nj\u00eb deklarat\u00eb q\u00eb mund t\u00eb l\u00ebshohet vet\u00ebm nga ato specie [&hellip;]<\/p>\n","protected":false},"author":1,"featured_media":0,"comment_status":"open","ping_status":"closed","sticky":false,"template":"","format":"standard","meta":{"footnotes":""},"categories":[2],"tags":[],"class_list":{"0":"post-5370","1":"post","2":"type-post","3":"status-publish","4":"format-standard","6":"category-artikuj"},"yoast_head":"<!-- This site is optimized with the Yoast SEO plugin v27.4 - https:\/\/yoast.com\/product\/yoast-seo-wordpress\/ -->\n<title>Nj\u00eb kryeminist\u00ebr skizofren dhe i rreziksh\u00ebm - FjALA e LIR\u00cb - Arkivi<\/title>\n<meta name=\"robots\" content=\"index, follow, max-snippet:-1, max-image-preview:large, max-video-preview:-1\" \/>\n<link rel=\"canonical\" href=\"https:\/\/fjala.info\/2009-2015\/nje-kryeminister-skizofren-dhe-i-rrezikshem\/\" \/>\n<meta property=\"og:locale\" content=\"sq_AL\" \/>\n<meta property=\"og:type\" content=\"article\" \/>\n<meta property=\"og:title\" content=\"Nj\u00eb kryeminist\u00ebr skizofren dhe i rreziksh\u00ebm - FjALA e LIR\u00cb - Arkivi\" \/>\n<meta property=\"og:description\" content=\"Bledar H. Prifti, 25.12.2010 Deklarata e Sali Berish\u00ebs se ai ka qen\u00eb i gatsh\u00ebm t&#8217;i organizonte Edi Ram\u00ebs nj\u00eb funeral madh\u00ebshtor duhet t\u00eb konsiderohet si deklarata m\u00eb e ndyr\u00eb, m\u00eb monstruoze dhe m\u00eb perverse q\u00eb mund t\u00eb kemi d\u00ebgjuar ndonj\u00ebher\u00eb n\u00eb aren\u00ebn politike. Ajo \u00ebsht\u00eb nj\u00eb deklarat\u00eb q\u00eb mund t\u00eb l\u00ebshohet vet\u00ebm nga ato specie [&hellip;]\" \/>\n<meta property=\"og:url\" content=\"https:\/\/fjala.info\/2009-2015\/nje-kryeminister-skizofren-dhe-i-rrezikshem\/\" \/>\n<meta property=\"og:site_name\" content=\"FjALA e LIR\u00cb - Arkivi\" \/>\n<meta property=\"article:published_time\" content=\"2010-12-25T21:45:36+00:00\" \/>\n<meta property=\"og:image\" content=\"http:\/\/fjala.shkoder.net\/wp-content\/uploads\/2010\/10\/bledar_prifti.jpg\" \/>\n<meta name=\"author\" content=\"admin\" \/>\n<meta name=\"twitter:card\" content=\"summary_large_image\" \/>\n<meta name=\"twitter:label1\" content=\"Written by\" \/>\n\t<meta name=\"twitter:data1\" content=\"admin\" \/>\n\t<meta name=\"twitter:label2\" content=\"Est. reading time\" \/>\n\t<meta name=\"twitter:data2\" content=\"6 minutes\" \/>\n<script type=\"application\/ld+json\" class=\"yoast-schema-graph\">{\"@context\":\"https:\\\/\\\/schema.org\",\"@graph\":[{\"@type\":\"Article\",\"@id\":\"https:\\\/\\\/fjala.info\\\/2009-2015\\\/nje-kryeminister-skizofren-dhe-i-rrezikshem\\\/#article\",\"isPartOf\":{\"@id\":\"https:\\\/\\\/fjala.info\\\/2009-2015\\\/nje-kryeminister-skizofren-dhe-i-rrezikshem\\\/\"},\"author\":{\"name\":\"admin\",\"@id\":\"https:\\\/\\\/fjala.info\\\/2009-2015\\\/#\\\/schema\\\/person\\\/3aa1163ef05469c496fc94e77611ada2\"},\"headline\":\"Nj\u00eb kryeminist\u00ebr skizofren dhe i rreziksh\u00ebm\",\"datePublished\":\"2010-12-25T21:45:36+00:00\",\"mainEntityOfPage\":{\"@id\":\"https:\\\/\\\/fjala.info\\\/2009-2015\\\/nje-kryeminister-skizofren-dhe-i-rrezikshem\\\/\"},\"wordCount\":1147,\"commentCount\":0,\"publisher\":{\"@id\":\"https:\\\/\\\/fjala.info\\\/2009-2015\\\/#organization\"},\"image\":{\"@id\":\"https:\\\/\\\/fjala.info\\\/2009-2015\\\/nje-kryeminister-skizofren-dhe-i-rrezikshem\\\/#primaryimage\"},\"thumbnailUrl\":\"http:\\\/\\\/fjala.shkoder.net\\\/wp-content\\\/uploads\\\/2010\\\/10\\\/bledar_prifti.jpg\",\"articleSection\":[\"Artikuj\"],\"inLanguage\":\"sq-AL\",\"potentialAction\":[{\"@type\":\"CommentAction\",\"name\":\"Comment\",\"target\":[\"https:\\\/\\\/fjala.info\\\/2009-2015\\\/nje-kryeminister-skizofren-dhe-i-rrezikshem\\\/#respond\"]}]},{\"@type\":\"WebPage\",\"@id\":\"https:\\\/\\\/fjala.info\\\/2009-2015\\\/nje-kryeminister-skizofren-dhe-i-rrezikshem\\\/\",\"url\":\"https:\\\/\\\/fjala.info\\\/2009-2015\\\/nje-kryeminister-skizofren-dhe-i-rrezikshem\\\/\",\"name\":\"Nj\u00eb kryeminist\u00ebr skizofren dhe i rreziksh\u00ebm - FjALA e LIR\u00cb - Arkivi\",\"isPartOf\":{\"@id\":\"https:\\\/\\\/fjala.info\\\/2009-2015\\\/#website\"},\"primaryImageOfPage\":{\"@id\":\"https:\\\/\\\/fjala.info\\\/2009-2015\\\/nje-kryeminister-skizofren-dhe-i-rrezikshem\\\/#primaryimage\"},\"image\":{\"@id\":\"https:\\\/\\\/fjala.info\\\/2009-2015\\\/nje-kryeminister-skizofren-dhe-i-rrezikshem\\\/#primaryimage\"},\"thumbnailUrl\":\"http:\\\/\\\/fjala.shkoder.net\\\/wp-content\\\/uploads\\\/2010\\\/10\\\/bledar_prifti.jpg\",\"datePublished\":\"2010-12-25T21:45:36+00:00\",\"breadcrumb\":{\"@id\":\"https:\\\/\\\/fjala.info\\\/2009-2015\\\/nje-kryeminister-skizofren-dhe-i-rrezikshem\\\/#breadcrumb\"},\"inLanguage\":\"sq-AL\",\"potentialAction\":[{\"@type\":\"ReadAction\",\"target\":[\"https:\\\/\\\/fjala.info\\\/2009-2015\\\/nje-kryeminister-skizofren-dhe-i-rrezikshem\\\/\"]}]},{\"@type\":\"ImageObject\",\"inLanguage\":\"sq-AL\",\"@id\":\"https:\\\/\\\/fjala.info\\\/2009-2015\\\/nje-kryeminister-skizofren-dhe-i-rrezikshem\\\/#primaryimage\",\"url\":\"http:\\\/\\\/fjala.shkoder.net\\\/wp-content\\\/uploads\\\/2010\\\/10\\\/bledar_prifti.jpg\",\"contentUrl\":\"http:\\\/\\\/fjala.shkoder.net\\\/wp-content\\\/uploads\\\/2010\\\/10\\\/bledar_prifti.jpg\"},{\"@type\":\"BreadcrumbList\",\"@id\":\"https:\\\/\\\/fjala.info\\\/2009-2015\\\/nje-kryeminister-skizofren-dhe-i-rrezikshem\\\/#breadcrumb\",\"itemListElement\":[{\"@type\":\"ListItem\",\"position\":1,\"name\":\"Home\",\"item\":\"https:\\\/\\\/fjala.info\\\/2009-2015\\\/\"},{\"@type\":\"ListItem\",\"position\":2,\"name\":\"Nj\u00eb kryeminist\u00ebr skizofren dhe i rreziksh\u00ebm\"}]},{\"@type\":\"WebSite\",\"@id\":\"https:\\\/\\\/fjala.info\\\/2009-2015\\\/#website\",\"url\":\"https:\\\/\\\/fjala.info\\\/2009-2015\\\/\",\"name\":\"FjALA e LIR\u00cb - Arkivi\",\"description\":\"Arkivi 2009-2015\",\"publisher\":{\"@id\":\"https:\\\/\\\/fjala.info\\\/2009-2015\\\/#organization\"},\"potentialAction\":[{\"@type\":\"SearchAction\",\"target\":{\"@type\":\"EntryPoint\",\"urlTemplate\":\"https:\\\/\\\/fjala.info\\\/2009-2015\\\/?s={search_term_string}\"},\"query-input\":{\"@type\":\"PropertyValueSpecification\",\"valueRequired\":true,\"valueName\":\"search_term_string\"}}],\"inLanguage\":\"sq-AL\"},{\"@type\":\"Organization\",\"@id\":\"https:\\\/\\\/fjala.info\\\/2009-2015\\\/#organization\",\"name\":\"FjALA e LIR\u00cb - Arkivi\",\"url\":\"https:\\\/\\\/fjala.info\\\/2009-2015\\\/\",\"logo\":{\"@type\":\"ImageObject\",\"inLanguage\":\"sq-AL\",\"@id\":\"https:\\\/\\\/fjala.info\\\/2009-2015\\\/#\\\/schema\\\/logo\\\/image\\\/\",\"url\":\"\",\"contentUrl\":\"\",\"caption\":\"FjALA e LIR\u00cb - Arkivi\"},\"image\":{\"@id\":\"https:\\\/\\\/fjala.info\\\/2009-2015\\\/#\\\/schema\\\/logo\\\/image\\\/\"}},{\"@type\":\"Person\",\"@id\":\"https:\\\/\\\/fjala.info\\\/2009-2015\\\/#\\\/schema\\\/person\\\/3aa1163ef05469c496fc94e77611ada2\",\"name\":\"admin\",\"image\":{\"@type\":\"ImageObject\",\"inLanguage\":\"sq-AL\",\"@id\":\"https:\\\/\\\/fjala.info\\\/2009-2015\\\/wp-content\\\/uploads\\\/2012\\\/02\\\/arben_cokaj-120x150.jpg\",\"url\":\"https:\\\/\\\/fjala.info\\\/2009-2015\\\/wp-content\\\/uploads\\\/2012\\\/02\\\/arben_cokaj-120x150.jpg\",\"contentUrl\":\"https:\\\/\\\/fjala.info\\\/2009-2015\\\/wp-content\\\/uploads\\\/2012\\\/02\\\/arben_cokaj-120x150.jpg\",\"caption\":\"admin\"},\"description\":\"Admin, Fjala e Lir\u00eb\",\"sameAs\":[\"https:\\\/\\\/fjala.info\\\/\"],\"url\":\"https:\\\/\\\/fjala.info\\\/2009-2015\\\/author\\\/admin\\\/\"}]}<\/script>\n<!-- \/ Yoast SEO plugin. -->","yoast_head_json":{"title":"Nj\u00eb kryeminist\u00ebr skizofren dhe i rreziksh\u00ebm - FjALA e LIR\u00cb - Arkivi","robots":{"index":"index","follow":"follow","max-snippet":"max-snippet:-1","max-image-preview":"max-image-preview:large","max-video-preview":"max-video-preview:-1"},"canonical":"https:\/\/fjala.info\/2009-2015\/nje-kryeminister-skizofren-dhe-i-rrezikshem\/","og_locale":"sq_AL","og_type":"article","og_title":"Nj\u00eb kryeminist\u00ebr skizofren dhe i rreziksh\u00ebm - FjALA e LIR\u00cb - Arkivi","og_description":"Bledar H. Prifti, 25.12.2010 Deklarata e Sali Berish\u00ebs se ai ka qen\u00eb i gatsh\u00ebm t&#8217;i organizonte Edi Ram\u00ebs nj\u00eb funeral madh\u00ebshtor duhet t\u00eb konsiderohet si deklarata m\u00eb e ndyr\u00eb, m\u00eb monstruoze dhe m\u00eb perverse q\u00eb mund t\u00eb kemi d\u00ebgjuar ndonj\u00ebher\u00eb n\u00eb aren\u00ebn politike. Ajo \u00ebsht\u00eb nj\u00eb deklarat\u00eb q\u00eb mund t\u00eb l\u00ebshohet vet\u00ebm nga ato specie [&hellip;]","og_url":"https:\/\/fjala.info\/2009-2015\/nje-kryeminister-skizofren-dhe-i-rrezikshem\/","og_site_name":"FjALA e LIR\u00cb - Arkivi","article_published_time":"2010-12-25T21:45:36+00:00","og_image":[{"url":"http:\/\/fjala.shkoder.net\/wp-content\/uploads\/2010\/10\/bledar_prifti.jpg","type":"","width":"","height":""}],"author":"admin","twitter_card":"summary_large_image","twitter_misc":{"Written by":"admin","Est. reading time":"6 minutes"},"schema":{"@context":"https:\/\/schema.org","@graph":[{"@type":"Article","@id":"https:\/\/fjala.info\/2009-2015\/nje-kryeminister-skizofren-dhe-i-rrezikshem\/#article","isPartOf":{"@id":"https:\/\/fjala.info\/2009-2015\/nje-kryeminister-skizofren-dhe-i-rrezikshem\/"},"author":{"name":"admin","@id":"https:\/\/fjala.info\/2009-2015\/#\/schema\/person\/3aa1163ef05469c496fc94e77611ada2"},"headline":"Nj\u00eb kryeminist\u00ebr skizofren dhe i rreziksh\u00ebm","datePublished":"2010-12-25T21:45:36+00:00","mainEntityOfPage":{"@id":"https:\/\/fjala.info\/2009-2015\/nje-kryeminister-skizofren-dhe-i-rrezikshem\/"},"wordCount":1147,"commentCount":0,"publisher":{"@id":"https:\/\/fjala.info\/2009-2015\/#organization"},"image":{"@id":"https:\/\/fjala.info\/2009-2015\/nje-kryeminister-skizofren-dhe-i-rrezikshem\/#primaryimage"},"thumbnailUrl":"http:\/\/fjala.shkoder.net\/wp-content\/uploads\/2010\/10\/bledar_prifti.jpg","articleSection":["Artikuj"],"inLanguage":"sq-AL","potentialAction":[{"@type":"CommentAction","name":"Comment","target":["https:\/\/fjala.info\/2009-2015\/nje-kryeminister-skizofren-dhe-i-rrezikshem\/#respond"]}]},{"@type":"WebPage","@id":"https:\/\/fjala.info\/2009-2015\/nje-kryeminister-skizofren-dhe-i-rrezikshem\/","url":"https:\/\/fjala.info\/2009-2015\/nje-kryeminister-skizofren-dhe-i-rrezikshem\/","name":"Nj\u00eb kryeminist\u00ebr skizofren dhe i rreziksh\u00ebm - FjALA e LIR\u00cb - Arkivi","isPartOf":{"@id":"https:\/\/fjala.info\/2009-2015\/#website"},"primaryImageOfPage":{"@id":"https:\/\/fjala.info\/2009-2015\/nje-kryeminister-skizofren-dhe-i-rrezikshem\/#primaryimage"},"image":{"@id":"https:\/\/fjala.info\/2009-2015\/nje-kryeminister-skizofren-dhe-i-rrezikshem\/#primaryimage"},"thumbnailUrl":"http:\/\/fjala.shkoder.net\/wp-content\/uploads\/2010\/10\/bledar_prifti.jpg","datePublished":"2010-12-25T21:45:36+00:00","breadcrumb":{"@id":"https:\/\/fjala.info\/2009-2015\/nje-kryeminister-skizofren-dhe-i-rrezikshem\/#breadcrumb"},"inLanguage":"sq-AL","potentialAction":[{"@type":"ReadAction","target":["https:\/\/fjala.info\/2009-2015\/nje-kryeminister-skizofren-dhe-i-rrezikshem\/"]}]},{"@type":"ImageObject","inLanguage":"sq-AL","@id":"https:\/\/fjala.info\/2009-2015\/nje-kryeminister-skizofren-dhe-i-rrezikshem\/#primaryimage","url":"http:\/\/fjala.shkoder.net\/wp-content\/uploads\/2010\/10\/bledar_prifti.jpg","contentUrl":"http:\/\/fjala.shkoder.net\/wp-content\/uploads\/2010\/10\/bledar_prifti.jpg"},{"@type":"BreadcrumbList","@id":"https:\/\/fjala.info\/2009-2015\/nje-kryeminister-skizofren-dhe-i-rrezikshem\/#breadcrumb","itemListElement":[{"@type":"ListItem","position":1,"name":"Home","item":"https:\/\/fjala.info\/2009-2015\/"},{"@type":"ListItem","position":2,"name":"Nj\u00eb kryeminist\u00ebr skizofren dhe i rreziksh\u00ebm"}]},{"@type":"WebSite","@id":"https:\/\/fjala.info\/2009-2015\/#website","url":"https:\/\/fjala.info\/2009-2015\/","name":"FjALA e LIR\u00cb - Arkivi","description":"Arkivi 2009-2015","publisher":{"@id":"https:\/\/fjala.info\/2009-2015\/#organization"},"potentialAction":[{"@type":"SearchAction","target":{"@type":"EntryPoint","urlTemplate":"https:\/\/fjala.info\/2009-2015\/?s={search_term_string}"},"query-input":{"@type":"PropertyValueSpecification","valueRequired":true,"valueName":"search_term_string"}}],"inLanguage":"sq-AL"},{"@type":"Organization","@id":"https:\/\/fjala.info\/2009-2015\/#organization","name":"FjALA e LIR\u00cb - Arkivi","url":"https:\/\/fjala.info\/2009-2015\/","logo":{"@type":"ImageObject","inLanguage":"sq-AL","@id":"https:\/\/fjala.info\/2009-2015\/#\/schema\/logo\/image\/","url":"","contentUrl":"","caption":"FjALA e LIR\u00cb - Arkivi"},"image":{"@id":"https:\/\/fjala.info\/2009-2015\/#\/schema\/logo\/image\/"}},{"@type":"Person","@id":"https:\/\/fjala.info\/2009-2015\/#\/schema\/person\/3aa1163ef05469c496fc94e77611ada2","name":"admin","image":{"@type":"ImageObject","inLanguage":"sq-AL","@id":"https:\/\/fjala.info\/2009-2015\/wp-content\/uploads\/2012\/02\/arben_cokaj-120x150.jpg","url":"https:\/\/fjala.info\/2009-2015\/wp-content\/uploads\/2012\/02\/arben_cokaj-120x150.jpg","contentUrl":"https:\/\/fjala.info\/2009-2015\/wp-content\/uploads\/2012\/02\/arben_cokaj-120x150.jpg","caption":"admin"},"description":"Admin, Fjala e Lir\u00eb","sameAs":["https:\/\/fjala.info\/"],"url":"https:\/\/fjala.info\/2009-2015\/author\/admin\/"}]}},"_links":{"self":[{"href":"https:\/\/fjala.info\/2009-2015\/wp-json\/wp\/v2\/posts\/5370","targetHints":{"allow":["GET"]}}],"collection":[{"href":"https:\/\/fjala.info\/2009-2015\/wp-json\/wp\/v2\/posts"}],"about":[{"href":"https:\/\/fjala.info\/2009-2015\/wp-json\/wp\/v2\/types\/post"}],"author":[{"embeddable":true,"href":"https:\/\/fjala.info\/2009-2015\/wp-json\/wp\/v2\/users\/1"}],"replies":[{"embeddable":true,"href":"https:\/\/fjala.info\/2009-2015\/wp-json\/wp\/v2\/comments?post=5370"}],"version-history":[{"count":0,"href":"https:\/\/fjala.info\/2009-2015\/wp-json\/wp\/v2\/posts\/5370\/revisions"}],"wp:attachment":[{"href":"https:\/\/fjala.info\/2009-2015\/wp-json\/wp\/v2\/media?parent=5370"}],"wp:term":[{"taxonomy":"category","embeddable":true,"href":"https:\/\/fjala.info\/2009-2015\/wp-json\/wp\/v2\/categories?post=5370"},{"taxonomy":"post_tag","embeddable":true,"href":"https:\/\/fjala.info\/2009-2015\/wp-json\/wp\/v2\/tags?post=5370"}],"curies":[{"name":"wp","href":"https:\/\/api.w.org\/{rel}","templated":true}]}}