{"id":537,"date":"2011-12-09T09:13:29","date_gmt":"2011-12-09T08:13:29","guid":{"rendered":"http:\/\/fjala.shkoder.net\/?p=537"},"modified":"2011-12-09T09:13:29","modified_gmt":"2011-12-09T08:13:29","slug":"statuti-me-10-cilesite-per-te-qene-poet-i-vertete","status":"publish","type":"post","link":"https:\/\/fjala.info\/2009-2015\/statuti-me-10-cilesite-per-te-qene-poet-i-vertete\/","title":{"rendered":"Statuti me 10 cil\u00ebsit\u00eb p\u00ebr t\u00eb q\u00ebn\u00eb poet i v\u00ebrtet\u00eb"},"content":{"rendered":"<p><img decoding=\"async\" class=\"alignright size-thumbnail wp-image-7236\" title=\"Arjan Th. Kall\u00e7o\" src=\"http:\/\/www.shkoder.net\/images\/fjala\/2011\/arjan_kallco.jpg\" alt=\"\" width=\"150\" \/> <strong>Arjan Th. Kall\u00e7o<\/strong><\/p>\n<p>Tek shfletoja gazetat on line, m\u00eb kapi syri k\u00ebt\u00eb titull dhe m\u00eb ngjalli kureshtje t\u00eb madhe, pasi mendova se ishin rregulla q\u00eb i kishin studiuar dhe sondazhuar n\u00eb dashamir\u00ebs t\u00eb let\u00ebrsis\u00eb. Por nuk ishte e v\u00ebrtet\u00eb, pasi ishin shkruar n\u00ebp\u00ebr ditar\u00ebt e dashamir\u00ebsve t\u00eb let\u00ebrsis\u00eb n\u00eb internet. Natyrisht kjo do par\u00eb si nj\u00eb shaka apo humor n\u00eb k\u00ebto dit\u00eb para festave t\u00eb fundvitit, por q\u00eb po t\u2019i shoh\u00ebn dhe lexosh me v\u00ebmendje, historia e let\u00ebrsis\u00eb, qoft\u00eb dhe let\u00ebrsia jon\u00eb, kan\u00eb plot raste q\u00eb e b\u00ebjn\u00eb m\u00ebse t\u00eb v\u00ebrtet\u00eb k\u00ebt\u00eb lloj statuti t\u00eb poetit. M\u00eb duket se ndikimi i num\u00ebrit dhjet\u00eb nuk i shp\u00ebton edhe poet\u00ebve.<\/p>\n<p>Do t\u00eb ishte me interes q\u00eb shembujt t\u00eb merreshin edhe nga let\u00ebrsia jon\u00eb dhe t\u00eb shohim m\u00eb pas sesa k\u00ebto ligj\u00ebsi i bashkojn\u00eb poet\u00ebt n\u00eb bot\u00eb. Mund t\u00eb shkojm\u00eb edhe m\u00eb tej duke e diskutuar mes nesh dhe m\u00eb pas ta quajm\u00eb dekalogu i nj\u00eb poeti t\u00eb v\u00ebrtet\u00eb, statuti i t\u00eb gjith\u00eb njer\u00ebzve q\u00eb i bashkon ideali i madh i jet\u00ebs, i poet\u00ebve. Shembujt jan\u00eb marr\u00eb nga Let\u00ebrsia italiane dhe uroj q\u00eb t\u2019i njihni k\u00ebta poet\u00eb q\u00eb t\u00eb kuptoni me shembuj konkret\u00eb thell\u00ebsin\u00eb e cil\u00ebsiv\u00eb t\u00eb poetit. Besoj se jan\u00eb cil\u00ebsi q\u00eb nuk mund t\u2019i marr\u00ebsh t\u00eb mir\u00ebq\u00ebna, por mbi baz\u00ebn e tyre q\u00ebndron dhe duhet par\u00eb si factor kryesor p\u00ebrvoja e gjat\u00eb bot\u00ebrore apo komb\u00ebtare n\u00eb k\u00ebt\u00eb rast e letr\u00ebsis\u00eb italiane.<\/p>\n<blockquote><p>1. Poeti duhet t\u00eb ket\u00eb p\u00ebsuar nj\u00eb dram\u00eb ose di\u00e7ka t\u00eb till\u00eb, p.sh Paskoli brenda dy vjet\u00ebsh humbi n\u00ebn\u00ebn dhe bab\u00ebn.<br \/>\n2. Poeti duhet t\u00eb shoh\u00eb n\u00eb gjith\u00e7ka, di\u00e7ka t\u00eb sh\u00ebmtuar. P.sh Paskoli k\u00ebng\u00ebn e mrekullueshme t\u00eb bilbilit e krahason me nj\u00eb k\u00ebng\u00eb mortore.<br \/>\n3. Poeti ia del mban\u00eb q\u00eb ta b\u00ebj\u00eb nj\u00eb poezi, n\u00eb dukje e lumtur, t\u00eb trisht\u00eb dhe makabre. Nj\u00eb poezi dedikuar n\u00ebn\u00ebs, ilustron parashikimin se \u00e7far\u00eb do t\u2019i ndodh\u00eb poetit pas vdekjes dhe n\u00ebna e tij lutet para zotit.<br \/>\n4. Poeti duhet t\u00eb ndjej\u00eb dhe t\u00eb provoj\u00eb t\u00eb pamundur\u00ebn. T\u00eb ndiesh arom\u00ebn e luleshtrydhjeve tek jansemini.<br \/>\n5. Poeti duhet t\u00eb jet\u00eb pesimist. A nuk jan\u00eb t\u00eb till\u00eb shumica?<br \/>\n6. Poeti arrin t\u00eb dalloj\u00eb n\u00eb \u00e7do gj\u00eb pak sh\u00ebmti. Leopardi e shikon t\u00eb shtun\u00ebn si dit\u00ebn m\u00eb t\u00eb bukur, por m\u00eb pas e konsideron t\u00eb keqe, pasi parandjek t\u00eb diel\u00ebn dhe m\u00eb pas dita e h\u00ebn\u00eb q\u00eb t\u00eb shoq\u00ebron n\u00eb pun\u00eb.<br \/>\n7. Poeti duhet t\u00eb jet\u00eb gjithmon\u00eb kund\u00ebr t\u00eb gjith\u00ebve. Leopardi kur t\u00eb gjith\u00eb arg\u00ebtohen, bredh i vet\u00ebm n\u00eb fshat. T\u00eb nj\u00ebjt\u00ebn gj\u00eb b\u00ebn edhe Petrarka, por n\u00eb fushat e shkreta q\u00eb t\u00eb mos e shohin, sepse \u00ebsht\u00eb i dashuruar.<br \/>\n8. Poet\u00ebt nuk jan\u00eb t\u00eb lidhur me ask\u00ebnd ose t\u00eb pakt\u00ebn do t\u00eb ndodh\u00eb di\u00e7ka q\u00eb ta ndaj\u00eb edhe nga njeriu q\u00eb v\u00ebrtet e do. Leopardi vdiq n\u00eb mosh\u00eb fare t\u00eb re prej tuberkulozit.<br \/>\n9. Poeti duhet t\u00eb mendoj\u00eb gjithmon\u00eb dhe vet\u00ebm p\u00ebr vdekjen.<br \/>\n10. N\u00ebse je poet e v\u00eb re q\u00eb n\u00eb fillim. Poet\u00ebve iu p\u00eblqen studimi.<\/p><\/blockquote>\n","protected":false},"excerpt":{"rendered":"<p>Arjan Th. Kall\u00e7o Tek shfletoja gazetat on line, m\u00eb kapi syri k\u00ebt\u00eb titull dhe m\u00eb ngjalli kureshtje t\u00eb madhe, pasi mendova se ishin rregulla q\u00eb i kishin studiuar dhe sondazhuar n\u00eb dashamir\u00ebs t\u00eb let\u00ebrsis\u00eb. Por nuk ishte e v\u00ebrtet\u00eb, pasi ishin shkruar n\u00ebp\u00ebr ditar\u00ebt e dashamir\u00ebsve t\u00eb let\u00ebrsis\u00eb n\u00eb internet. Natyrisht kjo do par\u00eb si [&hellip;]<\/p>\n","protected":false},"author":1,"featured_media":0,"comment_status":"open","ping_status":"closed","sticky":false,"template":"","format":"standard","meta":{"footnotes":""},"categories":[2,7,9],"tags":[],"class_list":{"0":"post-537","1":"post","2":"type-post","3":"status-publish","4":"format-standard","6":"category-artikuj","7":"category-letersi","8":"category-poezi"},"yoast_head":"<!-- This site is optimized with the Yoast SEO plugin v27.4 - https:\/\/yoast.com\/product\/yoast-seo-wordpress\/ -->\n<title>Statuti me 10 cil\u00ebsit\u00eb p\u00ebr t\u00eb q\u00ebn\u00eb poet i v\u00ebrtet\u00eb - FjALA e LIR\u00cb - Arkivi<\/title>\n<meta name=\"robots\" content=\"index, follow, max-snippet:-1, max-image-preview:large, max-video-preview:-1\" \/>\n<link rel=\"canonical\" href=\"https:\/\/fjala.info\/2009-2015\/statuti-me-10-cilesite-per-te-qene-poet-i-vertete\/\" \/>\n<meta property=\"og:locale\" content=\"sq_AL\" \/>\n<meta property=\"og:type\" content=\"article\" \/>\n<meta property=\"og:title\" content=\"Statuti me 10 cil\u00ebsit\u00eb p\u00ebr t\u00eb q\u00ebn\u00eb poet i v\u00ebrtet\u00eb - FjALA e LIR\u00cb - Arkivi\" \/>\n<meta property=\"og:description\" content=\"Arjan Th. Kall\u00e7o Tek shfletoja gazetat on line, m\u00eb kapi syri k\u00ebt\u00eb titull dhe m\u00eb ngjalli kureshtje t\u00eb madhe, pasi mendova se ishin rregulla q\u00eb i kishin studiuar dhe sondazhuar n\u00eb dashamir\u00ebs t\u00eb let\u00ebrsis\u00eb. Por nuk ishte e v\u00ebrtet\u00eb, pasi ishin shkruar n\u00ebp\u00ebr ditar\u00ebt e dashamir\u00ebsve t\u00eb let\u00ebrsis\u00eb n\u00eb internet. Natyrisht kjo do par\u00eb si [&hellip;]\" \/>\n<meta property=\"og:url\" content=\"https:\/\/fjala.info\/2009-2015\/statuti-me-10-cilesite-per-te-qene-poet-i-vertete\/\" \/>\n<meta property=\"og:site_name\" content=\"FjALA e LIR\u00cb - Arkivi\" \/>\n<meta property=\"article:published_time\" content=\"2011-12-09T08:13:29+00:00\" \/>\n<meta property=\"og:image\" content=\"http:\/\/www.shkoder.net\/images\/fjala\/2011\/arjan_kallco.jpg\" \/>\n<meta name=\"author\" content=\"admin\" \/>\n<meta name=\"twitter:card\" content=\"summary_large_image\" \/>\n<meta name=\"twitter:label1\" content=\"Written by\" \/>\n\t<meta name=\"twitter:data1\" content=\"admin\" \/>\n\t<meta name=\"twitter:label2\" content=\"Est. reading time\" \/>\n\t<meta name=\"twitter:data2\" content=\"3 minutes\" \/>\n<script type=\"application\/ld+json\" class=\"yoast-schema-graph\">{\"@context\":\"https:\\\/\\\/schema.org\",\"@graph\":[{\"@type\":\"Article\",\"@id\":\"https:\\\/\\\/fjala.info\\\/2009-2015\\\/statuti-me-10-cilesite-per-te-qene-poet-i-vertete\\\/#article\",\"isPartOf\":{\"@id\":\"https:\\\/\\\/fjala.info\\\/2009-2015\\\/statuti-me-10-cilesite-per-te-qene-poet-i-vertete\\\/\"},\"author\":{\"name\":\"admin\",\"@id\":\"https:\\\/\\\/fjala.info\\\/2009-2015\\\/#\\\/schema\\\/person\\\/3aa1163ef05469c496fc94e77611ada2\"},\"headline\":\"Statuti me 10 cil\u00ebsit\u00eb p\u00ebr t\u00eb q\u00ebn\u00eb poet i v\u00ebrtet\u00eb\",\"datePublished\":\"2011-12-09T08:13:29+00:00\",\"mainEntityOfPage\":{\"@id\":\"https:\\\/\\\/fjala.info\\\/2009-2015\\\/statuti-me-10-cilesite-per-te-qene-poet-i-vertete\\\/\"},\"wordCount\":576,\"commentCount\":0,\"publisher\":{\"@id\":\"https:\\\/\\\/fjala.info\\\/2009-2015\\\/#organization\"},\"image\":{\"@id\":\"https:\\\/\\\/fjala.info\\\/2009-2015\\\/statuti-me-10-cilesite-per-te-qene-poet-i-vertete\\\/#primaryimage\"},\"thumbnailUrl\":\"http:\\\/\\\/www.shkoder.net\\\/images\\\/fjala\\\/2011\\\/arjan_kallco.jpg\",\"articleSection\":[\"Artikuj\",\"Let\u00ebrsi\",\"Poezi\"],\"inLanguage\":\"sq-AL\",\"potentialAction\":[{\"@type\":\"CommentAction\",\"name\":\"Comment\",\"target\":[\"https:\\\/\\\/fjala.info\\\/2009-2015\\\/statuti-me-10-cilesite-per-te-qene-poet-i-vertete\\\/#respond\"]}]},{\"@type\":\"WebPage\",\"@id\":\"https:\\\/\\\/fjala.info\\\/2009-2015\\\/statuti-me-10-cilesite-per-te-qene-poet-i-vertete\\\/\",\"url\":\"https:\\\/\\\/fjala.info\\\/2009-2015\\\/statuti-me-10-cilesite-per-te-qene-poet-i-vertete\\\/\",\"name\":\"Statuti me 10 cil\u00ebsit\u00eb p\u00ebr t\u00eb q\u00ebn\u00eb poet i v\u00ebrtet\u00eb - FjALA e LIR\u00cb - Arkivi\",\"isPartOf\":{\"@id\":\"https:\\\/\\\/fjala.info\\\/2009-2015\\\/#website\"},\"primaryImageOfPage\":{\"@id\":\"https:\\\/\\\/fjala.info\\\/2009-2015\\\/statuti-me-10-cilesite-per-te-qene-poet-i-vertete\\\/#primaryimage\"},\"image\":{\"@id\":\"https:\\\/\\\/fjala.info\\\/2009-2015\\\/statuti-me-10-cilesite-per-te-qene-poet-i-vertete\\\/#primaryimage\"},\"thumbnailUrl\":\"http:\\\/\\\/www.shkoder.net\\\/images\\\/fjala\\\/2011\\\/arjan_kallco.jpg\",\"datePublished\":\"2011-12-09T08:13:29+00:00\",\"breadcrumb\":{\"@id\":\"https:\\\/\\\/fjala.info\\\/2009-2015\\\/statuti-me-10-cilesite-per-te-qene-poet-i-vertete\\\/#breadcrumb\"},\"inLanguage\":\"sq-AL\",\"potentialAction\":[{\"@type\":\"ReadAction\",\"target\":[\"https:\\\/\\\/fjala.info\\\/2009-2015\\\/statuti-me-10-cilesite-per-te-qene-poet-i-vertete\\\/\"]}]},{\"@type\":\"ImageObject\",\"inLanguage\":\"sq-AL\",\"@id\":\"https:\\\/\\\/fjala.info\\\/2009-2015\\\/statuti-me-10-cilesite-per-te-qene-poet-i-vertete\\\/#primaryimage\",\"url\":\"http:\\\/\\\/www.shkoder.net\\\/images\\\/fjala\\\/2011\\\/arjan_kallco.jpg\",\"contentUrl\":\"http:\\\/\\\/www.shkoder.net\\\/images\\\/fjala\\\/2011\\\/arjan_kallco.jpg\"},{\"@type\":\"BreadcrumbList\",\"@id\":\"https:\\\/\\\/fjala.info\\\/2009-2015\\\/statuti-me-10-cilesite-per-te-qene-poet-i-vertete\\\/#breadcrumb\",\"itemListElement\":[{\"@type\":\"ListItem\",\"position\":1,\"name\":\"Home\",\"item\":\"https:\\\/\\\/fjala.info\\\/2009-2015\\\/\"},{\"@type\":\"ListItem\",\"position\":2,\"name\":\"Statuti me 10 cil\u00ebsit\u00eb p\u00ebr t\u00eb q\u00ebn\u00eb poet i v\u00ebrtet\u00eb\"}]},{\"@type\":\"WebSite\",\"@id\":\"https:\\\/\\\/fjala.info\\\/2009-2015\\\/#website\",\"url\":\"https:\\\/\\\/fjala.info\\\/2009-2015\\\/\",\"name\":\"FjALA e LIR\u00cb - Arkivi\",\"description\":\"Arkivi 2009-2015\",\"publisher\":{\"@id\":\"https:\\\/\\\/fjala.info\\\/2009-2015\\\/#organization\"},\"potentialAction\":[{\"@type\":\"SearchAction\",\"target\":{\"@type\":\"EntryPoint\",\"urlTemplate\":\"https:\\\/\\\/fjala.info\\\/2009-2015\\\/?s={search_term_string}\"},\"query-input\":{\"@type\":\"PropertyValueSpecification\",\"valueRequired\":true,\"valueName\":\"search_term_string\"}}],\"inLanguage\":\"sq-AL\"},{\"@type\":\"Organization\",\"@id\":\"https:\\\/\\\/fjala.info\\\/2009-2015\\\/#organization\",\"name\":\"FjALA e LIR\u00cb - Arkivi\",\"url\":\"https:\\\/\\\/fjala.info\\\/2009-2015\\\/\",\"logo\":{\"@type\":\"ImageObject\",\"inLanguage\":\"sq-AL\",\"@id\":\"https:\\\/\\\/fjala.info\\\/2009-2015\\\/#\\\/schema\\\/logo\\\/image\\\/\",\"url\":\"\",\"contentUrl\":\"\",\"caption\":\"FjALA e LIR\u00cb - Arkivi\"},\"image\":{\"@id\":\"https:\\\/\\\/fjala.info\\\/2009-2015\\\/#\\\/schema\\\/logo\\\/image\\\/\"}},{\"@type\":\"Person\",\"@id\":\"https:\\\/\\\/fjala.info\\\/2009-2015\\\/#\\\/schema\\\/person\\\/3aa1163ef05469c496fc94e77611ada2\",\"name\":\"admin\",\"image\":{\"@type\":\"ImageObject\",\"inLanguage\":\"sq-AL\",\"@id\":\"https:\\\/\\\/fjala.info\\\/2009-2015\\\/wp-content\\\/uploads\\\/2012\\\/02\\\/arben_cokaj-120x150.jpg\",\"url\":\"https:\\\/\\\/fjala.info\\\/2009-2015\\\/wp-content\\\/uploads\\\/2012\\\/02\\\/arben_cokaj-120x150.jpg\",\"contentUrl\":\"https:\\\/\\\/fjala.info\\\/2009-2015\\\/wp-content\\\/uploads\\\/2012\\\/02\\\/arben_cokaj-120x150.jpg\",\"caption\":\"admin\"},\"description\":\"Admin, Fjala e Lir\u00eb\",\"sameAs\":[\"https:\\\/\\\/fjala.info\\\/\"],\"url\":\"https:\\\/\\\/fjala.info\\\/2009-2015\\\/author\\\/admin\\\/\"}]}<\/script>\n<!-- \/ Yoast SEO plugin. -->","yoast_head_json":{"title":"Statuti me 10 cil\u00ebsit\u00eb p\u00ebr t\u00eb q\u00ebn\u00eb poet i v\u00ebrtet\u00eb - FjALA e LIR\u00cb - Arkivi","robots":{"index":"index","follow":"follow","max-snippet":"max-snippet:-1","max-image-preview":"max-image-preview:large","max-video-preview":"max-video-preview:-1"},"canonical":"https:\/\/fjala.info\/2009-2015\/statuti-me-10-cilesite-per-te-qene-poet-i-vertete\/","og_locale":"sq_AL","og_type":"article","og_title":"Statuti me 10 cil\u00ebsit\u00eb p\u00ebr t\u00eb q\u00ebn\u00eb poet i v\u00ebrtet\u00eb - FjALA e LIR\u00cb - Arkivi","og_description":"Arjan Th. Kall\u00e7o Tek shfletoja gazetat on line, m\u00eb kapi syri k\u00ebt\u00eb titull dhe m\u00eb ngjalli kureshtje t\u00eb madhe, pasi mendova se ishin rregulla q\u00eb i kishin studiuar dhe sondazhuar n\u00eb dashamir\u00ebs t\u00eb let\u00ebrsis\u00eb. Por nuk ishte e v\u00ebrtet\u00eb, pasi ishin shkruar n\u00ebp\u00ebr ditar\u00ebt e dashamir\u00ebsve t\u00eb let\u00ebrsis\u00eb n\u00eb internet. Natyrisht kjo do par\u00eb si [&hellip;]","og_url":"https:\/\/fjala.info\/2009-2015\/statuti-me-10-cilesite-per-te-qene-poet-i-vertete\/","og_site_name":"FjALA e LIR\u00cb - Arkivi","article_published_time":"2011-12-09T08:13:29+00:00","og_image":[{"url":"http:\/\/www.shkoder.net\/images\/fjala\/2011\/arjan_kallco.jpg","type":"","width":"","height":""}],"author":"admin","twitter_card":"summary_large_image","twitter_misc":{"Written by":"admin","Est. reading time":"3 minutes"},"schema":{"@context":"https:\/\/schema.org","@graph":[{"@type":"Article","@id":"https:\/\/fjala.info\/2009-2015\/statuti-me-10-cilesite-per-te-qene-poet-i-vertete\/#article","isPartOf":{"@id":"https:\/\/fjala.info\/2009-2015\/statuti-me-10-cilesite-per-te-qene-poet-i-vertete\/"},"author":{"name":"admin","@id":"https:\/\/fjala.info\/2009-2015\/#\/schema\/person\/3aa1163ef05469c496fc94e77611ada2"},"headline":"Statuti me 10 cil\u00ebsit\u00eb p\u00ebr t\u00eb q\u00ebn\u00eb poet i v\u00ebrtet\u00eb","datePublished":"2011-12-09T08:13:29+00:00","mainEntityOfPage":{"@id":"https:\/\/fjala.info\/2009-2015\/statuti-me-10-cilesite-per-te-qene-poet-i-vertete\/"},"wordCount":576,"commentCount":0,"publisher":{"@id":"https:\/\/fjala.info\/2009-2015\/#organization"},"image":{"@id":"https:\/\/fjala.info\/2009-2015\/statuti-me-10-cilesite-per-te-qene-poet-i-vertete\/#primaryimage"},"thumbnailUrl":"http:\/\/www.shkoder.net\/images\/fjala\/2011\/arjan_kallco.jpg","articleSection":["Artikuj","Let\u00ebrsi","Poezi"],"inLanguage":"sq-AL","potentialAction":[{"@type":"CommentAction","name":"Comment","target":["https:\/\/fjala.info\/2009-2015\/statuti-me-10-cilesite-per-te-qene-poet-i-vertete\/#respond"]}]},{"@type":"WebPage","@id":"https:\/\/fjala.info\/2009-2015\/statuti-me-10-cilesite-per-te-qene-poet-i-vertete\/","url":"https:\/\/fjala.info\/2009-2015\/statuti-me-10-cilesite-per-te-qene-poet-i-vertete\/","name":"Statuti me 10 cil\u00ebsit\u00eb p\u00ebr t\u00eb q\u00ebn\u00eb poet i v\u00ebrtet\u00eb - FjALA e LIR\u00cb - Arkivi","isPartOf":{"@id":"https:\/\/fjala.info\/2009-2015\/#website"},"primaryImageOfPage":{"@id":"https:\/\/fjala.info\/2009-2015\/statuti-me-10-cilesite-per-te-qene-poet-i-vertete\/#primaryimage"},"image":{"@id":"https:\/\/fjala.info\/2009-2015\/statuti-me-10-cilesite-per-te-qene-poet-i-vertete\/#primaryimage"},"thumbnailUrl":"http:\/\/www.shkoder.net\/images\/fjala\/2011\/arjan_kallco.jpg","datePublished":"2011-12-09T08:13:29+00:00","breadcrumb":{"@id":"https:\/\/fjala.info\/2009-2015\/statuti-me-10-cilesite-per-te-qene-poet-i-vertete\/#breadcrumb"},"inLanguage":"sq-AL","potentialAction":[{"@type":"ReadAction","target":["https:\/\/fjala.info\/2009-2015\/statuti-me-10-cilesite-per-te-qene-poet-i-vertete\/"]}]},{"@type":"ImageObject","inLanguage":"sq-AL","@id":"https:\/\/fjala.info\/2009-2015\/statuti-me-10-cilesite-per-te-qene-poet-i-vertete\/#primaryimage","url":"http:\/\/www.shkoder.net\/images\/fjala\/2011\/arjan_kallco.jpg","contentUrl":"http:\/\/www.shkoder.net\/images\/fjala\/2011\/arjan_kallco.jpg"},{"@type":"BreadcrumbList","@id":"https:\/\/fjala.info\/2009-2015\/statuti-me-10-cilesite-per-te-qene-poet-i-vertete\/#breadcrumb","itemListElement":[{"@type":"ListItem","position":1,"name":"Home","item":"https:\/\/fjala.info\/2009-2015\/"},{"@type":"ListItem","position":2,"name":"Statuti me 10 cil\u00ebsit\u00eb p\u00ebr t\u00eb q\u00ebn\u00eb poet i v\u00ebrtet\u00eb"}]},{"@type":"WebSite","@id":"https:\/\/fjala.info\/2009-2015\/#website","url":"https:\/\/fjala.info\/2009-2015\/","name":"FjALA e LIR\u00cb - Arkivi","description":"Arkivi 2009-2015","publisher":{"@id":"https:\/\/fjala.info\/2009-2015\/#organization"},"potentialAction":[{"@type":"SearchAction","target":{"@type":"EntryPoint","urlTemplate":"https:\/\/fjala.info\/2009-2015\/?s={search_term_string}"},"query-input":{"@type":"PropertyValueSpecification","valueRequired":true,"valueName":"search_term_string"}}],"inLanguage":"sq-AL"},{"@type":"Organization","@id":"https:\/\/fjala.info\/2009-2015\/#organization","name":"FjALA e LIR\u00cb - Arkivi","url":"https:\/\/fjala.info\/2009-2015\/","logo":{"@type":"ImageObject","inLanguage":"sq-AL","@id":"https:\/\/fjala.info\/2009-2015\/#\/schema\/logo\/image\/","url":"","contentUrl":"","caption":"FjALA e LIR\u00cb - Arkivi"},"image":{"@id":"https:\/\/fjala.info\/2009-2015\/#\/schema\/logo\/image\/"}},{"@type":"Person","@id":"https:\/\/fjala.info\/2009-2015\/#\/schema\/person\/3aa1163ef05469c496fc94e77611ada2","name":"admin","image":{"@type":"ImageObject","inLanguage":"sq-AL","@id":"https:\/\/fjala.info\/2009-2015\/wp-content\/uploads\/2012\/02\/arben_cokaj-120x150.jpg","url":"https:\/\/fjala.info\/2009-2015\/wp-content\/uploads\/2012\/02\/arben_cokaj-120x150.jpg","contentUrl":"https:\/\/fjala.info\/2009-2015\/wp-content\/uploads\/2012\/02\/arben_cokaj-120x150.jpg","caption":"admin"},"description":"Admin, Fjala e Lir\u00eb","sameAs":["https:\/\/fjala.info\/"],"url":"https:\/\/fjala.info\/2009-2015\/author\/admin\/"}]}},"_links":{"self":[{"href":"https:\/\/fjala.info\/2009-2015\/wp-json\/wp\/v2\/posts\/537","targetHints":{"allow":["GET"]}}],"collection":[{"href":"https:\/\/fjala.info\/2009-2015\/wp-json\/wp\/v2\/posts"}],"about":[{"href":"https:\/\/fjala.info\/2009-2015\/wp-json\/wp\/v2\/types\/post"}],"author":[{"embeddable":true,"href":"https:\/\/fjala.info\/2009-2015\/wp-json\/wp\/v2\/users\/1"}],"replies":[{"embeddable":true,"href":"https:\/\/fjala.info\/2009-2015\/wp-json\/wp\/v2\/comments?post=537"}],"version-history":[{"count":0,"href":"https:\/\/fjala.info\/2009-2015\/wp-json\/wp\/v2\/posts\/537\/revisions"}],"wp:attachment":[{"href":"https:\/\/fjala.info\/2009-2015\/wp-json\/wp\/v2\/media?parent=537"}],"wp:term":[{"taxonomy":"category","embeddable":true,"href":"https:\/\/fjala.info\/2009-2015\/wp-json\/wp\/v2\/categories?post=537"},{"taxonomy":"post_tag","embeddable":true,"href":"https:\/\/fjala.info\/2009-2015\/wp-json\/wp\/v2\/tags?post=537"}],"curies":[{"name":"wp","href":"https:\/\/api.w.org\/{rel}","templated":true}]}}