{"id":5362,"date":"2010-12-25T21:01:33","date_gmt":"2010-12-25T20:01:33","guid":{"rendered":"http:\/\/fjala.shkoder.net\/?p=5362"},"modified":"2010-12-25T21:01:33","modified_gmt":"2010-12-25T20:01:33","slug":"gjithe-shqiptaret-jane-hashim-thaca","status":"publish","type":"post","link":"https:\/\/fjala.info\/2009-2015\/gjithe-shqiptaret-jane-hashim-thaca\/","title":{"rendered":"Gjith\u00eb shqiptar\u00ebt jan\u00eb Hashim Tha\u00e7a"},"content":{"rendered":"<p><img loading=\"lazy\" decoding=\"async\" class=\"alignleft size-full wp-image-5363\" title=\"sokol_pepushaj\" src=\"http:\/\/fjala.shkoder.net\/wp-content\/uploads\/2010\/12\/sokol_pepushaj.jpg\" alt=\"\" width=\"90\" height=\"115\" \/><br \/>\n<strong>Sokol Pepushaj<\/strong>, 25 dhjetor 2010<\/p>\n<p>N\u00eb mbar\u00eb hap\u00ebsir\u00ebn shqiptare, Hashim Tha\u00e7i njihet me nofk\u00ebn \u201cGjarpri\u201d. Kjo nofk\u00eb, mund t\u00eb merret edhe si medalion, ku n\u00eb burgjet Jugosllave q\u00ebndroi si askush n\u00eb mbrojtje t\u00eb interesave komb\u00ebtare dhe mbijetoi p\u00ebr ti prir\u00eb U\u00c7K-s\u00eb e m\u00ebpastaj edhe mir\u00ebsjelljes kosovare drej strukturave euroatlantike si kryeminist\u00ebr. Por hetimet disa vje\u00e7are te europarlamentarit Dick Marty, pas atyre akuzave q\u00eb kish b\u00ebr\u00eb me kohe Carla Del Ponte, sikur \u201cgjarp\u00ebrin\u201d e kompromentojn\u00eb shum\u00eb, si kryemafioz, trafikant oraganesh njer\u00ebzore, armesh e droge, duke e sjelle si dr\u00ebr m\u00eb t\u00eb rrezikshmin n\u00eb Planet.<\/p>\n<p>Akuzat jan\u00eb v\u00ebrtet tep\u00ebr t\u00eb r\u00ebnda dhe t\u00eb t\u00ebra vijn\u00eb nga per\u00ebndimi. Burim jan\u00eb edhe publikimet e WIKILEAKS-it q\u00eb nuk b\u00ebjn\u00eb as m\u00eb pak as m\u00eb shum\u00eb, vet\u00ebm zbulojn\u00eb aq sa me sa duket duhet, hetimet e Eulex dhe FBI.<\/p>\n<p>Por nuk \u00ebsht\u00eb ky q\u00ebllimi i k\u00ebtij shkrimi. Tha\u00e7i kriminel lufte apo nacionalist?!<br \/>\nNe po, mund t\u00eb themi se lufta n\u00eb Kosov\u00eb \u00ebsht\u00eb b\u00ebr\u00eb nga ajri, nd\u00ebrkoh\u00eb q\u00eb Tha\u00e7i drejtonte ushtrin\u00eb n\u00eb tok\u00eb. Larg qoft\u00eb ti \u00e7onte jet\u00ebt e pafajshme n\u00eb Had, pasi t\u2019u merrte e t\u2019u shiste z\u00ebmren, m\u00ebl\u00e7it\u00eb, veshkat.<\/p>\n<p>Tha\u00e7i trafikant organesh njer\u00ebzore, droge e arm\u00ebsh, apo nj\u00eb lider me vizione europiane q\u00eb vet\u00ebm fati deshi q\u00eb Milloshevi\u00e7i t\u00eb mos ia priste trupin copa-copa dhe t\u2019 ia trafikonte organet edhe atij?!&#8230;<br \/>\nAjo q\u00eb t\u00eb b\u00ebn t\u00eb m\u00ebndohesh, \u00ebsht\u00eb turravrapi i ter\u00eb politik\u00ebs kosovare e shqiptare n\u00eb mbrojtje t\u00eb Tha\u00e7it. N\u00eb Kosov\u00eb, duket se ai nuk paska fare kundershtar\u00eb, as politik\u00eb, kur vjen puna n\u00eb nj\u00eb hetim q\u00eb patjet\u00ebr do i shkohet n\u00eb fund dhe patjet\u00ebr do nxjerr\u00eb edhe lidhjet, n\u00ebse ka.<\/p>\n<p>Beteja kaq e dukshme e autokolon\u00ebs politike kosovare n\u00eb mbrojtje t\u00eb Hashimit, duke i quajtur per\u00ebndimor\u00ebt t\u00eb pandersh\u00ebm, \u00e7ka do t\u00eb thot\u00eb rruga\u00e7\u00eb politik\u00eb, hakmarr\u00ebs, \u00e7ka do t\u00eb thot\u00eb anarkist\u00eb, shpif\u00ebs t\u00eb q\u00ebllimsh\u00ebm, \u00e7ka n\u00ebnkuptohet kanibaliz\u00ebm politik, ting\u00ebllon non sens. Nj\u00eb betej\u00eb e till\u00eb, t\u00eb gjith\u00eb p\u00ebr nj\u00eb, mos ka br\u00ebnda edhe polin tjet\u00ebr nj\u00eb p\u00ebr t\u00eb gjith\u00eb, \u00e7ka do t\u00eb thot\u00eb ta mbrojm\u00eb sa t\u00eb mundim t\u00eb gjith\u00eb, se Haga mund t\u00eb k\u00ebrkoi shum\u00eb Tha\u00e7\u00eb n\u00eb nj\u00eb t\u00eb ardhme.<\/p>\n<p>Nj\u00eb pik\u00eb tjet\u00ebr intesante dhe q\u00eb mbase do ia vlente t\u00eb analizohej, \u00ebsht\u00eb fakti se politika shqiptare u tregua vet\u00eb e gatshme t\u00eb rreshtohet trup bashkuar rreth Ashim Tha\u00e7it.<br \/>\nN\u00ebse p\u00ebr skandalin e deputetes Albana Vokshi n\u00eb dogan\u00ebn e Morin\u00ebs u desh\u00ebn bisedime p\u00ebr ta nxjerr\u00eb t\u00eb \u201cvirgj\u00ebr\u201d deputen e fajtore polic\u00ebt, mbrojt\u00ebsit e ligjit q\u00eb u ofenduan si rruga\u00e7\u00eb nga deputetja q\u00eb shkonte tek v\u00ebllezerit politik\u00eb e nuk duhej ti kontrollohej as dokumenti i identitetit, n\u00eb rastin Tha\u00e7i, jo.<\/p>\n<p>Mbijetesa e kombit n\u00eb politik\u00eb k\u00ebrkon edhe sakrifca, do thot\u00eb dikush. Ministri i Br\u00ebndsh\u00ebm shqiptar Lulyim Basha, njelloj si p\u00ebr rrug\u00ebn Durr\u00ebs \u2013 Kuk\u00ebs \u2013Morin\u00eb, n\u00eb emer t\u00eb nacionalizmit po u thot\u00eb edhe nd\u00ebrkomb\u00ebtar\u00ebve se ia kan\u00eb inat dhe mashtrojn\u00eb. Me t\u00eb nj\u00ebjt\u00ebn gjuh\u00eb q\u00eb i flet Erjon Bra\u00e7es.<br \/>\nEdhe n\u00eb u b\u00ebft\u00eb kaq shum\u00eb vet\u00ebm p\u00ebr nacionaliz\u00ebm, at\u00ebher\u00eb kemi t\u00eb b\u00ebjm\u00eb me matufepsje, pasi akuzat ndaj Hashimit nuk vijn\u00eb as nga Serbia, as nga Rusia, as nga Kuba, as nga Kina, por pik\u00ebrisht nga Europa, bazuar n\u00eb publikimet e WIKILEAKS-it.<\/p>\n<p>T\u00eb gjith\u00eb k\u00ebtu n\u00eb Tiran\u00eb u vun\u00eb n\u00eb radh\u00eb p\u00ebr t\u00eb pastruar Hashimin FLORI dhe p\u00ebr t\u00eb mbuluar me jorgan turpi Carla Del Ponte-n, Dick Martin, madje edhe Komisionin e K\u00ebshillit t\u00eb Europ\u00ebs q\u00eb d\u00ebgjoi e pranoi nj\u00ebz\u00ebri raportin e Marty.<\/p>\n<p>E para doli e foli nj\u00eb personazh politik q\u00eb mbase duhej t\u00eb fliste personalisht m\u00eb von\u00eb. Kryeparlamentarja Topalli me fjal\u00eb t\u00eb tjera tha se Hashimit ia kan\u00eb inat dhe \u00ebsht\u00eb politikan vizionesh. Fill pas saj doktori. Edhe Presidenti i Republik\u00ebs. Fol\u00ebn me nj\u00eb gjuh\u00eb, sikur akuzat vinin p\u00ebr ta nga kund\u00ebrshtar\u00ebt politik\u00eb.<\/p>\n<p>Deri k\u00ebtu edhe mund t\u00eb kuptohet rreshtimi i partis\u00eb demokratike n\u00eb krah t\u00eb Hashimit Flori, t\u00eb past\u00ebr si uj\u00ebt e Valbon\u00ebs, por hal\u00eb n\u00eb sy p\u00ebr disa kapacitete t\u00eb politik\u00ebs europiane e globale p\u00ebr arritjet e pashembullta t\u00eb shqiptareve n\u00eb k\u00ebto koh\u00eb, pasi Tha\u00e7i ka akuza p\u00ebr aktivitet kriminal, sidomos me trafik organesh njer\u00ebzore pik\u00ebrisht n\u00eb Shqip\u00ebri. Por mbrojtja m\u00eb profesionale iu b\u00eb Hashimit nga Ministri i Drejt\u00ebsis\u00eb Enkelejd Alibejaj, i cili argumentoi me autoritet se t\u00eb t\u00ebra burimet e akuz\u00ebs s\u00eb Tha\u00e7it jan\u00eb t\u00eb paafta, me fjal\u00eb t\u00eb tjera, t\u00eb vlefsh\u00ebm p\u00ebr shoq\u00ebrit\u00eb per\u00ebndimore, por mbeturina e jasht\u00ebqitje t\u00eb shoq\u00ebrive t\u00eb emancipuara, si fjala vjen Shqip\u00ebria!<\/p>\n<p>Po n\u00eb rresht me Berish\u00ebn n\u00eb mbrojtje t\u00eb past\u00ebrtis\u00eb s\u00eb figur\u00ebs s\u00eb Tha\u00e7it dol\u00ebn edhe Edi Rama e Ilir Meta. Pse, shtrohet pyetja? Mos vall\u00eb edhe ata kan\u00eb frik\u00eb nga hetimet?<br \/>\nN\u00eb t\u00eb v\u00ebrtet\u00eb Meta ka q\u00ebn\u00eb kryeminist\u00ebr pas Majkos dhe Tha\u00e7i aso kohe ka akuza t\u00eb r\u00ebnda. Ka edhe z\u00ebra se Rama mban af\u00ebr nja tre k\u00ebshilltar\u00eb hebre dhe lobi \u00e7ifut ka b\u00ebr\u00eb deri tashti t\u00eb mundur karier\u00ebn e Tha\u00e7it.<\/p>\n<p>T\u00eb presim e t\u00eb shohim, pasi kjo pun\u00eb nuk zgjidhet me nj\u00eb Komision parlamentar k\u00ebtu n\u00eb Tiran\u00eb.<br \/>\nKushdo e kupton se figura e Tha\u00e7it nuk \u00ebsht\u00eb figura e shqipfol\u00ebsve, nuk \u00ebsht\u00eb morali, kultura. Ai \u00ebsht\u00eb nj\u00eb person, nj\u00eb njeri, nj\u00eblloj si nj\u00eb viktim\u00eb q\u00eb i jan\u00eb hequr e shitur organet dhe trupi i \u00ebsht\u00eb prer\u00eb copa-copa.<\/p>\n<p>E v\u00ebrteta \u00ebsht\u00eb kok\u00ebforte dhe askush nuk ka pse ti trembet.<br \/>\nMbrojtja kaq banale e nj\u00eb t\u00eb akuzuari kaq r\u00ebnd\u00eb \u00ebsht\u00eb nj\u00eb test politik edhe p\u00ebr politikb\u00ebr\u00ebsit shqiptar\u00eb q\u00eb po \u00e7irren p\u00ebr t\u00eb trembur per\u00ebndimin me budallalliqe t\u00eb tipit, gjith\u00eb shqiptar\u00ebt jan\u00eb Hashim Tha\u00e7a.<\/p>\n<p>Edhe kaq \u00ebsht\u00eb m\u00ebkat, pasi shqiptar\u00ebt nuk jan\u00eb n\u00ebn akuz\u00eb si kriminel\u00eb dhe n\u00eb k\u00ebto momente t\u00eb pakt\u00ebn askush nuk do d\u00ebshironte t\u00eb ishte Hashim Tha\u00e7.<\/p>\n","protected":false},"excerpt":{"rendered":"<p>Sokol Pepushaj, 25 dhjetor 2010 N\u00eb mbar\u00eb hap\u00ebsir\u00ebn shqiptare, Hashim Tha\u00e7i njihet me nofk\u00ebn \u201cGjarpri\u201d. Kjo nofk\u00eb, mund t\u00eb merret edhe si medalion, ku n\u00eb burgjet Jugosllave q\u00ebndroi si askush n\u00eb mbrojtje t\u00eb interesave komb\u00ebtare dhe mbijetoi p\u00ebr ti prir\u00eb U\u00c7K-s\u00eb e m\u00ebpastaj edhe mir\u00ebsjelljes kosovare drej strukturave euroatlantike si kryeminist\u00ebr. Por hetimet disa vje\u00e7are [&hellip;]<\/p>\n","protected":false},"author":1,"featured_media":0,"comment_status":"open","ping_status":"closed","sticky":false,"template":"","format":"standard","meta":{"footnotes":""},"categories":[2],"tags":[],"class_list":{"0":"post-5362","1":"post","2":"type-post","3":"status-publish","4":"format-standard","6":"category-artikuj"},"yoast_head":"<!-- This site is optimized with the Yoast SEO plugin v27.4 - https:\/\/yoast.com\/product\/yoast-seo-wordpress\/ -->\n<title>Gjith\u00eb shqiptar\u00ebt jan\u00eb Hashim Tha\u00e7a - FjALA e LIR\u00cb - Arkivi<\/title>\n<meta name=\"robots\" content=\"index, follow, max-snippet:-1, max-image-preview:large, max-video-preview:-1\" \/>\n<link rel=\"canonical\" href=\"https:\/\/fjala.info\/2009-2015\/gjithe-shqiptaret-jane-hashim-thaca\/\" \/>\n<meta property=\"og:locale\" content=\"sq_AL\" \/>\n<meta property=\"og:type\" content=\"article\" \/>\n<meta property=\"og:title\" content=\"Gjith\u00eb shqiptar\u00ebt jan\u00eb Hashim Tha\u00e7a - FjALA e LIR\u00cb - Arkivi\" \/>\n<meta property=\"og:description\" content=\"Sokol Pepushaj, 25 dhjetor 2010 N\u00eb mbar\u00eb hap\u00ebsir\u00ebn shqiptare, Hashim Tha\u00e7i njihet me nofk\u00ebn \u201cGjarpri\u201d. Kjo nofk\u00eb, mund t\u00eb merret edhe si medalion, ku n\u00eb burgjet Jugosllave q\u00ebndroi si askush n\u00eb mbrojtje t\u00eb interesave komb\u00ebtare dhe mbijetoi p\u00ebr ti prir\u00eb U\u00c7K-s\u00eb e m\u00ebpastaj edhe mir\u00ebsjelljes kosovare drej strukturave euroatlantike si kryeminist\u00ebr. Por hetimet disa vje\u00e7are [&hellip;]\" \/>\n<meta property=\"og:url\" content=\"https:\/\/fjala.info\/2009-2015\/gjithe-shqiptaret-jane-hashim-thaca\/\" \/>\n<meta property=\"og:site_name\" content=\"FjALA e LIR\u00cb - Arkivi\" \/>\n<meta property=\"article:published_time\" content=\"2010-12-25T20:01:33+00:00\" \/>\n<meta property=\"og:image\" content=\"http:\/\/fjala.shkoder.net\/wp-content\/uploads\/2010\/12\/sokol_pepushaj.jpg\" \/>\n<meta name=\"author\" content=\"admin\" \/>\n<meta name=\"twitter:card\" content=\"summary_large_image\" \/>\n<meta name=\"twitter:label1\" content=\"Written by\" \/>\n\t<meta name=\"twitter:data1\" content=\"admin\" \/>\n\t<meta name=\"twitter:label2\" content=\"Est. reading time\" \/>\n\t<meta name=\"twitter:data2\" content=\"5 minutes\" \/>\n<script type=\"application\/ld+json\" class=\"yoast-schema-graph\">{\"@context\":\"https:\\\/\\\/schema.org\",\"@graph\":[{\"@type\":\"Article\",\"@id\":\"https:\\\/\\\/fjala.info\\\/2009-2015\\\/gjithe-shqiptaret-jane-hashim-thaca\\\/#article\",\"isPartOf\":{\"@id\":\"https:\\\/\\\/fjala.info\\\/2009-2015\\\/gjithe-shqiptaret-jane-hashim-thaca\\\/\"},\"author\":{\"name\":\"admin\",\"@id\":\"https:\\\/\\\/fjala.info\\\/2009-2015\\\/#\\\/schema\\\/person\\\/3aa1163ef05469c496fc94e77611ada2\"},\"headline\":\"Gjith\u00eb shqiptar\u00ebt jan\u00eb Hashim Tha\u00e7a\",\"datePublished\":\"2010-12-25T20:01:33+00:00\",\"mainEntityOfPage\":{\"@id\":\"https:\\\/\\\/fjala.info\\\/2009-2015\\\/gjithe-shqiptaret-jane-hashim-thaca\\\/\"},\"wordCount\":1087,\"commentCount\":0,\"publisher\":{\"@id\":\"https:\\\/\\\/fjala.info\\\/2009-2015\\\/#organization\"},\"image\":{\"@id\":\"https:\\\/\\\/fjala.info\\\/2009-2015\\\/gjithe-shqiptaret-jane-hashim-thaca\\\/#primaryimage\"},\"thumbnailUrl\":\"http:\\\/\\\/fjala.shkoder.net\\\/wp-content\\\/uploads\\\/2010\\\/12\\\/sokol_pepushaj.jpg\",\"articleSection\":[\"Artikuj\"],\"inLanguage\":\"sq-AL\",\"potentialAction\":[{\"@type\":\"CommentAction\",\"name\":\"Comment\",\"target\":[\"https:\\\/\\\/fjala.info\\\/2009-2015\\\/gjithe-shqiptaret-jane-hashim-thaca\\\/#respond\"]}]},{\"@type\":\"WebPage\",\"@id\":\"https:\\\/\\\/fjala.info\\\/2009-2015\\\/gjithe-shqiptaret-jane-hashim-thaca\\\/\",\"url\":\"https:\\\/\\\/fjala.info\\\/2009-2015\\\/gjithe-shqiptaret-jane-hashim-thaca\\\/\",\"name\":\"Gjith\u00eb shqiptar\u00ebt jan\u00eb Hashim Tha\u00e7a - FjALA e LIR\u00cb - Arkivi\",\"isPartOf\":{\"@id\":\"https:\\\/\\\/fjala.info\\\/2009-2015\\\/#website\"},\"primaryImageOfPage\":{\"@id\":\"https:\\\/\\\/fjala.info\\\/2009-2015\\\/gjithe-shqiptaret-jane-hashim-thaca\\\/#primaryimage\"},\"image\":{\"@id\":\"https:\\\/\\\/fjala.info\\\/2009-2015\\\/gjithe-shqiptaret-jane-hashim-thaca\\\/#primaryimage\"},\"thumbnailUrl\":\"http:\\\/\\\/fjala.shkoder.net\\\/wp-content\\\/uploads\\\/2010\\\/12\\\/sokol_pepushaj.jpg\",\"datePublished\":\"2010-12-25T20:01:33+00:00\",\"breadcrumb\":{\"@id\":\"https:\\\/\\\/fjala.info\\\/2009-2015\\\/gjithe-shqiptaret-jane-hashim-thaca\\\/#breadcrumb\"},\"inLanguage\":\"sq-AL\",\"potentialAction\":[{\"@type\":\"ReadAction\",\"target\":[\"https:\\\/\\\/fjala.info\\\/2009-2015\\\/gjithe-shqiptaret-jane-hashim-thaca\\\/\"]}]},{\"@type\":\"ImageObject\",\"inLanguage\":\"sq-AL\",\"@id\":\"https:\\\/\\\/fjala.info\\\/2009-2015\\\/gjithe-shqiptaret-jane-hashim-thaca\\\/#primaryimage\",\"url\":\"http:\\\/\\\/fjala.shkoder.net\\\/wp-content\\\/uploads\\\/2010\\\/12\\\/sokol_pepushaj.jpg\",\"contentUrl\":\"http:\\\/\\\/fjala.shkoder.net\\\/wp-content\\\/uploads\\\/2010\\\/12\\\/sokol_pepushaj.jpg\"},{\"@type\":\"BreadcrumbList\",\"@id\":\"https:\\\/\\\/fjala.info\\\/2009-2015\\\/gjithe-shqiptaret-jane-hashim-thaca\\\/#breadcrumb\",\"itemListElement\":[{\"@type\":\"ListItem\",\"position\":1,\"name\":\"Home\",\"item\":\"https:\\\/\\\/fjala.info\\\/2009-2015\\\/\"},{\"@type\":\"ListItem\",\"position\":2,\"name\":\"Gjith\u00eb shqiptar\u00ebt jan\u00eb Hashim Tha\u00e7a\"}]},{\"@type\":\"WebSite\",\"@id\":\"https:\\\/\\\/fjala.info\\\/2009-2015\\\/#website\",\"url\":\"https:\\\/\\\/fjala.info\\\/2009-2015\\\/\",\"name\":\"FjALA e LIR\u00cb - Arkivi\",\"description\":\"Arkivi 2009-2015\",\"publisher\":{\"@id\":\"https:\\\/\\\/fjala.info\\\/2009-2015\\\/#organization\"},\"potentialAction\":[{\"@type\":\"SearchAction\",\"target\":{\"@type\":\"EntryPoint\",\"urlTemplate\":\"https:\\\/\\\/fjala.info\\\/2009-2015\\\/?s={search_term_string}\"},\"query-input\":{\"@type\":\"PropertyValueSpecification\",\"valueRequired\":true,\"valueName\":\"search_term_string\"}}],\"inLanguage\":\"sq-AL\"},{\"@type\":\"Organization\",\"@id\":\"https:\\\/\\\/fjala.info\\\/2009-2015\\\/#organization\",\"name\":\"FjALA e LIR\u00cb - Arkivi\",\"url\":\"https:\\\/\\\/fjala.info\\\/2009-2015\\\/\",\"logo\":{\"@type\":\"ImageObject\",\"inLanguage\":\"sq-AL\",\"@id\":\"https:\\\/\\\/fjala.info\\\/2009-2015\\\/#\\\/schema\\\/logo\\\/image\\\/\",\"url\":\"\",\"contentUrl\":\"\",\"caption\":\"FjALA e LIR\u00cb - Arkivi\"},\"image\":{\"@id\":\"https:\\\/\\\/fjala.info\\\/2009-2015\\\/#\\\/schema\\\/logo\\\/image\\\/\"}},{\"@type\":\"Person\",\"@id\":\"https:\\\/\\\/fjala.info\\\/2009-2015\\\/#\\\/schema\\\/person\\\/3aa1163ef05469c496fc94e77611ada2\",\"name\":\"admin\",\"image\":{\"@type\":\"ImageObject\",\"inLanguage\":\"sq-AL\",\"@id\":\"https:\\\/\\\/fjala.info\\\/2009-2015\\\/wp-content\\\/uploads\\\/2012\\\/02\\\/arben_cokaj-120x150.jpg\",\"url\":\"https:\\\/\\\/fjala.info\\\/2009-2015\\\/wp-content\\\/uploads\\\/2012\\\/02\\\/arben_cokaj-120x150.jpg\",\"contentUrl\":\"https:\\\/\\\/fjala.info\\\/2009-2015\\\/wp-content\\\/uploads\\\/2012\\\/02\\\/arben_cokaj-120x150.jpg\",\"caption\":\"admin\"},\"description\":\"Admin, Fjala e Lir\u00eb\",\"sameAs\":[\"https:\\\/\\\/fjala.info\\\/\"],\"url\":\"https:\\\/\\\/fjala.info\\\/2009-2015\\\/author\\\/admin\\\/\"}]}<\/script>\n<!-- \/ Yoast SEO plugin. -->","yoast_head_json":{"title":"Gjith\u00eb shqiptar\u00ebt jan\u00eb Hashim Tha\u00e7a - FjALA e LIR\u00cb - Arkivi","robots":{"index":"index","follow":"follow","max-snippet":"max-snippet:-1","max-image-preview":"max-image-preview:large","max-video-preview":"max-video-preview:-1"},"canonical":"https:\/\/fjala.info\/2009-2015\/gjithe-shqiptaret-jane-hashim-thaca\/","og_locale":"sq_AL","og_type":"article","og_title":"Gjith\u00eb shqiptar\u00ebt jan\u00eb Hashim Tha\u00e7a - FjALA e LIR\u00cb - Arkivi","og_description":"Sokol Pepushaj, 25 dhjetor 2010 N\u00eb mbar\u00eb hap\u00ebsir\u00ebn shqiptare, Hashim Tha\u00e7i njihet me nofk\u00ebn \u201cGjarpri\u201d. Kjo nofk\u00eb, mund t\u00eb merret edhe si medalion, ku n\u00eb burgjet Jugosllave q\u00ebndroi si askush n\u00eb mbrojtje t\u00eb interesave komb\u00ebtare dhe mbijetoi p\u00ebr ti prir\u00eb U\u00c7K-s\u00eb e m\u00ebpastaj edhe mir\u00ebsjelljes kosovare drej strukturave euroatlantike si kryeminist\u00ebr. Por hetimet disa vje\u00e7are [&hellip;]","og_url":"https:\/\/fjala.info\/2009-2015\/gjithe-shqiptaret-jane-hashim-thaca\/","og_site_name":"FjALA e LIR\u00cb - Arkivi","article_published_time":"2010-12-25T20:01:33+00:00","og_image":[{"url":"http:\/\/fjala.shkoder.net\/wp-content\/uploads\/2010\/12\/sokol_pepushaj.jpg","type":"","width":"","height":""}],"author":"admin","twitter_card":"summary_large_image","twitter_misc":{"Written by":"admin","Est. reading time":"5 minutes"},"schema":{"@context":"https:\/\/schema.org","@graph":[{"@type":"Article","@id":"https:\/\/fjala.info\/2009-2015\/gjithe-shqiptaret-jane-hashim-thaca\/#article","isPartOf":{"@id":"https:\/\/fjala.info\/2009-2015\/gjithe-shqiptaret-jane-hashim-thaca\/"},"author":{"name":"admin","@id":"https:\/\/fjala.info\/2009-2015\/#\/schema\/person\/3aa1163ef05469c496fc94e77611ada2"},"headline":"Gjith\u00eb shqiptar\u00ebt jan\u00eb Hashim Tha\u00e7a","datePublished":"2010-12-25T20:01:33+00:00","mainEntityOfPage":{"@id":"https:\/\/fjala.info\/2009-2015\/gjithe-shqiptaret-jane-hashim-thaca\/"},"wordCount":1087,"commentCount":0,"publisher":{"@id":"https:\/\/fjala.info\/2009-2015\/#organization"},"image":{"@id":"https:\/\/fjala.info\/2009-2015\/gjithe-shqiptaret-jane-hashim-thaca\/#primaryimage"},"thumbnailUrl":"http:\/\/fjala.shkoder.net\/wp-content\/uploads\/2010\/12\/sokol_pepushaj.jpg","articleSection":["Artikuj"],"inLanguage":"sq-AL","potentialAction":[{"@type":"CommentAction","name":"Comment","target":["https:\/\/fjala.info\/2009-2015\/gjithe-shqiptaret-jane-hashim-thaca\/#respond"]}]},{"@type":"WebPage","@id":"https:\/\/fjala.info\/2009-2015\/gjithe-shqiptaret-jane-hashim-thaca\/","url":"https:\/\/fjala.info\/2009-2015\/gjithe-shqiptaret-jane-hashim-thaca\/","name":"Gjith\u00eb shqiptar\u00ebt jan\u00eb Hashim Tha\u00e7a - FjALA e LIR\u00cb - Arkivi","isPartOf":{"@id":"https:\/\/fjala.info\/2009-2015\/#website"},"primaryImageOfPage":{"@id":"https:\/\/fjala.info\/2009-2015\/gjithe-shqiptaret-jane-hashim-thaca\/#primaryimage"},"image":{"@id":"https:\/\/fjala.info\/2009-2015\/gjithe-shqiptaret-jane-hashim-thaca\/#primaryimage"},"thumbnailUrl":"http:\/\/fjala.shkoder.net\/wp-content\/uploads\/2010\/12\/sokol_pepushaj.jpg","datePublished":"2010-12-25T20:01:33+00:00","breadcrumb":{"@id":"https:\/\/fjala.info\/2009-2015\/gjithe-shqiptaret-jane-hashim-thaca\/#breadcrumb"},"inLanguage":"sq-AL","potentialAction":[{"@type":"ReadAction","target":["https:\/\/fjala.info\/2009-2015\/gjithe-shqiptaret-jane-hashim-thaca\/"]}]},{"@type":"ImageObject","inLanguage":"sq-AL","@id":"https:\/\/fjala.info\/2009-2015\/gjithe-shqiptaret-jane-hashim-thaca\/#primaryimage","url":"http:\/\/fjala.shkoder.net\/wp-content\/uploads\/2010\/12\/sokol_pepushaj.jpg","contentUrl":"http:\/\/fjala.shkoder.net\/wp-content\/uploads\/2010\/12\/sokol_pepushaj.jpg"},{"@type":"BreadcrumbList","@id":"https:\/\/fjala.info\/2009-2015\/gjithe-shqiptaret-jane-hashim-thaca\/#breadcrumb","itemListElement":[{"@type":"ListItem","position":1,"name":"Home","item":"https:\/\/fjala.info\/2009-2015\/"},{"@type":"ListItem","position":2,"name":"Gjith\u00eb shqiptar\u00ebt jan\u00eb Hashim Tha\u00e7a"}]},{"@type":"WebSite","@id":"https:\/\/fjala.info\/2009-2015\/#website","url":"https:\/\/fjala.info\/2009-2015\/","name":"FjALA e LIR\u00cb - Arkivi","description":"Arkivi 2009-2015","publisher":{"@id":"https:\/\/fjala.info\/2009-2015\/#organization"},"potentialAction":[{"@type":"SearchAction","target":{"@type":"EntryPoint","urlTemplate":"https:\/\/fjala.info\/2009-2015\/?s={search_term_string}"},"query-input":{"@type":"PropertyValueSpecification","valueRequired":true,"valueName":"search_term_string"}}],"inLanguage":"sq-AL"},{"@type":"Organization","@id":"https:\/\/fjala.info\/2009-2015\/#organization","name":"FjALA e LIR\u00cb - Arkivi","url":"https:\/\/fjala.info\/2009-2015\/","logo":{"@type":"ImageObject","inLanguage":"sq-AL","@id":"https:\/\/fjala.info\/2009-2015\/#\/schema\/logo\/image\/","url":"","contentUrl":"","caption":"FjALA e LIR\u00cb - Arkivi"},"image":{"@id":"https:\/\/fjala.info\/2009-2015\/#\/schema\/logo\/image\/"}},{"@type":"Person","@id":"https:\/\/fjala.info\/2009-2015\/#\/schema\/person\/3aa1163ef05469c496fc94e77611ada2","name":"admin","image":{"@type":"ImageObject","inLanguage":"sq-AL","@id":"https:\/\/fjala.info\/2009-2015\/wp-content\/uploads\/2012\/02\/arben_cokaj-120x150.jpg","url":"https:\/\/fjala.info\/2009-2015\/wp-content\/uploads\/2012\/02\/arben_cokaj-120x150.jpg","contentUrl":"https:\/\/fjala.info\/2009-2015\/wp-content\/uploads\/2012\/02\/arben_cokaj-120x150.jpg","caption":"admin"},"description":"Admin, Fjala e Lir\u00eb","sameAs":["https:\/\/fjala.info\/"],"url":"https:\/\/fjala.info\/2009-2015\/author\/admin\/"}]}},"_links":{"self":[{"href":"https:\/\/fjala.info\/2009-2015\/wp-json\/wp\/v2\/posts\/5362","targetHints":{"allow":["GET"]}}],"collection":[{"href":"https:\/\/fjala.info\/2009-2015\/wp-json\/wp\/v2\/posts"}],"about":[{"href":"https:\/\/fjala.info\/2009-2015\/wp-json\/wp\/v2\/types\/post"}],"author":[{"embeddable":true,"href":"https:\/\/fjala.info\/2009-2015\/wp-json\/wp\/v2\/users\/1"}],"replies":[{"embeddable":true,"href":"https:\/\/fjala.info\/2009-2015\/wp-json\/wp\/v2\/comments?post=5362"}],"version-history":[{"count":0,"href":"https:\/\/fjala.info\/2009-2015\/wp-json\/wp\/v2\/posts\/5362\/revisions"}],"wp:attachment":[{"href":"https:\/\/fjala.info\/2009-2015\/wp-json\/wp\/v2\/media?parent=5362"}],"wp:term":[{"taxonomy":"category","embeddable":true,"href":"https:\/\/fjala.info\/2009-2015\/wp-json\/wp\/v2\/categories?post=5362"},{"taxonomy":"post_tag","embeddable":true,"href":"https:\/\/fjala.info\/2009-2015\/wp-json\/wp\/v2\/tags?post=5362"}],"curies":[{"name":"wp","href":"https:\/\/api.w.org\/{rel}","templated":true}]}}