{"id":5360,"date":"2010-12-25T20:50:20","date_gmt":"2010-12-25T19:50:20","guid":{"rendered":"http:\/\/fjala.shkoder.net\/?p=5360"},"modified":"2010-12-25T20:50:20","modified_gmt":"2010-12-25T19:50:20","slug":"shkodra-jeme","status":"publish","type":"post","link":"https:\/\/fjala.info\/2009-2015\/shkodra-jeme\/","title":{"rendered":"SHKODRA JEME&#8230;."},"content":{"rendered":"<p><img decoding=\"async\" class=\"alignleft size-full wp-image-3916\" title=\"Blerti Delija\" src=\"http:\/\/fjala.shkoder.net\/wp-content\/uploads\/2010\/09\/blerti_delija.jpg\" alt=\"\" width=\"150\" \/><br \/>\nnga <strong>BLERTI DELIJA<\/strong>, (<em>dhjetor 2010<\/em>)<\/p>\n<p>&#8230;\u00e2sht p\u00ebrmbyt\u00eb. Pes\u00eb- gjasht\u00eb her\u00eb n\u00eb kt\u00eb\u2019 mot. Shinat e dit\u00ebve t\u00eb mbrame t\u00eb k\u00ebtij vjeti, jan\u00eb kumt jo i mir\u00eb p\u00ebr p\u00ebrmbytje t\u00eb reja. Portat, ato t\u00eb hidrocentraleve, kan\u00eb nis\u00eb mu hap\u00eb prap. N\u00eb fakt, Shkodra \u00e2sht p\u00ebrmbyt\u00eb vazhdimisht rrug\u00ebtimit k\u00ebtyne shekujve t\u00eb shumt\u00eb t\u00eb jet\u00ebs. E jo gjithmon\u00eb ka ken\u00eb p\u00ebrmbyt\u00eb prej ujit, prej shiut.<\/p>\n<p>P\u00ebrmbytjet kan\u00eb fillue qysh n\u00eb krye t\u00eb her\u00ebs, kur tan\u2019 bota ish ve\u00e7 nji sheshbetej\u00eb p\u00ebr pla\u00e7k\u00eb e hap\u00ebsin\u00eb. P\u00ebrmes shekujve her\u00eb u zvoglue e her\u00eb u rrit, por gjith\u2019her\u00eb mbijetoi. U munduen me e n\u00ebperkamb\u00eb, me e zhduk\u00eb krejt prej ftyr\u00ebs s\u2019tok\u00ebs. I nd\u00ebrruen emnin, i nd\u00ebrruen popull, i nd\u00ebrruen princa e udh\u00ebhjek\u00ebsin\u00eb. Po nuk mujt\u00ebn me ja mbrrit\u00eb, as at\u00ebher\u2019 kur themelet e Shkodr\u00ebs u venduen bashk\u00eb me vet\u00ebflijimin e nji grueje-viktim\u00eb e pabesis\u00eb se gjith\u00ebmonshme q\u00eb e ka shoqnue historin\u00eb e k\u00ebsaj kalaje.<\/p>\n<p>Shkodra \u00e2sht ba prej njer\u00ebzish, por \u00e7dokoh\u00eb ajo i ka dhan\u00eb atyne ma shume se i kan\u00eb dhan\u00eb. E nuk u ka dhan\u00eb vet\u00ebm emnin, kryenalt\u00ebsin\u00eb me e mbajt\u00eb kt\u00eb\u2019 em\u00ebn. Turret e fuqive t\u00eb hueja por dhe atyne vendase shum\u00ebher\u00eb e ban\u00eb ndoshta t\u00eb pendohet p\u00ebr vet\u00eb ekzistenc\u00ebn e saj. Ajo asnjih\u00ebre nuk u lodh s\u00eb rezistuemi. Ma s\u00eb shumti, u sulmue nga ata q\u00eb nga gjini i saj i nxuerr e q\u00eb asnjiher\u00eb nuk i mallkoi me gjith\u00eb zem\u00ebr se n\u00e2ma e nan\u00ebs t\u00eb kap\u00eb gjithmon\u00eb.<\/p>\n<p>Shkodra ishte p\u00ebrkund\u00ebsja e gjith\u00e7kaje. Zoti apo natyra i blatuen nji pozicion t\u00eb pashoq me ask\u00ebnd tjet\u00ebr mbi rruzulli. \u00c7do gj\u00e2 e mir\u00eb dhe e bukur mbi kt\u00eb\u2019 hap\u00ebsin\u00eb, e ka zanafill\u00ebn n\u00eb kt\u00eb\u2019 troll\u00eb. Ma von\u00eb, ndoshta prej k\u00ebsaj zanafille t\u00eb lakmueme, ajo u true e u shitue nalt e posht\u00eb, tuj mallkue vedin pse ishte nistore, kur krejt mir\u00eb kish mujt\u00eb me ken\u00eb e dyta. Po kjo \u00e2sht Shkodra, p\u00ebrndryshe, do t\u2019 kish nji tjet\u00ebr em\u00ebn, por kurrher\u00eb Shkod\u00ebr.<\/p>\n<p>Shkodra nuk ka nevoj\u00eb p\u00ebr emna t\u00eb p\u00ebrve\u00e7\u00ebm me i naltue z\u00e2nin asaj. T\u00eb tjer\u00eb ia kan\u00eb k\u00ebrkue at\u00eb dhe ajo ua dh\u00e1 me bujari e pa dhimb\u00eb. Shum\u00ebkush ja ka p\u00ebrdor\u00eb e t\u00eb tjer\u00eb ja kan\u00eb shp\u00ebrdorue at\u2019 em\u00ebn. E ajo gjithmon\u00eb ka fal\u00eb, ka shtri dor\u00eb, ka ledhatue. Edhe at\u00ebher\u00eb kur e kan\u00eb sh\u00e2, e kan\u2019 rr\u00ebzue, e kan\u2019 shkel\u00eb me kamb\u00eb, e kan\u2019 plagos\u00eb edhe deri ne fill t\u00eb dek\u00ebs.<\/p>\n<p>E Shkodra \u00e2sht gjall\u00eb, gjall\u00eb dhe e fort\u00eb! Njishtu ka ec\u00eb p\u00ebrjet\u00eb e njishtu ka me ec\u00eb derisa Hyji ti ket\u00eb caktue fatin e saj, q\u00eb shihet se \u00e2sht aq jet\u00ebgjat\u00eb sa edhe Ai. Shkodra \u00e2sht p\u00ebrmbyt\u00eb! Jo vet\u00ebm prej ujit e shiut. Shkodra \u00e2sht p\u00ebrmbyt\u00eb nga vuetjet e pamata. Vuejtje q\u00eb pambarimisht po e shoqnojn\u00eb gjith\u2019her\u00eb, aq sa duket se paska le me vuejt! Shtati i saj kollaj shihet i lig\u00ebshtuem prej vuetjeve. Vragat e thella t\u00eb shekujve shquhen kjart\u00eb, vraga q\u00eb as\u2019her\u00eb mund t\u00eb zhduken. Djemt\u00eb e saj plagprish\u00ebs lan\u00eb plag\u00eb t\u00eb padukshme kundruall atyne q\u00eb u p\u00ebrpoq\u00ebn me e zhduk\u00eb, prej Rome e deri te \u201cTirana e kuqe\u201d.<\/p>\n<p>E plag\u00ebt mbyllen tuj lan\u00eb shenja, shenja t\u00eb pashmangshme t\u00eb nji kirurgjie plastike kurr\u00eb t\u00eb arritshme, q\u00eb as sot nuk mundet me ja msheh\u00eb. E si p\u00ebr ironi t\u00eb shekujve t\u00eb lam\u00eb mbrapa, k\u00ebto plag\u00eb lidhen me t\u00eb sotmen, e prap me p\u00ebrmbytje. Dhjet\u00eb vjet\u00ebt e mbram\u00eb t\u00eb shekullit t\u00eb kaluem nis\u00ebn me p\u00ebrmbytjen e fundit t\u00eb murtaj\u00ebs s\u00eb kuqe q\u00eb nuk i kurseu dhambt\u00eb mbi shpritin e djelmnis\u00eb shkodrane. Nanat vun\u00eb shamit\u00eb e zeza mbi sy shum\u00eb her\u00eb deri n\u00eb kap\u00ebrcyell t\u00eb shekullit q\u00eb lam\u00eb. P\u00ebr fajin e bijve t\u00eb Shkodr\u00ebs, do her\u00eb edhe p\u00ebr faj t\u00eb kopilave q\u00eb ia mor\u00ebn emnin si mburoj\u00eb. P\u00ebrmbytjet vazhduen edhe me langun e err\u00ebt q\u00eb l\u00ebviznin kul\u00e7edrat e luft\u00ebs mbi shtatin e kombit t\u00eb dam\u00eb n\u2019dysh\u00eb. Pa e kuptue, Shkodra muer karaboj\u00eb e jo p\u00ebr fajin e vet.<\/p>\n<p>Shkodra kj\u00e2u bijt\u00eb e vet q\u00eb dje e sot, nuk e din se kush ja p\u00ebrlau. I mikluen me dishirin e martinave t\u2019ndryshkuna n\u00ebnahrave, e Shkodra p\u00e2 me syt\u00eb e vet tuj u shue rinia. Trolli u p\u00ebrmbyt prap e kt\u00eb her\u00eb n\u00eb gjak. Gatitej t\u00eb ndahej me motin n\u00eb der\u00eb, e dikush n\u00eb prit\u00eb, u perpjek me e varros\u00eb edhe at\u00eb, por nuk ia mb\u00ebrrijti. Shkodra me krye mbuluem n\u00eb e zi, me zemr\u00ebn e coptueme, me trupin e gjakosun, dijti me q\u00ebndrue.<br \/>\nNd\u00ebr ne, cilli e mban mend Shkodr\u00ebn e para 20-25 vjet\u00ebve?! Ajo ka ndryshue shum\u00eb. Thon\u00eb \u00e2sht rinue, modernizue. N\u00eb fakt, \u00e2sht plagos\u00eb prap. Betoni mbulue ftyr\u00ebn ja ka. Hiret, sapo p\u00ebrshnetesh me kalan\u00eb Rozaf\u00ebs.<\/p>\n<p>Kjo shpikje e njer\u00ebzve, \u00e2sht nji arm\u00eb e fort\u00eb n\u00eb dor\u00ebn e bijve t\u00eb vet por edhe t\u00eb kopilave p\u00ebr ta fsh\u00ee nga faqja e dheut. Arteriet q\u00eb ngijn\u00eb me aj\u00ebr e ushqim Shkodr\u00ebn, jan\u00eb bllokue thuejse n\u00eb frym\u00ebnxanie. E lot\u00ebt kthehen n\u00eb p\u00ebrmbytje, p\u00ebrmbytje q\u00eb duen me d\u00ebnue bijt\u00eb plangprish\u00ebs, k\u00ebtu e atje, nalt e posht\u00eb. Shkodra din me u idhnue, me marr\u00eb hak. Sodoma e Gomorra jan\u00eb asgja me at\u2019 q\u00eb zem\u00ebrimi i vet mundet me sjell\u00eb. Po tash vet\u00ebm po derdh lot, e k\u00ebto lot bashkohen p\u00ebr te tregue se Shkodra ofshan dhe jo nga dishira me ofsh\u00e2&#8230;<\/p>\n<p>Shkodra jeme ka ken\u00eb dhe \u00e2sht, tham ka me mbet\u00eb bastion, kala! M\u00eb ban mu ndie\u2019 jo mir\u00eb tuj i shkrue k\u00ebto rreshta. Na ishim bastion n\u00eb shum\u00eb koh\u00eb e mot\u00eb, p\u00ebr mbar\u00eb e p\u00ebr mbrapsht! U g\u00ebzojshim me fatkeq\u00ebsin\u00eb e tjetrit e u trishtojshim p\u00ebr mir\u00ebsin\u00eb e dikujt. Ma s\u00eb fundit, deri n\u00eb dihatje t\u00eb shekullit t\u00eb kaluem- bastion i antimurtaj\u00ebs s\u00eb kuqe. E do dit\u00eb a jav\u00eb ma mbrapa- prap bastion. Tash bastion i atyne q\u00eb luftuen murtaj\u00ebn e kuqe t\u00eb paret. Bastion dje- bastion sot- bastion nes\u00ebr. E \u00e7ka na sh\u00ebrbeu?! Asgja! Murtaja e kuq p\u00ebr krejt pak gj\u00e2 na \u00e7kuli rranj\u00ebt. Shumoi vraga n\u00eb shtatin e Shkodr\u00ebs e d\u00f4 plag\u00eb, q\u00eb gjakojn\u00eb n\u00eb dit\u00eb t\u2019sodit. E ata- q\u00eb ju gatit\u00ebm si bastion n\u00eb er\u00ebn post-murtaj\u00eb e kuqe?! Thuejse asgja prap! E nuk po due me tjerr\u00eb ma shum\u00eb k\u00ebto rreshta se mund t\u2019mi jesin hatri Shkodr\u00ebs e bijve t\u00eb vet, ma shum\u00eb kopilave.<\/p>\n<p>Shkodra jeme sot ka nevoj\u00eb, nevoj\u00eb p\u00ebr mos me e rrejt, mos me u tall me te si deritash! Ka shtri krah\u00ebt mbi bijt\u00eb e vet por kjo nuk u mjafton k\u00ebtyne. Mbroja e dashnia e saj nuk u mjafton, e duen krejt, krejt&#8230;p\u00ebr! Dikur e pat shkrue si \u201cdashnorja e shekujve\u201d. Dhasht\u00eb Zoti q\u00eb kt\u00eb\u2019 te mos duen edhe bijt\u00eb, e ma shume se t\u2019tan\u00eb, kopilat!<\/p>\n<p>Shkodra jeme&#8230; Nuk ka aspak nevoj\u00eb me ja kj\u00e2 hallin! As me e vue n\u2019 krye t\u2019sofr\u00ebs! Se atje ka ken\u00eb, \u00e2sht e ka me ken\u00eb, gjith\u2019her\u00eb. Na kena nevoj\u00eb p\u00ebr Te!<\/p>\n","protected":false},"excerpt":{"rendered":"<p>nga BLERTI DELIJA, (dhjetor 2010) &#8230;\u00e2sht p\u00ebrmbyt\u00eb. Pes\u00eb- gjasht\u00eb her\u00eb n\u00eb kt\u00eb\u2019 mot. Shinat e dit\u00ebve t\u00eb mbrame t\u00eb k\u00ebtij vjeti, jan\u00eb kumt jo i mir\u00eb p\u00ebr p\u00ebrmbytje t\u00eb reja. Portat, ato t\u00eb hidrocentraleve, kan\u00eb nis\u00eb mu hap\u00eb prap. N\u00eb fakt, Shkodra \u00e2sht p\u00ebrmbyt\u00eb vazhdimisht rrug\u00ebtimit k\u00ebtyne shekujve t\u00eb shumt\u00eb t\u00eb jet\u00ebs. E jo gjithmon\u00eb [&hellip;]<\/p>\n","protected":false},"author":1,"featured_media":0,"comment_status":"open","ping_status":"closed","sticky":false,"template":"","format":"standard","meta":{"footnotes":""},"categories":[2],"tags":[],"class_list":{"0":"post-5360","1":"post","2":"type-post","3":"status-publish","4":"format-standard","6":"category-artikuj"},"yoast_head":"<!-- This site is optimized with the Yoast SEO plugin v27.4 - https:\/\/yoast.com\/product\/yoast-seo-wordpress\/ -->\n<title>SHKODRA JEME.... - FjALA e LIR\u00cb - Arkivi<\/title>\n<meta name=\"robots\" content=\"index, follow, max-snippet:-1, max-image-preview:large, max-video-preview:-1\" \/>\n<link rel=\"canonical\" href=\"https:\/\/fjala.info\/2009-2015\/shkodra-jeme\/\" \/>\n<meta property=\"og:locale\" content=\"sq_AL\" \/>\n<meta property=\"og:type\" content=\"article\" \/>\n<meta property=\"og:title\" content=\"SHKODRA JEME.... - FjALA e LIR\u00cb - Arkivi\" \/>\n<meta property=\"og:description\" content=\"nga BLERTI DELIJA, (dhjetor 2010) &#8230;\u00e2sht p\u00ebrmbyt\u00eb. Pes\u00eb- gjasht\u00eb her\u00eb n\u00eb kt\u00eb\u2019 mot. Shinat e dit\u00ebve t\u00eb mbrame t\u00eb k\u00ebtij vjeti, jan\u00eb kumt jo i mir\u00eb p\u00ebr p\u00ebrmbytje t\u00eb reja. Portat, ato t\u00eb hidrocentraleve, kan\u00eb nis\u00eb mu hap\u00eb prap. N\u00eb fakt, Shkodra \u00e2sht p\u00ebrmbyt\u00eb vazhdimisht rrug\u00ebtimit k\u00ebtyne shekujve t\u00eb shumt\u00eb t\u00eb jet\u00ebs. E jo gjithmon\u00eb [&hellip;]\" \/>\n<meta property=\"og:url\" content=\"https:\/\/fjala.info\/2009-2015\/shkodra-jeme\/\" \/>\n<meta property=\"og:site_name\" content=\"FjALA e LIR\u00cb - Arkivi\" \/>\n<meta property=\"article:published_time\" content=\"2010-12-25T19:50:20+00:00\" \/>\n<meta property=\"og:image\" content=\"http:\/\/fjala.shkoder.net\/wp-content\/uploads\/2010\/09\/blerti_delija.jpg\" \/>\n<meta name=\"author\" content=\"admin\" \/>\n<meta name=\"twitter:card\" content=\"summary_large_image\" \/>\n<meta name=\"twitter:label1\" content=\"Written by\" \/>\n\t<meta name=\"twitter:data1\" content=\"admin\" \/>\n\t<meta name=\"twitter:label2\" content=\"Est. reading time\" \/>\n\t<meta name=\"twitter:data2\" content=\"6 minutes\" \/>\n<script type=\"application\/ld+json\" class=\"yoast-schema-graph\">{\"@context\":\"https:\\\/\\\/schema.org\",\"@graph\":[{\"@type\":\"Article\",\"@id\":\"https:\\\/\\\/fjala.info\\\/2009-2015\\\/shkodra-jeme\\\/#article\",\"isPartOf\":{\"@id\":\"https:\\\/\\\/fjala.info\\\/2009-2015\\\/shkodra-jeme\\\/\"},\"author\":{\"name\":\"admin\",\"@id\":\"https:\\\/\\\/fjala.info\\\/2009-2015\\\/#\\\/schema\\\/person\\\/3aa1163ef05469c496fc94e77611ada2\"},\"headline\":\"SHKODRA JEME&#8230;.\",\"datePublished\":\"2010-12-25T19:50:20+00:00\",\"mainEntityOfPage\":{\"@id\":\"https:\\\/\\\/fjala.info\\\/2009-2015\\\/shkodra-jeme\\\/\"},\"wordCount\":1273,\"commentCount\":0,\"publisher\":{\"@id\":\"https:\\\/\\\/fjala.info\\\/2009-2015\\\/#organization\"},\"image\":{\"@id\":\"https:\\\/\\\/fjala.info\\\/2009-2015\\\/shkodra-jeme\\\/#primaryimage\"},\"thumbnailUrl\":\"http:\\\/\\\/fjala.shkoder.net\\\/wp-content\\\/uploads\\\/2010\\\/09\\\/blerti_delija.jpg\",\"articleSection\":[\"Artikuj\"],\"inLanguage\":\"sq-AL\",\"potentialAction\":[{\"@type\":\"CommentAction\",\"name\":\"Comment\",\"target\":[\"https:\\\/\\\/fjala.info\\\/2009-2015\\\/shkodra-jeme\\\/#respond\"]}]},{\"@type\":\"WebPage\",\"@id\":\"https:\\\/\\\/fjala.info\\\/2009-2015\\\/shkodra-jeme\\\/\",\"url\":\"https:\\\/\\\/fjala.info\\\/2009-2015\\\/shkodra-jeme\\\/\",\"name\":\"SHKODRA JEME.... - FjALA e LIR\u00cb - Arkivi\",\"isPartOf\":{\"@id\":\"https:\\\/\\\/fjala.info\\\/2009-2015\\\/#website\"},\"primaryImageOfPage\":{\"@id\":\"https:\\\/\\\/fjala.info\\\/2009-2015\\\/shkodra-jeme\\\/#primaryimage\"},\"image\":{\"@id\":\"https:\\\/\\\/fjala.info\\\/2009-2015\\\/shkodra-jeme\\\/#primaryimage\"},\"thumbnailUrl\":\"http:\\\/\\\/fjala.shkoder.net\\\/wp-content\\\/uploads\\\/2010\\\/09\\\/blerti_delija.jpg\",\"datePublished\":\"2010-12-25T19:50:20+00:00\",\"breadcrumb\":{\"@id\":\"https:\\\/\\\/fjala.info\\\/2009-2015\\\/shkodra-jeme\\\/#breadcrumb\"},\"inLanguage\":\"sq-AL\",\"potentialAction\":[{\"@type\":\"ReadAction\",\"target\":[\"https:\\\/\\\/fjala.info\\\/2009-2015\\\/shkodra-jeme\\\/\"]}]},{\"@type\":\"ImageObject\",\"inLanguage\":\"sq-AL\",\"@id\":\"https:\\\/\\\/fjala.info\\\/2009-2015\\\/shkodra-jeme\\\/#primaryimage\",\"url\":\"http:\\\/\\\/fjala.shkoder.net\\\/wp-content\\\/uploads\\\/2010\\\/09\\\/blerti_delija.jpg\",\"contentUrl\":\"http:\\\/\\\/fjala.shkoder.net\\\/wp-content\\\/uploads\\\/2010\\\/09\\\/blerti_delija.jpg\"},{\"@type\":\"BreadcrumbList\",\"@id\":\"https:\\\/\\\/fjala.info\\\/2009-2015\\\/shkodra-jeme\\\/#breadcrumb\",\"itemListElement\":[{\"@type\":\"ListItem\",\"position\":1,\"name\":\"Home\",\"item\":\"https:\\\/\\\/fjala.info\\\/2009-2015\\\/\"},{\"@type\":\"ListItem\",\"position\":2,\"name\":\"SHKODRA JEME&#8230;.\"}]},{\"@type\":\"WebSite\",\"@id\":\"https:\\\/\\\/fjala.info\\\/2009-2015\\\/#website\",\"url\":\"https:\\\/\\\/fjala.info\\\/2009-2015\\\/\",\"name\":\"FjALA e LIR\u00cb - Arkivi\",\"description\":\"Arkivi 2009-2015\",\"publisher\":{\"@id\":\"https:\\\/\\\/fjala.info\\\/2009-2015\\\/#organization\"},\"potentialAction\":[{\"@type\":\"SearchAction\",\"target\":{\"@type\":\"EntryPoint\",\"urlTemplate\":\"https:\\\/\\\/fjala.info\\\/2009-2015\\\/?s={search_term_string}\"},\"query-input\":{\"@type\":\"PropertyValueSpecification\",\"valueRequired\":true,\"valueName\":\"search_term_string\"}}],\"inLanguage\":\"sq-AL\"},{\"@type\":\"Organization\",\"@id\":\"https:\\\/\\\/fjala.info\\\/2009-2015\\\/#organization\",\"name\":\"FjALA e LIR\u00cb - Arkivi\",\"url\":\"https:\\\/\\\/fjala.info\\\/2009-2015\\\/\",\"logo\":{\"@type\":\"ImageObject\",\"inLanguage\":\"sq-AL\",\"@id\":\"https:\\\/\\\/fjala.info\\\/2009-2015\\\/#\\\/schema\\\/logo\\\/image\\\/\",\"url\":\"\",\"contentUrl\":\"\",\"caption\":\"FjALA e LIR\u00cb - Arkivi\"},\"image\":{\"@id\":\"https:\\\/\\\/fjala.info\\\/2009-2015\\\/#\\\/schema\\\/logo\\\/image\\\/\"}},{\"@type\":\"Person\",\"@id\":\"https:\\\/\\\/fjala.info\\\/2009-2015\\\/#\\\/schema\\\/person\\\/3aa1163ef05469c496fc94e77611ada2\",\"name\":\"admin\",\"image\":{\"@type\":\"ImageObject\",\"inLanguage\":\"sq-AL\",\"@id\":\"https:\\\/\\\/fjala.info\\\/2009-2015\\\/wp-content\\\/uploads\\\/2012\\\/02\\\/arben_cokaj-120x150.jpg\",\"url\":\"https:\\\/\\\/fjala.info\\\/2009-2015\\\/wp-content\\\/uploads\\\/2012\\\/02\\\/arben_cokaj-120x150.jpg\",\"contentUrl\":\"https:\\\/\\\/fjala.info\\\/2009-2015\\\/wp-content\\\/uploads\\\/2012\\\/02\\\/arben_cokaj-120x150.jpg\",\"caption\":\"admin\"},\"description\":\"Admin, Fjala e Lir\u00eb\",\"sameAs\":[\"https:\\\/\\\/fjala.info\\\/\"],\"url\":\"https:\\\/\\\/fjala.info\\\/2009-2015\\\/author\\\/admin\\\/\"}]}<\/script>\n<!-- \/ Yoast SEO plugin. -->","yoast_head_json":{"title":"SHKODRA JEME.... - FjALA e LIR\u00cb - Arkivi","robots":{"index":"index","follow":"follow","max-snippet":"max-snippet:-1","max-image-preview":"max-image-preview:large","max-video-preview":"max-video-preview:-1"},"canonical":"https:\/\/fjala.info\/2009-2015\/shkodra-jeme\/","og_locale":"sq_AL","og_type":"article","og_title":"SHKODRA JEME.... - FjALA e LIR\u00cb - Arkivi","og_description":"nga BLERTI DELIJA, (dhjetor 2010) &#8230;\u00e2sht p\u00ebrmbyt\u00eb. Pes\u00eb- gjasht\u00eb her\u00eb n\u00eb kt\u00eb\u2019 mot. Shinat e dit\u00ebve t\u00eb mbrame t\u00eb k\u00ebtij vjeti, jan\u00eb kumt jo i mir\u00eb p\u00ebr p\u00ebrmbytje t\u00eb reja. Portat, ato t\u00eb hidrocentraleve, kan\u00eb nis\u00eb mu hap\u00eb prap. N\u00eb fakt, Shkodra \u00e2sht p\u00ebrmbyt\u00eb vazhdimisht rrug\u00ebtimit k\u00ebtyne shekujve t\u00eb shumt\u00eb t\u00eb jet\u00ebs. E jo gjithmon\u00eb [&hellip;]","og_url":"https:\/\/fjala.info\/2009-2015\/shkodra-jeme\/","og_site_name":"FjALA e LIR\u00cb - Arkivi","article_published_time":"2010-12-25T19:50:20+00:00","og_image":[{"url":"http:\/\/fjala.shkoder.net\/wp-content\/uploads\/2010\/09\/blerti_delija.jpg","type":"","width":"","height":""}],"author":"admin","twitter_card":"summary_large_image","twitter_misc":{"Written by":"admin","Est. reading time":"6 minutes"},"schema":{"@context":"https:\/\/schema.org","@graph":[{"@type":"Article","@id":"https:\/\/fjala.info\/2009-2015\/shkodra-jeme\/#article","isPartOf":{"@id":"https:\/\/fjala.info\/2009-2015\/shkodra-jeme\/"},"author":{"name":"admin","@id":"https:\/\/fjala.info\/2009-2015\/#\/schema\/person\/3aa1163ef05469c496fc94e77611ada2"},"headline":"SHKODRA JEME&#8230;.","datePublished":"2010-12-25T19:50:20+00:00","mainEntityOfPage":{"@id":"https:\/\/fjala.info\/2009-2015\/shkodra-jeme\/"},"wordCount":1273,"commentCount":0,"publisher":{"@id":"https:\/\/fjala.info\/2009-2015\/#organization"},"image":{"@id":"https:\/\/fjala.info\/2009-2015\/shkodra-jeme\/#primaryimage"},"thumbnailUrl":"http:\/\/fjala.shkoder.net\/wp-content\/uploads\/2010\/09\/blerti_delija.jpg","articleSection":["Artikuj"],"inLanguage":"sq-AL","potentialAction":[{"@type":"CommentAction","name":"Comment","target":["https:\/\/fjala.info\/2009-2015\/shkodra-jeme\/#respond"]}]},{"@type":"WebPage","@id":"https:\/\/fjala.info\/2009-2015\/shkodra-jeme\/","url":"https:\/\/fjala.info\/2009-2015\/shkodra-jeme\/","name":"SHKODRA JEME.... - FjALA e LIR\u00cb - Arkivi","isPartOf":{"@id":"https:\/\/fjala.info\/2009-2015\/#website"},"primaryImageOfPage":{"@id":"https:\/\/fjala.info\/2009-2015\/shkodra-jeme\/#primaryimage"},"image":{"@id":"https:\/\/fjala.info\/2009-2015\/shkodra-jeme\/#primaryimage"},"thumbnailUrl":"http:\/\/fjala.shkoder.net\/wp-content\/uploads\/2010\/09\/blerti_delija.jpg","datePublished":"2010-12-25T19:50:20+00:00","breadcrumb":{"@id":"https:\/\/fjala.info\/2009-2015\/shkodra-jeme\/#breadcrumb"},"inLanguage":"sq-AL","potentialAction":[{"@type":"ReadAction","target":["https:\/\/fjala.info\/2009-2015\/shkodra-jeme\/"]}]},{"@type":"ImageObject","inLanguage":"sq-AL","@id":"https:\/\/fjala.info\/2009-2015\/shkodra-jeme\/#primaryimage","url":"http:\/\/fjala.shkoder.net\/wp-content\/uploads\/2010\/09\/blerti_delija.jpg","contentUrl":"http:\/\/fjala.shkoder.net\/wp-content\/uploads\/2010\/09\/blerti_delija.jpg"},{"@type":"BreadcrumbList","@id":"https:\/\/fjala.info\/2009-2015\/shkodra-jeme\/#breadcrumb","itemListElement":[{"@type":"ListItem","position":1,"name":"Home","item":"https:\/\/fjala.info\/2009-2015\/"},{"@type":"ListItem","position":2,"name":"SHKODRA JEME&#8230;."}]},{"@type":"WebSite","@id":"https:\/\/fjala.info\/2009-2015\/#website","url":"https:\/\/fjala.info\/2009-2015\/","name":"FjALA e LIR\u00cb - Arkivi","description":"Arkivi 2009-2015","publisher":{"@id":"https:\/\/fjala.info\/2009-2015\/#organization"},"potentialAction":[{"@type":"SearchAction","target":{"@type":"EntryPoint","urlTemplate":"https:\/\/fjala.info\/2009-2015\/?s={search_term_string}"},"query-input":{"@type":"PropertyValueSpecification","valueRequired":true,"valueName":"search_term_string"}}],"inLanguage":"sq-AL"},{"@type":"Organization","@id":"https:\/\/fjala.info\/2009-2015\/#organization","name":"FjALA e LIR\u00cb - Arkivi","url":"https:\/\/fjala.info\/2009-2015\/","logo":{"@type":"ImageObject","inLanguage":"sq-AL","@id":"https:\/\/fjala.info\/2009-2015\/#\/schema\/logo\/image\/","url":"","contentUrl":"","caption":"FjALA e LIR\u00cb - Arkivi"},"image":{"@id":"https:\/\/fjala.info\/2009-2015\/#\/schema\/logo\/image\/"}},{"@type":"Person","@id":"https:\/\/fjala.info\/2009-2015\/#\/schema\/person\/3aa1163ef05469c496fc94e77611ada2","name":"admin","image":{"@type":"ImageObject","inLanguage":"sq-AL","@id":"https:\/\/fjala.info\/2009-2015\/wp-content\/uploads\/2012\/02\/arben_cokaj-120x150.jpg","url":"https:\/\/fjala.info\/2009-2015\/wp-content\/uploads\/2012\/02\/arben_cokaj-120x150.jpg","contentUrl":"https:\/\/fjala.info\/2009-2015\/wp-content\/uploads\/2012\/02\/arben_cokaj-120x150.jpg","caption":"admin"},"description":"Admin, Fjala e Lir\u00eb","sameAs":["https:\/\/fjala.info\/"],"url":"https:\/\/fjala.info\/2009-2015\/author\/admin\/"}]}},"_links":{"self":[{"href":"https:\/\/fjala.info\/2009-2015\/wp-json\/wp\/v2\/posts\/5360","targetHints":{"allow":["GET"]}}],"collection":[{"href":"https:\/\/fjala.info\/2009-2015\/wp-json\/wp\/v2\/posts"}],"about":[{"href":"https:\/\/fjala.info\/2009-2015\/wp-json\/wp\/v2\/types\/post"}],"author":[{"embeddable":true,"href":"https:\/\/fjala.info\/2009-2015\/wp-json\/wp\/v2\/users\/1"}],"replies":[{"embeddable":true,"href":"https:\/\/fjala.info\/2009-2015\/wp-json\/wp\/v2\/comments?post=5360"}],"version-history":[{"count":0,"href":"https:\/\/fjala.info\/2009-2015\/wp-json\/wp\/v2\/posts\/5360\/revisions"}],"wp:attachment":[{"href":"https:\/\/fjala.info\/2009-2015\/wp-json\/wp\/v2\/media?parent=5360"}],"wp:term":[{"taxonomy":"category","embeddable":true,"href":"https:\/\/fjala.info\/2009-2015\/wp-json\/wp\/v2\/categories?post=5360"},{"taxonomy":"post_tag","embeddable":true,"href":"https:\/\/fjala.info\/2009-2015\/wp-json\/wp\/v2\/tags?post=5360"}],"curies":[{"name":"wp","href":"https:\/\/api.w.org\/{rel}","templated":true}]}}