{"id":5352,"date":"2010-12-23T07:18:39","date_gmt":"2010-12-23T06:18:39","guid":{"rendered":"http:\/\/fjala.shkoder.net\/?p=5352"},"modified":"2010-12-23T07:18:39","modified_gmt":"2010-12-23T06:18:39","slug":"nga-berisha-kujdes-sot-e-tutje","status":"publish","type":"post","link":"https:\/\/fjala.info\/2009-2015\/nga-berisha-kujdes-sot-e-tutje\/","title":{"rendered":"Nga Berisha, kujdes sot e tutje"},"content":{"rendered":"<p><img loading=\"lazy\" decoding=\"async\" class=\"alignright size-full wp-image-4090\" title=\"Mero Baze\" src=\"http:\/\/fjala.shkoder.net\/wp-content\/uploads\/2010\/10\/mero_baze1.jpg\" alt=\"\" width=\"149\" height=\"200\" \/><br \/>\nNga <strong>Mero Baze<\/strong><\/p>\n<p>Opozita shqiptare shprehu dje shqet\u00ebsimin e saj publik se po shantazhohen dy figura t\u00eb r\u00ebnd\u00ebsishme t\u00eb saj n\u00eb em\u00ebr t\u00eb nj\u00eb trafikanti nd\u00ebrkomb\u00ebtar droge, p\u00ebrmes nj\u00eb CD ku ekziston sipas tyre nj\u00eb d\u00ebshmi e montuar e tij kund\u00ebr tyre. B\u00ebhet fjal\u00eb p\u00ebr Daut Kadriovskin, nj\u00eb em\u00ebr i njohur i bot\u00ebs s\u00eb drog\u00ebs dhe mafies rajonale, i cili \u00ebsht\u00eb i k\u00ebrkuar nga shum\u00eb shtete per\u00ebndimore. Skenari i ardhjes s\u00eb letr\u00ebs me zarf u ngjan shum\u00eb disa historive q\u00eb po shtohen koh\u00ebt e fundit mes politikan\u00ebve shqiptar\u00eb n\u00eb Maqedoni, ku secilit i shkon tek dera nj\u00eb \u201cdosje\u201d nga UDB p\u00ebr rival\u00ebt e tyre.<\/p>\n<p>Nuk dua ta marr seriozisht as skenarin banal dhe t\u00eb keqnd\u00ebrtuar t\u00eb shantazhit dhe as rezonanc\u00ebn e k\u00ebtij shantazhi vulgar me akuzat po aq vulgare t\u00eb Sali Berish\u00ebs n\u00eb Kuvend, duke pasur referenc\u00eb k\u00ebt\u00eb trafikant. N\u00eb rrethana m\u00eb normale ky vulgaritet p\u00ebrfundon n\u00eb prokurori dhe maksimumi q\u00eb arrihet \u00ebsht\u00eb t\u00eb gjendet personi q\u00eb e ka d\u00ebrguar dhe t\u00eb nd\u00ebshkohet p\u00ebr shantazh. Por historia shqiptare e politik\u00ebs, sidomos kjo e viteve t\u00eb fundit t\u00eb Berish\u00ebs, ka prodhuar nj\u00eb rrezik t\u00eb ri p\u00ebr situata t\u00eb ngjashme shantazhi apo k\u00ebrc\u00ebnimesh ndaj kund\u00ebrshtar\u00ebve t\u00eb tij.<\/p>\n<p>Edhe pse jam i prirur ta d\u00ebgjoj me v\u00ebmendje zotin Bra\u00e7e kur b\u00ebn krahasime mes fjalime skizofrenike t\u00eb Berish\u00ebs duke ju referuar Kadriovskit, dhe vet\u00eb CD q\u00eb mban emrin e Kadriovskit, un\u00eb nuk besoj se Berisha \u00ebsht\u00eb i p\u00ebrfshir\u00eb n\u00eb k\u00ebt\u00eb banalitet deri tani. Frika ime duke njohur m\u00ebnyr\u00ebn se si Berisha po sillet me rastet e ngjashme \u00ebsht\u00eb se tani e tutje Berisha do t\u00eb sillet sikur \u00ebsht\u00eb autori k\u00ebtij shantazhi, duke marr\u00eb n\u00eb mbrojtje shantazhuesit dhe duke u b\u00ebr\u00eb pal\u00eb me ta n\u00eb t\u00eb gjith\u00eb m\u00ebnyrat.<\/p>\n<p>Nga m\u00ebnyra se si Berisha ka vepruar vitet e fundit me gjith\u00eb problemet q\u00eb u jan\u00eb krijuar nga njer\u00ebz nga m\u00eb ordiner\u00ebt deri tek figura politike kund\u00ebrshtar\u00ebve t\u00eb tij, e kupton leht\u00eb se ai v\u00eb n\u00eb dispozicion \u00e7do mekaniz\u00ebm t\u00eb pushtetit p\u00ebr t\u00eb mbrojtur njer\u00ebzit q\u00eb shantazhojn\u00eb ose likuidojn\u00eb dhe fizikisht kund\u00ebrshtar\u00ebt e tij.<\/p>\n<p>Un\u00eb kam hetuar dhe jam munduar t\u00eb kuptoj \u00e7far\u00eb ndodhi me vrasjen e deputetit Fatmir Xhindi, dhe gjej dy ose tri pista t\u00eb mundshme ku ka dhe arsye politike dhe arsye ordinere, por si gazetar s\u2019mund t\u00eb shkoj dot m\u00eb tej. Berisha e di mir\u00eb p\u00ebrse e kan\u00eb vrar\u00eb, dhe nuk e zbardh krimin, jo se \u00ebsht\u00eb politik apo ordiner, por se do t\u00eb mbaj\u00eb n\u00ebn terror \u00e7do kund\u00ebrshtar t\u00eb tij q\u00eb mund ta gjej\u00eb nj\u00eb fat i ngjash\u00ebm.<\/p>\n<p>Mesazhi i Berish\u00ebs n\u00eb k\u00ebt\u00eb rast \u00ebsht\u00eb se n\u00ebse je kund\u00ebrshtari i tij, mund t\u00eb vritesh dhe p\u00ebr arsye personale, dhe ordinere, dhe politike, por kurr\u00eb s\u2019ka p\u00ebr t\u2019u zbardhur. Q\u00ebllimi i tij \u00ebsht\u00eb t\u00eb prodhoj\u00eb nj\u00eb sfond interaktiv krimi, ku ndaj kund\u00ebrshtar\u00ebve t\u00eb vet krimi t\u00eb mobilizohet vet\u00eb, duke pasur sigurin\u00eb se pushteti nuk e ngacmon. E nj\u00ebjta gj\u00eb ndodhi dhe kryetarin e Komun\u00ebs s\u00eb T\u00ebrthores n\u00eb Kuk\u00ebs.<\/p>\n<p>Dhe p\u00ebr t\u00eb ndjerin ka pista ordinere dhe politike. Ka bile indikacione konkrete p\u00ebr devijim hetimesh nga pista reale, prej njer\u00ebzve m\u00eb t\u00eb af\u00ebrt t\u00eb Berish\u00ebs n\u00eb polici. Por dhe n\u00eb k\u00ebt\u00eb rast nuk ka shum\u00eb r\u00ebnd\u00ebsi arsyeja pse e kan\u00eb vrar\u00eb. P\u00ebr Berish\u00ebn ka r\u00ebnd\u00ebsi t\u00eb p\u00ebr\u00e7ohet mesazhi q\u00eb kush vret kund\u00ebrshtar\u00eb politik\u00eb, apo njer\u00ebz q\u00eb nuk jan\u00eb njer\u00ebz t\u00eb mijt\u00eb, t\u00eb flej\u00eb i qet\u00eb se nuk do t\u00eb kapet kurr\u00eb. \u00cbsht\u00eb pik\u00ebrisht kjo strategji ajo q\u00eb prodhon frik\u00eb n\u00eb shoq\u00ebri, dhe b\u00ebn \u201cbashk\u00ebpun\u00ebtor\u00eb vullnetar\u00eb\u201d t\u00eb pushtetit kund\u00ebr opozit\u00ebs \u00e7do trafikant, \u00e7do vras\u00ebs, \u00e7do hajdut, \u00e7do prostitut\u00eb apo dhe \u00e7do polic politik.<\/p>\n<p>E nj\u00ebjta gj\u00eb ndodhi me rastin tim dhe nj\u00eb personi t\u00eb konsideruar dikur prej vet\u00eb kryeministrit si trafikant nafte. Un\u00eb e di q\u00eb Berisha nuk i ka telefonuar Rezart Ta\u00e7it t\u00eb vij\u00eb dhe t\u00eb na q\u00eblloj\u00eb personalisht n\u00eb tavolin\u00eb mua dhe dy koleg\u00ebt e mi, por qysh nga momenti q\u00eb ai e b\u00ebri k\u00ebt\u00eb krim, Berisha dhe gruaja e tij personalisht u vun\u00eb n\u00eb dispozicion t\u00eb tij p\u00ebr ta nxjerr\u00eb t\u00eb pafajsh\u00ebm dhe p\u00ebr t\u00eb inkurajuar k\u00ebshtu \u00e7do vras\u00ebs ordiner n\u00eb k\u00ebt\u00eb vend t\u00eb b\u00ebj\u00eb k\u00ebt\u00eb gjest ndaj \u00e7do gazetari kritik ndaj familjes Berisha, pasi drejt\u00ebsia nuk e d\u00ebnon.<\/p>\n<p>Kjo situat\u00eb e ngjashme un\u00eb pres t\u00eb p\u00ebrs\u00ebritet me rastin Kadriovski dhe shantazhin ndaj liderit t\u00eb opozit\u00ebs. Nuk besoj se Berisha deri m\u00eb sot \u00ebsht\u00eb angazhuar deri tek k\u00ebto detaje vulgare shantazhi, por sado vulgare q\u00eb jan\u00eb ato, prej sot e tutje keni p\u00ebr t\u00eb par\u00eb nj\u00eb kryeminist\u00ebr q\u00eb do t\u00eb relativizoj\u00eb gjith\u00e7ka dhe do fokusohet tek inkurajimi i shantazhit. Berisha nuk \u00ebsht\u00eb nj\u00eb lider mafioz q\u00eb urdh\u00ebron vrasje direkt, ai \u00ebsht\u00eb nj\u00eb pushtet mafioz q\u00eb mbron vras\u00ebsit.<\/p>\n<p>Ai nuk \u00ebsht\u00eb lider operativ q\u00eb urdh\u00ebron rrahje dhe vrasje gazetar\u00ebsh direkt, ai inkurajon ato duke i mbrojtur dhe shp\u00ebrblyer ata q\u00eb i b\u00ebjn\u00eb. Dhe n\u00eb rastin konkret, mos humbisni koh\u00eb t\u00eb gjeni nj\u00eb Berish\u00eb q\u00eb ka bashk\u00ebpunuar me Kadriovskin p\u00ebr at\u00eb CD pa\u00e7avure, por keni p\u00ebr t\u00eb par\u00eb nj\u00eb Berish\u00eb q\u00eb do t\u00eb b\u00ebj\u00eb \u00e7\u2019\u00ebsht\u00eb e mundur q\u00eb kjo \u00e7\u00ebshtje t\u00eb mos hetohet dhe sqarohet kurr\u00eb dhe t\u00eb mbetet realisht si nj\u00eb k\u00ebrc\u00ebnim serioz p\u00ebr liderin e opozit\u00ebs.<\/p>\n<p>Nga q\u00ebndrimi i tij, ai inkurajon n\u00eb distanc\u00eb hienat t\u00eb sulen mbi \u00e7do kund\u00ebrshtar\u00eb t\u00eb vetin, qofshin k\u00ebta kund\u00ebrshtar\u00eb politikan\u00eb opozitar\u00eb, gazetar\u00eb kritik ndaj atij, apo dhe institucione t\u00eb shtetit q\u00eb nuk i binden pushtetit t\u00eb tij. Berisha \u00ebsht\u00eb frikacak t\u00eb veproj\u00eb vet\u00eb, por \u00ebsht\u00eb ndoshta politikani q\u00eb trim\u00ebron m\u00eb shum\u00eb se kushdo tjet\u00ebr bandit\u00ebt, kontrabandist\u00ebt, vras\u00ebsit dhe trafikant\u00ebt t\u00eb b\u00ebjn\u00eb gjeste politike ndaj kund\u00ebrshtar\u00ebve t\u00eb tij dhe si shp\u00ebrblim t\u00eb marrin mos-cenimin e tyre.<\/p>\n<p>P\u00ebr t\u00eb gjith\u00eb ata q\u00eb nuk e besojn\u00eb k\u00ebt\u00eb teori, le t\u00eb d\u00ebgjojn\u00eb komentin e Edi Palok\u00ebs, i cili mjafton p\u00ebr t\u00eb inkurajuar \u00e7do vras\u00ebs apo trafikant t\u00eb b\u00ebj\u00eb di\u00e7ka n\u00eb k\u00ebt\u00eb drejtim, t\u00eb hedh ndonj\u00eb pushk\u00eb mbi kund\u00ebrshtar\u00ebt e pushtetit, pasi tashm\u00eb pretenca e nj\u00eb vrasje t\u00eb mundshme u dha: \u201c\u00ebsht\u00eb larje hesapesh!\u201d. Kjo \u00ebsht\u00eb e gjitha \u00e7far\u00eb m\u00eb tremb n\u00eb k\u00ebt\u00eb histori n\u00eb dukje banale, por q\u00eb ka p\u00ebr t\u2019u inkurajuar prej Berish\u00ebs p\u00ebr t\u2019u formalizuar si histori kriminale, nga njer\u00ebz q\u00eb ai \u201cnuk i njeh\u201d, \u201cnuk i sheh\u201d, \u201cnuk i ka takuar\u201d dhe \u201cs\u2019do t\u2019i takoj\u00eb kurr\u00eb\u201d.<\/p>\n","protected":false},"excerpt":{"rendered":"<p>Nga Mero Baze Opozita shqiptare shprehu dje shqet\u00ebsimin e saj publik se po shantazhohen dy figura t\u00eb r\u00ebnd\u00ebsishme t\u00eb saj n\u00eb em\u00ebr t\u00eb nj\u00eb trafikanti nd\u00ebrkomb\u00ebtar droge, p\u00ebrmes nj\u00eb CD ku ekziston sipas tyre nj\u00eb d\u00ebshmi e montuar e tij kund\u00ebr tyre. B\u00ebhet fjal\u00eb p\u00ebr Daut Kadriovskin, nj\u00eb em\u00ebr i njohur i bot\u00ebs s\u00eb drog\u00ebs [&hellip;]<\/p>\n","protected":false},"author":1,"featured_media":0,"comment_status":"open","ping_status":"closed","sticky":false,"template":"","format":"standard","meta":{"footnotes":""},"categories":[2],"tags":[],"class_list":{"0":"post-5352","1":"post","2":"type-post","3":"status-publish","4":"format-standard","6":"category-artikuj"},"yoast_head":"<!-- This site is optimized with the Yoast SEO plugin v27.4 - https:\/\/yoast.com\/product\/yoast-seo-wordpress\/ -->\n<title>Nga Berisha, kujdes sot e tutje - FjALA e LIR\u00cb - Arkivi<\/title>\n<meta name=\"robots\" content=\"index, follow, max-snippet:-1, max-image-preview:large, max-video-preview:-1\" \/>\n<link rel=\"canonical\" href=\"https:\/\/fjala.info\/2009-2015\/nga-berisha-kujdes-sot-e-tutje\/\" \/>\n<meta property=\"og:locale\" content=\"sq_AL\" \/>\n<meta property=\"og:type\" content=\"article\" \/>\n<meta property=\"og:title\" content=\"Nga Berisha, kujdes sot e tutje - FjALA e LIR\u00cb - Arkivi\" \/>\n<meta property=\"og:description\" content=\"Nga Mero Baze Opozita shqiptare shprehu dje shqet\u00ebsimin e saj publik se po shantazhohen dy figura t\u00eb r\u00ebnd\u00ebsishme t\u00eb saj n\u00eb em\u00ebr t\u00eb nj\u00eb trafikanti nd\u00ebrkomb\u00ebtar droge, p\u00ebrmes nj\u00eb CD ku ekziston sipas tyre nj\u00eb d\u00ebshmi e montuar e tij kund\u00ebr tyre. B\u00ebhet fjal\u00eb p\u00ebr Daut Kadriovskin, nj\u00eb em\u00ebr i njohur i bot\u00ebs s\u00eb drog\u00ebs [&hellip;]\" \/>\n<meta property=\"og:url\" content=\"https:\/\/fjala.info\/2009-2015\/nga-berisha-kujdes-sot-e-tutje\/\" \/>\n<meta property=\"og:site_name\" content=\"FjALA e LIR\u00cb - Arkivi\" \/>\n<meta property=\"article:published_time\" content=\"2010-12-23T06:18:39+00:00\" \/>\n<meta property=\"og:image\" content=\"http:\/\/fjala.shkoder.net\/wp-content\/uploads\/2010\/10\/mero_baze1.jpg\" \/>\n<meta name=\"author\" content=\"admin\" \/>\n<meta name=\"twitter:card\" content=\"summary_large_image\" \/>\n<meta name=\"twitter:label1\" content=\"Written by\" \/>\n\t<meta name=\"twitter:data1\" content=\"admin\" \/>\n\t<meta name=\"twitter:label2\" content=\"Est. reading time\" \/>\n\t<meta name=\"twitter:data2\" content=\"6 minutes\" \/>\n<script type=\"application\/ld+json\" class=\"yoast-schema-graph\">{\"@context\":\"https:\\\/\\\/schema.org\",\"@graph\":[{\"@type\":\"Article\",\"@id\":\"https:\\\/\\\/fjala.info\\\/2009-2015\\\/nga-berisha-kujdes-sot-e-tutje\\\/#article\",\"isPartOf\":{\"@id\":\"https:\\\/\\\/fjala.info\\\/2009-2015\\\/nga-berisha-kujdes-sot-e-tutje\\\/\"},\"author\":{\"name\":\"admin\",\"@id\":\"https:\\\/\\\/fjala.info\\\/2009-2015\\\/#\\\/schema\\\/person\\\/3aa1163ef05469c496fc94e77611ada2\"},\"headline\":\"Nga Berisha, kujdes sot e tutje\",\"datePublished\":\"2010-12-23T06:18:39+00:00\",\"mainEntityOfPage\":{\"@id\":\"https:\\\/\\\/fjala.info\\\/2009-2015\\\/nga-berisha-kujdes-sot-e-tutje\\\/\"},\"wordCount\":1201,\"commentCount\":0,\"publisher\":{\"@id\":\"https:\\\/\\\/fjala.info\\\/2009-2015\\\/#organization\"},\"image\":{\"@id\":\"https:\\\/\\\/fjala.info\\\/2009-2015\\\/nga-berisha-kujdes-sot-e-tutje\\\/#primaryimage\"},\"thumbnailUrl\":\"http:\\\/\\\/fjala.shkoder.net\\\/wp-content\\\/uploads\\\/2010\\\/10\\\/mero_baze1.jpg\",\"articleSection\":[\"Artikuj\"],\"inLanguage\":\"sq-AL\",\"potentialAction\":[{\"@type\":\"CommentAction\",\"name\":\"Comment\",\"target\":[\"https:\\\/\\\/fjala.info\\\/2009-2015\\\/nga-berisha-kujdes-sot-e-tutje\\\/#respond\"]}]},{\"@type\":\"WebPage\",\"@id\":\"https:\\\/\\\/fjala.info\\\/2009-2015\\\/nga-berisha-kujdes-sot-e-tutje\\\/\",\"url\":\"https:\\\/\\\/fjala.info\\\/2009-2015\\\/nga-berisha-kujdes-sot-e-tutje\\\/\",\"name\":\"Nga Berisha, kujdes sot e tutje - FjALA e LIR\u00cb - Arkivi\",\"isPartOf\":{\"@id\":\"https:\\\/\\\/fjala.info\\\/2009-2015\\\/#website\"},\"primaryImageOfPage\":{\"@id\":\"https:\\\/\\\/fjala.info\\\/2009-2015\\\/nga-berisha-kujdes-sot-e-tutje\\\/#primaryimage\"},\"image\":{\"@id\":\"https:\\\/\\\/fjala.info\\\/2009-2015\\\/nga-berisha-kujdes-sot-e-tutje\\\/#primaryimage\"},\"thumbnailUrl\":\"http:\\\/\\\/fjala.shkoder.net\\\/wp-content\\\/uploads\\\/2010\\\/10\\\/mero_baze1.jpg\",\"datePublished\":\"2010-12-23T06:18:39+00:00\",\"breadcrumb\":{\"@id\":\"https:\\\/\\\/fjala.info\\\/2009-2015\\\/nga-berisha-kujdes-sot-e-tutje\\\/#breadcrumb\"},\"inLanguage\":\"sq-AL\",\"potentialAction\":[{\"@type\":\"ReadAction\",\"target\":[\"https:\\\/\\\/fjala.info\\\/2009-2015\\\/nga-berisha-kujdes-sot-e-tutje\\\/\"]}]},{\"@type\":\"ImageObject\",\"inLanguage\":\"sq-AL\",\"@id\":\"https:\\\/\\\/fjala.info\\\/2009-2015\\\/nga-berisha-kujdes-sot-e-tutje\\\/#primaryimage\",\"url\":\"http:\\\/\\\/fjala.shkoder.net\\\/wp-content\\\/uploads\\\/2010\\\/10\\\/mero_baze1.jpg\",\"contentUrl\":\"http:\\\/\\\/fjala.shkoder.net\\\/wp-content\\\/uploads\\\/2010\\\/10\\\/mero_baze1.jpg\"},{\"@type\":\"BreadcrumbList\",\"@id\":\"https:\\\/\\\/fjala.info\\\/2009-2015\\\/nga-berisha-kujdes-sot-e-tutje\\\/#breadcrumb\",\"itemListElement\":[{\"@type\":\"ListItem\",\"position\":1,\"name\":\"Home\",\"item\":\"https:\\\/\\\/fjala.info\\\/2009-2015\\\/\"},{\"@type\":\"ListItem\",\"position\":2,\"name\":\"Nga Berisha, kujdes sot e tutje\"}]},{\"@type\":\"WebSite\",\"@id\":\"https:\\\/\\\/fjala.info\\\/2009-2015\\\/#website\",\"url\":\"https:\\\/\\\/fjala.info\\\/2009-2015\\\/\",\"name\":\"FjALA e LIR\u00cb - Arkivi\",\"description\":\"Arkivi 2009-2015\",\"publisher\":{\"@id\":\"https:\\\/\\\/fjala.info\\\/2009-2015\\\/#organization\"},\"potentialAction\":[{\"@type\":\"SearchAction\",\"target\":{\"@type\":\"EntryPoint\",\"urlTemplate\":\"https:\\\/\\\/fjala.info\\\/2009-2015\\\/?s={search_term_string}\"},\"query-input\":{\"@type\":\"PropertyValueSpecification\",\"valueRequired\":true,\"valueName\":\"search_term_string\"}}],\"inLanguage\":\"sq-AL\"},{\"@type\":\"Organization\",\"@id\":\"https:\\\/\\\/fjala.info\\\/2009-2015\\\/#organization\",\"name\":\"FjALA e LIR\u00cb - Arkivi\",\"url\":\"https:\\\/\\\/fjala.info\\\/2009-2015\\\/\",\"logo\":{\"@type\":\"ImageObject\",\"inLanguage\":\"sq-AL\",\"@id\":\"https:\\\/\\\/fjala.info\\\/2009-2015\\\/#\\\/schema\\\/logo\\\/image\\\/\",\"url\":\"\",\"contentUrl\":\"\",\"caption\":\"FjALA e LIR\u00cb - Arkivi\"},\"image\":{\"@id\":\"https:\\\/\\\/fjala.info\\\/2009-2015\\\/#\\\/schema\\\/logo\\\/image\\\/\"}},{\"@type\":\"Person\",\"@id\":\"https:\\\/\\\/fjala.info\\\/2009-2015\\\/#\\\/schema\\\/person\\\/3aa1163ef05469c496fc94e77611ada2\",\"name\":\"admin\",\"image\":{\"@type\":\"ImageObject\",\"inLanguage\":\"sq-AL\",\"@id\":\"https:\\\/\\\/fjala.info\\\/2009-2015\\\/wp-content\\\/uploads\\\/2012\\\/02\\\/arben_cokaj-120x150.jpg\",\"url\":\"https:\\\/\\\/fjala.info\\\/2009-2015\\\/wp-content\\\/uploads\\\/2012\\\/02\\\/arben_cokaj-120x150.jpg\",\"contentUrl\":\"https:\\\/\\\/fjala.info\\\/2009-2015\\\/wp-content\\\/uploads\\\/2012\\\/02\\\/arben_cokaj-120x150.jpg\",\"caption\":\"admin\"},\"description\":\"Admin, Fjala e Lir\u00eb\",\"sameAs\":[\"https:\\\/\\\/fjala.info\\\/\"],\"url\":\"https:\\\/\\\/fjala.info\\\/2009-2015\\\/author\\\/admin\\\/\"}]}<\/script>\n<!-- \/ Yoast SEO plugin. -->","yoast_head_json":{"title":"Nga Berisha, kujdes sot e tutje - FjALA e LIR\u00cb - Arkivi","robots":{"index":"index","follow":"follow","max-snippet":"max-snippet:-1","max-image-preview":"max-image-preview:large","max-video-preview":"max-video-preview:-1"},"canonical":"https:\/\/fjala.info\/2009-2015\/nga-berisha-kujdes-sot-e-tutje\/","og_locale":"sq_AL","og_type":"article","og_title":"Nga Berisha, kujdes sot e tutje - FjALA e LIR\u00cb - Arkivi","og_description":"Nga Mero Baze Opozita shqiptare shprehu dje shqet\u00ebsimin e saj publik se po shantazhohen dy figura t\u00eb r\u00ebnd\u00ebsishme t\u00eb saj n\u00eb em\u00ebr t\u00eb nj\u00eb trafikanti nd\u00ebrkomb\u00ebtar droge, p\u00ebrmes nj\u00eb CD ku ekziston sipas tyre nj\u00eb d\u00ebshmi e montuar e tij kund\u00ebr tyre. B\u00ebhet fjal\u00eb p\u00ebr Daut Kadriovskin, nj\u00eb em\u00ebr i njohur i bot\u00ebs s\u00eb drog\u00ebs [&hellip;]","og_url":"https:\/\/fjala.info\/2009-2015\/nga-berisha-kujdes-sot-e-tutje\/","og_site_name":"FjALA e LIR\u00cb - Arkivi","article_published_time":"2010-12-23T06:18:39+00:00","og_image":[{"url":"http:\/\/fjala.shkoder.net\/wp-content\/uploads\/2010\/10\/mero_baze1.jpg","type":"","width":"","height":""}],"author":"admin","twitter_card":"summary_large_image","twitter_misc":{"Written by":"admin","Est. reading time":"6 minutes"},"schema":{"@context":"https:\/\/schema.org","@graph":[{"@type":"Article","@id":"https:\/\/fjala.info\/2009-2015\/nga-berisha-kujdes-sot-e-tutje\/#article","isPartOf":{"@id":"https:\/\/fjala.info\/2009-2015\/nga-berisha-kujdes-sot-e-tutje\/"},"author":{"name":"admin","@id":"https:\/\/fjala.info\/2009-2015\/#\/schema\/person\/3aa1163ef05469c496fc94e77611ada2"},"headline":"Nga Berisha, kujdes sot e tutje","datePublished":"2010-12-23T06:18:39+00:00","mainEntityOfPage":{"@id":"https:\/\/fjala.info\/2009-2015\/nga-berisha-kujdes-sot-e-tutje\/"},"wordCount":1201,"commentCount":0,"publisher":{"@id":"https:\/\/fjala.info\/2009-2015\/#organization"},"image":{"@id":"https:\/\/fjala.info\/2009-2015\/nga-berisha-kujdes-sot-e-tutje\/#primaryimage"},"thumbnailUrl":"http:\/\/fjala.shkoder.net\/wp-content\/uploads\/2010\/10\/mero_baze1.jpg","articleSection":["Artikuj"],"inLanguage":"sq-AL","potentialAction":[{"@type":"CommentAction","name":"Comment","target":["https:\/\/fjala.info\/2009-2015\/nga-berisha-kujdes-sot-e-tutje\/#respond"]}]},{"@type":"WebPage","@id":"https:\/\/fjala.info\/2009-2015\/nga-berisha-kujdes-sot-e-tutje\/","url":"https:\/\/fjala.info\/2009-2015\/nga-berisha-kujdes-sot-e-tutje\/","name":"Nga Berisha, kujdes sot e tutje - FjALA e LIR\u00cb - Arkivi","isPartOf":{"@id":"https:\/\/fjala.info\/2009-2015\/#website"},"primaryImageOfPage":{"@id":"https:\/\/fjala.info\/2009-2015\/nga-berisha-kujdes-sot-e-tutje\/#primaryimage"},"image":{"@id":"https:\/\/fjala.info\/2009-2015\/nga-berisha-kujdes-sot-e-tutje\/#primaryimage"},"thumbnailUrl":"http:\/\/fjala.shkoder.net\/wp-content\/uploads\/2010\/10\/mero_baze1.jpg","datePublished":"2010-12-23T06:18:39+00:00","breadcrumb":{"@id":"https:\/\/fjala.info\/2009-2015\/nga-berisha-kujdes-sot-e-tutje\/#breadcrumb"},"inLanguage":"sq-AL","potentialAction":[{"@type":"ReadAction","target":["https:\/\/fjala.info\/2009-2015\/nga-berisha-kujdes-sot-e-tutje\/"]}]},{"@type":"ImageObject","inLanguage":"sq-AL","@id":"https:\/\/fjala.info\/2009-2015\/nga-berisha-kujdes-sot-e-tutje\/#primaryimage","url":"http:\/\/fjala.shkoder.net\/wp-content\/uploads\/2010\/10\/mero_baze1.jpg","contentUrl":"http:\/\/fjala.shkoder.net\/wp-content\/uploads\/2010\/10\/mero_baze1.jpg"},{"@type":"BreadcrumbList","@id":"https:\/\/fjala.info\/2009-2015\/nga-berisha-kujdes-sot-e-tutje\/#breadcrumb","itemListElement":[{"@type":"ListItem","position":1,"name":"Home","item":"https:\/\/fjala.info\/2009-2015\/"},{"@type":"ListItem","position":2,"name":"Nga Berisha, kujdes sot e tutje"}]},{"@type":"WebSite","@id":"https:\/\/fjala.info\/2009-2015\/#website","url":"https:\/\/fjala.info\/2009-2015\/","name":"FjALA e LIR\u00cb - Arkivi","description":"Arkivi 2009-2015","publisher":{"@id":"https:\/\/fjala.info\/2009-2015\/#organization"},"potentialAction":[{"@type":"SearchAction","target":{"@type":"EntryPoint","urlTemplate":"https:\/\/fjala.info\/2009-2015\/?s={search_term_string}"},"query-input":{"@type":"PropertyValueSpecification","valueRequired":true,"valueName":"search_term_string"}}],"inLanguage":"sq-AL"},{"@type":"Organization","@id":"https:\/\/fjala.info\/2009-2015\/#organization","name":"FjALA e LIR\u00cb - Arkivi","url":"https:\/\/fjala.info\/2009-2015\/","logo":{"@type":"ImageObject","inLanguage":"sq-AL","@id":"https:\/\/fjala.info\/2009-2015\/#\/schema\/logo\/image\/","url":"","contentUrl":"","caption":"FjALA e LIR\u00cb - Arkivi"},"image":{"@id":"https:\/\/fjala.info\/2009-2015\/#\/schema\/logo\/image\/"}},{"@type":"Person","@id":"https:\/\/fjala.info\/2009-2015\/#\/schema\/person\/3aa1163ef05469c496fc94e77611ada2","name":"admin","image":{"@type":"ImageObject","inLanguage":"sq-AL","@id":"https:\/\/fjala.info\/2009-2015\/wp-content\/uploads\/2012\/02\/arben_cokaj-120x150.jpg","url":"https:\/\/fjala.info\/2009-2015\/wp-content\/uploads\/2012\/02\/arben_cokaj-120x150.jpg","contentUrl":"https:\/\/fjala.info\/2009-2015\/wp-content\/uploads\/2012\/02\/arben_cokaj-120x150.jpg","caption":"admin"},"description":"Admin, Fjala e Lir\u00eb","sameAs":["https:\/\/fjala.info\/"],"url":"https:\/\/fjala.info\/2009-2015\/author\/admin\/"}]}},"_links":{"self":[{"href":"https:\/\/fjala.info\/2009-2015\/wp-json\/wp\/v2\/posts\/5352","targetHints":{"allow":["GET"]}}],"collection":[{"href":"https:\/\/fjala.info\/2009-2015\/wp-json\/wp\/v2\/posts"}],"about":[{"href":"https:\/\/fjala.info\/2009-2015\/wp-json\/wp\/v2\/types\/post"}],"author":[{"embeddable":true,"href":"https:\/\/fjala.info\/2009-2015\/wp-json\/wp\/v2\/users\/1"}],"replies":[{"embeddable":true,"href":"https:\/\/fjala.info\/2009-2015\/wp-json\/wp\/v2\/comments?post=5352"}],"version-history":[{"count":0,"href":"https:\/\/fjala.info\/2009-2015\/wp-json\/wp\/v2\/posts\/5352\/revisions"}],"wp:attachment":[{"href":"https:\/\/fjala.info\/2009-2015\/wp-json\/wp\/v2\/media?parent=5352"}],"wp:term":[{"taxonomy":"category","embeddable":true,"href":"https:\/\/fjala.info\/2009-2015\/wp-json\/wp\/v2\/categories?post=5352"},{"taxonomy":"post_tag","embeddable":true,"href":"https:\/\/fjala.info\/2009-2015\/wp-json\/wp\/v2\/tags?post=5352"}],"curies":[{"name":"wp","href":"https:\/\/api.w.org\/{rel}","templated":true}]}}