{"id":5346,"date":"2010-12-23T05:57:58","date_gmt":"2010-12-23T04:57:58","guid":{"rendered":"http:\/\/fjala.shkoder.net\/?p=5346"},"modified":"2010-12-23T05:57:58","modified_gmt":"2010-12-23T04:57:58","slug":"ne-kufinjte-e-poshterimit-dhe-lojes-me-zjarrin","status":"publish","type":"post","link":"https:\/\/fjala.info\/2009-2015\/ne-kufinjte-e-poshterimit-dhe-lojes-me-zjarrin\/","title":{"rendered":"N\u00eb kufinjt\u00eb e posht\u00ebrimit dhe loj\u00ebs me zjarrin"},"content":{"rendered":"<p><img loading=\"lazy\" decoding=\"async\" class=\"alignleft size-thumbnail wp-image-4317\" title=\"Pre\u00e7 Zogaj\" src=\"http:\/\/fjala.shkoder.net\/wp-content\/uploads\/2010\/10\/prec_zogaj-150x150.jpg\" alt=\"\" width=\"150\" height=\"150\" \/><br \/>\n<strong>Pre\u00e7 Zogaj<\/strong>, <em>22.12.2010<\/em><\/p>\n<p>Nd\u00ebrsa opozita dhe partner\u00ebt nd\u00ebrkomb\u00ebtar\u00eb prisnin nga Berisha p\u00ebrgjigjen q\u00eb do t\u00eb \u00e7ont\u00eb n\u00eb &#8220;shkuljen&#8221; e kriz\u00ebs, ky e nguli me thell\u00eb at\u00eb.<\/p>\n<p>Me marifete dhe lidhje t\u00eb shkurt\u00ebra juridike, q\u00eb nuk \u00ebsht\u00eb e v\u00ebshtir\u00eb t\u00eb kombinohen n\u00eb pyllin e legjilacionit ton\u00eb, ai refuzoi edhe ofert\u00ebn e reduktuar t\u00eb opozit\u00ebs q\u00eb p\u00ebrjashton nga hetimi kutit\u00eb e flet\u00ebve, duke u fokusuar vet\u00ebm te kutiti\u00eb e materialeve zgjedhore. Me k\u00ebt\u00eb q\u00ebndrim shumica parlamentare zbuloi plot\u00ebsisht k\u00ebmb\u00ebt e veta n\u00eb lidhje me bllofet q\u00eb ka b\u00ebr\u00eb p\u00ebrgjat\u00eb vitit p\u00ebr t\u00eb penguar trasparenc\u00ebn.<\/p>\n<p>Legjenda e st\u00ebrzgjatur e flet\u00ebve t\u00eb votimit, sikur ishin ato shkaku q\u00eb nuk pranohej trasparenca, doli qart\u00eb se ka qen\u00eb vet\u00ebm nj\u00eb sebep. Nje sebep q\u00eb u dogj p\u00ebrpara se t\u00eb digjen flet\u00ebt.<\/p>\n<p>Sebepet e reja q\u00eb u shqiptuan pardje n\u00eb Komisionin e Ligjeve dhe n\u00eb grupin parlamentar t\u00eb PD-s\u00eb jan\u00eb shg\u00ebnjyese jo m\u00eb p\u00ebr opozit\u00ebn, por n\u00eb radh\u00eb t\u00eb par\u00eb p\u00ebr t\u00eb gjith\u00eb ata njer\u00ebz, analist\u00eb politik\u00eb, intelektual\u00eb apo qytetar\u00eb t\u00eb thjesht\u00eb, q\u00eb kan\u00eb besuar se kryeministri do t\u00eb ruante nj\u00eb minimum koherence dhe vije logjike n\u00eb historin\u00eb e ng\u00ebrqit p\u00ebr trasparenc\u00ebn e zgjedhjeve.<\/p>\n<p>N\u00eb syt\u00eb e k\u00ebtyre njer\u00ebzve, Berisha mohoi vetveten dhe hapi nj\u00eb kapitull t\u00eb ri tensioni me opozit\u00ebn dhe faktorin nd\u00ebrkomb\u00ebtar. Ai sfidoi rrezolut\u00ebn e Parlamentit Europian t\u00eb muajit qershor dhe raportin e Komisonit Europian t\u00eb muajit n\u00ebntor t\u00eb k\u00ebtij viti.<\/p>\n<p>Rrezoluta i k\u00ebrkon Kuvendit t\u00eb Shqip\u00ebris\u00eb hetimin e materialeve zgjedhore. Raporti q\u00eb shoq\u00ebron refuzimin e k\u00ebrkes\u00ebs s\u00eb qeveris\u00eb p\u00ebr marrjen e statusit t\u00eb vendit kandidat v\u00eb n\u00eb dukje munges\u00ebn e gadishm\u00ebris\u00eb s\u00eb qeveris\u00eb p\u00ebr t&#8217;ju p\u00ebrgjigjur propozimeve t\u00eb partis\u00eb socialiste p\u00ebr zgjidhjen e kriz\u00ebs.<\/p>\n<p>Ky paragraf kritik i referohet periudh\u00ebs s\u00eb ver\u00ebs dhe vjesht\u00ebs, kur qeveria refuzonte propozimin e opozit\u00ebs p\u00ebr t\u00eb filluar hetimin e material zgjedhore, nd\u00ebrkoh\u00eb q\u00eb \u00e7eshtja e flet\u00ebve t\u00eb \u00e7ohej p\u00ebr opinion n\u00eb Komisionin e Venecias.<\/p>\n<p>Le t\u00eb imagjonojm\u00eb se \u00e7far\u00eb do t\u00eb shkruhej sot n\u00eb Bruksel p\u00ebr qeverin\u00eb shqiptare q\u00eb ka refuzuar hetimin edhe pasi opozita i la fare flet\u00ebt. Le t\u00eb imagjinojm\u00eb \u00e7do t\u00eb shkruhej sot kur kjo qeveri i ka ngren\u00eb fjal\u00ebt n\u00eb lidhje me kompozimin e komisionit.<\/p>\n<p>Berisha ka deklaruar solemnisht me dhjetra her\u00eb para nd\u00ebrkomb\u00ebtar\u00ebve dhe publikut shqiptar se opozita do t\u00eb ket\u00eb shumic\u00ebn n\u00eb komisionin hetimor. Edhe rrezuluta e Parlamentit Europian k\u00ebrkon nj\u00eb komision me shumic\u00eb nga opozita dhe t\u00eb drejtuar prej saj. Tani, papritur, Berisha e t\u00ebrheq at\u00eb q\u00eb ka premtuar, e injoron at\u00eb q\u00eb i \u00ebsht\u00eb k\u00ebrkuar. Komisioni Europian dhe Parlamenti Europian jan\u00eb shp\u00ebrfillur dhe sfiduar me tendenc\u00eb n\u00eb q\u00ebndrimin e ri t\u00eb qeveris\u00eb.<\/p>\n<p>Ndihet qart\u00eb se kryeministrit i Shqip\u00ebris\u00eb \u00ebsht\u00eb i zem\u00ebruar me raportin q\u00eb shoq\u00ebron refuzimin e k\u00ebrkes\u00ebs s\u00eb tij p\u00ebr marrjen e statusit t\u00eb vendit kandidat. Natyrisht, megjith\u00ebse po mban heshtjen e lodhjes dhe d\u00ebshtimit me Shqip\u00ebrin\u00eb, Bashkimi Europian nuk e ndjen zem\u00ebrimin e qeveritarv\u00eb t\u00eb Shqip\u00ebris\u00eb vog\u00ebl.<\/p>\n<p>Pasojat e k\u00ebtij zem\u00ebrimi bien n\u00eb radhe t\u00eb par\u00eb mbi qytetar\u00ebt shqiptar\u00eb. Duke sfiduar Bruskelin, integrimi i Shqip\u00ebris\u00eb vonohet edhe me shum\u00eb, perpektiva e zgjedhjeve t\u00eb lira zbehet, shpresa e nj\u00eb ringjalljeje ekonomike largohet.<\/p>\n<p>Por me k\u00ebto pirueta politike, ku \u00e7far\u00eb thuhet sot, mohohet neser, sfida e madhe i \u00ebsht\u00eb b\u00ebr\u00eb opozit\u00ebs dhe opozitarizmit. Ka gjithnj\u00eb nj\u00eb dialektik\u00eb dhe nj\u00eb etik\u00eb n\u00eb bashk\u00ebeksistenc\u00ebn, bashk\u00ebveprimin, komunikimin dhe p\u00ebrplasjen midis shumic\u00ebs dhe opozit\u00ebs. E gjith\u00eb kjo n\u00ebnkupton nj\u00eb thirrje apo nj\u00eb jehon\u00eb t\u00eb arsyes n\u00eb veprimet dhe kund\u00ebrveprimet e pal\u00ebve n\u00eb funksion t\u00eb nj\u00eb kompromisi.<\/p>\n<p>Nj\u00ebra pal\u00eb t\u00ebrhiqet nj\u00eb hap, tjetra nj\u00eb gjys\u00ebm hapi, pastaj afrohen drejt nj\u00eb pozicioni q\u00eb duket se i nxjerr faqebardh\u00eb dhe me dinjitet t\u00eb dyja pal\u00ebt. Kjo histori \u00ebsht\u00eb e vjet\u00ebr dhe shum\u00eb e pasur me sh\u00ebmbuj.<\/p>\n<p>Por \u00e7&#8217;mund t\u00eb thuhet n\u00eb rastin kur nj\u00ebra pal\u00eb, megjithese shum\u00eb e fort\u00eb, me mb\u00ebshtetje t\u00eb gjer\u00eb n\u00eb publik dhe jasht\u00eb vendit , nj\u00eb dit\u00eb prej dit\u00ebsh, n\u00eb em\u00ebr t\u00eb kompromisit, mungesa e t\u00eb cilit ka shkaktuar deme t\u00eb m\u00ebdha n\u00eb vend, vendos t\u00eb p\u00ebrqafoj\u00eb opsionin e pal\u00ebs kund\u00ebrshtare dhe sakaq, pala kund\u00ebrshtare nxjerr bishta, i kthen kurrizin apo i hidhet me thonj?<\/p>\n<p>Nj\u00eb sjellje si kjo \u00ebsht\u00eb posht\u00ebruese, \u00ebsht\u00eb t\u00eb ndez\u00ebsh luft\u00ebn, do t\u00eb thoshte Emanul Kanti. N\u00eb fakt edhe nj\u00eb analist i kultivuar proqeveritar n\u00ebnvizonte dje, pa cituar Kantin, se q\u00ebndrimi pardjesh\u00ebm i qeveris\u00eb ndaj propozimeve t\u00eb opozit\u00ebs p\u00ebr hetimin e zgjedhjeve \u00ebsht\u00eb n\u00eb kufinjt\u00eb e posht\u00ebrimit.<\/p>\n<p>Rrtjedhimisht, t\u00eb loj\u00ebs me zjarrin.<br \/>\nVetem drit\u00ebshkurt\u00ebsia mund t\u00eb shoh\u00eb p\u00ebrfitime duke menduar t\u00eb fyej\u00eb, t\u00eb provokoj\u00eb apo t\u00eb posht\u00ebroj\u00eb opozit\u00ebn. Opozita vet\u00ebm \u00ebsht\u00eb rritur duke k\u00ebrkuar zgjidhje. Qeveria vet\u00ebm \u00ebsht\u00eb zvog\u00ebluar duke u p\u00ebrgjigjur me bllofe dhe me tallje. \u00cbsht\u00eb n\u00eb loj\u00eb nj\u00eb \u00e7eshtje e madhe q\u00eb nuk duron shakara.<\/p>\n<p>Opozita do t\u00eb vazhdoj\u00eb p\u00ebrpjekjet m\u00eb t\u00eb gjitha mjetet legale, por luft\u00eb ajo nuk do t\u00eb b\u00ebj\u00eb n\u00eb kuptimin e p\u00ebrdorimit t\u00eb dhun\u00ebs. Ajo ka b\u00ebr\u00eb t\u00eb qart\u00eb se p\u00ebr shkak t\u00eb refuzimit t\u00eb trasparenc\u00ebs, zgjedhjet e ardhshme jan\u00eb n\u00eb rrezik. Miqt\u00eb dhe partner\u00ebt tan\u00eb nd\u00ebrkomb\u00ebtar\u00eb nuk kan\u00eb nevoj\u00eb ta d\u00ebgjojn\u00eb nga opozita k\u00ebt\u00eb sinjal alarmi.<\/p>\n<p>Ata e ndjejn\u00eb, e d\u00ebgjojn\u00eb , e shohin vet\u00eb. Ata e din\u00eb m\u00eb mir\u00eb se ne se cili \u00ebsht\u00eb \u00e7mimi i hedhjes s\u00eb dorashkave dhe i prishjes s\u00eb zgjedhjeve. Europa dhe Shtetet e Bashkuara t\u00eb Amerik\u00ebs jan\u00eb investuar e investohen p\u00ebr nj\u00eb Shqip\u00ebri demokratike. Europa, e l\u00ebnduar dretp\u00ebrdrejti nga q\u00ebndrimet e fundit t\u00eb qeveris\u00eb, po matet t\u00eb thot\u00eb t\u00eb veten. Por, si n\u00eb nj\u00eb stafet\u00eb, nuk jan\u00eb vonuar asnj\u00eb minut Shtetet e Bashkuara t\u00eb Amerik\u00ebs.<\/p>\n<p>Deri me sot ky vend i madh mik ka folur p\u00ebr hetimin e zgjedhjeve kryesisht p\u00ebrmes OSBE-s\u00eb dhe institucioneve europiane. Ka folur edhe permes ambasadorit t\u00eb saj n\u00eb Tiran\u00eb. Deklarata e djeshme e ndihm\u00ebssekreatrit t\u00eb shtetit Tom Countruman p\u00ebrb\u00ebn nj\u00eb zhvillim t\u00eb ri dhe \u00ebsht\u00eb nj\u00eb lajm i mir\u00eb p\u00ebr Shqip\u00ebrin\u00eb. Do t\u00eb thot\u00eb se kriza nuk mund t\u00eb mbahet peng nga k\u00ebrkush. Zgjidhja e saj \u00ebsht\u00eb fati i saj i vet\u00ebm.<\/p>\n","protected":false},"excerpt":{"rendered":"<p>Pre\u00e7 Zogaj, 22.12.2010 Nd\u00ebrsa opozita dhe partner\u00ebt nd\u00ebrkomb\u00ebtar\u00eb prisnin nga Berisha p\u00ebrgjigjen q\u00eb do t\u00eb \u00e7ont\u00eb n\u00eb &#8220;shkuljen&#8221; e kriz\u00ebs, ky e nguli me thell\u00eb at\u00eb. Me marifete dhe lidhje t\u00eb shkurt\u00ebra juridike, q\u00eb nuk \u00ebsht\u00eb e v\u00ebshtir\u00eb t\u00eb kombinohen n\u00eb pyllin e legjilacionit ton\u00eb, ai refuzoi edhe ofert\u00ebn e reduktuar t\u00eb opozit\u00ebs q\u00eb p\u00ebrjashton [&hellip;]<\/p>\n","protected":false},"author":1,"featured_media":0,"comment_status":"open","ping_status":"closed","sticky":false,"template":"","format":"standard","meta":{"footnotes":""},"categories":[2],"tags":[],"class_list":{"0":"post-5346","1":"post","2":"type-post","3":"status-publish","4":"format-standard","6":"category-artikuj"},"yoast_head":"<!-- This site is optimized with the Yoast SEO plugin v27.4 - https:\/\/yoast.com\/product\/yoast-seo-wordpress\/ -->\n<title>N\u00eb kufinjt\u00eb e posht\u00ebrimit dhe loj\u00ebs me zjarrin - FjALA e LIR\u00cb - Arkivi<\/title>\n<meta name=\"robots\" content=\"index, follow, max-snippet:-1, max-image-preview:large, max-video-preview:-1\" \/>\n<link rel=\"canonical\" href=\"https:\/\/fjala.info\/2009-2015\/ne-kufinjte-e-poshterimit-dhe-lojes-me-zjarrin\/\" \/>\n<meta property=\"og:locale\" content=\"sq_AL\" \/>\n<meta property=\"og:type\" content=\"article\" \/>\n<meta property=\"og:title\" content=\"N\u00eb kufinjt\u00eb e posht\u00ebrimit dhe loj\u00ebs me zjarrin - FjALA e LIR\u00cb - Arkivi\" \/>\n<meta property=\"og:description\" content=\"Pre\u00e7 Zogaj, 22.12.2010 Nd\u00ebrsa opozita dhe partner\u00ebt nd\u00ebrkomb\u00ebtar\u00eb prisnin nga Berisha p\u00ebrgjigjen q\u00eb do t\u00eb \u00e7ont\u00eb n\u00eb &#8220;shkuljen&#8221; e kriz\u00ebs, ky e nguli me thell\u00eb at\u00eb. Me marifete dhe lidhje t\u00eb shkurt\u00ebra juridike, q\u00eb nuk \u00ebsht\u00eb e v\u00ebshtir\u00eb t\u00eb kombinohen n\u00eb pyllin e legjilacionit ton\u00eb, ai refuzoi edhe ofert\u00ebn e reduktuar t\u00eb opozit\u00ebs q\u00eb p\u00ebrjashton [&hellip;]\" \/>\n<meta property=\"og:url\" content=\"https:\/\/fjala.info\/2009-2015\/ne-kufinjte-e-poshterimit-dhe-lojes-me-zjarrin\/\" \/>\n<meta property=\"og:site_name\" content=\"FjALA e LIR\u00cb - Arkivi\" \/>\n<meta property=\"article:published_time\" content=\"2010-12-23T04:57:58+00:00\" \/>\n<meta property=\"og:image\" content=\"http:\/\/fjala.shkoder.net\/wp-content\/uploads\/2010\/10\/prec_zogaj-150x150.jpg\" \/>\n<meta name=\"author\" content=\"admin\" \/>\n<meta name=\"twitter:card\" content=\"summary_large_image\" \/>\n<meta name=\"twitter:label1\" content=\"Written by\" \/>\n\t<meta name=\"twitter:data1\" content=\"admin\" \/>\n\t<meta name=\"twitter:label2\" content=\"Est. reading time\" \/>\n\t<meta name=\"twitter:data2\" content=\"6 minutes\" \/>\n<script type=\"application\/ld+json\" class=\"yoast-schema-graph\">{\"@context\":\"https:\\\/\\\/schema.org\",\"@graph\":[{\"@type\":\"Article\",\"@id\":\"https:\\\/\\\/fjala.info\\\/2009-2015\\\/ne-kufinjte-e-poshterimit-dhe-lojes-me-zjarrin\\\/#article\",\"isPartOf\":{\"@id\":\"https:\\\/\\\/fjala.info\\\/2009-2015\\\/ne-kufinjte-e-poshterimit-dhe-lojes-me-zjarrin\\\/\"},\"author\":{\"name\":\"admin\",\"@id\":\"https:\\\/\\\/fjala.info\\\/2009-2015\\\/#\\\/schema\\\/person\\\/3aa1163ef05469c496fc94e77611ada2\"},\"headline\":\"N\u00eb kufinjt\u00eb e posht\u00ebrimit dhe loj\u00ebs me zjarrin\",\"datePublished\":\"2010-12-23T04:57:58+00:00\",\"mainEntityOfPage\":{\"@id\":\"https:\\\/\\\/fjala.info\\\/2009-2015\\\/ne-kufinjte-e-poshterimit-dhe-lojes-me-zjarrin\\\/\"},\"wordCount\":1138,\"commentCount\":0,\"publisher\":{\"@id\":\"https:\\\/\\\/fjala.info\\\/2009-2015\\\/#organization\"},\"image\":{\"@id\":\"https:\\\/\\\/fjala.info\\\/2009-2015\\\/ne-kufinjte-e-poshterimit-dhe-lojes-me-zjarrin\\\/#primaryimage\"},\"thumbnailUrl\":\"http:\\\/\\\/fjala.shkoder.net\\\/wp-content\\\/uploads\\\/2010\\\/10\\\/prec_zogaj-150x150.jpg\",\"articleSection\":[\"Artikuj\"],\"inLanguage\":\"sq-AL\",\"potentialAction\":[{\"@type\":\"CommentAction\",\"name\":\"Comment\",\"target\":[\"https:\\\/\\\/fjala.info\\\/2009-2015\\\/ne-kufinjte-e-poshterimit-dhe-lojes-me-zjarrin\\\/#respond\"]}]},{\"@type\":\"WebPage\",\"@id\":\"https:\\\/\\\/fjala.info\\\/2009-2015\\\/ne-kufinjte-e-poshterimit-dhe-lojes-me-zjarrin\\\/\",\"url\":\"https:\\\/\\\/fjala.info\\\/2009-2015\\\/ne-kufinjte-e-poshterimit-dhe-lojes-me-zjarrin\\\/\",\"name\":\"N\u00eb kufinjt\u00eb e posht\u00ebrimit dhe loj\u00ebs me zjarrin - FjALA e LIR\u00cb - Arkivi\",\"isPartOf\":{\"@id\":\"https:\\\/\\\/fjala.info\\\/2009-2015\\\/#website\"},\"primaryImageOfPage\":{\"@id\":\"https:\\\/\\\/fjala.info\\\/2009-2015\\\/ne-kufinjte-e-poshterimit-dhe-lojes-me-zjarrin\\\/#primaryimage\"},\"image\":{\"@id\":\"https:\\\/\\\/fjala.info\\\/2009-2015\\\/ne-kufinjte-e-poshterimit-dhe-lojes-me-zjarrin\\\/#primaryimage\"},\"thumbnailUrl\":\"http:\\\/\\\/fjala.shkoder.net\\\/wp-content\\\/uploads\\\/2010\\\/10\\\/prec_zogaj-150x150.jpg\",\"datePublished\":\"2010-12-23T04:57:58+00:00\",\"breadcrumb\":{\"@id\":\"https:\\\/\\\/fjala.info\\\/2009-2015\\\/ne-kufinjte-e-poshterimit-dhe-lojes-me-zjarrin\\\/#breadcrumb\"},\"inLanguage\":\"sq-AL\",\"potentialAction\":[{\"@type\":\"ReadAction\",\"target\":[\"https:\\\/\\\/fjala.info\\\/2009-2015\\\/ne-kufinjte-e-poshterimit-dhe-lojes-me-zjarrin\\\/\"]}]},{\"@type\":\"ImageObject\",\"inLanguage\":\"sq-AL\",\"@id\":\"https:\\\/\\\/fjala.info\\\/2009-2015\\\/ne-kufinjte-e-poshterimit-dhe-lojes-me-zjarrin\\\/#primaryimage\",\"url\":\"http:\\\/\\\/fjala.shkoder.net\\\/wp-content\\\/uploads\\\/2010\\\/10\\\/prec_zogaj-150x150.jpg\",\"contentUrl\":\"http:\\\/\\\/fjala.shkoder.net\\\/wp-content\\\/uploads\\\/2010\\\/10\\\/prec_zogaj-150x150.jpg\"},{\"@type\":\"BreadcrumbList\",\"@id\":\"https:\\\/\\\/fjala.info\\\/2009-2015\\\/ne-kufinjte-e-poshterimit-dhe-lojes-me-zjarrin\\\/#breadcrumb\",\"itemListElement\":[{\"@type\":\"ListItem\",\"position\":1,\"name\":\"Home\",\"item\":\"https:\\\/\\\/fjala.info\\\/2009-2015\\\/\"},{\"@type\":\"ListItem\",\"position\":2,\"name\":\"N\u00eb kufinjt\u00eb e posht\u00ebrimit dhe loj\u00ebs me zjarrin\"}]},{\"@type\":\"WebSite\",\"@id\":\"https:\\\/\\\/fjala.info\\\/2009-2015\\\/#website\",\"url\":\"https:\\\/\\\/fjala.info\\\/2009-2015\\\/\",\"name\":\"FjALA e LIR\u00cb - Arkivi\",\"description\":\"Arkivi 2009-2015\",\"publisher\":{\"@id\":\"https:\\\/\\\/fjala.info\\\/2009-2015\\\/#organization\"},\"potentialAction\":[{\"@type\":\"SearchAction\",\"target\":{\"@type\":\"EntryPoint\",\"urlTemplate\":\"https:\\\/\\\/fjala.info\\\/2009-2015\\\/?s={search_term_string}\"},\"query-input\":{\"@type\":\"PropertyValueSpecification\",\"valueRequired\":true,\"valueName\":\"search_term_string\"}}],\"inLanguage\":\"sq-AL\"},{\"@type\":\"Organization\",\"@id\":\"https:\\\/\\\/fjala.info\\\/2009-2015\\\/#organization\",\"name\":\"FjALA e LIR\u00cb - Arkivi\",\"url\":\"https:\\\/\\\/fjala.info\\\/2009-2015\\\/\",\"logo\":{\"@type\":\"ImageObject\",\"inLanguage\":\"sq-AL\",\"@id\":\"https:\\\/\\\/fjala.info\\\/2009-2015\\\/#\\\/schema\\\/logo\\\/image\\\/\",\"url\":\"\",\"contentUrl\":\"\",\"caption\":\"FjALA e LIR\u00cb - Arkivi\"},\"image\":{\"@id\":\"https:\\\/\\\/fjala.info\\\/2009-2015\\\/#\\\/schema\\\/logo\\\/image\\\/\"}},{\"@type\":\"Person\",\"@id\":\"https:\\\/\\\/fjala.info\\\/2009-2015\\\/#\\\/schema\\\/person\\\/3aa1163ef05469c496fc94e77611ada2\",\"name\":\"admin\",\"image\":{\"@type\":\"ImageObject\",\"inLanguage\":\"sq-AL\",\"@id\":\"https:\\\/\\\/fjala.info\\\/2009-2015\\\/wp-content\\\/uploads\\\/2012\\\/02\\\/arben_cokaj-120x150.jpg\",\"url\":\"https:\\\/\\\/fjala.info\\\/2009-2015\\\/wp-content\\\/uploads\\\/2012\\\/02\\\/arben_cokaj-120x150.jpg\",\"contentUrl\":\"https:\\\/\\\/fjala.info\\\/2009-2015\\\/wp-content\\\/uploads\\\/2012\\\/02\\\/arben_cokaj-120x150.jpg\",\"caption\":\"admin\"},\"description\":\"Admin, Fjala e Lir\u00eb\",\"sameAs\":[\"https:\\\/\\\/fjala.info\\\/\"],\"url\":\"https:\\\/\\\/fjala.info\\\/2009-2015\\\/author\\\/admin\\\/\"}]}<\/script>\n<!-- \/ Yoast SEO plugin. -->","yoast_head_json":{"title":"N\u00eb kufinjt\u00eb e posht\u00ebrimit dhe loj\u00ebs me zjarrin - FjALA e LIR\u00cb - Arkivi","robots":{"index":"index","follow":"follow","max-snippet":"max-snippet:-1","max-image-preview":"max-image-preview:large","max-video-preview":"max-video-preview:-1"},"canonical":"https:\/\/fjala.info\/2009-2015\/ne-kufinjte-e-poshterimit-dhe-lojes-me-zjarrin\/","og_locale":"sq_AL","og_type":"article","og_title":"N\u00eb kufinjt\u00eb e posht\u00ebrimit dhe loj\u00ebs me zjarrin - FjALA e LIR\u00cb - Arkivi","og_description":"Pre\u00e7 Zogaj, 22.12.2010 Nd\u00ebrsa opozita dhe partner\u00ebt nd\u00ebrkomb\u00ebtar\u00eb prisnin nga Berisha p\u00ebrgjigjen q\u00eb do t\u00eb \u00e7ont\u00eb n\u00eb &#8220;shkuljen&#8221; e kriz\u00ebs, ky e nguli me thell\u00eb at\u00eb. Me marifete dhe lidhje t\u00eb shkurt\u00ebra juridike, q\u00eb nuk \u00ebsht\u00eb e v\u00ebshtir\u00eb t\u00eb kombinohen n\u00eb pyllin e legjilacionit ton\u00eb, ai refuzoi edhe ofert\u00ebn e reduktuar t\u00eb opozit\u00ebs q\u00eb p\u00ebrjashton [&hellip;]","og_url":"https:\/\/fjala.info\/2009-2015\/ne-kufinjte-e-poshterimit-dhe-lojes-me-zjarrin\/","og_site_name":"FjALA e LIR\u00cb - Arkivi","article_published_time":"2010-12-23T04:57:58+00:00","og_image":[{"url":"http:\/\/fjala.shkoder.net\/wp-content\/uploads\/2010\/10\/prec_zogaj-150x150.jpg","type":"","width":"","height":""}],"author":"admin","twitter_card":"summary_large_image","twitter_misc":{"Written by":"admin","Est. reading time":"6 minutes"},"schema":{"@context":"https:\/\/schema.org","@graph":[{"@type":"Article","@id":"https:\/\/fjala.info\/2009-2015\/ne-kufinjte-e-poshterimit-dhe-lojes-me-zjarrin\/#article","isPartOf":{"@id":"https:\/\/fjala.info\/2009-2015\/ne-kufinjte-e-poshterimit-dhe-lojes-me-zjarrin\/"},"author":{"name":"admin","@id":"https:\/\/fjala.info\/2009-2015\/#\/schema\/person\/3aa1163ef05469c496fc94e77611ada2"},"headline":"N\u00eb kufinjt\u00eb e posht\u00ebrimit dhe loj\u00ebs me zjarrin","datePublished":"2010-12-23T04:57:58+00:00","mainEntityOfPage":{"@id":"https:\/\/fjala.info\/2009-2015\/ne-kufinjte-e-poshterimit-dhe-lojes-me-zjarrin\/"},"wordCount":1138,"commentCount":0,"publisher":{"@id":"https:\/\/fjala.info\/2009-2015\/#organization"},"image":{"@id":"https:\/\/fjala.info\/2009-2015\/ne-kufinjte-e-poshterimit-dhe-lojes-me-zjarrin\/#primaryimage"},"thumbnailUrl":"http:\/\/fjala.shkoder.net\/wp-content\/uploads\/2010\/10\/prec_zogaj-150x150.jpg","articleSection":["Artikuj"],"inLanguage":"sq-AL","potentialAction":[{"@type":"CommentAction","name":"Comment","target":["https:\/\/fjala.info\/2009-2015\/ne-kufinjte-e-poshterimit-dhe-lojes-me-zjarrin\/#respond"]}]},{"@type":"WebPage","@id":"https:\/\/fjala.info\/2009-2015\/ne-kufinjte-e-poshterimit-dhe-lojes-me-zjarrin\/","url":"https:\/\/fjala.info\/2009-2015\/ne-kufinjte-e-poshterimit-dhe-lojes-me-zjarrin\/","name":"N\u00eb kufinjt\u00eb e posht\u00ebrimit dhe loj\u00ebs me zjarrin - FjALA e LIR\u00cb - Arkivi","isPartOf":{"@id":"https:\/\/fjala.info\/2009-2015\/#website"},"primaryImageOfPage":{"@id":"https:\/\/fjala.info\/2009-2015\/ne-kufinjte-e-poshterimit-dhe-lojes-me-zjarrin\/#primaryimage"},"image":{"@id":"https:\/\/fjala.info\/2009-2015\/ne-kufinjte-e-poshterimit-dhe-lojes-me-zjarrin\/#primaryimage"},"thumbnailUrl":"http:\/\/fjala.shkoder.net\/wp-content\/uploads\/2010\/10\/prec_zogaj-150x150.jpg","datePublished":"2010-12-23T04:57:58+00:00","breadcrumb":{"@id":"https:\/\/fjala.info\/2009-2015\/ne-kufinjte-e-poshterimit-dhe-lojes-me-zjarrin\/#breadcrumb"},"inLanguage":"sq-AL","potentialAction":[{"@type":"ReadAction","target":["https:\/\/fjala.info\/2009-2015\/ne-kufinjte-e-poshterimit-dhe-lojes-me-zjarrin\/"]}]},{"@type":"ImageObject","inLanguage":"sq-AL","@id":"https:\/\/fjala.info\/2009-2015\/ne-kufinjte-e-poshterimit-dhe-lojes-me-zjarrin\/#primaryimage","url":"http:\/\/fjala.shkoder.net\/wp-content\/uploads\/2010\/10\/prec_zogaj-150x150.jpg","contentUrl":"http:\/\/fjala.shkoder.net\/wp-content\/uploads\/2010\/10\/prec_zogaj-150x150.jpg"},{"@type":"BreadcrumbList","@id":"https:\/\/fjala.info\/2009-2015\/ne-kufinjte-e-poshterimit-dhe-lojes-me-zjarrin\/#breadcrumb","itemListElement":[{"@type":"ListItem","position":1,"name":"Home","item":"https:\/\/fjala.info\/2009-2015\/"},{"@type":"ListItem","position":2,"name":"N\u00eb kufinjt\u00eb e posht\u00ebrimit dhe loj\u00ebs me zjarrin"}]},{"@type":"WebSite","@id":"https:\/\/fjala.info\/2009-2015\/#website","url":"https:\/\/fjala.info\/2009-2015\/","name":"FjALA e LIR\u00cb - Arkivi","description":"Arkivi 2009-2015","publisher":{"@id":"https:\/\/fjala.info\/2009-2015\/#organization"},"potentialAction":[{"@type":"SearchAction","target":{"@type":"EntryPoint","urlTemplate":"https:\/\/fjala.info\/2009-2015\/?s={search_term_string}"},"query-input":{"@type":"PropertyValueSpecification","valueRequired":true,"valueName":"search_term_string"}}],"inLanguage":"sq-AL"},{"@type":"Organization","@id":"https:\/\/fjala.info\/2009-2015\/#organization","name":"FjALA e LIR\u00cb - Arkivi","url":"https:\/\/fjala.info\/2009-2015\/","logo":{"@type":"ImageObject","inLanguage":"sq-AL","@id":"https:\/\/fjala.info\/2009-2015\/#\/schema\/logo\/image\/","url":"","contentUrl":"","caption":"FjALA e LIR\u00cb - Arkivi"},"image":{"@id":"https:\/\/fjala.info\/2009-2015\/#\/schema\/logo\/image\/"}},{"@type":"Person","@id":"https:\/\/fjala.info\/2009-2015\/#\/schema\/person\/3aa1163ef05469c496fc94e77611ada2","name":"admin","image":{"@type":"ImageObject","inLanguage":"sq-AL","@id":"https:\/\/fjala.info\/2009-2015\/wp-content\/uploads\/2012\/02\/arben_cokaj-120x150.jpg","url":"https:\/\/fjala.info\/2009-2015\/wp-content\/uploads\/2012\/02\/arben_cokaj-120x150.jpg","contentUrl":"https:\/\/fjala.info\/2009-2015\/wp-content\/uploads\/2012\/02\/arben_cokaj-120x150.jpg","caption":"admin"},"description":"Admin, Fjala e Lir\u00eb","sameAs":["https:\/\/fjala.info\/"],"url":"https:\/\/fjala.info\/2009-2015\/author\/admin\/"}]}},"_links":{"self":[{"href":"https:\/\/fjala.info\/2009-2015\/wp-json\/wp\/v2\/posts\/5346","targetHints":{"allow":["GET"]}}],"collection":[{"href":"https:\/\/fjala.info\/2009-2015\/wp-json\/wp\/v2\/posts"}],"about":[{"href":"https:\/\/fjala.info\/2009-2015\/wp-json\/wp\/v2\/types\/post"}],"author":[{"embeddable":true,"href":"https:\/\/fjala.info\/2009-2015\/wp-json\/wp\/v2\/users\/1"}],"replies":[{"embeddable":true,"href":"https:\/\/fjala.info\/2009-2015\/wp-json\/wp\/v2\/comments?post=5346"}],"version-history":[{"count":0,"href":"https:\/\/fjala.info\/2009-2015\/wp-json\/wp\/v2\/posts\/5346\/revisions"}],"wp:attachment":[{"href":"https:\/\/fjala.info\/2009-2015\/wp-json\/wp\/v2\/media?parent=5346"}],"wp:term":[{"taxonomy":"category","embeddable":true,"href":"https:\/\/fjala.info\/2009-2015\/wp-json\/wp\/v2\/categories?post=5346"},{"taxonomy":"post_tag","embeddable":true,"href":"https:\/\/fjala.info\/2009-2015\/wp-json\/wp\/v2\/tags?post=5346"}],"curies":[{"name":"wp","href":"https:\/\/api.w.org\/{rel}","templated":true}]}}