{"id":5341,"date":"2010-12-23T03:49:57","date_gmt":"2010-12-23T02:49:57","guid":{"rendered":"http:\/\/fjala.shkoder.net\/?p=5341"},"modified":"2010-12-23T03:49:57","modified_gmt":"2010-12-23T02:49:57","slug":"shansi-i-humbur-i-lulezim-bashes","status":"publish","type":"post","link":"https:\/\/fjala.info\/2009-2015\/shansi-i-humbur-i-lulezim-bashes\/","title":{"rendered":"Shansi i humbur i Lul\u00ebzim Bash\u00ebs"},"content":{"rendered":"<p><strong>Tema Online<\/strong>, <em>22.12.2010<\/em><\/p>\n<p>Nj\u00eb hetues i krimeve t\u00eb luft\u00ebs n\u00eb Kosov\u00eb, q\u00eb ka punuar p\u00ebr gjetjen e personave t\u00eb humbur, ka d\u00ebshmuar p\u00ebr shtypin per\u00ebndimor dhe at\u00eb shqiptar se ka hetuar s\u00eb bashku me Lul\u00ebzim Bash\u00ebn p\u00ebr k\u00ebt\u00eb dosje qysh nga fillimi i viteve 2000, duke u futur n\u00eb Shqip\u00ebri ilegalisht t\u00eb maskuar si projektues rrug\u00ebsh, apo duke mbledhur d\u00ebshmi nga vendet ku mendohej se ka pasur burgje jolegale t\u00eb U\u00c7K-s\u00eb.<\/p>\n<p>N\u00eb m\u00ebnyr\u00eb t\u00eb qart\u00eb dhe t\u00eb pakund\u00ebrshtueshme, ai thot\u00eb se Lul\u00ebzim Basha &#8220;ka pasur dosjen&#8221; dhe d\u00ebshmon detaje nga udh\u00ebtimet e tij s\u00eb bashku me t\u00eb n\u00eb Shqip\u00ebri.<\/p>\n<p>Gazeta &#8220;Tema&#8221; botoi online intervist\u00ebn e k\u00ebtij hetuesi. Pothuajse e gjith\u00eb media, p\u00ebrve\u00e7 gazet\u00ebs &#8220;Shekulli&#8221;, t\u00eb nes\u00ebrmen nuk botoi asgj\u00eb, por tentuan t\u00eb p\u00ebrg\u00ebnjeshtrojn\u00eb nj\u00eb rr\u00ebfim t\u00eb sinqert\u00eb t\u00eb nj\u00eb eksperti, i cili as q\u00eb kishte synim fare t\u00eb baltoste Lulzim Bash\u00ebn, por donte t\u00eb mbrohej s\u00eb bashku me Bash\u00ebn ndaj akuzave q\u00eb i ka b\u00ebr\u00eb Dick Marty se nuk kan\u00eb hetuar mir\u00eb.<\/p>\n<p>Por nuk dua t\u00eb merrem me komplekset e inferioritetit q\u00eb ka Lul\u00ebzim Basha ngaq\u00eb njer\u00ebzit m\u00ebsojn\u00eb se ka qen\u00eb nj\u00eb p\u00ebrkthyes i r\u00ebndomt\u00eb apo sikletin q\u00eb ndjen kur i dalin relacionet e tij n\u00eb hetimet kund\u00ebr shqiptar\u00ebve.<\/p>\n<p>Problemi q\u00eb ne kemi tani me k\u00ebt\u00eb njeri nuk \u00ebsht\u00eb e kaluara e tij. Ajo bile \u00ebsht\u00eb me e mir\u00eb se e tashmja e tij, pasi \u00ebsht\u00eb m\u00eb e v\u00ebrtet\u00eb dhe m\u00eb profesionale se falsiteti dhe paburr\u00ebria e tanishme. Problemi q\u00eb nj\u00eb njeri i till\u00eb ka kur hyn n\u00eb politik\u00eb, \u00ebsht\u00eb se duhet t\u00eb sillet ashtu si\u00e7 ia k\u00ebrkojn\u00eb, dhe ajo ashtu si\u00e7 duhet t\u00eb sillet si politikan q\u00eb me personalitet i del zot t\u00eb shkuar\u00ebs dhe t\u00eb tashmes s\u00eb tij.<\/p>\n<p>S\u00eb pari, n\u00eb p\u00ebrpjekjen e tij p\u00ebr t\u00eb p\u00ebrg\u00ebnjeshtruar p\u00ebrfshirjen n\u00eb hetimin e krimeve t\u00eb shqiptar\u00ebve gjat\u00eb luft\u00ebs dhe burgjeve ilegale t\u00eb U\u00c7K-s\u00eb, ai \u00ebsht\u00eb m\u00eb shum\u00eb i shqet\u00ebsuar pse citohet si p\u00ebrkthyes, se sa p\u00ebr pun\u00ebn q\u00eb ka b\u00ebr\u00eb. Ky kompleks nuk do t\u00eb kishte pushtuar personalitetin e tij sikur n\u00eb politik\u00eb t&#8217;i kishte b\u00ebr\u00eb hapat vet\u00eb dhe t\u00eb ishte lart\u00ebsuar nga dixhej n\u00eb klube nate, n\u00eb p\u00ebrkthyes e deri n\u00eb postet m\u00eb t\u00eb larta t\u00eb shtetit shqiptar q\u00eb mban sot.<\/p>\n<p>Problemi q\u00eb ai ka \u00ebsht\u00eb se jeta e tij e r\u00ebndomt\u00eb si dixhej n\u00eb klube nate dhe p\u00ebrkthyes n\u00eb ICTY ka ndryshuar si me magji kur \u00ebsht\u00eb njohur me vajz\u00ebn e kryeministrit t\u00eb sot\u00ebm t\u00eb vendit, e cila i ka gjetur menj\u00ebher\u00eb pun\u00ebn pasardh\u00ebse si Minist\u00ebr dhe natyrisht duke ua shitur shqiptar\u00ebve si personalitet. Kjo \u00ebsht\u00eb ana banale e k\u00ebsaj historie.<\/p>\n<p>Ana tragjike \u00ebsht\u00eb mungesa e kuraj\u00ebs p\u00ebr t\u00eb par\u00eb k\u00ebt\u00eb histori n\u00eb sy. Ne jemi sot p\u00ebrball\u00eb nj\u00eb stuhie nd\u00ebrkomb\u00ebtare t\u00eb pashembullt dhe nuk kemi asnj\u00eb argument profesional apo juridik tua hedhim posht\u00eb spekulimin ndaj nesh, i cili ka ngjitur m\u00eb shum\u00eb se patetizmi dhe patriotizmi i shtirur i lider\u00ebve tan\u00eb.<\/p>\n<p>Rasti i Lul\u00ebzim Bash\u00ebs ishte shans i rrall\u00eb. Ne mund t\u00eb kishim sot nj\u00eb Minist\u00ebr t\u00eb Brendsh\u00ebm brilant n\u00eb syt\u00eb e Per\u00ebndimit, q\u00eb t\u00eb dilte n\u00eb medien shqiptare dhe nd\u00ebrkomb\u00ebtare dhe t\u00eb thoshte: &#8220;Po, un\u00eb e kam hapur i pari dosjen e trafikut t\u00eb organeve nga Shqip\u00ebria dhe ajo \u00ebsht\u00eb nj\u00eb g\u00ebnjesht\u00ebr&#8221;. Ai mund t\u00eb ishte tani pik\u00eb referimi e besueshme, mund t\u00eb ishte nj\u00eb gjetje brilante kund\u00ebr spekulimit t\u00eb Dick Marty-it.<\/p>\n<p>Dhe ai nj\u00ebsoj si nj\u00eb nga ish-shefat e tij duhet ta p\u00ebrdorte sulmin e Dick Marty p\u00ebr t&#8217;u mbrojtur si ish-hetues, qoft\u00eb dhe si ish-p\u00ebrkthyes i Tribunalit t\u00eb Hag\u00ebs dhe t\u00eb d\u00ebshmonte se kan\u00eb hetuar, kan\u00eb gjetur burgje, kan\u00eb raportuar p\u00ebr to, por s&#8217;kan\u00eb gjetur t\u00eb vdekur apo monstruozitete t\u00eb tilla q\u00eb fliten. Me nj\u00eb Minist\u00ebr t\u00eb till\u00eb t\u00eb Brendsh\u00ebm, Shqip\u00ebria sot do t\u00eb ishte nj\u00eb z\u00eb shum\u00eb i balancuar n\u00eb opinionin per\u00ebndimor, bile do t\u00eb kishim prioritet dhe faktin q\u00eb Basha ka qen\u00eb p\u00ebrkthyes se do t\u00eb merrej vesh mir\u00eb anglisht me median.<\/p>\n<p>Por ky nuk ka personalitetin e duhur p\u00ebr ta b\u00ebr\u00eb k\u00ebt\u00eb. Ky \u00ebsht\u00eb nj\u00eb njeri pa personalitet q\u00eb nuk merr dot asnj\u00eb vendim p\u00ebr veten e vet. Ky akuzohet p\u00ebr vjedhje, edhe ndoshta pa vjedhur, por ka frik\u00eb t\u00eb hetohet pa i dh\u00ebn\u00eb leje babai i Argit\u00ebs. E si mund t\u00eb b\u00ebj\u00eb ky betej\u00eb p\u00ebr hetimin spekulativ t\u00eb Dick Marty, kur vet\u00eb i \u00ebsht\u00eb shmangur hetimeve p\u00ebr nj\u00eb afer\u00eb konkrete? \u00c7far\u00eb besueshm\u00ebrie ka ky njeri p\u00ebr drejt\u00ebsin\u00eb nd\u00ebrkomb\u00ebtare, ku n\u00eb \u00e7do raport p\u00ebr vendin e tij shembulli i mos&#8217;hetimit t\u00eb tij citohet si njoll\u00eb e zez\u00eb p\u00ebr k\u00ebt\u00eb vend?<\/p>\n<p>Lul\u00ebzim Basha ka humbur rastin e art\u00eb t\u00eb respektonte t\u00eb shkuar\u00ebn e tij dhe t&#8217;i b\u00ebnte nj\u00eb nder k\u00ebtij vendi duke dal\u00eb qoft\u00eb dhe &#8220;d\u00ebshmitar i djallit&#8221; n\u00eb k\u00ebt\u00eb histori. Por sapo i shkon n\u00eb mendje puna q\u00eb ka b\u00ebr\u00eb, i kujtohen dosjet pa fund q\u00eb ka p\u00ebrkthyer dhe stivosur p\u00ebr Fatmir Limajn, p\u00ebr Ramush Haradinajn dhe dhjet\u00ebra luft\u00ebtar\u00eb t\u00eb Kosov\u00ebs q\u00eb kan\u00eb shkuar n\u00eb Hag\u00eb.<\/p>\n<p>Ata e kan\u00eb pranuar me burr\u00ebri fatin e tyre dhe kan\u00eb shkuar e jan\u00eb pastruar aty, qoft\u00eb si t\u00eb pafajsh\u00ebm, qoft\u00eb duke vuajtur d\u00ebnimin. I vetmi njeri i pafytyr\u00eb q\u00eb nuk del dot nga makthi i s\u00eb shkuar\u00ebs s\u00eb vet ka mbetur Lul\u00ebzim Basha, i cili nuk mbron dot as pun\u00ebn e tij profesionale, as pun\u00ebt e tij banale, as lavdin\u00eb dhe as turpin e tij. Ai sillet aq keq dhe pa m\u00ebshir\u00eb me veten e tij dhe t\u00eb kaluar\u00ebn e tij, sa do t\u00eb sillej \u00e7do njeri me dik\u00eb tjet\u00ebr q\u00eb nuk e njeh.<\/p>\n<p>Si i till\u00eb, ai sot ka humbur shansin t\u00eb jet\u00eb nj\u00eb z\u00eb i balancuar, serioz dhe profesional n\u00eb k\u00ebt\u00eb betej\u00eb spekulative, duke dal\u00eb para Per\u00ebndimit t\u00eb tronditur nga faktet spekulative me faktet e tij t\u00eb v\u00ebrteta p\u00ebr at\u00eb q\u00eb s&#8217;ka ndodhur dhe q\u00eb ai e ka hetuar jo si shqiptar, por si pjes\u00eb e ekipit t\u00eb Tribunalit t\u00eb Hag\u00ebs. Por q\u00eb ta b\u00ebsh k\u00ebt\u00eb, duhet t\u00eb jesh vetvetja dhe duhet t\u00eb kesh minimumin e parimeve n\u00eb jet\u00eb. Lul\u00ebzim Basha ka d\u00ebshmuar se ka vet\u00ebm para dhe babin e Argit\u00ebs, kryeminist\u00ebr.<\/p>\n","protected":false},"excerpt":{"rendered":"<p>Tema Online, 22.12.2010 Nj\u00eb hetues i krimeve t\u00eb luft\u00ebs n\u00eb Kosov\u00eb, q\u00eb ka punuar p\u00ebr gjetjen e personave t\u00eb humbur, ka d\u00ebshmuar p\u00ebr shtypin per\u00ebndimor dhe at\u00eb shqiptar se ka hetuar s\u00eb bashku me Lul\u00ebzim Bash\u00ebn p\u00ebr k\u00ebt\u00eb dosje qysh nga fillimi i viteve 2000, duke u futur n\u00eb Shqip\u00ebri ilegalisht t\u00eb maskuar si projektues [&hellip;]<\/p>\n","protected":false},"author":1,"featured_media":0,"comment_status":"open","ping_status":"closed","sticky":false,"template":"","format":"standard","meta":{"footnotes":""},"categories":[2],"tags":[],"class_list":{"0":"post-5341","1":"post","2":"type-post","3":"status-publish","4":"format-standard","6":"category-artikuj"},"yoast_head":"<!-- This site is optimized with the Yoast SEO plugin v27.4 - https:\/\/yoast.com\/product\/yoast-seo-wordpress\/ -->\n<title>Shansi i humbur i Lul\u00ebzim Bash\u00ebs - FjALA e LIR\u00cb - Arkivi<\/title>\n<meta name=\"robots\" content=\"index, follow, max-snippet:-1, max-image-preview:large, max-video-preview:-1\" \/>\n<link rel=\"canonical\" href=\"https:\/\/fjala.info\/2009-2015\/shansi-i-humbur-i-lulezim-bashes\/\" \/>\n<meta property=\"og:locale\" content=\"sq_AL\" \/>\n<meta property=\"og:type\" content=\"article\" \/>\n<meta property=\"og:title\" content=\"Shansi i humbur i Lul\u00ebzim Bash\u00ebs - FjALA e LIR\u00cb - Arkivi\" \/>\n<meta property=\"og:description\" content=\"Tema Online, 22.12.2010 Nj\u00eb hetues i krimeve t\u00eb luft\u00ebs n\u00eb Kosov\u00eb, q\u00eb ka punuar p\u00ebr gjetjen e personave t\u00eb humbur, ka d\u00ebshmuar p\u00ebr shtypin per\u00ebndimor dhe at\u00eb shqiptar se ka hetuar s\u00eb bashku me Lul\u00ebzim Bash\u00ebn p\u00ebr k\u00ebt\u00eb dosje qysh nga fillimi i viteve 2000, duke u futur n\u00eb Shqip\u00ebri ilegalisht t\u00eb maskuar si projektues [&hellip;]\" \/>\n<meta property=\"og:url\" content=\"https:\/\/fjala.info\/2009-2015\/shansi-i-humbur-i-lulezim-bashes\/\" \/>\n<meta property=\"og:site_name\" content=\"FjALA e LIR\u00cb - Arkivi\" \/>\n<meta property=\"article:published_time\" content=\"2010-12-23T02:49:57+00:00\" \/>\n<meta name=\"author\" content=\"admin\" \/>\n<meta name=\"twitter:card\" content=\"summary_large_image\" \/>\n<meta name=\"twitter:label1\" content=\"Written by\" \/>\n\t<meta name=\"twitter:data1\" content=\"admin\" \/>\n\t<meta name=\"twitter:label2\" content=\"Est. reading time\" \/>\n\t<meta name=\"twitter:data2\" content=\"6 minutes\" \/>\n<script type=\"application\/ld+json\" class=\"yoast-schema-graph\">{\"@context\":\"https:\\\/\\\/schema.org\",\"@graph\":[{\"@type\":\"Article\",\"@id\":\"https:\\\/\\\/fjala.info\\\/2009-2015\\\/shansi-i-humbur-i-lulezim-bashes\\\/#article\",\"isPartOf\":{\"@id\":\"https:\\\/\\\/fjala.info\\\/2009-2015\\\/shansi-i-humbur-i-lulezim-bashes\\\/\"},\"author\":{\"name\":\"admin\",\"@id\":\"https:\\\/\\\/fjala.info\\\/2009-2015\\\/#\\\/schema\\\/person\\\/3aa1163ef05469c496fc94e77611ada2\"},\"headline\":\"Shansi i humbur i Lul\u00ebzim Bash\u00ebs\",\"datePublished\":\"2010-12-23T02:49:57+00:00\",\"mainEntityOfPage\":{\"@id\":\"https:\\\/\\\/fjala.info\\\/2009-2015\\\/shansi-i-humbur-i-lulezim-bashes\\\/\"},\"wordCount\":1153,\"commentCount\":0,\"publisher\":{\"@id\":\"https:\\\/\\\/fjala.info\\\/2009-2015\\\/#organization\"},\"articleSection\":[\"Artikuj\"],\"inLanguage\":\"sq-AL\",\"potentialAction\":[{\"@type\":\"CommentAction\",\"name\":\"Comment\",\"target\":[\"https:\\\/\\\/fjala.info\\\/2009-2015\\\/shansi-i-humbur-i-lulezim-bashes\\\/#respond\"]}]},{\"@type\":\"WebPage\",\"@id\":\"https:\\\/\\\/fjala.info\\\/2009-2015\\\/shansi-i-humbur-i-lulezim-bashes\\\/\",\"url\":\"https:\\\/\\\/fjala.info\\\/2009-2015\\\/shansi-i-humbur-i-lulezim-bashes\\\/\",\"name\":\"Shansi i humbur i Lul\u00ebzim Bash\u00ebs - FjALA e LIR\u00cb - Arkivi\",\"isPartOf\":{\"@id\":\"https:\\\/\\\/fjala.info\\\/2009-2015\\\/#website\"},\"datePublished\":\"2010-12-23T02:49:57+00:00\",\"breadcrumb\":{\"@id\":\"https:\\\/\\\/fjala.info\\\/2009-2015\\\/shansi-i-humbur-i-lulezim-bashes\\\/#breadcrumb\"},\"inLanguage\":\"sq-AL\",\"potentialAction\":[{\"@type\":\"ReadAction\",\"target\":[\"https:\\\/\\\/fjala.info\\\/2009-2015\\\/shansi-i-humbur-i-lulezim-bashes\\\/\"]}]},{\"@type\":\"BreadcrumbList\",\"@id\":\"https:\\\/\\\/fjala.info\\\/2009-2015\\\/shansi-i-humbur-i-lulezim-bashes\\\/#breadcrumb\",\"itemListElement\":[{\"@type\":\"ListItem\",\"position\":1,\"name\":\"Home\",\"item\":\"https:\\\/\\\/fjala.info\\\/2009-2015\\\/\"},{\"@type\":\"ListItem\",\"position\":2,\"name\":\"Shansi i humbur i Lul\u00ebzim Bash\u00ebs\"}]},{\"@type\":\"WebSite\",\"@id\":\"https:\\\/\\\/fjala.info\\\/2009-2015\\\/#website\",\"url\":\"https:\\\/\\\/fjala.info\\\/2009-2015\\\/\",\"name\":\"FjALA e LIR\u00cb - Arkivi\",\"description\":\"Arkivi 2009-2015\",\"publisher\":{\"@id\":\"https:\\\/\\\/fjala.info\\\/2009-2015\\\/#organization\"},\"potentialAction\":[{\"@type\":\"SearchAction\",\"target\":{\"@type\":\"EntryPoint\",\"urlTemplate\":\"https:\\\/\\\/fjala.info\\\/2009-2015\\\/?s={search_term_string}\"},\"query-input\":{\"@type\":\"PropertyValueSpecification\",\"valueRequired\":true,\"valueName\":\"search_term_string\"}}],\"inLanguage\":\"sq-AL\"},{\"@type\":\"Organization\",\"@id\":\"https:\\\/\\\/fjala.info\\\/2009-2015\\\/#organization\",\"name\":\"FjALA e LIR\u00cb - Arkivi\",\"url\":\"https:\\\/\\\/fjala.info\\\/2009-2015\\\/\",\"logo\":{\"@type\":\"ImageObject\",\"inLanguage\":\"sq-AL\",\"@id\":\"https:\\\/\\\/fjala.info\\\/2009-2015\\\/#\\\/schema\\\/logo\\\/image\\\/\",\"url\":\"\",\"contentUrl\":\"\",\"caption\":\"FjALA e LIR\u00cb - Arkivi\"},\"image\":{\"@id\":\"https:\\\/\\\/fjala.info\\\/2009-2015\\\/#\\\/schema\\\/logo\\\/image\\\/\"}},{\"@type\":\"Person\",\"@id\":\"https:\\\/\\\/fjala.info\\\/2009-2015\\\/#\\\/schema\\\/person\\\/3aa1163ef05469c496fc94e77611ada2\",\"name\":\"admin\",\"image\":{\"@type\":\"ImageObject\",\"inLanguage\":\"sq-AL\",\"@id\":\"https:\\\/\\\/fjala.info\\\/2009-2015\\\/wp-content\\\/uploads\\\/2012\\\/02\\\/arben_cokaj-120x150.jpg\",\"url\":\"https:\\\/\\\/fjala.info\\\/2009-2015\\\/wp-content\\\/uploads\\\/2012\\\/02\\\/arben_cokaj-120x150.jpg\",\"contentUrl\":\"https:\\\/\\\/fjala.info\\\/2009-2015\\\/wp-content\\\/uploads\\\/2012\\\/02\\\/arben_cokaj-120x150.jpg\",\"caption\":\"admin\"},\"description\":\"Admin, Fjala e Lir\u00eb\",\"sameAs\":[\"https:\\\/\\\/fjala.info\\\/\"],\"url\":\"https:\\\/\\\/fjala.info\\\/2009-2015\\\/author\\\/admin\\\/\"}]}<\/script>\n<!-- \/ Yoast SEO plugin. -->","yoast_head_json":{"title":"Shansi i humbur i Lul\u00ebzim Bash\u00ebs - FjALA e LIR\u00cb - Arkivi","robots":{"index":"index","follow":"follow","max-snippet":"max-snippet:-1","max-image-preview":"max-image-preview:large","max-video-preview":"max-video-preview:-1"},"canonical":"https:\/\/fjala.info\/2009-2015\/shansi-i-humbur-i-lulezim-bashes\/","og_locale":"sq_AL","og_type":"article","og_title":"Shansi i humbur i Lul\u00ebzim Bash\u00ebs - FjALA e LIR\u00cb - Arkivi","og_description":"Tema Online, 22.12.2010 Nj\u00eb hetues i krimeve t\u00eb luft\u00ebs n\u00eb Kosov\u00eb, q\u00eb ka punuar p\u00ebr gjetjen e personave t\u00eb humbur, ka d\u00ebshmuar p\u00ebr shtypin per\u00ebndimor dhe at\u00eb shqiptar se ka hetuar s\u00eb bashku me Lul\u00ebzim Bash\u00ebn p\u00ebr k\u00ebt\u00eb dosje qysh nga fillimi i viteve 2000, duke u futur n\u00eb Shqip\u00ebri ilegalisht t\u00eb maskuar si projektues [&hellip;]","og_url":"https:\/\/fjala.info\/2009-2015\/shansi-i-humbur-i-lulezim-bashes\/","og_site_name":"FjALA e LIR\u00cb - Arkivi","article_published_time":"2010-12-23T02:49:57+00:00","author":"admin","twitter_card":"summary_large_image","twitter_misc":{"Written by":"admin","Est. reading time":"6 minutes"},"schema":{"@context":"https:\/\/schema.org","@graph":[{"@type":"Article","@id":"https:\/\/fjala.info\/2009-2015\/shansi-i-humbur-i-lulezim-bashes\/#article","isPartOf":{"@id":"https:\/\/fjala.info\/2009-2015\/shansi-i-humbur-i-lulezim-bashes\/"},"author":{"name":"admin","@id":"https:\/\/fjala.info\/2009-2015\/#\/schema\/person\/3aa1163ef05469c496fc94e77611ada2"},"headline":"Shansi i humbur i Lul\u00ebzim Bash\u00ebs","datePublished":"2010-12-23T02:49:57+00:00","mainEntityOfPage":{"@id":"https:\/\/fjala.info\/2009-2015\/shansi-i-humbur-i-lulezim-bashes\/"},"wordCount":1153,"commentCount":0,"publisher":{"@id":"https:\/\/fjala.info\/2009-2015\/#organization"},"articleSection":["Artikuj"],"inLanguage":"sq-AL","potentialAction":[{"@type":"CommentAction","name":"Comment","target":["https:\/\/fjala.info\/2009-2015\/shansi-i-humbur-i-lulezim-bashes\/#respond"]}]},{"@type":"WebPage","@id":"https:\/\/fjala.info\/2009-2015\/shansi-i-humbur-i-lulezim-bashes\/","url":"https:\/\/fjala.info\/2009-2015\/shansi-i-humbur-i-lulezim-bashes\/","name":"Shansi i humbur i Lul\u00ebzim Bash\u00ebs - FjALA e LIR\u00cb - Arkivi","isPartOf":{"@id":"https:\/\/fjala.info\/2009-2015\/#website"},"datePublished":"2010-12-23T02:49:57+00:00","breadcrumb":{"@id":"https:\/\/fjala.info\/2009-2015\/shansi-i-humbur-i-lulezim-bashes\/#breadcrumb"},"inLanguage":"sq-AL","potentialAction":[{"@type":"ReadAction","target":["https:\/\/fjala.info\/2009-2015\/shansi-i-humbur-i-lulezim-bashes\/"]}]},{"@type":"BreadcrumbList","@id":"https:\/\/fjala.info\/2009-2015\/shansi-i-humbur-i-lulezim-bashes\/#breadcrumb","itemListElement":[{"@type":"ListItem","position":1,"name":"Home","item":"https:\/\/fjala.info\/2009-2015\/"},{"@type":"ListItem","position":2,"name":"Shansi i humbur i Lul\u00ebzim Bash\u00ebs"}]},{"@type":"WebSite","@id":"https:\/\/fjala.info\/2009-2015\/#website","url":"https:\/\/fjala.info\/2009-2015\/","name":"FjALA e LIR\u00cb - Arkivi","description":"Arkivi 2009-2015","publisher":{"@id":"https:\/\/fjala.info\/2009-2015\/#organization"},"potentialAction":[{"@type":"SearchAction","target":{"@type":"EntryPoint","urlTemplate":"https:\/\/fjala.info\/2009-2015\/?s={search_term_string}"},"query-input":{"@type":"PropertyValueSpecification","valueRequired":true,"valueName":"search_term_string"}}],"inLanguage":"sq-AL"},{"@type":"Organization","@id":"https:\/\/fjala.info\/2009-2015\/#organization","name":"FjALA e LIR\u00cb - Arkivi","url":"https:\/\/fjala.info\/2009-2015\/","logo":{"@type":"ImageObject","inLanguage":"sq-AL","@id":"https:\/\/fjala.info\/2009-2015\/#\/schema\/logo\/image\/","url":"","contentUrl":"","caption":"FjALA e LIR\u00cb - Arkivi"},"image":{"@id":"https:\/\/fjala.info\/2009-2015\/#\/schema\/logo\/image\/"}},{"@type":"Person","@id":"https:\/\/fjala.info\/2009-2015\/#\/schema\/person\/3aa1163ef05469c496fc94e77611ada2","name":"admin","image":{"@type":"ImageObject","inLanguage":"sq-AL","@id":"https:\/\/fjala.info\/2009-2015\/wp-content\/uploads\/2012\/02\/arben_cokaj-120x150.jpg","url":"https:\/\/fjala.info\/2009-2015\/wp-content\/uploads\/2012\/02\/arben_cokaj-120x150.jpg","contentUrl":"https:\/\/fjala.info\/2009-2015\/wp-content\/uploads\/2012\/02\/arben_cokaj-120x150.jpg","caption":"admin"},"description":"Admin, Fjala e Lir\u00eb","sameAs":["https:\/\/fjala.info\/"],"url":"https:\/\/fjala.info\/2009-2015\/author\/admin\/"}]}},"_links":{"self":[{"href":"https:\/\/fjala.info\/2009-2015\/wp-json\/wp\/v2\/posts\/5341","targetHints":{"allow":["GET"]}}],"collection":[{"href":"https:\/\/fjala.info\/2009-2015\/wp-json\/wp\/v2\/posts"}],"about":[{"href":"https:\/\/fjala.info\/2009-2015\/wp-json\/wp\/v2\/types\/post"}],"author":[{"embeddable":true,"href":"https:\/\/fjala.info\/2009-2015\/wp-json\/wp\/v2\/users\/1"}],"replies":[{"embeddable":true,"href":"https:\/\/fjala.info\/2009-2015\/wp-json\/wp\/v2\/comments?post=5341"}],"version-history":[{"count":0,"href":"https:\/\/fjala.info\/2009-2015\/wp-json\/wp\/v2\/posts\/5341\/revisions"}],"wp:attachment":[{"href":"https:\/\/fjala.info\/2009-2015\/wp-json\/wp\/v2\/media?parent=5341"}],"wp:term":[{"taxonomy":"category","embeddable":true,"href":"https:\/\/fjala.info\/2009-2015\/wp-json\/wp\/v2\/categories?post=5341"},{"taxonomy":"post_tag","embeddable":true,"href":"https:\/\/fjala.info\/2009-2015\/wp-json\/wp\/v2\/tags?post=5341"}],"curies":[{"name":"wp","href":"https:\/\/api.w.org\/{rel}","templated":true}]}}